{"id":1001,"date":"2010-08-27T01:50:36","date_gmt":"2010-08-27T01:50:36","guid":{"rendered":"http:\/\/atifunaldi.info\/?p=1001"},"modified":"2010-08-27T01:50:36","modified_gmt":"2010-08-27T01:50:36","slug":"unlu-isimlerin-olum-haberlerine-inanmayin","status":"publish","type":"post","link":"http:\/\/atif.unaldi.org\/blog\/2010\/08\/27\/unlu-isimlerin-olum-haberlerine-inanmayin\/","title":{"rendered":"\u00dcNL\u00dc \u0130S\u0130MLER\u0130N \u00d6L\u00dcM HABERLER\u0130NE \u0130NANMAYIN!!!"},"content":{"rendered":"<p>Symantec son d\u00f6nemde \u00fcnl\u00fc isimlerin bir u\u00e7ak ya da araba kazas\u0131nda \u00f6ld\u00fcklerine dair haberler i\u00e7eren spam mesajlar\u0131n oran\u0131nda \u00f6nemli bir art\u0131\u015f g\u00f6zlemledi. Hackler lar\u0131n bu t\u00fcr yanl\u0131\u015f ve do\u011fru olmayan haberler \u00fcretmelerinin ard\u0131nda, elbette HTML ve zip eklentileri yolu ile \u00e7e\u015fitli vir\u00fcsleri yayma istekleri yat\u0131yor. Ge\u00e7ti\u011fimiz birka\u00e7 hafta i\u00e7inde tespit edilen vir\u00fcs sald\u0131r\u0131lar\u0131 aras\u0131nda, kullan\u0131c\u0131lar\u0131, zararl\u0131 kod aktiviteleri i\u00e7eren URL ve eklentilere \u00e7ekmek \u00fczere \u00fcnl\u00fc isimlerlerle ilgili uydurulmu\u015f bir\u00e7ok haber yer ald\u0131. Konu ile ilgili ayr\u0131nt\u0131lar\u0131n oldu\u011fu blog adresine \u015fu adresten ula\u015fabilirsiniz: http:\/\/www.symantec.com\/connect\/blogs\/malicious-spam-luring-victims-claims-celebrity-deaths<\/p>\n<p><!--more--><\/p>\n<p>Uzun zamandan beri kullan\u0131lan bu taktik, \u00f6yle g\u00f6r\u00fcn\u00fcyor ki kullan\u0131c\u0131lar\u0131 zararl\u0131 kod aktiviteleri i\u00e7eren dosyalara ula\u015ft\u0131rmak i\u00e7in hackerlar taraf\u0131ndan ba\u015fvurulan en etkili y\u00f6ntem.<\/p>\n<p>Symantec taraf\u0131ndan tespit edilen \u00f6rneklerde sald\u0131rganlar\u0131n konu k\u0131sm\u0131na \u00fcnl\u00fc bir ismin \u00f6ld\u00fc\u011f\u00fcn\u00fc yazmalar\u0131 dikkat \u00e7ekiyor. Mesaj\u0131n tekst k\u0131sm\u0131nda ise ilgili ki\u015finin hava alan\u0131na yakla\u015f\u0131rken bir da\u011fa \u00e7arparak birlikte yolculuk yapmakta oldu\u011fu 34 ki\u015fi ile birlikte \u00f6ld\u00fc\u011f\u00fc gibi detaylar yer al\u0131yor. Daha detayl\u0131 bilgi almak \u00fczere zararl\u0131 kod ta\u015f\u0131yan eklentiyi a\u00e7an kullan\u0131c\u0131lar ise b\u00f6ylelikle sald\u0131rganlar\u0131n tuza\u011f\u0131na d\u00fc\u015fm\u00fc\u015f oluyor.<\/p>\n<p>Mesajlar\u0131n \u201ckonu\u201d k\u0131sm\u0131nda yer alan a\u00e7\u0131klamalardan \u00f6rnekler:<\/p>\n<p>Beyonce Knowles \u00f6ld\u00fc.<\/p>\n<p>Bon Jovi \u00f6ld\u00fc.<\/p>\n<p>Brad Pitt \u00f6ld\u00fc.<\/p>\n<p>Cameron Diaz \u00f6ld\u00fc.<\/p>\n<p>David Beckham \u00f6ld\u00fc.<\/p>\n<p>Gwen Stefani \u00f6ld\u00fc.<\/p>\n<p>Jay-Z \u00f6ld\u00fc.<\/p>\n<p>Jennifer Aniston \u00f6ld\u00fc.<\/p>\n<p>Jennifer Lopez \u00f6ld\u00fc.<\/p>\n<p>Johnny Depp \u00f6ld\u00fc.<\/p>\n<p>Justin Timberlake \u00f6ld\u00fc.<\/p>\n<p>Kanye West \u00f6ld\u00fc.<\/p>\n<p>Miley Cyrus \u00f6ld\u00fc.<\/p>\n<p>Nicole Kidman \u00f6ld\u00fc.<\/p>\n<p>Ronaldinho \u00f6ld\u00fc.<\/p>\n<p>Tiger Woods \u00f6ld\u00fc.<\/p>\n<p>Tom Cruise \u00f6ld\u00fc.<\/p>\n<p>Sald\u0131rganlar, \u00fcrettikleri spam mesajlarda, kullan\u0131c\u0131lar\u0131n ilgisini \u00e7ekmek ve onlar\u0131n zararl\u0131 kod i\u00e7eren dosyay\u0131 a\u00e7malar\u0131n\u0131 ya da uygulamalar\u0131n\u0131 sa\u011flamak i\u00e7in merak uyand\u0131racak hikayeler uyduruyorlar. \u00d6zellikle prestijli bir haber ajans\u0131n\u0131n ya da \u00fcnl\u00fc bir ki\u015finin ismini bu t\u00fcr spam mesajlarda kullanarak, mesaj\u0131 alan ki\u015filerin akl\u0131nda bir anlamda bir g\u00fcven duygusu yaratmak ya da en az\u0131ndan \u015f\u00fcphe uyand\u0131rmamak amac\u0131 ta\u015f\u0131yorlar.  Kullan\u0131c\u0131lar bu noktada, kayna\u011f\u0131 bilinmeyen ve g\u00fcvenilirli\u011finden emin olunmayan yerlerden gelen e-postalar\u0131n i\u00e7indeki \u015f\u00fcpheli linkleri\/eklentileri a\u00e7mamak gibi standart \u00f6nlemleri almak durumundalar.<\/p>\n","protected":false},"excerpt":{"rendered":"<p>Symantec son d\u00f6nemde \u00fcnl\u00fc isimlerin bir u\u00e7ak ya da araba kazas\u0131nda \u00f6ld\u00fcklerine dair haberler i\u00e7eren spam mesajlar\u0131n oran\u0131nda \u00f6nemli bir art\u0131\u015f g\u00f6zlemledi. Hackler lar\u0131n bu t\u00fcr yanl\u0131\u015f ve do\u011fru olmayan haberler \u00fcretmelerinin ard\u0131nda, elbette HTML&#8230;<\/p>\n","protected":false},"author":2,"featured_media":0,"comment_status":"open","ping_status":"open","sticky":false,"template":"","format":"standard","meta":{"footnotes":""},"categories":[3],"tags":[],"class_list":["post-1001","post","type-post","status-publish","format-standard","hentry","category-blogum"],"yoast_head":"<!-- This site is optimized with the Yoast SEO plugin v26.8 - https:\/\/yoast.com\/product\/yoast-seo-wordpress\/ -->\n<title>\u00dcNL\u00dc \u0130S\u0130MLER\u0130N \u00d6L\u00dcM HABERLER\u0130NE \u0130NANMAYIN!!! - At\u0131f \u00dcnald\u0131<\/title>\n<meta name=\"robots\" content=\"index, follow, max-snippet:-1, max-image-preview:large, max-video-preview:-1\" \/>\n<link rel=\"canonical\" href=\"http:\/\/atif.unaldi.org\/blog\/2010\/08\/27\/unlu-isimlerin-olum-haberlerine-inanmayin\/\" \/>\n<meta property=\"og:locale\" content=\"tr_TR\" \/>\n<meta property=\"og:type\" content=\"article\" \/>\n<meta property=\"og:title\" content=\"\u00dcNL\u00dc \u0130S\u0130MLER\u0130N \u00d6L\u00dcM HABERLER\u0130NE \u0130NANMAYIN!!! - At\u0131f \u00dcnald\u0131\" \/>\n<meta property=\"og:description\" content=\"Symantec son d\u00f6nemde \u00fcnl\u00fc isimlerin bir u\u00e7ak ya da araba kazas\u0131nda \u00f6ld\u00fcklerine dair haberler i\u00e7eren spam mesajlar\u0131n oran\u0131nda \u00f6nemli bir art\u0131\u015f g\u00f6zlemledi. Hackler lar\u0131n bu t\u00fcr yanl\u0131\u015f ve do\u011fru olmayan haberler \u00fcretmelerinin ard\u0131nda, elbette HTML...\" \/>\n<meta property=\"og:url\" content=\"http:\/\/atif.unaldi.org\/blog\/2010\/08\/27\/unlu-isimlerin-olum-haberlerine-inanmayin\/\" \/>\n<meta property=\"og:site_name\" content=\"At\u0131f \u00dcnald\u0131\" \/>\n<meta property=\"article:publisher\" content=\"https:\/\/www.facebook.com\/atifunaldi\" \/>\n<meta property=\"article:author\" content=\"https:\/\/www.facebook.com\/atifunaldi\" \/>\n<meta property=\"article:published_time\" content=\"2010-08-27T01:50:36+00:00\" \/>\n<meta name=\"author\" content=\"Atif Unaldi\" \/>\n<meta name=\"twitter:card\" content=\"summary_large_image\" \/>\n<meta name=\"twitter:creator\" content=\"@https:\/\/twitter.com\/atifunaldi\" \/>\n<meta name=\"twitter:site\" content=\"@atifunaldi\" \/>\n<meta name=\"twitter:label1\" content=\"Yazan:\" \/>\n\t<meta name=\"twitter:data1\" content=\"Atif Unaldi\" \/>\n\t<meta name=\"twitter:label2\" content=\"Tahmini okuma s\u00fcresi\" \/>\n\t<meta name=\"twitter:data2\" content=\"2 dakika\" \/>\n<script type=\"application\/ld+json\" class=\"yoast-schema-graph\">{\"@context\":\"https:\/\/schema.org\",\"@graph\":[{\"@type\":\"Article\",\"@id\":\"http:\/\/atif.unaldi.org\/blog\/2010\/08\/27\/unlu-isimlerin-olum-haberlerine-inanmayin\/#article\",\"isPartOf\":{\"@id\":\"http:\/\/atif.unaldi.org\/blog\/2010\/08\/27\/unlu-isimlerin-olum-haberlerine-inanmayin\/\"},\"author\":{\"name\":\"Atif Unaldi\",\"@id\":\"http:\/\/atif.unaldi.org\/blog\/#\/schema\/person\/608ed42ecbda2bc5cfdb767ac1db479b\"},\"headline\":\"\u00dcNL\u00dc \u0130S\u0130MLER\u0130N \u00d6L\u00dcM HABERLER\u0130NE \u0130NANMAYIN!!!\",\"datePublished\":\"2010-08-27T01:50:36+00:00\",\"mainEntityOfPage\":{\"@id\":\"http:\/\/atif.unaldi.org\/blog\/2010\/08\/27\/unlu-isimlerin-olum-haberlerine-inanmayin\/\"},\"wordCount\":414,\"commentCount\":0,\"publisher\":{\"@id\":\"http:\/\/atif.unaldi.org\/blog\/#\/schema\/person\/608ed42ecbda2bc5cfdb767ac1db479b\"},\"articleSection\":[\"Blogum\"],\"inLanguage\":\"tr\",\"potentialAction\":[{\"@type\":\"CommentAction\",\"name\":\"Comment\",\"target\":[\"http:\/\/atif.unaldi.org\/blog\/2010\/08\/27\/unlu-isimlerin-olum-haberlerine-inanmayin\/#respond\"]}]},{\"@type\":\"WebPage\",\"@id\":\"http:\/\/atif.unaldi.org\/blog\/2010\/08\/27\/unlu-isimlerin-olum-haberlerine-inanmayin\/\",\"url\":\"http:\/\/atif.unaldi.org\/blog\/2010\/08\/27\/unlu-isimlerin-olum-haberlerine-inanmayin\/\",\"name\":\"\u00dcNL\u00dc \u0130S\u0130MLER\u0130N \u00d6L\u00dcM HABERLER\u0130NE \u0130NANMAYIN!!! - At\u0131f \u00dcnald\u0131\",\"isPartOf\":{\"@id\":\"http:\/\/atif.unaldi.org\/blog\/#website\"},\"datePublished\":\"2010-08-27T01:50:36+00:00\",\"breadcrumb\":{\"@id\":\"http:\/\/atif.unaldi.org\/blog\/2010\/08\/27\/unlu-isimlerin-olum-haberlerine-inanmayin\/#breadcrumb\"},\"inLanguage\":\"tr\",\"potentialAction\":[{\"@type\":\"ReadAction\",\"target\":[\"http:\/\/atif.unaldi.org\/blog\/2010\/08\/27\/unlu-isimlerin-olum-haberlerine-inanmayin\/\"]}]},{\"@type\":\"BreadcrumbList\",\"@id\":\"http:\/\/atif.unaldi.org\/blog\/2010\/08\/27\/unlu-isimlerin-olum-haberlerine-inanmayin\/#breadcrumb\",\"itemListElement\":[{\"@type\":\"ListItem\",\"position\":1,\"name\":\"Anasayfa\",\"item\":\"http:\/\/atif.unaldi.org\/blog\/\"},{\"@type\":\"ListItem\",\"position\":2,\"name\":\"\u00dcNL\u00dc \u0130S\u0130MLER\u0130N \u00d6L\u00dcM HABERLER\u0130NE \u0130NANMAYIN!!!\"}]},{\"@type\":\"WebSite\",\"@id\":\"http:\/\/atif.unaldi.org\/blog\/#website\",\"url\":\"http:\/\/atif.unaldi.org\/blog\/\",\"name\":\"At\u0131f \u00dcnald\u0131\",\"description\":\"Yazar\",\"publisher\":{\"@id\":\"http:\/\/atif.unaldi.org\/blog\/#\/schema\/person\/608ed42ecbda2bc5cfdb767ac1db479b\"},\"alternateName\":\"At\u0131f \u00dcnald\u0131 Blog\",\"potentialAction\":[{\"@type\":\"SearchAction\",\"target\":{\"@type\":\"EntryPoint\",\"urlTemplate\":\"http:\/\/atif.unaldi.org\/blog\/?s={search_term_string}\"},\"query-input\":{\"@type\":\"PropertyValueSpecification\",\"valueRequired\":true,\"valueName\":\"search_term_string\"}}],\"inLanguage\":\"tr\"},{\"@type\":[\"Person\",\"Organization\"],\"@id\":\"http:\/\/atif.unaldi.org\/blog\/#\/schema\/person\/608ed42ecbda2bc5cfdb767ac1db479b\",\"name\":\"Atif Unaldi\",\"image\":{\"@type\":\"ImageObject\",\"inLanguage\":\"tr\",\"@id\":\"http:\/\/atif.unaldi.org\/blog\/#\/schema\/person\/image\/\",\"url\":\"http:\/\/atif.unaldi.org\/blog\/wp-content\/uploads\/2022\/10\/cropped-a94e8f7a-67c4-4d65-8a5f-032ba784be53-2.jpg\",\"contentUrl\":\"http:\/\/atif.unaldi.org\/blog\/wp-content\/uploads\/2022\/10\/cropped-a94e8f7a-67c4-4d65-8a5f-032ba784be53-2.jpg\",\"width\":512,\"height\":512,\"caption\":\"Atif Unaldi\"},\"logo\":{\"@id\":\"http:\/\/atif.unaldi.org\/blog\/#\/schema\/person\/image\/\"},\"description\":\"Bo\u011fazi\u00e7i \u00dcniversitesinde Fizik B\u00f6l\u00fcm\u00fc\u2019nde e\u011fitim ald\u0131\u011f\u0131 y\u0131llarda T\u00fcrkiye\u2019de ilk kez iki bilgisayar\u0131 telefon hatlar\u0131 \u00fczerinden konu\u015fturan BBS sistemini kurarak, T\u00fcrkiye\u2019deki ilk internet a\u011f\u0131n\u0131 olu\u015fturmu\u015ftur. Bir \u00e7ok radyo ve televizyonda program yap\u0131mc\u0131l\u0131\u011f\u0131 ve sunuculu\u011funu, bir \u00e7ok teknoloji dergisinde k\u00f6\u015fe yazarl\u0131\u011f\u0131, bili\u015fim edit\u00f6rl\u00fc\u011f\u00fc ve genel yay\u0131n y\u00f6netmenli\u011fi yapt\u0131. T\u00fcrkiye\u2019deki ilk internet servis sa\u011flay\u0131c\u0131s\u0131n\u0131n genel m\u00fcd\u00fcrl\u00fc\u011f\u00fcn\u00fc \u00fcstlendi. Bir \u00e7ok organizasyon ve kurulu\u015fta internet s\u00fcperviz\u00f6rl\u00fc\u011f\u00fc , webmaster\u2019l\u0131\u011f\u0131 , IT direkt\u00f6rl\u00fc\u011f\u00fc ve dijital projeler koordinat\u00f6rl\u00fc\u011f\u00fc g\u00f6revlerinde bulundu. Farkl\u0131 \u00fcniversitelerin farkl\u0131 fak\u00fcltelerinde \u00f6\u011fretim g\u00f6revlisi olarak bulunmu\u015f olan \u00dcnald\u0131; \u015fu an teknoloji ve pazarlama konular\u0131 ba\u015fta olmak \u00fczere bir\u00e7ok alanda hizmet veren Unaldi Consultancy\u2019nin kurucusudur. \\u2028Selin \u00dcnald\u0131 ile evlidir. Su ve Toprak isminde iki \u00e7ocu\u011fu vard\u0131r.\",\"sameAs\":[\"http:\/\/atif.unaldi.org\/blog\",\"https:\/\/www.facebook.com\/atifunaldi\",\"https:\/\/www.instagram.com\/atifunaldi\/\",\"https:\/\/www.linkedin.com\/in\/atifunaldi\",\"https:\/\/x.com\/https:\/\/twitter.com\/atifunaldi\",\"https:\/\/www.youtube.com\/c\/atifunaldi\",\"https:\/\/soundcloud.com\/atif-unaldi\",\"https:\/\/atifunaldi.tumblr.com\"],\"url\":\"http:\/\/atif.unaldi.org\/blog\/author\/atifunaldi\/\"}]}<\/script>\n<!-- \/ Yoast SEO plugin. -->","yoast_head_json":{"title":"\u00dcNL\u00dc \u0130S\u0130MLER\u0130N \u00d6L\u00dcM HABERLER\u0130NE \u0130NANMAYIN!!! - At\u0131f \u00dcnald\u0131","robots":{"index":"index","follow":"follow","max-snippet":"max-snippet:-1","max-image-preview":"max-image-preview:large","max-video-preview":"max-video-preview:-1"},"canonical":"http:\/\/atif.unaldi.org\/blog\/2010\/08\/27\/unlu-isimlerin-olum-haberlerine-inanmayin\/","og_locale":"tr_TR","og_type":"article","og_title":"\u00dcNL\u00dc \u0130S\u0130MLER\u0130N \u00d6L\u00dcM HABERLER\u0130NE \u0130NANMAYIN!!! - At\u0131f \u00dcnald\u0131","og_description":"Symantec son d\u00f6nemde \u00fcnl\u00fc isimlerin bir u\u00e7ak ya da araba kazas\u0131nda \u00f6ld\u00fcklerine dair haberler i\u00e7eren spam mesajlar\u0131n oran\u0131nda \u00f6nemli bir art\u0131\u015f g\u00f6zlemledi. Hackler lar\u0131n bu t\u00fcr yanl\u0131\u015f ve do\u011fru olmayan haberler \u00fcretmelerinin ard\u0131nda, elbette HTML...","og_url":"http:\/\/atif.unaldi.org\/blog\/2010\/08\/27\/unlu-isimlerin-olum-haberlerine-inanmayin\/","og_site_name":"At\u0131f \u00dcnald\u0131","article_publisher":"https:\/\/www.facebook.com\/atifunaldi","article_author":"https:\/\/www.facebook.com\/atifunaldi","article_published_time":"2010-08-27T01:50:36+00:00","author":"Atif Unaldi","twitter_card":"summary_large_image","twitter_creator":"@https:\/\/twitter.com\/atifunaldi","twitter_site":"@atifunaldi","twitter_misc":{"Yazan:":"Atif Unaldi","Tahmini okuma s\u00fcresi":"2 dakika"},"schema":{"@context":"https:\/\/schema.org","@graph":[{"@type":"Article","@id":"http:\/\/atif.unaldi.org\/blog\/2010\/08\/27\/unlu-isimlerin-olum-haberlerine-inanmayin\/#article","isPartOf":{"@id":"http:\/\/atif.unaldi.org\/blog\/2010\/08\/27\/unlu-isimlerin-olum-haberlerine-inanmayin\/"},"author":{"name":"Atif Unaldi","@id":"http:\/\/atif.unaldi.org\/blog\/#\/schema\/person\/608ed42ecbda2bc5cfdb767ac1db479b"},"headline":"\u00dcNL\u00dc \u0130S\u0130MLER\u0130N \u00d6L\u00dcM HABERLER\u0130NE \u0130NANMAYIN!!!","datePublished":"2010-08-27T01:50:36+00:00","mainEntityOfPage":{"@id":"http:\/\/atif.unaldi.org\/blog\/2010\/08\/27\/unlu-isimlerin-olum-haberlerine-inanmayin\/"},"wordCount":414,"commentCount":0,"publisher":{"@id":"http:\/\/atif.unaldi.org\/blog\/#\/schema\/person\/608ed42ecbda2bc5cfdb767ac1db479b"},"articleSection":["Blogum"],"inLanguage":"tr","potentialAction":[{"@type":"CommentAction","name":"Comment","target":["http:\/\/atif.unaldi.org\/blog\/2010\/08\/27\/unlu-isimlerin-olum-haberlerine-inanmayin\/#respond"]}]},{"@type":"WebPage","@id":"http:\/\/atif.unaldi.org\/blog\/2010\/08\/27\/unlu-isimlerin-olum-haberlerine-inanmayin\/","url":"http:\/\/atif.unaldi.org\/blog\/2010\/08\/27\/unlu-isimlerin-olum-haberlerine-inanmayin\/","name":"\u00dcNL\u00dc \u0130S\u0130MLER\u0130N \u00d6L\u00dcM HABERLER\u0130NE \u0130NANMAYIN!!! - At\u0131f \u00dcnald\u0131","isPartOf":{"@id":"http:\/\/atif.unaldi.org\/blog\/#website"},"datePublished":"2010-08-27T01:50:36+00:00","breadcrumb":{"@id":"http:\/\/atif.unaldi.org\/blog\/2010\/08\/27\/unlu-isimlerin-olum-haberlerine-inanmayin\/#breadcrumb"},"inLanguage":"tr","potentialAction":[{"@type":"ReadAction","target":["http:\/\/atif.unaldi.org\/blog\/2010\/08\/27\/unlu-isimlerin-olum-haberlerine-inanmayin\/"]}]},{"@type":"BreadcrumbList","@id":"http:\/\/atif.unaldi.org\/blog\/2010\/08\/27\/unlu-isimlerin-olum-haberlerine-inanmayin\/#breadcrumb","itemListElement":[{"@type":"ListItem","position":1,"name":"Anasayfa","item":"http:\/\/atif.unaldi.org\/blog\/"},{"@type":"ListItem","position":2,"name":"\u00dcNL\u00dc \u0130S\u0130MLER\u0130N \u00d6L\u00dcM HABERLER\u0130NE \u0130NANMAYIN!!!"}]},{"@type":"WebSite","@id":"http:\/\/atif.unaldi.org\/blog\/#website","url":"http:\/\/atif.unaldi.org\/blog\/","name":"At\u0131f \u00dcnald\u0131","description":"Yazar","publisher":{"@id":"http:\/\/atif.unaldi.org\/blog\/#\/schema\/person\/608ed42ecbda2bc5cfdb767ac1db479b"},"alternateName":"At\u0131f \u00dcnald\u0131 Blog","potentialAction":[{"@type":"SearchAction","target":{"@type":"EntryPoint","urlTemplate":"http:\/\/atif.unaldi.org\/blog\/?s={search_term_string}"},"query-input":{"@type":"PropertyValueSpecification","valueRequired":true,"valueName":"search_term_string"}}],"inLanguage":"tr"},{"@type":["Person","Organization"],"@id":"http:\/\/atif.unaldi.org\/blog\/#\/schema\/person\/608ed42ecbda2bc5cfdb767ac1db479b","name":"Atif Unaldi","image":{"@type":"ImageObject","inLanguage":"tr","@id":"http:\/\/atif.unaldi.org\/blog\/#\/schema\/person\/image\/","url":"http:\/\/atif.unaldi.org\/blog\/wp-content\/uploads\/2022\/10\/cropped-a94e8f7a-67c4-4d65-8a5f-032ba784be53-2.jpg","contentUrl":"http:\/\/atif.unaldi.org\/blog\/wp-content\/uploads\/2022\/10\/cropped-a94e8f7a-67c4-4d65-8a5f-032ba784be53-2.jpg","width":512,"height":512,"caption":"Atif Unaldi"},"logo":{"@id":"http:\/\/atif.unaldi.org\/blog\/#\/schema\/person\/image\/"},"description":"Bo\u011fazi\u00e7i \u00dcniversitesinde Fizik B\u00f6l\u00fcm\u00fc\u2019nde e\u011fitim ald\u0131\u011f\u0131 y\u0131llarda T\u00fcrkiye\u2019de ilk kez iki bilgisayar\u0131 telefon hatlar\u0131 \u00fczerinden konu\u015fturan BBS sistemini kurarak, T\u00fcrkiye\u2019deki ilk internet a\u011f\u0131n\u0131 olu\u015fturmu\u015ftur. Bir \u00e7ok radyo ve televizyonda program yap\u0131mc\u0131l\u0131\u011f\u0131 ve sunuculu\u011funu, bir \u00e7ok teknoloji dergisinde k\u00f6\u015fe yazarl\u0131\u011f\u0131, bili\u015fim edit\u00f6rl\u00fc\u011f\u00fc ve genel yay\u0131n y\u00f6netmenli\u011fi yapt\u0131. T\u00fcrkiye\u2019deki ilk internet servis sa\u011flay\u0131c\u0131s\u0131n\u0131n genel m\u00fcd\u00fcrl\u00fc\u011f\u00fcn\u00fc \u00fcstlendi. Bir \u00e7ok organizasyon ve kurulu\u015fta internet s\u00fcperviz\u00f6rl\u00fc\u011f\u00fc , webmaster\u2019l\u0131\u011f\u0131 , IT direkt\u00f6rl\u00fc\u011f\u00fc ve dijital projeler koordinat\u00f6rl\u00fc\u011f\u00fc g\u00f6revlerinde bulundu. Farkl\u0131 \u00fcniversitelerin farkl\u0131 fak\u00fcltelerinde \u00f6\u011fretim g\u00f6revlisi olarak bulunmu\u015f olan \u00dcnald\u0131; \u015fu an teknoloji ve pazarlama konular\u0131 ba\u015fta olmak \u00fczere bir\u00e7ok alanda hizmet veren Unaldi Consultancy\u2019nin kurucusudur. \u2028Selin \u00dcnald\u0131 ile evlidir. Su ve Toprak isminde iki \u00e7ocu\u011fu vard\u0131r.","sameAs":["http:\/\/atif.unaldi.org\/blog","https:\/\/www.facebook.com\/atifunaldi","https:\/\/www.instagram.com\/atifunaldi\/","https:\/\/www.linkedin.com\/in\/atifunaldi","https:\/\/x.com\/https:\/\/twitter.com\/atifunaldi","https:\/\/www.youtube.com\/c\/atifunaldi","https:\/\/soundcloud.com\/atif-unaldi","https:\/\/atifunaldi.tumblr.com"],"url":"http:\/\/atif.unaldi.org\/blog\/author\/atifunaldi\/"}]}},"jetpack_featured_media_url":"","_links":{"self":[{"href":"http:\/\/atif.unaldi.org\/blog\/wp-json\/wp\/v2\/posts\/1001","targetHints":{"allow":["GET"]}}],"collection":[{"href":"http:\/\/atif.unaldi.org\/blog\/wp-json\/wp\/v2\/posts"}],"about":[{"href":"http:\/\/atif.unaldi.org\/blog\/wp-json\/wp\/v2\/types\/post"}],"author":[{"embeddable":true,"href":"http:\/\/atif.unaldi.org\/blog\/wp-json\/wp\/v2\/users\/2"}],"replies":[{"embeddable":true,"href":"http:\/\/atif.unaldi.org\/blog\/wp-json\/wp\/v2\/comments?post=1001"}],"version-history":[{"count":0,"href":"http:\/\/atif.unaldi.org\/blog\/wp-json\/wp\/v2\/posts\/1001\/revisions"}],"wp:attachment":[{"href":"http:\/\/atif.unaldi.org\/blog\/wp-json\/wp\/v2\/media?parent=1001"}],"wp:term":[{"taxonomy":"category","embeddable":true,"href":"http:\/\/atif.unaldi.org\/blog\/wp-json\/wp\/v2\/categories?post=1001"},{"taxonomy":"post_tag","embeddable":true,"href":"http:\/\/atif.unaldi.org\/blog\/wp-json\/wp\/v2\/tags?post=1001"}],"curies":[{"name":"wp","href":"https:\/\/api.w.org\/{rel}","templated":true}]}}