{"id":1006,"date":"2010-08-29T17:59:46","date_gmt":"2010-08-29T17:59:46","guid":{"rendered":"http:\/\/atifunaldi.info\/?p=1006"},"modified":"2010-08-29T17:59:46","modified_gmt":"2010-08-29T17:59:46","slug":"t3-eylul-sayisi","status":"publish","type":"post","link":"http:\/\/atif.unaldi.org\/blog\/2010\/08\/29\/t3-eylul-sayisi\/","title":{"rendered":"T3 Eyl\u00fcl Say\u0131s\u0131"},"content":{"rendered":"<div>Benim tarihlerle aram pek iyi de\u011fildir. Genelde olaylar ve duygular\u0131 depolamay\u0131 y\u0131l\u0131n almana\u011f\u0131n\u0131 \u00e7\u0131karmaktan daha do\u011fru bulurum. Ancak yan\u0131lm\u0131yorsam tarih 1991 filand\u0131. Bo\u011fazi\u00e7i \u00dcniversitesinde \u00f6\u011frenciydik. Ama ne \u00f6\u011frenci; rekt\u00f6r bey bize bilgi i\u015flem merkezinde bir oda vermi\u015fti. \u0130nternet konusunda neler yapabilece\u011fimizi ara\u015ft\u0131r\u0131yorduk. <!--more-->\u0130\u015fte tam bu d\u00f6nemlerde, bir bas\u0131n toplant\u0131s\u0131 ile interneti duyurmak istedik. \u00dc\u00e7 arkada\u015f zaman\u0131n iki televizyon kanal\u0131n\u0131 toplant\u0131m\u0131za \u0131srarla \u00e7a\u011f\u0131rd\u0131k. Magic Box\u2019dan Star 1 markas\u0131na ge\u00e7en kanal toplant\u0131ya gelmezken, TRT gelip \u00e7ekimler yapt\u0131. Ak\u015fam haber b\u00fclteninde internet hakk\u0131nda bir\u015feyler duymay\u0131 umut ederken, Bo\u011fazi\u00e7i \u00dcniversitesi \u00f6\u011frencileri ilgin\u00e7 bir\u015fey yapm\u0131\u015flar benzeri bir yorumla kar\u015f\u0131la\u015ft\u0131k.<br \/>\n\u0130nternet, o bas\u0131n toplant\u0131s\u0131ndan sonra uzun bir s\u00fcre, gen\u00e7lerin oyun ara\u00e7lar\u0131 olarak alg\u0131land\u0131. Bu \u00f6zel kurumlar\u0131n internetin g\u00fcc\u00fcn\u00fc g\u00f6rd\u00fckleri ana kadar s\u00fcrd\u00fc. Sonra herkes internetin ciddiyetini anlamaya ba\u015flad\u0131.<br \/>\nTeknoloji gen\u00e7 nesilden pop\u00fclerle\u015fmeye ba\u015flad\u0131\u011f\u0131 i\u00e7in, bu bak\u0131\u015f a\u00e7\u0131s\u0131 bana \u00e7ok garip gelmiyor&#8230;<br \/>\nT\u00fcrk\u00e7esi k\u00fc\u00e7\u00fck ayg\u0131t olarak ge\u00e7en gadget\u2019lar\u0131n da benzer bir kadare sahip olduklar\u0131n\u0131 d\u00fc\u015f\u00fcn\u00fcyorum. Sanki bu \u00fcr\u00fcnler \u00f6nce gen\u00e7ler taraf\u0131ndan kullan\u0131lacakm\u0131\u015f gibi alg\u0131lan\u0131yor. Asl\u0131nda bana sorarsan\u0131z belli bir ya\u015f\u0131n \u00fczerindeki, e\u011fitim, k\u00fclt\u00fcr ve gelir seviyesi toplum ortalamas\u0131n\u0131n \u00fczerine \u00e7\u0131km\u0131\u015f kesimin ilgisini \u00e7ekecek \u00fcr\u00fcnlerin daha fazla oldu\u011funu g\u00f6r\u00fcyorum.<br \/>\nBunun en iyi \u00f6rne\u011fi, 101 \u00fcr\u00fcn konusunda g\u00f6rece\u011finiz David Linley marka saat dolab\u0131. \u00d6zellikle iyi bir saat koleksiyonu olanlar bilirler; bir erke\u011fin en \u00f6nemli aksesuar\u0131 olan bu \u00fcr\u00fcnler, durduklar\u0131 yerde kurulmadan bekleyemezler. Bu nedenle onlar\u0131 her an kuracak bu tip bir dolap bir centilmenin en \u00f6nemli ihtiya\u00e7lar\u0131ndan biridir. Ger\u00e7i bu konuda benim favorim Glashutte Gentilmen\u2019s Corner\u2019d\u0131r ancak, belirli bir b\u00fct\u00e7eye sahip olanlar i\u00e7in saat dolab\u0131 da ihtiya\u00e7lar\u0131 kar\u015f\u0131layacak yeterliliktedir.<br \/>\nYine s\u0131k seyahate \u00e7\u0131kan centilmenlerin ciddi ihtiya\u00e7lar\u0131ndan biri de seyahat bak\u0131m setidir. Bu konuda T\u00fcrkiye\u2019de bir d\u00f6nemde farkl\u0131 se\u00e7enekler varken, son zamanlarda \u00f6yle \u00e7ok yenilikle kar\u015f\u0131la\u015fam\u0131yoruz. Bu nedenle sizin ilginizi \u00e7ekecek bir macera \u00fcr\u00fcn\u00fc se\u00e7tik. Taylor of Old Bond Bak\u0131m \u00c7antas\u0131&#8230;<br \/>\nT3\u2019\u00fcn s\u0131k\u0131 takip\u00e7ilerinin de onaylayaca\u011f\u0131 gibi; biz donan\u0131m kadar yaz\u0131l\u0131m\u0131 da \u00f6nemsiyoruz. \u00a0Bu nedenle iPad \u00fczerinde \u00e7al\u0131\u015fan \u00e7ok de\u011fi\u015fik uygulamalar\u0131 da dergimizin sayfalar\u0131 aras\u0131nda gezinirken ke\u015ffedeceksiniz. Burada \u00f6zellikle FlipBoard\u2019un alt\u0131n\u0131 \u00e7izmek istiyorum. Sosyal medyadaki haberlerinizi, magazin format\u0131nda kar\u015f\u0131n\u0131za getiren yaz\u0131l\u0131m beni mest etti. Tabletlerden laf a\u00e7\u0131lm\u0131\u015fken, bir T\u00fcrk markas\u0131n\u0131n da yak\u0131n zamanda tablet \u00fcretece\u011finin bilgisini ald\u0131k. \u00dcr\u00fcn\u00fcn birden fazla ekran b\u00fcy\u00fckl\u00fc\u011f\u00fcnde \u00e7\u0131kaca\u011f\u0131 kula\u011f\u0131m\u0131za gelen bilgiler aras\u0131nda. Bu y\u00f6n\u00fcyle hem iPad hem de yak\u0131nda \u00e7\u0131kacak olan iPad mini\u2019nin fiyat performans y\u00f6n\u00fcnde ciddi rakibi olaca\u011f\u0131n\u0131 s\u00f6ylemek istiyorum.<br \/>\nBu ay size o kadar iyi bir say\u0131 haz\u0131rlad\u0131k ki; kendimi tutmasam, her konuyu size sayfalarca anlatabilirim. Ancak sizi de bu g\u00fczel dergiden mahrum etmemek i\u00e7in, sizi Eyl\u00fcl say\u0131m\u0131zla ba\u015fba\u015fa b\u0131rakmak istiyorum.<\/div>\n","protected":false},"excerpt":{"rendered":"<p>Benim tarihlerle aram pek iyi de\u011fildir. Genelde olaylar ve duygular\u0131 depolamay\u0131 y\u0131l\u0131n almana\u011f\u0131n\u0131 \u00e7\u0131karmaktan daha do\u011fru bulurum. Ancak yan\u0131lm\u0131yorsam tarih 1991 filand\u0131. Bo\u011fazi\u00e7i \u00dcniversitesinde \u00f6\u011frenciydik. Ama ne \u00f6\u011frenci; rekt\u00f6r bey bize bilgi i\u015flem merkezinde bir&#8230;<\/p>\n","protected":false},"author":2,"featured_media":0,"comment_status":"open","ping_status":"open","sticky":false,"template":"","format":"standard","meta":{"footnotes":""},"categories":[32],"tags":[],"class_list":["post-1006","post","type-post","status-publish","format-standard","hentry","category-t3"],"yoast_head":"<!-- This site is optimized with the Yoast SEO plugin v26.8 - https:\/\/yoast.com\/product\/yoast-seo-wordpress\/ -->\n<title>T3 Eyl\u00fcl Say\u0131s\u0131 - At\u0131f \u00dcnald\u0131<\/title>\n<meta name=\"robots\" content=\"index, follow, max-snippet:-1, max-image-preview:large, max-video-preview:-1\" \/>\n<link rel=\"canonical\" href=\"http:\/\/atif.unaldi.org\/blog\/2010\/08\/29\/t3-eylul-sayisi\/\" \/>\n<meta property=\"og:locale\" content=\"tr_TR\" \/>\n<meta property=\"og:type\" content=\"article\" \/>\n<meta property=\"og:title\" content=\"T3 Eyl\u00fcl Say\u0131s\u0131 - At\u0131f \u00dcnald\u0131\" \/>\n<meta property=\"og:description\" content=\"Benim tarihlerle aram pek iyi de\u011fildir. Genelde olaylar ve duygular\u0131 depolamay\u0131 y\u0131l\u0131n almana\u011f\u0131n\u0131 \u00e7\u0131karmaktan daha do\u011fru bulurum. Ancak yan\u0131lm\u0131yorsam tarih 1991 filand\u0131. Bo\u011fazi\u00e7i \u00dcniversitesinde \u00f6\u011frenciydik. Ama ne \u00f6\u011frenci; rekt\u00f6r bey bize bilgi i\u015flem merkezinde bir...\" \/>\n<meta property=\"og:url\" content=\"http:\/\/atif.unaldi.org\/blog\/2010\/08\/29\/t3-eylul-sayisi\/\" \/>\n<meta property=\"og:site_name\" content=\"At\u0131f \u00dcnald\u0131\" \/>\n<meta property=\"article:publisher\" content=\"https:\/\/www.facebook.com\/atifunaldi\" \/>\n<meta property=\"article:author\" content=\"https:\/\/www.facebook.com\/atifunaldi\" \/>\n<meta property=\"article:published_time\" content=\"2010-08-29T17:59:46+00:00\" \/>\n<meta name=\"author\" content=\"Atif Unaldi\" \/>\n<meta name=\"twitter:card\" content=\"summary_large_image\" \/>\n<meta name=\"twitter:creator\" content=\"@https:\/\/twitter.com\/atifunaldi\" \/>\n<meta name=\"twitter:site\" content=\"@atifunaldi\" \/>\n<meta name=\"twitter:label1\" content=\"Yazan:\" \/>\n\t<meta name=\"twitter:data1\" content=\"Atif Unaldi\" \/>\n\t<meta name=\"twitter:label2\" content=\"Tahmini okuma s\u00fcresi\" \/>\n\t<meta name=\"twitter:data2\" content=\"3 dakika\" \/>\n<script type=\"application\/ld+json\" class=\"yoast-schema-graph\">{\"@context\":\"https:\/\/schema.org\",\"@graph\":[{\"@type\":\"Article\",\"@id\":\"http:\/\/atif.unaldi.org\/blog\/2010\/08\/29\/t3-eylul-sayisi\/#article\",\"isPartOf\":{\"@id\":\"http:\/\/atif.unaldi.org\/blog\/2010\/08\/29\/t3-eylul-sayisi\/\"},\"author\":{\"name\":\"Atif Unaldi\",\"@id\":\"http:\/\/atif.unaldi.org\/blog\/#\/schema\/person\/608ed42ecbda2bc5cfdb767ac1db479b\"},\"headline\":\"T3 Eyl\u00fcl Say\u0131s\u0131\",\"datePublished\":\"2010-08-29T17:59:46+00:00\",\"mainEntityOfPage\":{\"@id\":\"http:\/\/atif.unaldi.org\/blog\/2010\/08\/29\/t3-eylul-sayisi\/\"},\"wordCount\":579,\"commentCount\":0,\"publisher\":{\"@id\":\"http:\/\/atif.unaldi.org\/blog\/#\/schema\/person\/608ed42ecbda2bc5cfdb767ac1db479b\"},\"articleSection\":[\"- T3\"],\"inLanguage\":\"tr\",\"potentialAction\":[{\"@type\":\"CommentAction\",\"name\":\"Comment\",\"target\":[\"http:\/\/atif.unaldi.org\/blog\/2010\/08\/29\/t3-eylul-sayisi\/#respond\"]}]},{\"@type\":\"WebPage\",\"@id\":\"http:\/\/atif.unaldi.org\/blog\/2010\/08\/29\/t3-eylul-sayisi\/\",\"url\":\"http:\/\/atif.unaldi.org\/blog\/2010\/08\/29\/t3-eylul-sayisi\/\",\"name\":\"T3 Eyl\u00fcl Say\u0131s\u0131 - At\u0131f \u00dcnald\u0131\",\"isPartOf\":{\"@id\":\"http:\/\/atif.unaldi.org\/blog\/#website\"},\"datePublished\":\"2010-08-29T17:59:46+00:00\",\"breadcrumb\":{\"@id\":\"http:\/\/atif.unaldi.org\/blog\/2010\/08\/29\/t3-eylul-sayisi\/#breadcrumb\"},\"inLanguage\":\"tr\",\"potentialAction\":[{\"@type\":\"ReadAction\",\"target\":[\"http:\/\/atif.unaldi.org\/blog\/2010\/08\/29\/t3-eylul-sayisi\/\"]}]},{\"@type\":\"BreadcrumbList\",\"@id\":\"http:\/\/atif.unaldi.org\/blog\/2010\/08\/29\/t3-eylul-sayisi\/#breadcrumb\",\"itemListElement\":[{\"@type\":\"ListItem\",\"position\":1,\"name\":\"Anasayfa\",\"item\":\"http:\/\/atif.unaldi.org\/blog\/\"},{\"@type\":\"ListItem\",\"position\":2,\"name\":\"T3 Eyl\u00fcl Say\u0131s\u0131\"}]},{\"@type\":\"WebSite\",\"@id\":\"http:\/\/atif.unaldi.org\/blog\/#website\",\"url\":\"http:\/\/atif.unaldi.org\/blog\/\",\"name\":\"At\u0131f \u00dcnald\u0131\",\"description\":\"Yazar\",\"publisher\":{\"@id\":\"http:\/\/atif.unaldi.org\/blog\/#\/schema\/person\/608ed42ecbda2bc5cfdb767ac1db479b\"},\"alternateName\":\"At\u0131f \u00dcnald\u0131 Blog\",\"potentialAction\":[{\"@type\":\"SearchAction\",\"target\":{\"@type\":\"EntryPoint\",\"urlTemplate\":\"http:\/\/atif.unaldi.org\/blog\/?s={search_term_string}\"},\"query-input\":{\"@type\":\"PropertyValueSpecification\",\"valueRequired\":true,\"valueName\":\"search_term_string\"}}],\"inLanguage\":\"tr\"},{\"@type\":[\"Person\",\"Organization\"],\"@id\":\"http:\/\/atif.unaldi.org\/blog\/#\/schema\/person\/608ed42ecbda2bc5cfdb767ac1db479b\",\"name\":\"Atif Unaldi\",\"image\":{\"@type\":\"ImageObject\",\"inLanguage\":\"tr\",\"@id\":\"http:\/\/atif.unaldi.org\/blog\/#\/schema\/person\/image\/\",\"url\":\"http:\/\/atif.unaldi.org\/blog\/wp-content\/uploads\/2022\/10\/cropped-a94e8f7a-67c4-4d65-8a5f-032ba784be53-2.jpg\",\"contentUrl\":\"http:\/\/atif.unaldi.org\/blog\/wp-content\/uploads\/2022\/10\/cropped-a94e8f7a-67c4-4d65-8a5f-032ba784be53-2.jpg\",\"width\":512,\"height\":512,\"caption\":\"Atif Unaldi\"},\"logo\":{\"@id\":\"http:\/\/atif.unaldi.org\/blog\/#\/schema\/person\/image\/\"},\"description\":\"Bo\u011fazi\u00e7i \u00dcniversitesinde Fizik B\u00f6l\u00fcm\u00fc\u2019nde e\u011fitim ald\u0131\u011f\u0131 y\u0131llarda T\u00fcrkiye\u2019de ilk kez iki bilgisayar\u0131 telefon hatlar\u0131 \u00fczerinden konu\u015fturan BBS sistemini kurarak, T\u00fcrkiye\u2019deki ilk internet a\u011f\u0131n\u0131 olu\u015fturmu\u015ftur. Bir \u00e7ok radyo ve televizyonda program yap\u0131mc\u0131l\u0131\u011f\u0131 ve sunuculu\u011funu, bir \u00e7ok teknoloji dergisinde k\u00f6\u015fe yazarl\u0131\u011f\u0131, bili\u015fim edit\u00f6rl\u00fc\u011f\u00fc ve genel yay\u0131n y\u00f6netmenli\u011fi yapt\u0131. T\u00fcrkiye\u2019deki ilk internet servis sa\u011flay\u0131c\u0131s\u0131n\u0131n genel m\u00fcd\u00fcrl\u00fc\u011f\u00fcn\u00fc \u00fcstlendi. Bir \u00e7ok organizasyon ve kurulu\u015fta internet s\u00fcperviz\u00f6rl\u00fc\u011f\u00fc , webmaster\u2019l\u0131\u011f\u0131 , IT direkt\u00f6rl\u00fc\u011f\u00fc ve dijital projeler koordinat\u00f6rl\u00fc\u011f\u00fc g\u00f6revlerinde bulundu. Farkl\u0131 \u00fcniversitelerin farkl\u0131 fak\u00fcltelerinde \u00f6\u011fretim g\u00f6revlisi olarak bulunmu\u015f olan \u00dcnald\u0131; \u015fu an teknoloji ve pazarlama konular\u0131 ba\u015fta olmak \u00fczere bir\u00e7ok alanda hizmet veren Unaldi Consultancy\u2019nin kurucusudur. \\u2028Selin \u00dcnald\u0131 ile evlidir. Su ve Toprak isminde iki \u00e7ocu\u011fu vard\u0131r.\",\"sameAs\":[\"http:\/\/atif.unaldi.org\/blog\",\"https:\/\/www.facebook.com\/atifunaldi\",\"https:\/\/www.instagram.com\/atifunaldi\/\",\"https:\/\/www.linkedin.com\/in\/atifunaldi\",\"https:\/\/x.com\/https:\/\/twitter.com\/atifunaldi\",\"https:\/\/www.youtube.com\/c\/atifunaldi\",\"https:\/\/soundcloud.com\/atif-unaldi\",\"https:\/\/atifunaldi.tumblr.com\"],\"url\":\"http:\/\/atif.unaldi.org\/blog\/author\/atifunaldi\/\"}]}<\/script>\n<!-- \/ Yoast SEO plugin. -->","yoast_head_json":{"title":"T3 Eyl\u00fcl Say\u0131s\u0131 - At\u0131f \u00dcnald\u0131","robots":{"index":"index","follow":"follow","max-snippet":"max-snippet:-1","max-image-preview":"max-image-preview:large","max-video-preview":"max-video-preview:-1"},"canonical":"http:\/\/atif.unaldi.org\/blog\/2010\/08\/29\/t3-eylul-sayisi\/","og_locale":"tr_TR","og_type":"article","og_title":"T3 Eyl\u00fcl Say\u0131s\u0131 - At\u0131f \u00dcnald\u0131","og_description":"Benim tarihlerle aram pek iyi de\u011fildir. Genelde olaylar ve duygular\u0131 depolamay\u0131 y\u0131l\u0131n almana\u011f\u0131n\u0131 \u00e7\u0131karmaktan daha do\u011fru bulurum. Ancak yan\u0131lm\u0131yorsam tarih 1991 filand\u0131. Bo\u011fazi\u00e7i \u00dcniversitesinde \u00f6\u011frenciydik. Ama ne \u00f6\u011frenci; rekt\u00f6r bey bize bilgi i\u015flem merkezinde bir...","og_url":"http:\/\/atif.unaldi.org\/blog\/2010\/08\/29\/t3-eylul-sayisi\/","og_site_name":"At\u0131f \u00dcnald\u0131","article_publisher":"https:\/\/www.facebook.com\/atifunaldi","article_author":"https:\/\/www.facebook.com\/atifunaldi","article_published_time":"2010-08-29T17:59:46+00:00","author":"Atif Unaldi","twitter_card":"summary_large_image","twitter_creator":"@https:\/\/twitter.com\/atifunaldi","twitter_site":"@atifunaldi","twitter_misc":{"Yazan:":"Atif Unaldi","Tahmini okuma s\u00fcresi":"3 dakika"},"schema":{"@context":"https:\/\/schema.org","@graph":[{"@type":"Article","@id":"http:\/\/atif.unaldi.org\/blog\/2010\/08\/29\/t3-eylul-sayisi\/#article","isPartOf":{"@id":"http:\/\/atif.unaldi.org\/blog\/2010\/08\/29\/t3-eylul-sayisi\/"},"author":{"name":"Atif Unaldi","@id":"http:\/\/atif.unaldi.org\/blog\/#\/schema\/person\/608ed42ecbda2bc5cfdb767ac1db479b"},"headline":"T3 Eyl\u00fcl Say\u0131s\u0131","datePublished":"2010-08-29T17:59:46+00:00","mainEntityOfPage":{"@id":"http:\/\/atif.unaldi.org\/blog\/2010\/08\/29\/t3-eylul-sayisi\/"},"wordCount":579,"commentCount":0,"publisher":{"@id":"http:\/\/atif.unaldi.org\/blog\/#\/schema\/person\/608ed42ecbda2bc5cfdb767ac1db479b"},"articleSection":["- T3"],"inLanguage":"tr","potentialAction":[{"@type":"CommentAction","name":"Comment","target":["http:\/\/atif.unaldi.org\/blog\/2010\/08\/29\/t3-eylul-sayisi\/#respond"]}]},{"@type":"WebPage","@id":"http:\/\/atif.unaldi.org\/blog\/2010\/08\/29\/t3-eylul-sayisi\/","url":"http:\/\/atif.unaldi.org\/blog\/2010\/08\/29\/t3-eylul-sayisi\/","name":"T3 Eyl\u00fcl Say\u0131s\u0131 - At\u0131f \u00dcnald\u0131","isPartOf":{"@id":"http:\/\/atif.unaldi.org\/blog\/#website"},"datePublished":"2010-08-29T17:59:46+00:00","breadcrumb":{"@id":"http:\/\/atif.unaldi.org\/blog\/2010\/08\/29\/t3-eylul-sayisi\/#breadcrumb"},"inLanguage":"tr","potentialAction":[{"@type":"ReadAction","target":["http:\/\/atif.unaldi.org\/blog\/2010\/08\/29\/t3-eylul-sayisi\/"]}]},{"@type":"BreadcrumbList","@id":"http:\/\/atif.unaldi.org\/blog\/2010\/08\/29\/t3-eylul-sayisi\/#breadcrumb","itemListElement":[{"@type":"ListItem","position":1,"name":"Anasayfa","item":"http:\/\/atif.unaldi.org\/blog\/"},{"@type":"ListItem","position":2,"name":"T3 Eyl\u00fcl Say\u0131s\u0131"}]},{"@type":"WebSite","@id":"http:\/\/atif.unaldi.org\/blog\/#website","url":"http:\/\/atif.unaldi.org\/blog\/","name":"At\u0131f \u00dcnald\u0131","description":"Yazar","publisher":{"@id":"http:\/\/atif.unaldi.org\/blog\/#\/schema\/person\/608ed42ecbda2bc5cfdb767ac1db479b"},"alternateName":"At\u0131f \u00dcnald\u0131 Blog","potentialAction":[{"@type":"SearchAction","target":{"@type":"EntryPoint","urlTemplate":"http:\/\/atif.unaldi.org\/blog\/?s={search_term_string}"},"query-input":{"@type":"PropertyValueSpecification","valueRequired":true,"valueName":"search_term_string"}}],"inLanguage":"tr"},{"@type":["Person","Organization"],"@id":"http:\/\/atif.unaldi.org\/blog\/#\/schema\/person\/608ed42ecbda2bc5cfdb767ac1db479b","name":"Atif Unaldi","image":{"@type":"ImageObject","inLanguage":"tr","@id":"http:\/\/atif.unaldi.org\/blog\/#\/schema\/person\/image\/","url":"http:\/\/atif.unaldi.org\/blog\/wp-content\/uploads\/2022\/10\/cropped-a94e8f7a-67c4-4d65-8a5f-032ba784be53-2.jpg","contentUrl":"http:\/\/atif.unaldi.org\/blog\/wp-content\/uploads\/2022\/10\/cropped-a94e8f7a-67c4-4d65-8a5f-032ba784be53-2.jpg","width":512,"height":512,"caption":"Atif Unaldi"},"logo":{"@id":"http:\/\/atif.unaldi.org\/blog\/#\/schema\/person\/image\/"},"description":"Bo\u011fazi\u00e7i \u00dcniversitesinde Fizik B\u00f6l\u00fcm\u00fc\u2019nde e\u011fitim ald\u0131\u011f\u0131 y\u0131llarda T\u00fcrkiye\u2019de ilk kez iki bilgisayar\u0131 telefon hatlar\u0131 \u00fczerinden konu\u015fturan BBS sistemini kurarak, T\u00fcrkiye\u2019deki ilk internet a\u011f\u0131n\u0131 olu\u015fturmu\u015ftur. Bir \u00e7ok radyo ve televizyonda program yap\u0131mc\u0131l\u0131\u011f\u0131 ve sunuculu\u011funu, bir \u00e7ok teknoloji dergisinde k\u00f6\u015fe yazarl\u0131\u011f\u0131, bili\u015fim edit\u00f6rl\u00fc\u011f\u00fc ve genel yay\u0131n y\u00f6netmenli\u011fi yapt\u0131. T\u00fcrkiye\u2019deki ilk internet servis sa\u011flay\u0131c\u0131s\u0131n\u0131n genel m\u00fcd\u00fcrl\u00fc\u011f\u00fcn\u00fc \u00fcstlendi. Bir \u00e7ok organizasyon ve kurulu\u015fta internet s\u00fcperviz\u00f6rl\u00fc\u011f\u00fc , webmaster\u2019l\u0131\u011f\u0131 , IT direkt\u00f6rl\u00fc\u011f\u00fc ve dijital projeler koordinat\u00f6rl\u00fc\u011f\u00fc g\u00f6revlerinde bulundu. Farkl\u0131 \u00fcniversitelerin farkl\u0131 fak\u00fcltelerinde \u00f6\u011fretim g\u00f6revlisi olarak bulunmu\u015f olan \u00dcnald\u0131; \u015fu an teknoloji ve pazarlama konular\u0131 ba\u015fta olmak \u00fczere bir\u00e7ok alanda hizmet veren Unaldi Consultancy\u2019nin kurucusudur. \u2028Selin \u00dcnald\u0131 ile evlidir. Su ve Toprak isminde iki \u00e7ocu\u011fu vard\u0131r.","sameAs":["http:\/\/atif.unaldi.org\/blog","https:\/\/www.facebook.com\/atifunaldi","https:\/\/www.instagram.com\/atifunaldi\/","https:\/\/www.linkedin.com\/in\/atifunaldi","https:\/\/x.com\/https:\/\/twitter.com\/atifunaldi","https:\/\/www.youtube.com\/c\/atifunaldi","https:\/\/soundcloud.com\/atif-unaldi","https:\/\/atifunaldi.tumblr.com"],"url":"http:\/\/atif.unaldi.org\/blog\/author\/atifunaldi\/"}]}},"jetpack_featured_media_url":"","_links":{"self":[{"href":"http:\/\/atif.unaldi.org\/blog\/wp-json\/wp\/v2\/posts\/1006","targetHints":{"allow":["GET"]}}],"collection":[{"href":"http:\/\/atif.unaldi.org\/blog\/wp-json\/wp\/v2\/posts"}],"about":[{"href":"http:\/\/atif.unaldi.org\/blog\/wp-json\/wp\/v2\/types\/post"}],"author":[{"embeddable":true,"href":"http:\/\/atif.unaldi.org\/blog\/wp-json\/wp\/v2\/users\/2"}],"replies":[{"embeddable":true,"href":"http:\/\/atif.unaldi.org\/blog\/wp-json\/wp\/v2\/comments?post=1006"}],"version-history":[{"count":0,"href":"http:\/\/atif.unaldi.org\/blog\/wp-json\/wp\/v2\/posts\/1006\/revisions"}],"wp:attachment":[{"href":"http:\/\/atif.unaldi.org\/blog\/wp-json\/wp\/v2\/media?parent=1006"}],"wp:term":[{"taxonomy":"category","embeddable":true,"href":"http:\/\/atif.unaldi.org\/blog\/wp-json\/wp\/v2\/categories?post=1006"},{"taxonomy":"post_tag","embeddable":true,"href":"http:\/\/atif.unaldi.org\/blog\/wp-json\/wp\/v2\/tags?post=1006"}],"curies":[{"name":"wp","href":"https:\/\/api.w.org\/{rel}","templated":true}]}}