{"id":1009,"date":"2010-09-27T10:42:18","date_gmt":"2010-09-27T10:42:18","guid":{"rendered":"http:\/\/atifunaldi.info\/?p=1009"},"modified":"2010-09-27T10:42:18","modified_gmt":"2010-09-27T10:42:18","slug":"tarih-beni-hatirlar-mi-bilmiyorum-ama-sizi-kesinlikle-hatirlamayacak","status":"publish","type":"post","link":"http:\/\/atif.unaldi.org\/blog\/2010\/09\/27\/tarih-beni-hatirlar-mi-bilmiyorum-ama-sizi-kesinlikle-hatirlamayacak\/","title":{"rendered":"Tarih beni hat\u0131rlar m\u0131 bilmiyorum ama sizi kesinlikle hat\u0131rlamayacak&#8230;"},"content":{"rendered":"<div id=\"_mcePaste\">\n<div id=\"_mcePaste\">S\u00f6z\u00fcm herkesin e\u015fit oldu\u011funu s\u00f6yleyip onlar\u0131 say\u0131 ile toplayan zihniyete&#8230;<\/div>\n<div id=\"_mcePaste\">Bana Leonardo d\u00f6neminde bildi\u011finiz bir at arabac\u0131s\u0131n\u0131n ismini s\u00f6yler misiniz?<\/div>\n<div id=\"_mcePaste\">Yada size daha kolay bir soru soray\u0131m Mimar Sinan\u2019\u0131n camilerinde \u00e7al\u0131\u015fan bir in\u015faat i\u015f\u00e7inin ismini verir misiniz?<\/div>\n<div id=\"_mcePaste\">\u0130nsanlar bu evrende \u00fcrettikleri ile an\u0131l\u0131rlar. Bu \u00fcretim zincirinin her zaman en \u00fcst\u00fcnde fikir i\u015f\u00e7ileri vard\u0131r. Yoksa Matisee\u2019i ressam de\u011fil hukuk \u00f6\u011frencisi olarak anard\u0131k. Ancak yapt\u0131\u011f\u0131 kendine yetmemi\u015f olacak ki; binlerce hukuk \u00f6\u011frencisinden biri olaca\u011f\u0131na resim tarihinin kilometre ta\u015flar\u0131ndan biri olmay\u0131 tercih etti. \u00c7o\u011funuz onun ba\u015fka bir mesle\u011fi oldu\u011funu ve resme \u00e7ok ge\u00e7 ya\u015flarda ba\u015flad\u0131\u011f\u0131n\u0131 bilmez.<\/div>\n<div id=\"_mcePaste\">Peki acaba bu y\u00fczy\u0131llarca an\u0131lan \u00f6nemli insanlar \u00e7a\u011flar\u0131n\u0131n sosyal dehalar\u0131 m\u0131yd\u0131? Ben leonardo\u2019nun, beethoven\u2019in, hatta eistein, tesla veya fenyman\u2019in \u00f6yle kom\u015fular\u0131 taraf\u0131ndan sitaye\u015fle an\u0131lan insanlar oldu\u011funu d\u00fc\u015f\u00fcnm\u00fcyorum. Hi\u00e7biri \u00e7a\u011f\u0131nda insanlar\u0131 arkalar\u0131ndan s\u00fcr\u00fckleyen insanlar olarak an\u0131lmad\u0131lar. \u00c7a\u011f\u0131nda insanlar\u0131 arkas\u0131ndan s\u00fcr\u00fckleyenlerin i\u00e7inde en dahisi Hitler\u2019di. Ona da son y\u00fczy\u0131lda \u00f6vg\u00fc i\u00e7eren tek c\u00fcmleyi san\u0131r\u0131m demin ben yazd\u0131m.<\/div>\n<div><!--more--><\/div>\n<div id=\"_mcePaste\">O zaman nedir bu insanlar\u0131n; demokrasi ve pazarlamada arkas\u0131ndan gitti\u011fi \u201csay\u0131lar\u201d arzusu. \u0130\u015fte bunun ad\u0131 tam anlam\u0131yla TEMBELL\u0130K. Mesleki tembellikten ba\u015fl\u0131yor, kafa tembelli\u011fine kadar gidiyor.<\/div>\n<div id=\"_mcePaste\">Bir organizasyon yap\u0131l\u0131yor&#8230; Durumu merak eden ki\u015fi soruyor ka\u00e7 ki\u015fi geldi. Birisi de demiyor ki; karde\u015fim bunlar koyun mu? B\u00f6yle hesap olur mu? Nerede senin hedef kitlen; amac\u0131n? Neye g\u00f6re ve kimi bekliyorsun organizasyonuna. Limon sat\u0131c\u0131lar\u0131n\u0131n sorunlar\u0131n\u0131 tart\u0131\u015fmak i\u00e7in zaman\u0131n en iyi be\u015fbin kuantum fizik\u00e7isini toplant\u0131ya \u00e7a\u011f\u0131r\u0131rsan\u0131z bu organizasyon ba\u015far\u0131l\u0131 olur mu?<\/div>\n<div id=\"_mcePaste\">Yada T\u00fcrkiye\u2019deki esnaflar\u0131n sorunlar\u0131 paneline onur konu\u011fu olarak \u00a0Stephen E. Hawking\u2019i \u00e7a\u011f\u0131rmak ne kadar do\u011fru?<\/div>\n<div id=\"_mcePaste\">\u0130nan\u0131n Hawking\u2019in de \u00e7evresinde binlerce al\u0131m g\u00fcc\u00fc kuvvetli hayran\u0131 var. Peki bu hayranlar\u0131n hangisi T\u00fcrkiye\u2019deki esnaflar\u0131n sorununa derman olur.<\/div>\n<div id=\"_mcePaste\">Konuyu bilindik aptal polemiklerden uzak tutmak i\u00e7in bu kadar \u00e7aba harcamama sebep olan birka\u00e7 polemik ustas\u0131n\u0131 da burada anmadan ge\u00e7emeyece\u011fim.<\/div>\n<div id=\"_mcePaste\">\u0130\u015fte bu polemik gurular\u0131 ve tembel organizat\u00f6rlere bir k\u00fc\u00e7\u00fck soru sormak istiyorum, organizasyonunuzu pop\u00fcler yapmak i\u00e7in \u015fimdiye kadar getirdi\u011finiz bir iki siyasinin, bir iki \u015fark\u0131c\u0131n\u0131n ( dikkat edin besteci veya sanat\u00e7\u0131 de\u011fil \u015fark\u0131c\u0131 getiriyorsunuz), bir iki mankenin sizi siyasi ve magazin haberlerinin bir par\u00e7as\u0131 haline getirmesi ne kadar i\u015finize yarad\u0131? \u0130yi d\u00fc\u015f\u00fcn\u00fcn bakal\u0131m pop\u00fcler olunca, organizasyonadan ald\u0131\u011f\u0131n\u0131z haz m\u0131 y\u00fckseldi? Olabildiniz mi? Olamazs\u0131n\u0131z tabii yanl\u0131\u015f kitleye yanl\u0131\u015f mesaj vererek nas\u0131l pop\u00fcler olunur?<\/div>\n<div id=\"_mcePaste\">Size bu anlatt\u0131klar\u0131m geri kalm\u0131\u015f elitist bir k\u00fclt\u00fcr gibi gelebilir. B\u00f6yle d\u00fc\u015f\u00fcn\u00fcyorsan\u0131z d\u00fcnyadaki sosyal a\u011flar\u0131n ni\u015f platformlara kayd\u0131\u011f\u0131n\u0131 bilmiyorsunuz.<\/div>\n<div id=\"_mcePaste\">Pop\u00fclerlikten bahsediyorsunuz ama akademisyenlerin de o sizin say\u0131 feti\u015finizi kar\u015f\u0131layacak boyutlarda oldu\u011funu bilmiyorsunuz&#8230; Pop\u00fclerlik mi istiyorsunuz? D\u00fcnya \u00fczerinde 201 \u00fclkede 8541 \u00fcniversite var. Burada al\u0131m g\u00fcc\u00fc \u00fclkesine g\u00f6re hi\u00e7 de az olmayan zeki d\u00fc\u015f\u00fcnce yetisi geli\u015fmi\u015f akademisyen. \u0130\u015fte bunlar\u0131n dikkatini \u00e7ekmeye \u00e7al\u0131\u015f.<\/div>\n<div id=\"_mcePaste\">E\u011fer bir \u00fcniversitede akademisyenseniz ve size sosyal a\u011f denildi\u011finde bir blogcunun arkas\u0131na s\u0131ralanm\u0131\u015f, al\u0131m g\u00fcc\u00fc s\u0131f\u0131rlarda, mesaj bombard\u0131man\u0131 ile aptala d\u00f6nm\u00fc\u015f 20 &#8211; 30 ki\u015fi ile , tembel pazarlamac\u0131lar\u0131n \u201cdinamik pazar\u201d diye tan\u0131mlad\u0131klar\u0131 \u015fey geliyorsa ve ted.com \u2018un 2006 temmuzundan bu yana 300 milyondan fazla ki\u015fi taraf\u0131ndan seyredildi\u011fini bilmiyorsan\u0131z siz art\u0131k bir akademisyen ve bir ki\u015fi olmaktan ziyade, kafas\u0131 say\u0131lanlar\u0131n aras\u0131na ge\u00e7mi\u015fsiniz demektir.<\/div>\n<div id=\"_mcePaste\">E\u011fer bir akademisyenseniz ve size video sitesi denilince akl\u0131n\u0131za m\u00fczik klipleri g\u00f6sterilen bir site geliyorsa ve jove.com \u2018u hi\u00e7 duymad\u0131n\u0131zsa, siz art\u0131k bir akademisyen ve bir ki\u015fi olmaktan ziyade, kafas\u0131 say\u0131lanlar\u0131n aras\u0131na ge\u00e7mi\u015fsiniz demektir.<\/div>\n<div id=\"_mcePaste\">\u0130nternetle ilgili bir ogranizasyonunuzda \u015feref konu\u011fu olarak akl\u0131n\u0131za bir manken geliyor, Vinton Cerf hadi onu da ge\u00e7tim, en az\u0131ndan TED talk\u2019da konu\u015fma yapan Elif \u015eafak bile gelmiyorsa siz, art\u0131k bir akademisyen ve bir ki\u015fi olmaktan ziyade, kafas\u0131 say\u0131lanlar\u0131n aras\u0131na ge\u00e7mi\u015fsiniz demektir.<\/div>\n<div id=\"_mcePaste\">Ve k\u00f6t\u00fc haber&#8230;<\/div>\n<div id=\"_mcePaste\">Sizi tarih hat\u0131rlamayacak&#8230;<\/div>\n<\/div>\n","protected":false},"excerpt":{"rendered":"<p>S\u00f6z\u00fcm herkesin e\u015fit oldu\u011funu s\u00f6yleyip onlar\u0131 say\u0131 ile toplayan zihniyete&#8230; Bana Leonardo d\u00f6neminde bildi\u011finiz bir at arabac\u0131s\u0131n\u0131n ismini s\u00f6yler misiniz? Yada size daha kolay bir soru soray\u0131m Mimar Sinan\u2019\u0131n camilerinde \u00e7al\u0131\u015fan bir in\u015faat i\u015f\u00e7inin ismini&#8230;<\/p>\n","protected":false},"author":2,"featured_media":0,"comment_status":"open","ping_status":"open","sticky":false,"template":"","format":"standard","meta":{"footnotes":""},"categories":[3],"tags":[],"class_list":["post-1009","post","type-post","status-publish","format-standard","hentry","category-blogum"],"yoast_head":"<!-- This site is optimized with the Yoast SEO plugin v26.8 - https:\/\/yoast.com\/product\/yoast-seo-wordpress\/ -->\n<title>Tarih beni hat\u0131rlar m\u0131 bilmiyorum ama sizi kesinlikle hat\u0131rlamayacak... - At\u0131f \u00dcnald\u0131<\/title>\n<meta name=\"robots\" content=\"index, follow, max-snippet:-1, max-image-preview:large, max-video-preview:-1\" \/>\n<link rel=\"canonical\" href=\"http:\/\/atif.unaldi.org\/blog\/2010\/09\/27\/tarih-beni-hatirlar-mi-bilmiyorum-ama-sizi-kesinlikle-hatirlamayacak\/\" \/>\n<meta property=\"og:locale\" content=\"tr_TR\" \/>\n<meta property=\"og:type\" content=\"article\" \/>\n<meta property=\"og:title\" content=\"Tarih beni hat\u0131rlar m\u0131 bilmiyorum ama sizi kesinlikle hat\u0131rlamayacak... - At\u0131f \u00dcnald\u0131\" \/>\n<meta property=\"og:description\" content=\"S\u00f6z\u00fcm herkesin e\u015fit oldu\u011funu s\u00f6yleyip onlar\u0131 say\u0131 ile toplayan zihniyete&#8230; Bana Leonardo d\u00f6neminde bildi\u011finiz bir at arabac\u0131s\u0131n\u0131n ismini s\u00f6yler misiniz? Yada size daha kolay bir soru soray\u0131m Mimar Sinan\u2019\u0131n camilerinde \u00e7al\u0131\u015fan bir in\u015faat i\u015f\u00e7inin ismini...\" \/>\n<meta property=\"og:url\" content=\"http:\/\/atif.unaldi.org\/blog\/2010\/09\/27\/tarih-beni-hatirlar-mi-bilmiyorum-ama-sizi-kesinlikle-hatirlamayacak\/\" \/>\n<meta property=\"og:site_name\" content=\"At\u0131f \u00dcnald\u0131\" \/>\n<meta property=\"article:publisher\" content=\"https:\/\/www.facebook.com\/atifunaldi\" \/>\n<meta property=\"article:author\" content=\"https:\/\/www.facebook.com\/atifunaldi\" \/>\n<meta property=\"article:published_time\" content=\"2010-09-27T10:42:18+00:00\" \/>\n<meta name=\"author\" content=\"Atif Unaldi\" \/>\n<meta name=\"twitter:card\" content=\"summary_large_image\" \/>\n<meta name=\"twitter:creator\" content=\"@https:\/\/twitter.com\/atifunaldi\" \/>\n<meta name=\"twitter:site\" content=\"@atifunaldi\" \/>\n<meta name=\"twitter:label1\" content=\"Yazan:\" \/>\n\t<meta name=\"twitter:data1\" content=\"Atif Unaldi\" \/>\n\t<meta name=\"twitter:label2\" content=\"Tahmini okuma s\u00fcresi\" \/>\n\t<meta name=\"twitter:data2\" content=\"4 dakika\" \/>\n<script type=\"application\/ld+json\" class=\"yoast-schema-graph\">{\"@context\":\"https:\/\/schema.org\",\"@graph\":[{\"@type\":\"Article\",\"@id\":\"http:\/\/atif.unaldi.org\/blog\/2010\/09\/27\/tarih-beni-hatirlar-mi-bilmiyorum-ama-sizi-kesinlikle-hatirlamayacak\/#article\",\"isPartOf\":{\"@id\":\"http:\/\/atif.unaldi.org\/blog\/2010\/09\/27\/tarih-beni-hatirlar-mi-bilmiyorum-ama-sizi-kesinlikle-hatirlamayacak\/\"},\"author\":{\"name\":\"Atif Unaldi\",\"@id\":\"http:\/\/atif.unaldi.org\/blog\/#\/schema\/person\/608ed42ecbda2bc5cfdb767ac1db479b\"},\"headline\":\"Tarih beni hat\u0131rlar m\u0131 bilmiyorum ama sizi kesinlikle hat\u0131rlamayacak&#8230;\",\"datePublished\":\"2010-09-27T10:42:18+00:00\",\"mainEntityOfPage\":{\"@id\":\"http:\/\/atif.unaldi.org\/blog\/2010\/09\/27\/tarih-beni-hatirlar-mi-bilmiyorum-ama-sizi-kesinlikle-hatirlamayacak\/\"},\"wordCount\":787,\"commentCount\":0,\"publisher\":{\"@id\":\"http:\/\/atif.unaldi.org\/blog\/#\/schema\/person\/608ed42ecbda2bc5cfdb767ac1db479b\"},\"articleSection\":[\"Blogum\"],\"inLanguage\":\"tr\",\"potentialAction\":[{\"@type\":\"CommentAction\",\"name\":\"Comment\",\"target\":[\"http:\/\/atif.unaldi.org\/blog\/2010\/09\/27\/tarih-beni-hatirlar-mi-bilmiyorum-ama-sizi-kesinlikle-hatirlamayacak\/#respond\"]}]},{\"@type\":\"WebPage\",\"@id\":\"http:\/\/atif.unaldi.org\/blog\/2010\/09\/27\/tarih-beni-hatirlar-mi-bilmiyorum-ama-sizi-kesinlikle-hatirlamayacak\/\",\"url\":\"http:\/\/atif.unaldi.org\/blog\/2010\/09\/27\/tarih-beni-hatirlar-mi-bilmiyorum-ama-sizi-kesinlikle-hatirlamayacak\/\",\"name\":\"Tarih beni hat\u0131rlar m\u0131 bilmiyorum ama sizi kesinlikle hat\u0131rlamayacak... - At\u0131f \u00dcnald\u0131\",\"isPartOf\":{\"@id\":\"http:\/\/atif.unaldi.org\/blog\/#website\"},\"datePublished\":\"2010-09-27T10:42:18+00:00\",\"breadcrumb\":{\"@id\":\"http:\/\/atif.unaldi.org\/blog\/2010\/09\/27\/tarih-beni-hatirlar-mi-bilmiyorum-ama-sizi-kesinlikle-hatirlamayacak\/#breadcrumb\"},\"inLanguage\":\"tr\",\"potentialAction\":[{\"@type\":\"ReadAction\",\"target\":[\"http:\/\/atif.unaldi.org\/blog\/2010\/09\/27\/tarih-beni-hatirlar-mi-bilmiyorum-ama-sizi-kesinlikle-hatirlamayacak\/\"]}]},{\"@type\":\"BreadcrumbList\",\"@id\":\"http:\/\/atif.unaldi.org\/blog\/2010\/09\/27\/tarih-beni-hatirlar-mi-bilmiyorum-ama-sizi-kesinlikle-hatirlamayacak\/#breadcrumb\",\"itemListElement\":[{\"@type\":\"ListItem\",\"position\":1,\"name\":\"Anasayfa\",\"item\":\"http:\/\/atif.unaldi.org\/blog\/\"},{\"@type\":\"ListItem\",\"position\":2,\"name\":\"Tarih beni hat\u0131rlar m\u0131 bilmiyorum ama sizi kesinlikle hat\u0131rlamayacak&#8230;\"}]},{\"@type\":\"WebSite\",\"@id\":\"http:\/\/atif.unaldi.org\/blog\/#website\",\"url\":\"http:\/\/atif.unaldi.org\/blog\/\",\"name\":\"At\u0131f \u00dcnald\u0131\",\"description\":\"Yazar\",\"publisher\":{\"@id\":\"http:\/\/atif.unaldi.org\/blog\/#\/schema\/person\/608ed42ecbda2bc5cfdb767ac1db479b\"},\"alternateName\":\"At\u0131f \u00dcnald\u0131 Blog\",\"potentialAction\":[{\"@type\":\"SearchAction\",\"target\":{\"@type\":\"EntryPoint\",\"urlTemplate\":\"http:\/\/atif.unaldi.org\/blog\/?s={search_term_string}\"},\"query-input\":{\"@type\":\"PropertyValueSpecification\",\"valueRequired\":true,\"valueName\":\"search_term_string\"}}],\"inLanguage\":\"tr\"},{\"@type\":[\"Person\",\"Organization\"],\"@id\":\"http:\/\/atif.unaldi.org\/blog\/#\/schema\/person\/608ed42ecbda2bc5cfdb767ac1db479b\",\"name\":\"Atif Unaldi\",\"image\":{\"@type\":\"ImageObject\",\"inLanguage\":\"tr\",\"@id\":\"http:\/\/atif.unaldi.org\/blog\/#\/schema\/person\/image\/\",\"url\":\"http:\/\/atif.unaldi.org\/blog\/wp-content\/uploads\/2022\/10\/cropped-a94e8f7a-67c4-4d65-8a5f-032ba784be53-2.jpg\",\"contentUrl\":\"http:\/\/atif.unaldi.org\/blog\/wp-content\/uploads\/2022\/10\/cropped-a94e8f7a-67c4-4d65-8a5f-032ba784be53-2.jpg\",\"width\":512,\"height\":512,\"caption\":\"Atif Unaldi\"},\"logo\":{\"@id\":\"http:\/\/atif.unaldi.org\/blog\/#\/schema\/person\/image\/\"},\"description\":\"Bo\u011fazi\u00e7i \u00dcniversitesinde Fizik B\u00f6l\u00fcm\u00fc\u2019nde e\u011fitim ald\u0131\u011f\u0131 y\u0131llarda T\u00fcrkiye\u2019de ilk kez iki bilgisayar\u0131 telefon hatlar\u0131 \u00fczerinden konu\u015fturan BBS sistemini kurarak, T\u00fcrkiye\u2019deki ilk internet a\u011f\u0131n\u0131 olu\u015fturmu\u015ftur. Bir \u00e7ok radyo ve televizyonda program yap\u0131mc\u0131l\u0131\u011f\u0131 ve sunuculu\u011funu, bir \u00e7ok teknoloji dergisinde k\u00f6\u015fe yazarl\u0131\u011f\u0131, bili\u015fim edit\u00f6rl\u00fc\u011f\u00fc ve genel yay\u0131n y\u00f6netmenli\u011fi yapt\u0131. T\u00fcrkiye\u2019deki ilk internet servis sa\u011flay\u0131c\u0131s\u0131n\u0131n genel m\u00fcd\u00fcrl\u00fc\u011f\u00fcn\u00fc \u00fcstlendi. Bir \u00e7ok organizasyon ve kurulu\u015fta internet s\u00fcperviz\u00f6rl\u00fc\u011f\u00fc , webmaster\u2019l\u0131\u011f\u0131 , IT direkt\u00f6rl\u00fc\u011f\u00fc ve dijital projeler koordinat\u00f6rl\u00fc\u011f\u00fc g\u00f6revlerinde bulundu. Farkl\u0131 \u00fcniversitelerin farkl\u0131 fak\u00fcltelerinde \u00f6\u011fretim g\u00f6revlisi olarak bulunmu\u015f olan \u00dcnald\u0131; \u015fu an teknoloji ve pazarlama konular\u0131 ba\u015fta olmak \u00fczere bir\u00e7ok alanda hizmet veren Unaldi Consultancy\u2019nin kurucusudur. \\u2028Selin \u00dcnald\u0131 ile evlidir. Su ve Toprak isminde iki \u00e7ocu\u011fu vard\u0131r.\",\"sameAs\":[\"http:\/\/atif.unaldi.org\/blog\",\"https:\/\/www.facebook.com\/atifunaldi\",\"https:\/\/www.instagram.com\/atifunaldi\/\",\"https:\/\/www.linkedin.com\/in\/atifunaldi\",\"https:\/\/x.com\/https:\/\/twitter.com\/atifunaldi\",\"https:\/\/www.youtube.com\/c\/atifunaldi\",\"https:\/\/soundcloud.com\/atif-unaldi\",\"https:\/\/atifunaldi.tumblr.com\"],\"url\":\"http:\/\/atif.unaldi.org\/blog\/author\/atifunaldi\/\"}]}<\/script>\n<!-- \/ Yoast SEO plugin. -->","yoast_head_json":{"title":"Tarih beni hat\u0131rlar m\u0131 bilmiyorum ama sizi kesinlikle hat\u0131rlamayacak... - At\u0131f \u00dcnald\u0131","robots":{"index":"index","follow":"follow","max-snippet":"max-snippet:-1","max-image-preview":"max-image-preview:large","max-video-preview":"max-video-preview:-1"},"canonical":"http:\/\/atif.unaldi.org\/blog\/2010\/09\/27\/tarih-beni-hatirlar-mi-bilmiyorum-ama-sizi-kesinlikle-hatirlamayacak\/","og_locale":"tr_TR","og_type":"article","og_title":"Tarih beni hat\u0131rlar m\u0131 bilmiyorum ama sizi kesinlikle hat\u0131rlamayacak... - At\u0131f \u00dcnald\u0131","og_description":"S\u00f6z\u00fcm herkesin e\u015fit oldu\u011funu s\u00f6yleyip onlar\u0131 say\u0131 ile toplayan zihniyete&#8230; Bana Leonardo d\u00f6neminde bildi\u011finiz bir at arabac\u0131s\u0131n\u0131n ismini s\u00f6yler misiniz? Yada size daha kolay bir soru soray\u0131m Mimar Sinan\u2019\u0131n camilerinde \u00e7al\u0131\u015fan bir in\u015faat i\u015f\u00e7inin ismini...","og_url":"http:\/\/atif.unaldi.org\/blog\/2010\/09\/27\/tarih-beni-hatirlar-mi-bilmiyorum-ama-sizi-kesinlikle-hatirlamayacak\/","og_site_name":"At\u0131f \u00dcnald\u0131","article_publisher":"https:\/\/www.facebook.com\/atifunaldi","article_author":"https:\/\/www.facebook.com\/atifunaldi","article_published_time":"2010-09-27T10:42:18+00:00","author":"Atif Unaldi","twitter_card":"summary_large_image","twitter_creator":"@https:\/\/twitter.com\/atifunaldi","twitter_site":"@atifunaldi","twitter_misc":{"Yazan:":"Atif Unaldi","Tahmini okuma s\u00fcresi":"4 dakika"},"schema":{"@context":"https:\/\/schema.org","@graph":[{"@type":"Article","@id":"http:\/\/atif.unaldi.org\/blog\/2010\/09\/27\/tarih-beni-hatirlar-mi-bilmiyorum-ama-sizi-kesinlikle-hatirlamayacak\/#article","isPartOf":{"@id":"http:\/\/atif.unaldi.org\/blog\/2010\/09\/27\/tarih-beni-hatirlar-mi-bilmiyorum-ama-sizi-kesinlikle-hatirlamayacak\/"},"author":{"name":"Atif Unaldi","@id":"http:\/\/atif.unaldi.org\/blog\/#\/schema\/person\/608ed42ecbda2bc5cfdb767ac1db479b"},"headline":"Tarih beni hat\u0131rlar m\u0131 bilmiyorum ama sizi kesinlikle hat\u0131rlamayacak&#8230;","datePublished":"2010-09-27T10:42:18+00:00","mainEntityOfPage":{"@id":"http:\/\/atif.unaldi.org\/blog\/2010\/09\/27\/tarih-beni-hatirlar-mi-bilmiyorum-ama-sizi-kesinlikle-hatirlamayacak\/"},"wordCount":787,"commentCount":0,"publisher":{"@id":"http:\/\/atif.unaldi.org\/blog\/#\/schema\/person\/608ed42ecbda2bc5cfdb767ac1db479b"},"articleSection":["Blogum"],"inLanguage":"tr","potentialAction":[{"@type":"CommentAction","name":"Comment","target":["http:\/\/atif.unaldi.org\/blog\/2010\/09\/27\/tarih-beni-hatirlar-mi-bilmiyorum-ama-sizi-kesinlikle-hatirlamayacak\/#respond"]}]},{"@type":"WebPage","@id":"http:\/\/atif.unaldi.org\/blog\/2010\/09\/27\/tarih-beni-hatirlar-mi-bilmiyorum-ama-sizi-kesinlikle-hatirlamayacak\/","url":"http:\/\/atif.unaldi.org\/blog\/2010\/09\/27\/tarih-beni-hatirlar-mi-bilmiyorum-ama-sizi-kesinlikle-hatirlamayacak\/","name":"Tarih beni hat\u0131rlar m\u0131 bilmiyorum ama sizi kesinlikle hat\u0131rlamayacak... - At\u0131f \u00dcnald\u0131","isPartOf":{"@id":"http:\/\/atif.unaldi.org\/blog\/#website"},"datePublished":"2010-09-27T10:42:18+00:00","breadcrumb":{"@id":"http:\/\/atif.unaldi.org\/blog\/2010\/09\/27\/tarih-beni-hatirlar-mi-bilmiyorum-ama-sizi-kesinlikle-hatirlamayacak\/#breadcrumb"},"inLanguage":"tr","potentialAction":[{"@type":"ReadAction","target":["http:\/\/atif.unaldi.org\/blog\/2010\/09\/27\/tarih-beni-hatirlar-mi-bilmiyorum-ama-sizi-kesinlikle-hatirlamayacak\/"]}]},{"@type":"BreadcrumbList","@id":"http:\/\/atif.unaldi.org\/blog\/2010\/09\/27\/tarih-beni-hatirlar-mi-bilmiyorum-ama-sizi-kesinlikle-hatirlamayacak\/#breadcrumb","itemListElement":[{"@type":"ListItem","position":1,"name":"Anasayfa","item":"http:\/\/atif.unaldi.org\/blog\/"},{"@type":"ListItem","position":2,"name":"Tarih beni hat\u0131rlar m\u0131 bilmiyorum ama sizi kesinlikle hat\u0131rlamayacak&#8230;"}]},{"@type":"WebSite","@id":"http:\/\/atif.unaldi.org\/blog\/#website","url":"http:\/\/atif.unaldi.org\/blog\/","name":"At\u0131f \u00dcnald\u0131","description":"Yazar","publisher":{"@id":"http:\/\/atif.unaldi.org\/blog\/#\/schema\/person\/608ed42ecbda2bc5cfdb767ac1db479b"},"alternateName":"At\u0131f \u00dcnald\u0131 Blog","potentialAction":[{"@type":"SearchAction","target":{"@type":"EntryPoint","urlTemplate":"http:\/\/atif.unaldi.org\/blog\/?s={search_term_string}"},"query-input":{"@type":"PropertyValueSpecification","valueRequired":true,"valueName":"search_term_string"}}],"inLanguage":"tr"},{"@type":["Person","Organization"],"@id":"http:\/\/atif.unaldi.org\/blog\/#\/schema\/person\/608ed42ecbda2bc5cfdb767ac1db479b","name":"Atif Unaldi","image":{"@type":"ImageObject","inLanguage":"tr","@id":"http:\/\/atif.unaldi.org\/blog\/#\/schema\/person\/image\/","url":"http:\/\/atif.unaldi.org\/blog\/wp-content\/uploads\/2022\/10\/cropped-a94e8f7a-67c4-4d65-8a5f-032ba784be53-2.jpg","contentUrl":"http:\/\/atif.unaldi.org\/blog\/wp-content\/uploads\/2022\/10\/cropped-a94e8f7a-67c4-4d65-8a5f-032ba784be53-2.jpg","width":512,"height":512,"caption":"Atif Unaldi"},"logo":{"@id":"http:\/\/atif.unaldi.org\/blog\/#\/schema\/person\/image\/"},"description":"Bo\u011fazi\u00e7i \u00dcniversitesinde Fizik B\u00f6l\u00fcm\u00fc\u2019nde e\u011fitim ald\u0131\u011f\u0131 y\u0131llarda T\u00fcrkiye\u2019de ilk kez iki bilgisayar\u0131 telefon hatlar\u0131 \u00fczerinden konu\u015fturan BBS sistemini kurarak, T\u00fcrkiye\u2019deki ilk internet a\u011f\u0131n\u0131 olu\u015fturmu\u015ftur. Bir \u00e7ok radyo ve televizyonda program yap\u0131mc\u0131l\u0131\u011f\u0131 ve sunuculu\u011funu, bir \u00e7ok teknoloji dergisinde k\u00f6\u015fe yazarl\u0131\u011f\u0131, bili\u015fim edit\u00f6rl\u00fc\u011f\u00fc ve genel yay\u0131n y\u00f6netmenli\u011fi yapt\u0131. T\u00fcrkiye\u2019deki ilk internet servis sa\u011flay\u0131c\u0131s\u0131n\u0131n genel m\u00fcd\u00fcrl\u00fc\u011f\u00fcn\u00fc \u00fcstlendi. Bir \u00e7ok organizasyon ve kurulu\u015fta internet s\u00fcperviz\u00f6rl\u00fc\u011f\u00fc , webmaster\u2019l\u0131\u011f\u0131 , IT direkt\u00f6rl\u00fc\u011f\u00fc ve dijital projeler koordinat\u00f6rl\u00fc\u011f\u00fc g\u00f6revlerinde bulundu. Farkl\u0131 \u00fcniversitelerin farkl\u0131 fak\u00fcltelerinde \u00f6\u011fretim g\u00f6revlisi olarak bulunmu\u015f olan \u00dcnald\u0131; \u015fu an teknoloji ve pazarlama konular\u0131 ba\u015fta olmak \u00fczere bir\u00e7ok alanda hizmet veren Unaldi Consultancy\u2019nin kurucusudur. \u2028Selin \u00dcnald\u0131 ile evlidir. Su ve Toprak isminde iki \u00e7ocu\u011fu vard\u0131r.","sameAs":["http:\/\/atif.unaldi.org\/blog","https:\/\/www.facebook.com\/atifunaldi","https:\/\/www.instagram.com\/atifunaldi\/","https:\/\/www.linkedin.com\/in\/atifunaldi","https:\/\/x.com\/https:\/\/twitter.com\/atifunaldi","https:\/\/www.youtube.com\/c\/atifunaldi","https:\/\/soundcloud.com\/atif-unaldi","https:\/\/atifunaldi.tumblr.com"],"url":"http:\/\/atif.unaldi.org\/blog\/author\/atifunaldi\/"}]}},"jetpack_featured_media_url":"","_links":{"self":[{"href":"http:\/\/atif.unaldi.org\/blog\/wp-json\/wp\/v2\/posts\/1009","targetHints":{"allow":["GET"]}}],"collection":[{"href":"http:\/\/atif.unaldi.org\/blog\/wp-json\/wp\/v2\/posts"}],"about":[{"href":"http:\/\/atif.unaldi.org\/blog\/wp-json\/wp\/v2\/types\/post"}],"author":[{"embeddable":true,"href":"http:\/\/atif.unaldi.org\/blog\/wp-json\/wp\/v2\/users\/2"}],"replies":[{"embeddable":true,"href":"http:\/\/atif.unaldi.org\/blog\/wp-json\/wp\/v2\/comments?post=1009"}],"version-history":[{"count":0,"href":"http:\/\/atif.unaldi.org\/blog\/wp-json\/wp\/v2\/posts\/1009\/revisions"}],"wp:attachment":[{"href":"http:\/\/atif.unaldi.org\/blog\/wp-json\/wp\/v2\/media?parent=1009"}],"wp:term":[{"taxonomy":"category","embeddable":true,"href":"http:\/\/atif.unaldi.org\/blog\/wp-json\/wp\/v2\/categories?post=1009"},{"taxonomy":"post_tag","embeddable":true,"href":"http:\/\/atif.unaldi.org\/blog\/wp-json\/wp\/v2\/tags?post=1009"}],"curies":[{"name":"wp","href":"https:\/\/api.w.org\/{rel}","templated":true}]}}