{"id":1018,"date":"2010-10-02T10:48:22","date_gmt":"2010-10-02T10:48:22","guid":{"rendered":"http:\/\/atifunaldi.info\/?p=1018"},"modified":"2010-10-02T10:48:22","modified_gmt":"2010-10-02T10:48:22","slug":"t3-ekim-sayisi","status":"publish","type":"post","link":"http:\/\/atif.unaldi.org\/blog\/2010\/10\/02\/t3-ekim-sayisi\/","title":{"rendered":"T3 Ekim Say\u0131s\u0131"},"content":{"rendered":"<div>Bundan ben diyeyim yirmibe\u015f siz deyin otuz y\u0131l \u00f6nceydi. O zamanlar\u0131n gen\u00e7 adam\u0131, ben, G\u00f6rsel Bilim ve Teknik Ansiklopedisini kurcalamaya bay\u0131l\u0131rd\u0131m. Hatta yan\u0131lm\u0131yorsam bende bulunan ilk iki cildini art\u0131k ezberlemi\u015ftim. En \u00f6nemli konular\u0131ndan biri \u00fc\u00e7 boyuttu. \u00dc\u00e7 boyutun elde edilmesi i\u00e7in iki g\u00f6ze farkl\u0131 bilgi g\u00f6ndermek gereklili\u011finden tutunda, fiziksel y\u00f6ntemlerle \u00fc\u00e7 boyut olu\u015fturmaya kadar onlarca farkl\u0131 konuyu bu dosyadan \u00f6\u011frenmi\u015ftim.<\/div>\n<div><!--more-->\u00dc\u00e7 boyut bilim ve teknoloji d\u00fcnyas\u0131n\u0131n y\u0131llard\u0131r \u00fczerinde \u00e7al\u0131\u015ft\u0131\u011f\u0131 bir konu. Hatta o zaman benim ansiklopediden okudu\u011fum IMAX teknolojisi, \u015fimdi bir\u00e7ok sinemada bulunan bir teknoloji olmaya ba\u015flad\u0131. IMAX gibi y\u00fcksek teknolojiye yat\u0131r\u0131m yapan markalar sayesinde bug\u00fcn \u00fc\u00e7 boyut teknolojisi bulundu\u011fumuz her yerde var olmaya ba\u015flad\u0131.<br \/>\n\u00d6nce sinemada, o son derece basit bir taraf\u0131 mavi bir taraf\u0131 k\u0131rm\u0131z\u0131 g\u00f6zl\u00fcklerle ba\u015flayan teknoloji, \u015fimdilerde autostereoscope yani g\u00f6zl\u00fcks\u00fcz \u00e7al\u0131\u015fan billboard ve resim \u00e7er\u00e7evelerine kadar geni\u015fledi. Her ne kadar \u015fu anki autostereoscope teknolojisi sadece birka\u00e7 layer yay\u0131n veren bir monit\u00f6r olsa da, bu teknolojinin hem oyun, hem \u00e7al\u0131\u015fma hayat\u0131na katma de\u011fer kataca\u011f\u0131 atlanamaz bir ger\u00e7ek.<br \/>\n\u00c7al\u0131\u015fma hayat\u0131nda olu\u015fturaca\u011f\u0131 katma de\u011feri; internetten yedi\u011fi tokad\u0131 daha sonraki teknolojileri hemen kabullenerek kapatmaya \u00e7al\u0131\u015fan Alman gazetesi Bild\u2019de \u00e7ok net g\u00f6rebiliyoruz.<br \/>\nHer ne kadar Bild Genel Yay\u0131n Y\u00f6netmeninin ve T\u00fcrkiye\u2019de yazd\u0131\u011f\u0131 k\u00f6\u015fe yaz\u0131lar\u0131 y\u00fczk\u0131rk karaktere s\u0131\u011fd\u0131r\u0131lacak kadar bilgisiz sinema ele\u015ftirmenlerinin bildikleri ilk \u00fc\u00e7 boyutlu film Avatar olsa da; asl\u0131nda 1952 yap\u0131m\u0131 Bwana Devil ve arada yap\u0131lan y\u00fczlerce filmin bizi buraya getirdi\u011fini hepimiz biliyoruz. Bu nedenle pop\u00fcler d\u00fcnyan\u0131n bir par\u00e7as\u0131 olsa da olmasa da 3D ve devam\u0131nda hologram teknolojisini takip etmeye devam edece\u011fiz.<br \/>\nRed Bull _her ne kadar T\u00fcrkiye\u2019deki ileti\u015fimini hi\u00e7 be\u011fenmesem de_ \u00a0global anlamda adrenalin sporlar\u0131na verdi\u011fi destekle hatta yeni sporlar\u0131n olu\u015fmas\u0131 ile hepimizi son derece heyecanland\u0131rd\u0131. \u00d6zellikle Red Bull Air Race ve F1 Tak\u0131m\u0131 (F1 de T\u00fcrkiye\u2019de ileti\u015fimi \u00e7ok yanl\u0131\u015f yap\u0131lan organizasyonlardan biridir) gibi alanlarda \u00e7ok doyurucu bir i\u00e7eri\u011fin olu\u015fmas\u0131na sebep olmu\u015ftur. Bu aralar Red Bull Stratos projesi ile hepimizin dikkatini \u00e7ekmeyi ba\u015fard\u0131. U\u00e7mak ve h\u0131z benim \u00f6ncelikli zevklerim aras\u0131nda oldu\u011fundan, kabul etmek laz\u0131m ki; bu \u00e7ekimleri izlemekten bile \u00e7ok keyf al\u0131yorum. Bu konulara g\u00f6sterdi\u011fi ilgi i\u00e7in global anlamda markay\u0131 tebrik ediyorum.<br \/>\nBu ay i\u00e7inde geli\u015fen \u00f6nemli organizasyonlardan biri IFA idi. Ne yaz\u0131k ki bir sa\u011fl\u0131k problemi y\u00fcz\u00fcnden organizasyona kat\u0131lamad\u0131m. Ancak dergiden tek davetli ben olmad\u0131\u011f\u0131m i\u00e7in dosyam\u0131z geri kalmad\u0131.<br \/>\nBu arada Microsoft\u2019un Internet Explorer 9\u2019un lansman\u0131n\u0131 yapmas\u0131 da \u00f6nemli geli\u015fmelerden biriydi. Ben IE9\u2019un getirdi\u011fi bir yenili\u011fi ve arkas\u0131ndaki felsefeyi \u00e7ok \u00f6nemli buluyorum. IE9 ihtiyac\u0131 olan sistem kayna\u011f\u0131n\u0131 CPU\u2019dan de\u011fil GPU\u2019dan al\u0131yor. Bu nedenle de video render i\u015flemlerini \u00e7ok h\u0131zl\u0131 ger\u00e7ekle\u015ftirebiliyor. Bunun felsefik y\u00f6nden tek anlam\u0131 Microsoft\u2019un da t\u0131pk\u0131 Apple gibi HTML5\u2019i destekliyor olmas\u0131. Bu konuyla ilgili geli\u015fmeleri \u00f6n\u00fcm\u00fczdeki say\u0131larda, geni\u015f incelemelerle bulacaks\u0131n\u0131z.<br \/>\nSekt\u00f6r\u00fcn geli\u015fti\u011fini g\u00f6r\u00fcyor ve bundan mutluluk duyuyoruz. Bunun olmas\u0131 konusunda da elimizden gelen her t\u00fcrl\u00fc deste\u011fi vermek bize ayr\u0131ca gurur veriryor. Ancak gerek T\u00fcrkiye\u2019nin gerekse d\u00fcnyan\u0131n ya\u015fad\u0131\u011f\u0131 krizler bize g\u00f6sterdi ki; bir ili\u015fki tek tarafl\u0131 i\u015fliyorsa, bu iki taraf\u0131nda sonunu haz\u0131rlar. Tek tarafl\u0131 devam eden her\u015fey gibi bu ili\u015fki de bir yerinden zarar g\u00f6r\u00fcr. Bili\u015fim sekt\u00f6r\u00fcn\u00fcn bunu g\u00f6z ard\u0131 etmemesini ve s\u00f6zlerimi teknolojiye 30 y\u0131ld\u0131r g\u00f6n\u00fcl veren birinin, ba\u011f\u0131ms\u0131z \u00f6ng\u00f6r\u00fcs\u00fc olarak alg\u0131lanmas\u0131n\u0131 rica ediyorum.<br \/>\nNETle\u015fmek \u00fczere&#8230;<\/div>\n","protected":false},"excerpt":{"rendered":"<p>Bundan ben diyeyim yirmibe\u015f siz deyin otuz y\u0131l \u00f6nceydi. O zamanlar\u0131n gen\u00e7 adam\u0131, ben, G\u00f6rsel Bilim ve Teknik Ansiklopedisini kurcalamaya bay\u0131l\u0131rd\u0131m. Hatta yan\u0131lm\u0131yorsam bende bulunan ilk iki cildini art\u0131k ezberlemi\u015ftim. En \u00f6nemli konular\u0131ndan biri \u00fc\u00e7&#8230;<\/p>\n","protected":false},"author":2,"featured_media":0,"comment_status":"open","ping_status":"open","sticky":false,"template":"","format":"standard","meta":{"footnotes":""},"categories":[32],"tags":[57,180,241,374,528,621,687,701,702,710,1111],"class_list":["post-1018","post","type-post","status-publish","format-standard","hentry","category-t3","tag-3d","tag-avatar","tag-bild","tag-cpu","tag-f1","tag-gpu","tag-html5","tag-ie9","tag-ifa","tag-imax","tag-red-bull"],"yoast_head":"<!-- This site is optimized with the Yoast SEO plugin v26.8 - https:\/\/yoast.com\/product\/yoast-seo-wordpress\/ -->\n<title>T3 Ekim Say\u0131s\u0131 - At\u0131f \u00dcnald\u0131<\/title>\n<meta name=\"robots\" content=\"index, follow, max-snippet:-1, max-image-preview:large, max-video-preview:-1\" \/>\n<link rel=\"canonical\" href=\"http:\/\/atif.unaldi.org\/blog\/2010\/10\/02\/t3-ekim-sayisi\/\" \/>\n<meta property=\"og:locale\" content=\"tr_TR\" \/>\n<meta property=\"og:type\" content=\"article\" \/>\n<meta property=\"og:title\" content=\"T3 Ekim Say\u0131s\u0131 - At\u0131f \u00dcnald\u0131\" \/>\n<meta property=\"og:description\" content=\"Bundan ben diyeyim yirmibe\u015f siz deyin otuz y\u0131l \u00f6nceydi. O zamanlar\u0131n gen\u00e7 adam\u0131, ben, G\u00f6rsel Bilim ve Teknik Ansiklopedisini kurcalamaya bay\u0131l\u0131rd\u0131m. Hatta yan\u0131lm\u0131yorsam bende bulunan ilk iki cildini art\u0131k ezberlemi\u015ftim. En \u00f6nemli konular\u0131ndan biri \u00fc\u00e7...\" \/>\n<meta property=\"og:url\" content=\"http:\/\/atif.unaldi.org\/blog\/2010\/10\/02\/t3-ekim-sayisi\/\" \/>\n<meta property=\"og:site_name\" content=\"At\u0131f \u00dcnald\u0131\" \/>\n<meta property=\"article:publisher\" content=\"https:\/\/www.facebook.com\/atifunaldi\" \/>\n<meta property=\"article:author\" content=\"https:\/\/www.facebook.com\/atifunaldi\" \/>\n<meta property=\"article:published_time\" content=\"2010-10-02T10:48:22+00:00\" \/>\n<meta name=\"author\" content=\"Atif Unaldi\" \/>\n<meta name=\"twitter:card\" content=\"summary_large_image\" \/>\n<meta name=\"twitter:creator\" content=\"@https:\/\/twitter.com\/atifunaldi\" \/>\n<meta name=\"twitter:site\" content=\"@atifunaldi\" \/>\n<meta name=\"twitter:label1\" content=\"Yazan:\" \/>\n\t<meta name=\"twitter:data1\" content=\"Atif Unaldi\" \/>\n\t<meta name=\"twitter:label2\" content=\"Tahmini okuma s\u00fcresi\" \/>\n\t<meta name=\"twitter:data2\" content=\"3 dakika\" \/>\n<script type=\"application\/ld+json\" class=\"yoast-schema-graph\">{\"@context\":\"https:\/\/schema.org\",\"@graph\":[{\"@type\":\"Article\",\"@id\":\"http:\/\/atif.unaldi.org\/blog\/2010\/10\/02\/t3-ekim-sayisi\/#article\",\"isPartOf\":{\"@id\":\"http:\/\/atif.unaldi.org\/blog\/2010\/10\/02\/t3-ekim-sayisi\/\"},\"author\":{\"name\":\"Atif Unaldi\",\"@id\":\"http:\/\/atif.unaldi.org\/blog\/#\/schema\/person\/608ed42ecbda2bc5cfdb767ac1db479b\"},\"headline\":\"T3 Ekim Say\u0131s\u0131\",\"datePublished\":\"2010-10-02T10:48:22+00:00\",\"mainEntityOfPage\":{\"@id\":\"http:\/\/atif.unaldi.org\/blog\/2010\/10\/02\/t3-ekim-sayisi\/\"},\"wordCount\":684,\"commentCount\":0,\"publisher\":{\"@id\":\"http:\/\/atif.unaldi.org\/blog\/#\/schema\/person\/608ed42ecbda2bc5cfdb767ac1db479b\"},\"keywords\":[\"3d\",\"Avatar\",\"bild\",\"CPU\",\"F1\",\"GPU\",\"HTML5\",\"IE9\",\"IFA\",\"IMAX\",\"red bull\"],\"articleSection\":[\"- T3\"],\"inLanguage\":\"tr\",\"potentialAction\":[{\"@type\":\"CommentAction\",\"name\":\"Comment\",\"target\":[\"http:\/\/atif.unaldi.org\/blog\/2010\/10\/02\/t3-ekim-sayisi\/#respond\"]}]},{\"@type\":\"WebPage\",\"@id\":\"http:\/\/atif.unaldi.org\/blog\/2010\/10\/02\/t3-ekim-sayisi\/\",\"url\":\"http:\/\/atif.unaldi.org\/blog\/2010\/10\/02\/t3-ekim-sayisi\/\",\"name\":\"T3 Ekim Say\u0131s\u0131 - At\u0131f \u00dcnald\u0131\",\"isPartOf\":{\"@id\":\"http:\/\/atif.unaldi.org\/blog\/#website\"},\"datePublished\":\"2010-10-02T10:48:22+00:00\",\"breadcrumb\":{\"@id\":\"http:\/\/atif.unaldi.org\/blog\/2010\/10\/02\/t3-ekim-sayisi\/#breadcrumb\"},\"inLanguage\":\"tr\",\"potentialAction\":[{\"@type\":\"ReadAction\",\"target\":[\"http:\/\/atif.unaldi.org\/blog\/2010\/10\/02\/t3-ekim-sayisi\/\"]}]},{\"@type\":\"BreadcrumbList\",\"@id\":\"http:\/\/atif.unaldi.org\/blog\/2010\/10\/02\/t3-ekim-sayisi\/#breadcrumb\",\"itemListElement\":[{\"@type\":\"ListItem\",\"position\":1,\"name\":\"Anasayfa\",\"item\":\"http:\/\/atif.unaldi.org\/blog\/\"},{\"@type\":\"ListItem\",\"position\":2,\"name\":\"T3 Ekim Say\u0131s\u0131\"}]},{\"@type\":\"WebSite\",\"@id\":\"http:\/\/atif.unaldi.org\/blog\/#website\",\"url\":\"http:\/\/atif.unaldi.org\/blog\/\",\"name\":\"At\u0131f \u00dcnald\u0131\",\"description\":\"Yazar\",\"publisher\":{\"@id\":\"http:\/\/atif.unaldi.org\/blog\/#\/schema\/person\/608ed42ecbda2bc5cfdb767ac1db479b\"},\"alternateName\":\"At\u0131f \u00dcnald\u0131 Blog\",\"potentialAction\":[{\"@type\":\"SearchAction\",\"target\":{\"@type\":\"EntryPoint\",\"urlTemplate\":\"http:\/\/atif.unaldi.org\/blog\/?s={search_term_string}\"},\"query-input\":{\"@type\":\"PropertyValueSpecification\",\"valueRequired\":true,\"valueName\":\"search_term_string\"}}],\"inLanguage\":\"tr\"},{\"@type\":[\"Person\",\"Organization\"],\"@id\":\"http:\/\/atif.unaldi.org\/blog\/#\/schema\/person\/608ed42ecbda2bc5cfdb767ac1db479b\",\"name\":\"Atif Unaldi\",\"image\":{\"@type\":\"ImageObject\",\"inLanguage\":\"tr\",\"@id\":\"http:\/\/atif.unaldi.org\/blog\/#\/schema\/person\/image\/\",\"url\":\"http:\/\/atif.unaldi.org\/blog\/wp-content\/uploads\/2022\/10\/cropped-a94e8f7a-67c4-4d65-8a5f-032ba784be53-2.jpg\",\"contentUrl\":\"http:\/\/atif.unaldi.org\/blog\/wp-content\/uploads\/2022\/10\/cropped-a94e8f7a-67c4-4d65-8a5f-032ba784be53-2.jpg\",\"width\":512,\"height\":512,\"caption\":\"Atif Unaldi\"},\"logo\":{\"@id\":\"http:\/\/atif.unaldi.org\/blog\/#\/schema\/person\/image\/\"},\"description\":\"Bo\u011fazi\u00e7i \u00dcniversitesinde Fizik B\u00f6l\u00fcm\u00fc\u2019nde e\u011fitim ald\u0131\u011f\u0131 y\u0131llarda T\u00fcrkiye\u2019de ilk kez iki bilgisayar\u0131 telefon hatlar\u0131 \u00fczerinden konu\u015fturan BBS sistemini kurarak, T\u00fcrkiye\u2019deki ilk internet a\u011f\u0131n\u0131 olu\u015fturmu\u015ftur. Bir \u00e7ok radyo ve televizyonda program yap\u0131mc\u0131l\u0131\u011f\u0131 ve sunuculu\u011funu, bir \u00e7ok teknoloji dergisinde k\u00f6\u015fe yazarl\u0131\u011f\u0131, bili\u015fim edit\u00f6rl\u00fc\u011f\u00fc ve genel yay\u0131n y\u00f6netmenli\u011fi yapt\u0131. T\u00fcrkiye\u2019deki ilk internet servis sa\u011flay\u0131c\u0131s\u0131n\u0131n genel m\u00fcd\u00fcrl\u00fc\u011f\u00fcn\u00fc \u00fcstlendi. Bir \u00e7ok organizasyon ve kurulu\u015fta internet s\u00fcperviz\u00f6rl\u00fc\u011f\u00fc , webmaster\u2019l\u0131\u011f\u0131 , IT direkt\u00f6rl\u00fc\u011f\u00fc ve dijital projeler koordinat\u00f6rl\u00fc\u011f\u00fc g\u00f6revlerinde bulundu. Farkl\u0131 \u00fcniversitelerin farkl\u0131 fak\u00fcltelerinde \u00f6\u011fretim g\u00f6revlisi olarak bulunmu\u015f olan \u00dcnald\u0131; \u015fu an teknoloji ve pazarlama konular\u0131 ba\u015fta olmak \u00fczere bir\u00e7ok alanda hizmet veren Unaldi Consultancy\u2019nin kurucusudur. \\u2028Selin \u00dcnald\u0131 ile evlidir. Su ve Toprak isminde iki \u00e7ocu\u011fu vard\u0131r.\",\"sameAs\":[\"http:\/\/atif.unaldi.org\/blog\",\"https:\/\/www.facebook.com\/atifunaldi\",\"https:\/\/www.instagram.com\/atifunaldi\/\",\"https:\/\/www.linkedin.com\/in\/atifunaldi\",\"https:\/\/x.com\/https:\/\/twitter.com\/atifunaldi\",\"https:\/\/www.youtube.com\/c\/atifunaldi\",\"https:\/\/soundcloud.com\/atif-unaldi\",\"https:\/\/atifunaldi.tumblr.com\"],\"url\":\"http:\/\/atif.unaldi.org\/blog\/author\/atifunaldi\/\"}]}<\/script>\n<!-- \/ Yoast SEO plugin. -->","yoast_head_json":{"title":"T3 Ekim Say\u0131s\u0131 - At\u0131f \u00dcnald\u0131","robots":{"index":"index","follow":"follow","max-snippet":"max-snippet:-1","max-image-preview":"max-image-preview:large","max-video-preview":"max-video-preview:-1"},"canonical":"http:\/\/atif.unaldi.org\/blog\/2010\/10\/02\/t3-ekim-sayisi\/","og_locale":"tr_TR","og_type":"article","og_title":"T3 Ekim Say\u0131s\u0131 - At\u0131f \u00dcnald\u0131","og_description":"Bundan ben diyeyim yirmibe\u015f siz deyin otuz y\u0131l \u00f6nceydi. O zamanlar\u0131n gen\u00e7 adam\u0131, ben, G\u00f6rsel Bilim ve Teknik Ansiklopedisini kurcalamaya bay\u0131l\u0131rd\u0131m. Hatta yan\u0131lm\u0131yorsam bende bulunan ilk iki cildini art\u0131k ezberlemi\u015ftim. En \u00f6nemli konular\u0131ndan biri \u00fc\u00e7...","og_url":"http:\/\/atif.unaldi.org\/blog\/2010\/10\/02\/t3-ekim-sayisi\/","og_site_name":"At\u0131f \u00dcnald\u0131","article_publisher":"https:\/\/www.facebook.com\/atifunaldi","article_author":"https:\/\/www.facebook.com\/atifunaldi","article_published_time":"2010-10-02T10:48:22+00:00","author":"Atif Unaldi","twitter_card":"summary_large_image","twitter_creator":"@https:\/\/twitter.com\/atifunaldi","twitter_site":"@atifunaldi","twitter_misc":{"Yazan:":"Atif Unaldi","Tahmini okuma s\u00fcresi":"3 dakika"},"schema":{"@context":"https:\/\/schema.org","@graph":[{"@type":"Article","@id":"http:\/\/atif.unaldi.org\/blog\/2010\/10\/02\/t3-ekim-sayisi\/#article","isPartOf":{"@id":"http:\/\/atif.unaldi.org\/blog\/2010\/10\/02\/t3-ekim-sayisi\/"},"author":{"name":"Atif Unaldi","@id":"http:\/\/atif.unaldi.org\/blog\/#\/schema\/person\/608ed42ecbda2bc5cfdb767ac1db479b"},"headline":"T3 Ekim Say\u0131s\u0131","datePublished":"2010-10-02T10:48:22+00:00","mainEntityOfPage":{"@id":"http:\/\/atif.unaldi.org\/blog\/2010\/10\/02\/t3-ekim-sayisi\/"},"wordCount":684,"commentCount":0,"publisher":{"@id":"http:\/\/atif.unaldi.org\/blog\/#\/schema\/person\/608ed42ecbda2bc5cfdb767ac1db479b"},"keywords":["3d","Avatar","bild","CPU","F1","GPU","HTML5","IE9","IFA","IMAX","red bull"],"articleSection":["- T3"],"inLanguage":"tr","potentialAction":[{"@type":"CommentAction","name":"Comment","target":["http:\/\/atif.unaldi.org\/blog\/2010\/10\/02\/t3-ekim-sayisi\/#respond"]}]},{"@type":"WebPage","@id":"http:\/\/atif.unaldi.org\/blog\/2010\/10\/02\/t3-ekim-sayisi\/","url":"http:\/\/atif.unaldi.org\/blog\/2010\/10\/02\/t3-ekim-sayisi\/","name":"T3 Ekim Say\u0131s\u0131 - At\u0131f \u00dcnald\u0131","isPartOf":{"@id":"http:\/\/atif.unaldi.org\/blog\/#website"},"datePublished":"2010-10-02T10:48:22+00:00","breadcrumb":{"@id":"http:\/\/atif.unaldi.org\/blog\/2010\/10\/02\/t3-ekim-sayisi\/#breadcrumb"},"inLanguage":"tr","potentialAction":[{"@type":"ReadAction","target":["http:\/\/atif.unaldi.org\/blog\/2010\/10\/02\/t3-ekim-sayisi\/"]}]},{"@type":"BreadcrumbList","@id":"http:\/\/atif.unaldi.org\/blog\/2010\/10\/02\/t3-ekim-sayisi\/#breadcrumb","itemListElement":[{"@type":"ListItem","position":1,"name":"Anasayfa","item":"http:\/\/atif.unaldi.org\/blog\/"},{"@type":"ListItem","position":2,"name":"T3 Ekim Say\u0131s\u0131"}]},{"@type":"WebSite","@id":"http:\/\/atif.unaldi.org\/blog\/#website","url":"http:\/\/atif.unaldi.org\/blog\/","name":"At\u0131f \u00dcnald\u0131","description":"Yazar","publisher":{"@id":"http:\/\/atif.unaldi.org\/blog\/#\/schema\/person\/608ed42ecbda2bc5cfdb767ac1db479b"},"alternateName":"At\u0131f \u00dcnald\u0131 Blog","potentialAction":[{"@type":"SearchAction","target":{"@type":"EntryPoint","urlTemplate":"http:\/\/atif.unaldi.org\/blog\/?s={search_term_string}"},"query-input":{"@type":"PropertyValueSpecification","valueRequired":true,"valueName":"search_term_string"}}],"inLanguage":"tr"},{"@type":["Person","Organization"],"@id":"http:\/\/atif.unaldi.org\/blog\/#\/schema\/person\/608ed42ecbda2bc5cfdb767ac1db479b","name":"Atif Unaldi","image":{"@type":"ImageObject","inLanguage":"tr","@id":"http:\/\/atif.unaldi.org\/blog\/#\/schema\/person\/image\/","url":"http:\/\/atif.unaldi.org\/blog\/wp-content\/uploads\/2022\/10\/cropped-a94e8f7a-67c4-4d65-8a5f-032ba784be53-2.jpg","contentUrl":"http:\/\/atif.unaldi.org\/blog\/wp-content\/uploads\/2022\/10\/cropped-a94e8f7a-67c4-4d65-8a5f-032ba784be53-2.jpg","width":512,"height":512,"caption":"Atif Unaldi"},"logo":{"@id":"http:\/\/atif.unaldi.org\/blog\/#\/schema\/person\/image\/"},"description":"Bo\u011fazi\u00e7i \u00dcniversitesinde Fizik B\u00f6l\u00fcm\u00fc\u2019nde e\u011fitim ald\u0131\u011f\u0131 y\u0131llarda T\u00fcrkiye\u2019de ilk kez iki bilgisayar\u0131 telefon hatlar\u0131 \u00fczerinden konu\u015fturan BBS sistemini kurarak, T\u00fcrkiye\u2019deki ilk internet a\u011f\u0131n\u0131 olu\u015fturmu\u015ftur. Bir \u00e7ok radyo ve televizyonda program yap\u0131mc\u0131l\u0131\u011f\u0131 ve sunuculu\u011funu, bir \u00e7ok teknoloji dergisinde k\u00f6\u015fe yazarl\u0131\u011f\u0131, bili\u015fim edit\u00f6rl\u00fc\u011f\u00fc ve genel yay\u0131n y\u00f6netmenli\u011fi yapt\u0131. T\u00fcrkiye\u2019deki ilk internet servis sa\u011flay\u0131c\u0131s\u0131n\u0131n genel m\u00fcd\u00fcrl\u00fc\u011f\u00fcn\u00fc \u00fcstlendi. Bir \u00e7ok organizasyon ve kurulu\u015fta internet s\u00fcperviz\u00f6rl\u00fc\u011f\u00fc , webmaster\u2019l\u0131\u011f\u0131 , IT direkt\u00f6rl\u00fc\u011f\u00fc ve dijital projeler koordinat\u00f6rl\u00fc\u011f\u00fc g\u00f6revlerinde bulundu. Farkl\u0131 \u00fcniversitelerin farkl\u0131 fak\u00fcltelerinde \u00f6\u011fretim g\u00f6revlisi olarak bulunmu\u015f olan \u00dcnald\u0131; \u015fu an teknoloji ve pazarlama konular\u0131 ba\u015fta olmak \u00fczere bir\u00e7ok alanda hizmet veren Unaldi Consultancy\u2019nin kurucusudur. \u2028Selin \u00dcnald\u0131 ile evlidir. Su ve Toprak isminde iki \u00e7ocu\u011fu vard\u0131r.","sameAs":["http:\/\/atif.unaldi.org\/blog","https:\/\/www.facebook.com\/atifunaldi","https:\/\/www.instagram.com\/atifunaldi\/","https:\/\/www.linkedin.com\/in\/atifunaldi","https:\/\/x.com\/https:\/\/twitter.com\/atifunaldi","https:\/\/www.youtube.com\/c\/atifunaldi","https:\/\/soundcloud.com\/atif-unaldi","https:\/\/atifunaldi.tumblr.com"],"url":"http:\/\/atif.unaldi.org\/blog\/author\/atifunaldi\/"}]}},"jetpack_featured_media_url":"","_links":{"self":[{"href":"http:\/\/atif.unaldi.org\/blog\/wp-json\/wp\/v2\/posts\/1018","targetHints":{"allow":["GET"]}}],"collection":[{"href":"http:\/\/atif.unaldi.org\/blog\/wp-json\/wp\/v2\/posts"}],"about":[{"href":"http:\/\/atif.unaldi.org\/blog\/wp-json\/wp\/v2\/types\/post"}],"author":[{"embeddable":true,"href":"http:\/\/atif.unaldi.org\/blog\/wp-json\/wp\/v2\/users\/2"}],"replies":[{"embeddable":true,"href":"http:\/\/atif.unaldi.org\/blog\/wp-json\/wp\/v2\/comments?post=1018"}],"version-history":[{"count":0,"href":"http:\/\/atif.unaldi.org\/blog\/wp-json\/wp\/v2\/posts\/1018\/revisions"}],"wp:attachment":[{"href":"http:\/\/atif.unaldi.org\/blog\/wp-json\/wp\/v2\/media?parent=1018"}],"wp:term":[{"taxonomy":"category","embeddable":true,"href":"http:\/\/atif.unaldi.org\/blog\/wp-json\/wp\/v2\/categories?post=1018"},{"taxonomy":"post_tag","embeddable":true,"href":"http:\/\/atif.unaldi.org\/blog\/wp-json\/wp\/v2\/tags?post=1018"}],"curies":[{"name":"wp","href":"https:\/\/api.w.org\/{rel}","templated":true}]}}