{"id":1021,"date":"2010-10-06T07:29:19","date_gmt":"2010-10-06T07:29:19","guid":{"rendered":"http:\/\/atifunaldi.info\/?p=1021"},"modified":"2010-10-06T07:29:19","modified_gmt":"2010-10-06T07:29:19","slug":"yakin-gelecekte-hayatimizda-ne-degisecek","status":"publish","type":"post","link":"http:\/\/atif.unaldi.org\/blog\/2010\/10\/06\/yakin-gelecekte-hayatimizda-ne-degisecek\/","title":{"rendered":"Yak\u0131n Gelecekte Hayat\u0131m\u0131zda Ne De\u011fi\u015fecek?"},"content":{"rendered":"<div>\n<p id=\"internal-source-marker_0.2402738155797124\">Vatanda\u015flar\u0131n s\u00f6z hakk\u0131 art\u0131yor<\/p>\n<p>Ba\u015fta belediyeler olmak \u00fczere \u00e7e\u015fitli kamu kurumlar\u0131n\u0131n kullanabilece\u011fi, iPad ve iPhone gibi mobil cihazlar \u00fczerinden kullan\u0131lacak uygulamalar ile vatanda\u015flar, ya\u015fad\u0131klar\u0131 \u015fehrin y\u00f6netimine kat\u0131labilecek, kamu hizmetlerini kontrol edebilecekler. \u00d6rne\u011fin iPhone\u2019da yer alacak bir uygulamay\u0131 \u00e7al\u0131\u015ft\u0131rarak, vatanda\u015f g\u00f6rd\u00fc\u011f\u00fc bir \u00e7ukurun, toplanmayan bir \u00e7\u00f6p\u00fcn, resmini \u00e7ekip belediyenin sistemine bunu bir sorun ve talep olarak an\u0131nda iletebilecek.<\/p>\n<p><!--more-->iPad ile seyahat f\u0131rsatlar\u0131 art\u0131yor<br \/>\nSeyahat acenteleri, havayolu \u015firketleri, bankalar, mobil uygulamalar\u0131 kullanarak t\u00fcketicilere, farkl\u0131 hizmet ve f\u0131rsatlar sunabilecekler. \u00d6rne\u011fin, t\u00fcketiciler, iPad \u00fczerinde olu\u015fturulacak kampanya sistemleriyle, sadece bir harita g\u00f6rseli \u00fczerinden mil puanlar\u0131na g\u00f6re hangi \u00fclkeye, hangi u\u00e7u\u015flarla gidebileceklerini takip edebilecekler. Mobil telefonu ile bir ma\u011fazadaki elbisenin stok bilgilerini takip edebilecekler, istedikleri \u00fcr\u00fcn\u00fcn nerede oldu\u011funu \u00f6\u011frenebilecekler.<br \/>\nTrafik kazalar\u0131 daha h\u0131zl\u0131 raporlanabilecek<br \/>\nMobil telefonlar \u00fczerinde \u00e7al\u0131\u015facak bir uygulama ile trafik kazas\u0131 sonras\u0131nda, araba sahipleri haz\u0131r ara y\u00fczlerle \u00e7ok h\u0131zl\u0131 bir \u015fekilde kazan\u0131n olu\u015f \u015feklini, kaza detaylar\u0131n\u0131, kasko taleplerini sigorta \u015firketinin sistemine aktarabilecekler. Daha h\u0131zl\u0131 hasar \u00f6demesi alabilecekler.<br \/>\niPad ile Facebook \u00fczerinden CRM<br \/>\nMilyonlarca ki\u015fi taraf\u0131ndan kullan\u0131lan sosyal payla\u015f\u0131m sitelerinde, \u015firketlerin \u00fcr\u00fcn ve hizmetleriyle ilgili payla\u015f\u0131mlar\u0131n\u0131n takip edilebilmesi, sosyal medyadaki en b\u00fcy\u00fck sorunu olu\u015fturuyor.<br \/>\n\u015eirketlerin klasik ili\u015fki y\u00f6netiminden, sosyal a\u011f temelli ili\u015fki y\u00f6netimine ge\u00e7ebilmeleri i\u00e7in geli\u015ftirilen SAP\u2019nin yeni CRM \u00e7\u00f6z\u00fcm\u00fc de, mobil uygulamalarla \u015firket ve t\u00fcketicilere \u00f6nemli kolayl\u0131klar getirecek. SAP CRM \u00e7\u00f6z\u00fcm\u00fc; sosyal medya siteleri \u00fczerinden interneti daha etkile\u015fimli kullanabilmeyi, kullan\u0131c\u0131lar\u0131 firman\u0131n promosyonunu yapan temsilcilere d\u00f6n\u00fc\u015ft\u00fcrebilmeyi ve m\u00fc\u015fterilerle anlaml\u0131 ili\u015fkiler kurabilmeyi sa\u011flayacak.<\/p>\n<\/div>\n","protected":false},"excerpt":{"rendered":"<p>Vatanda\u015flar\u0131n s\u00f6z hakk\u0131 art\u0131yor Ba\u015fta belediyeler olmak \u00fczere \u00e7e\u015fitli kamu kurumlar\u0131n\u0131n kullanabilece\u011fi, iPad ve iPhone gibi mobil cihazlar \u00fczerinden kullan\u0131lacak uygulamalar ile vatanda\u015flar, ya\u015fad\u0131klar\u0131 \u015fehrin y\u00f6netimine kat\u0131labilecek, kamu hizmetlerini kontrol edebilecekler. \u00d6rne\u011fin iPhone\u2019da yer alacak&#8230;<\/p>\n","protected":false},"author":2,"featured_media":0,"comment_status":"open","ping_status":"open","sticky":false,"template":"","format":"standard","meta":{"footnotes":""},"categories":[3],"tags":[],"class_list":["post-1021","post","type-post","status-publish","format-standard","hentry","category-blogum"],"yoast_head":"<!-- This site is optimized with the Yoast SEO plugin v26.8 - https:\/\/yoast.com\/product\/yoast-seo-wordpress\/ -->\n<title>Yak\u0131n Gelecekte Hayat\u0131m\u0131zda Ne De\u011fi\u015fecek? - At\u0131f \u00dcnald\u0131<\/title>\n<meta name=\"robots\" content=\"index, follow, max-snippet:-1, max-image-preview:large, max-video-preview:-1\" \/>\n<link rel=\"canonical\" href=\"http:\/\/atif.unaldi.org\/blog\/2010\/10\/06\/yakin-gelecekte-hayatimizda-ne-degisecek\/\" \/>\n<meta property=\"og:locale\" content=\"tr_TR\" \/>\n<meta property=\"og:type\" content=\"article\" \/>\n<meta property=\"og:title\" content=\"Yak\u0131n Gelecekte Hayat\u0131m\u0131zda Ne De\u011fi\u015fecek? - At\u0131f \u00dcnald\u0131\" \/>\n<meta property=\"og:description\" content=\"Vatanda\u015flar\u0131n s\u00f6z hakk\u0131 art\u0131yor Ba\u015fta belediyeler olmak \u00fczere \u00e7e\u015fitli kamu kurumlar\u0131n\u0131n kullanabilece\u011fi, iPad ve iPhone gibi mobil cihazlar \u00fczerinden kullan\u0131lacak uygulamalar ile vatanda\u015flar, ya\u015fad\u0131klar\u0131 \u015fehrin y\u00f6netimine kat\u0131labilecek, kamu hizmetlerini kontrol edebilecekler. \u00d6rne\u011fin iPhone\u2019da yer alacak...\" \/>\n<meta property=\"og:url\" content=\"http:\/\/atif.unaldi.org\/blog\/2010\/10\/06\/yakin-gelecekte-hayatimizda-ne-degisecek\/\" \/>\n<meta property=\"og:site_name\" content=\"At\u0131f \u00dcnald\u0131\" \/>\n<meta property=\"article:publisher\" content=\"https:\/\/www.facebook.com\/atifunaldi\" \/>\n<meta property=\"article:author\" content=\"https:\/\/www.facebook.com\/atifunaldi\" \/>\n<meta property=\"article:published_time\" content=\"2010-10-06T07:29:19+00:00\" \/>\n<meta name=\"author\" content=\"Atif Unaldi\" \/>\n<meta name=\"twitter:card\" content=\"summary_large_image\" \/>\n<meta name=\"twitter:creator\" content=\"@https:\/\/twitter.com\/atifunaldi\" \/>\n<meta name=\"twitter:site\" content=\"@atifunaldi\" \/>\n<meta name=\"twitter:label1\" content=\"Yazan:\" \/>\n\t<meta name=\"twitter:data1\" content=\"Atif Unaldi\" \/>\n\t<meta name=\"twitter:label2\" content=\"Tahmini okuma s\u00fcresi\" \/>\n\t<meta name=\"twitter:data2\" content=\"2 dakika\" \/>\n<script type=\"application\/ld+json\" class=\"yoast-schema-graph\">{\"@context\":\"https:\/\/schema.org\",\"@graph\":[{\"@type\":\"Article\",\"@id\":\"http:\/\/atif.unaldi.org\/blog\/2010\/10\/06\/yakin-gelecekte-hayatimizda-ne-degisecek\/#article\",\"isPartOf\":{\"@id\":\"http:\/\/atif.unaldi.org\/blog\/2010\/10\/06\/yakin-gelecekte-hayatimizda-ne-degisecek\/\"},\"author\":{\"name\":\"Atif Unaldi\",\"@id\":\"http:\/\/atif.unaldi.org\/blog\/#\/schema\/person\/608ed42ecbda2bc5cfdb767ac1db479b\"},\"headline\":\"Yak\u0131n Gelecekte Hayat\u0131m\u0131zda Ne De\u011fi\u015fecek?\",\"datePublished\":\"2010-10-06T07:29:19+00:00\",\"mainEntityOfPage\":{\"@id\":\"http:\/\/atif.unaldi.org\/blog\/2010\/10\/06\/yakin-gelecekte-hayatimizda-ne-degisecek\/\"},\"wordCount\":317,\"commentCount\":0,\"publisher\":{\"@id\":\"http:\/\/atif.unaldi.org\/blog\/#\/schema\/person\/608ed42ecbda2bc5cfdb767ac1db479b\"},\"articleSection\":[\"Blogum\"],\"inLanguage\":\"tr\",\"potentialAction\":[{\"@type\":\"CommentAction\",\"name\":\"Comment\",\"target\":[\"http:\/\/atif.unaldi.org\/blog\/2010\/10\/06\/yakin-gelecekte-hayatimizda-ne-degisecek\/#respond\"]}]},{\"@type\":\"WebPage\",\"@id\":\"http:\/\/atif.unaldi.org\/blog\/2010\/10\/06\/yakin-gelecekte-hayatimizda-ne-degisecek\/\",\"url\":\"http:\/\/atif.unaldi.org\/blog\/2010\/10\/06\/yakin-gelecekte-hayatimizda-ne-degisecek\/\",\"name\":\"Yak\u0131n Gelecekte Hayat\u0131m\u0131zda Ne De\u011fi\u015fecek? - At\u0131f \u00dcnald\u0131\",\"isPartOf\":{\"@id\":\"http:\/\/atif.unaldi.org\/blog\/#website\"},\"datePublished\":\"2010-10-06T07:29:19+00:00\",\"breadcrumb\":{\"@id\":\"http:\/\/atif.unaldi.org\/blog\/2010\/10\/06\/yakin-gelecekte-hayatimizda-ne-degisecek\/#breadcrumb\"},\"inLanguage\":\"tr\",\"potentialAction\":[{\"@type\":\"ReadAction\",\"target\":[\"http:\/\/atif.unaldi.org\/blog\/2010\/10\/06\/yakin-gelecekte-hayatimizda-ne-degisecek\/\"]}]},{\"@type\":\"BreadcrumbList\",\"@id\":\"http:\/\/atif.unaldi.org\/blog\/2010\/10\/06\/yakin-gelecekte-hayatimizda-ne-degisecek\/#breadcrumb\",\"itemListElement\":[{\"@type\":\"ListItem\",\"position\":1,\"name\":\"Anasayfa\",\"item\":\"http:\/\/atif.unaldi.org\/blog\/\"},{\"@type\":\"ListItem\",\"position\":2,\"name\":\"Yak\u0131n Gelecekte Hayat\u0131m\u0131zda Ne De\u011fi\u015fecek?\"}]},{\"@type\":\"WebSite\",\"@id\":\"http:\/\/atif.unaldi.org\/blog\/#website\",\"url\":\"http:\/\/atif.unaldi.org\/blog\/\",\"name\":\"At\u0131f \u00dcnald\u0131\",\"description\":\"Yazar\",\"publisher\":{\"@id\":\"http:\/\/atif.unaldi.org\/blog\/#\/schema\/person\/608ed42ecbda2bc5cfdb767ac1db479b\"},\"alternateName\":\"At\u0131f \u00dcnald\u0131 Blog\",\"potentialAction\":[{\"@type\":\"SearchAction\",\"target\":{\"@type\":\"EntryPoint\",\"urlTemplate\":\"http:\/\/atif.unaldi.org\/blog\/?s={search_term_string}\"},\"query-input\":{\"@type\":\"PropertyValueSpecification\",\"valueRequired\":true,\"valueName\":\"search_term_string\"}}],\"inLanguage\":\"tr\"},{\"@type\":[\"Person\",\"Organization\"],\"@id\":\"http:\/\/atif.unaldi.org\/blog\/#\/schema\/person\/608ed42ecbda2bc5cfdb767ac1db479b\",\"name\":\"Atif Unaldi\",\"image\":{\"@type\":\"ImageObject\",\"inLanguage\":\"tr\",\"@id\":\"http:\/\/atif.unaldi.org\/blog\/#\/schema\/person\/image\/\",\"url\":\"http:\/\/atif.unaldi.org\/blog\/wp-content\/uploads\/2022\/10\/cropped-a94e8f7a-67c4-4d65-8a5f-032ba784be53-2.jpg\",\"contentUrl\":\"http:\/\/atif.unaldi.org\/blog\/wp-content\/uploads\/2022\/10\/cropped-a94e8f7a-67c4-4d65-8a5f-032ba784be53-2.jpg\",\"width\":512,\"height\":512,\"caption\":\"Atif Unaldi\"},\"logo\":{\"@id\":\"http:\/\/atif.unaldi.org\/blog\/#\/schema\/person\/image\/\"},\"description\":\"Bo\u011fazi\u00e7i \u00dcniversitesinde Fizik B\u00f6l\u00fcm\u00fc\u2019nde e\u011fitim ald\u0131\u011f\u0131 y\u0131llarda T\u00fcrkiye\u2019de ilk kez iki bilgisayar\u0131 telefon hatlar\u0131 \u00fczerinden konu\u015fturan BBS sistemini kurarak, T\u00fcrkiye\u2019deki ilk internet a\u011f\u0131n\u0131 olu\u015fturmu\u015ftur. Bir \u00e7ok radyo ve televizyonda program yap\u0131mc\u0131l\u0131\u011f\u0131 ve sunuculu\u011funu, bir \u00e7ok teknoloji dergisinde k\u00f6\u015fe yazarl\u0131\u011f\u0131, bili\u015fim edit\u00f6rl\u00fc\u011f\u00fc ve genel yay\u0131n y\u00f6netmenli\u011fi yapt\u0131. T\u00fcrkiye\u2019deki ilk internet servis sa\u011flay\u0131c\u0131s\u0131n\u0131n genel m\u00fcd\u00fcrl\u00fc\u011f\u00fcn\u00fc \u00fcstlendi. Bir \u00e7ok organizasyon ve kurulu\u015fta internet s\u00fcperviz\u00f6rl\u00fc\u011f\u00fc , webmaster\u2019l\u0131\u011f\u0131 , IT direkt\u00f6rl\u00fc\u011f\u00fc ve dijital projeler koordinat\u00f6rl\u00fc\u011f\u00fc g\u00f6revlerinde bulundu. Farkl\u0131 \u00fcniversitelerin farkl\u0131 fak\u00fcltelerinde \u00f6\u011fretim g\u00f6revlisi olarak bulunmu\u015f olan \u00dcnald\u0131; \u015fu an teknoloji ve pazarlama konular\u0131 ba\u015fta olmak \u00fczere bir\u00e7ok alanda hizmet veren Unaldi Consultancy\u2019nin kurucusudur. \\u2028Selin \u00dcnald\u0131 ile evlidir. Su ve Toprak isminde iki \u00e7ocu\u011fu vard\u0131r.\",\"sameAs\":[\"http:\/\/atif.unaldi.org\/blog\",\"https:\/\/www.facebook.com\/atifunaldi\",\"https:\/\/www.instagram.com\/atifunaldi\/\",\"https:\/\/www.linkedin.com\/in\/atifunaldi\",\"https:\/\/x.com\/https:\/\/twitter.com\/atifunaldi\",\"https:\/\/www.youtube.com\/c\/atifunaldi\",\"https:\/\/soundcloud.com\/atif-unaldi\",\"https:\/\/atifunaldi.tumblr.com\"],\"url\":\"http:\/\/atif.unaldi.org\/blog\/author\/atifunaldi\/\"}]}<\/script>\n<!-- \/ Yoast SEO plugin. -->","yoast_head_json":{"title":"Yak\u0131n Gelecekte Hayat\u0131m\u0131zda Ne De\u011fi\u015fecek? - At\u0131f \u00dcnald\u0131","robots":{"index":"index","follow":"follow","max-snippet":"max-snippet:-1","max-image-preview":"max-image-preview:large","max-video-preview":"max-video-preview:-1"},"canonical":"http:\/\/atif.unaldi.org\/blog\/2010\/10\/06\/yakin-gelecekte-hayatimizda-ne-degisecek\/","og_locale":"tr_TR","og_type":"article","og_title":"Yak\u0131n Gelecekte Hayat\u0131m\u0131zda Ne De\u011fi\u015fecek? - At\u0131f \u00dcnald\u0131","og_description":"Vatanda\u015flar\u0131n s\u00f6z hakk\u0131 art\u0131yor Ba\u015fta belediyeler olmak \u00fczere \u00e7e\u015fitli kamu kurumlar\u0131n\u0131n kullanabilece\u011fi, iPad ve iPhone gibi mobil cihazlar \u00fczerinden kullan\u0131lacak uygulamalar ile vatanda\u015flar, ya\u015fad\u0131klar\u0131 \u015fehrin y\u00f6netimine kat\u0131labilecek, kamu hizmetlerini kontrol edebilecekler. \u00d6rne\u011fin iPhone\u2019da yer alacak...","og_url":"http:\/\/atif.unaldi.org\/blog\/2010\/10\/06\/yakin-gelecekte-hayatimizda-ne-degisecek\/","og_site_name":"At\u0131f \u00dcnald\u0131","article_publisher":"https:\/\/www.facebook.com\/atifunaldi","article_author":"https:\/\/www.facebook.com\/atifunaldi","article_published_time":"2010-10-06T07:29:19+00:00","author":"Atif Unaldi","twitter_card":"summary_large_image","twitter_creator":"@https:\/\/twitter.com\/atifunaldi","twitter_site":"@atifunaldi","twitter_misc":{"Yazan:":"Atif Unaldi","Tahmini okuma s\u00fcresi":"2 dakika"},"schema":{"@context":"https:\/\/schema.org","@graph":[{"@type":"Article","@id":"http:\/\/atif.unaldi.org\/blog\/2010\/10\/06\/yakin-gelecekte-hayatimizda-ne-degisecek\/#article","isPartOf":{"@id":"http:\/\/atif.unaldi.org\/blog\/2010\/10\/06\/yakin-gelecekte-hayatimizda-ne-degisecek\/"},"author":{"name":"Atif Unaldi","@id":"http:\/\/atif.unaldi.org\/blog\/#\/schema\/person\/608ed42ecbda2bc5cfdb767ac1db479b"},"headline":"Yak\u0131n Gelecekte Hayat\u0131m\u0131zda Ne De\u011fi\u015fecek?","datePublished":"2010-10-06T07:29:19+00:00","mainEntityOfPage":{"@id":"http:\/\/atif.unaldi.org\/blog\/2010\/10\/06\/yakin-gelecekte-hayatimizda-ne-degisecek\/"},"wordCount":317,"commentCount":0,"publisher":{"@id":"http:\/\/atif.unaldi.org\/blog\/#\/schema\/person\/608ed42ecbda2bc5cfdb767ac1db479b"},"articleSection":["Blogum"],"inLanguage":"tr","potentialAction":[{"@type":"CommentAction","name":"Comment","target":["http:\/\/atif.unaldi.org\/blog\/2010\/10\/06\/yakin-gelecekte-hayatimizda-ne-degisecek\/#respond"]}]},{"@type":"WebPage","@id":"http:\/\/atif.unaldi.org\/blog\/2010\/10\/06\/yakin-gelecekte-hayatimizda-ne-degisecek\/","url":"http:\/\/atif.unaldi.org\/blog\/2010\/10\/06\/yakin-gelecekte-hayatimizda-ne-degisecek\/","name":"Yak\u0131n Gelecekte Hayat\u0131m\u0131zda Ne De\u011fi\u015fecek? - At\u0131f \u00dcnald\u0131","isPartOf":{"@id":"http:\/\/atif.unaldi.org\/blog\/#website"},"datePublished":"2010-10-06T07:29:19+00:00","breadcrumb":{"@id":"http:\/\/atif.unaldi.org\/blog\/2010\/10\/06\/yakin-gelecekte-hayatimizda-ne-degisecek\/#breadcrumb"},"inLanguage":"tr","potentialAction":[{"@type":"ReadAction","target":["http:\/\/atif.unaldi.org\/blog\/2010\/10\/06\/yakin-gelecekte-hayatimizda-ne-degisecek\/"]}]},{"@type":"BreadcrumbList","@id":"http:\/\/atif.unaldi.org\/blog\/2010\/10\/06\/yakin-gelecekte-hayatimizda-ne-degisecek\/#breadcrumb","itemListElement":[{"@type":"ListItem","position":1,"name":"Anasayfa","item":"http:\/\/atif.unaldi.org\/blog\/"},{"@type":"ListItem","position":2,"name":"Yak\u0131n Gelecekte Hayat\u0131m\u0131zda Ne De\u011fi\u015fecek?"}]},{"@type":"WebSite","@id":"http:\/\/atif.unaldi.org\/blog\/#website","url":"http:\/\/atif.unaldi.org\/blog\/","name":"At\u0131f \u00dcnald\u0131","description":"Yazar","publisher":{"@id":"http:\/\/atif.unaldi.org\/blog\/#\/schema\/person\/608ed42ecbda2bc5cfdb767ac1db479b"},"alternateName":"At\u0131f \u00dcnald\u0131 Blog","potentialAction":[{"@type":"SearchAction","target":{"@type":"EntryPoint","urlTemplate":"http:\/\/atif.unaldi.org\/blog\/?s={search_term_string}"},"query-input":{"@type":"PropertyValueSpecification","valueRequired":true,"valueName":"search_term_string"}}],"inLanguage":"tr"},{"@type":["Person","Organization"],"@id":"http:\/\/atif.unaldi.org\/blog\/#\/schema\/person\/608ed42ecbda2bc5cfdb767ac1db479b","name":"Atif Unaldi","image":{"@type":"ImageObject","inLanguage":"tr","@id":"http:\/\/atif.unaldi.org\/blog\/#\/schema\/person\/image\/","url":"http:\/\/atif.unaldi.org\/blog\/wp-content\/uploads\/2022\/10\/cropped-a94e8f7a-67c4-4d65-8a5f-032ba784be53-2.jpg","contentUrl":"http:\/\/atif.unaldi.org\/blog\/wp-content\/uploads\/2022\/10\/cropped-a94e8f7a-67c4-4d65-8a5f-032ba784be53-2.jpg","width":512,"height":512,"caption":"Atif Unaldi"},"logo":{"@id":"http:\/\/atif.unaldi.org\/blog\/#\/schema\/person\/image\/"},"description":"Bo\u011fazi\u00e7i \u00dcniversitesinde Fizik B\u00f6l\u00fcm\u00fc\u2019nde e\u011fitim ald\u0131\u011f\u0131 y\u0131llarda T\u00fcrkiye\u2019de ilk kez iki bilgisayar\u0131 telefon hatlar\u0131 \u00fczerinden konu\u015fturan BBS sistemini kurarak, T\u00fcrkiye\u2019deki ilk internet a\u011f\u0131n\u0131 olu\u015fturmu\u015ftur. Bir \u00e7ok radyo ve televizyonda program yap\u0131mc\u0131l\u0131\u011f\u0131 ve sunuculu\u011funu, bir \u00e7ok teknoloji dergisinde k\u00f6\u015fe yazarl\u0131\u011f\u0131, bili\u015fim edit\u00f6rl\u00fc\u011f\u00fc ve genel yay\u0131n y\u00f6netmenli\u011fi yapt\u0131. T\u00fcrkiye\u2019deki ilk internet servis sa\u011flay\u0131c\u0131s\u0131n\u0131n genel m\u00fcd\u00fcrl\u00fc\u011f\u00fcn\u00fc \u00fcstlendi. Bir \u00e7ok organizasyon ve kurulu\u015fta internet s\u00fcperviz\u00f6rl\u00fc\u011f\u00fc , webmaster\u2019l\u0131\u011f\u0131 , IT direkt\u00f6rl\u00fc\u011f\u00fc ve dijital projeler koordinat\u00f6rl\u00fc\u011f\u00fc g\u00f6revlerinde bulundu. Farkl\u0131 \u00fcniversitelerin farkl\u0131 fak\u00fcltelerinde \u00f6\u011fretim g\u00f6revlisi olarak bulunmu\u015f olan \u00dcnald\u0131; \u015fu an teknoloji ve pazarlama konular\u0131 ba\u015fta olmak \u00fczere bir\u00e7ok alanda hizmet veren Unaldi Consultancy\u2019nin kurucusudur. \u2028Selin \u00dcnald\u0131 ile evlidir. Su ve Toprak isminde iki \u00e7ocu\u011fu vard\u0131r.","sameAs":["http:\/\/atif.unaldi.org\/blog","https:\/\/www.facebook.com\/atifunaldi","https:\/\/www.instagram.com\/atifunaldi\/","https:\/\/www.linkedin.com\/in\/atifunaldi","https:\/\/x.com\/https:\/\/twitter.com\/atifunaldi","https:\/\/www.youtube.com\/c\/atifunaldi","https:\/\/soundcloud.com\/atif-unaldi","https:\/\/atifunaldi.tumblr.com"],"url":"http:\/\/atif.unaldi.org\/blog\/author\/atifunaldi\/"}]}},"jetpack_featured_media_url":"","_links":{"self":[{"href":"http:\/\/atif.unaldi.org\/blog\/wp-json\/wp\/v2\/posts\/1021","targetHints":{"allow":["GET"]}}],"collection":[{"href":"http:\/\/atif.unaldi.org\/blog\/wp-json\/wp\/v2\/posts"}],"about":[{"href":"http:\/\/atif.unaldi.org\/blog\/wp-json\/wp\/v2\/types\/post"}],"author":[{"embeddable":true,"href":"http:\/\/atif.unaldi.org\/blog\/wp-json\/wp\/v2\/users\/2"}],"replies":[{"embeddable":true,"href":"http:\/\/atif.unaldi.org\/blog\/wp-json\/wp\/v2\/comments?post=1021"}],"version-history":[{"count":0,"href":"http:\/\/atif.unaldi.org\/blog\/wp-json\/wp\/v2\/posts\/1021\/revisions"}],"wp:attachment":[{"href":"http:\/\/atif.unaldi.org\/blog\/wp-json\/wp\/v2\/media?parent=1021"}],"wp:term":[{"taxonomy":"category","embeddable":true,"href":"http:\/\/atif.unaldi.org\/blog\/wp-json\/wp\/v2\/categories?post=1021"},{"taxonomy":"post_tag","embeddable":true,"href":"http:\/\/atif.unaldi.org\/blog\/wp-json\/wp\/v2\/tags?post=1021"}],"curies":[{"name":"wp","href":"https:\/\/api.w.org\/{rel}","templated":true}]}}