{"id":1035,"date":"2010-12-06T21:21:22","date_gmt":"2010-12-06T21:21:22","guid":{"rendered":"http:\/\/atifunaldi.info\/?p=1035"},"modified":"2010-12-06T21:21:22","modified_gmt":"2010-12-06T21:21:22","slug":"kasim-ayinda-iz-birakan-olay-kisi-ve-kurumlar","status":"publish","type":"post","link":"http:\/\/atif.unaldi.org\/blog\/2010\/12\/06\/kasim-ayinda-iz-birakan-olay-kisi-ve-kurumlar\/","title":{"rendered":"Kas\u0131m ay\u0131 g\u00fcndemi"},"content":{"rendered":"<p id=\"internal-source-marker_0.3717427032534033\">Medya Takip Merkezi (MTM), Kas\u0131m ay\u0131nda T\u00fcrkiye g\u00fcndemine damgas\u0131n\u0131 vuran olay, ki\u015fi ve kurumlar\u0131 ara\u015ft\u0131rd\u0131. \u0130\u015fte, ay\u0131n en fazla \u00f6ne \u00e7\u0131kan ba\u015fl\u0131klar\u0131: Wikileaks belgeleri, Oktay Ek\u015fi\u2019nin istifas\u0131, G20 zirvesi, Allen Iverson transferi ve New York\u2019ta Be\u015f Minare ile pop\u00fclaritesi artan Mahsun K\u0131rm\u0131z\u0131g\u00fcl\u2026<\/p>\n<p>Medya Takip Merkezi\u2019nin d\u00fczenli olarak haz\u0131rlad\u0131\u011f\u0131 ay\u0131n \u201cmedya g\u00fcndemi\u201d raporunun sonu\u00e7lar\u0131 a\u00e7\u0131kland\u0131. Buna g\u00f6re; Kas\u0131m ay\u0131nda en \u00e7ok kad\u0131na dair haberler yay\u0131nland\u0131. \u015eiddet, tecav\u00fcz gibi olumsuz haberlerle s\u0131k\u00e7a medyada yans\u0131ma bulan kad\u0131n konusu, toplam 53 bin 940 haberde yer ald\u0131. MTM\u2019nin ayn\u0131 ara\u015ft\u0131rma verilerine g\u00f6re, ay boyunca T\u00fcrkiye g\u00fcndemine damgas\u0131n\u0131 ikinci konu ba\u015fl\u0131\u011f\u0131 CHP oldu. CHP, \u00e7ok uzun bir aradan sonra AKP\u2019yi geride b\u0131rakarak zirveye yerle\u015fti.<\/p>\n<p><!--more--><\/p>\n<p>W\u0130K\u0130LEAKS BELGELER\u0130 DEPREM ETK\u0130S\u0130 YARATTI<\/p>\n<p>Bir\u00e7ok \u00fclkenin istihbarat kay\u0131tlar\u0131n\u0131 ve yak\u0131n tarihteki sava\u015flar\u0131n gizli belgelerini yay\u0131nlayan WikiLeaks, bu kez de ABD D\u0131\u015fi\u015fleri Bakanl\u0131\u011f\u0131&#8217;n\u0131n belgelerini ortaya \u00e7\u0131kard\u0131. Kas\u0131m ay\u0131n\u0131n sonlar\u0131na do\u011fru ortaya \u00e7\u0131kan belgelerle t\u00fcm d\u00fcnyay\u0131 sarsan WikiLeaks, \u015fimdiye kadar a\u00e7\u0131klad\u0131\u011f\u0131 toplam bir milyon civar\u0131nda gizli yaz\u0131\u015fma ile diplomaside depreme yol a\u00e7t\u0131. Belgelerin i\u00e7erisinde T\u00fcrkiye\u2019ye dair de bir\u00e7ok a\u00e7\u0131klama ve itham bulunmas\u0131 ise T\u00fcrk medyas\u0131n\u0131n WikiLeaks\u2019e olan ilgisini artt\u0131rd\u0131.<\/p>\n<p>MTM\u2019nin d\u00fczenli olarak yapt\u0131\u011f\u0131 ara\u015ft\u0131rman\u0131n, Kas\u0131m ay\u0131 verilerine g\u00f6re; ge\u00e7ti\u011fimiz aya damgas\u0131n\u0131 vuran bir di\u011fer konu ba\u015fl\u0131\u011f\u0131 Kurban Bayram\u0131 oldu. Kurbanl\u0131k hayvanlar\u0131n g\u00f6r\u00fcnt\u00fcleriyle s\u0131k\u00e7a ekranlara ve bas\u0131na yans\u0131yan Kurban Bayram\u0131, gazete, dergi, TV kanal\u0131 ve haber siteleri toplam\u0131nda 37 bin 445 habere konu edildi.<\/p>\n<p>TAKS\u0130M\u2019DEK\u0130 SALDIRININ YANKILARI DEVAM ETT\u0130<\/p>\n<p>Ekim ay\u0131n\u0131n son g\u00fcnlerinde Taksim\u2019de ger\u00e7ekle\u015fen canl\u0131 bomba sald\u0131r\u0131s\u0131, Kas\u0131m ay\u0131nda da ter\u00f6r ba\u015fl\u0131\u011f\u0131nda en \u00e7ok konu\u015fulan konular aras\u0131nda yerini ald\u0131. Ter\u00f6r konusu ay boyunca 17 bin 489 haberle yans\u0131ma bulurken, TV kanallar\u0131n\u0131n ter\u00f6re ay\u0131rd\u0131\u011f\u0131 s\u00fcre ise 217 saati buldu.<\/p>\n<p>G\u00d6ZLER OKTAY EK\u015e\u0130 VE BASIN \u00d6ZG\u00dcRL\u00dc\u011e\u00dcNDE\u2026<\/p>\n<p>Ge\u00e7ti\u011fimiz ay T\u00fcrkiye g\u00fcndemine yans\u0131yan en \u00f6nemli geli\u015fmelerden biri de H\u00fcrriyet Gazetesi ba\u015fyazar\u0131 Oktay Ek\u015fi\u2019nin h\u00fck\u00fcmete y\u00f6nelik yazd\u0131\u011f\u0131 &#8216;Bu zihniyet analar\u0131n\u0131 bile satar&#8217; i\u00e7erikli yaz\u0131yd\u0131. Yazd\u0131\u011f\u0131 yaz\u0131n\u0131n sonras\u0131nda h\u00fck\u00fcmetle gerilimli bir s\u00fcre\u00e7 ya\u015fayan Ek\u015fi\u2019nin, olay\u0131n hemen ard\u0131ndan istifas\u0131n\u0131 vermesi ise dikkatleri bir kez daha bas\u0131n \u00f6zg\u00fcrl\u00fc\u011f\u00fc ile hakaret aras\u0131ndaki ince \u00e7izgiyi d\u00fc\u015f\u00fcnmeye y\u00f6neltti. T\u00fcm bu geli\u015fmelerden sonra Bas\u0131n Konseyi\u2019nden de istifas\u0131 beklenen Ek\u015fi, toplam 4 bin 87 habere konu edildi.<\/p>\n<p>AYIN \u00d6NE \u00c7IKAN K\u00dcLT\u00dcR-SANAT ETK\u0130NL\u0130KLER\u0130;<\/p>\n<ul>\n<li>\u0130ngiltere&#8217;nin ba\u015fkenti Londra&#8217;da bu y\u0131l 16&#8217;ncisi d\u00fczenlenen \u201cLondra T\u00fcrk Film Festivali\u201d, \u00c7a\u011fan Irmak&#8217;\u0131n &#8220;Prensesin Uykusu&#8221; filminin d\u00fcnya pr\u00f6miyeriyle ba\u015flad\u0131. K\u00fclt\u00fcr ve Turizm Bakanl\u0131\u011f\u0131\u2019n\u0131n deste\u011fiyle bu y\u0131l 16&#8217;nc\u0131s\u0131 d\u00fczenlenen festivalin a\u00e7\u0131l\u0131\u015f galas\u0131, \u0130ngiltere&#8217;nin ba\u015fkenti Londra&#8217;da sineman\u0131n merkezi olarak bilinen &#8220;Leicester Square&#8221;deki Empire Sinemas\u0131nda yap\u0131ld\u0131.<\/li>\n<li>29. \u0130stanbul Kitap Fuar\u0131 bu y\u0131lki ziyaret\u00e7i say\u0131s\u0131yla rekor k\u0131rd\u0131.<\/li>\n<li>MTV Avrupa M\u00fczik \u00d6d\u00fclleri gecesinde Lady Gaga &#8216;En \u0130yi Kad\u0131n Sanat\u00e7\u0131&#8217;, &#8216;En \u0130yi Pop Sanat\u00e7\u0131s\u0131&#8217; ve &#8216;En \u0130yi \u015eark\u0131&#8217; \u00f6d\u00fcllerini kazand\u0131.<\/li>\n<li>Disiplinler aras\u0131 bir anlay\u0131\u015fla \u0130stanbul&#8217;un \u00e7ok k\u00fclt\u00fcrl\u00fc hayat\u0131 \u00fczerinde odaklanan 9. Uluslararas\u0131 Pera Festivali ba\u015flad\u0131.<\/li>\n<li>T\u00fcrk sinemas\u0131n\u0131n efsanelerinden R\u0131fat Ilgaz&#8217;\u0131n en \u00f6nemli eseri &#8220;Hababam S\u0131n\u0131f\u0131&#8221;n\u0131n \u00e7ekildi\u011fi Adile Sultan Kasr\u0131, 5 y\u0131ll\u0131k restorasyon \u00e7al\u0131\u015fmas\u0131n\u0131n ard\u0131ndan 24 Kas\u0131m \u00d6\u011fretmenler G\u00fcn\u00fc&#8217;nde \u00f6\u011fretmenevi ve k\u00fclt\u00fcr merkezi olarak hizmete a\u00e7\u0131ld\u0131.<\/li>\n<li>Sabanc\u0131 Vakf\u0131&#8217;n\u0131n bu y\u0131l 17.sini ger\u00e7ekle\u015ftirdi\u011fi &#8220;Sak\u0131p Sabanc\u0131 Sanat \u00d6d\u00fclleri&#8221;, sahiplerini buldu. Mimar Sinan G\u00fczel Sanatlar \u00dcniversitesi&#8217;nin &#8220;Resim, Heykel ve Geleneksel T\u00fcrk Sanatlar\u0131 b\u00f6l\u00fcmlerinden ilk \u00fc\u00e7 dereceyle mezun olan dokuz \u00f6\u011frenciye toplam 240 Cumhuriyet alt\u0131n\u0131 de\u011ferinde \u00f6d\u00fcl verildi.<\/li>\n<li>118-E Y\u00f6netim \u00c7evresi Ca\u011falo\u011flu \u0130ki Lions Kul\u00fcb\u00fc, T\u00fcrkiye Filateli Dernekleri Federasyonu ve PTT taraf\u0131ndan, &#8221;10 Kas\u0131m Atat\u00fcrk&#8217;\u00fc Anma ve Atat\u00fcrk Haftas\u0131&#8221; dolay\u0131s\u0131yla Atat\u00fcrk pullar\u0131ndan olu\u015fan bir sergi a\u00e7\u0131ld\u0131.<\/li>\n<\/ul>\n<p>S\u0130YASET G\u00dcNDEM\u0130<\/p>\n<p>AKP MEDYADAK\u0130 L\u0130DERL\u0130\u011e\u0130N\u0130 KAYBETT\u0130!<\/p>\n<p>Medya Takip Merkezi\u2019nin (MTM), d\u00fczenli olarak haz\u0131rlad\u0131\u011f\u0131 \u2018ay\u0131n siyaset g\u00fcndemi\u2019 ara\u015ft\u0131rmas\u0131na g\u00f6re; ad\u0131n\u0131 uzun zamand\u0131r en medyatik siyasi partiler listesinde ikinci s\u0131rada g\u00f6rmeye al\u0131\u015ft\u0131\u011f\u0131m\u0131z CHP, Kas\u0131m ay\u0131nda zirveye yerle\u015fti. CHP Genel Sekreteri \u00d6nder Sav\u2019\u0131n 10 y\u0131ld\u0131r y\u00fcr\u00fctt\u00fc\u011f\u00fc g\u00f6revini, S\u00fcheyl Batum\u2019a devretmesiyle s\u0131k\u00e7a ad\u0131ndan s\u00f6z ettiren CHP, medyan\u0131n yak\u0131n markaj\u0131na girdi. Siyasi liderinin a\u00e7\u0131klamalar\u0131yla da s\u0131k\u00e7a g\u00fcndeme gelen parti, Kas\u0131m ay\u0131 boyunca 51 bin 433 habere konu edildi. Medyatik partinin ekranlarda kalma s\u00fcresi ise 583 saati a\u015fk\u0131n s\u00fcre oldu.<\/p>\n<p>Ayn\u0131 ara\u015ft\u0131rma raporuna g\u00f6re; ay boyunca en \u00e7ok konu\u015fulan bir di\u011fer parti ise AKP oldu. T\u00fcrban konusu ve siyasi liderinin a\u00e7\u0131klamalar\u0131 ile g\u00fcndem yaratan AKP, Kas\u0131m ay\u0131nda 38 bin 895 habere konu edildi. AKP\u2019nin ekranlarda kalma s\u00fcresi ise 336 saate yak\u0131n oldu.<\/p>\n<p>Verilere g\u00f6re,\u00a0ay\u0131n en \u00e7ok ilgi g\u00f6ren di\u011fer siyasi partileri, 14 bin 923 haberle MHP, 12 bin 675 haberle BDP ve 3 bin 881 haberle SP oldular.<\/p>\n<table>\n<tbody>\n<tr>\n<td>AYIN EN \u00c7OK KONU\u015eULAN S\u0130YAS\u0130 PART\u0130LER\u0130<\/td>\n<td><\/td>\n<td><\/td>\n<td><\/td>\n<td><\/td>\n<\/tr>\n<tr>\n<td>No<\/td>\n<td>Ad\u0131<\/td>\n<td>Kas\u0131m<\/td>\n<td>Ekim<\/td>\n<td>Art\u0131\u015f Y\u00fczdesi (%)<\/td>\n<\/tr>\n<tr>\n<td>1<\/td>\n<td>CHP<\/td>\n<td>51.433<\/td>\n<td>48.457<\/td>\n<td>6<\/td>\n<\/tr>\n<tr>\n<td>2<\/td>\n<td>AKP<\/td>\n<td>38.895<\/td>\n<td>48.492<\/td>\n<td>-20<\/td>\n<\/tr>\n<tr>\n<td>3<\/td>\n<td>MHP<\/td>\n<td>14.923<\/td>\n<td>19.173<\/td>\n<td>-22<\/td>\n<\/tr>\n<tr>\n<td>4<\/td>\n<td>BDP<\/td>\n<td>12.675<\/td>\n<td>14.345<\/td>\n<td>-12<\/td>\n<\/tr>\n<tr>\n<td>5<\/td>\n<td>SP<\/td>\n<td>3.881<\/td>\n<td>94.49<\/td>\n<td>-59<\/td>\n<\/tr>\n<tr>\n<td>MTM Medya Takip Merkezi&#8217;nin, Kas\u0131m ay\u0131nda 2 bine yak\u0131n gazete, dergi, TV kanal\u0131 ve haber sitesinde yapt\u0131\u011f\u0131 medya takibi sonu\u00e7lar\u0131ndan derlenmi\u015ftir.<\/td>\n<td><\/td>\n<td><\/td>\n<td><\/td>\n<td><\/td>\n<\/tr>\n<\/tbody>\n<\/table>\n<p>AKP\u2019N\u0130N REYT\u0130NG KAYBI ERDO\u011eAN\u2019A YANSIMADI\u2026<\/p>\n<p>MTM\u2019nin ara\u015ft\u0131rma raporuna g\u00f6re; Kas\u0131m ay\u0131n\u0131n en \u00e7ok konu\u015fulan siyaset\u00e7isi, \u00f6nceki aylarda da oldu\u011fu gibi Recep Tayyip Erdo\u011fan oldu. Ba\u015fbakan, Seul\u2019da yap\u0131lan G-20 zirvesine kat\u0131lmas\u0131yla bas\u0131n\u0131n yak\u0131n markaj\u0131na girdi. Erdo\u011fan\u2019\u0131n L\u00fcbnan ziyaretinde Arap Bankalar Birli\u011fi taraf\u0131ndan verilen \u201cLiderlik \u00d6d\u00fcl\u00fc\u201d\u2019n\u00fc almas\u0131 ve Time\u2019\u0131n geleneksel \u201cY\u0131l\u0131n \u0130nsan\u0131\u201d anketinde birinci s\u0131rada yer almas\u0131, ge\u00e7ti\u011fimiz ay\u0131n fazlaca konu\u015fulan konu ba\u015fl\u0131klar\u0131 aras\u0131ndayd\u0131. Erdo\u011fan\u2019\u0131n, Oktay Ek\u015fi\u2019ye manevi tazminat a\u00e7t\u0131\u011f\u0131 haberleri de g\u00fcndemde s\u0131k\u00e7a yer buldu. Erdo\u011fan, ay boyunca 40 bin 101 habere konu olurken, ekranlarda kalma s\u00fcresi ise 414 saate yak\u0131n oldu.<\/p>\n<p>KILI\u00c7DARO\u011eLU, TW\u0130TTER \u0130LE G\u00dcNDEM YARATTI\u2026<\/p>\n<p>Ayn\u0131 ara\u015ft\u0131rma verilerine g\u00f6re; ay\u0131n en \u00e7ok konu\u015fulan ikinci siyaset\u00e7isi ise Kemal K\u0131l\u0131\u00e7daro\u011flu oldu. Medyatik siyaset\u00e7i, Ba\u015fbakanla ya\u015fad\u0131\u011f\u0131 polemiklerle bas\u0131n\u0131n yak\u0131n markaj\u0131na girerken, Twitter \u00fczerinden t\u00fcrban konusu ile muhalefete kar\u015f\u0131 s\u00f6ylemleri de dikkat \u00e7ekti. K\u0131l\u0131\u00e7daro\u011flu\u2019na Ba\u015fbakan taraf\u0131ndan &#8220;ki\u015filik haklar\u0131na sald\u0131r\u0131da bulundu\u011fu&#8221; iddias\u0131yla 100 bin TL&#8217;lik manevi tazminat davas\u0131 a\u00e7\u0131lmas\u0131 ise ay boyunca s\u0131k\u00e7a konu\u015fulan konular aras\u0131ndayd\u0131. Siyasi lider, Diyarbak\u0131r\u2019a yapt\u0131\u011f\u0131 ziyaret ve ge\u00e7irmi\u015f oldu\u011fu f\u0131t\u0131k ameliyat\u0131 ile de g\u00fcndemdeydi. K\u0131l\u0131\u00e7daro\u011flu, ay boyunca 29 bin 743 habere konu olurken, toplam 410 saati a\u015fk\u0131n s\u00fcre ekranlarda kald\u0131.<\/p>\n<table>\n<tbody>\n<tr>\n<td>AYIN EN \u00c7OK KONU\u015eULAN S\u0130YASET\u00c7\u0130LER\u0130<\/td>\n<td><\/td>\n<td><\/td>\n<td><\/td>\n<td><\/td>\n<\/tr>\n<tr>\n<td>No<\/td>\n<td>Ad\u0131<\/td>\n<td>Kas\u0131m<\/td>\n<td>Ekim<\/td>\n<td>Art\u0131\u015f Y\u00fczdesi (%)<\/td>\n<\/tr>\n<tr>\n<td>1<\/td>\n<td>Recep Tayyip Erdo\u011fan<\/td>\n<td>40.101<\/td>\n<td>48.783<\/td>\n<td>-18<\/td>\n<\/tr>\n<tr>\n<td>2<\/td>\n<td>Kemal K\u0131l\u0131\u00e7daro\u011flu<\/td>\n<td>29.743<\/td>\n<td>22.575<\/td>\n<td>32<\/td>\n<\/tr>\n<tr>\n<td>3<\/td>\n<td>Abdullah G\u00fcl<\/td>\n<td>18.706<\/td>\n<td>21.109<\/td>\n<td>-11<\/td>\n<\/tr>\n<tr>\n<td>4<\/td>\n<td>Deniz Baykal<\/td>\n<td>6.629<\/td>\n<td>3.811<\/td>\n<td>74<\/td>\n<\/tr>\n<tr>\n<td>5<\/td>\n<td>Ahmet Davuto\u011flu<\/td>\n<td>5.496<\/td>\n<td>6.275<\/td>\n<td>-12<\/td>\n<\/tr>\n<tr>\n<td>MTM Medya Takip Merkezi&#8217;nin, Kas\u0131m ay\u0131nda 2 bine yak\u0131n gazete, dergi, TV kanal\u0131 ve haber sitesinde yapt\u0131\u011f\u0131 medya takibi sonu\u00e7lar\u0131ndan derlenmi\u015ftir.<\/td>\n<td><\/td>\n<td><\/td>\n<td><\/td>\n<td><\/td>\n<\/tr>\n<tr>\n<td><\/td>\n<td><\/td>\n<td><\/td>\n<td><\/td>\n<td><\/td>\n<\/tr>\n<\/tbody>\n<\/table>\n<p>EKONOM\u0130 G\u00dcNDEM\u0130<\/p>\n<p>MTM Medya Takip Merkezi\u2019nin, d\u00fczenli olarak haz\u0131rlad\u0131\u011f\u0131 medya raporunun Kas\u0131m ay\u0131 sonu\u00e7lar\u0131na g\u00f6re; ge\u00e7ti\u011fimiz ay ekonomi d\u00fcnyas\u0131n\u0131n g\u00fcndeminde vergi konusu vard\u0131. Ay boyunca, vergi \u00f6demeleri, vergi gelirleri ve vergideki d\u00fczenlemelerle ilgili konu ba\u015fl\u0131klar\u0131 s\u0131k\u00e7a g\u00fcndeme ta\u015f\u0131nd\u0131 ve medyada toplam 18 bin 384 haberde yer buldu. Ge\u00e7en ay\u0131n en \u00e7ok konu\u015fulan konusu olan ihracat haberlerinde ise y\u00fczde 28 oran\u0131nda d\u00fc\u015f\u00fc\u015f ya\u015fand\u0131. Medya ihracat haberlerine 13 bin 25 kez yer verdi.<\/p>\n<p>G-20 Z\u0130RVES\u0130 PROTESTOLARA KONU OLDU<\/p>\n<p>G\u00fcney Kore\u2019nin ba\u015fkenti Seul\u2019de d\u00fczenlenen G-20 zirvesi, daha \u00f6nceki b\u00fct\u00fcn \u00fclkelerde oldu\u011fu gibi protestolarla ba\u015flad\u0131. Ticari dengesizlikler i\u00e7in ba\u011flay\u0131c\u0131 olmayan &#8216;rehber niteli\u011finde \u00f6neriler\u2019 al\u0131naca\u011f\u0131 konusu ve Uluslararas\u0131 Para Fonu IMF&#8217;de geli\u015fmekte olan \u00fclkelerin temsilinin artt\u0131r\u0131lmas\u0131 konusu zirvede var\u0131lan sonu\u00e7lar olurken, konuya medya da yak\u0131n ilgi g\u00f6sterdi. Zirve, ay boyunca toplamda 3 bin 102 haber ile yans\u0131ma buldu.<\/p>\n<p>AYIN D\u0130KKAT \u00c7EKEN D\u0130\u011eER GEL\u0130\u015eMELER\u0130;<\/p>\n<ul>\n<li>Turkcell, ge\u00e7en y\u0131l ger\u00e7ekle\u015ftirilen 3G lansman kampanyas\u0131 ile Uluslararas\u0131 Halkla \u0130li\u015fkiler Derne\u011fi (IPRA) taraf\u0131ndan &#8220;En \u0130yi Servis Lansman\u0131&#8221; kategorisinde Alt\u0131n D\u00fcnya \u00f6d\u00fcl\u00fcne lay\u0131k g\u00f6r\u00fcld\u00fc. Turkcell ayr\u0131ca, Mobil Pazarlama Birli\u011fi&#8217;nin (MMA) Los Angeles&#8217;ta alt\u0131nc\u0131s\u0131 ger\u00e7ekle\u015ftirilen mobil pazarlama \u00f6d\u00fcl t\u00f6reninde, biri inovasyon di\u011feri de bireysel ba\u015far\u0131 olmak \u00fczere iki \u00f6d\u00fcl kazand\u0131.<\/li>\n<li>Yap\u0131 Kredi, IMI Conferences taraf\u0131ndan d\u00fczenlenen &#8220;\u0130stanbul Call Center Awards 2010&#8243;da \u00fc\u00e7 \u00f6d\u00fcle birden lay\u0131k g\u00f6r\u00fcld\u00fc. Kurum, &#8220;En \u0130yi M\u00fc\u015fteri Deneyimi&#8221;, &#8220;En \u0130yi E\u011fitim Program\u0131&#8221;, &#8220;Y\u0131l\u0131n En \u0130yi \u00c7a\u011fr\u0131 Merkezi E\u011fitmeni&#8221; \u00f6d\u00fcllerini ald\u0131.<\/li>\n<li>Sabanc\u0131 Holding Y\u00f6netim Kurulu Ba\u015fkan\u0131 G\u00fcler Sabanc\u0131, \u0130ngiliz Financial Times gazetesinin &#8220;D\u00fcnyan\u0131n Zirvedeki 50 \u0130\u015f Kad\u0131n\u0131&#8221; listesinde \u00fc\u00e7\u00fcnc\u00fc s\u0131rada yer ald\u0131.<\/li>\n<li>Garanti Masters&#8217;a, The Banker ve Professional Wealth Management (PWM) taraf\u0131ndan &#8220;en iyi \u00f6zel bankac\u0131l\u0131k&#8221; \u00f6d\u00fcl\u00fc verildi.<\/li>\n<li>T\u00fcrk Telekom, ekonomi dergisi World Finance Magazine&#8217;in 2007 y\u0131l\u0131ndan bu yana verdi\u011fi World Finance \u00f6d\u00fcllerinde farkl\u0131 kategorilerde 3 \u00f6d\u00fcl ald\u0131. T\u00fcrk Telekom&#8217;un y\u0131l\u0131n Tam Entegre Telekom operat\u00f6r\u00fc, Sabit Hat Operat\u00f6r\u00fc ve y\u0131l\u0131n Telekom \u0130novasyonu kategorilerinde \u00f6d\u00fcl ald\u0131\u011f\u0131 bildirildi. T\u00fcrk Telekom ayr\u0131ca, G\u00fcney Asya, Orta Do\u011fu ve Kuzey Afrika Telekom\u00fcnikasyon Konseyi (SAMENA) \u00d6d\u00fclleri 2010&#8217;da, &#8220;En \u0130yi Sabit Hat Operat\u00f6r\u00fc&#8221; \u00f6d\u00fcl\u00fcne de\u011fer bulundu.<\/li>\n<li>Eczac\u0131ba\u015f\u0131 \u0130la\u00e7 Pazarlama, Avrupa \u00fclkeleri, Amerika ve Japonya dahil olmak \u00fczere 30&#8217;dan fazla \u00fclkede faaliyet g\u00f6steren, kontak lens ve lens bak\u0131m \u00fcr\u00fcnleri \u00fcreticisi Menicon ile \u00fcr\u00fcnlerinin T\u00fcrkiye haklar\u0131 i\u00e7in anla\u015fma imzalad\u0131.<\/li>\n<li>\u00c7al\u0131k Enerji Sanayi ve Ticaret A.\u015e&#8217;ye Siirt ve Diyarbak\u0131r&#8217;da petrol aramas\u0131 i\u00e7in 4 y\u0131l s\u00fcreli ruhsat verildi.<\/li>\n<li>Trakya Cam Sanayi A.\u015e&#8217;nin ortak oldu\u011fu D\u00fczcam fabrikas\u0131 M\u0131s\u0131r&#8217;da a\u00e7\u0131ld\u0131.<\/li>\n<\/ul>\n<p>MAGAZ\u0130N G\u00dcNDEM\u0130<\/p>\n<p>Medya Takip Merkezi\u2019nin (MTM), medyada yay\u0131nlanan her haberi tek tek inceleyerek, e\u011flence ve sanat d\u00fcnyas\u0131n\u0131n en medyatik \u00fcnl\u00fclerini tespit etti\u011fi ara\u015ft\u0131rmas\u0131n\u0131n, Kas\u0131m ay\u0131 sonu\u00e7lar\u0131 a\u00e7\u0131kland\u0131. 2 bine yak\u0131n gazete, dergi, TV kanal\u0131 ve haber sitesinde yay\u0131nlanan haberlerin incelenmesi yoluyla haz\u0131rlanan rapora g\u00f6re, T\u00fcrkiye\u2019nin en \u00e7ok konu\u015ftu\u011fu \u00fcnl\u00fcler listesinde zirveye s\u00fcrpriz bir isim yerle\u015fti.<\/p>\n<p>NEW YORK\u2019TA BE\u015e M\u0130NARE, \u00dc\u00c7 \u00dcNL\u00dcY\u00dc \u0130HYA ETT\u0130!<\/p>\n<p>Uzun zamand\u0131r merakla beklenen New York\u2019ta Be\u015f Minare filmi, aya damgas\u0131n\u0131 vurdu. MTM\u2019nin t\u00fcm medya yans\u0131malar\u0131n\u0131 de\u011ferlendirerek haz\u0131rlad\u0131\u011f\u0131 \u201cay\u0131n en \u00e7ok konu\u015fulan \u00fcnl\u00fcleri\u201d ara\u015ft\u0131rmas\u0131, bu filme g\u00f6sterilen ilgiyi de ortaya koydu. Kas\u0131m ay\u0131n\u0131n en pop\u00fcler \u00fcnl\u00fcleri listesinde zirveye, s\u00fcrpriz bir \u00e7\u0131k\u0131\u015f ile Mahsun K\u0131rm\u0131z\u0131g\u00fcl yerle\u015fti. Sinema filmiyle, t\u00fcm g\u00f6zlerin \u00fczerine \u00e7evrildi\u011fi K\u0131rm\u0131z\u0131g\u00fcl\u2019\u00fcn pop\u00fclaritesi \u00f6nceki aya oranla d\u00f6rt kat\u0131na \u00e7\u0131kt\u0131. Magazin medyas\u0131n\u0131n en \u00e7ok konu\u015ftu\u011fu \u00fcnl\u00fc olan K\u0131rm\u0131z\u0131g\u00fcl, medyada toplam 1.997 habere konu edilirken, TV kanallar\u0131nda ise 13 saate yak\u0131n yer buldu.<\/p>\n<p>Son d\u00f6nemlerin en \u00e7ok konu\u015fulan sinema filminin, pop\u00fclaritesini en \u00e7ok artt\u0131rd\u0131\u011f\u0131 bir di\u011fer \u00fcnl\u00fc ise en medyatikler listesinde be\u015finci s\u0131raya yerle\u015fen sempatik \u015fark\u0131c\u0131 Mustafa sandal oldu. New York\u2019ta Be\u015f Minare filmindeki performans\u0131yla ad\u0131ndan s\u0131k\u00e7a s\u00f6z ettiren Sandal, toplam 1.098 haberde yer ald\u0131. \u00a0Ayn\u0131 filmin ba\u015frol oyuncular\u0131ndan Haluk Bilginer de listeye sekizinci s\u0131radan giri\u015f yapt\u0131. Ba\u015far\u0131l\u0131 oyuncu ay boyunca 1.003 habere konu edildi.<\/p>\n<p>\u0130BRAH\u0130M TATLISES SKANDALLARLA G\u00dcNDEMDE!<\/p>\n<p>MTM\u2019nin ayn\u0131 ara\u015ft\u0131rma raporuna g\u00f6re uzun y\u0131llar T\u00fcrkiye\u2019nin en pop\u00fcler ismi olan ancak bu y\u0131l reytinginde \u00f6nemli bir d\u00fc\u015f\u00fc\u015f ya\u015fanan \u0130brahim Tatl\u0131ses, Kas\u0131m ay\u0131nda yeniden t\u0131rman\u0131\u015fa ge\u00e7ti, ancak bu sefer ba\u015far\u0131lar\u0131 ile de\u011fil, ya\u015fanan olumsuz olaylar ile yak\u0131n markajdayd\u0131. Konserine gelen 10 ya\u015flar\u0131ndaki k\u0131z \u00e7ocu\u011funa etti\u011fi k\u00fcf\u00fcrle g\u00fcndeme bomba gibi d\u00fc\u015fen \u00fcnl\u00fc sanat\u00e7\u0131, olay\u0131n hemen ard\u0131ndan yazar Bal\u00e7i\u00e7ek \u0130lter\u2019le girdi\u011fi polemikle de ilgiyi \u00fczerine \u00e7ekti. Habert\u00fcrk yazar\u0131 \u0130lter\u2019e s\u00f6yledi\u011fi \u201co kalem k\u0131r\u0131l\u0131r\u201d s\u00f6zleriyle ele\u015ftiri oklar\u0131n\u0131n hedefi olan Tatl\u0131ses, ge\u00e7ti\u011fimiz ay\u0131n en \u00e7ok konu\u015fulan ikinci \u00fcnl\u00fcs\u00fcyd\u00fc. Medyada toplam 1.379 haber ve yaz\u0131 ile yer bulan \u00fcnl\u00fc t\u00fcrk\u00fcc\u00fcye ilgi, \u00f6nceki aya oranla y\u00fczde 85 artarken, TV kanallar\u0131nda ayr\u0131lan s\u00fcre ise 15 saati buldu.<\/p>\n<p>CEM YILMAZ BA\u015eARILI \u0130\u015eLER\u0130YLE ADINDAN S\u00d6Z ETT\u0130R\u0130YOR\u2026<\/p>\n<p>MTM\u2019nin ara\u015ft\u0131rma raporuna g\u00f6re; Kas\u0131m ay\u0131n\u0131n en \u00e7ok konu\u015fulan \u00fc\u00e7\u00fcnc\u00fc ismi Cem Y\u0131lmaz\u2019d\u0131. Soru&amp;Cevap isimli DVD\u2019sinin tan\u0131t\u0131m\u0131yla ilgi oda\u011f\u0131 olan Y\u0131lmaz, T\u00fcyap Kitap Fuar\u0131&#8217;nda d\u00fczenledi\u011fi imza g\u00fcn\u00fcyle de yak\u0131n takibe al\u0131nd\u0131. Aral\u0131k ay\u0131nda vizyona girecek Av Mevsimi Filmi\u2019nin dahi \u015fimdiden \u00e7ok\u00e7a konu\u015fuldu\u011fu \u00fcnl\u00fc showmen, ay boyunca 1.347 habere konu edildi.<\/p>\n<p>ACUN ILICALI BU KEZ \u00d6ZEL HAYATIYLA G\u00dcNDEMDE\u2026<\/p>\n<p>Uzun zamand\u0131r yapt\u0131\u011f\u0131 ba\u015far\u0131l\u0131 programlarla ad\u0131ndan s\u00f6z ettiren ve son y\u0131llar\u0131n y\u0131ld\u0131z\u0131 en \u00e7ok parlayan televizyoncular\u0131ndan olan Acun Il\u0131cal\u0131, bu kez \u00f6zel hayat\u0131yla g\u00fcndemdeydi. Kas\u0131m ay\u0131n\u0131n en \u00e7ok konu\u015fulan isimleri listesinde d\u00f6rd\u00fcnc\u00fc s\u0131raya yerle\u015fen Acun Il\u0131cal\u0131, bo\u015fanma haberleriyle medya taraf\u0131ndan mercek alt\u0131na al\u0131nd\u0131. Bir \u00f6nceki aya oranla haber say\u0131s\u0131 y\u00fczde 80 art\u0131\u015f g\u00f6steren Acun Il\u0131cal\u0131, toplam 1.113 haberde yer buldu.<\/p>\n<p>SEZEN AKSU VE BEREN SAAT\u2019E \u0130LG\u0130 AZALDI\u2026<\/p>\n<p>MTM\u2019nin yapt\u0131\u011f\u0131 ayn\u0131 ara\u015ft\u0131rma raporuna g\u00f6re; bir \u00f6nceki ay sa\u011fl\u0131k sorunu ile g\u00fcndeme gelen ve sevenlerini korkutan \u00fcnl\u00fc sanat\u00e7\u0131 Sezen Aksu, sa\u011fl\u0131k problemlerinin a\u015f\u0131lmas\u0131 ve yurt d\u0131\u015f\u0131nda verdi\u011fi konser haberleriyle g\u00fcndemde yer buldu. \u00dcnl\u00fc sanat\u00e7\u0131n\u0131n haberleri \u00f6nceki aya oranla y\u00fczde 10 d\u00fc\u015ft\u00fc. Haber say\u0131s\u0131nda d\u00fc\u015f\u00fc\u015f ya\u015fanan bir di\u011fer \u00fcnl\u00fc ise son d\u00f6nemin pop\u00fcler oyuncular\u0131ndan biri olan Beren Saat oldu. Saat\u2019in haberleri y\u00fczde 20 oran\u0131nda azald\u0131.<\/p>\n<table>\n<tbody>\n<tr>\n<td>EN MEDYAT\u0130K \u00dcNL\u00dcLER<\/td>\n<td><\/td>\n<td><\/td>\n<td><\/td>\n<td><\/td>\n<td><\/td>\n<\/tr>\n<tr>\n<td>No<\/td>\n<td>Ad\u0131<\/td>\n<td>Kas\u0131m<\/td>\n<td>Ekim<\/td>\n<td>Art\u0131\u015f Y\u00fczdesi<\/td>\n<td><\/td>\n<\/tr>\n<tr>\n<td>1<\/td>\n<td>Mahsun K\u0131rm\u0131z\u0131g\u00fcl<\/td>\n<td>1.997<\/td>\n<td>465<\/td>\n<td>329<\/td>\n<td><\/td>\n<\/tr>\n<tr>\n<td>2<\/td>\n<td>\u0130brahim Tatl\u0131ses<\/td>\n<td>1.379<\/td>\n<td>744<\/td>\n<td>85<\/td>\n<td><\/td>\n<\/tr>\n<tr>\n<td>3<\/td>\n<td>Cem Y\u0131lmaz<\/td>\n<td>1.347<\/td>\n<td>1.052<\/td>\n<td>28<\/td>\n<td><\/td>\n<\/tr>\n<tr>\n<td>4<\/td>\n<td>Acun Il\u0131cal\u0131<\/td>\n<td>1.113<\/td>\n<td>618<\/td>\n<td>80<\/td>\n<td><\/td>\n<\/tr>\n<tr>\n<td>5<\/td>\n<td>Mustafa Sandal<\/td>\n<td>1.098<\/td>\n<td>376<\/td>\n<td>192<\/td>\n<td><\/td>\n<\/tr>\n<tr>\n<td>6<\/td>\n<td>Sezen Aksu<\/td>\n<td>1.075<\/td>\n<td>1.201<\/td>\n<td>-10<\/td>\n<td><\/td>\n<\/tr>\n<tr>\n<td>7<\/td>\n<td>Ajda Pekkan<\/td>\n<td>1.043<\/td>\n<td>909<\/td>\n<td>15<\/td>\n<td><\/td>\n<\/tr>\n<tr>\n<td>8<\/td>\n<td>Haluk Bilginer<\/td>\n<td>1.003<\/td>\n<td>627<\/td>\n<td>60<\/td>\n<td><\/td>\n<\/tr>\n<tr>\n<td>9<\/td>\n<td>Beren Saat<\/td>\n<td>977<\/td>\n<td>1.223<\/td>\n<td>-20<\/td>\n<td><\/td>\n<\/tr>\n<tr>\n<td>10<\/td>\n<td>H\u00fclya Av\u015far<\/td>\n<td>942<\/td>\n<td>961<\/td>\n<td>-2<\/td>\n<td><\/td>\n<\/tr>\n<tr>\n<td>MTM Medya Takip Merkezi&#8217;nin, Kas\u0131m ay\u0131nda 2 bine yak\u0131n gazete, dergi, TV kanal\u0131 ve haber sitesinde yapt\u0131\u011f\u0131 medya takibi sonu\u00e7lar\u0131ndan derlenmi\u015ftir.<\/td>\n<td><\/td>\n<td><\/td>\n<td><\/td>\n<td><\/td>\n<td><\/td>\n<\/tr>\n<tr>\n<td><\/td>\n<td><\/td>\n<td><\/td>\n<td><\/td>\n<td><\/td>\n<td><\/td>\n<\/tr>\n<\/tbody>\n<\/table>\n<p>SPOR G\u00dcNDEM\u0130<\/p>\n<p>MTM\u2019nin d\u00fczenli olarak haz\u0131rlad\u0131\u011f\u0131 rapora g\u00f6re, Kas\u0131m ay\u0131nda \u00fczerinde en \u00e7ok konu\u015fulan futbol tak\u0131m\u0131 Galatasaray oldu. Lig ortas\u0131nda teknik direkt\u00f6r\u00fc de\u011fi\u015fen ve ald\u0131\u011f\u0131 k\u00f6t\u00fc sonu\u00e7larla sars\u0131lan sar\u0131-k\u0131rm\u0131z\u0131l\u0131 tak\u0131m, ayn\u0131 zamanda saha performans\u0131 en d\u00fc\u015f\u00fck olan ekipti. Galatasaray y\u00f6netim kurulu \u00fcyesi Cemal \u00d6zg\u00f6rkey\u2019in g\u00f6revinden istifa etmesi b\u00fcy\u00fck yank\u0131 uyand\u0131r\u0131rken, kul\u00fcp ay boyunca medyan\u0131n yak\u0131n markaj\u0131nda kalmaya devam etti. MTM\u2019nin 2 bine yak\u0131n gazete, dergi, TV kanal\u0131 ve haber sitesinde yapt\u0131\u011f\u0131 ara\u015ft\u0131rman\u0131n sonu\u00e7lar\u0131na g\u00f6re, Galatasaray medyada toplam 29 bin habere konu edildi.<\/p>\n<p>FENERBAH\u00c7E \u201cEN MEDYAT\u0130K\u201d \u00dcNVANINI BU AY DA ALAMADI!<\/p>\n<p>MTM\u2019nin ayn\u0131 ara\u015ft\u0131rma raporuna g\u00f6re; Fenerbah\u00e7e, en medyatik ikinci tak\u0131m oldu. Alex De Souza\u2019n\u0131n, Fenerbah\u00e7e\u2019nin lig tarihindeki 3 bininci gol\u00fcn\u00fc a\u011flara g\u00f6ndermesi, spor bas\u0131nda s\u0131k\u00e7a yer bulan olaylar aras\u0131nda yer ald\u0131. Fenerbah\u00e7e ay boyunca toplamda 28 bin 57 kez bas\u0131na haber olurken, ekranlarda kalma s\u00fcresi ise 91 saate yak\u0131n oldu.<\/p>\n<table>\n<tbody>\n<tr>\n<td>AYIN EN MEDYAT\u0130K SPOR KUL\u00dcPLER\u0130<\/td>\n<td><\/td>\n<td><\/td>\n<td><\/td>\n<td><\/td>\n<\/tr>\n<tr>\n<td>No<\/td>\n<td>Ad\u0131<\/td>\n<td>Kas\u0131m<\/td>\n<td>Ekim<\/td>\n<td>Art\u0131\u015f Y\u00fczdesi<\/td>\n<\/tr>\n<tr>\n<td>1<\/td>\n<td>Galatasaray<\/td>\n<td>29.003<\/td>\n<td>35.713<\/td>\n<td>-19<\/td>\n<\/tr>\n<tr>\n<td>2<\/td>\n<td>Fenerbah\u00e7e<\/td>\n<td>28.057<\/td>\n<td>35.132<\/td>\n<td>-20<\/td>\n<\/tr>\n<tr>\n<td>3<\/td>\n<td>Be\u015fikta\u015f<\/td>\n<td>26.840<\/td>\n<td>28.565<\/td>\n<td>-6<\/td>\n<\/tr>\n<tr>\n<td>4<\/td>\n<td>Trabzonspor<\/td>\n<td>21.133<\/td>\n<td>19.679<\/td>\n<td>7<\/td>\n<\/tr>\n<tr>\n<td>5<\/td>\n<td>Bursaspor<\/td>\n<td>18.606<\/td>\n<td>18.759<\/td>\n<td>-1<\/td>\n<\/tr>\n<tr>\n<td>MTM Medya Takip Merkezi&#8217;nin, Kas\u0131m ay\u0131nda 2 bine yak\u0131n gazete, dergi, TV kanal\u0131 ve haber sitesinde yapt\u0131\u011f\u0131 medya takibi sonu\u00e7lar\u0131ndan derlenmi\u015ftir.<\/td>\n<td><\/td>\n<td><\/td>\n<td><\/td>\n<td><\/td>\n<\/tr>\n<tr>\n<td><\/td>\n<td><\/td>\n<td><\/td>\n<td><\/td>\n<td><\/td>\n<\/tr>\n<\/tbody>\n<\/table>\n<p>3 B\u0130N\u0130NC\u0130 GOL\u00dc ATTI, T\u00dcRK MEDYASININ EN G\u00d6ZDE \u0130SM\u0130 OLDU!<\/p>\n<p>Medya Takip Merkezi\u2019nin her ay d\u00fczenli olarak haz\u0131rlad\u0131\u011f\u0131 \u201cay\u0131n en pop\u00fcler futbolcusu\u201d listesinde birinci s\u0131raya Fenerbah\u00e7eli futbolcu Alex De Souza yerle\u015fti. Brezilyal\u0131 futbolcunun, Fenerbah\u00e7e\u2019nin lig tarihindeki 3 bininci gol\u00fcn\u00fc atmas\u0131n\u0131n ard\u0131ndan formas\u0131n\u0131 ve kramponlar\u0131n\u0131 Fenerbah\u00e7e m\u00fczesine arma\u011fan etmesi, medyada y\u00fcksek yans\u0131ma buldu. Medyatik futbolcunun ayn\u0131 zamanda Gaziantepspor\u2019a 100. gol\u00fcn\u00fc at\u0131p \u201c100\u2019ler Kul\u00fcb\u00fc\u201dne girmesi, ona olan ilgiyi artt\u0131rd\u0131. Souza, ay boyunca 4 bin 763 haberle yer bulurken, ekranlarda kalma s\u00fcresi ise 6 saati a\u015fk\u0131n oldu.<\/p>\n<p>MTM\u2019nin ayn\u0131 ara\u015ft\u0131rma raporuna g\u00f6re; ad\u0131n\u0131 zirvede g\u00f6rmeye al\u0131\u015ft\u0131\u011f\u0131m\u0131z bir di\u011fer \u00fcnl\u00fc oyuncu Ricardo Quaresma, bu ay\u0131n en medyatik futbolcular listesinde ikinci s\u0131rada yer ald\u0131. Haber say\u0131s\u0131nda y\u00fczde 20 oran\u0131nda azalma tespit edilen Quaresma\u2019n\u0131n, Rapid Wien ma\u00e7\u0131nda ya\u015fad\u0131\u011f\u0131 sakatl\u0131k nedeniyle 39 g\u00fcn sahalardan uzak kalmas\u0131n\u0131n ard\u0131ndan, Kas\u0131mpa\u015fa ma\u00e7\u0131nda yeniden forma giymesi, bas\u0131n\u0131n ilgisini yeniden ona y\u00f6neltti. Sahalara d\u00f6nme sevinci bo\u011faz\u0131nda kalan y\u0131ld\u0131z oyuncunun, Konya ma\u00e7\u0131nda ald\u0131\u011f\u0131 ikinci sakatl\u0131k, sevenlerini bir kez daha \u00fcz\u00fcnt\u00fcye bo\u011fdu. Portekizli oyuncu medyada toplam 4 bin 708 haber ile yer buldu.<\/p>\n<p>ARDA TURAN Z\u0130RVEDEN D\u00dc\u015eT\u00dc!<\/p>\n<p>Ge\u00e7ti\u011fimiz ay T\u00fcrkiye\u2019nin en \u00e7ok konu\u015fulan futbolcusu olan Arda Turan, Kas\u0131m ay\u0131nda \u00fc\u00e7\u00fcnc\u00fc s\u0131raya geriledi. Galatasaray\u2019\u0131n usta oyuncusu Arda\u2019n\u0131n sakatl\u0131\u011f\u0131 nedeniyle Be\u015fikta\u015f derbisinde oynayamamas\u0131, ge\u00e7ti\u011fimiz ay spor bas\u0131n\u0131n\u0131n en \u00e7ok ilgi g\u00f6sterdi\u011fi konu ba\u015fl\u0131klar\u0131 aras\u0131ndayd\u0131. \u00d6zel hayat\u0131yla g\u00fcndemden d\u00fc\u015fmeyen Turan\u2019\u0131n, Galatasaray Ba\u015fkan\u0131 Adnan Polat taraf\u0131ndan gece gezmeleri konusunda uyar\u0131lmas\u0131, medyada s\u0131k\u00e7a konu\u015fuldu. IFFS&#8217;nin internet anketinde d\u00fcnyan\u0131n en pop\u00fcler futbolcular\u0131 s\u0131ralamas\u0131nda 43. s\u0131rada g\u00f6sterilmesi, Arda\u2019y\u0131 \u00f6ne \u00e7\u0131karan bir ba\u015fka haberdi. Pop\u00fclaritesi y\u00fczde 42 oran\u0131nda azalma g\u00f6steren \u00fcnl\u00fc futbolcunun medyadaki haber say\u0131s\u0131 4 bin 340\u2019a ula\u015ft\u0131.<\/p>\n<p>EN MEDYAT\u0130K SPORCULAR L\u0130STES\u0130NDE \u0130LK KEZ B\u0130R BASKETBOLCU!<\/p>\n<p>D\u00fcnyaca \u00fcnl\u00fc ABD\u2019li basketbolcu Allen Iverson\u2019un Be\u015fikta\u015f\u2019a transferi, ge\u00e7ti\u011fimiz ay\u0131n spor bas\u0131n\u0131na yans\u0131yan en \u00f6nemli geli\u015fmeleri aras\u0131ndayd\u0131. NBA y\u0131ld\u0131z\u0131n\u0131n, BJK Cola Turka Arena&#8217;da taraftarlar\u0131yla bulu\u015fmas\u0131 ve siyah beyazl\u0131 taraftarlar \u00f6n\u00fcnde imza atmas\u0131 spor bas\u0131n\u0131nda b\u00fcy\u00fck yank\u0131 uyand\u0131rd\u0131. Medyan\u0131n yeni g\u00f6zdeleri aras\u0131na yerle\u015fen Iverson, 2 bin 852 habere konu edildi.<\/p>\n<table>\n<tbody>\n<tr>\n<td>AYIN EN MEDYAT\u0130K SPORCULARI<\/td>\n<td><\/td>\n<td><\/td>\n<td><\/td>\n<td><\/td>\n<\/tr>\n<tr>\n<td>No<\/td>\n<td>Ad\u0131<\/td>\n<td>Kas\u0131m<\/td>\n<td>Ekim<\/td>\n<td>Art\u0131\u015f Y\u00fczdesi<\/td>\n<\/tr>\n<tr>\n<td>1<\/td>\n<td>Alex De Souza<\/td>\n<td>4.763<\/td>\n<td>4.793<\/td>\n<td>-1<\/td>\n<\/tr>\n<tr>\n<td>2<\/td>\n<td>Ricardo Quaresma<\/td>\n<td>4.708<\/td>\n<td>5.915<\/td>\n<td>-20<\/td>\n<\/tr>\n<tr>\n<td>3<\/td>\n<td>Arda Turan<\/td>\n<td>4.340<\/td>\n<td>7.423<\/td>\n<td>-42<\/td>\n<\/tr>\n<tr>\n<td>4<\/td>\n<td>Guti Hernandez<\/td>\n<td>4.292<\/td>\n<td>2.698<\/td>\n<td>59<\/td>\n<\/tr>\n<tr>\n<td>5<\/td>\n<td>Deivson Rogerio Da Silva<\/td>\n<td>4.126<\/td>\n<td>3.464<\/td>\n<td>19<\/td>\n<\/tr>\n<tr>\n<td>6<\/td>\n<td>Mamadou Niang<\/td>\n<td>3.746<\/td>\n<td>5.602<\/td>\n<td>-33<\/td>\n<\/tr>\n<tr>\n<td>7<\/td>\n<td>G\u00f6khan G\u00f6n\u00fcl<\/td>\n<td>3.031<\/td>\n<td>2.737<\/td>\n<td>11<\/td>\n<\/tr>\n<tr>\n<td>8<\/td>\n<td>Allen Iverson<\/td>\n<td>2.852<\/td>\n<td>&#8211;<\/td>\n<td>&#8211;<\/td>\n<\/tr>\n<tr>\n<td>9<\/td>\n<td>Holosko<\/td>\n<td>2.816<\/td>\n<td>3.067<\/td>\n<td>-8<\/td>\n<\/tr>\n<tr>\n<td>10<\/td>\n<td>Harry Kewell<\/td>\n<td>2.697<\/td>\n<td>2.092<\/td>\n<td>29<\/td>\n<\/tr>\n<tr>\n<td>MTM Medya Takip Merkezi&#8217;nin, Kas\u0131m ay\u0131nda 2 bine yak\u0131n gazete, dergi, TV kanal\u0131 ve haber sitesinde yapt\u0131\u011f\u0131 medya takibi sonu\u00e7lar\u0131ndan derlenmi\u015ftir.<\/td>\n<td><\/td>\n<td><\/td>\n<td><\/td>\n<td><\/td>\n<\/tr>\n<tr>\n<td><\/td>\n<td><\/td>\n<td><\/td>\n<td><\/td>\n<td><\/td>\n<\/tr>\n<\/tbody>\n<\/table>\n<p>SPOR G\u00dcNDEM\u0130NDE \u00d6NE \u00c7IKAN D\u0130\u011eER BA\u015eLIKLAR;<\/p>\n<ul>\n<li>\u0130stanbul, 2012 Avrupa spor ba\u015fkenti se\u00e7ildi.<\/li>\n<li>Azerbaycan&#8217;\u0131n ba\u015fkenti Bak\u00fc&#8217;de d\u00fczenlenen D\u00fcnya Erkekler V\u00fccut Geli\u015ftirme \u015eampiyonas\u0131&#8217;nda, T\u00fcrk Ulusal Tak\u0131m\u0131 ad\u0131na yar\u0131\u015fan Mahmut Irmak, 70 kiloda alt\u0131n madalya kazanarak, d\u00fcnya \u015fampiyonu oldu.<\/li>\n<li>T\u00fcrkiye B\u00fcy\u00fckler Tenis \u015eampiyonas\u0131&#8217;nda tek bayanlarda \u00c7a\u011fla B\u00fcy\u00fckak\u00e7ay birinci oldu.<\/li>\n<li>Bosna Hersek&#8217;in ba\u015fkenti Saraybosna&#8217;da sona eren 23 Ya\u015falt\u0131 Avrupa Judo \u015eampiyonas\u0131&#8217;nda T\u00fcrkiye, 1 alt\u0131n ve 1 bronz madalya kazand\u0131.\u0130talya&#8217;n\u0131n Torino kentinde d\u00fczenlenen 9. D\u00fcnya \u00dcniversiteler G\u00fcre\u015f \u015eampiyonas\u0131&#8217;nda T\u00fcrkiye, grekoromen stilde d\u00fcnya ikincisi, serbest stilde de d\u00fcnya be\u015fincisi oldu.<\/li>\n<li>Moto GP&#8217;nin dal\u0131 Moto2&#8217;nin son yar\u0131\u015f\u0131 \u0130spanya&#8217;n\u0131n Valencia Pisti&#8217;nde ko\u015fuldu. Technomag-CIP tak\u0131m\u0131yla ko\u015fuya kat\u0131lan Kenan Sofuo\u011flu, 6. turdayken 2. s\u0131rada g\u00f6t\u00fcrd\u00fc\u011f\u00fc yar\u0131\u015fmada arkadan gelen pilotun \u00e7arpmas\u0131 sonucu pist d\u0131\u015f\u0131na \u00e7\u0131karak yar\u0131\u015f\u0131 tamamlayamad\u0131.<\/li>\n<li>A Milli Futbol Tak\u0131m\u0131 \u0130dari Koordinat\u00f6rl\u00fc\u011f\u00fc&#8217;ne Okan Buruk getirildi<\/li>\n<\/ul>\n","protected":false},"excerpt":{"rendered":"<p>Medya Takip Merkezi (MTM), Kas\u0131m ay\u0131nda T\u00fcrkiye g\u00fcndemine damgas\u0131n\u0131 vuran olay, ki\u015fi ve kurumlar\u0131 ara\u015ft\u0131rd\u0131. \u0130\u015fte, ay\u0131n en fazla \u00f6ne \u00e7\u0131kan ba\u015fl\u0131klar\u0131: Wikileaks belgeleri, Oktay Ek\u015fi\u2019nin istifas\u0131, G20 zirvesi, Allen Iverson transferi ve New York\u2019ta&#8230;<\/p>\n","protected":false},"author":2,"featured_media":0,"comment_status":"open","ping_status":"open","sticky":false,"template":"","format":"standard","meta":{"footnotes":""},"categories":[3],"tags":[],"class_list":["post-1035","post","type-post","status-publish","format-standard","hentry","category-blogum"],"yoast_head":"<!-- This site is optimized with the Yoast SEO plugin v26.8 - https:\/\/yoast.com\/product\/yoast-seo-wordpress\/ -->\n<title>Kas\u0131m ay\u0131 g\u00fcndemi - At\u0131f \u00dcnald\u0131<\/title>\n<meta name=\"robots\" content=\"index, follow, max-snippet:-1, max-image-preview:large, max-video-preview:-1\" \/>\n<link rel=\"canonical\" href=\"http:\/\/atif.unaldi.org\/blog\/2010\/12\/06\/kasim-ayinda-iz-birakan-olay-kisi-ve-kurumlar\/\" \/>\n<meta property=\"og:locale\" content=\"tr_TR\" \/>\n<meta property=\"og:type\" content=\"article\" \/>\n<meta property=\"og:title\" content=\"Kas\u0131m ay\u0131 g\u00fcndemi - At\u0131f \u00dcnald\u0131\" \/>\n<meta property=\"og:description\" content=\"Medya Takip Merkezi (MTM), Kas\u0131m ay\u0131nda T\u00fcrkiye g\u00fcndemine damgas\u0131n\u0131 vuran olay, ki\u015fi ve kurumlar\u0131 ara\u015ft\u0131rd\u0131. \u0130\u015fte, ay\u0131n en fazla \u00f6ne \u00e7\u0131kan ba\u015fl\u0131klar\u0131: Wikileaks belgeleri, Oktay Ek\u015fi\u2019nin istifas\u0131, G20 zirvesi, Allen Iverson transferi ve New York\u2019ta...\" \/>\n<meta property=\"og:url\" content=\"http:\/\/atif.unaldi.org\/blog\/2010\/12\/06\/kasim-ayinda-iz-birakan-olay-kisi-ve-kurumlar\/\" \/>\n<meta property=\"og:site_name\" content=\"At\u0131f \u00dcnald\u0131\" \/>\n<meta property=\"article:publisher\" content=\"https:\/\/www.facebook.com\/atifunaldi\" \/>\n<meta property=\"article:author\" content=\"https:\/\/www.facebook.com\/atifunaldi\" \/>\n<meta property=\"article:published_time\" content=\"2010-12-06T21:21:22+00:00\" \/>\n<meta name=\"author\" content=\"Atif Unaldi\" \/>\n<meta name=\"twitter:card\" content=\"summary_large_image\" \/>\n<meta name=\"twitter:creator\" content=\"@https:\/\/twitter.com\/atifunaldi\" \/>\n<meta name=\"twitter:site\" content=\"@atifunaldi\" \/>\n<meta name=\"twitter:label1\" content=\"Yazan:\" \/>\n\t<meta name=\"twitter:data1\" content=\"Atif Unaldi\" \/>\n\t<meta name=\"twitter:label2\" content=\"Tahmini okuma s\u00fcresi\" \/>\n\t<meta name=\"twitter:data2\" content=\"18 dakika\" \/>\n<script type=\"application\/ld+json\" class=\"yoast-schema-graph\">{\"@context\":\"https:\/\/schema.org\",\"@graph\":[{\"@type\":\"Article\",\"@id\":\"http:\/\/atif.unaldi.org\/blog\/2010\/12\/06\/kasim-ayinda-iz-birakan-olay-kisi-ve-kurumlar\/#article\",\"isPartOf\":{\"@id\":\"http:\/\/atif.unaldi.org\/blog\/2010\/12\/06\/kasim-ayinda-iz-birakan-olay-kisi-ve-kurumlar\/\"},\"author\":{\"name\":\"Atif Unaldi\",\"@id\":\"http:\/\/atif.unaldi.org\/blog\/#\/schema\/person\/608ed42ecbda2bc5cfdb767ac1db479b\"},\"headline\":\"Kas\u0131m ay\u0131 g\u00fcndemi\",\"datePublished\":\"2010-12-06T21:21:22+00:00\",\"mainEntityOfPage\":{\"@id\":\"http:\/\/atif.unaldi.org\/blog\/2010\/12\/06\/kasim-ayinda-iz-birakan-olay-kisi-ve-kurumlar\/\"},\"wordCount\":3678,\"commentCount\":0,\"publisher\":{\"@id\":\"http:\/\/atif.unaldi.org\/blog\/#\/schema\/person\/608ed42ecbda2bc5cfdb767ac1db479b\"},\"articleSection\":[\"Blogum\"],\"inLanguage\":\"tr\",\"potentialAction\":[{\"@type\":\"CommentAction\",\"name\":\"Comment\",\"target\":[\"http:\/\/atif.unaldi.org\/blog\/2010\/12\/06\/kasim-ayinda-iz-birakan-olay-kisi-ve-kurumlar\/#respond\"]}]},{\"@type\":\"WebPage\",\"@id\":\"http:\/\/atif.unaldi.org\/blog\/2010\/12\/06\/kasim-ayinda-iz-birakan-olay-kisi-ve-kurumlar\/\",\"url\":\"http:\/\/atif.unaldi.org\/blog\/2010\/12\/06\/kasim-ayinda-iz-birakan-olay-kisi-ve-kurumlar\/\",\"name\":\"Kas\u0131m ay\u0131 g\u00fcndemi - At\u0131f \u00dcnald\u0131\",\"isPartOf\":{\"@id\":\"http:\/\/atif.unaldi.org\/blog\/#website\"},\"datePublished\":\"2010-12-06T21:21:22+00:00\",\"breadcrumb\":{\"@id\":\"http:\/\/atif.unaldi.org\/blog\/2010\/12\/06\/kasim-ayinda-iz-birakan-olay-kisi-ve-kurumlar\/#breadcrumb\"},\"inLanguage\":\"tr\",\"potentialAction\":[{\"@type\":\"ReadAction\",\"target\":[\"http:\/\/atif.unaldi.org\/blog\/2010\/12\/06\/kasim-ayinda-iz-birakan-olay-kisi-ve-kurumlar\/\"]}]},{\"@type\":\"BreadcrumbList\",\"@id\":\"http:\/\/atif.unaldi.org\/blog\/2010\/12\/06\/kasim-ayinda-iz-birakan-olay-kisi-ve-kurumlar\/#breadcrumb\",\"itemListElement\":[{\"@type\":\"ListItem\",\"position\":1,\"name\":\"Anasayfa\",\"item\":\"http:\/\/atif.unaldi.org\/blog\/\"},{\"@type\":\"ListItem\",\"position\":2,\"name\":\"Kas\u0131m ay\u0131 g\u00fcndemi\"}]},{\"@type\":\"WebSite\",\"@id\":\"http:\/\/atif.unaldi.org\/blog\/#website\",\"url\":\"http:\/\/atif.unaldi.org\/blog\/\",\"name\":\"At\u0131f \u00dcnald\u0131\",\"description\":\"Yazar\",\"publisher\":{\"@id\":\"http:\/\/atif.unaldi.org\/blog\/#\/schema\/person\/608ed42ecbda2bc5cfdb767ac1db479b\"},\"alternateName\":\"At\u0131f \u00dcnald\u0131 Blog\",\"potentialAction\":[{\"@type\":\"SearchAction\",\"target\":{\"@type\":\"EntryPoint\",\"urlTemplate\":\"http:\/\/atif.unaldi.org\/blog\/?s={search_term_string}\"},\"query-input\":{\"@type\":\"PropertyValueSpecification\",\"valueRequired\":true,\"valueName\":\"search_term_string\"}}],\"inLanguage\":\"tr\"},{\"@type\":[\"Person\",\"Organization\"],\"@id\":\"http:\/\/atif.unaldi.org\/blog\/#\/schema\/person\/608ed42ecbda2bc5cfdb767ac1db479b\",\"name\":\"Atif Unaldi\",\"image\":{\"@type\":\"ImageObject\",\"inLanguage\":\"tr\",\"@id\":\"http:\/\/atif.unaldi.org\/blog\/#\/schema\/person\/image\/\",\"url\":\"http:\/\/atif.unaldi.org\/blog\/wp-content\/uploads\/2022\/10\/cropped-a94e8f7a-67c4-4d65-8a5f-032ba784be53-2.jpg\",\"contentUrl\":\"http:\/\/atif.unaldi.org\/blog\/wp-content\/uploads\/2022\/10\/cropped-a94e8f7a-67c4-4d65-8a5f-032ba784be53-2.jpg\",\"width\":512,\"height\":512,\"caption\":\"Atif Unaldi\"},\"logo\":{\"@id\":\"http:\/\/atif.unaldi.org\/blog\/#\/schema\/person\/image\/\"},\"description\":\"Bo\u011fazi\u00e7i \u00dcniversitesinde Fizik B\u00f6l\u00fcm\u00fc\u2019nde e\u011fitim ald\u0131\u011f\u0131 y\u0131llarda T\u00fcrkiye\u2019de ilk kez iki bilgisayar\u0131 telefon hatlar\u0131 \u00fczerinden konu\u015fturan BBS sistemini kurarak, T\u00fcrkiye\u2019deki ilk internet a\u011f\u0131n\u0131 olu\u015fturmu\u015ftur. Bir \u00e7ok radyo ve televizyonda program yap\u0131mc\u0131l\u0131\u011f\u0131 ve sunuculu\u011funu, bir \u00e7ok teknoloji dergisinde k\u00f6\u015fe yazarl\u0131\u011f\u0131, bili\u015fim edit\u00f6rl\u00fc\u011f\u00fc ve genel yay\u0131n y\u00f6netmenli\u011fi yapt\u0131. T\u00fcrkiye\u2019deki ilk internet servis sa\u011flay\u0131c\u0131s\u0131n\u0131n genel m\u00fcd\u00fcrl\u00fc\u011f\u00fcn\u00fc \u00fcstlendi. Bir \u00e7ok organizasyon ve kurulu\u015fta internet s\u00fcperviz\u00f6rl\u00fc\u011f\u00fc , webmaster\u2019l\u0131\u011f\u0131 , IT direkt\u00f6rl\u00fc\u011f\u00fc ve dijital projeler koordinat\u00f6rl\u00fc\u011f\u00fc g\u00f6revlerinde bulundu. Farkl\u0131 \u00fcniversitelerin farkl\u0131 fak\u00fcltelerinde \u00f6\u011fretim g\u00f6revlisi olarak bulunmu\u015f olan \u00dcnald\u0131; \u015fu an teknoloji ve pazarlama konular\u0131 ba\u015fta olmak \u00fczere bir\u00e7ok alanda hizmet veren Unaldi Consultancy\u2019nin kurucusudur. \\u2028Selin \u00dcnald\u0131 ile evlidir. Su ve Toprak isminde iki \u00e7ocu\u011fu vard\u0131r.\",\"sameAs\":[\"http:\/\/atif.unaldi.org\/blog\",\"https:\/\/www.facebook.com\/atifunaldi\",\"https:\/\/www.instagram.com\/atifunaldi\/\",\"https:\/\/www.linkedin.com\/in\/atifunaldi\",\"https:\/\/x.com\/https:\/\/twitter.com\/atifunaldi\",\"https:\/\/www.youtube.com\/c\/atifunaldi\",\"https:\/\/soundcloud.com\/atif-unaldi\",\"https:\/\/atifunaldi.tumblr.com\"],\"url\":\"http:\/\/atif.unaldi.org\/blog\/author\/atifunaldi\/\"}]}<\/script>\n<!-- \/ Yoast SEO plugin. -->","yoast_head_json":{"title":"Kas\u0131m ay\u0131 g\u00fcndemi - At\u0131f \u00dcnald\u0131","robots":{"index":"index","follow":"follow","max-snippet":"max-snippet:-1","max-image-preview":"max-image-preview:large","max-video-preview":"max-video-preview:-1"},"canonical":"http:\/\/atif.unaldi.org\/blog\/2010\/12\/06\/kasim-ayinda-iz-birakan-olay-kisi-ve-kurumlar\/","og_locale":"tr_TR","og_type":"article","og_title":"Kas\u0131m ay\u0131 g\u00fcndemi - At\u0131f \u00dcnald\u0131","og_description":"Medya Takip Merkezi (MTM), Kas\u0131m ay\u0131nda T\u00fcrkiye g\u00fcndemine damgas\u0131n\u0131 vuran olay, ki\u015fi ve kurumlar\u0131 ara\u015ft\u0131rd\u0131. \u0130\u015fte, ay\u0131n en fazla \u00f6ne \u00e7\u0131kan ba\u015fl\u0131klar\u0131: Wikileaks belgeleri, Oktay Ek\u015fi\u2019nin istifas\u0131, G20 zirvesi, Allen Iverson transferi ve New York\u2019ta...","og_url":"http:\/\/atif.unaldi.org\/blog\/2010\/12\/06\/kasim-ayinda-iz-birakan-olay-kisi-ve-kurumlar\/","og_site_name":"At\u0131f \u00dcnald\u0131","article_publisher":"https:\/\/www.facebook.com\/atifunaldi","article_author":"https:\/\/www.facebook.com\/atifunaldi","article_published_time":"2010-12-06T21:21:22+00:00","author":"Atif Unaldi","twitter_card":"summary_large_image","twitter_creator":"@https:\/\/twitter.com\/atifunaldi","twitter_site":"@atifunaldi","twitter_misc":{"Yazan:":"Atif Unaldi","Tahmini okuma s\u00fcresi":"18 dakika"},"schema":{"@context":"https:\/\/schema.org","@graph":[{"@type":"Article","@id":"http:\/\/atif.unaldi.org\/blog\/2010\/12\/06\/kasim-ayinda-iz-birakan-olay-kisi-ve-kurumlar\/#article","isPartOf":{"@id":"http:\/\/atif.unaldi.org\/blog\/2010\/12\/06\/kasim-ayinda-iz-birakan-olay-kisi-ve-kurumlar\/"},"author":{"name":"Atif Unaldi","@id":"http:\/\/atif.unaldi.org\/blog\/#\/schema\/person\/608ed42ecbda2bc5cfdb767ac1db479b"},"headline":"Kas\u0131m ay\u0131 g\u00fcndemi","datePublished":"2010-12-06T21:21:22+00:00","mainEntityOfPage":{"@id":"http:\/\/atif.unaldi.org\/blog\/2010\/12\/06\/kasim-ayinda-iz-birakan-olay-kisi-ve-kurumlar\/"},"wordCount":3678,"commentCount":0,"publisher":{"@id":"http:\/\/atif.unaldi.org\/blog\/#\/schema\/person\/608ed42ecbda2bc5cfdb767ac1db479b"},"articleSection":["Blogum"],"inLanguage":"tr","potentialAction":[{"@type":"CommentAction","name":"Comment","target":["http:\/\/atif.unaldi.org\/blog\/2010\/12\/06\/kasim-ayinda-iz-birakan-olay-kisi-ve-kurumlar\/#respond"]}]},{"@type":"WebPage","@id":"http:\/\/atif.unaldi.org\/blog\/2010\/12\/06\/kasim-ayinda-iz-birakan-olay-kisi-ve-kurumlar\/","url":"http:\/\/atif.unaldi.org\/blog\/2010\/12\/06\/kasim-ayinda-iz-birakan-olay-kisi-ve-kurumlar\/","name":"Kas\u0131m ay\u0131 g\u00fcndemi - At\u0131f \u00dcnald\u0131","isPartOf":{"@id":"http:\/\/atif.unaldi.org\/blog\/#website"},"datePublished":"2010-12-06T21:21:22+00:00","breadcrumb":{"@id":"http:\/\/atif.unaldi.org\/blog\/2010\/12\/06\/kasim-ayinda-iz-birakan-olay-kisi-ve-kurumlar\/#breadcrumb"},"inLanguage":"tr","potentialAction":[{"@type":"ReadAction","target":["http:\/\/atif.unaldi.org\/blog\/2010\/12\/06\/kasim-ayinda-iz-birakan-olay-kisi-ve-kurumlar\/"]}]},{"@type":"BreadcrumbList","@id":"http:\/\/atif.unaldi.org\/blog\/2010\/12\/06\/kasim-ayinda-iz-birakan-olay-kisi-ve-kurumlar\/#breadcrumb","itemListElement":[{"@type":"ListItem","position":1,"name":"Anasayfa","item":"http:\/\/atif.unaldi.org\/blog\/"},{"@type":"ListItem","position":2,"name":"Kas\u0131m ay\u0131 g\u00fcndemi"}]},{"@type":"WebSite","@id":"http:\/\/atif.unaldi.org\/blog\/#website","url":"http:\/\/atif.unaldi.org\/blog\/","name":"At\u0131f \u00dcnald\u0131","description":"Yazar","publisher":{"@id":"http:\/\/atif.unaldi.org\/blog\/#\/schema\/person\/608ed42ecbda2bc5cfdb767ac1db479b"},"alternateName":"At\u0131f \u00dcnald\u0131 Blog","potentialAction":[{"@type":"SearchAction","target":{"@type":"EntryPoint","urlTemplate":"http:\/\/atif.unaldi.org\/blog\/?s={search_term_string}"},"query-input":{"@type":"PropertyValueSpecification","valueRequired":true,"valueName":"search_term_string"}}],"inLanguage":"tr"},{"@type":["Person","Organization"],"@id":"http:\/\/atif.unaldi.org\/blog\/#\/schema\/person\/608ed42ecbda2bc5cfdb767ac1db479b","name":"Atif Unaldi","image":{"@type":"ImageObject","inLanguage":"tr","@id":"http:\/\/atif.unaldi.org\/blog\/#\/schema\/person\/image\/","url":"http:\/\/atif.unaldi.org\/blog\/wp-content\/uploads\/2022\/10\/cropped-a94e8f7a-67c4-4d65-8a5f-032ba784be53-2.jpg","contentUrl":"http:\/\/atif.unaldi.org\/blog\/wp-content\/uploads\/2022\/10\/cropped-a94e8f7a-67c4-4d65-8a5f-032ba784be53-2.jpg","width":512,"height":512,"caption":"Atif Unaldi"},"logo":{"@id":"http:\/\/atif.unaldi.org\/blog\/#\/schema\/person\/image\/"},"description":"Bo\u011fazi\u00e7i \u00dcniversitesinde Fizik B\u00f6l\u00fcm\u00fc\u2019nde e\u011fitim ald\u0131\u011f\u0131 y\u0131llarda T\u00fcrkiye\u2019de ilk kez iki bilgisayar\u0131 telefon hatlar\u0131 \u00fczerinden konu\u015fturan BBS sistemini kurarak, T\u00fcrkiye\u2019deki ilk internet a\u011f\u0131n\u0131 olu\u015fturmu\u015ftur. Bir \u00e7ok radyo ve televizyonda program yap\u0131mc\u0131l\u0131\u011f\u0131 ve sunuculu\u011funu, bir \u00e7ok teknoloji dergisinde k\u00f6\u015fe yazarl\u0131\u011f\u0131, bili\u015fim edit\u00f6rl\u00fc\u011f\u00fc ve genel yay\u0131n y\u00f6netmenli\u011fi yapt\u0131. T\u00fcrkiye\u2019deki ilk internet servis sa\u011flay\u0131c\u0131s\u0131n\u0131n genel m\u00fcd\u00fcrl\u00fc\u011f\u00fcn\u00fc \u00fcstlendi. Bir \u00e7ok organizasyon ve kurulu\u015fta internet s\u00fcperviz\u00f6rl\u00fc\u011f\u00fc , webmaster\u2019l\u0131\u011f\u0131 , IT direkt\u00f6rl\u00fc\u011f\u00fc ve dijital projeler koordinat\u00f6rl\u00fc\u011f\u00fc g\u00f6revlerinde bulundu. Farkl\u0131 \u00fcniversitelerin farkl\u0131 fak\u00fcltelerinde \u00f6\u011fretim g\u00f6revlisi olarak bulunmu\u015f olan \u00dcnald\u0131; \u015fu an teknoloji ve pazarlama konular\u0131 ba\u015fta olmak \u00fczere bir\u00e7ok alanda hizmet veren Unaldi Consultancy\u2019nin kurucusudur. \u2028Selin \u00dcnald\u0131 ile evlidir. Su ve Toprak isminde iki \u00e7ocu\u011fu vard\u0131r.","sameAs":["http:\/\/atif.unaldi.org\/blog","https:\/\/www.facebook.com\/atifunaldi","https:\/\/www.instagram.com\/atifunaldi\/","https:\/\/www.linkedin.com\/in\/atifunaldi","https:\/\/x.com\/https:\/\/twitter.com\/atifunaldi","https:\/\/www.youtube.com\/c\/atifunaldi","https:\/\/soundcloud.com\/atif-unaldi","https:\/\/atifunaldi.tumblr.com"],"url":"http:\/\/atif.unaldi.org\/blog\/author\/atifunaldi\/"}]}},"jetpack_featured_media_url":"","_links":{"self":[{"href":"http:\/\/atif.unaldi.org\/blog\/wp-json\/wp\/v2\/posts\/1035","targetHints":{"allow":["GET"]}}],"collection":[{"href":"http:\/\/atif.unaldi.org\/blog\/wp-json\/wp\/v2\/posts"}],"about":[{"href":"http:\/\/atif.unaldi.org\/blog\/wp-json\/wp\/v2\/types\/post"}],"author":[{"embeddable":true,"href":"http:\/\/atif.unaldi.org\/blog\/wp-json\/wp\/v2\/users\/2"}],"replies":[{"embeddable":true,"href":"http:\/\/atif.unaldi.org\/blog\/wp-json\/wp\/v2\/comments?post=1035"}],"version-history":[{"count":0,"href":"http:\/\/atif.unaldi.org\/blog\/wp-json\/wp\/v2\/posts\/1035\/revisions"}],"wp:attachment":[{"href":"http:\/\/atif.unaldi.org\/blog\/wp-json\/wp\/v2\/media?parent=1035"}],"wp:term":[{"taxonomy":"category","embeddable":true,"href":"http:\/\/atif.unaldi.org\/blog\/wp-json\/wp\/v2\/categories?post=1035"},{"taxonomy":"post_tag","embeddable":true,"href":"http:\/\/atif.unaldi.org\/blog\/wp-json\/wp\/v2\/tags?post=1035"}],"curies":[{"name":"wp","href":"https:\/\/api.w.org\/{rel}","templated":true}]}}