{"id":1040,"date":"2010-12-10T19:32:33","date_gmt":"2010-12-10T19:32:33","guid":{"rendered":"http:\/\/atifunaldi.info\/?p=1040"},"modified":"2010-12-10T19:32:33","modified_gmt":"2010-12-10T19:32:33","slug":"t3-aralik-sayisi","status":"publish","type":"post","link":"http:\/\/atif.unaldi.org\/blog\/2010\/12\/10\/t3-aralik-sayisi\/","title":{"rendered":"T3 Aral\u0131k Say\u0131s\u0131"},"content":{"rendered":"<p>\u00c7ok h\u0131zl\u0131 bir kas\u0131m ay\u0131 ge\u00e7ti. Genelde biz kas\u0131m aylar\u0131n\u0131 yaprak d\u00f6k\u00fcm\u00fc ve sonbahar\u0131n h\u00fczn\u00fc ile hat\u0131rlar\u0131z ancak bu sefer \u00f6yle olmad\u0131. Ekim ay\u0131n\u0131n sonunda Kayseri\u2019de RTUK \u00fcyeleri ve Enerji Bakan\u0131 ile birlikte verdi\u011fimiz IPTV konferanslar\u0131 ve yerel medya temaslar\u0131 sonras\u0131, ay\u0131n daha en ba\u015flar\u0131nda Okan \u00dcniversitesinde gen\u00e7 arkada\u015flara IPTV teknolojisini ve yaz\u0131l\u0131mc\u0131lara getirilerini anlatarak ba\u015flad\u0131m. Zaten iptv herhalde bu ay en fazla konu\u015fulan konular listesinde neredeyse en \u00fcstteydi. <!--more--><br \/>\nAirties\u2019\u0131n yeni geli\u015ftirdi\u011fi, kablosuz a\u011flar \u00fczerinden video payla\u015f\u0131m\u0131n\u0131 parazitsiz ger\u00e7ekle\u015ftirmeyi sa\u011flayan yeni teknoloji b\u00fct\u00fcn bas\u0131n\u0131n ciddi anlamda ilgisini \u00e7ekmeyi ba\u015fard\u0131. Asl\u0131nda bu teknoloji benim y\u0131llard\u0131r iptv konusunda bant geni\u015fli\u011finden ziyade parazitsiz a\u011flara ihtiyac\u0131m\u0131z oldu\u011fu bilgisini do\u011frular nitelikteydi. Hemen ayn\u0131 g\u00fcn TTnet iptivibu\u2019yu bas\u0131n mensuplar\u0131 ile tan\u0131\u015ft\u0131rd\u0131. IPTiViBu gelece\u011fin teknolojisine temkinli bi ba\u015flang\u0131\u00e7 olarak g\u00f6r\u00fcn\u00fcyor. Ancak TTnet\u2019in art\u0131k bu konuda o kadar temkinli gitmesine gerek olmad\u0131\u011f\u0131n\u0131 d\u00fc\u015f\u00fcn\u00fcyorum. Zira t\u00fcketiciden ald\u0131\u011f\u0131m izlenim burada olu\u015fan yeni katma de\u011ferin fark\u0131nda olduklar\u0131 yolunda. Bu heyecan\u0131 da \u00f6ld\u00fcrmemek gerekiyor.<br \/>\nZaten TTnet Genel M\u00fcd\u00fcr\u00fc Tahsin Y\u0131lmaz da IPTV konusunda \u00e7ok stratejik kararlar al\u0131yor. Bunu ba\u015fka bas\u0131n gezilerinde de kula\u011f\u0131n\u0131 \u00e7\u0131nlatmam\u0131zdan anlayabiliyorum.<br \/>\nAntalya\u2019da ger\u00e7ekle\u015fen ITP2010 konferans\u0131nda ise a\u011f\u0131rl\u0131kl\u0131 konu \u201cBulut Bili\u015fim\u201d (yani cloud computing\u2019di) Her\u015feyin servis olarak kullan\u0131laca\u011f\u0131 yeni bir \u00e7a\u011fa do\u011fru gidiyoruz.Bu \u00e7a\u011f\u0131n en \u00f6nemli par\u00e7as\u0131 da bulut bili\u015fim. Kas\u0131m ay\u0131n\u0131n ortalar\u0131nda Superonline ile Gaziantep yerel y\u00f6netimleri ile birlikte yapt\u011f\u0131 fiber optik yat\u0131r\u0131m\u0131n\u0131 yerinde g\u00f6rmek i\u00e7in Antep\u2019e gittik.<br \/>\nBu arada her T3 okuyucusu gibi biz de sosyal faaliyetleri unutmad\u0131k. Ay i\u00e7inde \u00a0IWC\u2019nin ger\u00e7ekle\u015ftirdi\u011fi bir geceye kat\u0131ld\u0131k, VIP Fashion show\u2019da dostlar\u0131m\u0131z\u0131n yeni kreasyonlar\u0131n\u0131 seyrettik. Teknoloji bunun neresinde diye sorabilirsiniz. bu etkinliklerin davetleri eskisi gibi matbuu gelmedi\u011fi, facebook \u00fczerinden bana ula\u015ft\u0131\u011f\u0131 i\u00e7in kaybolmuyor, unutulmuyor (hemen takviminize export edebiliyorsunuz) bu nedenle bu tip dijital davetleri \u00f6zellikle takip ediyorum, edebiliyorum.<br \/>\nT3\u2019de bu ay bu konularla ilgili k\u00fc\u00e7\u00fck par\u00e7ala bulman\u0131z m\u00fcmk\u00fcn olacak. IPTV konusuna daha \u00f6nceki aylarda de\u011finmi\u015ftik, bu ay tabletlerin web tv kulln\u0131m\u0131 konular\u0131m\u0131z aras\u0131nda. Bu konuyu RADAR b\u00f6l\u00fcm\u00fcnde bulabilirsiniz. 360 derecede bu ay panasonic\u2019in 3D kameras\u0131n\u0131 detayl\u0131 olarak sizlerle payla\u015ft\u0131k. Ben k\u00f6t\u00fc bir bilgisayar oyuncusuyum ancak beni bile teslim alan facebook oyunlar\u0131n\u0131 bu ay oyun sayfalar\u0131m\u0131zda g\u00f6rebilirsiniz. Ayr\u0131ca sineman\u0131n teknoloji ile imtihan\u0131 konusundaki yaz\u0131 ger\u00e7ekten \u00e7ok e\u011flenceli oldu. Matrix\u2019de insandan g\u00fc\u00e7 elde etmeye kalkarsak ancak C s\u0131n\u0131f\u0131 bir pil kadar g\u00fc\u00e7 elde edebilriz. Bunu da unutmamak laz\u0131m. Bu arada Alternatif cihaz \u00f6d\u00fclleri konusundaki yaz\u0131m\u0131z da sizi eminim \u00e7ok e\u011flendirecek.<br \/>\nNETle\u015fmek \u00fczere!<\/p>\n<p>Kaptan k\u00f6\u015fk\u00fc<\/p>\n<p>EPSON EH-TW5000<br \/>\nHerkesin HD televizyonlar\u0131n pe\u015finde ko\u015ftu\u011fu bu d\u00f6nemde, benim eski projeksiyon merak\u0131m yeniden ortaya \u00e7\u0131kt\u0131. EPSON\u2019\u0131n bu cihaz\u0131 iki HDMI giri\u015fi, parlak g\u00f6r\u00fcnt\u00fc kalitesi ve koyu siyahlar\u0131 ile ger\u00e7ek bir HD projeksiyon. \u0130yi bir ses sitemi ile birlikte kullanabilece\u011finiz bu cihaz, benim \u0131\u015f\u0131k y\u00fcz\u00fcnden ekran\u0131 bile g\u00f6remedi\u011fim evimde inan\u0131lmaz g\u00fczel sonu\u00e7lar verdi. Ayr\u0131ca fan sesi hi\u00e7 yok.<\/p>\n<p>iomega StorCenter ix4-200d<br \/>\nHer T3 okuyucusunun evinde bir NAS server bulunmal\u0131 diye d\u00fc\u015f\u00fcn\u00fcyorum. Bu benim evimdeki ikinci NAS sunucu. En \u00f6nemli \u00f6zelli\u011fi kutudan \u00e7\u0131kard\u0131\u011f\u0131n\u0131z anda on dakikada kullan\u0131ma haz\u0131r hale getirebilmeniz. Bunu her NAS sunucusunda ya\u015fayam\u0131yorsunuz. Ayr\u0131ca ev d\u0131\u015f\u0131ndan eri\u015fime izin vermesi de ayr\u0131ca bir rahatl\u0131k. Standart \u00f6zellikler aras\u0131nda ise, raid olmas\u0131 ve 4TB gibi kocaman bir alana sahip olmas\u0131n\u0131 sayabiliriz.<\/p>\n<p>Mac Pro<br \/>\nBu bir milad! LCII\u2019dan sonra hi\u00e7bir modelini ki\u015fisel ama\u00e7larla kullanmad\u0131\u011f\u0131m mac teknolojisi, iphone ile evime s\u0131zd\u0131 ve art\u0131k ben de mac \u00a0pro notebook kullanmaya ba\u015flad\u0131m. Benim gibi dinazor bir pc kullan\u0131c\u0131s\u0131 i\u00e7in son derece g\u00fcvenli bir alan oldu\u011funu g\u00f6r\u00fcyorum ama yine de biraz korkuyorum&#8230;<\/p>\n","protected":false},"excerpt":{"rendered":"<p>\u00c7ok h\u0131zl\u0131 bir kas\u0131m ay\u0131 ge\u00e7ti. Genelde biz kas\u0131m aylar\u0131n\u0131 yaprak d\u00f6k\u00fcm\u00fc ve sonbahar\u0131n h\u00fczn\u00fc ile hat\u0131rlar\u0131z ancak bu sefer \u00f6yle olmad\u0131. Ekim ay\u0131n\u0131n sonunda Kayseri\u2019de RTUK \u00fcyeleri ve Enerji Bakan\u0131 ile birlikte verdi\u011fimiz IPTV&#8230;<\/p>\n","protected":false},"author":2,"featured_media":0,"comment_status":"open","ping_status":"open","sticky":false,"template":"","format":"standard","meta":{"footnotes":""},"categories":[32],"tags":[],"class_list":["post-1040","post","type-post","status-publish","format-standard","hentry","category-t3"],"yoast_head":"<!-- This site is optimized with the Yoast SEO plugin v26.8 - https:\/\/yoast.com\/product\/yoast-seo-wordpress\/ -->\n<title>T3 Aral\u0131k Say\u0131s\u0131 - At\u0131f \u00dcnald\u0131<\/title>\n<meta name=\"robots\" content=\"index, follow, max-snippet:-1, max-image-preview:large, max-video-preview:-1\" \/>\n<link rel=\"canonical\" href=\"http:\/\/atif.unaldi.org\/blog\/2010\/12\/10\/t3-aralik-sayisi\/\" \/>\n<meta property=\"og:locale\" content=\"tr_TR\" \/>\n<meta property=\"og:type\" content=\"article\" \/>\n<meta property=\"og:title\" content=\"T3 Aral\u0131k Say\u0131s\u0131 - At\u0131f \u00dcnald\u0131\" \/>\n<meta property=\"og:description\" content=\"\u00c7ok h\u0131zl\u0131 bir kas\u0131m ay\u0131 ge\u00e7ti. Genelde biz kas\u0131m aylar\u0131n\u0131 yaprak d\u00f6k\u00fcm\u00fc ve sonbahar\u0131n h\u00fczn\u00fc ile hat\u0131rlar\u0131z ancak bu sefer \u00f6yle olmad\u0131. Ekim ay\u0131n\u0131n sonunda Kayseri\u2019de RTUK \u00fcyeleri ve Enerji Bakan\u0131 ile birlikte verdi\u011fimiz IPTV...\" \/>\n<meta property=\"og:url\" content=\"http:\/\/atif.unaldi.org\/blog\/2010\/12\/10\/t3-aralik-sayisi\/\" \/>\n<meta property=\"og:site_name\" content=\"At\u0131f \u00dcnald\u0131\" \/>\n<meta property=\"article:publisher\" content=\"https:\/\/www.facebook.com\/atifunaldi\" \/>\n<meta property=\"article:author\" content=\"https:\/\/www.facebook.com\/atifunaldi\" \/>\n<meta property=\"article:published_time\" content=\"2010-12-10T19:32:33+00:00\" \/>\n<meta name=\"author\" content=\"Atif Unaldi\" \/>\n<meta name=\"twitter:card\" content=\"summary_large_image\" \/>\n<meta name=\"twitter:creator\" content=\"@https:\/\/twitter.com\/atifunaldi\" \/>\n<meta name=\"twitter:site\" content=\"@atifunaldi\" \/>\n<meta name=\"twitter:label1\" content=\"Yazan:\" \/>\n\t<meta name=\"twitter:data1\" content=\"Atif Unaldi\" \/>\n\t<meta name=\"twitter:label2\" content=\"Tahmini okuma s\u00fcresi\" \/>\n\t<meta name=\"twitter:data2\" content=\"4 dakika\" \/>\n<script type=\"application\/ld+json\" class=\"yoast-schema-graph\">{\"@context\":\"https:\/\/schema.org\",\"@graph\":[{\"@type\":\"Article\",\"@id\":\"http:\/\/atif.unaldi.org\/blog\/2010\/12\/10\/t3-aralik-sayisi\/#article\",\"isPartOf\":{\"@id\":\"http:\/\/atif.unaldi.org\/blog\/2010\/12\/10\/t3-aralik-sayisi\/\"},\"author\":{\"name\":\"Atif Unaldi\",\"@id\":\"http:\/\/atif.unaldi.org\/blog\/#\/schema\/person\/608ed42ecbda2bc5cfdb767ac1db479b\"},\"headline\":\"T3 Aral\u0131k Say\u0131s\u0131\",\"datePublished\":\"2010-12-10T19:32:33+00:00\",\"mainEntityOfPage\":{\"@id\":\"http:\/\/atif.unaldi.org\/blog\/2010\/12\/10\/t3-aralik-sayisi\/\"},\"wordCount\":764,\"commentCount\":0,\"publisher\":{\"@id\":\"http:\/\/atif.unaldi.org\/blog\/#\/schema\/person\/608ed42ecbda2bc5cfdb767ac1db479b\"},\"articleSection\":[\"- T3\"],\"inLanguage\":\"tr\",\"potentialAction\":[{\"@type\":\"CommentAction\",\"name\":\"Comment\",\"target\":[\"http:\/\/atif.unaldi.org\/blog\/2010\/12\/10\/t3-aralik-sayisi\/#respond\"]}]},{\"@type\":\"WebPage\",\"@id\":\"http:\/\/atif.unaldi.org\/blog\/2010\/12\/10\/t3-aralik-sayisi\/\",\"url\":\"http:\/\/atif.unaldi.org\/blog\/2010\/12\/10\/t3-aralik-sayisi\/\",\"name\":\"T3 Aral\u0131k Say\u0131s\u0131 - At\u0131f \u00dcnald\u0131\",\"isPartOf\":{\"@id\":\"http:\/\/atif.unaldi.org\/blog\/#website\"},\"datePublished\":\"2010-12-10T19:32:33+00:00\",\"breadcrumb\":{\"@id\":\"http:\/\/atif.unaldi.org\/blog\/2010\/12\/10\/t3-aralik-sayisi\/#breadcrumb\"},\"inLanguage\":\"tr\",\"potentialAction\":[{\"@type\":\"ReadAction\",\"target\":[\"http:\/\/atif.unaldi.org\/blog\/2010\/12\/10\/t3-aralik-sayisi\/\"]}]},{\"@type\":\"BreadcrumbList\",\"@id\":\"http:\/\/atif.unaldi.org\/blog\/2010\/12\/10\/t3-aralik-sayisi\/#breadcrumb\",\"itemListElement\":[{\"@type\":\"ListItem\",\"position\":1,\"name\":\"Anasayfa\",\"item\":\"http:\/\/atif.unaldi.org\/blog\/\"},{\"@type\":\"ListItem\",\"position\":2,\"name\":\"T3 Aral\u0131k Say\u0131s\u0131\"}]},{\"@type\":\"WebSite\",\"@id\":\"http:\/\/atif.unaldi.org\/blog\/#website\",\"url\":\"http:\/\/atif.unaldi.org\/blog\/\",\"name\":\"At\u0131f \u00dcnald\u0131\",\"description\":\"Yazar\",\"publisher\":{\"@id\":\"http:\/\/atif.unaldi.org\/blog\/#\/schema\/person\/608ed42ecbda2bc5cfdb767ac1db479b\"},\"alternateName\":\"At\u0131f \u00dcnald\u0131 Blog\",\"potentialAction\":[{\"@type\":\"SearchAction\",\"target\":{\"@type\":\"EntryPoint\",\"urlTemplate\":\"http:\/\/atif.unaldi.org\/blog\/?s={search_term_string}\"},\"query-input\":{\"@type\":\"PropertyValueSpecification\",\"valueRequired\":true,\"valueName\":\"search_term_string\"}}],\"inLanguage\":\"tr\"},{\"@type\":[\"Person\",\"Organization\"],\"@id\":\"http:\/\/atif.unaldi.org\/blog\/#\/schema\/person\/608ed42ecbda2bc5cfdb767ac1db479b\",\"name\":\"Atif Unaldi\",\"image\":{\"@type\":\"ImageObject\",\"inLanguage\":\"tr\",\"@id\":\"http:\/\/atif.unaldi.org\/blog\/#\/schema\/person\/image\/\",\"url\":\"http:\/\/atif.unaldi.org\/blog\/wp-content\/uploads\/2022\/10\/cropped-a94e8f7a-67c4-4d65-8a5f-032ba784be53-2.jpg\",\"contentUrl\":\"http:\/\/atif.unaldi.org\/blog\/wp-content\/uploads\/2022\/10\/cropped-a94e8f7a-67c4-4d65-8a5f-032ba784be53-2.jpg\",\"width\":512,\"height\":512,\"caption\":\"Atif Unaldi\"},\"logo\":{\"@id\":\"http:\/\/atif.unaldi.org\/blog\/#\/schema\/person\/image\/\"},\"description\":\"Bo\u011fazi\u00e7i \u00dcniversitesinde Fizik B\u00f6l\u00fcm\u00fc\u2019nde e\u011fitim ald\u0131\u011f\u0131 y\u0131llarda T\u00fcrkiye\u2019de ilk kez iki bilgisayar\u0131 telefon hatlar\u0131 \u00fczerinden konu\u015fturan BBS sistemini kurarak, T\u00fcrkiye\u2019deki ilk internet a\u011f\u0131n\u0131 olu\u015fturmu\u015ftur. Bir \u00e7ok radyo ve televizyonda program yap\u0131mc\u0131l\u0131\u011f\u0131 ve sunuculu\u011funu, bir \u00e7ok teknoloji dergisinde k\u00f6\u015fe yazarl\u0131\u011f\u0131, bili\u015fim edit\u00f6rl\u00fc\u011f\u00fc ve genel yay\u0131n y\u00f6netmenli\u011fi yapt\u0131. T\u00fcrkiye\u2019deki ilk internet servis sa\u011flay\u0131c\u0131s\u0131n\u0131n genel m\u00fcd\u00fcrl\u00fc\u011f\u00fcn\u00fc \u00fcstlendi. Bir \u00e7ok organizasyon ve kurulu\u015fta internet s\u00fcperviz\u00f6rl\u00fc\u011f\u00fc , webmaster\u2019l\u0131\u011f\u0131 , IT direkt\u00f6rl\u00fc\u011f\u00fc ve dijital projeler koordinat\u00f6rl\u00fc\u011f\u00fc g\u00f6revlerinde bulundu. Farkl\u0131 \u00fcniversitelerin farkl\u0131 fak\u00fcltelerinde \u00f6\u011fretim g\u00f6revlisi olarak bulunmu\u015f olan \u00dcnald\u0131; \u015fu an teknoloji ve pazarlama konular\u0131 ba\u015fta olmak \u00fczere bir\u00e7ok alanda hizmet veren Unaldi Consultancy\u2019nin kurucusudur. \\u2028Selin \u00dcnald\u0131 ile evlidir. Su ve Toprak isminde iki \u00e7ocu\u011fu vard\u0131r.\",\"sameAs\":[\"http:\/\/atif.unaldi.org\/blog\",\"https:\/\/www.facebook.com\/atifunaldi\",\"https:\/\/www.instagram.com\/atifunaldi\/\",\"https:\/\/www.linkedin.com\/in\/atifunaldi\",\"https:\/\/x.com\/https:\/\/twitter.com\/atifunaldi\",\"https:\/\/www.youtube.com\/c\/atifunaldi\",\"https:\/\/soundcloud.com\/atif-unaldi\",\"https:\/\/atifunaldi.tumblr.com\"],\"url\":\"http:\/\/atif.unaldi.org\/blog\/author\/atifunaldi\/\"}]}<\/script>\n<!-- \/ Yoast SEO plugin. -->","yoast_head_json":{"title":"T3 Aral\u0131k Say\u0131s\u0131 - At\u0131f \u00dcnald\u0131","robots":{"index":"index","follow":"follow","max-snippet":"max-snippet:-1","max-image-preview":"max-image-preview:large","max-video-preview":"max-video-preview:-1"},"canonical":"http:\/\/atif.unaldi.org\/blog\/2010\/12\/10\/t3-aralik-sayisi\/","og_locale":"tr_TR","og_type":"article","og_title":"T3 Aral\u0131k Say\u0131s\u0131 - At\u0131f \u00dcnald\u0131","og_description":"\u00c7ok h\u0131zl\u0131 bir kas\u0131m ay\u0131 ge\u00e7ti. Genelde biz kas\u0131m aylar\u0131n\u0131 yaprak d\u00f6k\u00fcm\u00fc ve sonbahar\u0131n h\u00fczn\u00fc ile hat\u0131rlar\u0131z ancak bu sefer \u00f6yle olmad\u0131. Ekim ay\u0131n\u0131n sonunda Kayseri\u2019de RTUK \u00fcyeleri ve Enerji Bakan\u0131 ile birlikte verdi\u011fimiz IPTV...","og_url":"http:\/\/atif.unaldi.org\/blog\/2010\/12\/10\/t3-aralik-sayisi\/","og_site_name":"At\u0131f \u00dcnald\u0131","article_publisher":"https:\/\/www.facebook.com\/atifunaldi","article_author":"https:\/\/www.facebook.com\/atifunaldi","article_published_time":"2010-12-10T19:32:33+00:00","author":"Atif Unaldi","twitter_card":"summary_large_image","twitter_creator":"@https:\/\/twitter.com\/atifunaldi","twitter_site":"@atifunaldi","twitter_misc":{"Yazan:":"Atif Unaldi","Tahmini okuma s\u00fcresi":"4 dakika"},"schema":{"@context":"https:\/\/schema.org","@graph":[{"@type":"Article","@id":"http:\/\/atif.unaldi.org\/blog\/2010\/12\/10\/t3-aralik-sayisi\/#article","isPartOf":{"@id":"http:\/\/atif.unaldi.org\/blog\/2010\/12\/10\/t3-aralik-sayisi\/"},"author":{"name":"Atif Unaldi","@id":"http:\/\/atif.unaldi.org\/blog\/#\/schema\/person\/608ed42ecbda2bc5cfdb767ac1db479b"},"headline":"T3 Aral\u0131k Say\u0131s\u0131","datePublished":"2010-12-10T19:32:33+00:00","mainEntityOfPage":{"@id":"http:\/\/atif.unaldi.org\/blog\/2010\/12\/10\/t3-aralik-sayisi\/"},"wordCount":764,"commentCount":0,"publisher":{"@id":"http:\/\/atif.unaldi.org\/blog\/#\/schema\/person\/608ed42ecbda2bc5cfdb767ac1db479b"},"articleSection":["- T3"],"inLanguage":"tr","potentialAction":[{"@type":"CommentAction","name":"Comment","target":["http:\/\/atif.unaldi.org\/blog\/2010\/12\/10\/t3-aralik-sayisi\/#respond"]}]},{"@type":"WebPage","@id":"http:\/\/atif.unaldi.org\/blog\/2010\/12\/10\/t3-aralik-sayisi\/","url":"http:\/\/atif.unaldi.org\/blog\/2010\/12\/10\/t3-aralik-sayisi\/","name":"T3 Aral\u0131k Say\u0131s\u0131 - At\u0131f \u00dcnald\u0131","isPartOf":{"@id":"http:\/\/atif.unaldi.org\/blog\/#website"},"datePublished":"2010-12-10T19:32:33+00:00","breadcrumb":{"@id":"http:\/\/atif.unaldi.org\/blog\/2010\/12\/10\/t3-aralik-sayisi\/#breadcrumb"},"inLanguage":"tr","potentialAction":[{"@type":"ReadAction","target":["http:\/\/atif.unaldi.org\/blog\/2010\/12\/10\/t3-aralik-sayisi\/"]}]},{"@type":"BreadcrumbList","@id":"http:\/\/atif.unaldi.org\/blog\/2010\/12\/10\/t3-aralik-sayisi\/#breadcrumb","itemListElement":[{"@type":"ListItem","position":1,"name":"Anasayfa","item":"http:\/\/atif.unaldi.org\/blog\/"},{"@type":"ListItem","position":2,"name":"T3 Aral\u0131k Say\u0131s\u0131"}]},{"@type":"WebSite","@id":"http:\/\/atif.unaldi.org\/blog\/#website","url":"http:\/\/atif.unaldi.org\/blog\/","name":"At\u0131f \u00dcnald\u0131","description":"Yazar","publisher":{"@id":"http:\/\/atif.unaldi.org\/blog\/#\/schema\/person\/608ed42ecbda2bc5cfdb767ac1db479b"},"alternateName":"At\u0131f \u00dcnald\u0131 Blog","potentialAction":[{"@type":"SearchAction","target":{"@type":"EntryPoint","urlTemplate":"http:\/\/atif.unaldi.org\/blog\/?s={search_term_string}"},"query-input":{"@type":"PropertyValueSpecification","valueRequired":true,"valueName":"search_term_string"}}],"inLanguage":"tr"},{"@type":["Person","Organization"],"@id":"http:\/\/atif.unaldi.org\/blog\/#\/schema\/person\/608ed42ecbda2bc5cfdb767ac1db479b","name":"Atif Unaldi","image":{"@type":"ImageObject","inLanguage":"tr","@id":"http:\/\/atif.unaldi.org\/blog\/#\/schema\/person\/image\/","url":"http:\/\/atif.unaldi.org\/blog\/wp-content\/uploads\/2022\/10\/cropped-a94e8f7a-67c4-4d65-8a5f-032ba784be53-2.jpg","contentUrl":"http:\/\/atif.unaldi.org\/blog\/wp-content\/uploads\/2022\/10\/cropped-a94e8f7a-67c4-4d65-8a5f-032ba784be53-2.jpg","width":512,"height":512,"caption":"Atif Unaldi"},"logo":{"@id":"http:\/\/atif.unaldi.org\/blog\/#\/schema\/person\/image\/"},"description":"Bo\u011fazi\u00e7i \u00dcniversitesinde Fizik B\u00f6l\u00fcm\u00fc\u2019nde e\u011fitim ald\u0131\u011f\u0131 y\u0131llarda T\u00fcrkiye\u2019de ilk kez iki bilgisayar\u0131 telefon hatlar\u0131 \u00fczerinden konu\u015fturan BBS sistemini kurarak, T\u00fcrkiye\u2019deki ilk internet a\u011f\u0131n\u0131 olu\u015fturmu\u015ftur. Bir \u00e7ok radyo ve televizyonda program yap\u0131mc\u0131l\u0131\u011f\u0131 ve sunuculu\u011funu, bir \u00e7ok teknoloji dergisinde k\u00f6\u015fe yazarl\u0131\u011f\u0131, bili\u015fim edit\u00f6rl\u00fc\u011f\u00fc ve genel yay\u0131n y\u00f6netmenli\u011fi yapt\u0131. T\u00fcrkiye\u2019deki ilk internet servis sa\u011flay\u0131c\u0131s\u0131n\u0131n genel m\u00fcd\u00fcrl\u00fc\u011f\u00fcn\u00fc \u00fcstlendi. Bir \u00e7ok organizasyon ve kurulu\u015fta internet s\u00fcperviz\u00f6rl\u00fc\u011f\u00fc , webmaster\u2019l\u0131\u011f\u0131 , IT direkt\u00f6rl\u00fc\u011f\u00fc ve dijital projeler koordinat\u00f6rl\u00fc\u011f\u00fc g\u00f6revlerinde bulundu. Farkl\u0131 \u00fcniversitelerin farkl\u0131 fak\u00fcltelerinde \u00f6\u011fretim g\u00f6revlisi olarak bulunmu\u015f olan \u00dcnald\u0131; \u015fu an teknoloji ve pazarlama konular\u0131 ba\u015fta olmak \u00fczere bir\u00e7ok alanda hizmet veren Unaldi Consultancy\u2019nin kurucusudur. \u2028Selin \u00dcnald\u0131 ile evlidir. Su ve Toprak isminde iki \u00e7ocu\u011fu vard\u0131r.","sameAs":["http:\/\/atif.unaldi.org\/blog","https:\/\/www.facebook.com\/atifunaldi","https:\/\/www.instagram.com\/atifunaldi\/","https:\/\/www.linkedin.com\/in\/atifunaldi","https:\/\/x.com\/https:\/\/twitter.com\/atifunaldi","https:\/\/www.youtube.com\/c\/atifunaldi","https:\/\/soundcloud.com\/atif-unaldi","https:\/\/atifunaldi.tumblr.com"],"url":"http:\/\/atif.unaldi.org\/blog\/author\/atifunaldi\/"}]}},"jetpack_featured_media_url":"","_links":{"self":[{"href":"http:\/\/atif.unaldi.org\/blog\/wp-json\/wp\/v2\/posts\/1040","targetHints":{"allow":["GET"]}}],"collection":[{"href":"http:\/\/atif.unaldi.org\/blog\/wp-json\/wp\/v2\/posts"}],"about":[{"href":"http:\/\/atif.unaldi.org\/blog\/wp-json\/wp\/v2\/types\/post"}],"author":[{"embeddable":true,"href":"http:\/\/atif.unaldi.org\/blog\/wp-json\/wp\/v2\/users\/2"}],"replies":[{"embeddable":true,"href":"http:\/\/atif.unaldi.org\/blog\/wp-json\/wp\/v2\/comments?post=1040"}],"version-history":[{"count":0,"href":"http:\/\/atif.unaldi.org\/blog\/wp-json\/wp\/v2\/posts\/1040\/revisions"}],"wp:attachment":[{"href":"http:\/\/atif.unaldi.org\/blog\/wp-json\/wp\/v2\/media?parent=1040"}],"wp:term":[{"taxonomy":"category","embeddable":true,"href":"http:\/\/atif.unaldi.org\/blog\/wp-json\/wp\/v2\/categories?post=1040"},{"taxonomy":"post_tag","embeddable":true,"href":"http:\/\/atif.unaldi.org\/blog\/wp-json\/wp\/v2\/tags?post=1040"}],"curies":[{"name":"wp","href":"https:\/\/api.w.org\/{rel}","templated":true}]}}