{"id":1068,"date":"2011-01-05T20:12:59","date_gmt":"2011-01-05T20:12:59","guid":{"rendered":"http:\/\/atifunaldi.info\/?p=1068"},"modified":"2011-01-05T20:12:59","modified_gmt":"2011-01-05T20:12:59","slug":"2010un-en-onemli-teknoloji-olaylari","status":"publish","type":"post","link":"http:\/\/atif.unaldi.org\/blog\/2011\/01\/05\/2010un-en-onemli-teknoloji-olaylari\/","title":{"rendered":"2010\u2019un en \u00f6nemli teknoloji olaylar\u0131"},"content":{"rendered":"<p>Malumunuz ayn\u0131 zamanda T3 dergisinin Genel Yay\u0131n Y\u00f6netmeni oldu\u011fumi\u00e7in benim i\u00e7in \u00f6nemli konulardan biri, kulland\u0131\u011f\u0131m\u0131z Gadget\u2019lard\u0131r.<br \/>\nGe\u00e7en y\u0131l benim test edip de, en \u00e7ok etkisinde kald\u0131\u011f\u0131m cihaz, bir araba&#8230;<br \/>\nTesla roadster 2.5&#8230; Sadece elektrikli bir araba de\u011fil, ayn\u0131 zamanda ger\u00e7ek bir spor araba&#8230; Motorun \u00e7al\u0131\u015ft\u0131\u011f\u0131n\u0131 anlaman\u0131z\u0131n m\u00fcmk\u00fcn olmad\u0131\u011f\u0131, sessizlik timsali bu araba Porche ile ayn\u0131 s\u00fcrede 100 km h\u0131za ula\u015f\u0131yor. Test ettim&#8230; Evet \u00f6yle&#8230; <a href=\"http:\/\/www.teslamotors.com\/roadster\">http:\/\/www.teslamotors.com\/roadster<!--more--><\/a><br \/>\n\u0130kinci \u00e7ok etkilendi\u011fim cihaz iPad.. G\u00f6nderdiklerinde geri g\u00f6ndermek istemedim. Bir s\u00fcre daha kulland\u0131ktan sonra Gold Bilgisayardan hemen gidip sat\u0131n ald\u0131m. \u00c7ok ba\u015far\u0131l\u0131 bir \u00fcr\u00fcn. Ayr\u0131ca g\u00fczelli\u011fi istedi\u011finiz her g\u0131da zincir marketinde bulabiliyor olman\u0131z. Neredeyse heryerde sat\u0131l\u0131yor. <a href=\"http:\/\/www.gold.com.tr\/urunozelyeni.asp?ID=93469&amp;ad=APPLE-iPAD-A1337-32GB-WiFi--MB496LLA-9.7-Tasinabilir-Bilgisayar\">http:\/\/www.gold.com.tr\/urunozelyeni.asp?ID=93469&amp;ad=APPLE-iPAD-A1337-32GB-WiFi&#8211;MB496LLA-9.7-Tasinabilir-Bilgisayar<\/a><br \/>\niOS 4.0 \u00e7\u0131k\u0131nca iPhone 3Gs\u2019im \u00e7ok daha anlaml\u0131 hale geldi. Kullanmaktan \u00e7ok zevk al\u0131yorum. Daha de\u011fi\u015ftirme ihtiyac\u0131 duymad\u0131m. Ancak iPhone 4\u2019\u00fcn de son derece ba\u015far\u0131l\u0131 oldu\u011funu d\u00fc\u015f\u00fcn\u00fcyorum. Ger\u00e7i malumunuz biraz sorun ya\u015fad\u0131 ama k\u0131sa zamadna \u00e7\u00f6z\u00fcld\u00fc. Anten sorunundan bahsediyorum. Ge\u00e7en g\u00fcn bir dostuma almaya kalkt\u0131k, operat\u00f6rler yok sat\u0131yormu\u015f&#8230;. Turkcell\u2019in elinde \u00fcr\u00fcn yok mesela.<br \/>\nGe\u00e7en y\u0131l\u0131n en \u00f6nemli geli\u015fmelerinden biri de, herkes gelmez yok o i\u015f bitmez filan derken g\u00fcmb\u00fcr g\u00fcmb\u00fcr gelen IPTIVIBU&#8230; Lansman\u0131 y\u0131l\u0131n son aylar\u0131nda ger\u00e7ekle\u015fti. Test ettim. \u0130nan\u0131lmaz imkanlar\u0131 var. Canl\u0131 yay\u0131n\u0131 \u015fak diye durdur, beklet.. Geri al seyret&#8230; Ka\u00e7\u0131rd\u0131\u011f\u0131n yerini yeniden izle. Ge\u00e7mi\u015f diziyi bul kayd\u0131n\u0131 izle. Televizyon de\u011fil, dijital platform de\u011fil her\u015fey..<br \/>\n<a href=\"http:\/\/www.tivibu.com.tr\/iptivibu\">http:\/\/www.tivibu.com.tr\/iptivibu<\/a> Ka\u00e7\u0131rmay\u0131n \u00fcye olun derim.<br \/>\nBu senenin en \u00f6nemli \u00fcr\u00fcnlerinden biri iWatch.. Apple\u2019\u0131n \u201ci\u201d serisinin merakl\u0131lar\u0131 \u0131llard\u0131r birsaat i\u00e7in y\u0131k\u0131l\u0131yorlar. B\u00fct\u00fcn forumlarda bundanbahsediliyor. Ancak son iPod Nano\u2019ya kay\u0131\u015f yapan firmalar ile birlikte apple fanlar\u0131n\u0131n bu ihtiya\u00e7lar\u0131 ger\u00e7ekle\u015fmi\u015f oldu.<br \/>\nY\u0131l\u0131n en \u00f6nemli bili\u015fim olaylar\u0131, \u015f\u00fcphesiz T\u00fcrkiye\u2019de youtube\u2019\u00fcn a\u00e7\u0131lmas\u0131 ve say\u0131n bakan\u0131n bu tip durumlara d\u00fc\u015f\u00fclmemesi konusunda memurlar\u0131n\u0131 uyarmas\u0131yd\u0131.<br \/>\n\u0130kinci \u00f6nemli olay google\u2019\u0131n google talk\u2019un itunes\u2019a konulmas\u0131n\u0131 istemesi ile patlak veren b\u00fcy\u00fck google, apple sava\u015f\u0131 oldu. Bu sava\u015f yeni cephlerin a\u00e7\u0131lmas\u0131na sebep oldu. \u00d6renk google tv :))<br \/>\nApple\u2019\u0131n disket \u00e7\u0131k\u0131\u015f\u0131ndan sonra, yapt\u0131\u011f\u0131 en ciddi \u00e7\u0131k\u0131\u015f iphone\u2019lar\u0131n art\u0131k flash desteklemiyecek olmas\u0131yd\u0131. HTML5\u2019in \u00e7\u0131k\u0131\u015f\u0131 olacak bu olay, flash\u2019\u0131n sessiz kald\u0131\u011f\u0131 bir durumoldu.<br \/>\nBu y\u0131l\u0131n en skandal olaylar\u0131 aras\u0131nda T\u00fcrkiye\u2019de \u015fi\u015firilen saat \u015feklindeki cep telefonlar\u0131 oldu. Muhabir arkada\u015flar olaya atlad\u0131lar. Ona buna bu saatlerden hediyeler edildi, koca koca haberler yap\u0131ld\u0131. \u00dcr\u00fcn bir tak\u0131m hediye edilen ki\u015filerin evinde \u00e7\u00fcr\u00fcmeye b\u0131rak\u0131lm\u0131\u015f durumda.<br \/>\nY\u0131l\u0131n en komik geli\u015fmesi ise, 3G ile g\u00f6r\u00fcnt\u00fcl\u00fc konu\u015fma yap\u0131laca\u011f\u0131 yolunda, \u00f6zellikle pazarlaam m\u00fcd\u00fcrlerinin tekrar tekrar \u00e7abalar\u0131n\u0131n sonu\u00e7suz kalmayd\u0131. Komik diyorum \u00e7\u00fcnk\u00fc ben bunu 3G lansman\u0131n\u0131n yap\u0131ld\u0131\u011f\u0131 ilk g\u00fcn TV8\u2019in haberlerinde s\u00f6ylemi\u015ftim.<br \/>\n\u0130\u015fte 2010 aynen b\u00f6yle geldi ve ge\u00e7ti&#8230;<\/p>\n","protected":false},"excerpt":{"rendered":"<p>Malumunuz ayn\u0131 zamanda T3 dergisinin Genel Yay\u0131n Y\u00f6netmeni oldu\u011fumi\u00e7in benim i\u00e7in \u00f6nemli konulardan biri, kulland\u0131\u011f\u0131m\u0131z Gadget\u2019lard\u0131r. Ge\u00e7en y\u0131l benim test edip de, en \u00e7ok etkisinde kald\u0131\u011f\u0131m cihaz, bir araba&#8230; Tesla roadster 2.5&#8230; Sadece elektrikli bir&#8230;<\/p>\n","protected":false},"author":2,"featured_media":0,"comment_status":"open","ping_status":"open","sticky":false,"template":"","format":"standard","meta":{"footnotes":""},"categories":[38],"tags":[],"class_list":["post-1068","post","type-post","status-publish","format-standard","hentry","category-bilgi-cagi"],"yoast_head":"<!-- This site is optimized with the Yoast SEO plugin v26.8 - https:\/\/yoast.com\/product\/yoast-seo-wordpress\/ -->\n<title>2010\u2019un en \u00f6nemli teknoloji olaylar\u0131 - At\u0131f \u00dcnald\u0131<\/title>\n<meta name=\"robots\" content=\"index, follow, max-snippet:-1, max-image-preview:large, max-video-preview:-1\" \/>\n<link rel=\"canonical\" href=\"http:\/\/atif.unaldi.org\/blog\/2011\/01\/05\/2010un-en-onemli-teknoloji-olaylari\/\" \/>\n<meta property=\"og:locale\" content=\"tr_TR\" \/>\n<meta property=\"og:type\" content=\"article\" \/>\n<meta property=\"og:title\" content=\"2010\u2019un en \u00f6nemli teknoloji olaylar\u0131 - At\u0131f \u00dcnald\u0131\" \/>\n<meta property=\"og:description\" content=\"Malumunuz ayn\u0131 zamanda T3 dergisinin Genel Yay\u0131n Y\u00f6netmeni oldu\u011fumi\u00e7in benim i\u00e7in \u00f6nemli konulardan biri, kulland\u0131\u011f\u0131m\u0131z Gadget\u2019lard\u0131r. Ge\u00e7en y\u0131l benim test edip de, en \u00e7ok etkisinde kald\u0131\u011f\u0131m cihaz, bir araba&#8230; Tesla roadster 2.5&#8230; Sadece elektrikli bir...\" \/>\n<meta property=\"og:url\" content=\"http:\/\/atif.unaldi.org\/blog\/2011\/01\/05\/2010un-en-onemli-teknoloji-olaylari\/\" \/>\n<meta property=\"og:site_name\" content=\"At\u0131f \u00dcnald\u0131\" \/>\n<meta property=\"article:publisher\" content=\"https:\/\/www.facebook.com\/atifunaldi\" \/>\n<meta property=\"article:author\" content=\"https:\/\/www.facebook.com\/atifunaldi\" \/>\n<meta property=\"article:published_time\" content=\"2011-01-05T20:12:59+00:00\" \/>\n<meta name=\"author\" content=\"Atif Unaldi\" \/>\n<meta name=\"twitter:card\" content=\"summary_large_image\" \/>\n<meta name=\"twitter:creator\" content=\"@https:\/\/twitter.com\/atifunaldi\" \/>\n<meta name=\"twitter:site\" content=\"@atifunaldi\" \/>\n<meta name=\"twitter:label1\" content=\"Yazan:\" \/>\n\t<meta name=\"twitter:data1\" content=\"Atif Unaldi\" \/>\n\t<meta name=\"twitter:label2\" content=\"Tahmini okuma s\u00fcresi\" \/>\n\t<meta name=\"twitter:data2\" content=\"3 dakika\" \/>\n<script type=\"application\/ld+json\" class=\"yoast-schema-graph\">{\"@context\":\"https:\/\/schema.org\",\"@graph\":[{\"@type\":\"Article\",\"@id\":\"http:\/\/atif.unaldi.org\/blog\/2011\/01\/05\/2010un-en-onemli-teknoloji-olaylari\/#article\",\"isPartOf\":{\"@id\":\"http:\/\/atif.unaldi.org\/blog\/2011\/01\/05\/2010un-en-onemli-teknoloji-olaylari\/\"},\"author\":{\"name\":\"Atif Unaldi\",\"@id\":\"http:\/\/atif.unaldi.org\/blog\/#\/schema\/person\/608ed42ecbda2bc5cfdb767ac1db479b\"},\"headline\":\"2010\u2019un en \u00f6nemli teknoloji olaylar\u0131\",\"datePublished\":\"2011-01-05T20:12:59+00:00\",\"mainEntityOfPage\":{\"@id\":\"http:\/\/atif.unaldi.org\/blog\/2011\/01\/05\/2010un-en-onemli-teknoloji-olaylari\/\"},\"wordCount\":583,\"commentCount\":0,\"publisher\":{\"@id\":\"http:\/\/atif.unaldi.org\/blog\/#\/schema\/person\/608ed42ecbda2bc5cfdb767ac1db479b\"},\"articleSection\":[\"- Bilgi \u00c7a\u011f\u0131\"],\"inLanguage\":\"tr\",\"potentialAction\":[{\"@type\":\"CommentAction\",\"name\":\"Comment\",\"target\":[\"http:\/\/atif.unaldi.org\/blog\/2011\/01\/05\/2010un-en-onemli-teknoloji-olaylari\/#respond\"]}]},{\"@type\":\"WebPage\",\"@id\":\"http:\/\/atif.unaldi.org\/blog\/2011\/01\/05\/2010un-en-onemli-teknoloji-olaylari\/\",\"url\":\"http:\/\/atif.unaldi.org\/blog\/2011\/01\/05\/2010un-en-onemli-teknoloji-olaylari\/\",\"name\":\"2010\u2019un en \u00f6nemli teknoloji olaylar\u0131 - At\u0131f \u00dcnald\u0131\",\"isPartOf\":{\"@id\":\"http:\/\/atif.unaldi.org\/blog\/#website\"},\"datePublished\":\"2011-01-05T20:12:59+00:00\",\"breadcrumb\":{\"@id\":\"http:\/\/atif.unaldi.org\/blog\/2011\/01\/05\/2010un-en-onemli-teknoloji-olaylari\/#breadcrumb\"},\"inLanguage\":\"tr\",\"potentialAction\":[{\"@type\":\"ReadAction\",\"target\":[\"http:\/\/atif.unaldi.org\/blog\/2011\/01\/05\/2010un-en-onemli-teknoloji-olaylari\/\"]}]},{\"@type\":\"BreadcrumbList\",\"@id\":\"http:\/\/atif.unaldi.org\/blog\/2011\/01\/05\/2010un-en-onemli-teknoloji-olaylari\/#breadcrumb\",\"itemListElement\":[{\"@type\":\"ListItem\",\"position\":1,\"name\":\"Anasayfa\",\"item\":\"http:\/\/atif.unaldi.org\/blog\/\"},{\"@type\":\"ListItem\",\"position\":2,\"name\":\"2010\u2019un en \u00f6nemli teknoloji olaylar\u0131\"}]},{\"@type\":\"WebSite\",\"@id\":\"http:\/\/atif.unaldi.org\/blog\/#website\",\"url\":\"http:\/\/atif.unaldi.org\/blog\/\",\"name\":\"At\u0131f \u00dcnald\u0131\",\"description\":\"Yazar\",\"publisher\":{\"@id\":\"http:\/\/atif.unaldi.org\/blog\/#\/schema\/person\/608ed42ecbda2bc5cfdb767ac1db479b\"},\"alternateName\":\"At\u0131f \u00dcnald\u0131 Blog\",\"potentialAction\":[{\"@type\":\"SearchAction\",\"target\":{\"@type\":\"EntryPoint\",\"urlTemplate\":\"http:\/\/atif.unaldi.org\/blog\/?s={search_term_string}\"},\"query-input\":{\"@type\":\"PropertyValueSpecification\",\"valueRequired\":true,\"valueName\":\"search_term_string\"}}],\"inLanguage\":\"tr\"},{\"@type\":[\"Person\",\"Organization\"],\"@id\":\"http:\/\/atif.unaldi.org\/blog\/#\/schema\/person\/608ed42ecbda2bc5cfdb767ac1db479b\",\"name\":\"Atif Unaldi\",\"image\":{\"@type\":\"ImageObject\",\"inLanguage\":\"tr\",\"@id\":\"http:\/\/atif.unaldi.org\/blog\/#\/schema\/person\/image\/\",\"url\":\"http:\/\/atif.unaldi.org\/blog\/wp-content\/uploads\/2022\/10\/cropped-a94e8f7a-67c4-4d65-8a5f-032ba784be53-2.jpg\",\"contentUrl\":\"http:\/\/atif.unaldi.org\/blog\/wp-content\/uploads\/2022\/10\/cropped-a94e8f7a-67c4-4d65-8a5f-032ba784be53-2.jpg\",\"width\":512,\"height\":512,\"caption\":\"Atif Unaldi\"},\"logo\":{\"@id\":\"http:\/\/atif.unaldi.org\/blog\/#\/schema\/person\/image\/\"},\"description\":\"Bo\u011fazi\u00e7i \u00dcniversitesinde Fizik B\u00f6l\u00fcm\u00fc\u2019nde e\u011fitim ald\u0131\u011f\u0131 y\u0131llarda T\u00fcrkiye\u2019de ilk kez iki bilgisayar\u0131 telefon hatlar\u0131 \u00fczerinden konu\u015fturan BBS sistemini kurarak, T\u00fcrkiye\u2019deki ilk internet a\u011f\u0131n\u0131 olu\u015fturmu\u015ftur. Bir \u00e7ok radyo ve televizyonda program yap\u0131mc\u0131l\u0131\u011f\u0131 ve sunuculu\u011funu, bir \u00e7ok teknoloji dergisinde k\u00f6\u015fe yazarl\u0131\u011f\u0131, bili\u015fim edit\u00f6rl\u00fc\u011f\u00fc ve genel yay\u0131n y\u00f6netmenli\u011fi yapt\u0131. T\u00fcrkiye\u2019deki ilk internet servis sa\u011flay\u0131c\u0131s\u0131n\u0131n genel m\u00fcd\u00fcrl\u00fc\u011f\u00fcn\u00fc \u00fcstlendi. Bir \u00e7ok organizasyon ve kurulu\u015fta internet s\u00fcperviz\u00f6rl\u00fc\u011f\u00fc , webmaster\u2019l\u0131\u011f\u0131 , IT direkt\u00f6rl\u00fc\u011f\u00fc ve dijital projeler koordinat\u00f6rl\u00fc\u011f\u00fc g\u00f6revlerinde bulundu. Farkl\u0131 \u00fcniversitelerin farkl\u0131 fak\u00fcltelerinde \u00f6\u011fretim g\u00f6revlisi olarak bulunmu\u015f olan \u00dcnald\u0131; \u015fu an teknoloji ve pazarlama konular\u0131 ba\u015fta olmak \u00fczere bir\u00e7ok alanda hizmet veren Unaldi Consultancy\u2019nin kurucusudur. \\u2028Selin \u00dcnald\u0131 ile evlidir. Su ve Toprak isminde iki \u00e7ocu\u011fu vard\u0131r.\",\"sameAs\":[\"http:\/\/atif.unaldi.org\/blog\",\"https:\/\/www.facebook.com\/atifunaldi\",\"https:\/\/www.instagram.com\/atifunaldi\/\",\"https:\/\/www.linkedin.com\/in\/atifunaldi\",\"https:\/\/x.com\/https:\/\/twitter.com\/atifunaldi\",\"https:\/\/www.youtube.com\/c\/atifunaldi\",\"https:\/\/soundcloud.com\/atif-unaldi\",\"https:\/\/atifunaldi.tumblr.com\"],\"url\":\"http:\/\/atif.unaldi.org\/blog\/author\/atifunaldi\/\"}]}<\/script>\n<!-- \/ Yoast SEO plugin. -->","yoast_head_json":{"title":"2010\u2019un en \u00f6nemli teknoloji olaylar\u0131 - At\u0131f \u00dcnald\u0131","robots":{"index":"index","follow":"follow","max-snippet":"max-snippet:-1","max-image-preview":"max-image-preview:large","max-video-preview":"max-video-preview:-1"},"canonical":"http:\/\/atif.unaldi.org\/blog\/2011\/01\/05\/2010un-en-onemli-teknoloji-olaylari\/","og_locale":"tr_TR","og_type":"article","og_title":"2010\u2019un en \u00f6nemli teknoloji olaylar\u0131 - At\u0131f \u00dcnald\u0131","og_description":"Malumunuz ayn\u0131 zamanda T3 dergisinin Genel Yay\u0131n Y\u00f6netmeni oldu\u011fumi\u00e7in benim i\u00e7in \u00f6nemli konulardan biri, kulland\u0131\u011f\u0131m\u0131z Gadget\u2019lard\u0131r. Ge\u00e7en y\u0131l benim test edip de, en \u00e7ok etkisinde kald\u0131\u011f\u0131m cihaz, bir araba&#8230; Tesla roadster 2.5&#8230; Sadece elektrikli bir...","og_url":"http:\/\/atif.unaldi.org\/blog\/2011\/01\/05\/2010un-en-onemli-teknoloji-olaylari\/","og_site_name":"At\u0131f \u00dcnald\u0131","article_publisher":"https:\/\/www.facebook.com\/atifunaldi","article_author":"https:\/\/www.facebook.com\/atifunaldi","article_published_time":"2011-01-05T20:12:59+00:00","author":"Atif Unaldi","twitter_card":"summary_large_image","twitter_creator":"@https:\/\/twitter.com\/atifunaldi","twitter_site":"@atifunaldi","twitter_misc":{"Yazan:":"Atif Unaldi","Tahmini okuma s\u00fcresi":"3 dakika"},"schema":{"@context":"https:\/\/schema.org","@graph":[{"@type":"Article","@id":"http:\/\/atif.unaldi.org\/blog\/2011\/01\/05\/2010un-en-onemli-teknoloji-olaylari\/#article","isPartOf":{"@id":"http:\/\/atif.unaldi.org\/blog\/2011\/01\/05\/2010un-en-onemli-teknoloji-olaylari\/"},"author":{"name":"Atif Unaldi","@id":"http:\/\/atif.unaldi.org\/blog\/#\/schema\/person\/608ed42ecbda2bc5cfdb767ac1db479b"},"headline":"2010\u2019un en \u00f6nemli teknoloji olaylar\u0131","datePublished":"2011-01-05T20:12:59+00:00","mainEntityOfPage":{"@id":"http:\/\/atif.unaldi.org\/blog\/2011\/01\/05\/2010un-en-onemli-teknoloji-olaylari\/"},"wordCount":583,"commentCount":0,"publisher":{"@id":"http:\/\/atif.unaldi.org\/blog\/#\/schema\/person\/608ed42ecbda2bc5cfdb767ac1db479b"},"articleSection":["- Bilgi \u00c7a\u011f\u0131"],"inLanguage":"tr","potentialAction":[{"@type":"CommentAction","name":"Comment","target":["http:\/\/atif.unaldi.org\/blog\/2011\/01\/05\/2010un-en-onemli-teknoloji-olaylari\/#respond"]}]},{"@type":"WebPage","@id":"http:\/\/atif.unaldi.org\/blog\/2011\/01\/05\/2010un-en-onemli-teknoloji-olaylari\/","url":"http:\/\/atif.unaldi.org\/blog\/2011\/01\/05\/2010un-en-onemli-teknoloji-olaylari\/","name":"2010\u2019un en \u00f6nemli teknoloji olaylar\u0131 - At\u0131f \u00dcnald\u0131","isPartOf":{"@id":"http:\/\/atif.unaldi.org\/blog\/#website"},"datePublished":"2011-01-05T20:12:59+00:00","breadcrumb":{"@id":"http:\/\/atif.unaldi.org\/blog\/2011\/01\/05\/2010un-en-onemli-teknoloji-olaylari\/#breadcrumb"},"inLanguage":"tr","potentialAction":[{"@type":"ReadAction","target":["http:\/\/atif.unaldi.org\/blog\/2011\/01\/05\/2010un-en-onemli-teknoloji-olaylari\/"]}]},{"@type":"BreadcrumbList","@id":"http:\/\/atif.unaldi.org\/blog\/2011\/01\/05\/2010un-en-onemli-teknoloji-olaylari\/#breadcrumb","itemListElement":[{"@type":"ListItem","position":1,"name":"Anasayfa","item":"http:\/\/atif.unaldi.org\/blog\/"},{"@type":"ListItem","position":2,"name":"2010\u2019un en \u00f6nemli teknoloji olaylar\u0131"}]},{"@type":"WebSite","@id":"http:\/\/atif.unaldi.org\/blog\/#website","url":"http:\/\/atif.unaldi.org\/blog\/","name":"At\u0131f \u00dcnald\u0131","description":"Yazar","publisher":{"@id":"http:\/\/atif.unaldi.org\/blog\/#\/schema\/person\/608ed42ecbda2bc5cfdb767ac1db479b"},"alternateName":"At\u0131f \u00dcnald\u0131 Blog","potentialAction":[{"@type":"SearchAction","target":{"@type":"EntryPoint","urlTemplate":"http:\/\/atif.unaldi.org\/blog\/?s={search_term_string}"},"query-input":{"@type":"PropertyValueSpecification","valueRequired":true,"valueName":"search_term_string"}}],"inLanguage":"tr"},{"@type":["Person","Organization"],"@id":"http:\/\/atif.unaldi.org\/blog\/#\/schema\/person\/608ed42ecbda2bc5cfdb767ac1db479b","name":"Atif Unaldi","image":{"@type":"ImageObject","inLanguage":"tr","@id":"http:\/\/atif.unaldi.org\/blog\/#\/schema\/person\/image\/","url":"http:\/\/atif.unaldi.org\/blog\/wp-content\/uploads\/2022\/10\/cropped-a94e8f7a-67c4-4d65-8a5f-032ba784be53-2.jpg","contentUrl":"http:\/\/atif.unaldi.org\/blog\/wp-content\/uploads\/2022\/10\/cropped-a94e8f7a-67c4-4d65-8a5f-032ba784be53-2.jpg","width":512,"height":512,"caption":"Atif Unaldi"},"logo":{"@id":"http:\/\/atif.unaldi.org\/blog\/#\/schema\/person\/image\/"},"description":"Bo\u011fazi\u00e7i \u00dcniversitesinde Fizik B\u00f6l\u00fcm\u00fc\u2019nde e\u011fitim ald\u0131\u011f\u0131 y\u0131llarda T\u00fcrkiye\u2019de ilk kez iki bilgisayar\u0131 telefon hatlar\u0131 \u00fczerinden konu\u015fturan BBS sistemini kurarak, T\u00fcrkiye\u2019deki ilk internet a\u011f\u0131n\u0131 olu\u015fturmu\u015ftur. Bir \u00e7ok radyo ve televizyonda program yap\u0131mc\u0131l\u0131\u011f\u0131 ve sunuculu\u011funu, bir \u00e7ok teknoloji dergisinde k\u00f6\u015fe yazarl\u0131\u011f\u0131, bili\u015fim edit\u00f6rl\u00fc\u011f\u00fc ve genel yay\u0131n y\u00f6netmenli\u011fi yapt\u0131. T\u00fcrkiye\u2019deki ilk internet servis sa\u011flay\u0131c\u0131s\u0131n\u0131n genel m\u00fcd\u00fcrl\u00fc\u011f\u00fcn\u00fc \u00fcstlendi. Bir \u00e7ok organizasyon ve kurulu\u015fta internet s\u00fcperviz\u00f6rl\u00fc\u011f\u00fc , webmaster\u2019l\u0131\u011f\u0131 , IT direkt\u00f6rl\u00fc\u011f\u00fc ve dijital projeler koordinat\u00f6rl\u00fc\u011f\u00fc g\u00f6revlerinde bulundu. Farkl\u0131 \u00fcniversitelerin farkl\u0131 fak\u00fcltelerinde \u00f6\u011fretim g\u00f6revlisi olarak bulunmu\u015f olan \u00dcnald\u0131; \u015fu an teknoloji ve pazarlama konular\u0131 ba\u015fta olmak \u00fczere bir\u00e7ok alanda hizmet veren Unaldi Consultancy\u2019nin kurucusudur. \u2028Selin \u00dcnald\u0131 ile evlidir. Su ve Toprak isminde iki \u00e7ocu\u011fu vard\u0131r.","sameAs":["http:\/\/atif.unaldi.org\/blog","https:\/\/www.facebook.com\/atifunaldi","https:\/\/www.instagram.com\/atifunaldi\/","https:\/\/www.linkedin.com\/in\/atifunaldi","https:\/\/x.com\/https:\/\/twitter.com\/atifunaldi","https:\/\/www.youtube.com\/c\/atifunaldi","https:\/\/soundcloud.com\/atif-unaldi","https:\/\/atifunaldi.tumblr.com"],"url":"http:\/\/atif.unaldi.org\/blog\/author\/atifunaldi\/"}]}},"jetpack_featured_media_url":"","_links":{"self":[{"href":"http:\/\/atif.unaldi.org\/blog\/wp-json\/wp\/v2\/posts\/1068","targetHints":{"allow":["GET"]}}],"collection":[{"href":"http:\/\/atif.unaldi.org\/blog\/wp-json\/wp\/v2\/posts"}],"about":[{"href":"http:\/\/atif.unaldi.org\/blog\/wp-json\/wp\/v2\/types\/post"}],"author":[{"embeddable":true,"href":"http:\/\/atif.unaldi.org\/blog\/wp-json\/wp\/v2\/users\/2"}],"replies":[{"embeddable":true,"href":"http:\/\/atif.unaldi.org\/blog\/wp-json\/wp\/v2\/comments?post=1068"}],"version-history":[{"count":0,"href":"http:\/\/atif.unaldi.org\/blog\/wp-json\/wp\/v2\/posts\/1068\/revisions"}],"wp:attachment":[{"href":"http:\/\/atif.unaldi.org\/blog\/wp-json\/wp\/v2\/media?parent=1068"}],"wp:term":[{"taxonomy":"category","embeddable":true,"href":"http:\/\/atif.unaldi.org\/blog\/wp-json\/wp\/v2\/categories?post=1068"},{"taxonomy":"post_tag","embeddable":true,"href":"http:\/\/atif.unaldi.org\/blog\/wp-json\/wp\/v2\/tags?post=1068"}],"curies":[{"name":"wp","href":"https:\/\/api.w.org\/{rel}","templated":true}]}}