{"id":1399,"date":"2009-10-09T21:24:40","date_gmt":"2009-10-09T21:24:40","guid":{"rendered":"http:\/\/hayatnedir.wordpress.com\/2009\/10\/09\/orhan-veliomur-ozenle-sak\/"},"modified":"2009-10-09T21:24:40","modified_gmt":"2009-10-09T21:24:40","slug":"orhan-veliomur-ozenle-sak","status":"publish","type":"post","link":"http:\/\/atif.unaldi.org\/blog\/2009\/10\/09\/orhan-veliomur-ozenle-sak\/","title":{"rendered":"Orhan Veli\n\n&#8220;\u00f6m\u00fcr\n&#8230;\n\u00f6zenle sak &#8230;"},"content":{"rendered":"<p>Orhan Veli<\/p>\n<p>&#8220;\u00f6m\u00fcr<br \/>\n&#8230;<br \/>\n\u00f6zenle saklad\u0131\u011f\u0131n\u0131z bir sar\u0131 lira gibi \u00f6mr\u00fcn\u00fcz;<br \/>\nvakit gelip sand\u0131ktan \u00e7\u0131kard\u0131\u011f\u0131n\u0131zda,<br \/>\nbirde bak\u0131yorsunuz ki,<br \/>\ntedav\u00fclden kalkm\u0131\u015f.&#8221;<\/p>\n<p>Hayat B\u00f6yle Zaten<br \/>\nBir evin bir k\u00f6pe\u011fi vard\u0131;<br \/>\nK\u0131v\u0131r k\u0131v\u0131rd\u0131, ad\u0131 \u00c7in\u00e7on&#8217;du, \u00f6ld\u00fc.<br \/>\nBir de kedisi vard\u0131: Mavi\u015f,<br \/>\nKayboldu.<br \/>\nEvin k\u0131z\u0131 gelin oldu,<br \/>\nK\u00fc\u00e7\u00fck bey s\u0131n\u0131f\u0131 ge\u00e7ti.<br \/>\nDaha b\u00f6yle ac\u0131,tatl\u0131<br \/>\nNeler oldu bir y\u0131l i\u00e7inde!<br \/>\nOldu ya, olanlar\u0131n hepsi b\u00f6yle.<br \/>\nHayat b\u00f6yle zaten! ..<\/p>\n","protected":false},"excerpt":{"rendered":"<p>Orhan Veli &#8220;\u00f6m\u00fcr &#8230; \u00f6zenle saklad\u0131\u011f\u0131n\u0131z bir sar\u0131 lira gibi \u00f6mr\u00fcn\u00fcz; vakit gelip sand\u0131ktan \u00e7\u0131kard\u0131\u011f\u0131n\u0131zda, birde bak\u0131yorsunuz ki, tedav\u00fclden kalkm\u0131\u015f.&#8221; Hayat B\u00f6yle Zaten Bir evin bir k\u00f6pe\u011fi vard\u0131; K\u0131v\u0131r k\u0131v\u0131rd\u0131, ad\u0131 \u00c7in\u00e7on&#8217;du, \u00f6ld\u00fc. Bir de&#8230;<\/p>\n","protected":false},"author":2,"featured_media":0,"comment_status":"open","ping_status":"open","sticky":false,"template":"","format":"standard","meta":{"footnotes":""},"categories":[2],"tags":[1025],"class_list":["post-1399","post","type-post","status-publish","format-standard","hentry","category-blog-yazilari","tag-orhan-veli"],"yoast_head":"<!-- This site is optimized with the Yoast SEO plugin v26.8 - https:\/\/yoast.com\/product\/yoast-seo-wordpress\/ -->\n<title>Orhan Veli &quot;\u00f6m\u00fcr ... \u00f6zenle sak ... - At\u0131f \u00dcnald\u0131<\/title>\n<meta name=\"robots\" content=\"index, follow, max-snippet:-1, max-image-preview:large, max-video-preview:-1\" \/>\n<link rel=\"canonical\" href=\"http:\/\/atif.unaldi.org\/blog\/2009\/10\/09\/orhan-veliomur-ozenle-sak\/\" \/>\n<meta property=\"og:locale\" content=\"tr_TR\" \/>\n<meta property=\"og:type\" content=\"article\" \/>\n<meta property=\"og:title\" content=\"Orhan Veli &quot;\u00f6m\u00fcr ... \u00f6zenle sak ... - At\u0131f \u00dcnald\u0131\" \/>\n<meta property=\"og:description\" content=\"Orhan Veli &#8220;\u00f6m\u00fcr &#8230; \u00f6zenle saklad\u0131\u011f\u0131n\u0131z bir sar\u0131 lira gibi \u00f6mr\u00fcn\u00fcz; vakit gelip sand\u0131ktan \u00e7\u0131kard\u0131\u011f\u0131n\u0131zda, birde bak\u0131yorsunuz ki, tedav\u00fclden kalkm\u0131\u015f.&#8221; Hayat B\u00f6yle Zaten Bir evin bir k\u00f6pe\u011fi vard\u0131; K\u0131v\u0131r k\u0131v\u0131rd\u0131, ad\u0131 \u00c7in\u00e7on&#8217;du, \u00f6ld\u00fc. Bir de...\" \/>\n<meta property=\"og:url\" content=\"http:\/\/atif.unaldi.org\/blog\/2009\/10\/09\/orhan-veliomur-ozenle-sak\/\" \/>\n<meta property=\"og:site_name\" content=\"At\u0131f \u00dcnald\u0131\" \/>\n<meta property=\"article:publisher\" content=\"https:\/\/www.facebook.com\/atifunaldi\" \/>\n<meta property=\"article:author\" content=\"https:\/\/www.facebook.com\/atifunaldi\" \/>\n<meta property=\"article:published_time\" content=\"2009-10-09T21:24:40+00:00\" \/>\n<meta name=\"author\" content=\"Atif Unaldi\" \/>\n<meta name=\"twitter:card\" content=\"summary_large_image\" \/>\n<meta name=\"twitter:creator\" content=\"@https:\/\/twitter.com\/atifunaldi\" \/>\n<meta name=\"twitter:site\" content=\"@atifunaldi\" \/>\n<meta name=\"twitter:label1\" content=\"Yazan:\" \/>\n\t<meta name=\"twitter:data1\" content=\"Atif Unaldi\" \/>\n<script type=\"application\/ld+json\" class=\"yoast-schema-graph\">{\"@context\":\"https:\/\/schema.org\",\"@graph\":[{\"@type\":\"Article\",\"@id\":\"http:\/\/atif.unaldi.org\/blog\/2009\/10\/09\/orhan-veliomur-ozenle-sak\/#article\",\"isPartOf\":{\"@id\":\"http:\/\/atif.unaldi.org\/blog\/2009\/10\/09\/orhan-veliomur-ozenle-sak\/\"},\"author\":{\"name\":\"Atif Unaldi\",\"@id\":\"http:\/\/atif.unaldi.org\/blog\/#\/schema\/person\/608ed42ecbda2bc5cfdb767ac1db479b\"},\"headline\":\"Orhan Veli &#8220;\u00f6m\u00fcr &#8230; \u00f6zenle sak &#8230;\",\"datePublished\":\"2009-10-09T21:24:40+00:00\",\"mainEntityOfPage\":{\"@id\":\"http:\/\/atif.unaldi.org\/blog\/2009\/10\/09\/orhan-veliomur-ozenle-sak\/\"},\"wordCount\":98,\"commentCount\":0,\"publisher\":{\"@id\":\"http:\/\/atif.unaldi.org\/blog\/#\/schema\/person\/608ed42ecbda2bc5cfdb767ac1db479b\"},\"keywords\":[\"Orhan Veli\"],\"articleSection\":[\"Blog Yaz\u0131lar\u0131\"],\"inLanguage\":\"tr\",\"potentialAction\":[{\"@type\":\"CommentAction\",\"name\":\"Comment\",\"target\":[\"http:\/\/atif.unaldi.org\/blog\/2009\/10\/09\/orhan-veliomur-ozenle-sak\/#respond\"]}]},{\"@type\":\"WebPage\",\"@id\":\"http:\/\/atif.unaldi.org\/blog\/2009\/10\/09\/orhan-veliomur-ozenle-sak\/\",\"url\":\"http:\/\/atif.unaldi.org\/blog\/2009\/10\/09\/orhan-veliomur-ozenle-sak\/\",\"name\":\"Orhan Veli \\\"\u00f6m\u00fcr ... \u00f6zenle sak ... - At\u0131f \u00dcnald\u0131\",\"isPartOf\":{\"@id\":\"http:\/\/atif.unaldi.org\/blog\/#website\"},\"datePublished\":\"2009-10-09T21:24:40+00:00\",\"breadcrumb\":{\"@id\":\"http:\/\/atif.unaldi.org\/blog\/2009\/10\/09\/orhan-veliomur-ozenle-sak\/#breadcrumb\"},\"inLanguage\":\"tr\",\"potentialAction\":[{\"@type\":\"ReadAction\",\"target\":[\"http:\/\/atif.unaldi.org\/blog\/2009\/10\/09\/orhan-veliomur-ozenle-sak\/\"]}]},{\"@type\":\"BreadcrumbList\",\"@id\":\"http:\/\/atif.unaldi.org\/blog\/2009\/10\/09\/orhan-veliomur-ozenle-sak\/#breadcrumb\",\"itemListElement\":[{\"@type\":\"ListItem\",\"position\":1,\"name\":\"Anasayfa\",\"item\":\"http:\/\/atif.unaldi.org\/blog\/\"},{\"@type\":\"ListItem\",\"position\":2,\"name\":\"Orhan Veli &#8220;\u00f6m\u00fcr &#8230; \u00f6zenle sak &#8230;\"}]},{\"@type\":\"WebSite\",\"@id\":\"http:\/\/atif.unaldi.org\/blog\/#website\",\"url\":\"http:\/\/atif.unaldi.org\/blog\/\",\"name\":\"At\u0131f \u00dcnald\u0131\",\"description\":\"Yazar\",\"publisher\":{\"@id\":\"http:\/\/atif.unaldi.org\/blog\/#\/schema\/person\/608ed42ecbda2bc5cfdb767ac1db479b\"},\"alternateName\":\"At\u0131f \u00dcnald\u0131 Blog\",\"potentialAction\":[{\"@type\":\"SearchAction\",\"target\":{\"@type\":\"EntryPoint\",\"urlTemplate\":\"http:\/\/atif.unaldi.org\/blog\/?s={search_term_string}\"},\"query-input\":{\"@type\":\"PropertyValueSpecification\",\"valueRequired\":true,\"valueName\":\"search_term_string\"}}],\"inLanguage\":\"tr\"},{\"@type\":[\"Person\",\"Organization\"],\"@id\":\"http:\/\/atif.unaldi.org\/blog\/#\/schema\/person\/608ed42ecbda2bc5cfdb767ac1db479b\",\"name\":\"Atif Unaldi\",\"image\":{\"@type\":\"ImageObject\",\"inLanguage\":\"tr\",\"@id\":\"http:\/\/atif.unaldi.org\/blog\/#\/schema\/person\/image\/\",\"url\":\"http:\/\/atif.unaldi.org\/blog\/wp-content\/uploads\/2022\/10\/cropped-a94e8f7a-67c4-4d65-8a5f-032ba784be53-2.jpg\",\"contentUrl\":\"http:\/\/atif.unaldi.org\/blog\/wp-content\/uploads\/2022\/10\/cropped-a94e8f7a-67c4-4d65-8a5f-032ba784be53-2.jpg\",\"width\":512,\"height\":512,\"caption\":\"Atif Unaldi\"},\"logo\":{\"@id\":\"http:\/\/atif.unaldi.org\/blog\/#\/schema\/person\/image\/\"},\"description\":\"Bo\u011fazi\u00e7i \u00dcniversitesinde Fizik B\u00f6l\u00fcm\u00fc\u2019nde e\u011fitim ald\u0131\u011f\u0131 y\u0131llarda T\u00fcrkiye\u2019de ilk kez iki bilgisayar\u0131 telefon hatlar\u0131 \u00fczerinden konu\u015fturan BBS sistemini kurarak, T\u00fcrkiye\u2019deki ilk internet a\u011f\u0131n\u0131 olu\u015fturmu\u015ftur. Bir \u00e7ok radyo ve televizyonda program yap\u0131mc\u0131l\u0131\u011f\u0131 ve sunuculu\u011funu, bir \u00e7ok teknoloji dergisinde k\u00f6\u015fe yazarl\u0131\u011f\u0131, bili\u015fim edit\u00f6rl\u00fc\u011f\u00fc ve genel yay\u0131n y\u00f6netmenli\u011fi yapt\u0131. T\u00fcrkiye\u2019deki ilk internet servis sa\u011flay\u0131c\u0131s\u0131n\u0131n genel m\u00fcd\u00fcrl\u00fc\u011f\u00fcn\u00fc \u00fcstlendi. Bir \u00e7ok organizasyon ve kurulu\u015fta internet s\u00fcperviz\u00f6rl\u00fc\u011f\u00fc , webmaster\u2019l\u0131\u011f\u0131 , IT direkt\u00f6rl\u00fc\u011f\u00fc ve dijital projeler koordinat\u00f6rl\u00fc\u011f\u00fc g\u00f6revlerinde bulundu. Farkl\u0131 \u00fcniversitelerin farkl\u0131 fak\u00fcltelerinde \u00f6\u011fretim g\u00f6revlisi olarak bulunmu\u015f olan \u00dcnald\u0131; \u015fu an teknoloji ve pazarlama konular\u0131 ba\u015fta olmak \u00fczere bir\u00e7ok alanda hizmet veren Unaldi Consultancy\u2019nin kurucusudur. \\u2028Selin \u00dcnald\u0131 ile evlidir. Su ve Toprak isminde iki \u00e7ocu\u011fu vard\u0131r.\",\"sameAs\":[\"http:\/\/atif.unaldi.org\/blog\",\"https:\/\/www.facebook.com\/atifunaldi\",\"https:\/\/www.instagram.com\/atifunaldi\/\",\"https:\/\/www.linkedin.com\/in\/atifunaldi\",\"https:\/\/x.com\/https:\/\/twitter.com\/atifunaldi\",\"https:\/\/www.youtube.com\/c\/atifunaldi\",\"https:\/\/soundcloud.com\/atif-unaldi\",\"https:\/\/atifunaldi.tumblr.com\"],\"url\":\"http:\/\/atif.unaldi.org\/blog\/author\/atifunaldi\/\"}]}<\/script>\n<!-- \/ Yoast SEO plugin. -->","yoast_head_json":{"title":"Orhan Veli \"\u00f6m\u00fcr ... \u00f6zenle sak ... - At\u0131f \u00dcnald\u0131","robots":{"index":"index","follow":"follow","max-snippet":"max-snippet:-1","max-image-preview":"max-image-preview:large","max-video-preview":"max-video-preview:-1"},"canonical":"http:\/\/atif.unaldi.org\/blog\/2009\/10\/09\/orhan-veliomur-ozenle-sak\/","og_locale":"tr_TR","og_type":"article","og_title":"Orhan Veli \"\u00f6m\u00fcr ... \u00f6zenle sak ... - At\u0131f \u00dcnald\u0131","og_description":"Orhan Veli &#8220;\u00f6m\u00fcr &#8230; \u00f6zenle saklad\u0131\u011f\u0131n\u0131z bir sar\u0131 lira gibi \u00f6mr\u00fcn\u00fcz; vakit gelip sand\u0131ktan \u00e7\u0131kard\u0131\u011f\u0131n\u0131zda, birde bak\u0131yorsunuz ki, tedav\u00fclden kalkm\u0131\u015f.&#8221; Hayat B\u00f6yle Zaten Bir evin bir k\u00f6pe\u011fi vard\u0131; K\u0131v\u0131r k\u0131v\u0131rd\u0131, ad\u0131 \u00c7in\u00e7on&#8217;du, \u00f6ld\u00fc. Bir de...","og_url":"http:\/\/atif.unaldi.org\/blog\/2009\/10\/09\/orhan-veliomur-ozenle-sak\/","og_site_name":"At\u0131f \u00dcnald\u0131","article_publisher":"https:\/\/www.facebook.com\/atifunaldi","article_author":"https:\/\/www.facebook.com\/atifunaldi","article_published_time":"2009-10-09T21:24:40+00:00","author":"Atif Unaldi","twitter_card":"summary_large_image","twitter_creator":"@https:\/\/twitter.com\/atifunaldi","twitter_site":"@atifunaldi","twitter_misc":{"Yazan:":"Atif Unaldi"},"schema":{"@context":"https:\/\/schema.org","@graph":[{"@type":"Article","@id":"http:\/\/atif.unaldi.org\/blog\/2009\/10\/09\/orhan-veliomur-ozenle-sak\/#article","isPartOf":{"@id":"http:\/\/atif.unaldi.org\/blog\/2009\/10\/09\/orhan-veliomur-ozenle-sak\/"},"author":{"name":"Atif Unaldi","@id":"http:\/\/atif.unaldi.org\/blog\/#\/schema\/person\/608ed42ecbda2bc5cfdb767ac1db479b"},"headline":"Orhan Veli &#8220;\u00f6m\u00fcr &#8230; \u00f6zenle sak &#8230;","datePublished":"2009-10-09T21:24:40+00:00","mainEntityOfPage":{"@id":"http:\/\/atif.unaldi.org\/blog\/2009\/10\/09\/orhan-veliomur-ozenle-sak\/"},"wordCount":98,"commentCount":0,"publisher":{"@id":"http:\/\/atif.unaldi.org\/blog\/#\/schema\/person\/608ed42ecbda2bc5cfdb767ac1db479b"},"keywords":["Orhan Veli"],"articleSection":["Blog Yaz\u0131lar\u0131"],"inLanguage":"tr","potentialAction":[{"@type":"CommentAction","name":"Comment","target":["http:\/\/atif.unaldi.org\/blog\/2009\/10\/09\/orhan-veliomur-ozenle-sak\/#respond"]}]},{"@type":"WebPage","@id":"http:\/\/atif.unaldi.org\/blog\/2009\/10\/09\/orhan-veliomur-ozenle-sak\/","url":"http:\/\/atif.unaldi.org\/blog\/2009\/10\/09\/orhan-veliomur-ozenle-sak\/","name":"Orhan Veli \"\u00f6m\u00fcr ... \u00f6zenle sak ... - At\u0131f \u00dcnald\u0131","isPartOf":{"@id":"http:\/\/atif.unaldi.org\/blog\/#website"},"datePublished":"2009-10-09T21:24:40+00:00","breadcrumb":{"@id":"http:\/\/atif.unaldi.org\/blog\/2009\/10\/09\/orhan-veliomur-ozenle-sak\/#breadcrumb"},"inLanguage":"tr","potentialAction":[{"@type":"ReadAction","target":["http:\/\/atif.unaldi.org\/blog\/2009\/10\/09\/orhan-veliomur-ozenle-sak\/"]}]},{"@type":"BreadcrumbList","@id":"http:\/\/atif.unaldi.org\/blog\/2009\/10\/09\/orhan-veliomur-ozenle-sak\/#breadcrumb","itemListElement":[{"@type":"ListItem","position":1,"name":"Anasayfa","item":"http:\/\/atif.unaldi.org\/blog\/"},{"@type":"ListItem","position":2,"name":"Orhan Veli &#8220;\u00f6m\u00fcr &#8230; \u00f6zenle sak &#8230;"}]},{"@type":"WebSite","@id":"http:\/\/atif.unaldi.org\/blog\/#website","url":"http:\/\/atif.unaldi.org\/blog\/","name":"At\u0131f \u00dcnald\u0131","description":"Yazar","publisher":{"@id":"http:\/\/atif.unaldi.org\/blog\/#\/schema\/person\/608ed42ecbda2bc5cfdb767ac1db479b"},"alternateName":"At\u0131f \u00dcnald\u0131 Blog","potentialAction":[{"@type":"SearchAction","target":{"@type":"EntryPoint","urlTemplate":"http:\/\/atif.unaldi.org\/blog\/?s={search_term_string}"},"query-input":{"@type":"PropertyValueSpecification","valueRequired":true,"valueName":"search_term_string"}}],"inLanguage":"tr"},{"@type":["Person","Organization"],"@id":"http:\/\/atif.unaldi.org\/blog\/#\/schema\/person\/608ed42ecbda2bc5cfdb767ac1db479b","name":"Atif Unaldi","image":{"@type":"ImageObject","inLanguage":"tr","@id":"http:\/\/atif.unaldi.org\/blog\/#\/schema\/person\/image\/","url":"http:\/\/atif.unaldi.org\/blog\/wp-content\/uploads\/2022\/10\/cropped-a94e8f7a-67c4-4d65-8a5f-032ba784be53-2.jpg","contentUrl":"http:\/\/atif.unaldi.org\/blog\/wp-content\/uploads\/2022\/10\/cropped-a94e8f7a-67c4-4d65-8a5f-032ba784be53-2.jpg","width":512,"height":512,"caption":"Atif Unaldi"},"logo":{"@id":"http:\/\/atif.unaldi.org\/blog\/#\/schema\/person\/image\/"},"description":"Bo\u011fazi\u00e7i \u00dcniversitesinde Fizik B\u00f6l\u00fcm\u00fc\u2019nde e\u011fitim ald\u0131\u011f\u0131 y\u0131llarda T\u00fcrkiye\u2019de ilk kez iki bilgisayar\u0131 telefon hatlar\u0131 \u00fczerinden konu\u015fturan BBS sistemini kurarak, T\u00fcrkiye\u2019deki ilk internet a\u011f\u0131n\u0131 olu\u015fturmu\u015ftur. Bir \u00e7ok radyo ve televizyonda program yap\u0131mc\u0131l\u0131\u011f\u0131 ve sunuculu\u011funu, bir \u00e7ok teknoloji dergisinde k\u00f6\u015fe yazarl\u0131\u011f\u0131, bili\u015fim edit\u00f6rl\u00fc\u011f\u00fc ve genel yay\u0131n y\u00f6netmenli\u011fi yapt\u0131. T\u00fcrkiye\u2019deki ilk internet servis sa\u011flay\u0131c\u0131s\u0131n\u0131n genel m\u00fcd\u00fcrl\u00fc\u011f\u00fcn\u00fc \u00fcstlendi. Bir \u00e7ok organizasyon ve kurulu\u015fta internet s\u00fcperviz\u00f6rl\u00fc\u011f\u00fc , webmaster\u2019l\u0131\u011f\u0131 , IT direkt\u00f6rl\u00fc\u011f\u00fc ve dijital projeler koordinat\u00f6rl\u00fc\u011f\u00fc g\u00f6revlerinde bulundu. Farkl\u0131 \u00fcniversitelerin farkl\u0131 fak\u00fcltelerinde \u00f6\u011fretim g\u00f6revlisi olarak bulunmu\u015f olan \u00dcnald\u0131; \u015fu an teknoloji ve pazarlama konular\u0131 ba\u015fta olmak \u00fczere bir\u00e7ok alanda hizmet veren Unaldi Consultancy\u2019nin kurucusudur. \u2028Selin \u00dcnald\u0131 ile evlidir. Su ve Toprak isminde iki \u00e7ocu\u011fu vard\u0131r.","sameAs":["http:\/\/atif.unaldi.org\/blog","https:\/\/www.facebook.com\/atifunaldi","https:\/\/www.instagram.com\/atifunaldi\/","https:\/\/www.linkedin.com\/in\/atifunaldi","https:\/\/x.com\/https:\/\/twitter.com\/atifunaldi","https:\/\/www.youtube.com\/c\/atifunaldi","https:\/\/soundcloud.com\/atif-unaldi","https:\/\/atifunaldi.tumblr.com"],"url":"http:\/\/atif.unaldi.org\/blog\/author\/atifunaldi\/"}]}},"jetpack_featured_media_url":"","_links":{"self":[{"href":"http:\/\/atif.unaldi.org\/blog\/wp-json\/wp\/v2\/posts\/1399","targetHints":{"allow":["GET"]}}],"collection":[{"href":"http:\/\/atif.unaldi.org\/blog\/wp-json\/wp\/v2\/posts"}],"about":[{"href":"http:\/\/atif.unaldi.org\/blog\/wp-json\/wp\/v2\/types\/post"}],"author":[{"embeddable":true,"href":"http:\/\/atif.unaldi.org\/blog\/wp-json\/wp\/v2\/users\/2"}],"replies":[{"embeddable":true,"href":"http:\/\/atif.unaldi.org\/blog\/wp-json\/wp\/v2\/comments?post=1399"}],"version-history":[{"count":0,"href":"http:\/\/atif.unaldi.org\/blog\/wp-json\/wp\/v2\/posts\/1399\/revisions"}],"wp:attachment":[{"href":"http:\/\/atif.unaldi.org\/blog\/wp-json\/wp\/v2\/media?parent=1399"}],"wp:term":[{"taxonomy":"category","embeddable":true,"href":"http:\/\/atif.unaldi.org\/blog\/wp-json\/wp\/v2\/categories?post=1399"},{"taxonomy":"post_tag","embeddable":true,"href":"http:\/\/atif.unaldi.org\/blog\/wp-json\/wp\/v2\/tags?post=1399"}],"curies":[{"name":"wp","href":"https:\/\/api.w.org\/{rel}","templated":true}]}}