{"id":14447,"date":"2017-06-18T07:10:03","date_gmt":"2017-06-18T07:10:03","guid":{"rendered":"http:\/\/atif.unaldi.org\/blog\/?p=14447"},"modified":"2017-06-18T07:10:03","modified_gmt":"2017-06-18T07:10:03","slug":"apple-design-awardda-benim-ilk-12im","status":"publish","type":"post","link":"http:\/\/atif.unaldi.org\/blog\/2017\/06\/18\/apple-design-awardda-benim-ilk-12im\/","title":{"rendered":"Apple design award\u2019da benim ilk 12\u2019im"},"content":{"rendered":"<p>Apple her y\u0131l yaz\u0131l\u0131m geli\u015ftiriciler i\u00e7in d\u00fczenledi\u011fi WWDC\u2019de (Worldwide Developers Conference) en be\u011fendi\u011fi 12 yaz\u0131l\u0131m\u0131 anons eder. Bu y\u0131l anons edilen yaz\u0131l\u0131mlar;<\/p>\n<ol>\n<li>Blackbox<\/li>\n<li>Lake<\/li>\n<li>Kitchen Stories<\/li>\n<li>Elk<\/li>\n<li>Bear<\/li>\n<li>Things 3<\/li>\n<li>Splitter Critters<\/li>\n<li>Old Man\u2019s Journey<\/li>\n<li>Mushroom 11<\/li>\n<li>Severed<\/li>\n<li>Enlight<\/li>\n<li>AirMail 3 oldu.&nbsp;<\/li>\n<\/ol>\n<p>Bunlar\u0131n i\u00e7inde sadece AirMail 3 konusunda anla\u015ft\u0131\u011f\u0131m\u0131z\u0131 s\u00f6ylemeliyim.&nbsp;<br \/>\nZaten bu yaz\u0131l\u0131mlar\u0131n 4 tanesi oyun. Ben \u00e7ok fazla oyun oynayan biri de\u011filim. Kitchen Stories yemek pi\u015firme ve re\u00e7eteler \u00fczerine yap\u0131lm\u0131\u015f bir uygulama ancak onu da \u00e7ok be\u011fendi\u011fimi s\u00f6yleyemeyece\u011fim. Ancak geri kalan\u0131, \u00f6zellikle verimlilik uygulamalar\u0131 konusunda benim de bir listem var.&nbsp;<br \/>\n<a href=\"https:\/\/atifunaldi.files.wordpress.com\/2017\/06\/img_5026.png\"><img loading=\"lazy\" decoding=\"async\" src=\"https:\/\/atifunaldi.files.wordpress.com\/2017\/06\/img_5026.png\" alt=\"\" width=\"1125\" height=\"2001\" class=\"alignnone size-full wp-image-14448\"><\/a>AirMail : Hepimizin en \u00f6nemli dertlerinden biri i\u015f hayat\u0131nda \u00fczerimize y\u0131\u011f\u0131lan, e-postalar\u0131n ak\u0131\u015f\u0131n\u0131 sa\u011flamak. Sadece maillleri cevaplay\u0131p, kalan\u0131n\u0131 silmekten \u00e7ok hepimizin gelen mesajlar\u0131 y\u00f6nlendirmesi, zaman\u0131 geldi\u011finde cevaplamas\u0131, yap\u0131lacak i\u015fler listesine eklemesi gerekebiliyor. Ben de bir s\u00fcredir birden fazla uygulamay\u0131 kurarak, hangisinin daha ba\u015far\u0131l\u0131 oldu\u011funu inceledim. Kurdu\u011fum uygulamalar aras\u0131nda google inbox\u2019dan, yapay zeka, chat hatta ki\u015fisel payla\u015f\u0131mlar\u0131 alan uygulamalar da oldu. Bunlar\u0131n aras\u0131ndan sadece Airmail ger\u00e7ekten neredeyse bir mail ile yap\u0131labilecek her\u015feyi yap\u0131yor.Ke\u015fke her cihaz\u0131mda kulland\u0131\u011f\u0131m bu program ayarlar\u0131m\u0131n hepsini bir makineden di\u011ferine ta\u015f\u0131yabilse. Bunu yap\u0131yor ama yeteri kadar iyi oldu\u011funu s\u00f6yleyemeyece\u011fim.&nbsp;<br \/>\n<a href=\"https:\/\/atifunaldi.files.wordpress.com\/2017\/06\/img_5025.png\"><img loading=\"lazy\" decoding=\"async\" src=\"https:\/\/atifunaldi.files.wordpress.com\/2017\/06\/img_5025.png\" alt=\"\" width=\"1125\" height=\"2001\" class=\"alignnone size-full wp-image-14449\"><\/a>Duet : Uygulama daha \u00f6nce \u00f6d\u00fcl ald\u0131 m\u0131? Bilemiyorum. Duet bilgisayar\u0131n\u0131za \u015farj kablosu ile ba\u011fl\u0131 olan iPhone\u2019nunuz veya iPad\u2019inizi ikinci bir ekran olarak kullanman\u0131z\u0131 sa\u011fl\u0131yor. Geli\u015ftirme hikayesini okudu\u011fumda, eski bir Apple \u00e7al\u0131\u015fan\u0131 taraf\u0131ndan geli\u015ftirildi\u011fini okudum.&nbsp;<br \/>\n<a href=\"https:\/\/atifunaldi.files.wordpress.com\/2017\/06\/img_5027.png\"><img loading=\"lazy\" decoding=\"async\" src=\"https:\/\/atifunaldi.files.wordpress.com\/2017\/06\/img_5027.png\" alt=\"\" width=\"2001\" height=\"1125\" class=\"alignnone size-full wp-image-14450\"><\/a>DriveBox HD : Ara\u00e7 kullan\u0131rken, cep telefonu ile m\u00fczik a\u00e7maktan tutun bir\u00e7ok konuyu halleden birisiyseniz, bu yaz\u0131l\u0131m neredeyse AppleCar gibi bir aray\u00fcz\u00fcn olmas\u0131n\u0131 sa\u011fl\u0131yor. Bu sayede de cep telefonunuza \u00e7ok da konsantre olmadan bir\u00e7ok i\u015flemi yapabiliyorsunuz.&nbsp;<br \/>\n<a href=\"https:\/\/atifunaldi.files.wordpress.com\/2017\/06\/img_5031.png\"><img loading=\"lazy\" decoding=\"async\" src=\"https:\/\/atifunaldi.files.wordpress.com\/2017\/06\/img_5031.png\" alt=\"\" width=\"1125\" height=\"2001\" class=\"alignnone size-full wp-image-14451\"><\/a>Pages : Ulyses de dahil olmak \u00fczere neredeyse her t\u00fcrl\u00fc yaz\u0131 program\u0131n\u0131 denedim. Hatta fiyat\u0131 d\u00fc\u015fmesi durumunda alarm gelmesi i\u00e7in IFTTT ayarlar\u0131m hala duruyor. Apple\u2019\u0131n bu seneki listesinde de bu programlardan biri olan Bear var. Kullananlar \u00e7ok ba\u015far\u0131l\u0131 oldu\u011funu s\u00f6yl\u00fcyorlar. Benim ise bir metin yaz\u0131l\u0131m\u0131ndan beklentim, sadece yaz\u0131y\u0131 yazmas\u0131. Hi\u00e7bir ekstra eklememesi. San\u0131r\u0131m bu iste\u011fim yazarl\u0131ktan \u00e7ok, programc\u0131l\u0131k taraf\u0131mdan geliyor. Linux\u2019un Elvis, vii gibi metin d\u00fczenleme yaz\u0131l\u0131mlar\u0131n\u0131 kullanmam ve sevmem etkili. Bilemiyorum. Ama beni bu konudaki tercihim en basit \u015fekle al\u0131nm\u0131\u015f ve sadece karakter sayan pages uygulamas\u0131. hem ucuz hem de her\u015feyi yap\u0131yor. Ke\u015fke evernote gibi yazd\u0131\u011f\u0131m bir ismin, linkedin ba\u011flant\u0131s\u0131n\u0131 getirip, altta google aramalar\u0131 yapsa. Bu yaz\u0131 yazmay\u0131 da kolayla\u015ft\u0131racakt\u0131r.&nbsp;<br \/>\n<a href=\"https:\/\/atifunaldi.files.wordpress.com\/2017\/06\/img_5028.png\"><img loading=\"lazy\" decoding=\"async\" src=\"https:\/\/atifunaldi.files.wordpress.com\/2017\/06\/img_5028.png\" alt=\"\" width=\"2001\" height=\"1125\" class=\"alignnone size-full wp-image-14453\"><\/a><br \/>\nTodo : Yap\u0131lacaklar\u0131n tutulmas\u0131 konusunda trello\u2019dan, asana\u2019ya bir\u00e7ok program\u0131 denedim. Bu y\u0131l se\u00e7ilen yaz\u0131l\u0131mlar aras\u0131nda Things 3 de bu s\u0131n\u0131f\u0131n \u00fcyelerinden. \u00c7o\u011fu son derece ba\u015far\u0131l\u0131 g\u00f6r\u00fcn\u00fcyor. Aray\u00fcz olarak ise kimse Clear\u2019\u0131n eline su d\u00f6kemez. Ama d\u00f6nd\u00fcm dola\u015ft\u0131m yine bildi\u011fimiz al\u0131\u015ft\u0131\u011f\u0131m\u0131z todo program\u0131na d\u00f6nd\u00fcm. Di\u011ferleri yeteri kadar iyi senkronize olam\u0131yorlar.&nbsp;<br \/>\n<a href=\"https:\/\/atifunaldi.files.wordpress.com\/2017\/06\/img_5030.png\"><img loading=\"lazy\" decoding=\"async\" src=\"https:\/\/atifunaldi.files.wordpress.com\/2017\/06\/img_5030.png\" alt=\"\" width=\"1125\" height=\"2001\" class=\"alignnone size-full wp-image-14452\"><\/a>Futurism : Teknoloji konusunda okumay\u0131 \u00e7ok seviyorum. Bu konuda en iyi yaz\u0131l\u0131m benim i\u00e7in haberleri ve tasar\u0131m\u0131 ile flipboard\u2019dan sonra futurism. Hem i\u00e7erik hem de kullan\u0131m a\u00e7\u0131s\u0131ndan tam bir fenomen.&nbsp;<br \/>\nNot tutma : Hemen herkes not tutma denince pocket ve evernote\u2019u be\u011feniyor. Evernote\u2019un premium abonesi olmama ra\u011fmen a\u00e7\u0131kas\u0131 senkronizasyon problemleri y\u00fcz\u00fcnden b\u00fct\u00fcn notlar\u0131m\u0131 notepad\u2019e aktard\u0131m. Bu aktarma i\u015fi konusunda, evernote\u2019dan \u00e7ok memnun kald\u0131\u011f\u0131m\u0131 s\u00f6ylemeliyim. Ama bunun d\u0131\u015f\u0131nda bence iyi bir program de\u011fil. Acil okumam gereken makaleler ve k\u00f6\u015fe yaz\u0131lar\u0131 i\u00e7in Instapaper en be\u011fendi\u011fim yaz\u0131l\u0131m. Her zaman kullanacak bir y\u00f6ntem buldum. Ancak onun d\u0131\u015f\u0131nda web\u2019den sadece bir al\u0131nt\u0131y\u0131 al\u0131p, onu\u2019da web sitesindeki yerine g\u00f6re i\u015faretleyerek kaydeden yani citation yapan bir yaz\u0131l\u0131m olarak D\u0130\u0130GO\u2019yu bir s\u00fcre kulland\u0131m. Ama ne yaz\u0131k ki g\u00f6rd\u00fc\u011f\u00fcm kadar\u0131yla bu konunun kral\u0131 hala benim i\u00e7in notepad.&nbsp;<br \/>\n<a href=\"https:\/\/atifunaldi.files.wordpress.com\/2017\/06\/img_5029.png\"><img loading=\"lazy\" decoding=\"async\" src=\"https:\/\/atifunaldi.files.wordpress.com\/2017\/06\/img_5029.png\" alt=\"\" width=\"2001\" height=\"1125\" class=\"alignnone size-full wp-image-14454\"><\/a>IQ Test : Tabii her\u015fey verimlilik de\u011fil, bazen e\u011flenceli yaz\u0131l\u0131mlar da iyi oluyor. Bu konuda IQ Test\u2019i tek ge\u00e7erim. Hem harika bir tasar\u0131m\u0131 var, hem de son derece e\u011flenceli bir program.&nbsp;<br \/>\n<a href=\"https:\/\/atifunaldi.files.wordpress.com\/2017\/06\/img_5050.png\"><img loading=\"lazy\" decoding=\"async\" src=\"https:\/\/atifunaldi.files.wordpress.com\/2017\/06\/img_5050.png\" alt=\"\" width=\"1125\" height=\"2001\" class=\"alignnone size-full wp-image-14456\"><\/a>Starbucks : Sadakat kartlar\u0131na inanc\u0131m\u0131 kaybedeli \u00e7ok uzun zaman oldu. Hopi saatlerce Boyner\u2019de dola\u015ft\u0131rd\u0131ktan sonra indirim yapmad\u0131\u011f\u0131nda ise bu d\u00fc\u015f\u00fcncem tamamen yerle\u015fti. Starbuck\u2019s sadece bir sadakat de\u011fil ayn\u0131 zamanda bir mobil \u00f6deme uygulamas\u0131 olmas\u0131 nedeniyle bence \u00e7ok ba\u015far\u0131l\u0131.&nbsp;<br \/>\n11. 12. Biraz da T\u00fcrk yaz\u0131l\u0131mlar\u0131 :  Son \u00fc\u00e7 yaz\u0131l\u0131m\u0131m T\u00fcrkiye\u2019den, T\u00fcrk\u00e7e\u2026 \u00d6ncelikle bir s\u00fcredir ekibimi y\u00f6netmek i\u00e7in kulland\u0131\u011f\u0131m Teamgram \u00e7ok ba\u015far\u0131l\u0131. Zubizu ve Beyaz F\u0131r\u0131n yaz\u0131l\u0131mlar\u0131 da bence bu yar\u0131\u015fma T\u00fcrkiye\u2019de yap\u0131lsayd\u0131 s\u0131ralamaya rahatl\u0131kla girerlerdi.&nbsp;<\/p>\n","protected":false},"excerpt":{"rendered":"<p>Apple her y\u0131l yaz\u0131l\u0131m geli\u015ftiriciler i\u00e7in d\u00fczenledi\u011fi WWDC\u2019de (Worldwide Developers Conference) en be\u011fendi\u011fi 12 yaz\u0131l\u0131m\u0131 anons eder. Bu y\u0131l anons edilen yaz\u0131l\u0131mlar; Blackbox Lake Kitchen Stories Elk Bear Things 3 Splitter Critters Old Man\u2019s Journey&#8230;<\/p>\n","protected":false},"author":2,"featured_media":14457,"comment_status":"closed","ping_status":"open","sticky":false,"template":"","format":"standard","meta":{"footnotes":""},"categories":[3],"tags":[],"class_list":["post-14447","post","type-post","status-publish","format-standard","has-post-thumbnail","hentry","category-blogum"],"yoast_head":"<!-- This site is optimized with the Yoast SEO plugin v26.8 - https:\/\/yoast.com\/product\/yoast-seo-wordpress\/ -->\n<title>Apple design award\u2019da benim ilk 12\u2019im - At\u0131f \u00dcnald\u0131<\/title>\n<meta name=\"robots\" content=\"index, follow, max-snippet:-1, max-image-preview:large, max-video-preview:-1\" \/>\n<link rel=\"canonical\" href=\"http:\/\/atif.unaldi.org\/blog\/2017\/06\/18\/apple-design-awardda-benim-ilk-12im\/\" \/>\n<meta property=\"og:locale\" content=\"tr_TR\" \/>\n<meta property=\"og:type\" content=\"article\" \/>\n<meta property=\"og:title\" content=\"Apple design award\u2019da benim ilk 12\u2019im - At\u0131f \u00dcnald\u0131\" \/>\n<meta property=\"og:description\" content=\"Apple her y\u0131l yaz\u0131l\u0131m geli\u015ftiriciler i\u00e7in d\u00fczenledi\u011fi WWDC\u2019de (Worldwide Developers Conference) en be\u011fendi\u011fi 12 yaz\u0131l\u0131m\u0131 anons eder. Bu y\u0131l anons edilen yaz\u0131l\u0131mlar; Blackbox Lake Kitchen Stories Elk Bear Things 3 Splitter Critters Old Man\u2019s Journey...\" \/>\n<meta property=\"og:url\" content=\"http:\/\/atif.unaldi.org\/blog\/2017\/06\/18\/apple-design-awardda-benim-ilk-12im\/\" \/>\n<meta property=\"og:site_name\" content=\"At\u0131f \u00dcnald\u0131\" \/>\n<meta property=\"article:publisher\" content=\"https:\/\/www.facebook.com\/atifunaldi\" \/>\n<meta property=\"article:author\" content=\"https:\/\/www.facebook.com\/atifunaldi\" \/>\n<meta property=\"article:published_time\" content=\"2017-06-18T07:10:03+00:00\" \/>\n<meta name=\"author\" content=\"Atif Unaldi\" \/>\n<meta name=\"twitter:card\" content=\"summary_large_image\" \/>\n<meta name=\"twitter:creator\" content=\"@https:\/\/twitter.com\/atifunaldi\" \/>\n<meta name=\"twitter:site\" content=\"@atifunaldi\" \/>\n<meta name=\"twitter:label1\" content=\"Yazan:\" \/>\n\t<meta name=\"twitter:data1\" content=\"Atif Unaldi\" \/>\n\t<meta name=\"twitter:label2\" content=\"Tahmini okuma s\u00fcresi\" \/>\n\t<meta name=\"twitter:data2\" content=\"5 dakika\" \/>\n<script type=\"application\/ld+json\" class=\"yoast-schema-graph\">{\"@context\":\"https:\/\/schema.org\",\"@graph\":[{\"@type\":\"Article\",\"@id\":\"http:\/\/atif.unaldi.org\/blog\/2017\/06\/18\/apple-design-awardda-benim-ilk-12im\/#article\",\"isPartOf\":{\"@id\":\"http:\/\/atif.unaldi.org\/blog\/2017\/06\/18\/apple-design-awardda-benim-ilk-12im\/\"},\"author\":{\"name\":\"Atif Unaldi\",\"@id\":\"http:\/\/atif.unaldi.org\/blog\/#\/schema\/person\/608ed42ecbda2bc5cfdb767ac1db479b\"},\"headline\":\"Apple design award\u2019da benim ilk 12\u2019im\",\"datePublished\":\"2017-06-18T07:10:03+00:00\",\"mainEntityOfPage\":{\"@id\":\"http:\/\/atif.unaldi.org\/blog\/2017\/06\/18\/apple-design-awardda-benim-ilk-12im\/\"},\"wordCount\":921,\"publisher\":{\"@id\":\"http:\/\/atif.unaldi.org\/blog\/#\/schema\/person\/608ed42ecbda2bc5cfdb767ac1db479b\"},\"image\":{\"@id\":\"http:\/\/atif.unaldi.org\/blog\/2017\/06\/18\/apple-design-awardda-benim-ilk-12im\/#primaryimage\"},\"thumbnailUrl\":\"\",\"articleSection\":[\"Blogum\"],\"inLanguage\":\"tr\"},{\"@type\":\"WebPage\",\"@id\":\"http:\/\/atif.unaldi.org\/blog\/2017\/06\/18\/apple-design-awardda-benim-ilk-12im\/\",\"url\":\"http:\/\/atif.unaldi.org\/blog\/2017\/06\/18\/apple-design-awardda-benim-ilk-12im\/\",\"name\":\"Apple design award\u2019da benim ilk 12\u2019im - At\u0131f \u00dcnald\u0131\",\"isPartOf\":{\"@id\":\"http:\/\/atif.unaldi.org\/blog\/#website\"},\"primaryImageOfPage\":{\"@id\":\"http:\/\/atif.unaldi.org\/blog\/2017\/06\/18\/apple-design-awardda-benim-ilk-12im\/#primaryimage\"},\"image\":{\"@id\":\"http:\/\/atif.unaldi.org\/blog\/2017\/06\/18\/apple-design-awardda-benim-ilk-12im\/#primaryimage\"},\"thumbnailUrl\":\"\",\"datePublished\":\"2017-06-18T07:10:03+00:00\",\"breadcrumb\":{\"@id\":\"http:\/\/atif.unaldi.org\/blog\/2017\/06\/18\/apple-design-awardda-benim-ilk-12im\/#breadcrumb\"},\"inLanguage\":\"tr\",\"potentialAction\":[{\"@type\":\"ReadAction\",\"target\":[\"http:\/\/atif.unaldi.org\/blog\/2017\/06\/18\/apple-design-awardda-benim-ilk-12im\/\"]}]},{\"@type\":\"ImageObject\",\"inLanguage\":\"tr\",\"@id\":\"http:\/\/atif.unaldi.org\/blog\/2017\/06\/18\/apple-design-awardda-benim-ilk-12im\/#primaryimage\",\"url\":\"\",\"contentUrl\":\"\"},{\"@type\":\"BreadcrumbList\",\"@id\":\"http:\/\/atif.unaldi.org\/blog\/2017\/06\/18\/apple-design-awardda-benim-ilk-12im\/#breadcrumb\",\"itemListElement\":[{\"@type\":\"ListItem\",\"position\":1,\"name\":\"Anasayfa\",\"item\":\"http:\/\/atif.unaldi.org\/blog\/\"},{\"@type\":\"ListItem\",\"position\":2,\"name\":\"Apple design award\u2019da benim ilk 12\u2019im\"}]},{\"@type\":\"WebSite\",\"@id\":\"http:\/\/atif.unaldi.org\/blog\/#website\",\"url\":\"http:\/\/atif.unaldi.org\/blog\/\",\"name\":\"At\u0131f \u00dcnald\u0131\",\"description\":\"Yazar\",\"publisher\":{\"@id\":\"http:\/\/atif.unaldi.org\/blog\/#\/schema\/person\/608ed42ecbda2bc5cfdb767ac1db479b\"},\"alternateName\":\"At\u0131f \u00dcnald\u0131 Blog\",\"potentialAction\":[{\"@type\":\"SearchAction\",\"target\":{\"@type\":\"EntryPoint\",\"urlTemplate\":\"http:\/\/atif.unaldi.org\/blog\/?s={search_term_string}\"},\"query-input\":{\"@type\":\"PropertyValueSpecification\",\"valueRequired\":true,\"valueName\":\"search_term_string\"}}],\"inLanguage\":\"tr\"},{\"@type\":[\"Person\",\"Organization\"],\"@id\":\"http:\/\/atif.unaldi.org\/blog\/#\/schema\/person\/608ed42ecbda2bc5cfdb767ac1db479b\",\"name\":\"Atif Unaldi\",\"image\":{\"@type\":\"ImageObject\",\"inLanguage\":\"tr\",\"@id\":\"http:\/\/atif.unaldi.org\/blog\/#\/schema\/person\/image\/\",\"url\":\"http:\/\/atif.unaldi.org\/blog\/wp-content\/uploads\/2022\/10\/cropped-a94e8f7a-67c4-4d65-8a5f-032ba784be53-2.jpg\",\"contentUrl\":\"http:\/\/atif.unaldi.org\/blog\/wp-content\/uploads\/2022\/10\/cropped-a94e8f7a-67c4-4d65-8a5f-032ba784be53-2.jpg\",\"width\":512,\"height\":512,\"caption\":\"Atif Unaldi\"},\"logo\":{\"@id\":\"http:\/\/atif.unaldi.org\/blog\/#\/schema\/person\/image\/\"},\"description\":\"Bo\u011fazi\u00e7i \u00dcniversitesinde Fizik B\u00f6l\u00fcm\u00fc\u2019nde e\u011fitim ald\u0131\u011f\u0131 y\u0131llarda T\u00fcrkiye\u2019de ilk kez iki bilgisayar\u0131 telefon hatlar\u0131 \u00fczerinden konu\u015fturan BBS sistemini kurarak, T\u00fcrkiye\u2019deki ilk internet a\u011f\u0131n\u0131 olu\u015fturmu\u015ftur. Bir \u00e7ok radyo ve televizyonda program yap\u0131mc\u0131l\u0131\u011f\u0131 ve sunuculu\u011funu, bir \u00e7ok teknoloji dergisinde k\u00f6\u015fe yazarl\u0131\u011f\u0131, bili\u015fim edit\u00f6rl\u00fc\u011f\u00fc ve genel yay\u0131n y\u00f6netmenli\u011fi yapt\u0131. T\u00fcrkiye\u2019deki ilk internet servis sa\u011flay\u0131c\u0131s\u0131n\u0131n genel m\u00fcd\u00fcrl\u00fc\u011f\u00fcn\u00fc \u00fcstlendi. Bir \u00e7ok organizasyon ve kurulu\u015fta internet s\u00fcperviz\u00f6rl\u00fc\u011f\u00fc , webmaster\u2019l\u0131\u011f\u0131 , IT direkt\u00f6rl\u00fc\u011f\u00fc ve dijital projeler koordinat\u00f6rl\u00fc\u011f\u00fc g\u00f6revlerinde bulundu. Farkl\u0131 \u00fcniversitelerin farkl\u0131 fak\u00fcltelerinde \u00f6\u011fretim g\u00f6revlisi olarak bulunmu\u015f olan \u00dcnald\u0131; \u015fu an teknoloji ve pazarlama konular\u0131 ba\u015fta olmak \u00fczere bir\u00e7ok alanda hizmet veren Unaldi Consultancy\u2019nin kurucusudur. \\u2028Selin \u00dcnald\u0131 ile evlidir. Su ve Toprak isminde iki \u00e7ocu\u011fu vard\u0131r.\",\"sameAs\":[\"http:\/\/atif.unaldi.org\/blog\",\"https:\/\/www.facebook.com\/atifunaldi\",\"https:\/\/www.instagram.com\/atifunaldi\/\",\"https:\/\/www.linkedin.com\/in\/atifunaldi\",\"https:\/\/x.com\/https:\/\/twitter.com\/atifunaldi\",\"https:\/\/www.youtube.com\/c\/atifunaldi\",\"https:\/\/soundcloud.com\/atif-unaldi\",\"https:\/\/atifunaldi.tumblr.com\"],\"url\":\"http:\/\/atif.unaldi.org\/blog\/author\/atifunaldi\/\"}]}<\/script>\n<!-- \/ Yoast SEO plugin. -->","yoast_head_json":{"title":"Apple design award\u2019da benim ilk 12\u2019im - At\u0131f \u00dcnald\u0131","robots":{"index":"index","follow":"follow","max-snippet":"max-snippet:-1","max-image-preview":"max-image-preview:large","max-video-preview":"max-video-preview:-1"},"canonical":"http:\/\/atif.unaldi.org\/blog\/2017\/06\/18\/apple-design-awardda-benim-ilk-12im\/","og_locale":"tr_TR","og_type":"article","og_title":"Apple design award\u2019da benim ilk 12\u2019im - At\u0131f \u00dcnald\u0131","og_description":"Apple her y\u0131l yaz\u0131l\u0131m geli\u015ftiriciler i\u00e7in d\u00fczenledi\u011fi WWDC\u2019de (Worldwide Developers Conference) en be\u011fendi\u011fi 12 yaz\u0131l\u0131m\u0131 anons eder. Bu y\u0131l anons edilen yaz\u0131l\u0131mlar; Blackbox Lake Kitchen Stories Elk Bear Things 3 Splitter Critters Old Man\u2019s Journey...","og_url":"http:\/\/atif.unaldi.org\/blog\/2017\/06\/18\/apple-design-awardda-benim-ilk-12im\/","og_site_name":"At\u0131f \u00dcnald\u0131","article_publisher":"https:\/\/www.facebook.com\/atifunaldi","article_author":"https:\/\/www.facebook.com\/atifunaldi","article_published_time":"2017-06-18T07:10:03+00:00","author":"Atif Unaldi","twitter_card":"summary_large_image","twitter_creator":"@https:\/\/twitter.com\/atifunaldi","twitter_site":"@atifunaldi","twitter_misc":{"Yazan:":"Atif Unaldi","Tahmini okuma s\u00fcresi":"5 dakika"},"schema":{"@context":"https:\/\/schema.org","@graph":[{"@type":"Article","@id":"http:\/\/atif.unaldi.org\/blog\/2017\/06\/18\/apple-design-awardda-benim-ilk-12im\/#article","isPartOf":{"@id":"http:\/\/atif.unaldi.org\/blog\/2017\/06\/18\/apple-design-awardda-benim-ilk-12im\/"},"author":{"name":"Atif Unaldi","@id":"http:\/\/atif.unaldi.org\/blog\/#\/schema\/person\/608ed42ecbda2bc5cfdb767ac1db479b"},"headline":"Apple design award\u2019da benim ilk 12\u2019im","datePublished":"2017-06-18T07:10:03+00:00","mainEntityOfPage":{"@id":"http:\/\/atif.unaldi.org\/blog\/2017\/06\/18\/apple-design-awardda-benim-ilk-12im\/"},"wordCount":921,"publisher":{"@id":"http:\/\/atif.unaldi.org\/blog\/#\/schema\/person\/608ed42ecbda2bc5cfdb767ac1db479b"},"image":{"@id":"http:\/\/atif.unaldi.org\/blog\/2017\/06\/18\/apple-design-awardda-benim-ilk-12im\/#primaryimage"},"thumbnailUrl":"","articleSection":["Blogum"],"inLanguage":"tr"},{"@type":"WebPage","@id":"http:\/\/atif.unaldi.org\/blog\/2017\/06\/18\/apple-design-awardda-benim-ilk-12im\/","url":"http:\/\/atif.unaldi.org\/blog\/2017\/06\/18\/apple-design-awardda-benim-ilk-12im\/","name":"Apple design award\u2019da benim ilk 12\u2019im - At\u0131f \u00dcnald\u0131","isPartOf":{"@id":"http:\/\/atif.unaldi.org\/blog\/#website"},"primaryImageOfPage":{"@id":"http:\/\/atif.unaldi.org\/blog\/2017\/06\/18\/apple-design-awardda-benim-ilk-12im\/#primaryimage"},"image":{"@id":"http:\/\/atif.unaldi.org\/blog\/2017\/06\/18\/apple-design-awardda-benim-ilk-12im\/#primaryimage"},"thumbnailUrl":"","datePublished":"2017-06-18T07:10:03+00:00","breadcrumb":{"@id":"http:\/\/atif.unaldi.org\/blog\/2017\/06\/18\/apple-design-awardda-benim-ilk-12im\/#breadcrumb"},"inLanguage":"tr","potentialAction":[{"@type":"ReadAction","target":["http:\/\/atif.unaldi.org\/blog\/2017\/06\/18\/apple-design-awardda-benim-ilk-12im\/"]}]},{"@type":"ImageObject","inLanguage":"tr","@id":"http:\/\/atif.unaldi.org\/blog\/2017\/06\/18\/apple-design-awardda-benim-ilk-12im\/#primaryimage","url":"","contentUrl":""},{"@type":"BreadcrumbList","@id":"http:\/\/atif.unaldi.org\/blog\/2017\/06\/18\/apple-design-awardda-benim-ilk-12im\/#breadcrumb","itemListElement":[{"@type":"ListItem","position":1,"name":"Anasayfa","item":"http:\/\/atif.unaldi.org\/blog\/"},{"@type":"ListItem","position":2,"name":"Apple design award\u2019da benim ilk 12\u2019im"}]},{"@type":"WebSite","@id":"http:\/\/atif.unaldi.org\/blog\/#website","url":"http:\/\/atif.unaldi.org\/blog\/","name":"At\u0131f \u00dcnald\u0131","description":"Yazar","publisher":{"@id":"http:\/\/atif.unaldi.org\/blog\/#\/schema\/person\/608ed42ecbda2bc5cfdb767ac1db479b"},"alternateName":"At\u0131f \u00dcnald\u0131 Blog","potentialAction":[{"@type":"SearchAction","target":{"@type":"EntryPoint","urlTemplate":"http:\/\/atif.unaldi.org\/blog\/?s={search_term_string}"},"query-input":{"@type":"PropertyValueSpecification","valueRequired":true,"valueName":"search_term_string"}}],"inLanguage":"tr"},{"@type":["Person","Organization"],"@id":"http:\/\/atif.unaldi.org\/blog\/#\/schema\/person\/608ed42ecbda2bc5cfdb767ac1db479b","name":"Atif Unaldi","image":{"@type":"ImageObject","inLanguage":"tr","@id":"http:\/\/atif.unaldi.org\/blog\/#\/schema\/person\/image\/","url":"http:\/\/atif.unaldi.org\/blog\/wp-content\/uploads\/2022\/10\/cropped-a94e8f7a-67c4-4d65-8a5f-032ba784be53-2.jpg","contentUrl":"http:\/\/atif.unaldi.org\/blog\/wp-content\/uploads\/2022\/10\/cropped-a94e8f7a-67c4-4d65-8a5f-032ba784be53-2.jpg","width":512,"height":512,"caption":"Atif Unaldi"},"logo":{"@id":"http:\/\/atif.unaldi.org\/blog\/#\/schema\/person\/image\/"},"description":"Bo\u011fazi\u00e7i \u00dcniversitesinde Fizik B\u00f6l\u00fcm\u00fc\u2019nde e\u011fitim ald\u0131\u011f\u0131 y\u0131llarda T\u00fcrkiye\u2019de ilk kez iki bilgisayar\u0131 telefon hatlar\u0131 \u00fczerinden konu\u015fturan BBS sistemini kurarak, T\u00fcrkiye\u2019deki ilk internet a\u011f\u0131n\u0131 olu\u015fturmu\u015ftur. Bir \u00e7ok radyo ve televizyonda program yap\u0131mc\u0131l\u0131\u011f\u0131 ve sunuculu\u011funu, bir \u00e7ok teknoloji dergisinde k\u00f6\u015fe yazarl\u0131\u011f\u0131, bili\u015fim edit\u00f6rl\u00fc\u011f\u00fc ve genel yay\u0131n y\u00f6netmenli\u011fi yapt\u0131. T\u00fcrkiye\u2019deki ilk internet servis sa\u011flay\u0131c\u0131s\u0131n\u0131n genel m\u00fcd\u00fcrl\u00fc\u011f\u00fcn\u00fc \u00fcstlendi. Bir \u00e7ok organizasyon ve kurulu\u015fta internet s\u00fcperviz\u00f6rl\u00fc\u011f\u00fc , webmaster\u2019l\u0131\u011f\u0131 , IT direkt\u00f6rl\u00fc\u011f\u00fc ve dijital projeler koordinat\u00f6rl\u00fc\u011f\u00fc g\u00f6revlerinde bulundu. Farkl\u0131 \u00fcniversitelerin farkl\u0131 fak\u00fcltelerinde \u00f6\u011fretim g\u00f6revlisi olarak bulunmu\u015f olan \u00dcnald\u0131; \u015fu an teknoloji ve pazarlama konular\u0131 ba\u015fta olmak \u00fczere bir\u00e7ok alanda hizmet veren Unaldi Consultancy\u2019nin kurucusudur. \u2028Selin \u00dcnald\u0131 ile evlidir. Su ve Toprak isminde iki \u00e7ocu\u011fu vard\u0131r.","sameAs":["http:\/\/atif.unaldi.org\/blog","https:\/\/www.facebook.com\/atifunaldi","https:\/\/www.instagram.com\/atifunaldi\/","https:\/\/www.linkedin.com\/in\/atifunaldi","https:\/\/x.com\/https:\/\/twitter.com\/atifunaldi","https:\/\/www.youtube.com\/c\/atifunaldi","https:\/\/soundcloud.com\/atif-unaldi","https:\/\/atifunaldi.tumblr.com"],"url":"http:\/\/atif.unaldi.org\/blog\/author\/atifunaldi\/"}]}},"jetpack_featured_media_url":"","_links":{"self":[{"href":"http:\/\/atif.unaldi.org\/blog\/wp-json\/wp\/v2\/posts\/14447","targetHints":{"allow":["GET"]}}],"collection":[{"href":"http:\/\/atif.unaldi.org\/blog\/wp-json\/wp\/v2\/posts"}],"about":[{"href":"http:\/\/atif.unaldi.org\/blog\/wp-json\/wp\/v2\/types\/post"}],"author":[{"embeddable":true,"href":"http:\/\/atif.unaldi.org\/blog\/wp-json\/wp\/v2\/users\/2"}],"replies":[{"embeddable":true,"href":"http:\/\/atif.unaldi.org\/blog\/wp-json\/wp\/v2\/comments?post=14447"}],"version-history":[{"count":0,"href":"http:\/\/atif.unaldi.org\/blog\/wp-json\/wp\/v2\/posts\/14447\/revisions"}],"wp:featuredmedia":[{"embeddable":true,"href":"http:\/\/atif.unaldi.org\/blog\/wp-json\/"}],"wp:attachment":[{"href":"http:\/\/atif.unaldi.org\/blog\/wp-json\/wp\/v2\/media?parent=14447"}],"wp:term":[{"taxonomy":"category","embeddable":true,"href":"http:\/\/atif.unaldi.org\/blog\/wp-json\/wp\/v2\/categories?post=14447"},{"taxonomy":"post_tag","embeddable":true,"href":"http:\/\/atif.unaldi.org\/blog\/wp-json\/wp\/v2\/tags?post=14447"}],"curies":[{"name":"wp","href":"https:\/\/api.w.org\/{rel}","templated":true}]}}