{"id":15820,"date":"2019-02-23T13:00:46","date_gmt":"2019-02-23T13:00:46","guid":{"rendered":"http:\/\/atif.unaldi.org\/blog\/?p=15820"},"modified":"2019-02-23T13:00:46","modified_gmt":"2019-02-23T13:00:46","slug":"is-zekasi-da-bir-yere-kadar","status":"publish","type":"post","link":"http:\/\/atif.unaldi.org\/blog\/2019\/02\/23\/is-zekasi-da-bir-yere-kadar\/","title":{"rendered":"\u0130\u015f zekas\u0131 da bir yere kadar!"},"content":{"rendered":"<p>Efendim yakla\u015f\u0131k 20 y\u0131ld\u0131r CRM, i\u015f zekas\u0131, ERP, veri, veri analizi, son d\u00f6nemlerde yapay zeka ile veri analizi ve CRM, m\u00fc\u015fteri odakl\u0131 olmak, veri analizi konular\u0131nda konu\u015fuyor, yaz\u0131yor, kafa yoruyor, kafa yoranlar\u0131 okuyor ve dinliyorum. T\u00fcrkiye\u2019de KOB\u0130 \u00fcst\u00fc, markala\u015fmay\u0131 \u00f6nemseyen hangi \u015firketin C-level y\u00f6neticisiyle konu\u015fursan\u0131z konu\u015fun, hepsi mangala k\u00fcl b\u0131rakmayacakt\u0131r. Herkes i\u015f zekas\u0131n\u0131 m\u00fckemmel yapt\u0131\u011f\u0131n\u0131, m\u00fc\u015fteri odakl\u0131 \u00e7al\u0131\u015fmak i\u00e7in neler yapt\u0131klar\u0131n\u0131 anlat\u0131r durur. Bir \u00f6rnek ver bakal\u0131m desen \u00f6rnek veren \u00e7\u0131kar m\u0131 bilemem ama, bende yepyeni duman\u0131 \u00fczerinde bir \u00f6rnek var.<br \/>\nGe\u00e7en hafta veri analizi ile ilgili T\u00fcrkiye\u2019nin en \u00f6nemli analitik etkinliklerinden biri olan \u201c<a href=\"https:\/\/twitter.com\/SASTurkey\">SAS<\/a> Analytics Roadshow\u201dda etkinli\u011fin sunumu i\u00e7in iki g\u00fcnl\u00fc\u011f\u00fcne \u0130stanbul\u2019a geldim. <a href=\"https:\/\/tr.linkedin.com\/in\/nurcan-bicakci-arcan-4573661\">Nurcan B\u0131\u00e7akc\u0131<\/a>\u2019n\u0131n harika organizasyonu, i\u015f filozofu <a href=\"https:\/\/www.linkedin.com\/in\/andersindset\/\">Anders Indset<\/a>\u2019in harika konu\u015fmas\u0131 ile veri analizinden ba\u015flad\u0131\u011f\u0131m\u0131z konu \u201cDijital\u2019den sonra ne var?\u201d\u0131 sorgulamaya kadar uzun ve biraz da felsefik bir konuya do\u011fru gitti. Arkas\u0131ndan merkez bankas\u0131ndan, <a href=\"https:\/\/twitter.com\/enerjisa\">EnerjiSA<\/a>\u2019ya \u00e7ok \u00f6nemli kurumlar\u0131n konu\u015fmalar\u0131n\u0131 dinledik. Ak\u015fam\u0131nda ise bir iki i\u015fimi hallettikten sonra Atat\u00fcrk Havaliman\u0131\u2019ndan T\u00fcrk Hava Yollar\u0131 ile Adana\u2019ya u\u00e7mak i\u00e7in havaliman\u0131na geldim.<br \/>\n20 \u015eubat g\u00fcn\u00fc ak\u015fam saatlerinde olmas\u0131na ve havaliman\u0131nda sis bulunmas\u0131na ra\u011fmen, u\u00e7u\u015flar yolunda gidiyordu.<br \/>\nBen genelde checkin\u2019imi acentaya yapt\u0131rmam. <a href=\"https:\/\/itunes.apple.com\/us\/app\/turkish-airlines-book-flights\/id1283414961?mt=8\">Mobil uygulama<\/a> ile al\u0131r\u0131m ki, ekstra bilet bas\u0131lmas\u0131n ve bunu wallet uygulamas\u0131na atar\u0131m ki; kimse elimden telefonumu al\u0131p QR kod okutmak zorunda kalmas\u0131n, ak\u0131ll\u0131 saatim \u00fczerinden ben okutay\u0131m. Zaten NFC okutmak i\u00e7in <a href=\"https:\/\/twitter.com\/sonercanko\">kredi kart\u0131m\u0131<\/a> eline alan kasiyeri ve QR kod okutmak i\u00e7in telefonumu alan yer g\u00f6revlisini bir t\u00fcrl\u00fc anlayamam\u0131\u015f\u0131md\u0131r. Bu sistemler insanlar\u0131n elden ele bir\u015feyleri dola\u015ft\u0131rmas\u0131n\u0131 engellemek i\u00e7in yap\u0131lm\u0131\u015fken, bunu birinin elinden almak nedir?<br \/>\nBir de havaliman\u0131na girince u\u00e7u\u015fumu <a href=\"https:\/\/itunes.apple.com\/tr\/app\/tav-mobile\/id460329938?mt=8\">TAV<\/a>\u2019\u0131n mobil uygulamas\u0131 ile i\u015faretlerim ki; Lounge\u2019da ekran\u0131 g\u00f6remedi\u011fim bir yerde oturuyorsam bir de\u011fi\u015fikliklerden, kap\u0131dan haberim olsun. Ger\u00e7i TAV\u2019\u0131n mobil uygulamas\u0131 kendini otomatik g\u00fcncellemiyor ama notification do\u011fru \u015fekilde geliyor.<br \/>\n\u0130\u015fte bunlar\u0131 yap\u0131p u\u00e7u\u015f saatini bekliyordum ki; \u00f6nce kap\u0131 numaram\u0131z 106\u2019dan 402\u2019ye ge\u00e7ti. Bilen bilir 300 ve 400\u2019l\u00fc numaralar k\u00f6r\u00fck yok demektir. U\u00e7a\u011fa binmek problem olur. Ancak sis ve hava alan\u0131nda hem yukarda hem de yerde ya\u015fanan trafik Atat\u00fcrk Havaliman\u0131nda her t\u00fcrl\u00fc garipli\u011fi normalize ediyor. Bu y\u00fczden \u00e7ok yak\u0131lmad\u0131m.<br \/>\nAncak bundan sonras\u0131 ger\u00e7ekten \u00e7ok ilgin\u00e7. 22:10\u2019da yola \u00e7\u0131kmas\u0131 gereken u\u00e7a\u011f\u0131m\u0131z\u0131n; u\u00e7u\u015f saati 23:15\u2019e al\u0131nd\u0131. Ancak genelde u\u00e7a\u011fa 30 dakika \u00f6nce ba\u015flayan kap\u0131ya gidiniz anonsu tam bir saat \u00f6nceden verildi. 22:55\u2019de de bir THY\u2019ye ait bir ba\u015fka Adana u\u00e7a\u011f\u0131 oldu\u011fu i\u00e7in herhalde sorun \u00e7\u00f6z\u00fcld\u00fc ondan diye d\u00fc\u015f\u00fcnd\u00fcm. U\u00e7ak ka\u00e7\u0131rmaktan korkan biri olarak 402\u2019nolu kap\u0131n\u0131n \u00f6n\u00fcnde oturdum beklemeye ba\u015flad\u0131m.<br \/>\nAncak saatler 22:40 oldu\u011funda bizim 23:15 u\u00e7a\u011f\u0131 kap\u0131ya gidin yazarken 22:55 u\u00e7a\u011f\u0131 106 yani bizim eski kap\u0131dan \u201cboarding\u201d yap\u0131p yola \u00e7\u0131kt\u0131. Bizden de \u00e7ok \u00f6nce Adana\u2019ya indi. Ben de bu konuyu daha kalk\u0131\u015f yap\u0131lmadan farkedip, DHM\u0130, THY ve THY yetkililerine twitter \u00fczerinden ilettim. Sa\u011folsun <a href=\"https:\/\/twitter.com\/dhmikurumsal\">DHM\u0130<\/a> 22:44\u2019de bana d\u00f6n\u00fc\u015f yap\u0131p yolcu haklar\u0131n\u0131 iletti. Ancak THY ben ini\u015f yapt\u0131ktan sonra konuyu inceleyeceklerini bildirdi.<br \/>\nDedi\u011fim gibi ben bir u\u00e7ak dolusu insan\u0131 yerde b\u0131rak\u0131p ayn\u0131 destinasyona giden bir sonraki u\u00e7a\u011f\u0131 kald\u0131rmay\u0131 ne hak hukuk, ne de CRM ve yapay zeka, i\u015f zekas\u0131 ve veri analiti\u011fi yaz\u0131l\u0131mlar\u0131 taraf\u0131ndan a\u00e7\u0131klayam\u0131yorum. Bunun cevab\u0131n\u0131 biri bana a\u00e7\u0131klarsa \u00e7ok mutlu olaca\u011f\u0131m. A\u015fa\u011f\u0131da bu k\u00f6\u015fe yaz\u0131s\u0131n\u0131 yazarken <a href=\"https:\/\/twitter.com\/TK_TR\"><strong>THY<\/strong><\/a>\u2019den gelen mesaj\u0131 bulabilirsiniz. <a href=\"https:\/\/twitter.com\/TK_HelpDesk\">THY<\/a> bu mesajda do\u011fru d\u00fcr\u00fcst \u00f6z\u00fcr bile dilemiyor. Hele son c\u00fcmle bana diplomatik olarak bi\u015fey yapmak yerine bu mesaj\u0131 yazmay\u0131 uygun g\u00f6rd\u00fck hissi veriyor? Peki akl\u0131ma bir soru tak\u0131l\u0131yor, bu bak\u0131\u015f a\u00e7\u0131s\u0131 bir markay\u0131 d\u00fcnya markas\u0131 yapar m\u0131?<\/p>\n<blockquote><p>Sosyal medya arac\u0131l\u0131\u011f\u0131yla iletti\u011finiz geri bildiriminiz i\u00e7in te\u015fekk\u00fcr ederiz.<br \/>\n\u00d6ncelikle, meydana gelen aksakl\u0131\u011f\u0131n ya\u015fatt\u0131\u011f\u0131 s\u0131k\u0131nt\u0131l\u0131 anlar nedeniyle \u00f6z\u00fcr dileriz.<br \/>\nU\u00e7u\u015fun gecikmesi durumunda, bekleme s\u00fcresi dikkate al\u0131narak yolculara bilgilendirme yap\u0131lmakta, telefon, yiyecek\/ i\u00e7ecek, ula\u015f\u0131m ve konaklama hizmetleri sunulmaktad\u0131r. Gecikme s\u00fcresinin 1 saat ve \u00fczeri oldu\u011fu t\u00fcm u\u00e7u\u015flarda, rezervasyon\/parkur de\u011fi\u015fikli\u011fi isteyen yolcular\u0131n i\u015flemleri \u00fccretsiz olarak yap\u0131lmaktad\u0131r. \u0130\u00e7 hat u\u00e7u\u015flar\u0131nda 1 saat ve \u00fczeri, d\u0131\u015f hat u\u00e7u\u015flar\u0131nda 5 saat ve \u00fczeri t\u00fcm gecikmelerde ise yolcular\u0131n seyahatinden vazge\u00e7mesi halinde bilet kural\u0131na bak\u0131lmaks\u0131z\u0131n bilet iadesi sa\u011flanmaktad\u0131r.<br \/>\nGeri bildiriminiz ile ilgili inceleme yap\u0131lm\u0131\u015f, 20 \u015eubat 2019 tarihli TK2480 \u0130stanbul\/Adana u\u00e7u\u015funda teknik nedenlerle 1 saat 12 dk gecikme ya\u015fand\u0131\u011f\u0131 tespit edilmi\u015ftir. \u0130lgili istasyondan, g\u00fcn i\u00e7erisinde meydana gelen hava durumu hadisesi sebebi ile u\u00e7ak rotasyonunda yo\u011funlu\u011fun olu\u015ftu\u011fu ve iki sefer aras\u0131ndaki saat fark\u0131n\u0131n buna ba\u011fl\u0131 olarak ortadan kalkt\u0131\u011f\u0131 bilgisi al\u0131nm\u0131\u015ft\u0131r.<br \/>\nMisafirlerimizi en y\u00fcksek d\u00fczeyde memnun etmek, g\u00fcvenini ve sadakatini kazanmak i\u00e7in t\u00fcm faaliyetlerimizde m\u00fc\u015fteri odakl\u0131 bir yakla\u015f\u0131m benimsemekteyiz. Bu amac\u0131m\u0131za, bizlere iletti\u011finiz olumlu ve olumsuz g\u00f6r\u00fc\u015fler b\u00fcy\u00fck katk\u0131 sa\u011flamaktad\u0131r.<br \/>\nYa\u015fanan aksakl\u0131k nedeniyle tekrar \u00f6z\u00fcr diler, gelecek seyahatlerinizde sizlere daha iyi hizmet sunmay\u0131 dileriz.<\/p><\/blockquote>\n","protected":false},"excerpt":{"rendered":"<p>Efendim yakla\u015f\u0131k 20 y\u0131ld\u0131r CRM, i\u015f zekas\u0131, ERP, veri, veri analizi, son d\u00f6nemlerde yapay zeka ile veri analizi ve CRM, m\u00fc\u015fteri odakl\u0131 olmak, veri analizi konular\u0131nda konu\u015fuyor, yaz\u0131yor, kafa yoruyor, kafa yoranlar\u0131 okuyor ve dinliyorum&#8230;.<\/p>\n","protected":false},"author":2,"featured_media":15821,"comment_status":"open","ping_status":"open","sticky":false,"template":"","format":"standard","meta":{"footnotes":""},"categories":[3],"tags":[],"class_list":["post-15820","post","type-post","status-publish","format-standard","has-post-thumbnail","hentry","category-blogum"],"yoast_head":"<!-- This site is optimized with the Yoast SEO plugin v26.8 - https:\/\/yoast.com\/product\/yoast-seo-wordpress\/ -->\n<title>\u0130\u015f zekas\u0131 da bir yere kadar! - At\u0131f \u00dcnald\u0131<\/title>\n<meta name=\"robots\" content=\"index, follow, max-snippet:-1, max-image-preview:large, max-video-preview:-1\" \/>\n<link rel=\"canonical\" href=\"http:\/\/atif.unaldi.org\/blog\/2019\/02\/23\/is-zekasi-da-bir-yere-kadar\/\" \/>\n<meta property=\"og:locale\" content=\"tr_TR\" \/>\n<meta property=\"og:type\" content=\"article\" \/>\n<meta property=\"og:title\" content=\"\u0130\u015f zekas\u0131 da bir yere kadar! - At\u0131f \u00dcnald\u0131\" \/>\n<meta property=\"og:description\" content=\"Efendim yakla\u015f\u0131k 20 y\u0131ld\u0131r CRM, i\u015f zekas\u0131, ERP, veri, veri analizi, son d\u00f6nemlerde yapay zeka ile veri analizi ve CRM, m\u00fc\u015fteri odakl\u0131 olmak, veri analizi konular\u0131nda konu\u015fuyor, yaz\u0131yor, kafa yoruyor, kafa yoranlar\u0131 okuyor ve dinliyorum....\" \/>\n<meta property=\"og:url\" content=\"http:\/\/atif.unaldi.org\/blog\/2019\/02\/23\/is-zekasi-da-bir-yere-kadar\/\" \/>\n<meta property=\"og:site_name\" content=\"At\u0131f \u00dcnald\u0131\" \/>\n<meta property=\"article:publisher\" content=\"https:\/\/www.facebook.com\/atifunaldi\" \/>\n<meta property=\"article:author\" content=\"https:\/\/www.facebook.com\/atifunaldi\" \/>\n<meta property=\"article:published_time\" content=\"2019-02-23T13:00:46+00:00\" \/>\n<meta name=\"author\" content=\"Atif Unaldi\" \/>\n<meta name=\"twitter:card\" content=\"summary_large_image\" \/>\n<meta name=\"twitter:creator\" content=\"@https:\/\/twitter.com\/atifunaldi\" \/>\n<meta name=\"twitter:site\" content=\"@atifunaldi\" \/>\n<meta name=\"twitter:label1\" content=\"Yazan:\" \/>\n\t<meta name=\"twitter:data1\" content=\"Atif Unaldi\" \/>\n\t<meta name=\"twitter:label2\" content=\"Tahmini okuma s\u00fcresi\" \/>\n\t<meta name=\"twitter:data2\" content=\"5 dakika\" \/>\n<script type=\"application\/ld+json\" class=\"yoast-schema-graph\">{\"@context\":\"https:\/\/schema.org\",\"@graph\":[{\"@type\":\"Article\",\"@id\":\"http:\/\/atif.unaldi.org\/blog\/2019\/02\/23\/is-zekasi-da-bir-yere-kadar\/#article\",\"isPartOf\":{\"@id\":\"http:\/\/atif.unaldi.org\/blog\/2019\/02\/23\/is-zekasi-da-bir-yere-kadar\/\"},\"author\":{\"name\":\"Atif Unaldi\",\"@id\":\"http:\/\/atif.unaldi.org\/blog\/#\/schema\/person\/608ed42ecbda2bc5cfdb767ac1db479b\"},\"headline\":\"\u0130\u015f zekas\u0131 da bir yere kadar!\",\"datePublished\":\"2019-02-23T13:00:46+00:00\",\"mainEntityOfPage\":{\"@id\":\"http:\/\/atif.unaldi.org\/blog\/2019\/02\/23\/is-zekasi-da-bir-yere-kadar\/\"},\"wordCount\":988,\"commentCount\":2,\"publisher\":{\"@id\":\"http:\/\/atif.unaldi.org\/blog\/#\/schema\/person\/608ed42ecbda2bc5cfdb767ac1db479b\"},\"image\":{\"@id\":\"http:\/\/atif.unaldi.org\/blog\/2019\/02\/23\/is-zekasi-da-bir-yere-kadar\/#primaryimage\"},\"thumbnailUrl\":\"\",\"articleSection\":[\"Blogum\"],\"inLanguage\":\"tr\",\"potentialAction\":[{\"@type\":\"CommentAction\",\"name\":\"Comment\",\"target\":[\"http:\/\/atif.unaldi.org\/blog\/2019\/02\/23\/is-zekasi-da-bir-yere-kadar\/#respond\"]}]},{\"@type\":\"WebPage\",\"@id\":\"http:\/\/atif.unaldi.org\/blog\/2019\/02\/23\/is-zekasi-da-bir-yere-kadar\/\",\"url\":\"http:\/\/atif.unaldi.org\/blog\/2019\/02\/23\/is-zekasi-da-bir-yere-kadar\/\",\"name\":\"\u0130\u015f zekas\u0131 da bir yere kadar! - At\u0131f \u00dcnald\u0131\",\"isPartOf\":{\"@id\":\"http:\/\/atif.unaldi.org\/blog\/#website\"},\"primaryImageOfPage\":{\"@id\":\"http:\/\/atif.unaldi.org\/blog\/2019\/02\/23\/is-zekasi-da-bir-yere-kadar\/#primaryimage\"},\"image\":{\"@id\":\"http:\/\/atif.unaldi.org\/blog\/2019\/02\/23\/is-zekasi-da-bir-yere-kadar\/#primaryimage\"},\"thumbnailUrl\":\"\",\"datePublished\":\"2019-02-23T13:00:46+00:00\",\"breadcrumb\":{\"@id\":\"http:\/\/atif.unaldi.org\/blog\/2019\/02\/23\/is-zekasi-da-bir-yere-kadar\/#breadcrumb\"},\"inLanguage\":\"tr\",\"potentialAction\":[{\"@type\":\"ReadAction\",\"target\":[\"http:\/\/atif.unaldi.org\/blog\/2019\/02\/23\/is-zekasi-da-bir-yere-kadar\/\"]}]},{\"@type\":\"ImageObject\",\"inLanguage\":\"tr\",\"@id\":\"http:\/\/atif.unaldi.org\/blog\/2019\/02\/23\/is-zekasi-da-bir-yere-kadar\/#primaryimage\",\"url\":\"\",\"contentUrl\":\"\"},{\"@type\":\"BreadcrumbList\",\"@id\":\"http:\/\/atif.unaldi.org\/blog\/2019\/02\/23\/is-zekasi-da-bir-yere-kadar\/#breadcrumb\",\"itemListElement\":[{\"@type\":\"ListItem\",\"position\":1,\"name\":\"Anasayfa\",\"item\":\"http:\/\/atif.unaldi.org\/blog\/\"},{\"@type\":\"ListItem\",\"position\":2,\"name\":\"\u0130\u015f zekas\u0131 da bir yere kadar!\"}]},{\"@type\":\"WebSite\",\"@id\":\"http:\/\/atif.unaldi.org\/blog\/#website\",\"url\":\"http:\/\/atif.unaldi.org\/blog\/\",\"name\":\"At\u0131f \u00dcnald\u0131\",\"description\":\"Yazar\",\"publisher\":{\"@id\":\"http:\/\/atif.unaldi.org\/blog\/#\/schema\/person\/608ed42ecbda2bc5cfdb767ac1db479b\"},\"alternateName\":\"At\u0131f \u00dcnald\u0131 Blog\",\"potentialAction\":[{\"@type\":\"SearchAction\",\"target\":{\"@type\":\"EntryPoint\",\"urlTemplate\":\"http:\/\/atif.unaldi.org\/blog\/?s={search_term_string}\"},\"query-input\":{\"@type\":\"PropertyValueSpecification\",\"valueRequired\":true,\"valueName\":\"search_term_string\"}}],\"inLanguage\":\"tr\"},{\"@type\":[\"Person\",\"Organization\"],\"@id\":\"http:\/\/atif.unaldi.org\/blog\/#\/schema\/person\/608ed42ecbda2bc5cfdb767ac1db479b\",\"name\":\"Atif Unaldi\",\"image\":{\"@type\":\"ImageObject\",\"inLanguage\":\"tr\",\"@id\":\"http:\/\/atif.unaldi.org\/blog\/#\/schema\/person\/image\/\",\"url\":\"http:\/\/atif.unaldi.org\/blog\/wp-content\/uploads\/2022\/10\/cropped-a94e8f7a-67c4-4d65-8a5f-032ba784be53-2.jpg\",\"contentUrl\":\"http:\/\/atif.unaldi.org\/blog\/wp-content\/uploads\/2022\/10\/cropped-a94e8f7a-67c4-4d65-8a5f-032ba784be53-2.jpg\",\"width\":512,\"height\":512,\"caption\":\"Atif Unaldi\"},\"logo\":{\"@id\":\"http:\/\/atif.unaldi.org\/blog\/#\/schema\/person\/image\/\"},\"description\":\"Bo\u011fazi\u00e7i \u00dcniversitesinde Fizik B\u00f6l\u00fcm\u00fc\u2019nde e\u011fitim ald\u0131\u011f\u0131 y\u0131llarda T\u00fcrkiye\u2019de ilk kez iki bilgisayar\u0131 telefon hatlar\u0131 \u00fczerinden konu\u015fturan BBS sistemini kurarak, T\u00fcrkiye\u2019deki ilk internet a\u011f\u0131n\u0131 olu\u015fturmu\u015ftur. Bir \u00e7ok radyo ve televizyonda program yap\u0131mc\u0131l\u0131\u011f\u0131 ve sunuculu\u011funu, bir \u00e7ok teknoloji dergisinde k\u00f6\u015fe yazarl\u0131\u011f\u0131, bili\u015fim edit\u00f6rl\u00fc\u011f\u00fc ve genel yay\u0131n y\u00f6netmenli\u011fi yapt\u0131. T\u00fcrkiye\u2019deki ilk internet servis sa\u011flay\u0131c\u0131s\u0131n\u0131n genel m\u00fcd\u00fcrl\u00fc\u011f\u00fcn\u00fc \u00fcstlendi. Bir \u00e7ok organizasyon ve kurulu\u015fta internet s\u00fcperviz\u00f6rl\u00fc\u011f\u00fc , webmaster\u2019l\u0131\u011f\u0131 , IT direkt\u00f6rl\u00fc\u011f\u00fc ve dijital projeler koordinat\u00f6rl\u00fc\u011f\u00fc g\u00f6revlerinde bulundu. Farkl\u0131 \u00fcniversitelerin farkl\u0131 fak\u00fcltelerinde \u00f6\u011fretim g\u00f6revlisi olarak bulunmu\u015f olan \u00dcnald\u0131; \u015fu an teknoloji ve pazarlama konular\u0131 ba\u015fta olmak \u00fczere bir\u00e7ok alanda hizmet veren Unaldi Consultancy\u2019nin kurucusudur. \\u2028Selin \u00dcnald\u0131 ile evlidir. Su ve Toprak isminde iki \u00e7ocu\u011fu vard\u0131r.\",\"sameAs\":[\"http:\/\/atif.unaldi.org\/blog\",\"https:\/\/www.facebook.com\/atifunaldi\",\"https:\/\/www.instagram.com\/atifunaldi\/\",\"https:\/\/www.linkedin.com\/in\/atifunaldi\",\"https:\/\/x.com\/https:\/\/twitter.com\/atifunaldi\",\"https:\/\/www.youtube.com\/c\/atifunaldi\",\"https:\/\/soundcloud.com\/atif-unaldi\",\"https:\/\/atifunaldi.tumblr.com\"],\"url\":\"http:\/\/atif.unaldi.org\/blog\/author\/atifunaldi\/\"}]}<\/script>\n<!-- \/ Yoast SEO plugin. -->","yoast_head_json":{"title":"\u0130\u015f zekas\u0131 da bir yere kadar! - At\u0131f \u00dcnald\u0131","robots":{"index":"index","follow":"follow","max-snippet":"max-snippet:-1","max-image-preview":"max-image-preview:large","max-video-preview":"max-video-preview:-1"},"canonical":"http:\/\/atif.unaldi.org\/blog\/2019\/02\/23\/is-zekasi-da-bir-yere-kadar\/","og_locale":"tr_TR","og_type":"article","og_title":"\u0130\u015f zekas\u0131 da bir yere kadar! - At\u0131f \u00dcnald\u0131","og_description":"Efendim yakla\u015f\u0131k 20 y\u0131ld\u0131r CRM, i\u015f zekas\u0131, ERP, veri, veri analizi, son d\u00f6nemlerde yapay zeka ile veri analizi ve CRM, m\u00fc\u015fteri odakl\u0131 olmak, veri analizi konular\u0131nda konu\u015fuyor, yaz\u0131yor, kafa yoruyor, kafa yoranlar\u0131 okuyor ve dinliyorum....","og_url":"http:\/\/atif.unaldi.org\/blog\/2019\/02\/23\/is-zekasi-da-bir-yere-kadar\/","og_site_name":"At\u0131f \u00dcnald\u0131","article_publisher":"https:\/\/www.facebook.com\/atifunaldi","article_author":"https:\/\/www.facebook.com\/atifunaldi","article_published_time":"2019-02-23T13:00:46+00:00","author":"Atif Unaldi","twitter_card":"summary_large_image","twitter_creator":"@https:\/\/twitter.com\/atifunaldi","twitter_site":"@atifunaldi","twitter_misc":{"Yazan:":"Atif Unaldi","Tahmini okuma s\u00fcresi":"5 dakika"},"schema":{"@context":"https:\/\/schema.org","@graph":[{"@type":"Article","@id":"http:\/\/atif.unaldi.org\/blog\/2019\/02\/23\/is-zekasi-da-bir-yere-kadar\/#article","isPartOf":{"@id":"http:\/\/atif.unaldi.org\/blog\/2019\/02\/23\/is-zekasi-da-bir-yere-kadar\/"},"author":{"name":"Atif Unaldi","@id":"http:\/\/atif.unaldi.org\/blog\/#\/schema\/person\/608ed42ecbda2bc5cfdb767ac1db479b"},"headline":"\u0130\u015f zekas\u0131 da bir yere kadar!","datePublished":"2019-02-23T13:00:46+00:00","mainEntityOfPage":{"@id":"http:\/\/atif.unaldi.org\/blog\/2019\/02\/23\/is-zekasi-da-bir-yere-kadar\/"},"wordCount":988,"commentCount":2,"publisher":{"@id":"http:\/\/atif.unaldi.org\/blog\/#\/schema\/person\/608ed42ecbda2bc5cfdb767ac1db479b"},"image":{"@id":"http:\/\/atif.unaldi.org\/blog\/2019\/02\/23\/is-zekasi-da-bir-yere-kadar\/#primaryimage"},"thumbnailUrl":"","articleSection":["Blogum"],"inLanguage":"tr","potentialAction":[{"@type":"CommentAction","name":"Comment","target":["http:\/\/atif.unaldi.org\/blog\/2019\/02\/23\/is-zekasi-da-bir-yere-kadar\/#respond"]}]},{"@type":"WebPage","@id":"http:\/\/atif.unaldi.org\/blog\/2019\/02\/23\/is-zekasi-da-bir-yere-kadar\/","url":"http:\/\/atif.unaldi.org\/blog\/2019\/02\/23\/is-zekasi-da-bir-yere-kadar\/","name":"\u0130\u015f zekas\u0131 da bir yere kadar! - At\u0131f \u00dcnald\u0131","isPartOf":{"@id":"http:\/\/atif.unaldi.org\/blog\/#website"},"primaryImageOfPage":{"@id":"http:\/\/atif.unaldi.org\/blog\/2019\/02\/23\/is-zekasi-da-bir-yere-kadar\/#primaryimage"},"image":{"@id":"http:\/\/atif.unaldi.org\/blog\/2019\/02\/23\/is-zekasi-da-bir-yere-kadar\/#primaryimage"},"thumbnailUrl":"","datePublished":"2019-02-23T13:00:46+00:00","breadcrumb":{"@id":"http:\/\/atif.unaldi.org\/blog\/2019\/02\/23\/is-zekasi-da-bir-yere-kadar\/#breadcrumb"},"inLanguage":"tr","potentialAction":[{"@type":"ReadAction","target":["http:\/\/atif.unaldi.org\/blog\/2019\/02\/23\/is-zekasi-da-bir-yere-kadar\/"]}]},{"@type":"ImageObject","inLanguage":"tr","@id":"http:\/\/atif.unaldi.org\/blog\/2019\/02\/23\/is-zekasi-da-bir-yere-kadar\/#primaryimage","url":"","contentUrl":""},{"@type":"BreadcrumbList","@id":"http:\/\/atif.unaldi.org\/blog\/2019\/02\/23\/is-zekasi-da-bir-yere-kadar\/#breadcrumb","itemListElement":[{"@type":"ListItem","position":1,"name":"Anasayfa","item":"http:\/\/atif.unaldi.org\/blog\/"},{"@type":"ListItem","position":2,"name":"\u0130\u015f zekas\u0131 da bir yere kadar!"}]},{"@type":"WebSite","@id":"http:\/\/atif.unaldi.org\/blog\/#website","url":"http:\/\/atif.unaldi.org\/blog\/","name":"At\u0131f \u00dcnald\u0131","description":"Yazar","publisher":{"@id":"http:\/\/atif.unaldi.org\/blog\/#\/schema\/person\/608ed42ecbda2bc5cfdb767ac1db479b"},"alternateName":"At\u0131f \u00dcnald\u0131 Blog","potentialAction":[{"@type":"SearchAction","target":{"@type":"EntryPoint","urlTemplate":"http:\/\/atif.unaldi.org\/blog\/?s={search_term_string}"},"query-input":{"@type":"PropertyValueSpecification","valueRequired":true,"valueName":"search_term_string"}}],"inLanguage":"tr"},{"@type":["Person","Organization"],"@id":"http:\/\/atif.unaldi.org\/blog\/#\/schema\/person\/608ed42ecbda2bc5cfdb767ac1db479b","name":"Atif Unaldi","image":{"@type":"ImageObject","inLanguage":"tr","@id":"http:\/\/atif.unaldi.org\/blog\/#\/schema\/person\/image\/","url":"http:\/\/atif.unaldi.org\/blog\/wp-content\/uploads\/2022\/10\/cropped-a94e8f7a-67c4-4d65-8a5f-032ba784be53-2.jpg","contentUrl":"http:\/\/atif.unaldi.org\/blog\/wp-content\/uploads\/2022\/10\/cropped-a94e8f7a-67c4-4d65-8a5f-032ba784be53-2.jpg","width":512,"height":512,"caption":"Atif Unaldi"},"logo":{"@id":"http:\/\/atif.unaldi.org\/blog\/#\/schema\/person\/image\/"},"description":"Bo\u011fazi\u00e7i \u00dcniversitesinde Fizik B\u00f6l\u00fcm\u00fc\u2019nde e\u011fitim ald\u0131\u011f\u0131 y\u0131llarda T\u00fcrkiye\u2019de ilk kez iki bilgisayar\u0131 telefon hatlar\u0131 \u00fczerinden konu\u015fturan BBS sistemini kurarak, T\u00fcrkiye\u2019deki ilk internet a\u011f\u0131n\u0131 olu\u015fturmu\u015ftur. Bir \u00e7ok radyo ve televizyonda program yap\u0131mc\u0131l\u0131\u011f\u0131 ve sunuculu\u011funu, bir \u00e7ok teknoloji dergisinde k\u00f6\u015fe yazarl\u0131\u011f\u0131, bili\u015fim edit\u00f6rl\u00fc\u011f\u00fc ve genel yay\u0131n y\u00f6netmenli\u011fi yapt\u0131. T\u00fcrkiye\u2019deki ilk internet servis sa\u011flay\u0131c\u0131s\u0131n\u0131n genel m\u00fcd\u00fcrl\u00fc\u011f\u00fcn\u00fc \u00fcstlendi. Bir \u00e7ok organizasyon ve kurulu\u015fta internet s\u00fcperviz\u00f6rl\u00fc\u011f\u00fc , webmaster\u2019l\u0131\u011f\u0131 , IT direkt\u00f6rl\u00fc\u011f\u00fc ve dijital projeler koordinat\u00f6rl\u00fc\u011f\u00fc g\u00f6revlerinde bulundu. Farkl\u0131 \u00fcniversitelerin farkl\u0131 fak\u00fcltelerinde \u00f6\u011fretim g\u00f6revlisi olarak bulunmu\u015f olan \u00dcnald\u0131; \u015fu an teknoloji ve pazarlama konular\u0131 ba\u015fta olmak \u00fczere bir\u00e7ok alanda hizmet veren Unaldi Consultancy\u2019nin kurucusudur. \u2028Selin \u00dcnald\u0131 ile evlidir. Su ve Toprak isminde iki \u00e7ocu\u011fu vard\u0131r.","sameAs":["http:\/\/atif.unaldi.org\/blog","https:\/\/www.facebook.com\/atifunaldi","https:\/\/www.instagram.com\/atifunaldi\/","https:\/\/www.linkedin.com\/in\/atifunaldi","https:\/\/x.com\/https:\/\/twitter.com\/atifunaldi","https:\/\/www.youtube.com\/c\/atifunaldi","https:\/\/soundcloud.com\/atif-unaldi","https:\/\/atifunaldi.tumblr.com"],"url":"http:\/\/atif.unaldi.org\/blog\/author\/atifunaldi\/"}]}},"jetpack_featured_media_url":"","_links":{"self":[{"href":"http:\/\/atif.unaldi.org\/blog\/wp-json\/wp\/v2\/posts\/15820","targetHints":{"allow":["GET"]}}],"collection":[{"href":"http:\/\/atif.unaldi.org\/blog\/wp-json\/wp\/v2\/posts"}],"about":[{"href":"http:\/\/atif.unaldi.org\/blog\/wp-json\/wp\/v2\/types\/post"}],"author":[{"embeddable":true,"href":"http:\/\/atif.unaldi.org\/blog\/wp-json\/wp\/v2\/users\/2"}],"replies":[{"embeddable":true,"href":"http:\/\/atif.unaldi.org\/blog\/wp-json\/wp\/v2\/comments?post=15820"}],"version-history":[{"count":0,"href":"http:\/\/atif.unaldi.org\/blog\/wp-json\/wp\/v2\/posts\/15820\/revisions"}],"wp:featuredmedia":[{"embeddable":true,"href":"http:\/\/atif.unaldi.org\/blog\/wp-json\/"}],"wp:attachment":[{"href":"http:\/\/atif.unaldi.org\/blog\/wp-json\/wp\/v2\/media?parent=15820"}],"wp:term":[{"taxonomy":"category","embeddable":true,"href":"http:\/\/atif.unaldi.org\/blog\/wp-json\/wp\/v2\/categories?post=15820"},{"taxonomy":"post_tag","embeddable":true,"href":"http:\/\/atif.unaldi.org\/blog\/wp-json\/wp\/v2\/tags?post=15820"}],"curies":[{"name":"wp","href":"https:\/\/api.w.org\/{rel}","templated":true}]}}