{"id":1588,"date":"2009-10-02T11:22:09","date_gmt":"2009-10-02T11:22:09","guid":{"rendered":"http:\/\/haberler.atifunaldi.info\/2009\/10\/02\/2m-kablo%e2%80%99da-tek-noktadan-yonetim-donemi"},"modified":"2009-10-02T11:22:09","modified_gmt":"2009-10-02T11:22:09","slug":"2m-kabloda-tek-noktadan-yonetim-donemi","status":"publish","type":"post","link":"http:\/\/atif.unaldi.org\/blog\/2009\/10\/02\/2m-kabloda-tek-noktadan-yonetim-donemi\/","title":{"rendered":"2M Kablo\u2019da tek noktadan y\u00f6netim d\u00f6nemi"},"content":{"rendered":"<p>2M Kablo&rsquo;da tek noktadan y\u00f6netim d\u00f6nemi<\/p>\n<p \/>2M Kablo, Senkron i\u015fbirli\u011fiyle ger\u00e7ekle\u015ftirdi\u011fi Prometrik ERP (kurumsal kaynak planlamas\u0131) projesiyle, t\u00fcm i\u015f s\u00fcre\u00e7lerini tek merkezden kontrol edebilir hale geldi. \u015eirket, uygulama \u00f6ncesine g\u00f6re, ciro olarak 2,5 kat b\u00fcy\u00fcd\u00fc, \u00e7al\u0131\u015fan say\u0131s\u0131n\u0131 ise 105&rsquo;e \u00e7\u0131kard\u0131.<\/p>\n<p \/> Kablo sekt\u00f6r\u00fcn\u00fcn g\u00fc\u00e7l\u00fc isimlerinden 2M Kablo, Senkron i\u015fbirli\u011fiyle ya\u015fama ge\u00e7irdi\u011fi Prometrik ERP (kurumsal kaynak planlamas\u0131) projesiyle, i\u015fletmenin t\u00fcm s\u00fcre\u00e7lerini tek merkezden y\u00f6netebilece\u011fi bir sisteme kavu\u015ftu. \u015eirket, s\u0131n\u0131rl\u0131 insan kayna\u011f\u0131yla pratik bir \u015fekilde kullanabildi\u011fi, ayr\u0131ca de\u011fi\u015fen \u015fartlara g\u00f6re \u00fcr\u00fcn maliyetlerini h\u0131zl\u0131 bir \u015fekilde revize edip \u00fcr\u00fcn ve m\u00fc\u015fteri baz\u0131nda k\u00e2rl\u0131l\u0131\u011f\u0131n\u0131 \u00f6l\u00e7ebildi\u011fi bir sistem kurdu.<\/p>\n<p \/> 2M Kablo Y\u00f6netim Kurulu Ba\u015fkan\u0131 Mehmet Dereli, proje \u00f6ncesinde t\u00fcm departmanlar\u0131n kendi s\u00fcre\u00e7lerini ba\u011f\u0131ms\u0131z olarak ve \u00e7o\u011funlukla Excel kullanarak takip etti\u011fini, bu durumun ise departmanlar aras\u0131nda ileti\u015fim aksakl\u0131klar\u0131na ve bilgi tutars\u0131zl\u0131klar\u0131na neden oldu\u011funu s\u00f6yl\u00fcyor: &ldquo;Verinin tek bir kaynakta g\u00fcvenli bir \u015fekilde tutulaca\u011f\u0131 bir sisteme ihtiyac\u0131m\u0131z vard\u0131. Prometrik ERP ile, rekabetin gittik\u00e7e k\u0131z\u0131\u015ft\u0131\u011f\u0131 bir ortamda, kontrol kabiliyetinin art\u0131r\u0131lmas\u0131n\u0131, t\u00fcm s\u00fcre\u00e7lerin daha verimli hale getirilmesini ve en \u00f6nemlisi, m\u00fc\u015fteri memnuniyetinin sa\u011flanmas\u0131n\u0131 hedefliyoruz.&rdquo;<\/p>\n<p \/> 2M Kablo, Prometrik ERP projesi sonras\u0131, uygulama \u00f6ncesine g\u00f6re ciro olarak 2,5 kat b\u00fcy\u00fcd\u00fc, \u00e7al\u0131\u015fan say\u0131s\u0131n\u0131 ise 105&rsquo;e \u00e7\u0131kard\u0131. \u015eirket, \u015fu an depo uygulamas\u0131nda barkod otomasyonunu kullanarak m\u00fc\u015fterilerine s\u0131f\u0131r hatayla ve h\u0131zla sevk\u0131yat yapabiliyor. Say\u0131m i\u015flemleri \u00e7ok k\u0131sa bir s\u00fcrede ger\u00e7ekle\u015ftiriliyor. \u00dcretim teyitleri sisteme g\u00fcnl\u00fck girilerek, personel ve makine performanslar\u0131 \u00f6l\u00e7\u00fclebiliyor. Ayr\u0131ca, \u00fcretim departman\u0131n\u0131n sat\u0131\u015f departman\u0131na verdi\u011fi terminlerde hi\u00e7bir sapma olmuyor.<\/p>\n<p \/> 2M Kablo, projeyle \u00fcretti\u011fi \u00fcr\u00fcnlerde izlenebilirli\u011fi de tam olarak sa\u011fl\u0131yor. Herhangi bir m\u00fc\u015fteride \u00fcr\u00fcnle ilgili bir problem oldu\u011funda, ilgili departman \u00e7al\u0131\u015fanlar\u0131, m\u00fc\u015fteri yerinde \u00fcr\u00fcn\u00fc inceleyip, \u00fcr\u00fcn\u00fcn hammadde lot bilgisi, ne zaman \u00fcretildi\u011fi, hangi makinede ve kim taraf\u0131ndan \u00fcretildi\u011fi, kalite kontrol\u00fcn\u00fcn kim taraf\u0131ndan yap\u0131ld\u0131\u011f\u0131 gibi verilere ula\u015fabiliyorlar. Ayr\u0131ca, baz\u0131 m\u00fc\u015fterilere online i\u015flem yapma imkan\u0131 da sa\u011flan\u0131yor.<\/p>\n<p \/> 2M Kablo&rsquo;da malzeme ve depo y\u00f6netimi, sat\u0131\u015f y\u00f6netimi, sat\u0131nalma y\u00f6netimi, \u00fcretim y\u00f6netimi, kalite kontrol, maliyet, bak\u0131m y\u00f6netimi ve finans mod\u00fcllerinin yan\u0131 s\u0131ra online veri toplamak suretiyle \u00fcretimi ger\u00e7ek zamanl\u0131 olarak izleyebilmeyi sa\u011flayan OVT mod\u00fclleri kullan\u0131l\u0131yor.<\/p>\n<p \/> 2M Kablo hakk\u0131nda<br \/>1993 y\u0131l\u0131nda kurulan 2M Kablo, zay\u0131f ak\u0131m kablolar\u0131 alan\u0131nda lider bir firma. Almanya, \u0130ngiltere, Fransa, Hollanda, Danimarka, Bulgaristan, Rusya, \u0130ran, Birle\u015fik Arap Emirlikleri, Kanada, Suriye, Irak gibi \u00fclkelere ihracat yapmakta olan \u015firketin sat\u0131\u015flar\u0131n\u0131n yakla\u015f\u0131k y\u00fczde 40&rsquo;\u0131 yurtd\u0131\u015f\u0131 sat\u0131\u015flardan olu\u015fuyor. \u0130TO&rsquo;nun &ldquo;2008 Y\u0131l\u0131 \u0130hracat Ba\u015far\u0131 \u00d6d\u00fcl\u00fc&rdquo;ne lay\u0131k g\u00f6r\u00fclen 2M Kablo, \u0130stanbul Esenyurt&rsquo;ta bulunan ve 6.000 metrekare kapal\u0131 alana sahip fabrikas\u0131nda, enstr\u00fcmentasyon kablolar\u0131, yang\u0131na dayan\u0131kl\u0131 kablolar (FE180 E30-E90,PH120), audio video kablolar\u0131, koaksiyel kablolar, kontrol kablolar\u0131 (LIYY, LIHCH, LIYCY, LIHCH), yang\u0131n alarm kablolar\u0131 (J-Y(St)Y, J-H(St)H) ve CCTV kablolar ba\u015fta olmak \u00fczere 3.000 \u00e7e\u015fit kablo \u00fcretiyor.<\/p>\n","protected":false},"excerpt":{"rendered":"<p>2M Kablo&rsquo;da tek noktadan y\u00f6netim d\u00f6nemi 2M Kablo, Senkron i\u015fbirli\u011fiyle ger\u00e7ekle\u015ftirdi\u011fi Prometrik ERP (kurumsal kaynak planlamas\u0131) projesiyle, t\u00fcm i\u015f s\u00fcre\u00e7lerini tek merkezden kontrol edebilir hale geldi. \u015eirket, uygulama \u00f6ncesine g\u00f6re, ciro olarak 2,5 kat b\u00fcy\u00fcd\u00fc,&#8230;<\/p>\n","protected":false},"author":2,"featured_media":0,"comment_status":"open","ping_status":"open","sticky":false,"template":"","format":"standard","meta":{"footnotes":""},"categories":[3],"tags":[],"class_list":["post-1588","post","type-post","status-publish","format-standard","hentry","category-blogum"],"yoast_head":"<!-- This site is optimized with the Yoast SEO plugin v26.8 - https:\/\/yoast.com\/product\/yoast-seo-wordpress\/ -->\n<title>2M Kablo\u2019da tek noktadan y\u00f6netim d\u00f6nemi - At\u0131f \u00dcnald\u0131<\/title>\n<meta name=\"robots\" content=\"index, follow, max-snippet:-1, max-image-preview:large, max-video-preview:-1\" \/>\n<link rel=\"canonical\" href=\"http:\/\/atif.unaldi.org\/blog\/2009\/10\/02\/2m-kabloda-tek-noktadan-yonetim-donemi\/\" \/>\n<meta property=\"og:locale\" content=\"tr_TR\" \/>\n<meta property=\"og:type\" content=\"article\" \/>\n<meta property=\"og:title\" content=\"2M Kablo\u2019da tek noktadan y\u00f6netim d\u00f6nemi - At\u0131f \u00dcnald\u0131\" \/>\n<meta property=\"og:description\" content=\"2M Kablo&rsquo;da tek noktadan y\u00f6netim d\u00f6nemi 2M Kablo, Senkron i\u015fbirli\u011fiyle ger\u00e7ekle\u015ftirdi\u011fi Prometrik ERP (kurumsal kaynak planlamas\u0131) projesiyle, t\u00fcm i\u015f s\u00fcre\u00e7lerini tek merkezden kontrol edebilir hale geldi. \u015eirket, uygulama \u00f6ncesine g\u00f6re, ciro olarak 2,5 kat b\u00fcy\u00fcd\u00fc,...\" \/>\n<meta property=\"og:url\" content=\"http:\/\/atif.unaldi.org\/blog\/2009\/10\/02\/2m-kabloda-tek-noktadan-yonetim-donemi\/\" \/>\n<meta property=\"og:site_name\" content=\"At\u0131f \u00dcnald\u0131\" \/>\n<meta property=\"article:publisher\" content=\"https:\/\/www.facebook.com\/atifunaldi\" \/>\n<meta property=\"article:author\" content=\"https:\/\/www.facebook.com\/atifunaldi\" \/>\n<meta property=\"article:published_time\" content=\"2009-10-02T11:22:09+00:00\" \/>\n<meta name=\"author\" content=\"Atif Unaldi\" \/>\n<meta name=\"twitter:card\" content=\"summary_large_image\" \/>\n<meta name=\"twitter:creator\" content=\"@https:\/\/twitter.com\/atifunaldi\" \/>\n<meta name=\"twitter:site\" content=\"@atifunaldi\" \/>\n<meta name=\"twitter:label1\" content=\"Yazan:\" \/>\n\t<meta name=\"twitter:data1\" content=\"Atif Unaldi\" \/>\n\t<meta name=\"twitter:label2\" content=\"Tahmini okuma s\u00fcresi\" \/>\n\t<meta name=\"twitter:data2\" content=\"3 dakika\" \/>\n<script type=\"application\/ld+json\" class=\"yoast-schema-graph\">{\"@context\":\"https:\/\/schema.org\",\"@graph\":[{\"@type\":\"Article\",\"@id\":\"http:\/\/atif.unaldi.org\/blog\/2009\/10\/02\/2m-kabloda-tek-noktadan-yonetim-donemi\/#article\",\"isPartOf\":{\"@id\":\"http:\/\/atif.unaldi.org\/blog\/2009\/10\/02\/2m-kabloda-tek-noktadan-yonetim-donemi\/\"},\"author\":{\"name\":\"Atif Unaldi\",\"@id\":\"http:\/\/atif.unaldi.org\/blog\/#\/schema\/person\/608ed42ecbda2bc5cfdb767ac1db479b\"},\"headline\":\"2M Kablo\u2019da tek noktadan y\u00f6netim d\u00f6nemi\",\"datePublished\":\"2009-10-02T11:22:09+00:00\",\"mainEntityOfPage\":{\"@id\":\"http:\/\/atif.unaldi.org\/blog\/2009\/10\/02\/2m-kabloda-tek-noktadan-yonetim-donemi\/\"},\"wordCount\":612,\"commentCount\":0,\"publisher\":{\"@id\":\"http:\/\/atif.unaldi.org\/blog\/#\/schema\/person\/608ed42ecbda2bc5cfdb767ac1db479b\"},\"articleSection\":[\"Blogum\"],\"inLanguage\":\"tr\",\"potentialAction\":[{\"@type\":\"CommentAction\",\"name\":\"Comment\",\"target\":[\"http:\/\/atif.unaldi.org\/blog\/2009\/10\/02\/2m-kabloda-tek-noktadan-yonetim-donemi\/#respond\"]}]},{\"@type\":\"WebPage\",\"@id\":\"http:\/\/atif.unaldi.org\/blog\/2009\/10\/02\/2m-kabloda-tek-noktadan-yonetim-donemi\/\",\"url\":\"http:\/\/atif.unaldi.org\/blog\/2009\/10\/02\/2m-kabloda-tek-noktadan-yonetim-donemi\/\",\"name\":\"2M Kablo\u2019da tek noktadan y\u00f6netim d\u00f6nemi - At\u0131f \u00dcnald\u0131\",\"isPartOf\":{\"@id\":\"http:\/\/atif.unaldi.org\/blog\/#website\"},\"datePublished\":\"2009-10-02T11:22:09+00:00\",\"breadcrumb\":{\"@id\":\"http:\/\/atif.unaldi.org\/blog\/2009\/10\/02\/2m-kabloda-tek-noktadan-yonetim-donemi\/#breadcrumb\"},\"inLanguage\":\"tr\",\"potentialAction\":[{\"@type\":\"ReadAction\",\"target\":[\"http:\/\/atif.unaldi.org\/blog\/2009\/10\/02\/2m-kabloda-tek-noktadan-yonetim-donemi\/\"]}]},{\"@type\":\"BreadcrumbList\",\"@id\":\"http:\/\/atif.unaldi.org\/blog\/2009\/10\/02\/2m-kabloda-tek-noktadan-yonetim-donemi\/#breadcrumb\",\"itemListElement\":[{\"@type\":\"ListItem\",\"position\":1,\"name\":\"Anasayfa\",\"item\":\"http:\/\/atif.unaldi.org\/blog\/\"},{\"@type\":\"ListItem\",\"position\":2,\"name\":\"2M Kablo\u2019da tek noktadan y\u00f6netim d\u00f6nemi\"}]},{\"@type\":\"WebSite\",\"@id\":\"http:\/\/atif.unaldi.org\/blog\/#website\",\"url\":\"http:\/\/atif.unaldi.org\/blog\/\",\"name\":\"At\u0131f \u00dcnald\u0131\",\"description\":\"Yazar\",\"publisher\":{\"@id\":\"http:\/\/atif.unaldi.org\/blog\/#\/schema\/person\/608ed42ecbda2bc5cfdb767ac1db479b\"},\"alternateName\":\"At\u0131f \u00dcnald\u0131 Blog\",\"potentialAction\":[{\"@type\":\"SearchAction\",\"target\":{\"@type\":\"EntryPoint\",\"urlTemplate\":\"http:\/\/atif.unaldi.org\/blog\/?s={search_term_string}\"},\"query-input\":{\"@type\":\"PropertyValueSpecification\",\"valueRequired\":true,\"valueName\":\"search_term_string\"}}],\"inLanguage\":\"tr\"},{\"@type\":[\"Person\",\"Organization\"],\"@id\":\"http:\/\/atif.unaldi.org\/blog\/#\/schema\/person\/608ed42ecbda2bc5cfdb767ac1db479b\",\"name\":\"Atif Unaldi\",\"image\":{\"@type\":\"ImageObject\",\"inLanguage\":\"tr\",\"@id\":\"http:\/\/atif.unaldi.org\/blog\/#\/schema\/person\/image\/\",\"url\":\"http:\/\/atif.unaldi.org\/blog\/wp-content\/uploads\/2022\/10\/cropped-a94e8f7a-67c4-4d65-8a5f-032ba784be53-2.jpg\",\"contentUrl\":\"http:\/\/atif.unaldi.org\/blog\/wp-content\/uploads\/2022\/10\/cropped-a94e8f7a-67c4-4d65-8a5f-032ba784be53-2.jpg\",\"width\":512,\"height\":512,\"caption\":\"Atif Unaldi\"},\"logo\":{\"@id\":\"http:\/\/atif.unaldi.org\/blog\/#\/schema\/person\/image\/\"},\"description\":\"Bo\u011fazi\u00e7i \u00dcniversitesinde Fizik B\u00f6l\u00fcm\u00fc\u2019nde e\u011fitim ald\u0131\u011f\u0131 y\u0131llarda T\u00fcrkiye\u2019de ilk kez iki bilgisayar\u0131 telefon hatlar\u0131 \u00fczerinden konu\u015fturan BBS sistemini kurarak, T\u00fcrkiye\u2019deki ilk internet a\u011f\u0131n\u0131 olu\u015fturmu\u015ftur. Bir \u00e7ok radyo ve televizyonda program yap\u0131mc\u0131l\u0131\u011f\u0131 ve sunuculu\u011funu, bir \u00e7ok teknoloji dergisinde k\u00f6\u015fe yazarl\u0131\u011f\u0131, bili\u015fim edit\u00f6rl\u00fc\u011f\u00fc ve genel yay\u0131n y\u00f6netmenli\u011fi yapt\u0131. T\u00fcrkiye\u2019deki ilk internet servis sa\u011flay\u0131c\u0131s\u0131n\u0131n genel m\u00fcd\u00fcrl\u00fc\u011f\u00fcn\u00fc \u00fcstlendi. Bir \u00e7ok organizasyon ve kurulu\u015fta internet s\u00fcperviz\u00f6rl\u00fc\u011f\u00fc , webmaster\u2019l\u0131\u011f\u0131 , IT direkt\u00f6rl\u00fc\u011f\u00fc ve dijital projeler koordinat\u00f6rl\u00fc\u011f\u00fc g\u00f6revlerinde bulundu. Farkl\u0131 \u00fcniversitelerin farkl\u0131 fak\u00fcltelerinde \u00f6\u011fretim g\u00f6revlisi olarak bulunmu\u015f olan \u00dcnald\u0131; \u015fu an teknoloji ve pazarlama konular\u0131 ba\u015fta olmak \u00fczere bir\u00e7ok alanda hizmet veren Unaldi Consultancy\u2019nin kurucusudur. \\u2028Selin \u00dcnald\u0131 ile evlidir. Su ve Toprak isminde iki \u00e7ocu\u011fu vard\u0131r.\",\"sameAs\":[\"http:\/\/atif.unaldi.org\/blog\",\"https:\/\/www.facebook.com\/atifunaldi\",\"https:\/\/www.instagram.com\/atifunaldi\/\",\"https:\/\/www.linkedin.com\/in\/atifunaldi\",\"https:\/\/x.com\/https:\/\/twitter.com\/atifunaldi\",\"https:\/\/www.youtube.com\/c\/atifunaldi\",\"https:\/\/soundcloud.com\/atif-unaldi\",\"https:\/\/atifunaldi.tumblr.com\"],\"url\":\"http:\/\/atif.unaldi.org\/blog\/author\/atifunaldi\/\"}]}<\/script>\n<!-- \/ Yoast SEO plugin. -->","yoast_head_json":{"title":"2M Kablo\u2019da tek noktadan y\u00f6netim d\u00f6nemi - At\u0131f \u00dcnald\u0131","robots":{"index":"index","follow":"follow","max-snippet":"max-snippet:-1","max-image-preview":"max-image-preview:large","max-video-preview":"max-video-preview:-1"},"canonical":"http:\/\/atif.unaldi.org\/blog\/2009\/10\/02\/2m-kabloda-tek-noktadan-yonetim-donemi\/","og_locale":"tr_TR","og_type":"article","og_title":"2M Kablo\u2019da tek noktadan y\u00f6netim d\u00f6nemi - At\u0131f \u00dcnald\u0131","og_description":"2M Kablo&rsquo;da tek noktadan y\u00f6netim d\u00f6nemi 2M Kablo, Senkron i\u015fbirli\u011fiyle ger\u00e7ekle\u015ftirdi\u011fi Prometrik ERP (kurumsal kaynak planlamas\u0131) projesiyle, t\u00fcm i\u015f s\u00fcre\u00e7lerini tek merkezden kontrol edebilir hale geldi. \u015eirket, uygulama \u00f6ncesine g\u00f6re, ciro olarak 2,5 kat b\u00fcy\u00fcd\u00fc,...","og_url":"http:\/\/atif.unaldi.org\/blog\/2009\/10\/02\/2m-kabloda-tek-noktadan-yonetim-donemi\/","og_site_name":"At\u0131f \u00dcnald\u0131","article_publisher":"https:\/\/www.facebook.com\/atifunaldi","article_author":"https:\/\/www.facebook.com\/atifunaldi","article_published_time":"2009-10-02T11:22:09+00:00","author":"Atif Unaldi","twitter_card":"summary_large_image","twitter_creator":"@https:\/\/twitter.com\/atifunaldi","twitter_site":"@atifunaldi","twitter_misc":{"Yazan:":"Atif Unaldi","Tahmini okuma s\u00fcresi":"3 dakika"},"schema":{"@context":"https:\/\/schema.org","@graph":[{"@type":"Article","@id":"http:\/\/atif.unaldi.org\/blog\/2009\/10\/02\/2m-kabloda-tek-noktadan-yonetim-donemi\/#article","isPartOf":{"@id":"http:\/\/atif.unaldi.org\/blog\/2009\/10\/02\/2m-kabloda-tek-noktadan-yonetim-donemi\/"},"author":{"name":"Atif Unaldi","@id":"http:\/\/atif.unaldi.org\/blog\/#\/schema\/person\/608ed42ecbda2bc5cfdb767ac1db479b"},"headline":"2M Kablo\u2019da tek noktadan y\u00f6netim d\u00f6nemi","datePublished":"2009-10-02T11:22:09+00:00","mainEntityOfPage":{"@id":"http:\/\/atif.unaldi.org\/blog\/2009\/10\/02\/2m-kabloda-tek-noktadan-yonetim-donemi\/"},"wordCount":612,"commentCount":0,"publisher":{"@id":"http:\/\/atif.unaldi.org\/blog\/#\/schema\/person\/608ed42ecbda2bc5cfdb767ac1db479b"},"articleSection":["Blogum"],"inLanguage":"tr","potentialAction":[{"@type":"CommentAction","name":"Comment","target":["http:\/\/atif.unaldi.org\/blog\/2009\/10\/02\/2m-kabloda-tek-noktadan-yonetim-donemi\/#respond"]}]},{"@type":"WebPage","@id":"http:\/\/atif.unaldi.org\/blog\/2009\/10\/02\/2m-kabloda-tek-noktadan-yonetim-donemi\/","url":"http:\/\/atif.unaldi.org\/blog\/2009\/10\/02\/2m-kabloda-tek-noktadan-yonetim-donemi\/","name":"2M Kablo\u2019da tek noktadan y\u00f6netim d\u00f6nemi - At\u0131f \u00dcnald\u0131","isPartOf":{"@id":"http:\/\/atif.unaldi.org\/blog\/#website"},"datePublished":"2009-10-02T11:22:09+00:00","breadcrumb":{"@id":"http:\/\/atif.unaldi.org\/blog\/2009\/10\/02\/2m-kabloda-tek-noktadan-yonetim-donemi\/#breadcrumb"},"inLanguage":"tr","potentialAction":[{"@type":"ReadAction","target":["http:\/\/atif.unaldi.org\/blog\/2009\/10\/02\/2m-kabloda-tek-noktadan-yonetim-donemi\/"]}]},{"@type":"BreadcrumbList","@id":"http:\/\/atif.unaldi.org\/blog\/2009\/10\/02\/2m-kabloda-tek-noktadan-yonetim-donemi\/#breadcrumb","itemListElement":[{"@type":"ListItem","position":1,"name":"Anasayfa","item":"http:\/\/atif.unaldi.org\/blog\/"},{"@type":"ListItem","position":2,"name":"2M Kablo\u2019da tek noktadan y\u00f6netim d\u00f6nemi"}]},{"@type":"WebSite","@id":"http:\/\/atif.unaldi.org\/blog\/#website","url":"http:\/\/atif.unaldi.org\/blog\/","name":"At\u0131f \u00dcnald\u0131","description":"Yazar","publisher":{"@id":"http:\/\/atif.unaldi.org\/blog\/#\/schema\/person\/608ed42ecbda2bc5cfdb767ac1db479b"},"alternateName":"At\u0131f \u00dcnald\u0131 Blog","potentialAction":[{"@type":"SearchAction","target":{"@type":"EntryPoint","urlTemplate":"http:\/\/atif.unaldi.org\/blog\/?s={search_term_string}"},"query-input":{"@type":"PropertyValueSpecification","valueRequired":true,"valueName":"search_term_string"}}],"inLanguage":"tr"},{"@type":["Person","Organization"],"@id":"http:\/\/atif.unaldi.org\/blog\/#\/schema\/person\/608ed42ecbda2bc5cfdb767ac1db479b","name":"Atif Unaldi","image":{"@type":"ImageObject","inLanguage":"tr","@id":"http:\/\/atif.unaldi.org\/blog\/#\/schema\/person\/image\/","url":"http:\/\/atif.unaldi.org\/blog\/wp-content\/uploads\/2022\/10\/cropped-a94e8f7a-67c4-4d65-8a5f-032ba784be53-2.jpg","contentUrl":"http:\/\/atif.unaldi.org\/blog\/wp-content\/uploads\/2022\/10\/cropped-a94e8f7a-67c4-4d65-8a5f-032ba784be53-2.jpg","width":512,"height":512,"caption":"Atif Unaldi"},"logo":{"@id":"http:\/\/atif.unaldi.org\/blog\/#\/schema\/person\/image\/"},"description":"Bo\u011fazi\u00e7i \u00dcniversitesinde Fizik B\u00f6l\u00fcm\u00fc\u2019nde e\u011fitim ald\u0131\u011f\u0131 y\u0131llarda T\u00fcrkiye\u2019de ilk kez iki bilgisayar\u0131 telefon hatlar\u0131 \u00fczerinden konu\u015fturan BBS sistemini kurarak, T\u00fcrkiye\u2019deki ilk internet a\u011f\u0131n\u0131 olu\u015fturmu\u015ftur. Bir \u00e7ok radyo ve televizyonda program yap\u0131mc\u0131l\u0131\u011f\u0131 ve sunuculu\u011funu, bir \u00e7ok teknoloji dergisinde k\u00f6\u015fe yazarl\u0131\u011f\u0131, bili\u015fim edit\u00f6rl\u00fc\u011f\u00fc ve genel yay\u0131n y\u00f6netmenli\u011fi yapt\u0131. T\u00fcrkiye\u2019deki ilk internet servis sa\u011flay\u0131c\u0131s\u0131n\u0131n genel m\u00fcd\u00fcrl\u00fc\u011f\u00fcn\u00fc \u00fcstlendi. Bir \u00e7ok organizasyon ve kurulu\u015fta internet s\u00fcperviz\u00f6rl\u00fc\u011f\u00fc , webmaster\u2019l\u0131\u011f\u0131 , IT direkt\u00f6rl\u00fc\u011f\u00fc ve dijital projeler koordinat\u00f6rl\u00fc\u011f\u00fc g\u00f6revlerinde bulundu. Farkl\u0131 \u00fcniversitelerin farkl\u0131 fak\u00fcltelerinde \u00f6\u011fretim g\u00f6revlisi olarak bulunmu\u015f olan \u00dcnald\u0131; \u015fu an teknoloji ve pazarlama konular\u0131 ba\u015fta olmak \u00fczere bir\u00e7ok alanda hizmet veren Unaldi Consultancy\u2019nin kurucusudur. \u2028Selin \u00dcnald\u0131 ile evlidir. Su ve Toprak isminde iki \u00e7ocu\u011fu vard\u0131r.","sameAs":["http:\/\/atif.unaldi.org\/blog","https:\/\/www.facebook.com\/atifunaldi","https:\/\/www.instagram.com\/atifunaldi\/","https:\/\/www.linkedin.com\/in\/atifunaldi","https:\/\/x.com\/https:\/\/twitter.com\/atifunaldi","https:\/\/www.youtube.com\/c\/atifunaldi","https:\/\/soundcloud.com\/atif-unaldi","https:\/\/atifunaldi.tumblr.com"],"url":"http:\/\/atif.unaldi.org\/blog\/author\/atifunaldi\/"}]}},"jetpack_featured_media_url":"","_links":{"self":[{"href":"http:\/\/atif.unaldi.org\/blog\/wp-json\/wp\/v2\/posts\/1588","targetHints":{"allow":["GET"]}}],"collection":[{"href":"http:\/\/atif.unaldi.org\/blog\/wp-json\/wp\/v2\/posts"}],"about":[{"href":"http:\/\/atif.unaldi.org\/blog\/wp-json\/wp\/v2\/types\/post"}],"author":[{"embeddable":true,"href":"http:\/\/atif.unaldi.org\/blog\/wp-json\/wp\/v2\/users\/2"}],"replies":[{"embeddable":true,"href":"http:\/\/atif.unaldi.org\/blog\/wp-json\/wp\/v2\/comments?post=1588"}],"version-history":[{"count":0,"href":"http:\/\/atif.unaldi.org\/blog\/wp-json\/wp\/v2\/posts\/1588\/revisions"}],"wp:attachment":[{"href":"http:\/\/atif.unaldi.org\/blog\/wp-json\/wp\/v2\/media?parent=1588"}],"wp:term":[{"taxonomy":"category","embeddable":true,"href":"http:\/\/atif.unaldi.org\/blog\/wp-json\/wp\/v2\/categories?post=1588"},{"taxonomy":"post_tag","embeddable":true,"href":"http:\/\/atif.unaldi.org\/blog\/wp-json\/wp\/v2\/tags?post=1588"}],"curies":[{"name":"wp","href":"https:\/\/api.w.org\/{rel}","templated":true}]}}