{"id":1601,"date":"2009-10-07T14:08:12","date_gmt":"2009-10-07T14:08:12","guid":{"rendered":"http:\/\/haberler.atifunaldi.info\/2009\/10\/07\/cebit-bilisim-eurasia-kapilarini-cumhurbaskani-abdullah-gul-ile-acti%c2%a0"},"modified":"2009-10-07T14:08:12","modified_gmt":"2009-10-07T14:08:12","slug":"cebit-bilisim-eurasia-kapilarini-cumhurbaskani-abdullah-gul-ile-acti","status":"publish","type":"post","link":"http:\/\/atif.unaldi.org\/blog\/2009\/10\/07\/cebit-bilisim-eurasia-kapilarini-cumhurbaskani-abdullah-gul-ile-acti\/","title":{"rendered":"CeBIT Bili\u015fim Eurasia kap\u0131lar\u0131n\u0131 Cumhurba\u015fkan\u0131 Abdullah G\u00fcl ile a\u00e7t\u0131\u00a0"},"content":{"rendered":"<p>Avrasya\u2019n\u0131n en b\u00fcy\u00fck i\u015f geli\u015ftirme ve teknoloji platformu CeBIT Bili\u015fim Eurasia, bug\u00fcn 11. Cumhurba\u015fkan\u0131 Abdullah G\u00fcl ve Ula\u015ft\u0131rma Bakan\u0131 Binali Y\u0131ld\u0131r\u0131m\u2019\u0131n kat\u0131l\u0131m\u0131yla ger\u00e7ekle\u015fen g\u00f6rkemli bir t\u00f6renle a\u00e7\u0131ld\u0131.T\u00fcyap B\u00fcy\u00fck\u00e7ekmece Fuar ve Kongre Merkezi\u2019nde ger\u00e7ekle\u015ftirilen ve 11 Ekim Pazar g\u00fcn\u00fcne kadar s\u00fcrecek olan CeBIT Bili\u015fim Eurasia 2009\u2019da binin \u00fczerinde \u015firket 45 farkl\u0131 sekt\u00f6re y\u00f6nelik kurumsal \u00e7\u00f6z\u00fcmlerini sunacak. Kat\u0131l\u0131mc\u0131 \u015firketler ayr\u0131ca, 3G destekli diz\u00fcst\u00fc bilgisayar\u0131, dijital foto\u011fraf makinesi, kamera, navigasyon, ev sinema sistemleri, WiFi, geni\u015f bant a\u011f \u00e7\u00f6z\u00fcmleri, dijital e\u011flence, donan\u0131m, yaz\u0131l\u0131m ve \u00e7evre birimleri ile ilgili \u00fcr\u00fcn, yenilik ve hizmetlerini sergileyecek.Avrasya\u2019n\u0131n en b\u00fcy\u00fck i\u015f geli\u015ftirme ve teknoloji platformu CeBIT Bili\u015fim Eurasia, 11. Cumhurba\u015fkan\u0131 Abdullah G\u00fcl ve Ula\u015ft\u0131rma Bakan\u0131 Binali Y\u0131ld\u0131r\u0131m\u2019\u0131n kat\u0131ld\u0131\u011f\u0131 t\u00f6renle a\u00e7\u0131ld\u0131. A\u00e7\u0131l\u0131\u015f t\u00f6reninde konu\u015fan Cumhurba\u015fkan\u0131 Abdullah G\u00fcl, bili\u015fimin t\u00fcm sekt\u00f6rleri etkileyen ve ya\u015fam\u0131n her alan\u0131na girmi\u015f bir end\u00fcstri haline geldi\u011fini ve bili\u015fimi Cumhurba\u015fkan\u0131 olarak himayesi alt\u0131na ald\u0131\u011f\u0131n\u0131 s\u00f6yledi. Ula\u015ft\u0131rma Bakan\u0131 Binali Y\u0131ld\u0131r\u0131m ise, son 50 y\u0131lda T\u00fcrkiyenin bili\u015fim alan\u0131nda geldi\u011fi konumu vurgulayarak; son y\u0131llarda olu\u015fturulan karasal bili\u015fim otobanlar\u0131na, 3G ile birlikte havadan da bili\u015fim otobanlar\u0131n\u0131n eklendi\u011fini s\u00f6yledi. Deutsche Messe AG Y\u00f6netim Kurulu \u00dcyesi Dr Andreas Gruchow ise, \u201cCeBIT Bili\u015fim Eurasia 10 y\u0131ld\u0131r istikrarl\u0131 bir \u015fekilde b\u00fcy\u00fcmekte ve bu sene de Broadcast, Cable &amp; Satellite fuar\u0131 ile birlikte 22 \u00fclkeden bini a\u015fk\u0131n kat\u0131l\u0131mc\u0131 ile rekor seviyeye ula\u015ft\u0131. CeBIT Bili\u015fim Eurasia, bili\u015fim alan\u0131nda d\u00fcnya \u00e7ap\u0131nda d\u00fczenlenen etkinlikler aras\u0131da ilk onda yer almaktad\u0131r\u201d dedi.\u00a0Ge\u00e7ti\u011fimiz y\u0131l 5 bini genel m\u00fcd\u00fcr ve firma sahibi olmak \u00fczere, 70 bin profesyonel; toplamda 160 bine yak\u0131n ziyaret\u00e7iyi a\u011f\u0131rlayan CeBIT Bili\u015fim Eurasia\u2019da, krizde a\u00e7\u0131lan yaralar\u0131n bili\u015fim teknolojileri ile nas\u0131l sar\u0131laca\u011f\u0131 g\u00f6zler \u00f6n\u00fcne serilecek. \u201c\u0130\u015f D\u00fcnyas\u0131\u201d, \u201cT\u00fcketici Elektroni\u011fi\u201d ve \u201cDijital Ya\u015fam\u201d olmak \u00fczere 3 ana b\u00f6l\u00fcmden olu\u015fan CeBIT Bili\u015fim Eurasia 2009, \u00f6nceki y\u0131llardan farkl\u0131 olarak bu y\u0131l i\u015f d\u00fcnyas\u0131 b\u00f6l\u00fcm\u00fcndeki yeniliklerle ve uluslararas\u0131 kat\u0131l\u0131mda g\u00f6r\u00fclen art\u0131\u015fla \u00f6n plana \u00e7\u0131kacak.\u00a0Bili\u015fim sekt\u00f6r\u00fcnde faaliyet g\u00f6steren kurulu\u015flar\u0131n d\u00fcnyaya a\u00e7\u0131lma f\u0131rsat\u0131 buldu\u011fu CeBIT Bili\u015fim Eurasia ile Avrasya\u2019n\u0131n en b\u00fcy\u00fck uydu ileti\u015fimi, yay\u0131nc\u0131l\u0131k ve TV sekt\u00f6r\u00fc fuar\u0131 olan Broadcast, Cable &amp; Satellite Eurasia 2009\u2019un yan\u0131 s\u0131ra; Interpromedya taraf\u0131ndan d\u00fczenlenen &#8221;Bili\u015fim Zirvesi&#8217;09&#8221;un ortak a\u00e7\u0131l\u0131\u015f\u0131na ayr\u0131ca Deutsche Messe AG Y\u00f6netim Kurulu \u00dcyesi Dr Andreas Gruchow, Interpromedya Y\u00f6netim Kurulu Ba\u015fkan\u0131 Zafer Kurdakul, Sony Eurasia \u00dclke M\u00fcd\u00fcr\u00fc Murat K\u00fc\u00e7\u00fcksara\u00e7, Eutelsat Ortado\u011fu ve Ortaasya Sat\u0131\u015f ve Pazarlama Direkt\u00f6r\u00fc Ali Korur, Turkcell Genel M\u00fcd\u00fcr\u00fc S\u00fcreyya Ciliv, THY Genel M\u00fcd\u00fcr\u00fc Do\u00e7. Dr. Temel Kotil, ve T\u00fcrsat Genel M\u00fcd\u00fcr\u00fc Dr. \u00d6zkan Dalbay konu\u015fmac\u0131 olarak kat\u0131ld\u0131.\u00a0\u00a0TEKNOLOJ\u0130N\u0130N EN YEN\u0130LER\u0130 CeBIT B\u0130L\u0130\u015e\u0130M\u2019DESon y\u0131llar\u0131n en g\u00f6zde \u00fcr\u00fcnleri aras\u0131nda yer alan diz\u00fcst\u00fc bilgisayarlar\u0131 i\u00e7in geli\u015ftirilen 3G uygulamalar\u0131n\u0131n yan\u0131 s\u0131ra en yeni donan\u0131m, biometrik sistem, ofis ekipman\u0131 ve yaz\u0131l\u0131mlar\u0131n sergilenece\u011fi CeBIT Bili\u015fim Eurasia\u2019da, \u015firketler uluslar aras\u0131 arenada i\u015f birli\u011fi yaratma f\u0131rsat\u0131 bulacak.Bu y\u0131l \u201c\u0130\u015f D\u00fcnyas\u0131\u201d b\u00f6l\u00fcm\u00fcyle daha da \u00f6n plana \u00e7\u0131kacak olan CeBIT Bili\u015fim Eurasia, toplam 60 bin metrekare alanda haz\u0131rlanan 12 tematik b\u00f6l\u00fcm\u00fcyle; ziyaret\u00e7ilerine bili\u015fimle dolu 5 g\u00fcn ya\u015fatacak. Farkl\u0131 sekt\u00f6rlere y\u00f6nelik kurumsal \u00e7\u00f6z\u00fcmlerin tan\u0131t\u0131laca\u011f\u0131 \u0130\u015f D\u00fcnyas\u0131 salonlar\u0131nda ticari yaz\u0131l\u0131mlardan, mobil i\u015f \u00e7\u00f6z\u00fcmlerine, bankac\u0131l\u0131k ve finans uygulamalar\u0131ndan telekom altyap\u0131s\u0131 ve Ar-Ge teknolojilerine kadar bir\u00e7ok konu ele al\u0131nacak. Bu y\u0131l CeBIT Bili\u015fim Eurasia ile ayn\u0131 mekanda, Avrasya\u2019n\u0131n en b\u00fcy\u00fck uydu ileti\u015fimi, yay\u0131nc\u0131l\u0131k ve TV sekt\u00f6r\u00fc fuar\u0131 olan Broadcast, Cable &amp; Satellite Eurasia 2009\u2019da fuar\u0131n 8, 9 ve 10\u2019ncu salonlar\u0131nda ger\u00e7ekle\u015fecek. \u00a0Broadcast, Cable &amp; Satellite fuar\u0131nda da ziyaret\u00e7ilerin uygun fiyata al\u0131\u015fveri\u015f yapabilecekleri bir\u00a0\u201cUydu Market\u201d yer alacak. Fuar kapsam\u0131nda Anadolu\u2019daki uydu operat\u00f6rleri ve yerel TV kanallar\u0131n\u0131n \u00fcst d\u00fczey y\u00f6neticilerinin fuar\u0131 ziyaret etmelerine y\u00f6nelik iki \u00f6zel heyet program\u0131 ve 10 -11 Ekim 2009 tarihlerinde Uluslararas\u0131 Konferans Program\u0131 d\u00fczenlenecek.\u00a0FUARIN ANA SPONSORU T\u00dcRKSATYaz\u0131l\u0131m, donan\u0131m, hizmet ve mobil ileti\u015fimdeki en yeni teknolojilerin ilk defa g\u00f6r\u00fcc\u00fcye \u00e7\u0131kaca\u011f\u0131 CeBIT Bili\u015fim Eurasia\u2019n\u0131n bu y\u0131lki Ana Sponsorlu\u011fu\u2019nu T\u00fcrksat \u00fcstlendi. Fuar\u0131n forumlar ve Resmi Havayolu Sponsoru T\u00fcrk Hava Yollar\u0131 olurken, Broadcast Cable &amp; Satellite Eurasia&#8217;n\u0131n Ana Sponsoru Eutelsat, Konferans Sponsoru ise Sony Eurasia oldu.\u00a0D\u0130J\u0130TAL D\u00dcNYANIN EN YEN\u0130LER\u0130 6 VE 7\u2019NC\u0130 SALONDAHem i\u015f hem de t\u00fcketici elektroni\u011fi ve dijital ya\u015fama ili\u015fkin teknolojilerin g\u00f6r\u00fcc\u00fcye \u00e7\u0131kar\u0131laca\u011f\u0131 6 numaral\u0131 T\u00fcketici Elektroni\u011fi salonunda, g\u00fcnl\u00fck hayatta ve i\u015f ortam\u0131nda kullan\u0131lan navigasyon, dijital g\u00f6r\u00fcnt\u00fcleme, dijital e\u011flence, donan\u0131m ve \u00e7evre birimleri, ev sinema sistemleri, ak\u0131ll\u0131 ev sistemleri ve otomasyonlar tan\u0131t\u0131lacak. T\u00dcB\u0130TAK\u2019\u0131n da T\u00fcrkiye\u2019deki T\u00fcrk m\u00fchendislerce yap\u0131lan Ar-Ge \u00e7al\u0131\u015fmalar\u0131yla yer alaca\u011f\u0131 6\u2019nc\u0131 salonda; i\u015f ve kariyer, eSa\u011fl\u0131k\/Telesa\u011fl\u0131k ve kamu sekt\u00f6r\u00fc b\u00f6l\u00fcmlerinin yan\u0131 s\u0131ra, \u00f6nceki y\u0131llardan farkl\u0131 olarak Webciety tematik b\u00f6l\u00fcm\u00fc, fuara farkl\u0131 bir hava katacak. Online sosyal a\u011f, e-ticaret firmalar\u0131, online pazarlama firmalar\u0131 ve yaz\u0131l\u0131m tedarik\u00e7ilerinin yer alaca\u011f\u0131 Webciety tematik b\u00f6l\u00fcm\u00fcnde pazarlama profesyonellerinin yan\u0131 s\u0131ra halkla ili\u015fkiler, sosyal a\u011f kullan\u0131c\u0131lar\u0131, medya ve blog yazarlar\u0131 bir araya gelecek.Fuarda son kullan\u0131c\u0131lara hitap eden ve 7\u2019nci salonda konu\u015fland\u0131r\u0131lan \u201cDijital Ya\u015fam\u201d b\u00f6l\u00fcm\u00fcnde ise, dijital sistemler, mobil \u00fcr\u00fcnler, servisler, yaz\u0131l\u0131mlar ve uygulamalar sergilenecek. Ge\u00e7ti\u011fimiz y\u0131llardan farkl\u0131 olarak Bili\u015fim Market\u2019in de bu b\u00f6l\u00fcmde konumland\u0131r\u0131ld\u0131\u011f\u0131 fuar\u0131n 7\u2019nci salonunda telekom\u00fcnikasyon hizmetleri \u00f6n plana \u00e7\u0131kacak. 11 Ekim 2009 Pazar g\u00fcn\u00fc sona gerecek olan CeBIT Bili\u015fim Eurasia\u2019nin, giri\u015f \u00fccreti 20 TL olarak belirlendi. <br \/>Sent from my BlackBerry\u00ae wireless device<\/p>\n","protected":false},"excerpt":{"rendered":"<p>Avrasya\u2019n\u0131n en b\u00fcy\u00fck i\u015f geli\u015ftirme ve teknoloji platformu CeBIT Bili\u015fim Eurasia, bug\u00fcn 11. Cumhurba\u015fkan\u0131 Abdullah G\u00fcl ve Ula\u015ft\u0131rma Bakan\u0131 Binali Y\u0131ld\u0131r\u0131m\u2019\u0131n kat\u0131l\u0131m\u0131yla ger\u00e7ekle\u015fen g\u00f6rkemli bir t\u00f6renle a\u00e7\u0131ld\u0131.T\u00fcyap B\u00fcy\u00fck\u00e7ekmece Fuar ve Kongre Merkezi\u2019nde ger\u00e7ekle\u015ftirilen ve 11&#8230;<\/p>\n","protected":false},"author":2,"featured_media":0,"comment_status":"open","ping_status":"open","sticky":false,"template":"","format":"standard","meta":{"footnotes":""},"categories":[3],"tags":[],"class_list":["post-1601","post","type-post","status-publish","format-standard","hentry","category-blogum"],"yoast_head":"<!-- This site is optimized with the Yoast SEO plugin v26.8 - https:\/\/yoast.com\/product\/yoast-seo-wordpress\/ -->\n<title>CeBIT Bili\u015fim Eurasia kap\u0131lar\u0131n\u0131 Cumhurba\u015fkan\u0131 Abdullah G\u00fcl ile a\u00e7t\u0131\u00a0 - At\u0131f \u00dcnald\u0131<\/title>\n<meta name=\"robots\" content=\"index, follow, max-snippet:-1, max-image-preview:large, max-video-preview:-1\" \/>\n<link rel=\"canonical\" href=\"http:\/\/atif.unaldi.org\/blog\/2009\/10\/07\/cebit-bilisim-eurasia-kapilarini-cumhurbaskani-abdullah-gul-ile-acti\/\" \/>\n<meta property=\"og:locale\" content=\"tr_TR\" \/>\n<meta property=\"og:type\" content=\"article\" \/>\n<meta property=\"og:title\" content=\"CeBIT Bili\u015fim Eurasia kap\u0131lar\u0131n\u0131 Cumhurba\u015fkan\u0131 Abdullah G\u00fcl ile a\u00e7t\u0131\u00a0 - At\u0131f \u00dcnald\u0131\" \/>\n<meta property=\"og:description\" content=\"Avrasya\u2019n\u0131n en b\u00fcy\u00fck i\u015f geli\u015ftirme ve teknoloji platformu CeBIT Bili\u015fim Eurasia, bug\u00fcn 11. Cumhurba\u015fkan\u0131 Abdullah G\u00fcl ve Ula\u015ft\u0131rma Bakan\u0131 Binali Y\u0131ld\u0131r\u0131m\u2019\u0131n kat\u0131l\u0131m\u0131yla ger\u00e7ekle\u015fen g\u00f6rkemli bir t\u00f6renle a\u00e7\u0131ld\u0131.T\u00fcyap B\u00fcy\u00fck\u00e7ekmece Fuar ve Kongre Merkezi\u2019nde ger\u00e7ekle\u015ftirilen ve 11...\" \/>\n<meta property=\"og:url\" content=\"http:\/\/atif.unaldi.org\/blog\/2009\/10\/07\/cebit-bilisim-eurasia-kapilarini-cumhurbaskani-abdullah-gul-ile-acti\/\" \/>\n<meta property=\"og:site_name\" content=\"At\u0131f \u00dcnald\u0131\" \/>\n<meta property=\"article:publisher\" content=\"https:\/\/www.facebook.com\/atifunaldi\" \/>\n<meta property=\"article:author\" content=\"https:\/\/www.facebook.com\/atifunaldi\" \/>\n<meta property=\"article:published_time\" content=\"2009-10-07T14:08:12+00:00\" \/>\n<meta name=\"author\" content=\"Atif Unaldi\" \/>\n<meta name=\"twitter:card\" content=\"summary_large_image\" \/>\n<meta name=\"twitter:creator\" content=\"@https:\/\/twitter.com\/atifunaldi\" \/>\n<meta name=\"twitter:site\" content=\"@atifunaldi\" \/>\n<meta name=\"twitter:label1\" content=\"Yazan:\" \/>\n\t<meta name=\"twitter:data1\" content=\"Atif Unaldi\" \/>\n\t<meta name=\"twitter:label2\" content=\"Tahmini okuma s\u00fcresi\" \/>\n\t<meta name=\"twitter:data2\" content=\"6 dakika\" \/>\n<script type=\"application\/ld+json\" class=\"yoast-schema-graph\">{\"@context\":\"https:\/\/schema.org\",\"@graph\":[{\"@type\":\"Article\",\"@id\":\"http:\/\/atif.unaldi.org\/blog\/2009\/10\/07\/cebit-bilisim-eurasia-kapilarini-cumhurbaskani-abdullah-gul-ile-acti\/#article\",\"isPartOf\":{\"@id\":\"http:\/\/atif.unaldi.org\/blog\/2009\/10\/07\/cebit-bilisim-eurasia-kapilarini-cumhurbaskani-abdullah-gul-ile-acti\/\"},\"author\":{\"name\":\"Atif Unaldi\",\"@id\":\"http:\/\/atif.unaldi.org\/blog\/#\/schema\/person\/608ed42ecbda2bc5cfdb767ac1db479b\"},\"headline\":\"CeBIT Bili\u015fim Eurasia kap\u0131lar\u0131n\u0131 Cumhurba\u015fkan\u0131 Abdullah G\u00fcl ile a\u00e7t\u0131\u00a0\",\"datePublished\":\"2009-10-07T14:08:12+00:00\",\"mainEntityOfPage\":{\"@id\":\"http:\/\/atif.unaldi.org\/blog\/2009\/10\/07\/cebit-bilisim-eurasia-kapilarini-cumhurbaskani-abdullah-gul-ile-acti\/\"},\"wordCount\":1165,\"commentCount\":0,\"publisher\":{\"@id\":\"http:\/\/atif.unaldi.org\/blog\/#\/schema\/person\/608ed42ecbda2bc5cfdb767ac1db479b\"},\"articleSection\":[\"Blogum\"],\"inLanguage\":\"tr\",\"potentialAction\":[{\"@type\":\"CommentAction\",\"name\":\"Comment\",\"target\":[\"http:\/\/atif.unaldi.org\/blog\/2009\/10\/07\/cebit-bilisim-eurasia-kapilarini-cumhurbaskani-abdullah-gul-ile-acti\/#respond\"]}]},{\"@type\":\"WebPage\",\"@id\":\"http:\/\/atif.unaldi.org\/blog\/2009\/10\/07\/cebit-bilisim-eurasia-kapilarini-cumhurbaskani-abdullah-gul-ile-acti\/\",\"url\":\"http:\/\/atif.unaldi.org\/blog\/2009\/10\/07\/cebit-bilisim-eurasia-kapilarini-cumhurbaskani-abdullah-gul-ile-acti\/\",\"name\":\"CeBIT Bili\u015fim Eurasia kap\u0131lar\u0131n\u0131 Cumhurba\u015fkan\u0131 Abdullah G\u00fcl ile a\u00e7t\u0131\u00a0 - At\u0131f \u00dcnald\u0131\",\"isPartOf\":{\"@id\":\"http:\/\/atif.unaldi.org\/blog\/#website\"},\"datePublished\":\"2009-10-07T14:08:12+00:00\",\"breadcrumb\":{\"@id\":\"http:\/\/atif.unaldi.org\/blog\/2009\/10\/07\/cebit-bilisim-eurasia-kapilarini-cumhurbaskani-abdullah-gul-ile-acti\/#breadcrumb\"},\"inLanguage\":\"tr\",\"potentialAction\":[{\"@type\":\"ReadAction\",\"target\":[\"http:\/\/atif.unaldi.org\/blog\/2009\/10\/07\/cebit-bilisim-eurasia-kapilarini-cumhurbaskani-abdullah-gul-ile-acti\/\"]}]},{\"@type\":\"BreadcrumbList\",\"@id\":\"http:\/\/atif.unaldi.org\/blog\/2009\/10\/07\/cebit-bilisim-eurasia-kapilarini-cumhurbaskani-abdullah-gul-ile-acti\/#breadcrumb\",\"itemListElement\":[{\"@type\":\"ListItem\",\"position\":1,\"name\":\"Anasayfa\",\"item\":\"http:\/\/atif.unaldi.org\/blog\/\"},{\"@type\":\"ListItem\",\"position\":2,\"name\":\"CeBIT Bili\u015fim Eurasia kap\u0131lar\u0131n\u0131 Cumhurba\u015fkan\u0131 Abdullah G\u00fcl ile a\u00e7t\u0131\u00a0\"}]},{\"@type\":\"WebSite\",\"@id\":\"http:\/\/atif.unaldi.org\/blog\/#website\",\"url\":\"http:\/\/atif.unaldi.org\/blog\/\",\"name\":\"At\u0131f \u00dcnald\u0131\",\"description\":\"Yazar\",\"publisher\":{\"@id\":\"http:\/\/atif.unaldi.org\/blog\/#\/schema\/person\/608ed42ecbda2bc5cfdb767ac1db479b\"},\"alternateName\":\"At\u0131f \u00dcnald\u0131 Blog\",\"potentialAction\":[{\"@type\":\"SearchAction\",\"target\":{\"@type\":\"EntryPoint\",\"urlTemplate\":\"http:\/\/atif.unaldi.org\/blog\/?s={search_term_string}\"},\"query-input\":{\"@type\":\"PropertyValueSpecification\",\"valueRequired\":true,\"valueName\":\"search_term_string\"}}],\"inLanguage\":\"tr\"},{\"@type\":[\"Person\",\"Organization\"],\"@id\":\"http:\/\/atif.unaldi.org\/blog\/#\/schema\/person\/608ed42ecbda2bc5cfdb767ac1db479b\",\"name\":\"Atif Unaldi\",\"image\":{\"@type\":\"ImageObject\",\"inLanguage\":\"tr\",\"@id\":\"http:\/\/atif.unaldi.org\/blog\/#\/schema\/person\/image\/\",\"url\":\"http:\/\/atif.unaldi.org\/blog\/wp-content\/uploads\/2022\/10\/cropped-a94e8f7a-67c4-4d65-8a5f-032ba784be53-2.jpg\",\"contentUrl\":\"http:\/\/atif.unaldi.org\/blog\/wp-content\/uploads\/2022\/10\/cropped-a94e8f7a-67c4-4d65-8a5f-032ba784be53-2.jpg\",\"width\":512,\"height\":512,\"caption\":\"Atif Unaldi\"},\"logo\":{\"@id\":\"http:\/\/atif.unaldi.org\/blog\/#\/schema\/person\/image\/\"},\"description\":\"Bo\u011fazi\u00e7i \u00dcniversitesinde Fizik B\u00f6l\u00fcm\u00fc\u2019nde e\u011fitim ald\u0131\u011f\u0131 y\u0131llarda T\u00fcrkiye\u2019de ilk kez iki bilgisayar\u0131 telefon hatlar\u0131 \u00fczerinden konu\u015fturan BBS sistemini kurarak, T\u00fcrkiye\u2019deki ilk internet a\u011f\u0131n\u0131 olu\u015fturmu\u015ftur. Bir \u00e7ok radyo ve televizyonda program yap\u0131mc\u0131l\u0131\u011f\u0131 ve sunuculu\u011funu, bir \u00e7ok teknoloji dergisinde k\u00f6\u015fe yazarl\u0131\u011f\u0131, bili\u015fim edit\u00f6rl\u00fc\u011f\u00fc ve genel yay\u0131n y\u00f6netmenli\u011fi yapt\u0131. T\u00fcrkiye\u2019deki ilk internet servis sa\u011flay\u0131c\u0131s\u0131n\u0131n genel m\u00fcd\u00fcrl\u00fc\u011f\u00fcn\u00fc \u00fcstlendi. Bir \u00e7ok organizasyon ve kurulu\u015fta internet s\u00fcperviz\u00f6rl\u00fc\u011f\u00fc , webmaster\u2019l\u0131\u011f\u0131 , IT direkt\u00f6rl\u00fc\u011f\u00fc ve dijital projeler koordinat\u00f6rl\u00fc\u011f\u00fc g\u00f6revlerinde bulundu. Farkl\u0131 \u00fcniversitelerin farkl\u0131 fak\u00fcltelerinde \u00f6\u011fretim g\u00f6revlisi olarak bulunmu\u015f olan \u00dcnald\u0131; \u015fu an teknoloji ve pazarlama konular\u0131 ba\u015fta olmak \u00fczere bir\u00e7ok alanda hizmet veren Unaldi Consultancy\u2019nin kurucusudur. \\u2028Selin \u00dcnald\u0131 ile evlidir. Su ve Toprak isminde iki \u00e7ocu\u011fu vard\u0131r.\",\"sameAs\":[\"http:\/\/atif.unaldi.org\/blog\",\"https:\/\/www.facebook.com\/atifunaldi\",\"https:\/\/www.instagram.com\/atifunaldi\/\",\"https:\/\/www.linkedin.com\/in\/atifunaldi\",\"https:\/\/x.com\/https:\/\/twitter.com\/atifunaldi\",\"https:\/\/www.youtube.com\/c\/atifunaldi\",\"https:\/\/soundcloud.com\/atif-unaldi\",\"https:\/\/atifunaldi.tumblr.com\"],\"url\":\"http:\/\/atif.unaldi.org\/blog\/author\/atifunaldi\/\"}]}<\/script>\n<!-- \/ Yoast SEO plugin. -->","yoast_head_json":{"title":"CeBIT Bili\u015fim Eurasia kap\u0131lar\u0131n\u0131 Cumhurba\u015fkan\u0131 Abdullah G\u00fcl ile a\u00e7t\u0131\u00a0 - At\u0131f \u00dcnald\u0131","robots":{"index":"index","follow":"follow","max-snippet":"max-snippet:-1","max-image-preview":"max-image-preview:large","max-video-preview":"max-video-preview:-1"},"canonical":"http:\/\/atif.unaldi.org\/blog\/2009\/10\/07\/cebit-bilisim-eurasia-kapilarini-cumhurbaskani-abdullah-gul-ile-acti\/","og_locale":"tr_TR","og_type":"article","og_title":"CeBIT Bili\u015fim Eurasia kap\u0131lar\u0131n\u0131 Cumhurba\u015fkan\u0131 Abdullah G\u00fcl ile a\u00e7t\u0131\u00a0 - At\u0131f \u00dcnald\u0131","og_description":"Avrasya\u2019n\u0131n en b\u00fcy\u00fck i\u015f geli\u015ftirme ve teknoloji platformu CeBIT Bili\u015fim Eurasia, bug\u00fcn 11. Cumhurba\u015fkan\u0131 Abdullah G\u00fcl ve Ula\u015ft\u0131rma Bakan\u0131 Binali Y\u0131ld\u0131r\u0131m\u2019\u0131n kat\u0131l\u0131m\u0131yla ger\u00e7ekle\u015fen g\u00f6rkemli bir t\u00f6renle a\u00e7\u0131ld\u0131.T\u00fcyap B\u00fcy\u00fck\u00e7ekmece Fuar ve Kongre Merkezi\u2019nde ger\u00e7ekle\u015ftirilen ve 11...","og_url":"http:\/\/atif.unaldi.org\/blog\/2009\/10\/07\/cebit-bilisim-eurasia-kapilarini-cumhurbaskani-abdullah-gul-ile-acti\/","og_site_name":"At\u0131f \u00dcnald\u0131","article_publisher":"https:\/\/www.facebook.com\/atifunaldi","article_author":"https:\/\/www.facebook.com\/atifunaldi","article_published_time":"2009-10-07T14:08:12+00:00","author":"Atif Unaldi","twitter_card":"summary_large_image","twitter_creator":"@https:\/\/twitter.com\/atifunaldi","twitter_site":"@atifunaldi","twitter_misc":{"Yazan:":"Atif Unaldi","Tahmini okuma s\u00fcresi":"6 dakika"},"schema":{"@context":"https:\/\/schema.org","@graph":[{"@type":"Article","@id":"http:\/\/atif.unaldi.org\/blog\/2009\/10\/07\/cebit-bilisim-eurasia-kapilarini-cumhurbaskani-abdullah-gul-ile-acti\/#article","isPartOf":{"@id":"http:\/\/atif.unaldi.org\/blog\/2009\/10\/07\/cebit-bilisim-eurasia-kapilarini-cumhurbaskani-abdullah-gul-ile-acti\/"},"author":{"name":"Atif Unaldi","@id":"http:\/\/atif.unaldi.org\/blog\/#\/schema\/person\/608ed42ecbda2bc5cfdb767ac1db479b"},"headline":"CeBIT Bili\u015fim Eurasia kap\u0131lar\u0131n\u0131 Cumhurba\u015fkan\u0131 Abdullah G\u00fcl ile a\u00e7t\u0131\u00a0","datePublished":"2009-10-07T14:08:12+00:00","mainEntityOfPage":{"@id":"http:\/\/atif.unaldi.org\/blog\/2009\/10\/07\/cebit-bilisim-eurasia-kapilarini-cumhurbaskani-abdullah-gul-ile-acti\/"},"wordCount":1165,"commentCount":0,"publisher":{"@id":"http:\/\/atif.unaldi.org\/blog\/#\/schema\/person\/608ed42ecbda2bc5cfdb767ac1db479b"},"articleSection":["Blogum"],"inLanguage":"tr","potentialAction":[{"@type":"CommentAction","name":"Comment","target":["http:\/\/atif.unaldi.org\/blog\/2009\/10\/07\/cebit-bilisim-eurasia-kapilarini-cumhurbaskani-abdullah-gul-ile-acti\/#respond"]}]},{"@type":"WebPage","@id":"http:\/\/atif.unaldi.org\/blog\/2009\/10\/07\/cebit-bilisim-eurasia-kapilarini-cumhurbaskani-abdullah-gul-ile-acti\/","url":"http:\/\/atif.unaldi.org\/blog\/2009\/10\/07\/cebit-bilisim-eurasia-kapilarini-cumhurbaskani-abdullah-gul-ile-acti\/","name":"CeBIT Bili\u015fim Eurasia kap\u0131lar\u0131n\u0131 Cumhurba\u015fkan\u0131 Abdullah G\u00fcl ile a\u00e7t\u0131\u00a0 - At\u0131f \u00dcnald\u0131","isPartOf":{"@id":"http:\/\/atif.unaldi.org\/blog\/#website"},"datePublished":"2009-10-07T14:08:12+00:00","breadcrumb":{"@id":"http:\/\/atif.unaldi.org\/blog\/2009\/10\/07\/cebit-bilisim-eurasia-kapilarini-cumhurbaskani-abdullah-gul-ile-acti\/#breadcrumb"},"inLanguage":"tr","potentialAction":[{"@type":"ReadAction","target":["http:\/\/atif.unaldi.org\/blog\/2009\/10\/07\/cebit-bilisim-eurasia-kapilarini-cumhurbaskani-abdullah-gul-ile-acti\/"]}]},{"@type":"BreadcrumbList","@id":"http:\/\/atif.unaldi.org\/blog\/2009\/10\/07\/cebit-bilisim-eurasia-kapilarini-cumhurbaskani-abdullah-gul-ile-acti\/#breadcrumb","itemListElement":[{"@type":"ListItem","position":1,"name":"Anasayfa","item":"http:\/\/atif.unaldi.org\/blog\/"},{"@type":"ListItem","position":2,"name":"CeBIT Bili\u015fim Eurasia kap\u0131lar\u0131n\u0131 Cumhurba\u015fkan\u0131 Abdullah G\u00fcl ile a\u00e7t\u0131\u00a0"}]},{"@type":"WebSite","@id":"http:\/\/atif.unaldi.org\/blog\/#website","url":"http:\/\/atif.unaldi.org\/blog\/","name":"At\u0131f \u00dcnald\u0131","description":"Yazar","publisher":{"@id":"http:\/\/atif.unaldi.org\/blog\/#\/schema\/person\/608ed42ecbda2bc5cfdb767ac1db479b"},"alternateName":"At\u0131f \u00dcnald\u0131 Blog","potentialAction":[{"@type":"SearchAction","target":{"@type":"EntryPoint","urlTemplate":"http:\/\/atif.unaldi.org\/blog\/?s={search_term_string}"},"query-input":{"@type":"PropertyValueSpecification","valueRequired":true,"valueName":"search_term_string"}}],"inLanguage":"tr"},{"@type":["Person","Organization"],"@id":"http:\/\/atif.unaldi.org\/blog\/#\/schema\/person\/608ed42ecbda2bc5cfdb767ac1db479b","name":"Atif Unaldi","image":{"@type":"ImageObject","inLanguage":"tr","@id":"http:\/\/atif.unaldi.org\/blog\/#\/schema\/person\/image\/","url":"http:\/\/atif.unaldi.org\/blog\/wp-content\/uploads\/2022\/10\/cropped-a94e8f7a-67c4-4d65-8a5f-032ba784be53-2.jpg","contentUrl":"http:\/\/atif.unaldi.org\/blog\/wp-content\/uploads\/2022\/10\/cropped-a94e8f7a-67c4-4d65-8a5f-032ba784be53-2.jpg","width":512,"height":512,"caption":"Atif Unaldi"},"logo":{"@id":"http:\/\/atif.unaldi.org\/blog\/#\/schema\/person\/image\/"},"description":"Bo\u011fazi\u00e7i \u00dcniversitesinde Fizik B\u00f6l\u00fcm\u00fc\u2019nde e\u011fitim ald\u0131\u011f\u0131 y\u0131llarda T\u00fcrkiye\u2019de ilk kez iki bilgisayar\u0131 telefon hatlar\u0131 \u00fczerinden konu\u015fturan BBS sistemini kurarak, T\u00fcrkiye\u2019deki ilk internet a\u011f\u0131n\u0131 olu\u015fturmu\u015ftur. Bir \u00e7ok radyo ve televizyonda program yap\u0131mc\u0131l\u0131\u011f\u0131 ve sunuculu\u011funu, bir \u00e7ok teknoloji dergisinde k\u00f6\u015fe yazarl\u0131\u011f\u0131, bili\u015fim edit\u00f6rl\u00fc\u011f\u00fc ve genel yay\u0131n y\u00f6netmenli\u011fi yapt\u0131. T\u00fcrkiye\u2019deki ilk internet servis sa\u011flay\u0131c\u0131s\u0131n\u0131n genel m\u00fcd\u00fcrl\u00fc\u011f\u00fcn\u00fc \u00fcstlendi. Bir \u00e7ok organizasyon ve kurulu\u015fta internet s\u00fcperviz\u00f6rl\u00fc\u011f\u00fc , webmaster\u2019l\u0131\u011f\u0131 , IT direkt\u00f6rl\u00fc\u011f\u00fc ve dijital projeler koordinat\u00f6rl\u00fc\u011f\u00fc g\u00f6revlerinde bulundu. Farkl\u0131 \u00fcniversitelerin farkl\u0131 fak\u00fcltelerinde \u00f6\u011fretim g\u00f6revlisi olarak bulunmu\u015f olan \u00dcnald\u0131; \u015fu an teknoloji ve pazarlama konular\u0131 ba\u015fta olmak \u00fczere bir\u00e7ok alanda hizmet veren Unaldi Consultancy\u2019nin kurucusudur. \u2028Selin \u00dcnald\u0131 ile evlidir. Su ve Toprak isminde iki \u00e7ocu\u011fu vard\u0131r.","sameAs":["http:\/\/atif.unaldi.org\/blog","https:\/\/www.facebook.com\/atifunaldi","https:\/\/www.instagram.com\/atifunaldi\/","https:\/\/www.linkedin.com\/in\/atifunaldi","https:\/\/x.com\/https:\/\/twitter.com\/atifunaldi","https:\/\/www.youtube.com\/c\/atifunaldi","https:\/\/soundcloud.com\/atif-unaldi","https:\/\/atifunaldi.tumblr.com"],"url":"http:\/\/atif.unaldi.org\/blog\/author\/atifunaldi\/"}]}},"jetpack_featured_media_url":"","_links":{"self":[{"href":"http:\/\/atif.unaldi.org\/blog\/wp-json\/wp\/v2\/posts\/1601","targetHints":{"allow":["GET"]}}],"collection":[{"href":"http:\/\/atif.unaldi.org\/blog\/wp-json\/wp\/v2\/posts"}],"about":[{"href":"http:\/\/atif.unaldi.org\/blog\/wp-json\/wp\/v2\/types\/post"}],"author":[{"embeddable":true,"href":"http:\/\/atif.unaldi.org\/blog\/wp-json\/wp\/v2\/users\/2"}],"replies":[{"embeddable":true,"href":"http:\/\/atif.unaldi.org\/blog\/wp-json\/wp\/v2\/comments?post=1601"}],"version-history":[{"count":0,"href":"http:\/\/atif.unaldi.org\/blog\/wp-json\/wp\/v2\/posts\/1601\/revisions"}],"wp:attachment":[{"href":"http:\/\/atif.unaldi.org\/blog\/wp-json\/wp\/v2\/media?parent=1601"}],"wp:term":[{"taxonomy":"category","embeddable":true,"href":"http:\/\/atif.unaldi.org\/blog\/wp-json\/wp\/v2\/categories?post=1601"},{"taxonomy":"post_tag","embeddable":true,"href":"http:\/\/atif.unaldi.org\/blog\/wp-json\/wp\/v2\/tags?post=1601"}],"curies":[{"name":"wp","href":"https:\/\/api.w.org\/{rel}","templated":true}]}}