{"id":1605,"date":"2009-10-09T10:43:18","date_gmt":"2009-10-09T10:43:18","guid":{"rendered":"http:\/\/haberler.atifunaldi.info\/2009\/10\/09\/dogan-telekomdan-videoda-edgecast-hizi"},"modified":"2009-10-09T10:43:18","modified_gmt":"2009-10-09T10:43:18","slug":"dogan-telekomdan-videoda-edgecast-hizi","status":"publish","type":"post","link":"http:\/\/atif.unaldi.org\/blog\/2009\/10\/09\/dogan-telekomdan-videoda-edgecast-hizi\/","title":{"rendered":"Do\u011fan Telekom&#8217;dan Videoda EdgeCast H\u0131z\u0131"},"content":{"rendered":"<div class='p_embed p_image_embed'>\n<img loading=\"lazy\" decoding=\"async\" alt=\"S6301560\" height=\"640\" src=\"http:\/\/atifunaldi.files.wordpress.com\/2009\/10\/s63015602.jpg?w=225\" width=\"480\" \/>\n<\/div>\n<p>D\u00fcnyan\u0131n lider i\u00e7erik da\u011f\u0131t\u0131m a\u011f\u0131 servisleri CDN (Content Delivery <br \/>Network) sa\u011flay\u0131c\u0131s\u0131 EdgeCast firmas\u0131yla i\u015fbirli\u011fine imza atan Do\u011fan <br \/>Telekom, EdgeCast&#8217;in kendi a\u011f altyap\u0131s\u0131 \u00fczerinden, T\u00fcrkiye&#8217;deki <br \/>internet tv, gazete ve video payla\u015f\u0131m sitelerinin zengin i\u00e7erik <br \/>payla\u015f\u0131m\u0131nda y\u00fcksek performansl\u0131 \u00e7\u00f6z\u00fcmler sunacak. <\/p>\n<p \/> Do\u011fan Telekom Genel M\u00fcd\u00fcr\u00fc Faz\u0131l Esen: &#8220;smile adsl \u00fczerinden <br \/>sundu\u011fumuz internet servisleri aras\u0131nda yer alan; video, m\u00fczik ve <br \/>e\u011fitim gibi multimedya \u00f6\u011felerine eri\u015fimin performas\u0131n\u0131 artt\u0131rmak i\u00e7in, <br \/>d\u00fcnyan\u0131n lider teknolojisini T\u00fcrkiye&#8217;ye getirdik ve kendi altyap\u0131m\u0131za <br \/>entegre ettik. Do\u011fan Telekom ve EdgeCast sistem testlerini tamamlad\u0131k, <br \/>smile adsl abonelerine uzun vadede farkl\u0131la\u015ft\u0131r\u0131lm\u0131\u015f hizmetleri <br \/>sunmaya bu teknoloji \u00fczerinden devam edece\u011fiz. Bu hizmet, ayn\u0131 zamanda <br \/>yurt i\u00e7indeki i\u00e7erik sa\u011flay\u0131c\u0131lara da, yurtd\u0131\u015f\u0131ndaki kullan\u0131c\u0131lara da <br \/>kaliteli yay\u0131nlanmas\u0131 i\u00e7in de \u00e7ok \u00f6nemli bir katk\u0131 sa\u011flayacakt\u0131r.&#8221; <br \/>dedi. <\/p>\n<p \/> EdgeCast Ba\u015fkan\u0131 James Segil: &#8220;\u00d6l\u00e7eklenebilir ve y\u00fcksek h\u0131zdaki i\u00e7erik <br \/>payla\u015f\u0131m\u0131 T\u00fcrkiye&#8217;de h\u0131zla geli\u015fen bir pazar. Do\u011fan Telekom Grubu&#8217;nun <br \/>sekt\u00f6rdeki deneyimi ve altyap\u0131s\u0131 EdgeCast&#8217;in d\u00fcnya klasman\u0131ndaki CDN <br \/>teknolojisiyle birle\u015fince, bu i\u015fbirli\u011finin T\u00fcrkiye&#8217;deki internet <br \/>\u00fczerinden payla\u015f\u0131m yapan kitle i\u00e7in benzersiz bir platform <br \/>sunaca\u011f\u0131ndan dolay\u0131 mutluluk duyuyoruz.&#8221; dedi. <\/p>\n<p \/> Yeni teknolojilerle donat\u0131lm\u0131\u015f ve tam yedeklili\u011fi sa\u011flanm\u0131\u015f bir hizmet <br \/>altyap\u0131s\u0131 sunan Do\u011fan Telekom, internet \u00fczerinden zengin i\u00e7erik <br \/>da\u011f\u0131tan kurumsal firmalar i\u00e7in y\u00fcksek kalitede\u00a0 TV\/video yay\u0131n <br \/>hizmetini; T\u00fcrkiye&#8217;den y\u00f6netim kolayl\u0131\u011f\u0131, anl\u0131k m\u00fcdahale esnekli\u011fi ve <br \/>zengin raporlama yetkinlikleri ile sunarak, 7&#215;24 destek hizmetleri <br \/>getiriyor. <\/p>\n<p \/> Bu i\u015fbirli\u011fi, Do\u011fan Telekom&#8217;un i\u00e7erik eri\u015fim hizmetlerinde en yeni <br \/>teknolojilerle desteklenmi\u015f kaliteli hizmet a\u011f\u0131n\u0131n geli\u015fimini <br \/>sa\u011fl\u0131yor. Fanatik.ekolay.net\/TAYTV ve isteizle.com canl\u0131 yay\u0131nlar\u0131 \u015fu <br \/>anda EdgeCast altyap\u0131s\u0131 \u00fczerinden yay\u0131n yap\u0131yor.<\/p>\n","protected":false},"excerpt":{"rendered":"<p>D\u00fcnyan\u0131n lider i\u00e7erik da\u011f\u0131t\u0131m a\u011f\u0131 servisleri CDN (Content Delivery Network) sa\u011flay\u0131c\u0131s\u0131 EdgeCast firmas\u0131yla i\u015fbirli\u011fine imza atan Do\u011fan Telekom, EdgeCast&#8217;in kendi a\u011f altyap\u0131s\u0131 \u00fczerinden, T\u00fcrkiye&#8217;deki internet tv, gazete ve video payla\u015f\u0131m sitelerinin zengin i\u00e7erik payla\u015f\u0131m\u0131nda y\u00fcksek&#8230;<\/p>\n","protected":false},"author":2,"featured_media":0,"comment_status":"open","ping_status":"open","sticky":false,"template":"","format":"standard","meta":{"footnotes":""},"categories":[3],"tags":[],"class_list":["post-1605","post","type-post","status-publish","format-standard","hentry","category-blogum"],"yoast_head":"<!-- This site is optimized with the Yoast SEO plugin v26.8 - https:\/\/yoast.com\/product\/yoast-seo-wordpress\/ -->\n<title>Do\u011fan Telekom&#039;dan Videoda EdgeCast H\u0131z\u0131 - At\u0131f \u00dcnald\u0131<\/title>\n<meta name=\"robots\" content=\"index, follow, max-snippet:-1, max-image-preview:large, max-video-preview:-1\" \/>\n<link rel=\"canonical\" href=\"http:\/\/atif.unaldi.org\/blog\/2009\/10\/09\/dogan-telekomdan-videoda-edgecast-hizi\/\" \/>\n<meta property=\"og:locale\" content=\"tr_TR\" \/>\n<meta property=\"og:type\" content=\"article\" \/>\n<meta property=\"og:title\" content=\"Do\u011fan Telekom&#039;dan Videoda EdgeCast H\u0131z\u0131 - At\u0131f \u00dcnald\u0131\" \/>\n<meta property=\"og:description\" content=\"D\u00fcnyan\u0131n lider i\u00e7erik da\u011f\u0131t\u0131m a\u011f\u0131 servisleri CDN (Content Delivery Network) sa\u011flay\u0131c\u0131s\u0131 EdgeCast firmas\u0131yla i\u015fbirli\u011fine imza atan Do\u011fan Telekom, EdgeCast&#8217;in kendi a\u011f altyap\u0131s\u0131 \u00fczerinden, T\u00fcrkiye&#8217;deki internet tv, gazete ve video payla\u015f\u0131m sitelerinin zengin i\u00e7erik payla\u015f\u0131m\u0131nda y\u00fcksek...\" \/>\n<meta property=\"og:url\" content=\"http:\/\/atif.unaldi.org\/blog\/2009\/10\/09\/dogan-telekomdan-videoda-edgecast-hizi\/\" \/>\n<meta property=\"og:site_name\" content=\"At\u0131f \u00dcnald\u0131\" \/>\n<meta property=\"article:publisher\" content=\"https:\/\/www.facebook.com\/atifunaldi\" \/>\n<meta property=\"article:author\" content=\"https:\/\/www.facebook.com\/atifunaldi\" \/>\n<meta property=\"article:published_time\" content=\"2009-10-09T10:43:18+00:00\" \/>\n<meta property=\"og:image\" content=\"http:\/\/atifunaldi.files.wordpress.com\/2009\/10\/s63015602.jpg?w=225\" \/>\n<meta name=\"author\" content=\"Atif Unaldi\" \/>\n<meta name=\"twitter:card\" content=\"summary_large_image\" \/>\n<meta name=\"twitter:creator\" content=\"@https:\/\/twitter.com\/atifunaldi\" \/>\n<meta name=\"twitter:site\" content=\"@atifunaldi\" \/>\n<meta name=\"twitter:label1\" content=\"Yazan:\" \/>\n\t<meta name=\"twitter:data1\" content=\"Atif Unaldi\" \/>\n\t<meta name=\"twitter:label2\" content=\"Tahmini okuma s\u00fcresi\" \/>\n\t<meta name=\"twitter:data2\" content=\"2 dakika\" \/>\n<script type=\"application\/ld+json\" class=\"yoast-schema-graph\">{\"@context\":\"https:\/\/schema.org\",\"@graph\":[{\"@type\":\"Article\",\"@id\":\"http:\/\/atif.unaldi.org\/blog\/2009\/10\/09\/dogan-telekomdan-videoda-edgecast-hizi\/#article\",\"isPartOf\":{\"@id\":\"http:\/\/atif.unaldi.org\/blog\/2009\/10\/09\/dogan-telekomdan-videoda-edgecast-hizi\/\"},\"author\":{\"name\":\"Atif Unaldi\",\"@id\":\"http:\/\/atif.unaldi.org\/blog\/#\/schema\/person\/608ed42ecbda2bc5cfdb767ac1db479b\"},\"headline\":\"Do\u011fan Telekom&#8217;dan Videoda EdgeCast H\u0131z\u0131\",\"datePublished\":\"2009-10-09T10:43:18+00:00\",\"mainEntityOfPage\":{\"@id\":\"http:\/\/atif.unaldi.org\/blog\/2009\/10\/09\/dogan-telekomdan-videoda-edgecast-hizi\/\"},\"wordCount\":349,\"commentCount\":0,\"publisher\":{\"@id\":\"http:\/\/atif.unaldi.org\/blog\/#\/schema\/person\/608ed42ecbda2bc5cfdb767ac1db479b\"},\"image\":{\"@id\":\"http:\/\/atif.unaldi.org\/blog\/2009\/10\/09\/dogan-telekomdan-videoda-edgecast-hizi\/#primaryimage\"},\"thumbnailUrl\":\"http:\/\/atifunaldi.files.wordpress.com\/2009\/10\/s63015602.jpg?w=225\",\"articleSection\":[\"Blogum\"],\"inLanguage\":\"tr\",\"potentialAction\":[{\"@type\":\"CommentAction\",\"name\":\"Comment\",\"target\":[\"http:\/\/atif.unaldi.org\/blog\/2009\/10\/09\/dogan-telekomdan-videoda-edgecast-hizi\/#respond\"]}]},{\"@type\":\"WebPage\",\"@id\":\"http:\/\/atif.unaldi.org\/blog\/2009\/10\/09\/dogan-telekomdan-videoda-edgecast-hizi\/\",\"url\":\"http:\/\/atif.unaldi.org\/blog\/2009\/10\/09\/dogan-telekomdan-videoda-edgecast-hizi\/\",\"name\":\"Do\u011fan Telekom'dan Videoda EdgeCast H\u0131z\u0131 - At\u0131f \u00dcnald\u0131\",\"isPartOf\":{\"@id\":\"http:\/\/atif.unaldi.org\/blog\/#website\"},\"primaryImageOfPage\":{\"@id\":\"http:\/\/atif.unaldi.org\/blog\/2009\/10\/09\/dogan-telekomdan-videoda-edgecast-hizi\/#primaryimage\"},\"image\":{\"@id\":\"http:\/\/atif.unaldi.org\/blog\/2009\/10\/09\/dogan-telekomdan-videoda-edgecast-hizi\/#primaryimage\"},\"thumbnailUrl\":\"http:\/\/atifunaldi.files.wordpress.com\/2009\/10\/s63015602.jpg?w=225\",\"datePublished\":\"2009-10-09T10:43:18+00:00\",\"breadcrumb\":{\"@id\":\"http:\/\/atif.unaldi.org\/blog\/2009\/10\/09\/dogan-telekomdan-videoda-edgecast-hizi\/#breadcrumb\"},\"inLanguage\":\"tr\",\"potentialAction\":[{\"@type\":\"ReadAction\",\"target\":[\"http:\/\/atif.unaldi.org\/blog\/2009\/10\/09\/dogan-telekomdan-videoda-edgecast-hizi\/\"]}]},{\"@type\":\"ImageObject\",\"inLanguage\":\"tr\",\"@id\":\"http:\/\/atif.unaldi.org\/blog\/2009\/10\/09\/dogan-telekomdan-videoda-edgecast-hizi\/#primaryimage\",\"url\":\"http:\/\/atifunaldi.files.wordpress.com\/2009\/10\/s63015602.jpg?w=225\",\"contentUrl\":\"http:\/\/atifunaldi.files.wordpress.com\/2009\/10\/s63015602.jpg?w=225\"},{\"@type\":\"BreadcrumbList\",\"@id\":\"http:\/\/atif.unaldi.org\/blog\/2009\/10\/09\/dogan-telekomdan-videoda-edgecast-hizi\/#breadcrumb\",\"itemListElement\":[{\"@type\":\"ListItem\",\"position\":1,\"name\":\"Anasayfa\",\"item\":\"http:\/\/atif.unaldi.org\/blog\/\"},{\"@type\":\"ListItem\",\"position\":2,\"name\":\"Do\u011fan Telekom&#8217;dan Videoda EdgeCast H\u0131z\u0131\"}]},{\"@type\":\"WebSite\",\"@id\":\"http:\/\/atif.unaldi.org\/blog\/#website\",\"url\":\"http:\/\/atif.unaldi.org\/blog\/\",\"name\":\"At\u0131f \u00dcnald\u0131\",\"description\":\"Yazar\",\"publisher\":{\"@id\":\"http:\/\/atif.unaldi.org\/blog\/#\/schema\/person\/608ed42ecbda2bc5cfdb767ac1db479b\"},\"alternateName\":\"At\u0131f \u00dcnald\u0131 Blog\",\"potentialAction\":[{\"@type\":\"SearchAction\",\"target\":{\"@type\":\"EntryPoint\",\"urlTemplate\":\"http:\/\/atif.unaldi.org\/blog\/?s={search_term_string}\"},\"query-input\":{\"@type\":\"PropertyValueSpecification\",\"valueRequired\":true,\"valueName\":\"search_term_string\"}}],\"inLanguage\":\"tr\"},{\"@type\":[\"Person\",\"Organization\"],\"@id\":\"http:\/\/atif.unaldi.org\/blog\/#\/schema\/person\/608ed42ecbda2bc5cfdb767ac1db479b\",\"name\":\"Atif Unaldi\",\"image\":{\"@type\":\"ImageObject\",\"inLanguage\":\"tr\",\"@id\":\"http:\/\/atif.unaldi.org\/blog\/#\/schema\/person\/image\/\",\"url\":\"http:\/\/atif.unaldi.org\/blog\/wp-content\/uploads\/2022\/10\/cropped-a94e8f7a-67c4-4d65-8a5f-032ba784be53-2.jpg\",\"contentUrl\":\"http:\/\/atif.unaldi.org\/blog\/wp-content\/uploads\/2022\/10\/cropped-a94e8f7a-67c4-4d65-8a5f-032ba784be53-2.jpg\",\"width\":512,\"height\":512,\"caption\":\"Atif Unaldi\"},\"logo\":{\"@id\":\"http:\/\/atif.unaldi.org\/blog\/#\/schema\/person\/image\/\"},\"description\":\"Bo\u011fazi\u00e7i \u00dcniversitesinde Fizik B\u00f6l\u00fcm\u00fc\u2019nde e\u011fitim ald\u0131\u011f\u0131 y\u0131llarda T\u00fcrkiye\u2019de ilk kez iki bilgisayar\u0131 telefon hatlar\u0131 \u00fczerinden konu\u015fturan BBS sistemini kurarak, T\u00fcrkiye\u2019deki ilk internet a\u011f\u0131n\u0131 olu\u015fturmu\u015ftur. Bir \u00e7ok radyo ve televizyonda program yap\u0131mc\u0131l\u0131\u011f\u0131 ve sunuculu\u011funu, bir \u00e7ok teknoloji dergisinde k\u00f6\u015fe yazarl\u0131\u011f\u0131, bili\u015fim edit\u00f6rl\u00fc\u011f\u00fc ve genel yay\u0131n y\u00f6netmenli\u011fi yapt\u0131. T\u00fcrkiye\u2019deki ilk internet servis sa\u011flay\u0131c\u0131s\u0131n\u0131n genel m\u00fcd\u00fcrl\u00fc\u011f\u00fcn\u00fc \u00fcstlendi. Bir \u00e7ok organizasyon ve kurulu\u015fta internet s\u00fcperviz\u00f6rl\u00fc\u011f\u00fc , webmaster\u2019l\u0131\u011f\u0131 , IT direkt\u00f6rl\u00fc\u011f\u00fc ve dijital projeler koordinat\u00f6rl\u00fc\u011f\u00fc g\u00f6revlerinde bulundu. Farkl\u0131 \u00fcniversitelerin farkl\u0131 fak\u00fcltelerinde \u00f6\u011fretim g\u00f6revlisi olarak bulunmu\u015f olan \u00dcnald\u0131; \u015fu an teknoloji ve pazarlama konular\u0131 ba\u015fta olmak \u00fczere bir\u00e7ok alanda hizmet veren Unaldi Consultancy\u2019nin kurucusudur. \\u2028Selin \u00dcnald\u0131 ile evlidir. Su ve Toprak isminde iki \u00e7ocu\u011fu vard\u0131r.\",\"sameAs\":[\"http:\/\/atif.unaldi.org\/blog\",\"https:\/\/www.facebook.com\/atifunaldi\",\"https:\/\/www.instagram.com\/atifunaldi\/\",\"https:\/\/www.linkedin.com\/in\/atifunaldi\",\"https:\/\/x.com\/https:\/\/twitter.com\/atifunaldi\",\"https:\/\/www.youtube.com\/c\/atifunaldi\",\"https:\/\/soundcloud.com\/atif-unaldi\",\"https:\/\/atifunaldi.tumblr.com\"],\"url\":\"http:\/\/atif.unaldi.org\/blog\/author\/atifunaldi\/\"}]}<\/script>\n<!-- \/ Yoast SEO plugin. -->","yoast_head_json":{"title":"Do\u011fan Telekom'dan Videoda EdgeCast H\u0131z\u0131 - At\u0131f \u00dcnald\u0131","robots":{"index":"index","follow":"follow","max-snippet":"max-snippet:-1","max-image-preview":"max-image-preview:large","max-video-preview":"max-video-preview:-1"},"canonical":"http:\/\/atif.unaldi.org\/blog\/2009\/10\/09\/dogan-telekomdan-videoda-edgecast-hizi\/","og_locale":"tr_TR","og_type":"article","og_title":"Do\u011fan Telekom'dan Videoda EdgeCast H\u0131z\u0131 - At\u0131f \u00dcnald\u0131","og_description":"D\u00fcnyan\u0131n lider i\u00e7erik da\u011f\u0131t\u0131m a\u011f\u0131 servisleri CDN (Content Delivery Network) sa\u011flay\u0131c\u0131s\u0131 EdgeCast firmas\u0131yla i\u015fbirli\u011fine imza atan Do\u011fan Telekom, EdgeCast&#8217;in kendi a\u011f altyap\u0131s\u0131 \u00fczerinden, T\u00fcrkiye&#8217;deki internet tv, gazete ve video payla\u015f\u0131m sitelerinin zengin i\u00e7erik payla\u015f\u0131m\u0131nda y\u00fcksek...","og_url":"http:\/\/atif.unaldi.org\/blog\/2009\/10\/09\/dogan-telekomdan-videoda-edgecast-hizi\/","og_site_name":"At\u0131f \u00dcnald\u0131","article_publisher":"https:\/\/www.facebook.com\/atifunaldi","article_author":"https:\/\/www.facebook.com\/atifunaldi","article_published_time":"2009-10-09T10:43:18+00:00","og_image":[{"url":"http:\/\/atifunaldi.files.wordpress.com\/2009\/10\/s63015602.jpg?w=225","type":"","width":"","height":""}],"author":"Atif Unaldi","twitter_card":"summary_large_image","twitter_creator":"@https:\/\/twitter.com\/atifunaldi","twitter_site":"@atifunaldi","twitter_misc":{"Yazan:":"Atif Unaldi","Tahmini okuma s\u00fcresi":"2 dakika"},"schema":{"@context":"https:\/\/schema.org","@graph":[{"@type":"Article","@id":"http:\/\/atif.unaldi.org\/blog\/2009\/10\/09\/dogan-telekomdan-videoda-edgecast-hizi\/#article","isPartOf":{"@id":"http:\/\/atif.unaldi.org\/blog\/2009\/10\/09\/dogan-telekomdan-videoda-edgecast-hizi\/"},"author":{"name":"Atif Unaldi","@id":"http:\/\/atif.unaldi.org\/blog\/#\/schema\/person\/608ed42ecbda2bc5cfdb767ac1db479b"},"headline":"Do\u011fan Telekom&#8217;dan Videoda EdgeCast H\u0131z\u0131","datePublished":"2009-10-09T10:43:18+00:00","mainEntityOfPage":{"@id":"http:\/\/atif.unaldi.org\/blog\/2009\/10\/09\/dogan-telekomdan-videoda-edgecast-hizi\/"},"wordCount":349,"commentCount":0,"publisher":{"@id":"http:\/\/atif.unaldi.org\/blog\/#\/schema\/person\/608ed42ecbda2bc5cfdb767ac1db479b"},"image":{"@id":"http:\/\/atif.unaldi.org\/blog\/2009\/10\/09\/dogan-telekomdan-videoda-edgecast-hizi\/#primaryimage"},"thumbnailUrl":"http:\/\/atifunaldi.files.wordpress.com\/2009\/10\/s63015602.jpg?w=225","articleSection":["Blogum"],"inLanguage":"tr","potentialAction":[{"@type":"CommentAction","name":"Comment","target":["http:\/\/atif.unaldi.org\/blog\/2009\/10\/09\/dogan-telekomdan-videoda-edgecast-hizi\/#respond"]}]},{"@type":"WebPage","@id":"http:\/\/atif.unaldi.org\/blog\/2009\/10\/09\/dogan-telekomdan-videoda-edgecast-hizi\/","url":"http:\/\/atif.unaldi.org\/blog\/2009\/10\/09\/dogan-telekomdan-videoda-edgecast-hizi\/","name":"Do\u011fan Telekom'dan Videoda EdgeCast H\u0131z\u0131 - At\u0131f \u00dcnald\u0131","isPartOf":{"@id":"http:\/\/atif.unaldi.org\/blog\/#website"},"primaryImageOfPage":{"@id":"http:\/\/atif.unaldi.org\/blog\/2009\/10\/09\/dogan-telekomdan-videoda-edgecast-hizi\/#primaryimage"},"image":{"@id":"http:\/\/atif.unaldi.org\/blog\/2009\/10\/09\/dogan-telekomdan-videoda-edgecast-hizi\/#primaryimage"},"thumbnailUrl":"http:\/\/atifunaldi.files.wordpress.com\/2009\/10\/s63015602.jpg?w=225","datePublished":"2009-10-09T10:43:18+00:00","breadcrumb":{"@id":"http:\/\/atif.unaldi.org\/blog\/2009\/10\/09\/dogan-telekomdan-videoda-edgecast-hizi\/#breadcrumb"},"inLanguage":"tr","potentialAction":[{"@type":"ReadAction","target":["http:\/\/atif.unaldi.org\/blog\/2009\/10\/09\/dogan-telekomdan-videoda-edgecast-hizi\/"]}]},{"@type":"ImageObject","inLanguage":"tr","@id":"http:\/\/atif.unaldi.org\/blog\/2009\/10\/09\/dogan-telekomdan-videoda-edgecast-hizi\/#primaryimage","url":"http:\/\/atifunaldi.files.wordpress.com\/2009\/10\/s63015602.jpg?w=225","contentUrl":"http:\/\/atifunaldi.files.wordpress.com\/2009\/10\/s63015602.jpg?w=225"},{"@type":"BreadcrumbList","@id":"http:\/\/atif.unaldi.org\/blog\/2009\/10\/09\/dogan-telekomdan-videoda-edgecast-hizi\/#breadcrumb","itemListElement":[{"@type":"ListItem","position":1,"name":"Anasayfa","item":"http:\/\/atif.unaldi.org\/blog\/"},{"@type":"ListItem","position":2,"name":"Do\u011fan Telekom&#8217;dan Videoda EdgeCast H\u0131z\u0131"}]},{"@type":"WebSite","@id":"http:\/\/atif.unaldi.org\/blog\/#website","url":"http:\/\/atif.unaldi.org\/blog\/","name":"At\u0131f \u00dcnald\u0131","description":"Yazar","publisher":{"@id":"http:\/\/atif.unaldi.org\/blog\/#\/schema\/person\/608ed42ecbda2bc5cfdb767ac1db479b"},"alternateName":"At\u0131f \u00dcnald\u0131 Blog","potentialAction":[{"@type":"SearchAction","target":{"@type":"EntryPoint","urlTemplate":"http:\/\/atif.unaldi.org\/blog\/?s={search_term_string}"},"query-input":{"@type":"PropertyValueSpecification","valueRequired":true,"valueName":"search_term_string"}}],"inLanguage":"tr"},{"@type":["Person","Organization"],"@id":"http:\/\/atif.unaldi.org\/blog\/#\/schema\/person\/608ed42ecbda2bc5cfdb767ac1db479b","name":"Atif Unaldi","image":{"@type":"ImageObject","inLanguage":"tr","@id":"http:\/\/atif.unaldi.org\/blog\/#\/schema\/person\/image\/","url":"http:\/\/atif.unaldi.org\/blog\/wp-content\/uploads\/2022\/10\/cropped-a94e8f7a-67c4-4d65-8a5f-032ba784be53-2.jpg","contentUrl":"http:\/\/atif.unaldi.org\/blog\/wp-content\/uploads\/2022\/10\/cropped-a94e8f7a-67c4-4d65-8a5f-032ba784be53-2.jpg","width":512,"height":512,"caption":"Atif Unaldi"},"logo":{"@id":"http:\/\/atif.unaldi.org\/blog\/#\/schema\/person\/image\/"},"description":"Bo\u011fazi\u00e7i \u00dcniversitesinde Fizik B\u00f6l\u00fcm\u00fc\u2019nde e\u011fitim ald\u0131\u011f\u0131 y\u0131llarda T\u00fcrkiye\u2019de ilk kez iki bilgisayar\u0131 telefon hatlar\u0131 \u00fczerinden konu\u015fturan BBS sistemini kurarak, T\u00fcrkiye\u2019deki ilk internet a\u011f\u0131n\u0131 olu\u015fturmu\u015ftur. Bir \u00e7ok radyo ve televizyonda program yap\u0131mc\u0131l\u0131\u011f\u0131 ve sunuculu\u011funu, bir \u00e7ok teknoloji dergisinde k\u00f6\u015fe yazarl\u0131\u011f\u0131, bili\u015fim edit\u00f6rl\u00fc\u011f\u00fc ve genel yay\u0131n y\u00f6netmenli\u011fi yapt\u0131. T\u00fcrkiye\u2019deki ilk internet servis sa\u011flay\u0131c\u0131s\u0131n\u0131n genel m\u00fcd\u00fcrl\u00fc\u011f\u00fcn\u00fc \u00fcstlendi. Bir \u00e7ok organizasyon ve kurulu\u015fta internet s\u00fcperviz\u00f6rl\u00fc\u011f\u00fc , webmaster\u2019l\u0131\u011f\u0131 , IT direkt\u00f6rl\u00fc\u011f\u00fc ve dijital projeler koordinat\u00f6rl\u00fc\u011f\u00fc g\u00f6revlerinde bulundu. Farkl\u0131 \u00fcniversitelerin farkl\u0131 fak\u00fcltelerinde \u00f6\u011fretim g\u00f6revlisi olarak bulunmu\u015f olan \u00dcnald\u0131; \u015fu an teknoloji ve pazarlama konular\u0131 ba\u015fta olmak \u00fczere bir\u00e7ok alanda hizmet veren Unaldi Consultancy\u2019nin kurucusudur. \u2028Selin \u00dcnald\u0131 ile evlidir. Su ve Toprak isminde iki \u00e7ocu\u011fu vard\u0131r.","sameAs":["http:\/\/atif.unaldi.org\/blog","https:\/\/www.facebook.com\/atifunaldi","https:\/\/www.instagram.com\/atifunaldi\/","https:\/\/www.linkedin.com\/in\/atifunaldi","https:\/\/x.com\/https:\/\/twitter.com\/atifunaldi","https:\/\/www.youtube.com\/c\/atifunaldi","https:\/\/soundcloud.com\/atif-unaldi","https:\/\/atifunaldi.tumblr.com"],"url":"http:\/\/atif.unaldi.org\/blog\/author\/atifunaldi\/"}]}},"jetpack_featured_media_url":"","_links":{"self":[{"href":"http:\/\/atif.unaldi.org\/blog\/wp-json\/wp\/v2\/posts\/1605","targetHints":{"allow":["GET"]}}],"collection":[{"href":"http:\/\/atif.unaldi.org\/blog\/wp-json\/wp\/v2\/posts"}],"about":[{"href":"http:\/\/atif.unaldi.org\/blog\/wp-json\/wp\/v2\/types\/post"}],"author":[{"embeddable":true,"href":"http:\/\/atif.unaldi.org\/blog\/wp-json\/wp\/v2\/users\/2"}],"replies":[{"embeddable":true,"href":"http:\/\/atif.unaldi.org\/blog\/wp-json\/wp\/v2\/comments?post=1605"}],"version-history":[{"count":0,"href":"http:\/\/atif.unaldi.org\/blog\/wp-json\/wp\/v2\/posts\/1605\/revisions"}],"wp:attachment":[{"href":"http:\/\/atif.unaldi.org\/blog\/wp-json\/wp\/v2\/media?parent=1605"}],"wp:term":[{"taxonomy":"category","embeddable":true,"href":"http:\/\/atif.unaldi.org\/blog\/wp-json\/wp\/v2\/categories?post=1605"},{"taxonomy":"post_tag","embeddable":true,"href":"http:\/\/atif.unaldi.org\/blog\/wp-json\/wp\/v2\/tags?post=1605"}],"curies":[{"name":"wp","href":"https:\/\/api.w.org\/{rel}","templated":true}]}}