{"id":1607,"date":"2009-10-09T11:17:00","date_gmt":"2009-10-09T11:17:00","guid":{"rendered":"http:\/\/haberler.atifunaldi.info\/2009\/10\/09\/webstar-turkiyeden-fikir-haritasi-cikti"},"modified":"2009-10-09T11:17:00","modified_gmt":"2009-10-09T11:17:00","slug":"webstar-turkiyeden-fikir-haritasi-cikti","status":"publish","type":"post","link":"http:\/\/atif.unaldi.org\/blog\/2009\/10\/09\/webstar-turkiyeden-fikir-haritasi-cikti\/","title":{"rendered":"Webstar T\u00fcrkiye&#8217;den Fikir Haritas\u0131 \u00e7\u0131kt\u0131"},"content":{"rendered":"<p>T&uuml;rkiye&#8217;nin en b&uuml;y&uuml;k dijital fikir yar\u0131\u015fmas\u0131 Webstar T&uuml;rkiye&#8217;ye i&ccedil;in <br \/>ba\u015fvurular t&uuml;m h\u0131z\u0131yla devam ederken, illerden gelen ba\u015fvuru <br \/>say\u0131lar\u0131na g&ouml;re T&uuml;rkiye Fikir Haritas\u0131 olu\u015fturuldu. \u015eu ana kadar <br \/>T&uuml;rkiye&#8217;nin 80 ilinden 2000&#8217;den fazla fikrin kat\u0131ld\u0131\u011f\u0131 yar\u0131\u015famaya <br \/>sadece Kilis&#8217;ten ba\u015fvuru gelmedi. <\/p>\n<p \/>\n<p \/> K&uuml;resel ekonomik de\u011feri olan web projelerini hayata ge&ccedil;irmek ve <br \/>T&uuml;rkiye&#8217;nin en b&uuml;y&uuml;k online proje bankas\u0131n\u0131 olu\u015fturmak amac\u0131yla <br \/>d&uuml;zenlenen Webstar T&uuml;rkiye yar\u0131\u015fmas\u0131na T&uuml;rkiye&#8217;nin 81 ilinden 2000&#8217;den <br \/>fazla ba\u015fvuru geldi. T&uuml;rkiye&#8217;nin en b&uuml;y&uuml;k 3 kenti \u0130stanbul, Ankara ve <br \/>\u0130zmir yar\u0131\u015fmaya ba\u015fvuru yap\u0131lan iller s\u0131ralamas\u0131nda ilk 3&#8217;e girerken, <br \/>sadece Kilis ili yar\u0131\u015fmaya fikir g&ouml;ndermedi. <\/p>\n<p \/>\n<p \/> \u0130stanbul fikir ba\u015fkenti, Diyarbak\u0131r G&uuml;neydo\u011fu&#8217;nun y\u0131ld\u0131z\u0131 oldu <\/p>\n<p \/> Yar\u0131\u015fman\u0131n web adresi olan www.webstarturkiye.com sitesinde gelen <br \/>ba\u015fvurular\u0131n illere g&ouml;re da\u011f\u0131l\u0131m\u0131n kolayca g&ouml;r&uuml;lmesi i&ccedil;in bir &#8220;T&uuml;rkiye <br \/>Fikir Haritas\u0131&#8221; olu\u015fturuldu. Haritada liderli\u011fi 704 ba\u015fvuruyla <br \/>\u0130stanbul elde ederken, onu 173 ba\u015fvuruyla Ankara ve 149 ba\u015fvuruyla <br \/>\u0130zmir izledi. Karadeniz B&ouml;lgesi&#8217;nden yar\u0131\u015fmaya en &ccedil;ok fikir g&ouml;nderen <br \/>il 21 ba\u015fvuruyla Samsun olurken, Akdeniz&#8217;de 48 ba\u015fvuruyla \u0130&ccedil;el, Do\u011fu <br \/>Anadolu&#8217;da 38 ba\u015fvuruyla Erzurum ve G&uuml;neydo\u011fu Anadolu&#8217;da 21 ba\u015fvuruyla <br \/>Diyarbak\u0131r, \u015fu ana kadar g&ouml;nderilen oylara g&ouml;re b&ouml;lgelerinde <br \/>liderliklerini s&uuml;rd&uuml;r&uuml;yor. <\/p>\n<p \/>\n<p \/> 1&#8217;inciye Turkcell&#8217;den Netbook <\/p>\n<p \/> Webstar&#8217;a T&uuml;rkiye&#8217;nin her yerinden b&uuml;y&uuml;k ilgi g&ouml;sterilmesi, <br \/>sponsorlar\u0131n da ilgisini art\u0131r\u0131rken son olarak yar\u0131\u015fman\u0131n ana <br \/>destek&ccedil;ilerinden Turkcell, finalde 1&#8217;inci gelen projenin sahibine 1 <br \/>Netbook hediye edece\u011fini a&ccedil;\u0131klad\u0131. Yar\u0131\u015fmada 1&#8217;inci olan proje sahibi <br \/>ayr\u0131ca 5000 TL para &ouml;d&uuml;l&uuml; kazan\u0131rken, projesinin &ouml;n y&uuml;z tasar\u0131m\u0131n\u0131 da <br \/>&uuml;cretsiz olarak yapt\u0131rabilecek. \u0130lk 20&#8217;ye kalanlar ise Inovent <br \/>taraf\u0131ndan &uuml;&ccedil; g&uuml;n s&uuml;recek toplam 20 saatlik i\u015f plan\u0131 haz\u0131rlanmas\u0131 ve <br \/>yat\u0131r\u0131mc\u0131 bulma e\u011fitimi alacak. <\/p>\n<p \/>\n<p \/> Devlet, &ouml;zel sekt&ouml;r ve STK&#8217;lar Webstar i&ccedil;in bir araya geldi <\/p>\n<p \/> S&uuml;rekli ya\u015fayan bir platform haline gelerek, 10 binlerce dijital fikir <br \/>ve projenin bir bilgi bankas\u0131nda toplanmas\u0131n\u0131 ve bu sanal fikirleri <br \/>ger&ccedil;e\u011fe d&ouml;n&uuml;\u015ft&uuml;rerek &uuml;lkemize ekonomik de\u011fer katarken, toplumsal <br \/>e-d&ouml;n&uuml;\u015f&uuml;me de katk\u0131 sa\u011flamay\u0131 ama&ccedil;layan Webstar T&uuml;rkiye, devlet <br \/>kurumlar\u0131, &ouml;zel sekt&ouml;r&uuml; ve Sivil Toplum &Ouml;rg&uuml;tleri&#8217;ni bir araya getiren <br \/>bir proje olmas\u0131yla da dikkat &ccedil;ekiyor. <\/p>\n<p \/>\n<p \/> Ula\u015ft\u0131rma Bakanl\u0131\u011f\u0131, Bilgi Teknolojileri ve \u0130leti\u015fim Kurumu, \u0130nternet <br \/>Kurulu, T&uuml;rkiye Bili\u015fim Sanayicileri Derne\u011fi, T&uuml;rkiye Bili\u015fim Derne\u011fi, <br \/>T&uuml;rkiye Odalar ve Borsalar Birli\u011fi, Bah&ccedil;e\u015fehir &Uuml;niversitesi, MMI <br \/>T&uuml;rkiye ve Marketing T&uuml;rkiye Dergisi taraf\u0131ndan d&uuml;zenlenen yar\u0131\u015fmaya <br \/>Turkcell ve Reklamz resmi sponsor olarak kat\u0131l\u0131yor. Ayr\u0131ca, CNNTurk, <br \/>Ericsson, H&uuml;rriyet.com.tr, Webrazzi, beZoone, CNNTurk.com.tr, Code, <br \/>Fida Film, \u0130novent, Mynet, Sadece Hosting, Sporx, Starcom MediaVest, <br \/>Teknosa, Webgiri\u015fim ve Mese \u0130leti\u015fim gibi kurulu\u015flar da Webstar&#8217;\u0131n <br \/>sponsorlar\u0131 aras\u0131nda yer al\u0131yor. <\/p>\n<p \/>\n<p \/> Webstar T&uuml;rkiye&#8217;ye son ba\u015fvuru tarihi 12 Ekim Pazartesi g&uuml;n&uuml; olarak <br \/>a&ccedil;\u0131klan\u0131rken, 15 Ekim Per\u015fembe g&uuml;n&uuml; bas\u0131n mensuplar\u0131na a&ccedil;\u0131k olacak bir <br \/>toplant\u0131da bir araya gelecek &Ouml;n J&uuml;ri yar\u0131\u015fmada finale kalan fikirleri <br \/>se&ccedil;ecek. 27 Ekim Sal\u0131 g&uuml;n&uuml; toplanacak Final J&uuml;risi ise 6 Kas\u0131m Cuma <br \/>g&uuml;n&uuml; d&uuml;zenlenecek t&ouml;rende &ouml;d&uuml;l almaya hak kazanan isimleri <br \/>belirleyecek. <\/p>\n<p \/>\n<p \/> <a href=\"http:\/\/www.webstarturkiye.com\">www.webstarturkiye.com<\/a> <\/p>\n<p \/>\n<p><div class='p_embed p_image_embed'>\n<a href=\"http:\/\/atifunaldi.files.wordpress.com\/2009\/10\/webstar_trkiye_logo1.jpg\"><img loading=\"lazy\" decoding=\"async\" alt=\"Webstar_trkiye_logo\" height=\"483\" src=\"http:\/\/atifunaldi.files.wordpress.com\/2009\/10\/webstar_trkiye_logo1.jpg?w=300\" width=\"500\" \/><\/a><br \/>\n<a href=\"http:\/\/atifunaldi.files.wordpress.com\/2009\/10\/webstar_ilan-scaled-10001.jpg\"><img loading=\"lazy\" decoding=\"async\" alt=\"Webstar_ilan\" height=\"705\" src=\"http:\/\/atifunaldi.files.wordpress.com\/2009\/10\/webstar_ilan-scaled-10001.jpg?w=212\" width=\"500\" \/><\/a><\/p>\n<div class='p_see_full_gallery'><a href=\"http:\/\/atifunaldi.posterous.com\/webstar-turkiyeden-fikir-haritas-ckt\">See the full gallery on Posterous<\/a><\/div>\n<\/div>\n","protected":false},"excerpt":{"rendered":"<p>T&uuml;rkiye&#8217;nin en b&uuml;y&uuml;k dijital fikir yar\u0131\u015fmas\u0131 Webstar T&uuml;rkiye&#8217;ye i&ccedil;in ba\u015fvurular t&uuml;m h\u0131z\u0131yla devam ederken, illerden gelen ba\u015fvuru say\u0131lar\u0131na g&ouml;re T&uuml;rkiye Fikir Haritas\u0131 olu\u015fturuldu. \u015eu ana kadar T&uuml;rkiye&#8217;nin 80 ilinden 2000&#8217;den fazla fikrin kat\u0131ld\u0131\u011f\u0131 yar\u0131\u015famaya sadece&#8230;<\/p>\n","protected":false},"author":2,"featured_media":0,"comment_status":"open","ping_status":"open","sticky":false,"template":"","format":"standard","meta":{"footnotes":""},"categories":[3],"tags":[],"class_list":["post-1607","post","type-post","status-publish","format-standard","hentry","category-blogum"],"yoast_head":"<!-- This site is optimized with the Yoast SEO plugin v26.8 - https:\/\/yoast.com\/product\/yoast-seo-wordpress\/ -->\n<title>Webstar T\u00fcrkiye&#039;den Fikir Haritas\u0131 \u00e7\u0131kt\u0131 - At\u0131f \u00dcnald\u0131<\/title>\n<meta name=\"robots\" content=\"index, follow, max-snippet:-1, max-image-preview:large, max-video-preview:-1\" \/>\n<link rel=\"canonical\" href=\"http:\/\/atif.unaldi.org\/blog\/2009\/10\/09\/webstar-turkiyeden-fikir-haritasi-cikti\/\" \/>\n<meta property=\"og:locale\" content=\"tr_TR\" \/>\n<meta property=\"og:type\" content=\"article\" \/>\n<meta property=\"og:title\" content=\"Webstar T\u00fcrkiye&#039;den Fikir Haritas\u0131 \u00e7\u0131kt\u0131 - At\u0131f \u00dcnald\u0131\" \/>\n<meta property=\"og:description\" content=\"T&uuml;rkiye&#8217;nin en b&uuml;y&uuml;k dijital fikir yar\u0131\u015fmas\u0131 Webstar T&uuml;rkiye&#8217;ye i&ccedil;in ba\u015fvurular t&uuml;m h\u0131z\u0131yla devam ederken, illerden gelen ba\u015fvuru say\u0131lar\u0131na g&ouml;re T&uuml;rkiye Fikir Haritas\u0131 olu\u015fturuldu. \u015eu ana kadar T&uuml;rkiye&#8217;nin 80 ilinden 2000&#8217;den fazla fikrin kat\u0131ld\u0131\u011f\u0131 yar\u0131\u015famaya sadece...\" \/>\n<meta property=\"og:url\" content=\"http:\/\/atif.unaldi.org\/blog\/2009\/10\/09\/webstar-turkiyeden-fikir-haritasi-cikti\/\" \/>\n<meta property=\"og:site_name\" content=\"At\u0131f \u00dcnald\u0131\" \/>\n<meta property=\"article:publisher\" content=\"https:\/\/www.facebook.com\/atifunaldi\" \/>\n<meta property=\"article:author\" content=\"https:\/\/www.facebook.com\/atifunaldi\" \/>\n<meta property=\"article:published_time\" content=\"2009-10-09T11:17:00+00:00\" \/>\n<meta property=\"og:image\" content=\"http:\/\/atifunaldi.files.wordpress.com\/2009\/10\/webstar_trkiye_logo1.jpg?w=300\" \/>\n<meta name=\"author\" content=\"Atif Unaldi\" \/>\n<meta name=\"twitter:card\" content=\"summary_large_image\" \/>\n<meta name=\"twitter:creator\" content=\"@https:\/\/twitter.com\/atifunaldi\" \/>\n<meta name=\"twitter:site\" content=\"@atifunaldi\" \/>\n<meta name=\"twitter:label1\" content=\"Yazan:\" \/>\n\t<meta name=\"twitter:data1\" content=\"Atif Unaldi\" \/>\n\t<meta name=\"twitter:label2\" content=\"Tahmini okuma s\u00fcresi\" \/>\n\t<meta name=\"twitter:data2\" content=\"3 dakika\" \/>\n<script type=\"application\/ld+json\" class=\"yoast-schema-graph\">{\"@context\":\"https:\/\/schema.org\",\"@graph\":[{\"@type\":\"Article\",\"@id\":\"http:\/\/atif.unaldi.org\/blog\/2009\/10\/09\/webstar-turkiyeden-fikir-haritasi-cikti\/#article\",\"isPartOf\":{\"@id\":\"http:\/\/atif.unaldi.org\/blog\/2009\/10\/09\/webstar-turkiyeden-fikir-haritasi-cikti\/\"},\"author\":{\"name\":\"Atif Unaldi\",\"@id\":\"http:\/\/atif.unaldi.org\/blog\/#\/schema\/person\/608ed42ecbda2bc5cfdb767ac1db479b\"},\"headline\":\"Webstar T\u00fcrkiye&#8217;den Fikir Haritas\u0131 \u00e7\u0131kt\u0131\",\"datePublished\":\"2009-10-09T11:17:00+00:00\",\"mainEntityOfPage\":{\"@id\":\"http:\/\/atif.unaldi.org\/blog\/2009\/10\/09\/webstar-turkiyeden-fikir-haritasi-cikti\/\"},\"wordCount\":702,\"commentCount\":0,\"publisher\":{\"@id\":\"http:\/\/atif.unaldi.org\/blog\/#\/schema\/person\/608ed42ecbda2bc5cfdb767ac1db479b\"},\"image\":{\"@id\":\"http:\/\/atif.unaldi.org\/blog\/2009\/10\/09\/webstar-turkiyeden-fikir-haritasi-cikti\/#primaryimage\"},\"thumbnailUrl\":\"http:\/\/atifunaldi.files.wordpress.com\/2009\/10\/webstar_trkiye_logo1.jpg?w=300\",\"articleSection\":[\"Blogum\"],\"inLanguage\":\"tr\",\"potentialAction\":[{\"@type\":\"CommentAction\",\"name\":\"Comment\",\"target\":[\"http:\/\/atif.unaldi.org\/blog\/2009\/10\/09\/webstar-turkiyeden-fikir-haritasi-cikti\/#respond\"]}]},{\"@type\":\"WebPage\",\"@id\":\"http:\/\/atif.unaldi.org\/blog\/2009\/10\/09\/webstar-turkiyeden-fikir-haritasi-cikti\/\",\"url\":\"http:\/\/atif.unaldi.org\/blog\/2009\/10\/09\/webstar-turkiyeden-fikir-haritasi-cikti\/\",\"name\":\"Webstar T\u00fcrkiye'den Fikir Haritas\u0131 \u00e7\u0131kt\u0131 - At\u0131f \u00dcnald\u0131\",\"isPartOf\":{\"@id\":\"http:\/\/atif.unaldi.org\/blog\/#website\"},\"primaryImageOfPage\":{\"@id\":\"http:\/\/atif.unaldi.org\/blog\/2009\/10\/09\/webstar-turkiyeden-fikir-haritasi-cikti\/#primaryimage\"},\"image\":{\"@id\":\"http:\/\/atif.unaldi.org\/blog\/2009\/10\/09\/webstar-turkiyeden-fikir-haritasi-cikti\/#primaryimage\"},\"thumbnailUrl\":\"http:\/\/atifunaldi.files.wordpress.com\/2009\/10\/webstar_trkiye_logo1.jpg?w=300\",\"datePublished\":\"2009-10-09T11:17:00+00:00\",\"breadcrumb\":{\"@id\":\"http:\/\/atif.unaldi.org\/blog\/2009\/10\/09\/webstar-turkiyeden-fikir-haritasi-cikti\/#breadcrumb\"},\"inLanguage\":\"tr\",\"potentialAction\":[{\"@type\":\"ReadAction\",\"target\":[\"http:\/\/atif.unaldi.org\/blog\/2009\/10\/09\/webstar-turkiyeden-fikir-haritasi-cikti\/\"]}]},{\"@type\":\"ImageObject\",\"inLanguage\":\"tr\",\"@id\":\"http:\/\/atif.unaldi.org\/blog\/2009\/10\/09\/webstar-turkiyeden-fikir-haritasi-cikti\/#primaryimage\",\"url\":\"http:\/\/atifunaldi.files.wordpress.com\/2009\/10\/webstar_trkiye_logo1.jpg?w=300\",\"contentUrl\":\"http:\/\/atifunaldi.files.wordpress.com\/2009\/10\/webstar_trkiye_logo1.jpg?w=300\"},{\"@type\":\"BreadcrumbList\",\"@id\":\"http:\/\/atif.unaldi.org\/blog\/2009\/10\/09\/webstar-turkiyeden-fikir-haritasi-cikti\/#breadcrumb\",\"itemListElement\":[{\"@type\":\"ListItem\",\"position\":1,\"name\":\"Anasayfa\",\"item\":\"http:\/\/atif.unaldi.org\/blog\/\"},{\"@type\":\"ListItem\",\"position\":2,\"name\":\"Webstar T\u00fcrkiye&#8217;den Fikir Haritas\u0131 \u00e7\u0131kt\u0131\"}]},{\"@type\":\"WebSite\",\"@id\":\"http:\/\/atif.unaldi.org\/blog\/#website\",\"url\":\"http:\/\/atif.unaldi.org\/blog\/\",\"name\":\"At\u0131f \u00dcnald\u0131\",\"description\":\"Yazar\",\"publisher\":{\"@id\":\"http:\/\/atif.unaldi.org\/blog\/#\/schema\/person\/608ed42ecbda2bc5cfdb767ac1db479b\"},\"alternateName\":\"At\u0131f \u00dcnald\u0131 Blog\",\"potentialAction\":[{\"@type\":\"SearchAction\",\"target\":{\"@type\":\"EntryPoint\",\"urlTemplate\":\"http:\/\/atif.unaldi.org\/blog\/?s={search_term_string}\"},\"query-input\":{\"@type\":\"PropertyValueSpecification\",\"valueRequired\":true,\"valueName\":\"search_term_string\"}}],\"inLanguage\":\"tr\"},{\"@type\":[\"Person\",\"Organization\"],\"@id\":\"http:\/\/atif.unaldi.org\/blog\/#\/schema\/person\/608ed42ecbda2bc5cfdb767ac1db479b\",\"name\":\"Atif Unaldi\",\"image\":{\"@type\":\"ImageObject\",\"inLanguage\":\"tr\",\"@id\":\"http:\/\/atif.unaldi.org\/blog\/#\/schema\/person\/image\/\",\"url\":\"http:\/\/atif.unaldi.org\/blog\/wp-content\/uploads\/2022\/10\/cropped-a94e8f7a-67c4-4d65-8a5f-032ba784be53-2.jpg\",\"contentUrl\":\"http:\/\/atif.unaldi.org\/blog\/wp-content\/uploads\/2022\/10\/cropped-a94e8f7a-67c4-4d65-8a5f-032ba784be53-2.jpg\",\"width\":512,\"height\":512,\"caption\":\"Atif Unaldi\"},\"logo\":{\"@id\":\"http:\/\/atif.unaldi.org\/blog\/#\/schema\/person\/image\/\"},\"description\":\"Bo\u011fazi\u00e7i \u00dcniversitesinde Fizik B\u00f6l\u00fcm\u00fc\u2019nde e\u011fitim ald\u0131\u011f\u0131 y\u0131llarda T\u00fcrkiye\u2019de ilk kez iki bilgisayar\u0131 telefon hatlar\u0131 \u00fczerinden konu\u015fturan BBS sistemini kurarak, T\u00fcrkiye\u2019deki ilk internet a\u011f\u0131n\u0131 olu\u015fturmu\u015ftur. Bir \u00e7ok radyo ve televizyonda program yap\u0131mc\u0131l\u0131\u011f\u0131 ve sunuculu\u011funu, bir \u00e7ok teknoloji dergisinde k\u00f6\u015fe yazarl\u0131\u011f\u0131, bili\u015fim edit\u00f6rl\u00fc\u011f\u00fc ve genel yay\u0131n y\u00f6netmenli\u011fi yapt\u0131. T\u00fcrkiye\u2019deki ilk internet servis sa\u011flay\u0131c\u0131s\u0131n\u0131n genel m\u00fcd\u00fcrl\u00fc\u011f\u00fcn\u00fc \u00fcstlendi. Bir \u00e7ok organizasyon ve kurulu\u015fta internet s\u00fcperviz\u00f6rl\u00fc\u011f\u00fc , webmaster\u2019l\u0131\u011f\u0131 , IT direkt\u00f6rl\u00fc\u011f\u00fc ve dijital projeler koordinat\u00f6rl\u00fc\u011f\u00fc g\u00f6revlerinde bulundu. Farkl\u0131 \u00fcniversitelerin farkl\u0131 fak\u00fcltelerinde \u00f6\u011fretim g\u00f6revlisi olarak bulunmu\u015f olan \u00dcnald\u0131; \u015fu an teknoloji ve pazarlama konular\u0131 ba\u015fta olmak \u00fczere bir\u00e7ok alanda hizmet veren Unaldi Consultancy\u2019nin kurucusudur. \\u2028Selin \u00dcnald\u0131 ile evlidir. Su ve Toprak isminde iki \u00e7ocu\u011fu vard\u0131r.\",\"sameAs\":[\"http:\/\/atif.unaldi.org\/blog\",\"https:\/\/www.facebook.com\/atifunaldi\",\"https:\/\/www.instagram.com\/atifunaldi\/\",\"https:\/\/www.linkedin.com\/in\/atifunaldi\",\"https:\/\/x.com\/https:\/\/twitter.com\/atifunaldi\",\"https:\/\/www.youtube.com\/c\/atifunaldi\",\"https:\/\/soundcloud.com\/atif-unaldi\",\"https:\/\/atifunaldi.tumblr.com\"],\"url\":\"http:\/\/atif.unaldi.org\/blog\/author\/atifunaldi\/\"}]}<\/script>\n<!-- \/ Yoast SEO plugin. -->","yoast_head_json":{"title":"Webstar T\u00fcrkiye'den Fikir Haritas\u0131 \u00e7\u0131kt\u0131 - At\u0131f \u00dcnald\u0131","robots":{"index":"index","follow":"follow","max-snippet":"max-snippet:-1","max-image-preview":"max-image-preview:large","max-video-preview":"max-video-preview:-1"},"canonical":"http:\/\/atif.unaldi.org\/blog\/2009\/10\/09\/webstar-turkiyeden-fikir-haritasi-cikti\/","og_locale":"tr_TR","og_type":"article","og_title":"Webstar T\u00fcrkiye'den Fikir Haritas\u0131 \u00e7\u0131kt\u0131 - At\u0131f \u00dcnald\u0131","og_description":"T&uuml;rkiye&#8217;nin en b&uuml;y&uuml;k dijital fikir yar\u0131\u015fmas\u0131 Webstar T&uuml;rkiye&#8217;ye i&ccedil;in ba\u015fvurular t&uuml;m h\u0131z\u0131yla devam ederken, illerden gelen ba\u015fvuru say\u0131lar\u0131na g&ouml;re T&uuml;rkiye Fikir Haritas\u0131 olu\u015fturuldu. \u015eu ana kadar T&uuml;rkiye&#8217;nin 80 ilinden 2000&#8217;den fazla fikrin kat\u0131ld\u0131\u011f\u0131 yar\u0131\u015famaya sadece...","og_url":"http:\/\/atif.unaldi.org\/blog\/2009\/10\/09\/webstar-turkiyeden-fikir-haritasi-cikti\/","og_site_name":"At\u0131f \u00dcnald\u0131","article_publisher":"https:\/\/www.facebook.com\/atifunaldi","article_author":"https:\/\/www.facebook.com\/atifunaldi","article_published_time":"2009-10-09T11:17:00+00:00","og_image":[{"url":"http:\/\/atifunaldi.files.wordpress.com\/2009\/10\/webstar_trkiye_logo1.jpg?w=300","type":"","width":"","height":""}],"author":"Atif Unaldi","twitter_card":"summary_large_image","twitter_creator":"@https:\/\/twitter.com\/atifunaldi","twitter_site":"@atifunaldi","twitter_misc":{"Yazan:":"Atif Unaldi","Tahmini okuma s\u00fcresi":"3 dakika"},"schema":{"@context":"https:\/\/schema.org","@graph":[{"@type":"Article","@id":"http:\/\/atif.unaldi.org\/blog\/2009\/10\/09\/webstar-turkiyeden-fikir-haritasi-cikti\/#article","isPartOf":{"@id":"http:\/\/atif.unaldi.org\/blog\/2009\/10\/09\/webstar-turkiyeden-fikir-haritasi-cikti\/"},"author":{"name":"Atif Unaldi","@id":"http:\/\/atif.unaldi.org\/blog\/#\/schema\/person\/608ed42ecbda2bc5cfdb767ac1db479b"},"headline":"Webstar T\u00fcrkiye&#8217;den Fikir Haritas\u0131 \u00e7\u0131kt\u0131","datePublished":"2009-10-09T11:17:00+00:00","mainEntityOfPage":{"@id":"http:\/\/atif.unaldi.org\/blog\/2009\/10\/09\/webstar-turkiyeden-fikir-haritasi-cikti\/"},"wordCount":702,"commentCount":0,"publisher":{"@id":"http:\/\/atif.unaldi.org\/blog\/#\/schema\/person\/608ed42ecbda2bc5cfdb767ac1db479b"},"image":{"@id":"http:\/\/atif.unaldi.org\/blog\/2009\/10\/09\/webstar-turkiyeden-fikir-haritasi-cikti\/#primaryimage"},"thumbnailUrl":"http:\/\/atifunaldi.files.wordpress.com\/2009\/10\/webstar_trkiye_logo1.jpg?w=300","articleSection":["Blogum"],"inLanguage":"tr","potentialAction":[{"@type":"CommentAction","name":"Comment","target":["http:\/\/atif.unaldi.org\/blog\/2009\/10\/09\/webstar-turkiyeden-fikir-haritasi-cikti\/#respond"]}]},{"@type":"WebPage","@id":"http:\/\/atif.unaldi.org\/blog\/2009\/10\/09\/webstar-turkiyeden-fikir-haritasi-cikti\/","url":"http:\/\/atif.unaldi.org\/blog\/2009\/10\/09\/webstar-turkiyeden-fikir-haritasi-cikti\/","name":"Webstar T\u00fcrkiye'den Fikir Haritas\u0131 \u00e7\u0131kt\u0131 - At\u0131f \u00dcnald\u0131","isPartOf":{"@id":"http:\/\/atif.unaldi.org\/blog\/#website"},"primaryImageOfPage":{"@id":"http:\/\/atif.unaldi.org\/blog\/2009\/10\/09\/webstar-turkiyeden-fikir-haritasi-cikti\/#primaryimage"},"image":{"@id":"http:\/\/atif.unaldi.org\/blog\/2009\/10\/09\/webstar-turkiyeden-fikir-haritasi-cikti\/#primaryimage"},"thumbnailUrl":"http:\/\/atifunaldi.files.wordpress.com\/2009\/10\/webstar_trkiye_logo1.jpg?w=300","datePublished":"2009-10-09T11:17:00+00:00","breadcrumb":{"@id":"http:\/\/atif.unaldi.org\/blog\/2009\/10\/09\/webstar-turkiyeden-fikir-haritasi-cikti\/#breadcrumb"},"inLanguage":"tr","potentialAction":[{"@type":"ReadAction","target":["http:\/\/atif.unaldi.org\/blog\/2009\/10\/09\/webstar-turkiyeden-fikir-haritasi-cikti\/"]}]},{"@type":"ImageObject","inLanguage":"tr","@id":"http:\/\/atif.unaldi.org\/blog\/2009\/10\/09\/webstar-turkiyeden-fikir-haritasi-cikti\/#primaryimage","url":"http:\/\/atifunaldi.files.wordpress.com\/2009\/10\/webstar_trkiye_logo1.jpg?w=300","contentUrl":"http:\/\/atifunaldi.files.wordpress.com\/2009\/10\/webstar_trkiye_logo1.jpg?w=300"},{"@type":"BreadcrumbList","@id":"http:\/\/atif.unaldi.org\/blog\/2009\/10\/09\/webstar-turkiyeden-fikir-haritasi-cikti\/#breadcrumb","itemListElement":[{"@type":"ListItem","position":1,"name":"Anasayfa","item":"http:\/\/atif.unaldi.org\/blog\/"},{"@type":"ListItem","position":2,"name":"Webstar T\u00fcrkiye&#8217;den Fikir Haritas\u0131 \u00e7\u0131kt\u0131"}]},{"@type":"WebSite","@id":"http:\/\/atif.unaldi.org\/blog\/#website","url":"http:\/\/atif.unaldi.org\/blog\/","name":"At\u0131f \u00dcnald\u0131","description":"Yazar","publisher":{"@id":"http:\/\/atif.unaldi.org\/blog\/#\/schema\/person\/608ed42ecbda2bc5cfdb767ac1db479b"},"alternateName":"At\u0131f \u00dcnald\u0131 Blog","potentialAction":[{"@type":"SearchAction","target":{"@type":"EntryPoint","urlTemplate":"http:\/\/atif.unaldi.org\/blog\/?s={search_term_string}"},"query-input":{"@type":"PropertyValueSpecification","valueRequired":true,"valueName":"search_term_string"}}],"inLanguage":"tr"},{"@type":["Person","Organization"],"@id":"http:\/\/atif.unaldi.org\/blog\/#\/schema\/person\/608ed42ecbda2bc5cfdb767ac1db479b","name":"Atif Unaldi","image":{"@type":"ImageObject","inLanguage":"tr","@id":"http:\/\/atif.unaldi.org\/blog\/#\/schema\/person\/image\/","url":"http:\/\/atif.unaldi.org\/blog\/wp-content\/uploads\/2022\/10\/cropped-a94e8f7a-67c4-4d65-8a5f-032ba784be53-2.jpg","contentUrl":"http:\/\/atif.unaldi.org\/blog\/wp-content\/uploads\/2022\/10\/cropped-a94e8f7a-67c4-4d65-8a5f-032ba784be53-2.jpg","width":512,"height":512,"caption":"Atif Unaldi"},"logo":{"@id":"http:\/\/atif.unaldi.org\/blog\/#\/schema\/person\/image\/"},"description":"Bo\u011fazi\u00e7i \u00dcniversitesinde Fizik B\u00f6l\u00fcm\u00fc\u2019nde e\u011fitim ald\u0131\u011f\u0131 y\u0131llarda T\u00fcrkiye\u2019de ilk kez iki bilgisayar\u0131 telefon hatlar\u0131 \u00fczerinden konu\u015fturan BBS sistemini kurarak, T\u00fcrkiye\u2019deki ilk internet a\u011f\u0131n\u0131 olu\u015fturmu\u015ftur. Bir \u00e7ok radyo ve televizyonda program yap\u0131mc\u0131l\u0131\u011f\u0131 ve sunuculu\u011funu, bir \u00e7ok teknoloji dergisinde k\u00f6\u015fe yazarl\u0131\u011f\u0131, bili\u015fim edit\u00f6rl\u00fc\u011f\u00fc ve genel yay\u0131n y\u00f6netmenli\u011fi yapt\u0131. T\u00fcrkiye\u2019deki ilk internet servis sa\u011flay\u0131c\u0131s\u0131n\u0131n genel m\u00fcd\u00fcrl\u00fc\u011f\u00fcn\u00fc \u00fcstlendi. Bir \u00e7ok organizasyon ve kurulu\u015fta internet s\u00fcperviz\u00f6rl\u00fc\u011f\u00fc , webmaster\u2019l\u0131\u011f\u0131 , IT direkt\u00f6rl\u00fc\u011f\u00fc ve dijital projeler koordinat\u00f6rl\u00fc\u011f\u00fc g\u00f6revlerinde bulundu. Farkl\u0131 \u00fcniversitelerin farkl\u0131 fak\u00fcltelerinde \u00f6\u011fretim g\u00f6revlisi olarak bulunmu\u015f olan \u00dcnald\u0131; \u015fu an teknoloji ve pazarlama konular\u0131 ba\u015fta olmak \u00fczere bir\u00e7ok alanda hizmet veren Unaldi Consultancy\u2019nin kurucusudur. \u2028Selin \u00dcnald\u0131 ile evlidir. Su ve Toprak isminde iki \u00e7ocu\u011fu vard\u0131r.","sameAs":["http:\/\/atif.unaldi.org\/blog","https:\/\/www.facebook.com\/atifunaldi","https:\/\/www.instagram.com\/atifunaldi\/","https:\/\/www.linkedin.com\/in\/atifunaldi","https:\/\/x.com\/https:\/\/twitter.com\/atifunaldi","https:\/\/www.youtube.com\/c\/atifunaldi","https:\/\/soundcloud.com\/atif-unaldi","https:\/\/atifunaldi.tumblr.com"],"url":"http:\/\/atif.unaldi.org\/blog\/author\/atifunaldi\/"}]}},"jetpack_featured_media_url":"","_links":{"self":[{"href":"http:\/\/atif.unaldi.org\/blog\/wp-json\/wp\/v2\/posts\/1607","targetHints":{"allow":["GET"]}}],"collection":[{"href":"http:\/\/atif.unaldi.org\/blog\/wp-json\/wp\/v2\/posts"}],"about":[{"href":"http:\/\/atif.unaldi.org\/blog\/wp-json\/wp\/v2\/types\/post"}],"author":[{"embeddable":true,"href":"http:\/\/atif.unaldi.org\/blog\/wp-json\/wp\/v2\/users\/2"}],"replies":[{"embeddable":true,"href":"http:\/\/atif.unaldi.org\/blog\/wp-json\/wp\/v2\/comments?post=1607"}],"version-history":[{"count":0,"href":"http:\/\/atif.unaldi.org\/blog\/wp-json\/wp\/v2\/posts\/1607\/revisions"}],"wp:attachment":[{"href":"http:\/\/atif.unaldi.org\/blog\/wp-json\/wp\/v2\/media?parent=1607"}],"wp:term":[{"taxonomy":"category","embeddable":true,"href":"http:\/\/atif.unaldi.org\/blog\/wp-json\/wp\/v2\/categories?post=1607"},{"taxonomy":"post_tag","embeddable":true,"href":"http:\/\/atif.unaldi.org\/blog\/wp-json\/wp\/v2\/tags?post=1607"}],"curies":[{"name":"wp","href":"https:\/\/api.w.org\/{rel}","templated":true}]}}