{"id":1608,"date":"2009-10-09T11:21:30","date_gmt":"2009-10-09T11:21:30","guid":{"rendered":"http:\/\/haberler.atifunaldi.info\/2009\/10\/09\/bell-laboratuvarlarina-yedinci-nobel-odulu"},"modified":"2009-10-09T11:21:30","modified_gmt":"2009-10-09T11:21:30","slug":"bell-laboratuvarlarina-yedinci-nobel-odulu","status":"publish","type":"post","link":"http:\/\/atif.unaldi.org\/blog\/2009\/10\/09\/bell-laboratuvarlarina-yedinci-nobel-odulu\/","title":{"rendered":"Bell Laboratuvarlar\u0131&#8217;na yedinci Nobel \u00d6d\u00fcl\u00fc"},"content":{"rendered":"<p>Bilimadamlar\u0131, geli\u015ftirdikleri \u00e7ift \u015farjl\u0131 cihazla (charge-coupled <br \/>device &#8211; CCD) \u00f6d\u00fcle lay\u0131k g\u00f6r\u00fcld\u00fcler. Bu teknoloji, farkl\u0131 \u0131\u015f\u0131k <br \/>yap\u0131lar\u0131n\u0131 yararl\u0131 dijital bilgiye d\u00f6n\u00fc\u015ft\u00fcr\u00fcyor ve pek \u00e7ok modern <br \/>dijital g\u00f6r\u00fcnt\u00fcleme uygulamas\u0131n\u0131n temelini olu\u015fturuyor. <\/p>\n<p \/> Boyle ve Smith&#8217;e verilen \u00f6d\u00fcl, Bell Laboratuvarlar\u0131&#8217;n\u0131n yedinci Nobel <br \/>\u00d6d\u00fcl\u00fc oldu. Bu \u00f6d\u00fclle birlikte, Nobel \u00d6d\u00fcl\u00fc alan Bell Laboratuvarlar\u0131 <br \/>ara\u015ft\u0131rmac\u0131lar\u0131n\u0131n say\u0131s\u0131 13&#8217;e y\u00fckseldi. <\/p>\n<p \/> Madeni para b\u00fcy\u00fckl\u00fc\u011f\u00fcndeki CCD, icat edildi\u011fi tarihten bu yana, <br \/>yepyeni sekt\u00f6r ve pazarlar yaratt\u0131. Halihaz\u0131rda, dijital foto\u011fraf <br \/>makineleri, video kameralar ve barkod okuyucular\u0131 dahil \u00e7ok geni\u015f bir <br \/>yelpazede kullan\u0131l\u0131yor. Ayr\u0131ca, g\u00fcvenlik takibi, medikal endoskopi, <br \/>modern astronomi ve video konferans gibi alanlarda da bu cihazdan <br \/>yararlan\u0131l\u0131yor. <\/p>\n<p \/> Bell Laboratuvarlar\u0131 Ba\u015fkan\u0131 Jeong Kim, konu hakk\u0131nda \u015funlar\u0131 <br \/>s\u00f6yl\u00fcyor: &#8220;Willard Boyle ve George Smith&#8217;in ba\u015far\u0131s\u0131ndan gurur <br \/>duyuyoruz; yapt\u0131klar\u0131 yenili\u011fin, i\u00e7inde ya\u015fad\u0131\u011f\u0131m\u0131z d\u00fcnyaya etkisi <br \/>b\u00fcy\u00fck. Bell Laboratuvarlar\u0131&#8217;n\u0131 en iyi y\u00f6n\u00fcyle temsil ediyorlar. <br \/>Kurumumuz, ileti\u015fim bi\u00e7imlerini d\u00f6n\u00fc\u015ft\u00fcrmeye odakl\u0131, d\u00fcnya \u00e7ap\u0131nda <br \/>ara\u015ft\u0131rmalar yap\u0131yor. Bu ruh, ba\u015fka bir deyi\u015fle pek \u00e7ok disiplin ve <br \/>bak\u0131\u015f a\u00e7\u0131s\u0131n\u0131n \u00f6nemli i\u015fler yapmak \u00fczere bir araya geldi\u011fi bir ortamda <br \/>fikri \u00f6zg\u00fcrl\u00fck yakla\u015f\u0131m\u0131, Bell Laboratuvarlar\u0131&#8217;n\u0131n kalbinde ya\u015famay\u0131 <br \/>s\u00fcrd\u00fcr\u00fcyor. Ayn\u0131 zamanda, fiber optik alan\u0131ndaki \u00e7al\u0131\u015fmalar\u0131yla <br \/>ileti\u015fim sekt\u00f6r\u00fcne kal\u0131c\u0131 katk\u0131larda bulunan ve bug\u00fcn yararland\u0131\u011f\u0131m\u0131z <br \/>pek \u00e7ok hizmeti m\u00fcmk\u00fcn k\u0131lan Charles Kao&#8217;yu da tebrik etmek <br \/>istiyoruz.&#8221; <\/p>\n<p \/> Bell Laboratuvarlar\u0131&#8217;nda Yar\u0131iletken Bile\u015fenler Birimi&#8217;nde g\u00f6rev yapan <br \/>Boyle ve Smith, CDD \u00fczerindeki ufuk a\u00e7\u0131c\u0131 \u00e7al\u0131\u015fmalar\u0131na 1969 y\u0131l\u0131nda <br \/>ba\u015flad\u0131lar. Dr. Boyle, 1953-1979 aras\u0131nda, optik ve uydu ileti\u015fimi, <br \/>dijital ve kuantum elektroni\u011fi, bilgi i\u015flem ve radyo astronomisi <br \/>alan\u0131nda ara\u015ft\u0131rmalar yapt\u0131. Ayr\u0131ca, 1969 y\u0131l\u0131nda Apollo&#8217;nun Ay&#8217;a ilk <br \/>ini\u015fini ger\u00e7ekle\u015ftirece\u011fi yerin belirlenmesinde NASA&#8217;ya yard\u0131mc\u0131 olan <br \/>bilimsel ekipte yer ald\u0131. Dr. Smith ise 1959-1986 aras\u0131nda Bell <br \/>Laboratuvarlar\u0131&#8217;nda ara\u015ft\u0131rmalar yapt\u0131. Bu s\u00fcrecin \u00f6nemli bir <br \/>b\u00f6l\u00fcm\u00fcnde, yeni lazerler ve di\u011fer yar\u0131iletken cihazlar\u0131n yarat\u0131lmas\u0131n\u0131 <br \/>hedefleyen ara\u015ft\u0131rmalar\u0131 y\u00f6netti.<\/p>\n","protected":false},"excerpt":{"rendered":"<p>Bilimadamlar\u0131, geli\u015ftirdikleri \u00e7ift \u015farjl\u0131 cihazla (charge-coupled device &#8211; CCD) \u00f6d\u00fcle lay\u0131k g\u00f6r\u00fcld\u00fcler. Bu teknoloji, farkl\u0131 \u0131\u015f\u0131k yap\u0131lar\u0131n\u0131 yararl\u0131 dijital bilgiye d\u00f6n\u00fc\u015ft\u00fcr\u00fcyor ve pek \u00e7ok modern dijital g\u00f6r\u00fcnt\u00fcleme uygulamas\u0131n\u0131n temelini olu\u015fturuyor. Boyle ve Smith&#8217;e verilen \u00f6d\u00fcl,&#8230;<\/p>\n","protected":false},"author":2,"featured_media":0,"comment_status":"open","ping_status":"open","sticky":false,"template":"","format":"standard","meta":{"footnotes":""},"categories":[3],"tags":[],"class_list":["post-1608","post","type-post","status-publish","format-standard","hentry","category-blogum"],"yoast_head":"<!-- This site is optimized with the Yoast SEO plugin v26.8 - https:\/\/yoast.com\/product\/yoast-seo-wordpress\/ -->\n<title>Bell Laboratuvarlar\u0131&#039;na yedinci Nobel \u00d6d\u00fcl\u00fc - At\u0131f \u00dcnald\u0131<\/title>\n<meta name=\"robots\" content=\"index, follow, max-snippet:-1, max-image-preview:large, max-video-preview:-1\" \/>\n<link rel=\"canonical\" href=\"http:\/\/atif.unaldi.org\/blog\/2009\/10\/09\/bell-laboratuvarlarina-yedinci-nobel-odulu\/\" \/>\n<meta property=\"og:locale\" content=\"tr_TR\" \/>\n<meta property=\"og:type\" content=\"article\" \/>\n<meta property=\"og:title\" content=\"Bell Laboratuvarlar\u0131&#039;na yedinci Nobel \u00d6d\u00fcl\u00fc - At\u0131f \u00dcnald\u0131\" \/>\n<meta property=\"og:description\" content=\"Bilimadamlar\u0131, geli\u015ftirdikleri \u00e7ift \u015farjl\u0131 cihazla (charge-coupled device &#8211; CCD) \u00f6d\u00fcle lay\u0131k g\u00f6r\u00fcld\u00fcler. Bu teknoloji, farkl\u0131 \u0131\u015f\u0131k yap\u0131lar\u0131n\u0131 yararl\u0131 dijital bilgiye d\u00f6n\u00fc\u015ft\u00fcr\u00fcyor ve pek \u00e7ok modern dijital g\u00f6r\u00fcnt\u00fcleme uygulamas\u0131n\u0131n temelini olu\u015fturuyor. Boyle ve Smith&#8217;e verilen \u00f6d\u00fcl,...\" \/>\n<meta property=\"og:url\" content=\"http:\/\/atif.unaldi.org\/blog\/2009\/10\/09\/bell-laboratuvarlarina-yedinci-nobel-odulu\/\" \/>\n<meta property=\"og:site_name\" content=\"At\u0131f \u00dcnald\u0131\" \/>\n<meta property=\"article:publisher\" content=\"https:\/\/www.facebook.com\/atifunaldi\" \/>\n<meta property=\"article:author\" content=\"https:\/\/www.facebook.com\/atifunaldi\" \/>\n<meta property=\"article:published_time\" content=\"2009-10-09T11:21:30+00:00\" \/>\n<meta name=\"author\" content=\"Atif Unaldi\" \/>\n<meta name=\"twitter:card\" content=\"summary_large_image\" \/>\n<meta name=\"twitter:creator\" content=\"@https:\/\/twitter.com\/atifunaldi\" \/>\n<meta name=\"twitter:site\" content=\"@atifunaldi\" \/>\n<meta name=\"twitter:label1\" content=\"Yazan:\" \/>\n\t<meta name=\"twitter:data1\" content=\"Atif Unaldi\" \/>\n\t<meta name=\"twitter:label2\" content=\"Tahmini okuma s\u00fcresi\" \/>\n\t<meta name=\"twitter:data2\" content=\"2 dakika\" \/>\n<script type=\"application\/ld+json\" class=\"yoast-schema-graph\">{\"@context\":\"https:\/\/schema.org\",\"@graph\":[{\"@type\":\"Article\",\"@id\":\"http:\/\/atif.unaldi.org\/blog\/2009\/10\/09\/bell-laboratuvarlarina-yedinci-nobel-odulu\/#article\",\"isPartOf\":{\"@id\":\"http:\/\/atif.unaldi.org\/blog\/2009\/10\/09\/bell-laboratuvarlarina-yedinci-nobel-odulu\/\"},\"author\":{\"name\":\"Atif Unaldi\",\"@id\":\"http:\/\/atif.unaldi.org\/blog\/#\/schema\/person\/608ed42ecbda2bc5cfdb767ac1db479b\"},\"headline\":\"Bell Laboratuvarlar\u0131&#8217;na yedinci Nobel \u00d6d\u00fcl\u00fc\",\"datePublished\":\"2009-10-09T11:21:30+00:00\",\"mainEntityOfPage\":{\"@id\":\"http:\/\/atif.unaldi.org\/blog\/2009\/10\/09\/bell-laboratuvarlarina-yedinci-nobel-odulu\/\"},\"wordCount\":420,\"commentCount\":0,\"publisher\":{\"@id\":\"http:\/\/atif.unaldi.org\/blog\/#\/schema\/person\/608ed42ecbda2bc5cfdb767ac1db479b\"},\"articleSection\":[\"Blogum\"],\"inLanguage\":\"tr\",\"potentialAction\":[{\"@type\":\"CommentAction\",\"name\":\"Comment\",\"target\":[\"http:\/\/atif.unaldi.org\/blog\/2009\/10\/09\/bell-laboratuvarlarina-yedinci-nobel-odulu\/#respond\"]}]},{\"@type\":\"WebPage\",\"@id\":\"http:\/\/atif.unaldi.org\/blog\/2009\/10\/09\/bell-laboratuvarlarina-yedinci-nobel-odulu\/\",\"url\":\"http:\/\/atif.unaldi.org\/blog\/2009\/10\/09\/bell-laboratuvarlarina-yedinci-nobel-odulu\/\",\"name\":\"Bell Laboratuvarlar\u0131'na yedinci Nobel \u00d6d\u00fcl\u00fc - At\u0131f \u00dcnald\u0131\",\"isPartOf\":{\"@id\":\"http:\/\/atif.unaldi.org\/blog\/#website\"},\"datePublished\":\"2009-10-09T11:21:30+00:00\",\"breadcrumb\":{\"@id\":\"http:\/\/atif.unaldi.org\/blog\/2009\/10\/09\/bell-laboratuvarlarina-yedinci-nobel-odulu\/#breadcrumb\"},\"inLanguage\":\"tr\",\"potentialAction\":[{\"@type\":\"ReadAction\",\"target\":[\"http:\/\/atif.unaldi.org\/blog\/2009\/10\/09\/bell-laboratuvarlarina-yedinci-nobel-odulu\/\"]}]},{\"@type\":\"BreadcrumbList\",\"@id\":\"http:\/\/atif.unaldi.org\/blog\/2009\/10\/09\/bell-laboratuvarlarina-yedinci-nobel-odulu\/#breadcrumb\",\"itemListElement\":[{\"@type\":\"ListItem\",\"position\":1,\"name\":\"Anasayfa\",\"item\":\"http:\/\/atif.unaldi.org\/blog\/\"},{\"@type\":\"ListItem\",\"position\":2,\"name\":\"Bell Laboratuvarlar\u0131&#8217;na yedinci Nobel \u00d6d\u00fcl\u00fc\"}]},{\"@type\":\"WebSite\",\"@id\":\"http:\/\/atif.unaldi.org\/blog\/#website\",\"url\":\"http:\/\/atif.unaldi.org\/blog\/\",\"name\":\"At\u0131f \u00dcnald\u0131\",\"description\":\"Yazar\",\"publisher\":{\"@id\":\"http:\/\/atif.unaldi.org\/blog\/#\/schema\/person\/608ed42ecbda2bc5cfdb767ac1db479b\"},\"alternateName\":\"At\u0131f \u00dcnald\u0131 Blog\",\"potentialAction\":[{\"@type\":\"SearchAction\",\"target\":{\"@type\":\"EntryPoint\",\"urlTemplate\":\"http:\/\/atif.unaldi.org\/blog\/?s={search_term_string}\"},\"query-input\":{\"@type\":\"PropertyValueSpecification\",\"valueRequired\":true,\"valueName\":\"search_term_string\"}}],\"inLanguage\":\"tr\"},{\"@type\":[\"Person\",\"Organization\"],\"@id\":\"http:\/\/atif.unaldi.org\/blog\/#\/schema\/person\/608ed42ecbda2bc5cfdb767ac1db479b\",\"name\":\"Atif Unaldi\",\"image\":{\"@type\":\"ImageObject\",\"inLanguage\":\"tr\",\"@id\":\"http:\/\/atif.unaldi.org\/blog\/#\/schema\/person\/image\/\",\"url\":\"http:\/\/atif.unaldi.org\/blog\/wp-content\/uploads\/2022\/10\/cropped-a94e8f7a-67c4-4d65-8a5f-032ba784be53-2.jpg\",\"contentUrl\":\"http:\/\/atif.unaldi.org\/blog\/wp-content\/uploads\/2022\/10\/cropped-a94e8f7a-67c4-4d65-8a5f-032ba784be53-2.jpg\",\"width\":512,\"height\":512,\"caption\":\"Atif Unaldi\"},\"logo\":{\"@id\":\"http:\/\/atif.unaldi.org\/blog\/#\/schema\/person\/image\/\"},\"description\":\"Bo\u011fazi\u00e7i \u00dcniversitesinde Fizik B\u00f6l\u00fcm\u00fc\u2019nde e\u011fitim ald\u0131\u011f\u0131 y\u0131llarda T\u00fcrkiye\u2019de ilk kez iki bilgisayar\u0131 telefon hatlar\u0131 \u00fczerinden konu\u015fturan BBS sistemini kurarak, T\u00fcrkiye\u2019deki ilk internet a\u011f\u0131n\u0131 olu\u015fturmu\u015ftur. Bir \u00e7ok radyo ve televizyonda program yap\u0131mc\u0131l\u0131\u011f\u0131 ve sunuculu\u011funu, bir \u00e7ok teknoloji dergisinde k\u00f6\u015fe yazarl\u0131\u011f\u0131, bili\u015fim edit\u00f6rl\u00fc\u011f\u00fc ve genel yay\u0131n y\u00f6netmenli\u011fi yapt\u0131. T\u00fcrkiye\u2019deki ilk internet servis sa\u011flay\u0131c\u0131s\u0131n\u0131n genel m\u00fcd\u00fcrl\u00fc\u011f\u00fcn\u00fc \u00fcstlendi. Bir \u00e7ok organizasyon ve kurulu\u015fta internet s\u00fcperviz\u00f6rl\u00fc\u011f\u00fc , webmaster\u2019l\u0131\u011f\u0131 , IT direkt\u00f6rl\u00fc\u011f\u00fc ve dijital projeler koordinat\u00f6rl\u00fc\u011f\u00fc g\u00f6revlerinde bulundu. Farkl\u0131 \u00fcniversitelerin farkl\u0131 fak\u00fcltelerinde \u00f6\u011fretim g\u00f6revlisi olarak bulunmu\u015f olan \u00dcnald\u0131; \u015fu an teknoloji ve pazarlama konular\u0131 ba\u015fta olmak \u00fczere bir\u00e7ok alanda hizmet veren Unaldi Consultancy\u2019nin kurucusudur. \\u2028Selin \u00dcnald\u0131 ile evlidir. Su ve Toprak isminde iki \u00e7ocu\u011fu vard\u0131r.\",\"sameAs\":[\"http:\/\/atif.unaldi.org\/blog\",\"https:\/\/www.facebook.com\/atifunaldi\",\"https:\/\/www.instagram.com\/atifunaldi\/\",\"https:\/\/www.linkedin.com\/in\/atifunaldi\",\"https:\/\/x.com\/https:\/\/twitter.com\/atifunaldi\",\"https:\/\/www.youtube.com\/c\/atifunaldi\",\"https:\/\/soundcloud.com\/atif-unaldi\",\"https:\/\/atifunaldi.tumblr.com\"],\"url\":\"http:\/\/atif.unaldi.org\/blog\/author\/atifunaldi\/\"}]}<\/script>\n<!-- \/ Yoast SEO plugin. -->","yoast_head_json":{"title":"Bell Laboratuvarlar\u0131'na yedinci Nobel \u00d6d\u00fcl\u00fc - At\u0131f \u00dcnald\u0131","robots":{"index":"index","follow":"follow","max-snippet":"max-snippet:-1","max-image-preview":"max-image-preview:large","max-video-preview":"max-video-preview:-1"},"canonical":"http:\/\/atif.unaldi.org\/blog\/2009\/10\/09\/bell-laboratuvarlarina-yedinci-nobel-odulu\/","og_locale":"tr_TR","og_type":"article","og_title":"Bell Laboratuvarlar\u0131'na yedinci Nobel \u00d6d\u00fcl\u00fc - At\u0131f \u00dcnald\u0131","og_description":"Bilimadamlar\u0131, geli\u015ftirdikleri \u00e7ift \u015farjl\u0131 cihazla (charge-coupled device &#8211; CCD) \u00f6d\u00fcle lay\u0131k g\u00f6r\u00fcld\u00fcler. Bu teknoloji, farkl\u0131 \u0131\u015f\u0131k yap\u0131lar\u0131n\u0131 yararl\u0131 dijital bilgiye d\u00f6n\u00fc\u015ft\u00fcr\u00fcyor ve pek \u00e7ok modern dijital g\u00f6r\u00fcnt\u00fcleme uygulamas\u0131n\u0131n temelini olu\u015fturuyor. Boyle ve Smith&#8217;e verilen \u00f6d\u00fcl,...","og_url":"http:\/\/atif.unaldi.org\/blog\/2009\/10\/09\/bell-laboratuvarlarina-yedinci-nobel-odulu\/","og_site_name":"At\u0131f \u00dcnald\u0131","article_publisher":"https:\/\/www.facebook.com\/atifunaldi","article_author":"https:\/\/www.facebook.com\/atifunaldi","article_published_time":"2009-10-09T11:21:30+00:00","author":"Atif Unaldi","twitter_card":"summary_large_image","twitter_creator":"@https:\/\/twitter.com\/atifunaldi","twitter_site":"@atifunaldi","twitter_misc":{"Yazan:":"Atif Unaldi","Tahmini okuma s\u00fcresi":"2 dakika"},"schema":{"@context":"https:\/\/schema.org","@graph":[{"@type":"Article","@id":"http:\/\/atif.unaldi.org\/blog\/2009\/10\/09\/bell-laboratuvarlarina-yedinci-nobel-odulu\/#article","isPartOf":{"@id":"http:\/\/atif.unaldi.org\/blog\/2009\/10\/09\/bell-laboratuvarlarina-yedinci-nobel-odulu\/"},"author":{"name":"Atif Unaldi","@id":"http:\/\/atif.unaldi.org\/blog\/#\/schema\/person\/608ed42ecbda2bc5cfdb767ac1db479b"},"headline":"Bell Laboratuvarlar\u0131&#8217;na yedinci Nobel \u00d6d\u00fcl\u00fc","datePublished":"2009-10-09T11:21:30+00:00","mainEntityOfPage":{"@id":"http:\/\/atif.unaldi.org\/blog\/2009\/10\/09\/bell-laboratuvarlarina-yedinci-nobel-odulu\/"},"wordCount":420,"commentCount":0,"publisher":{"@id":"http:\/\/atif.unaldi.org\/blog\/#\/schema\/person\/608ed42ecbda2bc5cfdb767ac1db479b"},"articleSection":["Blogum"],"inLanguage":"tr","potentialAction":[{"@type":"CommentAction","name":"Comment","target":["http:\/\/atif.unaldi.org\/blog\/2009\/10\/09\/bell-laboratuvarlarina-yedinci-nobel-odulu\/#respond"]}]},{"@type":"WebPage","@id":"http:\/\/atif.unaldi.org\/blog\/2009\/10\/09\/bell-laboratuvarlarina-yedinci-nobel-odulu\/","url":"http:\/\/atif.unaldi.org\/blog\/2009\/10\/09\/bell-laboratuvarlarina-yedinci-nobel-odulu\/","name":"Bell Laboratuvarlar\u0131'na yedinci Nobel \u00d6d\u00fcl\u00fc - At\u0131f \u00dcnald\u0131","isPartOf":{"@id":"http:\/\/atif.unaldi.org\/blog\/#website"},"datePublished":"2009-10-09T11:21:30+00:00","breadcrumb":{"@id":"http:\/\/atif.unaldi.org\/blog\/2009\/10\/09\/bell-laboratuvarlarina-yedinci-nobel-odulu\/#breadcrumb"},"inLanguage":"tr","potentialAction":[{"@type":"ReadAction","target":["http:\/\/atif.unaldi.org\/blog\/2009\/10\/09\/bell-laboratuvarlarina-yedinci-nobel-odulu\/"]}]},{"@type":"BreadcrumbList","@id":"http:\/\/atif.unaldi.org\/blog\/2009\/10\/09\/bell-laboratuvarlarina-yedinci-nobel-odulu\/#breadcrumb","itemListElement":[{"@type":"ListItem","position":1,"name":"Anasayfa","item":"http:\/\/atif.unaldi.org\/blog\/"},{"@type":"ListItem","position":2,"name":"Bell Laboratuvarlar\u0131&#8217;na yedinci Nobel \u00d6d\u00fcl\u00fc"}]},{"@type":"WebSite","@id":"http:\/\/atif.unaldi.org\/blog\/#website","url":"http:\/\/atif.unaldi.org\/blog\/","name":"At\u0131f \u00dcnald\u0131","description":"Yazar","publisher":{"@id":"http:\/\/atif.unaldi.org\/blog\/#\/schema\/person\/608ed42ecbda2bc5cfdb767ac1db479b"},"alternateName":"At\u0131f \u00dcnald\u0131 Blog","potentialAction":[{"@type":"SearchAction","target":{"@type":"EntryPoint","urlTemplate":"http:\/\/atif.unaldi.org\/blog\/?s={search_term_string}"},"query-input":{"@type":"PropertyValueSpecification","valueRequired":true,"valueName":"search_term_string"}}],"inLanguage":"tr"},{"@type":["Person","Organization"],"@id":"http:\/\/atif.unaldi.org\/blog\/#\/schema\/person\/608ed42ecbda2bc5cfdb767ac1db479b","name":"Atif Unaldi","image":{"@type":"ImageObject","inLanguage":"tr","@id":"http:\/\/atif.unaldi.org\/blog\/#\/schema\/person\/image\/","url":"http:\/\/atif.unaldi.org\/blog\/wp-content\/uploads\/2022\/10\/cropped-a94e8f7a-67c4-4d65-8a5f-032ba784be53-2.jpg","contentUrl":"http:\/\/atif.unaldi.org\/blog\/wp-content\/uploads\/2022\/10\/cropped-a94e8f7a-67c4-4d65-8a5f-032ba784be53-2.jpg","width":512,"height":512,"caption":"Atif Unaldi"},"logo":{"@id":"http:\/\/atif.unaldi.org\/blog\/#\/schema\/person\/image\/"},"description":"Bo\u011fazi\u00e7i \u00dcniversitesinde Fizik B\u00f6l\u00fcm\u00fc\u2019nde e\u011fitim ald\u0131\u011f\u0131 y\u0131llarda T\u00fcrkiye\u2019de ilk kez iki bilgisayar\u0131 telefon hatlar\u0131 \u00fczerinden konu\u015fturan BBS sistemini kurarak, T\u00fcrkiye\u2019deki ilk internet a\u011f\u0131n\u0131 olu\u015fturmu\u015ftur. Bir \u00e7ok radyo ve televizyonda program yap\u0131mc\u0131l\u0131\u011f\u0131 ve sunuculu\u011funu, bir \u00e7ok teknoloji dergisinde k\u00f6\u015fe yazarl\u0131\u011f\u0131, bili\u015fim edit\u00f6rl\u00fc\u011f\u00fc ve genel yay\u0131n y\u00f6netmenli\u011fi yapt\u0131. T\u00fcrkiye\u2019deki ilk internet servis sa\u011flay\u0131c\u0131s\u0131n\u0131n genel m\u00fcd\u00fcrl\u00fc\u011f\u00fcn\u00fc \u00fcstlendi. Bir \u00e7ok organizasyon ve kurulu\u015fta internet s\u00fcperviz\u00f6rl\u00fc\u011f\u00fc , webmaster\u2019l\u0131\u011f\u0131 , IT direkt\u00f6rl\u00fc\u011f\u00fc ve dijital projeler koordinat\u00f6rl\u00fc\u011f\u00fc g\u00f6revlerinde bulundu. Farkl\u0131 \u00fcniversitelerin farkl\u0131 fak\u00fcltelerinde \u00f6\u011fretim g\u00f6revlisi olarak bulunmu\u015f olan \u00dcnald\u0131; \u015fu an teknoloji ve pazarlama konular\u0131 ba\u015fta olmak \u00fczere bir\u00e7ok alanda hizmet veren Unaldi Consultancy\u2019nin kurucusudur. \u2028Selin \u00dcnald\u0131 ile evlidir. Su ve Toprak isminde iki \u00e7ocu\u011fu vard\u0131r.","sameAs":["http:\/\/atif.unaldi.org\/blog","https:\/\/www.facebook.com\/atifunaldi","https:\/\/www.instagram.com\/atifunaldi\/","https:\/\/www.linkedin.com\/in\/atifunaldi","https:\/\/x.com\/https:\/\/twitter.com\/atifunaldi","https:\/\/www.youtube.com\/c\/atifunaldi","https:\/\/soundcloud.com\/atif-unaldi","https:\/\/atifunaldi.tumblr.com"],"url":"http:\/\/atif.unaldi.org\/blog\/author\/atifunaldi\/"}]}},"jetpack_featured_media_url":"","_links":{"self":[{"href":"http:\/\/atif.unaldi.org\/blog\/wp-json\/wp\/v2\/posts\/1608","targetHints":{"allow":["GET"]}}],"collection":[{"href":"http:\/\/atif.unaldi.org\/blog\/wp-json\/wp\/v2\/posts"}],"about":[{"href":"http:\/\/atif.unaldi.org\/blog\/wp-json\/wp\/v2\/types\/post"}],"author":[{"embeddable":true,"href":"http:\/\/atif.unaldi.org\/blog\/wp-json\/wp\/v2\/users\/2"}],"replies":[{"embeddable":true,"href":"http:\/\/atif.unaldi.org\/blog\/wp-json\/wp\/v2\/comments?post=1608"}],"version-history":[{"count":0,"href":"http:\/\/atif.unaldi.org\/blog\/wp-json\/wp\/v2\/posts\/1608\/revisions"}],"wp:attachment":[{"href":"http:\/\/atif.unaldi.org\/blog\/wp-json\/wp\/v2\/media?parent=1608"}],"wp:term":[{"taxonomy":"category","embeddable":true,"href":"http:\/\/atif.unaldi.org\/blog\/wp-json\/wp\/v2\/categories?post=1608"},{"taxonomy":"post_tag","embeddable":true,"href":"http:\/\/atif.unaldi.org\/blog\/wp-json\/wp\/v2\/tags?post=1608"}],"curies":[{"name":"wp","href":"https:\/\/api.w.org\/{rel}","templated":true}]}}