{"id":1609,"date":"2009-10-09T11:23:09","date_gmt":"2009-10-09T11:23:09","guid":{"rendered":"http:\/\/haberler.atifunaldi.info\/2009\/10\/09\/arvento-mini-takip-sistemi-treyki"},"modified":"2009-10-09T11:23:09","modified_gmt":"2009-10-09T11:23:09","slug":"arvento-mini-takip-sistemi-treyki","status":"publish","type":"post","link":"http:\/\/atif.unaldi.org\/blog\/2009\/10\/09\/arvento-mini-takip-sistemi-treyki\/","title":{"rendered":"Arvento Mini Takip Sistemi Treyki"},"content":{"rendered":"<p>Geli\u015ftirdi\u011fi ve \u00fcretti\u011fi Ara\u00e7 Takip Sistemleri ile T\u00fcrkiye&#8217;de pazar <br \/>lideri olan Arvento, &#8220;Treyki&#8221; ismini verdi\u011fi mini takip sistemiyle bir <br \/>ilke daha imza at\u0131yor. T\u00fcrk teknolojisiyle geli\u015ftirilen ve \u00fcretilen <br \/>ilk nesne ve ki\u015fi takip sistemi olan Treyki sayesinde takip edilmek <br \/>istenen ki\u015fi veya canl\u0131lar internet \u00fczerinden kolayca izlenebilecek. <br \/>Sistem sayesinde kullan\u0131c\u0131lar acil bir durumda yard\u0131m da <br \/>isteyebilecek. Treyki&#8217;nin g\u00fcvenlik konusunda s\u0131k\u00e7a sorun ya\u015fanan <br \/>\u00e7ocuklar\u0131n ve hastalar\u0131n izlenmesinde, do\u011fa sporlar\u0131nda, arama <br \/>kurtarma \u00e7al\u0131\u015fmalar\u0131nda ve evcil hayvanlar\u0131n takibinde kullan\u0131lmas\u0131 <br \/>ama\u00e7lan\u0131yor. <\/p>\n<p \/> Mobil teknolojiler ve ara\u00e7 takip sistemleri \u00fcretmek amac\u0131yla y\u00fczde y\u00fcz <br \/>yerli sermaye ile kurulan ve T\u00fcrkiye&#8217;nin en h\u0131zl\u0131 b\u00fcy\u00fcyen bili\u015fim <br \/>\u015firketleri aras\u0131na girmeyi ba\u015faran Arvento, \u00fcr\u00fcn yelpazesine ki\u015fi ve <br \/>nesne takip sistemini de ekledi. T\u00fcrkiye&#8217;de ilk defa y\u00fczde y\u00fcz T\u00fcrk <br \/>teknolojisi ile geli\u015ftirilen ve \u00fcretilen &#8220;Treyki Mini Takip Sistemi&#8221; <br \/>ki\u015fi, nesne ve evcil hayvanlar\u0131n takibinde kullan\u0131labilecek. <\/p>\n<p \/> Cebit Bili\u015fim Fuar\u0131&#8217;nda ilk kez g\u00f6r\u00fcc\u00fcye \u00e7\u0131kan Treyki&#8217;nin tan\u0131t\u0131m <br \/>toplant\u0131s\u0131nda konu\u015fan Arvento Genel M\u00fcd\u00fcr\u00fc \u00d6zer H\u0131ncal, &#8220;Arvento ara\u00e7 <br \/>takip sistemindeki bilgi birikimi ve ba\u015far\u0131s\u0131n\u0131 \u015fimdi Treyki ile ki\u015fi <br \/>ve nesne takibine ta\u015f\u0131yor. T\u00fcrk m\u00fchendisleri taraf\u0131ndan geli\u015ftirilen <br \/>ve T\u00fcrkiye&#8217;de \u00fcretilen ilk mini takip sistemi olan Treyki&#8217;nin k\u0131sa <br \/>s\u00fcrede b\u00fcy\u00fck bir ilgi g\u00f6rmesini bekliyoruz&#8221; dedi. <\/p>\n<p \/> Arvento Ara\u00e7 Takip Sistemleri&#8217;ni operasyonlar\u0131na kullanan AKUT <br \/>Y\u00f6netim Kurulu \u00dcyesi Ya\u015far \u00d6zen ise &#8220;AKUT yak\u0131n bir zamanda Arvento <br \/>taraf\u0131ndan geli\u015ftirilen ara\u00e7 takip sistemlerini operasyonlar\u0131nda <br \/>kullanmaya ba\u015flayacak. Pazara yeni \u00e7\u0131kan mini takip sistemi Treyki&#8217;nin <br \/>de \u00f6zellikle arama kurtarma \u00e7al\u0131\u015fmalar\u0131nda yayg\u0131n bi\u00e7imde <br \/>kullan\u0131labilece\u011fini d\u00fc\u015f\u00fcn\u00fcyoruz. Mini takip sistemi Treyki sayesinde <br \/>arama kurtarma personelinin daha h\u0131zl\u0131 ve kontroll\u00fc hareket edece\u011fini <br \/>d\u00fc\u015f\u00fcn\u00fcyoruz&#8221;dedi. <\/p>\n<p \/>\n<p \/>\n<p \/> Acil Durumlarda Treyki Sayesinde Yard\u0131m \u0130stenebilecek <\/p>\n<p \/> Treyki Mini Takip Sistemi, GPS uydular\u0131ndan ald\u0131\u011f\u0131 konum bilgilerini <br \/>GSM\/GPRS\/SMS \u00fczerinden Kontrol ve \u0130leti\u015fim Merkezi&#8217;ne aktar\u0131yor. <br \/>Treyki ile takip edilmesi istenen ki\u015fi ya da canl\u0131n\u0131n bulundu\u011fu yer <br \/>bilgisi ve adresi sisteme tan\u0131mlanan ki\u015filer taraf\u0131ndan internetin <br \/>oldu\u011fu her yerden kolayca takip edilebiliyor. <\/p>\n<p \/> Treyki mini takip sistemi \u00fczerindeki butonlar sayesinde sesli g\u00f6r\u00fc\u015fme <br \/>de yap\u0131labiliyor. Treyki&#8217;yi ta\u015f\u0131yan ki\u015fi gelen \u00e7a\u011fr\u0131y\u0131 <br \/>cevaplayabiliyor veya tek bir butona basarak \u00f6nceden tan\u0131mlad\u0131\u011f\u0131 <br \/>numaralar\u0131 arayabiliyor. Ta\u015f\u0131y\u0131c\u0131, Treyki \u00fczerinde bulunan alarm <br \/>butonuna basarak acil durumlarda yard\u0131m isteyebiliyor veya \u00f6nceden <br \/>haz\u0131rlad\u0131\u011f\u0131 SMS veya e-posta mesajlar\u0131n\u0131 g\u00f6nderebiliyor. Treyki ile <br \/>takip edilen ki\u015fi acil bir durum an\u0131nda cihaz\u0131n \u00fczerinde bulunan <br \/>butona basarak \u00f6nceden tan\u0131mlad\u0131\u011f\u0131 numaralardan mesaj g\u00f6nderip yard\u0131m <br \/>isteyebiliyor. <\/p>\n<p \/> Yakla\u015f\u0131k 66x38x19 mm gibi olduk\u00e7a k\u00fc\u00e7\u00fck bir boyuta sahip olan cihaz, <br \/>\u00e7antada, cepte hatta bilekte bile kolayca ta\u015f\u0131nabiliyor. A\u011f\u0131rl\u0131\u011f\u0131 55 <br \/>gr olan Treyki, -15\u00baC derece ile 55\u00baC aras\u0131ndaki farkl\u0131 hava <br \/>ko\u015fullar\u0131nda da kesintisiz \u00e7al\u0131\u015fabiliyor. <\/p>\n<p \/> Treyki Mini Takip Sistemi&#8217;ne Arvento yetkili bayilerinden, internet <br \/>\u00fczerinden ve teknoloji marketlerinden ula\u015f\u0131labilecek.<\/p>\n<p><div class='p_embed p_image_embed'>\n<a href=\"http:\/\/atifunaldi.files.wordpress.com\/2009\/10\/ozer_hncal_arvento_genel_mdr-scaled-1000.jpg\"><img loading=\"lazy\" decoding=\"async\" alt=\"Ozer_hncal_arvento_genel_mdr\" height=\"753\" src=\"http:\/\/atifunaldi.files.wordpress.com\/2009\/10\/ozer_hncal_arvento_genel_mdr-scaled-1000.jpg?w=199\" width=\"500\" \/><\/a><br \/>\n<img loading=\"lazy\" decoding=\"async\" alt=\"Treyki\" height=\"641\" src=\"http:\/\/atifunaldi.files.wordpress.com\/2009\/10\/treyki2.jpg?w=174\" width=\"373\" \/><br \/>\n<a href=\"http:\/\/atifunaldi.files.wordpress.com\/2009\/10\/treyki_logo1.jpg\"><img loading=\"lazy\" decoding=\"async\" alt=\"Treyki_logo\" height=\"294\" src=\"http:\/\/atifunaldi.files.wordpress.com\/2009\/10\/treyki_logo1.jpg?w=300\" width=\"500\" \/><\/a><\/p>\n<div class='p_see_full_gallery'><a href=\"http:\/\/atifunaldi.posterous.com\/arvento-mini-takip-sistemi-treyki\">See the full gallery on Posterous<\/a><\/div>\n<\/div>\n","protected":false},"excerpt":{"rendered":"<p>Geli\u015ftirdi\u011fi ve \u00fcretti\u011fi Ara\u00e7 Takip Sistemleri ile T\u00fcrkiye&#8217;de pazar lideri olan Arvento, &#8220;Treyki&#8221; ismini verdi\u011fi mini takip sistemiyle bir ilke daha imza at\u0131yor. T\u00fcrk teknolojisiyle geli\u015ftirilen ve \u00fcretilen ilk nesne ve ki\u015fi takip sistemi olan&#8230;<\/p>\n","protected":false},"author":2,"featured_media":0,"comment_status":"open","ping_status":"open","sticky":false,"template":"","format":"standard","meta":{"footnotes":""},"categories":[3],"tags":[],"class_list":["post-1609","post","type-post","status-publish","format-standard","hentry","category-blogum"],"yoast_head":"<!-- This site is optimized with the Yoast SEO plugin v26.8 - https:\/\/yoast.com\/product\/yoast-seo-wordpress\/ -->\n<title>Arvento Mini Takip Sistemi Treyki - At\u0131f \u00dcnald\u0131<\/title>\n<meta name=\"robots\" content=\"index, follow, max-snippet:-1, max-image-preview:large, max-video-preview:-1\" \/>\n<link rel=\"canonical\" href=\"http:\/\/atif.unaldi.org\/blog\/2009\/10\/09\/arvento-mini-takip-sistemi-treyki\/\" \/>\n<meta property=\"og:locale\" content=\"tr_TR\" \/>\n<meta property=\"og:type\" content=\"article\" \/>\n<meta property=\"og:title\" content=\"Arvento Mini Takip Sistemi Treyki - At\u0131f \u00dcnald\u0131\" \/>\n<meta property=\"og:description\" content=\"Geli\u015ftirdi\u011fi ve \u00fcretti\u011fi Ara\u00e7 Takip Sistemleri ile T\u00fcrkiye&#8217;de pazar lideri olan Arvento, &#8220;Treyki&#8221; ismini verdi\u011fi mini takip sistemiyle bir ilke daha imza at\u0131yor. T\u00fcrk teknolojisiyle geli\u015ftirilen ve \u00fcretilen ilk nesne ve ki\u015fi takip sistemi olan...\" \/>\n<meta property=\"og:url\" content=\"http:\/\/atif.unaldi.org\/blog\/2009\/10\/09\/arvento-mini-takip-sistemi-treyki\/\" \/>\n<meta property=\"og:site_name\" content=\"At\u0131f \u00dcnald\u0131\" \/>\n<meta property=\"article:publisher\" content=\"https:\/\/www.facebook.com\/atifunaldi\" \/>\n<meta property=\"article:author\" content=\"https:\/\/www.facebook.com\/atifunaldi\" \/>\n<meta property=\"article:published_time\" content=\"2009-10-09T11:23:09+00:00\" \/>\n<meta property=\"og:image\" content=\"http:\/\/atifunaldi.files.wordpress.com\/2009\/10\/ozer_hncal_arvento_genel_mdr-scaled-1000.jpg?w=199\" \/>\n<meta name=\"author\" content=\"Atif Unaldi\" \/>\n<meta name=\"twitter:card\" content=\"summary_large_image\" \/>\n<meta name=\"twitter:creator\" content=\"@https:\/\/twitter.com\/atifunaldi\" \/>\n<meta name=\"twitter:site\" content=\"@atifunaldi\" \/>\n<meta name=\"twitter:label1\" content=\"Yazan:\" \/>\n\t<meta name=\"twitter:data1\" content=\"Atif Unaldi\" \/>\n\t<meta name=\"twitter:label2\" content=\"Tahmini okuma s\u00fcresi\" \/>\n\t<meta name=\"twitter:data2\" content=\"3 dakika\" \/>\n<script type=\"application\/ld+json\" class=\"yoast-schema-graph\">{\"@context\":\"https:\/\/schema.org\",\"@graph\":[{\"@type\":\"Article\",\"@id\":\"http:\/\/atif.unaldi.org\/blog\/2009\/10\/09\/arvento-mini-takip-sistemi-treyki\/#article\",\"isPartOf\":{\"@id\":\"http:\/\/atif.unaldi.org\/blog\/2009\/10\/09\/arvento-mini-takip-sistemi-treyki\/\"},\"author\":{\"name\":\"Atif Unaldi\",\"@id\":\"http:\/\/atif.unaldi.org\/blog\/#\/schema\/person\/608ed42ecbda2bc5cfdb767ac1db479b\"},\"headline\":\"Arvento Mini Takip Sistemi Treyki\",\"datePublished\":\"2009-10-09T11:23:09+00:00\",\"mainEntityOfPage\":{\"@id\":\"http:\/\/atif.unaldi.org\/blog\/2009\/10\/09\/arvento-mini-takip-sistemi-treyki\/\"},\"wordCount\":556,\"commentCount\":0,\"publisher\":{\"@id\":\"http:\/\/atif.unaldi.org\/blog\/#\/schema\/person\/608ed42ecbda2bc5cfdb767ac1db479b\"},\"image\":{\"@id\":\"http:\/\/atif.unaldi.org\/blog\/2009\/10\/09\/arvento-mini-takip-sistemi-treyki\/#primaryimage\"},\"thumbnailUrl\":\"http:\/\/atifunaldi.files.wordpress.com\/2009\/10\/ozer_hncal_arvento_genel_mdr-scaled-1000.jpg?w=199\",\"articleSection\":[\"Blogum\"],\"inLanguage\":\"tr\",\"potentialAction\":[{\"@type\":\"CommentAction\",\"name\":\"Comment\",\"target\":[\"http:\/\/atif.unaldi.org\/blog\/2009\/10\/09\/arvento-mini-takip-sistemi-treyki\/#respond\"]}]},{\"@type\":\"WebPage\",\"@id\":\"http:\/\/atif.unaldi.org\/blog\/2009\/10\/09\/arvento-mini-takip-sistemi-treyki\/\",\"url\":\"http:\/\/atif.unaldi.org\/blog\/2009\/10\/09\/arvento-mini-takip-sistemi-treyki\/\",\"name\":\"Arvento Mini Takip Sistemi Treyki - At\u0131f \u00dcnald\u0131\",\"isPartOf\":{\"@id\":\"http:\/\/atif.unaldi.org\/blog\/#website\"},\"primaryImageOfPage\":{\"@id\":\"http:\/\/atif.unaldi.org\/blog\/2009\/10\/09\/arvento-mini-takip-sistemi-treyki\/#primaryimage\"},\"image\":{\"@id\":\"http:\/\/atif.unaldi.org\/blog\/2009\/10\/09\/arvento-mini-takip-sistemi-treyki\/#primaryimage\"},\"thumbnailUrl\":\"http:\/\/atifunaldi.files.wordpress.com\/2009\/10\/ozer_hncal_arvento_genel_mdr-scaled-1000.jpg?w=199\",\"datePublished\":\"2009-10-09T11:23:09+00:00\",\"breadcrumb\":{\"@id\":\"http:\/\/atif.unaldi.org\/blog\/2009\/10\/09\/arvento-mini-takip-sistemi-treyki\/#breadcrumb\"},\"inLanguage\":\"tr\",\"potentialAction\":[{\"@type\":\"ReadAction\",\"target\":[\"http:\/\/atif.unaldi.org\/blog\/2009\/10\/09\/arvento-mini-takip-sistemi-treyki\/\"]}]},{\"@type\":\"ImageObject\",\"inLanguage\":\"tr\",\"@id\":\"http:\/\/atif.unaldi.org\/blog\/2009\/10\/09\/arvento-mini-takip-sistemi-treyki\/#primaryimage\",\"url\":\"http:\/\/atifunaldi.files.wordpress.com\/2009\/10\/ozer_hncal_arvento_genel_mdr-scaled-1000.jpg?w=199\",\"contentUrl\":\"http:\/\/atifunaldi.files.wordpress.com\/2009\/10\/ozer_hncal_arvento_genel_mdr-scaled-1000.jpg?w=199\"},{\"@type\":\"BreadcrumbList\",\"@id\":\"http:\/\/atif.unaldi.org\/blog\/2009\/10\/09\/arvento-mini-takip-sistemi-treyki\/#breadcrumb\",\"itemListElement\":[{\"@type\":\"ListItem\",\"position\":1,\"name\":\"Anasayfa\",\"item\":\"http:\/\/atif.unaldi.org\/blog\/\"},{\"@type\":\"ListItem\",\"position\":2,\"name\":\"Arvento Mini Takip Sistemi Treyki\"}]},{\"@type\":\"WebSite\",\"@id\":\"http:\/\/atif.unaldi.org\/blog\/#website\",\"url\":\"http:\/\/atif.unaldi.org\/blog\/\",\"name\":\"At\u0131f \u00dcnald\u0131\",\"description\":\"Yazar\",\"publisher\":{\"@id\":\"http:\/\/atif.unaldi.org\/blog\/#\/schema\/person\/608ed42ecbda2bc5cfdb767ac1db479b\"},\"alternateName\":\"At\u0131f \u00dcnald\u0131 Blog\",\"potentialAction\":[{\"@type\":\"SearchAction\",\"target\":{\"@type\":\"EntryPoint\",\"urlTemplate\":\"http:\/\/atif.unaldi.org\/blog\/?s={search_term_string}\"},\"query-input\":{\"@type\":\"PropertyValueSpecification\",\"valueRequired\":true,\"valueName\":\"search_term_string\"}}],\"inLanguage\":\"tr\"},{\"@type\":[\"Person\",\"Organization\"],\"@id\":\"http:\/\/atif.unaldi.org\/blog\/#\/schema\/person\/608ed42ecbda2bc5cfdb767ac1db479b\",\"name\":\"Atif Unaldi\",\"image\":{\"@type\":\"ImageObject\",\"inLanguage\":\"tr\",\"@id\":\"http:\/\/atif.unaldi.org\/blog\/#\/schema\/person\/image\/\",\"url\":\"http:\/\/atif.unaldi.org\/blog\/wp-content\/uploads\/2022\/10\/cropped-a94e8f7a-67c4-4d65-8a5f-032ba784be53-2.jpg\",\"contentUrl\":\"http:\/\/atif.unaldi.org\/blog\/wp-content\/uploads\/2022\/10\/cropped-a94e8f7a-67c4-4d65-8a5f-032ba784be53-2.jpg\",\"width\":512,\"height\":512,\"caption\":\"Atif Unaldi\"},\"logo\":{\"@id\":\"http:\/\/atif.unaldi.org\/blog\/#\/schema\/person\/image\/\"},\"description\":\"Bo\u011fazi\u00e7i \u00dcniversitesinde Fizik B\u00f6l\u00fcm\u00fc\u2019nde e\u011fitim ald\u0131\u011f\u0131 y\u0131llarda T\u00fcrkiye\u2019de ilk kez iki bilgisayar\u0131 telefon hatlar\u0131 \u00fczerinden konu\u015fturan BBS sistemini kurarak, T\u00fcrkiye\u2019deki ilk internet a\u011f\u0131n\u0131 olu\u015fturmu\u015ftur. Bir \u00e7ok radyo ve televizyonda program yap\u0131mc\u0131l\u0131\u011f\u0131 ve sunuculu\u011funu, bir \u00e7ok teknoloji dergisinde k\u00f6\u015fe yazarl\u0131\u011f\u0131, bili\u015fim edit\u00f6rl\u00fc\u011f\u00fc ve genel yay\u0131n y\u00f6netmenli\u011fi yapt\u0131. T\u00fcrkiye\u2019deki ilk internet servis sa\u011flay\u0131c\u0131s\u0131n\u0131n genel m\u00fcd\u00fcrl\u00fc\u011f\u00fcn\u00fc \u00fcstlendi. Bir \u00e7ok organizasyon ve kurulu\u015fta internet s\u00fcperviz\u00f6rl\u00fc\u011f\u00fc , webmaster\u2019l\u0131\u011f\u0131 , IT direkt\u00f6rl\u00fc\u011f\u00fc ve dijital projeler koordinat\u00f6rl\u00fc\u011f\u00fc g\u00f6revlerinde bulundu. Farkl\u0131 \u00fcniversitelerin farkl\u0131 fak\u00fcltelerinde \u00f6\u011fretim g\u00f6revlisi olarak bulunmu\u015f olan \u00dcnald\u0131; \u015fu an teknoloji ve pazarlama konular\u0131 ba\u015fta olmak \u00fczere bir\u00e7ok alanda hizmet veren Unaldi Consultancy\u2019nin kurucusudur. \\u2028Selin \u00dcnald\u0131 ile evlidir. Su ve Toprak isminde iki \u00e7ocu\u011fu vard\u0131r.\",\"sameAs\":[\"http:\/\/atif.unaldi.org\/blog\",\"https:\/\/www.facebook.com\/atifunaldi\",\"https:\/\/www.instagram.com\/atifunaldi\/\",\"https:\/\/www.linkedin.com\/in\/atifunaldi\",\"https:\/\/x.com\/https:\/\/twitter.com\/atifunaldi\",\"https:\/\/www.youtube.com\/c\/atifunaldi\",\"https:\/\/soundcloud.com\/atif-unaldi\",\"https:\/\/atifunaldi.tumblr.com\"],\"url\":\"http:\/\/atif.unaldi.org\/blog\/author\/atifunaldi\/\"}]}<\/script>\n<!-- \/ Yoast SEO plugin. -->","yoast_head_json":{"title":"Arvento Mini Takip Sistemi Treyki - At\u0131f \u00dcnald\u0131","robots":{"index":"index","follow":"follow","max-snippet":"max-snippet:-1","max-image-preview":"max-image-preview:large","max-video-preview":"max-video-preview:-1"},"canonical":"http:\/\/atif.unaldi.org\/blog\/2009\/10\/09\/arvento-mini-takip-sistemi-treyki\/","og_locale":"tr_TR","og_type":"article","og_title":"Arvento Mini Takip Sistemi Treyki - At\u0131f \u00dcnald\u0131","og_description":"Geli\u015ftirdi\u011fi ve \u00fcretti\u011fi Ara\u00e7 Takip Sistemleri ile T\u00fcrkiye&#8217;de pazar lideri olan Arvento, &#8220;Treyki&#8221; ismini verdi\u011fi mini takip sistemiyle bir ilke daha imza at\u0131yor. T\u00fcrk teknolojisiyle geli\u015ftirilen ve \u00fcretilen ilk nesne ve ki\u015fi takip sistemi olan...","og_url":"http:\/\/atif.unaldi.org\/blog\/2009\/10\/09\/arvento-mini-takip-sistemi-treyki\/","og_site_name":"At\u0131f \u00dcnald\u0131","article_publisher":"https:\/\/www.facebook.com\/atifunaldi","article_author":"https:\/\/www.facebook.com\/atifunaldi","article_published_time":"2009-10-09T11:23:09+00:00","og_image":[{"url":"http:\/\/atifunaldi.files.wordpress.com\/2009\/10\/ozer_hncal_arvento_genel_mdr-scaled-1000.jpg?w=199","type":"","width":"","height":""}],"author":"Atif Unaldi","twitter_card":"summary_large_image","twitter_creator":"@https:\/\/twitter.com\/atifunaldi","twitter_site":"@atifunaldi","twitter_misc":{"Yazan:":"Atif Unaldi","Tahmini okuma s\u00fcresi":"3 dakika"},"schema":{"@context":"https:\/\/schema.org","@graph":[{"@type":"Article","@id":"http:\/\/atif.unaldi.org\/blog\/2009\/10\/09\/arvento-mini-takip-sistemi-treyki\/#article","isPartOf":{"@id":"http:\/\/atif.unaldi.org\/blog\/2009\/10\/09\/arvento-mini-takip-sistemi-treyki\/"},"author":{"name":"Atif Unaldi","@id":"http:\/\/atif.unaldi.org\/blog\/#\/schema\/person\/608ed42ecbda2bc5cfdb767ac1db479b"},"headline":"Arvento Mini Takip Sistemi Treyki","datePublished":"2009-10-09T11:23:09+00:00","mainEntityOfPage":{"@id":"http:\/\/atif.unaldi.org\/blog\/2009\/10\/09\/arvento-mini-takip-sistemi-treyki\/"},"wordCount":556,"commentCount":0,"publisher":{"@id":"http:\/\/atif.unaldi.org\/blog\/#\/schema\/person\/608ed42ecbda2bc5cfdb767ac1db479b"},"image":{"@id":"http:\/\/atif.unaldi.org\/blog\/2009\/10\/09\/arvento-mini-takip-sistemi-treyki\/#primaryimage"},"thumbnailUrl":"http:\/\/atifunaldi.files.wordpress.com\/2009\/10\/ozer_hncal_arvento_genel_mdr-scaled-1000.jpg?w=199","articleSection":["Blogum"],"inLanguage":"tr","potentialAction":[{"@type":"CommentAction","name":"Comment","target":["http:\/\/atif.unaldi.org\/blog\/2009\/10\/09\/arvento-mini-takip-sistemi-treyki\/#respond"]}]},{"@type":"WebPage","@id":"http:\/\/atif.unaldi.org\/blog\/2009\/10\/09\/arvento-mini-takip-sistemi-treyki\/","url":"http:\/\/atif.unaldi.org\/blog\/2009\/10\/09\/arvento-mini-takip-sistemi-treyki\/","name":"Arvento Mini Takip Sistemi Treyki - At\u0131f \u00dcnald\u0131","isPartOf":{"@id":"http:\/\/atif.unaldi.org\/blog\/#website"},"primaryImageOfPage":{"@id":"http:\/\/atif.unaldi.org\/blog\/2009\/10\/09\/arvento-mini-takip-sistemi-treyki\/#primaryimage"},"image":{"@id":"http:\/\/atif.unaldi.org\/blog\/2009\/10\/09\/arvento-mini-takip-sistemi-treyki\/#primaryimage"},"thumbnailUrl":"http:\/\/atifunaldi.files.wordpress.com\/2009\/10\/ozer_hncal_arvento_genel_mdr-scaled-1000.jpg?w=199","datePublished":"2009-10-09T11:23:09+00:00","breadcrumb":{"@id":"http:\/\/atif.unaldi.org\/blog\/2009\/10\/09\/arvento-mini-takip-sistemi-treyki\/#breadcrumb"},"inLanguage":"tr","potentialAction":[{"@type":"ReadAction","target":["http:\/\/atif.unaldi.org\/blog\/2009\/10\/09\/arvento-mini-takip-sistemi-treyki\/"]}]},{"@type":"ImageObject","inLanguage":"tr","@id":"http:\/\/atif.unaldi.org\/blog\/2009\/10\/09\/arvento-mini-takip-sistemi-treyki\/#primaryimage","url":"http:\/\/atifunaldi.files.wordpress.com\/2009\/10\/ozer_hncal_arvento_genel_mdr-scaled-1000.jpg?w=199","contentUrl":"http:\/\/atifunaldi.files.wordpress.com\/2009\/10\/ozer_hncal_arvento_genel_mdr-scaled-1000.jpg?w=199"},{"@type":"BreadcrumbList","@id":"http:\/\/atif.unaldi.org\/blog\/2009\/10\/09\/arvento-mini-takip-sistemi-treyki\/#breadcrumb","itemListElement":[{"@type":"ListItem","position":1,"name":"Anasayfa","item":"http:\/\/atif.unaldi.org\/blog\/"},{"@type":"ListItem","position":2,"name":"Arvento Mini Takip Sistemi Treyki"}]},{"@type":"WebSite","@id":"http:\/\/atif.unaldi.org\/blog\/#website","url":"http:\/\/atif.unaldi.org\/blog\/","name":"At\u0131f \u00dcnald\u0131","description":"Yazar","publisher":{"@id":"http:\/\/atif.unaldi.org\/blog\/#\/schema\/person\/608ed42ecbda2bc5cfdb767ac1db479b"},"alternateName":"At\u0131f \u00dcnald\u0131 Blog","potentialAction":[{"@type":"SearchAction","target":{"@type":"EntryPoint","urlTemplate":"http:\/\/atif.unaldi.org\/blog\/?s={search_term_string}"},"query-input":{"@type":"PropertyValueSpecification","valueRequired":true,"valueName":"search_term_string"}}],"inLanguage":"tr"},{"@type":["Person","Organization"],"@id":"http:\/\/atif.unaldi.org\/blog\/#\/schema\/person\/608ed42ecbda2bc5cfdb767ac1db479b","name":"Atif Unaldi","image":{"@type":"ImageObject","inLanguage":"tr","@id":"http:\/\/atif.unaldi.org\/blog\/#\/schema\/person\/image\/","url":"http:\/\/atif.unaldi.org\/blog\/wp-content\/uploads\/2022\/10\/cropped-a94e8f7a-67c4-4d65-8a5f-032ba784be53-2.jpg","contentUrl":"http:\/\/atif.unaldi.org\/blog\/wp-content\/uploads\/2022\/10\/cropped-a94e8f7a-67c4-4d65-8a5f-032ba784be53-2.jpg","width":512,"height":512,"caption":"Atif Unaldi"},"logo":{"@id":"http:\/\/atif.unaldi.org\/blog\/#\/schema\/person\/image\/"},"description":"Bo\u011fazi\u00e7i \u00dcniversitesinde Fizik B\u00f6l\u00fcm\u00fc\u2019nde e\u011fitim ald\u0131\u011f\u0131 y\u0131llarda T\u00fcrkiye\u2019de ilk kez iki bilgisayar\u0131 telefon hatlar\u0131 \u00fczerinden konu\u015fturan BBS sistemini kurarak, T\u00fcrkiye\u2019deki ilk internet a\u011f\u0131n\u0131 olu\u015fturmu\u015ftur. Bir \u00e7ok radyo ve televizyonda program yap\u0131mc\u0131l\u0131\u011f\u0131 ve sunuculu\u011funu, bir \u00e7ok teknoloji dergisinde k\u00f6\u015fe yazarl\u0131\u011f\u0131, bili\u015fim edit\u00f6rl\u00fc\u011f\u00fc ve genel yay\u0131n y\u00f6netmenli\u011fi yapt\u0131. T\u00fcrkiye\u2019deki ilk internet servis sa\u011flay\u0131c\u0131s\u0131n\u0131n genel m\u00fcd\u00fcrl\u00fc\u011f\u00fcn\u00fc \u00fcstlendi. Bir \u00e7ok organizasyon ve kurulu\u015fta internet s\u00fcperviz\u00f6rl\u00fc\u011f\u00fc , webmaster\u2019l\u0131\u011f\u0131 , IT direkt\u00f6rl\u00fc\u011f\u00fc ve dijital projeler koordinat\u00f6rl\u00fc\u011f\u00fc g\u00f6revlerinde bulundu. Farkl\u0131 \u00fcniversitelerin farkl\u0131 fak\u00fcltelerinde \u00f6\u011fretim g\u00f6revlisi olarak bulunmu\u015f olan \u00dcnald\u0131; \u015fu an teknoloji ve pazarlama konular\u0131 ba\u015fta olmak \u00fczere bir\u00e7ok alanda hizmet veren Unaldi Consultancy\u2019nin kurucusudur. \u2028Selin \u00dcnald\u0131 ile evlidir. Su ve Toprak isminde iki \u00e7ocu\u011fu vard\u0131r.","sameAs":["http:\/\/atif.unaldi.org\/blog","https:\/\/www.facebook.com\/atifunaldi","https:\/\/www.instagram.com\/atifunaldi\/","https:\/\/www.linkedin.com\/in\/atifunaldi","https:\/\/x.com\/https:\/\/twitter.com\/atifunaldi","https:\/\/www.youtube.com\/c\/atifunaldi","https:\/\/soundcloud.com\/atif-unaldi","https:\/\/atifunaldi.tumblr.com"],"url":"http:\/\/atif.unaldi.org\/blog\/author\/atifunaldi\/"}]}},"jetpack_featured_media_url":"","_links":{"self":[{"href":"http:\/\/atif.unaldi.org\/blog\/wp-json\/wp\/v2\/posts\/1609","targetHints":{"allow":["GET"]}}],"collection":[{"href":"http:\/\/atif.unaldi.org\/blog\/wp-json\/wp\/v2\/posts"}],"about":[{"href":"http:\/\/atif.unaldi.org\/blog\/wp-json\/wp\/v2\/types\/post"}],"author":[{"embeddable":true,"href":"http:\/\/atif.unaldi.org\/blog\/wp-json\/wp\/v2\/users\/2"}],"replies":[{"embeddable":true,"href":"http:\/\/atif.unaldi.org\/blog\/wp-json\/wp\/v2\/comments?post=1609"}],"version-history":[{"count":0,"href":"http:\/\/atif.unaldi.org\/blog\/wp-json\/wp\/v2\/posts\/1609\/revisions"}],"wp:attachment":[{"href":"http:\/\/atif.unaldi.org\/blog\/wp-json\/wp\/v2\/media?parent=1609"}],"wp:term":[{"taxonomy":"category","embeddable":true,"href":"http:\/\/atif.unaldi.org\/blog\/wp-json\/wp\/v2\/categories?post=1609"},{"taxonomy":"post_tag","embeddable":true,"href":"http:\/\/atif.unaldi.org\/blog\/wp-json\/wp\/v2\/tags?post=1609"}],"curies":[{"name":"wp","href":"https:\/\/api.w.org\/{rel}","templated":true}]}}