{"id":1611,"date":"2009-10-09T13:11:36","date_gmt":"2009-10-09T13:11:36","guid":{"rendered":"http:\/\/haberler.atifunaldi.info\/2009\/10\/09\/cebit-bilisim-eurasia-9-ekim-2009"},"modified":"2009-10-09T13:11:36","modified_gmt":"2009-10-09T13:11:36","slug":"cebit-bilisim-eurasia-9-ekim-2009","status":"publish","type":"post","link":"http:\/\/atif.unaldi.org\/blog\/2009\/10\/09\/cebit-bilisim-eurasia-9-ekim-2009\/","title":{"rendered":"CeBIT Bili\u015fim Eurasia &#8211; 9 Ekim 2009"},"content":{"rendered":"<p><strong>Resimleri ger\u00e7ek boyutunda g\u00f6r\u00fcnt\u00fcleyebilmek i\u00e7in l\u00fctfen \u00fczerine t\u0131klay\u0131n\u0131z:<\/strong><br \/><a href=\"http:\/\/bulten.bsnods.com\/click_mail.php?campaign=35902&amp;link_id=65760&amp;member_id=4671450\" target=\"_blank\" rel=\"noopener noreferrer\"><img loading=\"lazy\" decoding=\"async\" src=\"http:\/\/www.bsnods.com\/2008\/PressRelUpl\/images\/s1255091688_CeBIT_Gorsel01.JPG\" border=\"0\" height=\"100\" width=\"100\" \/><\/a>\t\t\t<a href=\"http:\/\/bulten.bsnods.com\/click_mail.php?campaign=35902&amp;link_id=65761&amp;member_id=4671450\" target=\"_blank\" rel=\"noopener noreferrer\"><img loading=\"lazy\" decoding=\"async\" src=\"http:\/\/www.bsnods.com\/2008\/PressRelUpl\/images\/s1255091867_CeBIT_Gorsel02.JPG\" border=\"0\" height=\"100\" width=\"100\" \/><\/a>\t\t\t<a href=\"http:\/\/bulten.bsnods.com\/click_mail.php?campaign=35902&amp;link_id=65762&amp;member_id=4671450\" target=\"_blank\" rel=\"noopener noreferrer\"><img loading=\"lazy\" decoding=\"async\" src=\"http:\/\/www.bsnods.com\/2008\/PressRelUpl\/images\/s1255092067_CeBIT_Gorsel03.JPG\" border=\"0\" height=\"100\" width=\"100\" \/><\/a>\t\t\t<a href=\"http:\/\/bulten.bsnods.com\/click_mail.php?campaign=35902&amp;link_id=65763&amp;member_id=4671450\" target=\"_blank\" rel=\"noopener noreferrer\"><img loading=\"lazy\" decoding=\"async\" src=\"http:\/\/www.bsnods.com\/2008\/PressRelUpl\/images\/s1255092354_CeBIT_Gorsel04.JPG\" border=\"0\" height=\"100\" width=\"100\" \/><\/a>\t\t\t<a href=\"http:\/\/bulten.bsnods.com\/click_mail.php?campaign=35902&amp;link_id=65764&amp;member_id=4671450\" target=\"_blank\" rel=\"noopener noreferrer\"><img loading=\"lazy\" decoding=\"async\" src=\"http:\/\/www.bsnods.com\/2008\/PressRelUpl\/images\/s1255092757_CeBIT_Gorsel06.JPG\" border=\"0\" height=\"100\" width=\"100\" \/><\/a>\t\t\t<a href=\"http:\/\/bulten.bsnods.com\/click_mail.php?campaign=35902&amp;link_id=65765&amp;member_id=4671450\" target=\"_blank\" rel=\"noopener noreferrer\"><img loading=\"lazy\" decoding=\"async\" src=\"http:\/\/www.bsnods.com\/2008\/PressRelUpl\/images\/s1255092791_CeBIT_Gorsel05.JPG\" border=\"0\" height=\"100\" width=\"100\" \/><\/a>\t\t\t<br \/> Avrasya&rsquo;n\u0131n bili\u015fim ba\u015fkenti<br \/>CeBIT Bili\u015fim Eurasia&rsquo;ya b\u00fcy\u00fck ilgi<\/p>\n<p \/>&nbsp;Avrasya&rsquo;n\u0131n en b\u00fcy\u00fck i\u015f geli\u015ftirme ve teknoloji platformu CeBIT Bili\u015fim Eurasia, d\u00fcnya ve T\u00fcrkiye&rsquo;nin d\u00f6rt bir yan\u0131ndan gelen konuklar\u0131n\u0131 a\u011f\u0131rlamaya devam ediyor. Bu y\u0131l &ldquo;\u0130\u015f d\u00fcnyas\u0131&rdquo; b\u00f6l\u00fcm\u00fcyle \u00f6n plana \u00e7\u0131kan ve ziyarete a\u00e7\u0131ld\u0131\u011f\u0131 ilk \u00fc\u00e7 g\u00fcnde, farkl\u0131 sekt\u00f6rlerden binlerce profesyonel ziyaret\u00e7iyi a\u011f\u0131rlayan fuar, 11 Ekim pazar g\u00fcn\u00fc sona erecek<br \/> T\u00fcrk \u015firket ve giri\u015fimcilerinin k\u00fcresel rekabetin g\u00fc\u00e7l\u00fc oyuncular\u0131 aras\u0131nda yerini almas\u0131 i\u00e7in b\u00fcy\u00fck bir f\u0131rsat sunan CeBIT Bili\u015fim Eurasia, a\u00e7\u0131ld\u0131\u011f\u0131 ilk \u00fc\u00e7 g\u00fcnde, bili\u015fim alan\u0131nda i\u015f geli\u015ftirenlerle, bili\u015fimi i\u015finde kullananlar\u0131n bulu\u015fma noktas\u0131 oldu. T\u00fcrkiye&rsquo;nin bilgi ve ileti\u015fim teknolojileri konusunda Avrasya&rsquo;ya a\u00e7\u0131lan ticaret kap\u0131s\u0131 CeBIT Bili\u015fim Eurasia, farkl\u0131 \u00fclke ve b\u00f6lgelerden gelen binlerce profesyonel, y\u00f6netici, bilim adam\u0131, kamu yetkilisi ve teknoloji merakl\u0131s\u0131n\u0131 bulu\u015fturmaya devam ediyor. Ziyaret\u00e7ilerini 3 ana b\u00f6l\u00fcm ve 10 tematik b\u00f6l\u00fcmde a\u011f\u0131rlayan CeBIT Bili\u015fim Eurasia, ilk \u00fc\u00e7 g\u00fcnde i\u015f d\u00fcnyas\u0131 b\u00f6l\u00fcm\u00fcnde yer alan yenilik ve uluslararas\u0131 kat\u0131l\u0131mda g\u00f6r\u00fclen art\u0131\u015fla \u00f6n plana \u00e7\u0131kt\u0131.<\/p>\n<p \/> &nbsp;Aralar\u0131nda Amerika, Almanya, Fransa, \u0130talya, Kore ve Rusya&rsquo;n\u0131n da bulundu\u011fu toplam 22 \u00fclkeden uluslararas\u0131 kat\u0131l\u0131mc\u0131n\u0131n bulundu\u011fu fuarda, 500&rsquo;\u00fcn \u00fczerinde yeni \u00fcr\u00fcn, hizmet ve uygulama; \u00e7e\u015fitli \u00fclke ve b\u00f6lgelerden gelen teknoloji tutkunlar\u0131na tan\u0131t\u0131l\u0131yor. T\u00fcrkiye&rsquo;de T\u00fcrk m\u00fchendislerce geli\u015ftirilen Ar-Ge \u00e7al\u0131\u015fmalar\u0131n\u0131n yan\u0131 s\u0131ra, belediye, kamu kurum ve kurulu\u015flar\u0131nca bili\u015fim alt yap\u0131s\u0131 kullan\u0131larak geli\u015ftirilen \u00f6zel uygulama, hizmet ve \u00e7\u00f6z\u00fcmler de ilk kez CeBIT Bili\u015fim Eurasia&rsquo;da g\u00f6r\u00fcc\u00fcye \u00e7\u0131k\u0131yor.<\/p>\n<p \/> &nbsp;\u00dcST D\u00dcZEY KATILIM<br \/>Bu y\u0131l 10&rsquo;ncu kez kap\u0131lar\u0131n\u0131 teknoloji tutkunlar\u0131 i\u00e7in a\u00e7an ve a\u00e7\u0131l\u0131\u015f\u0131n\u0131 ilk defa 11. Cumhurba\u015fkan\u0131 Abdullah G\u00fcl&rsquo;\u00fcn yapt\u0131\u011f\u0131 CeBIT Bili\u015fim Eurasia 2009&rsquo;a, ilk \u00fc\u00e7 g\u00fcnde devlet ve kamu taraf\u0131nda ilgi b\u00fcy\u00fckt\u00fc. Fuar\u0131 bug\u00fcne kadar a\u00e7\u0131l\u0131\u015fta konu\u015fmac\u0131 olarak da yer alan T.C. Ula\u015ft\u0131rma Bakan\u0131 Binali Y\u0131ld\u0131r\u0131m ve KKTC Bay\u0131nd\u0131rl\u0131k ve Ula\u015ft\u0131rma Bakan\u0131 Hasan Ta\u00e7oy&rsquo;un yan\u0131 s\u0131ra, \u0130stanbul Valisi Muammer G\u00fcler, GAP&rsquo;tan Sorumlu Devlet Bakan\u0131 Cevdet Y\u0131lmaz, \u015ei\u015fli Belediye Ba\u015fkan\u0131 Mustafa Sar\u0131g\u00fcl, Beyo\u011flu Belediye Ba\u015fkan\u0131 Ahmet Misbah Demircan ile lider \u015firketlerin CEO&rsquo;lar\u0131, Sanayi ve Ticaret Odalar\u0131, dernek ve belediyeler de ziyaret etti.<\/p>\n<p \/> &nbsp;ULUSLARARASI KONFERANS<br \/>Bu y\u0131l CeBIT Bili\u015fim Eurasia ile ayn\u0131 mekanda, Avrasya&rsquo;n\u0131n en b\u00fcy\u00fck uydu ileti\u015fimi, yay\u0131nc\u0131l\u0131k ve TV sekt\u00f6r\u00fc fuar\u0131 olan Broadcast, Cable &amp; Satellite Eurasia 2009 da T\u00fcyap B\u00fcy\u00fck\u00e7ekmece Fuar ve Kongre Merkezi&rsquo;nin 8, 9 ve 10&rsquo;ncu salonlar\u0131nda ger\u00e7ekle\u015ftiriliyor. Fuar ziyaret\u00e7ilerinin uygun fiyata al\u0131\u015fveri\u015f yapabilecekleri bir &ldquo;Uydu Market&rdquo;in de yer ald\u0131\u011f\u0131 Broadcast, Cable &amp; Satellite Eurasia 2009 b\u00fcnyesinde, 10-11 Ekim tarihlerinde, uydu, kablo ve yay\u0131nc\u0131l\u0131k sekt\u00f6rlerine y\u00f6nelik uluslararas\u0131 bir konferans d\u00fczenlenecek. Anadolu&rsquo;daki uydu operat\u00f6rleri ve yerel TV kanallar\u0131n\u0131n \u00fcst d\u00fczey y\u00f6neticilerine y\u00f6nelik haz\u0131rlanan iki \u00f6zel program kapsam\u0131nda; TUYAD i\u015fbirli\u011fi ile 10 ilden yakla\u015f\u0131k 400 uydu sekt\u00f6r\u00fc profesyoneli, RATEM i\u015fbirli\u011fi ile de, yerel TV kanallar\u0131ndan 50 \u00fcst d\u00fczey y\u00f6netici fuarda a\u011f\u0131rlanacak.<\/p>\n<p \/> &nbsp;&nbsp;<\/p>\n<p \/>&nbsp;&nbsp;<br \/>CeBIT B\u0130L\u0130\u015e\u0130M EURASIA CEPTE<br \/>Son y\u0131llar\u0131n en g\u00f6zde \u00fcr\u00fcnleri aras\u0131nda yer alan diz\u00fcst\u00fc bilgisayarlar\u0131 i\u00e7in geli\u015ftirilen 3G uygulamalar\u0131n\u0131n yan\u0131 s\u0131ra en yeni donan\u0131m, biometrik sistem, ofis ekipman\u0131 ve yaz\u0131l\u0131mlar\u0131n sergilendi\u011fi CeBIT Bili\u015fim Eurasia&rsquo;da, diz\u00fcst\u00fc ve masa\u00fcst\u00fc bilgisayarlar\u0131, dijital medya oynat\u0131c\u0131lar, dijital foto\u011fraf makineleri, kameralar, navigasyon sistemleri ve televizyonlar da ilk kez ziyaret\u00e7ilerin be\u011fenisine sunuluyor. <a href=\"http:\/\/tv.cebitbilisim.com\">tv.cebitbilisim.com<\/a> adresinden takip edilebilen fuar hakk\u0131ndaki t\u00fcm bilgiler, CEBIT yaz\u0131p Turkcell 2580&rsquo;e g\u00f6nderildi\u011finde, \u00fccretsiz olarak cep telefonlar\u0131na y\u00fcklenebiliyor. Ziyaret\u00e7ilerin maksimum verimlilikle CeBIT Bili\u015fim Eurasia&rsquo;y\u0131 dola\u015fabilmeleri i\u00e7in her t\u00fcrl\u00fc ayr\u0131nt\u0131n\u0131n d\u00fc\u015f\u00fcn\u00fcld\u00fc\u011f\u00fc fuar hakk\u0131nda t\u00fcm bilgiler ayn\u0131 zamanda <a href=\"http:\/\/www.cebitbilisim.com\">www.cebitbilisim.com<\/a> adresinden de takip edilebiliyor.<\/p>\n<p \/> &nbsp;&ldquo;\u0130K\u0130&nbsp;M\u0130LYAR DOLARLIK \u0130\u015e BA\u011eLANTISI&rdquo;<br \/>Bu y\u0131l &ldquo;T\u00fcm sekt\u00f6rler bili\u015fimle bulu\u015fuyor&rdquo; slogan\u0131yla onuncu kez kap\u0131lar\u0131n\u0131 a\u00e7acak olan CeBIT Bili\u015fim Eurasia&rsquo;ya \u00e7e\u015fitli sekt\u00f6rlerde hizmet veren, sat\u0131n alma yetkisi olan \u00fcst d\u00fczey y\u00f6neticiler, belediye ba\u015fkanlar\u0131, hastane sahipleri ve ba\u015fhekimler ve Anadolu&rsquo;nun \u00e7e\u015fitli \u015fehirlerinden bili\u015fim ve sat\u0131n alma uzmanlar\u0131 \u0130stanbul&rsquo;da a\u011f\u0131rlanacak. Ge\u00e7ti\u011fimiz y\u0131l yakla\u015f\u0131k 2 milyar dolarl\u0131k i\u015f ba\u011flant\u0131s\u0131n\u0131n yap\u0131ld\u0131\u011f\u0131 CeBIT Bili\u015fim Eurasia&rsquo;da, \u015firketler global ekonomik krizin yaralar\u0131n\u0131 bili\u015fimle saracak.<\/p>\n<p \/> &nbsp;EN YEN\u0130 \u00dcR\u00dcNLER, EN UYGUN F\u0130YATA<br \/>Fuarda son kullan\u0131c\u0131lara hitap eden ve 7&rsquo;nci salonda konu\u015fland\u0131r\u0131lan &ldquo;Dijital Ya\u015fam&rdquo; b\u00f6l\u00fcm\u00fcnde, ziyaret\u00e7iler dijital sistemlerden mobil \u00fcr\u00fcnlere ve yaz\u0131l\u0131mlara t\u00fcm geli\u015fmeleri takip edip, ayn\u0131 zamanda ge\u00e7ti\u011fimiz y\u0131llardan farkl\u0131 olarak Bimeks&rsquo;in yer ald\u0131\u011f\u0131 &ldquo;Bili\u015fim Market&rdquo; b\u00f6l\u00fcm\u00fcnden, y\u00fczde 50&rsquo;e varan \u00f6zel f\u0131rsatlarla al\u0131\u015fveri\u015f yapma imkan\u0131 buluyor. 11 Ekim 2009 pazar g\u00fcn\u00fc sona gerecek olan CeBIT Bili\u015fim Eurasia, 20 Liraya ziyaret edilebiliyor.<\/p>\n<p \/> &nbsp;&nbsp;<\/p>\n<p \/>&nbsp;Daha fazla bilgi i\u00e7in:<br \/>Adem Tokdemir<br \/>Communication Partner \u0130leti\u015fim Dan\u0131\u015fmanl\u0131\u011f\u0131<br \/>Tel: 0212 352 65 10, GSM: 0532 240 40 52<br \/>E posta: <a href=\"mailto:ademtokdemir@cpartner.com.tr\">ademtokdemir@cpartner.com.tr<\/a><\/p>\n<p \/>Bu e-posta BSNODS (<a href=\"http:\/\/www.bsnods.com\">www.bsnods.com<\/a>) Veritaban\u0131 \u0130leti\u015fim Platformu kullan\u0131larak iletilmi\u015ftir. E-postan\u0131n i\u00e7erdi\u011fi t\u00fcm metinler, bilgiler, g\u00f6rseller ve dosyalar e-postay\u0131 g\u00f6nderen firman\u0131n sorumlu\u011fundad\u0131r. #4671450<\/p>\n","protected":false},"excerpt":{"rendered":"<p>Resimleri ger\u00e7ek boyutunda g\u00f6r\u00fcnt\u00fcleyebilmek i\u00e7in l\u00fctfen \u00fczerine t\u0131klay\u0131n\u0131z: Avrasya&rsquo;n\u0131n bili\u015fim ba\u015fkentiCeBIT Bili\u015fim Eurasia&rsquo;ya b\u00fcy\u00fck ilgi &nbsp;Avrasya&rsquo;n\u0131n en b\u00fcy\u00fck i\u015f geli\u015ftirme ve teknoloji platformu CeBIT Bili\u015fim Eurasia, d\u00fcnya ve T\u00fcrkiye&rsquo;nin d\u00f6rt bir yan\u0131ndan gelen konuklar\u0131n\u0131 a\u011f\u0131rlamaya&#8230;<\/p>\n","protected":false},"author":2,"featured_media":0,"comment_status":"open","ping_status":"open","sticky":false,"template":"","format":"standard","meta":{"footnotes":""},"categories":[3],"tags":[],"class_list":["post-1611","post","type-post","status-publish","format-standard","hentry","category-blogum"],"yoast_head":"<!-- This site is optimized with the Yoast SEO plugin v26.8 - https:\/\/yoast.com\/product\/yoast-seo-wordpress\/ -->\n<title>CeBIT Bili\u015fim Eurasia - 9 Ekim 2009 - At\u0131f \u00dcnald\u0131<\/title>\n<meta name=\"robots\" content=\"index, follow, max-snippet:-1, max-image-preview:large, max-video-preview:-1\" \/>\n<link rel=\"canonical\" href=\"http:\/\/atif.unaldi.org\/blog\/2009\/10\/09\/cebit-bilisim-eurasia-9-ekim-2009\/\" \/>\n<meta property=\"og:locale\" content=\"tr_TR\" \/>\n<meta property=\"og:type\" content=\"article\" \/>\n<meta property=\"og:title\" content=\"CeBIT Bili\u015fim Eurasia - 9 Ekim 2009 - At\u0131f \u00dcnald\u0131\" \/>\n<meta property=\"og:description\" content=\"Resimleri ger\u00e7ek boyutunda g\u00f6r\u00fcnt\u00fcleyebilmek i\u00e7in l\u00fctfen \u00fczerine t\u0131klay\u0131n\u0131z: Avrasya&rsquo;n\u0131n bili\u015fim ba\u015fkentiCeBIT Bili\u015fim Eurasia&rsquo;ya b\u00fcy\u00fck ilgi &nbsp;Avrasya&rsquo;n\u0131n en b\u00fcy\u00fck i\u015f geli\u015ftirme ve teknoloji platformu CeBIT Bili\u015fim Eurasia, d\u00fcnya ve T\u00fcrkiye&rsquo;nin d\u00f6rt bir yan\u0131ndan gelen konuklar\u0131n\u0131 a\u011f\u0131rlamaya...\" \/>\n<meta property=\"og:url\" content=\"http:\/\/atif.unaldi.org\/blog\/2009\/10\/09\/cebit-bilisim-eurasia-9-ekim-2009\/\" \/>\n<meta property=\"og:site_name\" content=\"At\u0131f \u00dcnald\u0131\" \/>\n<meta property=\"article:publisher\" content=\"https:\/\/www.facebook.com\/atifunaldi\" \/>\n<meta property=\"article:author\" content=\"https:\/\/www.facebook.com\/atifunaldi\" \/>\n<meta property=\"article:published_time\" content=\"2009-10-09T13:11:36+00:00\" \/>\n<meta property=\"og:image\" content=\"http:\/\/www.bsnods.com\/2008\/PressRelUpl\/images\/s1255091688_CeBIT_Gorsel01.JPG\" \/>\n<meta name=\"author\" content=\"Atif Unaldi\" \/>\n<meta name=\"twitter:card\" content=\"summary_large_image\" \/>\n<meta name=\"twitter:creator\" content=\"@https:\/\/twitter.com\/atifunaldi\" \/>\n<meta name=\"twitter:site\" content=\"@atifunaldi\" \/>\n<meta name=\"twitter:label1\" content=\"Yazan:\" \/>\n\t<meta name=\"twitter:data1\" content=\"Atif Unaldi\" \/>\n\t<meta name=\"twitter:label2\" content=\"Tahmini okuma s\u00fcresi\" \/>\n\t<meta name=\"twitter:data2\" content=\"5 dakika\" \/>\n<script type=\"application\/ld+json\" class=\"yoast-schema-graph\">{\"@context\":\"https:\/\/schema.org\",\"@graph\":[{\"@type\":\"Article\",\"@id\":\"http:\/\/atif.unaldi.org\/blog\/2009\/10\/09\/cebit-bilisim-eurasia-9-ekim-2009\/#article\",\"isPartOf\":{\"@id\":\"http:\/\/atif.unaldi.org\/blog\/2009\/10\/09\/cebit-bilisim-eurasia-9-ekim-2009\/\"},\"author\":{\"name\":\"Atif Unaldi\",\"@id\":\"http:\/\/atif.unaldi.org\/blog\/#\/schema\/person\/608ed42ecbda2bc5cfdb767ac1db479b\"},\"headline\":\"CeBIT Bili\u015fim Eurasia &#8211; 9 Ekim 2009\",\"datePublished\":\"2009-10-09T13:11:36+00:00\",\"mainEntityOfPage\":{\"@id\":\"http:\/\/atif.unaldi.org\/blog\/2009\/10\/09\/cebit-bilisim-eurasia-9-ekim-2009\/\"},\"wordCount\":1082,\"commentCount\":0,\"publisher\":{\"@id\":\"http:\/\/atif.unaldi.org\/blog\/#\/schema\/person\/608ed42ecbda2bc5cfdb767ac1db479b\"},\"image\":{\"@id\":\"http:\/\/atif.unaldi.org\/blog\/2009\/10\/09\/cebit-bilisim-eurasia-9-ekim-2009\/#primaryimage\"},\"thumbnailUrl\":\"http:\/\/www.bsnods.com\/2008\/PressRelUpl\/images\/s1255091688_CeBIT_Gorsel01.JPG\",\"articleSection\":[\"Blogum\"],\"inLanguage\":\"tr\",\"potentialAction\":[{\"@type\":\"CommentAction\",\"name\":\"Comment\",\"target\":[\"http:\/\/atif.unaldi.org\/blog\/2009\/10\/09\/cebit-bilisim-eurasia-9-ekim-2009\/#respond\"]}]},{\"@type\":\"WebPage\",\"@id\":\"http:\/\/atif.unaldi.org\/blog\/2009\/10\/09\/cebit-bilisim-eurasia-9-ekim-2009\/\",\"url\":\"http:\/\/atif.unaldi.org\/blog\/2009\/10\/09\/cebit-bilisim-eurasia-9-ekim-2009\/\",\"name\":\"CeBIT Bili\u015fim Eurasia - 9 Ekim 2009 - At\u0131f \u00dcnald\u0131\",\"isPartOf\":{\"@id\":\"http:\/\/atif.unaldi.org\/blog\/#website\"},\"primaryImageOfPage\":{\"@id\":\"http:\/\/atif.unaldi.org\/blog\/2009\/10\/09\/cebit-bilisim-eurasia-9-ekim-2009\/#primaryimage\"},\"image\":{\"@id\":\"http:\/\/atif.unaldi.org\/blog\/2009\/10\/09\/cebit-bilisim-eurasia-9-ekim-2009\/#primaryimage\"},\"thumbnailUrl\":\"http:\/\/www.bsnods.com\/2008\/PressRelUpl\/images\/s1255091688_CeBIT_Gorsel01.JPG\",\"datePublished\":\"2009-10-09T13:11:36+00:00\",\"breadcrumb\":{\"@id\":\"http:\/\/atif.unaldi.org\/blog\/2009\/10\/09\/cebit-bilisim-eurasia-9-ekim-2009\/#breadcrumb\"},\"inLanguage\":\"tr\",\"potentialAction\":[{\"@type\":\"ReadAction\",\"target\":[\"http:\/\/atif.unaldi.org\/blog\/2009\/10\/09\/cebit-bilisim-eurasia-9-ekim-2009\/\"]}]},{\"@type\":\"ImageObject\",\"inLanguage\":\"tr\",\"@id\":\"http:\/\/atif.unaldi.org\/blog\/2009\/10\/09\/cebit-bilisim-eurasia-9-ekim-2009\/#primaryimage\",\"url\":\"http:\/\/www.bsnods.com\/2008\/PressRelUpl\/images\/s1255091688_CeBIT_Gorsel01.JPG\",\"contentUrl\":\"http:\/\/www.bsnods.com\/2008\/PressRelUpl\/images\/s1255091688_CeBIT_Gorsel01.JPG\"},{\"@type\":\"BreadcrumbList\",\"@id\":\"http:\/\/atif.unaldi.org\/blog\/2009\/10\/09\/cebit-bilisim-eurasia-9-ekim-2009\/#breadcrumb\",\"itemListElement\":[{\"@type\":\"ListItem\",\"position\":1,\"name\":\"Anasayfa\",\"item\":\"http:\/\/atif.unaldi.org\/blog\/\"},{\"@type\":\"ListItem\",\"position\":2,\"name\":\"CeBIT Bili\u015fim Eurasia &#8211; 9 Ekim 2009\"}]},{\"@type\":\"WebSite\",\"@id\":\"http:\/\/atif.unaldi.org\/blog\/#website\",\"url\":\"http:\/\/atif.unaldi.org\/blog\/\",\"name\":\"At\u0131f \u00dcnald\u0131\",\"description\":\"Yazar\",\"publisher\":{\"@id\":\"http:\/\/atif.unaldi.org\/blog\/#\/schema\/person\/608ed42ecbda2bc5cfdb767ac1db479b\"},\"alternateName\":\"At\u0131f \u00dcnald\u0131 Blog\",\"potentialAction\":[{\"@type\":\"SearchAction\",\"target\":{\"@type\":\"EntryPoint\",\"urlTemplate\":\"http:\/\/atif.unaldi.org\/blog\/?s={search_term_string}\"},\"query-input\":{\"@type\":\"PropertyValueSpecification\",\"valueRequired\":true,\"valueName\":\"search_term_string\"}}],\"inLanguage\":\"tr\"},{\"@type\":[\"Person\",\"Organization\"],\"@id\":\"http:\/\/atif.unaldi.org\/blog\/#\/schema\/person\/608ed42ecbda2bc5cfdb767ac1db479b\",\"name\":\"Atif Unaldi\",\"image\":{\"@type\":\"ImageObject\",\"inLanguage\":\"tr\",\"@id\":\"http:\/\/atif.unaldi.org\/blog\/#\/schema\/person\/image\/\",\"url\":\"http:\/\/atif.unaldi.org\/blog\/wp-content\/uploads\/2022\/10\/cropped-a94e8f7a-67c4-4d65-8a5f-032ba784be53-2.jpg\",\"contentUrl\":\"http:\/\/atif.unaldi.org\/blog\/wp-content\/uploads\/2022\/10\/cropped-a94e8f7a-67c4-4d65-8a5f-032ba784be53-2.jpg\",\"width\":512,\"height\":512,\"caption\":\"Atif Unaldi\"},\"logo\":{\"@id\":\"http:\/\/atif.unaldi.org\/blog\/#\/schema\/person\/image\/\"},\"description\":\"Bo\u011fazi\u00e7i \u00dcniversitesinde Fizik B\u00f6l\u00fcm\u00fc\u2019nde e\u011fitim ald\u0131\u011f\u0131 y\u0131llarda T\u00fcrkiye\u2019de ilk kez iki bilgisayar\u0131 telefon hatlar\u0131 \u00fczerinden konu\u015fturan BBS sistemini kurarak, T\u00fcrkiye\u2019deki ilk internet a\u011f\u0131n\u0131 olu\u015fturmu\u015ftur. Bir \u00e7ok radyo ve televizyonda program yap\u0131mc\u0131l\u0131\u011f\u0131 ve sunuculu\u011funu, bir \u00e7ok teknoloji dergisinde k\u00f6\u015fe yazarl\u0131\u011f\u0131, bili\u015fim edit\u00f6rl\u00fc\u011f\u00fc ve genel yay\u0131n y\u00f6netmenli\u011fi yapt\u0131. T\u00fcrkiye\u2019deki ilk internet servis sa\u011flay\u0131c\u0131s\u0131n\u0131n genel m\u00fcd\u00fcrl\u00fc\u011f\u00fcn\u00fc \u00fcstlendi. Bir \u00e7ok organizasyon ve kurulu\u015fta internet s\u00fcperviz\u00f6rl\u00fc\u011f\u00fc , webmaster\u2019l\u0131\u011f\u0131 , IT direkt\u00f6rl\u00fc\u011f\u00fc ve dijital projeler koordinat\u00f6rl\u00fc\u011f\u00fc g\u00f6revlerinde bulundu. Farkl\u0131 \u00fcniversitelerin farkl\u0131 fak\u00fcltelerinde \u00f6\u011fretim g\u00f6revlisi olarak bulunmu\u015f olan \u00dcnald\u0131; \u015fu an teknoloji ve pazarlama konular\u0131 ba\u015fta olmak \u00fczere bir\u00e7ok alanda hizmet veren Unaldi Consultancy\u2019nin kurucusudur. \\u2028Selin \u00dcnald\u0131 ile evlidir. Su ve Toprak isminde iki \u00e7ocu\u011fu vard\u0131r.\",\"sameAs\":[\"http:\/\/atif.unaldi.org\/blog\",\"https:\/\/www.facebook.com\/atifunaldi\",\"https:\/\/www.instagram.com\/atifunaldi\/\",\"https:\/\/www.linkedin.com\/in\/atifunaldi\",\"https:\/\/x.com\/https:\/\/twitter.com\/atifunaldi\",\"https:\/\/www.youtube.com\/c\/atifunaldi\",\"https:\/\/soundcloud.com\/atif-unaldi\",\"https:\/\/atifunaldi.tumblr.com\"],\"url\":\"http:\/\/atif.unaldi.org\/blog\/author\/atifunaldi\/\"}]}<\/script>\n<!-- \/ Yoast SEO plugin. -->","yoast_head_json":{"title":"CeBIT Bili\u015fim Eurasia - 9 Ekim 2009 - At\u0131f \u00dcnald\u0131","robots":{"index":"index","follow":"follow","max-snippet":"max-snippet:-1","max-image-preview":"max-image-preview:large","max-video-preview":"max-video-preview:-1"},"canonical":"http:\/\/atif.unaldi.org\/blog\/2009\/10\/09\/cebit-bilisim-eurasia-9-ekim-2009\/","og_locale":"tr_TR","og_type":"article","og_title":"CeBIT Bili\u015fim Eurasia - 9 Ekim 2009 - At\u0131f \u00dcnald\u0131","og_description":"Resimleri ger\u00e7ek boyutunda g\u00f6r\u00fcnt\u00fcleyebilmek i\u00e7in l\u00fctfen \u00fczerine t\u0131klay\u0131n\u0131z: Avrasya&rsquo;n\u0131n bili\u015fim ba\u015fkentiCeBIT Bili\u015fim Eurasia&rsquo;ya b\u00fcy\u00fck ilgi &nbsp;Avrasya&rsquo;n\u0131n en b\u00fcy\u00fck i\u015f geli\u015ftirme ve teknoloji platformu CeBIT Bili\u015fim Eurasia, d\u00fcnya ve T\u00fcrkiye&rsquo;nin d\u00f6rt bir yan\u0131ndan gelen konuklar\u0131n\u0131 a\u011f\u0131rlamaya...","og_url":"http:\/\/atif.unaldi.org\/blog\/2009\/10\/09\/cebit-bilisim-eurasia-9-ekim-2009\/","og_site_name":"At\u0131f \u00dcnald\u0131","article_publisher":"https:\/\/www.facebook.com\/atifunaldi","article_author":"https:\/\/www.facebook.com\/atifunaldi","article_published_time":"2009-10-09T13:11:36+00:00","og_image":[{"url":"http:\/\/www.bsnods.com\/2008\/PressRelUpl\/images\/s1255091688_CeBIT_Gorsel01.JPG","type":"","width":"","height":""}],"author":"Atif Unaldi","twitter_card":"summary_large_image","twitter_creator":"@https:\/\/twitter.com\/atifunaldi","twitter_site":"@atifunaldi","twitter_misc":{"Yazan:":"Atif Unaldi","Tahmini okuma s\u00fcresi":"5 dakika"},"schema":{"@context":"https:\/\/schema.org","@graph":[{"@type":"Article","@id":"http:\/\/atif.unaldi.org\/blog\/2009\/10\/09\/cebit-bilisim-eurasia-9-ekim-2009\/#article","isPartOf":{"@id":"http:\/\/atif.unaldi.org\/blog\/2009\/10\/09\/cebit-bilisim-eurasia-9-ekim-2009\/"},"author":{"name":"Atif Unaldi","@id":"http:\/\/atif.unaldi.org\/blog\/#\/schema\/person\/608ed42ecbda2bc5cfdb767ac1db479b"},"headline":"CeBIT Bili\u015fim Eurasia &#8211; 9 Ekim 2009","datePublished":"2009-10-09T13:11:36+00:00","mainEntityOfPage":{"@id":"http:\/\/atif.unaldi.org\/blog\/2009\/10\/09\/cebit-bilisim-eurasia-9-ekim-2009\/"},"wordCount":1082,"commentCount":0,"publisher":{"@id":"http:\/\/atif.unaldi.org\/blog\/#\/schema\/person\/608ed42ecbda2bc5cfdb767ac1db479b"},"image":{"@id":"http:\/\/atif.unaldi.org\/blog\/2009\/10\/09\/cebit-bilisim-eurasia-9-ekim-2009\/#primaryimage"},"thumbnailUrl":"http:\/\/www.bsnods.com\/2008\/PressRelUpl\/images\/s1255091688_CeBIT_Gorsel01.JPG","articleSection":["Blogum"],"inLanguage":"tr","potentialAction":[{"@type":"CommentAction","name":"Comment","target":["http:\/\/atif.unaldi.org\/blog\/2009\/10\/09\/cebit-bilisim-eurasia-9-ekim-2009\/#respond"]}]},{"@type":"WebPage","@id":"http:\/\/atif.unaldi.org\/blog\/2009\/10\/09\/cebit-bilisim-eurasia-9-ekim-2009\/","url":"http:\/\/atif.unaldi.org\/blog\/2009\/10\/09\/cebit-bilisim-eurasia-9-ekim-2009\/","name":"CeBIT Bili\u015fim Eurasia - 9 Ekim 2009 - At\u0131f \u00dcnald\u0131","isPartOf":{"@id":"http:\/\/atif.unaldi.org\/blog\/#website"},"primaryImageOfPage":{"@id":"http:\/\/atif.unaldi.org\/blog\/2009\/10\/09\/cebit-bilisim-eurasia-9-ekim-2009\/#primaryimage"},"image":{"@id":"http:\/\/atif.unaldi.org\/blog\/2009\/10\/09\/cebit-bilisim-eurasia-9-ekim-2009\/#primaryimage"},"thumbnailUrl":"http:\/\/www.bsnods.com\/2008\/PressRelUpl\/images\/s1255091688_CeBIT_Gorsel01.JPG","datePublished":"2009-10-09T13:11:36+00:00","breadcrumb":{"@id":"http:\/\/atif.unaldi.org\/blog\/2009\/10\/09\/cebit-bilisim-eurasia-9-ekim-2009\/#breadcrumb"},"inLanguage":"tr","potentialAction":[{"@type":"ReadAction","target":["http:\/\/atif.unaldi.org\/blog\/2009\/10\/09\/cebit-bilisim-eurasia-9-ekim-2009\/"]}]},{"@type":"ImageObject","inLanguage":"tr","@id":"http:\/\/atif.unaldi.org\/blog\/2009\/10\/09\/cebit-bilisim-eurasia-9-ekim-2009\/#primaryimage","url":"http:\/\/www.bsnods.com\/2008\/PressRelUpl\/images\/s1255091688_CeBIT_Gorsel01.JPG","contentUrl":"http:\/\/www.bsnods.com\/2008\/PressRelUpl\/images\/s1255091688_CeBIT_Gorsel01.JPG"},{"@type":"BreadcrumbList","@id":"http:\/\/atif.unaldi.org\/blog\/2009\/10\/09\/cebit-bilisim-eurasia-9-ekim-2009\/#breadcrumb","itemListElement":[{"@type":"ListItem","position":1,"name":"Anasayfa","item":"http:\/\/atif.unaldi.org\/blog\/"},{"@type":"ListItem","position":2,"name":"CeBIT Bili\u015fim Eurasia &#8211; 9 Ekim 2009"}]},{"@type":"WebSite","@id":"http:\/\/atif.unaldi.org\/blog\/#website","url":"http:\/\/atif.unaldi.org\/blog\/","name":"At\u0131f \u00dcnald\u0131","description":"Yazar","publisher":{"@id":"http:\/\/atif.unaldi.org\/blog\/#\/schema\/person\/608ed42ecbda2bc5cfdb767ac1db479b"},"alternateName":"At\u0131f \u00dcnald\u0131 Blog","potentialAction":[{"@type":"SearchAction","target":{"@type":"EntryPoint","urlTemplate":"http:\/\/atif.unaldi.org\/blog\/?s={search_term_string}"},"query-input":{"@type":"PropertyValueSpecification","valueRequired":true,"valueName":"search_term_string"}}],"inLanguage":"tr"},{"@type":["Person","Organization"],"@id":"http:\/\/atif.unaldi.org\/blog\/#\/schema\/person\/608ed42ecbda2bc5cfdb767ac1db479b","name":"Atif Unaldi","image":{"@type":"ImageObject","inLanguage":"tr","@id":"http:\/\/atif.unaldi.org\/blog\/#\/schema\/person\/image\/","url":"http:\/\/atif.unaldi.org\/blog\/wp-content\/uploads\/2022\/10\/cropped-a94e8f7a-67c4-4d65-8a5f-032ba784be53-2.jpg","contentUrl":"http:\/\/atif.unaldi.org\/blog\/wp-content\/uploads\/2022\/10\/cropped-a94e8f7a-67c4-4d65-8a5f-032ba784be53-2.jpg","width":512,"height":512,"caption":"Atif Unaldi"},"logo":{"@id":"http:\/\/atif.unaldi.org\/blog\/#\/schema\/person\/image\/"},"description":"Bo\u011fazi\u00e7i \u00dcniversitesinde Fizik B\u00f6l\u00fcm\u00fc\u2019nde e\u011fitim ald\u0131\u011f\u0131 y\u0131llarda T\u00fcrkiye\u2019de ilk kez iki bilgisayar\u0131 telefon hatlar\u0131 \u00fczerinden konu\u015fturan BBS sistemini kurarak, T\u00fcrkiye\u2019deki ilk internet a\u011f\u0131n\u0131 olu\u015fturmu\u015ftur. Bir \u00e7ok radyo ve televizyonda program yap\u0131mc\u0131l\u0131\u011f\u0131 ve sunuculu\u011funu, bir \u00e7ok teknoloji dergisinde k\u00f6\u015fe yazarl\u0131\u011f\u0131, bili\u015fim edit\u00f6rl\u00fc\u011f\u00fc ve genel yay\u0131n y\u00f6netmenli\u011fi yapt\u0131. T\u00fcrkiye\u2019deki ilk internet servis sa\u011flay\u0131c\u0131s\u0131n\u0131n genel m\u00fcd\u00fcrl\u00fc\u011f\u00fcn\u00fc \u00fcstlendi. Bir \u00e7ok organizasyon ve kurulu\u015fta internet s\u00fcperviz\u00f6rl\u00fc\u011f\u00fc , webmaster\u2019l\u0131\u011f\u0131 , IT direkt\u00f6rl\u00fc\u011f\u00fc ve dijital projeler koordinat\u00f6rl\u00fc\u011f\u00fc g\u00f6revlerinde bulundu. Farkl\u0131 \u00fcniversitelerin farkl\u0131 fak\u00fcltelerinde \u00f6\u011fretim g\u00f6revlisi olarak bulunmu\u015f olan \u00dcnald\u0131; \u015fu an teknoloji ve pazarlama konular\u0131 ba\u015fta olmak \u00fczere bir\u00e7ok alanda hizmet veren Unaldi Consultancy\u2019nin kurucusudur. \u2028Selin \u00dcnald\u0131 ile evlidir. Su ve Toprak isminde iki \u00e7ocu\u011fu vard\u0131r.","sameAs":["http:\/\/atif.unaldi.org\/blog","https:\/\/www.facebook.com\/atifunaldi","https:\/\/www.instagram.com\/atifunaldi\/","https:\/\/www.linkedin.com\/in\/atifunaldi","https:\/\/x.com\/https:\/\/twitter.com\/atifunaldi","https:\/\/www.youtube.com\/c\/atifunaldi","https:\/\/soundcloud.com\/atif-unaldi","https:\/\/atifunaldi.tumblr.com"],"url":"http:\/\/atif.unaldi.org\/blog\/author\/atifunaldi\/"}]}},"jetpack_featured_media_url":"","_links":{"self":[{"href":"http:\/\/atif.unaldi.org\/blog\/wp-json\/wp\/v2\/posts\/1611","targetHints":{"allow":["GET"]}}],"collection":[{"href":"http:\/\/atif.unaldi.org\/blog\/wp-json\/wp\/v2\/posts"}],"about":[{"href":"http:\/\/atif.unaldi.org\/blog\/wp-json\/wp\/v2\/types\/post"}],"author":[{"embeddable":true,"href":"http:\/\/atif.unaldi.org\/blog\/wp-json\/wp\/v2\/users\/2"}],"replies":[{"embeddable":true,"href":"http:\/\/atif.unaldi.org\/blog\/wp-json\/wp\/v2\/comments?post=1611"}],"version-history":[{"count":0,"href":"http:\/\/atif.unaldi.org\/blog\/wp-json\/wp\/v2\/posts\/1611\/revisions"}],"wp:attachment":[{"href":"http:\/\/atif.unaldi.org\/blog\/wp-json\/wp\/v2\/media?parent=1611"}],"wp:term":[{"taxonomy":"category","embeddable":true,"href":"http:\/\/atif.unaldi.org\/blog\/wp-json\/wp\/v2\/categories?post=1611"},{"taxonomy":"post_tag","embeddable":true,"href":"http:\/\/atif.unaldi.org\/blog\/wp-json\/wp\/v2\/tags?post=1611"}],"curies":[{"name":"wp","href":"https:\/\/api.w.org\/{rel}","templated":true}]}}