{"id":1615,"date":"2009-10-12T08:19:46","date_gmt":"2009-10-12T08:19:46","guid":{"rendered":"http:\/\/haberler.atifunaldi.info\/2009\/10\/12\/sun-microsystems-oracle-open-worldde-yenilikci-kurumsal-cozumlerini-sergiliyor"},"modified":"2009-10-12T08:19:46","modified_gmt":"2009-10-12T08:19:46","slug":"sun-microsystems-oracle-open-worldde-yenilikci-kurumsal-cozumlerini-sergiliyor","status":"publish","type":"post","link":"http:\/\/atif.unaldi.org\/blog\/2009\/10\/12\/sun-microsystems-oracle-open-worldde-yenilikci-kurumsal-cozumlerini-sergiliyor\/","title":{"rendered":"Sun Microsystems, Oracle Open World&#8217;de yenilik\u00e7i kurumsal \u00e7\u00f6z\u00fcmlerini sergiliyor"},"content":{"rendered":"<div class='p_embed p_image_embed'>\n<a href=\"http:\/\/atifunaldi.files.wordpress.com\/2009\/10\/sunlogo-scaled-100012.jpg\"><img loading=\"lazy\" decoding=\"async\" alt=\"Sunlogo\" height=\"228\" src=\"http:\/\/atifunaldi.files.wordpress.com\/2009\/10\/sunlogo-scaled-100012.jpg?w=300\" width=\"500\" \/><\/a>\n<\/div>\n<p>A\u00e7\u0131l\u0131\u015f konu\u015fmas\u0131n\u0131 Sun Y\u00f6netim Kurulu Ba\u015fkan\u0131 ve Kurucu Orta\u011f\u0131 Scott <br \/>McNealy&#8217;nin yapt\u0131\u011f\u0131 Oracle Open World&#8217;de Sun, m\u00fc\u015fteride yarat\u0131lan <br \/>de\u011feri ve i\u015f performans\u0131n\u0131 art\u0131racak yeni kurumsal \u00fcr\u00fcnleri, <br \/>teknolojileri ve kar\u015f\u0131la\u015ft\u0131rmal\u0131 test sonu\u00e7lar\u0131n\u0131 kat\u0131l\u0131mc\u0131larla <br \/>payla\u015f\u0131yor. <\/p>\n<p \/> Sun Microsystems, 11 &#8211; 15 Ekim tarihleri aras\u0131nda San Francisco&#8217;da <br \/>d\u00fczenlenen Oracle OpenWorld Konferans\u0131&#8217;nda end\u00fcstriye y\u00f6n veren <br \/>yenilikler sunmadaki 27 y\u0131ll\u0131k ge\u00e7mi\u015fini ve yeni test sonu\u00e7lar\u0131n\u0131 <br \/>duyurman\u0131n yan\u0131s\u0131ra en yeni teknolojilerini tan\u0131t\u0131yor ve d\u00fcnya <br \/>genelindeki m\u00fc\u015fterilere Oracle ile uzun zamand\u0131r devam eden ortakl\u0131\u011f\u0131n <br \/>katt\u0131\u011f\u0131 de\u011feri payla\u015f\u0131yor. <\/p>\n<p \/> Oracle Open World 2009&#8217;un ilk g\u00fcn\u00fcnde Sun Microsystems Y\u00f6netim Kurulu <br \/>Ba\u015fkan\u0131 ve Kurucu Orta\u011f\u0131 Scott McNealy, sahnede Oracle CEO&#8217;su Larry <br \/>Ellison ve k\u0131demli Sun y\u00f6neticilerinin e\u015fli\u011finde ger\u00e7ekle\u015ftirdi\u011fi <br \/>&#8220;Yenilikte Son Nokta&#8221; ba\u015fl\u0131kl\u0131 konu\u015fmas\u0131nda, Sun&#8217;\u0131n end\u00fcstride oyunun <br \/>kurallar\u0131n\u0131 de\u011fi\u015ftiren yenilikleri ve d\u00fcnyadaki en son pazar <br \/>e\u011filimleri ile ilgili de\u011ferlendirmelerde bulundu. <\/p>\n<p \/> Sun Microsystems, etkinlikte ilk kez Flash Storage Array \u00fcr\u00fcnleri ve <br \/>yeni geli\u015ftirilen sunucu \u00f6zellikleri konular\u0131nda \u00f6nemli \u00fcr\u00fcn <br \/>duyurular\u0131 yap\u0131yor. Sun&#8217;\u0131n depolama ve sunucu \u00fcr\u00fcn portf\u00f6y\u00fcnde <br \/>kat\u0131l\u0131mc\u0131larla payla\u015faca\u011f\u0131 geli\u015fmelerin veritaban\u0131n\u0131 ve kurumsal <br \/>uygulamalar\u0131 h\u0131zland\u0131rmas\u0131, m\u00fc\u015fterilere daha fazla de\u011fer katmas\u0131 <br \/>hedefleniyor. Sun&#8217;\u0131n yapaca\u011f\u0131 duyurular kapsam\u0131nda Sun&#8217;\u0131n Oracle <br \/>Exadata platformundaki depolama tasar\u0131m\u0131 \u00f6d\u00fcl\u00fcn\u00fcn yan\u0131 s\u0131ra pazara <br \/>yeni sunulan depolama ve sunucu sistemleri ve firman\u0131n Solaris 10 <br \/>\u0130\u015fletim Sistemi&#8217;nin son s\u00fcr\u00fcm\u00fc de yer al\u0131yor. <\/p>\n<p \/> Sun, Oracle Develop&#8217;un bir par\u00e7as\u0131 olarak Open World&#8217;de 30 genel <br \/>oturum ve 10 geli\u015ftirici oturumu olmak \u00fczere 40&#8217;\u0131n \u00fczerinde konferans <br \/>d\u00fczenliyor. Kat\u0131l\u0131mc\u0131lar etkinlik boyunca Sun&#8217;\u0131n a\u015fa\u011f\u0131daki konu <br \/>ba\u015fl\u0131klar\u0131yla \u00f6zetlenebilecek 27 yeni demosunu izleme olana\u011f\u0131 <br \/>buluyorlar: <\/p>\n<p \/>  * Solaris, Java teknolojisi ve sanalla\u015ft\u0131rma \u00e7\u00f6z\u00fcmleri alan\u0131ndaki <br \/>en son yenilikler <br \/> * Oracle uygulamalar\u0131na y\u00f6nelik yeni veri hizmetleri ve g\u00fcvenlik \u00f6zellikleri <br \/> * Sun&#8217;\u0131n tam entegre bilgi-i\u015flem altyap\u0131s\u0131 &#8211; Oracle \u00e7\u00f6z\u00fcmlerinde <br \/>yap\u0131 ta\u015flar\u0131n\u0131 olu\u015fturan sunucular, depolama, yaz\u0131l\u0131m ve a\u011f \u00e7\u00f6z\u00fcmleri <br \/> * Performans, mod\u00fclerlik, \u00e7oklu dil deste\u011fi ve JavaFX yaz\u0131l\u0131m\u0131yla <br \/>yeni nesil UI geli\u015ftirme gibi Java teknolojisindeki en son geli\u015fmeler <br \/> * Uygulama geli\u015ftirici toplulu\u011fu i\u00e7in en yeni ara\u00e7lar, yaz\u0131l\u0131mlar <br \/>ve destek hizmetleri.<\/p>\n","protected":false},"excerpt":{"rendered":"<p>A\u00e7\u0131l\u0131\u015f konu\u015fmas\u0131n\u0131 Sun Y\u00f6netim Kurulu Ba\u015fkan\u0131 ve Kurucu Orta\u011f\u0131 Scott McNealy&#8217;nin yapt\u0131\u011f\u0131 Oracle Open World&#8217;de Sun, m\u00fc\u015fteride yarat\u0131lan de\u011feri ve i\u015f performans\u0131n\u0131 art\u0131racak yeni kurumsal \u00fcr\u00fcnleri, teknolojileri ve kar\u015f\u0131la\u015ft\u0131rmal\u0131 test sonu\u00e7lar\u0131n\u0131 kat\u0131l\u0131mc\u0131larla payla\u015f\u0131yor. Sun Microsystems,&#8230;<\/p>\n","protected":false},"author":2,"featured_media":0,"comment_status":"open","ping_status":"open","sticky":false,"template":"","format":"standard","meta":{"footnotes":""},"categories":[3],"tags":[],"class_list":["post-1615","post","type-post","status-publish","format-standard","hentry","category-blogum"],"yoast_head":"<!-- This site is optimized with the Yoast SEO plugin v26.8 - https:\/\/yoast.com\/product\/yoast-seo-wordpress\/ -->\n<title>Sun Microsystems, Oracle Open World&#039;de yenilik\u00e7i kurumsal \u00e7\u00f6z\u00fcmlerini sergiliyor - At\u0131f \u00dcnald\u0131<\/title>\n<meta name=\"robots\" content=\"index, follow, max-snippet:-1, max-image-preview:large, max-video-preview:-1\" \/>\n<link rel=\"canonical\" href=\"http:\/\/atif.unaldi.org\/blog\/2009\/10\/12\/sun-microsystems-oracle-open-worldde-yenilikci-kurumsal-cozumlerini-sergiliyor\/\" \/>\n<meta property=\"og:locale\" content=\"tr_TR\" \/>\n<meta property=\"og:type\" content=\"article\" \/>\n<meta property=\"og:title\" content=\"Sun Microsystems, Oracle Open World&#039;de yenilik\u00e7i kurumsal \u00e7\u00f6z\u00fcmlerini sergiliyor - At\u0131f \u00dcnald\u0131\" \/>\n<meta property=\"og:description\" content=\"A\u00e7\u0131l\u0131\u015f konu\u015fmas\u0131n\u0131 Sun Y\u00f6netim Kurulu Ba\u015fkan\u0131 ve Kurucu Orta\u011f\u0131 Scott McNealy&#8217;nin yapt\u0131\u011f\u0131 Oracle Open World&#8217;de Sun, m\u00fc\u015fteride yarat\u0131lan de\u011feri ve i\u015f performans\u0131n\u0131 art\u0131racak yeni kurumsal \u00fcr\u00fcnleri, teknolojileri ve kar\u015f\u0131la\u015ft\u0131rmal\u0131 test sonu\u00e7lar\u0131n\u0131 kat\u0131l\u0131mc\u0131larla payla\u015f\u0131yor. Sun Microsystems,...\" \/>\n<meta property=\"og:url\" content=\"http:\/\/atif.unaldi.org\/blog\/2009\/10\/12\/sun-microsystems-oracle-open-worldde-yenilikci-kurumsal-cozumlerini-sergiliyor\/\" \/>\n<meta property=\"og:site_name\" content=\"At\u0131f \u00dcnald\u0131\" \/>\n<meta property=\"article:publisher\" content=\"https:\/\/www.facebook.com\/atifunaldi\" \/>\n<meta property=\"article:author\" content=\"https:\/\/www.facebook.com\/atifunaldi\" \/>\n<meta property=\"article:published_time\" content=\"2009-10-12T08:19:46+00:00\" \/>\n<meta property=\"og:image\" content=\"http:\/\/atifunaldi.files.wordpress.com\/2009\/10\/sunlogo-scaled-100012.jpg?w=300\" \/>\n<meta name=\"author\" content=\"Atif Unaldi\" \/>\n<meta name=\"twitter:card\" content=\"summary_large_image\" \/>\n<meta name=\"twitter:creator\" content=\"@https:\/\/twitter.com\/atifunaldi\" \/>\n<meta name=\"twitter:site\" content=\"@atifunaldi\" \/>\n<meta name=\"twitter:label1\" content=\"Yazan:\" \/>\n\t<meta name=\"twitter:data1\" content=\"Atif Unaldi\" \/>\n\t<meta name=\"twitter:label2\" content=\"Tahmini okuma s\u00fcresi\" \/>\n\t<meta name=\"twitter:data2\" content=\"2 dakika\" \/>\n<script type=\"application\/ld+json\" class=\"yoast-schema-graph\">{\"@context\":\"https:\/\/schema.org\",\"@graph\":[{\"@type\":\"Article\",\"@id\":\"http:\/\/atif.unaldi.org\/blog\/2009\/10\/12\/sun-microsystems-oracle-open-worldde-yenilikci-kurumsal-cozumlerini-sergiliyor\/#article\",\"isPartOf\":{\"@id\":\"http:\/\/atif.unaldi.org\/blog\/2009\/10\/12\/sun-microsystems-oracle-open-worldde-yenilikci-kurumsal-cozumlerini-sergiliyor\/\"},\"author\":{\"name\":\"Atif Unaldi\",\"@id\":\"http:\/\/atif.unaldi.org\/blog\/#\/schema\/person\/608ed42ecbda2bc5cfdb767ac1db479b\"},\"headline\":\"Sun Microsystems, Oracle Open World&#8217;de yenilik\u00e7i kurumsal \u00e7\u00f6z\u00fcmlerini sergiliyor\",\"datePublished\":\"2009-10-12T08:19:46+00:00\",\"mainEntityOfPage\":{\"@id\":\"http:\/\/atif.unaldi.org\/blog\/2009\/10\/12\/sun-microsystems-oracle-open-worldde-yenilikci-kurumsal-cozumlerini-sergiliyor\/\"},\"wordCount\":440,\"commentCount\":0,\"publisher\":{\"@id\":\"http:\/\/atif.unaldi.org\/blog\/#\/schema\/person\/608ed42ecbda2bc5cfdb767ac1db479b\"},\"image\":{\"@id\":\"http:\/\/atif.unaldi.org\/blog\/2009\/10\/12\/sun-microsystems-oracle-open-worldde-yenilikci-kurumsal-cozumlerini-sergiliyor\/#primaryimage\"},\"thumbnailUrl\":\"http:\/\/atifunaldi.files.wordpress.com\/2009\/10\/sunlogo-scaled-100012.jpg?w=300\",\"articleSection\":[\"Blogum\"],\"inLanguage\":\"tr\",\"potentialAction\":[{\"@type\":\"CommentAction\",\"name\":\"Comment\",\"target\":[\"http:\/\/atif.unaldi.org\/blog\/2009\/10\/12\/sun-microsystems-oracle-open-worldde-yenilikci-kurumsal-cozumlerini-sergiliyor\/#respond\"]}]},{\"@type\":\"WebPage\",\"@id\":\"http:\/\/atif.unaldi.org\/blog\/2009\/10\/12\/sun-microsystems-oracle-open-worldde-yenilikci-kurumsal-cozumlerini-sergiliyor\/\",\"url\":\"http:\/\/atif.unaldi.org\/blog\/2009\/10\/12\/sun-microsystems-oracle-open-worldde-yenilikci-kurumsal-cozumlerini-sergiliyor\/\",\"name\":\"Sun Microsystems, Oracle Open World'de yenilik\u00e7i kurumsal \u00e7\u00f6z\u00fcmlerini sergiliyor - At\u0131f \u00dcnald\u0131\",\"isPartOf\":{\"@id\":\"http:\/\/atif.unaldi.org\/blog\/#website\"},\"primaryImageOfPage\":{\"@id\":\"http:\/\/atif.unaldi.org\/blog\/2009\/10\/12\/sun-microsystems-oracle-open-worldde-yenilikci-kurumsal-cozumlerini-sergiliyor\/#primaryimage\"},\"image\":{\"@id\":\"http:\/\/atif.unaldi.org\/blog\/2009\/10\/12\/sun-microsystems-oracle-open-worldde-yenilikci-kurumsal-cozumlerini-sergiliyor\/#primaryimage\"},\"thumbnailUrl\":\"http:\/\/atifunaldi.files.wordpress.com\/2009\/10\/sunlogo-scaled-100012.jpg?w=300\",\"datePublished\":\"2009-10-12T08:19:46+00:00\",\"breadcrumb\":{\"@id\":\"http:\/\/atif.unaldi.org\/blog\/2009\/10\/12\/sun-microsystems-oracle-open-worldde-yenilikci-kurumsal-cozumlerini-sergiliyor\/#breadcrumb\"},\"inLanguage\":\"tr\",\"potentialAction\":[{\"@type\":\"ReadAction\",\"target\":[\"http:\/\/atif.unaldi.org\/blog\/2009\/10\/12\/sun-microsystems-oracle-open-worldde-yenilikci-kurumsal-cozumlerini-sergiliyor\/\"]}]},{\"@type\":\"ImageObject\",\"inLanguage\":\"tr\",\"@id\":\"http:\/\/atif.unaldi.org\/blog\/2009\/10\/12\/sun-microsystems-oracle-open-worldde-yenilikci-kurumsal-cozumlerini-sergiliyor\/#primaryimage\",\"url\":\"http:\/\/atifunaldi.files.wordpress.com\/2009\/10\/sunlogo-scaled-100012.jpg?w=300\",\"contentUrl\":\"http:\/\/atifunaldi.files.wordpress.com\/2009\/10\/sunlogo-scaled-100012.jpg?w=300\"},{\"@type\":\"BreadcrumbList\",\"@id\":\"http:\/\/atif.unaldi.org\/blog\/2009\/10\/12\/sun-microsystems-oracle-open-worldde-yenilikci-kurumsal-cozumlerini-sergiliyor\/#breadcrumb\",\"itemListElement\":[{\"@type\":\"ListItem\",\"position\":1,\"name\":\"Anasayfa\",\"item\":\"http:\/\/atif.unaldi.org\/blog\/\"},{\"@type\":\"ListItem\",\"position\":2,\"name\":\"Sun Microsystems, Oracle Open World&#8217;de yenilik\u00e7i kurumsal \u00e7\u00f6z\u00fcmlerini sergiliyor\"}]},{\"@type\":\"WebSite\",\"@id\":\"http:\/\/atif.unaldi.org\/blog\/#website\",\"url\":\"http:\/\/atif.unaldi.org\/blog\/\",\"name\":\"At\u0131f \u00dcnald\u0131\",\"description\":\"Yazar\",\"publisher\":{\"@id\":\"http:\/\/atif.unaldi.org\/blog\/#\/schema\/person\/608ed42ecbda2bc5cfdb767ac1db479b\"},\"alternateName\":\"At\u0131f \u00dcnald\u0131 Blog\",\"potentialAction\":[{\"@type\":\"SearchAction\",\"target\":{\"@type\":\"EntryPoint\",\"urlTemplate\":\"http:\/\/atif.unaldi.org\/blog\/?s={search_term_string}\"},\"query-input\":{\"@type\":\"PropertyValueSpecification\",\"valueRequired\":true,\"valueName\":\"search_term_string\"}}],\"inLanguage\":\"tr\"},{\"@type\":[\"Person\",\"Organization\"],\"@id\":\"http:\/\/atif.unaldi.org\/blog\/#\/schema\/person\/608ed42ecbda2bc5cfdb767ac1db479b\",\"name\":\"Atif Unaldi\",\"image\":{\"@type\":\"ImageObject\",\"inLanguage\":\"tr\",\"@id\":\"http:\/\/atif.unaldi.org\/blog\/#\/schema\/person\/image\/\",\"url\":\"http:\/\/atif.unaldi.org\/blog\/wp-content\/uploads\/2022\/10\/cropped-a94e8f7a-67c4-4d65-8a5f-032ba784be53-2.jpg\",\"contentUrl\":\"http:\/\/atif.unaldi.org\/blog\/wp-content\/uploads\/2022\/10\/cropped-a94e8f7a-67c4-4d65-8a5f-032ba784be53-2.jpg\",\"width\":512,\"height\":512,\"caption\":\"Atif Unaldi\"},\"logo\":{\"@id\":\"http:\/\/atif.unaldi.org\/blog\/#\/schema\/person\/image\/\"},\"description\":\"Bo\u011fazi\u00e7i \u00dcniversitesinde Fizik B\u00f6l\u00fcm\u00fc\u2019nde e\u011fitim ald\u0131\u011f\u0131 y\u0131llarda T\u00fcrkiye\u2019de ilk kez iki bilgisayar\u0131 telefon hatlar\u0131 \u00fczerinden konu\u015fturan BBS sistemini kurarak, T\u00fcrkiye\u2019deki ilk internet a\u011f\u0131n\u0131 olu\u015fturmu\u015ftur. Bir \u00e7ok radyo ve televizyonda program yap\u0131mc\u0131l\u0131\u011f\u0131 ve sunuculu\u011funu, bir \u00e7ok teknoloji dergisinde k\u00f6\u015fe yazarl\u0131\u011f\u0131, bili\u015fim edit\u00f6rl\u00fc\u011f\u00fc ve genel yay\u0131n y\u00f6netmenli\u011fi yapt\u0131. T\u00fcrkiye\u2019deki ilk internet servis sa\u011flay\u0131c\u0131s\u0131n\u0131n genel m\u00fcd\u00fcrl\u00fc\u011f\u00fcn\u00fc \u00fcstlendi. Bir \u00e7ok organizasyon ve kurulu\u015fta internet s\u00fcperviz\u00f6rl\u00fc\u011f\u00fc , webmaster\u2019l\u0131\u011f\u0131 , IT direkt\u00f6rl\u00fc\u011f\u00fc ve dijital projeler koordinat\u00f6rl\u00fc\u011f\u00fc g\u00f6revlerinde bulundu. Farkl\u0131 \u00fcniversitelerin farkl\u0131 fak\u00fcltelerinde \u00f6\u011fretim g\u00f6revlisi olarak bulunmu\u015f olan \u00dcnald\u0131; \u015fu an teknoloji ve pazarlama konular\u0131 ba\u015fta olmak \u00fczere bir\u00e7ok alanda hizmet veren Unaldi Consultancy\u2019nin kurucusudur. \\u2028Selin \u00dcnald\u0131 ile evlidir. Su ve Toprak isminde iki \u00e7ocu\u011fu vard\u0131r.\",\"sameAs\":[\"http:\/\/atif.unaldi.org\/blog\",\"https:\/\/www.facebook.com\/atifunaldi\",\"https:\/\/www.instagram.com\/atifunaldi\/\",\"https:\/\/www.linkedin.com\/in\/atifunaldi\",\"https:\/\/x.com\/https:\/\/twitter.com\/atifunaldi\",\"https:\/\/www.youtube.com\/c\/atifunaldi\",\"https:\/\/soundcloud.com\/atif-unaldi\",\"https:\/\/atifunaldi.tumblr.com\"],\"url\":\"http:\/\/atif.unaldi.org\/blog\/author\/atifunaldi\/\"}]}<\/script>\n<!-- \/ Yoast SEO plugin. -->","yoast_head_json":{"title":"Sun Microsystems, Oracle Open World'de yenilik\u00e7i kurumsal \u00e7\u00f6z\u00fcmlerini sergiliyor - At\u0131f \u00dcnald\u0131","robots":{"index":"index","follow":"follow","max-snippet":"max-snippet:-1","max-image-preview":"max-image-preview:large","max-video-preview":"max-video-preview:-1"},"canonical":"http:\/\/atif.unaldi.org\/blog\/2009\/10\/12\/sun-microsystems-oracle-open-worldde-yenilikci-kurumsal-cozumlerini-sergiliyor\/","og_locale":"tr_TR","og_type":"article","og_title":"Sun Microsystems, Oracle Open World'de yenilik\u00e7i kurumsal \u00e7\u00f6z\u00fcmlerini sergiliyor - At\u0131f \u00dcnald\u0131","og_description":"A\u00e7\u0131l\u0131\u015f konu\u015fmas\u0131n\u0131 Sun Y\u00f6netim Kurulu Ba\u015fkan\u0131 ve Kurucu Orta\u011f\u0131 Scott McNealy&#8217;nin yapt\u0131\u011f\u0131 Oracle Open World&#8217;de Sun, m\u00fc\u015fteride yarat\u0131lan de\u011feri ve i\u015f performans\u0131n\u0131 art\u0131racak yeni kurumsal \u00fcr\u00fcnleri, teknolojileri ve kar\u015f\u0131la\u015ft\u0131rmal\u0131 test sonu\u00e7lar\u0131n\u0131 kat\u0131l\u0131mc\u0131larla payla\u015f\u0131yor. Sun Microsystems,...","og_url":"http:\/\/atif.unaldi.org\/blog\/2009\/10\/12\/sun-microsystems-oracle-open-worldde-yenilikci-kurumsal-cozumlerini-sergiliyor\/","og_site_name":"At\u0131f \u00dcnald\u0131","article_publisher":"https:\/\/www.facebook.com\/atifunaldi","article_author":"https:\/\/www.facebook.com\/atifunaldi","article_published_time":"2009-10-12T08:19:46+00:00","og_image":[{"url":"http:\/\/atifunaldi.files.wordpress.com\/2009\/10\/sunlogo-scaled-100012.jpg?w=300","type":"","width":"","height":""}],"author":"Atif Unaldi","twitter_card":"summary_large_image","twitter_creator":"@https:\/\/twitter.com\/atifunaldi","twitter_site":"@atifunaldi","twitter_misc":{"Yazan:":"Atif Unaldi","Tahmini okuma s\u00fcresi":"2 dakika"},"schema":{"@context":"https:\/\/schema.org","@graph":[{"@type":"Article","@id":"http:\/\/atif.unaldi.org\/blog\/2009\/10\/12\/sun-microsystems-oracle-open-worldde-yenilikci-kurumsal-cozumlerini-sergiliyor\/#article","isPartOf":{"@id":"http:\/\/atif.unaldi.org\/blog\/2009\/10\/12\/sun-microsystems-oracle-open-worldde-yenilikci-kurumsal-cozumlerini-sergiliyor\/"},"author":{"name":"Atif Unaldi","@id":"http:\/\/atif.unaldi.org\/blog\/#\/schema\/person\/608ed42ecbda2bc5cfdb767ac1db479b"},"headline":"Sun Microsystems, Oracle Open World&#8217;de yenilik\u00e7i kurumsal \u00e7\u00f6z\u00fcmlerini sergiliyor","datePublished":"2009-10-12T08:19:46+00:00","mainEntityOfPage":{"@id":"http:\/\/atif.unaldi.org\/blog\/2009\/10\/12\/sun-microsystems-oracle-open-worldde-yenilikci-kurumsal-cozumlerini-sergiliyor\/"},"wordCount":440,"commentCount":0,"publisher":{"@id":"http:\/\/atif.unaldi.org\/blog\/#\/schema\/person\/608ed42ecbda2bc5cfdb767ac1db479b"},"image":{"@id":"http:\/\/atif.unaldi.org\/blog\/2009\/10\/12\/sun-microsystems-oracle-open-worldde-yenilikci-kurumsal-cozumlerini-sergiliyor\/#primaryimage"},"thumbnailUrl":"http:\/\/atifunaldi.files.wordpress.com\/2009\/10\/sunlogo-scaled-100012.jpg?w=300","articleSection":["Blogum"],"inLanguage":"tr","potentialAction":[{"@type":"CommentAction","name":"Comment","target":["http:\/\/atif.unaldi.org\/blog\/2009\/10\/12\/sun-microsystems-oracle-open-worldde-yenilikci-kurumsal-cozumlerini-sergiliyor\/#respond"]}]},{"@type":"WebPage","@id":"http:\/\/atif.unaldi.org\/blog\/2009\/10\/12\/sun-microsystems-oracle-open-worldde-yenilikci-kurumsal-cozumlerini-sergiliyor\/","url":"http:\/\/atif.unaldi.org\/blog\/2009\/10\/12\/sun-microsystems-oracle-open-worldde-yenilikci-kurumsal-cozumlerini-sergiliyor\/","name":"Sun Microsystems, Oracle Open World'de yenilik\u00e7i kurumsal \u00e7\u00f6z\u00fcmlerini sergiliyor - At\u0131f \u00dcnald\u0131","isPartOf":{"@id":"http:\/\/atif.unaldi.org\/blog\/#website"},"primaryImageOfPage":{"@id":"http:\/\/atif.unaldi.org\/blog\/2009\/10\/12\/sun-microsystems-oracle-open-worldde-yenilikci-kurumsal-cozumlerini-sergiliyor\/#primaryimage"},"image":{"@id":"http:\/\/atif.unaldi.org\/blog\/2009\/10\/12\/sun-microsystems-oracle-open-worldde-yenilikci-kurumsal-cozumlerini-sergiliyor\/#primaryimage"},"thumbnailUrl":"http:\/\/atifunaldi.files.wordpress.com\/2009\/10\/sunlogo-scaled-100012.jpg?w=300","datePublished":"2009-10-12T08:19:46+00:00","breadcrumb":{"@id":"http:\/\/atif.unaldi.org\/blog\/2009\/10\/12\/sun-microsystems-oracle-open-worldde-yenilikci-kurumsal-cozumlerini-sergiliyor\/#breadcrumb"},"inLanguage":"tr","potentialAction":[{"@type":"ReadAction","target":["http:\/\/atif.unaldi.org\/blog\/2009\/10\/12\/sun-microsystems-oracle-open-worldde-yenilikci-kurumsal-cozumlerini-sergiliyor\/"]}]},{"@type":"ImageObject","inLanguage":"tr","@id":"http:\/\/atif.unaldi.org\/blog\/2009\/10\/12\/sun-microsystems-oracle-open-worldde-yenilikci-kurumsal-cozumlerini-sergiliyor\/#primaryimage","url":"http:\/\/atifunaldi.files.wordpress.com\/2009\/10\/sunlogo-scaled-100012.jpg?w=300","contentUrl":"http:\/\/atifunaldi.files.wordpress.com\/2009\/10\/sunlogo-scaled-100012.jpg?w=300"},{"@type":"BreadcrumbList","@id":"http:\/\/atif.unaldi.org\/blog\/2009\/10\/12\/sun-microsystems-oracle-open-worldde-yenilikci-kurumsal-cozumlerini-sergiliyor\/#breadcrumb","itemListElement":[{"@type":"ListItem","position":1,"name":"Anasayfa","item":"http:\/\/atif.unaldi.org\/blog\/"},{"@type":"ListItem","position":2,"name":"Sun Microsystems, Oracle Open World&#8217;de yenilik\u00e7i kurumsal \u00e7\u00f6z\u00fcmlerini sergiliyor"}]},{"@type":"WebSite","@id":"http:\/\/atif.unaldi.org\/blog\/#website","url":"http:\/\/atif.unaldi.org\/blog\/","name":"At\u0131f \u00dcnald\u0131","description":"Yazar","publisher":{"@id":"http:\/\/atif.unaldi.org\/blog\/#\/schema\/person\/608ed42ecbda2bc5cfdb767ac1db479b"},"alternateName":"At\u0131f \u00dcnald\u0131 Blog","potentialAction":[{"@type":"SearchAction","target":{"@type":"EntryPoint","urlTemplate":"http:\/\/atif.unaldi.org\/blog\/?s={search_term_string}"},"query-input":{"@type":"PropertyValueSpecification","valueRequired":true,"valueName":"search_term_string"}}],"inLanguage":"tr"},{"@type":["Person","Organization"],"@id":"http:\/\/atif.unaldi.org\/blog\/#\/schema\/person\/608ed42ecbda2bc5cfdb767ac1db479b","name":"Atif Unaldi","image":{"@type":"ImageObject","inLanguage":"tr","@id":"http:\/\/atif.unaldi.org\/blog\/#\/schema\/person\/image\/","url":"http:\/\/atif.unaldi.org\/blog\/wp-content\/uploads\/2022\/10\/cropped-a94e8f7a-67c4-4d65-8a5f-032ba784be53-2.jpg","contentUrl":"http:\/\/atif.unaldi.org\/blog\/wp-content\/uploads\/2022\/10\/cropped-a94e8f7a-67c4-4d65-8a5f-032ba784be53-2.jpg","width":512,"height":512,"caption":"Atif Unaldi"},"logo":{"@id":"http:\/\/atif.unaldi.org\/blog\/#\/schema\/person\/image\/"},"description":"Bo\u011fazi\u00e7i \u00dcniversitesinde Fizik B\u00f6l\u00fcm\u00fc\u2019nde e\u011fitim ald\u0131\u011f\u0131 y\u0131llarda T\u00fcrkiye\u2019de ilk kez iki bilgisayar\u0131 telefon hatlar\u0131 \u00fczerinden konu\u015fturan BBS sistemini kurarak, T\u00fcrkiye\u2019deki ilk internet a\u011f\u0131n\u0131 olu\u015fturmu\u015ftur. Bir \u00e7ok radyo ve televizyonda program yap\u0131mc\u0131l\u0131\u011f\u0131 ve sunuculu\u011funu, bir \u00e7ok teknoloji dergisinde k\u00f6\u015fe yazarl\u0131\u011f\u0131, bili\u015fim edit\u00f6rl\u00fc\u011f\u00fc ve genel yay\u0131n y\u00f6netmenli\u011fi yapt\u0131. T\u00fcrkiye\u2019deki ilk internet servis sa\u011flay\u0131c\u0131s\u0131n\u0131n genel m\u00fcd\u00fcrl\u00fc\u011f\u00fcn\u00fc \u00fcstlendi. Bir \u00e7ok organizasyon ve kurulu\u015fta internet s\u00fcperviz\u00f6rl\u00fc\u011f\u00fc , webmaster\u2019l\u0131\u011f\u0131 , IT direkt\u00f6rl\u00fc\u011f\u00fc ve dijital projeler koordinat\u00f6rl\u00fc\u011f\u00fc g\u00f6revlerinde bulundu. Farkl\u0131 \u00fcniversitelerin farkl\u0131 fak\u00fcltelerinde \u00f6\u011fretim g\u00f6revlisi olarak bulunmu\u015f olan \u00dcnald\u0131; \u015fu an teknoloji ve pazarlama konular\u0131 ba\u015fta olmak \u00fczere bir\u00e7ok alanda hizmet veren Unaldi Consultancy\u2019nin kurucusudur. \u2028Selin \u00dcnald\u0131 ile evlidir. Su ve Toprak isminde iki \u00e7ocu\u011fu vard\u0131r.","sameAs":["http:\/\/atif.unaldi.org\/blog","https:\/\/www.facebook.com\/atifunaldi","https:\/\/www.instagram.com\/atifunaldi\/","https:\/\/www.linkedin.com\/in\/atifunaldi","https:\/\/x.com\/https:\/\/twitter.com\/atifunaldi","https:\/\/www.youtube.com\/c\/atifunaldi","https:\/\/soundcloud.com\/atif-unaldi","https:\/\/atifunaldi.tumblr.com"],"url":"http:\/\/atif.unaldi.org\/blog\/author\/atifunaldi\/"}]}},"jetpack_featured_media_url":"","_links":{"self":[{"href":"http:\/\/atif.unaldi.org\/blog\/wp-json\/wp\/v2\/posts\/1615","targetHints":{"allow":["GET"]}}],"collection":[{"href":"http:\/\/atif.unaldi.org\/blog\/wp-json\/wp\/v2\/posts"}],"about":[{"href":"http:\/\/atif.unaldi.org\/blog\/wp-json\/wp\/v2\/types\/post"}],"author":[{"embeddable":true,"href":"http:\/\/atif.unaldi.org\/blog\/wp-json\/wp\/v2\/users\/2"}],"replies":[{"embeddable":true,"href":"http:\/\/atif.unaldi.org\/blog\/wp-json\/wp\/v2\/comments?post=1615"}],"version-history":[{"count":0,"href":"http:\/\/atif.unaldi.org\/blog\/wp-json\/wp\/v2\/posts\/1615\/revisions"}],"wp:attachment":[{"href":"http:\/\/atif.unaldi.org\/blog\/wp-json\/wp\/v2\/media?parent=1615"}],"wp:term":[{"taxonomy":"category","embeddable":true,"href":"http:\/\/atif.unaldi.org\/blog\/wp-json\/wp\/v2\/categories?post=1615"},{"taxonomy":"post_tag","embeddable":true,"href":"http:\/\/atif.unaldi.org\/blog\/wp-json\/wp\/v2\/tags?post=1615"}],"curies":[{"name":"wp","href":"https:\/\/api.w.org\/{rel}","templated":true}]}}