{"id":16277,"date":"2020-02-08T09:50:32","date_gmt":"2020-02-08T06:50:32","guid":{"rendered":"http:\/\/atif.unaldi.org\/blog\/?p=16277"},"modified":"2020-02-08T09:50:32","modified_gmt":"2020-02-08T06:50:32","slug":"ibb-guzel-isler-yapiyor-2","status":"publish","type":"post","link":"http:\/\/atif.unaldi.org\/blog\/2020\/02\/08\/ibb-guzel-isler-yapiyor-2\/","title":{"rendered":"IBB g\u00fczel i\u015fler yap\u0131yor"},"content":{"rendered":"<p>Yerel y\u00f6netim se\u00e7imleri \u00fczerinden bir s\u00fcre ge\u00e7ti. Se\u00e7ilen ba\u015fkanlar koltuklar\u0131na oturup, ola\u011fan i\u015fleri kontrollerine almaya ba\u015flad\u0131lar. Art\u0131k kendi renklerini koymaya ba\u015flad\u0131lar.<br \/>\nS\u00f6zgelimi Mersin Belediyesi \u015fehre metro getirmek i\u00e7in \u00e7al\u0131\u015fmalar yap\u0131yor. Mersin\u2019in genel trafik sorunlar\u0131na bak\u0131ld\u0131\u011f\u0131nda ben sadece sinyalizasyon ve de-organizasyonu g\u00f6r\u00fcyorum. Sahil \u015feridine yap\u0131laca\u011f\u0131 s\u00f6ylenen metro, hem dolgu olan bu noktalarda ciddi bir probleme neden olacak, hem T\u00fcrkiye\u2019nin en ye\u015fil \u015fehirlerinden olmas\u0131na ra\u011fmen, nas\u0131l oldu\u011funu anlamad\u0131\u011f\u0131m\u0131z \u015fekilde T\u00fcrkiye\u2019nin say\u0131l\u0131 havas\u0131 kirli \u015fehrine yeni kirlilikler katacak, hem de bir ayda bile bitse, sahil \u015feridinde in\u015faattan dolay\u0131 kapal\u0131 olan caddelerden kaynakl\u0131 ciddi bir trafi\u011fe neden olacak.<br \/>\n\u00dcz\u00fclerek g\u00f6r\u00fcyorum ki; bu da ciddi bir geli\u015fmi\u015flik olarak anlat\u0131l\u0131yor. Halbuki yeni nesil ak\u0131ll\u0131 \u015fehirler, metrolardan ziyade bisikletleri, dikey yerle\u015fimden ziyade yatay yerle\u015fimi tercih ediyor.<br \/>\nBu ak\u0131ll\u0131 \u015fehirlerin en \u00f6nemli par\u00e7alar\u0131ndan biri de tabii ki elindeki veriyi kullanmak. Fujitsu\u2019nun her y\u0131l Almanya\u2019da ger\u00e7ekle\u015ftirdi\u011fi bir organizasyonda, proje yapacaklar\u0131 Avrupa \u015fehirleri hakk\u0131ndaki bilgiyi veri portallar\u0131ndan ald\u0131\u011f\u0131n\u0131 \u00f6\u011frenmi\u015ftim.<br \/>\nGe\u00e7en hafta \u0130stanbul B\u00fcy\u00fck\u015fehir Belediyesinin de b\u00f6yle bir a\u00e7\u0131k veri portal\u0131 a\u00e7 t\u0131\u011f\u0131n\u0131 \u00f6\u011frenince \u00e7ok mutlu oldum.<br \/>\nA\u00e7\u0131k veri nedir?<br \/>\nY\u00f6netimler, ellerindeki b\u00fcy\u00fck veriyi ki\u015fisel bilgiden ay\u0131r\u0131p a\u00e7\u0131k halde, giri\u015fimlerin karar almas\u0131 ve i\u015f modelleri geli\u015ftirmesi amac\u0131 ile analize a\u00e7abilirler. Bu sayede bazen veriler aras\u0131nda hi\u00e7 tahmin edilemeyen korelasyonlar kurulup, \u00e7ok yararl\u0131 analizler \u00e7\u0131kar\u0131labilir.<br \/>\nGeli\u015fmi\u015fli\u011fin en \u00f6nemli parametrelerinden birinin rakamlar hakk\u0131nda bilgi sahibi olmak oldu\u011funu d\u00fc\u015f\u00fcn\u00fcyorum. E\u011fer elinizde rakamlar yoksa analiz yapamaz do\u011fru sonu\u00e7lara ula\u015famazs\u0131n\u0131z. Son d\u00f6nemde ak\u0131ll\u0131 \u015fehirlerin de en \u00f6nemli dayanak noktalar\u0131 bu a\u00e7\u0131k verilerdir.<br \/>\nVeriden daha \u00f6nemli tek \u015fey analiz edilmi\u015f ve bilgiye d\u00f6n\u00fc\u015ft\u00fcr\u00fclm\u00fc\u015f veridir. \u0130\u015fte veriyi kullan\u0131p sonu\u00e7lar\u0131n\u0131 ortaya koymak i\u00e7in IBB, T\u00fcrkiye Bili\u015fim Vakf\u0131 ile birlikte bir \u201cdeprem hackaton\u201du d\u00fczenleme karar\u0131 alm\u0131\u015f. Hackaton bir konuda yaz\u0131l\u0131mlar\u0131n yar\u0131\u015ft\u0131r\u0131ld\u0131\u011f\u0131 bir maratondur. Hackaton\u2019lar sayesinde yeni fikirler geli\u015fir, yeni d\u00fc\u015f\u00fcnceler ortaya \u00e7\u0131kar, veri analiz edilir.<br \/>\nY\u00f6netimler a\u00e7\u0131s\u0131nda art\u0131k in\u015faat yapmak, topra\u011f\u0131 e\u015fmekten ziyade ak\u0131ll\u0131 \u00e7\u0131kar\u0131mlar yapmak \u00f6nemlidir. Ben bu \u00e7\u0131kar\u0131mlar\u0131 yapan T\u00fcrkiye\u2019deki tek yerel y\u00f6netim olan \u0130stanbul B\u00fcy\u00fck\u015fehir Belediye\u2019sini kutluyorum. Eme\u011fi ge\u00e7en herkese te\u015fekk\u00fcrler.<br \/>\n<iframe loading=\"lazy\" title=\"IBB g\u00fczel i\u015fler yap\u0131yor\" width=\"700\" height=\"394\" src=\"https:\/\/www.youtube.com\/embed\/2Z1GwZxkfZk?feature=oembed\" frameborder=\"0\" allow=\"accelerometer; autoplay; encrypted-media; gyroscope; picture-in-picture\" allowfullscreen><\/iframe><\/p>\n","protected":false},"excerpt":{"rendered":"<p>Yerel y\u00f6netim se\u00e7imleri \u00fczerinden bir s\u00fcre ge\u00e7ti. Se\u00e7ilen ba\u015fkanlar koltuklar\u0131na oturup, ola\u011fan i\u015fleri kontrollerine almaya ba\u015flad\u0131lar. Art\u0131k kendi renklerini koymaya ba\u015flad\u0131lar. S\u00f6zgelimi Mersin Belediyesi \u015fehre metro getirmek i\u00e7in \u00e7al\u0131\u015fmalar yap\u0131yor. Mersin\u2019in genel trafik sorunlar\u0131na bak\u0131ld\u0131\u011f\u0131nda&#8230;<\/p>\n","protected":false},"author":4,"featured_media":0,"comment_status":"open","ping_status":"open","sticky":false,"template":"","format":"standard","meta":{"footnotes":""},"categories":[8],"tags":[173,583,1606,1298,1415,1496],"class_list":["post-16277","post","type-post","status-publish","format-standard","hentry","category-tv","tag-atif-unaldi","tag-gunluk","tag-ibb-guzel-isler-yapiyor","tag-teknoloji","tag-video-blog","tag-yorum"],"yoast_head":"<!-- This site is optimized with the Yoast SEO plugin v26.8 - https:\/\/yoast.com\/product\/yoast-seo-wordpress\/ -->\n<title>IBB g\u00fczel i\u015fler yap\u0131yor - At\u0131f \u00dcnald\u0131<\/title>\n<meta name=\"robots\" content=\"index, follow, max-snippet:-1, max-image-preview:large, max-video-preview:-1\" \/>\n<link rel=\"canonical\" href=\"http:\/\/atif.unaldi.org\/blog\/2020\/02\/08\/ibb-guzel-isler-yapiyor-2\/\" \/>\n<meta property=\"og:locale\" content=\"tr_TR\" \/>\n<meta property=\"og:type\" content=\"article\" \/>\n<meta property=\"og:title\" content=\"IBB g\u00fczel i\u015fler yap\u0131yor - At\u0131f \u00dcnald\u0131\" \/>\n<meta property=\"og:description\" content=\"Yerel y\u00f6netim se\u00e7imleri \u00fczerinden bir s\u00fcre ge\u00e7ti. Se\u00e7ilen ba\u015fkanlar koltuklar\u0131na oturup, ola\u011fan i\u015fleri kontrollerine almaya ba\u015flad\u0131lar. Art\u0131k kendi renklerini koymaya ba\u015flad\u0131lar. S\u00f6zgelimi Mersin Belediyesi \u015fehre metro getirmek i\u00e7in \u00e7al\u0131\u015fmalar yap\u0131yor. Mersin\u2019in genel trafik sorunlar\u0131na bak\u0131ld\u0131\u011f\u0131nda...\" \/>\n<meta property=\"og:url\" content=\"http:\/\/atif.unaldi.org\/blog\/2020\/02\/08\/ibb-guzel-isler-yapiyor-2\/\" \/>\n<meta property=\"og:site_name\" content=\"At\u0131f \u00dcnald\u0131\" \/>\n<meta property=\"article:publisher\" content=\"https:\/\/www.facebook.com\/atifunaldi\" \/>\n<meta property=\"article:published_time\" content=\"2020-02-08T06:50:32+00:00\" \/>\n<meta name=\"author\" content=\"iftttkullanicisi\" \/>\n<meta name=\"twitter:card\" content=\"summary_large_image\" \/>\n<meta name=\"twitter:site\" content=\"@atifunaldi\" \/>\n<meta name=\"twitter:label1\" content=\"Yazan:\" \/>\n\t<meta name=\"twitter:data1\" content=\"iftttkullanicisi\" \/>\n\t<meta name=\"twitter:label2\" content=\"Tahmini okuma s\u00fcresi\" \/>\n\t<meta name=\"twitter:data2\" content=\"2 dakika\" \/>\n<script type=\"application\/ld+json\" class=\"yoast-schema-graph\">{\"@context\":\"https:\/\/schema.org\",\"@graph\":[{\"@type\":\"Article\",\"@id\":\"http:\/\/atif.unaldi.org\/blog\/2020\/02\/08\/ibb-guzel-isler-yapiyor-2\/#article\",\"isPartOf\":{\"@id\":\"http:\/\/atif.unaldi.org\/blog\/2020\/02\/08\/ibb-guzel-isler-yapiyor-2\/\"},\"author\":{\"name\":\"iftttkullanicisi\",\"@id\":\"http:\/\/atif.unaldi.org\/blog\/#\/schema\/person\/a243e5b794dcea734c8d1353258c4ab8\"},\"headline\":\"IBB g\u00fczel i\u015fler yap\u0131yor\",\"datePublished\":\"2020-02-08T06:50:32+00:00\",\"mainEntityOfPage\":{\"@id\":\"http:\/\/atif.unaldi.org\/blog\/2020\/02\/08\/ibb-guzel-isler-yapiyor-2\/\"},\"wordCount\":466,\"commentCount\":0,\"publisher\":{\"@id\":\"http:\/\/atif.unaldi.org\/blog\/#\/schema\/person\/608ed42ecbda2bc5cfdb767ac1db479b\"},\"keywords\":[\"at\u0131f \u00dcnald\u0131\",\"g\u00fcnl\u00fck\",\"IBB g\u00fczel i\u015fler yap\u0131yor\",\"teknoloji\",\"video blog\",\"yorum\"],\"articleSection\":[\"TV\"],\"inLanguage\":\"tr\",\"potentialAction\":[{\"@type\":\"CommentAction\",\"name\":\"Comment\",\"target\":[\"http:\/\/atif.unaldi.org\/blog\/2020\/02\/08\/ibb-guzel-isler-yapiyor-2\/#respond\"]}]},{\"@type\":\"WebPage\",\"@id\":\"http:\/\/atif.unaldi.org\/blog\/2020\/02\/08\/ibb-guzel-isler-yapiyor-2\/\",\"url\":\"http:\/\/atif.unaldi.org\/blog\/2020\/02\/08\/ibb-guzel-isler-yapiyor-2\/\",\"name\":\"IBB g\u00fczel i\u015fler yap\u0131yor - At\u0131f \u00dcnald\u0131\",\"isPartOf\":{\"@id\":\"http:\/\/atif.unaldi.org\/blog\/#website\"},\"datePublished\":\"2020-02-08T06:50:32+00:00\",\"breadcrumb\":{\"@id\":\"http:\/\/atif.unaldi.org\/blog\/2020\/02\/08\/ibb-guzel-isler-yapiyor-2\/#breadcrumb\"},\"inLanguage\":\"tr\",\"potentialAction\":[{\"@type\":\"ReadAction\",\"target\":[\"http:\/\/atif.unaldi.org\/blog\/2020\/02\/08\/ibb-guzel-isler-yapiyor-2\/\"]}]},{\"@type\":\"BreadcrumbList\",\"@id\":\"http:\/\/atif.unaldi.org\/blog\/2020\/02\/08\/ibb-guzel-isler-yapiyor-2\/#breadcrumb\",\"itemListElement\":[{\"@type\":\"ListItem\",\"position\":1,\"name\":\"Anasayfa\",\"item\":\"http:\/\/atif.unaldi.org\/blog\/\"},{\"@type\":\"ListItem\",\"position\":2,\"name\":\"IBB g\u00fczel i\u015fler yap\u0131yor\"}]},{\"@type\":\"WebSite\",\"@id\":\"http:\/\/atif.unaldi.org\/blog\/#website\",\"url\":\"http:\/\/atif.unaldi.org\/blog\/\",\"name\":\"At\u0131f \u00dcnald\u0131\",\"description\":\"Yazar\",\"publisher\":{\"@id\":\"http:\/\/atif.unaldi.org\/blog\/#\/schema\/person\/608ed42ecbda2bc5cfdb767ac1db479b\"},\"alternateName\":\"At\u0131f \u00dcnald\u0131 Blog\",\"potentialAction\":[{\"@type\":\"SearchAction\",\"target\":{\"@type\":\"EntryPoint\",\"urlTemplate\":\"http:\/\/atif.unaldi.org\/blog\/?s={search_term_string}\"},\"query-input\":{\"@type\":\"PropertyValueSpecification\",\"valueRequired\":true,\"valueName\":\"search_term_string\"}}],\"inLanguage\":\"tr\"},{\"@type\":[\"Person\",\"Organization\"],\"@id\":\"http:\/\/atif.unaldi.org\/blog\/#\/schema\/person\/608ed42ecbda2bc5cfdb767ac1db479b\",\"name\":\"Atif Unaldi\",\"image\":{\"@type\":\"ImageObject\",\"inLanguage\":\"tr\",\"@id\":\"http:\/\/atif.unaldi.org\/blog\/#\/schema\/person\/image\/\",\"url\":\"http:\/\/atif.unaldi.org\/blog\/wp-content\/uploads\/2022\/10\/cropped-a94e8f7a-67c4-4d65-8a5f-032ba784be53-2.jpg\",\"contentUrl\":\"http:\/\/atif.unaldi.org\/blog\/wp-content\/uploads\/2022\/10\/cropped-a94e8f7a-67c4-4d65-8a5f-032ba784be53-2.jpg\",\"width\":512,\"height\":512,\"caption\":\"Atif Unaldi\"},\"logo\":{\"@id\":\"http:\/\/atif.unaldi.org\/blog\/#\/schema\/person\/image\/\"},\"description\":\"Bo\u011fazi\u00e7i \u00dcniversitesinde Fizik B\u00f6l\u00fcm\u00fc\u2019nde e\u011fitim ald\u0131\u011f\u0131 y\u0131llarda T\u00fcrkiye\u2019de ilk kez iki bilgisayar\u0131 telefon hatlar\u0131 \u00fczerinden konu\u015fturan BBS sistemini kurarak, T\u00fcrkiye\u2019deki ilk internet a\u011f\u0131n\u0131 olu\u015fturmu\u015ftur. Bir \u00e7ok radyo ve televizyonda program yap\u0131mc\u0131l\u0131\u011f\u0131 ve sunuculu\u011funu, bir \u00e7ok teknoloji dergisinde k\u00f6\u015fe yazarl\u0131\u011f\u0131, bili\u015fim edit\u00f6rl\u00fc\u011f\u00fc ve genel yay\u0131n y\u00f6netmenli\u011fi yapt\u0131. T\u00fcrkiye\u2019deki ilk internet servis sa\u011flay\u0131c\u0131s\u0131n\u0131n genel m\u00fcd\u00fcrl\u00fc\u011f\u00fcn\u00fc \u00fcstlendi. Bir \u00e7ok organizasyon ve kurulu\u015fta internet s\u00fcperviz\u00f6rl\u00fc\u011f\u00fc , webmaster\u2019l\u0131\u011f\u0131 , IT direkt\u00f6rl\u00fc\u011f\u00fc ve dijital projeler koordinat\u00f6rl\u00fc\u011f\u00fc g\u00f6revlerinde bulundu. Farkl\u0131 \u00fcniversitelerin farkl\u0131 fak\u00fcltelerinde \u00f6\u011fretim g\u00f6revlisi olarak bulunmu\u015f olan \u00dcnald\u0131; \u015fu an teknoloji ve pazarlama konular\u0131 ba\u015fta olmak \u00fczere bir\u00e7ok alanda hizmet veren Unaldi Consultancy\u2019nin kurucusudur. \\u2028Selin \u00dcnald\u0131 ile evlidir. Su ve Toprak isminde iki \u00e7ocu\u011fu vard\u0131r.\",\"sameAs\":[\"http:\/\/atif.unaldi.org\/blog\",\"https:\/\/www.facebook.com\/atifunaldi\",\"https:\/\/www.instagram.com\/atifunaldi\/\",\"https:\/\/www.linkedin.com\/in\/atifunaldi\",\"https:\/\/x.com\/https:\/\/twitter.com\/atifunaldi\",\"https:\/\/www.youtube.com\/c\/atifunaldi\",\"https:\/\/soundcloud.com\/atif-unaldi\",\"https:\/\/atifunaldi.tumblr.com\"]},{\"@type\":\"Person\",\"@id\":\"http:\/\/atif.unaldi.org\/blog\/#\/schema\/person\/a243e5b794dcea734c8d1353258c4ab8\",\"name\":\"iftttkullanicisi\",\"image\":{\"@type\":\"ImageObject\",\"inLanguage\":\"tr\",\"@id\":\"http:\/\/atif.unaldi.org\/blog\/#\/schema\/person\/image\/\",\"url\":\"https:\/\/secure.gravatar.com\/avatar\/5277a8e7aaf2da63ada8c1e0c6c49436?s=96&d=mm&r=g\",\"contentUrl\":\"https:\/\/secure.gravatar.com\/avatar\/5277a8e7aaf2da63ada8c1e0c6c49436?s=96&d=mm&r=g\",\"caption\":\"iftttkullanicisi\"},\"url\":\"http:\/\/atif.unaldi.org\/blog\/author\/iftttkullanicisi\/\"}]}<\/script>\n<!-- \/ Yoast SEO plugin. -->","yoast_head_json":{"title":"IBB g\u00fczel i\u015fler yap\u0131yor - At\u0131f \u00dcnald\u0131","robots":{"index":"index","follow":"follow","max-snippet":"max-snippet:-1","max-image-preview":"max-image-preview:large","max-video-preview":"max-video-preview:-1"},"canonical":"http:\/\/atif.unaldi.org\/blog\/2020\/02\/08\/ibb-guzel-isler-yapiyor-2\/","og_locale":"tr_TR","og_type":"article","og_title":"IBB g\u00fczel i\u015fler yap\u0131yor - At\u0131f \u00dcnald\u0131","og_description":"Yerel y\u00f6netim se\u00e7imleri \u00fczerinden bir s\u00fcre ge\u00e7ti. Se\u00e7ilen ba\u015fkanlar koltuklar\u0131na oturup, ola\u011fan i\u015fleri kontrollerine almaya ba\u015flad\u0131lar. Art\u0131k kendi renklerini koymaya ba\u015flad\u0131lar. S\u00f6zgelimi Mersin Belediyesi \u015fehre metro getirmek i\u00e7in \u00e7al\u0131\u015fmalar yap\u0131yor. Mersin\u2019in genel trafik sorunlar\u0131na bak\u0131ld\u0131\u011f\u0131nda...","og_url":"http:\/\/atif.unaldi.org\/blog\/2020\/02\/08\/ibb-guzel-isler-yapiyor-2\/","og_site_name":"At\u0131f \u00dcnald\u0131","article_publisher":"https:\/\/www.facebook.com\/atifunaldi","article_published_time":"2020-02-08T06:50:32+00:00","author":"iftttkullanicisi","twitter_card":"summary_large_image","twitter_site":"@atifunaldi","twitter_misc":{"Yazan:":"iftttkullanicisi","Tahmini okuma s\u00fcresi":"2 dakika"},"schema":{"@context":"https:\/\/schema.org","@graph":[{"@type":"Article","@id":"http:\/\/atif.unaldi.org\/blog\/2020\/02\/08\/ibb-guzel-isler-yapiyor-2\/#article","isPartOf":{"@id":"http:\/\/atif.unaldi.org\/blog\/2020\/02\/08\/ibb-guzel-isler-yapiyor-2\/"},"author":{"name":"iftttkullanicisi","@id":"http:\/\/atif.unaldi.org\/blog\/#\/schema\/person\/a243e5b794dcea734c8d1353258c4ab8"},"headline":"IBB g\u00fczel i\u015fler yap\u0131yor","datePublished":"2020-02-08T06:50:32+00:00","mainEntityOfPage":{"@id":"http:\/\/atif.unaldi.org\/blog\/2020\/02\/08\/ibb-guzel-isler-yapiyor-2\/"},"wordCount":466,"commentCount":0,"publisher":{"@id":"http:\/\/atif.unaldi.org\/blog\/#\/schema\/person\/608ed42ecbda2bc5cfdb767ac1db479b"},"keywords":["at\u0131f \u00dcnald\u0131","g\u00fcnl\u00fck","IBB g\u00fczel i\u015fler yap\u0131yor","teknoloji","video blog","yorum"],"articleSection":["TV"],"inLanguage":"tr","potentialAction":[{"@type":"CommentAction","name":"Comment","target":["http:\/\/atif.unaldi.org\/blog\/2020\/02\/08\/ibb-guzel-isler-yapiyor-2\/#respond"]}]},{"@type":"WebPage","@id":"http:\/\/atif.unaldi.org\/blog\/2020\/02\/08\/ibb-guzel-isler-yapiyor-2\/","url":"http:\/\/atif.unaldi.org\/blog\/2020\/02\/08\/ibb-guzel-isler-yapiyor-2\/","name":"IBB g\u00fczel i\u015fler yap\u0131yor - At\u0131f \u00dcnald\u0131","isPartOf":{"@id":"http:\/\/atif.unaldi.org\/blog\/#website"},"datePublished":"2020-02-08T06:50:32+00:00","breadcrumb":{"@id":"http:\/\/atif.unaldi.org\/blog\/2020\/02\/08\/ibb-guzel-isler-yapiyor-2\/#breadcrumb"},"inLanguage":"tr","potentialAction":[{"@type":"ReadAction","target":["http:\/\/atif.unaldi.org\/blog\/2020\/02\/08\/ibb-guzel-isler-yapiyor-2\/"]}]},{"@type":"BreadcrumbList","@id":"http:\/\/atif.unaldi.org\/blog\/2020\/02\/08\/ibb-guzel-isler-yapiyor-2\/#breadcrumb","itemListElement":[{"@type":"ListItem","position":1,"name":"Anasayfa","item":"http:\/\/atif.unaldi.org\/blog\/"},{"@type":"ListItem","position":2,"name":"IBB g\u00fczel i\u015fler yap\u0131yor"}]},{"@type":"WebSite","@id":"http:\/\/atif.unaldi.org\/blog\/#website","url":"http:\/\/atif.unaldi.org\/blog\/","name":"At\u0131f \u00dcnald\u0131","description":"Yazar","publisher":{"@id":"http:\/\/atif.unaldi.org\/blog\/#\/schema\/person\/608ed42ecbda2bc5cfdb767ac1db479b"},"alternateName":"At\u0131f \u00dcnald\u0131 Blog","potentialAction":[{"@type":"SearchAction","target":{"@type":"EntryPoint","urlTemplate":"http:\/\/atif.unaldi.org\/blog\/?s={search_term_string}"},"query-input":{"@type":"PropertyValueSpecification","valueRequired":true,"valueName":"search_term_string"}}],"inLanguage":"tr"},{"@type":["Person","Organization"],"@id":"http:\/\/atif.unaldi.org\/blog\/#\/schema\/person\/608ed42ecbda2bc5cfdb767ac1db479b","name":"Atif Unaldi","image":{"@type":"ImageObject","inLanguage":"tr","@id":"http:\/\/atif.unaldi.org\/blog\/#\/schema\/person\/image\/","url":"http:\/\/atif.unaldi.org\/blog\/wp-content\/uploads\/2022\/10\/cropped-a94e8f7a-67c4-4d65-8a5f-032ba784be53-2.jpg","contentUrl":"http:\/\/atif.unaldi.org\/blog\/wp-content\/uploads\/2022\/10\/cropped-a94e8f7a-67c4-4d65-8a5f-032ba784be53-2.jpg","width":512,"height":512,"caption":"Atif Unaldi"},"logo":{"@id":"http:\/\/atif.unaldi.org\/blog\/#\/schema\/person\/image\/"},"description":"Bo\u011fazi\u00e7i \u00dcniversitesinde Fizik B\u00f6l\u00fcm\u00fc\u2019nde e\u011fitim ald\u0131\u011f\u0131 y\u0131llarda T\u00fcrkiye\u2019de ilk kez iki bilgisayar\u0131 telefon hatlar\u0131 \u00fczerinden konu\u015fturan BBS sistemini kurarak, T\u00fcrkiye\u2019deki ilk internet a\u011f\u0131n\u0131 olu\u015fturmu\u015ftur. Bir \u00e7ok radyo ve televizyonda program yap\u0131mc\u0131l\u0131\u011f\u0131 ve sunuculu\u011funu, bir \u00e7ok teknoloji dergisinde k\u00f6\u015fe yazarl\u0131\u011f\u0131, bili\u015fim edit\u00f6rl\u00fc\u011f\u00fc ve genel yay\u0131n y\u00f6netmenli\u011fi yapt\u0131. T\u00fcrkiye\u2019deki ilk internet servis sa\u011flay\u0131c\u0131s\u0131n\u0131n genel m\u00fcd\u00fcrl\u00fc\u011f\u00fcn\u00fc \u00fcstlendi. Bir \u00e7ok organizasyon ve kurulu\u015fta internet s\u00fcperviz\u00f6rl\u00fc\u011f\u00fc , webmaster\u2019l\u0131\u011f\u0131 , IT direkt\u00f6rl\u00fc\u011f\u00fc ve dijital projeler koordinat\u00f6rl\u00fc\u011f\u00fc g\u00f6revlerinde bulundu. Farkl\u0131 \u00fcniversitelerin farkl\u0131 fak\u00fcltelerinde \u00f6\u011fretim g\u00f6revlisi olarak bulunmu\u015f olan \u00dcnald\u0131; \u015fu an teknoloji ve pazarlama konular\u0131 ba\u015fta olmak \u00fczere bir\u00e7ok alanda hizmet veren Unaldi Consultancy\u2019nin kurucusudur. \u2028Selin \u00dcnald\u0131 ile evlidir. Su ve Toprak isminde iki \u00e7ocu\u011fu vard\u0131r.","sameAs":["http:\/\/atif.unaldi.org\/blog","https:\/\/www.facebook.com\/atifunaldi","https:\/\/www.instagram.com\/atifunaldi\/","https:\/\/www.linkedin.com\/in\/atifunaldi","https:\/\/x.com\/https:\/\/twitter.com\/atifunaldi","https:\/\/www.youtube.com\/c\/atifunaldi","https:\/\/soundcloud.com\/atif-unaldi","https:\/\/atifunaldi.tumblr.com"]},{"@type":"Person","@id":"http:\/\/atif.unaldi.org\/blog\/#\/schema\/person\/a243e5b794dcea734c8d1353258c4ab8","name":"iftttkullanicisi","image":{"@type":"ImageObject","inLanguage":"tr","@id":"http:\/\/atif.unaldi.org\/blog\/#\/schema\/person\/image\/","url":"https:\/\/secure.gravatar.com\/avatar\/5277a8e7aaf2da63ada8c1e0c6c49436?s=96&d=mm&r=g","contentUrl":"https:\/\/secure.gravatar.com\/avatar\/5277a8e7aaf2da63ada8c1e0c6c49436?s=96&d=mm&r=g","caption":"iftttkullanicisi"},"url":"http:\/\/atif.unaldi.org\/blog\/author\/iftttkullanicisi\/"}]}},"jetpack_featured_media_url":"","_links":{"self":[{"href":"http:\/\/atif.unaldi.org\/blog\/wp-json\/wp\/v2\/posts\/16277","targetHints":{"allow":["GET"]}}],"collection":[{"href":"http:\/\/atif.unaldi.org\/blog\/wp-json\/wp\/v2\/posts"}],"about":[{"href":"http:\/\/atif.unaldi.org\/blog\/wp-json\/wp\/v2\/types\/post"}],"author":[{"embeddable":true,"href":"http:\/\/atif.unaldi.org\/blog\/wp-json\/wp\/v2\/users\/4"}],"replies":[{"embeddable":true,"href":"http:\/\/atif.unaldi.org\/blog\/wp-json\/wp\/v2\/comments?post=16277"}],"version-history":[{"count":1,"href":"http:\/\/atif.unaldi.org\/blog\/wp-json\/wp\/v2\/posts\/16277\/revisions"}],"predecessor-version":[{"id":16278,"href":"http:\/\/atif.unaldi.org\/blog\/wp-json\/wp\/v2\/posts\/16277\/revisions\/16278"}],"wp:attachment":[{"href":"http:\/\/atif.unaldi.org\/blog\/wp-json\/wp\/v2\/media?parent=16277"}],"wp:term":[{"taxonomy":"category","embeddable":true,"href":"http:\/\/atif.unaldi.org\/blog\/wp-json\/wp\/v2\/categories?post=16277"},{"taxonomy":"post_tag","embeddable":true,"href":"http:\/\/atif.unaldi.org\/blog\/wp-json\/wp\/v2\/tags?post=16277"}],"curies":[{"name":"wp","href":"https:\/\/api.w.org\/{rel}","templated":true}]}}