{"id":16588,"date":"2022-10-10T14:50:31","date_gmt":"2022-10-10T11:50:31","guid":{"rendered":"http:\/\/atif.unaldi.org\/blog\/?p=16588"},"modified":"2022-10-10T14:50:31","modified_gmt":"2022-10-10T11:50:31","slug":"butun-yatirimlar-2050de-sifir-seragazi","status":"publish","type":"post","link":"http:\/\/atif.unaldi.org\/blog\/2022\/10\/10\/butun-yatirimlar-2050de-sifir-seragazi\/","title":{"rendered":"B\u00fct\u00fcn Yat\u0131r\u0131mlar 2050\u2019de S\u0131f\u0131r Seragaz\u0131"},"content":{"rendered":"<p>Bill Gates\u2019in Korona a\u015f\u0131s\u0131 bahanesi ile hepimize \u00e7ip takaca\u011f\u0131 bilgisi sadece geli\u015fmekte olan \u00fclkelerde konu\u015fulmuyor olacak ki; k\u0131z\u0131 bu hafta a\u015f\u0131 olurken bunu tiye alan bir tweet att\u0131:<br \/>\n\u201csadly did NOT implant my genius father into my brain\u201d<br \/>\nBen Bill Gates\u2019in bu pas\u0131 al\u0131p gol\u00fc yapaca\u011f\u0131n\u0131 beklerken, o yine bu hafta i\u00e7inde hem k\u0131z\u0131na hem de bize cevab\u0131n\u0131 verdi:<br \/>\n\u201cPandemi sona erecek. \u00c7\u00fcnk\u00fc inan\u0131lmaz a\u015f\u0131lar bulundu. \u015eimdi bu a\u015f\u0131lar\u0131 yayg\u0131nla\u015ft\u0131rmaya ve yeni varyantlara uyarlama \u00e7al\u0131\u015f\u0131yoruz. \u0130klim de\u011fi\u015fikli\u011fine k\u0131yasla bu \u00e7ok daha kolay. Maalesef, iklim de\u011fi\u015fikli\u011fi bu y\u00fczy\u0131l\u0131n sonunda, her y\u0131l be\u015f kat daha fazla \u00f6l\u00fcme neden olacak.<br \/>\n51 milyon ton seragaz\u0131 d\u00fcnyan\u0131n y\u0131ll\u0131k olarak atmosfere sald\u0131\u011f\u0131 miktar. S\u0131f\u0131r ise 2050\u2019de ula\u015fmam\u0131z gerek rakam.\u201d<br \/>\nMaalesef Gates, hakl\u0131. Yak\u0131n zamanda ba\u015fka bir gezegene gitme ihtimali de g\u00f6r\u00fcnm\u00fcyor. O zaman h\u0131zl\u0131ca bu konuda \u00e7al\u0131\u015fmalar yapmak gerekiyor. En fazla karbon ayak izine sahip olan her\u015feyden h\u0131zl\u0131ca kurtulmam\u0131z laz\u0131m.<br \/>\nT\u00dcS\u0130AD\u2019\u0131n bir bas\u0131n toplant\u0131s\u0131nda iklim konusunda \u00e7al\u0131\u015fmalar yapt\u0131klar\u0131n\u0131 laf aras\u0131nda farkettim. Bunun \u00fczerine ileti\u015fim \u015firketi Marjinal\u2019den Ceylan Naza\u2019y\u0131 arad\u0131m. Sa\u011folsun k\u0131sa zamanda \u00e7ok detayl\u0131 bir bilgi notu iletti. T\u00dcS\u0130AD \u00f6ncelikle Paris Anla\u015fmas\u0131 ve Avrupa Ye\u015fil Mutabakat\u0131 ile \u015fekillenen yeni iklim rejiminin \u00fclkemiz ekonomisi ve ticaretine olas\u0131 do\u011frudan ve dolayl\u0131 etkilerini ele alan bir rapor yollad\u0131. \u00d6zetle rapor iklim de\u011fi\u015fikli\u011fiyle m\u00fccadeleye y\u00f6nelik politika ara\u00e7lar\u0131n\u0131 irdeliyor.<br \/>\nMakroekonomik bulgularla var\u0131lan de\u011ferlendirmeler ise \u015f\u00f6yle:<br \/>\nAvrupa Ye\u015fil D\u00fczeni T\u00fcrkiye i\u00e7in bir risk oldu\u011fu kadar, s\u00fcrd\u00fcr\u00fclebilir kalk\u0131nmay\u0131 hedefleyen bir d\u00f6n\u00fc\u015f\u00fcm\u00fcn arac\u0131 olarak yepyeni bir f\u0131rsat olarak de\u011ferlendirilebilir.<br \/>\nUnsurlar\u0131 kararl\u0131l\u0131kla saptanm\u0131\u015f bir stratejik d\u00f6n\u00fc\u015f\u00fcm \u00e7er\u00e7evesinde, emisyon azalt\u0131m\u0131n\u0131, elde edilen fonlar\u0131n \u015firketlerin ye\u015fil d\u00f6n\u00fc\u015f\u00fcm\u00fc amac\u0131yla kullan\u0131lmas\u0131n\u0131 ve yenilenebilir enerji ile enerji verimlili\u011fini merkeze alan alternatif bir Ye\u015fil Ekonomik D\u00f6n\u00fc\u015f\u00fcm senaryosu sayesinde gerek milli gelirde, gerekse sera gaz\u0131 emisyonlar\u0131nda anlaml\u0131 iyile\u015ftirmelerin sa\u011flanabilece\u011fi \u00f6ng\u00f6r\u00fclmektedir.<br \/>\nYe\u015fil ekonomik d\u00f6n\u00fc\u015f\u00fcm stratejisi emisyon azalt\u0131m hedeflerinin ulusal ekonomide \u00fcretim ve istihdam\u0131n art\u0131r\u0131larak sa\u011flanabilece\u011fini g\u00f6stermekte, T\u00fcrkiye\u2019nin s\u00fcrd\u00fcr\u00fclebilir kalk\u0131nma stratejisi aray\u0131\u015flar\u0131na \u00f6nemli bir alternatif sunmaktad\u0131r.<br \/>\nBu bilgiler \u0131\u015f\u0131\u011f\u0131nda T\u00dcS\u0130AD\u2019\u0131n T\u00fcrkiye\u2019nin g\u00fc\u00e7l\u00fc y\u00f6nlerini g\u00f6rerek, harika bir bak\u0131\u015f a\u00e7\u0131s\u0131na sahip oldu\u011funu s\u00f6ylemek m\u00fcmk\u00fcn.<br \/>\nHi\u00e7 s\u00fcsl\u00fc s\u00f6zlere girmeden s\u00f6ylemek gerekirse T\u00dcS\u0130AD diyor ki; T\u00fcrkiye iklim i\u00e7in yapmas\u0131 gerekenleri en h\u0131zl\u0131 \u015fekliyle yaparsa, sadece karbon ayak izini azaltmakla kalmayacak, bundan b\u00fcy\u00fck karlar elde edecek.<br \/>\n\u00dcstelik sadece s\u00f6ylemekle de kalm\u0131yorlar, rapora kat\u0131l\u0131m ve katk\u0131 sa\u011flayanlardan EnerjiSA yine ge\u00e7en hafta 12 adet g\u00fcne\u015f paneli yapraklar\u0131yla ay\u00e7i\u00e7e\u011fini and\u0131ran \u201cSmart Flower\u201d cihaz\u0131n\u0131 Sabanc\u0131 Center bah\u00e7esine yerle\u015ftirdi. Nedir bu smart flower derseniz. 5.35 MWh\/y\u0131l \u00fcretim kapasitesine sahip, g\u00fcne\u015fin g\u00fcnl\u00fck y\u00f6r\u00fcngesini 90 derecelik bir a\u00e7\u0131 ile takip ederek maksimum verimlilik ile elektrik \u00fcretimi sa\u011flayan halk aras\u0131nda g\u00fcne bakan olarak bilinen ay\u00e7i\u00e7e\u011fini and\u0131ran bir g\u00fcne\u015f enerjisi \u00fcretici cihaz\u0131. Sadece enerji \u00fcretmiyor ayn\u0131 zamanda a\u00e7\u0131l\u0131\u015f ve kapan\u0131\u015f evrelerinde kendi kendini temizleyebiliyor. B\u00f6ylelikle toz ve topra\u011f\u0131n, panellere yap\u0131\u015fmas\u0131 sonucu meydana gelebilecek enerji kayb\u0131n\u0131 da \u00f6nleyerek, geleneksel fotovoltaik panellere oranla %40 daha verimli enerji \u00fcretimi sa\u011fl\u0131yor. Sistem i\u00e7ine entegre edilmi\u015f kontrol paneli, enerji kullan\u0131m\u0131 gibi verileri haf\u0131zas\u0131nda derleyerek SmartFlower telefon uygulamas\u0131 ile takip edilebiliyor. Smart Flower\u2019\u0131n bir g\u00fcnl\u00fck enerji \u00fcretimi ile bir elektrikli binek ara\u00e7, 200 km menzil gidebiliyor veya 35 adet 16 watt tasarruflu ampul 1 tam g\u00fcn kesintisiz beslenebiliyor.<br \/>\n\u00dc\u00e7 y\u0131ld\u0131r T\u00fcrkiye G\u00fcne\u015f Haritas\u0131\u2019na g\u00f6re T\u00fcrkiye\u2019nin en fazla g\u00fcne\u015f alan \u00fc\u00e7\u00fcnc\u00fc ili Mersin\u2019de ya\u015fayan biri olarak, \u201cSmart Flower\u201da o kadar \u00e7ok \u00f6zendim ki; her g\u00fcn villam\u0131n teras\u0131na \u00e7\u0131k\u0131p \u201cke\u015fke benim de olsa\u201d demeden edemiyorum.<br \/>\nNe de olsa Bill Gates\u2019in yakar\u0131\u015flar\u0131, T\u00fcsiad\u2019\u0131n raporunu g\u00f6rmezden gelip yenilenebilir enerjiye yat\u0131r\u0131m yapmak yerine ke\u015fke Mersin\u2019de bir n\u00fckleer santral kurulsa da bu g\u00fczel, verimli ve g\u00fcne\u015fli topraklar\u0131n ortas\u0131na pimi kurulmu\u015f bir bomba b\u0131raksak diyecek de\u011filim.<\/p>\n","protected":false},"excerpt":{"rendered":"<p>Bill Gates\u2019in Korona a\u015f\u0131s\u0131 bahanesi ile hepimize \u00e7ip takaca\u011f\u0131 bilgisi sadece geli\u015fmekte olan \u00fclkelerde konu\u015fulmuyor olacak ki; k\u0131z\u0131 bu hafta a\u015f\u0131 olurken bunu tiye alan bir tweet att\u0131: \u201csadly did NOT implant my genius father&#8230;<\/p>\n","protected":false},"author":6,"featured_media":0,"comment_status":"open","ping_status":"open","sticky":false,"template":"","format":"standard","meta":{"footnotes":""},"categories":[39,5],"tags":[],"class_list":["post-16588","post","type-post","status-publish","format-standard","hentry","category-businessweek","category-medya"],"yoast_head":"<!-- This site is optimized with the Yoast SEO plugin v26.8 - https:\/\/yoast.com\/product\/yoast-seo-wordpress\/ -->\n<title>B\u00fct\u00fcn Yat\u0131r\u0131mlar 2050\u2019de S\u0131f\u0131r Seragaz\u0131 - At\u0131f \u00dcnald\u0131<\/title>\n<meta name=\"robots\" content=\"index, follow, max-snippet:-1, max-image-preview:large, max-video-preview:-1\" \/>\n<link rel=\"canonical\" href=\"http:\/\/atif.unaldi.org\/blog\/2022\/10\/10\/butun-yatirimlar-2050de-sifir-seragazi\/\" \/>\n<meta property=\"og:locale\" content=\"tr_TR\" \/>\n<meta property=\"og:type\" content=\"article\" \/>\n<meta property=\"og:title\" content=\"B\u00fct\u00fcn Yat\u0131r\u0131mlar 2050\u2019de S\u0131f\u0131r Seragaz\u0131 - At\u0131f \u00dcnald\u0131\" \/>\n<meta property=\"og:description\" content=\"Bill Gates\u2019in Korona a\u015f\u0131s\u0131 bahanesi ile hepimize \u00e7ip takaca\u011f\u0131 bilgisi sadece geli\u015fmekte olan \u00fclkelerde konu\u015fulmuyor olacak ki; k\u0131z\u0131 bu hafta a\u015f\u0131 olurken bunu tiye alan bir tweet att\u0131: \u201csadly did NOT implant my genius father...\" \/>\n<meta property=\"og:url\" content=\"http:\/\/atif.unaldi.org\/blog\/2022\/10\/10\/butun-yatirimlar-2050de-sifir-seragazi\/\" \/>\n<meta property=\"og:site_name\" content=\"At\u0131f \u00dcnald\u0131\" \/>\n<meta property=\"article:publisher\" content=\"https:\/\/www.facebook.com\/atifunaldi\" \/>\n<meta property=\"article:published_time\" content=\"2022-10-10T11:50:31+00:00\" \/>\n<meta name=\"author\" content=\"Eda Aygen\" \/>\n<meta name=\"twitter:card\" content=\"summary_large_image\" \/>\n<meta name=\"twitter:site\" content=\"@atifunaldi\" \/>\n<meta name=\"twitter:label1\" content=\"Yazan:\" \/>\n\t<meta name=\"twitter:data1\" content=\"Eda Aygen\" \/>\n\t<meta name=\"twitter:label2\" content=\"Tahmini okuma s\u00fcresi\" \/>\n\t<meta name=\"twitter:data2\" content=\"4 dakika\" \/>\n<script type=\"application\/ld+json\" class=\"yoast-schema-graph\">{\"@context\":\"https:\/\/schema.org\",\"@graph\":[{\"@type\":\"Article\",\"@id\":\"http:\/\/atif.unaldi.org\/blog\/2022\/10\/10\/butun-yatirimlar-2050de-sifir-seragazi\/#article\",\"isPartOf\":{\"@id\":\"http:\/\/atif.unaldi.org\/blog\/2022\/10\/10\/butun-yatirimlar-2050de-sifir-seragazi\/\"},\"author\":{\"name\":\"Eda Aygen\",\"@id\":\"http:\/\/atif.unaldi.org\/blog\/#\/schema\/person\/ec4e63c309de8d3aeebd0a2680f2d991\"},\"headline\":\"B\u00fct\u00fcn Yat\u0131r\u0131mlar 2050\u2019de S\u0131f\u0131r Seragaz\u0131\",\"datePublished\":\"2022-10-10T11:50:31+00:00\",\"mainEntityOfPage\":{\"@id\":\"http:\/\/atif.unaldi.org\/blog\/2022\/10\/10\/butun-yatirimlar-2050de-sifir-seragazi\/\"},\"wordCount\":809,\"commentCount\":0,\"publisher\":{\"@id\":\"http:\/\/atif.unaldi.org\/blog\/#\/schema\/person\/608ed42ecbda2bc5cfdb767ac1db479b\"},\"articleSection\":[\"- Businessweek\",\"Medya\"],\"inLanguage\":\"tr\",\"potentialAction\":[{\"@type\":\"CommentAction\",\"name\":\"Comment\",\"target\":[\"http:\/\/atif.unaldi.org\/blog\/2022\/10\/10\/butun-yatirimlar-2050de-sifir-seragazi\/#respond\"]}]},{\"@type\":\"WebPage\",\"@id\":\"http:\/\/atif.unaldi.org\/blog\/2022\/10\/10\/butun-yatirimlar-2050de-sifir-seragazi\/\",\"url\":\"http:\/\/atif.unaldi.org\/blog\/2022\/10\/10\/butun-yatirimlar-2050de-sifir-seragazi\/\",\"name\":\"B\u00fct\u00fcn Yat\u0131r\u0131mlar 2050\u2019de S\u0131f\u0131r Seragaz\u0131 - At\u0131f \u00dcnald\u0131\",\"isPartOf\":{\"@id\":\"http:\/\/atif.unaldi.org\/blog\/#website\"},\"datePublished\":\"2022-10-10T11:50:31+00:00\",\"breadcrumb\":{\"@id\":\"http:\/\/atif.unaldi.org\/blog\/2022\/10\/10\/butun-yatirimlar-2050de-sifir-seragazi\/#breadcrumb\"},\"inLanguage\":\"tr\",\"potentialAction\":[{\"@type\":\"ReadAction\",\"target\":[\"http:\/\/atif.unaldi.org\/blog\/2022\/10\/10\/butun-yatirimlar-2050de-sifir-seragazi\/\"]}]},{\"@type\":\"BreadcrumbList\",\"@id\":\"http:\/\/atif.unaldi.org\/blog\/2022\/10\/10\/butun-yatirimlar-2050de-sifir-seragazi\/#breadcrumb\",\"itemListElement\":[{\"@type\":\"ListItem\",\"position\":1,\"name\":\"Anasayfa\",\"item\":\"http:\/\/atif.unaldi.org\/blog\/\"},{\"@type\":\"ListItem\",\"position\":2,\"name\":\"B\u00fct\u00fcn Yat\u0131r\u0131mlar 2050\u2019de S\u0131f\u0131r Seragaz\u0131\"}]},{\"@type\":\"WebSite\",\"@id\":\"http:\/\/atif.unaldi.org\/blog\/#website\",\"url\":\"http:\/\/atif.unaldi.org\/blog\/\",\"name\":\"At\u0131f \u00dcnald\u0131\",\"description\":\"Yazar\",\"publisher\":{\"@id\":\"http:\/\/atif.unaldi.org\/blog\/#\/schema\/person\/608ed42ecbda2bc5cfdb767ac1db479b\"},\"alternateName\":\"At\u0131f \u00dcnald\u0131 Blog\",\"potentialAction\":[{\"@type\":\"SearchAction\",\"target\":{\"@type\":\"EntryPoint\",\"urlTemplate\":\"http:\/\/atif.unaldi.org\/blog\/?s={search_term_string}\"},\"query-input\":{\"@type\":\"PropertyValueSpecification\",\"valueRequired\":true,\"valueName\":\"search_term_string\"}}],\"inLanguage\":\"tr\"},{\"@type\":[\"Person\",\"Organization\"],\"@id\":\"http:\/\/atif.unaldi.org\/blog\/#\/schema\/person\/608ed42ecbda2bc5cfdb767ac1db479b\",\"name\":\"Atif Unaldi\",\"image\":{\"@type\":\"ImageObject\",\"inLanguage\":\"tr\",\"@id\":\"http:\/\/atif.unaldi.org\/blog\/#\/schema\/person\/image\/\",\"url\":\"http:\/\/atif.unaldi.org\/blog\/wp-content\/uploads\/2022\/10\/cropped-a94e8f7a-67c4-4d65-8a5f-032ba784be53-2.jpg\",\"contentUrl\":\"http:\/\/atif.unaldi.org\/blog\/wp-content\/uploads\/2022\/10\/cropped-a94e8f7a-67c4-4d65-8a5f-032ba784be53-2.jpg\",\"width\":512,\"height\":512,\"caption\":\"Atif Unaldi\"},\"logo\":{\"@id\":\"http:\/\/atif.unaldi.org\/blog\/#\/schema\/person\/image\/\"},\"description\":\"Bo\u011fazi\u00e7i \u00dcniversitesinde Fizik B\u00f6l\u00fcm\u00fc\u2019nde e\u011fitim ald\u0131\u011f\u0131 y\u0131llarda T\u00fcrkiye\u2019de ilk kez iki bilgisayar\u0131 telefon hatlar\u0131 \u00fczerinden konu\u015fturan BBS sistemini kurarak, T\u00fcrkiye\u2019deki ilk internet a\u011f\u0131n\u0131 olu\u015fturmu\u015ftur. Bir \u00e7ok radyo ve televizyonda program yap\u0131mc\u0131l\u0131\u011f\u0131 ve sunuculu\u011funu, bir \u00e7ok teknoloji dergisinde k\u00f6\u015fe yazarl\u0131\u011f\u0131, bili\u015fim edit\u00f6rl\u00fc\u011f\u00fc ve genel yay\u0131n y\u00f6netmenli\u011fi yapt\u0131. T\u00fcrkiye\u2019deki ilk internet servis sa\u011flay\u0131c\u0131s\u0131n\u0131n genel m\u00fcd\u00fcrl\u00fc\u011f\u00fcn\u00fc \u00fcstlendi. Bir \u00e7ok organizasyon ve kurulu\u015fta internet s\u00fcperviz\u00f6rl\u00fc\u011f\u00fc , webmaster\u2019l\u0131\u011f\u0131 , IT direkt\u00f6rl\u00fc\u011f\u00fc ve dijital projeler koordinat\u00f6rl\u00fc\u011f\u00fc g\u00f6revlerinde bulundu. Farkl\u0131 \u00fcniversitelerin farkl\u0131 fak\u00fcltelerinde \u00f6\u011fretim g\u00f6revlisi olarak bulunmu\u015f olan \u00dcnald\u0131; \u015fu an teknoloji ve pazarlama konular\u0131 ba\u015fta olmak \u00fczere bir\u00e7ok alanda hizmet veren Unaldi Consultancy\u2019nin kurucusudur. \\u2028Selin \u00dcnald\u0131 ile evlidir. Su ve Toprak isminde iki \u00e7ocu\u011fu vard\u0131r.\",\"sameAs\":[\"http:\/\/atif.unaldi.org\/blog\",\"https:\/\/www.facebook.com\/atifunaldi\",\"https:\/\/www.instagram.com\/atifunaldi\/\",\"https:\/\/www.linkedin.com\/in\/atifunaldi\",\"https:\/\/x.com\/https:\/\/twitter.com\/atifunaldi\",\"https:\/\/www.youtube.com\/c\/atifunaldi\",\"https:\/\/soundcloud.com\/atif-unaldi\",\"https:\/\/atifunaldi.tumblr.com\"]},{\"@type\":\"Person\",\"@id\":\"http:\/\/atif.unaldi.org\/blog\/#\/schema\/person\/ec4e63c309de8d3aeebd0a2680f2d991\",\"name\":\"Eda Aygen\",\"image\":{\"@type\":\"ImageObject\",\"inLanguage\":\"tr\",\"@id\":\"http:\/\/atif.unaldi.org\/blog\/#\/schema\/person\/image\/\",\"url\":\"https:\/\/secure.gravatar.com\/avatar\/82eec096d71f6c2161b84f552a917b39?s=96&d=mm&r=g\",\"contentUrl\":\"https:\/\/secure.gravatar.com\/avatar\/82eec096d71f6c2161b84f552a917b39?s=96&d=mm&r=g\",\"caption\":\"Eda Aygen\"},\"url\":\"http:\/\/atif.unaldi.org\/blog\/author\/eda-aygen\/\"}]}<\/script>\n<!-- \/ Yoast SEO plugin. -->","yoast_head_json":{"title":"B\u00fct\u00fcn Yat\u0131r\u0131mlar 2050\u2019de S\u0131f\u0131r Seragaz\u0131 - At\u0131f \u00dcnald\u0131","robots":{"index":"index","follow":"follow","max-snippet":"max-snippet:-1","max-image-preview":"max-image-preview:large","max-video-preview":"max-video-preview:-1"},"canonical":"http:\/\/atif.unaldi.org\/blog\/2022\/10\/10\/butun-yatirimlar-2050de-sifir-seragazi\/","og_locale":"tr_TR","og_type":"article","og_title":"B\u00fct\u00fcn Yat\u0131r\u0131mlar 2050\u2019de S\u0131f\u0131r Seragaz\u0131 - At\u0131f \u00dcnald\u0131","og_description":"Bill Gates\u2019in Korona a\u015f\u0131s\u0131 bahanesi ile hepimize \u00e7ip takaca\u011f\u0131 bilgisi sadece geli\u015fmekte olan \u00fclkelerde konu\u015fulmuyor olacak ki; k\u0131z\u0131 bu hafta a\u015f\u0131 olurken bunu tiye alan bir tweet att\u0131: \u201csadly did NOT implant my genius father...","og_url":"http:\/\/atif.unaldi.org\/blog\/2022\/10\/10\/butun-yatirimlar-2050de-sifir-seragazi\/","og_site_name":"At\u0131f \u00dcnald\u0131","article_publisher":"https:\/\/www.facebook.com\/atifunaldi","article_published_time":"2022-10-10T11:50:31+00:00","author":"Eda Aygen","twitter_card":"summary_large_image","twitter_site":"@atifunaldi","twitter_misc":{"Yazan:":"Eda Aygen","Tahmini okuma s\u00fcresi":"4 dakika"},"schema":{"@context":"https:\/\/schema.org","@graph":[{"@type":"Article","@id":"http:\/\/atif.unaldi.org\/blog\/2022\/10\/10\/butun-yatirimlar-2050de-sifir-seragazi\/#article","isPartOf":{"@id":"http:\/\/atif.unaldi.org\/blog\/2022\/10\/10\/butun-yatirimlar-2050de-sifir-seragazi\/"},"author":{"name":"Eda Aygen","@id":"http:\/\/atif.unaldi.org\/blog\/#\/schema\/person\/ec4e63c309de8d3aeebd0a2680f2d991"},"headline":"B\u00fct\u00fcn Yat\u0131r\u0131mlar 2050\u2019de S\u0131f\u0131r Seragaz\u0131","datePublished":"2022-10-10T11:50:31+00:00","mainEntityOfPage":{"@id":"http:\/\/atif.unaldi.org\/blog\/2022\/10\/10\/butun-yatirimlar-2050de-sifir-seragazi\/"},"wordCount":809,"commentCount":0,"publisher":{"@id":"http:\/\/atif.unaldi.org\/blog\/#\/schema\/person\/608ed42ecbda2bc5cfdb767ac1db479b"},"articleSection":["- Businessweek","Medya"],"inLanguage":"tr","potentialAction":[{"@type":"CommentAction","name":"Comment","target":["http:\/\/atif.unaldi.org\/blog\/2022\/10\/10\/butun-yatirimlar-2050de-sifir-seragazi\/#respond"]}]},{"@type":"WebPage","@id":"http:\/\/atif.unaldi.org\/blog\/2022\/10\/10\/butun-yatirimlar-2050de-sifir-seragazi\/","url":"http:\/\/atif.unaldi.org\/blog\/2022\/10\/10\/butun-yatirimlar-2050de-sifir-seragazi\/","name":"B\u00fct\u00fcn Yat\u0131r\u0131mlar 2050\u2019de S\u0131f\u0131r Seragaz\u0131 - At\u0131f \u00dcnald\u0131","isPartOf":{"@id":"http:\/\/atif.unaldi.org\/blog\/#website"},"datePublished":"2022-10-10T11:50:31+00:00","breadcrumb":{"@id":"http:\/\/atif.unaldi.org\/blog\/2022\/10\/10\/butun-yatirimlar-2050de-sifir-seragazi\/#breadcrumb"},"inLanguage":"tr","potentialAction":[{"@type":"ReadAction","target":["http:\/\/atif.unaldi.org\/blog\/2022\/10\/10\/butun-yatirimlar-2050de-sifir-seragazi\/"]}]},{"@type":"BreadcrumbList","@id":"http:\/\/atif.unaldi.org\/blog\/2022\/10\/10\/butun-yatirimlar-2050de-sifir-seragazi\/#breadcrumb","itemListElement":[{"@type":"ListItem","position":1,"name":"Anasayfa","item":"http:\/\/atif.unaldi.org\/blog\/"},{"@type":"ListItem","position":2,"name":"B\u00fct\u00fcn Yat\u0131r\u0131mlar 2050\u2019de S\u0131f\u0131r Seragaz\u0131"}]},{"@type":"WebSite","@id":"http:\/\/atif.unaldi.org\/blog\/#website","url":"http:\/\/atif.unaldi.org\/blog\/","name":"At\u0131f \u00dcnald\u0131","description":"Yazar","publisher":{"@id":"http:\/\/atif.unaldi.org\/blog\/#\/schema\/person\/608ed42ecbda2bc5cfdb767ac1db479b"},"alternateName":"At\u0131f \u00dcnald\u0131 Blog","potentialAction":[{"@type":"SearchAction","target":{"@type":"EntryPoint","urlTemplate":"http:\/\/atif.unaldi.org\/blog\/?s={search_term_string}"},"query-input":{"@type":"PropertyValueSpecification","valueRequired":true,"valueName":"search_term_string"}}],"inLanguage":"tr"},{"@type":["Person","Organization"],"@id":"http:\/\/atif.unaldi.org\/blog\/#\/schema\/person\/608ed42ecbda2bc5cfdb767ac1db479b","name":"Atif Unaldi","image":{"@type":"ImageObject","inLanguage":"tr","@id":"http:\/\/atif.unaldi.org\/blog\/#\/schema\/person\/image\/","url":"http:\/\/atif.unaldi.org\/blog\/wp-content\/uploads\/2022\/10\/cropped-a94e8f7a-67c4-4d65-8a5f-032ba784be53-2.jpg","contentUrl":"http:\/\/atif.unaldi.org\/blog\/wp-content\/uploads\/2022\/10\/cropped-a94e8f7a-67c4-4d65-8a5f-032ba784be53-2.jpg","width":512,"height":512,"caption":"Atif Unaldi"},"logo":{"@id":"http:\/\/atif.unaldi.org\/blog\/#\/schema\/person\/image\/"},"description":"Bo\u011fazi\u00e7i \u00dcniversitesinde Fizik B\u00f6l\u00fcm\u00fc\u2019nde e\u011fitim ald\u0131\u011f\u0131 y\u0131llarda T\u00fcrkiye\u2019de ilk kez iki bilgisayar\u0131 telefon hatlar\u0131 \u00fczerinden konu\u015fturan BBS sistemini kurarak, T\u00fcrkiye\u2019deki ilk internet a\u011f\u0131n\u0131 olu\u015fturmu\u015ftur. Bir \u00e7ok radyo ve televizyonda program yap\u0131mc\u0131l\u0131\u011f\u0131 ve sunuculu\u011funu, bir \u00e7ok teknoloji dergisinde k\u00f6\u015fe yazarl\u0131\u011f\u0131, bili\u015fim edit\u00f6rl\u00fc\u011f\u00fc ve genel yay\u0131n y\u00f6netmenli\u011fi yapt\u0131. T\u00fcrkiye\u2019deki ilk internet servis sa\u011flay\u0131c\u0131s\u0131n\u0131n genel m\u00fcd\u00fcrl\u00fc\u011f\u00fcn\u00fc \u00fcstlendi. Bir \u00e7ok organizasyon ve kurulu\u015fta internet s\u00fcperviz\u00f6rl\u00fc\u011f\u00fc , webmaster\u2019l\u0131\u011f\u0131 , IT direkt\u00f6rl\u00fc\u011f\u00fc ve dijital projeler koordinat\u00f6rl\u00fc\u011f\u00fc g\u00f6revlerinde bulundu. Farkl\u0131 \u00fcniversitelerin farkl\u0131 fak\u00fcltelerinde \u00f6\u011fretim g\u00f6revlisi olarak bulunmu\u015f olan \u00dcnald\u0131; \u015fu an teknoloji ve pazarlama konular\u0131 ba\u015fta olmak \u00fczere bir\u00e7ok alanda hizmet veren Unaldi Consultancy\u2019nin kurucusudur. \u2028Selin \u00dcnald\u0131 ile evlidir. Su ve Toprak isminde iki \u00e7ocu\u011fu vard\u0131r.","sameAs":["http:\/\/atif.unaldi.org\/blog","https:\/\/www.facebook.com\/atifunaldi","https:\/\/www.instagram.com\/atifunaldi\/","https:\/\/www.linkedin.com\/in\/atifunaldi","https:\/\/x.com\/https:\/\/twitter.com\/atifunaldi","https:\/\/www.youtube.com\/c\/atifunaldi","https:\/\/soundcloud.com\/atif-unaldi","https:\/\/atifunaldi.tumblr.com"]},{"@type":"Person","@id":"http:\/\/atif.unaldi.org\/blog\/#\/schema\/person\/ec4e63c309de8d3aeebd0a2680f2d991","name":"Eda Aygen","image":{"@type":"ImageObject","inLanguage":"tr","@id":"http:\/\/atif.unaldi.org\/blog\/#\/schema\/person\/image\/","url":"https:\/\/secure.gravatar.com\/avatar\/82eec096d71f6c2161b84f552a917b39?s=96&d=mm&r=g","contentUrl":"https:\/\/secure.gravatar.com\/avatar\/82eec096d71f6c2161b84f552a917b39?s=96&d=mm&r=g","caption":"Eda Aygen"},"url":"http:\/\/atif.unaldi.org\/blog\/author\/eda-aygen\/"}]}},"jetpack_featured_media_url":"","_links":{"self":[{"href":"http:\/\/atif.unaldi.org\/blog\/wp-json\/wp\/v2\/posts\/16588","targetHints":{"allow":["GET"]}}],"collection":[{"href":"http:\/\/atif.unaldi.org\/blog\/wp-json\/wp\/v2\/posts"}],"about":[{"href":"http:\/\/atif.unaldi.org\/blog\/wp-json\/wp\/v2\/types\/post"}],"author":[{"embeddable":true,"href":"http:\/\/atif.unaldi.org\/blog\/wp-json\/wp\/v2\/users\/6"}],"replies":[{"embeddable":true,"href":"http:\/\/atif.unaldi.org\/blog\/wp-json\/wp\/v2\/comments?post=16588"}],"version-history":[{"count":1,"href":"http:\/\/atif.unaldi.org\/blog\/wp-json\/wp\/v2\/posts\/16588\/revisions"}],"predecessor-version":[{"id":16589,"href":"http:\/\/atif.unaldi.org\/blog\/wp-json\/wp\/v2\/posts\/16588\/revisions\/16589"}],"wp:attachment":[{"href":"http:\/\/atif.unaldi.org\/blog\/wp-json\/wp\/v2\/media?parent=16588"}],"wp:term":[{"taxonomy":"category","embeddable":true,"href":"http:\/\/atif.unaldi.org\/blog\/wp-json\/wp\/v2\/categories?post=16588"},{"taxonomy":"post_tag","embeddable":true,"href":"http:\/\/atif.unaldi.org\/blog\/wp-json\/wp\/v2\/tags?post=16588"}],"curies":[{"name":"wp","href":"https:\/\/api.w.org\/{rel}","templated":true}]}}