{"id":16597,"date":"2022-10-10T15:01:16","date_gmt":"2022-10-10T12:01:16","guid":{"rendered":"http:\/\/atif.unaldi.org\/blog\/?p=16597"},"modified":"2022-10-10T15:01:16","modified_gmt":"2022-10-10T12:01:16","slug":"yilin-enleri","status":"publish","type":"post","link":"http:\/\/atif.unaldi.org\/blog\/2022\/10\/10\/yilin-enleri\/","title":{"rendered":"Y\u0131l\u0131n \u201cEn\u201dleri"},"content":{"rendered":"<p>2020 y\u0131l\u0131 art\u0131k bitiyor. Her y\u0131l sonunda oldu\u011fu gibi bu y\u0131l\u0131n da \u201cen\u201d lerinden bir se\u00e7ki haz\u0131rlad\u0131m.<\/p>\n<p>Y\u0131l\u0131n \u015firketi : SAS<br \/>\nMalum bu y\u0131l\u0131n en \u00f6nemli konusu Mart aylar\u0131nda hepimizi evimize kilitleyen Covid-19 ve pandemi s\u00fcreci oldu. Bir salg\u0131nla m\u00fccadele ediyorsan\u0131z, kimin kiminle nas\u0131l ba\u011flant\u0131da oldu\u011fu bilgisi hayati \u00f6nem ta\u015f\u0131yor. \u0130\u015fte bu bilgiyi de tabii ki veri analizi ile elde ediyoruz. Bu y\u00fczden bu tip durumlarda daha h\u0131zl\u0131 m\u00fcdahale etmek ad\u0131na veri analizinin, veri bilim adaml\u0131\u011f\u0131n\u0131n ve bu bilgileri anlamland\u0131ran \u015firketlerin \u00f6nemi ortada. Pandeminin ilk g\u00fcnlerinde, Tayfun Topko\u00e7 ile yapt\u0131\u011f\u0131m ve bu dergideki k\u00f6\u015feme ta\u015f\u0131d\u0131\u011f\u0131m sohbeti unutmuyorum. \u00d6zellikle TBV ile ba\u015flatt\u0131klar\u0131 veri bilim adam\u0131 yeti\u015ftirme projelerini ve bunun T\u00fcrkiye i\u00e7in \u00f6nemini unutmadan SAS\u2019a hem T\u00fcrkiye hem de d\u00fcnyada hakketti\u011fi de\u011feri vermek gerekti\u011fini d\u00fc\u015f\u00fcn\u00fcyorum.<\/p>\n<p>Y\u0131l\u0131n teknoloji insan\u0131 : Elon Musk<br \/>\nBu y\u0131l ger\u00e7ekten \u00e7ok \u00e7al\u0131\u015ft\u0131. D\u00fcnyan\u0131n en b\u00fcy\u00fck projelerinin sahibi. SpaceX\u2019in Starlink projesi Kuzey Amerika ve Kanada\u2019ya internet hizmeti verecek noktaya geldi, Tesla\u2019n\u0131n yeni arac\u0131 CyberTruck her saniye d\u00fcnyan\u0131n farkl\u0131 k\u00f6\u015felerinden sipari\u015f topluyor (ben de verdim, sadece 100 dolar), Boring Company Los Angeles\u2019da yapt\u0131\u011f\u0131 t\u00fcnelin ilk etab\u0131n\u0131 test i\u00e7in a\u00e7t\u0131, Open AI GPT-3 isimli yapay zekas\u0131 ile harika projeler ger\u00e7ekle\u015ftiriyor, Neuralink ise sosyal medyada \u201caman hepimize \u00e7ip takacaklar\u201d paranoyas\u0131n\u0131 zorlamaya devam ediyor. Bu arada bu \u00e7al\u0131\u015fman\u0131n kar\u015f\u0131l\u0131\u011f\u0131 olarak Elon, ki\u015fisel malvarl\u0131\u011f\u0131n\u0131 sadece pandemi s\u00fcrecinde be\u015fe katlad\u0131. Hani bir milyar dolardan be\u015f milyar dolara de\u011fil, son haliyle 126.2 milyar dolar. Elon Musk hakk\u0131ndaki son bir bilgi; Silikon Vadisindeki gelmi\u015f ge\u00e7mi\u015f en ilham verici y\u00f6netici olarak g\u00f6r\u00fcl\u00fcyor.<\/p>\n<p>Y\u0131l\u0131n teknolojisi : Sanal St\u00fcdyo<br \/>\nY\u0131l\u0131n ba\u015f\u0131nda herkes konferans yaz\u0131l\u0131mlar\u0131ndan ve ne kadar b\u00fcy\u00fcd\u00fcklerinden bahsetti ama asl\u0131nda bu b\u00fcy\u00fcmenin arkas\u0131ndan evrilmeleri gerekti\u011finden bahsetmedi. Zaten pandemiye haz\u0131rl\u0131kl\u0131 yakalanan tek konferans yaz\u0131l\u0131m\u0131 Zoom\u2019du. O da g\u00fcvenlik a\u00e7\u0131klar\u0131 ile neredeyse yolun d\u0131\u015f\u0131na \u00e7\u0131k\u0131yordu. Her ne kadar Apple, Zoom\u2019u y\u0131l\u0131n uygulamas\u0131 se\u00e7se de benim i\u00e7in bu y\u0131l\u0131n en \u00f6nemli teknolojik geli\u015fmeleri bundan sonra sanal konferans ve fuarlar olacak. Senenin sonuna do\u011fru konferans konu\u015fmalar\u0131nda g\u00f6rmeye ba\u015flad\u0131\u011f\u0131m\u0131z sanal st\u00fcdyolar\u0131 en son haber b\u00fcltenlerinde g\u00f6rm\u00fc\u015ft\u00fck. Bu sefer daha amac\u0131na uygun \u015fekilde kullan\u0131lan bu teknolojiler y\u0131l\u0131n en \u00f6nemli teknolojileri\u2026<\/p>\n<p>Y\u0131l\u0131n telefonu : iPhone 12<br \/>\nApple her y\u0131l oldu\u011fu gibi bu y\u0131l da yeni telefon modelleri, tablet ve bilgisayarlar\u0131n\u0131 a\u00e7\u0131klad\u0131. Bunlar\u0131n i\u00e7inde Apple\u2019\u0131n CPU yani merkezi i\u015flemcilerini yapt\u0131\u011f\u0131 Macbook Air ve Macbook Pro \u00e7ok \u00f6nemli geli\u015fmeler olsa da, y\u0131llar sonra Steve Jobs\u2019\u0131n son tasarlad\u0131\u011f\u0131 telefona \u00e7ok benzeyen iPhone 12 ile eski Apple fanlar\u0131n\u0131n dikkatini \u00e7ekmeyi ba\u015fard\u0131. A\u00e7\u0131kcas\u0131 o kadar etkili oldu ki; iPhone 13 de konu\u015fulmaya ba\u015fland\u0131. Apple, iPhone 12 ile rakiplerine de g\u00f6z da\u011f\u0131 verdi.<\/p>\n<p>Y\u0131l\u0131n arac\u0131 : CyberTruck<br \/>\nOtomotiv sekt\u00f6r\u00fcne exoskeleton (d\u0131\u015f iskelet) yap\u0131s\u0131 ile yenilik getiren, Tesla, cybertruck modeline \u00f6n sipari\u015fi 100 dolar gibi bir fiyatla alarak da ciddi bir farkl\u0131l\u0131k getirdi. \u00dcstelik ge\u00e7en ay sipari\u015f verenler e\u011fer otonom yaz\u0131l\u0131m mod\u00fcl\u00fcn\u00fc de sipari\u015flerine ekledilerse, \u015fu an 2000 dolar kardalar. Zira bu mod\u00fcl\u00fcn fiyat\u0131 2000 dolar artt\u0131. Hala sipari\u015f vermeyenler i\u00e7n adres https:\/\/www.tesla.com\/cybertruck\/design<\/p>\n<p>Y\u0131l\u0131n aksesuar \u00fcreticisi : Logitech<br \/>\nLogitech, bir y\u0131l, iki y\u0131l de\u011fil bu \u00f6d\u00fcl\u00fc neredeyse on y\u0131ld\u0131r hak ediyor. Ancak son d\u00f6nemde \u00f6zellikle iPad Pro i\u00e7in \u00fcrettikleri aksesuarlarda o kadar ileri gittiler ki; Apple klavyeden de iyi oldu\u011fu s\u00f6ylenir oldu. Tabii Logitech sadece Apple \u00fcr\u00fcnlerine aksesuar \u00fcretmiyor. Ayn\u0131 zamanda m\u00fczik, bilgisayar oyunlar\u0131, video collaboration \u00fcr\u00fcnleri (yani kamera ve video konferans donan\u0131mlar\u0131) ve ak\u0131ll\u0131 ev \u00fcr\u00fcnleri var.<br \/>\nTabii bunlar d\u0131\u015f\u0131nda \u00f6zellikle yaz\u0131l\u0131m taraf\u0131nda bir\u00e7ok ger\u00e7ekten \u00f6zellikle \u00fcr\u00fcnler de g\u00f6rd\u00fck. Benim bu konuda \u00f6nceli\u011fim, ihtiyac\u0131m olan her yaz\u0131l\u0131m\u0131 buldu\u011fum ve abonelik sistemi ile \u00e7al\u0131\u015fan Setapp ( http:\/\/www.netizenlist.com\/setapp ) var. Ama belki de \u00f6zellikle 2020 y\u0131l\u0131n\u0131n yaz\u0131l\u0131mlar\u0131ndan ayr\u0131ca bahsetmek gerek.<\/p>\n","protected":false},"excerpt":{"rendered":"<p>2020 y\u0131l\u0131 art\u0131k bitiyor. Her y\u0131l sonunda oldu\u011fu gibi bu y\u0131l\u0131n da \u201cen\u201d lerinden bir se\u00e7ki haz\u0131rlad\u0131m. Y\u0131l\u0131n \u015firketi : SAS Malum bu y\u0131l\u0131n en \u00f6nemli konusu Mart aylar\u0131nda hepimizi evimize kilitleyen Covid-19 ve pandemi&#8230;<\/p>\n","protected":false},"author":6,"featured_media":0,"comment_status":"open","ping_status":"open","sticky":false,"template":"","format":"standard","meta":{"footnotes":""},"categories":[39,5],"tags":[],"class_list":["post-16597","post","type-post","status-publish","format-standard","hentry","category-businessweek","category-medya"],"yoast_head":"<!-- This site is optimized with the Yoast SEO plugin v26.8 - https:\/\/yoast.com\/product\/yoast-seo-wordpress\/ -->\n<title>Y\u0131l\u0131n \u201cEn\u201dleri - At\u0131f \u00dcnald\u0131<\/title>\n<meta name=\"robots\" content=\"index, follow, max-snippet:-1, max-image-preview:large, max-video-preview:-1\" \/>\n<link rel=\"canonical\" href=\"http:\/\/atif.unaldi.org\/blog\/2022\/10\/10\/yilin-enleri\/\" \/>\n<meta property=\"og:locale\" content=\"tr_TR\" \/>\n<meta property=\"og:type\" content=\"article\" \/>\n<meta property=\"og:title\" content=\"Y\u0131l\u0131n \u201cEn\u201dleri - At\u0131f \u00dcnald\u0131\" \/>\n<meta property=\"og:description\" content=\"2020 y\u0131l\u0131 art\u0131k bitiyor. Her y\u0131l sonunda oldu\u011fu gibi bu y\u0131l\u0131n da \u201cen\u201d lerinden bir se\u00e7ki haz\u0131rlad\u0131m. Y\u0131l\u0131n \u015firketi : SAS Malum bu y\u0131l\u0131n en \u00f6nemli konusu Mart aylar\u0131nda hepimizi evimize kilitleyen Covid-19 ve pandemi...\" \/>\n<meta property=\"og:url\" content=\"http:\/\/atif.unaldi.org\/blog\/2022\/10\/10\/yilin-enleri\/\" \/>\n<meta property=\"og:site_name\" content=\"At\u0131f \u00dcnald\u0131\" \/>\n<meta property=\"article:publisher\" content=\"https:\/\/www.facebook.com\/atifunaldi\" \/>\n<meta property=\"article:published_time\" content=\"2022-10-10T12:01:16+00:00\" \/>\n<meta name=\"author\" content=\"Eda Aygen\" \/>\n<meta name=\"twitter:card\" content=\"summary_large_image\" \/>\n<meta name=\"twitter:site\" content=\"@atifunaldi\" \/>\n<meta name=\"twitter:label1\" content=\"Yazan:\" \/>\n\t<meta name=\"twitter:data1\" content=\"Eda Aygen\" \/>\n\t<meta name=\"twitter:label2\" content=\"Tahmini okuma s\u00fcresi\" \/>\n\t<meta name=\"twitter:data2\" content=\"4 dakika\" \/>\n<script type=\"application\/ld+json\" class=\"yoast-schema-graph\">{\"@context\":\"https:\/\/schema.org\",\"@graph\":[{\"@type\":\"Article\",\"@id\":\"http:\/\/atif.unaldi.org\/blog\/2022\/10\/10\/yilin-enleri\/#article\",\"isPartOf\":{\"@id\":\"http:\/\/atif.unaldi.org\/blog\/2022\/10\/10\/yilin-enleri\/\"},\"author\":{\"name\":\"Eda Aygen\",\"@id\":\"http:\/\/atif.unaldi.org\/blog\/#\/schema\/person\/ec4e63c309de8d3aeebd0a2680f2d991\"},\"headline\":\"Y\u0131l\u0131n \u201cEn\u201dleri\",\"datePublished\":\"2022-10-10T12:01:16+00:00\",\"mainEntityOfPage\":{\"@id\":\"http:\/\/atif.unaldi.org\/blog\/2022\/10\/10\/yilin-enleri\/\"},\"wordCount\":786,\"commentCount\":0,\"publisher\":{\"@id\":\"http:\/\/atif.unaldi.org\/blog\/#\/schema\/person\/608ed42ecbda2bc5cfdb767ac1db479b\"},\"articleSection\":[\"- Businessweek\",\"Medya\"],\"inLanguage\":\"tr\",\"potentialAction\":[{\"@type\":\"CommentAction\",\"name\":\"Comment\",\"target\":[\"http:\/\/atif.unaldi.org\/blog\/2022\/10\/10\/yilin-enleri\/#respond\"]}]},{\"@type\":\"WebPage\",\"@id\":\"http:\/\/atif.unaldi.org\/blog\/2022\/10\/10\/yilin-enleri\/\",\"url\":\"http:\/\/atif.unaldi.org\/blog\/2022\/10\/10\/yilin-enleri\/\",\"name\":\"Y\u0131l\u0131n \u201cEn\u201dleri - At\u0131f \u00dcnald\u0131\",\"isPartOf\":{\"@id\":\"http:\/\/atif.unaldi.org\/blog\/#website\"},\"datePublished\":\"2022-10-10T12:01:16+00:00\",\"breadcrumb\":{\"@id\":\"http:\/\/atif.unaldi.org\/blog\/2022\/10\/10\/yilin-enleri\/#breadcrumb\"},\"inLanguage\":\"tr\",\"potentialAction\":[{\"@type\":\"ReadAction\",\"target\":[\"http:\/\/atif.unaldi.org\/blog\/2022\/10\/10\/yilin-enleri\/\"]}]},{\"@type\":\"BreadcrumbList\",\"@id\":\"http:\/\/atif.unaldi.org\/blog\/2022\/10\/10\/yilin-enleri\/#breadcrumb\",\"itemListElement\":[{\"@type\":\"ListItem\",\"position\":1,\"name\":\"Anasayfa\",\"item\":\"http:\/\/atif.unaldi.org\/blog\/\"},{\"@type\":\"ListItem\",\"position\":2,\"name\":\"Y\u0131l\u0131n \u201cEn\u201dleri\"}]},{\"@type\":\"WebSite\",\"@id\":\"http:\/\/atif.unaldi.org\/blog\/#website\",\"url\":\"http:\/\/atif.unaldi.org\/blog\/\",\"name\":\"At\u0131f \u00dcnald\u0131\",\"description\":\"Yazar\",\"publisher\":{\"@id\":\"http:\/\/atif.unaldi.org\/blog\/#\/schema\/person\/608ed42ecbda2bc5cfdb767ac1db479b\"},\"alternateName\":\"At\u0131f \u00dcnald\u0131 Blog\",\"potentialAction\":[{\"@type\":\"SearchAction\",\"target\":{\"@type\":\"EntryPoint\",\"urlTemplate\":\"http:\/\/atif.unaldi.org\/blog\/?s={search_term_string}\"},\"query-input\":{\"@type\":\"PropertyValueSpecification\",\"valueRequired\":true,\"valueName\":\"search_term_string\"}}],\"inLanguage\":\"tr\"},{\"@type\":[\"Person\",\"Organization\"],\"@id\":\"http:\/\/atif.unaldi.org\/blog\/#\/schema\/person\/608ed42ecbda2bc5cfdb767ac1db479b\",\"name\":\"Atif Unaldi\",\"image\":{\"@type\":\"ImageObject\",\"inLanguage\":\"tr\",\"@id\":\"http:\/\/atif.unaldi.org\/blog\/#\/schema\/person\/image\/\",\"url\":\"http:\/\/atif.unaldi.org\/blog\/wp-content\/uploads\/2022\/10\/cropped-a94e8f7a-67c4-4d65-8a5f-032ba784be53-2.jpg\",\"contentUrl\":\"http:\/\/atif.unaldi.org\/blog\/wp-content\/uploads\/2022\/10\/cropped-a94e8f7a-67c4-4d65-8a5f-032ba784be53-2.jpg\",\"width\":512,\"height\":512,\"caption\":\"Atif Unaldi\"},\"logo\":{\"@id\":\"http:\/\/atif.unaldi.org\/blog\/#\/schema\/person\/image\/\"},\"description\":\"Bo\u011fazi\u00e7i \u00dcniversitesinde Fizik B\u00f6l\u00fcm\u00fc\u2019nde e\u011fitim ald\u0131\u011f\u0131 y\u0131llarda T\u00fcrkiye\u2019de ilk kez iki bilgisayar\u0131 telefon hatlar\u0131 \u00fczerinden konu\u015fturan BBS sistemini kurarak, T\u00fcrkiye\u2019deki ilk internet a\u011f\u0131n\u0131 olu\u015fturmu\u015ftur. Bir \u00e7ok radyo ve televizyonda program yap\u0131mc\u0131l\u0131\u011f\u0131 ve sunuculu\u011funu, bir \u00e7ok teknoloji dergisinde k\u00f6\u015fe yazarl\u0131\u011f\u0131, bili\u015fim edit\u00f6rl\u00fc\u011f\u00fc ve genel yay\u0131n y\u00f6netmenli\u011fi yapt\u0131. T\u00fcrkiye\u2019deki ilk internet servis sa\u011flay\u0131c\u0131s\u0131n\u0131n genel m\u00fcd\u00fcrl\u00fc\u011f\u00fcn\u00fc \u00fcstlendi. Bir \u00e7ok organizasyon ve kurulu\u015fta internet s\u00fcperviz\u00f6rl\u00fc\u011f\u00fc , webmaster\u2019l\u0131\u011f\u0131 , IT direkt\u00f6rl\u00fc\u011f\u00fc ve dijital projeler koordinat\u00f6rl\u00fc\u011f\u00fc g\u00f6revlerinde bulundu. Farkl\u0131 \u00fcniversitelerin farkl\u0131 fak\u00fcltelerinde \u00f6\u011fretim g\u00f6revlisi olarak bulunmu\u015f olan \u00dcnald\u0131; \u015fu an teknoloji ve pazarlama konular\u0131 ba\u015fta olmak \u00fczere bir\u00e7ok alanda hizmet veren Unaldi Consultancy\u2019nin kurucusudur. \\u2028Selin \u00dcnald\u0131 ile evlidir. Su ve Toprak isminde iki \u00e7ocu\u011fu vard\u0131r.\",\"sameAs\":[\"http:\/\/atif.unaldi.org\/blog\",\"https:\/\/www.facebook.com\/atifunaldi\",\"https:\/\/www.instagram.com\/atifunaldi\/\",\"https:\/\/www.linkedin.com\/in\/atifunaldi\",\"https:\/\/x.com\/https:\/\/twitter.com\/atifunaldi\",\"https:\/\/www.youtube.com\/c\/atifunaldi\",\"https:\/\/soundcloud.com\/atif-unaldi\",\"https:\/\/atifunaldi.tumblr.com\"]},{\"@type\":\"Person\",\"@id\":\"http:\/\/atif.unaldi.org\/blog\/#\/schema\/person\/ec4e63c309de8d3aeebd0a2680f2d991\",\"name\":\"Eda Aygen\",\"image\":{\"@type\":\"ImageObject\",\"inLanguage\":\"tr\",\"@id\":\"http:\/\/atif.unaldi.org\/blog\/#\/schema\/person\/image\/\",\"url\":\"https:\/\/secure.gravatar.com\/avatar\/82eec096d71f6c2161b84f552a917b39?s=96&d=mm&r=g\",\"contentUrl\":\"https:\/\/secure.gravatar.com\/avatar\/82eec096d71f6c2161b84f552a917b39?s=96&d=mm&r=g\",\"caption\":\"Eda Aygen\"},\"url\":\"http:\/\/atif.unaldi.org\/blog\/author\/eda-aygen\/\"}]}<\/script>\n<!-- \/ Yoast SEO plugin. -->","yoast_head_json":{"title":"Y\u0131l\u0131n \u201cEn\u201dleri - At\u0131f \u00dcnald\u0131","robots":{"index":"index","follow":"follow","max-snippet":"max-snippet:-1","max-image-preview":"max-image-preview:large","max-video-preview":"max-video-preview:-1"},"canonical":"http:\/\/atif.unaldi.org\/blog\/2022\/10\/10\/yilin-enleri\/","og_locale":"tr_TR","og_type":"article","og_title":"Y\u0131l\u0131n \u201cEn\u201dleri - At\u0131f \u00dcnald\u0131","og_description":"2020 y\u0131l\u0131 art\u0131k bitiyor. Her y\u0131l sonunda oldu\u011fu gibi bu y\u0131l\u0131n da \u201cen\u201d lerinden bir se\u00e7ki haz\u0131rlad\u0131m. Y\u0131l\u0131n \u015firketi : SAS Malum bu y\u0131l\u0131n en \u00f6nemli konusu Mart aylar\u0131nda hepimizi evimize kilitleyen Covid-19 ve pandemi...","og_url":"http:\/\/atif.unaldi.org\/blog\/2022\/10\/10\/yilin-enleri\/","og_site_name":"At\u0131f \u00dcnald\u0131","article_publisher":"https:\/\/www.facebook.com\/atifunaldi","article_published_time":"2022-10-10T12:01:16+00:00","author":"Eda Aygen","twitter_card":"summary_large_image","twitter_site":"@atifunaldi","twitter_misc":{"Yazan:":"Eda Aygen","Tahmini okuma s\u00fcresi":"4 dakika"},"schema":{"@context":"https:\/\/schema.org","@graph":[{"@type":"Article","@id":"http:\/\/atif.unaldi.org\/blog\/2022\/10\/10\/yilin-enleri\/#article","isPartOf":{"@id":"http:\/\/atif.unaldi.org\/blog\/2022\/10\/10\/yilin-enleri\/"},"author":{"name":"Eda Aygen","@id":"http:\/\/atif.unaldi.org\/blog\/#\/schema\/person\/ec4e63c309de8d3aeebd0a2680f2d991"},"headline":"Y\u0131l\u0131n \u201cEn\u201dleri","datePublished":"2022-10-10T12:01:16+00:00","mainEntityOfPage":{"@id":"http:\/\/atif.unaldi.org\/blog\/2022\/10\/10\/yilin-enleri\/"},"wordCount":786,"commentCount":0,"publisher":{"@id":"http:\/\/atif.unaldi.org\/blog\/#\/schema\/person\/608ed42ecbda2bc5cfdb767ac1db479b"},"articleSection":["- Businessweek","Medya"],"inLanguage":"tr","potentialAction":[{"@type":"CommentAction","name":"Comment","target":["http:\/\/atif.unaldi.org\/blog\/2022\/10\/10\/yilin-enleri\/#respond"]}]},{"@type":"WebPage","@id":"http:\/\/atif.unaldi.org\/blog\/2022\/10\/10\/yilin-enleri\/","url":"http:\/\/atif.unaldi.org\/blog\/2022\/10\/10\/yilin-enleri\/","name":"Y\u0131l\u0131n \u201cEn\u201dleri - At\u0131f \u00dcnald\u0131","isPartOf":{"@id":"http:\/\/atif.unaldi.org\/blog\/#website"},"datePublished":"2022-10-10T12:01:16+00:00","breadcrumb":{"@id":"http:\/\/atif.unaldi.org\/blog\/2022\/10\/10\/yilin-enleri\/#breadcrumb"},"inLanguage":"tr","potentialAction":[{"@type":"ReadAction","target":["http:\/\/atif.unaldi.org\/blog\/2022\/10\/10\/yilin-enleri\/"]}]},{"@type":"BreadcrumbList","@id":"http:\/\/atif.unaldi.org\/blog\/2022\/10\/10\/yilin-enleri\/#breadcrumb","itemListElement":[{"@type":"ListItem","position":1,"name":"Anasayfa","item":"http:\/\/atif.unaldi.org\/blog\/"},{"@type":"ListItem","position":2,"name":"Y\u0131l\u0131n \u201cEn\u201dleri"}]},{"@type":"WebSite","@id":"http:\/\/atif.unaldi.org\/blog\/#website","url":"http:\/\/atif.unaldi.org\/blog\/","name":"At\u0131f \u00dcnald\u0131","description":"Yazar","publisher":{"@id":"http:\/\/atif.unaldi.org\/blog\/#\/schema\/person\/608ed42ecbda2bc5cfdb767ac1db479b"},"alternateName":"At\u0131f \u00dcnald\u0131 Blog","potentialAction":[{"@type":"SearchAction","target":{"@type":"EntryPoint","urlTemplate":"http:\/\/atif.unaldi.org\/blog\/?s={search_term_string}"},"query-input":{"@type":"PropertyValueSpecification","valueRequired":true,"valueName":"search_term_string"}}],"inLanguage":"tr"},{"@type":["Person","Organization"],"@id":"http:\/\/atif.unaldi.org\/blog\/#\/schema\/person\/608ed42ecbda2bc5cfdb767ac1db479b","name":"Atif Unaldi","image":{"@type":"ImageObject","inLanguage":"tr","@id":"http:\/\/atif.unaldi.org\/blog\/#\/schema\/person\/image\/","url":"http:\/\/atif.unaldi.org\/blog\/wp-content\/uploads\/2022\/10\/cropped-a94e8f7a-67c4-4d65-8a5f-032ba784be53-2.jpg","contentUrl":"http:\/\/atif.unaldi.org\/blog\/wp-content\/uploads\/2022\/10\/cropped-a94e8f7a-67c4-4d65-8a5f-032ba784be53-2.jpg","width":512,"height":512,"caption":"Atif Unaldi"},"logo":{"@id":"http:\/\/atif.unaldi.org\/blog\/#\/schema\/person\/image\/"},"description":"Bo\u011fazi\u00e7i \u00dcniversitesinde Fizik B\u00f6l\u00fcm\u00fc\u2019nde e\u011fitim ald\u0131\u011f\u0131 y\u0131llarda T\u00fcrkiye\u2019de ilk kez iki bilgisayar\u0131 telefon hatlar\u0131 \u00fczerinden konu\u015fturan BBS sistemini kurarak, T\u00fcrkiye\u2019deki ilk internet a\u011f\u0131n\u0131 olu\u015fturmu\u015ftur. Bir \u00e7ok radyo ve televizyonda program yap\u0131mc\u0131l\u0131\u011f\u0131 ve sunuculu\u011funu, bir \u00e7ok teknoloji dergisinde k\u00f6\u015fe yazarl\u0131\u011f\u0131, bili\u015fim edit\u00f6rl\u00fc\u011f\u00fc ve genel yay\u0131n y\u00f6netmenli\u011fi yapt\u0131. T\u00fcrkiye\u2019deki ilk internet servis sa\u011flay\u0131c\u0131s\u0131n\u0131n genel m\u00fcd\u00fcrl\u00fc\u011f\u00fcn\u00fc \u00fcstlendi. Bir \u00e7ok organizasyon ve kurulu\u015fta internet s\u00fcperviz\u00f6rl\u00fc\u011f\u00fc , webmaster\u2019l\u0131\u011f\u0131 , IT direkt\u00f6rl\u00fc\u011f\u00fc ve dijital projeler koordinat\u00f6rl\u00fc\u011f\u00fc g\u00f6revlerinde bulundu. Farkl\u0131 \u00fcniversitelerin farkl\u0131 fak\u00fcltelerinde \u00f6\u011fretim g\u00f6revlisi olarak bulunmu\u015f olan \u00dcnald\u0131; \u015fu an teknoloji ve pazarlama konular\u0131 ba\u015fta olmak \u00fczere bir\u00e7ok alanda hizmet veren Unaldi Consultancy\u2019nin kurucusudur. \u2028Selin \u00dcnald\u0131 ile evlidir. Su ve Toprak isminde iki \u00e7ocu\u011fu vard\u0131r.","sameAs":["http:\/\/atif.unaldi.org\/blog","https:\/\/www.facebook.com\/atifunaldi","https:\/\/www.instagram.com\/atifunaldi\/","https:\/\/www.linkedin.com\/in\/atifunaldi","https:\/\/x.com\/https:\/\/twitter.com\/atifunaldi","https:\/\/www.youtube.com\/c\/atifunaldi","https:\/\/soundcloud.com\/atif-unaldi","https:\/\/atifunaldi.tumblr.com"]},{"@type":"Person","@id":"http:\/\/atif.unaldi.org\/blog\/#\/schema\/person\/ec4e63c309de8d3aeebd0a2680f2d991","name":"Eda Aygen","image":{"@type":"ImageObject","inLanguage":"tr","@id":"http:\/\/atif.unaldi.org\/blog\/#\/schema\/person\/image\/","url":"https:\/\/secure.gravatar.com\/avatar\/82eec096d71f6c2161b84f552a917b39?s=96&d=mm&r=g","contentUrl":"https:\/\/secure.gravatar.com\/avatar\/82eec096d71f6c2161b84f552a917b39?s=96&d=mm&r=g","caption":"Eda Aygen"},"url":"http:\/\/atif.unaldi.org\/blog\/author\/eda-aygen\/"}]}},"jetpack_featured_media_url":"","_links":{"self":[{"href":"http:\/\/atif.unaldi.org\/blog\/wp-json\/wp\/v2\/posts\/16597","targetHints":{"allow":["GET"]}}],"collection":[{"href":"http:\/\/atif.unaldi.org\/blog\/wp-json\/wp\/v2\/posts"}],"about":[{"href":"http:\/\/atif.unaldi.org\/blog\/wp-json\/wp\/v2\/types\/post"}],"author":[{"embeddable":true,"href":"http:\/\/atif.unaldi.org\/blog\/wp-json\/wp\/v2\/users\/6"}],"replies":[{"embeddable":true,"href":"http:\/\/atif.unaldi.org\/blog\/wp-json\/wp\/v2\/comments?post=16597"}],"version-history":[{"count":1,"href":"http:\/\/atif.unaldi.org\/blog\/wp-json\/wp\/v2\/posts\/16597\/revisions"}],"predecessor-version":[{"id":16598,"href":"http:\/\/atif.unaldi.org\/blog\/wp-json\/wp\/v2\/posts\/16597\/revisions\/16598"}],"wp:attachment":[{"href":"http:\/\/atif.unaldi.org\/blog\/wp-json\/wp\/v2\/media?parent=16597"}],"wp:term":[{"taxonomy":"category","embeddable":true,"href":"http:\/\/atif.unaldi.org\/blog\/wp-json\/wp\/v2\/categories?post=16597"},{"taxonomy":"post_tag","embeddable":true,"href":"http:\/\/atif.unaldi.org\/blog\/wp-json\/wp\/v2\/tags?post=16597"}],"curies":[{"name":"wp","href":"https:\/\/api.w.org\/{rel}","templated":true}]}}