{"id":1735,"date":"2010-07-29T03:52:39","date_gmt":"2010-07-29T03:52:39","guid":{"rendered":"http:\/\/haberler.atifunaldi.info\/2010\/07\/29\/basin-bulteni-vodafonedan-blackberryr-presenterile-kolay-ve-etkileyici-sunum"},"modified":"2010-07-29T03:52:39","modified_gmt":"2010-07-29T03:52:39","slug":"basin-bulteni-vodafonedan-blackberryr-presenterile-kolay-ve-etkileyici-sunum","status":"publish","type":"post","link":"http:\/\/atif.unaldi.org\/blog\/2010\/07\/29\/basin-bulteni-vodafonedan-blackberryr-presenterile-kolay-ve-etkileyici-sunum\/","title":{"rendered":"Bas\u0131n B\u00fclteni: VODAFONE&#8217;DAN &#8220;BLACKBERRY(R) PRESENTER&#8221;\u0130LE KOLAY VE ETK\u0130LEY\u0130C\u0130 SUNUM"},"content":{"rendered":"<div class='p_embed p_image_embed'>\n<a href=\"http:\/\/atifunaldi.files.wordpress.com\/2010\/07\/blackberry-presenter-scaled-10001.jpg\"><img loading=\"lazy\" decoding=\"async\" alt=\"Blackberry-presenter\" height=\"276\" src=\"http:\/\/atifunaldi.files.wordpress.com\/2010\/07\/blackberry-presenter-scaled-10001.jpg?w=300\" width=\"500\" \/><\/a>\n<\/div>\n<p>Vodafone k\u00fcresel g\u00fcc\u00fcn\u00fc &nbsp;ve bilgi birikimini kullanarak en son teknoloji ve cihazlar\u0131 &nbsp;T\u00fcrkiye&rsquo;ye getirmeye devam ediyor. Profesyonellerin hayat\u0131n\u0131 &nbsp;kolayla\u015ft\u0131ran &ldquo;BlackBerry&reg; Presenter&rdquo;, projeksiyon cihaz\u0131na tak\u0131ld\u0131ktan sonra Bluetooth \u00fczerinden BlackBerry&reg; ak\u0131ll\u0131 telefonlar ile ileti\u015fime ge\u00e7iyor ve telefonda y\u00fckl\u00fc olan PowerPoint sunumu perdeye ya da monit\u00f6re aktar\u0131yor. <\/p>\n<p \/> Mobil ileti\u015fimin d\u00fcnya lideri Vodafone, k\u00fcresel bilgi birikim ve g\u00fcc\u00fc ile T\u00fcrkiye&rsquo;de bir ilke daha imza att\u0131. En ileri teknoloji ve &nbsp;cihazlar\u0131 T\u00fcrkiye&rsquo;ye getiren Vodafone \u015fimdi de &ldquo;BlackBerry&reg; Presenter&rdquo;\u0131 profesyonellerin hizmetine sunuyor. <\/p>\n<p \/> BlackBerry&reg; Presenter, projeksiyon cihaz\u0131na tak\u0131ld\u0131ktan sonra Bluetooth yoluyla BlackBerry&reg; ak\u0131ll\u0131 telefonlar ile irtibata ge\u00e7iyor ve telefonda y\u00fckl\u00fc PowerPoint sunumu an\u0131nda perdeye ya da monit\u00f6re aktar\u0131yor. T\u00fcrkiye&rsquo;ye ilk kez Vodafone taraf\u0131ndan t\u00fcketicilerin be\u011fenisine sunulan cihaz bir \u00e7ok avantaj sunuyor.<\/p>\n<p \/> Kolay kullan\u0131m, etkileyici sunum<\/p>\n<p \/>Kullan\u0131m\u0131 \u00e7ok kolay olan BlackBerry&reg; Presenter&rsquo;dan yararlanmak i\u00e7in projeksiyon cihaz\u0131na ya da monit\u00f6re takmak yeterli. Bunun ard\u0131ndan BlackBerry&reg; telefonunda &ldquo;sunum&rdquo; modu se\u00e7iliyor ve sunum ba\u015fl\u0131yor. BlackBerry&reg; Presenter karma\u015f\u0131k kurulum ve ayarlamalar gerektirmiyor. \u00dcst\u00fcndeki tek d\u00fc\u011fmeden cihaz\u0131 kapatmak veya yeni bir sunum i\u00e7in yeniden ba\u015flatmak m\u00fcmk\u00fcn. <\/p>\n<p \/> Haf\u0131zas\u0131 100 sunum sayfas\u0131na ula\u015fabilen, 24 animasyonu destekleyebilen BlackBerry&reg; &nbsp;Presenter ile istendi\u011fi takdirde sunum sayfas\u0131 ge\u00e7i\u015fi i\u00e7in belli bir zaman ayar\u0131 yap\u0131labiliyor. B\u00f6ylece sunum kendi kendine ak\u0131yor. &nbsp;<br \/> Cihaz\u0131n sundu\u011fu bir ba\u015fka avantaj ise &ldquo;freeze&rdquo; yani dondurma \u00f6zelli\u011fi. Bu \u00f6zellik ile belirli bir sunum sayfas\u0131 dondurulabiliyor. Onun arkas\u0131ndan daha ilerideki ba\u015fka bir sayfa kullan\u0131lmak istendi\u011fi takdirde, sunumu yapan ki\u015fi telefonda istedi\u011fi slayd\u0131 buluncaya kadar daha \u00f6nce dondurulan sunum sayfas\u0131 perdede kal\u0131yor. Aranan sunum sayfas\u0131 bulununca, &ldquo;unfreeze&rdquo; \u00f6zelli\u011fi ile tekrar ba\u015flat\u0131lan sunum bu sayfadan devam ediyor. <br \/> Ayr\u0131ca sunumdaki sayfalara ilgili olarak al\u0131nan notlar da telefon \u00fczerinde g\u00f6r\u00fcl\u00fcyor. B\u00f6ylece sunumu yapan ki\u015finin dikkati da\u011f\u0131lmadan sunuma devam edebiliyor. <br \/>BlackBerry&reg; Presenter b\u00fct\u00fcn Vodafone Cep Merkezlerinde KDV dahil 399 TL fiyat ile sat\u0131\u015fa sunuluyor. &nbsp;<\/p>\n","protected":false},"excerpt":{"rendered":"<p>Vodafone k\u00fcresel g\u00fcc\u00fcn\u00fc &nbsp;ve bilgi birikimini kullanarak en son teknoloji ve cihazlar\u0131 &nbsp;T\u00fcrkiye&rsquo;ye getirmeye devam ediyor. Profesyonellerin hayat\u0131n\u0131 &nbsp;kolayla\u015ft\u0131ran &ldquo;BlackBerry&reg; Presenter&rdquo;, projeksiyon cihaz\u0131na tak\u0131ld\u0131ktan sonra Bluetooth \u00fczerinden BlackBerry&reg; ak\u0131ll\u0131 telefonlar ile ileti\u015fime ge\u00e7iyor ve telefonda&#8230;<\/p>\n","protected":false},"author":2,"featured_media":0,"comment_status":"open","ping_status":"open","sticky":false,"template":"","format":"standard","meta":{"footnotes":""},"categories":[3],"tags":[],"class_list":["post-1735","post","type-post","status-publish","format-standard","hentry","category-blogum"],"yoast_head":"<!-- This site is optimized with the Yoast SEO plugin v26.8 - https:\/\/yoast.com\/product\/yoast-seo-wordpress\/ -->\n<title>Bas\u0131n B\u00fclteni: VODAFONE&#039;DAN &quot;BLACKBERRY(R) PRESENTER&quot;\u0130LE KOLAY VE ETK\u0130LEY\u0130C\u0130 SUNUM - At\u0131f \u00dcnald\u0131<\/title>\n<meta name=\"robots\" content=\"index, follow, max-snippet:-1, max-image-preview:large, max-video-preview:-1\" \/>\n<link rel=\"canonical\" href=\"http:\/\/atif.unaldi.org\/blog\/2010\/07\/29\/basin-bulteni-vodafonedan-blackberryr-presenterile-kolay-ve-etkileyici-sunum\/\" \/>\n<meta property=\"og:locale\" content=\"tr_TR\" \/>\n<meta property=\"og:type\" content=\"article\" \/>\n<meta property=\"og:title\" content=\"Bas\u0131n B\u00fclteni: VODAFONE&#039;DAN &quot;BLACKBERRY(R) PRESENTER&quot;\u0130LE KOLAY VE ETK\u0130LEY\u0130C\u0130 SUNUM - At\u0131f \u00dcnald\u0131\" \/>\n<meta property=\"og:description\" content=\"Vodafone k\u00fcresel g\u00fcc\u00fcn\u00fc &nbsp;ve bilgi birikimini kullanarak en son teknoloji ve cihazlar\u0131 &nbsp;T\u00fcrkiye&rsquo;ye getirmeye devam ediyor. Profesyonellerin hayat\u0131n\u0131 &nbsp;kolayla\u015ft\u0131ran &ldquo;BlackBerry&reg; Presenter&rdquo;, projeksiyon cihaz\u0131na tak\u0131ld\u0131ktan sonra Bluetooth \u00fczerinden BlackBerry&reg; ak\u0131ll\u0131 telefonlar ile ileti\u015fime ge\u00e7iyor ve telefonda...\" \/>\n<meta property=\"og:url\" content=\"http:\/\/atif.unaldi.org\/blog\/2010\/07\/29\/basin-bulteni-vodafonedan-blackberryr-presenterile-kolay-ve-etkileyici-sunum\/\" \/>\n<meta property=\"og:site_name\" content=\"At\u0131f \u00dcnald\u0131\" \/>\n<meta property=\"article:publisher\" content=\"https:\/\/www.facebook.com\/atifunaldi\" \/>\n<meta property=\"article:author\" content=\"https:\/\/www.facebook.com\/atifunaldi\" \/>\n<meta property=\"article:published_time\" content=\"2010-07-29T03:52:39+00:00\" \/>\n<meta property=\"og:image\" content=\"http:\/\/atifunaldi.files.wordpress.com\/2010\/07\/blackberry-presenter-scaled-10001.jpg?w=300\" \/>\n<meta name=\"author\" content=\"Atif Unaldi\" \/>\n<meta name=\"twitter:card\" content=\"summary_large_image\" \/>\n<meta name=\"twitter:creator\" content=\"@https:\/\/twitter.com\/atifunaldi\" \/>\n<meta name=\"twitter:site\" content=\"@atifunaldi\" \/>\n<meta name=\"twitter:label1\" content=\"Yazan:\" \/>\n\t<meta name=\"twitter:data1\" content=\"Atif Unaldi\" \/>\n\t<meta name=\"twitter:label2\" content=\"Tahmini okuma s\u00fcresi\" \/>\n\t<meta name=\"twitter:data2\" content=\"2 dakika\" \/>\n<script type=\"application\/ld+json\" class=\"yoast-schema-graph\">{\"@context\":\"https:\/\/schema.org\",\"@graph\":[{\"@type\":\"Article\",\"@id\":\"http:\/\/atif.unaldi.org\/blog\/2010\/07\/29\/basin-bulteni-vodafonedan-blackberryr-presenterile-kolay-ve-etkileyici-sunum\/#article\",\"isPartOf\":{\"@id\":\"http:\/\/atif.unaldi.org\/blog\/2010\/07\/29\/basin-bulteni-vodafonedan-blackberryr-presenterile-kolay-ve-etkileyici-sunum\/\"},\"author\":{\"name\":\"Atif Unaldi\",\"@id\":\"http:\/\/atif.unaldi.org\/blog\/#\/schema\/person\/608ed42ecbda2bc5cfdb767ac1db479b\"},\"headline\":\"Bas\u0131n B\u00fclteni: VODAFONE&#8217;DAN &#8220;BLACKBERRY(R) PRESENTER&#8221;\u0130LE KOLAY VE ETK\u0130LEY\u0130C\u0130 SUNUM\",\"datePublished\":\"2010-07-29T03:52:39+00:00\",\"mainEntityOfPage\":{\"@id\":\"http:\/\/atif.unaldi.org\/blog\/2010\/07\/29\/basin-bulteni-vodafonedan-blackberryr-presenterile-kolay-ve-etkileyici-sunum\/\"},\"wordCount\":415,\"commentCount\":0,\"publisher\":{\"@id\":\"http:\/\/atif.unaldi.org\/blog\/#\/schema\/person\/608ed42ecbda2bc5cfdb767ac1db479b\"},\"image\":{\"@id\":\"http:\/\/atif.unaldi.org\/blog\/2010\/07\/29\/basin-bulteni-vodafonedan-blackberryr-presenterile-kolay-ve-etkileyici-sunum\/#primaryimage\"},\"thumbnailUrl\":\"http:\/\/atifunaldi.files.wordpress.com\/2010\/07\/blackberry-presenter-scaled-10001.jpg?w=300\",\"articleSection\":[\"Blogum\"],\"inLanguage\":\"tr\",\"potentialAction\":[{\"@type\":\"CommentAction\",\"name\":\"Comment\",\"target\":[\"http:\/\/atif.unaldi.org\/blog\/2010\/07\/29\/basin-bulteni-vodafonedan-blackberryr-presenterile-kolay-ve-etkileyici-sunum\/#respond\"]}]},{\"@type\":\"WebPage\",\"@id\":\"http:\/\/atif.unaldi.org\/blog\/2010\/07\/29\/basin-bulteni-vodafonedan-blackberryr-presenterile-kolay-ve-etkileyici-sunum\/\",\"url\":\"http:\/\/atif.unaldi.org\/blog\/2010\/07\/29\/basin-bulteni-vodafonedan-blackberryr-presenterile-kolay-ve-etkileyici-sunum\/\",\"name\":\"Bas\u0131n B\u00fclteni: VODAFONE'DAN \\\"BLACKBERRY(R) PRESENTER\\\"\u0130LE KOLAY VE ETK\u0130LEY\u0130C\u0130 SUNUM - At\u0131f \u00dcnald\u0131\",\"isPartOf\":{\"@id\":\"http:\/\/atif.unaldi.org\/blog\/#website\"},\"primaryImageOfPage\":{\"@id\":\"http:\/\/atif.unaldi.org\/blog\/2010\/07\/29\/basin-bulteni-vodafonedan-blackberryr-presenterile-kolay-ve-etkileyici-sunum\/#primaryimage\"},\"image\":{\"@id\":\"http:\/\/atif.unaldi.org\/blog\/2010\/07\/29\/basin-bulteni-vodafonedan-blackberryr-presenterile-kolay-ve-etkileyici-sunum\/#primaryimage\"},\"thumbnailUrl\":\"http:\/\/atifunaldi.files.wordpress.com\/2010\/07\/blackberry-presenter-scaled-10001.jpg?w=300\",\"datePublished\":\"2010-07-29T03:52:39+00:00\",\"breadcrumb\":{\"@id\":\"http:\/\/atif.unaldi.org\/blog\/2010\/07\/29\/basin-bulteni-vodafonedan-blackberryr-presenterile-kolay-ve-etkileyici-sunum\/#breadcrumb\"},\"inLanguage\":\"tr\",\"potentialAction\":[{\"@type\":\"ReadAction\",\"target\":[\"http:\/\/atif.unaldi.org\/blog\/2010\/07\/29\/basin-bulteni-vodafonedan-blackberryr-presenterile-kolay-ve-etkileyici-sunum\/\"]}]},{\"@type\":\"ImageObject\",\"inLanguage\":\"tr\",\"@id\":\"http:\/\/atif.unaldi.org\/blog\/2010\/07\/29\/basin-bulteni-vodafonedan-blackberryr-presenterile-kolay-ve-etkileyici-sunum\/#primaryimage\",\"url\":\"http:\/\/atifunaldi.files.wordpress.com\/2010\/07\/blackberry-presenter-scaled-10001.jpg?w=300\",\"contentUrl\":\"http:\/\/atifunaldi.files.wordpress.com\/2010\/07\/blackberry-presenter-scaled-10001.jpg?w=300\"},{\"@type\":\"BreadcrumbList\",\"@id\":\"http:\/\/atif.unaldi.org\/blog\/2010\/07\/29\/basin-bulteni-vodafonedan-blackberryr-presenterile-kolay-ve-etkileyici-sunum\/#breadcrumb\",\"itemListElement\":[{\"@type\":\"ListItem\",\"position\":1,\"name\":\"Anasayfa\",\"item\":\"http:\/\/atif.unaldi.org\/blog\/\"},{\"@type\":\"ListItem\",\"position\":2,\"name\":\"Bas\u0131n B\u00fclteni: VODAFONE&#8217;DAN &#8220;BLACKBERRY(R) PRESENTER&#8221;\u0130LE KOLAY VE ETK\u0130LEY\u0130C\u0130 SUNUM\"}]},{\"@type\":\"WebSite\",\"@id\":\"http:\/\/atif.unaldi.org\/blog\/#website\",\"url\":\"http:\/\/atif.unaldi.org\/blog\/\",\"name\":\"At\u0131f \u00dcnald\u0131\",\"description\":\"Yazar\",\"publisher\":{\"@id\":\"http:\/\/atif.unaldi.org\/blog\/#\/schema\/person\/608ed42ecbda2bc5cfdb767ac1db479b\"},\"alternateName\":\"At\u0131f \u00dcnald\u0131 Blog\",\"potentialAction\":[{\"@type\":\"SearchAction\",\"target\":{\"@type\":\"EntryPoint\",\"urlTemplate\":\"http:\/\/atif.unaldi.org\/blog\/?s={search_term_string}\"},\"query-input\":{\"@type\":\"PropertyValueSpecification\",\"valueRequired\":true,\"valueName\":\"search_term_string\"}}],\"inLanguage\":\"tr\"},{\"@type\":[\"Person\",\"Organization\"],\"@id\":\"http:\/\/atif.unaldi.org\/blog\/#\/schema\/person\/608ed42ecbda2bc5cfdb767ac1db479b\",\"name\":\"Atif Unaldi\",\"image\":{\"@type\":\"ImageObject\",\"inLanguage\":\"tr\",\"@id\":\"http:\/\/atif.unaldi.org\/blog\/#\/schema\/person\/image\/\",\"url\":\"http:\/\/atif.unaldi.org\/blog\/wp-content\/uploads\/2022\/10\/cropped-a94e8f7a-67c4-4d65-8a5f-032ba784be53-2.jpg\",\"contentUrl\":\"http:\/\/atif.unaldi.org\/blog\/wp-content\/uploads\/2022\/10\/cropped-a94e8f7a-67c4-4d65-8a5f-032ba784be53-2.jpg\",\"width\":512,\"height\":512,\"caption\":\"Atif Unaldi\"},\"logo\":{\"@id\":\"http:\/\/atif.unaldi.org\/blog\/#\/schema\/person\/image\/\"},\"description\":\"Bo\u011fazi\u00e7i \u00dcniversitesinde Fizik B\u00f6l\u00fcm\u00fc\u2019nde e\u011fitim ald\u0131\u011f\u0131 y\u0131llarda T\u00fcrkiye\u2019de ilk kez iki bilgisayar\u0131 telefon hatlar\u0131 \u00fczerinden konu\u015fturan BBS sistemini kurarak, T\u00fcrkiye\u2019deki ilk internet a\u011f\u0131n\u0131 olu\u015fturmu\u015ftur. Bir \u00e7ok radyo ve televizyonda program yap\u0131mc\u0131l\u0131\u011f\u0131 ve sunuculu\u011funu, bir \u00e7ok teknoloji dergisinde k\u00f6\u015fe yazarl\u0131\u011f\u0131, bili\u015fim edit\u00f6rl\u00fc\u011f\u00fc ve genel yay\u0131n y\u00f6netmenli\u011fi yapt\u0131. T\u00fcrkiye\u2019deki ilk internet servis sa\u011flay\u0131c\u0131s\u0131n\u0131n genel m\u00fcd\u00fcrl\u00fc\u011f\u00fcn\u00fc \u00fcstlendi. Bir \u00e7ok organizasyon ve kurulu\u015fta internet s\u00fcperviz\u00f6rl\u00fc\u011f\u00fc , webmaster\u2019l\u0131\u011f\u0131 , IT direkt\u00f6rl\u00fc\u011f\u00fc ve dijital projeler koordinat\u00f6rl\u00fc\u011f\u00fc g\u00f6revlerinde bulundu. Farkl\u0131 \u00fcniversitelerin farkl\u0131 fak\u00fcltelerinde \u00f6\u011fretim g\u00f6revlisi olarak bulunmu\u015f olan \u00dcnald\u0131; \u015fu an teknoloji ve pazarlama konular\u0131 ba\u015fta olmak \u00fczere bir\u00e7ok alanda hizmet veren Unaldi Consultancy\u2019nin kurucusudur. \\u2028Selin \u00dcnald\u0131 ile evlidir. Su ve Toprak isminde iki \u00e7ocu\u011fu vard\u0131r.\",\"sameAs\":[\"http:\/\/atif.unaldi.org\/blog\",\"https:\/\/www.facebook.com\/atifunaldi\",\"https:\/\/www.instagram.com\/atifunaldi\/\",\"https:\/\/www.linkedin.com\/in\/atifunaldi\",\"https:\/\/x.com\/https:\/\/twitter.com\/atifunaldi\",\"https:\/\/www.youtube.com\/c\/atifunaldi\",\"https:\/\/soundcloud.com\/atif-unaldi\",\"https:\/\/atifunaldi.tumblr.com\"],\"url\":\"http:\/\/atif.unaldi.org\/blog\/author\/atifunaldi\/\"}]}<\/script>\n<!-- \/ Yoast SEO plugin. -->","yoast_head_json":{"title":"Bas\u0131n B\u00fclteni: VODAFONE'DAN \"BLACKBERRY(R) PRESENTER\"\u0130LE KOLAY VE ETK\u0130LEY\u0130C\u0130 SUNUM - At\u0131f \u00dcnald\u0131","robots":{"index":"index","follow":"follow","max-snippet":"max-snippet:-1","max-image-preview":"max-image-preview:large","max-video-preview":"max-video-preview:-1"},"canonical":"http:\/\/atif.unaldi.org\/blog\/2010\/07\/29\/basin-bulteni-vodafonedan-blackberryr-presenterile-kolay-ve-etkileyici-sunum\/","og_locale":"tr_TR","og_type":"article","og_title":"Bas\u0131n B\u00fclteni: VODAFONE'DAN \"BLACKBERRY(R) PRESENTER\"\u0130LE KOLAY VE ETK\u0130LEY\u0130C\u0130 SUNUM - At\u0131f \u00dcnald\u0131","og_description":"Vodafone k\u00fcresel g\u00fcc\u00fcn\u00fc &nbsp;ve bilgi birikimini kullanarak en son teknoloji ve cihazlar\u0131 &nbsp;T\u00fcrkiye&rsquo;ye getirmeye devam ediyor. Profesyonellerin hayat\u0131n\u0131 &nbsp;kolayla\u015ft\u0131ran &ldquo;BlackBerry&reg; Presenter&rdquo;, projeksiyon cihaz\u0131na tak\u0131ld\u0131ktan sonra Bluetooth \u00fczerinden BlackBerry&reg; ak\u0131ll\u0131 telefonlar ile ileti\u015fime ge\u00e7iyor ve telefonda...","og_url":"http:\/\/atif.unaldi.org\/blog\/2010\/07\/29\/basin-bulteni-vodafonedan-blackberryr-presenterile-kolay-ve-etkileyici-sunum\/","og_site_name":"At\u0131f \u00dcnald\u0131","article_publisher":"https:\/\/www.facebook.com\/atifunaldi","article_author":"https:\/\/www.facebook.com\/atifunaldi","article_published_time":"2010-07-29T03:52:39+00:00","og_image":[{"url":"http:\/\/atifunaldi.files.wordpress.com\/2010\/07\/blackberry-presenter-scaled-10001.jpg?w=300","type":"","width":"","height":""}],"author":"Atif Unaldi","twitter_card":"summary_large_image","twitter_creator":"@https:\/\/twitter.com\/atifunaldi","twitter_site":"@atifunaldi","twitter_misc":{"Yazan:":"Atif Unaldi","Tahmini okuma s\u00fcresi":"2 dakika"},"schema":{"@context":"https:\/\/schema.org","@graph":[{"@type":"Article","@id":"http:\/\/atif.unaldi.org\/blog\/2010\/07\/29\/basin-bulteni-vodafonedan-blackberryr-presenterile-kolay-ve-etkileyici-sunum\/#article","isPartOf":{"@id":"http:\/\/atif.unaldi.org\/blog\/2010\/07\/29\/basin-bulteni-vodafonedan-blackberryr-presenterile-kolay-ve-etkileyici-sunum\/"},"author":{"name":"Atif Unaldi","@id":"http:\/\/atif.unaldi.org\/blog\/#\/schema\/person\/608ed42ecbda2bc5cfdb767ac1db479b"},"headline":"Bas\u0131n B\u00fclteni: VODAFONE&#8217;DAN &#8220;BLACKBERRY(R) PRESENTER&#8221;\u0130LE KOLAY VE ETK\u0130LEY\u0130C\u0130 SUNUM","datePublished":"2010-07-29T03:52:39+00:00","mainEntityOfPage":{"@id":"http:\/\/atif.unaldi.org\/blog\/2010\/07\/29\/basin-bulteni-vodafonedan-blackberryr-presenterile-kolay-ve-etkileyici-sunum\/"},"wordCount":415,"commentCount":0,"publisher":{"@id":"http:\/\/atif.unaldi.org\/blog\/#\/schema\/person\/608ed42ecbda2bc5cfdb767ac1db479b"},"image":{"@id":"http:\/\/atif.unaldi.org\/blog\/2010\/07\/29\/basin-bulteni-vodafonedan-blackberryr-presenterile-kolay-ve-etkileyici-sunum\/#primaryimage"},"thumbnailUrl":"http:\/\/atifunaldi.files.wordpress.com\/2010\/07\/blackberry-presenter-scaled-10001.jpg?w=300","articleSection":["Blogum"],"inLanguage":"tr","potentialAction":[{"@type":"CommentAction","name":"Comment","target":["http:\/\/atif.unaldi.org\/blog\/2010\/07\/29\/basin-bulteni-vodafonedan-blackberryr-presenterile-kolay-ve-etkileyici-sunum\/#respond"]}]},{"@type":"WebPage","@id":"http:\/\/atif.unaldi.org\/blog\/2010\/07\/29\/basin-bulteni-vodafonedan-blackberryr-presenterile-kolay-ve-etkileyici-sunum\/","url":"http:\/\/atif.unaldi.org\/blog\/2010\/07\/29\/basin-bulteni-vodafonedan-blackberryr-presenterile-kolay-ve-etkileyici-sunum\/","name":"Bas\u0131n B\u00fclteni: VODAFONE'DAN \"BLACKBERRY(R) PRESENTER\"\u0130LE KOLAY VE ETK\u0130LEY\u0130C\u0130 SUNUM - At\u0131f \u00dcnald\u0131","isPartOf":{"@id":"http:\/\/atif.unaldi.org\/blog\/#website"},"primaryImageOfPage":{"@id":"http:\/\/atif.unaldi.org\/blog\/2010\/07\/29\/basin-bulteni-vodafonedan-blackberryr-presenterile-kolay-ve-etkileyici-sunum\/#primaryimage"},"image":{"@id":"http:\/\/atif.unaldi.org\/blog\/2010\/07\/29\/basin-bulteni-vodafonedan-blackberryr-presenterile-kolay-ve-etkileyici-sunum\/#primaryimage"},"thumbnailUrl":"http:\/\/atifunaldi.files.wordpress.com\/2010\/07\/blackberry-presenter-scaled-10001.jpg?w=300","datePublished":"2010-07-29T03:52:39+00:00","breadcrumb":{"@id":"http:\/\/atif.unaldi.org\/blog\/2010\/07\/29\/basin-bulteni-vodafonedan-blackberryr-presenterile-kolay-ve-etkileyici-sunum\/#breadcrumb"},"inLanguage":"tr","potentialAction":[{"@type":"ReadAction","target":["http:\/\/atif.unaldi.org\/blog\/2010\/07\/29\/basin-bulteni-vodafonedan-blackberryr-presenterile-kolay-ve-etkileyici-sunum\/"]}]},{"@type":"ImageObject","inLanguage":"tr","@id":"http:\/\/atif.unaldi.org\/blog\/2010\/07\/29\/basin-bulteni-vodafonedan-blackberryr-presenterile-kolay-ve-etkileyici-sunum\/#primaryimage","url":"http:\/\/atifunaldi.files.wordpress.com\/2010\/07\/blackberry-presenter-scaled-10001.jpg?w=300","contentUrl":"http:\/\/atifunaldi.files.wordpress.com\/2010\/07\/blackberry-presenter-scaled-10001.jpg?w=300"},{"@type":"BreadcrumbList","@id":"http:\/\/atif.unaldi.org\/blog\/2010\/07\/29\/basin-bulteni-vodafonedan-blackberryr-presenterile-kolay-ve-etkileyici-sunum\/#breadcrumb","itemListElement":[{"@type":"ListItem","position":1,"name":"Anasayfa","item":"http:\/\/atif.unaldi.org\/blog\/"},{"@type":"ListItem","position":2,"name":"Bas\u0131n B\u00fclteni: VODAFONE&#8217;DAN &#8220;BLACKBERRY(R) PRESENTER&#8221;\u0130LE KOLAY VE ETK\u0130LEY\u0130C\u0130 SUNUM"}]},{"@type":"WebSite","@id":"http:\/\/atif.unaldi.org\/blog\/#website","url":"http:\/\/atif.unaldi.org\/blog\/","name":"At\u0131f \u00dcnald\u0131","description":"Yazar","publisher":{"@id":"http:\/\/atif.unaldi.org\/blog\/#\/schema\/person\/608ed42ecbda2bc5cfdb767ac1db479b"},"alternateName":"At\u0131f \u00dcnald\u0131 Blog","potentialAction":[{"@type":"SearchAction","target":{"@type":"EntryPoint","urlTemplate":"http:\/\/atif.unaldi.org\/blog\/?s={search_term_string}"},"query-input":{"@type":"PropertyValueSpecification","valueRequired":true,"valueName":"search_term_string"}}],"inLanguage":"tr"},{"@type":["Person","Organization"],"@id":"http:\/\/atif.unaldi.org\/blog\/#\/schema\/person\/608ed42ecbda2bc5cfdb767ac1db479b","name":"Atif Unaldi","image":{"@type":"ImageObject","inLanguage":"tr","@id":"http:\/\/atif.unaldi.org\/blog\/#\/schema\/person\/image\/","url":"http:\/\/atif.unaldi.org\/blog\/wp-content\/uploads\/2022\/10\/cropped-a94e8f7a-67c4-4d65-8a5f-032ba784be53-2.jpg","contentUrl":"http:\/\/atif.unaldi.org\/blog\/wp-content\/uploads\/2022\/10\/cropped-a94e8f7a-67c4-4d65-8a5f-032ba784be53-2.jpg","width":512,"height":512,"caption":"Atif Unaldi"},"logo":{"@id":"http:\/\/atif.unaldi.org\/blog\/#\/schema\/person\/image\/"},"description":"Bo\u011fazi\u00e7i \u00dcniversitesinde Fizik B\u00f6l\u00fcm\u00fc\u2019nde e\u011fitim ald\u0131\u011f\u0131 y\u0131llarda T\u00fcrkiye\u2019de ilk kez iki bilgisayar\u0131 telefon hatlar\u0131 \u00fczerinden konu\u015fturan BBS sistemini kurarak, T\u00fcrkiye\u2019deki ilk internet a\u011f\u0131n\u0131 olu\u015fturmu\u015ftur. Bir \u00e7ok radyo ve televizyonda program yap\u0131mc\u0131l\u0131\u011f\u0131 ve sunuculu\u011funu, bir \u00e7ok teknoloji dergisinde k\u00f6\u015fe yazarl\u0131\u011f\u0131, bili\u015fim edit\u00f6rl\u00fc\u011f\u00fc ve genel yay\u0131n y\u00f6netmenli\u011fi yapt\u0131. T\u00fcrkiye\u2019deki ilk internet servis sa\u011flay\u0131c\u0131s\u0131n\u0131n genel m\u00fcd\u00fcrl\u00fc\u011f\u00fcn\u00fc \u00fcstlendi. Bir \u00e7ok organizasyon ve kurulu\u015fta internet s\u00fcperviz\u00f6rl\u00fc\u011f\u00fc , webmaster\u2019l\u0131\u011f\u0131 , IT direkt\u00f6rl\u00fc\u011f\u00fc ve dijital projeler koordinat\u00f6rl\u00fc\u011f\u00fc g\u00f6revlerinde bulundu. Farkl\u0131 \u00fcniversitelerin farkl\u0131 fak\u00fcltelerinde \u00f6\u011fretim g\u00f6revlisi olarak bulunmu\u015f olan \u00dcnald\u0131; \u015fu an teknoloji ve pazarlama konular\u0131 ba\u015fta olmak \u00fczere bir\u00e7ok alanda hizmet veren Unaldi Consultancy\u2019nin kurucusudur. \u2028Selin \u00dcnald\u0131 ile evlidir. Su ve Toprak isminde iki \u00e7ocu\u011fu vard\u0131r.","sameAs":["http:\/\/atif.unaldi.org\/blog","https:\/\/www.facebook.com\/atifunaldi","https:\/\/www.instagram.com\/atifunaldi\/","https:\/\/www.linkedin.com\/in\/atifunaldi","https:\/\/x.com\/https:\/\/twitter.com\/atifunaldi","https:\/\/www.youtube.com\/c\/atifunaldi","https:\/\/soundcloud.com\/atif-unaldi","https:\/\/atifunaldi.tumblr.com"],"url":"http:\/\/atif.unaldi.org\/blog\/author\/atifunaldi\/"}]}},"jetpack_featured_media_url":"","_links":{"self":[{"href":"http:\/\/atif.unaldi.org\/blog\/wp-json\/wp\/v2\/posts\/1735","targetHints":{"allow":["GET"]}}],"collection":[{"href":"http:\/\/atif.unaldi.org\/blog\/wp-json\/wp\/v2\/posts"}],"about":[{"href":"http:\/\/atif.unaldi.org\/blog\/wp-json\/wp\/v2\/types\/post"}],"author":[{"embeddable":true,"href":"http:\/\/atif.unaldi.org\/blog\/wp-json\/wp\/v2\/users\/2"}],"replies":[{"embeddable":true,"href":"http:\/\/atif.unaldi.org\/blog\/wp-json\/wp\/v2\/comments?post=1735"}],"version-history":[{"count":0,"href":"http:\/\/atif.unaldi.org\/blog\/wp-json\/wp\/v2\/posts\/1735\/revisions"}],"wp:attachment":[{"href":"http:\/\/atif.unaldi.org\/blog\/wp-json\/wp\/v2\/media?parent=1735"}],"wp:term":[{"taxonomy":"category","embeddable":true,"href":"http:\/\/atif.unaldi.org\/blog\/wp-json\/wp\/v2\/categories?post=1735"},{"taxonomy":"post_tag","embeddable":true,"href":"http:\/\/atif.unaldi.org\/blog\/wp-json\/wp\/v2\/tags?post=1735"}],"curies":[{"name":"wp","href":"https:\/\/api.w.org\/{rel}","templated":true}]}}