{"id":1736,"date":"2010-07-29T07:51:20","date_gmt":"2010-07-29T07:51:20","guid":{"rendered":"http:\/\/haberler.atifunaldi.info\/2010\/07\/29\/anadolu-saglik-merkezi-ile-ilkyardim-cebinizde"},"modified":"2010-07-29T07:51:20","modified_gmt":"2010-07-29T07:51:20","slug":"anadolu-saglik-merkezi-ile-ilkyardim-cebinizde","status":"publish","type":"post","link":"http:\/\/atif.unaldi.org\/blog\/2010\/07\/29\/anadolu-saglik-merkezi-ile-ilkyardim-cebinizde\/","title":{"rendered":"Anadolu Sa\u011fl\u0131k Merkezi ile \u0130lkyard\u0131m Cebinizde"},"content":{"rendered":"<p>Anadolu Sa\u011fl\u0131k Merkezi, toplumsal sa\u011fl\u0131k k\u00fclt\u00fcr\u00fcne katk\u0131da bulunmak amac\u0131yla acil durumlarda kullan\u0131lmak \u00fczere &ldquo;Mobil \u0130lkyard\u0131m Uygulamas\u0131&rdquo;n\u0131 hayata ge\u00e7irdi. <\/p>\n<p \/>Anadolu Sa\u011fl\u0131k Merkezi uzmanlar\u0131 taraf\u0131ndan haz\u0131rlanan &ldquo;Mobil \u0130lkyard\u0131m Uygulamas\u0131&rdquo;n\u0131 iPhone kullan\u0131c\u0131lar\u0131 \u00fccretsiz olarak indirebiliyor. Uygulaman\u0131n i\u00e7eri\u011finde; ilkyard\u0131m\u0131n temel ilkeleri ve temel ya\u015fam belirtilerinin yan\u0131s\u0131ra, &nbsp;bay\u0131lmalar, b\u00f6cek sokmalar\u0131, solunum yolu t\u0131kan\u0131klar\u0131, k\u0131r\u0131klar, g\u00f6ze, kula\u011fa ve buruna yabanc\u0131 cisim ka\u00e7mas\u0131, kanama, yaralanma, havale, zehirlenme, yan\u0131klar ve donmalar, s\u0131cak \u00e7arpmalar\u0131nda ilk yard\u0131m konular\u0131nda ayr\u0131nt\u0131l\u0131 bilgiler yer al\u0131yor.<\/p>\n<p \/> Uygulaman\u0131n men\u00fcs\u00fc, ilkyard\u0131m bilgisi gerektiren acil durumlarda bilgiye h\u0131zl\u0131 ula\u015f\u0131m\u0131 sa\u011flayacak \u015fekilde ve anla\u015f\u0131l\u0131r bir dil kullan\u0131larak a\u00e7\u0131klay\u0131c\u0131 g\u00f6rsellerle de destekleniyor <\/p>\n<p \/>\n<div><a href=\"http:\/\/www.appstorehq.com\/-lkyard-m-iphone-282165\/app\">http:\/\/www.appstorehq.com\/-lkyard-m-iphone-282165\/app<\/a><\/div>\n<p><div class='p_embed p_image_embed'>\n<img loading=\"lazy\" decoding=\"async\" alt=\"001\" height=\"537\" src=\"http:\/\/atifunaldi.files.wordpress.com\/2010\/07\/0011.jpg?w=156\" width=\"281\" \/><br \/>\n<img loading=\"lazy\" decoding=\"async\" alt=\"002\" height=\"537\" src=\"http:\/\/atifunaldi.files.wordpress.com\/2010\/07\/0022.jpg?w=156\" width=\"281\" \/><br \/>\n<img loading=\"lazy\" decoding=\"async\" alt=\"003\" height=\"537\" src=\"http:\/\/atifunaldi.files.wordpress.com\/2010\/07\/0032.jpg?w=156\" width=\"281\" \/><br \/>\n<img loading=\"lazy\" decoding=\"async\" alt=\"004\" height=\"537\" src=\"http:\/\/atifunaldi.files.wordpress.com\/2010\/07\/0042.jpg?w=156\" width=\"281\" \/><\/p>\n<div class='p_see_full_gallery'><a href=\"http:\/\/atifunaldi.posterous.com\/anadolu-saglik-merkezi-ile-ilkyardim-cebinizd\">See the full gallery on Posterous<\/a><\/div>\n<\/div>\n","protected":false},"excerpt":{"rendered":"<p>Anadolu Sa\u011fl\u0131k Merkezi, toplumsal sa\u011fl\u0131k k\u00fclt\u00fcr\u00fcne katk\u0131da bulunmak amac\u0131yla acil durumlarda kullan\u0131lmak \u00fczere &ldquo;Mobil \u0130lkyard\u0131m Uygulamas\u0131&rdquo;n\u0131 hayata ge\u00e7irdi. Anadolu Sa\u011fl\u0131k Merkezi uzmanlar\u0131 taraf\u0131ndan haz\u0131rlanan &ldquo;Mobil \u0130lkyard\u0131m Uygulamas\u0131&rdquo;n\u0131 iPhone kullan\u0131c\u0131lar\u0131 \u00fccretsiz olarak indirebiliyor. Uygulaman\u0131n i\u00e7eri\u011finde; ilkyard\u0131m\u0131n&#8230;<\/p>\n","protected":false},"author":2,"featured_media":0,"comment_status":"open","ping_status":"open","sticky":false,"template":"","format":"standard","meta":{"footnotes":""},"categories":[3],"tags":[],"class_list":["post-1736","post","type-post","status-publish","format-standard","hentry","category-blogum"],"yoast_head":"<!-- This site is optimized with the Yoast SEO plugin v26.8 - https:\/\/yoast.com\/product\/yoast-seo-wordpress\/ -->\n<title>Anadolu Sa\u011fl\u0131k Merkezi ile \u0130lkyard\u0131m Cebinizde - At\u0131f \u00dcnald\u0131<\/title>\n<meta name=\"robots\" content=\"index, follow, max-snippet:-1, max-image-preview:large, max-video-preview:-1\" \/>\n<link rel=\"canonical\" href=\"http:\/\/atif.unaldi.org\/blog\/2010\/07\/29\/anadolu-saglik-merkezi-ile-ilkyardim-cebinizde\/\" \/>\n<meta property=\"og:locale\" content=\"tr_TR\" \/>\n<meta property=\"og:type\" content=\"article\" \/>\n<meta property=\"og:title\" content=\"Anadolu Sa\u011fl\u0131k Merkezi ile \u0130lkyard\u0131m Cebinizde - At\u0131f \u00dcnald\u0131\" \/>\n<meta property=\"og:description\" content=\"Anadolu Sa\u011fl\u0131k Merkezi, toplumsal sa\u011fl\u0131k k\u00fclt\u00fcr\u00fcne katk\u0131da bulunmak amac\u0131yla acil durumlarda kullan\u0131lmak \u00fczere &ldquo;Mobil \u0130lkyard\u0131m Uygulamas\u0131&rdquo;n\u0131 hayata ge\u00e7irdi. Anadolu Sa\u011fl\u0131k Merkezi uzmanlar\u0131 taraf\u0131ndan haz\u0131rlanan &ldquo;Mobil \u0130lkyard\u0131m Uygulamas\u0131&rdquo;n\u0131 iPhone kullan\u0131c\u0131lar\u0131 \u00fccretsiz olarak indirebiliyor. Uygulaman\u0131n i\u00e7eri\u011finde; ilkyard\u0131m\u0131n...\" \/>\n<meta property=\"og:url\" content=\"http:\/\/atif.unaldi.org\/blog\/2010\/07\/29\/anadolu-saglik-merkezi-ile-ilkyardim-cebinizde\/\" \/>\n<meta property=\"og:site_name\" content=\"At\u0131f \u00dcnald\u0131\" \/>\n<meta property=\"article:publisher\" content=\"https:\/\/www.facebook.com\/atifunaldi\" \/>\n<meta property=\"article:author\" content=\"https:\/\/www.facebook.com\/atifunaldi\" \/>\n<meta property=\"article:published_time\" content=\"2010-07-29T07:51:20+00:00\" \/>\n<meta property=\"og:image\" content=\"http:\/\/atifunaldi.files.wordpress.com\/2010\/07\/0011.jpg?w=156\" \/>\n<meta name=\"author\" content=\"Atif Unaldi\" \/>\n<meta name=\"twitter:card\" content=\"summary_large_image\" \/>\n<meta name=\"twitter:creator\" content=\"@https:\/\/twitter.com\/atifunaldi\" \/>\n<meta name=\"twitter:site\" content=\"@atifunaldi\" \/>\n<meta name=\"twitter:label1\" content=\"Yazan:\" \/>\n\t<meta name=\"twitter:data1\" content=\"Atif Unaldi\" \/>\n\t<meta name=\"twitter:label2\" content=\"Tahmini okuma s\u00fcresi\" \/>\n\t<meta name=\"twitter:data2\" content=\"1 dakika\" \/>\n<script type=\"application\/ld+json\" class=\"yoast-schema-graph\">{\"@context\":\"https:\/\/schema.org\",\"@graph\":[{\"@type\":\"Article\",\"@id\":\"http:\/\/atif.unaldi.org\/blog\/2010\/07\/29\/anadolu-saglik-merkezi-ile-ilkyardim-cebinizde\/#article\",\"isPartOf\":{\"@id\":\"http:\/\/atif.unaldi.org\/blog\/2010\/07\/29\/anadolu-saglik-merkezi-ile-ilkyardim-cebinizde\/\"},\"author\":{\"name\":\"Atif Unaldi\",\"@id\":\"http:\/\/atif.unaldi.org\/blog\/#\/schema\/person\/608ed42ecbda2bc5cfdb767ac1db479b\"},\"headline\":\"Anadolu Sa\u011fl\u0131k Merkezi ile \u0130lkyard\u0131m Cebinizde\",\"datePublished\":\"2010-07-29T07:51:20+00:00\",\"mainEntityOfPage\":{\"@id\":\"http:\/\/atif.unaldi.org\/blog\/2010\/07\/29\/anadolu-saglik-merkezi-ile-ilkyardim-cebinizde\/\"},\"wordCount\":177,\"commentCount\":0,\"publisher\":{\"@id\":\"http:\/\/atif.unaldi.org\/blog\/#\/schema\/person\/608ed42ecbda2bc5cfdb767ac1db479b\"},\"image\":{\"@id\":\"http:\/\/atif.unaldi.org\/blog\/2010\/07\/29\/anadolu-saglik-merkezi-ile-ilkyardim-cebinizde\/#primaryimage\"},\"thumbnailUrl\":\"http:\/\/atifunaldi.files.wordpress.com\/2010\/07\/0011.jpg?w=156\",\"articleSection\":[\"Blogum\"],\"inLanguage\":\"tr\",\"potentialAction\":[{\"@type\":\"CommentAction\",\"name\":\"Comment\",\"target\":[\"http:\/\/atif.unaldi.org\/blog\/2010\/07\/29\/anadolu-saglik-merkezi-ile-ilkyardim-cebinizde\/#respond\"]}]},{\"@type\":\"WebPage\",\"@id\":\"http:\/\/atif.unaldi.org\/blog\/2010\/07\/29\/anadolu-saglik-merkezi-ile-ilkyardim-cebinizde\/\",\"url\":\"http:\/\/atif.unaldi.org\/blog\/2010\/07\/29\/anadolu-saglik-merkezi-ile-ilkyardim-cebinizde\/\",\"name\":\"Anadolu Sa\u011fl\u0131k Merkezi ile \u0130lkyard\u0131m Cebinizde - At\u0131f \u00dcnald\u0131\",\"isPartOf\":{\"@id\":\"http:\/\/atif.unaldi.org\/blog\/#website\"},\"primaryImageOfPage\":{\"@id\":\"http:\/\/atif.unaldi.org\/blog\/2010\/07\/29\/anadolu-saglik-merkezi-ile-ilkyardim-cebinizde\/#primaryimage\"},\"image\":{\"@id\":\"http:\/\/atif.unaldi.org\/blog\/2010\/07\/29\/anadolu-saglik-merkezi-ile-ilkyardim-cebinizde\/#primaryimage\"},\"thumbnailUrl\":\"http:\/\/atifunaldi.files.wordpress.com\/2010\/07\/0011.jpg?w=156\",\"datePublished\":\"2010-07-29T07:51:20+00:00\",\"breadcrumb\":{\"@id\":\"http:\/\/atif.unaldi.org\/blog\/2010\/07\/29\/anadolu-saglik-merkezi-ile-ilkyardim-cebinizde\/#breadcrumb\"},\"inLanguage\":\"tr\",\"potentialAction\":[{\"@type\":\"ReadAction\",\"target\":[\"http:\/\/atif.unaldi.org\/blog\/2010\/07\/29\/anadolu-saglik-merkezi-ile-ilkyardim-cebinizde\/\"]}]},{\"@type\":\"ImageObject\",\"inLanguage\":\"tr\",\"@id\":\"http:\/\/atif.unaldi.org\/blog\/2010\/07\/29\/anadolu-saglik-merkezi-ile-ilkyardim-cebinizde\/#primaryimage\",\"url\":\"http:\/\/atifunaldi.files.wordpress.com\/2010\/07\/0011.jpg?w=156\",\"contentUrl\":\"http:\/\/atifunaldi.files.wordpress.com\/2010\/07\/0011.jpg?w=156\"},{\"@type\":\"BreadcrumbList\",\"@id\":\"http:\/\/atif.unaldi.org\/blog\/2010\/07\/29\/anadolu-saglik-merkezi-ile-ilkyardim-cebinizde\/#breadcrumb\",\"itemListElement\":[{\"@type\":\"ListItem\",\"position\":1,\"name\":\"Anasayfa\",\"item\":\"http:\/\/atif.unaldi.org\/blog\/\"},{\"@type\":\"ListItem\",\"position\":2,\"name\":\"Anadolu Sa\u011fl\u0131k Merkezi ile \u0130lkyard\u0131m Cebinizde\"}]},{\"@type\":\"WebSite\",\"@id\":\"http:\/\/atif.unaldi.org\/blog\/#website\",\"url\":\"http:\/\/atif.unaldi.org\/blog\/\",\"name\":\"At\u0131f \u00dcnald\u0131\",\"description\":\"Yazar\",\"publisher\":{\"@id\":\"http:\/\/atif.unaldi.org\/blog\/#\/schema\/person\/608ed42ecbda2bc5cfdb767ac1db479b\"},\"alternateName\":\"At\u0131f \u00dcnald\u0131 Blog\",\"potentialAction\":[{\"@type\":\"SearchAction\",\"target\":{\"@type\":\"EntryPoint\",\"urlTemplate\":\"http:\/\/atif.unaldi.org\/blog\/?s={search_term_string}\"},\"query-input\":{\"@type\":\"PropertyValueSpecification\",\"valueRequired\":true,\"valueName\":\"search_term_string\"}}],\"inLanguage\":\"tr\"},{\"@type\":[\"Person\",\"Organization\"],\"@id\":\"http:\/\/atif.unaldi.org\/blog\/#\/schema\/person\/608ed42ecbda2bc5cfdb767ac1db479b\",\"name\":\"Atif Unaldi\",\"image\":{\"@type\":\"ImageObject\",\"inLanguage\":\"tr\",\"@id\":\"http:\/\/atif.unaldi.org\/blog\/#\/schema\/person\/image\/\",\"url\":\"http:\/\/atif.unaldi.org\/blog\/wp-content\/uploads\/2022\/10\/cropped-a94e8f7a-67c4-4d65-8a5f-032ba784be53-2.jpg\",\"contentUrl\":\"http:\/\/atif.unaldi.org\/blog\/wp-content\/uploads\/2022\/10\/cropped-a94e8f7a-67c4-4d65-8a5f-032ba784be53-2.jpg\",\"width\":512,\"height\":512,\"caption\":\"Atif Unaldi\"},\"logo\":{\"@id\":\"http:\/\/atif.unaldi.org\/blog\/#\/schema\/person\/image\/\"},\"description\":\"Bo\u011fazi\u00e7i \u00dcniversitesinde Fizik B\u00f6l\u00fcm\u00fc\u2019nde e\u011fitim ald\u0131\u011f\u0131 y\u0131llarda T\u00fcrkiye\u2019de ilk kez iki bilgisayar\u0131 telefon hatlar\u0131 \u00fczerinden konu\u015fturan BBS sistemini kurarak, T\u00fcrkiye\u2019deki ilk internet a\u011f\u0131n\u0131 olu\u015fturmu\u015ftur. Bir \u00e7ok radyo ve televizyonda program yap\u0131mc\u0131l\u0131\u011f\u0131 ve sunuculu\u011funu, bir \u00e7ok teknoloji dergisinde k\u00f6\u015fe yazarl\u0131\u011f\u0131, bili\u015fim edit\u00f6rl\u00fc\u011f\u00fc ve genel yay\u0131n y\u00f6netmenli\u011fi yapt\u0131. T\u00fcrkiye\u2019deki ilk internet servis sa\u011flay\u0131c\u0131s\u0131n\u0131n genel m\u00fcd\u00fcrl\u00fc\u011f\u00fcn\u00fc \u00fcstlendi. Bir \u00e7ok organizasyon ve kurulu\u015fta internet s\u00fcperviz\u00f6rl\u00fc\u011f\u00fc , webmaster\u2019l\u0131\u011f\u0131 , IT direkt\u00f6rl\u00fc\u011f\u00fc ve dijital projeler koordinat\u00f6rl\u00fc\u011f\u00fc g\u00f6revlerinde bulundu. Farkl\u0131 \u00fcniversitelerin farkl\u0131 fak\u00fcltelerinde \u00f6\u011fretim g\u00f6revlisi olarak bulunmu\u015f olan \u00dcnald\u0131; \u015fu an teknoloji ve pazarlama konular\u0131 ba\u015fta olmak \u00fczere bir\u00e7ok alanda hizmet veren Unaldi Consultancy\u2019nin kurucusudur. \\u2028Selin \u00dcnald\u0131 ile evlidir. Su ve Toprak isminde iki \u00e7ocu\u011fu vard\u0131r.\",\"sameAs\":[\"http:\/\/atif.unaldi.org\/blog\",\"https:\/\/www.facebook.com\/atifunaldi\",\"https:\/\/www.instagram.com\/atifunaldi\/\",\"https:\/\/www.linkedin.com\/in\/atifunaldi\",\"https:\/\/x.com\/https:\/\/twitter.com\/atifunaldi\",\"https:\/\/www.youtube.com\/c\/atifunaldi\",\"https:\/\/soundcloud.com\/atif-unaldi\",\"https:\/\/atifunaldi.tumblr.com\"],\"url\":\"http:\/\/atif.unaldi.org\/blog\/author\/atifunaldi\/\"}]}<\/script>\n<!-- \/ Yoast SEO plugin. -->","yoast_head_json":{"title":"Anadolu Sa\u011fl\u0131k Merkezi ile \u0130lkyard\u0131m Cebinizde - At\u0131f \u00dcnald\u0131","robots":{"index":"index","follow":"follow","max-snippet":"max-snippet:-1","max-image-preview":"max-image-preview:large","max-video-preview":"max-video-preview:-1"},"canonical":"http:\/\/atif.unaldi.org\/blog\/2010\/07\/29\/anadolu-saglik-merkezi-ile-ilkyardim-cebinizde\/","og_locale":"tr_TR","og_type":"article","og_title":"Anadolu Sa\u011fl\u0131k Merkezi ile \u0130lkyard\u0131m Cebinizde - At\u0131f \u00dcnald\u0131","og_description":"Anadolu Sa\u011fl\u0131k Merkezi, toplumsal sa\u011fl\u0131k k\u00fclt\u00fcr\u00fcne katk\u0131da bulunmak amac\u0131yla acil durumlarda kullan\u0131lmak \u00fczere &ldquo;Mobil \u0130lkyard\u0131m Uygulamas\u0131&rdquo;n\u0131 hayata ge\u00e7irdi. Anadolu Sa\u011fl\u0131k Merkezi uzmanlar\u0131 taraf\u0131ndan haz\u0131rlanan &ldquo;Mobil \u0130lkyard\u0131m Uygulamas\u0131&rdquo;n\u0131 iPhone kullan\u0131c\u0131lar\u0131 \u00fccretsiz olarak indirebiliyor. Uygulaman\u0131n i\u00e7eri\u011finde; ilkyard\u0131m\u0131n...","og_url":"http:\/\/atif.unaldi.org\/blog\/2010\/07\/29\/anadolu-saglik-merkezi-ile-ilkyardim-cebinizde\/","og_site_name":"At\u0131f \u00dcnald\u0131","article_publisher":"https:\/\/www.facebook.com\/atifunaldi","article_author":"https:\/\/www.facebook.com\/atifunaldi","article_published_time":"2010-07-29T07:51:20+00:00","og_image":[{"url":"http:\/\/atifunaldi.files.wordpress.com\/2010\/07\/0011.jpg?w=156","type":"","width":"","height":""}],"author":"Atif Unaldi","twitter_card":"summary_large_image","twitter_creator":"@https:\/\/twitter.com\/atifunaldi","twitter_site":"@atifunaldi","twitter_misc":{"Yazan:":"Atif Unaldi","Tahmini okuma s\u00fcresi":"1 dakika"},"schema":{"@context":"https:\/\/schema.org","@graph":[{"@type":"Article","@id":"http:\/\/atif.unaldi.org\/blog\/2010\/07\/29\/anadolu-saglik-merkezi-ile-ilkyardim-cebinizde\/#article","isPartOf":{"@id":"http:\/\/atif.unaldi.org\/blog\/2010\/07\/29\/anadolu-saglik-merkezi-ile-ilkyardim-cebinizde\/"},"author":{"name":"Atif Unaldi","@id":"http:\/\/atif.unaldi.org\/blog\/#\/schema\/person\/608ed42ecbda2bc5cfdb767ac1db479b"},"headline":"Anadolu Sa\u011fl\u0131k Merkezi ile \u0130lkyard\u0131m Cebinizde","datePublished":"2010-07-29T07:51:20+00:00","mainEntityOfPage":{"@id":"http:\/\/atif.unaldi.org\/blog\/2010\/07\/29\/anadolu-saglik-merkezi-ile-ilkyardim-cebinizde\/"},"wordCount":177,"commentCount":0,"publisher":{"@id":"http:\/\/atif.unaldi.org\/blog\/#\/schema\/person\/608ed42ecbda2bc5cfdb767ac1db479b"},"image":{"@id":"http:\/\/atif.unaldi.org\/blog\/2010\/07\/29\/anadolu-saglik-merkezi-ile-ilkyardim-cebinizde\/#primaryimage"},"thumbnailUrl":"http:\/\/atifunaldi.files.wordpress.com\/2010\/07\/0011.jpg?w=156","articleSection":["Blogum"],"inLanguage":"tr","potentialAction":[{"@type":"CommentAction","name":"Comment","target":["http:\/\/atif.unaldi.org\/blog\/2010\/07\/29\/anadolu-saglik-merkezi-ile-ilkyardim-cebinizde\/#respond"]}]},{"@type":"WebPage","@id":"http:\/\/atif.unaldi.org\/blog\/2010\/07\/29\/anadolu-saglik-merkezi-ile-ilkyardim-cebinizde\/","url":"http:\/\/atif.unaldi.org\/blog\/2010\/07\/29\/anadolu-saglik-merkezi-ile-ilkyardim-cebinizde\/","name":"Anadolu Sa\u011fl\u0131k Merkezi ile \u0130lkyard\u0131m Cebinizde - At\u0131f \u00dcnald\u0131","isPartOf":{"@id":"http:\/\/atif.unaldi.org\/blog\/#website"},"primaryImageOfPage":{"@id":"http:\/\/atif.unaldi.org\/blog\/2010\/07\/29\/anadolu-saglik-merkezi-ile-ilkyardim-cebinizde\/#primaryimage"},"image":{"@id":"http:\/\/atif.unaldi.org\/blog\/2010\/07\/29\/anadolu-saglik-merkezi-ile-ilkyardim-cebinizde\/#primaryimage"},"thumbnailUrl":"http:\/\/atifunaldi.files.wordpress.com\/2010\/07\/0011.jpg?w=156","datePublished":"2010-07-29T07:51:20+00:00","breadcrumb":{"@id":"http:\/\/atif.unaldi.org\/blog\/2010\/07\/29\/anadolu-saglik-merkezi-ile-ilkyardim-cebinizde\/#breadcrumb"},"inLanguage":"tr","potentialAction":[{"@type":"ReadAction","target":["http:\/\/atif.unaldi.org\/blog\/2010\/07\/29\/anadolu-saglik-merkezi-ile-ilkyardim-cebinizde\/"]}]},{"@type":"ImageObject","inLanguage":"tr","@id":"http:\/\/atif.unaldi.org\/blog\/2010\/07\/29\/anadolu-saglik-merkezi-ile-ilkyardim-cebinizde\/#primaryimage","url":"http:\/\/atifunaldi.files.wordpress.com\/2010\/07\/0011.jpg?w=156","contentUrl":"http:\/\/atifunaldi.files.wordpress.com\/2010\/07\/0011.jpg?w=156"},{"@type":"BreadcrumbList","@id":"http:\/\/atif.unaldi.org\/blog\/2010\/07\/29\/anadolu-saglik-merkezi-ile-ilkyardim-cebinizde\/#breadcrumb","itemListElement":[{"@type":"ListItem","position":1,"name":"Anasayfa","item":"http:\/\/atif.unaldi.org\/blog\/"},{"@type":"ListItem","position":2,"name":"Anadolu Sa\u011fl\u0131k Merkezi ile \u0130lkyard\u0131m Cebinizde"}]},{"@type":"WebSite","@id":"http:\/\/atif.unaldi.org\/blog\/#website","url":"http:\/\/atif.unaldi.org\/blog\/","name":"At\u0131f \u00dcnald\u0131","description":"Yazar","publisher":{"@id":"http:\/\/atif.unaldi.org\/blog\/#\/schema\/person\/608ed42ecbda2bc5cfdb767ac1db479b"},"alternateName":"At\u0131f \u00dcnald\u0131 Blog","potentialAction":[{"@type":"SearchAction","target":{"@type":"EntryPoint","urlTemplate":"http:\/\/atif.unaldi.org\/blog\/?s={search_term_string}"},"query-input":{"@type":"PropertyValueSpecification","valueRequired":true,"valueName":"search_term_string"}}],"inLanguage":"tr"},{"@type":["Person","Organization"],"@id":"http:\/\/atif.unaldi.org\/blog\/#\/schema\/person\/608ed42ecbda2bc5cfdb767ac1db479b","name":"Atif Unaldi","image":{"@type":"ImageObject","inLanguage":"tr","@id":"http:\/\/atif.unaldi.org\/blog\/#\/schema\/person\/image\/","url":"http:\/\/atif.unaldi.org\/blog\/wp-content\/uploads\/2022\/10\/cropped-a94e8f7a-67c4-4d65-8a5f-032ba784be53-2.jpg","contentUrl":"http:\/\/atif.unaldi.org\/blog\/wp-content\/uploads\/2022\/10\/cropped-a94e8f7a-67c4-4d65-8a5f-032ba784be53-2.jpg","width":512,"height":512,"caption":"Atif Unaldi"},"logo":{"@id":"http:\/\/atif.unaldi.org\/blog\/#\/schema\/person\/image\/"},"description":"Bo\u011fazi\u00e7i \u00dcniversitesinde Fizik B\u00f6l\u00fcm\u00fc\u2019nde e\u011fitim ald\u0131\u011f\u0131 y\u0131llarda T\u00fcrkiye\u2019de ilk kez iki bilgisayar\u0131 telefon hatlar\u0131 \u00fczerinden konu\u015fturan BBS sistemini kurarak, T\u00fcrkiye\u2019deki ilk internet a\u011f\u0131n\u0131 olu\u015fturmu\u015ftur. Bir \u00e7ok radyo ve televizyonda program yap\u0131mc\u0131l\u0131\u011f\u0131 ve sunuculu\u011funu, bir \u00e7ok teknoloji dergisinde k\u00f6\u015fe yazarl\u0131\u011f\u0131, bili\u015fim edit\u00f6rl\u00fc\u011f\u00fc ve genel yay\u0131n y\u00f6netmenli\u011fi yapt\u0131. T\u00fcrkiye\u2019deki ilk internet servis sa\u011flay\u0131c\u0131s\u0131n\u0131n genel m\u00fcd\u00fcrl\u00fc\u011f\u00fcn\u00fc \u00fcstlendi. Bir \u00e7ok organizasyon ve kurulu\u015fta internet s\u00fcperviz\u00f6rl\u00fc\u011f\u00fc , webmaster\u2019l\u0131\u011f\u0131 , IT direkt\u00f6rl\u00fc\u011f\u00fc ve dijital projeler koordinat\u00f6rl\u00fc\u011f\u00fc g\u00f6revlerinde bulundu. Farkl\u0131 \u00fcniversitelerin farkl\u0131 fak\u00fcltelerinde \u00f6\u011fretim g\u00f6revlisi olarak bulunmu\u015f olan \u00dcnald\u0131; \u015fu an teknoloji ve pazarlama konular\u0131 ba\u015fta olmak \u00fczere bir\u00e7ok alanda hizmet veren Unaldi Consultancy\u2019nin kurucusudur. \u2028Selin \u00dcnald\u0131 ile evlidir. Su ve Toprak isminde iki \u00e7ocu\u011fu vard\u0131r.","sameAs":["http:\/\/atif.unaldi.org\/blog","https:\/\/www.facebook.com\/atifunaldi","https:\/\/www.instagram.com\/atifunaldi\/","https:\/\/www.linkedin.com\/in\/atifunaldi","https:\/\/x.com\/https:\/\/twitter.com\/atifunaldi","https:\/\/www.youtube.com\/c\/atifunaldi","https:\/\/soundcloud.com\/atif-unaldi","https:\/\/atifunaldi.tumblr.com"],"url":"http:\/\/atif.unaldi.org\/blog\/author\/atifunaldi\/"}]}},"jetpack_featured_media_url":"","_links":{"self":[{"href":"http:\/\/atif.unaldi.org\/blog\/wp-json\/wp\/v2\/posts\/1736","targetHints":{"allow":["GET"]}}],"collection":[{"href":"http:\/\/atif.unaldi.org\/blog\/wp-json\/wp\/v2\/posts"}],"about":[{"href":"http:\/\/atif.unaldi.org\/blog\/wp-json\/wp\/v2\/types\/post"}],"author":[{"embeddable":true,"href":"http:\/\/atif.unaldi.org\/blog\/wp-json\/wp\/v2\/users\/2"}],"replies":[{"embeddable":true,"href":"http:\/\/atif.unaldi.org\/blog\/wp-json\/wp\/v2\/comments?post=1736"}],"version-history":[{"count":0,"href":"http:\/\/atif.unaldi.org\/blog\/wp-json\/wp\/v2\/posts\/1736\/revisions"}],"wp:attachment":[{"href":"http:\/\/atif.unaldi.org\/blog\/wp-json\/wp\/v2\/media?parent=1736"}],"wp:term":[{"taxonomy":"category","embeddable":true,"href":"http:\/\/atif.unaldi.org\/blog\/wp-json\/wp\/v2\/categories?post=1736"},{"taxonomy":"post_tag","embeddable":true,"href":"http:\/\/atif.unaldi.org\/blog\/wp-json\/wp\/v2\/tags?post=1736"}],"curies":[{"name":"wp","href":"https:\/\/api.w.org\/{rel}","templated":true}]}}