{"id":1752,"date":"2010-08-03T17:12:37","date_gmt":"2010-08-03T17:12:37","guid":{"rendered":"http:\/\/haberler.atifunaldi.info\/2010\/08\/03\/ebiko-6-uluslararasi-bilisim-olimpiyatlari-sampiyonlari-bahcesehir-universitesi-meslek-yuksekokulunu-tercih-etti"},"modified":"2010-08-03T17:12:37","modified_gmt":"2010-08-03T17:12:37","slug":"ebiko-6-uluslararasi-bilisim-olimpiyatlari-sampiyonlari-bahcesehir-universitesi-meslek-yuksekokulunu-tercih-etti","status":"publish","type":"post","link":"http:\/\/atif.unaldi.org\/blog\/2010\/08\/03\/ebiko-6-uluslararasi-bilisim-olimpiyatlari-sampiyonlari-bahcesehir-universitesi-meslek-yuksekokulunu-tercih-etti\/","title":{"rendered":"EB\u0130KO 6. Uluslararas\u0131 Bili\u015fim Olimpiyatlar\u0131 \u015eampiyonlar\u0131 Bah\u00e7e\u015fehir \u00dcniversitesi Meslek Y\u00fcksekokulu&#8217;nu Tercih Etti!"},"content":{"rendered":"<div class='p_embed p_image_embed'>\n<a href=\"http:\/\/atifunaldi.files.wordpress.com\/2010\/08\/mg_8231-scaled-10001.jpg\"><img loading=\"lazy\" decoding=\"async\" alt=\"_mg_8231\" height=\"333\" src=\"http:\/\/atifunaldi.files.wordpress.com\/2010\/08\/mg_8231-scaled-10001.jpg?w=300\" width=\"500\" \/><\/a>\n<\/div>\n<p>Bah\u00e7e\u015fehir \u00dcniversitesi se\u00e7kin \u00f6\u011frencileri aras\u0131na EB\u0130KO 6. <br \/>Uluslararas\u0131 Bili\u015fim Olimpiyatlar\u0131&#8217;nda D\u00fcnya Birincisi olan Yavuz <br \/>Y\u0131k\u0131lmaz ve Ahmet Keskin&#8217;i de katt\u0131. <br \/>Ordu Abdurrahman ve Nermin Bilimli Anadolu Teknik Lisesi mezunu Yavuz <br \/>Y\u0131k\u0131lmaz ve Ahmet Keskin &#8220;Online Rehberlik Ara\u015ft\u0131rma Merkezi&#8221; projesi <br \/>ile May\u0131s ay\u0131nda yap\u0131lan EB\u0130KO 6. Uluslararas\u0131 Bili\u015fim <br \/>Olimpiyatlar\u0131&#8217;nda 32 \u00fclkeden 3000 \u00f6\u011frencinin 700 projesinin yar\u0131\u015ft\u0131\u011f\u0131 <br \/>orta\u00f6\u011fretim kategorisinde d\u00fcnya birincisi oldu. <br \/>Bu projeyi haz\u0131rlarken bir yandan da \u00fcniversite s\u0131nav\u0131na haz\u0131rlanan <br \/>iki gen\u00e7 s\u0131navda da ba\u015far\u0131lar\u0131n\u0131 tekrarlad\u0131lar ve tercihlerini <br \/>Bah\u00e7e\u015fehir \u00dcniversitesi Meslek Y\u00fcksekokulu Bilgisyar Programc\u0131l\u0131\u011f\u0131 <br \/>b\u00f6l\u00fcm\u00fcnden yana kulland\u0131lar. <br \/>Yavuz Y\u0131k\u0131lmaz Bah\u00e7e\u015fehir \u00dcniversitesi&#8217;ni tercih etmesinin en \u00f6nemli <br \/>sebebinin kendilerine ve projelerine g\u00f6sterilen ilgi oldu\u011funu belirtti <br \/>ve \u00a0&#8220;Di\u011fer \u00fcniversitelere de ba\u015fvurduk, sadece Bah\u00e7e\u015fehir \u00dcnviersitesi <br \/>bizimle bu kadar ilgilendi. Buraday\u0131z \u00e7\u00fcnk\u00fc burada projelerimizin <br \/>hayata ge\u00e7ebilece\u011fini biliyoruz. Bunun i\u00e7in Bah\u00e7e\u015fehir&#8217;e minnettar\u0131z. <br \/>Biz bu projeye lisede ba\u015flad\u0131k ama \u00fcniversitede de devam etmesini <br \/>planl\u0131yorduk. \u015eu a\u015famada kal\u0131rsa bir anlam\u0131 olmayacakt\u0131 \u00e7\u00fcnk\u00fc. <br \/>Bah\u00e7e\u015fehir&#8217;de bu projeyi ve ba\u015fka projeleri bitirme \u015fans\u0131m\u0131z var. Bu <br \/>y\u00fczden buray\u0131 se\u00e7tik&#8221; <br \/>Ahmet Keskin de &#8220;Projemize verilen deste\u011fin yan\u0131s\u0131ra Bah\u00e7e\u015fehir <br \/>\u00dcniversitesi&#8217;nin bir \u00e7ok avantaj\u0131 var. CO-OP projesi ile i\u015f imkan\u0131 ve <br \/>ya U\u011fur Dershanesi taraf\u0131ndan verilen \u00fccretsiz Dikey Ge\u00e7i\u015f S\u0131nav\u0131 <br \/>Haz\u0131rl\u0131k Kursu gibi. Ayr\u0131ca buradan mezun olan \u00f6\u011frencilerin Dikey <br \/>Ge\u00e7i\u015f S\u0131nav\u0131&#8217;nda ba\u015far\u0131 ortalamas\u0131 da olduk\u00e7a y\u00fcksek. T\u00fcm bunlar bizi <br \/>cezbetti.&#8221;dedi. <br \/>Online Rehberlik Ara\u015ft\u0131rma Merkezi projesi liselerdeki rehberlik <br \/>derslerinin online olarak i\u015flenmesini m\u00fcmk\u00fcn k\u0131lan bir sistem. <br \/>\u015eampiyonlar bu projelerini ve daha bir \u00e7ok yeni projeyi Bah\u00e7e\u015fehir <br \/>\u00dcniversitesi Mesleki Teknik E\u011fitimi Geli\u015ftirme Merkezi&#8217;nin deste\u011fiyle <br \/>geli\u015ftirecekler. <\/p>\n<p \/> EB\u0130KO 6. Uluslararas\u0131 Bili\u015fim Olimpiyat\u0131 <\/p>\n<p \/> EB\u0130KO, Teknoloji Tasar\u0131m Sanat Merkezi (TTSM), Milli E\u011fitim Bakanl\u0131\u011f\u0131, <br \/>Ula\u015ft\u0131rma Bakanl\u0131\u011f\u0131, Bilgi \u00a0Teknolojileri ve \u0130leti\u015fim Kurulu, <br \/>Teknoloji Bilgilendirme Platformu ile E\u011fitim Teknolojileri Genel <br \/>M\u00fcd\u00fcrl\u00fc\u011f\u00fc `n\u00fcn himayelerinde, Bilgi G\u00fcvenli\u011fi Derne\u011fi, \u00d6zel Okullar <br \/>Derne\u011fi ve Atlantik E\u011fitim Kurumlar\u0131`n\u0131n destekledi\u011fi, TURKCELL, <br \/>TTNET, VODAFONE, Microsoft, Intel, Oracle, T\u00fcrk Hava Yollar\u0131, MOB\u0130SAD, <br \/>T\u00dcTED, TEDER, \u00a0Forsnet`in sponsorlu\u011funu yapt\u0131\u011f\u0131 gelece\u011fin gen\u00e7 <br \/>bili\u015fimcilerini yeti\u015ftirmek amac\u0131yla D\u00fczenlenen &#8220;Uluslararas\u0131 E\u011fitimde <br \/>Bili\u015fim Olimpiyat\u0131&#8221; \u00a0ilk\u00f6\u011fretim ve Liselerin ayr\u0131 ayr\u0131 yar\u0131\u015faca\u011f\u0131 <br \/>kategorilerden olu\u015fmaktad\u0131r. \u0130lki 2005 y\u0131l\u0131nda d\u00fczenlenen Ebiko`nun bu <br \/>y\u0131l alt\u0131nc\u0131s\u0131 (2010) d\u00fczenlenmi\u015ftir. 2007 y\u0131l\u0131ndan itibaren ise <br \/>uluslararas\u0131 yap\u0131lmaktad\u0131r. <br \/>32 \u00fclke, 73 il 558 okul, 3 bin \u00f6\u011frencinin bin 700 proje ile ba\u015fvuruda <br \/>bulundu\u011fu \u00a0EB\u0130KO`ya bug\u00fcne kadar ge\u00e7en 6 y\u0131lda 30 bin civar\u0131 \u00f6\u011frenci, <br \/>14 bini ge\u00e7kin proje kat\u0131ld\u0131. Uluslararas\u0131 Bili\u015fim Olimpiyat\u0131`nda <br \/>eleme sonucunda finale kalan 190 projenin sunumlar\u0131 37 uzman <br \/>akademisyenler taraf\u0131ndan de\u011ferlendirildi. 16 May\u0131s g\u00fcn\u00fc Ankara Ahmet <br \/>Ulusoy Lisesinde proje de\u011ferlendirmeleri yap\u0131ld\u0131. Uluslararas\u0131 Bili\u015fim <br \/>Olimpiyat\u0131`nda dereceye girenlere \u00f6d\u00fclleri ise 17 May\u0131s Pazartesi g\u00fcn\u00fc <br \/>saat 11.00`de Be\u015f evler MEB \u015eura Salonu`nda yap\u0131lan t\u00f6renle verildi. <br \/>Bu y\u0131l d\u00fczenlenen orginazasyon \u00f6d\u00fcl t\u00f6renine Say\u0131n Ba\u015fbakan Recep <br \/>Tayyip Erdo\u011fan mesaj g\u00f6ndererek , Ula\u015ft\u0131rma Bakan\u0131 Binali Y\u0131ld\u0131r\u0131m ise <br \/>do\u011frudan kat\u0131ld\u0131. K\u0131sa bir konu\u015fma yapan Ula\u015ft\u0131rma Bakan\u0131 T\u00fcrkiyenin <br \/>e-d\u00f6n\u00fc\u015f\u00fcm projesinden bahsetti. e-Devlet Projesi`ni 22 hizmetle <br \/>ba\u015flatt\u0131klar\u0131n\u0131, bug\u00fcn 170`in \u00fczerinde hizmet sunuldu\u011funu anlatan <br \/>Y\u0131ld\u0131r\u0131m, bu uygulamay\u0131 yayg\u0131nla\u015ft\u0131rmaya kararl\u0131 olduklar\u0131n\u0131 ifade <br \/>etti.<\/p>\n","protected":false},"excerpt":{"rendered":"<p>Bah\u00e7e\u015fehir \u00dcniversitesi se\u00e7kin \u00f6\u011frencileri aras\u0131na EB\u0130KO 6. Uluslararas\u0131 Bili\u015fim Olimpiyatlar\u0131&#8217;nda D\u00fcnya Birincisi olan Yavuz Y\u0131k\u0131lmaz ve Ahmet Keskin&#8217;i de katt\u0131. Ordu Abdurrahman ve Nermin Bilimli Anadolu Teknik Lisesi mezunu Yavuz Y\u0131k\u0131lmaz ve Ahmet Keskin &#8220;Online&#8230;<\/p>\n","protected":false},"author":2,"featured_media":0,"comment_status":"open","ping_status":"open","sticky":false,"template":"","format":"standard","meta":{"footnotes":""},"categories":[3],"tags":[],"class_list":["post-1752","post","type-post","status-publish","format-standard","hentry","category-blogum"],"yoast_head":"<!-- This site is optimized with the Yoast SEO plugin v26.8 - https:\/\/yoast.com\/product\/yoast-seo-wordpress\/ -->\n<title>EB\u0130KO 6. Uluslararas\u0131 Bili\u015fim Olimpiyatlar\u0131 \u015eampiyonlar\u0131 Bah\u00e7e\u015fehir \u00dcniversitesi Meslek Y\u00fcksekokulu&#039;nu Tercih Etti! - At\u0131f \u00dcnald\u0131<\/title>\n<meta name=\"robots\" content=\"index, follow, max-snippet:-1, max-image-preview:large, max-video-preview:-1\" \/>\n<link rel=\"canonical\" href=\"http:\/\/atif.unaldi.org\/blog\/2010\/08\/03\/ebiko-6-uluslararasi-bilisim-olimpiyatlari-sampiyonlari-bahcesehir-universitesi-meslek-yuksekokulunu-tercih-etti\/\" \/>\n<meta property=\"og:locale\" content=\"tr_TR\" \/>\n<meta property=\"og:type\" content=\"article\" \/>\n<meta property=\"og:title\" content=\"EB\u0130KO 6. Uluslararas\u0131 Bili\u015fim Olimpiyatlar\u0131 \u015eampiyonlar\u0131 Bah\u00e7e\u015fehir \u00dcniversitesi Meslek Y\u00fcksekokulu&#039;nu Tercih Etti! - At\u0131f \u00dcnald\u0131\" \/>\n<meta property=\"og:description\" content=\"Bah\u00e7e\u015fehir \u00dcniversitesi se\u00e7kin \u00f6\u011frencileri aras\u0131na EB\u0130KO 6. Uluslararas\u0131 Bili\u015fim Olimpiyatlar\u0131&#8217;nda D\u00fcnya Birincisi olan Yavuz Y\u0131k\u0131lmaz ve Ahmet Keskin&#8217;i de katt\u0131. Ordu Abdurrahman ve Nermin Bilimli Anadolu Teknik Lisesi mezunu Yavuz Y\u0131k\u0131lmaz ve Ahmet Keskin &#8220;Online...\" \/>\n<meta property=\"og:url\" content=\"http:\/\/atif.unaldi.org\/blog\/2010\/08\/03\/ebiko-6-uluslararasi-bilisim-olimpiyatlari-sampiyonlari-bahcesehir-universitesi-meslek-yuksekokulunu-tercih-etti\/\" \/>\n<meta property=\"og:site_name\" content=\"At\u0131f \u00dcnald\u0131\" \/>\n<meta property=\"article:publisher\" content=\"https:\/\/www.facebook.com\/atifunaldi\" \/>\n<meta property=\"article:author\" content=\"https:\/\/www.facebook.com\/atifunaldi\" \/>\n<meta property=\"article:published_time\" content=\"2010-08-03T17:12:37+00:00\" \/>\n<meta property=\"og:image\" content=\"http:\/\/atifunaldi.files.wordpress.com\/2010\/08\/mg_8231-scaled-10001.jpg?w=300\" \/>\n<meta name=\"author\" content=\"Atif Unaldi\" \/>\n<meta name=\"twitter:card\" content=\"summary_large_image\" \/>\n<meta name=\"twitter:creator\" content=\"@https:\/\/twitter.com\/atifunaldi\" \/>\n<meta name=\"twitter:site\" content=\"@atifunaldi\" \/>\n<meta name=\"twitter:label1\" content=\"Yazan:\" \/>\n\t<meta name=\"twitter:data1\" content=\"Atif Unaldi\" \/>\n\t<meta name=\"twitter:label2\" content=\"Tahmini okuma s\u00fcresi\" \/>\n\t<meta name=\"twitter:data2\" content=\"3 dakika\" \/>\n<script type=\"application\/ld+json\" class=\"yoast-schema-graph\">{\"@context\":\"https:\/\/schema.org\",\"@graph\":[{\"@type\":\"Article\",\"@id\":\"http:\/\/atif.unaldi.org\/blog\/2010\/08\/03\/ebiko-6-uluslararasi-bilisim-olimpiyatlari-sampiyonlari-bahcesehir-universitesi-meslek-yuksekokulunu-tercih-etti\/#article\",\"isPartOf\":{\"@id\":\"http:\/\/atif.unaldi.org\/blog\/2010\/08\/03\/ebiko-6-uluslararasi-bilisim-olimpiyatlari-sampiyonlari-bahcesehir-universitesi-meslek-yuksekokulunu-tercih-etti\/\"},\"author\":{\"name\":\"Atif Unaldi\",\"@id\":\"http:\/\/atif.unaldi.org\/blog\/#\/schema\/person\/608ed42ecbda2bc5cfdb767ac1db479b\"},\"headline\":\"EB\u0130KO 6. Uluslararas\u0131 Bili\u015fim Olimpiyatlar\u0131 \u015eampiyonlar\u0131 Bah\u00e7e\u015fehir \u00dcniversitesi Meslek Y\u00fcksekokulu&#8217;nu Tercih Etti!\",\"datePublished\":\"2010-08-03T17:12:37+00:00\",\"mainEntityOfPage\":{\"@id\":\"http:\/\/atif.unaldi.org\/blog\/2010\/08\/03\/ebiko-6-uluslararasi-bilisim-olimpiyatlari-sampiyonlari-bahcesehir-universitesi-meslek-yuksekokulunu-tercih-etti\/\"},\"wordCount\":657,\"commentCount\":0,\"publisher\":{\"@id\":\"http:\/\/atif.unaldi.org\/blog\/#\/schema\/person\/608ed42ecbda2bc5cfdb767ac1db479b\"},\"image\":{\"@id\":\"http:\/\/atif.unaldi.org\/blog\/2010\/08\/03\/ebiko-6-uluslararasi-bilisim-olimpiyatlari-sampiyonlari-bahcesehir-universitesi-meslek-yuksekokulunu-tercih-etti\/#primaryimage\"},\"thumbnailUrl\":\"http:\/\/atifunaldi.files.wordpress.com\/2010\/08\/mg_8231-scaled-10001.jpg?w=300\",\"articleSection\":[\"Blogum\"],\"inLanguage\":\"tr\",\"potentialAction\":[{\"@type\":\"CommentAction\",\"name\":\"Comment\",\"target\":[\"http:\/\/atif.unaldi.org\/blog\/2010\/08\/03\/ebiko-6-uluslararasi-bilisim-olimpiyatlari-sampiyonlari-bahcesehir-universitesi-meslek-yuksekokulunu-tercih-etti\/#respond\"]}]},{\"@type\":\"WebPage\",\"@id\":\"http:\/\/atif.unaldi.org\/blog\/2010\/08\/03\/ebiko-6-uluslararasi-bilisim-olimpiyatlari-sampiyonlari-bahcesehir-universitesi-meslek-yuksekokulunu-tercih-etti\/\",\"url\":\"http:\/\/atif.unaldi.org\/blog\/2010\/08\/03\/ebiko-6-uluslararasi-bilisim-olimpiyatlari-sampiyonlari-bahcesehir-universitesi-meslek-yuksekokulunu-tercih-etti\/\",\"name\":\"EB\u0130KO 6. Uluslararas\u0131 Bili\u015fim Olimpiyatlar\u0131 \u015eampiyonlar\u0131 Bah\u00e7e\u015fehir \u00dcniversitesi Meslek Y\u00fcksekokulu'nu Tercih Etti! - At\u0131f \u00dcnald\u0131\",\"isPartOf\":{\"@id\":\"http:\/\/atif.unaldi.org\/blog\/#website\"},\"primaryImageOfPage\":{\"@id\":\"http:\/\/atif.unaldi.org\/blog\/2010\/08\/03\/ebiko-6-uluslararasi-bilisim-olimpiyatlari-sampiyonlari-bahcesehir-universitesi-meslek-yuksekokulunu-tercih-etti\/#primaryimage\"},\"image\":{\"@id\":\"http:\/\/atif.unaldi.org\/blog\/2010\/08\/03\/ebiko-6-uluslararasi-bilisim-olimpiyatlari-sampiyonlari-bahcesehir-universitesi-meslek-yuksekokulunu-tercih-etti\/#primaryimage\"},\"thumbnailUrl\":\"http:\/\/atifunaldi.files.wordpress.com\/2010\/08\/mg_8231-scaled-10001.jpg?w=300\",\"datePublished\":\"2010-08-03T17:12:37+00:00\",\"breadcrumb\":{\"@id\":\"http:\/\/atif.unaldi.org\/blog\/2010\/08\/03\/ebiko-6-uluslararasi-bilisim-olimpiyatlari-sampiyonlari-bahcesehir-universitesi-meslek-yuksekokulunu-tercih-etti\/#breadcrumb\"},\"inLanguage\":\"tr\",\"potentialAction\":[{\"@type\":\"ReadAction\",\"target\":[\"http:\/\/atif.unaldi.org\/blog\/2010\/08\/03\/ebiko-6-uluslararasi-bilisim-olimpiyatlari-sampiyonlari-bahcesehir-universitesi-meslek-yuksekokulunu-tercih-etti\/\"]}]},{\"@type\":\"ImageObject\",\"inLanguage\":\"tr\",\"@id\":\"http:\/\/atif.unaldi.org\/blog\/2010\/08\/03\/ebiko-6-uluslararasi-bilisim-olimpiyatlari-sampiyonlari-bahcesehir-universitesi-meslek-yuksekokulunu-tercih-etti\/#primaryimage\",\"url\":\"http:\/\/atifunaldi.files.wordpress.com\/2010\/08\/mg_8231-scaled-10001.jpg?w=300\",\"contentUrl\":\"http:\/\/atifunaldi.files.wordpress.com\/2010\/08\/mg_8231-scaled-10001.jpg?w=300\"},{\"@type\":\"BreadcrumbList\",\"@id\":\"http:\/\/atif.unaldi.org\/blog\/2010\/08\/03\/ebiko-6-uluslararasi-bilisim-olimpiyatlari-sampiyonlari-bahcesehir-universitesi-meslek-yuksekokulunu-tercih-etti\/#breadcrumb\",\"itemListElement\":[{\"@type\":\"ListItem\",\"position\":1,\"name\":\"Anasayfa\",\"item\":\"http:\/\/atif.unaldi.org\/blog\/\"},{\"@type\":\"ListItem\",\"position\":2,\"name\":\"EB\u0130KO 6. Uluslararas\u0131 Bili\u015fim Olimpiyatlar\u0131 \u015eampiyonlar\u0131 Bah\u00e7e\u015fehir \u00dcniversitesi Meslek Y\u00fcksekokulu&#8217;nu Tercih Etti!\"}]},{\"@type\":\"WebSite\",\"@id\":\"http:\/\/atif.unaldi.org\/blog\/#website\",\"url\":\"http:\/\/atif.unaldi.org\/blog\/\",\"name\":\"At\u0131f \u00dcnald\u0131\",\"description\":\"Yazar\",\"publisher\":{\"@id\":\"http:\/\/atif.unaldi.org\/blog\/#\/schema\/person\/608ed42ecbda2bc5cfdb767ac1db479b\"},\"alternateName\":\"At\u0131f \u00dcnald\u0131 Blog\",\"potentialAction\":[{\"@type\":\"SearchAction\",\"target\":{\"@type\":\"EntryPoint\",\"urlTemplate\":\"http:\/\/atif.unaldi.org\/blog\/?s={search_term_string}\"},\"query-input\":{\"@type\":\"PropertyValueSpecification\",\"valueRequired\":true,\"valueName\":\"search_term_string\"}}],\"inLanguage\":\"tr\"},{\"@type\":[\"Person\",\"Organization\"],\"@id\":\"http:\/\/atif.unaldi.org\/blog\/#\/schema\/person\/608ed42ecbda2bc5cfdb767ac1db479b\",\"name\":\"Atif Unaldi\",\"image\":{\"@type\":\"ImageObject\",\"inLanguage\":\"tr\",\"@id\":\"http:\/\/atif.unaldi.org\/blog\/#\/schema\/person\/image\/\",\"url\":\"http:\/\/atif.unaldi.org\/blog\/wp-content\/uploads\/2022\/10\/cropped-a94e8f7a-67c4-4d65-8a5f-032ba784be53-2.jpg\",\"contentUrl\":\"http:\/\/atif.unaldi.org\/blog\/wp-content\/uploads\/2022\/10\/cropped-a94e8f7a-67c4-4d65-8a5f-032ba784be53-2.jpg\",\"width\":512,\"height\":512,\"caption\":\"Atif Unaldi\"},\"logo\":{\"@id\":\"http:\/\/atif.unaldi.org\/blog\/#\/schema\/person\/image\/\"},\"description\":\"Bo\u011fazi\u00e7i \u00dcniversitesinde Fizik B\u00f6l\u00fcm\u00fc\u2019nde e\u011fitim ald\u0131\u011f\u0131 y\u0131llarda T\u00fcrkiye\u2019de ilk kez iki bilgisayar\u0131 telefon hatlar\u0131 \u00fczerinden konu\u015fturan BBS sistemini kurarak, T\u00fcrkiye\u2019deki ilk internet a\u011f\u0131n\u0131 olu\u015fturmu\u015ftur. Bir \u00e7ok radyo ve televizyonda program yap\u0131mc\u0131l\u0131\u011f\u0131 ve sunuculu\u011funu, bir \u00e7ok teknoloji dergisinde k\u00f6\u015fe yazarl\u0131\u011f\u0131, bili\u015fim edit\u00f6rl\u00fc\u011f\u00fc ve genel yay\u0131n y\u00f6netmenli\u011fi yapt\u0131. T\u00fcrkiye\u2019deki ilk internet servis sa\u011flay\u0131c\u0131s\u0131n\u0131n genel m\u00fcd\u00fcrl\u00fc\u011f\u00fcn\u00fc \u00fcstlendi. Bir \u00e7ok organizasyon ve kurulu\u015fta internet s\u00fcperviz\u00f6rl\u00fc\u011f\u00fc , webmaster\u2019l\u0131\u011f\u0131 , IT direkt\u00f6rl\u00fc\u011f\u00fc ve dijital projeler koordinat\u00f6rl\u00fc\u011f\u00fc g\u00f6revlerinde bulundu. Farkl\u0131 \u00fcniversitelerin farkl\u0131 fak\u00fcltelerinde \u00f6\u011fretim g\u00f6revlisi olarak bulunmu\u015f olan \u00dcnald\u0131; \u015fu an teknoloji ve pazarlama konular\u0131 ba\u015fta olmak \u00fczere bir\u00e7ok alanda hizmet veren Unaldi Consultancy\u2019nin kurucusudur. \\u2028Selin \u00dcnald\u0131 ile evlidir. Su ve Toprak isminde iki \u00e7ocu\u011fu vard\u0131r.\",\"sameAs\":[\"http:\/\/atif.unaldi.org\/blog\",\"https:\/\/www.facebook.com\/atifunaldi\",\"https:\/\/www.instagram.com\/atifunaldi\/\",\"https:\/\/www.linkedin.com\/in\/atifunaldi\",\"https:\/\/x.com\/https:\/\/twitter.com\/atifunaldi\",\"https:\/\/www.youtube.com\/c\/atifunaldi\",\"https:\/\/soundcloud.com\/atif-unaldi\",\"https:\/\/atifunaldi.tumblr.com\"],\"url\":\"http:\/\/atif.unaldi.org\/blog\/author\/atifunaldi\/\"}]}<\/script>\n<!-- \/ Yoast SEO plugin. -->","yoast_head_json":{"title":"EB\u0130KO 6. Uluslararas\u0131 Bili\u015fim Olimpiyatlar\u0131 \u015eampiyonlar\u0131 Bah\u00e7e\u015fehir \u00dcniversitesi Meslek Y\u00fcksekokulu'nu Tercih Etti! - At\u0131f \u00dcnald\u0131","robots":{"index":"index","follow":"follow","max-snippet":"max-snippet:-1","max-image-preview":"max-image-preview:large","max-video-preview":"max-video-preview:-1"},"canonical":"http:\/\/atif.unaldi.org\/blog\/2010\/08\/03\/ebiko-6-uluslararasi-bilisim-olimpiyatlari-sampiyonlari-bahcesehir-universitesi-meslek-yuksekokulunu-tercih-etti\/","og_locale":"tr_TR","og_type":"article","og_title":"EB\u0130KO 6. Uluslararas\u0131 Bili\u015fim Olimpiyatlar\u0131 \u015eampiyonlar\u0131 Bah\u00e7e\u015fehir \u00dcniversitesi Meslek Y\u00fcksekokulu'nu Tercih Etti! - At\u0131f \u00dcnald\u0131","og_description":"Bah\u00e7e\u015fehir \u00dcniversitesi se\u00e7kin \u00f6\u011frencileri aras\u0131na EB\u0130KO 6. Uluslararas\u0131 Bili\u015fim Olimpiyatlar\u0131&#8217;nda D\u00fcnya Birincisi olan Yavuz Y\u0131k\u0131lmaz ve Ahmet Keskin&#8217;i de katt\u0131. Ordu Abdurrahman ve Nermin Bilimli Anadolu Teknik Lisesi mezunu Yavuz Y\u0131k\u0131lmaz ve Ahmet Keskin &#8220;Online...","og_url":"http:\/\/atif.unaldi.org\/blog\/2010\/08\/03\/ebiko-6-uluslararasi-bilisim-olimpiyatlari-sampiyonlari-bahcesehir-universitesi-meslek-yuksekokulunu-tercih-etti\/","og_site_name":"At\u0131f \u00dcnald\u0131","article_publisher":"https:\/\/www.facebook.com\/atifunaldi","article_author":"https:\/\/www.facebook.com\/atifunaldi","article_published_time":"2010-08-03T17:12:37+00:00","og_image":[{"url":"http:\/\/atifunaldi.files.wordpress.com\/2010\/08\/mg_8231-scaled-10001.jpg?w=300","type":"","width":"","height":""}],"author":"Atif Unaldi","twitter_card":"summary_large_image","twitter_creator":"@https:\/\/twitter.com\/atifunaldi","twitter_site":"@atifunaldi","twitter_misc":{"Yazan:":"Atif Unaldi","Tahmini okuma s\u00fcresi":"3 dakika"},"schema":{"@context":"https:\/\/schema.org","@graph":[{"@type":"Article","@id":"http:\/\/atif.unaldi.org\/blog\/2010\/08\/03\/ebiko-6-uluslararasi-bilisim-olimpiyatlari-sampiyonlari-bahcesehir-universitesi-meslek-yuksekokulunu-tercih-etti\/#article","isPartOf":{"@id":"http:\/\/atif.unaldi.org\/blog\/2010\/08\/03\/ebiko-6-uluslararasi-bilisim-olimpiyatlari-sampiyonlari-bahcesehir-universitesi-meslek-yuksekokulunu-tercih-etti\/"},"author":{"name":"Atif Unaldi","@id":"http:\/\/atif.unaldi.org\/blog\/#\/schema\/person\/608ed42ecbda2bc5cfdb767ac1db479b"},"headline":"EB\u0130KO 6. Uluslararas\u0131 Bili\u015fim Olimpiyatlar\u0131 \u015eampiyonlar\u0131 Bah\u00e7e\u015fehir \u00dcniversitesi Meslek Y\u00fcksekokulu&#8217;nu Tercih Etti!","datePublished":"2010-08-03T17:12:37+00:00","mainEntityOfPage":{"@id":"http:\/\/atif.unaldi.org\/blog\/2010\/08\/03\/ebiko-6-uluslararasi-bilisim-olimpiyatlari-sampiyonlari-bahcesehir-universitesi-meslek-yuksekokulunu-tercih-etti\/"},"wordCount":657,"commentCount":0,"publisher":{"@id":"http:\/\/atif.unaldi.org\/blog\/#\/schema\/person\/608ed42ecbda2bc5cfdb767ac1db479b"},"image":{"@id":"http:\/\/atif.unaldi.org\/blog\/2010\/08\/03\/ebiko-6-uluslararasi-bilisim-olimpiyatlari-sampiyonlari-bahcesehir-universitesi-meslek-yuksekokulunu-tercih-etti\/#primaryimage"},"thumbnailUrl":"http:\/\/atifunaldi.files.wordpress.com\/2010\/08\/mg_8231-scaled-10001.jpg?w=300","articleSection":["Blogum"],"inLanguage":"tr","potentialAction":[{"@type":"CommentAction","name":"Comment","target":["http:\/\/atif.unaldi.org\/blog\/2010\/08\/03\/ebiko-6-uluslararasi-bilisim-olimpiyatlari-sampiyonlari-bahcesehir-universitesi-meslek-yuksekokulunu-tercih-etti\/#respond"]}]},{"@type":"WebPage","@id":"http:\/\/atif.unaldi.org\/blog\/2010\/08\/03\/ebiko-6-uluslararasi-bilisim-olimpiyatlari-sampiyonlari-bahcesehir-universitesi-meslek-yuksekokulunu-tercih-etti\/","url":"http:\/\/atif.unaldi.org\/blog\/2010\/08\/03\/ebiko-6-uluslararasi-bilisim-olimpiyatlari-sampiyonlari-bahcesehir-universitesi-meslek-yuksekokulunu-tercih-etti\/","name":"EB\u0130KO 6. Uluslararas\u0131 Bili\u015fim Olimpiyatlar\u0131 \u015eampiyonlar\u0131 Bah\u00e7e\u015fehir \u00dcniversitesi Meslek Y\u00fcksekokulu'nu Tercih Etti! - At\u0131f \u00dcnald\u0131","isPartOf":{"@id":"http:\/\/atif.unaldi.org\/blog\/#website"},"primaryImageOfPage":{"@id":"http:\/\/atif.unaldi.org\/blog\/2010\/08\/03\/ebiko-6-uluslararasi-bilisim-olimpiyatlari-sampiyonlari-bahcesehir-universitesi-meslek-yuksekokulunu-tercih-etti\/#primaryimage"},"image":{"@id":"http:\/\/atif.unaldi.org\/blog\/2010\/08\/03\/ebiko-6-uluslararasi-bilisim-olimpiyatlari-sampiyonlari-bahcesehir-universitesi-meslek-yuksekokulunu-tercih-etti\/#primaryimage"},"thumbnailUrl":"http:\/\/atifunaldi.files.wordpress.com\/2010\/08\/mg_8231-scaled-10001.jpg?w=300","datePublished":"2010-08-03T17:12:37+00:00","breadcrumb":{"@id":"http:\/\/atif.unaldi.org\/blog\/2010\/08\/03\/ebiko-6-uluslararasi-bilisim-olimpiyatlari-sampiyonlari-bahcesehir-universitesi-meslek-yuksekokulunu-tercih-etti\/#breadcrumb"},"inLanguage":"tr","potentialAction":[{"@type":"ReadAction","target":["http:\/\/atif.unaldi.org\/blog\/2010\/08\/03\/ebiko-6-uluslararasi-bilisim-olimpiyatlari-sampiyonlari-bahcesehir-universitesi-meslek-yuksekokulunu-tercih-etti\/"]}]},{"@type":"ImageObject","inLanguage":"tr","@id":"http:\/\/atif.unaldi.org\/blog\/2010\/08\/03\/ebiko-6-uluslararasi-bilisim-olimpiyatlari-sampiyonlari-bahcesehir-universitesi-meslek-yuksekokulunu-tercih-etti\/#primaryimage","url":"http:\/\/atifunaldi.files.wordpress.com\/2010\/08\/mg_8231-scaled-10001.jpg?w=300","contentUrl":"http:\/\/atifunaldi.files.wordpress.com\/2010\/08\/mg_8231-scaled-10001.jpg?w=300"},{"@type":"BreadcrumbList","@id":"http:\/\/atif.unaldi.org\/blog\/2010\/08\/03\/ebiko-6-uluslararasi-bilisim-olimpiyatlari-sampiyonlari-bahcesehir-universitesi-meslek-yuksekokulunu-tercih-etti\/#breadcrumb","itemListElement":[{"@type":"ListItem","position":1,"name":"Anasayfa","item":"http:\/\/atif.unaldi.org\/blog\/"},{"@type":"ListItem","position":2,"name":"EB\u0130KO 6. Uluslararas\u0131 Bili\u015fim Olimpiyatlar\u0131 \u015eampiyonlar\u0131 Bah\u00e7e\u015fehir \u00dcniversitesi Meslek Y\u00fcksekokulu&#8217;nu Tercih Etti!"}]},{"@type":"WebSite","@id":"http:\/\/atif.unaldi.org\/blog\/#website","url":"http:\/\/atif.unaldi.org\/blog\/","name":"At\u0131f \u00dcnald\u0131","description":"Yazar","publisher":{"@id":"http:\/\/atif.unaldi.org\/blog\/#\/schema\/person\/608ed42ecbda2bc5cfdb767ac1db479b"},"alternateName":"At\u0131f \u00dcnald\u0131 Blog","potentialAction":[{"@type":"SearchAction","target":{"@type":"EntryPoint","urlTemplate":"http:\/\/atif.unaldi.org\/blog\/?s={search_term_string}"},"query-input":{"@type":"PropertyValueSpecification","valueRequired":true,"valueName":"search_term_string"}}],"inLanguage":"tr"},{"@type":["Person","Organization"],"@id":"http:\/\/atif.unaldi.org\/blog\/#\/schema\/person\/608ed42ecbda2bc5cfdb767ac1db479b","name":"Atif Unaldi","image":{"@type":"ImageObject","inLanguage":"tr","@id":"http:\/\/atif.unaldi.org\/blog\/#\/schema\/person\/image\/","url":"http:\/\/atif.unaldi.org\/blog\/wp-content\/uploads\/2022\/10\/cropped-a94e8f7a-67c4-4d65-8a5f-032ba784be53-2.jpg","contentUrl":"http:\/\/atif.unaldi.org\/blog\/wp-content\/uploads\/2022\/10\/cropped-a94e8f7a-67c4-4d65-8a5f-032ba784be53-2.jpg","width":512,"height":512,"caption":"Atif Unaldi"},"logo":{"@id":"http:\/\/atif.unaldi.org\/blog\/#\/schema\/person\/image\/"},"description":"Bo\u011fazi\u00e7i \u00dcniversitesinde Fizik B\u00f6l\u00fcm\u00fc\u2019nde e\u011fitim ald\u0131\u011f\u0131 y\u0131llarda T\u00fcrkiye\u2019de ilk kez iki bilgisayar\u0131 telefon hatlar\u0131 \u00fczerinden konu\u015fturan BBS sistemini kurarak, T\u00fcrkiye\u2019deki ilk internet a\u011f\u0131n\u0131 olu\u015fturmu\u015ftur. Bir \u00e7ok radyo ve televizyonda program yap\u0131mc\u0131l\u0131\u011f\u0131 ve sunuculu\u011funu, bir \u00e7ok teknoloji dergisinde k\u00f6\u015fe yazarl\u0131\u011f\u0131, bili\u015fim edit\u00f6rl\u00fc\u011f\u00fc ve genel yay\u0131n y\u00f6netmenli\u011fi yapt\u0131. T\u00fcrkiye\u2019deki ilk internet servis sa\u011flay\u0131c\u0131s\u0131n\u0131n genel m\u00fcd\u00fcrl\u00fc\u011f\u00fcn\u00fc \u00fcstlendi. Bir \u00e7ok organizasyon ve kurulu\u015fta internet s\u00fcperviz\u00f6rl\u00fc\u011f\u00fc , webmaster\u2019l\u0131\u011f\u0131 , IT direkt\u00f6rl\u00fc\u011f\u00fc ve dijital projeler koordinat\u00f6rl\u00fc\u011f\u00fc g\u00f6revlerinde bulundu. Farkl\u0131 \u00fcniversitelerin farkl\u0131 fak\u00fcltelerinde \u00f6\u011fretim g\u00f6revlisi olarak bulunmu\u015f olan \u00dcnald\u0131; \u015fu an teknoloji ve pazarlama konular\u0131 ba\u015fta olmak \u00fczere bir\u00e7ok alanda hizmet veren Unaldi Consultancy\u2019nin kurucusudur. \u2028Selin \u00dcnald\u0131 ile evlidir. Su ve Toprak isminde iki \u00e7ocu\u011fu vard\u0131r.","sameAs":["http:\/\/atif.unaldi.org\/blog","https:\/\/www.facebook.com\/atifunaldi","https:\/\/www.instagram.com\/atifunaldi\/","https:\/\/www.linkedin.com\/in\/atifunaldi","https:\/\/x.com\/https:\/\/twitter.com\/atifunaldi","https:\/\/www.youtube.com\/c\/atifunaldi","https:\/\/soundcloud.com\/atif-unaldi","https:\/\/atifunaldi.tumblr.com"],"url":"http:\/\/atif.unaldi.org\/blog\/author\/atifunaldi\/"}]}},"jetpack_featured_media_url":"","_links":{"self":[{"href":"http:\/\/atif.unaldi.org\/blog\/wp-json\/wp\/v2\/posts\/1752","targetHints":{"allow":["GET"]}}],"collection":[{"href":"http:\/\/atif.unaldi.org\/blog\/wp-json\/wp\/v2\/posts"}],"about":[{"href":"http:\/\/atif.unaldi.org\/blog\/wp-json\/wp\/v2\/types\/post"}],"author":[{"embeddable":true,"href":"http:\/\/atif.unaldi.org\/blog\/wp-json\/wp\/v2\/users\/2"}],"replies":[{"embeddable":true,"href":"http:\/\/atif.unaldi.org\/blog\/wp-json\/wp\/v2\/comments?post=1752"}],"version-history":[{"count":0,"href":"http:\/\/atif.unaldi.org\/blog\/wp-json\/wp\/v2\/posts\/1752\/revisions"}],"wp:attachment":[{"href":"http:\/\/atif.unaldi.org\/blog\/wp-json\/wp\/v2\/media?parent=1752"}],"wp:term":[{"taxonomy":"category","embeddable":true,"href":"http:\/\/atif.unaldi.org\/blog\/wp-json\/wp\/v2\/categories?post=1752"},{"taxonomy":"post_tag","embeddable":true,"href":"http:\/\/atif.unaldi.org\/blog\/wp-json\/wp\/v2\/tags?post=1752"}],"curies":[{"name":"wp","href":"https:\/\/api.w.org\/{rel}","templated":true}]}}