{"id":1753,"date":"2010-08-03T17:14:05","date_gmt":"2010-08-03T17:14:05","guid":{"rendered":"http:\/\/haberler.atifunaldi.info\/2010\/08\/03\/vodafonedan-sony-ericsson-w715ini-al-sevdigin-sarkilari-ucretsiz-hem-cebine-hem-de-bilgisayarina-indir"},"modified":"2010-08-03T17:14:05","modified_gmt":"2010-08-03T17:14:05","slug":"vodafonedan-sony-ericsson-w715ini-al-sevdigin-sarkilari-ucretsiz-hem-cebine-hem-de-bilgisayarina-indir","status":"publish","type":"post","link":"http:\/\/atif.unaldi.org\/blog\/2010\/08\/03\/vodafonedan-sony-ericsson-w715ini-al-sevdigin-sarkilari-ucretsiz-hem-cebine-hem-de-bilgisayarina-indir\/","title":{"rendered":"Vodafone&#8217;dan Sony Ericsson W715&#8217;ini al, sevdi\u011fin \u015fark\u0131lar\u0131 \u00fccretsiz hem cebine hem de bilgisayar\u0131na indir!"},"content":{"rendered":"<p>3G uyumlu Sony Ericsson W715 walkman telefonunu Vodafone Cep<br \/>Merkezleri&#039;nden alan herkes, 6 ay boyunca Sony m\u00fczik katalo\u011fundan<br \/>s\u0131n\u0131rs\u0131z \u015fark\u0131 indirme f\u0131rsat\u0131n\u0131 yakal\u0131yor. \u0130ndirilen \u015fark\u0131lar\u0131 cep<br \/>telefonunda saklamak i\u00e7in 4GB&#039;lik haf\u0131za kart\u0131 ve m\u00fczik dinleme<br \/> zevkini maksimumda ya\u015famak i\u00e7in hoparl\u00f6r hediyeleri, Vodafone&#039;un<br \/>avantajl\u0131 kampanyas\u0131 ile birlikte!<br \/>D\u00fcnya mobil ileti\u015fim lideri Vodafone&#039;un yeni kampanyas\u0131yla, Vodafone<br \/>Cep Merkezleri&#039;nden Sony Ericsson W715 walkman telefon alanlar, kutu<br \/> i\u00e7erisinden \u00e7\u0131kan \u015fifreyi 1001&#039;e SMS olarak g\u00f6nderdikten sonra 6 ay<br \/>boyunca Vodafone live!&#039; daki 250.000&#039;den fazla \u015fark\u0131l\u0131k Sony m\u00fczik<br \/>katalo\u011fundan s\u0131n\u0131rs\u0131z m\u00fczik indirme f\u0131rsat\u0131 elde ediyor. Aboneler,<br \/> \u015fark\u0131lar\u0131 isterlerse Vodafone live!dan cep telefonlar\u0131na, isterlerse<br \/><a href=\"http:\/\/www.neistersenistebenden.com\">www.neistersenistebenden.com<\/a> adresinden bilgisayarlar\u0131na<br \/>indirebiliyorlar. B\u00f6ylece isteyen herkes Michael Jackson, Shakira,<br \/> Justin Timberlake gibi en sevdikleri sanat\u00e7\u0131lar\u0131n \u00a0\u015fark\u0131lar\u0131n\u0131 bedava<br \/>indirme \u015fans\u0131na sahip oluyor. Kampanya kapsam\u0131nda Sony Ericsson W715<br \/>walkman telefon alanlara, ayr\u0131ca indirdikleri \u015fark\u0131lar\u0131 cep<br \/>telefonunda saklayabilmeleri i\u00e7in 4GB haf\u0131za kart\u0131 ve m\u00fczik dinleme<br \/> zevkini maksimumda ya\u015famalar\u0131 i\u00e7in hoparl\u00f6r hediye ediliyor.<br \/>Kampanyan\u0131n i\u00e7eri\u011fi bununla da s\u0131n\u0131rl\u0131 kalm\u0131yor. Vodafone, haz\u0131rlam\u0131\u015f<br \/>oldu\u011fu bu kampanya ile 3 ay boyunca internet kullan\u0131m\u0131, SMS ve konu\u015fma<br \/>s\u00fcresi de sunarak, m\u00fczikseverlerin y\u00fcz\u00fcn\u00fc g\u00fcld\u00fcrmeye devam ediyor.<br \/> Aboneler Vodafone&#039;un kampanyaya \u00f6zel paketi dahilinde, telefon<br \/>kutusundan \u00e7\u0131kan \u015fifreyi 1001&#039;e SMS olarak g\u00f6ndererek, s\u0131n\u0131rs\u0131z m\u00fczik<br \/>indirme f\u0131rsat\u0131n\u0131n yan\u0131s\u0131ra, 3 ay boyunca Vodafone i\u00e7i 1000 SMS<br \/>g\u00f6nderme hakk\u0131na da sahip oluyor. Hatt\u0131na her ay 20 TL y\u00fckleme<br \/> ko\u015fuluyla aboneler, ayda 200 TL&#039;den 3 ay boyunca Vodafonelularla<br \/>toplamda 600 TL konu\u015fma hakk\u0131 kazan\u0131yor. Buna ek olarak kampanya<br \/>dahilinde abonelerin internette dola\u015fabilmeleri i\u00e7in \u00f6n ko\u015fulsuz<br \/>olarak yine 3 ay boyunca ge\u00e7erli olacak 1GB internet f\u0131rsat\u0131<br \/> veriliyor.<br \/>Kampanya dahilinde 3G destekli Sony Ericsson W715 i\u00e7in metalik gri ya<br \/>da siyah renk se\u00e7enekleri sunuluyor. Cihaz\u0131n di\u011fer \u00f6zellikleri<br \/>aras\u0131nda ise tek tu\u015fla Vodafone live!&#039;a ula\u015fabilme \u00f6zelli\u011fi, Wi-Fi<br \/> deste\u011fi, 3.2 MP kamera, g\u00f6r\u00fcnt\u00fcl\u00fc konu\u015fma deste\u011fi, 4GB haf\u0131za kart\u0131 ve<br \/>GPS yer al\u0131yor. Sony Ericsson W715, World Card&#039;a 6 taksit imkan\u0131yla<br \/>349 TL&#039;ye sat\u0131\u015fa sunulacak. Vodafone&#039;un Sony Ericsson W715 kampanyas\u0131<br \/> bu yaz m\u00fczikseverleri m\u00fczi\u011fe ve e\u011flenceye doyuruyor. <\/p>\n<p><div class='p_embed p_image_embed'>\n<a href=\"http:\/\/atifunaldi.files.wordpress.com\/2010\/08\/grsel-scaled-1000.jpg\"><img loading=\"lazy\" decoding=\"async\" alt=\"Grsel\" height=\"333\" src=\"http:\/\/atifunaldi.files.wordpress.com\/2010\/08\/grsel-scaled-1000.jpg?w=300\" width=\"500\" \/><\/a><br \/>\n<a href=\"http:\/\/atifunaldi.files.wordpress.com\/2010\/08\/sony_w715-scaled-1000.jpg\"><img loading=\"lazy\" decoding=\"async\" alt=\"Sony_w715\" height=\"550\" src=\"http:\/\/atifunaldi.files.wordpress.com\/2010\/08\/sony_w715-scaled-1000.jpg?w=273\" width=\"500\" \/><\/a><\/p>\n<div class='p_see_full_gallery'><a href=\"http:\/\/atifunaldi.posterous.com\/vodafonedan-sony-ericsson-w715ini-al-sevdigin-0\">See the full gallery on Posterous<\/a><\/div>\n<\/div>\n","protected":false},"excerpt":{"rendered":"<p>3G uyumlu Sony Ericsson W715 walkman telefonunu Vodafone CepMerkezleri&#039;nden alan herkes, 6 ay boyunca Sony m\u00fczik katalo\u011fundans\u0131n\u0131rs\u0131z \u015fark\u0131 indirme f\u0131rsat\u0131n\u0131 yakal\u0131yor. \u0130ndirilen \u015fark\u0131lar\u0131 ceptelefonunda saklamak i\u00e7in 4GB&#039;lik haf\u0131za kart\u0131 ve m\u00fczik dinleme zevkini maksimumda ya\u015famak&#8230;<\/p>\n","protected":false},"author":2,"featured_media":0,"comment_status":"open","ping_status":"open","sticky":false,"template":"","format":"standard","meta":{"footnotes":""},"categories":[3],"tags":[],"class_list":["post-1753","post","type-post","status-publish","format-standard","hentry","category-blogum"],"yoast_head":"<!-- This site is optimized with the Yoast SEO plugin v26.8 - https:\/\/yoast.com\/product\/yoast-seo-wordpress\/ -->\n<title>Vodafone&#039;dan Sony Ericsson W715&#039;ini al, sevdi\u011fin \u015fark\u0131lar\u0131 \u00fccretsiz hem cebine hem de bilgisayar\u0131na indir! - At\u0131f \u00dcnald\u0131<\/title>\n<meta name=\"robots\" content=\"index, follow, max-snippet:-1, max-image-preview:large, max-video-preview:-1\" \/>\n<link rel=\"canonical\" href=\"http:\/\/atif.unaldi.org\/blog\/2010\/08\/03\/vodafonedan-sony-ericsson-w715ini-al-sevdigin-sarkilari-ucretsiz-hem-cebine-hem-de-bilgisayarina-indir\/\" \/>\n<meta property=\"og:locale\" content=\"tr_TR\" \/>\n<meta property=\"og:type\" content=\"article\" \/>\n<meta property=\"og:title\" content=\"Vodafone&#039;dan Sony Ericsson W715&#039;ini al, sevdi\u011fin \u015fark\u0131lar\u0131 \u00fccretsiz hem cebine hem de bilgisayar\u0131na indir! - At\u0131f \u00dcnald\u0131\" \/>\n<meta property=\"og:description\" content=\"3G uyumlu Sony Ericsson W715 walkman telefonunu Vodafone CepMerkezleri&#039;nden alan herkes, 6 ay boyunca Sony m\u00fczik katalo\u011fundans\u0131n\u0131rs\u0131z \u015fark\u0131 indirme f\u0131rsat\u0131n\u0131 yakal\u0131yor. \u0130ndirilen \u015fark\u0131lar\u0131 ceptelefonunda saklamak i\u00e7in 4GB&#039;lik haf\u0131za kart\u0131 ve m\u00fczik dinleme zevkini maksimumda ya\u015famak...\" \/>\n<meta property=\"og:url\" content=\"http:\/\/atif.unaldi.org\/blog\/2010\/08\/03\/vodafonedan-sony-ericsson-w715ini-al-sevdigin-sarkilari-ucretsiz-hem-cebine-hem-de-bilgisayarina-indir\/\" \/>\n<meta property=\"og:site_name\" content=\"At\u0131f \u00dcnald\u0131\" \/>\n<meta property=\"article:publisher\" content=\"https:\/\/www.facebook.com\/atifunaldi\" \/>\n<meta property=\"article:author\" content=\"https:\/\/www.facebook.com\/atifunaldi\" \/>\n<meta property=\"article:published_time\" content=\"2010-08-03T17:14:05+00:00\" \/>\n<meta property=\"og:image\" content=\"http:\/\/atifunaldi.files.wordpress.com\/2010\/08\/grsel-scaled-1000.jpg?w=300\" \/>\n<meta name=\"author\" content=\"Atif Unaldi\" \/>\n<meta name=\"twitter:card\" content=\"summary_large_image\" \/>\n<meta name=\"twitter:creator\" content=\"@https:\/\/twitter.com\/atifunaldi\" \/>\n<meta name=\"twitter:site\" content=\"@atifunaldi\" \/>\n<meta name=\"twitter:label1\" content=\"Yazan:\" \/>\n\t<meta name=\"twitter:data1\" content=\"Atif Unaldi\" \/>\n\t<meta name=\"twitter:label2\" content=\"Tahmini okuma s\u00fcresi\" \/>\n\t<meta name=\"twitter:data2\" content=\"2 dakika\" \/>\n<script type=\"application\/ld+json\" class=\"yoast-schema-graph\">{\"@context\":\"https:\/\/schema.org\",\"@graph\":[{\"@type\":\"Article\",\"@id\":\"http:\/\/atif.unaldi.org\/blog\/2010\/08\/03\/vodafonedan-sony-ericsson-w715ini-al-sevdigin-sarkilari-ucretsiz-hem-cebine-hem-de-bilgisayarina-indir\/#article\",\"isPartOf\":{\"@id\":\"http:\/\/atif.unaldi.org\/blog\/2010\/08\/03\/vodafonedan-sony-ericsson-w715ini-al-sevdigin-sarkilari-ucretsiz-hem-cebine-hem-de-bilgisayarina-indir\/\"},\"author\":{\"name\":\"Atif Unaldi\",\"@id\":\"http:\/\/atif.unaldi.org\/blog\/#\/schema\/person\/608ed42ecbda2bc5cfdb767ac1db479b\"},\"headline\":\"Vodafone&#8217;dan Sony Ericsson W715&#8217;ini al, sevdi\u011fin \u015fark\u0131lar\u0131 \u00fccretsiz hem cebine hem de bilgisayar\u0131na indir!\",\"datePublished\":\"2010-08-03T17:14:05+00:00\",\"mainEntityOfPage\":{\"@id\":\"http:\/\/atif.unaldi.org\/blog\/2010\/08\/03\/vodafonedan-sony-ericsson-w715ini-al-sevdigin-sarkilari-ucretsiz-hem-cebine-hem-de-bilgisayarina-indir\/\"},\"wordCount\":428,\"commentCount\":0,\"publisher\":{\"@id\":\"http:\/\/atif.unaldi.org\/blog\/#\/schema\/person\/608ed42ecbda2bc5cfdb767ac1db479b\"},\"image\":{\"@id\":\"http:\/\/atif.unaldi.org\/blog\/2010\/08\/03\/vodafonedan-sony-ericsson-w715ini-al-sevdigin-sarkilari-ucretsiz-hem-cebine-hem-de-bilgisayarina-indir\/#primaryimage\"},\"thumbnailUrl\":\"http:\/\/atifunaldi.files.wordpress.com\/2010\/08\/grsel-scaled-1000.jpg?w=300\",\"articleSection\":[\"Blogum\"],\"inLanguage\":\"tr\",\"potentialAction\":[{\"@type\":\"CommentAction\",\"name\":\"Comment\",\"target\":[\"http:\/\/atif.unaldi.org\/blog\/2010\/08\/03\/vodafonedan-sony-ericsson-w715ini-al-sevdigin-sarkilari-ucretsiz-hem-cebine-hem-de-bilgisayarina-indir\/#respond\"]}]},{\"@type\":\"WebPage\",\"@id\":\"http:\/\/atif.unaldi.org\/blog\/2010\/08\/03\/vodafonedan-sony-ericsson-w715ini-al-sevdigin-sarkilari-ucretsiz-hem-cebine-hem-de-bilgisayarina-indir\/\",\"url\":\"http:\/\/atif.unaldi.org\/blog\/2010\/08\/03\/vodafonedan-sony-ericsson-w715ini-al-sevdigin-sarkilari-ucretsiz-hem-cebine-hem-de-bilgisayarina-indir\/\",\"name\":\"Vodafone'dan Sony Ericsson W715'ini al, sevdi\u011fin \u015fark\u0131lar\u0131 \u00fccretsiz hem cebine hem de bilgisayar\u0131na indir! - At\u0131f \u00dcnald\u0131\",\"isPartOf\":{\"@id\":\"http:\/\/atif.unaldi.org\/blog\/#website\"},\"primaryImageOfPage\":{\"@id\":\"http:\/\/atif.unaldi.org\/blog\/2010\/08\/03\/vodafonedan-sony-ericsson-w715ini-al-sevdigin-sarkilari-ucretsiz-hem-cebine-hem-de-bilgisayarina-indir\/#primaryimage\"},\"image\":{\"@id\":\"http:\/\/atif.unaldi.org\/blog\/2010\/08\/03\/vodafonedan-sony-ericsson-w715ini-al-sevdigin-sarkilari-ucretsiz-hem-cebine-hem-de-bilgisayarina-indir\/#primaryimage\"},\"thumbnailUrl\":\"http:\/\/atifunaldi.files.wordpress.com\/2010\/08\/grsel-scaled-1000.jpg?w=300\",\"datePublished\":\"2010-08-03T17:14:05+00:00\",\"breadcrumb\":{\"@id\":\"http:\/\/atif.unaldi.org\/blog\/2010\/08\/03\/vodafonedan-sony-ericsson-w715ini-al-sevdigin-sarkilari-ucretsiz-hem-cebine-hem-de-bilgisayarina-indir\/#breadcrumb\"},\"inLanguage\":\"tr\",\"potentialAction\":[{\"@type\":\"ReadAction\",\"target\":[\"http:\/\/atif.unaldi.org\/blog\/2010\/08\/03\/vodafonedan-sony-ericsson-w715ini-al-sevdigin-sarkilari-ucretsiz-hem-cebine-hem-de-bilgisayarina-indir\/\"]}]},{\"@type\":\"ImageObject\",\"inLanguage\":\"tr\",\"@id\":\"http:\/\/atif.unaldi.org\/blog\/2010\/08\/03\/vodafonedan-sony-ericsson-w715ini-al-sevdigin-sarkilari-ucretsiz-hem-cebine-hem-de-bilgisayarina-indir\/#primaryimage\",\"url\":\"http:\/\/atifunaldi.files.wordpress.com\/2010\/08\/grsel-scaled-1000.jpg?w=300\",\"contentUrl\":\"http:\/\/atifunaldi.files.wordpress.com\/2010\/08\/grsel-scaled-1000.jpg?w=300\"},{\"@type\":\"BreadcrumbList\",\"@id\":\"http:\/\/atif.unaldi.org\/blog\/2010\/08\/03\/vodafonedan-sony-ericsson-w715ini-al-sevdigin-sarkilari-ucretsiz-hem-cebine-hem-de-bilgisayarina-indir\/#breadcrumb\",\"itemListElement\":[{\"@type\":\"ListItem\",\"position\":1,\"name\":\"Anasayfa\",\"item\":\"http:\/\/atif.unaldi.org\/blog\/\"},{\"@type\":\"ListItem\",\"position\":2,\"name\":\"Vodafone&#8217;dan Sony Ericsson W715&#8217;ini al, sevdi\u011fin \u015fark\u0131lar\u0131 \u00fccretsiz hem cebine hem de bilgisayar\u0131na indir!\"}]},{\"@type\":\"WebSite\",\"@id\":\"http:\/\/atif.unaldi.org\/blog\/#website\",\"url\":\"http:\/\/atif.unaldi.org\/blog\/\",\"name\":\"At\u0131f \u00dcnald\u0131\",\"description\":\"Yazar\",\"publisher\":{\"@id\":\"http:\/\/atif.unaldi.org\/blog\/#\/schema\/person\/608ed42ecbda2bc5cfdb767ac1db479b\"},\"alternateName\":\"At\u0131f \u00dcnald\u0131 Blog\",\"potentialAction\":[{\"@type\":\"SearchAction\",\"target\":{\"@type\":\"EntryPoint\",\"urlTemplate\":\"http:\/\/atif.unaldi.org\/blog\/?s={search_term_string}\"},\"query-input\":{\"@type\":\"PropertyValueSpecification\",\"valueRequired\":true,\"valueName\":\"search_term_string\"}}],\"inLanguage\":\"tr\"},{\"@type\":[\"Person\",\"Organization\"],\"@id\":\"http:\/\/atif.unaldi.org\/blog\/#\/schema\/person\/608ed42ecbda2bc5cfdb767ac1db479b\",\"name\":\"Atif Unaldi\",\"image\":{\"@type\":\"ImageObject\",\"inLanguage\":\"tr\",\"@id\":\"http:\/\/atif.unaldi.org\/blog\/#\/schema\/person\/image\/\",\"url\":\"http:\/\/atif.unaldi.org\/blog\/wp-content\/uploads\/2022\/10\/cropped-a94e8f7a-67c4-4d65-8a5f-032ba784be53-2.jpg\",\"contentUrl\":\"http:\/\/atif.unaldi.org\/blog\/wp-content\/uploads\/2022\/10\/cropped-a94e8f7a-67c4-4d65-8a5f-032ba784be53-2.jpg\",\"width\":512,\"height\":512,\"caption\":\"Atif Unaldi\"},\"logo\":{\"@id\":\"http:\/\/atif.unaldi.org\/blog\/#\/schema\/person\/image\/\"},\"description\":\"Bo\u011fazi\u00e7i \u00dcniversitesinde Fizik B\u00f6l\u00fcm\u00fc\u2019nde e\u011fitim ald\u0131\u011f\u0131 y\u0131llarda T\u00fcrkiye\u2019de ilk kez iki bilgisayar\u0131 telefon hatlar\u0131 \u00fczerinden konu\u015fturan BBS sistemini kurarak, T\u00fcrkiye\u2019deki ilk internet a\u011f\u0131n\u0131 olu\u015fturmu\u015ftur. Bir \u00e7ok radyo ve televizyonda program yap\u0131mc\u0131l\u0131\u011f\u0131 ve sunuculu\u011funu, bir \u00e7ok teknoloji dergisinde k\u00f6\u015fe yazarl\u0131\u011f\u0131, bili\u015fim edit\u00f6rl\u00fc\u011f\u00fc ve genel yay\u0131n y\u00f6netmenli\u011fi yapt\u0131. T\u00fcrkiye\u2019deki ilk internet servis sa\u011flay\u0131c\u0131s\u0131n\u0131n genel m\u00fcd\u00fcrl\u00fc\u011f\u00fcn\u00fc \u00fcstlendi. Bir \u00e7ok organizasyon ve kurulu\u015fta internet s\u00fcperviz\u00f6rl\u00fc\u011f\u00fc , webmaster\u2019l\u0131\u011f\u0131 , IT direkt\u00f6rl\u00fc\u011f\u00fc ve dijital projeler koordinat\u00f6rl\u00fc\u011f\u00fc g\u00f6revlerinde bulundu. Farkl\u0131 \u00fcniversitelerin farkl\u0131 fak\u00fcltelerinde \u00f6\u011fretim g\u00f6revlisi olarak bulunmu\u015f olan \u00dcnald\u0131; \u015fu an teknoloji ve pazarlama konular\u0131 ba\u015fta olmak \u00fczere bir\u00e7ok alanda hizmet veren Unaldi Consultancy\u2019nin kurucusudur. \\u2028Selin \u00dcnald\u0131 ile evlidir. Su ve Toprak isminde iki \u00e7ocu\u011fu vard\u0131r.\",\"sameAs\":[\"http:\/\/atif.unaldi.org\/blog\",\"https:\/\/www.facebook.com\/atifunaldi\",\"https:\/\/www.instagram.com\/atifunaldi\/\",\"https:\/\/www.linkedin.com\/in\/atifunaldi\",\"https:\/\/x.com\/https:\/\/twitter.com\/atifunaldi\",\"https:\/\/www.youtube.com\/c\/atifunaldi\",\"https:\/\/soundcloud.com\/atif-unaldi\",\"https:\/\/atifunaldi.tumblr.com\"],\"url\":\"http:\/\/atif.unaldi.org\/blog\/author\/atifunaldi\/\"}]}<\/script>\n<!-- \/ Yoast SEO plugin. -->","yoast_head_json":{"title":"Vodafone'dan Sony Ericsson W715'ini al, sevdi\u011fin \u015fark\u0131lar\u0131 \u00fccretsiz hem cebine hem de bilgisayar\u0131na indir! - At\u0131f \u00dcnald\u0131","robots":{"index":"index","follow":"follow","max-snippet":"max-snippet:-1","max-image-preview":"max-image-preview:large","max-video-preview":"max-video-preview:-1"},"canonical":"http:\/\/atif.unaldi.org\/blog\/2010\/08\/03\/vodafonedan-sony-ericsson-w715ini-al-sevdigin-sarkilari-ucretsiz-hem-cebine-hem-de-bilgisayarina-indir\/","og_locale":"tr_TR","og_type":"article","og_title":"Vodafone'dan Sony Ericsson W715'ini al, sevdi\u011fin \u015fark\u0131lar\u0131 \u00fccretsiz hem cebine hem de bilgisayar\u0131na indir! - At\u0131f \u00dcnald\u0131","og_description":"3G uyumlu Sony Ericsson W715 walkman telefonunu Vodafone CepMerkezleri&#039;nden alan herkes, 6 ay boyunca Sony m\u00fczik katalo\u011fundans\u0131n\u0131rs\u0131z \u015fark\u0131 indirme f\u0131rsat\u0131n\u0131 yakal\u0131yor. \u0130ndirilen \u015fark\u0131lar\u0131 ceptelefonunda saklamak i\u00e7in 4GB&#039;lik haf\u0131za kart\u0131 ve m\u00fczik dinleme zevkini maksimumda ya\u015famak...","og_url":"http:\/\/atif.unaldi.org\/blog\/2010\/08\/03\/vodafonedan-sony-ericsson-w715ini-al-sevdigin-sarkilari-ucretsiz-hem-cebine-hem-de-bilgisayarina-indir\/","og_site_name":"At\u0131f \u00dcnald\u0131","article_publisher":"https:\/\/www.facebook.com\/atifunaldi","article_author":"https:\/\/www.facebook.com\/atifunaldi","article_published_time":"2010-08-03T17:14:05+00:00","og_image":[{"url":"http:\/\/atifunaldi.files.wordpress.com\/2010\/08\/grsel-scaled-1000.jpg?w=300","type":"","width":"","height":""}],"author":"Atif Unaldi","twitter_card":"summary_large_image","twitter_creator":"@https:\/\/twitter.com\/atifunaldi","twitter_site":"@atifunaldi","twitter_misc":{"Yazan:":"Atif Unaldi","Tahmini okuma s\u00fcresi":"2 dakika"},"schema":{"@context":"https:\/\/schema.org","@graph":[{"@type":"Article","@id":"http:\/\/atif.unaldi.org\/blog\/2010\/08\/03\/vodafonedan-sony-ericsson-w715ini-al-sevdigin-sarkilari-ucretsiz-hem-cebine-hem-de-bilgisayarina-indir\/#article","isPartOf":{"@id":"http:\/\/atif.unaldi.org\/blog\/2010\/08\/03\/vodafonedan-sony-ericsson-w715ini-al-sevdigin-sarkilari-ucretsiz-hem-cebine-hem-de-bilgisayarina-indir\/"},"author":{"name":"Atif Unaldi","@id":"http:\/\/atif.unaldi.org\/blog\/#\/schema\/person\/608ed42ecbda2bc5cfdb767ac1db479b"},"headline":"Vodafone&#8217;dan Sony Ericsson W715&#8217;ini al, sevdi\u011fin \u015fark\u0131lar\u0131 \u00fccretsiz hem cebine hem de bilgisayar\u0131na indir!","datePublished":"2010-08-03T17:14:05+00:00","mainEntityOfPage":{"@id":"http:\/\/atif.unaldi.org\/blog\/2010\/08\/03\/vodafonedan-sony-ericsson-w715ini-al-sevdigin-sarkilari-ucretsiz-hem-cebine-hem-de-bilgisayarina-indir\/"},"wordCount":428,"commentCount":0,"publisher":{"@id":"http:\/\/atif.unaldi.org\/blog\/#\/schema\/person\/608ed42ecbda2bc5cfdb767ac1db479b"},"image":{"@id":"http:\/\/atif.unaldi.org\/blog\/2010\/08\/03\/vodafonedan-sony-ericsson-w715ini-al-sevdigin-sarkilari-ucretsiz-hem-cebine-hem-de-bilgisayarina-indir\/#primaryimage"},"thumbnailUrl":"http:\/\/atifunaldi.files.wordpress.com\/2010\/08\/grsel-scaled-1000.jpg?w=300","articleSection":["Blogum"],"inLanguage":"tr","potentialAction":[{"@type":"CommentAction","name":"Comment","target":["http:\/\/atif.unaldi.org\/blog\/2010\/08\/03\/vodafonedan-sony-ericsson-w715ini-al-sevdigin-sarkilari-ucretsiz-hem-cebine-hem-de-bilgisayarina-indir\/#respond"]}]},{"@type":"WebPage","@id":"http:\/\/atif.unaldi.org\/blog\/2010\/08\/03\/vodafonedan-sony-ericsson-w715ini-al-sevdigin-sarkilari-ucretsiz-hem-cebine-hem-de-bilgisayarina-indir\/","url":"http:\/\/atif.unaldi.org\/blog\/2010\/08\/03\/vodafonedan-sony-ericsson-w715ini-al-sevdigin-sarkilari-ucretsiz-hem-cebine-hem-de-bilgisayarina-indir\/","name":"Vodafone'dan Sony Ericsson W715'ini al, sevdi\u011fin \u015fark\u0131lar\u0131 \u00fccretsiz hem cebine hem de bilgisayar\u0131na indir! - At\u0131f \u00dcnald\u0131","isPartOf":{"@id":"http:\/\/atif.unaldi.org\/blog\/#website"},"primaryImageOfPage":{"@id":"http:\/\/atif.unaldi.org\/blog\/2010\/08\/03\/vodafonedan-sony-ericsson-w715ini-al-sevdigin-sarkilari-ucretsiz-hem-cebine-hem-de-bilgisayarina-indir\/#primaryimage"},"image":{"@id":"http:\/\/atif.unaldi.org\/blog\/2010\/08\/03\/vodafonedan-sony-ericsson-w715ini-al-sevdigin-sarkilari-ucretsiz-hem-cebine-hem-de-bilgisayarina-indir\/#primaryimage"},"thumbnailUrl":"http:\/\/atifunaldi.files.wordpress.com\/2010\/08\/grsel-scaled-1000.jpg?w=300","datePublished":"2010-08-03T17:14:05+00:00","breadcrumb":{"@id":"http:\/\/atif.unaldi.org\/blog\/2010\/08\/03\/vodafonedan-sony-ericsson-w715ini-al-sevdigin-sarkilari-ucretsiz-hem-cebine-hem-de-bilgisayarina-indir\/#breadcrumb"},"inLanguage":"tr","potentialAction":[{"@type":"ReadAction","target":["http:\/\/atif.unaldi.org\/blog\/2010\/08\/03\/vodafonedan-sony-ericsson-w715ini-al-sevdigin-sarkilari-ucretsiz-hem-cebine-hem-de-bilgisayarina-indir\/"]}]},{"@type":"ImageObject","inLanguage":"tr","@id":"http:\/\/atif.unaldi.org\/blog\/2010\/08\/03\/vodafonedan-sony-ericsson-w715ini-al-sevdigin-sarkilari-ucretsiz-hem-cebine-hem-de-bilgisayarina-indir\/#primaryimage","url":"http:\/\/atifunaldi.files.wordpress.com\/2010\/08\/grsel-scaled-1000.jpg?w=300","contentUrl":"http:\/\/atifunaldi.files.wordpress.com\/2010\/08\/grsel-scaled-1000.jpg?w=300"},{"@type":"BreadcrumbList","@id":"http:\/\/atif.unaldi.org\/blog\/2010\/08\/03\/vodafonedan-sony-ericsson-w715ini-al-sevdigin-sarkilari-ucretsiz-hem-cebine-hem-de-bilgisayarina-indir\/#breadcrumb","itemListElement":[{"@type":"ListItem","position":1,"name":"Anasayfa","item":"http:\/\/atif.unaldi.org\/blog\/"},{"@type":"ListItem","position":2,"name":"Vodafone&#8217;dan Sony Ericsson W715&#8217;ini al, sevdi\u011fin \u015fark\u0131lar\u0131 \u00fccretsiz hem cebine hem de bilgisayar\u0131na indir!"}]},{"@type":"WebSite","@id":"http:\/\/atif.unaldi.org\/blog\/#website","url":"http:\/\/atif.unaldi.org\/blog\/","name":"At\u0131f \u00dcnald\u0131","description":"Yazar","publisher":{"@id":"http:\/\/atif.unaldi.org\/blog\/#\/schema\/person\/608ed42ecbda2bc5cfdb767ac1db479b"},"alternateName":"At\u0131f \u00dcnald\u0131 Blog","potentialAction":[{"@type":"SearchAction","target":{"@type":"EntryPoint","urlTemplate":"http:\/\/atif.unaldi.org\/blog\/?s={search_term_string}"},"query-input":{"@type":"PropertyValueSpecification","valueRequired":true,"valueName":"search_term_string"}}],"inLanguage":"tr"},{"@type":["Person","Organization"],"@id":"http:\/\/atif.unaldi.org\/blog\/#\/schema\/person\/608ed42ecbda2bc5cfdb767ac1db479b","name":"Atif Unaldi","image":{"@type":"ImageObject","inLanguage":"tr","@id":"http:\/\/atif.unaldi.org\/blog\/#\/schema\/person\/image\/","url":"http:\/\/atif.unaldi.org\/blog\/wp-content\/uploads\/2022\/10\/cropped-a94e8f7a-67c4-4d65-8a5f-032ba784be53-2.jpg","contentUrl":"http:\/\/atif.unaldi.org\/blog\/wp-content\/uploads\/2022\/10\/cropped-a94e8f7a-67c4-4d65-8a5f-032ba784be53-2.jpg","width":512,"height":512,"caption":"Atif Unaldi"},"logo":{"@id":"http:\/\/atif.unaldi.org\/blog\/#\/schema\/person\/image\/"},"description":"Bo\u011fazi\u00e7i \u00dcniversitesinde Fizik B\u00f6l\u00fcm\u00fc\u2019nde e\u011fitim ald\u0131\u011f\u0131 y\u0131llarda T\u00fcrkiye\u2019de ilk kez iki bilgisayar\u0131 telefon hatlar\u0131 \u00fczerinden konu\u015fturan BBS sistemini kurarak, T\u00fcrkiye\u2019deki ilk internet a\u011f\u0131n\u0131 olu\u015fturmu\u015ftur. Bir \u00e7ok radyo ve televizyonda program yap\u0131mc\u0131l\u0131\u011f\u0131 ve sunuculu\u011funu, bir \u00e7ok teknoloji dergisinde k\u00f6\u015fe yazarl\u0131\u011f\u0131, bili\u015fim edit\u00f6rl\u00fc\u011f\u00fc ve genel yay\u0131n y\u00f6netmenli\u011fi yapt\u0131. T\u00fcrkiye\u2019deki ilk internet servis sa\u011flay\u0131c\u0131s\u0131n\u0131n genel m\u00fcd\u00fcrl\u00fc\u011f\u00fcn\u00fc \u00fcstlendi. Bir \u00e7ok organizasyon ve kurulu\u015fta internet s\u00fcperviz\u00f6rl\u00fc\u011f\u00fc , webmaster\u2019l\u0131\u011f\u0131 , IT direkt\u00f6rl\u00fc\u011f\u00fc ve dijital projeler koordinat\u00f6rl\u00fc\u011f\u00fc g\u00f6revlerinde bulundu. Farkl\u0131 \u00fcniversitelerin farkl\u0131 fak\u00fcltelerinde \u00f6\u011fretim g\u00f6revlisi olarak bulunmu\u015f olan \u00dcnald\u0131; \u015fu an teknoloji ve pazarlama konular\u0131 ba\u015fta olmak \u00fczere bir\u00e7ok alanda hizmet veren Unaldi Consultancy\u2019nin kurucusudur. \u2028Selin \u00dcnald\u0131 ile evlidir. Su ve Toprak isminde iki \u00e7ocu\u011fu vard\u0131r.","sameAs":["http:\/\/atif.unaldi.org\/blog","https:\/\/www.facebook.com\/atifunaldi","https:\/\/www.instagram.com\/atifunaldi\/","https:\/\/www.linkedin.com\/in\/atifunaldi","https:\/\/x.com\/https:\/\/twitter.com\/atifunaldi","https:\/\/www.youtube.com\/c\/atifunaldi","https:\/\/soundcloud.com\/atif-unaldi","https:\/\/atifunaldi.tumblr.com"],"url":"http:\/\/atif.unaldi.org\/blog\/author\/atifunaldi\/"}]}},"jetpack_featured_media_url":"","_links":{"self":[{"href":"http:\/\/atif.unaldi.org\/blog\/wp-json\/wp\/v2\/posts\/1753","targetHints":{"allow":["GET"]}}],"collection":[{"href":"http:\/\/atif.unaldi.org\/blog\/wp-json\/wp\/v2\/posts"}],"about":[{"href":"http:\/\/atif.unaldi.org\/blog\/wp-json\/wp\/v2\/types\/post"}],"author":[{"embeddable":true,"href":"http:\/\/atif.unaldi.org\/blog\/wp-json\/wp\/v2\/users\/2"}],"replies":[{"embeddable":true,"href":"http:\/\/atif.unaldi.org\/blog\/wp-json\/wp\/v2\/comments?post=1753"}],"version-history":[{"count":0,"href":"http:\/\/atif.unaldi.org\/blog\/wp-json\/wp\/v2\/posts\/1753\/revisions"}],"wp:attachment":[{"href":"http:\/\/atif.unaldi.org\/blog\/wp-json\/wp\/v2\/media?parent=1753"}],"wp:term":[{"taxonomy":"category","embeddable":true,"href":"http:\/\/atif.unaldi.org\/blog\/wp-json\/wp\/v2\/categories?post=1753"},{"taxonomy":"post_tag","embeddable":true,"href":"http:\/\/atif.unaldi.org\/blog\/wp-json\/wp\/v2\/tags?post=1753"}],"curies":[{"name":"wp","href":"https:\/\/api.w.org\/{rel}","templated":true}]}}