{"id":1792,"date":"2010-08-17T06:19:34","date_gmt":"2010-08-17T06:19:34","guid":{"rendered":"http:\/\/haberler.atifunaldi.info\/2010\/08\/17\/ibm-gunes-enerjisi-panelleri"},"modified":"2010-08-17T06:19:34","modified_gmt":"2010-08-17T06:19:34","slug":"ibm-gunes-enerjisi-panelleri","status":"publish","type":"post","link":"http:\/\/atif.unaldi.org\/blog\/2010\/08\/17\/ibm-gunes-enerjisi-panelleri\/","title":{"rendered":"IBM, g\u00fcne\u015f enerjisi panelleri"},"content":{"rendered":"<div class='p_embed p_image_embed'>\n<img loading=\"lazy\" decoding=\"async\" alt=\"Solar_cells_panels_array_monoc\" height=\"415\" src=\"http:\/\/atifunaldi.files.wordpress.com\/2010\/08\/solar_cells_panels_array_monoc1.jpg?w=300\" width=\"492\" \/>\n<\/div>\n<p>IBM bilimadamlar\u0131, pahal\u0131l\u0131\u011f\u0131 nedeniyle yava\u015f yayg\u0131nla\u015fan g\u00fcne\u015f <br \/>enerjisi teknolojisinde kullan\u0131lacak, en verimli ve ekonomik g\u00fcne\u015f <br \/>enerjisi h\u00fccresini \u00fcretmek \u00fczere \u00e7al\u0131\u015fmalar\u0131n\u0131 s\u00fcrd\u00fcr\u00fcyor. IBM&#8217;in <br \/>\u00fcretece\u011fi yeni h\u00fccrenin, g\u00fcne\u015f enerjisi teknolojisinin maliyetini <br \/>d\u00fc\u015f\u00fcrmesi ve g\u00fcne\u015f panellerinde yayg\u0131n olarak kullan\u0131lmas\u0131 bekleniyor. <br \/>D\u00fcnyada bol miktarda bulunan materyaller kullan\u0131larak \u00fcretilecek ve <br \/>daha \u00f6nce bu malzemelerle yap\u0131lan ayg\u0131tlardan %40 daha verimli olacak <br \/>yeni enerji h\u00fccresi, uygun maliyetli g\u00fcne\u015f enerjisi aray\u0131\u015f\u0131na \u00e7\u00f6z\u00fcm <br \/>sunacak. <\/p>\n<p \/>Bak\u0131r, kalay, \u00e7inko, s\u00fclf\u00fcr ve selyum kullan\u0131larak, eskiye g\u00f6re daha <br \/>basit y\u00f6ntemlerle \u00fcretilecek enerji h\u00fccresi, ticari g\u00fcne\u015f enerjisi <br \/>panelleri i\u00e7in gereksinim duyulan d\u00fczeye yak\u0131n bir verimlilik sunacak. <\/p>\n<p \/> IBM, g\u00fcne\u015f enerjisi \u00e7al\u0131\u015fmalar\u0131yla deniz suyunu ar\u0131tmay\u0131 planl\u0131yor. <\/p>\n<p \/> IBM ara\u015ft\u0131rmac\u0131lar\u0131, g\u00fcne\u015f enerjisindeki \u00e7al\u0131\u015fmalar\u0131na, Suudi <br \/>Arabistan Ulusal Ara\u015ft\u0131rma Kurulu\u015fu&#8217;ndaki ara\u015ft\u0131rmac\u0131larla birlikte <br \/>devam ediyor. Su filtreleme teknolojisinde devrim niteli\u011finde bir <br \/>proje geli\u015ftirmeyi hedefleyen IBM, g\u00fcne\u015f enerjisi teknolojisi <br \/>yard\u0131m\u0131yla deniz suyunun tuzundan ar\u0131nd\u0131lmas\u0131n\u0131 ama\u00e7l\u0131yor. <br \/>Mikroi\u015flemci teknolojisi ve malzeme \u00fcretiminde sahip oldu\u011fu <br \/>uzmanl\u0131ktan yararlanan IBM, g\u00fcne\u015f enerjisi teknolojisine y\u00f6nelik <br \/>ara\u015ft\u0131rmas\u0131n\u0131, yeni su filtreleme teknolojisiyle birle\u015ftirmeyi <br \/>planl\u0131yor. <\/p>\n<p \/> Daha detayl\u0131 bilgi i\u00e7in: <a href=\"http:\/\/www.ibm.com\/tr\/made_in_ibm_labs\">http:\/\/www.ibm.com\/tr\/made_in_ibm_labs<\/a><\/p>\n","protected":false},"excerpt":{"rendered":"<p>IBM bilimadamlar\u0131, pahal\u0131l\u0131\u011f\u0131 nedeniyle yava\u015f yayg\u0131nla\u015fan g\u00fcne\u015f enerjisi teknolojisinde kullan\u0131lacak, en verimli ve ekonomik g\u00fcne\u015f enerjisi h\u00fccresini \u00fcretmek \u00fczere \u00e7al\u0131\u015fmalar\u0131n\u0131 s\u00fcrd\u00fcr\u00fcyor. IBM&#8217;in \u00fcretece\u011fi yeni h\u00fccrenin, g\u00fcne\u015f enerjisi teknolojisinin maliyetini d\u00fc\u015f\u00fcrmesi ve g\u00fcne\u015f panellerinde yayg\u0131n olarak&#8230;<\/p>\n","protected":false},"author":2,"featured_media":0,"comment_status":"open","ping_status":"open","sticky":false,"template":"","format":"standard","meta":{"footnotes":""},"categories":[3],"tags":[],"class_list":["post-1792","post","type-post","status-publish","format-standard","hentry","category-blogum"],"yoast_head":"<!-- This site is optimized with the Yoast SEO plugin v26.8 - https:\/\/yoast.com\/product\/yoast-seo-wordpress\/ -->\n<title>IBM, g\u00fcne\u015f enerjisi panelleri - At\u0131f \u00dcnald\u0131<\/title>\n<meta name=\"robots\" content=\"index, follow, max-snippet:-1, max-image-preview:large, max-video-preview:-1\" \/>\n<link rel=\"canonical\" href=\"http:\/\/atif.unaldi.org\/blog\/2010\/08\/17\/ibm-gunes-enerjisi-panelleri\/\" \/>\n<meta property=\"og:locale\" content=\"tr_TR\" \/>\n<meta property=\"og:type\" content=\"article\" \/>\n<meta property=\"og:title\" content=\"IBM, g\u00fcne\u015f enerjisi panelleri - At\u0131f \u00dcnald\u0131\" \/>\n<meta property=\"og:description\" content=\"IBM bilimadamlar\u0131, pahal\u0131l\u0131\u011f\u0131 nedeniyle yava\u015f yayg\u0131nla\u015fan g\u00fcne\u015f enerjisi teknolojisinde kullan\u0131lacak, en verimli ve ekonomik g\u00fcne\u015f enerjisi h\u00fccresini \u00fcretmek \u00fczere \u00e7al\u0131\u015fmalar\u0131n\u0131 s\u00fcrd\u00fcr\u00fcyor. IBM&#8217;in \u00fcretece\u011fi yeni h\u00fccrenin, g\u00fcne\u015f enerjisi teknolojisinin maliyetini d\u00fc\u015f\u00fcrmesi ve g\u00fcne\u015f panellerinde yayg\u0131n olarak...\" \/>\n<meta property=\"og:url\" content=\"http:\/\/atif.unaldi.org\/blog\/2010\/08\/17\/ibm-gunes-enerjisi-panelleri\/\" \/>\n<meta property=\"og:site_name\" content=\"At\u0131f \u00dcnald\u0131\" \/>\n<meta property=\"article:publisher\" content=\"https:\/\/www.facebook.com\/atifunaldi\" \/>\n<meta property=\"article:author\" content=\"https:\/\/www.facebook.com\/atifunaldi\" \/>\n<meta property=\"article:published_time\" content=\"2010-08-17T06:19:34+00:00\" \/>\n<meta property=\"og:image\" content=\"http:\/\/atifunaldi.files.wordpress.com\/2010\/08\/solar_cells_panels_array_monoc1.jpg?w=300\" \/>\n<meta name=\"author\" content=\"Atif Unaldi\" \/>\n<meta name=\"twitter:card\" content=\"summary_large_image\" \/>\n<meta name=\"twitter:creator\" content=\"@https:\/\/twitter.com\/atifunaldi\" \/>\n<meta name=\"twitter:site\" content=\"@atifunaldi\" \/>\n<meta name=\"twitter:label1\" content=\"Yazan:\" \/>\n\t<meta name=\"twitter:data1\" content=\"Atif Unaldi\" \/>\n\t<meta name=\"twitter:label2\" content=\"Tahmini okuma s\u00fcresi\" \/>\n\t<meta name=\"twitter:data2\" content=\"1 dakika\" \/>\n<script type=\"application\/ld+json\" class=\"yoast-schema-graph\">{\"@context\":\"https:\/\/schema.org\",\"@graph\":[{\"@type\":\"Article\",\"@id\":\"http:\/\/atif.unaldi.org\/blog\/2010\/08\/17\/ibm-gunes-enerjisi-panelleri\/#article\",\"isPartOf\":{\"@id\":\"http:\/\/atif.unaldi.org\/blog\/2010\/08\/17\/ibm-gunes-enerjisi-panelleri\/\"},\"author\":{\"name\":\"Atif Unaldi\",\"@id\":\"http:\/\/atif.unaldi.org\/blog\/#\/schema\/person\/608ed42ecbda2bc5cfdb767ac1db479b\"},\"headline\":\"IBM, g\u00fcne\u015f enerjisi panelleri\",\"datePublished\":\"2010-08-17T06:19:34+00:00\",\"mainEntityOfPage\":{\"@id\":\"http:\/\/atif.unaldi.org\/blog\/2010\/08\/17\/ibm-gunes-enerjisi-panelleri\/\"},\"wordCount\":247,\"commentCount\":0,\"publisher\":{\"@id\":\"http:\/\/atif.unaldi.org\/blog\/#\/schema\/person\/608ed42ecbda2bc5cfdb767ac1db479b\"},\"image\":{\"@id\":\"http:\/\/atif.unaldi.org\/blog\/2010\/08\/17\/ibm-gunes-enerjisi-panelleri\/#primaryimage\"},\"thumbnailUrl\":\"http:\/\/atifunaldi.files.wordpress.com\/2010\/08\/solar_cells_panels_array_monoc1.jpg?w=300\",\"articleSection\":[\"Blogum\"],\"inLanguage\":\"tr\",\"potentialAction\":[{\"@type\":\"CommentAction\",\"name\":\"Comment\",\"target\":[\"http:\/\/atif.unaldi.org\/blog\/2010\/08\/17\/ibm-gunes-enerjisi-panelleri\/#respond\"]}]},{\"@type\":\"WebPage\",\"@id\":\"http:\/\/atif.unaldi.org\/blog\/2010\/08\/17\/ibm-gunes-enerjisi-panelleri\/\",\"url\":\"http:\/\/atif.unaldi.org\/blog\/2010\/08\/17\/ibm-gunes-enerjisi-panelleri\/\",\"name\":\"IBM, g\u00fcne\u015f enerjisi panelleri - At\u0131f \u00dcnald\u0131\",\"isPartOf\":{\"@id\":\"http:\/\/atif.unaldi.org\/blog\/#website\"},\"primaryImageOfPage\":{\"@id\":\"http:\/\/atif.unaldi.org\/blog\/2010\/08\/17\/ibm-gunes-enerjisi-panelleri\/#primaryimage\"},\"image\":{\"@id\":\"http:\/\/atif.unaldi.org\/blog\/2010\/08\/17\/ibm-gunes-enerjisi-panelleri\/#primaryimage\"},\"thumbnailUrl\":\"http:\/\/atifunaldi.files.wordpress.com\/2010\/08\/solar_cells_panels_array_monoc1.jpg?w=300\",\"datePublished\":\"2010-08-17T06:19:34+00:00\",\"breadcrumb\":{\"@id\":\"http:\/\/atif.unaldi.org\/blog\/2010\/08\/17\/ibm-gunes-enerjisi-panelleri\/#breadcrumb\"},\"inLanguage\":\"tr\",\"potentialAction\":[{\"@type\":\"ReadAction\",\"target\":[\"http:\/\/atif.unaldi.org\/blog\/2010\/08\/17\/ibm-gunes-enerjisi-panelleri\/\"]}]},{\"@type\":\"ImageObject\",\"inLanguage\":\"tr\",\"@id\":\"http:\/\/atif.unaldi.org\/blog\/2010\/08\/17\/ibm-gunes-enerjisi-panelleri\/#primaryimage\",\"url\":\"http:\/\/atifunaldi.files.wordpress.com\/2010\/08\/solar_cells_panels_array_monoc1.jpg?w=300\",\"contentUrl\":\"http:\/\/atifunaldi.files.wordpress.com\/2010\/08\/solar_cells_panels_array_monoc1.jpg?w=300\"},{\"@type\":\"BreadcrumbList\",\"@id\":\"http:\/\/atif.unaldi.org\/blog\/2010\/08\/17\/ibm-gunes-enerjisi-panelleri\/#breadcrumb\",\"itemListElement\":[{\"@type\":\"ListItem\",\"position\":1,\"name\":\"Anasayfa\",\"item\":\"http:\/\/atif.unaldi.org\/blog\/\"},{\"@type\":\"ListItem\",\"position\":2,\"name\":\"IBM, g\u00fcne\u015f enerjisi panelleri\"}]},{\"@type\":\"WebSite\",\"@id\":\"http:\/\/atif.unaldi.org\/blog\/#website\",\"url\":\"http:\/\/atif.unaldi.org\/blog\/\",\"name\":\"At\u0131f \u00dcnald\u0131\",\"description\":\"Yazar\",\"publisher\":{\"@id\":\"http:\/\/atif.unaldi.org\/blog\/#\/schema\/person\/608ed42ecbda2bc5cfdb767ac1db479b\"},\"alternateName\":\"At\u0131f \u00dcnald\u0131 Blog\",\"potentialAction\":[{\"@type\":\"SearchAction\",\"target\":{\"@type\":\"EntryPoint\",\"urlTemplate\":\"http:\/\/atif.unaldi.org\/blog\/?s={search_term_string}\"},\"query-input\":{\"@type\":\"PropertyValueSpecification\",\"valueRequired\":true,\"valueName\":\"search_term_string\"}}],\"inLanguage\":\"tr\"},{\"@type\":[\"Person\",\"Organization\"],\"@id\":\"http:\/\/atif.unaldi.org\/blog\/#\/schema\/person\/608ed42ecbda2bc5cfdb767ac1db479b\",\"name\":\"Atif Unaldi\",\"image\":{\"@type\":\"ImageObject\",\"inLanguage\":\"tr\",\"@id\":\"http:\/\/atif.unaldi.org\/blog\/#\/schema\/person\/image\/\",\"url\":\"http:\/\/atif.unaldi.org\/blog\/wp-content\/uploads\/2022\/10\/cropped-a94e8f7a-67c4-4d65-8a5f-032ba784be53-2.jpg\",\"contentUrl\":\"http:\/\/atif.unaldi.org\/blog\/wp-content\/uploads\/2022\/10\/cropped-a94e8f7a-67c4-4d65-8a5f-032ba784be53-2.jpg\",\"width\":512,\"height\":512,\"caption\":\"Atif Unaldi\"},\"logo\":{\"@id\":\"http:\/\/atif.unaldi.org\/blog\/#\/schema\/person\/image\/\"},\"description\":\"Bo\u011fazi\u00e7i \u00dcniversitesinde Fizik B\u00f6l\u00fcm\u00fc\u2019nde e\u011fitim ald\u0131\u011f\u0131 y\u0131llarda T\u00fcrkiye\u2019de ilk kez iki bilgisayar\u0131 telefon hatlar\u0131 \u00fczerinden konu\u015fturan BBS sistemini kurarak, T\u00fcrkiye\u2019deki ilk internet a\u011f\u0131n\u0131 olu\u015fturmu\u015ftur. Bir \u00e7ok radyo ve televizyonda program yap\u0131mc\u0131l\u0131\u011f\u0131 ve sunuculu\u011funu, bir \u00e7ok teknoloji dergisinde k\u00f6\u015fe yazarl\u0131\u011f\u0131, bili\u015fim edit\u00f6rl\u00fc\u011f\u00fc ve genel yay\u0131n y\u00f6netmenli\u011fi yapt\u0131. T\u00fcrkiye\u2019deki ilk internet servis sa\u011flay\u0131c\u0131s\u0131n\u0131n genel m\u00fcd\u00fcrl\u00fc\u011f\u00fcn\u00fc \u00fcstlendi. Bir \u00e7ok organizasyon ve kurulu\u015fta internet s\u00fcperviz\u00f6rl\u00fc\u011f\u00fc , webmaster\u2019l\u0131\u011f\u0131 , IT direkt\u00f6rl\u00fc\u011f\u00fc ve dijital projeler koordinat\u00f6rl\u00fc\u011f\u00fc g\u00f6revlerinde bulundu. Farkl\u0131 \u00fcniversitelerin farkl\u0131 fak\u00fcltelerinde \u00f6\u011fretim g\u00f6revlisi olarak bulunmu\u015f olan \u00dcnald\u0131; \u015fu an teknoloji ve pazarlama konular\u0131 ba\u015fta olmak \u00fczere bir\u00e7ok alanda hizmet veren Unaldi Consultancy\u2019nin kurucusudur. \\u2028Selin \u00dcnald\u0131 ile evlidir. Su ve Toprak isminde iki \u00e7ocu\u011fu vard\u0131r.\",\"sameAs\":[\"http:\/\/atif.unaldi.org\/blog\",\"https:\/\/www.facebook.com\/atifunaldi\",\"https:\/\/www.instagram.com\/atifunaldi\/\",\"https:\/\/www.linkedin.com\/in\/atifunaldi\",\"https:\/\/x.com\/https:\/\/twitter.com\/atifunaldi\",\"https:\/\/www.youtube.com\/c\/atifunaldi\",\"https:\/\/soundcloud.com\/atif-unaldi\",\"https:\/\/atifunaldi.tumblr.com\"],\"url\":\"http:\/\/atif.unaldi.org\/blog\/author\/atifunaldi\/\"}]}<\/script>\n<!-- \/ Yoast SEO plugin. -->","yoast_head_json":{"title":"IBM, g\u00fcne\u015f enerjisi panelleri - At\u0131f \u00dcnald\u0131","robots":{"index":"index","follow":"follow","max-snippet":"max-snippet:-1","max-image-preview":"max-image-preview:large","max-video-preview":"max-video-preview:-1"},"canonical":"http:\/\/atif.unaldi.org\/blog\/2010\/08\/17\/ibm-gunes-enerjisi-panelleri\/","og_locale":"tr_TR","og_type":"article","og_title":"IBM, g\u00fcne\u015f enerjisi panelleri - At\u0131f \u00dcnald\u0131","og_description":"IBM bilimadamlar\u0131, pahal\u0131l\u0131\u011f\u0131 nedeniyle yava\u015f yayg\u0131nla\u015fan g\u00fcne\u015f enerjisi teknolojisinde kullan\u0131lacak, en verimli ve ekonomik g\u00fcne\u015f enerjisi h\u00fccresini \u00fcretmek \u00fczere \u00e7al\u0131\u015fmalar\u0131n\u0131 s\u00fcrd\u00fcr\u00fcyor. IBM&#8217;in \u00fcretece\u011fi yeni h\u00fccrenin, g\u00fcne\u015f enerjisi teknolojisinin maliyetini d\u00fc\u015f\u00fcrmesi ve g\u00fcne\u015f panellerinde yayg\u0131n olarak...","og_url":"http:\/\/atif.unaldi.org\/blog\/2010\/08\/17\/ibm-gunes-enerjisi-panelleri\/","og_site_name":"At\u0131f \u00dcnald\u0131","article_publisher":"https:\/\/www.facebook.com\/atifunaldi","article_author":"https:\/\/www.facebook.com\/atifunaldi","article_published_time":"2010-08-17T06:19:34+00:00","og_image":[{"url":"http:\/\/atifunaldi.files.wordpress.com\/2010\/08\/solar_cells_panels_array_monoc1.jpg?w=300","type":"","width":"","height":""}],"author":"Atif Unaldi","twitter_card":"summary_large_image","twitter_creator":"@https:\/\/twitter.com\/atifunaldi","twitter_site":"@atifunaldi","twitter_misc":{"Yazan:":"Atif Unaldi","Tahmini okuma s\u00fcresi":"1 dakika"},"schema":{"@context":"https:\/\/schema.org","@graph":[{"@type":"Article","@id":"http:\/\/atif.unaldi.org\/blog\/2010\/08\/17\/ibm-gunes-enerjisi-panelleri\/#article","isPartOf":{"@id":"http:\/\/atif.unaldi.org\/blog\/2010\/08\/17\/ibm-gunes-enerjisi-panelleri\/"},"author":{"name":"Atif Unaldi","@id":"http:\/\/atif.unaldi.org\/blog\/#\/schema\/person\/608ed42ecbda2bc5cfdb767ac1db479b"},"headline":"IBM, g\u00fcne\u015f enerjisi panelleri","datePublished":"2010-08-17T06:19:34+00:00","mainEntityOfPage":{"@id":"http:\/\/atif.unaldi.org\/blog\/2010\/08\/17\/ibm-gunes-enerjisi-panelleri\/"},"wordCount":247,"commentCount":0,"publisher":{"@id":"http:\/\/atif.unaldi.org\/blog\/#\/schema\/person\/608ed42ecbda2bc5cfdb767ac1db479b"},"image":{"@id":"http:\/\/atif.unaldi.org\/blog\/2010\/08\/17\/ibm-gunes-enerjisi-panelleri\/#primaryimage"},"thumbnailUrl":"http:\/\/atifunaldi.files.wordpress.com\/2010\/08\/solar_cells_panels_array_monoc1.jpg?w=300","articleSection":["Blogum"],"inLanguage":"tr","potentialAction":[{"@type":"CommentAction","name":"Comment","target":["http:\/\/atif.unaldi.org\/blog\/2010\/08\/17\/ibm-gunes-enerjisi-panelleri\/#respond"]}]},{"@type":"WebPage","@id":"http:\/\/atif.unaldi.org\/blog\/2010\/08\/17\/ibm-gunes-enerjisi-panelleri\/","url":"http:\/\/atif.unaldi.org\/blog\/2010\/08\/17\/ibm-gunes-enerjisi-panelleri\/","name":"IBM, g\u00fcne\u015f enerjisi panelleri - At\u0131f \u00dcnald\u0131","isPartOf":{"@id":"http:\/\/atif.unaldi.org\/blog\/#website"},"primaryImageOfPage":{"@id":"http:\/\/atif.unaldi.org\/blog\/2010\/08\/17\/ibm-gunes-enerjisi-panelleri\/#primaryimage"},"image":{"@id":"http:\/\/atif.unaldi.org\/blog\/2010\/08\/17\/ibm-gunes-enerjisi-panelleri\/#primaryimage"},"thumbnailUrl":"http:\/\/atifunaldi.files.wordpress.com\/2010\/08\/solar_cells_panels_array_monoc1.jpg?w=300","datePublished":"2010-08-17T06:19:34+00:00","breadcrumb":{"@id":"http:\/\/atif.unaldi.org\/blog\/2010\/08\/17\/ibm-gunes-enerjisi-panelleri\/#breadcrumb"},"inLanguage":"tr","potentialAction":[{"@type":"ReadAction","target":["http:\/\/atif.unaldi.org\/blog\/2010\/08\/17\/ibm-gunes-enerjisi-panelleri\/"]}]},{"@type":"ImageObject","inLanguage":"tr","@id":"http:\/\/atif.unaldi.org\/blog\/2010\/08\/17\/ibm-gunes-enerjisi-panelleri\/#primaryimage","url":"http:\/\/atifunaldi.files.wordpress.com\/2010\/08\/solar_cells_panels_array_monoc1.jpg?w=300","contentUrl":"http:\/\/atifunaldi.files.wordpress.com\/2010\/08\/solar_cells_panels_array_monoc1.jpg?w=300"},{"@type":"BreadcrumbList","@id":"http:\/\/atif.unaldi.org\/blog\/2010\/08\/17\/ibm-gunes-enerjisi-panelleri\/#breadcrumb","itemListElement":[{"@type":"ListItem","position":1,"name":"Anasayfa","item":"http:\/\/atif.unaldi.org\/blog\/"},{"@type":"ListItem","position":2,"name":"IBM, g\u00fcne\u015f enerjisi panelleri"}]},{"@type":"WebSite","@id":"http:\/\/atif.unaldi.org\/blog\/#website","url":"http:\/\/atif.unaldi.org\/blog\/","name":"At\u0131f \u00dcnald\u0131","description":"Yazar","publisher":{"@id":"http:\/\/atif.unaldi.org\/blog\/#\/schema\/person\/608ed42ecbda2bc5cfdb767ac1db479b"},"alternateName":"At\u0131f \u00dcnald\u0131 Blog","potentialAction":[{"@type":"SearchAction","target":{"@type":"EntryPoint","urlTemplate":"http:\/\/atif.unaldi.org\/blog\/?s={search_term_string}"},"query-input":{"@type":"PropertyValueSpecification","valueRequired":true,"valueName":"search_term_string"}}],"inLanguage":"tr"},{"@type":["Person","Organization"],"@id":"http:\/\/atif.unaldi.org\/blog\/#\/schema\/person\/608ed42ecbda2bc5cfdb767ac1db479b","name":"Atif Unaldi","image":{"@type":"ImageObject","inLanguage":"tr","@id":"http:\/\/atif.unaldi.org\/blog\/#\/schema\/person\/image\/","url":"http:\/\/atif.unaldi.org\/blog\/wp-content\/uploads\/2022\/10\/cropped-a94e8f7a-67c4-4d65-8a5f-032ba784be53-2.jpg","contentUrl":"http:\/\/atif.unaldi.org\/blog\/wp-content\/uploads\/2022\/10\/cropped-a94e8f7a-67c4-4d65-8a5f-032ba784be53-2.jpg","width":512,"height":512,"caption":"Atif Unaldi"},"logo":{"@id":"http:\/\/atif.unaldi.org\/blog\/#\/schema\/person\/image\/"},"description":"Bo\u011fazi\u00e7i \u00dcniversitesinde Fizik B\u00f6l\u00fcm\u00fc\u2019nde e\u011fitim ald\u0131\u011f\u0131 y\u0131llarda T\u00fcrkiye\u2019de ilk kez iki bilgisayar\u0131 telefon hatlar\u0131 \u00fczerinden konu\u015fturan BBS sistemini kurarak, T\u00fcrkiye\u2019deki ilk internet a\u011f\u0131n\u0131 olu\u015fturmu\u015ftur. Bir \u00e7ok radyo ve televizyonda program yap\u0131mc\u0131l\u0131\u011f\u0131 ve sunuculu\u011funu, bir \u00e7ok teknoloji dergisinde k\u00f6\u015fe yazarl\u0131\u011f\u0131, bili\u015fim edit\u00f6rl\u00fc\u011f\u00fc ve genel yay\u0131n y\u00f6netmenli\u011fi yapt\u0131. T\u00fcrkiye\u2019deki ilk internet servis sa\u011flay\u0131c\u0131s\u0131n\u0131n genel m\u00fcd\u00fcrl\u00fc\u011f\u00fcn\u00fc \u00fcstlendi. Bir \u00e7ok organizasyon ve kurulu\u015fta internet s\u00fcperviz\u00f6rl\u00fc\u011f\u00fc , webmaster\u2019l\u0131\u011f\u0131 , IT direkt\u00f6rl\u00fc\u011f\u00fc ve dijital projeler koordinat\u00f6rl\u00fc\u011f\u00fc g\u00f6revlerinde bulundu. Farkl\u0131 \u00fcniversitelerin farkl\u0131 fak\u00fcltelerinde \u00f6\u011fretim g\u00f6revlisi olarak bulunmu\u015f olan \u00dcnald\u0131; \u015fu an teknoloji ve pazarlama konular\u0131 ba\u015fta olmak \u00fczere bir\u00e7ok alanda hizmet veren Unaldi Consultancy\u2019nin kurucusudur. \u2028Selin \u00dcnald\u0131 ile evlidir. Su ve Toprak isminde iki \u00e7ocu\u011fu vard\u0131r.","sameAs":["http:\/\/atif.unaldi.org\/blog","https:\/\/www.facebook.com\/atifunaldi","https:\/\/www.instagram.com\/atifunaldi\/","https:\/\/www.linkedin.com\/in\/atifunaldi","https:\/\/x.com\/https:\/\/twitter.com\/atifunaldi","https:\/\/www.youtube.com\/c\/atifunaldi","https:\/\/soundcloud.com\/atif-unaldi","https:\/\/atifunaldi.tumblr.com"],"url":"http:\/\/atif.unaldi.org\/blog\/author\/atifunaldi\/"}]}},"jetpack_featured_media_url":"","_links":{"self":[{"href":"http:\/\/atif.unaldi.org\/blog\/wp-json\/wp\/v2\/posts\/1792","targetHints":{"allow":["GET"]}}],"collection":[{"href":"http:\/\/atif.unaldi.org\/blog\/wp-json\/wp\/v2\/posts"}],"about":[{"href":"http:\/\/atif.unaldi.org\/blog\/wp-json\/wp\/v2\/types\/post"}],"author":[{"embeddable":true,"href":"http:\/\/atif.unaldi.org\/blog\/wp-json\/wp\/v2\/users\/2"}],"replies":[{"embeddable":true,"href":"http:\/\/atif.unaldi.org\/blog\/wp-json\/wp\/v2\/comments?post=1792"}],"version-history":[{"count":0,"href":"http:\/\/atif.unaldi.org\/blog\/wp-json\/wp\/v2\/posts\/1792\/revisions"}],"wp:attachment":[{"href":"http:\/\/atif.unaldi.org\/blog\/wp-json\/wp\/v2\/media?parent=1792"}],"wp:term":[{"taxonomy":"category","embeddable":true,"href":"http:\/\/atif.unaldi.org\/blog\/wp-json\/wp\/v2\/categories?post=1792"},{"taxonomy":"post_tag","embeddable":true,"href":"http:\/\/atif.unaldi.org\/blog\/wp-json\/wp\/v2\/tags?post=1792"}],"curies":[{"name":"wp","href":"https:\/\/api.w.org\/{rel}","templated":true}]}}