{"id":1800,"date":"2010-08-21T07:51:46","date_gmt":"2010-08-21T07:51:46","guid":{"rendered":"http:\/\/haberler.atifunaldi.info\/2010\/08\/21\/vodafone-cep-merkezlerinin-vitrinleri-artik-dokunmatik"},"modified":"2010-08-21T07:51:46","modified_gmt":"2010-08-21T07:51:46","slug":"vodafone-cep-merkezlerinin-vitrinleri-artik-dokunmatik","status":"publish","type":"post","link":"http:\/\/atif.unaldi.org\/blog\/2010\/08\/21\/vodafone-cep-merkezlerinin-vitrinleri-artik-dokunmatik\/","title":{"rendered":"VODAFONE CEP MERKEZLER\u0130&#8217;N\u0130N V\u0130TR\u0130NLER\u0130 ARTIK DOKUNMAT\u0130K"},"content":{"rendered":"<p>Vodafone, T\u00fcrkiye&rsquo;de operat\u00f6r ma\u011fazac\u0131l\u0131\u011f\u0131nda bir ilke daha imza atarak Vodafone Cep Merkezleri&rsquo;nin vitrinlerini Dokunmatik LCD ekranlara d\u00f6n\u00fc\u015ft\u00fcr\u00fcyor. Yirmi Vodafone Cep Merkezi vitrininideki LCD ekranlar\u0131 sayesinde Vodafone&rsquo;lular, 7 g\u00fcn-24 saat ekranlardan her t\u00fcrl\u00fc bilgiye kavu\u015fabiliyor. &nbsp;<br \/> 21 A\u011fustos 2010, \u0130stanbul- D\u00fcnya mobil ileti\u015fim devi Vodafone yenilik\u00e7i ve \u00f6zg\u00fcn \u00e7al\u0131\u015fmalar\u0131na yeni bir halka daha ekliyor. Abonelerle daha kapsaml\u0131 ve interaktif bilgi payla\u015f\u0131m\u0131 yaratmak amac\u0131yla, Vodafone Cep Merkezleri&rsquo;nin vitrinleri 42 in\u00e7&rsquo;lik Dokunmatik LCD ekranlara d\u00f6n\u00fc\u015ft\u00fcr\u00fcl\u00fcyor. \u015eimdiye kadar \u0130stanbul&rsquo;da 10, Ankara&rsquo;da 5 ve \u0130zmir&rsquo;de 5 olmak \u00fczere toplamda 20 Vodafone Cep Merkezinde hayata ge\u00e7irilen bu uygulamayla, T\u00fcrkiye&rsquo;de operat\u00f6r ma\u011fazac\u0131l\u0131\u011f\u0131nda bir ilke imza at\u0131larak m\u00fc\u015fterilerin gece g\u00fcnd\u00fcz istedikleri an Cep Merkezleri&rsquo;nin dokunmatik ekranlar\u0131ndan, g\u00fcncel kampanyalar, \u00fcr\u00fcn ve tarife bilgileri gibi konularda bilgi almalar\u0131 sa\u011flan\u0131yor. &nbsp;<br \/> Perakende ma\u011fazalar\u0131nda ilk kez bu kadar yayg\u0131n olarak kullan\u0131lan ve operat\u00f6r ma\u011fazac\u0131l\u0131\u011f\u0131nda T\u00fcrkiye&rsquo;de ilk kez hayata ge\u00e7irilen bu uygulamayla vitrin camlar\u0131 \u00f6zel filmlerle kaplanarak dokunmatik hale getiriliyor. \u00d6n\u00fcm\u00fczdeki g\u00fcnlerde artarak \u00e7o\u011falmas\u0131 planlanan bu uygulama sayesinde Vodafone abonelerine her an destek vermeye devam edecek. &nbsp;<\/p>\n<p \/> Vodafone T\u00fcrkiye Sat\u0131\u015ftan Sorumlu Genel M\u00fcd\u00fcr Yard\u0131mc\u0131s\u0131 ve \u0130cra Kurulu \u00dcyesi M. Sinan K\u0131z\u0131lda\u011f konuyla ilgili yapt\u0131\u011f\u0131 a\u00e7\u0131klamada, &ldquo;Son \u00fc\u00e7 y\u0131lda altyap\u0131s\u0131n\u0131 \u00fc\u00e7 kat daha g\u00fc\u00e7lendiren Vodafone, gerek ileti\u015fim kalitesi, gerek m\u00fc\u015fteri hizmetleri anlay\u0131\u015f\u0131 ve uygun fiyat politikas\u0131yla T\u00fcrk insan\u0131n\u0131n en g\u00fcvendi\u011fi markalardan biri olma yolunda h\u0131zla ilerliyor. Vodafone Cep Merkezi&rsquo;ndeki Dokunmatik LCD ekran uygulamas\u0131yla hedefimiz, mobil ileti\u015fimin avantajlar\u0131n\u0131 s\u00fcrekli geli\u015ftirerek m\u00fc\u015fterilerimizin, \u00fcr\u00fcn ve hizmetlerimizle ilgili bilgilere diledikleri her an ula\u015fmalar\u0131n\u0131 sa\u011flamak. Dokunmatik LCD ekran uygulamas\u0131yla m\u00fc\u015fterilerimizin ileti\u015fim teknolojileri konusundaki her t\u00fcrl\u00fc ihtiyac\u0131na cevap vermek ad\u0131na yeni bir u\u011frama noktas\u0131 olu\u015fturuyoruz. \u015eu anda yurt \u00e7ap\u0131na yay\u0131lm\u0131\u015f 976 adet Cep Merkezimiz var. Bu noktalarda abonelerimizin her t\u00fcrl\u00fc sorunuyla ilgilenmeyi ve onlara yard\u0131mc\u0131 olmay\u0131 ama\u00e7 edindik. 3 ilde ba\u015flatt\u0131\u011f\u0131m\u0131z bu \u00e7al\u0131\u015fmay\u0131 daha da yayg\u0131n hale getirmeyi hedefliyoruz.&rdquo; dedi. <\/p>\n<p><div class='p_embed p_image_embed'>\n<a href=\"http:\/\/atifunaldi.files.wordpress.com\/2010\/08\/dokunmatik_ekran.jpg\"><img loading=\"lazy\" decoding=\"async\" alt=\"Dokunmatik_ekran\" height=\"375\" src=\"http:\/\/atifunaldi.files.wordpress.com\/2010\/08\/dokunmatik_ekran.jpg?w=300\" width=\"500\" \/><\/a><br \/>\n<a href=\"http:\/\/atifunaldi.files.wordpress.com\/2010\/08\/dokunmatik_ekran_1.jpg\"><img loading=\"lazy\" decoding=\"async\" alt=\"Dokunmatik_ekran_1\" height=\"327\" src=\"http:\/\/atifunaldi.files.wordpress.com\/2010\/08\/dokunmatik_ekran_1.jpg?w=300\" width=\"500\" \/><\/a><br \/>\n<a href=\"http:\/\/atifunaldi.files.wordpress.com\/2010\/08\/dokunmatik_ekran_2.jpg\"><img loading=\"lazy\" decoding=\"async\" alt=\"Dokunmatik_ekran_2\" height=\"375\" src=\"http:\/\/atifunaldi.files.wordpress.com\/2010\/08\/dokunmatik_ekran_2.jpg?w=300\" width=\"500\" \/><\/a><\/p>\n<div class='p_see_full_gallery'><a href=\"http:\/\/atifunaldi.posterous.com\/vodafone-cep-merkezlerinin-vitrinleri-artik-d\">See the full gallery on Posterous<\/a><\/div>\n<\/div>\n","protected":false},"excerpt":{"rendered":"<p>Vodafone, T\u00fcrkiye&rsquo;de operat\u00f6r ma\u011fazac\u0131l\u0131\u011f\u0131nda bir ilke daha imza atarak Vodafone Cep Merkezleri&rsquo;nin vitrinlerini Dokunmatik LCD ekranlara d\u00f6n\u00fc\u015ft\u00fcr\u00fcyor. Yirmi Vodafone Cep Merkezi vitrininideki LCD ekranlar\u0131 sayesinde Vodafone&rsquo;lular, 7 g\u00fcn-24 saat ekranlardan her t\u00fcrl\u00fc bilgiye kavu\u015fabiliyor. &nbsp;&#8230;<\/p>\n","protected":false},"author":2,"featured_media":0,"comment_status":"open","ping_status":"open","sticky":false,"template":"","format":"standard","meta":{"footnotes":""},"categories":[3],"tags":[],"class_list":["post-1800","post","type-post","status-publish","format-standard","hentry","category-blogum"],"yoast_head":"<!-- This site is optimized with the Yoast SEO plugin v26.8 - https:\/\/yoast.com\/product\/yoast-seo-wordpress\/ -->\n<title>VODAFONE CEP MERKEZLER\u0130&#039;N\u0130N V\u0130TR\u0130NLER\u0130 ARTIK DOKUNMAT\u0130K - At\u0131f \u00dcnald\u0131<\/title>\n<meta name=\"robots\" content=\"index, follow, max-snippet:-1, max-image-preview:large, max-video-preview:-1\" \/>\n<link rel=\"canonical\" href=\"http:\/\/atif.unaldi.org\/blog\/2010\/08\/21\/vodafone-cep-merkezlerinin-vitrinleri-artik-dokunmatik\/\" \/>\n<meta property=\"og:locale\" content=\"tr_TR\" \/>\n<meta property=\"og:type\" content=\"article\" \/>\n<meta property=\"og:title\" content=\"VODAFONE CEP MERKEZLER\u0130&#039;N\u0130N V\u0130TR\u0130NLER\u0130 ARTIK DOKUNMAT\u0130K - At\u0131f \u00dcnald\u0131\" \/>\n<meta property=\"og:description\" content=\"Vodafone, T\u00fcrkiye&rsquo;de operat\u00f6r ma\u011fazac\u0131l\u0131\u011f\u0131nda bir ilke daha imza atarak Vodafone Cep Merkezleri&rsquo;nin vitrinlerini Dokunmatik LCD ekranlara d\u00f6n\u00fc\u015ft\u00fcr\u00fcyor. Yirmi Vodafone Cep Merkezi vitrininideki LCD ekranlar\u0131 sayesinde Vodafone&rsquo;lular, 7 g\u00fcn-24 saat ekranlardan her t\u00fcrl\u00fc bilgiye kavu\u015fabiliyor. &nbsp;...\" \/>\n<meta property=\"og:url\" content=\"http:\/\/atif.unaldi.org\/blog\/2010\/08\/21\/vodafone-cep-merkezlerinin-vitrinleri-artik-dokunmatik\/\" \/>\n<meta property=\"og:site_name\" content=\"At\u0131f \u00dcnald\u0131\" \/>\n<meta property=\"article:publisher\" content=\"https:\/\/www.facebook.com\/atifunaldi\" \/>\n<meta property=\"article:author\" content=\"https:\/\/www.facebook.com\/atifunaldi\" \/>\n<meta property=\"article:published_time\" content=\"2010-08-21T07:51:46+00:00\" \/>\n<meta property=\"og:image\" content=\"http:\/\/atifunaldi.files.wordpress.com\/2010\/08\/dokunmatik_ekran.jpg?w=300\" \/>\n<meta name=\"author\" content=\"Atif Unaldi\" \/>\n<meta name=\"twitter:card\" content=\"summary_large_image\" \/>\n<meta name=\"twitter:creator\" content=\"@https:\/\/twitter.com\/atifunaldi\" \/>\n<meta name=\"twitter:site\" content=\"@atifunaldi\" \/>\n<meta name=\"twitter:label1\" content=\"Yazan:\" \/>\n\t<meta name=\"twitter:data1\" content=\"Atif Unaldi\" \/>\n\t<meta name=\"twitter:label2\" content=\"Tahmini okuma s\u00fcresi\" \/>\n\t<meta name=\"twitter:data2\" content=\"2 dakika\" \/>\n<script type=\"application\/ld+json\" class=\"yoast-schema-graph\">{\"@context\":\"https:\/\/schema.org\",\"@graph\":[{\"@type\":\"Article\",\"@id\":\"http:\/\/atif.unaldi.org\/blog\/2010\/08\/21\/vodafone-cep-merkezlerinin-vitrinleri-artik-dokunmatik\/#article\",\"isPartOf\":{\"@id\":\"http:\/\/atif.unaldi.org\/blog\/2010\/08\/21\/vodafone-cep-merkezlerinin-vitrinleri-artik-dokunmatik\/\"},\"author\":{\"name\":\"Atif Unaldi\",\"@id\":\"http:\/\/atif.unaldi.org\/blog\/#\/schema\/person\/608ed42ecbda2bc5cfdb767ac1db479b\"},\"headline\":\"VODAFONE CEP MERKEZLER\u0130&#8217;N\u0130N V\u0130TR\u0130NLER\u0130 ARTIK DOKUNMAT\u0130K\",\"datePublished\":\"2010-08-21T07:51:46+00:00\",\"mainEntityOfPage\":{\"@id\":\"http:\/\/atif.unaldi.org\/blog\/2010\/08\/21\/vodafone-cep-merkezlerinin-vitrinleri-artik-dokunmatik\/\"},\"wordCount\":425,\"commentCount\":0,\"publisher\":{\"@id\":\"http:\/\/atif.unaldi.org\/blog\/#\/schema\/person\/608ed42ecbda2bc5cfdb767ac1db479b\"},\"image\":{\"@id\":\"http:\/\/atif.unaldi.org\/blog\/2010\/08\/21\/vodafone-cep-merkezlerinin-vitrinleri-artik-dokunmatik\/#primaryimage\"},\"thumbnailUrl\":\"http:\/\/atifunaldi.files.wordpress.com\/2010\/08\/dokunmatik_ekran.jpg?w=300\",\"articleSection\":[\"Blogum\"],\"inLanguage\":\"tr\",\"potentialAction\":[{\"@type\":\"CommentAction\",\"name\":\"Comment\",\"target\":[\"http:\/\/atif.unaldi.org\/blog\/2010\/08\/21\/vodafone-cep-merkezlerinin-vitrinleri-artik-dokunmatik\/#respond\"]}]},{\"@type\":\"WebPage\",\"@id\":\"http:\/\/atif.unaldi.org\/blog\/2010\/08\/21\/vodafone-cep-merkezlerinin-vitrinleri-artik-dokunmatik\/\",\"url\":\"http:\/\/atif.unaldi.org\/blog\/2010\/08\/21\/vodafone-cep-merkezlerinin-vitrinleri-artik-dokunmatik\/\",\"name\":\"VODAFONE CEP MERKEZLER\u0130'N\u0130N V\u0130TR\u0130NLER\u0130 ARTIK DOKUNMAT\u0130K - At\u0131f \u00dcnald\u0131\",\"isPartOf\":{\"@id\":\"http:\/\/atif.unaldi.org\/blog\/#website\"},\"primaryImageOfPage\":{\"@id\":\"http:\/\/atif.unaldi.org\/blog\/2010\/08\/21\/vodafone-cep-merkezlerinin-vitrinleri-artik-dokunmatik\/#primaryimage\"},\"image\":{\"@id\":\"http:\/\/atif.unaldi.org\/blog\/2010\/08\/21\/vodafone-cep-merkezlerinin-vitrinleri-artik-dokunmatik\/#primaryimage\"},\"thumbnailUrl\":\"http:\/\/atifunaldi.files.wordpress.com\/2010\/08\/dokunmatik_ekran.jpg?w=300\",\"datePublished\":\"2010-08-21T07:51:46+00:00\",\"breadcrumb\":{\"@id\":\"http:\/\/atif.unaldi.org\/blog\/2010\/08\/21\/vodafone-cep-merkezlerinin-vitrinleri-artik-dokunmatik\/#breadcrumb\"},\"inLanguage\":\"tr\",\"potentialAction\":[{\"@type\":\"ReadAction\",\"target\":[\"http:\/\/atif.unaldi.org\/blog\/2010\/08\/21\/vodafone-cep-merkezlerinin-vitrinleri-artik-dokunmatik\/\"]}]},{\"@type\":\"ImageObject\",\"inLanguage\":\"tr\",\"@id\":\"http:\/\/atif.unaldi.org\/blog\/2010\/08\/21\/vodafone-cep-merkezlerinin-vitrinleri-artik-dokunmatik\/#primaryimage\",\"url\":\"http:\/\/atifunaldi.files.wordpress.com\/2010\/08\/dokunmatik_ekran.jpg?w=300\",\"contentUrl\":\"http:\/\/atifunaldi.files.wordpress.com\/2010\/08\/dokunmatik_ekran.jpg?w=300\"},{\"@type\":\"BreadcrumbList\",\"@id\":\"http:\/\/atif.unaldi.org\/blog\/2010\/08\/21\/vodafone-cep-merkezlerinin-vitrinleri-artik-dokunmatik\/#breadcrumb\",\"itemListElement\":[{\"@type\":\"ListItem\",\"position\":1,\"name\":\"Anasayfa\",\"item\":\"http:\/\/atif.unaldi.org\/blog\/\"},{\"@type\":\"ListItem\",\"position\":2,\"name\":\"VODAFONE CEP MERKEZLER\u0130&#8217;N\u0130N V\u0130TR\u0130NLER\u0130 ARTIK DOKUNMAT\u0130K\"}]},{\"@type\":\"WebSite\",\"@id\":\"http:\/\/atif.unaldi.org\/blog\/#website\",\"url\":\"http:\/\/atif.unaldi.org\/blog\/\",\"name\":\"At\u0131f \u00dcnald\u0131\",\"description\":\"Yazar\",\"publisher\":{\"@id\":\"http:\/\/atif.unaldi.org\/blog\/#\/schema\/person\/608ed42ecbda2bc5cfdb767ac1db479b\"},\"alternateName\":\"At\u0131f \u00dcnald\u0131 Blog\",\"potentialAction\":[{\"@type\":\"SearchAction\",\"target\":{\"@type\":\"EntryPoint\",\"urlTemplate\":\"http:\/\/atif.unaldi.org\/blog\/?s={search_term_string}\"},\"query-input\":{\"@type\":\"PropertyValueSpecification\",\"valueRequired\":true,\"valueName\":\"search_term_string\"}}],\"inLanguage\":\"tr\"},{\"@type\":[\"Person\",\"Organization\"],\"@id\":\"http:\/\/atif.unaldi.org\/blog\/#\/schema\/person\/608ed42ecbda2bc5cfdb767ac1db479b\",\"name\":\"Atif Unaldi\",\"image\":{\"@type\":\"ImageObject\",\"inLanguage\":\"tr\",\"@id\":\"http:\/\/atif.unaldi.org\/blog\/#\/schema\/person\/image\/\",\"url\":\"http:\/\/atif.unaldi.org\/blog\/wp-content\/uploads\/2022\/10\/cropped-a94e8f7a-67c4-4d65-8a5f-032ba784be53-2.jpg\",\"contentUrl\":\"http:\/\/atif.unaldi.org\/blog\/wp-content\/uploads\/2022\/10\/cropped-a94e8f7a-67c4-4d65-8a5f-032ba784be53-2.jpg\",\"width\":512,\"height\":512,\"caption\":\"Atif Unaldi\"},\"logo\":{\"@id\":\"http:\/\/atif.unaldi.org\/blog\/#\/schema\/person\/image\/\"},\"description\":\"Bo\u011fazi\u00e7i \u00dcniversitesinde Fizik B\u00f6l\u00fcm\u00fc\u2019nde e\u011fitim ald\u0131\u011f\u0131 y\u0131llarda T\u00fcrkiye\u2019de ilk kez iki bilgisayar\u0131 telefon hatlar\u0131 \u00fczerinden konu\u015fturan BBS sistemini kurarak, T\u00fcrkiye\u2019deki ilk internet a\u011f\u0131n\u0131 olu\u015fturmu\u015ftur. Bir \u00e7ok radyo ve televizyonda program yap\u0131mc\u0131l\u0131\u011f\u0131 ve sunuculu\u011funu, bir \u00e7ok teknoloji dergisinde k\u00f6\u015fe yazarl\u0131\u011f\u0131, bili\u015fim edit\u00f6rl\u00fc\u011f\u00fc ve genel yay\u0131n y\u00f6netmenli\u011fi yapt\u0131. T\u00fcrkiye\u2019deki ilk internet servis sa\u011flay\u0131c\u0131s\u0131n\u0131n genel m\u00fcd\u00fcrl\u00fc\u011f\u00fcn\u00fc \u00fcstlendi. Bir \u00e7ok organizasyon ve kurulu\u015fta internet s\u00fcperviz\u00f6rl\u00fc\u011f\u00fc , webmaster\u2019l\u0131\u011f\u0131 , IT direkt\u00f6rl\u00fc\u011f\u00fc ve dijital projeler koordinat\u00f6rl\u00fc\u011f\u00fc g\u00f6revlerinde bulundu. Farkl\u0131 \u00fcniversitelerin farkl\u0131 fak\u00fcltelerinde \u00f6\u011fretim g\u00f6revlisi olarak bulunmu\u015f olan \u00dcnald\u0131; \u015fu an teknoloji ve pazarlama konular\u0131 ba\u015fta olmak \u00fczere bir\u00e7ok alanda hizmet veren Unaldi Consultancy\u2019nin kurucusudur. \\u2028Selin \u00dcnald\u0131 ile evlidir. Su ve Toprak isminde iki \u00e7ocu\u011fu vard\u0131r.\",\"sameAs\":[\"http:\/\/atif.unaldi.org\/blog\",\"https:\/\/www.facebook.com\/atifunaldi\",\"https:\/\/www.instagram.com\/atifunaldi\/\",\"https:\/\/www.linkedin.com\/in\/atifunaldi\",\"https:\/\/x.com\/https:\/\/twitter.com\/atifunaldi\",\"https:\/\/www.youtube.com\/c\/atifunaldi\",\"https:\/\/soundcloud.com\/atif-unaldi\",\"https:\/\/atifunaldi.tumblr.com\"],\"url\":\"http:\/\/atif.unaldi.org\/blog\/author\/atifunaldi\/\"}]}<\/script>\n<!-- \/ Yoast SEO plugin. -->","yoast_head_json":{"title":"VODAFONE CEP MERKEZLER\u0130'N\u0130N V\u0130TR\u0130NLER\u0130 ARTIK DOKUNMAT\u0130K - At\u0131f \u00dcnald\u0131","robots":{"index":"index","follow":"follow","max-snippet":"max-snippet:-1","max-image-preview":"max-image-preview:large","max-video-preview":"max-video-preview:-1"},"canonical":"http:\/\/atif.unaldi.org\/blog\/2010\/08\/21\/vodafone-cep-merkezlerinin-vitrinleri-artik-dokunmatik\/","og_locale":"tr_TR","og_type":"article","og_title":"VODAFONE CEP MERKEZLER\u0130'N\u0130N V\u0130TR\u0130NLER\u0130 ARTIK DOKUNMAT\u0130K - At\u0131f \u00dcnald\u0131","og_description":"Vodafone, T\u00fcrkiye&rsquo;de operat\u00f6r ma\u011fazac\u0131l\u0131\u011f\u0131nda bir ilke daha imza atarak Vodafone Cep Merkezleri&rsquo;nin vitrinlerini Dokunmatik LCD ekranlara d\u00f6n\u00fc\u015ft\u00fcr\u00fcyor. Yirmi Vodafone Cep Merkezi vitrininideki LCD ekranlar\u0131 sayesinde Vodafone&rsquo;lular, 7 g\u00fcn-24 saat ekranlardan her t\u00fcrl\u00fc bilgiye kavu\u015fabiliyor. &nbsp;...","og_url":"http:\/\/atif.unaldi.org\/blog\/2010\/08\/21\/vodafone-cep-merkezlerinin-vitrinleri-artik-dokunmatik\/","og_site_name":"At\u0131f \u00dcnald\u0131","article_publisher":"https:\/\/www.facebook.com\/atifunaldi","article_author":"https:\/\/www.facebook.com\/atifunaldi","article_published_time":"2010-08-21T07:51:46+00:00","og_image":[{"url":"http:\/\/atifunaldi.files.wordpress.com\/2010\/08\/dokunmatik_ekran.jpg?w=300","type":"","width":"","height":""}],"author":"Atif Unaldi","twitter_card":"summary_large_image","twitter_creator":"@https:\/\/twitter.com\/atifunaldi","twitter_site":"@atifunaldi","twitter_misc":{"Yazan:":"Atif Unaldi","Tahmini okuma s\u00fcresi":"2 dakika"},"schema":{"@context":"https:\/\/schema.org","@graph":[{"@type":"Article","@id":"http:\/\/atif.unaldi.org\/blog\/2010\/08\/21\/vodafone-cep-merkezlerinin-vitrinleri-artik-dokunmatik\/#article","isPartOf":{"@id":"http:\/\/atif.unaldi.org\/blog\/2010\/08\/21\/vodafone-cep-merkezlerinin-vitrinleri-artik-dokunmatik\/"},"author":{"name":"Atif Unaldi","@id":"http:\/\/atif.unaldi.org\/blog\/#\/schema\/person\/608ed42ecbda2bc5cfdb767ac1db479b"},"headline":"VODAFONE CEP MERKEZLER\u0130&#8217;N\u0130N V\u0130TR\u0130NLER\u0130 ARTIK DOKUNMAT\u0130K","datePublished":"2010-08-21T07:51:46+00:00","mainEntityOfPage":{"@id":"http:\/\/atif.unaldi.org\/blog\/2010\/08\/21\/vodafone-cep-merkezlerinin-vitrinleri-artik-dokunmatik\/"},"wordCount":425,"commentCount":0,"publisher":{"@id":"http:\/\/atif.unaldi.org\/blog\/#\/schema\/person\/608ed42ecbda2bc5cfdb767ac1db479b"},"image":{"@id":"http:\/\/atif.unaldi.org\/blog\/2010\/08\/21\/vodafone-cep-merkezlerinin-vitrinleri-artik-dokunmatik\/#primaryimage"},"thumbnailUrl":"http:\/\/atifunaldi.files.wordpress.com\/2010\/08\/dokunmatik_ekran.jpg?w=300","articleSection":["Blogum"],"inLanguage":"tr","potentialAction":[{"@type":"CommentAction","name":"Comment","target":["http:\/\/atif.unaldi.org\/blog\/2010\/08\/21\/vodafone-cep-merkezlerinin-vitrinleri-artik-dokunmatik\/#respond"]}]},{"@type":"WebPage","@id":"http:\/\/atif.unaldi.org\/blog\/2010\/08\/21\/vodafone-cep-merkezlerinin-vitrinleri-artik-dokunmatik\/","url":"http:\/\/atif.unaldi.org\/blog\/2010\/08\/21\/vodafone-cep-merkezlerinin-vitrinleri-artik-dokunmatik\/","name":"VODAFONE CEP MERKEZLER\u0130'N\u0130N V\u0130TR\u0130NLER\u0130 ARTIK DOKUNMAT\u0130K - At\u0131f \u00dcnald\u0131","isPartOf":{"@id":"http:\/\/atif.unaldi.org\/blog\/#website"},"primaryImageOfPage":{"@id":"http:\/\/atif.unaldi.org\/blog\/2010\/08\/21\/vodafone-cep-merkezlerinin-vitrinleri-artik-dokunmatik\/#primaryimage"},"image":{"@id":"http:\/\/atif.unaldi.org\/blog\/2010\/08\/21\/vodafone-cep-merkezlerinin-vitrinleri-artik-dokunmatik\/#primaryimage"},"thumbnailUrl":"http:\/\/atifunaldi.files.wordpress.com\/2010\/08\/dokunmatik_ekran.jpg?w=300","datePublished":"2010-08-21T07:51:46+00:00","breadcrumb":{"@id":"http:\/\/atif.unaldi.org\/blog\/2010\/08\/21\/vodafone-cep-merkezlerinin-vitrinleri-artik-dokunmatik\/#breadcrumb"},"inLanguage":"tr","potentialAction":[{"@type":"ReadAction","target":["http:\/\/atif.unaldi.org\/blog\/2010\/08\/21\/vodafone-cep-merkezlerinin-vitrinleri-artik-dokunmatik\/"]}]},{"@type":"ImageObject","inLanguage":"tr","@id":"http:\/\/atif.unaldi.org\/blog\/2010\/08\/21\/vodafone-cep-merkezlerinin-vitrinleri-artik-dokunmatik\/#primaryimage","url":"http:\/\/atifunaldi.files.wordpress.com\/2010\/08\/dokunmatik_ekran.jpg?w=300","contentUrl":"http:\/\/atifunaldi.files.wordpress.com\/2010\/08\/dokunmatik_ekran.jpg?w=300"},{"@type":"BreadcrumbList","@id":"http:\/\/atif.unaldi.org\/blog\/2010\/08\/21\/vodafone-cep-merkezlerinin-vitrinleri-artik-dokunmatik\/#breadcrumb","itemListElement":[{"@type":"ListItem","position":1,"name":"Anasayfa","item":"http:\/\/atif.unaldi.org\/blog\/"},{"@type":"ListItem","position":2,"name":"VODAFONE CEP MERKEZLER\u0130&#8217;N\u0130N V\u0130TR\u0130NLER\u0130 ARTIK DOKUNMAT\u0130K"}]},{"@type":"WebSite","@id":"http:\/\/atif.unaldi.org\/blog\/#website","url":"http:\/\/atif.unaldi.org\/blog\/","name":"At\u0131f \u00dcnald\u0131","description":"Yazar","publisher":{"@id":"http:\/\/atif.unaldi.org\/blog\/#\/schema\/person\/608ed42ecbda2bc5cfdb767ac1db479b"},"alternateName":"At\u0131f \u00dcnald\u0131 Blog","potentialAction":[{"@type":"SearchAction","target":{"@type":"EntryPoint","urlTemplate":"http:\/\/atif.unaldi.org\/blog\/?s={search_term_string}"},"query-input":{"@type":"PropertyValueSpecification","valueRequired":true,"valueName":"search_term_string"}}],"inLanguage":"tr"},{"@type":["Person","Organization"],"@id":"http:\/\/atif.unaldi.org\/blog\/#\/schema\/person\/608ed42ecbda2bc5cfdb767ac1db479b","name":"Atif Unaldi","image":{"@type":"ImageObject","inLanguage":"tr","@id":"http:\/\/atif.unaldi.org\/blog\/#\/schema\/person\/image\/","url":"http:\/\/atif.unaldi.org\/blog\/wp-content\/uploads\/2022\/10\/cropped-a94e8f7a-67c4-4d65-8a5f-032ba784be53-2.jpg","contentUrl":"http:\/\/atif.unaldi.org\/blog\/wp-content\/uploads\/2022\/10\/cropped-a94e8f7a-67c4-4d65-8a5f-032ba784be53-2.jpg","width":512,"height":512,"caption":"Atif Unaldi"},"logo":{"@id":"http:\/\/atif.unaldi.org\/blog\/#\/schema\/person\/image\/"},"description":"Bo\u011fazi\u00e7i \u00dcniversitesinde Fizik B\u00f6l\u00fcm\u00fc\u2019nde e\u011fitim ald\u0131\u011f\u0131 y\u0131llarda T\u00fcrkiye\u2019de ilk kez iki bilgisayar\u0131 telefon hatlar\u0131 \u00fczerinden konu\u015fturan BBS sistemini kurarak, T\u00fcrkiye\u2019deki ilk internet a\u011f\u0131n\u0131 olu\u015fturmu\u015ftur. Bir \u00e7ok radyo ve televizyonda program yap\u0131mc\u0131l\u0131\u011f\u0131 ve sunuculu\u011funu, bir \u00e7ok teknoloji dergisinde k\u00f6\u015fe yazarl\u0131\u011f\u0131, bili\u015fim edit\u00f6rl\u00fc\u011f\u00fc ve genel yay\u0131n y\u00f6netmenli\u011fi yapt\u0131. T\u00fcrkiye\u2019deki ilk internet servis sa\u011flay\u0131c\u0131s\u0131n\u0131n genel m\u00fcd\u00fcrl\u00fc\u011f\u00fcn\u00fc \u00fcstlendi. Bir \u00e7ok organizasyon ve kurulu\u015fta internet s\u00fcperviz\u00f6rl\u00fc\u011f\u00fc , webmaster\u2019l\u0131\u011f\u0131 , IT direkt\u00f6rl\u00fc\u011f\u00fc ve dijital projeler koordinat\u00f6rl\u00fc\u011f\u00fc g\u00f6revlerinde bulundu. Farkl\u0131 \u00fcniversitelerin farkl\u0131 fak\u00fcltelerinde \u00f6\u011fretim g\u00f6revlisi olarak bulunmu\u015f olan \u00dcnald\u0131; \u015fu an teknoloji ve pazarlama konular\u0131 ba\u015fta olmak \u00fczere bir\u00e7ok alanda hizmet veren Unaldi Consultancy\u2019nin kurucusudur. \u2028Selin \u00dcnald\u0131 ile evlidir. Su ve Toprak isminde iki \u00e7ocu\u011fu vard\u0131r.","sameAs":["http:\/\/atif.unaldi.org\/blog","https:\/\/www.facebook.com\/atifunaldi","https:\/\/www.instagram.com\/atifunaldi\/","https:\/\/www.linkedin.com\/in\/atifunaldi","https:\/\/x.com\/https:\/\/twitter.com\/atifunaldi","https:\/\/www.youtube.com\/c\/atifunaldi","https:\/\/soundcloud.com\/atif-unaldi","https:\/\/atifunaldi.tumblr.com"],"url":"http:\/\/atif.unaldi.org\/blog\/author\/atifunaldi\/"}]}},"jetpack_featured_media_url":"","_links":{"self":[{"href":"http:\/\/atif.unaldi.org\/blog\/wp-json\/wp\/v2\/posts\/1800","targetHints":{"allow":["GET"]}}],"collection":[{"href":"http:\/\/atif.unaldi.org\/blog\/wp-json\/wp\/v2\/posts"}],"about":[{"href":"http:\/\/atif.unaldi.org\/blog\/wp-json\/wp\/v2\/types\/post"}],"author":[{"embeddable":true,"href":"http:\/\/atif.unaldi.org\/blog\/wp-json\/wp\/v2\/users\/2"}],"replies":[{"embeddable":true,"href":"http:\/\/atif.unaldi.org\/blog\/wp-json\/wp\/v2\/comments?post=1800"}],"version-history":[{"count":0,"href":"http:\/\/atif.unaldi.org\/blog\/wp-json\/wp\/v2\/posts\/1800\/revisions"}],"wp:attachment":[{"href":"http:\/\/atif.unaldi.org\/blog\/wp-json\/wp\/v2\/media?parent=1800"}],"wp:term":[{"taxonomy":"category","embeddable":true,"href":"http:\/\/atif.unaldi.org\/blog\/wp-json\/wp\/v2\/categories?post=1800"},{"taxonomy":"post_tag","embeddable":true,"href":"http:\/\/atif.unaldi.org\/blog\/wp-json\/wp\/v2\/tags?post=1800"}],"curies":[{"name":"wp","href":"https:\/\/api.w.org\/{rel}","templated":true}]}}