{"id":1802,"date":"2010-08-23T12:48:54","date_gmt":"2010-08-23T12:48:54","guid":{"rendered":"http:\/\/haberler.atifunaldi.info\/2010\/08\/23\/panasonic-lumix-fs30-ve-fs33"},"modified":"2010-08-23T12:48:54","modified_gmt":"2010-08-23T12:48:54","slug":"panasonic-lumix-fs30-ve-fs33","status":"publish","type":"post","link":"http:\/\/atif.unaldi.org\/blog\/2010\/08\/23\/panasonic-lumix-fs30-ve-fs33\/","title":{"rendered":"Panasonic Lumix FS30 ve FS33"},"content":{"rendered":"<div class='p_embed p_image_embed'>\n<a href=\"http:\/\/atifunaldi.files.wordpress.com\/2010\/08\/panasonic_lumix_fs33-scaled-10001.jpg\"><img loading=\"lazy\" decoding=\"async\" alt=\"Panasonic_lumix_fs33\" height=\"374\" src=\"http:\/\/atifunaldi.files.wordpress.com\/2010\/08\/panasonic_lumix_fs33-scaled-10001.jpg?w=300\" width=\"500\" \/><\/a>\n<\/div>\n<p>Foto\u011fraf severler, Panasonic Lumix FS30 ve Lumix FS33 ile tatilin <br \/>hi\u00e7bir an\u0131n\u0131 ka\u00e7\u0131rmadan foto\u011fraf keyfi ya\u015fayacak. Panasonic Lumix <br \/>FS30 ve FS33 her seviyedeki foto\u011fraf tutkunlar\u0131n\u0131 hedefleyen <br \/>nitelikleriyle, kompakt foto\u011fraf makinelerinin konsept s\u0131n\u0131rlar\u0131n\u0131 <br \/>daha da geni\u015fletiyor! <\/p>\n<p \/> Panasonic Lumix FS serisinin tarz sahibi, kolayca ta\u015f\u0131nabilir ve <br \/>pratik \u00fcyelerinin aras\u0131na kat\u0131lan Panasonic Lumix FS30 ve Panasonic <br \/>Lumix FS33, foto\u011fraf \u00e7ekmeye yeni ba\u015flayanlardan, daha profesyonel <br \/>gereksinimlere ihtiya\u00e7 duyanlara kadar herkesi tatmin edecek <br \/>\u00f6zellikleriyle foto\u011frafseverlerin be\u011fenisini topluyor. FS serisine <br \/>\u00f6zg\u00fc kolay kullan\u0131m\u0131n yan\u0131 s\u0131ra iA (Ak\u0131ll\u0131 Otomatik) modu, 8X Optik <br \/>Zum, 14,1 megapiksel, 28 mm geni\u015f a\u00e7\u0131l\u0131 Leica DC VARIO-ELMAR lensi, <br \/>Kompakt yap\u0131, MEGA O.I.S (Optik G\u00f6r\u00fcnt\u00fc Sabitleyici) ve en \u00f6nemlisi HD <br \/>Video \u00f6zellikleriyle farkl\u0131 \u00e7ekim deneyimlerini tek b\u00fcnyede <br \/>bulu\u015fturuyor. <\/p>\n<p \/> Ayarlamalarla u\u011fra\u015f\u0131rken hedefinizin muhte\u015fem anlar\u0131n\u0131 ka\u00e7\u0131rmay\u0131n! <br \/>Bir g\u00fcvercinin su i\u00e7i\u015fi, arkada\u015f\u0131n\u0131z\u0131n ani bir \u015fakaya verdi\u011fi tepki <br \/>gibi hareketler saniyeler i\u00e7inde ger\u00e7ekle\u015fir ve biter. Panasonic Lumix <br \/>FS serisinin yeni \u00fcyeleriyle hayat\u0131n ayr\u0131nt\u0131lar\u0131n\u0131n, an\u0131nda <br \/>kaydedemeyece\u011finiz kadar h\u0131zl\u0131 oldu\u011fu g\u00f6r\u00fc\u015f\u00fc art\u0131k ge\u00e7erlili\u011fini <br \/>kaybediyor. Panasonic Lumix FS30 ve Panasonic Lumix FS33, h\u0131zl\u0131 ve <br \/>hatas\u0131z bir \u00e7ekim deneyimi i\u00e7in gereken t\u00fcm unsurlar\u0131 iA (Ak\u0131ll\u0131 <br \/>Otomatik) modunda birle\u015ftirirken size sadece deklan\u015f\u00f6re basmak <br \/>kal\u0131yor. MEGA O.I.S (Optik G\u00f6r\u00fcnt\u00fc Sabitleyici) \u00f6zelli\u011fi, el <br \/>titremelerine ve sars\u0131nt\u0131lara kar\u015f\u0131 g\u00f6r\u00fcnt\u00fcn\u00fcn netli\u011fini korurken, <br \/>Ak\u0131ll\u0131 ISO Kontrol\u00fc hareketli hedeflerin bulan\u0131k \u00e7\u0131kmas\u0131n\u0131 \u00f6nl\u00fcyor. <br \/>\u0130nsan y\u00fczlerinin net olarak foto\u011fraflanmas\u0131n\u0131 sa\u011flayan Y\u00fcz Tan\u0131ma ile <br \/>birlikte Makro, Portre, Manzara, Gece-Portre, Gece-Manzara ve yeni <br \/>eklenen G\u00fcnbat\u0131m\u0131&#8217;n\u0131 i\u00e7eren 6 farkl\u0131 sahne modundan birini otomatik <br \/>olarak se\u00e7en Ak\u0131ll\u0131 Sahne Se\u00e7ici, iA moduyla birlikte devreye girerek <br \/>muhte\u015fem pozlar\u0131 ka\u00e7\u0131rmaman\u0131za yard\u0131mc\u0131 oluyor. Hedef \u00fczerine <br \/>kilitlenmeyi sa\u011flayan ultra-h\u0131zl\u0131 Otomatik Odaklanma (AF) ve yakla\u015f\u0131k <br \/>0.97 saniyelik k\u0131sa a\u00e7\u0131lma s\u00fcresi \u00f6zellikleri ani ve haz\u0131rl\u0131ks\u0131z <br \/>foto\u011fraf \u00e7ekimlerine h\u0131zl\u0131 yan\u0131t vermenizi daha da kolayla\u015ft\u0131r\u0131yor. <\/p>\n<p \/> HD \u00c7a\u011f\u0131&#8217;n\u0131n en parlak devri! <br \/>Panasonic FS30 ve Panasonic FS33 ile HD kalitesinde video <br \/>kaydedebilir, i\u00e7lerinde bulunan eklentiyle \u00e7ekti\u011finiz videolar\u0131 <br \/>Youtube&#8217;a yine HD kalitesinde y\u00fckleyip d\u00fcnyan\u0131n geri kalan\u0131yla <br \/>payla\u015fabilirsiniz. Bununla birlikte her iki \u00fcr\u00fcn de WVGA (848 x 480) <br \/>ve normal VGA (640 x 480)&#8217;ya ek olarak 1280 x 720p 30 fps dinamik HD <br \/>kay\u0131t \u00f6zelli\u011fine sahip. <\/p>\n<p \/> 8x Optik zumla yakla\u015fmadan yak\u0131nla\u015f\u0131n! <br \/>14.1 megapiksel Panasonic Lumix FS33 ve Panasonic Lumix FS30, yeni <br \/>geli\u015ftirilen 8x optik zumlu 28mm geni\u015f a\u00e7\u0131 Leica DC VARIO-ELMAR <br \/>objektif \u00f6zelli\u011fine sahip. 3 megapiksel \u00e7\u00f6z\u00fcn\u00fcrl\u00fck modunda, Ekstra <br \/>Optik Zoom fonksiyonu y\u00fcksek \u00e7\u00f6z\u00fcn\u00fcrl\u00fckl\u00fc CCD&#8217;den de faydalanarak zum <br \/>g\u00fcc\u00fcn\u00fc 16.9x&#8217;e (473 mm) kadar \u00e7\u0131kar\u0131yor ve b\u00fcy\u00fctme oran\u0131n\u0131 daha da <br \/>art\u0131r\u0131yor. <\/p>\n<p \/> Ak\u0131l K\u00fcp\u00fc LCD Ekran! <br \/>Panasonic Lumix FS33&#8217;\u00fcn 3 in\u00e7 ve Panasonic Lumix FS30&#8217;in 2,7 in\u00e7 <br \/>Ak\u0131ll\u0131 LCD Ekranlar\u0131 \u0131\u015f\u0131k durumunu belirler ve LCD ekran\u0131n parlakl\u0131k <br \/>seviyesini kontrol ederek ortama en uygun netli\u011fi sa\u011fl\u0131yor. Panasonic <br \/>Lumix FS33&#8217;e \u00f6zel dokunmatik ekran, ayarlanabilir b\u00fcy\u00fckl\u00fc\u011f\u00fcyle <br \/>yak\u0131ndan g\u00f6r\u00fc\u015f sorunu ya\u015fayanlar i\u00e7in bile men\u00fc dola\u015f\u0131m imkan\u0131 <br \/>sa\u011fl\u0131yor. <\/p>\n<p \/> Panasonic Lumix FS30 siyah ve g\u00fcm\u00fc\u015f renkleriyle t\u00fcketicilere ula\u015f\u0131yor. <br \/>Tavsiye edilen t\u00fcketici fiyat\u0131 KDV dahil 599 TL. Panasonic Lumix FS33 <br \/>ise 649 TL&#8217;den sat\u0131\u015fa sunuluyor.<\/p>\n","protected":false},"excerpt":{"rendered":"<p>Foto\u011fraf severler, Panasonic Lumix FS30 ve Lumix FS33 ile tatilin hi\u00e7bir an\u0131n\u0131 ka\u00e7\u0131rmadan foto\u011fraf keyfi ya\u015fayacak. Panasonic Lumix FS30 ve FS33 her seviyedeki foto\u011fraf tutkunlar\u0131n\u0131 hedefleyen nitelikleriyle, kompakt foto\u011fraf makinelerinin konsept s\u0131n\u0131rlar\u0131n\u0131 daha da geni\u015fletiyor!&#8230;<\/p>\n","protected":false},"author":2,"featured_media":0,"comment_status":"open","ping_status":"open","sticky":false,"template":"","format":"standard","meta":{"footnotes":""},"categories":[3],"tags":[],"class_list":["post-1802","post","type-post","status-publish","format-standard","hentry","category-blogum"],"yoast_head":"<!-- This site is optimized with the Yoast SEO plugin v26.8 - https:\/\/yoast.com\/product\/yoast-seo-wordpress\/ -->\n<title>Panasonic Lumix FS30 ve FS33 - At\u0131f \u00dcnald\u0131<\/title>\n<meta name=\"robots\" content=\"index, follow, max-snippet:-1, max-image-preview:large, max-video-preview:-1\" \/>\n<link rel=\"canonical\" href=\"http:\/\/atif.unaldi.org\/blog\/2010\/08\/23\/panasonic-lumix-fs30-ve-fs33\/\" \/>\n<meta property=\"og:locale\" content=\"tr_TR\" \/>\n<meta property=\"og:type\" content=\"article\" \/>\n<meta property=\"og:title\" content=\"Panasonic Lumix FS30 ve FS33 - At\u0131f \u00dcnald\u0131\" \/>\n<meta property=\"og:description\" content=\"Foto\u011fraf severler, Panasonic Lumix FS30 ve Lumix FS33 ile tatilin hi\u00e7bir an\u0131n\u0131 ka\u00e7\u0131rmadan foto\u011fraf keyfi ya\u015fayacak. Panasonic Lumix FS30 ve FS33 her seviyedeki foto\u011fraf tutkunlar\u0131n\u0131 hedefleyen nitelikleriyle, kompakt foto\u011fraf makinelerinin konsept s\u0131n\u0131rlar\u0131n\u0131 daha da geni\u015fletiyor!...\" \/>\n<meta property=\"og:url\" content=\"http:\/\/atif.unaldi.org\/blog\/2010\/08\/23\/panasonic-lumix-fs30-ve-fs33\/\" \/>\n<meta property=\"og:site_name\" content=\"At\u0131f \u00dcnald\u0131\" \/>\n<meta property=\"article:publisher\" content=\"https:\/\/www.facebook.com\/atifunaldi\" \/>\n<meta property=\"article:author\" content=\"https:\/\/www.facebook.com\/atifunaldi\" \/>\n<meta property=\"article:published_time\" content=\"2010-08-23T12:48:54+00:00\" \/>\n<meta property=\"og:image\" content=\"http:\/\/atifunaldi.files.wordpress.com\/2010\/08\/panasonic_lumix_fs33-scaled-10001.jpg?w=300\" \/>\n<meta name=\"author\" content=\"Atif Unaldi\" \/>\n<meta name=\"twitter:card\" content=\"summary_large_image\" \/>\n<meta name=\"twitter:creator\" content=\"@https:\/\/twitter.com\/atifunaldi\" \/>\n<meta name=\"twitter:site\" content=\"@atifunaldi\" \/>\n<meta name=\"twitter:label1\" content=\"Yazan:\" \/>\n\t<meta name=\"twitter:data1\" content=\"Atif Unaldi\" \/>\n\t<meta name=\"twitter:label2\" content=\"Tahmini okuma s\u00fcresi\" \/>\n\t<meta name=\"twitter:data2\" content=\"3 dakika\" \/>\n<script type=\"application\/ld+json\" class=\"yoast-schema-graph\">{\"@context\":\"https:\/\/schema.org\",\"@graph\":[{\"@type\":\"Article\",\"@id\":\"http:\/\/atif.unaldi.org\/blog\/2010\/08\/23\/panasonic-lumix-fs30-ve-fs33\/#article\",\"isPartOf\":{\"@id\":\"http:\/\/atif.unaldi.org\/blog\/2010\/08\/23\/panasonic-lumix-fs30-ve-fs33\/\"},\"author\":{\"name\":\"Atif Unaldi\",\"@id\":\"http:\/\/atif.unaldi.org\/blog\/#\/schema\/person\/608ed42ecbda2bc5cfdb767ac1db479b\"},\"headline\":\"Panasonic Lumix FS30 ve FS33\",\"datePublished\":\"2010-08-23T12:48:54+00:00\",\"mainEntityOfPage\":{\"@id\":\"http:\/\/atif.unaldi.org\/blog\/2010\/08\/23\/panasonic-lumix-fs30-ve-fs33\/\"},\"wordCount\":623,\"commentCount\":0,\"publisher\":{\"@id\":\"http:\/\/atif.unaldi.org\/blog\/#\/schema\/person\/608ed42ecbda2bc5cfdb767ac1db479b\"},\"image\":{\"@id\":\"http:\/\/atif.unaldi.org\/blog\/2010\/08\/23\/panasonic-lumix-fs30-ve-fs33\/#primaryimage\"},\"thumbnailUrl\":\"http:\/\/atifunaldi.files.wordpress.com\/2010\/08\/panasonic_lumix_fs33-scaled-10001.jpg?w=300\",\"articleSection\":[\"Blogum\"],\"inLanguage\":\"tr\",\"potentialAction\":[{\"@type\":\"CommentAction\",\"name\":\"Comment\",\"target\":[\"http:\/\/atif.unaldi.org\/blog\/2010\/08\/23\/panasonic-lumix-fs30-ve-fs33\/#respond\"]}]},{\"@type\":\"WebPage\",\"@id\":\"http:\/\/atif.unaldi.org\/blog\/2010\/08\/23\/panasonic-lumix-fs30-ve-fs33\/\",\"url\":\"http:\/\/atif.unaldi.org\/blog\/2010\/08\/23\/panasonic-lumix-fs30-ve-fs33\/\",\"name\":\"Panasonic Lumix FS30 ve FS33 - At\u0131f \u00dcnald\u0131\",\"isPartOf\":{\"@id\":\"http:\/\/atif.unaldi.org\/blog\/#website\"},\"primaryImageOfPage\":{\"@id\":\"http:\/\/atif.unaldi.org\/blog\/2010\/08\/23\/panasonic-lumix-fs30-ve-fs33\/#primaryimage\"},\"image\":{\"@id\":\"http:\/\/atif.unaldi.org\/blog\/2010\/08\/23\/panasonic-lumix-fs30-ve-fs33\/#primaryimage\"},\"thumbnailUrl\":\"http:\/\/atifunaldi.files.wordpress.com\/2010\/08\/panasonic_lumix_fs33-scaled-10001.jpg?w=300\",\"datePublished\":\"2010-08-23T12:48:54+00:00\",\"breadcrumb\":{\"@id\":\"http:\/\/atif.unaldi.org\/blog\/2010\/08\/23\/panasonic-lumix-fs30-ve-fs33\/#breadcrumb\"},\"inLanguage\":\"tr\",\"potentialAction\":[{\"@type\":\"ReadAction\",\"target\":[\"http:\/\/atif.unaldi.org\/blog\/2010\/08\/23\/panasonic-lumix-fs30-ve-fs33\/\"]}]},{\"@type\":\"ImageObject\",\"inLanguage\":\"tr\",\"@id\":\"http:\/\/atif.unaldi.org\/blog\/2010\/08\/23\/panasonic-lumix-fs30-ve-fs33\/#primaryimage\",\"url\":\"http:\/\/atifunaldi.files.wordpress.com\/2010\/08\/panasonic_lumix_fs33-scaled-10001.jpg?w=300\",\"contentUrl\":\"http:\/\/atifunaldi.files.wordpress.com\/2010\/08\/panasonic_lumix_fs33-scaled-10001.jpg?w=300\"},{\"@type\":\"BreadcrumbList\",\"@id\":\"http:\/\/atif.unaldi.org\/blog\/2010\/08\/23\/panasonic-lumix-fs30-ve-fs33\/#breadcrumb\",\"itemListElement\":[{\"@type\":\"ListItem\",\"position\":1,\"name\":\"Anasayfa\",\"item\":\"http:\/\/atif.unaldi.org\/blog\/\"},{\"@type\":\"ListItem\",\"position\":2,\"name\":\"Panasonic Lumix FS30 ve FS33\"}]},{\"@type\":\"WebSite\",\"@id\":\"http:\/\/atif.unaldi.org\/blog\/#website\",\"url\":\"http:\/\/atif.unaldi.org\/blog\/\",\"name\":\"At\u0131f \u00dcnald\u0131\",\"description\":\"Yazar\",\"publisher\":{\"@id\":\"http:\/\/atif.unaldi.org\/blog\/#\/schema\/person\/608ed42ecbda2bc5cfdb767ac1db479b\"},\"alternateName\":\"At\u0131f \u00dcnald\u0131 Blog\",\"potentialAction\":[{\"@type\":\"SearchAction\",\"target\":{\"@type\":\"EntryPoint\",\"urlTemplate\":\"http:\/\/atif.unaldi.org\/blog\/?s={search_term_string}\"},\"query-input\":{\"@type\":\"PropertyValueSpecification\",\"valueRequired\":true,\"valueName\":\"search_term_string\"}}],\"inLanguage\":\"tr\"},{\"@type\":[\"Person\",\"Organization\"],\"@id\":\"http:\/\/atif.unaldi.org\/blog\/#\/schema\/person\/608ed42ecbda2bc5cfdb767ac1db479b\",\"name\":\"Atif Unaldi\",\"image\":{\"@type\":\"ImageObject\",\"inLanguage\":\"tr\",\"@id\":\"http:\/\/atif.unaldi.org\/blog\/#\/schema\/person\/image\/\",\"url\":\"http:\/\/atif.unaldi.org\/blog\/wp-content\/uploads\/2022\/10\/cropped-a94e8f7a-67c4-4d65-8a5f-032ba784be53-2.jpg\",\"contentUrl\":\"http:\/\/atif.unaldi.org\/blog\/wp-content\/uploads\/2022\/10\/cropped-a94e8f7a-67c4-4d65-8a5f-032ba784be53-2.jpg\",\"width\":512,\"height\":512,\"caption\":\"Atif Unaldi\"},\"logo\":{\"@id\":\"http:\/\/atif.unaldi.org\/blog\/#\/schema\/person\/image\/\"},\"description\":\"Bo\u011fazi\u00e7i \u00dcniversitesinde Fizik B\u00f6l\u00fcm\u00fc\u2019nde e\u011fitim ald\u0131\u011f\u0131 y\u0131llarda T\u00fcrkiye\u2019de ilk kez iki bilgisayar\u0131 telefon hatlar\u0131 \u00fczerinden konu\u015fturan BBS sistemini kurarak, T\u00fcrkiye\u2019deki ilk internet a\u011f\u0131n\u0131 olu\u015fturmu\u015ftur. Bir \u00e7ok radyo ve televizyonda program yap\u0131mc\u0131l\u0131\u011f\u0131 ve sunuculu\u011funu, bir \u00e7ok teknoloji dergisinde k\u00f6\u015fe yazarl\u0131\u011f\u0131, bili\u015fim edit\u00f6rl\u00fc\u011f\u00fc ve genel yay\u0131n y\u00f6netmenli\u011fi yapt\u0131. T\u00fcrkiye\u2019deki ilk internet servis sa\u011flay\u0131c\u0131s\u0131n\u0131n genel m\u00fcd\u00fcrl\u00fc\u011f\u00fcn\u00fc \u00fcstlendi. Bir \u00e7ok organizasyon ve kurulu\u015fta internet s\u00fcperviz\u00f6rl\u00fc\u011f\u00fc , webmaster\u2019l\u0131\u011f\u0131 , IT direkt\u00f6rl\u00fc\u011f\u00fc ve dijital projeler koordinat\u00f6rl\u00fc\u011f\u00fc g\u00f6revlerinde bulundu. Farkl\u0131 \u00fcniversitelerin farkl\u0131 fak\u00fcltelerinde \u00f6\u011fretim g\u00f6revlisi olarak bulunmu\u015f olan \u00dcnald\u0131; \u015fu an teknoloji ve pazarlama konular\u0131 ba\u015fta olmak \u00fczere bir\u00e7ok alanda hizmet veren Unaldi Consultancy\u2019nin kurucusudur. \\u2028Selin \u00dcnald\u0131 ile evlidir. Su ve Toprak isminde iki \u00e7ocu\u011fu vard\u0131r.\",\"sameAs\":[\"http:\/\/atif.unaldi.org\/blog\",\"https:\/\/www.facebook.com\/atifunaldi\",\"https:\/\/www.instagram.com\/atifunaldi\/\",\"https:\/\/www.linkedin.com\/in\/atifunaldi\",\"https:\/\/x.com\/https:\/\/twitter.com\/atifunaldi\",\"https:\/\/www.youtube.com\/c\/atifunaldi\",\"https:\/\/soundcloud.com\/atif-unaldi\",\"https:\/\/atifunaldi.tumblr.com\"],\"url\":\"http:\/\/atif.unaldi.org\/blog\/author\/atifunaldi\/\"}]}<\/script>\n<!-- \/ Yoast SEO plugin. -->","yoast_head_json":{"title":"Panasonic Lumix FS30 ve FS33 - At\u0131f \u00dcnald\u0131","robots":{"index":"index","follow":"follow","max-snippet":"max-snippet:-1","max-image-preview":"max-image-preview:large","max-video-preview":"max-video-preview:-1"},"canonical":"http:\/\/atif.unaldi.org\/blog\/2010\/08\/23\/panasonic-lumix-fs30-ve-fs33\/","og_locale":"tr_TR","og_type":"article","og_title":"Panasonic Lumix FS30 ve FS33 - At\u0131f \u00dcnald\u0131","og_description":"Foto\u011fraf severler, Panasonic Lumix FS30 ve Lumix FS33 ile tatilin hi\u00e7bir an\u0131n\u0131 ka\u00e7\u0131rmadan foto\u011fraf keyfi ya\u015fayacak. Panasonic Lumix FS30 ve FS33 her seviyedeki foto\u011fraf tutkunlar\u0131n\u0131 hedefleyen nitelikleriyle, kompakt foto\u011fraf makinelerinin konsept s\u0131n\u0131rlar\u0131n\u0131 daha da geni\u015fletiyor!...","og_url":"http:\/\/atif.unaldi.org\/blog\/2010\/08\/23\/panasonic-lumix-fs30-ve-fs33\/","og_site_name":"At\u0131f \u00dcnald\u0131","article_publisher":"https:\/\/www.facebook.com\/atifunaldi","article_author":"https:\/\/www.facebook.com\/atifunaldi","article_published_time":"2010-08-23T12:48:54+00:00","og_image":[{"url":"http:\/\/atifunaldi.files.wordpress.com\/2010\/08\/panasonic_lumix_fs33-scaled-10001.jpg?w=300","type":"","width":"","height":""}],"author":"Atif Unaldi","twitter_card":"summary_large_image","twitter_creator":"@https:\/\/twitter.com\/atifunaldi","twitter_site":"@atifunaldi","twitter_misc":{"Yazan:":"Atif Unaldi","Tahmini okuma s\u00fcresi":"3 dakika"},"schema":{"@context":"https:\/\/schema.org","@graph":[{"@type":"Article","@id":"http:\/\/atif.unaldi.org\/blog\/2010\/08\/23\/panasonic-lumix-fs30-ve-fs33\/#article","isPartOf":{"@id":"http:\/\/atif.unaldi.org\/blog\/2010\/08\/23\/panasonic-lumix-fs30-ve-fs33\/"},"author":{"name":"Atif Unaldi","@id":"http:\/\/atif.unaldi.org\/blog\/#\/schema\/person\/608ed42ecbda2bc5cfdb767ac1db479b"},"headline":"Panasonic Lumix FS30 ve FS33","datePublished":"2010-08-23T12:48:54+00:00","mainEntityOfPage":{"@id":"http:\/\/atif.unaldi.org\/blog\/2010\/08\/23\/panasonic-lumix-fs30-ve-fs33\/"},"wordCount":623,"commentCount":0,"publisher":{"@id":"http:\/\/atif.unaldi.org\/blog\/#\/schema\/person\/608ed42ecbda2bc5cfdb767ac1db479b"},"image":{"@id":"http:\/\/atif.unaldi.org\/blog\/2010\/08\/23\/panasonic-lumix-fs30-ve-fs33\/#primaryimage"},"thumbnailUrl":"http:\/\/atifunaldi.files.wordpress.com\/2010\/08\/panasonic_lumix_fs33-scaled-10001.jpg?w=300","articleSection":["Blogum"],"inLanguage":"tr","potentialAction":[{"@type":"CommentAction","name":"Comment","target":["http:\/\/atif.unaldi.org\/blog\/2010\/08\/23\/panasonic-lumix-fs30-ve-fs33\/#respond"]}]},{"@type":"WebPage","@id":"http:\/\/atif.unaldi.org\/blog\/2010\/08\/23\/panasonic-lumix-fs30-ve-fs33\/","url":"http:\/\/atif.unaldi.org\/blog\/2010\/08\/23\/panasonic-lumix-fs30-ve-fs33\/","name":"Panasonic Lumix FS30 ve FS33 - At\u0131f \u00dcnald\u0131","isPartOf":{"@id":"http:\/\/atif.unaldi.org\/blog\/#website"},"primaryImageOfPage":{"@id":"http:\/\/atif.unaldi.org\/blog\/2010\/08\/23\/panasonic-lumix-fs30-ve-fs33\/#primaryimage"},"image":{"@id":"http:\/\/atif.unaldi.org\/blog\/2010\/08\/23\/panasonic-lumix-fs30-ve-fs33\/#primaryimage"},"thumbnailUrl":"http:\/\/atifunaldi.files.wordpress.com\/2010\/08\/panasonic_lumix_fs33-scaled-10001.jpg?w=300","datePublished":"2010-08-23T12:48:54+00:00","breadcrumb":{"@id":"http:\/\/atif.unaldi.org\/blog\/2010\/08\/23\/panasonic-lumix-fs30-ve-fs33\/#breadcrumb"},"inLanguage":"tr","potentialAction":[{"@type":"ReadAction","target":["http:\/\/atif.unaldi.org\/blog\/2010\/08\/23\/panasonic-lumix-fs30-ve-fs33\/"]}]},{"@type":"ImageObject","inLanguage":"tr","@id":"http:\/\/atif.unaldi.org\/blog\/2010\/08\/23\/panasonic-lumix-fs30-ve-fs33\/#primaryimage","url":"http:\/\/atifunaldi.files.wordpress.com\/2010\/08\/panasonic_lumix_fs33-scaled-10001.jpg?w=300","contentUrl":"http:\/\/atifunaldi.files.wordpress.com\/2010\/08\/panasonic_lumix_fs33-scaled-10001.jpg?w=300"},{"@type":"BreadcrumbList","@id":"http:\/\/atif.unaldi.org\/blog\/2010\/08\/23\/panasonic-lumix-fs30-ve-fs33\/#breadcrumb","itemListElement":[{"@type":"ListItem","position":1,"name":"Anasayfa","item":"http:\/\/atif.unaldi.org\/blog\/"},{"@type":"ListItem","position":2,"name":"Panasonic Lumix FS30 ve FS33"}]},{"@type":"WebSite","@id":"http:\/\/atif.unaldi.org\/blog\/#website","url":"http:\/\/atif.unaldi.org\/blog\/","name":"At\u0131f \u00dcnald\u0131","description":"Yazar","publisher":{"@id":"http:\/\/atif.unaldi.org\/blog\/#\/schema\/person\/608ed42ecbda2bc5cfdb767ac1db479b"},"alternateName":"At\u0131f \u00dcnald\u0131 Blog","potentialAction":[{"@type":"SearchAction","target":{"@type":"EntryPoint","urlTemplate":"http:\/\/atif.unaldi.org\/blog\/?s={search_term_string}"},"query-input":{"@type":"PropertyValueSpecification","valueRequired":true,"valueName":"search_term_string"}}],"inLanguage":"tr"},{"@type":["Person","Organization"],"@id":"http:\/\/atif.unaldi.org\/blog\/#\/schema\/person\/608ed42ecbda2bc5cfdb767ac1db479b","name":"Atif Unaldi","image":{"@type":"ImageObject","inLanguage":"tr","@id":"http:\/\/atif.unaldi.org\/blog\/#\/schema\/person\/image\/","url":"http:\/\/atif.unaldi.org\/blog\/wp-content\/uploads\/2022\/10\/cropped-a94e8f7a-67c4-4d65-8a5f-032ba784be53-2.jpg","contentUrl":"http:\/\/atif.unaldi.org\/blog\/wp-content\/uploads\/2022\/10\/cropped-a94e8f7a-67c4-4d65-8a5f-032ba784be53-2.jpg","width":512,"height":512,"caption":"Atif Unaldi"},"logo":{"@id":"http:\/\/atif.unaldi.org\/blog\/#\/schema\/person\/image\/"},"description":"Bo\u011fazi\u00e7i \u00dcniversitesinde Fizik B\u00f6l\u00fcm\u00fc\u2019nde e\u011fitim ald\u0131\u011f\u0131 y\u0131llarda T\u00fcrkiye\u2019de ilk kez iki bilgisayar\u0131 telefon hatlar\u0131 \u00fczerinden konu\u015fturan BBS sistemini kurarak, T\u00fcrkiye\u2019deki ilk internet a\u011f\u0131n\u0131 olu\u015fturmu\u015ftur. Bir \u00e7ok radyo ve televizyonda program yap\u0131mc\u0131l\u0131\u011f\u0131 ve sunuculu\u011funu, bir \u00e7ok teknoloji dergisinde k\u00f6\u015fe yazarl\u0131\u011f\u0131, bili\u015fim edit\u00f6rl\u00fc\u011f\u00fc ve genel yay\u0131n y\u00f6netmenli\u011fi yapt\u0131. T\u00fcrkiye\u2019deki ilk internet servis sa\u011flay\u0131c\u0131s\u0131n\u0131n genel m\u00fcd\u00fcrl\u00fc\u011f\u00fcn\u00fc \u00fcstlendi. Bir \u00e7ok organizasyon ve kurulu\u015fta internet s\u00fcperviz\u00f6rl\u00fc\u011f\u00fc , webmaster\u2019l\u0131\u011f\u0131 , IT direkt\u00f6rl\u00fc\u011f\u00fc ve dijital projeler koordinat\u00f6rl\u00fc\u011f\u00fc g\u00f6revlerinde bulundu. Farkl\u0131 \u00fcniversitelerin farkl\u0131 fak\u00fcltelerinde \u00f6\u011fretim g\u00f6revlisi olarak bulunmu\u015f olan \u00dcnald\u0131; \u015fu an teknoloji ve pazarlama konular\u0131 ba\u015fta olmak \u00fczere bir\u00e7ok alanda hizmet veren Unaldi Consultancy\u2019nin kurucusudur. \u2028Selin \u00dcnald\u0131 ile evlidir. Su ve Toprak isminde iki \u00e7ocu\u011fu vard\u0131r.","sameAs":["http:\/\/atif.unaldi.org\/blog","https:\/\/www.facebook.com\/atifunaldi","https:\/\/www.instagram.com\/atifunaldi\/","https:\/\/www.linkedin.com\/in\/atifunaldi","https:\/\/x.com\/https:\/\/twitter.com\/atifunaldi","https:\/\/www.youtube.com\/c\/atifunaldi","https:\/\/soundcloud.com\/atif-unaldi","https:\/\/atifunaldi.tumblr.com"],"url":"http:\/\/atif.unaldi.org\/blog\/author\/atifunaldi\/"}]}},"jetpack_featured_media_url":"","_links":{"self":[{"href":"http:\/\/atif.unaldi.org\/blog\/wp-json\/wp\/v2\/posts\/1802","targetHints":{"allow":["GET"]}}],"collection":[{"href":"http:\/\/atif.unaldi.org\/blog\/wp-json\/wp\/v2\/posts"}],"about":[{"href":"http:\/\/atif.unaldi.org\/blog\/wp-json\/wp\/v2\/types\/post"}],"author":[{"embeddable":true,"href":"http:\/\/atif.unaldi.org\/blog\/wp-json\/wp\/v2\/users\/2"}],"replies":[{"embeddable":true,"href":"http:\/\/atif.unaldi.org\/blog\/wp-json\/wp\/v2\/comments?post=1802"}],"version-history":[{"count":0,"href":"http:\/\/atif.unaldi.org\/blog\/wp-json\/wp\/v2\/posts\/1802\/revisions"}],"wp:attachment":[{"href":"http:\/\/atif.unaldi.org\/blog\/wp-json\/wp\/v2\/media?parent=1802"}],"wp:term":[{"taxonomy":"category","embeddable":true,"href":"http:\/\/atif.unaldi.org\/blog\/wp-json\/wp\/v2\/categories?post=1802"},{"taxonomy":"post_tag","embeddable":true,"href":"http:\/\/atif.unaldi.org\/blog\/wp-json\/wp\/v2\/tags?post=1802"}],"curies":[{"name":"wp","href":"https:\/\/api.w.org\/{rel}","templated":true}]}}