{"id":1804,"date":"2010-08-24T07:07:50","date_gmt":"2010-08-24T07:07:50","guid":{"rendered":"http:\/\/haberler.atifunaldi.info\/2010\/08\/24\/asus-u"},"modified":"2010-08-24T07:07:50","modified_gmt":"2010-08-24T07:07:50","slug":"asus-u","status":"publish","type":"post","link":"http:\/\/atif.unaldi.org\/blog\/2010\/08\/24\/asus-u\/","title":{"rendered":"ASUS U"},"content":{"rendered":"<div class='p_embed p_image_embed'>\n<a href=\"http:\/\/atifunaldi.files.wordpress.com\/2010\/08\/asus_u33jc_bamboo_notebook_fro-scaled-10001.jpg\"><img loading=\"lazy\" decoding=\"async\" alt=\"Asus_u33jc_bamboo_notebook_fro\" height=\"402\" src=\"http:\/\/atifunaldi.files.wordpress.com\/2010\/08\/asus_u33jc_bamboo_notebook_fro-scaled-10001.jpg?w=300\" width=\"500\" \/><\/a>\n<\/div>\n<p>ASUS, \u00fcst\u00fcn notebook bilgisayar kullan\u0131m\u0131 ve \u015f\u0131k ta\u015f\u0131nabilirlik <br \/>\u00f6zellikleriyle do\u011fal tasar\u0131m harikalar\u0131n\u0131 bir araya getiren, tamamen <br \/>yenilenmi\u015f Bambu Koleksiyonu ile ye\u015fil de\u011ferlere olan ba\u011fl\u0131l\u0131\u011f\u0131n\u0131 bir <br \/>kez daha kullan\u0131c\u0131lar\u0131n be\u011fenisine sunuyor. 2008 y\u0131l\u0131nda piyasaya <br \/>s\u00fcr\u00fclen ilk Bambu Serisinin devam\u0131 olan U Serisi Bambu Koleksiyonu, <br \/>kullan\u0131c\u0131lar\u0131n bilgisayar g\u00fcc\u00fc ve ba\u011flant\u0131 ihtiyac\u0131n\u0131 LOHAS (Sa\u011fl\u0131kl\u0131 <br \/>ve S\u00fcrd\u00fcr\u00fclebilir Ya\u015fam Tarzlar\u0131) ile birle\u015ftiriyor. Mesaj gayet net; <br \/>do\u011fay\u0131 korumak. \u00dcstelik yenilik\u00e7i tasar\u0131m ve g\u00fc\u00e7l\u00fc bilgisayar <br \/>potansiyelinden \u00f6d\u00fcn vermeden. <\/p>\n<p \/> Tasar\u0131m G\u00fczelli\u011fi <\/p>\n<p \/> \u015e\u0131k ve \u00e7evre bilincine sahip kullan\u0131c\u0131lar i\u00e7in tasarlanm\u0131\u015f olan U <br \/>Serisi Bambu Koleksiyonu notebooklar, orman\u0131n zamanla olgunla\u015ft\u0131\u011f\u0131 ve <br \/>de\u011fi\u015fti\u011fi gibi, insan ve makine aras\u0131nda bir ki\u015fisel yolculuk <br \/>tasarl\u0131yor. U Serisi Bambu Koleksiyonu, bambular\u0131n organik g\u00f6r\u00fcn\u00fcm\u00fc, <br \/>\u00f6zellikleri ve sa\u011flaml\u0131\u011f\u0131n\u0131 korumak \u00fczere fazla i\u015flemden ge\u00e7memi\u015f <br \/>kahverengi bambu d\u0131\u015f k\u0131s\u0131mlar\u0131ndan olu\u015fuyor. Hem notebook, hem de <br \/>do\u011fal ya\u015fam ikonu olan bu notebooklar, ince ama son derece fark <br \/>edilebilir zarif bir tasar\u0131m i\u00e7eriyor. Bambu notebook tasar\u0131m\u0131nda <br \/>do\u011fal bambu d\u0131\u015f kaplama, kullan\u0131m\u0131 rahat ve g\u00f6r\u00fcn\u00fcm\u00fc son derece \u015f\u0131k, <br \/>ince, f\u0131r\u00e7alanm\u0131\u015f al\u00fcminyum y\u00fczeyler, sorunsuz ve \u015f\u0131k klavye bir arada <br \/>sunuluyor. Bu farkl\u0131 tasar\u0131m\u0131n en belirgin avantajlar\u0131ndan birisi de <br \/>hafif yap\u0131s\u0131. Bambu Koleksiyonu notebooklar, kullan\u0131c\u0131lar\u0131n be\u011feni ve <br \/>\u00e7evresel sorumluluk alanlar\u0131nda ihtiya\u00e7lar\u0131na cevap verirken, <br \/>mobiliteyi de g\u00f6z ard\u0131 etmiyor. <\/p>\n<p \/> ASUS tasar\u0131mc\u0131lar\u0131 bambuyu sadece al\u0131ml\u0131 g\u00f6r\u00fcn\u00fcm\u00fc i\u00e7in se\u00e7medi. <br \/>Yap\u0131lan ara\u015ft\u0131rmalar g\u00f6steriyor ki bambu, kullan\u0131m\u0131n\u0131n bir b\u00fct\u00fcn <br \/>olarak \u00e7evre \u00fczerinde neredeyse hi\u00e7bir zararl\u0131 etkisi olmayan ve do\u011fal <br \/>kaynaklar\u0131 olumsuz y\u00f6nde t\u00fcketmeyen bir bitkidir. Bambu kullan\u0131m\u0131 ayn\u0131 <br \/>zamanda plastik kullan\u0131m\u0131n\u0131 da %15* oran\u0131nda azalt\u0131yor ve insanlar\u0131n <br \/>\u00fcst kalite, \u00f6zel tasar\u0131m mobilyalarda hissedebilece\u011fi organik bir his <br \/>sa\u011fl\u0131yor. Buna ek olarak Bambu notebooklar, %100 do\u011fal ve geri <br \/>d\u00f6n\u00fc\u015ft\u00fcr\u00fclebilir bambu hamurundan ve \u00f6rg\u00fcs\u00fcz ambalaj bezinden yap\u0131lan <br \/>\u00fcr\u00fcn ambalaj\u0131 ile paketleniyor. <\/p>\n<p \/> G\u00fczellik ve Performans Bir Arada <\/p>\n<p \/> ASUS, U Serisi Bambu Koleksiyonu notebooklar\u0131na y\u00fcksek miktarda zeka <br \/>y\u00fckl\u00fcyor. \u0130\u015flem y\u00fck\u00fcn\u00fc takip eden ve tam olarak do\u011fru miktarda g\u00fc\u00e7 <br \/>sa\u011flayan \u00f6zel S\u00fcper Hibrit Motoru (SHE), enerjiyi korumak ve b\u00f6ylece <br \/>pil \u00f6mr\u00fcn\u00fc uzatmak \u00fczere NVIDIA Optimus teknolojisi ile birlikte <br \/>\u00e7al\u0131\u015f\u0131yor. Optimus teknolojisi, sistem kullan\u0131m\u0131na ba\u011fl\u0131 olarak ak\u0131ll\u0131 <br \/>bir \u015fekilde y\u00fcksek performansl\u0131 grafikler ve normal entegre g\u00f6rseller <br \/>aras\u0131nda ge\u00e7i\u015f yap\u0131yor. M\u00fcmk\u00fcn oldu\u011funda, daha fazla enerji gerektiren <br \/>grafikler, pil \u00f6mr\u00fcn\u00fc uzatarak g\u00fcc\u00fc korumak i\u00e7in kapat\u0131l\u0131yor. <br \/>U Serisi Bambu Koleksiyonu notebooklar, masa\u00fcst\u00fc bilgisayar, notebook, <br \/>ak\u0131ll\u0131 telefon ve dijital kameralar ba\u015fta olmak \u00fczere bir \u00e7ok cihaza <br \/>kolayca senkronizasyon sa\u011flayan Syncables teknolojisini de <br \/>bar\u0131nd\u0131r\u0131yor. Bu; dosyalar\u0131n payla\u015f\u0131lmas\u0131n\u0131, verilerin yedeklenmesini <br \/>ve koleksiyonlara eri\u015fimi h\u0131zl\u0131 ve kolay k\u0131l\u0131yor. <\/p>\n<p \/> \u00c7ok daha y\u00fcksek h\u0131zlardaki veri transferlerine ge\u00e7i\u015f sa\u011flayan USB 3.0, <br \/>USB 2.0&#8217;a oranla on kata kadar daha h\u0131zl\u0131 veri transfer h\u0131z\u0131 sunuyor <br \/>ve geriye d\u00f6n\u00fck olarak mevcut t\u00fcm USB ayg\u0131tlar\u0131 destekliyor. USB 3.0, <br \/>USB 2.0&#8217;a oranla cihazlar\u0131 \u00e7ok daha h\u0131zl\u0131 \u015farj ediyor ve bunu yaparken <br \/>daha az g\u00fcce ihtiya\u00e7 duyuyor. <\/p>\n<p \/> G\u00f6r\u00fcnt\u00fc ve Ses G\u00fczelli\u011fi <\/p>\n<p \/> Her U Serisi Bambu Koleksiyonu notebook, ASUS&#8217;un hassas kalite g\u00fcvence <br \/>standartlar\u0131n\u0131 kar\u015f\u0131lamak \u00fczere kapsaml\u0131 bir \u015fekilde test ediliyor. <br \/>LCD paneller, \u00f6l\u00fc pikseller konusunda endi\u015feye gerek olmadan S\u0131f\u0131r <br \/>Parlak-Nokta garantisi ile birlikte geliyor. Notebooklar, g\u00f6r\u00fcnt\u00fclenen <br \/>i\u00e7erikten ba\u011f\u0131ms\u0131z olarak, renkleri, keskinli\u011fi ve di\u011fer g\u00f6rsel <br \/>parametreleri otomatik olarak en iyi de\u011ferlere ayarlayan ASUS Splendid <br \/>G\u00f6r\u00fcnt\u00fc Geli\u015ftirme Teknolojisine de sahip. Temiz ses \u00e7\u0131k\u0131\u015f\u0131 sa\u011flayan <br \/>SRS Premium Surround Sound teknolojisine sahip Hi-Fi hoparl\u00f6rler, <br \/>Bambu Koleksiyonunun sa\u011flam multimedya \u00f6zelliklerini tamaml\u0131yor.<\/p>\n","protected":false},"excerpt":{"rendered":"<p>ASUS, \u00fcst\u00fcn notebook bilgisayar kullan\u0131m\u0131 ve \u015f\u0131k ta\u015f\u0131nabilirlik \u00f6zellikleriyle do\u011fal tasar\u0131m harikalar\u0131n\u0131 bir araya getiren, tamamen yenilenmi\u015f Bambu Koleksiyonu ile ye\u015fil de\u011ferlere olan ba\u011fl\u0131l\u0131\u011f\u0131n\u0131 bir kez daha kullan\u0131c\u0131lar\u0131n be\u011fenisine sunuyor. 2008 y\u0131l\u0131nda piyasaya s\u00fcr\u00fclen ilk&#8230;<\/p>\n","protected":false},"author":2,"featured_media":0,"comment_status":"open","ping_status":"open","sticky":false,"template":"","format":"standard","meta":{"footnotes":""},"categories":[3],"tags":[],"class_list":["post-1804","post","type-post","status-publish","format-standard","hentry","category-blogum"],"yoast_head":"<!-- This site is optimized with the Yoast SEO plugin v26.8 - https:\/\/yoast.com\/product\/yoast-seo-wordpress\/ -->\n<title>ASUS U - At\u0131f \u00dcnald\u0131<\/title>\n<meta name=\"robots\" content=\"index, follow, max-snippet:-1, max-image-preview:large, max-video-preview:-1\" \/>\n<link rel=\"canonical\" href=\"http:\/\/atif.unaldi.org\/blog\/2010\/08\/24\/asus-u\/\" \/>\n<meta property=\"og:locale\" content=\"tr_TR\" \/>\n<meta property=\"og:type\" content=\"article\" \/>\n<meta property=\"og:title\" content=\"ASUS U - At\u0131f \u00dcnald\u0131\" \/>\n<meta property=\"og:description\" content=\"ASUS, \u00fcst\u00fcn notebook bilgisayar kullan\u0131m\u0131 ve \u015f\u0131k ta\u015f\u0131nabilirlik \u00f6zellikleriyle do\u011fal tasar\u0131m harikalar\u0131n\u0131 bir araya getiren, tamamen yenilenmi\u015f Bambu Koleksiyonu ile ye\u015fil de\u011ferlere olan ba\u011fl\u0131l\u0131\u011f\u0131n\u0131 bir kez daha kullan\u0131c\u0131lar\u0131n be\u011fenisine sunuyor. 2008 y\u0131l\u0131nda piyasaya s\u00fcr\u00fclen ilk...\" \/>\n<meta property=\"og:url\" content=\"http:\/\/atif.unaldi.org\/blog\/2010\/08\/24\/asus-u\/\" \/>\n<meta property=\"og:site_name\" content=\"At\u0131f \u00dcnald\u0131\" \/>\n<meta property=\"article:publisher\" content=\"https:\/\/www.facebook.com\/atifunaldi\" \/>\n<meta property=\"article:author\" content=\"https:\/\/www.facebook.com\/atifunaldi\" \/>\n<meta property=\"article:published_time\" content=\"2010-08-24T07:07:50+00:00\" \/>\n<meta property=\"og:image\" content=\"http:\/\/atifunaldi.files.wordpress.com\/2010\/08\/asus_u33jc_bamboo_notebook_fro-scaled-10001.jpg?w=300\" \/>\n<meta name=\"author\" content=\"Atif Unaldi\" \/>\n<meta name=\"twitter:card\" content=\"summary_large_image\" \/>\n<meta name=\"twitter:creator\" content=\"@https:\/\/twitter.com\/atifunaldi\" \/>\n<meta name=\"twitter:site\" content=\"@atifunaldi\" \/>\n<meta name=\"twitter:label1\" content=\"Yazan:\" \/>\n\t<meta name=\"twitter:data1\" content=\"Atif Unaldi\" \/>\n\t<meta name=\"twitter:label2\" content=\"Tahmini okuma s\u00fcresi\" \/>\n\t<meta name=\"twitter:data2\" content=\"4 dakika\" \/>\n<script type=\"application\/ld+json\" class=\"yoast-schema-graph\">{\"@context\":\"https:\/\/schema.org\",\"@graph\":[{\"@type\":\"Article\",\"@id\":\"http:\/\/atif.unaldi.org\/blog\/2010\/08\/24\/asus-u\/#article\",\"isPartOf\":{\"@id\":\"http:\/\/atif.unaldi.org\/blog\/2010\/08\/24\/asus-u\/\"},\"author\":{\"name\":\"Atif Unaldi\",\"@id\":\"http:\/\/atif.unaldi.org\/blog\/#\/schema\/person\/608ed42ecbda2bc5cfdb767ac1db479b\"},\"headline\":\"ASUS U\",\"datePublished\":\"2010-08-24T07:07:50+00:00\",\"mainEntityOfPage\":{\"@id\":\"http:\/\/atif.unaldi.org\/blog\/2010\/08\/24\/asus-u\/\"},\"wordCount\":722,\"commentCount\":0,\"publisher\":{\"@id\":\"http:\/\/atif.unaldi.org\/blog\/#\/schema\/person\/608ed42ecbda2bc5cfdb767ac1db479b\"},\"image\":{\"@id\":\"http:\/\/atif.unaldi.org\/blog\/2010\/08\/24\/asus-u\/#primaryimage\"},\"thumbnailUrl\":\"http:\/\/atifunaldi.files.wordpress.com\/2010\/08\/asus_u33jc_bamboo_notebook_fro-scaled-10001.jpg?w=300\",\"articleSection\":[\"Blogum\"],\"inLanguage\":\"tr\",\"potentialAction\":[{\"@type\":\"CommentAction\",\"name\":\"Comment\",\"target\":[\"http:\/\/atif.unaldi.org\/blog\/2010\/08\/24\/asus-u\/#respond\"]}]},{\"@type\":\"WebPage\",\"@id\":\"http:\/\/atif.unaldi.org\/blog\/2010\/08\/24\/asus-u\/\",\"url\":\"http:\/\/atif.unaldi.org\/blog\/2010\/08\/24\/asus-u\/\",\"name\":\"ASUS U - At\u0131f \u00dcnald\u0131\",\"isPartOf\":{\"@id\":\"http:\/\/atif.unaldi.org\/blog\/#website\"},\"primaryImageOfPage\":{\"@id\":\"http:\/\/atif.unaldi.org\/blog\/2010\/08\/24\/asus-u\/#primaryimage\"},\"image\":{\"@id\":\"http:\/\/atif.unaldi.org\/blog\/2010\/08\/24\/asus-u\/#primaryimage\"},\"thumbnailUrl\":\"http:\/\/atifunaldi.files.wordpress.com\/2010\/08\/asus_u33jc_bamboo_notebook_fro-scaled-10001.jpg?w=300\",\"datePublished\":\"2010-08-24T07:07:50+00:00\",\"breadcrumb\":{\"@id\":\"http:\/\/atif.unaldi.org\/blog\/2010\/08\/24\/asus-u\/#breadcrumb\"},\"inLanguage\":\"tr\",\"potentialAction\":[{\"@type\":\"ReadAction\",\"target\":[\"http:\/\/atif.unaldi.org\/blog\/2010\/08\/24\/asus-u\/\"]}]},{\"@type\":\"ImageObject\",\"inLanguage\":\"tr\",\"@id\":\"http:\/\/atif.unaldi.org\/blog\/2010\/08\/24\/asus-u\/#primaryimage\",\"url\":\"http:\/\/atifunaldi.files.wordpress.com\/2010\/08\/asus_u33jc_bamboo_notebook_fro-scaled-10001.jpg?w=300\",\"contentUrl\":\"http:\/\/atifunaldi.files.wordpress.com\/2010\/08\/asus_u33jc_bamboo_notebook_fro-scaled-10001.jpg?w=300\"},{\"@type\":\"BreadcrumbList\",\"@id\":\"http:\/\/atif.unaldi.org\/blog\/2010\/08\/24\/asus-u\/#breadcrumb\",\"itemListElement\":[{\"@type\":\"ListItem\",\"position\":1,\"name\":\"Anasayfa\",\"item\":\"http:\/\/atif.unaldi.org\/blog\/\"},{\"@type\":\"ListItem\",\"position\":2,\"name\":\"ASUS U\"}]},{\"@type\":\"WebSite\",\"@id\":\"http:\/\/atif.unaldi.org\/blog\/#website\",\"url\":\"http:\/\/atif.unaldi.org\/blog\/\",\"name\":\"At\u0131f \u00dcnald\u0131\",\"description\":\"Yazar\",\"publisher\":{\"@id\":\"http:\/\/atif.unaldi.org\/blog\/#\/schema\/person\/608ed42ecbda2bc5cfdb767ac1db479b\"},\"alternateName\":\"At\u0131f \u00dcnald\u0131 Blog\",\"potentialAction\":[{\"@type\":\"SearchAction\",\"target\":{\"@type\":\"EntryPoint\",\"urlTemplate\":\"http:\/\/atif.unaldi.org\/blog\/?s={search_term_string}\"},\"query-input\":{\"@type\":\"PropertyValueSpecification\",\"valueRequired\":true,\"valueName\":\"search_term_string\"}}],\"inLanguage\":\"tr\"},{\"@type\":[\"Person\",\"Organization\"],\"@id\":\"http:\/\/atif.unaldi.org\/blog\/#\/schema\/person\/608ed42ecbda2bc5cfdb767ac1db479b\",\"name\":\"Atif Unaldi\",\"image\":{\"@type\":\"ImageObject\",\"inLanguage\":\"tr\",\"@id\":\"http:\/\/atif.unaldi.org\/blog\/#\/schema\/person\/image\/\",\"url\":\"http:\/\/atif.unaldi.org\/blog\/wp-content\/uploads\/2022\/10\/cropped-a94e8f7a-67c4-4d65-8a5f-032ba784be53-2.jpg\",\"contentUrl\":\"http:\/\/atif.unaldi.org\/blog\/wp-content\/uploads\/2022\/10\/cropped-a94e8f7a-67c4-4d65-8a5f-032ba784be53-2.jpg\",\"width\":512,\"height\":512,\"caption\":\"Atif Unaldi\"},\"logo\":{\"@id\":\"http:\/\/atif.unaldi.org\/blog\/#\/schema\/person\/image\/\"},\"description\":\"Bo\u011fazi\u00e7i \u00dcniversitesinde Fizik B\u00f6l\u00fcm\u00fc\u2019nde e\u011fitim ald\u0131\u011f\u0131 y\u0131llarda T\u00fcrkiye\u2019de ilk kez iki bilgisayar\u0131 telefon hatlar\u0131 \u00fczerinden konu\u015fturan BBS sistemini kurarak, T\u00fcrkiye\u2019deki ilk internet a\u011f\u0131n\u0131 olu\u015fturmu\u015ftur. Bir \u00e7ok radyo ve televizyonda program yap\u0131mc\u0131l\u0131\u011f\u0131 ve sunuculu\u011funu, bir \u00e7ok teknoloji dergisinde k\u00f6\u015fe yazarl\u0131\u011f\u0131, bili\u015fim edit\u00f6rl\u00fc\u011f\u00fc ve genel yay\u0131n y\u00f6netmenli\u011fi yapt\u0131. T\u00fcrkiye\u2019deki ilk internet servis sa\u011flay\u0131c\u0131s\u0131n\u0131n genel m\u00fcd\u00fcrl\u00fc\u011f\u00fcn\u00fc \u00fcstlendi. Bir \u00e7ok organizasyon ve kurulu\u015fta internet s\u00fcperviz\u00f6rl\u00fc\u011f\u00fc , webmaster\u2019l\u0131\u011f\u0131 , IT direkt\u00f6rl\u00fc\u011f\u00fc ve dijital projeler koordinat\u00f6rl\u00fc\u011f\u00fc g\u00f6revlerinde bulundu. Farkl\u0131 \u00fcniversitelerin farkl\u0131 fak\u00fcltelerinde \u00f6\u011fretim g\u00f6revlisi olarak bulunmu\u015f olan \u00dcnald\u0131; \u015fu an teknoloji ve pazarlama konular\u0131 ba\u015fta olmak \u00fczere bir\u00e7ok alanda hizmet veren Unaldi Consultancy\u2019nin kurucusudur. \\u2028Selin \u00dcnald\u0131 ile evlidir. Su ve Toprak isminde iki \u00e7ocu\u011fu vard\u0131r.\",\"sameAs\":[\"http:\/\/atif.unaldi.org\/blog\",\"https:\/\/www.facebook.com\/atifunaldi\",\"https:\/\/www.instagram.com\/atifunaldi\/\",\"https:\/\/www.linkedin.com\/in\/atifunaldi\",\"https:\/\/x.com\/https:\/\/twitter.com\/atifunaldi\",\"https:\/\/www.youtube.com\/c\/atifunaldi\",\"https:\/\/soundcloud.com\/atif-unaldi\",\"https:\/\/atifunaldi.tumblr.com\"],\"url\":\"http:\/\/atif.unaldi.org\/blog\/author\/atifunaldi\/\"}]}<\/script>\n<!-- \/ Yoast SEO plugin. -->","yoast_head_json":{"title":"ASUS U - At\u0131f \u00dcnald\u0131","robots":{"index":"index","follow":"follow","max-snippet":"max-snippet:-1","max-image-preview":"max-image-preview:large","max-video-preview":"max-video-preview:-1"},"canonical":"http:\/\/atif.unaldi.org\/blog\/2010\/08\/24\/asus-u\/","og_locale":"tr_TR","og_type":"article","og_title":"ASUS U - At\u0131f \u00dcnald\u0131","og_description":"ASUS, \u00fcst\u00fcn notebook bilgisayar kullan\u0131m\u0131 ve \u015f\u0131k ta\u015f\u0131nabilirlik \u00f6zellikleriyle do\u011fal tasar\u0131m harikalar\u0131n\u0131 bir araya getiren, tamamen yenilenmi\u015f Bambu Koleksiyonu ile ye\u015fil de\u011ferlere olan ba\u011fl\u0131l\u0131\u011f\u0131n\u0131 bir kez daha kullan\u0131c\u0131lar\u0131n be\u011fenisine sunuyor. 2008 y\u0131l\u0131nda piyasaya s\u00fcr\u00fclen ilk...","og_url":"http:\/\/atif.unaldi.org\/blog\/2010\/08\/24\/asus-u\/","og_site_name":"At\u0131f \u00dcnald\u0131","article_publisher":"https:\/\/www.facebook.com\/atifunaldi","article_author":"https:\/\/www.facebook.com\/atifunaldi","article_published_time":"2010-08-24T07:07:50+00:00","og_image":[{"url":"http:\/\/atifunaldi.files.wordpress.com\/2010\/08\/asus_u33jc_bamboo_notebook_fro-scaled-10001.jpg?w=300","type":"","width":"","height":""}],"author":"Atif Unaldi","twitter_card":"summary_large_image","twitter_creator":"@https:\/\/twitter.com\/atifunaldi","twitter_site":"@atifunaldi","twitter_misc":{"Yazan:":"Atif Unaldi","Tahmini okuma s\u00fcresi":"4 dakika"},"schema":{"@context":"https:\/\/schema.org","@graph":[{"@type":"Article","@id":"http:\/\/atif.unaldi.org\/blog\/2010\/08\/24\/asus-u\/#article","isPartOf":{"@id":"http:\/\/atif.unaldi.org\/blog\/2010\/08\/24\/asus-u\/"},"author":{"name":"Atif Unaldi","@id":"http:\/\/atif.unaldi.org\/blog\/#\/schema\/person\/608ed42ecbda2bc5cfdb767ac1db479b"},"headline":"ASUS U","datePublished":"2010-08-24T07:07:50+00:00","mainEntityOfPage":{"@id":"http:\/\/atif.unaldi.org\/blog\/2010\/08\/24\/asus-u\/"},"wordCount":722,"commentCount":0,"publisher":{"@id":"http:\/\/atif.unaldi.org\/blog\/#\/schema\/person\/608ed42ecbda2bc5cfdb767ac1db479b"},"image":{"@id":"http:\/\/atif.unaldi.org\/blog\/2010\/08\/24\/asus-u\/#primaryimage"},"thumbnailUrl":"http:\/\/atifunaldi.files.wordpress.com\/2010\/08\/asus_u33jc_bamboo_notebook_fro-scaled-10001.jpg?w=300","articleSection":["Blogum"],"inLanguage":"tr","potentialAction":[{"@type":"CommentAction","name":"Comment","target":["http:\/\/atif.unaldi.org\/blog\/2010\/08\/24\/asus-u\/#respond"]}]},{"@type":"WebPage","@id":"http:\/\/atif.unaldi.org\/blog\/2010\/08\/24\/asus-u\/","url":"http:\/\/atif.unaldi.org\/blog\/2010\/08\/24\/asus-u\/","name":"ASUS U - At\u0131f \u00dcnald\u0131","isPartOf":{"@id":"http:\/\/atif.unaldi.org\/blog\/#website"},"primaryImageOfPage":{"@id":"http:\/\/atif.unaldi.org\/blog\/2010\/08\/24\/asus-u\/#primaryimage"},"image":{"@id":"http:\/\/atif.unaldi.org\/blog\/2010\/08\/24\/asus-u\/#primaryimage"},"thumbnailUrl":"http:\/\/atifunaldi.files.wordpress.com\/2010\/08\/asus_u33jc_bamboo_notebook_fro-scaled-10001.jpg?w=300","datePublished":"2010-08-24T07:07:50+00:00","breadcrumb":{"@id":"http:\/\/atif.unaldi.org\/blog\/2010\/08\/24\/asus-u\/#breadcrumb"},"inLanguage":"tr","potentialAction":[{"@type":"ReadAction","target":["http:\/\/atif.unaldi.org\/blog\/2010\/08\/24\/asus-u\/"]}]},{"@type":"ImageObject","inLanguage":"tr","@id":"http:\/\/atif.unaldi.org\/blog\/2010\/08\/24\/asus-u\/#primaryimage","url":"http:\/\/atifunaldi.files.wordpress.com\/2010\/08\/asus_u33jc_bamboo_notebook_fro-scaled-10001.jpg?w=300","contentUrl":"http:\/\/atifunaldi.files.wordpress.com\/2010\/08\/asus_u33jc_bamboo_notebook_fro-scaled-10001.jpg?w=300"},{"@type":"BreadcrumbList","@id":"http:\/\/atif.unaldi.org\/blog\/2010\/08\/24\/asus-u\/#breadcrumb","itemListElement":[{"@type":"ListItem","position":1,"name":"Anasayfa","item":"http:\/\/atif.unaldi.org\/blog\/"},{"@type":"ListItem","position":2,"name":"ASUS U"}]},{"@type":"WebSite","@id":"http:\/\/atif.unaldi.org\/blog\/#website","url":"http:\/\/atif.unaldi.org\/blog\/","name":"At\u0131f \u00dcnald\u0131","description":"Yazar","publisher":{"@id":"http:\/\/atif.unaldi.org\/blog\/#\/schema\/person\/608ed42ecbda2bc5cfdb767ac1db479b"},"alternateName":"At\u0131f \u00dcnald\u0131 Blog","potentialAction":[{"@type":"SearchAction","target":{"@type":"EntryPoint","urlTemplate":"http:\/\/atif.unaldi.org\/blog\/?s={search_term_string}"},"query-input":{"@type":"PropertyValueSpecification","valueRequired":true,"valueName":"search_term_string"}}],"inLanguage":"tr"},{"@type":["Person","Organization"],"@id":"http:\/\/atif.unaldi.org\/blog\/#\/schema\/person\/608ed42ecbda2bc5cfdb767ac1db479b","name":"Atif Unaldi","image":{"@type":"ImageObject","inLanguage":"tr","@id":"http:\/\/atif.unaldi.org\/blog\/#\/schema\/person\/image\/","url":"http:\/\/atif.unaldi.org\/blog\/wp-content\/uploads\/2022\/10\/cropped-a94e8f7a-67c4-4d65-8a5f-032ba784be53-2.jpg","contentUrl":"http:\/\/atif.unaldi.org\/blog\/wp-content\/uploads\/2022\/10\/cropped-a94e8f7a-67c4-4d65-8a5f-032ba784be53-2.jpg","width":512,"height":512,"caption":"Atif Unaldi"},"logo":{"@id":"http:\/\/atif.unaldi.org\/blog\/#\/schema\/person\/image\/"},"description":"Bo\u011fazi\u00e7i \u00dcniversitesinde Fizik B\u00f6l\u00fcm\u00fc\u2019nde e\u011fitim ald\u0131\u011f\u0131 y\u0131llarda T\u00fcrkiye\u2019de ilk kez iki bilgisayar\u0131 telefon hatlar\u0131 \u00fczerinden konu\u015fturan BBS sistemini kurarak, T\u00fcrkiye\u2019deki ilk internet a\u011f\u0131n\u0131 olu\u015fturmu\u015ftur. Bir \u00e7ok radyo ve televizyonda program yap\u0131mc\u0131l\u0131\u011f\u0131 ve sunuculu\u011funu, bir \u00e7ok teknoloji dergisinde k\u00f6\u015fe yazarl\u0131\u011f\u0131, bili\u015fim edit\u00f6rl\u00fc\u011f\u00fc ve genel yay\u0131n y\u00f6netmenli\u011fi yapt\u0131. T\u00fcrkiye\u2019deki ilk internet servis sa\u011flay\u0131c\u0131s\u0131n\u0131n genel m\u00fcd\u00fcrl\u00fc\u011f\u00fcn\u00fc \u00fcstlendi. Bir \u00e7ok organizasyon ve kurulu\u015fta internet s\u00fcperviz\u00f6rl\u00fc\u011f\u00fc , webmaster\u2019l\u0131\u011f\u0131 , IT direkt\u00f6rl\u00fc\u011f\u00fc ve dijital projeler koordinat\u00f6rl\u00fc\u011f\u00fc g\u00f6revlerinde bulundu. Farkl\u0131 \u00fcniversitelerin farkl\u0131 fak\u00fcltelerinde \u00f6\u011fretim g\u00f6revlisi olarak bulunmu\u015f olan \u00dcnald\u0131; \u015fu an teknoloji ve pazarlama konular\u0131 ba\u015fta olmak \u00fczere bir\u00e7ok alanda hizmet veren Unaldi Consultancy\u2019nin kurucusudur. \u2028Selin \u00dcnald\u0131 ile evlidir. Su ve Toprak isminde iki \u00e7ocu\u011fu vard\u0131r.","sameAs":["http:\/\/atif.unaldi.org\/blog","https:\/\/www.facebook.com\/atifunaldi","https:\/\/www.instagram.com\/atifunaldi\/","https:\/\/www.linkedin.com\/in\/atifunaldi","https:\/\/x.com\/https:\/\/twitter.com\/atifunaldi","https:\/\/www.youtube.com\/c\/atifunaldi","https:\/\/soundcloud.com\/atif-unaldi","https:\/\/atifunaldi.tumblr.com"],"url":"http:\/\/atif.unaldi.org\/blog\/author\/atifunaldi\/"}]}},"jetpack_featured_media_url":"","_links":{"self":[{"href":"http:\/\/atif.unaldi.org\/blog\/wp-json\/wp\/v2\/posts\/1804","targetHints":{"allow":["GET"]}}],"collection":[{"href":"http:\/\/atif.unaldi.org\/blog\/wp-json\/wp\/v2\/posts"}],"about":[{"href":"http:\/\/atif.unaldi.org\/blog\/wp-json\/wp\/v2\/types\/post"}],"author":[{"embeddable":true,"href":"http:\/\/atif.unaldi.org\/blog\/wp-json\/wp\/v2\/users\/2"}],"replies":[{"embeddable":true,"href":"http:\/\/atif.unaldi.org\/blog\/wp-json\/wp\/v2\/comments?post=1804"}],"version-history":[{"count":0,"href":"http:\/\/atif.unaldi.org\/blog\/wp-json\/wp\/v2\/posts\/1804\/revisions"}],"wp:attachment":[{"href":"http:\/\/atif.unaldi.org\/blog\/wp-json\/wp\/v2\/media?parent=1804"}],"wp:term":[{"taxonomy":"category","embeddable":true,"href":"http:\/\/atif.unaldi.org\/blog\/wp-json\/wp\/v2\/categories?post=1804"},{"taxonomy":"post_tag","embeddable":true,"href":"http:\/\/atif.unaldi.org\/blog\/wp-json\/wp\/v2\/tags?post=1804"}],"curies":[{"name":"wp","href":"https:\/\/api.w.org\/{rel}","templated":true}]}}