{"id":1805,"date":"2010-08-24T09:02:29","date_gmt":"2010-08-24T09:02:29","guid":{"rendered":"http:\/\/haberler.atifunaldi.info\/2010\/08\/24\/ligne-roset"},"modified":"2010-08-24T09:02:29","modified_gmt":"2010-08-24T09:02:29","slug":"ligne-roset","status":"publish","type":"post","link":"http:\/\/atif.unaldi.org\/blog\/2010\/08\/24\/ligne-roset\/","title":{"rendered":"Ligne Roset"},"content":{"rendered":"<p>Rahatl\u0131\u011f\u0131 \u00f6n plana \u00e7\u0131karan tekli koltuklar, tasar\u0131mlar\u0131 ve formlar\u0131yla <br \/>\u00f6zel bir tarz olu\u015fturan kitapl\u0131klar ya da kullan\u0131\u015fl\u0131 bir alan yaratan <br \/>sehpalar&#8230; Bu sezon Ligne Roset \u00fcr\u00fcnleriyle kendinize \u00f6zel, rahat ve <br \/>tasar\u0131m k\u00f6\u015feler olu\u015fturabilirsiniz. Ayaklar\u0131n\u0131z\u0131 uzatarak keyifle film <br \/>izleyebilece\u011finiz koltuklardan, t\u00fcm kitaplar\u0131n\u0131z\u0131 \u00e7ok farkl\u0131 bir <br \/>\u015fekilde yerle\u015ftirebilece\u011finiz \u00f6zel tasar\u0131m kitapl\u0131klara kadar bir\u00e7ok <br \/>\u00fcr\u00fcn\u00fc Ligne Roset&#8217;de bulman\u0131z m\u00fcmk\u00fcn. <br \/>Ligne Roset&#8217;nin Alban-S\u00e9bastien Gilles tasar\u0131m\u0131 olan Neo tekli koltu\u011fu <br \/>geometrik tasar\u0131m\u0131 ile geni\u015f ya\u015fam alanlar\u0131na uygun bir tarza sahip. <br \/>Neo, sallanabilen ya da sabit olan, kollu ya da kolsuz modelleriyle <br \/>bir\u00e7ok ihtiyaca hitap edebilen \u00f6zelliklere sahip. Yan\u0131nda taburesi de <br \/>bulunan Neo tekli koltuk, \u00f6zellikle erkekler i\u00e7in \u00e7ok rahat bir <br \/>kullan\u0131m sunuyor. Pierre Paulin imzas\u0131n\u0131 ta\u015f\u0131yan Archi tekli koltuk <br \/>ise sa\u011flad\u0131\u011f\u0131 konforla vazge\u00e7emeyece\u011finiz modellerden biri. Y\u00fcksek <br \/>s\u0131rt k\u0131sm\u0131 ve ergonomik tasar\u0131m\u0131yla Archi \u00f6zel bir se\u00e7im. Size \u00f6zel <br \/>k\u00f6\u015feniz i\u00e7in farkl\u0131 tasar\u0131ma sahip bir sehpa aray\u0131\u015f\u0131n\u0131z varsa ya da <br \/>davetleriniz i\u00e7in ideal bir sehpa ar\u0131yorsan\u0131z, Ligne Roset&#8217;nin <br \/>Chanterelle modelini tercih edebilirsiniz. Kitaplar\u0131ndan <br \/>vazge\u00e7emeyenler i\u00e7in de Ligne Roset&#8217;de \u00e7ok \u00f6zel bir tasar\u0131m bulunuyor. <br \/>Peter Maly tasar\u0131m\u0131 olan Lines kitapl\u0131k farkl\u0131 \u00e7izgilere sahip raflar\u0131 <br \/>ve modern tarz\u0131yla mekanlarda dikkat \u00e7ekici bir etki yarat\u0131yor. <br \/>Bir evin t\u00fcm dekorasyon ihtiyac\u0131n\u0131 kar\u015f\u0131layabilecek geni\u015flikte bir <br \/>\u00fcr\u00fcn yelpazesine sahip olan Ligne Roset \u00fclkemizde 2 ma\u011fazayla hizmet <br \/>veriyor: <\/p>\n<p \/> Etiler ma\u011fazas\u0131: Ebulula Mardin Caddesi No: 1\/1 1. Levent (Tel: 0212 270 82 30) <\/p>\n<p \/> \u0130CA Plaza: \u015eerifali \u00c7iftli\u011fi Arif Ay Sokak No: 8 Ata\u015fehir (Tel: 0216 314 31 31) <br \/><a href=\"http:\/\/www.ligneroset.com.tr\">www.ligneroset.com.tr<\/a> internet adresinden Ligne Roset ve \u00fcr\u00fcnleri <br \/>hakk\u0131nda ayr\u0131nt\u0131l\u0131 bilgi al\u0131nabiliyor.<\/p>\n","protected":false},"excerpt":{"rendered":"<p>Rahatl\u0131\u011f\u0131 \u00f6n plana \u00e7\u0131karan tekli koltuklar, tasar\u0131mlar\u0131 ve formlar\u0131yla \u00f6zel bir tarz olu\u015fturan kitapl\u0131klar ya da kullan\u0131\u015fl\u0131 bir alan yaratan sehpalar&#8230; Bu sezon Ligne Roset \u00fcr\u00fcnleriyle kendinize \u00f6zel, rahat ve tasar\u0131m k\u00f6\u015feler olu\u015fturabilirsiniz. Ayaklar\u0131n\u0131z\u0131 uzatarak&#8230;<\/p>\n","protected":false},"author":2,"featured_media":0,"comment_status":"open","ping_status":"open","sticky":false,"template":"","format":"standard","meta":{"footnotes":""},"categories":[3],"tags":[],"class_list":["post-1805","post","type-post","status-publish","format-standard","hentry","category-blogum"],"yoast_head":"<!-- This site is optimized with the Yoast SEO plugin v26.8 - https:\/\/yoast.com\/product\/yoast-seo-wordpress\/ -->\n<title>Ligne Roset - At\u0131f \u00dcnald\u0131<\/title>\n<meta name=\"robots\" content=\"index, follow, max-snippet:-1, max-image-preview:large, max-video-preview:-1\" \/>\n<link rel=\"canonical\" href=\"http:\/\/atif.unaldi.org\/blog\/2010\/08\/24\/ligne-roset\/\" \/>\n<meta property=\"og:locale\" content=\"tr_TR\" \/>\n<meta property=\"og:type\" content=\"article\" \/>\n<meta property=\"og:title\" content=\"Ligne Roset - At\u0131f \u00dcnald\u0131\" \/>\n<meta property=\"og:description\" content=\"Rahatl\u0131\u011f\u0131 \u00f6n plana \u00e7\u0131karan tekli koltuklar, tasar\u0131mlar\u0131 ve formlar\u0131yla \u00f6zel bir tarz olu\u015fturan kitapl\u0131klar ya da kullan\u0131\u015fl\u0131 bir alan yaratan sehpalar&#8230; Bu sezon Ligne Roset \u00fcr\u00fcnleriyle kendinize \u00f6zel, rahat ve tasar\u0131m k\u00f6\u015feler olu\u015fturabilirsiniz. Ayaklar\u0131n\u0131z\u0131 uzatarak...\" \/>\n<meta property=\"og:url\" content=\"http:\/\/atif.unaldi.org\/blog\/2010\/08\/24\/ligne-roset\/\" \/>\n<meta property=\"og:site_name\" content=\"At\u0131f \u00dcnald\u0131\" \/>\n<meta property=\"article:publisher\" content=\"https:\/\/www.facebook.com\/atifunaldi\" \/>\n<meta property=\"article:author\" content=\"https:\/\/www.facebook.com\/atifunaldi\" \/>\n<meta property=\"article:published_time\" content=\"2010-08-24T09:02:29+00:00\" \/>\n<meta name=\"author\" content=\"Atif Unaldi\" \/>\n<meta name=\"twitter:card\" content=\"summary_large_image\" \/>\n<meta name=\"twitter:creator\" content=\"@https:\/\/twitter.com\/atifunaldi\" \/>\n<meta name=\"twitter:site\" content=\"@atifunaldi\" \/>\n<meta name=\"twitter:label1\" content=\"Yazan:\" \/>\n\t<meta name=\"twitter:data1\" content=\"Atif Unaldi\" \/>\n\t<meta name=\"twitter:label2\" content=\"Tahmini okuma s\u00fcresi\" \/>\n\t<meta name=\"twitter:data2\" content=\"2 dakika\" \/>\n<script type=\"application\/ld+json\" class=\"yoast-schema-graph\">{\"@context\":\"https:\/\/schema.org\",\"@graph\":[{\"@type\":\"Article\",\"@id\":\"http:\/\/atif.unaldi.org\/blog\/2010\/08\/24\/ligne-roset\/#article\",\"isPartOf\":{\"@id\":\"http:\/\/atif.unaldi.org\/blog\/2010\/08\/24\/ligne-roset\/\"},\"author\":{\"name\":\"Atif Unaldi\",\"@id\":\"http:\/\/atif.unaldi.org\/blog\/#\/schema\/person\/608ed42ecbda2bc5cfdb767ac1db479b\"},\"headline\":\"Ligne Roset\",\"datePublished\":\"2010-08-24T09:02:29+00:00\",\"mainEntityOfPage\":{\"@id\":\"http:\/\/atif.unaldi.org\/blog\/2010\/08\/24\/ligne-roset\/\"},\"wordCount\":312,\"commentCount\":0,\"publisher\":{\"@id\":\"http:\/\/atif.unaldi.org\/blog\/#\/schema\/person\/608ed42ecbda2bc5cfdb767ac1db479b\"},\"articleSection\":[\"Blogum\"],\"inLanguage\":\"tr\",\"potentialAction\":[{\"@type\":\"CommentAction\",\"name\":\"Comment\",\"target\":[\"http:\/\/atif.unaldi.org\/blog\/2010\/08\/24\/ligne-roset\/#respond\"]}]},{\"@type\":\"WebPage\",\"@id\":\"http:\/\/atif.unaldi.org\/blog\/2010\/08\/24\/ligne-roset\/\",\"url\":\"http:\/\/atif.unaldi.org\/blog\/2010\/08\/24\/ligne-roset\/\",\"name\":\"Ligne Roset - At\u0131f \u00dcnald\u0131\",\"isPartOf\":{\"@id\":\"http:\/\/atif.unaldi.org\/blog\/#website\"},\"datePublished\":\"2010-08-24T09:02:29+00:00\",\"breadcrumb\":{\"@id\":\"http:\/\/atif.unaldi.org\/blog\/2010\/08\/24\/ligne-roset\/#breadcrumb\"},\"inLanguage\":\"tr\",\"potentialAction\":[{\"@type\":\"ReadAction\",\"target\":[\"http:\/\/atif.unaldi.org\/blog\/2010\/08\/24\/ligne-roset\/\"]}]},{\"@type\":\"BreadcrumbList\",\"@id\":\"http:\/\/atif.unaldi.org\/blog\/2010\/08\/24\/ligne-roset\/#breadcrumb\",\"itemListElement\":[{\"@type\":\"ListItem\",\"position\":1,\"name\":\"Anasayfa\",\"item\":\"http:\/\/atif.unaldi.org\/blog\/\"},{\"@type\":\"ListItem\",\"position\":2,\"name\":\"Ligne Roset\"}]},{\"@type\":\"WebSite\",\"@id\":\"http:\/\/atif.unaldi.org\/blog\/#website\",\"url\":\"http:\/\/atif.unaldi.org\/blog\/\",\"name\":\"At\u0131f \u00dcnald\u0131\",\"description\":\"Yazar\",\"publisher\":{\"@id\":\"http:\/\/atif.unaldi.org\/blog\/#\/schema\/person\/608ed42ecbda2bc5cfdb767ac1db479b\"},\"alternateName\":\"At\u0131f \u00dcnald\u0131 Blog\",\"potentialAction\":[{\"@type\":\"SearchAction\",\"target\":{\"@type\":\"EntryPoint\",\"urlTemplate\":\"http:\/\/atif.unaldi.org\/blog\/?s={search_term_string}\"},\"query-input\":{\"@type\":\"PropertyValueSpecification\",\"valueRequired\":true,\"valueName\":\"search_term_string\"}}],\"inLanguage\":\"tr\"},{\"@type\":[\"Person\",\"Organization\"],\"@id\":\"http:\/\/atif.unaldi.org\/blog\/#\/schema\/person\/608ed42ecbda2bc5cfdb767ac1db479b\",\"name\":\"Atif Unaldi\",\"image\":{\"@type\":\"ImageObject\",\"inLanguage\":\"tr\",\"@id\":\"http:\/\/atif.unaldi.org\/blog\/#\/schema\/person\/image\/\",\"url\":\"http:\/\/atif.unaldi.org\/blog\/wp-content\/uploads\/2022\/10\/cropped-a94e8f7a-67c4-4d65-8a5f-032ba784be53-2.jpg\",\"contentUrl\":\"http:\/\/atif.unaldi.org\/blog\/wp-content\/uploads\/2022\/10\/cropped-a94e8f7a-67c4-4d65-8a5f-032ba784be53-2.jpg\",\"width\":512,\"height\":512,\"caption\":\"Atif Unaldi\"},\"logo\":{\"@id\":\"http:\/\/atif.unaldi.org\/blog\/#\/schema\/person\/image\/\"},\"description\":\"Bo\u011fazi\u00e7i \u00dcniversitesinde Fizik B\u00f6l\u00fcm\u00fc\u2019nde e\u011fitim ald\u0131\u011f\u0131 y\u0131llarda T\u00fcrkiye\u2019de ilk kez iki bilgisayar\u0131 telefon hatlar\u0131 \u00fczerinden konu\u015fturan BBS sistemini kurarak, T\u00fcrkiye\u2019deki ilk internet a\u011f\u0131n\u0131 olu\u015fturmu\u015ftur. Bir \u00e7ok radyo ve televizyonda program yap\u0131mc\u0131l\u0131\u011f\u0131 ve sunuculu\u011funu, bir \u00e7ok teknoloji dergisinde k\u00f6\u015fe yazarl\u0131\u011f\u0131, bili\u015fim edit\u00f6rl\u00fc\u011f\u00fc ve genel yay\u0131n y\u00f6netmenli\u011fi yapt\u0131. T\u00fcrkiye\u2019deki ilk internet servis sa\u011flay\u0131c\u0131s\u0131n\u0131n genel m\u00fcd\u00fcrl\u00fc\u011f\u00fcn\u00fc \u00fcstlendi. Bir \u00e7ok organizasyon ve kurulu\u015fta internet s\u00fcperviz\u00f6rl\u00fc\u011f\u00fc , webmaster\u2019l\u0131\u011f\u0131 , IT direkt\u00f6rl\u00fc\u011f\u00fc ve dijital projeler koordinat\u00f6rl\u00fc\u011f\u00fc g\u00f6revlerinde bulundu. Farkl\u0131 \u00fcniversitelerin farkl\u0131 fak\u00fcltelerinde \u00f6\u011fretim g\u00f6revlisi olarak bulunmu\u015f olan \u00dcnald\u0131; \u015fu an teknoloji ve pazarlama konular\u0131 ba\u015fta olmak \u00fczere bir\u00e7ok alanda hizmet veren Unaldi Consultancy\u2019nin kurucusudur. \\u2028Selin \u00dcnald\u0131 ile evlidir. Su ve Toprak isminde iki \u00e7ocu\u011fu vard\u0131r.\",\"sameAs\":[\"http:\/\/atif.unaldi.org\/blog\",\"https:\/\/www.facebook.com\/atifunaldi\",\"https:\/\/www.instagram.com\/atifunaldi\/\",\"https:\/\/www.linkedin.com\/in\/atifunaldi\",\"https:\/\/x.com\/https:\/\/twitter.com\/atifunaldi\",\"https:\/\/www.youtube.com\/c\/atifunaldi\",\"https:\/\/soundcloud.com\/atif-unaldi\",\"https:\/\/atifunaldi.tumblr.com\"],\"url\":\"http:\/\/atif.unaldi.org\/blog\/author\/atifunaldi\/\"}]}<\/script>\n<!-- \/ Yoast SEO plugin. -->","yoast_head_json":{"title":"Ligne Roset - At\u0131f \u00dcnald\u0131","robots":{"index":"index","follow":"follow","max-snippet":"max-snippet:-1","max-image-preview":"max-image-preview:large","max-video-preview":"max-video-preview:-1"},"canonical":"http:\/\/atif.unaldi.org\/blog\/2010\/08\/24\/ligne-roset\/","og_locale":"tr_TR","og_type":"article","og_title":"Ligne Roset - At\u0131f \u00dcnald\u0131","og_description":"Rahatl\u0131\u011f\u0131 \u00f6n plana \u00e7\u0131karan tekli koltuklar, tasar\u0131mlar\u0131 ve formlar\u0131yla \u00f6zel bir tarz olu\u015fturan kitapl\u0131klar ya da kullan\u0131\u015fl\u0131 bir alan yaratan sehpalar&#8230; Bu sezon Ligne Roset \u00fcr\u00fcnleriyle kendinize \u00f6zel, rahat ve tasar\u0131m k\u00f6\u015feler olu\u015fturabilirsiniz. Ayaklar\u0131n\u0131z\u0131 uzatarak...","og_url":"http:\/\/atif.unaldi.org\/blog\/2010\/08\/24\/ligne-roset\/","og_site_name":"At\u0131f \u00dcnald\u0131","article_publisher":"https:\/\/www.facebook.com\/atifunaldi","article_author":"https:\/\/www.facebook.com\/atifunaldi","article_published_time":"2010-08-24T09:02:29+00:00","author":"Atif Unaldi","twitter_card":"summary_large_image","twitter_creator":"@https:\/\/twitter.com\/atifunaldi","twitter_site":"@atifunaldi","twitter_misc":{"Yazan:":"Atif Unaldi","Tahmini okuma s\u00fcresi":"2 dakika"},"schema":{"@context":"https:\/\/schema.org","@graph":[{"@type":"Article","@id":"http:\/\/atif.unaldi.org\/blog\/2010\/08\/24\/ligne-roset\/#article","isPartOf":{"@id":"http:\/\/atif.unaldi.org\/blog\/2010\/08\/24\/ligne-roset\/"},"author":{"name":"Atif Unaldi","@id":"http:\/\/atif.unaldi.org\/blog\/#\/schema\/person\/608ed42ecbda2bc5cfdb767ac1db479b"},"headline":"Ligne Roset","datePublished":"2010-08-24T09:02:29+00:00","mainEntityOfPage":{"@id":"http:\/\/atif.unaldi.org\/blog\/2010\/08\/24\/ligne-roset\/"},"wordCount":312,"commentCount":0,"publisher":{"@id":"http:\/\/atif.unaldi.org\/blog\/#\/schema\/person\/608ed42ecbda2bc5cfdb767ac1db479b"},"articleSection":["Blogum"],"inLanguage":"tr","potentialAction":[{"@type":"CommentAction","name":"Comment","target":["http:\/\/atif.unaldi.org\/blog\/2010\/08\/24\/ligne-roset\/#respond"]}]},{"@type":"WebPage","@id":"http:\/\/atif.unaldi.org\/blog\/2010\/08\/24\/ligne-roset\/","url":"http:\/\/atif.unaldi.org\/blog\/2010\/08\/24\/ligne-roset\/","name":"Ligne Roset - At\u0131f \u00dcnald\u0131","isPartOf":{"@id":"http:\/\/atif.unaldi.org\/blog\/#website"},"datePublished":"2010-08-24T09:02:29+00:00","breadcrumb":{"@id":"http:\/\/atif.unaldi.org\/blog\/2010\/08\/24\/ligne-roset\/#breadcrumb"},"inLanguage":"tr","potentialAction":[{"@type":"ReadAction","target":["http:\/\/atif.unaldi.org\/blog\/2010\/08\/24\/ligne-roset\/"]}]},{"@type":"BreadcrumbList","@id":"http:\/\/atif.unaldi.org\/blog\/2010\/08\/24\/ligne-roset\/#breadcrumb","itemListElement":[{"@type":"ListItem","position":1,"name":"Anasayfa","item":"http:\/\/atif.unaldi.org\/blog\/"},{"@type":"ListItem","position":2,"name":"Ligne Roset"}]},{"@type":"WebSite","@id":"http:\/\/atif.unaldi.org\/blog\/#website","url":"http:\/\/atif.unaldi.org\/blog\/","name":"At\u0131f \u00dcnald\u0131","description":"Yazar","publisher":{"@id":"http:\/\/atif.unaldi.org\/blog\/#\/schema\/person\/608ed42ecbda2bc5cfdb767ac1db479b"},"alternateName":"At\u0131f \u00dcnald\u0131 Blog","potentialAction":[{"@type":"SearchAction","target":{"@type":"EntryPoint","urlTemplate":"http:\/\/atif.unaldi.org\/blog\/?s={search_term_string}"},"query-input":{"@type":"PropertyValueSpecification","valueRequired":true,"valueName":"search_term_string"}}],"inLanguage":"tr"},{"@type":["Person","Organization"],"@id":"http:\/\/atif.unaldi.org\/blog\/#\/schema\/person\/608ed42ecbda2bc5cfdb767ac1db479b","name":"Atif Unaldi","image":{"@type":"ImageObject","inLanguage":"tr","@id":"http:\/\/atif.unaldi.org\/blog\/#\/schema\/person\/image\/","url":"http:\/\/atif.unaldi.org\/blog\/wp-content\/uploads\/2022\/10\/cropped-a94e8f7a-67c4-4d65-8a5f-032ba784be53-2.jpg","contentUrl":"http:\/\/atif.unaldi.org\/blog\/wp-content\/uploads\/2022\/10\/cropped-a94e8f7a-67c4-4d65-8a5f-032ba784be53-2.jpg","width":512,"height":512,"caption":"Atif Unaldi"},"logo":{"@id":"http:\/\/atif.unaldi.org\/blog\/#\/schema\/person\/image\/"},"description":"Bo\u011fazi\u00e7i \u00dcniversitesinde Fizik B\u00f6l\u00fcm\u00fc\u2019nde e\u011fitim ald\u0131\u011f\u0131 y\u0131llarda T\u00fcrkiye\u2019de ilk kez iki bilgisayar\u0131 telefon hatlar\u0131 \u00fczerinden konu\u015fturan BBS sistemini kurarak, T\u00fcrkiye\u2019deki ilk internet a\u011f\u0131n\u0131 olu\u015fturmu\u015ftur. Bir \u00e7ok radyo ve televizyonda program yap\u0131mc\u0131l\u0131\u011f\u0131 ve sunuculu\u011funu, bir \u00e7ok teknoloji dergisinde k\u00f6\u015fe yazarl\u0131\u011f\u0131, bili\u015fim edit\u00f6rl\u00fc\u011f\u00fc ve genel yay\u0131n y\u00f6netmenli\u011fi yapt\u0131. T\u00fcrkiye\u2019deki ilk internet servis sa\u011flay\u0131c\u0131s\u0131n\u0131n genel m\u00fcd\u00fcrl\u00fc\u011f\u00fcn\u00fc \u00fcstlendi. Bir \u00e7ok organizasyon ve kurulu\u015fta internet s\u00fcperviz\u00f6rl\u00fc\u011f\u00fc , webmaster\u2019l\u0131\u011f\u0131 , IT direkt\u00f6rl\u00fc\u011f\u00fc ve dijital projeler koordinat\u00f6rl\u00fc\u011f\u00fc g\u00f6revlerinde bulundu. Farkl\u0131 \u00fcniversitelerin farkl\u0131 fak\u00fcltelerinde \u00f6\u011fretim g\u00f6revlisi olarak bulunmu\u015f olan \u00dcnald\u0131; \u015fu an teknoloji ve pazarlama konular\u0131 ba\u015fta olmak \u00fczere bir\u00e7ok alanda hizmet veren Unaldi Consultancy\u2019nin kurucusudur. \u2028Selin \u00dcnald\u0131 ile evlidir. Su ve Toprak isminde iki \u00e7ocu\u011fu vard\u0131r.","sameAs":["http:\/\/atif.unaldi.org\/blog","https:\/\/www.facebook.com\/atifunaldi","https:\/\/www.instagram.com\/atifunaldi\/","https:\/\/www.linkedin.com\/in\/atifunaldi","https:\/\/x.com\/https:\/\/twitter.com\/atifunaldi","https:\/\/www.youtube.com\/c\/atifunaldi","https:\/\/soundcloud.com\/atif-unaldi","https:\/\/atifunaldi.tumblr.com"],"url":"http:\/\/atif.unaldi.org\/blog\/author\/atifunaldi\/"}]}},"jetpack_featured_media_url":"","_links":{"self":[{"href":"http:\/\/atif.unaldi.org\/blog\/wp-json\/wp\/v2\/posts\/1805","targetHints":{"allow":["GET"]}}],"collection":[{"href":"http:\/\/atif.unaldi.org\/blog\/wp-json\/wp\/v2\/posts"}],"about":[{"href":"http:\/\/atif.unaldi.org\/blog\/wp-json\/wp\/v2\/types\/post"}],"author":[{"embeddable":true,"href":"http:\/\/atif.unaldi.org\/blog\/wp-json\/wp\/v2\/users\/2"}],"replies":[{"embeddable":true,"href":"http:\/\/atif.unaldi.org\/blog\/wp-json\/wp\/v2\/comments?post=1805"}],"version-history":[{"count":0,"href":"http:\/\/atif.unaldi.org\/blog\/wp-json\/wp\/v2\/posts\/1805\/revisions"}],"wp:attachment":[{"href":"http:\/\/atif.unaldi.org\/blog\/wp-json\/wp\/v2\/media?parent=1805"}],"wp:term":[{"taxonomy":"category","embeddable":true,"href":"http:\/\/atif.unaldi.org\/blog\/wp-json\/wp\/v2\/categories?post=1805"},{"taxonomy":"post_tag","embeddable":true,"href":"http:\/\/atif.unaldi.org\/blog\/wp-json\/wp\/v2\/tags?post=1805"}],"curies":[{"name":"wp","href":"https:\/\/api.w.org\/{rel}","templated":true}]}}