{"id":1806,"date":"2010-08-27T01:52:34","date_gmt":"2010-08-27T01:52:34","guid":{"rendered":"http:\/\/haberler.atifunaldi.info\/2010\/08\/27\/asus-u-serisi"},"modified":"2010-08-27T01:52:34","modified_gmt":"2010-08-27T01:52:34","slug":"asus-u-serisi","status":"publish","type":"post","link":"http:\/\/atif.unaldi.org\/blog\/2010\/08\/27\/asus-u-serisi\/","title":{"rendered":"Asus U serisi"},"content":{"rendered":"<div class='p_embed p_image_embed'>\n<a href=\"http:\/\/atifunaldi.files.wordpress.com\/2010\/08\/asus_grsel2.jpg\"><img loading=\"lazy\" decoding=\"async\" alt=\"Asus_grsel\" height=\"394\" src=\"http:\/\/atifunaldi.files.wordpress.com\/2010\/08\/asus_grsel2.jpg?w=300\" width=\"500\" \/><\/a>\n<\/div>\n<p>Yenilik\u00e7i notebook \u00e7\u00f6z\u00fcmlerinin lider \u00fcreticisi ASUS taraf\u0131ndan <br \/>piyasaya sunulan \u00e7evre dostu notebook&#8217;lar do\u011faseverler taraf\u0131ndan <br \/>yo\u011fun ilgi g\u00f6r\u00fcyor. \u00dcst\u00fcn notebook \u00f6zellikleri ve do\u011fan\u0131n benzersiz <br \/>g\u00fczelli\u011finin bir araya getirildi\u011fi Bambu Koleksiyonu ile teknoloji <br \/>tutkunlar\u0131n\u0131n t\u00fcm dikkatlerini \u00fczerinde toplamay\u0131 ba\u015faran ASUS, <br \/>tamamen yenilenmi\u015f U Serisi ile do\u011fan\u0131n korunmas\u0131na katk\u0131da <br \/>bulunurken, \u00fcst\u00fcn performanstan da \u00f6d\u00fcn vermiyor. <\/p>\n<p \/> G\u00d6R\u00dcNT\u00dc VE SES KAL\u0130TES\u0130 <\/p>\n<p \/> Kullan\u0131c\u0131lar\u0131n t\u00fcm ihtiya\u00e7lar\u0131n\u0131 kar\u015f\u0131lamak i\u00e7in kapsaml\u0131 bir \u015fekilde <br \/>test edilen ASUS Bambu Notebook&#8217;lar g\u00f6r\u00fcnt\u00fc ve ses kalitesiyle \u00f6ne <br \/>\u00e7\u0131k\u0131yor. \u00dcst\u00fcn g\u00f6r\u00fcnt\u00fc kalitesi sunan LCD panel s\u0131f\u0131r parlak nokta <br \/>garantisiyle sat\u0131\u015fa sunuluyor. G\u00f6r\u00fcnt\u00fclenen i\u00e7erikten ba\u011f\u0131ms\u0131z olarak <br \/>renkleri, keskinli\u011fi ve di\u011fer g\u00f6rsel parametreleri otomatik olarak en <br \/>iyi de\u011ferlere ayarlayan ASUS Bambu Notebook&#8217;lar\u0131n &#8216;Splendid G\u00f6r\u00fcnt\u00fc <br \/>Geli\u015ftirme Teknolojisi&#8217;ne sahip olmas\u0131, kullan\u0131m kolayl\u0131\u011f\u0131n\u0131n <br \/>maksimuma ula\u015fmas\u0131n\u0131 sa\u011fl\u0131yor. <\/p>\n<p \/>Bunun yan\u0131 s\u0131ra temiz ses elde edilebilmesi amac\u0131yla &#8216; SRS Premium <br \/>Surround Sound &#8216; teknolojisiyle donat\u0131lan ASUS Bambu Notebook&#8217; lar <br \/>multimedya \u00f6zellikleri a\u00e7\u0131s\u0131ndan da di\u011fer rakiplerine g\u00f6re bir ad\u0131m <br \/>\u00f6ne \u00e7\u0131k\u0131yor. <\/p>\n<p \/> TASARIM VE PERFORMANS <br \/>\u00c7evre dostu kullan\u0131c\u0131lar i\u00e7in \u00fcretilen U Serisi Bambu Koleksiyonu, <br \/>benzersiz tasar\u0131m g\u00fczelli\u011finin yan\u0131 s\u0131ra performans\u0131yla da dikkat <br \/>\u00e7ekiyor. <\/p>\n<p \/> \u0130nce olmas\u0131na ra\u011fmen son derece fark edilebilir bir tasar\u0131mla do\u011fal <br \/>bambu d\u0131\u015f kaplama kullan\u0131larak \u00fcretilen notebook&#8217;larda y\u00fczde 15 daha <br \/>az plastik kullan\u0131l\u0131yor. B\u00f6ylece kullan\u0131c\u0131lar\u0131n sadece \u00f6zel tasar\u0131m <br \/>mobilyalarda hissedebilece\u011fi bir his almas\u0131 sa\u011flan\u0131yor. <\/p>\n<p \/> Syncables Teknolojisi ile Seknonizasyon Kolayl\u0131\u011f\u0131, NVIDIA Optimus ile <br \/>Maksimum Pil \u00d6mr\u00fc, Y\u00fcksek H\u0131zda Veri transferi&#8230; <\/p>\n<p \/> U Serisi notebook&#8217;larda pil \u00f6mr\u00fcn\u00fc maksimuma \u00e7\u0131karmak amac\u0131yla NVIDIA <br \/>Optimus teknolojisi kullan\u0131l\u0131rken; bilgisayar, ak\u0131ll\u0131 telefon ve <br \/>dijital kameralar ba\u015fta olmak \u00fczere bir \u00e7ok cihazla kolayca <br \/>senkronizasyon sa\u011flamak amac\u0131yla Syncables teknolojisi de sistemde yer <br \/>al\u0131yor. Bu sayede dosya payla\u015f\u0131m\u0131 ve verilerin yedeklenmesi kolay bir <br \/>\u015fekilde ger\u00e7ekle\u015fiyor. <\/p>\n<p \/> Y\u00fcksek h\u0131zdaki veri transferlerine ge\u00e7i\u015f sa\u011flayan USB 3.0, USB 2.0&#8217;a <br \/>oranla on kata kadar daha h\u0131zl\u0131 veri transfer h\u0131z\u0131 sunuyor ve geriye <br \/>d\u00f6n\u00fck olarak mevcut t\u00fcm USB ayg\u0131tlar\u0131 destekliyor.<\/p>\n","protected":false},"excerpt":{"rendered":"<p>Yenilik\u00e7i notebook \u00e7\u00f6z\u00fcmlerinin lider \u00fcreticisi ASUS taraf\u0131ndan piyasaya sunulan \u00e7evre dostu notebook&#8217;lar do\u011faseverler taraf\u0131ndan yo\u011fun ilgi g\u00f6r\u00fcyor. \u00dcst\u00fcn notebook \u00f6zellikleri ve do\u011fan\u0131n benzersiz g\u00fczelli\u011finin bir araya getirildi\u011fi Bambu Koleksiyonu ile teknoloji tutkunlar\u0131n\u0131n t\u00fcm dikkatlerini \u00fczerinde&#8230;<\/p>\n","protected":false},"author":2,"featured_media":0,"comment_status":"open","ping_status":"open","sticky":false,"template":"","format":"standard","meta":{"footnotes":""},"categories":[3],"tags":[],"class_list":["post-1806","post","type-post","status-publish","format-standard","hentry","category-blogum"],"yoast_head":"<!-- This site is optimized with the Yoast SEO plugin v26.8 - https:\/\/yoast.com\/product\/yoast-seo-wordpress\/ -->\n<title>Asus U serisi - At\u0131f \u00dcnald\u0131<\/title>\n<meta name=\"robots\" content=\"index, follow, max-snippet:-1, max-image-preview:large, max-video-preview:-1\" \/>\n<link rel=\"canonical\" href=\"http:\/\/atif.unaldi.org\/blog\/2010\/08\/27\/asus-u-serisi\/\" \/>\n<meta property=\"og:locale\" content=\"tr_TR\" \/>\n<meta property=\"og:type\" content=\"article\" \/>\n<meta property=\"og:title\" content=\"Asus U serisi - At\u0131f \u00dcnald\u0131\" \/>\n<meta property=\"og:description\" content=\"Yenilik\u00e7i notebook \u00e7\u00f6z\u00fcmlerinin lider \u00fcreticisi ASUS taraf\u0131ndan piyasaya sunulan \u00e7evre dostu notebook&#8217;lar do\u011faseverler taraf\u0131ndan yo\u011fun ilgi g\u00f6r\u00fcyor. \u00dcst\u00fcn notebook \u00f6zellikleri ve do\u011fan\u0131n benzersiz g\u00fczelli\u011finin bir araya getirildi\u011fi Bambu Koleksiyonu ile teknoloji tutkunlar\u0131n\u0131n t\u00fcm dikkatlerini \u00fczerinde...\" \/>\n<meta property=\"og:url\" content=\"http:\/\/atif.unaldi.org\/blog\/2010\/08\/27\/asus-u-serisi\/\" \/>\n<meta property=\"og:site_name\" content=\"At\u0131f \u00dcnald\u0131\" \/>\n<meta property=\"article:publisher\" content=\"https:\/\/www.facebook.com\/atifunaldi\" \/>\n<meta property=\"article:author\" content=\"https:\/\/www.facebook.com\/atifunaldi\" \/>\n<meta property=\"article:published_time\" content=\"2010-08-27T01:52:34+00:00\" \/>\n<meta property=\"og:image\" content=\"http:\/\/atifunaldi.files.wordpress.com\/2010\/08\/asus_grsel2.jpg?w=300\" \/>\n<meta name=\"author\" content=\"Atif Unaldi\" \/>\n<meta name=\"twitter:card\" content=\"summary_large_image\" \/>\n<meta name=\"twitter:creator\" content=\"@https:\/\/twitter.com\/atifunaldi\" \/>\n<meta name=\"twitter:site\" content=\"@atifunaldi\" \/>\n<meta name=\"twitter:label1\" content=\"Yazan:\" \/>\n\t<meta name=\"twitter:data1\" content=\"Atif Unaldi\" \/>\n\t<meta name=\"twitter:label2\" content=\"Tahmini okuma s\u00fcresi\" \/>\n\t<meta name=\"twitter:data2\" content=\"2 dakika\" \/>\n<script type=\"application\/ld+json\" class=\"yoast-schema-graph\">{\"@context\":\"https:\/\/schema.org\",\"@graph\":[{\"@type\":\"Article\",\"@id\":\"http:\/\/atif.unaldi.org\/blog\/2010\/08\/27\/asus-u-serisi\/#article\",\"isPartOf\":{\"@id\":\"http:\/\/atif.unaldi.org\/blog\/2010\/08\/27\/asus-u-serisi\/\"},\"author\":{\"name\":\"Atif Unaldi\",\"@id\":\"http:\/\/atif.unaldi.org\/blog\/#\/schema\/person\/608ed42ecbda2bc5cfdb767ac1db479b\"},\"headline\":\"Asus U serisi\",\"datePublished\":\"2010-08-27T01:52:34+00:00\",\"mainEntityOfPage\":{\"@id\":\"http:\/\/atif.unaldi.org\/blog\/2010\/08\/27\/asus-u-serisi\/\"},\"wordCount\":414,\"commentCount\":0,\"publisher\":{\"@id\":\"http:\/\/atif.unaldi.org\/blog\/#\/schema\/person\/608ed42ecbda2bc5cfdb767ac1db479b\"},\"image\":{\"@id\":\"http:\/\/atif.unaldi.org\/blog\/2010\/08\/27\/asus-u-serisi\/#primaryimage\"},\"thumbnailUrl\":\"http:\/\/atifunaldi.files.wordpress.com\/2010\/08\/asus_grsel2.jpg?w=300\",\"articleSection\":[\"Blogum\"],\"inLanguage\":\"tr\",\"potentialAction\":[{\"@type\":\"CommentAction\",\"name\":\"Comment\",\"target\":[\"http:\/\/atif.unaldi.org\/blog\/2010\/08\/27\/asus-u-serisi\/#respond\"]}]},{\"@type\":\"WebPage\",\"@id\":\"http:\/\/atif.unaldi.org\/blog\/2010\/08\/27\/asus-u-serisi\/\",\"url\":\"http:\/\/atif.unaldi.org\/blog\/2010\/08\/27\/asus-u-serisi\/\",\"name\":\"Asus U serisi - At\u0131f \u00dcnald\u0131\",\"isPartOf\":{\"@id\":\"http:\/\/atif.unaldi.org\/blog\/#website\"},\"primaryImageOfPage\":{\"@id\":\"http:\/\/atif.unaldi.org\/blog\/2010\/08\/27\/asus-u-serisi\/#primaryimage\"},\"image\":{\"@id\":\"http:\/\/atif.unaldi.org\/blog\/2010\/08\/27\/asus-u-serisi\/#primaryimage\"},\"thumbnailUrl\":\"http:\/\/atifunaldi.files.wordpress.com\/2010\/08\/asus_grsel2.jpg?w=300\",\"datePublished\":\"2010-08-27T01:52:34+00:00\",\"breadcrumb\":{\"@id\":\"http:\/\/atif.unaldi.org\/blog\/2010\/08\/27\/asus-u-serisi\/#breadcrumb\"},\"inLanguage\":\"tr\",\"potentialAction\":[{\"@type\":\"ReadAction\",\"target\":[\"http:\/\/atif.unaldi.org\/blog\/2010\/08\/27\/asus-u-serisi\/\"]}]},{\"@type\":\"ImageObject\",\"inLanguage\":\"tr\",\"@id\":\"http:\/\/atif.unaldi.org\/blog\/2010\/08\/27\/asus-u-serisi\/#primaryimage\",\"url\":\"http:\/\/atifunaldi.files.wordpress.com\/2010\/08\/asus_grsel2.jpg?w=300\",\"contentUrl\":\"http:\/\/atifunaldi.files.wordpress.com\/2010\/08\/asus_grsel2.jpg?w=300\"},{\"@type\":\"BreadcrumbList\",\"@id\":\"http:\/\/atif.unaldi.org\/blog\/2010\/08\/27\/asus-u-serisi\/#breadcrumb\",\"itemListElement\":[{\"@type\":\"ListItem\",\"position\":1,\"name\":\"Anasayfa\",\"item\":\"http:\/\/atif.unaldi.org\/blog\/\"},{\"@type\":\"ListItem\",\"position\":2,\"name\":\"Asus U serisi\"}]},{\"@type\":\"WebSite\",\"@id\":\"http:\/\/atif.unaldi.org\/blog\/#website\",\"url\":\"http:\/\/atif.unaldi.org\/blog\/\",\"name\":\"At\u0131f \u00dcnald\u0131\",\"description\":\"Yazar\",\"publisher\":{\"@id\":\"http:\/\/atif.unaldi.org\/blog\/#\/schema\/person\/608ed42ecbda2bc5cfdb767ac1db479b\"},\"alternateName\":\"At\u0131f \u00dcnald\u0131 Blog\",\"potentialAction\":[{\"@type\":\"SearchAction\",\"target\":{\"@type\":\"EntryPoint\",\"urlTemplate\":\"http:\/\/atif.unaldi.org\/blog\/?s={search_term_string}\"},\"query-input\":{\"@type\":\"PropertyValueSpecification\",\"valueRequired\":true,\"valueName\":\"search_term_string\"}}],\"inLanguage\":\"tr\"},{\"@type\":[\"Person\",\"Organization\"],\"@id\":\"http:\/\/atif.unaldi.org\/blog\/#\/schema\/person\/608ed42ecbda2bc5cfdb767ac1db479b\",\"name\":\"Atif Unaldi\",\"image\":{\"@type\":\"ImageObject\",\"inLanguage\":\"tr\",\"@id\":\"http:\/\/atif.unaldi.org\/blog\/#\/schema\/person\/image\/\",\"url\":\"http:\/\/atif.unaldi.org\/blog\/wp-content\/uploads\/2022\/10\/cropped-a94e8f7a-67c4-4d65-8a5f-032ba784be53-2.jpg\",\"contentUrl\":\"http:\/\/atif.unaldi.org\/blog\/wp-content\/uploads\/2022\/10\/cropped-a94e8f7a-67c4-4d65-8a5f-032ba784be53-2.jpg\",\"width\":512,\"height\":512,\"caption\":\"Atif Unaldi\"},\"logo\":{\"@id\":\"http:\/\/atif.unaldi.org\/blog\/#\/schema\/person\/image\/\"},\"description\":\"Bo\u011fazi\u00e7i \u00dcniversitesinde Fizik B\u00f6l\u00fcm\u00fc\u2019nde e\u011fitim ald\u0131\u011f\u0131 y\u0131llarda T\u00fcrkiye\u2019de ilk kez iki bilgisayar\u0131 telefon hatlar\u0131 \u00fczerinden konu\u015fturan BBS sistemini kurarak, T\u00fcrkiye\u2019deki ilk internet a\u011f\u0131n\u0131 olu\u015fturmu\u015ftur. Bir \u00e7ok radyo ve televizyonda program yap\u0131mc\u0131l\u0131\u011f\u0131 ve sunuculu\u011funu, bir \u00e7ok teknoloji dergisinde k\u00f6\u015fe yazarl\u0131\u011f\u0131, bili\u015fim edit\u00f6rl\u00fc\u011f\u00fc ve genel yay\u0131n y\u00f6netmenli\u011fi yapt\u0131. T\u00fcrkiye\u2019deki ilk internet servis sa\u011flay\u0131c\u0131s\u0131n\u0131n genel m\u00fcd\u00fcrl\u00fc\u011f\u00fcn\u00fc \u00fcstlendi. Bir \u00e7ok organizasyon ve kurulu\u015fta internet s\u00fcperviz\u00f6rl\u00fc\u011f\u00fc , webmaster\u2019l\u0131\u011f\u0131 , IT direkt\u00f6rl\u00fc\u011f\u00fc ve dijital projeler koordinat\u00f6rl\u00fc\u011f\u00fc g\u00f6revlerinde bulundu. Farkl\u0131 \u00fcniversitelerin farkl\u0131 fak\u00fcltelerinde \u00f6\u011fretim g\u00f6revlisi olarak bulunmu\u015f olan \u00dcnald\u0131; \u015fu an teknoloji ve pazarlama konular\u0131 ba\u015fta olmak \u00fczere bir\u00e7ok alanda hizmet veren Unaldi Consultancy\u2019nin kurucusudur. \\u2028Selin \u00dcnald\u0131 ile evlidir. Su ve Toprak isminde iki \u00e7ocu\u011fu vard\u0131r.\",\"sameAs\":[\"http:\/\/atif.unaldi.org\/blog\",\"https:\/\/www.facebook.com\/atifunaldi\",\"https:\/\/www.instagram.com\/atifunaldi\/\",\"https:\/\/www.linkedin.com\/in\/atifunaldi\",\"https:\/\/x.com\/https:\/\/twitter.com\/atifunaldi\",\"https:\/\/www.youtube.com\/c\/atifunaldi\",\"https:\/\/soundcloud.com\/atif-unaldi\",\"https:\/\/atifunaldi.tumblr.com\"],\"url\":\"http:\/\/atif.unaldi.org\/blog\/author\/atifunaldi\/\"}]}<\/script>\n<!-- \/ Yoast SEO plugin. -->","yoast_head_json":{"title":"Asus U serisi - At\u0131f \u00dcnald\u0131","robots":{"index":"index","follow":"follow","max-snippet":"max-snippet:-1","max-image-preview":"max-image-preview:large","max-video-preview":"max-video-preview:-1"},"canonical":"http:\/\/atif.unaldi.org\/blog\/2010\/08\/27\/asus-u-serisi\/","og_locale":"tr_TR","og_type":"article","og_title":"Asus U serisi - At\u0131f \u00dcnald\u0131","og_description":"Yenilik\u00e7i notebook \u00e7\u00f6z\u00fcmlerinin lider \u00fcreticisi ASUS taraf\u0131ndan piyasaya sunulan \u00e7evre dostu notebook&#8217;lar do\u011faseverler taraf\u0131ndan yo\u011fun ilgi g\u00f6r\u00fcyor. \u00dcst\u00fcn notebook \u00f6zellikleri ve do\u011fan\u0131n benzersiz g\u00fczelli\u011finin bir araya getirildi\u011fi Bambu Koleksiyonu ile teknoloji tutkunlar\u0131n\u0131n t\u00fcm dikkatlerini \u00fczerinde...","og_url":"http:\/\/atif.unaldi.org\/blog\/2010\/08\/27\/asus-u-serisi\/","og_site_name":"At\u0131f \u00dcnald\u0131","article_publisher":"https:\/\/www.facebook.com\/atifunaldi","article_author":"https:\/\/www.facebook.com\/atifunaldi","article_published_time":"2010-08-27T01:52:34+00:00","og_image":[{"url":"http:\/\/atifunaldi.files.wordpress.com\/2010\/08\/asus_grsel2.jpg?w=300","type":"","width":"","height":""}],"author":"Atif Unaldi","twitter_card":"summary_large_image","twitter_creator":"@https:\/\/twitter.com\/atifunaldi","twitter_site":"@atifunaldi","twitter_misc":{"Yazan:":"Atif Unaldi","Tahmini okuma s\u00fcresi":"2 dakika"},"schema":{"@context":"https:\/\/schema.org","@graph":[{"@type":"Article","@id":"http:\/\/atif.unaldi.org\/blog\/2010\/08\/27\/asus-u-serisi\/#article","isPartOf":{"@id":"http:\/\/atif.unaldi.org\/blog\/2010\/08\/27\/asus-u-serisi\/"},"author":{"name":"Atif Unaldi","@id":"http:\/\/atif.unaldi.org\/blog\/#\/schema\/person\/608ed42ecbda2bc5cfdb767ac1db479b"},"headline":"Asus U serisi","datePublished":"2010-08-27T01:52:34+00:00","mainEntityOfPage":{"@id":"http:\/\/atif.unaldi.org\/blog\/2010\/08\/27\/asus-u-serisi\/"},"wordCount":414,"commentCount":0,"publisher":{"@id":"http:\/\/atif.unaldi.org\/blog\/#\/schema\/person\/608ed42ecbda2bc5cfdb767ac1db479b"},"image":{"@id":"http:\/\/atif.unaldi.org\/blog\/2010\/08\/27\/asus-u-serisi\/#primaryimage"},"thumbnailUrl":"http:\/\/atifunaldi.files.wordpress.com\/2010\/08\/asus_grsel2.jpg?w=300","articleSection":["Blogum"],"inLanguage":"tr","potentialAction":[{"@type":"CommentAction","name":"Comment","target":["http:\/\/atif.unaldi.org\/blog\/2010\/08\/27\/asus-u-serisi\/#respond"]}]},{"@type":"WebPage","@id":"http:\/\/atif.unaldi.org\/blog\/2010\/08\/27\/asus-u-serisi\/","url":"http:\/\/atif.unaldi.org\/blog\/2010\/08\/27\/asus-u-serisi\/","name":"Asus U serisi - At\u0131f \u00dcnald\u0131","isPartOf":{"@id":"http:\/\/atif.unaldi.org\/blog\/#website"},"primaryImageOfPage":{"@id":"http:\/\/atif.unaldi.org\/blog\/2010\/08\/27\/asus-u-serisi\/#primaryimage"},"image":{"@id":"http:\/\/atif.unaldi.org\/blog\/2010\/08\/27\/asus-u-serisi\/#primaryimage"},"thumbnailUrl":"http:\/\/atifunaldi.files.wordpress.com\/2010\/08\/asus_grsel2.jpg?w=300","datePublished":"2010-08-27T01:52:34+00:00","breadcrumb":{"@id":"http:\/\/atif.unaldi.org\/blog\/2010\/08\/27\/asus-u-serisi\/#breadcrumb"},"inLanguage":"tr","potentialAction":[{"@type":"ReadAction","target":["http:\/\/atif.unaldi.org\/blog\/2010\/08\/27\/asus-u-serisi\/"]}]},{"@type":"ImageObject","inLanguage":"tr","@id":"http:\/\/atif.unaldi.org\/blog\/2010\/08\/27\/asus-u-serisi\/#primaryimage","url":"http:\/\/atifunaldi.files.wordpress.com\/2010\/08\/asus_grsel2.jpg?w=300","contentUrl":"http:\/\/atifunaldi.files.wordpress.com\/2010\/08\/asus_grsel2.jpg?w=300"},{"@type":"BreadcrumbList","@id":"http:\/\/atif.unaldi.org\/blog\/2010\/08\/27\/asus-u-serisi\/#breadcrumb","itemListElement":[{"@type":"ListItem","position":1,"name":"Anasayfa","item":"http:\/\/atif.unaldi.org\/blog\/"},{"@type":"ListItem","position":2,"name":"Asus U serisi"}]},{"@type":"WebSite","@id":"http:\/\/atif.unaldi.org\/blog\/#website","url":"http:\/\/atif.unaldi.org\/blog\/","name":"At\u0131f \u00dcnald\u0131","description":"Yazar","publisher":{"@id":"http:\/\/atif.unaldi.org\/blog\/#\/schema\/person\/608ed42ecbda2bc5cfdb767ac1db479b"},"alternateName":"At\u0131f \u00dcnald\u0131 Blog","potentialAction":[{"@type":"SearchAction","target":{"@type":"EntryPoint","urlTemplate":"http:\/\/atif.unaldi.org\/blog\/?s={search_term_string}"},"query-input":{"@type":"PropertyValueSpecification","valueRequired":true,"valueName":"search_term_string"}}],"inLanguage":"tr"},{"@type":["Person","Organization"],"@id":"http:\/\/atif.unaldi.org\/blog\/#\/schema\/person\/608ed42ecbda2bc5cfdb767ac1db479b","name":"Atif Unaldi","image":{"@type":"ImageObject","inLanguage":"tr","@id":"http:\/\/atif.unaldi.org\/blog\/#\/schema\/person\/image\/","url":"http:\/\/atif.unaldi.org\/blog\/wp-content\/uploads\/2022\/10\/cropped-a94e8f7a-67c4-4d65-8a5f-032ba784be53-2.jpg","contentUrl":"http:\/\/atif.unaldi.org\/blog\/wp-content\/uploads\/2022\/10\/cropped-a94e8f7a-67c4-4d65-8a5f-032ba784be53-2.jpg","width":512,"height":512,"caption":"Atif Unaldi"},"logo":{"@id":"http:\/\/atif.unaldi.org\/blog\/#\/schema\/person\/image\/"},"description":"Bo\u011fazi\u00e7i \u00dcniversitesinde Fizik B\u00f6l\u00fcm\u00fc\u2019nde e\u011fitim ald\u0131\u011f\u0131 y\u0131llarda T\u00fcrkiye\u2019de ilk kez iki bilgisayar\u0131 telefon hatlar\u0131 \u00fczerinden konu\u015fturan BBS sistemini kurarak, T\u00fcrkiye\u2019deki ilk internet a\u011f\u0131n\u0131 olu\u015fturmu\u015ftur. Bir \u00e7ok radyo ve televizyonda program yap\u0131mc\u0131l\u0131\u011f\u0131 ve sunuculu\u011funu, bir \u00e7ok teknoloji dergisinde k\u00f6\u015fe yazarl\u0131\u011f\u0131, bili\u015fim edit\u00f6rl\u00fc\u011f\u00fc ve genel yay\u0131n y\u00f6netmenli\u011fi yapt\u0131. T\u00fcrkiye\u2019deki ilk internet servis sa\u011flay\u0131c\u0131s\u0131n\u0131n genel m\u00fcd\u00fcrl\u00fc\u011f\u00fcn\u00fc \u00fcstlendi. Bir \u00e7ok organizasyon ve kurulu\u015fta internet s\u00fcperviz\u00f6rl\u00fc\u011f\u00fc , webmaster\u2019l\u0131\u011f\u0131 , IT direkt\u00f6rl\u00fc\u011f\u00fc ve dijital projeler koordinat\u00f6rl\u00fc\u011f\u00fc g\u00f6revlerinde bulundu. Farkl\u0131 \u00fcniversitelerin farkl\u0131 fak\u00fcltelerinde \u00f6\u011fretim g\u00f6revlisi olarak bulunmu\u015f olan \u00dcnald\u0131; \u015fu an teknoloji ve pazarlama konular\u0131 ba\u015fta olmak \u00fczere bir\u00e7ok alanda hizmet veren Unaldi Consultancy\u2019nin kurucusudur. \u2028Selin \u00dcnald\u0131 ile evlidir. Su ve Toprak isminde iki \u00e7ocu\u011fu vard\u0131r.","sameAs":["http:\/\/atif.unaldi.org\/blog","https:\/\/www.facebook.com\/atifunaldi","https:\/\/www.instagram.com\/atifunaldi\/","https:\/\/www.linkedin.com\/in\/atifunaldi","https:\/\/x.com\/https:\/\/twitter.com\/atifunaldi","https:\/\/www.youtube.com\/c\/atifunaldi","https:\/\/soundcloud.com\/atif-unaldi","https:\/\/atifunaldi.tumblr.com"],"url":"http:\/\/atif.unaldi.org\/blog\/author\/atifunaldi\/"}]}},"jetpack_featured_media_url":"","_links":{"self":[{"href":"http:\/\/atif.unaldi.org\/blog\/wp-json\/wp\/v2\/posts\/1806","targetHints":{"allow":["GET"]}}],"collection":[{"href":"http:\/\/atif.unaldi.org\/blog\/wp-json\/wp\/v2\/posts"}],"about":[{"href":"http:\/\/atif.unaldi.org\/blog\/wp-json\/wp\/v2\/types\/post"}],"author":[{"embeddable":true,"href":"http:\/\/atif.unaldi.org\/blog\/wp-json\/wp\/v2\/users\/2"}],"replies":[{"embeddable":true,"href":"http:\/\/atif.unaldi.org\/blog\/wp-json\/wp\/v2\/comments?post=1806"}],"version-history":[{"count":0,"href":"http:\/\/atif.unaldi.org\/blog\/wp-json\/wp\/v2\/posts\/1806\/revisions"}],"wp:attachment":[{"href":"http:\/\/atif.unaldi.org\/blog\/wp-json\/wp\/v2\/media?parent=1806"}],"wp:term":[{"taxonomy":"category","embeddable":true,"href":"http:\/\/atif.unaldi.org\/blog\/wp-json\/wp\/v2\/categories?post=1806"},{"taxonomy":"post_tag","embeddable":true,"href":"http:\/\/atif.unaldi.org\/blog\/wp-json\/wp\/v2\/tags?post=1806"}],"curies":[{"name":"wp","href":"https:\/\/api.w.org\/{rel}","templated":true}]}}