{"id":1808,"date":"2010-08-27T01:56:41","date_gmt":"2010-08-27T01:56:41","guid":{"rendered":"http:\/\/haberler.atifunaldi.info\/2010\/08\/27\/xerox-workcentre-3550"},"modified":"2010-08-27T01:56:41","modified_gmt":"2010-08-27T01:56:41","slug":"xerox-workcentre-3550","status":"publish","type":"post","link":"http:\/\/atif.unaldi.org\/blog\/2010\/08\/27\/xerox-workcentre-3550\/","title":{"rendered":"Xerox WorkCentre 3550"},"content":{"rendered":"<div class='p_embed p_image_embed'>\n<a href=\"http:\/\/atifunaldi.files.wordpress.com\/2010\/08\/xerox_workcentre_3550_1-scaled-10002.jpg\"><img loading=\"lazy\" decoding=\"async\" alt=\"Xerox_workcentre_3550_1\" height=\"403\" src=\"http:\/\/atifunaldi.files.wordpress.com\/2010\/08\/xerox_workcentre_3550_1-scaled-10002.jpg?w=300\" width=\"500\" \/><\/a>\n<\/div>\n<p>D\u00fcnyan\u0131n \u00f6nde gelen teknoloji \u015firketlerinden Xerox, lazer tabanl\u0131 \u00e7ok <br \/>fonksiyonlu ofis \u00fcr\u00fcn gam\u0131n\u0131 geni\u015fletmeye devam ediyor. Xerox&#8217;un <br \/>KOB\u0130&#8217;lere y\u00f6nelik sat\u0131\u015fa sundu\u011fu yeni \u00fcr\u00fcn\u00fc WorkCentre 3550, <br \/>\u00e7al\u0131\u015fanlar\u0131n ortak kullan\u0131m\u0131na sunulacak ve tek bir makineden \u00e7ok <br \/>farkl\u0131 \u00e7\u00f6z\u00fcmler bekleyen firmalar i\u00e7in ideal bir ofis \u00fcr\u00fcn\u00fc. <\/p>\n<p \/> Xerox WorkCentre 3550, otomatik \u00e7ift tarafl\u0131 bask\u0131 yapabiliyor ve <br \/>dakikada 33 A4 sayfa siyah beyaz kopyalama, yazd\u0131rma, faks ve renkli <br \/>tarama i\u015flemi yapabiliyor. \u00dczerinde bulunan CentreWare Internet <br \/>Hizmetleri Y\u00f6netimi yaz\u0131l\u0131m\u0131 ile daha verimli ve tasarruflu \u00e7al\u0131\u015fmay\u0131 <br \/>sa\u011fl\u0131yor. Xerox WorkCentre 3550, 1,050 sayfaya kadar \u00e7\u0131kart\u0131labilen <br \/>550 sayfal\u0131k standart ka\u011f\u0131t kapasitesi ile yo\u011fun ofislerin i\u015f ak\u0131\u015f\u0131na <br \/>uygun hareket ediyor. <br \/>Xerox WorkCentre 3550&#8217;de bulunan g\u00fcvenli bask\u0131 \u00f6zelli\u011fi, <br \/>kullan\u0131c\u0131lar\u0131n daha \u00f6nceden belirledikleri g\u00fcvenlik \u015fifresini girmeden <br \/>belgeyi basm\u0131yor, haf\u0131zas\u0131nda sakl\u0131 tutuyor. \u00dczerinde bulunan Optik <br \/>karakter tan\u0131ma yaz\u0131l\u0131m\u0131 (OCR), kullan\u0131c\u0131lar\u0131n tarad\u0131klar\u0131 ka\u011f\u0131t <br \/>belgeleri h\u0131zl\u0131ca ve kolayca d\u00fczenlenebilir, y\u00f6netilebilir elektronik <br \/>dok\u00fcmanlara \u00e7eviriyor. Xerox WorkCentre 3550&#8217;in \u00fczerinde yer alan USB <br \/>giri\u015finden, harici USB belleklerle bask\u0131 al\u0131nabiliyor ya da tarama <br \/>i\u015flemi yap\u0131labiliyor. Xerox WorkCentre 3550, bilgisayardan tarama, <br \/>e-postadan tarama, faks y\u00f6nlendirme, fakstan e-postaya tarama gibi <br \/>y\u00f6ntemlerle, kullan\u0131c\u0131lara dok\u00fcmanlar\u0131 farkl\u0131 yollarla g\u00f6nderme <br \/>se\u00e7ene\u011fi sunuyor. <br \/>Kullan\u0131c\u0131 dostu kontrol paneli ve etkin men\u00fc d\u00fczenlemesi, Xerox <br \/>WorkCentre 3550&#8217;nin kullan\u0131m\u0131n\u0131 kolayla\u015ft\u0131r\u0131yor. Tarama \u00fcnitesine bir <br \/>seferde 60 sayfa dok\u00fcman yerle\u015ftirilebilen ve \u00e7ift tarafl\u0131 tarama <br \/>yapabilen tarama \u00fcnitesi (Duplex Automotic Document Feeder &#8211; DADF) <br \/>h\u0131zl\u0131 ve kaliteli bir tarama imkan\u0131 veriyor. N-up bask\u0131 (\u00e7oklu sayfay\u0131 <br \/>tek sayfaya s\u0131\u011fd\u0131rma) \u00f6zelli\u011fine de sahip WorkCentre 3550, toner <br \/>tasarruf modu sayesinde toner kullan\u0131m\u0131n\u0131 ve bask\u0131 maliyetini en aza <br \/>indiriyor. Ayr\u0131ca kimlik kopyalama \u00f6zelli\u011fi de bulunan Xerox <br \/>WorkCentre 3550 ile kimlik kart\u0131 veya ehliyet gibi belgelerin her iki <br \/>taraf\u0131n\u0131 sayfan\u0131n bir y\u00fcz\u00fcne tek seferde fotokopisi \u00e7ekilebiliyor. <br \/>Xerox WorkCentre 3550, y\u00fcksek h\u0131zl\u0131 USB 2.0 ba\u011flant\u0131s\u0131n\u0131 destekliyor. <br \/>Xerox WorkCentre 3550, Xerox distrib\u00fct\u00f6rleri arac\u0131l\u0131\u011f\u0131 ile 2 y\u0131l Xerox <br \/>garantisi ile 880 USD + KDV fiyat\u0131yla t\u00fcketicilere sunuluyor.<\/p>\n","protected":false},"excerpt":{"rendered":"<p>D\u00fcnyan\u0131n \u00f6nde gelen teknoloji \u015firketlerinden Xerox, lazer tabanl\u0131 \u00e7ok fonksiyonlu ofis \u00fcr\u00fcn gam\u0131n\u0131 geni\u015fletmeye devam ediyor. Xerox&#8217;un KOB\u0130&#8217;lere y\u00f6nelik sat\u0131\u015fa sundu\u011fu yeni \u00fcr\u00fcn\u00fc WorkCentre 3550, \u00e7al\u0131\u015fanlar\u0131n ortak kullan\u0131m\u0131na sunulacak ve tek bir makineden \u00e7ok farkl\u0131&#8230;<\/p>\n","protected":false},"author":2,"featured_media":0,"comment_status":"open","ping_status":"open","sticky":false,"template":"","format":"standard","meta":{"footnotes":""},"categories":[3],"tags":[],"class_list":["post-1808","post","type-post","status-publish","format-standard","hentry","category-blogum"],"yoast_head":"<!-- This site is optimized with the Yoast SEO plugin v26.8 - https:\/\/yoast.com\/product\/yoast-seo-wordpress\/ -->\n<title>Xerox WorkCentre 3550 - At\u0131f \u00dcnald\u0131<\/title>\n<meta name=\"robots\" content=\"index, follow, max-snippet:-1, max-image-preview:large, max-video-preview:-1\" \/>\n<link rel=\"canonical\" href=\"http:\/\/atif.unaldi.org\/blog\/2010\/08\/27\/xerox-workcentre-3550\/\" \/>\n<meta property=\"og:locale\" content=\"tr_TR\" \/>\n<meta property=\"og:type\" content=\"article\" \/>\n<meta property=\"og:title\" content=\"Xerox WorkCentre 3550 - At\u0131f \u00dcnald\u0131\" \/>\n<meta property=\"og:description\" content=\"D\u00fcnyan\u0131n \u00f6nde gelen teknoloji \u015firketlerinden Xerox, lazer tabanl\u0131 \u00e7ok fonksiyonlu ofis \u00fcr\u00fcn gam\u0131n\u0131 geni\u015fletmeye devam ediyor. Xerox&#8217;un KOB\u0130&#8217;lere y\u00f6nelik sat\u0131\u015fa sundu\u011fu yeni \u00fcr\u00fcn\u00fc WorkCentre 3550, \u00e7al\u0131\u015fanlar\u0131n ortak kullan\u0131m\u0131na sunulacak ve tek bir makineden \u00e7ok farkl\u0131...\" \/>\n<meta property=\"og:url\" content=\"http:\/\/atif.unaldi.org\/blog\/2010\/08\/27\/xerox-workcentre-3550\/\" \/>\n<meta property=\"og:site_name\" content=\"At\u0131f \u00dcnald\u0131\" \/>\n<meta property=\"article:publisher\" content=\"https:\/\/www.facebook.com\/atifunaldi\" \/>\n<meta property=\"article:author\" content=\"https:\/\/www.facebook.com\/atifunaldi\" \/>\n<meta property=\"article:published_time\" content=\"2010-08-27T01:56:41+00:00\" \/>\n<meta property=\"og:image\" content=\"http:\/\/atifunaldi.files.wordpress.com\/2010\/08\/xerox_workcentre_3550_1-scaled-10002.jpg?w=300\" \/>\n<meta name=\"author\" content=\"Atif Unaldi\" \/>\n<meta name=\"twitter:card\" content=\"summary_large_image\" \/>\n<meta name=\"twitter:creator\" content=\"@https:\/\/twitter.com\/atifunaldi\" \/>\n<meta name=\"twitter:site\" content=\"@atifunaldi\" \/>\n<meta name=\"twitter:label1\" content=\"Yazan:\" \/>\n\t<meta name=\"twitter:data1\" content=\"Atif Unaldi\" \/>\n\t<meta name=\"twitter:label2\" content=\"Tahmini okuma s\u00fcresi\" \/>\n\t<meta name=\"twitter:data2\" content=\"2 dakika\" \/>\n<script type=\"application\/ld+json\" class=\"yoast-schema-graph\">{\"@context\":\"https:\/\/schema.org\",\"@graph\":[{\"@type\":\"Article\",\"@id\":\"http:\/\/atif.unaldi.org\/blog\/2010\/08\/27\/xerox-workcentre-3550\/#article\",\"isPartOf\":{\"@id\":\"http:\/\/atif.unaldi.org\/blog\/2010\/08\/27\/xerox-workcentre-3550\/\"},\"author\":{\"name\":\"Atif Unaldi\",\"@id\":\"http:\/\/atif.unaldi.org\/blog\/#\/schema\/person\/608ed42ecbda2bc5cfdb767ac1db479b\"},\"headline\":\"Xerox WorkCentre 3550\",\"datePublished\":\"2010-08-27T01:56:41+00:00\",\"mainEntityOfPage\":{\"@id\":\"http:\/\/atif.unaldi.org\/blog\/2010\/08\/27\/xerox-workcentre-3550\/\"},\"wordCount\":378,\"commentCount\":0,\"publisher\":{\"@id\":\"http:\/\/atif.unaldi.org\/blog\/#\/schema\/person\/608ed42ecbda2bc5cfdb767ac1db479b\"},\"image\":{\"@id\":\"http:\/\/atif.unaldi.org\/blog\/2010\/08\/27\/xerox-workcentre-3550\/#primaryimage\"},\"thumbnailUrl\":\"http:\/\/atifunaldi.files.wordpress.com\/2010\/08\/xerox_workcentre_3550_1-scaled-10002.jpg?w=300\",\"articleSection\":[\"Blogum\"],\"inLanguage\":\"tr\",\"potentialAction\":[{\"@type\":\"CommentAction\",\"name\":\"Comment\",\"target\":[\"http:\/\/atif.unaldi.org\/blog\/2010\/08\/27\/xerox-workcentre-3550\/#respond\"]}]},{\"@type\":\"WebPage\",\"@id\":\"http:\/\/atif.unaldi.org\/blog\/2010\/08\/27\/xerox-workcentre-3550\/\",\"url\":\"http:\/\/atif.unaldi.org\/blog\/2010\/08\/27\/xerox-workcentre-3550\/\",\"name\":\"Xerox WorkCentre 3550 - At\u0131f \u00dcnald\u0131\",\"isPartOf\":{\"@id\":\"http:\/\/atif.unaldi.org\/blog\/#website\"},\"primaryImageOfPage\":{\"@id\":\"http:\/\/atif.unaldi.org\/blog\/2010\/08\/27\/xerox-workcentre-3550\/#primaryimage\"},\"image\":{\"@id\":\"http:\/\/atif.unaldi.org\/blog\/2010\/08\/27\/xerox-workcentre-3550\/#primaryimage\"},\"thumbnailUrl\":\"http:\/\/atifunaldi.files.wordpress.com\/2010\/08\/xerox_workcentre_3550_1-scaled-10002.jpg?w=300\",\"datePublished\":\"2010-08-27T01:56:41+00:00\",\"breadcrumb\":{\"@id\":\"http:\/\/atif.unaldi.org\/blog\/2010\/08\/27\/xerox-workcentre-3550\/#breadcrumb\"},\"inLanguage\":\"tr\",\"potentialAction\":[{\"@type\":\"ReadAction\",\"target\":[\"http:\/\/atif.unaldi.org\/blog\/2010\/08\/27\/xerox-workcentre-3550\/\"]}]},{\"@type\":\"ImageObject\",\"inLanguage\":\"tr\",\"@id\":\"http:\/\/atif.unaldi.org\/blog\/2010\/08\/27\/xerox-workcentre-3550\/#primaryimage\",\"url\":\"http:\/\/atifunaldi.files.wordpress.com\/2010\/08\/xerox_workcentre_3550_1-scaled-10002.jpg?w=300\",\"contentUrl\":\"http:\/\/atifunaldi.files.wordpress.com\/2010\/08\/xerox_workcentre_3550_1-scaled-10002.jpg?w=300\"},{\"@type\":\"BreadcrumbList\",\"@id\":\"http:\/\/atif.unaldi.org\/blog\/2010\/08\/27\/xerox-workcentre-3550\/#breadcrumb\",\"itemListElement\":[{\"@type\":\"ListItem\",\"position\":1,\"name\":\"Anasayfa\",\"item\":\"http:\/\/atif.unaldi.org\/blog\/\"},{\"@type\":\"ListItem\",\"position\":2,\"name\":\"Xerox WorkCentre 3550\"}]},{\"@type\":\"WebSite\",\"@id\":\"http:\/\/atif.unaldi.org\/blog\/#website\",\"url\":\"http:\/\/atif.unaldi.org\/blog\/\",\"name\":\"At\u0131f \u00dcnald\u0131\",\"description\":\"Yazar\",\"publisher\":{\"@id\":\"http:\/\/atif.unaldi.org\/blog\/#\/schema\/person\/608ed42ecbda2bc5cfdb767ac1db479b\"},\"alternateName\":\"At\u0131f \u00dcnald\u0131 Blog\",\"potentialAction\":[{\"@type\":\"SearchAction\",\"target\":{\"@type\":\"EntryPoint\",\"urlTemplate\":\"http:\/\/atif.unaldi.org\/blog\/?s={search_term_string}\"},\"query-input\":{\"@type\":\"PropertyValueSpecification\",\"valueRequired\":true,\"valueName\":\"search_term_string\"}}],\"inLanguage\":\"tr\"},{\"@type\":[\"Person\",\"Organization\"],\"@id\":\"http:\/\/atif.unaldi.org\/blog\/#\/schema\/person\/608ed42ecbda2bc5cfdb767ac1db479b\",\"name\":\"Atif Unaldi\",\"image\":{\"@type\":\"ImageObject\",\"inLanguage\":\"tr\",\"@id\":\"http:\/\/atif.unaldi.org\/blog\/#\/schema\/person\/image\/\",\"url\":\"http:\/\/atif.unaldi.org\/blog\/wp-content\/uploads\/2022\/10\/cropped-a94e8f7a-67c4-4d65-8a5f-032ba784be53-2.jpg\",\"contentUrl\":\"http:\/\/atif.unaldi.org\/blog\/wp-content\/uploads\/2022\/10\/cropped-a94e8f7a-67c4-4d65-8a5f-032ba784be53-2.jpg\",\"width\":512,\"height\":512,\"caption\":\"Atif Unaldi\"},\"logo\":{\"@id\":\"http:\/\/atif.unaldi.org\/blog\/#\/schema\/person\/image\/\"},\"description\":\"Bo\u011fazi\u00e7i \u00dcniversitesinde Fizik B\u00f6l\u00fcm\u00fc\u2019nde e\u011fitim ald\u0131\u011f\u0131 y\u0131llarda T\u00fcrkiye\u2019de ilk kez iki bilgisayar\u0131 telefon hatlar\u0131 \u00fczerinden konu\u015fturan BBS sistemini kurarak, T\u00fcrkiye\u2019deki ilk internet a\u011f\u0131n\u0131 olu\u015fturmu\u015ftur. Bir \u00e7ok radyo ve televizyonda program yap\u0131mc\u0131l\u0131\u011f\u0131 ve sunuculu\u011funu, bir \u00e7ok teknoloji dergisinde k\u00f6\u015fe yazarl\u0131\u011f\u0131, bili\u015fim edit\u00f6rl\u00fc\u011f\u00fc ve genel yay\u0131n y\u00f6netmenli\u011fi yapt\u0131. T\u00fcrkiye\u2019deki ilk internet servis sa\u011flay\u0131c\u0131s\u0131n\u0131n genel m\u00fcd\u00fcrl\u00fc\u011f\u00fcn\u00fc \u00fcstlendi. Bir \u00e7ok organizasyon ve kurulu\u015fta internet s\u00fcperviz\u00f6rl\u00fc\u011f\u00fc , webmaster\u2019l\u0131\u011f\u0131 , IT direkt\u00f6rl\u00fc\u011f\u00fc ve dijital projeler koordinat\u00f6rl\u00fc\u011f\u00fc g\u00f6revlerinde bulundu. Farkl\u0131 \u00fcniversitelerin farkl\u0131 fak\u00fcltelerinde \u00f6\u011fretim g\u00f6revlisi olarak bulunmu\u015f olan \u00dcnald\u0131; \u015fu an teknoloji ve pazarlama konular\u0131 ba\u015fta olmak \u00fczere bir\u00e7ok alanda hizmet veren Unaldi Consultancy\u2019nin kurucusudur. \\u2028Selin \u00dcnald\u0131 ile evlidir. Su ve Toprak isminde iki \u00e7ocu\u011fu vard\u0131r.\",\"sameAs\":[\"http:\/\/atif.unaldi.org\/blog\",\"https:\/\/www.facebook.com\/atifunaldi\",\"https:\/\/www.instagram.com\/atifunaldi\/\",\"https:\/\/www.linkedin.com\/in\/atifunaldi\",\"https:\/\/x.com\/https:\/\/twitter.com\/atifunaldi\",\"https:\/\/www.youtube.com\/c\/atifunaldi\",\"https:\/\/soundcloud.com\/atif-unaldi\",\"https:\/\/atifunaldi.tumblr.com\"],\"url\":\"http:\/\/atif.unaldi.org\/blog\/author\/atifunaldi\/\"}]}<\/script>\n<!-- \/ Yoast SEO plugin. -->","yoast_head_json":{"title":"Xerox WorkCentre 3550 - At\u0131f \u00dcnald\u0131","robots":{"index":"index","follow":"follow","max-snippet":"max-snippet:-1","max-image-preview":"max-image-preview:large","max-video-preview":"max-video-preview:-1"},"canonical":"http:\/\/atif.unaldi.org\/blog\/2010\/08\/27\/xerox-workcentre-3550\/","og_locale":"tr_TR","og_type":"article","og_title":"Xerox WorkCentre 3550 - At\u0131f \u00dcnald\u0131","og_description":"D\u00fcnyan\u0131n \u00f6nde gelen teknoloji \u015firketlerinden Xerox, lazer tabanl\u0131 \u00e7ok fonksiyonlu ofis \u00fcr\u00fcn gam\u0131n\u0131 geni\u015fletmeye devam ediyor. Xerox&#8217;un KOB\u0130&#8217;lere y\u00f6nelik sat\u0131\u015fa sundu\u011fu yeni \u00fcr\u00fcn\u00fc WorkCentre 3550, \u00e7al\u0131\u015fanlar\u0131n ortak kullan\u0131m\u0131na sunulacak ve tek bir makineden \u00e7ok farkl\u0131...","og_url":"http:\/\/atif.unaldi.org\/blog\/2010\/08\/27\/xerox-workcentre-3550\/","og_site_name":"At\u0131f \u00dcnald\u0131","article_publisher":"https:\/\/www.facebook.com\/atifunaldi","article_author":"https:\/\/www.facebook.com\/atifunaldi","article_published_time":"2010-08-27T01:56:41+00:00","og_image":[{"url":"http:\/\/atifunaldi.files.wordpress.com\/2010\/08\/xerox_workcentre_3550_1-scaled-10002.jpg?w=300","type":"","width":"","height":""}],"author":"Atif Unaldi","twitter_card":"summary_large_image","twitter_creator":"@https:\/\/twitter.com\/atifunaldi","twitter_site":"@atifunaldi","twitter_misc":{"Yazan:":"Atif Unaldi","Tahmini okuma s\u00fcresi":"2 dakika"},"schema":{"@context":"https:\/\/schema.org","@graph":[{"@type":"Article","@id":"http:\/\/atif.unaldi.org\/blog\/2010\/08\/27\/xerox-workcentre-3550\/#article","isPartOf":{"@id":"http:\/\/atif.unaldi.org\/blog\/2010\/08\/27\/xerox-workcentre-3550\/"},"author":{"name":"Atif Unaldi","@id":"http:\/\/atif.unaldi.org\/blog\/#\/schema\/person\/608ed42ecbda2bc5cfdb767ac1db479b"},"headline":"Xerox WorkCentre 3550","datePublished":"2010-08-27T01:56:41+00:00","mainEntityOfPage":{"@id":"http:\/\/atif.unaldi.org\/blog\/2010\/08\/27\/xerox-workcentre-3550\/"},"wordCount":378,"commentCount":0,"publisher":{"@id":"http:\/\/atif.unaldi.org\/blog\/#\/schema\/person\/608ed42ecbda2bc5cfdb767ac1db479b"},"image":{"@id":"http:\/\/atif.unaldi.org\/blog\/2010\/08\/27\/xerox-workcentre-3550\/#primaryimage"},"thumbnailUrl":"http:\/\/atifunaldi.files.wordpress.com\/2010\/08\/xerox_workcentre_3550_1-scaled-10002.jpg?w=300","articleSection":["Blogum"],"inLanguage":"tr","potentialAction":[{"@type":"CommentAction","name":"Comment","target":["http:\/\/atif.unaldi.org\/blog\/2010\/08\/27\/xerox-workcentre-3550\/#respond"]}]},{"@type":"WebPage","@id":"http:\/\/atif.unaldi.org\/blog\/2010\/08\/27\/xerox-workcentre-3550\/","url":"http:\/\/atif.unaldi.org\/blog\/2010\/08\/27\/xerox-workcentre-3550\/","name":"Xerox WorkCentre 3550 - At\u0131f \u00dcnald\u0131","isPartOf":{"@id":"http:\/\/atif.unaldi.org\/blog\/#website"},"primaryImageOfPage":{"@id":"http:\/\/atif.unaldi.org\/blog\/2010\/08\/27\/xerox-workcentre-3550\/#primaryimage"},"image":{"@id":"http:\/\/atif.unaldi.org\/blog\/2010\/08\/27\/xerox-workcentre-3550\/#primaryimage"},"thumbnailUrl":"http:\/\/atifunaldi.files.wordpress.com\/2010\/08\/xerox_workcentre_3550_1-scaled-10002.jpg?w=300","datePublished":"2010-08-27T01:56:41+00:00","breadcrumb":{"@id":"http:\/\/atif.unaldi.org\/blog\/2010\/08\/27\/xerox-workcentre-3550\/#breadcrumb"},"inLanguage":"tr","potentialAction":[{"@type":"ReadAction","target":["http:\/\/atif.unaldi.org\/blog\/2010\/08\/27\/xerox-workcentre-3550\/"]}]},{"@type":"ImageObject","inLanguage":"tr","@id":"http:\/\/atif.unaldi.org\/blog\/2010\/08\/27\/xerox-workcentre-3550\/#primaryimage","url":"http:\/\/atifunaldi.files.wordpress.com\/2010\/08\/xerox_workcentre_3550_1-scaled-10002.jpg?w=300","contentUrl":"http:\/\/atifunaldi.files.wordpress.com\/2010\/08\/xerox_workcentre_3550_1-scaled-10002.jpg?w=300"},{"@type":"BreadcrumbList","@id":"http:\/\/atif.unaldi.org\/blog\/2010\/08\/27\/xerox-workcentre-3550\/#breadcrumb","itemListElement":[{"@type":"ListItem","position":1,"name":"Anasayfa","item":"http:\/\/atif.unaldi.org\/blog\/"},{"@type":"ListItem","position":2,"name":"Xerox WorkCentre 3550"}]},{"@type":"WebSite","@id":"http:\/\/atif.unaldi.org\/blog\/#website","url":"http:\/\/atif.unaldi.org\/blog\/","name":"At\u0131f \u00dcnald\u0131","description":"Yazar","publisher":{"@id":"http:\/\/atif.unaldi.org\/blog\/#\/schema\/person\/608ed42ecbda2bc5cfdb767ac1db479b"},"alternateName":"At\u0131f \u00dcnald\u0131 Blog","potentialAction":[{"@type":"SearchAction","target":{"@type":"EntryPoint","urlTemplate":"http:\/\/atif.unaldi.org\/blog\/?s={search_term_string}"},"query-input":{"@type":"PropertyValueSpecification","valueRequired":true,"valueName":"search_term_string"}}],"inLanguage":"tr"},{"@type":["Person","Organization"],"@id":"http:\/\/atif.unaldi.org\/blog\/#\/schema\/person\/608ed42ecbda2bc5cfdb767ac1db479b","name":"Atif Unaldi","image":{"@type":"ImageObject","inLanguage":"tr","@id":"http:\/\/atif.unaldi.org\/blog\/#\/schema\/person\/image\/","url":"http:\/\/atif.unaldi.org\/blog\/wp-content\/uploads\/2022\/10\/cropped-a94e8f7a-67c4-4d65-8a5f-032ba784be53-2.jpg","contentUrl":"http:\/\/atif.unaldi.org\/blog\/wp-content\/uploads\/2022\/10\/cropped-a94e8f7a-67c4-4d65-8a5f-032ba784be53-2.jpg","width":512,"height":512,"caption":"Atif Unaldi"},"logo":{"@id":"http:\/\/atif.unaldi.org\/blog\/#\/schema\/person\/image\/"},"description":"Bo\u011fazi\u00e7i \u00dcniversitesinde Fizik B\u00f6l\u00fcm\u00fc\u2019nde e\u011fitim ald\u0131\u011f\u0131 y\u0131llarda T\u00fcrkiye\u2019de ilk kez iki bilgisayar\u0131 telefon hatlar\u0131 \u00fczerinden konu\u015fturan BBS sistemini kurarak, T\u00fcrkiye\u2019deki ilk internet a\u011f\u0131n\u0131 olu\u015fturmu\u015ftur. Bir \u00e7ok radyo ve televizyonda program yap\u0131mc\u0131l\u0131\u011f\u0131 ve sunuculu\u011funu, bir \u00e7ok teknoloji dergisinde k\u00f6\u015fe yazarl\u0131\u011f\u0131, bili\u015fim edit\u00f6rl\u00fc\u011f\u00fc ve genel yay\u0131n y\u00f6netmenli\u011fi yapt\u0131. T\u00fcrkiye\u2019deki ilk internet servis sa\u011flay\u0131c\u0131s\u0131n\u0131n genel m\u00fcd\u00fcrl\u00fc\u011f\u00fcn\u00fc \u00fcstlendi. Bir \u00e7ok organizasyon ve kurulu\u015fta internet s\u00fcperviz\u00f6rl\u00fc\u011f\u00fc , webmaster\u2019l\u0131\u011f\u0131 , IT direkt\u00f6rl\u00fc\u011f\u00fc ve dijital projeler koordinat\u00f6rl\u00fc\u011f\u00fc g\u00f6revlerinde bulundu. Farkl\u0131 \u00fcniversitelerin farkl\u0131 fak\u00fcltelerinde \u00f6\u011fretim g\u00f6revlisi olarak bulunmu\u015f olan \u00dcnald\u0131; \u015fu an teknoloji ve pazarlama konular\u0131 ba\u015fta olmak \u00fczere bir\u00e7ok alanda hizmet veren Unaldi Consultancy\u2019nin kurucusudur. \u2028Selin \u00dcnald\u0131 ile evlidir. Su ve Toprak isminde iki \u00e7ocu\u011fu vard\u0131r.","sameAs":["http:\/\/atif.unaldi.org\/blog","https:\/\/www.facebook.com\/atifunaldi","https:\/\/www.instagram.com\/atifunaldi\/","https:\/\/www.linkedin.com\/in\/atifunaldi","https:\/\/x.com\/https:\/\/twitter.com\/atifunaldi","https:\/\/www.youtube.com\/c\/atifunaldi","https:\/\/soundcloud.com\/atif-unaldi","https:\/\/atifunaldi.tumblr.com"],"url":"http:\/\/atif.unaldi.org\/blog\/author\/atifunaldi\/"}]}},"jetpack_featured_media_url":"","_links":{"self":[{"href":"http:\/\/atif.unaldi.org\/blog\/wp-json\/wp\/v2\/posts\/1808","targetHints":{"allow":["GET"]}}],"collection":[{"href":"http:\/\/atif.unaldi.org\/blog\/wp-json\/wp\/v2\/posts"}],"about":[{"href":"http:\/\/atif.unaldi.org\/blog\/wp-json\/wp\/v2\/types\/post"}],"author":[{"embeddable":true,"href":"http:\/\/atif.unaldi.org\/blog\/wp-json\/wp\/v2\/users\/2"}],"replies":[{"embeddable":true,"href":"http:\/\/atif.unaldi.org\/blog\/wp-json\/wp\/v2\/comments?post=1808"}],"version-history":[{"count":0,"href":"http:\/\/atif.unaldi.org\/blog\/wp-json\/wp\/v2\/posts\/1808\/revisions"}],"wp:attachment":[{"href":"http:\/\/atif.unaldi.org\/blog\/wp-json\/wp\/v2\/media?parent=1808"}],"wp:term":[{"taxonomy":"category","embeddable":true,"href":"http:\/\/atif.unaldi.org\/blog\/wp-json\/wp\/v2\/categories?post=1808"},{"taxonomy":"post_tag","embeddable":true,"href":"http:\/\/atif.unaldi.org\/blog\/wp-json\/wp\/v2\/tags?post=1808"}],"curies":[{"name":"wp","href":"https:\/\/api.w.org\/{rel}","templated":true}]}}