{"id":1811,"date":"2010-08-27T18:04:33","date_gmt":"2010-08-27T18:04:33","guid":{"rendered":"http:\/\/haberler.atifunaldi.info\/2010\/08\/27\/garmin-asus"},"modified":"2010-08-27T18:04:33","modified_gmt":"2010-08-27T18:04:33","slug":"garmin-asus","status":"publish","type":"post","link":"http:\/\/atif.unaldi.org\/blog\/2010\/08\/27\/garmin-asus\/","title":{"rendered":"Garmin &#8211; ASUS"},"content":{"rendered":"<div class='p_embed p_image_embed'>\n<a href=\"http:\/\/atifunaldi.files.wordpress.com\/2010\/08\/m10_2-scaled-10001.jpg\"><img loading=\"lazy\" decoding=\"async\" alt=\"M10_2\" height=\"962\" src=\"http:\/\/atifunaldi.files.wordpress.com\/2010\/08\/m10_2-scaled-10001.jpg?w=156\" width=\"500\" \/><\/a>\n<\/div>\n<p>Garmin &ndash; Asus ortakl\u0131\u011f\u0131n\u0131n en yeni \u00fcyesi olan tam dokunmatik ekranl\u0131, en yeni Windows Mobile&reg; i\u015fletim sistemi ile g\u00fc\u00e7lendirilen ak\u0131ll\u0131 telefon Garmin-Asus M10 \u015fimdi t\u00fcm Turkcell \u0130leti\u015fim Merkezleri&rsquo;nde ve Turkcell Sat\u0131\u015f Noktalar\u0131&rsquo;nda 3G kampanya kapsam\u0131nda \u00e7ok uygun \u00f6deme se\u00e7enekleri ile t\u00fcketicisiyle bulu\u015fuyor. <br \/> 15 Temmuz &ndash; 31 A\u011fustos tarihleri aras\u0131nda Turkcell \u0130leti\u015fim Merkezlerinden veya Turkcell Sat\u0131\u015f Noktalar\u0131ndan 3G&rsquo;li Garmin &ndash; Asus M10 telefonlar\u0131ndan birini sat\u0131n alan ve kampanyaya kat\u0131lan \u00f6n \u00f6demeli aboneler, 30 Kas\u0131m&rsquo;a kadar her 20TL kar\u015f\u0131l\u0131\u011f\u0131nda 200TL konu\u015fma + mesajla\u015fma ve 100MB internet paketi, fatural\u0131 aboneler ise her y\u00f6ne 1000 dakika konu\u015fma + 100MB internet paketi kazan\u0131yorlar. <\/p>\n<p \/> \u00dcst\u00fcn Ve Ak\u0131ll\u0131 Bir Telefon <\/p>\n<p \/>Garmin-Asus M10 sundu\u011fu s\u0131n\u0131rs\u0131z \u00f6zellikleri; i\u015f ve ki\u015fisel rehber, e-posta, takvim ve ek olarak \u00f6nceden Garmin taraf\u0131ndan y\u00fcklenmi\u015f Mobil Navigasyon sistemi ile profesyoneller i\u00e7in tasarland\u0131. &nbsp;<\/p>\n<p \/> Garmin-Asus M10 Windows&rsquo;un en son s\u00fcr\u00fcm\u00fc olan Windows Mobile 6.5.3 ile \u00e7al\u0131\u015f\u0131yor. Bu yeni s\u00fcr\u00fcm, kullan\u0131c\u0131ya yeni ve farkl\u0131 deneyimler sunuyor. &nbsp;<br \/>M10 3.5 in\u00e7lik WVGA ekran\u0131 ve dokunmatik kullan\u0131c\u0131 aray\u00fcz\u00fc ile \u015f\u0131k bir tasar\u0131ma sahip olan Garmin-Asus M10&rsquo;un billboard \u00f6zellikli ekran\u0131 sayesinde kullan\u0131c\u0131lar t\u00fcm \u00f6nemli bilgileri tek bir bak\u0131\u015fta g\u00f6rebiliyor. Sezgisel 3D G\u00f6rev Y\u00f6neticisi, \u00e7al\u0131\u015fan uygulama esnas\u0131nda farkl\u0131 g\u00f6revlere ge\u00e7i\u015f yapma imkan\u0131 sunuyor. &nbsp;512 RAM ve 512 ROM ile 4GB&rsquo;l\u0131k Flash bellek sayesinde s\u0131n\u0131rs\u0131z multimedya ve veri depolama alan\u0131 sunuyor. <\/p>\n<p \/>\n<p \/>1500mAh&rsquo;l\u0131k bir pil ile donat\u0131lan M10, saatler s\u00fcren kesintisiz kullan\u0131m imkan\u0131 sunuyor. Bununla birlikte QWERTY dokunmatik klavyesi sayesinde h\u0131zl\u0131 metin giri\u015fi ve iletilerin h\u0131zla geli\u015f-gidi\u015fini sa\u011flayan HSDPA kablosuz ba\u011flant\u0131s\u0131 Wi-Fi (802,11 b\/g) gibi bir\u00e7ok \u00f6zelli\u011fe sahip. Dahas\u0131, Microsoft Exchange&reg; sayesinde rehber, takvim ve e-mailler her zaman g\u00fcvenli bir \u015fekilde kullan\u0131labilir durumda. <\/p>\n<p \/>T\u0131kla ve Git <br \/>Garmin-Asus M10, her an g\u00fcncellenen \u00f6zel konum bilgisi sayesinde en geli\u015fmi\u015f yerel tabanl\u0131 navigasyon deneyimi sunuyor. Navigasyon fonksyonlar\u0131 s\u0131kl\u0131kla kullan\u0131lan takvim, ba\u011flant\u0131lar, email, internet taray\u0131c\u0131 ve mesajla\u015fma ile ba\u011flant\u0131l\u0131 \u00e7al\u0131\u015farak, son derece kolay ve sorunsuz navigasyon deneyimi sunuyor. <\/p>\n<p \/> M10 geli\u015fmi\u015f &nbsp;navigasyon \u00f6zellikleri ile Garmin n\u00fcvi&reg; navigasyon cihaz\u0131 gibi t\u00fcm haritay\u0131, sokak giri\u015fleri ve \u00e7\u0131k\u0131\u015flar\u0131yla ba\u015far\u0131l\u0131 bir \u015fekilde s\u00fcr\u00fcc\u00fcye g\u00f6steriyor. M10&rsquo;nun kutusu i\u00e7erisinde ara\u00e7 i\u00e7i navigasyon i\u00e7in gerekli olan t\u00fcm ekipmanlar\u0131 i\u00e7eriyor*. &nbsp;<br \/> Hayata Ba\u011fl\u0131 &nbsp;Kal\u0131n <\/p>\n<p \/>Garmin-Asus M10 Facebook&trade; &nbsp;veya Picasa Web Albums&trade; gibi \u00e7e\u015fitli sosyal a\u011flara ba\u011fl\u0131 kalma imkan\u0131 tan\u0131yor. Ayn\u0131 zamanda hava durumu, trafik durumu, u\u00e7u\u015f saatleri ve yak\u0131t fiyatlar\u0131 gibi \u00e7e\u015fitli bilgileri ba\u011flant\u0131 servisleri ile kullan\u0131c\u0131y\u0131 s\u00fcrekli olarak bilgilendiriyor. Bununla birlikte M10 y\u00fcksek \u00e7\u00f6z\u00fcn\u00fcrl\u00fck sunan tam 5 mega-piksel kameras\u0131 ile kullan\u0131c\u0131s\u0131na m\u00fckemmel g\u00f6r\u00fcnt\u00fcler \u00e7ekme ve bunlar\u0131 Facebook arac\u0131l\u0131\u011f\u0131 ile arkada\u015flar\u0131yla payla\u015fabilme ayr\u0131cal\u0131\u011f\u0131n\u0131 tan\u0131yor.<\/p>\n","protected":false},"excerpt":{"rendered":"<p>Garmin &ndash; Asus ortakl\u0131\u011f\u0131n\u0131n en yeni \u00fcyesi olan tam dokunmatik ekranl\u0131, en yeni Windows Mobile&reg; i\u015fletim sistemi ile g\u00fc\u00e7lendirilen ak\u0131ll\u0131 telefon Garmin-Asus M10 \u015fimdi t\u00fcm Turkcell \u0130leti\u015fim Merkezleri&rsquo;nde ve Turkcell Sat\u0131\u015f Noktalar\u0131&rsquo;nda 3G kampanya kapsam\u0131nda&#8230;<\/p>\n","protected":false},"author":2,"featured_media":0,"comment_status":"open","ping_status":"open","sticky":false,"template":"","format":"standard","meta":{"footnotes":""},"categories":[3],"tags":[],"class_list":["post-1811","post","type-post","status-publish","format-standard","hentry","category-blogum"],"yoast_head":"<!-- This site is optimized with the Yoast SEO plugin v26.8 - https:\/\/yoast.com\/product\/yoast-seo-wordpress\/ -->\n<title>Garmin - ASUS - At\u0131f \u00dcnald\u0131<\/title>\n<meta name=\"robots\" content=\"index, follow, max-snippet:-1, max-image-preview:large, max-video-preview:-1\" \/>\n<link rel=\"canonical\" href=\"http:\/\/atif.unaldi.org\/blog\/2010\/08\/27\/garmin-asus\/\" \/>\n<meta property=\"og:locale\" content=\"tr_TR\" \/>\n<meta property=\"og:type\" content=\"article\" \/>\n<meta property=\"og:title\" content=\"Garmin - ASUS - At\u0131f \u00dcnald\u0131\" \/>\n<meta property=\"og:description\" content=\"Garmin &ndash; Asus ortakl\u0131\u011f\u0131n\u0131n en yeni \u00fcyesi olan tam dokunmatik ekranl\u0131, en yeni Windows Mobile&reg; i\u015fletim sistemi ile g\u00fc\u00e7lendirilen ak\u0131ll\u0131 telefon Garmin-Asus M10 \u015fimdi t\u00fcm Turkcell \u0130leti\u015fim Merkezleri&rsquo;nde ve Turkcell Sat\u0131\u015f Noktalar\u0131&rsquo;nda 3G kampanya kapsam\u0131nda...\" \/>\n<meta property=\"og:url\" content=\"http:\/\/atif.unaldi.org\/blog\/2010\/08\/27\/garmin-asus\/\" \/>\n<meta property=\"og:site_name\" content=\"At\u0131f \u00dcnald\u0131\" \/>\n<meta property=\"article:publisher\" content=\"https:\/\/www.facebook.com\/atifunaldi\" \/>\n<meta property=\"article:author\" content=\"https:\/\/www.facebook.com\/atifunaldi\" \/>\n<meta property=\"article:published_time\" content=\"2010-08-27T18:04:33+00:00\" \/>\n<meta property=\"og:image\" content=\"http:\/\/atifunaldi.files.wordpress.com\/2010\/08\/m10_2-scaled-10001.jpg?w=156\" \/>\n<meta name=\"author\" content=\"Atif Unaldi\" \/>\n<meta name=\"twitter:card\" content=\"summary_large_image\" \/>\n<meta name=\"twitter:creator\" content=\"@https:\/\/twitter.com\/atifunaldi\" \/>\n<meta name=\"twitter:site\" content=\"@atifunaldi\" \/>\n<meta name=\"twitter:label1\" content=\"Yazan:\" \/>\n\t<meta name=\"twitter:data1\" content=\"Atif Unaldi\" \/>\n\t<meta name=\"twitter:label2\" content=\"Tahmini okuma s\u00fcresi\" \/>\n\t<meta name=\"twitter:data2\" content=\"3 dakika\" \/>\n<script type=\"application\/ld+json\" class=\"yoast-schema-graph\">{\"@context\":\"https:\/\/schema.org\",\"@graph\":[{\"@type\":\"Article\",\"@id\":\"http:\/\/atif.unaldi.org\/blog\/2010\/08\/27\/garmin-asus\/#article\",\"isPartOf\":{\"@id\":\"http:\/\/atif.unaldi.org\/blog\/2010\/08\/27\/garmin-asus\/\"},\"author\":{\"name\":\"Atif Unaldi\",\"@id\":\"http:\/\/atif.unaldi.org\/blog\/#\/schema\/person\/608ed42ecbda2bc5cfdb767ac1db479b\"},\"headline\":\"Garmin &#8211; ASUS\",\"datePublished\":\"2010-08-27T18:04:33+00:00\",\"mainEntityOfPage\":{\"@id\":\"http:\/\/atif.unaldi.org\/blog\/2010\/08\/27\/garmin-asus\/\"},\"wordCount\":557,\"commentCount\":0,\"publisher\":{\"@id\":\"http:\/\/atif.unaldi.org\/blog\/#\/schema\/person\/608ed42ecbda2bc5cfdb767ac1db479b\"},\"image\":{\"@id\":\"http:\/\/atif.unaldi.org\/blog\/2010\/08\/27\/garmin-asus\/#primaryimage\"},\"thumbnailUrl\":\"http:\/\/atifunaldi.files.wordpress.com\/2010\/08\/m10_2-scaled-10001.jpg?w=156\",\"articleSection\":[\"Blogum\"],\"inLanguage\":\"tr\",\"potentialAction\":[{\"@type\":\"CommentAction\",\"name\":\"Comment\",\"target\":[\"http:\/\/atif.unaldi.org\/blog\/2010\/08\/27\/garmin-asus\/#respond\"]}]},{\"@type\":\"WebPage\",\"@id\":\"http:\/\/atif.unaldi.org\/blog\/2010\/08\/27\/garmin-asus\/\",\"url\":\"http:\/\/atif.unaldi.org\/blog\/2010\/08\/27\/garmin-asus\/\",\"name\":\"Garmin - ASUS - At\u0131f \u00dcnald\u0131\",\"isPartOf\":{\"@id\":\"http:\/\/atif.unaldi.org\/blog\/#website\"},\"primaryImageOfPage\":{\"@id\":\"http:\/\/atif.unaldi.org\/blog\/2010\/08\/27\/garmin-asus\/#primaryimage\"},\"image\":{\"@id\":\"http:\/\/atif.unaldi.org\/blog\/2010\/08\/27\/garmin-asus\/#primaryimage\"},\"thumbnailUrl\":\"http:\/\/atifunaldi.files.wordpress.com\/2010\/08\/m10_2-scaled-10001.jpg?w=156\",\"datePublished\":\"2010-08-27T18:04:33+00:00\",\"breadcrumb\":{\"@id\":\"http:\/\/atif.unaldi.org\/blog\/2010\/08\/27\/garmin-asus\/#breadcrumb\"},\"inLanguage\":\"tr\",\"potentialAction\":[{\"@type\":\"ReadAction\",\"target\":[\"http:\/\/atif.unaldi.org\/blog\/2010\/08\/27\/garmin-asus\/\"]}]},{\"@type\":\"ImageObject\",\"inLanguage\":\"tr\",\"@id\":\"http:\/\/atif.unaldi.org\/blog\/2010\/08\/27\/garmin-asus\/#primaryimage\",\"url\":\"http:\/\/atifunaldi.files.wordpress.com\/2010\/08\/m10_2-scaled-10001.jpg?w=156\",\"contentUrl\":\"http:\/\/atifunaldi.files.wordpress.com\/2010\/08\/m10_2-scaled-10001.jpg?w=156\"},{\"@type\":\"BreadcrumbList\",\"@id\":\"http:\/\/atif.unaldi.org\/blog\/2010\/08\/27\/garmin-asus\/#breadcrumb\",\"itemListElement\":[{\"@type\":\"ListItem\",\"position\":1,\"name\":\"Anasayfa\",\"item\":\"http:\/\/atif.unaldi.org\/blog\/\"},{\"@type\":\"ListItem\",\"position\":2,\"name\":\"Garmin &#8211; ASUS\"}]},{\"@type\":\"WebSite\",\"@id\":\"http:\/\/atif.unaldi.org\/blog\/#website\",\"url\":\"http:\/\/atif.unaldi.org\/blog\/\",\"name\":\"At\u0131f \u00dcnald\u0131\",\"description\":\"Yazar\",\"publisher\":{\"@id\":\"http:\/\/atif.unaldi.org\/blog\/#\/schema\/person\/608ed42ecbda2bc5cfdb767ac1db479b\"},\"alternateName\":\"At\u0131f \u00dcnald\u0131 Blog\",\"potentialAction\":[{\"@type\":\"SearchAction\",\"target\":{\"@type\":\"EntryPoint\",\"urlTemplate\":\"http:\/\/atif.unaldi.org\/blog\/?s={search_term_string}\"},\"query-input\":{\"@type\":\"PropertyValueSpecification\",\"valueRequired\":true,\"valueName\":\"search_term_string\"}}],\"inLanguage\":\"tr\"},{\"@type\":[\"Person\",\"Organization\"],\"@id\":\"http:\/\/atif.unaldi.org\/blog\/#\/schema\/person\/608ed42ecbda2bc5cfdb767ac1db479b\",\"name\":\"Atif Unaldi\",\"image\":{\"@type\":\"ImageObject\",\"inLanguage\":\"tr\",\"@id\":\"http:\/\/atif.unaldi.org\/blog\/#\/schema\/person\/image\/\",\"url\":\"http:\/\/atif.unaldi.org\/blog\/wp-content\/uploads\/2022\/10\/cropped-a94e8f7a-67c4-4d65-8a5f-032ba784be53-2.jpg\",\"contentUrl\":\"http:\/\/atif.unaldi.org\/blog\/wp-content\/uploads\/2022\/10\/cropped-a94e8f7a-67c4-4d65-8a5f-032ba784be53-2.jpg\",\"width\":512,\"height\":512,\"caption\":\"Atif Unaldi\"},\"logo\":{\"@id\":\"http:\/\/atif.unaldi.org\/blog\/#\/schema\/person\/image\/\"},\"description\":\"Bo\u011fazi\u00e7i \u00dcniversitesinde Fizik B\u00f6l\u00fcm\u00fc\u2019nde e\u011fitim ald\u0131\u011f\u0131 y\u0131llarda T\u00fcrkiye\u2019de ilk kez iki bilgisayar\u0131 telefon hatlar\u0131 \u00fczerinden konu\u015fturan BBS sistemini kurarak, T\u00fcrkiye\u2019deki ilk internet a\u011f\u0131n\u0131 olu\u015fturmu\u015ftur. Bir \u00e7ok radyo ve televizyonda program yap\u0131mc\u0131l\u0131\u011f\u0131 ve sunuculu\u011funu, bir \u00e7ok teknoloji dergisinde k\u00f6\u015fe yazarl\u0131\u011f\u0131, bili\u015fim edit\u00f6rl\u00fc\u011f\u00fc ve genel yay\u0131n y\u00f6netmenli\u011fi yapt\u0131. T\u00fcrkiye\u2019deki ilk internet servis sa\u011flay\u0131c\u0131s\u0131n\u0131n genel m\u00fcd\u00fcrl\u00fc\u011f\u00fcn\u00fc \u00fcstlendi. Bir \u00e7ok organizasyon ve kurulu\u015fta internet s\u00fcperviz\u00f6rl\u00fc\u011f\u00fc , webmaster\u2019l\u0131\u011f\u0131 , IT direkt\u00f6rl\u00fc\u011f\u00fc ve dijital projeler koordinat\u00f6rl\u00fc\u011f\u00fc g\u00f6revlerinde bulundu. Farkl\u0131 \u00fcniversitelerin farkl\u0131 fak\u00fcltelerinde \u00f6\u011fretim g\u00f6revlisi olarak bulunmu\u015f olan \u00dcnald\u0131; \u015fu an teknoloji ve pazarlama konular\u0131 ba\u015fta olmak \u00fczere bir\u00e7ok alanda hizmet veren Unaldi Consultancy\u2019nin kurucusudur. \\u2028Selin \u00dcnald\u0131 ile evlidir. Su ve Toprak isminde iki \u00e7ocu\u011fu vard\u0131r.\",\"sameAs\":[\"http:\/\/atif.unaldi.org\/blog\",\"https:\/\/www.facebook.com\/atifunaldi\",\"https:\/\/www.instagram.com\/atifunaldi\/\",\"https:\/\/www.linkedin.com\/in\/atifunaldi\",\"https:\/\/x.com\/https:\/\/twitter.com\/atifunaldi\",\"https:\/\/www.youtube.com\/c\/atifunaldi\",\"https:\/\/soundcloud.com\/atif-unaldi\",\"https:\/\/atifunaldi.tumblr.com\"],\"url\":\"http:\/\/atif.unaldi.org\/blog\/author\/atifunaldi\/\"}]}<\/script>\n<!-- \/ Yoast SEO plugin. -->","yoast_head_json":{"title":"Garmin - ASUS - At\u0131f \u00dcnald\u0131","robots":{"index":"index","follow":"follow","max-snippet":"max-snippet:-1","max-image-preview":"max-image-preview:large","max-video-preview":"max-video-preview:-1"},"canonical":"http:\/\/atif.unaldi.org\/blog\/2010\/08\/27\/garmin-asus\/","og_locale":"tr_TR","og_type":"article","og_title":"Garmin - ASUS - At\u0131f \u00dcnald\u0131","og_description":"Garmin &ndash; Asus ortakl\u0131\u011f\u0131n\u0131n en yeni \u00fcyesi olan tam dokunmatik ekranl\u0131, en yeni Windows Mobile&reg; i\u015fletim sistemi ile g\u00fc\u00e7lendirilen ak\u0131ll\u0131 telefon Garmin-Asus M10 \u015fimdi t\u00fcm Turkcell \u0130leti\u015fim Merkezleri&rsquo;nde ve Turkcell Sat\u0131\u015f Noktalar\u0131&rsquo;nda 3G kampanya kapsam\u0131nda...","og_url":"http:\/\/atif.unaldi.org\/blog\/2010\/08\/27\/garmin-asus\/","og_site_name":"At\u0131f \u00dcnald\u0131","article_publisher":"https:\/\/www.facebook.com\/atifunaldi","article_author":"https:\/\/www.facebook.com\/atifunaldi","article_published_time":"2010-08-27T18:04:33+00:00","og_image":[{"url":"http:\/\/atifunaldi.files.wordpress.com\/2010\/08\/m10_2-scaled-10001.jpg?w=156","type":"","width":"","height":""}],"author":"Atif Unaldi","twitter_card":"summary_large_image","twitter_creator":"@https:\/\/twitter.com\/atifunaldi","twitter_site":"@atifunaldi","twitter_misc":{"Yazan:":"Atif Unaldi","Tahmini okuma s\u00fcresi":"3 dakika"},"schema":{"@context":"https:\/\/schema.org","@graph":[{"@type":"Article","@id":"http:\/\/atif.unaldi.org\/blog\/2010\/08\/27\/garmin-asus\/#article","isPartOf":{"@id":"http:\/\/atif.unaldi.org\/blog\/2010\/08\/27\/garmin-asus\/"},"author":{"name":"Atif Unaldi","@id":"http:\/\/atif.unaldi.org\/blog\/#\/schema\/person\/608ed42ecbda2bc5cfdb767ac1db479b"},"headline":"Garmin &#8211; ASUS","datePublished":"2010-08-27T18:04:33+00:00","mainEntityOfPage":{"@id":"http:\/\/atif.unaldi.org\/blog\/2010\/08\/27\/garmin-asus\/"},"wordCount":557,"commentCount":0,"publisher":{"@id":"http:\/\/atif.unaldi.org\/blog\/#\/schema\/person\/608ed42ecbda2bc5cfdb767ac1db479b"},"image":{"@id":"http:\/\/atif.unaldi.org\/blog\/2010\/08\/27\/garmin-asus\/#primaryimage"},"thumbnailUrl":"http:\/\/atifunaldi.files.wordpress.com\/2010\/08\/m10_2-scaled-10001.jpg?w=156","articleSection":["Blogum"],"inLanguage":"tr","potentialAction":[{"@type":"CommentAction","name":"Comment","target":["http:\/\/atif.unaldi.org\/blog\/2010\/08\/27\/garmin-asus\/#respond"]}]},{"@type":"WebPage","@id":"http:\/\/atif.unaldi.org\/blog\/2010\/08\/27\/garmin-asus\/","url":"http:\/\/atif.unaldi.org\/blog\/2010\/08\/27\/garmin-asus\/","name":"Garmin - ASUS - At\u0131f \u00dcnald\u0131","isPartOf":{"@id":"http:\/\/atif.unaldi.org\/blog\/#website"},"primaryImageOfPage":{"@id":"http:\/\/atif.unaldi.org\/blog\/2010\/08\/27\/garmin-asus\/#primaryimage"},"image":{"@id":"http:\/\/atif.unaldi.org\/blog\/2010\/08\/27\/garmin-asus\/#primaryimage"},"thumbnailUrl":"http:\/\/atifunaldi.files.wordpress.com\/2010\/08\/m10_2-scaled-10001.jpg?w=156","datePublished":"2010-08-27T18:04:33+00:00","breadcrumb":{"@id":"http:\/\/atif.unaldi.org\/blog\/2010\/08\/27\/garmin-asus\/#breadcrumb"},"inLanguage":"tr","potentialAction":[{"@type":"ReadAction","target":["http:\/\/atif.unaldi.org\/blog\/2010\/08\/27\/garmin-asus\/"]}]},{"@type":"ImageObject","inLanguage":"tr","@id":"http:\/\/atif.unaldi.org\/blog\/2010\/08\/27\/garmin-asus\/#primaryimage","url":"http:\/\/atifunaldi.files.wordpress.com\/2010\/08\/m10_2-scaled-10001.jpg?w=156","contentUrl":"http:\/\/atifunaldi.files.wordpress.com\/2010\/08\/m10_2-scaled-10001.jpg?w=156"},{"@type":"BreadcrumbList","@id":"http:\/\/atif.unaldi.org\/blog\/2010\/08\/27\/garmin-asus\/#breadcrumb","itemListElement":[{"@type":"ListItem","position":1,"name":"Anasayfa","item":"http:\/\/atif.unaldi.org\/blog\/"},{"@type":"ListItem","position":2,"name":"Garmin &#8211; ASUS"}]},{"@type":"WebSite","@id":"http:\/\/atif.unaldi.org\/blog\/#website","url":"http:\/\/atif.unaldi.org\/blog\/","name":"At\u0131f \u00dcnald\u0131","description":"Yazar","publisher":{"@id":"http:\/\/atif.unaldi.org\/blog\/#\/schema\/person\/608ed42ecbda2bc5cfdb767ac1db479b"},"alternateName":"At\u0131f \u00dcnald\u0131 Blog","potentialAction":[{"@type":"SearchAction","target":{"@type":"EntryPoint","urlTemplate":"http:\/\/atif.unaldi.org\/blog\/?s={search_term_string}"},"query-input":{"@type":"PropertyValueSpecification","valueRequired":true,"valueName":"search_term_string"}}],"inLanguage":"tr"},{"@type":["Person","Organization"],"@id":"http:\/\/atif.unaldi.org\/blog\/#\/schema\/person\/608ed42ecbda2bc5cfdb767ac1db479b","name":"Atif Unaldi","image":{"@type":"ImageObject","inLanguage":"tr","@id":"http:\/\/atif.unaldi.org\/blog\/#\/schema\/person\/image\/","url":"http:\/\/atif.unaldi.org\/blog\/wp-content\/uploads\/2022\/10\/cropped-a94e8f7a-67c4-4d65-8a5f-032ba784be53-2.jpg","contentUrl":"http:\/\/atif.unaldi.org\/blog\/wp-content\/uploads\/2022\/10\/cropped-a94e8f7a-67c4-4d65-8a5f-032ba784be53-2.jpg","width":512,"height":512,"caption":"Atif Unaldi"},"logo":{"@id":"http:\/\/atif.unaldi.org\/blog\/#\/schema\/person\/image\/"},"description":"Bo\u011fazi\u00e7i \u00dcniversitesinde Fizik B\u00f6l\u00fcm\u00fc\u2019nde e\u011fitim ald\u0131\u011f\u0131 y\u0131llarda T\u00fcrkiye\u2019de ilk kez iki bilgisayar\u0131 telefon hatlar\u0131 \u00fczerinden konu\u015fturan BBS sistemini kurarak, T\u00fcrkiye\u2019deki ilk internet a\u011f\u0131n\u0131 olu\u015fturmu\u015ftur. Bir \u00e7ok radyo ve televizyonda program yap\u0131mc\u0131l\u0131\u011f\u0131 ve sunuculu\u011funu, bir \u00e7ok teknoloji dergisinde k\u00f6\u015fe yazarl\u0131\u011f\u0131, bili\u015fim edit\u00f6rl\u00fc\u011f\u00fc ve genel yay\u0131n y\u00f6netmenli\u011fi yapt\u0131. T\u00fcrkiye\u2019deki ilk internet servis sa\u011flay\u0131c\u0131s\u0131n\u0131n genel m\u00fcd\u00fcrl\u00fc\u011f\u00fcn\u00fc \u00fcstlendi. Bir \u00e7ok organizasyon ve kurulu\u015fta internet s\u00fcperviz\u00f6rl\u00fc\u011f\u00fc , webmaster\u2019l\u0131\u011f\u0131 , IT direkt\u00f6rl\u00fc\u011f\u00fc ve dijital projeler koordinat\u00f6rl\u00fc\u011f\u00fc g\u00f6revlerinde bulundu. Farkl\u0131 \u00fcniversitelerin farkl\u0131 fak\u00fcltelerinde \u00f6\u011fretim g\u00f6revlisi olarak bulunmu\u015f olan \u00dcnald\u0131; \u015fu an teknoloji ve pazarlama konular\u0131 ba\u015fta olmak \u00fczere bir\u00e7ok alanda hizmet veren Unaldi Consultancy\u2019nin kurucusudur. \u2028Selin \u00dcnald\u0131 ile evlidir. Su ve Toprak isminde iki \u00e7ocu\u011fu vard\u0131r.","sameAs":["http:\/\/atif.unaldi.org\/blog","https:\/\/www.facebook.com\/atifunaldi","https:\/\/www.instagram.com\/atifunaldi\/","https:\/\/www.linkedin.com\/in\/atifunaldi","https:\/\/x.com\/https:\/\/twitter.com\/atifunaldi","https:\/\/www.youtube.com\/c\/atifunaldi","https:\/\/soundcloud.com\/atif-unaldi","https:\/\/atifunaldi.tumblr.com"],"url":"http:\/\/atif.unaldi.org\/blog\/author\/atifunaldi\/"}]}},"jetpack_featured_media_url":"","_links":{"self":[{"href":"http:\/\/atif.unaldi.org\/blog\/wp-json\/wp\/v2\/posts\/1811","targetHints":{"allow":["GET"]}}],"collection":[{"href":"http:\/\/atif.unaldi.org\/blog\/wp-json\/wp\/v2\/posts"}],"about":[{"href":"http:\/\/atif.unaldi.org\/blog\/wp-json\/wp\/v2\/types\/post"}],"author":[{"embeddable":true,"href":"http:\/\/atif.unaldi.org\/blog\/wp-json\/wp\/v2\/users\/2"}],"replies":[{"embeddable":true,"href":"http:\/\/atif.unaldi.org\/blog\/wp-json\/wp\/v2\/comments?post=1811"}],"version-history":[{"count":0,"href":"http:\/\/atif.unaldi.org\/blog\/wp-json\/wp\/v2\/posts\/1811\/revisions"}],"wp:attachment":[{"href":"http:\/\/atif.unaldi.org\/blog\/wp-json\/wp\/v2\/media?parent=1811"}],"wp:term":[{"taxonomy":"category","embeddable":true,"href":"http:\/\/atif.unaldi.org\/blog\/wp-json\/wp\/v2\/categories?post=1811"},{"taxonomy":"post_tag","embeddable":true,"href":"http:\/\/atif.unaldi.org\/blog\/wp-json\/wp\/v2\/tags?post=1811"}],"curies":[{"name":"wp","href":"https:\/\/api.w.org\/{rel}","templated":true}]}}