{"id":1885,"date":"2010-11-01T22:01:28","date_gmt":"2010-11-01T22:01:28","guid":{"rendered":"http:\/\/haberler.atifunaldi.info\/2010\/11\/01\/dreamoc-ile-urunler-artik-3-boyutlu-sergilenecek"},"modified":"2010-11-01T22:01:28","modified_gmt":"2010-11-01T22:01:28","slug":"dreamoc-ile-urunler-artik-3-boyutlu-sergilenecek","status":"publish","type":"post","link":"http:\/\/atif.unaldi.org\/blog\/2010\/11\/01\/dreamoc-ile-urunler-artik-3-boyutlu-sergilenecek\/","title":{"rendered":"DREAMOC \u0130LE \u00dcR\u00dcNLER ARTIK 3 BOYUTLU SERG\u0130LENECEK"},"content":{"rendered":"<p>Holotech, T\u00fcrkiye&#8217;yi d\u00fcnya ile ayn\u0131 anda 3 boyutlu sergileme teknolojisi ile <br \/>bulu\u015fturuyor. Stand ve \u00fcr\u00fcn sunumunu son teknolojiyi kullanarak en etkili hale <br \/>getiren Dreamoc, \u00fcr\u00fcnlerin kolayca fark edilmesini sa\u011fl\u0131yor ve \u00fcr\u00fcne <br \/>farkl\u0131l\u0131k kat\u0131yor. <br \/>3 boyutlu teknolojisi t\u00fcm dikkatleri \u00fcr\u00fcn\u00fcn \u00fczerine \u00e7ekiyor. G\u00f6rsel <br \/>olarak t\u00fcketiciyi <br \/>etkileyerek ak\u0131lda kal\u0131c\u0131l\u0131\u011f\u0131n\u0131 art\u0131r\u0131yor. <\/p>\n<p \/> Rekabet ortam\u0131nda, rakiplerinden farkl\u0131 olmak isteyen ak\u0131ll\u0131 <br \/>y\u00f6neticiler i\u00e7in geli\u015ftirilen <br \/>Dreamoc, \u00fcst\u00fcn teknolojisi ile g\u00f6rselli\u011fi ve ayn\u0131 zamanda yarat\u0131c\u0131l\u0131\u011f\u0131 \u00f6n plana <br \/>\u00e7\u0131kar\u0131yor. <\/p>\n<p \/> Dreamoc, y\u00fcklenen g\u00f6r\u00fcnt\u00fcy\u00fc holografik olarak sergileyerek her a\u00e7\u0131dan g\u00f6rme <br \/>olana\u011f\u0131 sa\u011fl\u0131yor. Y\u00fcksek \u00e7\u00f6z\u00fcn\u00fcrl\u00fckteki g\u00f6r\u00fcnt\u00fc kalitesi sayesinde <br \/>\u0131\u015f\u0131k alt\u0131nda dahi <br \/>m\u00fckemmel sonu\u00e7 veriyor. Dreamoc, ayn\u0131 zamanda serbest g\u00f6r\u00fcnt\u00fcy\u00fc \u00fcr\u00fcn <br \/>ile birlikte <br \/>sergileme olana\u011f\u0131 sa\u011fl\u0131yor. <\/p>\n<p \/> <a href=\"http:\/\/www.holotechtr.com\">www.holotechtr.com<\/a><\/p>\n<p><div class='p_embed p_image_embed'>\n<a href=\"http:\/\/atifunaldi.files.wordpress.com\/2010\/11\/dreamoc6-scaled-10001.jpg\"><img loading=\"lazy\" decoding=\"async\" alt=\"Dreamoc6\" height=\"374\" src=\"http:\/\/atifunaldi.files.wordpress.com\/2010\/11\/dreamoc6-scaled-10001.jpg?w=300\" width=\"500\" \/><\/a><br \/>\n<a href=\"http:\/\/atifunaldi.files.wordpress.com\/2010\/11\/dreamoc7-scaled-10001.jpg\"><img loading=\"lazy\" decoding=\"async\" alt=\"Dreamoc7\" height=\"353\" src=\"http:\/\/atifunaldi.files.wordpress.com\/2010\/11\/dreamoc7-scaled-10001.jpg?w=300\" width=\"500\" \/><\/a><\/p>\n<div class='p_see_full_gallery'><a href=\"http:\/\/atifunaldi.posterous.com\/dreamoc-ile-urunler-artik-3-boyutlu-sergilene\">See the full gallery on Posterous<\/a><\/div>\n<\/div>\n","protected":false},"excerpt":{"rendered":"<p>Holotech, T\u00fcrkiye&#8217;yi d\u00fcnya ile ayn\u0131 anda 3 boyutlu sergileme teknolojisi ile bulu\u015fturuyor. Stand ve \u00fcr\u00fcn sunumunu son teknolojiyi kullanarak en etkili hale getiren Dreamoc, \u00fcr\u00fcnlerin kolayca fark edilmesini sa\u011fl\u0131yor ve \u00fcr\u00fcne farkl\u0131l\u0131k kat\u0131yor. 3 boyutlu&#8230;<\/p>\n","protected":false},"author":2,"featured_media":0,"comment_status":"open","ping_status":"open","sticky":false,"template":"","format":"standard","meta":{"footnotes":""},"categories":[3],"tags":[],"class_list":["post-1885","post","type-post","status-publish","format-standard","hentry","category-blogum"],"yoast_head":"<!-- This site is optimized with the Yoast SEO plugin v26.8 - https:\/\/yoast.com\/product\/yoast-seo-wordpress\/ -->\n<title>DREAMOC \u0130LE \u00dcR\u00dcNLER ARTIK 3 BOYUTLU SERG\u0130LENECEK - At\u0131f \u00dcnald\u0131<\/title>\n<meta name=\"robots\" content=\"index, follow, max-snippet:-1, max-image-preview:large, max-video-preview:-1\" \/>\n<link rel=\"canonical\" href=\"http:\/\/atif.unaldi.org\/blog\/2010\/11\/01\/dreamoc-ile-urunler-artik-3-boyutlu-sergilenecek\/\" \/>\n<meta property=\"og:locale\" content=\"tr_TR\" \/>\n<meta property=\"og:type\" content=\"article\" \/>\n<meta property=\"og:title\" content=\"DREAMOC \u0130LE \u00dcR\u00dcNLER ARTIK 3 BOYUTLU SERG\u0130LENECEK - At\u0131f \u00dcnald\u0131\" \/>\n<meta property=\"og:description\" content=\"Holotech, T\u00fcrkiye&#8217;yi d\u00fcnya ile ayn\u0131 anda 3 boyutlu sergileme teknolojisi ile bulu\u015fturuyor. Stand ve \u00fcr\u00fcn sunumunu son teknolojiyi kullanarak en etkili hale getiren Dreamoc, \u00fcr\u00fcnlerin kolayca fark edilmesini sa\u011fl\u0131yor ve \u00fcr\u00fcne farkl\u0131l\u0131k kat\u0131yor. 3 boyutlu...\" \/>\n<meta property=\"og:url\" content=\"http:\/\/atif.unaldi.org\/blog\/2010\/11\/01\/dreamoc-ile-urunler-artik-3-boyutlu-sergilenecek\/\" \/>\n<meta property=\"og:site_name\" content=\"At\u0131f \u00dcnald\u0131\" \/>\n<meta property=\"article:publisher\" content=\"https:\/\/www.facebook.com\/atifunaldi\" \/>\n<meta property=\"article:author\" content=\"https:\/\/www.facebook.com\/atifunaldi\" \/>\n<meta property=\"article:published_time\" content=\"2010-11-01T22:01:28+00:00\" \/>\n<meta property=\"og:image\" content=\"http:\/\/atifunaldi.files.wordpress.com\/2010\/11\/dreamoc6-scaled-10001.jpg?w=300\" \/>\n<meta name=\"author\" content=\"Atif Unaldi\" \/>\n<meta name=\"twitter:card\" content=\"summary_large_image\" \/>\n<meta name=\"twitter:creator\" content=\"@https:\/\/twitter.com\/atifunaldi\" \/>\n<meta name=\"twitter:site\" content=\"@atifunaldi\" \/>\n<meta name=\"twitter:label1\" content=\"Yazan:\" \/>\n\t<meta name=\"twitter:data1\" content=\"Atif Unaldi\" \/>\n\t<meta name=\"twitter:label2\" content=\"Tahmini okuma s\u00fcresi\" \/>\n\t<meta name=\"twitter:data2\" content=\"1 dakika\" \/>\n<script type=\"application\/ld+json\" class=\"yoast-schema-graph\">{\"@context\":\"https:\/\/schema.org\",\"@graph\":[{\"@type\":\"Article\",\"@id\":\"http:\/\/atif.unaldi.org\/blog\/2010\/11\/01\/dreamoc-ile-urunler-artik-3-boyutlu-sergilenecek\/#article\",\"isPartOf\":{\"@id\":\"http:\/\/atif.unaldi.org\/blog\/2010\/11\/01\/dreamoc-ile-urunler-artik-3-boyutlu-sergilenecek\/\"},\"author\":{\"name\":\"Atif Unaldi\",\"@id\":\"http:\/\/atif.unaldi.org\/blog\/#\/schema\/person\/608ed42ecbda2bc5cfdb767ac1db479b\"},\"headline\":\"DREAMOC \u0130LE \u00dcR\u00dcNLER ARTIK 3 BOYUTLU SERG\u0130LENECEK\",\"datePublished\":\"2010-11-01T22:01:28+00:00\",\"mainEntityOfPage\":{\"@id\":\"http:\/\/atif.unaldi.org\/blog\/2010\/11\/01\/dreamoc-ile-urunler-artik-3-boyutlu-sergilenecek\/\"},\"wordCount\":173,\"commentCount\":0,\"publisher\":{\"@id\":\"http:\/\/atif.unaldi.org\/blog\/#\/schema\/person\/608ed42ecbda2bc5cfdb767ac1db479b\"},\"image\":{\"@id\":\"http:\/\/atif.unaldi.org\/blog\/2010\/11\/01\/dreamoc-ile-urunler-artik-3-boyutlu-sergilenecek\/#primaryimage\"},\"thumbnailUrl\":\"http:\/\/atifunaldi.files.wordpress.com\/2010\/11\/dreamoc6-scaled-10001.jpg?w=300\",\"articleSection\":[\"Blogum\"],\"inLanguage\":\"tr\",\"potentialAction\":[{\"@type\":\"CommentAction\",\"name\":\"Comment\",\"target\":[\"http:\/\/atif.unaldi.org\/blog\/2010\/11\/01\/dreamoc-ile-urunler-artik-3-boyutlu-sergilenecek\/#respond\"]}]},{\"@type\":\"WebPage\",\"@id\":\"http:\/\/atif.unaldi.org\/blog\/2010\/11\/01\/dreamoc-ile-urunler-artik-3-boyutlu-sergilenecek\/\",\"url\":\"http:\/\/atif.unaldi.org\/blog\/2010\/11\/01\/dreamoc-ile-urunler-artik-3-boyutlu-sergilenecek\/\",\"name\":\"DREAMOC \u0130LE \u00dcR\u00dcNLER ARTIK 3 BOYUTLU SERG\u0130LENECEK - At\u0131f \u00dcnald\u0131\",\"isPartOf\":{\"@id\":\"http:\/\/atif.unaldi.org\/blog\/#website\"},\"primaryImageOfPage\":{\"@id\":\"http:\/\/atif.unaldi.org\/blog\/2010\/11\/01\/dreamoc-ile-urunler-artik-3-boyutlu-sergilenecek\/#primaryimage\"},\"image\":{\"@id\":\"http:\/\/atif.unaldi.org\/blog\/2010\/11\/01\/dreamoc-ile-urunler-artik-3-boyutlu-sergilenecek\/#primaryimage\"},\"thumbnailUrl\":\"http:\/\/atifunaldi.files.wordpress.com\/2010\/11\/dreamoc6-scaled-10001.jpg?w=300\",\"datePublished\":\"2010-11-01T22:01:28+00:00\",\"breadcrumb\":{\"@id\":\"http:\/\/atif.unaldi.org\/blog\/2010\/11\/01\/dreamoc-ile-urunler-artik-3-boyutlu-sergilenecek\/#breadcrumb\"},\"inLanguage\":\"tr\",\"potentialAction\":[{\"@type\":\"ReadAction\",\"target\":[\"http:\/\/atif.unaldi.org\/blog\/2010\/11\/01\/dreamoc-ile-urunler-artik-3-boyutlu-sergilenecek\/\"]}]},{\"@type\":\"ImageObject\",\"inLanguage\":\"tr\",\"@id\":\"http:\/\/atif.unaldi.org\/blog\/2010\/11\/01\/dreamoc-ile-urunler-artik-3-boyutlu-sergilenecek\/#primaryimage\",\"url\":\"http:\/\/atifunaldi.files.wordpress.com\/2010\/11\/dreamoc6-scaled-10001.jpg?w=300\",\"contentUrl\":\"http:\/\/atifunaldi.files.wordpress.com\/2010\/11\/dreamoc6-scaled-10001.jpg?w=300\"},{\"@type\":\"BreadcrumbList\",\"@id\":\"http:\/\/atif.unaldi.org\/blog\/2010\/11\/01\/dreamoc-ile-urunler-artik-3-boyutlu-sergilenecek\/#breadcrumb\",\"itemListElement\":[{\"@type\":\"ListItem\",\"position\":1,\"name\":\"Anasayfa\",\"item\":\"http:\/\/atif.unaldi.org\/blog\/\"},{\"@type\":\"ListItem\",\"position\":2,\"name\":\"DREAMOC \u0130LE \u00dcR\u00dcNLER ARTIK 3 BOYUTLU SERG\u0130LENECEK\"}]},{\"@type\":\"WebSite\",\"@id\":\"http:\/\/atif.unaldi.org\/blog\/#website\",\"url\":\"http:\/\/atif.unaldi.org\/blog\/\",\"name\":\"At\u0131f \u00dcnald\u0131\",\"description\":\"Yazar\",\"publisher\":{\"@id\":\"http:\/\/atif.unaldi.org\/blog\/#\/schema\/person\/608ed42ecbda2bc5cfdb767ac1db479b\"},\"alternateName\":\"At\u0131f \u00dcnald\u0131 Blog\",\"potentialAction\":[{\"@type\":\"SearchAction\",\"target\":{\"@type\":\"EntryPoint\",\"urlTemplate\":\"http:\/\/atif.unaldi.org\/blog\/?s={search_term_string}\"},\"query-input\":{\"@type\":\"PropertyValueSpecification\",\"valueRequired\":true,\"valueName\":\"search_term_string\"}}],\"inLanguage\":\"tr\"},{\"@type\":[\"Person\",\"Organization\"],\"@id\":\"http:\/\/atif.unaldi.org\/blog\/#\/schema\/person\/608ed42ecbda2bc5cfdb767ac1db479b\",\"name\":\"Atif Unaldi\",\"image\":{\"@type\":\"ImageObject\",\"inLanguage\":\"tr\",\"@id\":\"http:\/\/atif.unaldi.org\/blog\/#\/schema\/person\/image\/\",\"url\":\"http:\/\/atif.unaldi.org\/blog\/wp-content\/uploads\/2022\/10\/cropped-a94e8f7a-67c4-4d65-8a5f-032ba784be53-2.jpg\",\"contentUrl\":\"http:\/\/atif.unaldi.org\/blog\/wp-content\/uploads\/2022\/10\/cropped-a94e8f7a-67c4-4d65-8a5f-032ba784be53-2.jpg\",\"width\":512,\"height\":512,\"caption\":\"Atif Unaldi\"},\"logo\":{\"@id\":\"http:\/\/atif.unaldi.org\/blog\/#\/schema\/person\/image\/\"},\"description\":\"Bo\u011fazi\u00e7i \u00dcniversitesinde Fizik B\u00f6l\u00fcm\u00fc\u2019nde e\u011fitim ald\u0131\u011f\u0131 y\u0131llarda T\u00fcrkiye\u2019de ilk kez iki bilgisayar\u0131 telefon hatlar\u0131 \u00fczerinden konu\u015fturan BBS sistemini kurarak, T\u00fcrkiye\u2019deki ilk internet a\u011f\u0131n\u0131 olu\u015fturmu\u015ftur. Bir \u00e7ok radyo ve televizyonda program yap\u0131mc\u0131l\u0131\u011f\u0131 ve sunuculu\u011funu, bir \u00e7ok teknoloji dergisinde k\u00f6\u015fe yazarl\u0131\u011f\u0131, bili\u015fim edit\u00f6rl\u00fc\u011f\u00fc ve genel yay\u0131n y\u00f6netmenli\u011fi yapt\u0131. T\u00fcrkiye\u2019deki ilk internet servis sa\u011flay\u0131c\u0131s\u0131n\u0131n genel m\u00fcd\u00fcrl\u00fc\u011f\u00fcn\u00fc \u00fcstlendi. Bir \u00e7ok organizasyon ve kurulu\u015fta internet s\u00fcperviz\u00f6rl\u00fc\u011f\u00fc , webmaster\u2019l\u0131\u011f\u0131 , IT direkt\u00f6rl\u00fc\u011f\u00fc ve dijital projeler koordinat\u00f6rl\u00fc\u011f\u00fc g\u00f6revlerinde bulundu. Farkl\u0131 \u00fcniversitelerin farkl\u0131 fak\u00fcltelerinde \u00f6\u011fretim g\u00f6revlisi olarak bulunmu\u015f olan \u00dcnald\u0131; \u015fu an teknoloji ve pazarlama konular\u0131 ba\u015fta olmak \u00fczere bir\u00e7ok alanda hizmet veren Unaldi Consultancy\u2019nin kurucusudur. \\u2028Selin \u00dcnald\u0131 ile evlidir. Su ve Toprak isminde iki \u00e7ocu\u011fu vard\u0131r.\",\"sameAs\":[\"http:\/\/atif.unaldi.org\/blog\",\"https:\/\/www.facebook.com\/atifunaldi\",\"https:\/\/www.instagram.com\/atifunaldi\/\",\"https:\/\/www.linkedin.com\/in\/atifunaldi\",\"https:\/\/x.com\/https:\/\/twitter.com\/atifunaldi\",\"https:\/\/www.youtube.com\/c\/atifunaldi\",\"https:\/\/soundcloud.com\/atif-unaldi\",\"https:\/\/atifunaldi.tumblr.com\"],\"url\":\"http:\/\/atif.unaldi.org\/blog\/author\/atifunaldi\/\"}]}<\/script>\n<!-- \/ Yoast SEO plugin. -->","yoast_head_json":{"title":"DREAMOC \u0130LE \u00dcR\u00dcNLER ARTIK 3 BOYUTLU SERG\u0130LENECEK - At\u0131f \u00dcnald\u0131","robots":{"index":"index","follow":"follow","max-snippet":"max-snippet:-1","max-image-preview":"max-image-preview:large","max-video-preview":"max-video-preview:-1"},"canonical":"http:\/\/atif.unaldi.org\/blog\/2010\/11\/01\/dreamoc-ile-urunler-artik-3-boyutlu-sergilenecek\/","og_locale":"tr_TR","og_type":"article","og_title":"DREAMOC \u0130LE \u00dcR\u00dcNLER ARTIK 3 BOYUTLU SERG\u0130LENECEK - At\u0131f \u00dcnald\u0131","og_description":"Holotech, T\u00fcrkiye&#8217;yi d\u00fcnya ile ayn\u0131 anda 3 boyutlu sergileme teknolojisi ile bulu\u015fturuyor. Stand ve \u00fcr\u00fcn sunumunu son teknolojiyi kullanarak en etkili hale getiren Dreamoc, \u00fcr\u00fcnlerin kolayca fark edilmesini sa\u011fl\u0131yor ve \u00fcr\u00fcne farkl\u0131l\u0131k kat\u0131yor. 3 boyutlu...","og_url":"http:\/\/atif.unaldi.org\/blog\/2010\/11\/01\/dreamoc-ile-urunler-artik-3-boyutlu-sergilenecek\/","og_site_name":"At\u0131f \u00dcnald\u0131","article_publisher":"https:\/\/www.facebook.com\/atifunaldi","article_author":"https:\/\/www.facebook.com\/atifunaldi","article_published_time":"2010-11-01T22:01:28+00:00","og_image":[{"url":"http:\/\/atifunaldi.files.wordpress.com\/2010\/11\/dreamoc6-scaled-10001.jpg?w=300","type":"","width":"","height":""}],"author":"Atif Unaldi","twitter_card":"summary_large_image","twitter_creator":"@https:\/\/twitter.com\/atifunaldi","twitter_site":"@atifunaldi","twitter_misc":{"Yazan:":"Atif Unaldi","Tahmini okuma s\u00fcresi":"1 dakika"},"schema":{"@context":"https:\/\/schema.org","@graph":[{"@type":"Article","@id":"http:\/\/atif.unaldi.org\/blog\/2010\/11\/01\/dreamoc-ile-urunler-artik-3-boyutlu-sergilenecek\/#article","isPartOf":{"@id":"http:\/\/atif.unaldi.org\/blog\/2010\/11\/01\/dreamoc-ile-urunler-artik-3-boyutlu-sergilenecek\/"},"author":{"name":"Atif Unaldi","@id":"http:\/\/atif.unaldi.org\/blog\/#\/schema\/person\/608ed42ecbda2bc5cfdb767ac1db479b"},"headline":"DREAMOC \u0130LE \u00dcR\u00dcNLER ARTIK 3 BOYUTLU SERG\u0130LENECEK","datePublished":"2010-11-01T22:01:28+00:00","mainEntityOfPage":{"@id":"http:\/\/atif.unaldi.org\/blog\/2010\/11\/01\/dreamoc-ile-urunler-artik-3-boyutlu-sergilenecek\/"},"wordCount":173,"commentCount":0,"publisher":{"@id":"http:\/\/atif.unaldi.org\/blog\/#\/schema\/person\/608ed42ecbda2bc5cfdb767ac1db479b"},"image":{"@id":"http:\/\/atif.unaldi.org\/blog\/2010\/11\/01\/dreamoc-ile-urunler-artik-3-boyutlu-sergilenecek\/#primaryimage"},"thumbnailUrl":"http:\/\/atifunaldi.files.wordpress.com\/2010\/11\/dreamoc6-scaled-10001.jpg?w=300","articleSection":["Blogum"],"inLanguage":"tr","potentialAction":[{"@type":"CommentAction","name":"Comment","target":["http:\/\/atif.unaldi.org\/blog\/2010\/11\/01\/dreamoc-ile-urunler-artik-3-boyutlu-sergilenecek\/#respond"]}]},{"@type":"WebPage","@id":"http:\/\/atif.unaldi.org\/blog\/2010\/11\/01\/dreamoc-ile-urunler-artik-3-boyutlu-sergilenecek\/","url":"http:\/\/atif.unaldi.org\/blog\/2010\/11\/01\/dreamoc-ile-urunler-artik-3-boyutlu-sergilenecek\/","name":"DREAMOC \u0130LE \u00dcR\u00dcNLER ARTIK 3 BOYUTLU SERG\u0130LENECEK - At\u0131f \u00dcnald\u0131","isPartOf":{"@id":"http:\/\/atif.unaldi.org\/blog\/#website"},"primaryImageOfPage":{"@id":"http:\/\/atif.unaldi.org\/blog\/2010\/11\/01\/dreamoc-ile-urunler-artik-3-boyutlu-sergilenecek\/#primaryimage"},"image":{"@id":"http:\/\/atif.unaldi.org\/blog\/2010\/11\/01\/dreamoc-ile-urunler-artik-3-boyutlu-sergilenecek\/#primaryimage"},"thumbnailUrl":"http:\/\/atifunaldi.files.wordpress.com\/2010\/11\/dreamoc6-scaled-10001.jpg?w=300","datePublished":"2010-11-01T22:01:28+00:00","breadcrumb":{"@id":"http:\/\/atif.unaldi.org\/blog\/2010\/11\/01\/dreamoc-ile-urunler-artik-3-boyutlu-sergilenecek\/#breadcrumb"},"inLanguage":"tr","potentialAction":[{"@type":"ReadAction","target":["http:\/\/atif.unaldi.org\/blog\/2010\/11\/01\/dreamoc-ile-urunler-artik-3-boyutlu-sergilenecek\/"]}]},{"@type":"ImageObject","inLanguage":"tr","@id":"http:\/\/atif.unaldi.org\/blog\/2010\/11\/01\/dreamoc-ile-urunler-artik-3-boyutlu-sergilenecek\/#primaryimage","url":"http:\/\/atifunaldi.files.wordpress.com\/2010\/11\/dreamoc6-scaled-10001.jpg?w=300","contentUrl":"http:\/\/atifunaldi.files.wordpress.com\/2010\/11\/dreamoc6-scaled-10001.jpg?w=300"},{"@type":"BreadcrumbList","@id":"http:\/\/atif.unaldi.org\/blog\/2010\/11\/01\/dreamoc-ile-urunler-artik-3-boyutlu-sergilenecek\/#breadcrumb","itemListElement":[{"@type":"ListItem","position":1,"name":"Anasayfa","item":"http:\/\/atif.unaldi.org\/blog\/"},{"@type":"ListItem","position":2,"name":"DREAMOC \u0130LE \u00dcR\u00dcNLER ARTIK 3 BOYUTLU SERG\u0130LENECEK"}]},{"@type":"WebSite","@id":"http:\/\/atif.unaldi.org\/blog\/#website","url":"http:\/\/atif.unaldi.org\/blog\/","name":"At\u0131f \u00dcnald\u0131","description":"Yazar","publisher":{"@id":"http:\/\/atif.unaldi.org\/blog\/#\/schema\/person\/608ed42ecbda2bc5cfdb767ac1db479b"},"alternateName":"At\u0131f \u00dcnald\u0131 Blog","potentialAction":[{"@type":"SearchAction","target":{"@type":"EntryPoint","urlTemplate":"http:\/\/atif.unaldi.org\/blog\/?s={search_term_string}"},"query-input":{"@type":"PropertyValueSpecification","valueRequired":true,"valueName":"search_term_string"}}],"inLanguage":"tr"},{"@type":["Person","Organization"],"@id":"http:\/\/atif.unaldi.org\/blog\/#\/schema\/person\/608ed42ecbda2bc5cfdb767ac1db479b","name":"Atif Unaldi","image":{"@type":"ImageObject","inLanguage":"tr","@id":"http:\/\/atif.unaldi.org\/blog\/#\/schema\/person\/image\/","url":"http:\/\/atif.unaldi.org\/blog\/wp-content\/uploads\/2022\/10\/cropped-a94e8f7a-67c4-4d65-8a5f-032ba784be53-2.jpg","contentUrl":"http:\/\/atif.unaldi.org\/blog\/wp-content\/uploads\/2022\/10\/cropped-a94e8f7a-67c4-4d65-8a5f-032ba784be53-2.jpg","width":512,"height":512,"caption":"Atif Unaldi"},"logo":{"@id":"http:\/\/atif.unaldi.org\/blog\/#\/schema\/person\/image\/"},"description":"Bo\u011fazi\u00e7i \u00dcniversitesinde Fizik B\u00f6l\u00fcm\u00fc\u2019nde e\u011fitim ald\u0131\u011f\u0131 y\u0131llarda T\u00fcrkiye\u2019de ilk kez iki bilgisayar\u0131 telefon hatlar\u0131 \u00fczerinden konu\u015fturan BBS sistemini kurarak, T\u00fcrkiye\u2019deki ilk internet a\u011f\u0131n\u0131 olu\u015fturmu\u015ftur. Bir \u00e7ok radyo ve televizyonda program yap\u0131mc\u0131l\u0131\u011f\u0131 ve sunuculu\u011funu, bir \u00e7ok teknoloji dergisinde k\u00f6\u015fe yazarl\u0131\u011f\u0131, bili\u015fim edit\u00f6rl\u00fc\u011f\u00fc ve genel yay\u0131n y\u00f6netmenli\u011fi yapt\u0131. T\u00fcrkiye\u2019deki ilk internet servis sa\u011flay\u0131c\u0131s\u0131n\u0131n genel m\u00fcd\u00fcrl\u00fc\u011f\u00fcn\u00fc \u00fcstlendi. Bir \u00e7ok organizasyon ve kurulu\u015fta internet s\u00fcperviz\u00f6rl\u00fc\u011f\u00fc , webmaster\u2019l\u0131\u011f\u0131 , IT direkt\u00f6rl\u00fc\u011f\u00fc ve dijital projeler koordinat\u00f6rl\u00fc\u011f\u00fc g\u00f6revlerinde bulundu. Farkl\u0131 \u00fcniversitelerin farkl\u0131 fak\u00fcltelerinde \u00f6\u011fretim g\u00f6revlisi olarak bulunmu\u015f olan \u00dcnald\u0131; \u015fu an teknoloji ve pazarlama konular\u0131 ba\u015fta olmak \u00fczere bir\u00e7ok alanda hizmet veren Unaldi Consultancy\u2019nin kurucusudur. \u2028Selin \u00dcnald\u0131 ile evlidir. Su ve Toprak isminde iki \u00e7ocu\u011fu vard\u0131r.","sameAs":["http:\/\/atif.unaldi.org\/blog","https:\/\/www.facebook.com\/atifunaldi","https:\/\/www.instagram.com\/atifunaldi\/","https:\/\/www.linkedin.com\/in\/atifunaldi","https:\/\/x.com\/https:\/\/twitter.com\/atifunaldi","https:\/\/www.youtube.com\/c\/atifunaldi","https:\/\/soundcloud.com\/atif-unaldi","https:\/\/atifunaldi.tumblr.com"],"url":"http:\/\/atif.unaldi.org\/blog\/author\/atifunaldi\/"}]}},"jetpack_featured_media_url":"","_links":{"self":[{"href":"http:\/\/atif.unaldi.org\/blog\/wp-json\/wp\/v2\/posts\/1885","targetHints":{"allow":["GET"]}}],"collection":[{"href":"http:\/\/atif.unaldi.org\/blog\/wp-json\/wp\/v2\/posts"}],"about":[{"href":"http:\/\/atif.unaldi.org\/blog\/wp-json\/wp\/v2\/types\/post"}],"author":[{"embeddable":true,"href":"http:\/\/atif.unaldi.org\/blog\/wp-json\/wp\/v2\/users\/2"}],"replies":[{"embeddable":true,"href":"http:\/\/atif.unaldi.org\/blog\/wp-json\/wp\/v2\/comments?post=1885"}],"version-history":[{"count":0,"href":"http:\/\/atif.unaldi.org\/blog\/wp-json\/wp\/v2\/posts\/1885\/revisions"}],"wp:attachment":[{"href":"http:\/\/atif.unaldi.org\/blog\/wp-json\/wp\/v2\/media?parent=1885"}],"wp:term":[{"taxonomy":"category","embeddable":true,"href":"http:\/\/atif.unaldi.org\/blog\/wp-json\/wp\/v2\/categories?post=1885"},{"taxonomy":"post_tag","embeddable":true,"href":"http:\/\/atif.unaldi.org\/blog\/wp-json\/wp\/v2\/tags?post=1885"}],"curies":[{"name":"wp","href":"https:\/\/api.w.org\/{rel}","templated":true}]}}