{"id":1892,"date":"2010-11-08T19:04:21","date_gmt":"2010-11-08T19:04:21","guid":{"rendered":"http:\/\/haberler.atifunaldi.info\/2010\/11\/08\/zenithin-yeni-modeli"},"modified":"2010-11-08T19:04:21","modified_gmt":"2010-11-08T19:04:21","slug":"zenithin-yeni-modeli","status":"publish","type":"post","link":"http:\/\/atif.unaldi.org\/blog\/2010\/11\/08\/zenithin-yeni-modeli\/","title":{"rendered":"Zenith&#8217;in yeni modeli!"},"content":{"rendered":"<div class=\"gmail_quote\">\u0130svi\u00e7reli \u00fcnl\u00fc saat markas\u0131 Zenith, zaman\u0131n kusursuzlu\u011funu yakalamak ad\u0131na evrenin en zor \u015fartlar\u0131nda bile kusursuz \u00e7al\u0131\u015fan saatler \u00fcretmeye devam ediyor. 15. y\u00fczy\u0131l\u0131n cesur k\u00e2\u015fifi Christopher Colombus&rsquo;un ad\u0131yla piyasaya s\u00fcr\u00fclen ve s\u0131n\u0131rl\u0131 say\u0131da \u00fcretilen yeni &ldquo;Zenith Christophe Colomb&rdquo;serisi, s\u00fcrekli harekete maruz kalan ara\u00e7larla kesin \u00f6l\u00e7\u00fcmler yapmaya olanak sa\u011fl\u0131yor.<\/p>\n<p \/> Mekanik Saat Yap\u0131m\u0131nda \u00d6nemli Bir D\u00f6n\u00fcm Noktas\u0131 <\/p>\n<p \/>Atlantik Okyanusu&#039;nu a\u015farak Kuzey Amerika&#039;ya ula\u015fan 15. y\u00fczy\u0131l\u0131n b\u00fcy\u00fck k\u00e2\u015fifi &lsquo;Christopher Columbus&rsquo; ismi, bu kez bilim ad\u0131na b\u00fcy\u00fck ba\u015far\u0131lara imza atan Zenith ile \u00f6zde\u015fle\u015fiyor. Bu s\u0131ra d\u0131\u015f\u0131 saate Christopher Columbus&rsquo;un ad\u0131n\u0131 verme karar\u0131, maceraperest denizcinin kar\u015f\u0131la\u015ft\u0131\u011f\u0131 ve g\u00fcn\u00fcm\u00fczde de halen \u00e7a\u011fda\u015f saat end\u00fcstrisinin en \u00f6nemli hususlar\u0131ndan birine i\u015faret eden bu son derece karma\u015f\u0131k modelin yap\u0131s\u0131yla ilgili. S\u00f6z konusu husus ise, Do\u011frulu\u011fu zedeleyen s\u00fcrekli harekete maruz kalan ara\u00e7larla kesin \u00f6l\u00e7\u00fcmlerin nas\u0131l yap\u0131labilece\u011fi.<\/p>\n<p \/> B\u00fct\u00fcn engellere ra\u011fmen kesinli\u011fi sa\u011flamak<br \/>Zenith saatinin ismi, gelmi\u015f ge\u00e7mi\u015f en b\u00fcy\u00fck macerac\u0131lar\u0131ndan birini onurland\u0131rman\u0131n \u00f6tesinde, tarihsel bir mirasa da i\u015faret ediyor. Christopher Columbus&rsquo;un cesur ba\u015far\u0131s\u0131ndan bir as\u0131r sonra, deniz seferi hizas\u0131nda olmadan da kesin \u00f6l\u00e7\u00fcm sa\u011flayan bir gemicilik pusulas\u0131n\u0131n geli\u015ftirilmesi \u00f6nemli \u00f6l\u00e7\u00fcde ger\u00e7ekle\u015ftirilebildi. Bu sistem ile gemi, dalgalar \u00fczerinde seyrederken dahi, geminin hayatta kalmas\u0131n\u0131 sa\u011flayan arac\u0131 korumada b\u00fcy\u00fck oranda yarar sa\u011flan\u0131yor. Sonradan deniz kronometrelerinde kullan\u0131lan bu \u00f6zel sistem, \u015fimdi de ZENITH&rsquo;in kol saatlerinde kesinli\u011fi art\u0131rma \u00e7al\u0131\u015fmalar\u0131na ilham veriyor. <\/p>\n<p \/> Efsanevi deniz kronometresinden ilham al\u0131yor&hellip;<br \/>D\u00fczenleyici organ\u0131n yatay konumda ayarl\u0131 tutulmas\u0131n\u0131n, m\u00fcmk\u00fcn olan en iyi dengeyi sa\u011flad\u0131\u011f\u0131 ve dolay\u0131s\u0131yla zaman\u0131n kesinli\u011fini \u00f6nemli \u00f6l\u00e7\u00fcde artt\u0131rd\u0131\u011f\u0131 dikkate al\u0131nd\u0131\u011f\u0131nda ZENITH, d\u00fczenleyici organ\u0131n kal\u0131c\u0131 olarak bu konumda tutulmas\u0131n\u0131 sa\u011flamaya karar verdi ve &lsquo;Zenith Christophe Colomb&rsquo;u&rsquo; yaratt\u0131. Prestijli bir mekanizmay\u0131 bar\u0131nd\u0131racak asil bir d\u0131\u015f g\u00f6r\u00fcn\u00fcme sahip, 50 saat g\u00fc\u00e7 rezervli Zenith Christophe Colomb, 166 par\u00e7a, 10 konik di\u015fli \u00e7ark (6 k\u00fcresel \u00e7ark ile) ve 6 rulmanl\u0131 yataktan meydana gelen bir kafesten olu\u015fuyor.<\/p>\n<p \/> Efsanevi deniz kronometresinden ilham al\u0131narak tasarlanm\u0131\u015f modelin, 45 mm \u00e7apl\u0131 kasas\u0131n\u0131n beyaz ve alt\u0131n sar\u0131s\u0131 renkleri bulunuyor. Kendi safir &ldquo;kubbe&rdquo;si ile ta\u00e7lanan g\u00f6z kama\u015ft\u0131r\u0131c\u0131 safir kristaliyle her iki yanda bombelik ta\u015f\u0131yor. Arpa tanesi motifiyle s\u00fcsl\u00fc, &nbsp;mavi \u00e7elikten yap\u0131lm\u0131\u015f g\u00fcm\u00fc\u015f kadranlar rahatl\u0131kla okunabiliyor. Devrimci i\u00e7 bile\u015fenleri ile sadece 25 adet \u00fcretilen bu nadir modeli, timsah derisi kay\u0131\u015f ve 18 karat alt\u0131n \u00e7er\u00e7eve \u00e7evreliyor. <\/div>\n<p> <\/p>\n<p><div class='p_embed p_image_embed'>\n<a href=\"http:\/\/atifunaldi.files.wordpress.com\/2010\/11\/christophe_colomb_rose_gold_es-scaled-10001.jpg\"><img loading=\"lazy\" decoding=\"async\" alt=\"Christophe_colomb_rose_gold_es\" height=\"571\" src=\"http:\/\/atifunaldi.files.wordpress.com\/2010\/11\/christophe_colomb_rose_gold_es-scaled-10001.jpg?w=262\" width=\"500\" \/><\/a><br \/>\n<a href=\"http:\/\/atifunaldi.files.wordpress.com\/2010\/11\/sketches_christophe_colomb-scaled-10001.jpg\"><img loading=\"lazy\" decoding=\"async\" alt=\"Sketches_christophe_colomb\" height=\"705\" src=\"http:\/\/atifunaldi.files.wordpress.com\/2010\/11\/sketches_christophe_colomb-scaled-10001.jpg?w=212\" width=\"500\" \/><\/a><br \/>\n<a href=\"http:\/\/atifunaldi.files.wordpress.com\/2010\/11\/zenith_logo-scaled-10001.jpg\"><img loading=\"lazy\" decoding=\"async\" alt=\"Zenith_logo\" height=\"249\" src=\"http:\/\/atifunaldi.files.wordpress.com\/2010\/11\/zenith_logo-scaled-10001.jpg?w=300\" width=\"500\" \/><\/a><br \/>\n<img loading=\"lazy\" decoding=\"async\" alt=\"Zenith_image\" height=\"625\" src=\"http:\/\/atifunaldi.files.wordpress.com\/2010\/11\/zenith_image2.jpg?w=240\" width=\"500\" \/><br \/>\n<a href=\"http:\/\/atifunaldi.files.wordpress.com\/2010\/11\/christophe_colomb_rose_gold_ba1.jpg\"><img loading=\"lazy\" decoding=\"async\" alt=\"Christophe_colomb_rose_gold_ba\" height=\"707\" src=\"http:\/\/atifunaldi.files.wordpress.com\/2010\/11\/christophe_colomb_rose_gold_ba1.jpg?w=212\" width=\"500\" \/><\/a><br \/>\n<a href=\"http:\/\/atifunaldi.files.wordpress.com\/2010\/11\/christophe_colomb_rose_gold_fr1.jpg\"><img loading=\"lazy\" decoding=\"async\" alt=\"Christophe_colomb_rose_gold_fr\" height=\"707\" src=\"http:\/\/atifunaldi.files.wordpress.com\/2010\/11\/christophe_colomb_rose_gold_fr1.jpg?w=212\" width=\"500\" \/><\/a><\/p>\n<div class='p_see_full_gallery'><a href=\"http:\/\/atifunaldi.posterous.com\/zenithin-yeni-modeli\">See the full gallery on Posterous<\/a><\/div>\n<\/div>\n","protected":false},"excerpt":{"rendered":"<p>\u0130svi\u00e7reli \u00fcnl\u00fc saat markas\u0131 Zenith, zaman\u0131n kusursuzlu\u011funu yakalamak ad\u0131na evrenin en zor \u015fartlar\u0131nda bile kusursuz \u00e7al\u0131\u015fan saatler \u00fcretmeye devam ediyor. 15. y\u00fczy\u0131l\u0131n cesur k\u00e2\u015fifi Christopher Colombus&rsquo;un ad\u0131yla piyasaya s\u00fcr\u00fclen ve s\u0131n\u0131rl\u0131 say\u0131da \u00fcretilen yeni &ldquo;Zenith&#8230;<\/p>\n","protected":false},"author":2,"featured_media":0,"comment_status":"open","ping_status":"open","sticky":false,"template":"","format":"standard","meta":{"footnotes":""},"categories":[3],"tags":[],"class_list":["post-1892","post","type-post","status-publish","format-standard","hentry","category-blogum"],"yoast_head":"<!-- This site is optimized with the Yoast SEO plugin v26.8 - https:\/\/yoast.com\/product\/yoast-seo-wordpress\/ -->\n<title>Zenith&#039;in yeni modeli! - At\u0131f \u00dcnald\u0131<\/title>\n<meta name=\"robots\" content=\"index, follow, max-snippet:-1, max-image-preview:large, max-video-preview:-1\" \/>\n<link rel=\"canonical\" href=\"http:\/\/atif.unaldi.org\/blog\/2010\/11\/08\/zenithin-yeni-modeli\/\" \/>\n<meta property=\"og:locale\" content=\"tr_TR\" \/>\n<meta property=\"og:type\" content=\"article\" \/>\n<meta property=\"og:title\" content=\"Zenith&#039;in yeni modeli! - At\u0131f \u00dcnald\u0131\" \/>\n<meta property=\"og:description\" content=\"\u0130svi\u00e7reli \u00fcnl\u00fc saat markas\u0131 Zenith, zaman\u0131n kusursuzlu\u011funu yakalamak ad\u0131na evrenin en zor \u015fartlar\u0131nda bile kusursuz \u00e7al\u0131\u015fan saatler \u00fcretmeye devam ediyor. 15. y\u00fczy\u0131l\u0131n cesur k\u00e2\u015fifi Christopher Colombus&rsquo;un ad\u0131yla piyasaya s\u00fcr\u00fclen ve s\u0131n\u0131rl\u0131 say\u0131da \u00fcretilen yeni &ldquo;Zenith...\" \/>\n<meta property=\"og:url\" content=\"http:\/\/atif.unaldi.org\/blog\/2010\/11\/08\/zenithin-yeni-modeli\/\" \/>\n<meta property=\"og:site_name\" content=\"At\u0131f \u00dcnald\u0131\" \/>\n<meta property=\"article:publisher\" content=\"https:\/\/www.facebook.com\/atifunaldi\" \/>\n<meta property=\"article:author\" content=\"https:\/\/www.facebook.com\/atifunaldi\" \/>\n<meta property=\"article:published_time\" content=\"2010-11-08T19:04:21+00:00\" \/>\n<meta property=\"og:image\" content=\"http:\/\/atifunaldi.files.wordpress.com\/2010\/11\/christophe_colomb_rose_gold_es-scaled-10001.jpg?w=262\" \/>\n<meta name=\"author\" content=\"Atif Unaldi\" \/>\n<meta name=\"twitter:card\" content=\"summary_large_image\" \/>\n<meta name=\"twitter:creator\" content=\"@https:\/\/twitter.com\/atifunaldi\" \/>\n<meta name=\"twitter:site\" content=\"@atifunaldi\" \/>\n<meta name=\"twitter:label1\" content=\"Yazan:\" \/>\n\t<meta name=\"twitter:data1\" content=\"Atif Unaldi\" \/>\n\t<meta name=\"twitter:label2\" content=\"Tahmini okuma s\u00fcresi\" \/>\n\t<meta name=\"twitter:data2\" content=\"3 dakika\" \/>\n<script type=\"application\/ld+json\" class=\"yoast-schema-graph\">{\"@context\":\"https:\/\/schema.org\",\"@graph\":[{\"@type\":\"Article\",\"@id\":\"http:\/\/atif.unaldi.org\/blog\/2010\/11\/08\/zenithin-yeni-modeli\/#article\",\"isPartOf\":{\"@id\":\"http:\/\/atif.unaldi.org\/blog\/2010\/11\/08\/zenithin-yeni-modeli\/\"},\"author\":{\"name\":\"Atif Unaldi\",\"@id\":\"http:\/\/atif.unaldi.org\/blog\/#\/schema\/person\/608ed42ecbda2bc5cfdb767ac1db479b\"},\"headline\":\"Zenith&#8217;in yeni modeli!\",\"datePublished\":\"2010-11-08T19:04:21+00:00\",\"mainEntityOfPage\":{\"@id\":\"http:\/\/atif.unaldi.org\/blog\/2010\/11\/08\/zenithin-yeni-modeli\/\"},\"wordCount\":513,\"commentCount\":0,\"publisher\":{\"@id\":\"http:\/\/atif.unaldi.org\/blog\/#\/schema\/person\/608ed42ecbda2bc5cfdb767ac1db479b\"},\"image\":{\"@id\":\"http:\/\/atif.unaldi.org\/blog\/2010\/11\/08\/zenithin-yeni-modeli\/#primaryimage\"},\"thumbnailUrl\":\"http:\/\/atifunaldi.files.wordpress.com\/2010\/11\/christophe_colomb_rose_gold_es-scaled-10001.jpg?w=262\",\"articleSection\":[\"Blogum\"],\"inLanguage\":\"tr\",\"potentialAction\":[{\"@type\":\"CommentAction\",\"name\":\"Comment\",\"target\":[\"http:\/\/atif.unaldi.org\/blog\/2010\/11\/08\/zenithin-yeni-modeli\/#respond\"]}]},{\"@type\":\"WebPage\",\"@id\":\"http:\/\/atif.unaldi.org\/blog\/2010\/11\/08\/zenithin-yeni-modeli\/\",\"url\":\"http:\/\/atif.unaldi.org\/blog\/2010\/11\/08\/zenithin-yeni-modeli\/\",\"name\":\"Zenith'in yeni modeli! - At\u0131f \u00dcnald\u0131\",\"isPartOf\":{\"@id\":\"http:\/\/atif.unaldi.org\/blog\/#website\"},\"primaryImageOfPage\":{\"@id\":\"http:\/\/atif.unaldi.org\/blog\/2010\/11\/08\/zenithin-yeni-modeli\/#primaryimage\"},\"image\":{\"@id\":\"http:\/\/atif.unaldi.org\/blog\/2010\/11\/08\/zenithin-yeni-modeli\/#primaryimage\"},\"thumbnailUrl\":\"http:\/\/atifunaldi.files.wordpress.com\/2010\/11\/christophe_colomb_rose_gold_es-scaled-10001.jpg?w=262\",\"datePublished\":\"2010-11-08T19:04:21+00:00\",\"breadcrumb\":{\"@id\":\"http:\/\/atif.unaldi.org\/blog\/2010\/11\/08\/zenithin-yeni-modeli\/#breadcrumb\"},\"inLanguage\":\"tr\",\"potentialAction\":[{\"@type\":\"ReadAction\",\"target\":[\"http:\/\/atif.unaldi.org\/blog\/2010\/11\/08\/zenithin-yeni-modeli\/\"]}]},{\"@type\":\"ImageObject\",\"inLanguage\":\"tr\",\"@id\":\"http:\/\/atif.unaldi.org\/blog\/2010\/11\/08\/zenithin-yeni-modeli\/#primaryimage\",\"url\":\"http:\/\/atifunaldi.files.wordpress.com\/2010\/11\/christophe_colomb_rose_gold_es-scaled-10001.jpg?w=262\",\"contentUrl\":\"http:\/\/atifunaldi.files.wordpress.com\/2010\/11\/christophe_colomb_rose_gold_es-scaled-10001.jpg?w=262\"},{\"@type\":\"BreadcrumbList\",\"@id\":\"http:\/\/atif.unaldi.org\/blog\/2010\/11\/08\/zenithin-yeni-modeli\/#breadcrumb\",\"itemListElement\":[{\"@type\":\"ListItem\",\"position\":1,\"name\":\"Anasayfa\",\"item\":\"http:\/\/atif.unaldi.org\/blog\/\"},{\"@type\":\"ListItem\",\"position\":2,\"name\":\"Zenith&#8217;in yeni modeli!\"}]},{\"@type\":\"WebSite\",\"@id\":\"http:\/\/atif.unaldi.org\/blog\/#website\",\"url\":\"http:\/\/atif.unaldi.org\/blog\/\",\"name\":\"At\u0131f \u00dcnald\u0131\",\"description\":\"Yazar\",\"publisher\":{\"@id\":\"http:\/\/atif.unaldi.org\/blog\/#\/schema\/person\/608ed42ecbda2bc5cfdb767ac1db479b\"},\"alternateName\":\"At\u0131f \u00dcnald\u0131 Blog\",\"potentialAction\":[{\"@type\":\"SearchAction\",\"target\":{\"@type\":\"EntryPoint\",\"urlTemplate\":\"http:\/\/atif.unaldi.org\/blog\/?s={search_term_string}\"},\"query-input\":{\"@type\":\"PropertyValueSpecification\",\"valueRequired\":true,\"valueName\":\"search_term_string\"}}],\"inLanguage\":\"tr\"},{\"@type\":[\"Person\",\"Organization\"],\"@id\":\"http:\/\/atif.unaldi.org\/blog\/#\/schema\/person\/608ed42ecbda2bc5cfdb767ac1db479b\",\"name\":\"Atif Unaldi\",\"image\":{\"@type\":\"ImageObject\",\"inLanguage\":\"tr\",\"@id\":\"http:\/\/atif.unaldi.org\/blog\/#\/schema\/person\/image\/\",\"url\":\"http:\/\/atif.unaldi.org\/blog\/wp-content\/uploads\/2022\/10\/cropped-a94e8f7a-67c4-4d65-8a5f-032ba784be53-2.jpg\",\"contentUrl\":\"http:\/\/atif.unaldi.org\/blog\/wp-content\/uploads\/2022\/10\/cropped-a94e8f7a-67c4-4d65-8a5f-032ba784be53-2.jpg\",\"width\":512,\"height\":512,\"caption\":\"Atif Unaldi\"},\"logo\":{\"@id\":\"http:\/\/atif.unaldi.org\/blog\/#\/schema\/person\/image\/\"},\"description\":\"Bo\u011fazi\u00e7i \u00dcniversitesinde Fizik B\u00f6l\u00fcm\u00fc\u2019nde e\u011fitim ald\u0131\u011f\u0131 y\u0131llarda T\u00fcrkiye\u2019de ilk kez iki bilgisayar\u0131 telefon hatlar\u0131 \u00fczerinden konu\u015fturan BBS sistemini kurarak, T\u00fcrkiye\u2019deki ilk internet a\u011f\u0131n\u0131 olu\u015fturmu\u015ftur. Bir \u00e7ok radyo ve televizyonda program yap\u0131mc\u0131l\u0131\u011f\u0131 ve sunuculu\u011funu, bir \u00e7ok teknoloji dergisinde k\u00f6\u015fe yazarl\u0131\u011f\u0131, bili\u015fim edit\u00f6rl\u00fc\u011f\u00fc ve genel yay\u0131n y\u00f6netmenli\u011fi yapt\u0131. T\u00fcrkiye\u2019deki ilk internet servis sa\u011flay\u0131c\u0131s\u0131n\u0131n genel m\u00fcd\u00fcrl\u00fc\u011f\u00fcn\u00fc \u00fcstlendi. Bir \u00e7ok organizasyon ve kurulu\u015fta internet s\u00fcperviz\u00f6rl\u00fc\u011f\u00fc , webmaster\u2019l\u0131\u011f\u0131 , IT direkt\u00f6rl\u00fc\u011f\u00fc ve dijital projeler koordinat\u00f6rl\u00fc\u011f\u00fc g\u00f6revlerinde bulundu. Farkl\u0131 \u00fcniversitelerin farkl\u0131 fak\u00fcltelerinde \u00f6\u011fretim g\u00f6revlisi olarak bulunmu\u015f olan \u00dcnald\u0131; \u015fu an teknoloji ve pazarlama konular\u0131 ba\u015fta olmak \u00fczere bir\u00e7ok alanda hizmet veren Unaldi Consultancy\u2019nin kurucusudur. \\u2028Selin \u00dcnald\u0131 ile evlidir. Su ve Toprak isminde iki \u00e7ocu\u011fu vard\u0131r.\",\"sameAs\":[\"http:\/\/atif.unaldi.org\/blog\",\"https:\/\/www.facebook.com\/atifunaldi\",\"https:\/\/www.instagram.com\/atifunaldi\/\",\"https:\/\/www.linkedin.com\/in\/atifunaldi\",\"https:\/\/x.com\/https:\/\/twitter.com\/atifunaldi\",\"https:\/\/www.youtube.com\/c\/atifunaldi\",\"https:\/\/soundcloud.com\/atif-unaldi\",\"https:\/\/atifunaldi.tumblr.com\"],\"url\":\"http:\/\/atif.unaldi.org\/blog\/author\/atifunaldi\/\"}]}<\/script>\n<!-- \/ Yoast SEO plugin. -->","yoast_head_json":{"title":"Zenith'in yeni modeli! - At\u0131f \u00dcnald\u0131","robots":{"index":"index","follow":"follow","max-snippet":"max-snippet:-1","max-image-preview":"max-image-preview:large","max-video-preview":"max-video-preview:-1"},"canonical":"http:\/\/atif.unaldi.org\/blog\/2010\/11\/08\/zenithin-yeni-modeli\/","og_locale":"tr_TR","og_type":"article","og_title":"Zenith'in yeni modeli! - At\u0131f \u00dcnald\u0131","og_description":"\u0130svi\u00e7reli \u00fcnl\u00fc saat markas\u0131 Zenith, zaman\u0131n kusursuzlu\u011funu yakalamak ad\u0131na evrenin en zor \u015fartlar\u0131nda bile kusursuz \u00e7al\u0131\u015fan saatler \u00fcretmeye devam ediyor. 15. y\u00fczy\u0131l\u0131n cesur k\u00e2\u015fifi Christopher Colombus&rsquo;un ad\u0131yla piyasaya s\u00fcr\u00fclen ve s\u0131n\u0131rl\u0131 say\u0131da \u00fcretilen yeni &ldquo;Zenith...","og_url":"http:\/\/atif.unaldi.org\/blog\/2010\/11\/08\/zenithin-yeni-modeli\/","og_site_name":"At\u0131f \u00dcnald\u0131","article_publisher":"https:\/\/www.facebook.com\/atifunaldi","article_author":"https:\/\/www.facebook.com\/atifunaldi","article_published_time":"2010-11-08T19:04:21+00:00","og_image":[{"url":"http:\/\/atifunaldi.files.wordpress.com\/2010\/11\/christophe_colomb_rose_gold_es-scaled-10001.jpg?w=262","type":"","width":"","height":""}],"author":"Atif Unaldi","twitter_card":"summary_large_image","twitter_creator":"@https:\/\/twitter.com\/atifunaldi","twitter_site":"@atifunaldi","twitter_misc":{"Yazan:":"Atif Unaldi","Tahmini okuma s\u00fcresi":"3 dakika"},"schema":{"@context":"https:\/\/schema.org","@graph":[{"@type":"Article","@id":"http:\/\/atif.unaldi.org\/blog\/2010\/11\/08\/zenithin-yeni-modeli\/#article","isPartOf":{"@id":"http:\/\/atif.unaldi.org\/blog\/2010\/11\/08\/zenithin-yeni-modeli\/"},"author":{"name":"Atif Unaldi","@id":"http:\/\/atif.unaldi.org\/blog\/#\/schema\/person\/608ed42ecbda2bc5cfdb767ac1db479b"},"headline":"Zenith&#8217;in yeni modeli!","datePublished":"2010-11-08T19:04:21+00:00","mainEntityOfPage":{"@id":"http:\/\/atif.unaldi.org\/blog\/2010\/11\/08\/zenithin-yeni-modeli\/"},"wordCount":513,"commentCount":0,"publisher":{"@id":"http:\/\/atif.unaldi.org\/blog\/#\/schema\/person\/608ed42ecbda2bc5cfdb767ac1db479b"},"image":{"@id":"http:\/\/atif.unaldi.org\/blog\/2010\/11\/08\/zenithin-yeni-modeli\/#primaryimage"},"thumbnailUrl":"http:\/\/atifunaldi.files.wordpress.com\/2010\/11\/christophe_colomb_rose_gold_es-scaled-10001.jpg?w=262","articleSection":["Blogum"],"inLanguage":"tr","potentialAction":[{"@type":"CommentAction","name":"Comment","target":["http:\/\/atif.unaldi.org\/blog\/2010\/11\/08\/zenithin-yeni-modeli\/#respond"]}]},{"@type":"WebPage","@id":"http:\/\/atif.unaldi.org\/blog\/2010\/11\/08\/zenithin-yeni-modeli\/","url":"http:\/\/atif.unaldi.org\/blog\/2010\/11\/08\/zenithin-yeni-modeli\/","name":"Zenith'in yeni modeli! - At\u0131f \u00dcnald\u0131","isPartOf":{"@id":"http:\/\/atif.unaldi.org\/blog\/#website"},"primaryImageOfPage":{"@id":"http:\/\/atif.unaldi.org\/blog\/2010\/11\/08\/zenithin-yeni-modeli\/#primaryimage"},"image":{"@id":"http:\/\/atif.unaldi.org\/blog\/2010\/11\/08\/zenithin-yeni-modeli\/#primaryimage"},"thumbnailUrl":"http:\/\/atifunaldi.files.wordpress.com\/2010\/11\/christophe_colomb_rose_gold_es-scaled-10001.jpg?w=262","datePublished":"2010-11-08T19:04:21+00:00","breadcrumb":{"@id":"http:\/\/atif.unaldi.org\/blog\/2010\/11\/08\/zenithin-yeni-modeli\/#breadcrumb"},"inLanguage":"tr","potentialAction":[{"@type":"ReadAction","target":["http:\/\/atif.unaldi.org\/blog\/2010\/11\/08\/zenithin-yeni-modeli\/"]}]},{"@type":"ImageObject","inLanguage":"tr","@id":"http:\/\/atif.unaldi.org\/blog\/2010\/11\/08\/zenithin-yeni-modeli\/#primaryimage","url":"http:\/\/atifunaldi.files.wordpress.com\/2010\/11\/christophe_colomb_rose_gold_es-scaled-10001.jpg?w=262","contentUrl":"http:\/\/atifunaldi.files.wordpress.com\/2010\/11\/christophe_colomb_rose_gold_es-scaled-10001.jpg?w=262"},{"@type":"BreadcrumbList","@id":"http:\/\/atif.unaldi.org\/blog\/2010\/11\/08\/zenithin-yeni-modeli\/#breadcrumb","itemListElement":[{"@type":"ListItem","position":1,"name":"Anasayfa","item":"http:\/\/atif.unaldi.org\/blog\/"},{"@type":"ListItem","position":2,"name":"Zenith&#8217;in yeni modeli!"}]},{"@type":"WebSite","@id":"http:\/\/atif.unaldi.org\/blog\/#website","url":"http:\/\/atif.unaldi.org\/blog\/","name":"At\u0131f \u00dcnald\u0131","description":"Yazar","publisher":{"@id":"http:\/\/atif.unaldi.org\/blog\/#\/schema\/person\/608ed42ecbda2bc5cfdb767ac1db479b"},"alternateName":"At\u0131f \u00dcnald\u0131 Blog","potentialAction":[{"@type":"SearchAction","target":{"@type":"EntryPoint","urlTemplate":"http:\/\/atif.unaldi.org\/blog\/?s={search_term_string}"},"query-input":{"@type":"PropertyValueSpecification","valueRequired":true,"valueName":"search_term_string"}}],"inLanguage":"tr"},{"@type":["Person","Organization"],"@id":"http:\/\/atif.unaldi.org\/blog\/#\/schema\/person\/608ed42ecbda2bc5cfdb767ac1db479b","name":"Atif Unaldi","image":{"@type":"ImageObject","inLanguage":"tr","@id":"http:\/\/atif.unaldi.org\/blog\/#\/schema\/person\/image\/","url":"http:\/\/atif.unaldi.org\/blog\/wp-content\/uploads\/2022\/10\/cropped-a94e8f7a-67c4-4d65-8a5f-032ba784be53-2.jpg","contentUrl":"http:\/\/atif.unaldi.org\/blog\/wp-content\/uploads\/2022\/10\/cropped-a94e8f7a-67c4-4d65-8a5f-032ba784be53-2.jpg","width":512,"height":512,"caption":"Atif Unaldi"},"logo":{"@id":"http:\/\/atif.unaldi.org\/blog\/#\/schema\/person\/image\/"},"description":"Bo\u011fazi\u00e7i \u00dcniversitesinde Fizik B\u00f6l\u00fcm\u00fc\u2019nde e\u011fitim ald\u0131\u011f\u0131 y\u0131llarda T\u00fcrkiye\u2019de ilk kez iki bilgisayar\u0131 telefon hatlar\u0131 \u00fczerinden konu\u015fturan BBS sistemini kurarak, T\u00fcrkiye\u2019deki ilk internet a\u011f\u0131n\u0131 olu\u015fturmu\u015ftur. Bir \u00e7ok radyo ve televizyonda program yap\u0131mc\u0131l\u0131\u011f\u0131 ve sunuculu\u011funu, bir \u00e7ok teknoloji dergisinde k\u00f6\u015fe yazarl\u0131\u011f\u0131, bili\u015fim edit\u00f6rl\u00fc\u011f\u00fc ve genel yay\u0131n y\u00f6netmenli\u011fi yapt\u0131. T\u00fcrkiye\u2019deki ilk internet servis sa\u011flay\u0131c\u0131s\u0131n\u0131n genel m\u00fcd\u00fcrl\u00fc\u011f\u00fcn\u00fc \u00fcstlendi. Bir \u00e7ok organizasyon ve kurulu\u015fta internet s\u00fcperviz\u00f6rl\u00fc\u011f\u00fc , webmaster\u2019l\u0131\u011f\u0131 , IT direkt\u00f6rl\u00fc\u011f\u00fc ve dijital projeler koordinat\u00f6rl\u00fc\u011f\u00fc g\u00f6revlerinde bulundu. Farkl\u0131 \u00fcniversitelerin farkl\u0131 fak\u00fcltelerinde \u00f6\u011fretim g\u00f6revlisi olarak bulunmu\u015f olan \u00dcnald\u0131; \u015fu an teknoloji ve pazarlama konular\u0131 ba\u015fta olmak \u00fczere bir\u00e7ok alanda hizmet veren Unaldi Consultancy\u2019nin kurucusudur. \u2028Selin \u00dcnald\u0131 ile evlidir. Su ve Toprak isminde iki \u00e7ocu\u011fu vard\u0131r.","sameAs":["http:\/\/atif.unaldi.org\/blog","https:\/\/www.facebook.com\/atifunaldi","https:\/\/www.instagram.com\/atifunaldi\/","https:\/\/www.linkedin.com\/in\/atifunaldi","https:\/\/x.com\/https:\/\/twitter.com\/atifunaldi","https:\/\/www.youtube.com\/c\/atifunaldi","https:\/\/soundcloud.com\/atif-unaldi","https:\/\/atifunaldi.tumblr.com"],"url":"http:\/\/atif.unaldi.org\/blog\/author\/atifunaldi\/"}]}},"jetpack_featured_media_url":"","_links":{"self":[{"href":"http:\/\/atif.unaldi.org\/blog\/wp-json\/wp\/v2\/posts\/1892","targetHints":{"allow":["GET"]}}],"collection":[{"href":"http:\/\/atif.unaldi.org\/blog\/wp-json\/wp\/v2\/posts"}],"about":[{"href":"http:\/\/atif.unaldi.org\/blog\/wp-json\/wp\/v2\/types\/post"}],"author":[{"embeddable":true,"href":"http:\/\/atif.unaldi.org\/blog\/wp-json\/wp\/v2\/users\/2"}],"replies":[{"embeddable":true,"href":"http:\/\/atif.unaldi.org\/blog\/wp-json\/wp\/v2\/comments?post=1892"}],"version-history":[{"count":0,"href":"http:\/\/atif.unaldi.org\/blog\/wp-json\/wp\/v2\/posts\/1892\/revisions"}],"wp:attachment":[{"href":"http:\/\/atif.unaldi.org\/blog\/wp-json\/wp\/v2\/media?parent=1892"}],"wp:term":[{"taxonomy":"category","embeddable":true,"href":"http:\/\/atif.unaldi.org\/blog\/wp-json\/wp\/v2\/categories?post=1892"},{"taxonomy":"post_tag","embeddable":true,"href":"http:\/\/atif.unaldi.org\/blog\/wp-json\/wp\/v2\/tags?post=1892"}],"curies":[{"name":"wp","href":"https:\/\/api.w.org\/{rel}","templated":true}]}}