{"id":1910,"date":"2010-11-27T12:50:00","date_gmt":"2010-11-27T12:50:00","guid":{"rendered":"http:\/\/haberler.atifunaldi.info\/2010\/11\/27\/evrak-inceliginde-notebook-asus-u31u41"},"modified":"2010-11-27T12:50:00","modified_gmt":"2010-11-27T12:50:00","slug":"evrak-inceliginde-notebook-asus-u31u41","status":"publish","type":"post","link":"http:\/\/atif.unaldi.org\/blog\/2010\/11\/27\/evrak-inceliginde-notebook-asus-u31u41\/","title":{"rendered":"Evrak \u0130nceli\u011finde Notebook &#8211; ASUS U31&#038;U41"},"content":{"rendered":"<p>Teknoloji devi ASUS&rsquo; ta yenilikler ve at\u0131l\u0131mlar h\u0131z kesmeden devam ediyor. &nbsp;Y\u00fcksek performansl\u0131 ultra ince ve hafif U serisi, notebooklara yeni bir boyut kazand\u0131r\u0131yor.<\/p>\n<p \/>G\u00f6rselli\u011fe G\u00fc\u00e7 Katan Ultra \u0130nce Tasar\u0131m<\/p>\n<p \/> Yeni U31 ve U41 notebooklar performanslar\u0131ndan \u00f6d\u00fcn vermeksizin son derece \u015f\u0131k, 1 in\u00e7&rsquo;ten daha ince ve hafif tasar\u0131mlar\u0131yla maksimum derecede ta\u015f\u0131nabilirlik sunuyorlar. G\u00f6z al\u0131c\u0131 \u015f\u0131kl\u0131\u011fa sahip g\u00fcm\u00fc\u015f ve siyah renk se\u00e7enekleriyle yeni U serileri \u00e7antan\u0131zda ince ve hafif bir evrak ta\u015f\u0131yormu\u015f hissi uyand\u0131r\u0131yor.<\/p>\n<p \/> Tek bir Dokunu\u015f ile Performans Art\u0131\u015f\u0131<\/p>\n<p \/>Intel&rsquo;in en son i\u015flemci serileri ve ASUS&rsquo;un Super Hybrid Engine teknolojisi ile y\u00fcksek performans sunan yeni U serileri tek bir t\u0131klama ile %15 oran\u0131nda turbo i\u015flemci art\u0131r\u0131m\u0131 elde edilebiliyor. Kullan\u0131m ihtiyac\u0131na g\u00f6re gerekti\u011finde tek bir dokunu\u015fla sistemde performans art\u0131\u015f\u0131 sa\u011flan\u0131yor.<\/p>\n<p \/> \u0130\u015f Hayat\u0131na Uygun Pil<\/p>\n<p \/>H\u0131zl\u0131 olan kent ve i\u015f ya\u015fant\u0131s\u0131na ayak uyduracak ve profesyonellere zaman kazand\u0131racak notebooklara \u00f6nc\u00fcl\u00fck eden yeni U31 ve U41 enerji koruma teknolojileri sayesinde kullan\u0131c\u0131s\u0131na 10 saatin \u00fczerinde pil \u00f6mr\u00fc sunuyor. ASUS&rsquo;un SHE teknolojisi de, kullan\u0131ma g\u00f6re anl\u0131k performans ihtiyac\u0131n\u0131 gerekti\u011fi kadar kar\u015f\u0131layarak pil \u00f6mr\u00fcn\u00fcn daha uzun olmas\u0131na yard\u0131mc\u0131 oluyor. NVIDIA&reg; Optimus&trade; teknolojisi dahili GeForce GT425M\/GT415M ekran kart\u0131 ile GPU ile entegre ekran kart\u0131 aras\u0131nda ihtiyaca g\u00f6re ge\u00e7i\u015f yaparken enerji tasarrufu yap\u0131lm\u0131\u015f oluyor.<\/p>\n<p \/> \u00d6nceki modellerin devam\u0131 niteli\u011finde U31 ve U41 modelleri \u015f\u0131k ve hafif olmalar\u0131n\u0131n yan\u0131 s\u0131ra y\u00fcksek performans i\u00e7in Intel&reg; Core&trade; i3\/i5 i\u015flemci serileri ile sunuluyor. Ayr\u0131ca, DirectX&copy;11 destekli NVIDIA&reg; i\u015flemcisiyle de g\u00fcc\u00fcne g\u00fc\u00e7 katan yeni U serileri, 1 in\u00e7&rsquo;ten ince tasar\u0131m\u0131yla da g\u00fcc\u00fcnden hi\u00e7bir \u015fey kaybetmeksizin maksimum derecede ta\u015f\u0131nabilirlik sunmay\u0131 ihmal etmiyor. <\/p>\n<p><div class='p_embed p_image_embed'>\n<img loading=\"lazy\" decoding=\"async\" alt=\"Grsel_1-asus_u31\" height=\"298\" src=\"http:\/\/atifunaldi.files.wordpress.com\/2010\/11\/grsel_1-asus_u311.jpg?w=300\" width=\"448\" \/><br \/>\n<img loading=\"lazy\" decoding=\"async\" alt=\"Grsel_2-asus_u31\" height=\"378\" src=\"http:\/\/atifunaldi.files.wordpress.com\/2010\/11\/grsel_2-asus_u312.jpg?w=266\" width=\"336\" \/><br \/>\n<img loading=\"lazy\" decoding=\"async\" alt=\"Grsel_3-asus_u31\" height=\"336\" src=\"http:\/\/atifunaldi.files.wordpress.com\/2010\/11\/grsel_3-asus_u312.jpg?w=300\" width=\"339\" \/><br \/>\n<a href=\"http:\/\/atifunaldi.files.wordpress.com\/2010\/11\/grsel_4-asus_u411.jpg\"><img loading=\"lazy\" decoding=\"async\" alt=\"Grsel_4-asus_u41\" height=\"397\" src=\"http:\/\/atifunaldi.files.wordpress.com\/2010\/11\/grsel_4-asus_u411.jpg?w=300\" width=\"500\" \/><\/a><\/p>\n<div class='p_see_full_gallery'><a href=\"http:\/\/atifunaldi.posterous.com\/evrak-inceliginde-notebook-asus-u31u41\">See the full gallery on Posterous<\/a><\/div>\n<\/div>\n","protected":false},"excerpt":{"rendered":"<p>Teknoloji devi ASUS&rsquo; ta yenilikler ve at\u0131l\u0131mlar h\u0131z kesmeden devam ediyor. &nbsp;Y\u00fcksek performansl\u0131 ultra ince ve hafif U serisi, notebooklara yeni bir boyut kazand\u0131r\u0131yor. G\u00f6rselli\u011fe G\u00fc\u00e7 Katan Ultra \u0130nce Tasar\u0131m Yeni U31 ve U41 notebooklar&#8230;<\/p>\n","protected":false},"author":2,"featured_media":0,"comment_status":"open","ping_status":"open","sticky":false,"template":"","format":"standard","meta":{"footnotes":""},"categories":[3],"tags":[],"class_list":["post-1910","post","type-post","status-publish","format-standard","hentry","category-blogum"],"yoast_head":"<!-- This site is optimized with the Yoast SEO plugin v26.8 - https:\/\/yoast.com\/product\/yoast-seo-wordpress\/ -->\n<title>Evrak \u0130nceli\u011finde Notebook - ASUS U31&amp;U41 - At\u0131f \u00dcnald\u0131<\/title>\n<meta name=\"robots\" content=\"index, follow, max-snippet:-1, max-image-preview:large, max-video-preview:-1\" \/>\n<link rel=\"canonical\" href=\"http:\/\/atif.unaldi.org\/blog\/2010\/11\/27\/evrak-inceliginde-notebook-asus-u31u41\/\" \/>\n<meta property=\"og:locale\" content=\"tr_TR\" \/>\n<meta property=\"og:type\" content=\"article\" \/>\n<meta property=\"og:title\" content=\"Evrak \u0130nceli\u011finde Notebook - ASUS U31&amp;U41 - At\u0131f \u00dcnald\u0131\" \/>\n<meta property=\"og:description\" content=\"Teknoloji devi ASUS&rsquo; ta yenilikler ve at\u0131l\u0131mlar h\u0131z kesmeden devam ediyor. &nbsp;Y\u00fcksek performansl\u0131 ultra ince ve hafif U serisi, notebooklara yeni bir boyut kazand\u0131r\u0131yor. G\u00f6rselli\u011fe G\u00fc\u00e7 Katan Ultra \u0130nce Tasar\u0131m Yeni U31 ve U41 notebooklar...\" \/>\n<meta property=\"og:url\" content=\"http:\/\/atif.unaldi.org\/blog\/2010\/11\/27\/evrak-inceliginde-notebook-asus-u31u41\/\" \/>\n<meta property=\"og:site_name\" content=\"At\u0131f \u00dcnald\u0131\" \/>\n<meta property=\"article:publisher\" content=\"https:\/\/www.facebook.com\/atifunaldi\" \/>\n<meta property=\"article:author\" content=\"https:\/\/www.facebook.com\/atifunaldi\" \/>\n<meta property=\"article:published_time\" content=\"2010-11-27T12:50:00+00:00\" \/>\n<meta property=\"og:image\" content=\"http:\/\/atifunaldi.files.wordpress.com\/2010\/11\/grsel_1-asus_u311.jpg?w=300\" \/>\n<meta name=\"author\" content=\"Atif Unaldi\" \/>\n<meta name=\"twitter:card\" content=\"summary_large_image\" \/>\n<meta name=\"twitter:creator\" content=\"@https:\/\/twitter.com\/atifunaldi\" \/>\n<meta name=\"twitter:site\" content=\"@atifunaldi\" \/>\n<meta name=\"twitter:label1\" content=\"Yazan:\" \/>\n\t<meta name=\"twitter:data1\" content=\"Atif Unaldi\" \/>\n\t<meta name=\"twitter:label2\" content=\"Tahmini okuma s\u00fcresi\" \/>\n\t<meta name=\"twitter:data2\" content=\"2 dakika\" \/>\n<script type=\"application\/ld+json\" class=\"yoast-schema-graph\">{\"@context\":\"https:\/\/schema.org\",\"@graph\":[{\"@type\":\"Article\",\"@id\":\"http:\/\/atif.unaldi.org\/blog\/2010\/11\/27\/evrak-inceliginde-notebook-asus-u31u41\/#article\",\"isPartOf\":{\"@id\":\"http:\/\/atif.unaldi.org\/blog\/2010\/11\/27\/evrak-inceliginde-notebook-asus-u31u41\/\"},\"author\":{\"name\":\"Atif Unaldi\",\"@id\":\"http:\/\/atif.unaldi.org\/blog\/#\/schema\/person\/608ed42ecbda2bc5cfdb767ac1db479b\"},\"headline\":\"Evrak \u0130nceli\u011finde Notebook &#8211; ASUS U31&#038;U41\",\"datePublished\":\"2010-11-27T12:50:00+00:00\",\"mainEntityOfPage\":{\"@id\":\"http:\/\/atif.unaldi.org\/blog\/2010\/11\/27\/evrak-inceliginde-notebook-asus-u31u41\/\"},\"wordCount\":355,\"commentCount\":0,\"publisher\":{\"@id\":\"http:\/\/atif.unaldi.org\/blog\/#\/schema\/person\/608ed42ecbda2bc5cfdb767ac1db479b\"},\"image\":{\"@id\":\"http:\/\/atif.unaldi.org\/blog\/2010\/11\/27\/evrak-inceliginde-notebook-asus-u31u41\/#primaryimage\"},\"thumbnailUrl\":\"http:\/\/atifunaldi.files.wordpress.com\/2010\/11\/grsel_1-asus_u311.jpg?w=300\",\"articleSection\":[\"Blogum\"],\"inLanguage\":\"tr\",\"potentialAction\":[{\"@type\":\"CommentAction\",\"name\":\"Comment\",\"target\":[\"http:\/\/atif.unaldi.org\/blog\/2010\/11\/27\/evrak-inceliginde-notebook-asus-u31u41\/#respond\"]}]},{\"@type\":\"WebPage\",\"@id\":\"http:\/\/atif.unaldi.org\/blog\/2010\/11\/27\/evrak-inceliginde-notebook-asus-u31u41\/\",\"url\":\"http:\/\/atif.unaldi.org\/blog\/2010\/11\/27\/evrak-inceliginde-notebook-asus-u31u41\/\",\"name\":\"Evrak \u0130nceli\u011finde Notebook - ASUS U31&U41 - At\u0131f \u00dcnald\u0131\",\"isPartOf\":{\"@id\":\"http:\/\/atif.unaldi.org\/blog\/#website\"},\"primaryImageOfPage\":{\"@id\":\"http:\/\/atif.unaldi.org\/blog\/2010\/11\/27\/evrak-inceliginde-notebook-asus-u31u41\/#primaryimage\"},\"image\":{\"@id\":\"http:\/\/atif.unaldi.org\/blog\/2010\/11\/27\/evrak-inceliginde-notebook-asus-u31u41\/#primaryimage\"},\"thumbnailUrl\":\"http:\/\/atifunaldi.files.wordpress.com\/2010\/11\/grsel_1-asus_u311.jpg?w=300\",\"datePublished\":\"2010-11-27T12:50:00+00:00\",\"breadcrumb\":{\"@id\":\"http:\/\/atif.unaldi.org\/blog\/2010\/11\/27\/evrak-inceliginde-notebook-asus-u31u41\/#breadcrumb\"},\"inLanguage\":\"tr\",\"potentialAction\":[{\"@type\":\"ReadAction\",\"target\":[\"http:\/\/atif.unaldi.org\/blog\/2010\/11\/27\/evrak-inceliginde-notebook-asus-u31u41\/\"]}]},{\"@type\":\"ImageObject\",\"inLanguage\":\"tr\",\"@id\":\"http:\/\/atif.unaldi.org\/blog\/2010\/11\/27\/evrak-inceliginde-notebook-asus-u31u41\/#primaryimage\",\"url\":\"http:\/\/atifunaldi.files.wordpress.com\/2010\/11\/grsel_1-asus_u311.jpg?w=300\",\"contentUrl\":\"http:\/\/atifunaldi.files.wordpress.com\/2010\/11\/grsel_1-asus_u311.jpg?w=300\"},{\"@type\":\"BreadcrumbList\",\"@id\":\"http:\/\/atif.unaldi.org\/blog\/2010\/11\/27\/evrak-inceliginde-notebook-asus-u31u41\/#breadcrumb\",\"itemListElement\":[{\"@type\":\"ListItem\",\"position\":1,\"name\":\"Anasayfa\",\"item\":\"http:\/\/atif.unaldi.org\/blog\/\"},{\"@type\":\"ListItem\",\"position\":2,\"name\":\"Evrak \u0130nceli\u011finde Notebook &#8211; ASUS U31&#038;U41\"}]},{\"@type\":\"WebSite\",\"@id\":\"http:\/\/atif.unaldi.org\/blog\/#website\",\"url\":\"http:\/\/atif.unaldi.org\/blog\/\",\"name\":\"At\u0131f \u00dcnald\u0131\",\"description\":\"Yazar\",\"publisher\":{\"@id\":\"http:\/\/atif.unaldi.org\/blog\/#\/schema\/person\/608ed42ecbda2bc5cfdb767ac1db479b\"},\"alternateName\":\"At\u0131f \u00dcnald\u0131 Blog\",\"potentialAction\":[{\"@type\":\"SearchAction\",\"target\":{\"@type\":\"EntryPoint\",\"urlTemplate\":\"http:\/\/atif.unaldi.org\/blog\/?s={search_term_string}\"},\"query-input\":{\"@type\":\"PropertyValueSpecification\",\"valueRequired\":true,\"valueName\":\"search_term_string\"}}],\"inLanguage\":\"tr\"},{\"@type\":[\"Person\",\"Organization\"],\"@id\":\"http:\/\/atif.unaldi.org\/blog\/#\/schema\/person\/608ed42ecbda2bc5cfdb767ac1db479b\",\"name\":\"Atif Unaldi\",\"image\":{\"@type\":\"ImageObject\",\"inLanguage\":\"tr\",\"@id\":\"http:\/\/atif.unaldi.org\/blog\/#\/schema\/person\/image\/\",\"url\":\"http:\/\/atif.unaldi.org\/blog\/wp-content\/uploads\/2022\/10\/cropped-a94e8f7a-67c4-4d65-8a5f-032ba784be53-2.jpg\",\"contentUrl\":\"http:\/\/atif.unaldi.org\/blog\/wp-content\/uploads\/2022\/10\/cropped-a94e8f7a-67c4-4d65-8a5f-032ba784be53-2.jpg\",\"width\":512,\"height\":512,\"caption\":\"Atif Unaldi\"},\"logo\":{\"@id\":\"http:\/\/atif.unaldi.org\/blog\/#\/schema\/person\/image\/\"},\"description\":\"Bo\u011fazi\u00e7i \u00dcniversitesinde Fizik B\u00f6l\u00fcm\u00fc\u2019nde e\u011fitim ald\u0131\u011f\u0131 y\u0131llarda T\u00fcrkiye\u2019de ilk kez iki bilgisayar\u0131 telefon hatlar\u0131 \u00fczerinden konu\u015fturan BBS sistemini kurarak, T\u00fcrkiye\u2019deki ilk internet a\u011f\u0131n\u0131 olu\u015fturmu\u015ftur. Bir \u00e7ok radyo ve televizyonda program yap\u0131mc\u0131l\u0131\u011f\u0131 ve sunuculu\u011funu, bir \u00e7ok teknoloji dergisinde k\u00f6\u015fe yazarl\u0131\u011f\u0131, bili\u015fim edit\u00f6rl\u00fc\u011f\u00fc ve genel yay\u0131n y\u00f6netmenli\u011fi yapt\u0131. T\u00fcrkiye\u2019deki ilk internet servis sa\u011flay\u0131c\u0131s\u0131n\u0131n genel m\u00fcd\u00fcrl\u00fc\u011f\u00fcn\u00fc \u00fcstlendi. Bir \u00e7ok organizasyon ve kurulu\u015fta internet s\u00fcperviz\u00f6rl\u00fc\u011f\u00fc , webmaster\u2019l\u0131\u011f\u0131 , IT direkt\u00f6rl\u00fc\u011f\u00fc ve dijital projeler koordinat\u00f6rl\u00fc\u011f\u00fc g\u00f6revlerinde bulundu. Farkl\u0131 \u00fcniversitelerin farkl\u0131 fak\u00fcltelerinde \u00f6\u011fretim g\u00f6revlisi olarak bulunmu\u015f olan \u00dcnald\u0131; \u015fu an teknoloji ve pazarlama konular\u0131 ba\u015fta olmak \u00fczere bir\u00e7ok alanda hizmet veren Unaldi Consultancy\u2019nin kurucusudur. \\u2028Selin \u00dcnald\u0131 ile evlidir. Su ve Toprak isminde iki \u00e7ocu\u011fu vard\u0131r.\",\"sameAs\":[\"http:\/\/atif.unaldi.org\/blog\",\"https:\/\/www.facebook.com\/atifunaldi\",\"https:\/\/www.instagram.com\/atifunaldi\/\",\"https:\/\/www.linkedin.com\/in\/atifunaldi\",\"https:\/\/x.com\/https:\/\/twitter.com\/atifunaldi\",\"https:\/\/www.youtube.com\/c\/atifunaldi\",\"https:\/\/soundcloud.com\/atif-unaldi\",\"https:\/\/atifunaldi.tumblr.com\"],\"url\":\"http:\/\/atif.unaldi.org\/blog\/author\/atifunaldi\/\"}]}<\/script>\n<!-- \/ Yoast SEO plugin. -->","yoast_head_json":{"title":"Evrak \u0130nceli\u011finde Notebook - ASUS U31&U41 - At\u0131f \u00dcnald\u0131","robots":{"index":"index","follow":"follow","max-snippet":"max-snippet:-1","max-image-preview":"max-image-preview:large","max-video-preview":"max-video-preview:-1"},"canonical":"http:\/\/atif.unaldi.org\/blog\/2010\/11\/27\/evrak-inceliginde-notebook-asus-u31u41\/","og_locale":"tr_TR","og_type":"article","og_title":"Evrak \u0130nceli\u011finde Notebook - ASUS U31&U41 - At\u0131f \u00dcnald\u0131","og_description":"Teknoloji devi ASUS&rsquo; ta yenilikler ve at\u0131l\u0131mlar h\u0131z kesmeden devam ediyor. &nbsp;Y\u00fcksek performansl\u0131 ultra ince ve hafif U serisi, notebooklara yeni bir boyut kazand\u0131r\u0131yor. G\u00f6rselli\u011fe G\u00fc\u00e7 Katan Ultra \u0130nce Tasar\u0131m Yeni U31 ve U41 notebooklar...","og_url":"http:\/\/atif.unaldi.org\/blog\/2010\/11\/27\/evrak-inceliginde-notebook-asus-u31u41\/","og_site_name":"At\u0131f \u00dcnald\u0131","article_publisher":"https:\/\/www.facebook.com\/atifunaldi","article_author":"https:\/\/www.facebook.com\/atifunaldi","article_published_time":"2010-11-27T12:50:00+00:00","og_image":[{"url":"http:\/\/atifunaldi.files.wordpress.com\/2010\/11\/grsel_1-asus_u311.jpg?w=300","type":"","width":"","height":""}],"author":"Atif Unaldi","twitter_card":"summary_large_image","twitter_creator":"@https:\/\/twitter.com\/atifunaldi","twitter_site":"@atifunaldi","twitter_misc":{"Yazan:":"Atif Unaldi","Tahmini okuma s\u00fcresi":"2 dakika"},"schema":{"@context":"https:\/\/schema.org","@graph":[{"@type":"Article","@id":"http:\/\/atif.unaldi.org\/blog\/2010\/11\/27\/evrak-inceliginde-notebook-asus-u31u41\/#article","isPartOf":{"@id":"http:\/\/atif.unaldi.org\/blog\/2010\/11\/27\/evrak-inceliginde-notebook-asus-u31u41\/"},"author":{"name":"Atif Unaldi","@id":"http:\/\/atif.unaldi.org\/blog\/#\/schema\/person\/608ed42ecbda2bc5cfdb767ac1db479b"},"headline":"Evrak \u0130nceli\u011finde Notebook &#8211; ASUS U31&#038;U41","datePublished":"2010-11-27T12:50:00+00:00","mainEntityOfPage":{"@id":"http:\/\/atif.unaldi.org\/blog\/2010\/11\/27\/evrak-inceliginde-notebook-asus-u31u41\/"},"wordCount":355,"commentCount":0,"publisher":{"@id":"http:\/\/atif.unaldi.org\/blog\/#\/schema\/person\/608ed42ecbda2bc5cfdb767ac1db479b"},"image":{"@id":"http:\/\/atif.unaldi.org\/blog\/2010\/11\/27\/evrak-inceliginde-notebook-asus-u31u41\/#primaryimage"},"thumbnailUrl":"http:\/\/atifunaldi.files.wordpress.com\/2010\/11\/grsel_1-asus_u311.jpg?w=300","articleSection":["Blogum"],"inLanguage":"tr","potentialAction":[{"@type":"CommentAction","name":"Comment","target":["http:\/\/atif.unaldi.org\/blog\/2010\/11\/27\/evrak-inceliginde-notebook-asus-u31u41\/#respond"]}]},{"@type":"WebPage","@id":"http:\/\/atif.unaldi.org\/blog\/2010\/11\/27\/evrak-inceliginde-notebook-asus-u31u41\/","url":"http:\/\/atif.unaldi.org\/blog\/2010\/11\/27\/evrak-inceliginde-notebook-asus-u31u41\/","name":"Evrak \u0130nceli\u011finde Notebook - ASUS U31&U41 - At\u0131f \u00dcnald\u0131","isPartOf":{"@id":"http:\/\/atif.unaldi.org\/blog\/#website"},"primaryImageOfPage":{"@id":"http:\/\/atif.unaldi.org\/blog\/2010\/11\/27\/evrak-inceliginde-notebook-asus-u31u41\/#primaryimage"},"image":{"@id":"http:\/\/atif.unaldi.org\/blog\/2010\/11\/27\/evrak-inceliginde-notebook-asus-u31u41\/#primaryimage"},"thumbnailUrl":"http:\/\/atifunaldi.files.wordpress.com\/2010\/11\/grsel_1-asus_u311.jpg?w=300","datePublished":"2010-11-27T12:50:00+00:00","breadcrumb":{"@id":"http:\/\/atif.unaldi.org\/blog\/2010\/11\/27\/evrak-inceliginde-notebook-asus-u31u41\/#breadcrumb"},"inLanguage":"tr","potentialAction":[{"@type":"ReadAction","target":["http:\/\/atif.unaldi.org\/blog\/2010\/11\/27\/evrak-inceliginde-notebook-asus-u31u41\/"]}]},{"@type":"ImageObject","inLanguage":"tr","@id":"http:\/\/atif.unaldi.org\/blog\/2010\/11\/27\/evrak-inceliginde-notebook-asus-u31u41\/#primaryimage","url":"http:\/\/atifunaldi.files.wordpress.com\/2010\/11\/grsel_1-asus_u311.jpg?w=300","contentUrl":"http:\/\/atifunaldi.files.wordpress.com\/2010\/11\/grsel_1-asus_u311.jpg?w=300"},{"@type":"BreadcrumbList","@id":"http:\/\/atif.unaldi.org\/blog\/2010\/11\/27\/evrak-inceliginde-notebook-asus-u31u41\/#breadcrumb","itemListElement":[{"@type":"ListItem","position":1,"name":"Anasayfa","item":"http:\/\/atif.unaldi.org\/blog\/"},{"@type":"ListItem","position":2,"name":"Evrak \u0130nceli\u011finde Notebook &#8211; ASUS U31&#038;U41"}]},{"@type":"WebSite","@id":"http:\/\/atif.unaldi.org\/blog\/#website","url":"http:\/\/atif.unaldi.org\/blog\/","name":"At\u0131f \u00dcnald\u0131","description":"Yazar","publisher":{"@id":"http:\/\/atif.unaldi.org\/blog\/#\/schema\/person\/608ed42ecbda2bc5cfdb767ac1db479b"},"alternateName":"At\u0131f \u00dcnald\u0131 Blog","potentialAction":[{"@type":"SearchAction","target":{"@type":"EntryPoint","urlTemplate":"http:\/\/atif.unaldi.org\/blog\/?s={search_term_string}"},"query-input":{"@type":"PropertyValueSpecification","valueRequired":true,"valueName":"search_term_string"}}],"inLanguage":"tr"},{"@type":["Person","Organization"],"@id":"http:\/\/atif.unaldi.org\/blog\/#\/schema\/person\/608ed42ecbda2bc5cfdb767ac1db479b","name":"Atif Unaldi","image":{"@type":"ImageObject","inLanguage":"tr","@id":"http:\/\/atif.unaldi.org\/blog\/#\/schema\/person\/image\/","url":"http:\/\/atif.unaldi.org\/blog\/wp-content\/uploads\/2022\/10\/cropped-a94e8f7a-67c4-4d65-8a5f-032ba784be53-2.jpg","contentUrl":"http:\/\/atif.unaldi.org\/blog\/wp-content\/uploads\/2022\/10\/cropped-a94e8f7a-67c4-4d65-8a5f-032ba784be53-2.jpg","width":512,"height":512,"caption":"Atif Unaldi"},"logo":{"@id":"http:\/\/atif.unaldi.org\/blog\/#\/schema\/person\/image\/"},"description":"Bo\u011fazi\u00e7i \u00dcniversitesinde Fizik B\u00f6l\u00fcm\u00fc\u2019nde e\u011fitim ald\u0131\u011f\u0131 y\u0131llarda T\u00fcrkiye\u2019de ilk kez iki bilgisayar\u0131 telefon hatlar\u0131 \u00fczerinden konu\u015fturan BBS sistemini kurarak, T\u00fcrkiye\u2019deki ilk internet a\u011f\u0131n\u0131 olu\u015fturmu\u015ftur. Bir \u00e7ok radyo ve televizyonda program yap\u0131mc\u0131l\u0131\u011f\u0131 ve sunuculu\u011funu, bir \u00e7ok teknoloji dergisinde k\u00f6\u015fe yazarl\u0131\u011f\u0131, bili\u015fim edit\u00f6rl\u00fc\u011f\u00fc ve genel yay\u0131n y\u00f6netmenli\u011fi yapt\u0131. T\u00fcrkiye\u2019deki ilk internet servis sa\u011flay\u0131c\u0131s\u0131n\u0131n genel m\u00fcd\u00fcrl\u00fc\u011f\u00fcn\u00fc \u00fcstlendi. Bir \u00e7ok organizasyon ve kurulu\u015fta internet s\u00fcperviz\u00f6rl\u00fc\u011f\u00fc , webmaster\u2019l\u0131\u011f\u0131 , IT direkt\u00f6rl\u00fc\u011f\u00fc ve dijital projeler koordinat\u00f6rl\u00fc\u011f\u00fc g\u00f6revlerinde bulundu. Farkl\u0131 \u00fcniversitelerin farkl\u0131 fak\u00fcltelerinde \u00f6\u011fretim g\u00f6revlisi olarak bulunmu\u015f olan \u00dcnald\u0131; \u015fu an teknoloji ve pazarlama konular\u0131 ba\u015fta olmak \u00fczere bir\u00e7ok alanda hizmet veren Unaldi Consultancy\u2019nin kurucusudur. \u2028Selin \u00dcnald\u0131 ile evlidir. Su ve Toprak isminde iki \u00e7ocu\u011fu vard\u0131r.","sameAs":["http:\/\/atif.unaldi.org\/blog","https:\/\/www.facebook.com\/atifunaldi","https:\/\/www.instagram.com\/atifunaldi\/","https:\/\/www.linkedin.com\/in\/atifunaldi","https:\/\/x.com\/https:\/\/twitter.com\/atifunaldi","https:\/\/www.youtube.com\/c\/atifunaldi","https:\/\/soundcloud.com\/atif-unaldi","https:\/\/atifunaldi.tumblr.com"],"url":"http:\/\/atif.unaldi.org\/blog\/author\/atifunaldi\/"}]}},"jetpack_featured_media_url":"","_links":{"self":[{"href":"http:\/\/atif.unaldi.org\/blog\/wp-json\/wp\/v2\/posts\/1910","targetHints":{"allow":["GET"]}}],"collection":[{"href":"http:\/\/atif.unaldi.org\/blog\/wp-json\/wp\/v2\/posts"}],"about":[{"href":"http:\/\/atif.unaldi.org\/blog\/wp-json\/wp\/v2\/types\/post"}],"author":[{"embeddable":true,"href":"http:\/\/atif.unaldi.org\/blog\/wp-json\/wp\/v2\/users\/2"}],"replies":[{"embeddable":true,"href":"http:\/\/atif.unaldi.org\/blog\/wp-json\/wp\/v2\/comments?post=1910"}],"version-history":[{"count":0,"href":"http:\/\/atif.unaldi.org\/blog\/wp-json\/wp\/v2\/posts\/1910\/revisions"}],"wp:attachment":[{"href":"http:\/\/atif.unaldi.org\/blog\/wp-json\/wp\/v2\/media?parent=1910"}],"wp:term":[{"taxonomy":"category","embeddable":true,"href":"http:\/\/atif.unaldi.org\/blog\/wp-json\/wp\/v2\/categories?post=1910"},{"taxonomy":"post_tag","embeddable":true,"href":"http:\/\/atif.unaldi.org\/blog\/wp-json\/wp\/v2\/tags?post=1910"}],"curies":[{"name":"wp","href":"https:\/\/api.w.org\/{rel}","templated":true}]}}