{"id":1999,"date":"2011-05-17T05:52:13","date_gmt":"2011-05-17T05:52:13","guid":{"rendered":"http:\/\/haberler.atifunaldi.info\/2011\/05\/17\/twitter-nasil-kullanilmaz-tweet-nasil-yazilmaz"},"modified":"2011-05-17T05:52:13","modified_gmt":"2011-05-17T05:52:13","slug":"twitter-nasil-kullanilmaz-tweet-nasil-yazilmaz","status":"publish","type":"post","link":"http:\/\/atif.unaldi.org\/blog\/2011\/05\/17\/twitter-nasil-kullanilmaz-tweet-nasil-yazilmaz\/","title":{"rendered":"twitter nasil kullanilmaz? tweet nasil yazilmaz?"},"content":{"rendered":"<div class='p_embed p_image_embed'>\n<img loading=\"lazy\" decoding=\"async\" alt=\"Tweet\" height=\"502\" src=\"http:\/\/atifunaldi.files.wordpress.com\/2011\/05\/tweet2.jpg?w=290\" width=\"486\" \/>\n<\/div>\n<p>TOBB&#039;dan yap\u0131lan yaz\u0131l\u0131 a\u00e7\u0131klamada, \u015f\u00f6yle denildi:&nbsp;<\/p>\n<div>&ldquo;Bug\u00fcn TOBB Ba\u015fkan\u0131 M. Rifat Hisarc\u0131kl\u0131o\u011flu&#039;nun twitter hesab\u0131na d\u0131\u015far\u0131dan m\u00fcdahalede bulunularak, \u015fifresi k\u0131r\u0131larakkendi&nbsp;bilgisi d\u0131\u015f\u0131nda ger\u00e7e\u011fi yans\u0131tmayan bir tak\u0131m twittler yay\u0131nlanm\u0131\u015ft\u0131r. Bu twittlerin Say\u0131n M. Rifat Hisarc\u0131kl\u0131o\u011flu&#039;nun g\u00f6r\u00fc\u015flerini yans\u0131tmad\u0131\u011f\u0131n\u0131 kamuoyuna duyururuz.&rdquo;&nbsp;<\/p>\n<p \/> TOBB&#039;un bug\u00fcn yap\u0131lan 66.&nbsp;Genel&nbsp;Kurulu&#039;na kat\u0131lan Ba\u015fbakan Recep Tayyip Erdo\u011fan ile CHP Genel Ba\u015fkan\u0131 Kemal K\u0131l\u0131\u00e7daro\u011flu&#039;nun konu\u015fmalar\u0131n\u0131n alk\u0131\u015flanma say\u0131lar\u0131 ve genel kuruldaki g\u00f6r\u00fcn\u00fcme ili\u015fkin, Hisarc\u0131kl\u0131o\u011flu&#039;nun twitter hesab\u0131nda baz\u0131 twittler yay\u0131nlanm\u0131\u015ft\u0131. (AA)<\/p>\n<p \/> Hisarc\u0131kl\u0131o\u011flu&#039;nun \u015fahsi hesab\u0131ndan at\u0131lan twitler \u015f\u00f6yle:&nbsp;<br \/>RHisarciklioglu Rifat Hisarc\u0131kl\u0131o\u011flu:&nbsp;<br \/>Ba\u015fbakan TOBB Genel Kurulunda 45&nbsp;dakika&nbsp;konu\u015ftu 24 kez alk\u0131\u015f ald\u0131, Kemal K\u0131l\u0131\u00e7daro\u011flu 35 dakika konu\u015ftu 27 kez alk\u0131\u015fland\u0131.&nbsp;<\/p>\n<p \/> RHisarciklioglu Rifat Hisarc\u0131kl\u0131o\u011flu:&nbsp;<br \/>D\u00f6rt y\u0131ld\u0131r TOBB Genel Kuruluna kat\u0131l\u0131yorum, ilk kez b\u00f6yle bir sey g\u00f6rd\u00fcm. Anketler yan\u0131lacak gibi g\u00f6z\u00fck\u00fcyor.&nbsp;<\/p>\n<p \/>RHisarciklioglu Rifat Hisarc\u0131kl\u0131o\u011flu:&nbsp;<br \/>Sistemde bir yanl\u0131\u015fl\u0131k var.Bizim taraf\u0131m\u0131zdan yaz\u0131lmam\u0131\u015ft\u0131r.<\/div>\n","protected":false},"excerpt":{"rendered":"<p>TOBB&#039;dan yap\u0131lan yaz\u0131l\u0131 a\u00e7\u0131klamada, \u015f\u00f6yle denildi:&nbsp; &ldquo;Bug\u00fcn TOBB Ba\u015fkan\u0131 M. Rifat Hisarc\u0131kl\u0131o\u011flu&#039;nun twitter hesab\u0131na d\u0131\u015far\u0131dan m\u00fcdahalede bulunularak, \u015fifresi k\u0131r\u0131larakkendi&nbsp;bilgisi d\u0131\u015f\u0131nda ger\u00e7e\u011fi yans\u0131tmayan bir tak\u0131m twittler yay\u0131nlanm\u0131\u015ft\u0131r. Bu twittlerin Say\u0131n M. Rifat Hisarc\u0131kl\u0131o\u011flu&#039;nun g\u00f6r\u00fc\u015flerini yans\u0131tmad\u0131\u011f\u0131n\u0131 kamuoyuna&#8230;<\/p>\n","protected":false},"author":2,"featured_media":0,"comment_status":"open","ping_status":"open","sticky":false,"template":"","format":"standard","meta":{"footnotes":""},"categories":[3],"tags":[],"class_list":["post-1999","post","type-post","status-publish","format-standard","hentry","category-blogum"],"yoast_head":"<!-- This site is optimized with the Yoast SEO plugin v26.8 - https:\/\/yoast.com\/product\/yoast-seo-wordpress\/ -->\n<title>twitter nasil kullanilmaz? tweet nasil yazilmaz? - At\u0131f \u00dcnald\u0131<\/title>\n<meta name=\"robots\" content=\"index, follow, max-snippet:-1, max-image-preview:large, max-video-preview:-1\" \/>\n<link rel=\"canonical\" href=\"http:\/\/atif.unaldi.org\/blog\/2011\/05\/17\/twitter-nasil-kullanilmaz-tweet-nasil-yazilmaz\/\" \/>\n<meta property=\"og:locale\" content=\"tr_TR\" \/>\n<meta property=\"og:type\" content=\"article\" \/>\n<meta property=\"og:title\" content=\"twitter nasil kullanilmaz? tweet nasil yazilmaz? - At\u0131f \u00dcnald\u0131\" \/>\n<meta property=\"og:description\" content=\"TOBB&#039;dan yap\u0131lan yaz\u0131l\u0131 a\u00e7\u0131klamada, \u015f\u00f6yle denildi:&nbsp; &ldquo;Bug\u00fcn TOBB Ba\u015fkan\u0131 M. Rifat Hisarc\u0131kl\u0131o\u011flu&#039;nun twitter hesab\u0131na d\u0131\u015far\u0131dan m\u00fcdahalede bulunularak, \u015fifresi k\u0131r\u0131larakkendi&nbsp;bilgisi d\u0131\u015f\u0131nda ger\u00e7e\u011fi yans\u0131tmayan bir tak\u0131m twittler yay\u0131nlanm\u0131\u015ft\u0131r. Bu twittlerin Say\u0131n M. Rifat Hisarc\u0131kl\u0131o\u011flu&#039;nun g\u00f6r\u00fc\u015flerini yans\u0131tmad\u0131\u011f\u0131n\u0131 kamuoyuna...\" \/>\n<meta property=\"og:url\" content=\"http:\/\/atif.unaldi.org\/blog\/2011\/05\/17\/twitter-nasil-kullanilmaz-tweet-nasil-yazilmaz\/\" \/>\n<meta property=\"og:site_name\" content=\"At\u0131f \u00dcnald\u0131\" \/>\n<meta property=\"article:publisher\" content=\"https:\/\/www.facebook.com\/atifunaldi\" \/>\n<meta property=\"article:author\" content=\"https:\/\/www.facebook.com\/atifunaldi\" \/>\n<meta property=\"article:published_time\" content=\"2011-05-17T05:52:13+00:00\" \/>\n<meta property=\"og:image\" content=\"http:\/\/atifunaldi.files.wordpress.com\/2011\/05\/tweet2.jpg?w=290\" \/>\n<meta name=\"author\" content=\"Atif Unaldi\" \/>\n<meta name=\"twitter:card\" content=\"summary_large_image\" \/>\n<meta name=\"twitter:creator\" content=\"@https:\/\/twitter.com\/atifunaldi\" \/>\n<meta name=\"twitter:site\" content=\"@atifunaldi\" \/>\n<meta name=\"twitter:label1\" content=\"Yazan:\" \/>\n\t<meta name=\"twitter:data1\" content=\"Atif Unaldi\" \/>\n\t<meta name=\"twitter:label2\" content=\"Tahmini okuma s\u00fcresi\" \/>\n\t<meta name=\"twitter:data2\" content=\"1 dakika\" \/>\n<script type=\"application\/ld+json\" class=\"yoast-schema-graph\">{\"@context\":\"https:\/\/schema.org\",\"@graph\":[{\"@type\":\"Article\",\"@id\":\"http:\/\/atif.unaldi.org\/blog\/2011\/05\/17\/twitter-nasil-kullanilmaz-tweet-nasil-yazilmaz\/#article\",\"isPartOf\":{\"@id\":\"http:\/\/atif.unaldi.org\/blog\/2011\/05\/17\/twitter-nasil-kullanilmaz-tweet-nasil-yazilmaz\/\"},\"author\":{\"name\":\"Atif Unaldi\",\"@id\":\"http:\/\/atif.unaldi.org\/blog\/#\/schema\/person\/608ed42ecbda2bc5cfdb767ac1db479b\"},\"headline\":\"twitter nasil kullanilmaz? tweet nasil yazilmaz?\",\"datePublished\":\"2011-05-17T05:52:13+00:00\",\"mainEntityOfPage\":{\"@id\":\"http:\/\/atif.unaldi.org\/blog\/2011\/05\/17\/twitter-nasil-kullanilmaz-tweet-nasil-yazilmaz\/\"},\"wordCount\":244,\"commentCount\":0,\"publisher\":{\"@id\":\"http:\/\/atif.unaldi.org\/blog\/#\/schema\/person\/608ed42ecbda2bc5cfdb767ac1db479b\"},\"image\":{\"@id\":\"http:\/\/atif.unaldi.org\/blog\/2011\/05\/17\/twitter-nasil-kullanilmaz-tweet-nasil-yazilmaz\/#primaryimage\"},\"thumbnailUrl\":\"http:\/\/atifunaldi.files.wordpress.com\/2011\/05\/tweet2.jpg?w=290\",\"articleSection\":[\"Blogum\"],\"inLanguage\":\"tr\",\"potentialAction\":[{\"@type\":\"CommentAction\",\"name\":\"Comment\",\"target\":[\"http:\/\/atif.unaldi.org\/blog\/2011\/05\/17\/twitter-nasil-kullanilmaz-tweet-nasil-yazilmaz\/#respond\"]}]},{\"@type\":\"WebPage\",\"@id\":\"http:\/\/atif.unaldi.org\/blog\/2011\/05\/17\/twitter-nasil-kullanilmaz-tweet-nasil-yazilmaz\/\",\"url\":\"http:\/\/atif.unaldi.org\/blog\/2011\/05\/17\/twitter-nasil-kullanilmaz-tweet-nasil-yazilmaz\/\",\"name\":\"twitter nasil kullanilmaz? tweet nasil yazilmaz? - At\u0131f \u00dcnald\u0131\",\"isPartOf\":{\"@id\":\"http:\/\/atif.unaldi.org\/blog\/#website\"},\"primaryImageOfPage\":{\"@id\":\"http:\/\/atif.unaldi.org\/blog\/2011\/05\/17\/twitter-nasil-kullanilmaz-tweet-nasil-yazilmaz\/#primaryimage\"},\"image\":{\"@id\":\"http:\/\/atif.unaldi.org\/blog\/2011\/05\/17\/twitter-nasil-kullanilmaz-tweet-nasil-yazilmaz\/#primaryimage\"},\"thumbnailUrl\":\"http:\/\/atifunaldi.files.wordpress.com\/2011\/05\/tweet2.jpg?w=290\",\"datePublished\":\"2011-05-17T05:52:13+00:00\",\"breadcrumb\":{\"@id\":\"http:\/\/atif.unaldi.org\/blog\/2011\/05\/17\/twitter-nasil-kullanilmaz-tweet-nasil-yazilmaz\/#breadcrumb\"},\"inLanguage\":\"tr\",\"potentialAction\":[{\"@type\":\"ReadAction\",\"target\":[\"http:\/\/atif.unaldi.org\/blog\/2011\/05\/17\/twitter-nasil-kullanilmaz-tweet-nasil-yazilmaz\/\"]}]},{\"@type\":\"ImageObject\",\"inLanguage\":\"tr\",\"@id\":\"http:\/\/atif.unaldi.org\/blog\/2011\/05\/17\/twitter-nasil-kullanilmaz-tweet-nasil-yazilmaz\/#primaryimage\",\"url\":\"http:\/\/atifunaldi.files.wordpress.com\/2011\/05\/tweet2.jpg?w=290\",\"contentUrl\":\"http:\/\/atifunaldi.files.wordpress.com\/2011\/05\/tweet2.jpg?w=290\"},{\"@type\":\"BreadcrumbList\",\"@id\":\"http:\/\/atif.unaldi.org\/blog\/2011\/05\/17\/twitter-nasil-kullanilmaz-tweet-nasil-yazilmaz\/#breadcrumb\",\"itemListElement\":[{\"@type\":\"ListItem\",\"position\":1,\"name\":\"Anasayfa\",\"item\":\"http:\/\/atif.unaldi.org\/blog\/\"},{\"@type\":\"ListItem\",\"position\":2,\"name\":\"twitter nasil kullanilmaz? tweet nasil yazilmaz?\"}]},{\"@type\":\"WebSite\",\"@id\":\"http:\/\/atif.unaldi.org\/blog\/#website\",\"url\":\"http:\/\/atif.unaldi.org\/blog\/\",\"name\":\"At\u0131f \u00dcnald\u0131\",\"description\":\"Yazar\",\"publisher\":{\"@id\":\"http:\/\/atif.unaldi.org\/blog\/#\/schema\/person\/608ed42ecbda2bc5cfdb767ac1db479b\"},\"alternateName\":\"At\u0131f \u00dcnald\u0131 Blog\",\"potentialAction\":[{\"@type\":\"SearchAction\",\"target\":{\"@type\":\"EntryPoint\",\"urlTemplate\":\"http:\/\/atif.unaldi.org\/blog\/?s={search_term_string}\"},\"query-input\":{\"@type\":\"PropertyValueSpecification\",\"valueRequired\":true,\"valueName\":\"search_term_string\"}}],\"inLanguage\":\"tr\"},{\"@type\":[\"Person\",\"Organization\"],\"@id\":\"http:\/\/atif.unaldi.org\/blog\/#\/schema\/person\/608ed42ecbda2bc5cfdb767ac1db479b\",\"name\":\"Atif Unaldi\",\"image\":{\"@type\":\"ImageObject\",\"inLanguage\":\"tr\",\"@id\":\"http:\/\/atif.unaldi.org\/blog\/#\/schema\/person\/image\/\",\"url\":\"http:\/\/atif.unaldi.org\/blog\/wp-content\/uploads\/2022\/10\/cropped-a94e8f7a-67c4-4d65-8a5f-032ba784be53-2.jpg\",\"contentUrl\":\"http:\/\/atif.unaldi.org\/blog\/wp-content\/uploads\/2022\/10\/cropped-a94e8f7a-67c4-4d65-8a5f-032ba784be53-2.jpg\",\"width\":512,\"height\":512,\"caption\":\"Atif Unaldi\"},\"logo\":{\"@id\":\"http:\/\/atif.unaldi.org\/blog\/#\/schema\/person\/image\/\"},\"description\":\"Bo\u011fazi\u00e7i \u00dcniversitesinde Fizik B\u00f6l\u00fcm\u00fc\u2019nde e\u011fitim ald\u0131\u011f\u0131 y\u0131llarda T\u00fcrkiye\u2019de ilk kez iki bilgisayar\u0131 telefon hatlar\u0131 \u00fczerinden konu\u015fturan BBS sistemini kurarak, T\u00fcrkiye\u2019deki ilk internet a\u011f\u0131n\u0131 olu\u015fturmu\u015ftur. Bir \u00e7ok radyo ve televizyonda program yap\u0131mc\u0131l\u0131\u011f\u0131 ve sunuculu\u011funu, bir \u00e7ok teknoloji dergisinde k\u00f6\u015fe yazarl\u0131\u011f\u0131, bili\u015fim edit\u00f6rl\u00fc\u011f\u00fc ve genel yay\u0131n y\u00f6netmenli\u011fi yapt\u0131. T\u00fcrkiye\u2019deki ilk internet servis sa\u011flay\u0131c\u0131s\u0131n\u0131n genel m\u00fcd\u00fcrl\u00fc\u011f\u00fcn\u00fc \u00fcstlendi. Bir \u00e7ok organizasyon ve kurulu\u015fta internet s\u00fcperviz\u00f6rl\u00fc\u011f\u00fc , webmaster\u2019l\u0131\u011f\u0131 , IT direkt\u00f6rl\u00fc\u011f\u00fc ve dijital projeler koordinat\u00f6rl\u00fc\u011f\u00fc g\u00f6revlerinde bulundu. Farkl\u0131 \u00fcniversitelerin farkl\u0131 fak\u00fcltelerinde \u00f6\u011fretim g\u00f6revlisi olarak bulunmu\u015f olan \u00dcnald\u0131; \u015fu an teknoloji ve pazarlama konular\u0131 ba\u015fta olmak \u00fczere bir\u00e7ok alanda hizmet veren Unaldi Consultancy\u2019nin kurucusudur. \\u2028Selin \u00dcnald\u0131 ile evlidir. Su ve Toprak isminde iki \u00e7ocu\u011fu vard\u0131r.\",\"sameAs\":[\"http:\/\/atif.unaldi.org\/blog\",\"https:\/\/www.facebook.com\/atifunaldi\",\"https:\/\/www.instagram.com\/atifunaldi\/\",\"https:\/\/www.linkedin.com\/in\/atifunaldi\",\"https:\/\/x.com\/https:\/\/twitter.com\/atifunaldi\",\"https:\/\/www.youtube.com\/c\/atifunaldi\",\"https:\/\/soundcloud.com\/atif-unaldi\",\"https:\/\/atifunaldi.tumblr.com\"],\"url\":\"http:\/\/atif.unaldi.org\/blog\/author\/atifunaldi\/\"}]}<\/script>\n<!-- \/ Yoast SEO plugin. -->","yoast_head_json":{"title":"twitter nasil kullanilmaz? tweet nasil yazilmaz? - At\u0131f \u00dcnald\u0131","robots":{"index":"index","follow":"follow","max-snippet":"max-snippet:-1","max-image-preview":"max-image-preview:large","max-video-preview":"max-video-preview:-1"},"canonical":"http:\/\/atif.unaldi.org\/blog\/2011\/05\/17\/twitter-nasil-kullanilmaz-tweet-nasil-yazilmaz\/","og_locale":"tr_TR","og_type":"article","og_title":"twitter nasil kullanilmaz? tweet nasil yazilmaz? - At\u0131f \u00dcnald\u0131","og_description":"TOBB&#039;dan yap\u0131lan yaz\u0131l\u0131 a\u00e7\u0131klamada, \u015f\u00f6yle denildi:&nbsp; &ldquo;Bug\u00fcn TOBB Ba\u015fkan\u0131 M. Rifat Hisarc\u0131kl\u0131o\u011flu&#039;nun twitter hesab\u0131na d\u0131\u015far\u0131dan m\u00fcdahalede bulunularak, \u015fifresi k\u0131r\u0131larakkendi&nbsp;bilgisi d\u0131\u015f\u0131nda ger\u00e7e\u011fi yans\u0131tmayan bir tak\u0131m twittler yay\u0131nlanm\u0131\u015ft\u0131r. Bu twittlerin Say\u0131n M. Rifat Hisarc\u0131kl\u0131o\u011flu&#039;nun g\u00f6r\u00fc\u015flerini yans\u0131tmad\u0131\u011f\u0131n\u0131 kamuoyuna...","og_url":"http:\/\/atif.unaldi.org\/blog\/2011\/05\/17\/twitter-nasil-kullanilmaz-tweet-nasil-yazilmaz\/","og_site_name":"At\u0131f \u00dcnald\u0131","article_publisher":"https:\/\/www.facebook.com\/atifunaldi","article_author":"https:\/\/www.facebook.com\/atifunaldi","article_published_time":"2011-05-17T05:52:13+00:00","og_image":[{"url":"http:\/\/atifunaldi.files.wordpress.com\/2011\/05\/tweet2.jpg?w=290","type":"","width":"","height":""}],"author":"Atif Unaldi","twitter_card":"summary_large_image","twitter_creator":"@https:\/\/twitter.com\/atifunaldi","twitter_site":"@atifunaldi","twitter_misc":{"Yazan:":"Atif Unaldi","Tahmini okuma s\u00fcresi":"1 dakika"},"schema":{"@context":"https:\/\/schema.org","@graph":[{"@type":"Article","@id":"http:\/\/atif.unaldi.org\/blog\/2011\/05\/17\/twitter-nasil-kullanilmaz-tweet-nasil-yazilmaz\/#article","isPartOf":{"@id":"http:\/\/atif.unaldi.org\/blog\/2011\/05\/17\/twitter-nasil-kullanilmaz-tweet-nasil-yazilmaz\/"},"author":{"name":"Atif Unaldi","@id":"http:\/\/atif.unaldi.org\/blog\/#\/schema\/person\/608ed42ecbda2bc5cfdb767ac1db479b"},"headline":"twitter nasil kullanilmaz? tweet nasil yazilmaz?","datePublished":"2011-05-17T05:52:13+00:00","mainEntityOfPage":{"@id":"http:\/\/atif.unaldi.org\/blog\/2011\/05\/17\/twitter-nasil-kullanilmaz-tweet-nasil-yazilmaz\/"},"wordCount":244,"commentCount":0,"publisher":{"@id":"http:\/\/atif.unaldi.org\/blog\/#\/schema\/person\/608ed42ecbda2bc5cfdb767ac1db479b"},"image":{"@id":"http:\/\/atif.unaldi.org\/blog\/2011\/05\/17\/twitter-nasil-kullanilmaz-tweet-nasil-yazilmaz\/#primaryimage"},"thumbnailUrl":"http:\/\/atifunaldi.files.wordpress.com\/2011\/05\/tweet2.jpg?w=290","articleSection":["Blogum"],"inLanguage":"tr","potentialAction":[{"@type":"CommentAction","name":"Comment","target":["http:\/\/atif.unaldi.org\/blog\/2011\/05\/17\/twitter-nasil-kullanilmaz-tweet-nasil-yazilmaz\/#respond"]}]},{"@type":"WebPage","@id":"http:\/\/atif.unaldi.org\/blog\/2011\/05\/17\/twitter-nasil-kullanilmaz-tweet-nasil-yazilmaz\/","url":"http:\/\/atif.unaldi.org\/blog\/2011\/05\/17\/twitter-nasil-kullanilmaz-tweet-nasil-yazilmaz\/","name":"twitter nasil kullanilmaz? tweet nasil yazilmaz? - At\u0131f \u00dcnald\u0131","isPartOf":{"@id":"http:\/\/atif.unaldi.org\/blog\/#website"},"primaryImageOfPage":{"@id":"http:\/\/atif.unaldi.org\/blog\/2011\/05\/17\/twitter-nasil-kullanilmaz-tweet-nasil-yazilmaz\/#primaryimage"},"image":{"@id":"http:\/\/atif.unaldi.org\/blog\/2011\/05\/17\/twitter-nasil-kullanilmaz-tweet-nasil-yazilmaz\/#primaryimage"},"thumbnailUrl":"http:\/\/atifunaldi.files.wordpress.com\/2011\/05\/tweet2.jpg?w=290","datePublished":"2011-05-17T05:52:13+00:00","breadcrumb":{"@id":"http:\/\/atif.unaldi.org\/blog\/2011\/05\/17\/twitter-nasil-kullanilmaz-tweet-nasil-yazilmaz\/#breadcrumb"},"inLanguage":"tr","potentialAction":[{"@type":"ReadAction","target":["http:\/\/atif.unaldi.org\/blog\/2011\/05\/17\/twitter-nasil-kullanilmaz-tweet-nasil-yazilmaz\/"]}]},{"@type":"ImageObject","inLanguage":"tr","@id":"http:\/\/atif.unaldi.org\/blog\/2011\/05\/17\/twitter-nasil-kullanilmaz-tweet-nasil-yazilmaz\/#primaryimage","url":"http:\/\/atifunaldi.files.wordpress.com\/2011\/05\/tweet2.jpg?w=290","contentUrl":"http:\/\/atifunaldi.files.wordpress.com\/2011\/05\/tweet2.jpg?w=290"},{"@type":"BreadcrumbList","@id":"http:\/\/atif.unaldi.org\/blog\/2011\/05\/17\/twitter-nasil-kullanilmaz-tweet-nasil-yazilmaz\/#breadcrumb","itemListElement":[{"@type":"ListItem","position":1,"name":"Anasayfa","item":"http:\/\/atif.unaldi.org\/blog\/"},{"@type":"ListItem","position":2,"name":"twitter nasil kullanilmaz? tweet nasil yazilmaz?"}]},{"@type":"WebSite","@id":"http:\/\/atif.unaldi.org\/blog\/#website","url":"http:\/\/atif.unaldi.org\/blog\/","name":"At\u0131f \u00dcnald\u0131","description":"Yazar","publisher":{"@id":"http:\/\/atif.unaldi.org\/blog\/#\/schema\/person\/608ed42ecbda2bc5cfdb767ac1db479b"},"alternateName":"At\u0131f \u00dcnald\u0131 Blog","potentialAction":[{"@type":"SearchAction","target":{"@type":"EntryPoint","urlTemplate":"http:\/\/atif.unaldi.org\/blog\/?s={search_term_string}"},"query-input":{"@type":"PropertyValueSpecification","valueRequired":true,"valueName":"search_term_string"}}],"inLanguage":"tr"},{"@type":["Person","Organization"],"@id":"http:\/\/atif.unaldi.org\/blog\/#\/schema\/person\/608ed42ecbda2bc5cfdb767ac1db479b","name":"Atif Unaldi","image":{"@type":"ImageObject","inLanguage":"tr","@id":"http:\/\/atif.unaldi.org\/blog\/#\/schema\/person\/image\/","url":"http:\/\/atif.unaldi.org\/blog\/wp-content\/uploads\/2022\/10\/cropped-a94e8f7a-67c4-4d65-8a5f-032ba784be53-2.jpg","contentUrl":"http:\/\/atif.unaldi.org\/blog\/wp-content\/uploads\/2022\/10\/cropped-a94e8f7a-67c4-4d65-8a5f-032ba784be53-2.jpg","width":512,"height":512,"caption":"Atif Unaldi"},"logo":{"@id":"http:\/\/atif.unaldi.org\/blog\/#\/schema\/person\/image\/"},"description":"Bo\u011fazi\u00e7i \u00dcniversitesinde Fizik B\u00f6l\u00fcm\u00fc\u2019nde e\u011fitim ald\u0131\u011f\u0131 y\u0131llarda T\u00fcrkiye\u2019de ilk kez iki bilgisayar\u0131 telefon hatlar\u0131 \u00fczerinden konu\u015fturan BBS sistemini kurarak, T\u00fcrkiye\u2019deki ilk internet a\u011f\u0131n\u0131 olu\u015fturmu\u015ftur. Bir \u00e7ok radyo ve televizyonda program yap\u0131mc\u0131l\u0131\u011f\u0131 ve sunuculu\u011funu, bir \u00e7ok teknoloji dergisinde k\u00f6\u015fe yazarl\u0131\u011f\u0131, bili\u015fim edit\u00f6rl\u00fc\u011f\u00fc ve genel yay\u0131n y\u00f6netmenli\u011fi yapt\u0131. T\u00fcrkiye\u2019deki ilk internet servis sa\u011flay\u0131c\u0131s\u0131n\u0131n genel m\u00fcd\u00fcrl\u00fc\u011f\u00fcn\u00fc \u00fcstlendi. Bir \u00e7ok organizasyon ve kurulu\u015fta internet s\u00fcperviz\u00f6rl\u00fc\u011f\u00fc , webmaster\u2019l\u0131\u011f\u0131 , IT direkt\u00f6rl\u00fc\u011f\u00fc ve dijital projeler koordinat\u00f6rl\u00fc\u011f\u00fc g\u00f6revlerinde bulundu. Farkl\u0131 \u00fcniversitelerin farkl\u0131 fak\u00fcltelerinde \u00f6\u011fretim g\u00f6revlisi olarak bulunmu\u015f olan \u00dcnald\u0131; \u015fu an teknoloji ve pazarlama konular\u0131 ba\u015fta olmak \u00fczere bir\u00e7ok alanda hizmet veren Unaldi Consultancy\u2019nin kurucusudur. \u2028Selin \u00dcnald\u0131 ile evlidir. Su ve Toprak isminde iki \u00e7ocu\u011fu vard\u0131r.","sameAs":["http:\/\/atif.unaldi.org\/blog","https:\/\/www.facebook.com\/atifunaldi","https:\/\/www.instagram.com\/atifunaldi\/","https:\/\/www.linkedin.com\/in\/atifunaldi","https:\/\/x.com\/https:\/\/twitter.com\/atifunaldi","https:\/\/www.youtube.com\/c\/atifunaldi","https:\/\/soundcloud.com\/atif-unaldi","https:\/\/atifunaldi.tumblr.com"],"url":"http:\/\/atif.unaldi.org\/blog\/author\/atifunaldi\/"}]}},"jetpack_featured_media_url":"","_links":{"self":[{"href":"http:\/\/atif.unaldi.org\/blog\/wp-json\/wp\/v2\/posts\/1999","targetHints":{"allow":["GET"]}}],"collection":[{"href":"http:\/\/atif.unaldi.org\/blog\/wp-json\/wp\/v2\/posts"}],"about":[{"href":"http:\/\/atif.unaldi.org\/blog\/wp-json\/wp\/v2\/types\/post"}],"author":[{"embeddable":true,"href":"http:\/\/atif.unaldi.org\/blog\/wp-json\/wp\/v2\/users\/2"}],"replies":[{"embeddable":true,"href":"http:\/\/atif.unaldi.org\/blog\/wp-json\/wp\/v2\/comments?post=1999"}],"version-history":[{"count":0,"href":"http:\/\/atif.unaldi.org\/blog\/wp-json\/wp\/v2\/posts\/1999\/revisions"}],"wp:attachment":[{"href":"http:\/\/atif.unaldi.org\/blog\/wp-json\/wp\/v2\/media?parent=1999"}],"wp:term":[{"taxonomy":"category","embeddable":true,"href":"http:\/\/atif.unaldi.org\/blog\/wp-json\/wp\/v2\/categories?post=1999"},{"taxonomy":"post_tag","embeddable":true,"href":"http:\/\/atif.unaldi.org\/blog\/wp-json\/wp\/v2\/tags?post=1999"}],"curies":[{"name":"wp","href":"https:\/\/api.w.org\/{rel}","templated":true}]}}