{"id":2001,"date":"2011-05-17T15:09:41","date_gmt":"2011-05-17T15:09:41","guid":{"rendered":"http:\/\/haberler.atifunaldi.info\/2011\/05\/17\/cnn-turk-simdi-de-ipad-de"},"modified":"2011-05-17T15:09:41","modified_gmt":"2011-05-17T15:09:41","slug":"cnn-turk-simdi-de-ipad-de","status":"publish","type":"post","link":"http:\/\/atif.unaldi.org\/blog\/2011\/05\/17\/cnn-turk-simdi-de-ipad-de\/","title":{"rendered":"CNN TURK \u015e\u0130MD\u0130 DE IPAD&#8217; DE&#8230;"},"content":{"rendered":"<div class='p_embed p_image_embed'>\n<a href=\"http:\/\/atifunaldi.files.wordpress.com\/2011\/05\/cnn_turk_ipad-scaled-10001.jpg\"><img loading=\"lazy\" decoding=\"async\" alt=\"Cnn_turk_ipad\" height=\"500\" src=\"http:\/\/atifunaldi.files.wordpress.com\/2011\/05\/cnn_turk_ipad-scaled-10001.jpg?w=300\" width=\"500\" \/><\/a>\n<\/div>\n<p>CNN T\u00dcRK uygulamas\u0131, iPhone, Nokia Ovi Ma\u011faza, Samsung Bada Platformu, Android Market&#039;ten sonra \u015fimdi de iPad&#039;de&#8230;<\/p>\n<p \/>CNN T\u00dcRK, iPad i\u00e7in \u00f6zel haz\u0131rlad\u0131\u011f\u0131 yeni\u00a0nesil tasar\u0131ml\u0131\u00a0uygulamas\u0131\u00a0ile\u00a0kullan\u0131c\u0131lar\u0131n\u0131n kar\u015f\u0131s\u0131na \u00e7\u0131k\u0131yor.<\/p>\n<p \/> \u00a0<\/p>\n<p \/>CNN T\u00dcRK iPad uygulamas\u0131 ile:<\/p>\n<p \/>\u00a0<\/p>\n<p \/>\uf0b7 \u00a0Man\u015fetler ve haber kategorilerine,<\/p>\n<p \/>\uf0b7 \u00a0Video ve foto galerilere eri\u015fim sa\u011flayabilecek,<\/p>\n<p \/>\uf0b7 \u00a0Hava durumunu \u00f6\u011frenebilecek,<\/p>\n<p \/>\uf0b7 CNN T\u00dcRK canl\u0131 yay\u0131n\u0131n\u0131 istedi\u011finiz an izleyebileceksiniz.<\/p>\n<p \/> \u00a0<\/p>\n<p \/>Tek yapman\u0131z gereken <a href=\"http:\/\/www.cnnturk.com\/ipad\">www.cnnturk.com\/ipad<\/a> adresinden veya Apple Store\u2019dan CNN T\u00dcRK iPad uygulamas\u0131n\u0131 indirmek.<\/p>\n<p \/>Uygulama ve \u0130\u015f Geli\u015ftirme: CNN T\u00dcRK Kurumsal ileti\u015fim Direkt\u00f6r\u00fc Ay\u015fe Yonca Baltao\u011flu, Do\u011fan TV \u0130nteraktif Hizmetler Departman\u0131, \u0130\u015f Geli\u015ftirme Direkt\u00f6r\u00fc Feride Ba\u015fbu\u011f ve IT Direkt\u00f6r\u00fc Elif Fidan taraf\u0131ndan ger\u00e7ekle\u015ftirildi.<\/p>\n<p \/> Yaz\u0131l\u0131m ve \u0130\u00e7erik: <a href=\"http:\/\/cnnturk.com\">cnnturk.com<\/a> Yaz\u0131l\u0131m Geli\u015ftirme M\u00fcd\u00fcr\u00fc H\u00fcseyin Yurtseven ve Yaz\u0131l\u0131m Uzman\u0131 Ertu\u011frul Y\u0131ld\u0131r\u0131m taraf\u0131ndan yaz\u0131ld\u0131.<\/p>\n<p \/>\u0130\u00e7erik ise CNNTURK.com i\u00e7erikten sorumlu m\u00fcd\u00fcr G\u00f6zde Akg\u00fcng\u00f6r Pamuk ve edit\u00f6r ekibi taraf\u0131ndan haz\u0131rlanmakta.<\/p>\n<p \/> Bilgi i\u00e7in: <a href=\"http:\/\/www.cnnturk.com\/ipad\">www.cnnturk.com\/ipad<\/a><\/p>\n<p \/>AppStore: <a href=\"http:\/\/itunes.apple.com\">http:\/\/itunes.apple.com<\/a><\/p>\n","protected":false},"excerpt":{"rendered":"<p>CNN T\u00dcRK uygulamas\u0131, iPhone, Nokia Ovi Ma\u011faza, Samsung Bada Platformu, Android Market&#039;ten sonra \u015fimdi de iPad&#039;de&#8230; CNN T\u00dcRK, iPad i\u00e7in \u00f6zel haz\u0131rlad\u0131\u011f\u0131 yeni\u00a0nesil tasar\u0131ml\u0131\u00a0uygulamas\u0131\u00a0ile\u00a0kullan\u0131c\u0131lar\u0131n\u0131n kar\u015f\u0131s\u0131na \u00e7\u0131k\u0131yor. \u00a0 CNN T\u00dcRK iPad uygulamas\u0131 ile: \u00a0 \uf0b7 \u00a0Man\u015fetler&#8230;<\/p>\n","protected":false},"author":2,"featured_media":0,"comment_status":"open","ping_status":"open","sticky":false,"template":"","format":"standard","meta":{"footnotes":""},"categories":[3],"tags":[],"class_list":["post-2001","post","type-post","status-publish","format-standard","hentry","category-blogum"],"yoast_head":"<!-- This site is optimized with the Yoast SEO plugin v26.8 - https:\/\/yoast.com\/product\/yoast-seo-wordpress\/ -->\n<title>CNN TURK \u015e\u0130MD\u0130 DE IPAD&#039; DE... - At\u0131f \u00dcnald\u0131<\/title>\n<meta name=\"robots\" content=\"index, follow, max-snippet:-1, max-image-preview:large, max-video-preview:-1\" \/>\n<link rel=\"canonical\" href=\"http:\/\/atif.unaldi.org\/blog\/2011\/05\/17\/cnn-turk-simdi-de-ipad-de\/\" \/>\n<meta property=\"og:locale\" content=\"tr_TR\" \/>\n<meta property=\"og:type\" content=\"article\" \/>\n<meta property=\"og:title\" content=\"CNN TURK \u015e\u0130MD\u0130 DE IPAD&#039; DE... - At\u0131f \u00dcnald\u0131\" \/>\n<meta property=\"og:description\" content=\"CNN T\u00dcRK uygulamas\u0131, iPhone, Nokia Ovi Ma\u011faza, Samsung Bada Platformu, Android Market&#039;ten sonra \u015fimdi de iPad&#039;de&#8230; CNN T\u00dcRK, iPad i\u00e7in \u00f6zel haz\u0131rlad\u0131\u011f\u0131 yeni\u00a0nesil tasar\u0131ml\u0131\u00a0uygulamas\u0131\u00a0ile\u00a0kullan\u0131c\u0131lar\u0131n\u0131n kar\u015f\u0131s\u0131na \u00e7\u0131k\u0131yor. \u00a0 CNN T\u00dcRK iPad uygulamas\u0131 ile: \u00a0 \uf0b7 \u00a0Man\u015fetler...\" \/>\n<meta property=\"og:url\" content=\"http:\/\/atif.unaldi.org\/blog\/2011\/05\/17\/cnn-turk-simdi-de-ipad-de\/\" \/>\n<meta property=\"og:site_name\" content=\"At\u0131f \u00dcnald\u0131\" \/>\n<meta property=\"article:publisher\" content=\"https:\/\/www.facebook.com\/atifunaldi\" \/>\n<meta property=\"article:author\" content=\"https:\/\/www.facebook.com\/atifunaldi\" \/>\n<meta property=\"article:published_time\" content=\"2011-05-17T15:09:41+00:00\" \/>\n<meta property=\"og:image\" content=\"http:\/\/atifunaldi.files.wordpress.com\/2011\/05\/cnn_turk_ipad-scaled-10001.jpg?w=300\" \/>\n<meta name=\"author\" content=\"Atif Unaldi\" \/>\n<meta name=\"twitter:card\" content=\"summary_large_image\" \/>\n<meta name=\"twitter:creator\" content=\"@https:\/\/twitter.com\/atifunaldi\" \/>\n<meta name=\"twitter:site\" content=\"@atifunaldi\" \/>\n<meta name=\"twitter:label1\" content=\"Yazan:\" \/>\n\t<meta name=\"twitter:data1\" content=\"Atif Unaldi\" \/>\n\t<meta name=\"twitter:label2\" content=\"Tahmini okuma s\u00fcresi\" \/>\n\t<meta name=\"twitter:data2\" content=\"1 dakika\" \/>\n<script type=\"application\/ld+json\" class=\"yoast-schema-graph\">{\"@context\":\"https:\/\/schema.org\",\"@graph\":[{\"@type\":\"Article\",\"@id\":\"http:\/\/atif.unaldi.org\/blog\/2011\/05\/17\/cnn-turk-simdi-de-ipad-de\/#article\",\"isPartOf\":{\"@id\":\"http:\/\/atif.unaldi.org\/blog\/2011\/05\/17\/cnn-turk-simdi-de-ipad-de\/\"},\"author\":{\"name\":\"Atif Unaldi\",\"@id\":\"http:\/\/atif.unaldi.org\/blog\/#\/schema\/person\/608ed42ecbda2bc5cfdb767ac1db479b\"},\"headline\":\"CNN TURK \u015e\u0130MD\u0130 DE IPAD&#8217; DE&#8230;\",\"datePublished\":\"2011-05-17T15:09:41+00:00\",\"mainEntityOfPage\":{\"@id\":\"http:\/\/atif.unaldi.org\/blog\/2011\/05\/17\/cnn-turk-simdi-de-ipad-de\/\"},\"wordCount\":214,\"commentCount\":0,\"publisher\":{\"@id\":\"http:\/\/atif.unaldi.org\/blog\/#\/schema\/person\/608ed42ecbda2bc5cfdb767ac1db479b\"},\"image\":{\"@id\":\"http:\/\/atif.unaldi.org\/blog\/2011\/05\/17\/cnn-turk-simdi-de-ipad-de\/#primaryimage\"},\"thumbnailUrl\":\"http:\/\/atifunaldi.files.wordpress.com\/2011\/05\/cnn_turk_ipad-scaled-10001.jpg?w=300\",\"articleSection\":[\"Blogum\"],\"inLanguage\":\"tr\",\"potentialAction\":[{\"@type\":\"CommentAction\",\"name\":\"Comment\",\"target\":[\"http:\/\/atif.unaldi.org\/blog\/2011\/05\/17\/cnn-turk-simdi-de-ipad-de\/#respond\"]}]},{\"@type\":\"WebPage\",\"@id\":\"http:\/\/atif.unaldi.org\/blog\/2011\/05\/17\/cnn-turk-simdi-de-ipad-de\/\",\"url\":\"http:\/\/atif.unaldi.org\/blog\/2011\/05\/17\/cnn-turk-simdi-de-ipad-de\/\",\"name\":\"CNN TURK \u015e\u0130MD\u0130 DE IPAD' DE... - At\u0131f \u00dcnald\u0131\",\"isPartOf\":{\"@id\":\"http:\/\/atif.unaldi.org\/blog\/#website\"},\"primaryImageOfPage\":{\"@id\":\"http:\/\/atif.unaldi.org\/blog\/2011\/05\/17\/cnn-turk-simdi-de-ipad-de\/#primaryimage\"},\"image\":{\"@id\":\"http:\/\/atif.unaldi.org\/blog\/2011\/05\/17\/cnn-turk-simdi-de-ipad-de\/#primaryimage\"},\"thumbnailUrl\":\"http:\/\/atifunaldi.files.wordpress.com\/2011\/05\/cnn_turk_ipad-scaled-10001.jpg?w=300\",\"datePublished\":\"2011-05-17T15:09:41+00:00\",\"breadcrumb\":{\"@id\":\"http:\/\/atif.unaldi.org\/blog\/2011\/05\/17\/cnn-turk-simdi-de-ipad-de\/#breadcrumb\"},\"inLanguage\":\"tr\",\"potentialAction\":[{\"@type\":\"ReadAction\",\"target\":[\"http:\/\/atif.unaldi.org\/blog\/2011\/05\/17\/cnn-turk-simdi-de-ipad-de\/\"]}]},{\"@type\":\"ImageObject\",\"inLanguage\":\"tr\",\"@id\":\"http:\/\/atif.unaldi.org\/blog\/2011\/05\/17\/cnn-turk-simdi-de-ipad-de\/#primaryimage\",\"url\":\"http:\/\/atifunaldi.files.wordpress.com\/2011\/05\/cnn_turk_ipad-scaled-10001.jpg?w=300\",\"contentUrl\":\"http:\/\/atifunaldi.files.wordpress.com\/2011\/05\/cnn_turk_ipad-scaled-10001.jpg?w=300\"},{\"@type\":\"BreadcrumbList\",\"@id\":\"http:\/\/atif.unaldi.org\/blog\/2011\/05\/17\/cnn-turk-simdi-de-ipad-de\/#breadcrumb\",\"itemListElement\":[{\"@type\":\"ListItem\",\"position\":1,\"name\":\"Anasayfa\",\"item\":\"http:\/\/atif.unaldi.org\/blog\/\"},{\"@type\":\"ListItem\",\"position\":2,\"name\":\"CNN TURK \u015e\u0130MD\u0130 DE IPAD&#8217; DE&#8230;\"}]},{\"@type\":\"WebSite\",\"@id\":\"http:\/\/atif.unaldi.org\/blog\/#website\",\"url\":\"http:\/\/atif.unaldi.org\/blog\/\",\"name\":\"At\u0131f \u00dcnald\u0131\",\"description\":\"Yazar\",\"publisher\":{\"@id\":\"http:\/\/atif.unaldi.org\/blog\/#\/schema\/person\/608ed42ecbda2bc5cfdb767ac1db479b\"},\"alternateName\":\"At\u0131f \u00dcnald\u0131 Blog\",\"potentialAction\":[{\"@type\":\"SearchAction\",\"target\":{\"@type\":\"EntryPoint\",\"urlTemplate\":\"http:\/\/atif.unaldi.org\/blog\/?s={search_term_string}\"},\"query-input\":{\"@type\":\"PropertyValueSpecification\",\"valueRequired\":true,\"valueName\":\"search_term_string\"}}],\"inLanguage\":\"tr\"},{\"@type\":[\"Person\",\"Organization\"],\"@id\":\"http:\/\/atif.unaldi.org\/blog\/#\/schema\/person\/608ed42ecbda2bc5cfdb767ac1db479b\",\"name\":\"Atif Unaldi\",\"image\":{\"@type\":\"ImageObject\",\"inLanguage\":\"tr\",\"@id\":\"http:\/\/atif.unaldi.org\/blog\/#\/schema\/person\/image\/\",\"url\":\"http:\/\/atif.unaldi.org\/blog\/wp-content\/uploads\/2022\/10\/cropped-a94e8f7a-67c4-4d65-8a5f-032ba784be53-2.jpg\",\"contentUrl\":\"http:\/\/atif.unaldi.org\/blog\/wp-content\/uploads\/2022\/10\/cropped-a94e8f7a-67c4-4d65-8a5f-032ba784be53-2.jpg\",\"width\":512,\"height\":512,\"caption\":\"Atif Unaldi\"},\"logo\":{\"@id\":\"http:\/\/atif.unaldi.org\/blog\/#\/schema\/person\/image\/\"},\"description\":\"Bo\u011fazi\u00e7i \u00dcniversitesinde Fizik B\u00f6l\u00fcm\u00fc\u2019nde e\u011fitim ald\u0131\u011f\u0131 y\u0131llarda T\u00fcrkiye\u2019de ilk kez iki bilgisayar\u0131 telefon hatlar\u0131 \u00fczerinden konu\u015fturan BBS sistemini kurarak, T\u00fcrkiye\u2019deki ilk internet a\u011f\u0131n\u0131 olu\u015fturmu\u015ftur. Bir \u00e7ok radyo ve televizyonda program yap\u0131mc\u0131l\u0131\u011f\u0131 ve sunuculu\u011funu, bir \u00e7ok teknoloji dergisinde k\u00f6\u015fe yazarl\u0131\u011f\u0131, bili\u015fim edit\u00f6rl\u00fc\u011f\u00fc ve genel yay\u0131n y\u00f6netmenli\u011fi yapt\u0131. T\u00fcrkiye\u2019deki ilk internet servis sa\u011flay\u0131c\u0131s\u0131n\u0131n genel m\u00fcd\u00fcrl\u00fc\u011f\u00fcn\u00fc \u00fcstlendi. Bir \u00e7ok organizasyon ve kurulu\u015fta internet s\u00fcperviz\u00f6rl\u00fc\u011f\u00fc , webmaster\u2019l\u0131\u011f\u0131 , IT direkt\u00f6rl\u00fc\u011f\u00fc ve dijital projeler koordinat\u00f6rl\u00fc\u011f\u00fc g\u00f6revlerinde bulundu. Farkl\u0131 \u00fcniversitelerin farkl\u0131 fak\u00fcltelerinde \u00f6\u011fretim g\u00f6revlisi olarak bulunmu\u015f olan \u00dcnald\u0131; \u015fu an teknoloji ve pazarlama konular\u0131 ba\u015fta olmak \u00fczere bir\u00e7ok alanda hizmet veren Unaldi Consultancy\u2019nin kurucusudur. \\u2028Selin \u00dcnald\u0131 ile evlidir. Su ve Toprak isminde iki \u00e7ocu\u011fu vard\u0131r.\",\"sameAs\":[\"http:\/\/atif.unaldi.org\/blog\",\"https:\/\/www.facebook.com\/atifunaldi\",\"https:\/\/www.instagram.com\/atifunaldi\/\",\"https:\/\/www.linkedin.com\/in\/atifunaldi\",\"https:\/\/x.com\/https:\/\/twitter.com\/atifunaldi\",\"https:\/\/www.youtube.com\/c\/atifunaldi\",\"https:\/\/soundcloud.com\/atif-unaldi\",\"https:\/\/atifunaldi.tumblr.com\"],\"url\":\"http:\/\/atif.unaldi.org\/blog\/author\/atifunaldi\/\"}]}<\/script>\n<!-- \/ Yoast SEO plugin. -->","yoast_head_json":{"title":"CNN TURK \u015e\u0130MD\u0130 DE IPAD' DE... - At\u0131f \u00dcnald\u0131","robots":{"index":"index","follow":"follow","max-snippet":"max-snippet:-1","max-image-preview":"max-image-preview:large","max-video-preview":"max-video-preview:-1"},"canonical":"http:\/\/atif.unaldi.org\/blog\/2011\/05\/17\/cnn-turk-simdi-de-ipad-de\/","og_locale":"tr_TR","og_type":"article","og_title":"CNN TURK \u015e\u0130MD\u0130 DE IPAD' DE... - At\u0131f \u00dcnald\u0131","og_description":"CNN T\u00dcRK uygulamas\u0131, iPhone, Nokia Ovi Ma\u011faza, Samsung Bada Platformu, Android Market&#039;ten sonra \u015fimdi de iPad&#039;de&#8230; CNN T\u00dcRK, iPad i\u00e7in \u00f6zel haz\u0131rlad\u0131\u011f\u0131 yeni\u00a0nesil tasar\u0131ml\u0131\u00a0uygulamas\u0131\u00a0ile\u00a0kullan\u0131c\u0131lar\u0131n\u0131n kar\u015f\u0131s\u0131na \u00e7\u0131k\u0131yor. \u00a0 CNN T\u00dcRK iPad uygulamas\u0131 ile: \u00a0 \uf0b7 \u00a0Man\u015fetler...","og_url":"http:\/\/atif.unaldi.org\/blog\/2011\/05\/17\/cnn-turk-simdi-de-ipad-de\/","og_site_name":"At\u0131f \u00dcnald\u0131","article_publisher":"https:\/\/www.facebook.com\/atifunaldi","article_author":"https:\/\/www.facebook.com\/atifunaldi","article_published_time":"2011-05-17T15:09:41+00:00","og_image":[{"url":"http:\/\/atifunaldi.files.wordpress.com\/2011\/05\/cnn_turk_ipad-scaled-10001.jpg?w=300","type":"","width":"","height":""}],"author":"Atif Unaldi","twitter_card":"summary_large_image","twitter_creator":"@https:\/\/twitter.com\/atifunaldi","twitter_site":"@atifunaldi","twitter_misc":{"Yazan:":"Atif Unaldi","Tahmini okuma s\u00fcresi":"1 dakika"},"schema":{"@context":"https:\/\/schema.org","@graph":[{"@type":"Article","@id":"http:\/\/atif.unaldi.org\/blog\/2011\/05\/17\/cnn-turk-simdi-de-ipad-de\/#article","isPartOf":{"@id":"http:\/\/atif.unaldi.org\/blog\/2011\/05\/17\/cnn-turk-simdi-de-ipad-de\/"},"author":{"name":"Atif Unaldi","@id":"http:\/\/atif.unaldi.org\/blog\/#\/schema\/person\/608ed42ecbda2bc5cfdb767ac1db479b"},"headline":"CNN TURK \u015e\u0130MD\u0130 DE IPAD&#8217; DE&#8230;","datePublished":"2011-05-17T15:09:41+00:00","mainEntityOfPage":{"@id":"http:\/\/atif.unaldi.org\/blog\/2011\/05\/17\/cnn-turk-simdi-de-ipad-de\/"},"wordCount":214,"commentCount":0,"publisher":{"@id":"http:\/\/atif.unaldi.org\/blog\/#\/schema\/person\/608ed42ecbda2bc5cfdb767ac1db479b"},"image":{"@id":"http:\/\/atif.unaldi.org\/blog\/2011\/05\/17\/cnn-turk-simdi-de-ipad-de\/#primaryimage"},"thumbnailUrl":"http:\/\/atifunaldi.files.wordpress.com\/2011\/05\/cnn_turk_ipad-scaled-10001.jpg?w=300","articleSection":["Blogum"],"inLanguage":"tr","potentialAction":[{"@type":"CommentAction","name":"Comment","target":["http:\/\/atif.unaldi.org\/blog\/2011\/05\/17\/cnn-turk-simdi-de-ipad-de\/#respond"]}]},{"@type":"WebPage","@id":"http:\/\/atif.unaldi.org\/blog\/2011\/05\/17\/cnn-turk-simdi-de-ipad-de\/","url":"http:\/\/atif.unaldi.org\/blog\/2011\/05\/17\/cnn-turk-simdi-de-ipad-de\/","name":"CNN TURK \u015e\u0130MD\u0130 DE IPAD' DE... - At\u0131f \u00dcnald\u0131","isPartOf":{"@id":"http:\/\/atif.unaldi.org\/blog\/#website"},"primaryImageOfPage":{"@id":"http:\/\/atif.unaldi.org\/blog\/2011\/05\/17\/cnn-turk-simdi-de-ipad-de\/#primaryimage"},"image":{"@id":"http:\/\/atif.unaldi.org\/blog\/2011\/05\/17\/cnn-turk-simdi-de-ipad-de\/#primaryimage"},"thumbnailUrl":"http:\/\/atifunaldi.files.wordpress.com\/2011\/05\/cnn_turk_ipad-scaled-10001.jpg?w=300","datePublished":"2011-05-17T15:09:41+00:00","breadcrumb":{"@id":"http:\/\/atif.unaldi.org\/blog\/2011\/05\/17\/cnn-turk-simdi-de-ipad-de\/#breadcrumb"},"inLanguage":"tr","potentialAction":[{"@type":"ReadAction","target":["http:\/\/atif.unaldi.org\/blog\/2011\/05\/17\/cnn-turk-simdi-de-ipad-de\/"]}]},{"@type":"ImageObject","inLanguage":"tr","@id":"http:\/\/atif.unaldi.org\/blog\/2011\/05\/17\/cnn-turk-simdi-de-ipad-de\/#primaryimage","url":"http:\/\/atifunaldi.files.wordpress.com\/2011\/05\/cnn_turk_ipad-scaled-10001.jpg?w=300","contentUrl":"http:\/\/atifunaldi.files.wordpress.com\/2011\/05\/cnn_turk_ipad-scaled-10001.jpg?w=300"},{"@type":"BreadcrumbList","@id":"http:\/\/atif.unaldi.org\/blog\/2011\/05\/17\/cnn-turk-simdi-de-ipad-de\/#breadcrumb","itemListElement":[{"@type":"ListItem","position":1,"name":"Anasayfa","item":"http:\/\/atif.unaldi.org\/blog\/"},{"@type":"ListItem","position":2,"name":"CNN TURK \u015e\u0130MD\u0130 DE IPAD&#8217; DE&#8230;"}]},{"@type":"WebSite","@id":"http:\/\/atif.unaldi.org\/blog\/#website","url":"http:\/\/atif.unaldi.org\/blog\/","name":"At\u0131f \u00dcnald\u0131","description":"Yazar","publisher":{"@id":"http:\/\/atif.unaldi.org\/blog\/#\/schema\/person\/608ed42ecbda2bc5cfdb767ac1db479b"},"alternateName":"At\u0131f \u00dcnald\u0131 Blog","potentialAction":[{"@type":"SearchAction","target":{"@type":"EntryPoint","urlTemplate":"http:\/\/atif.unaldi.org\/blog\/?s={search_term_string}"},"query-input":{"@type":"PropertyValueSpecification","valueRequired":true,"valueName":"search_term_string"}}],"inLanguage":"tr"},{"@type":["Person","Organization"],"@id":"http:\/\/atif.unaldi.org\/blog\/#\/schema\/person\/608ed42ecbda2bc5cfdb767ac1db479b","name":"Atif Unaldi","image":{"@type":"ImageObject","inLanguage":"tr","@id":"http:\/\/atif.unaldi.org\/blog\/#\/schema\/person\/image\/","url":"http:\/\/atif.unaldi.org\/blog\/wp-content\/uploads\/2022\/10\/cropped-a94e8f7a-67c4-4d65-8a5f-032ba784be53-2.jpg","contentUrl":"http:\/\/atif.unaldi.org\/blog\/wp-content\/uploads\/2022\/10\/cropped-a94e8f7a-67c4-4d65-8a5f-032ba784be53-2.jpg","width":512,"height":512,"caption":"Atif Unaldi"},"logo":{"@id":"http:\/\/atif.unaldi.org\/blog\/#\/schema\/person\/image\/"},"description":"Bo\u011fazi\u00e7i \u00dcniversitesinde Fizik B\u00f6l\u00fcm\u00fc\u2019nde e\u011fitim ald\u0131\u011f\u0131 y\u0131llarda T\u00fcrkiye\u2019de ilk kez iki bilgisayar\u0131 telefon hatlar\u0131 \u00fczerinden konu\u015fturan BBS sistemini kurarak, T\u00fcrkiye\u2019deki ilk internet a\u011f\u0131n\u0131 olu\u015fturmu\u015ftur. Bir \u00e7ok radyo ve televizyonda program yap\u0131mc\u0131l\u0131\u011f\u0131 ve sunuculu\u011funu, bir \u00e7ok teknoloji dergisinde k\u00f6\u015fe yazarl\u0131\u011f\u0131, bili\u015fim edit\u00f6rl\u00fc\u011f\u00fc ve genel yay\u0131n y\u00f6netmenli\u011fi yapt\u0131. T\u00fcrkiye\u2019deki ilk internet servis sa\u011flay\u0131c\u0131s\u0131n\u0131n genel m\u00fcd\u00fcrl\u00fc\u011f\u00fcn\u00fc \u00fcstlendi. Bir \u00e7ok organizasyon ve kurulu\u015fta internet s\u00fcperviz\u00f6rl\u00fc\u011f\u00fc , webmaster\u2019l\u0131\u011f\u0131 , IT direkt\u00f6rl\u00fc\u011f\u00fc ve dijital projeler koordinat\u00f6rl\u00fc\u011f\u00fc g\u00f6revlerinde bulundu. Farkl\u0131 \u00fcniversitelerin farkl\u0131 fak\u00fcltelerinde \u00f6\u011fretim g\u00f6revlisi olarak bulunmu\u015f olan \u00dcnald\u0131; \u015fu an teknoloji ve pazarlama konular\u0131 ba\u015fta olmak \u00fczere bir\u00e7ok alanda hizmet veren Unaldi Consultancy\u2019nin kurucusudur. \u2028Selin \u00dcnald\u0131 ile evlidir. Su ve Toprak isminde iki \u00e7ocu\u011fu vard\u0131r.","sameAs":["http:\/\/atif.unaldi.org\/blog","https:\/\/www.facebook.com\/atifunaldi","https:\/\/www.instagram.com\/atifunaldi\/","https:\/\/www.linkedin.com\/in\/atifunaldi","https:\/\/x.com\/https:\/\/twitter.com\/atifunaldi","https:\/\/www.youtube.com\/c\/atifunaldi","https:\/\/soundcloud.com\/atif-unaldi","https:\/\/atifunaldi.tumblr.com"],"url":"http:\/\/atif.unaldi.org\/blog\/author\/atifunaldi\/"}]}},"jetpack_featured_media_url":"","_links":{"self":[{"href":"http:\/\/atif.unaldi.org\/blog\/wp-json\/wp\/v2\/posts\/2001","targetHints":{"allow":["GET"]}}],"collection":[{"href":"http:\/\/atif.unaldi.org\/blog\/wp-json\/wp\/v2\/posts"}],"about":[{"href":"http:\/\/atif.unaldi.org\/blog\/wp-json\/wp\/v2\/types\/post"}],"author":[{"embeddable":true,"href":"http:\/\/atif.unaldi.org\/blog\/wp-json\/wp\/v2\/users\/2"}],"replies":[{"embeddable":true,"href":"http:\/\/atif.unaldi.org\/blog\/wp-json\/wp\/v2\/comments?post=2001"}],"version-history":[{"count":0,"href":"http:\/\/atif.unaldi.org\/blog\/wp-json\/wp\/v2\/posts\/2001\/revisions"}],"wp:attachment":[{"href":"http:\/\/atif.unaldi.org\/blog\/wp-json\/wp\/v2\/media?parent=2001"}],"wp:term":[{"taxonomy":"category","embeddable":true,"href":"http:\/\/atif.unaldi.org\/blog\/wp-json\/wp\/v2\/categories?post=2001"},{"taxonomy":"post_tag","embeddable":true,"href":"http:\/\/atif.unaldi.org\/blog\/wp-json\/wp\/v2\/tags?post=2001"}],"curies":[{"name":"wp","href":"https:\/\/api.w.org\/{rel}","templated":true}]}}