{"id":25,"date":"2008-07-01T09:14:53","date_gmt":"2008-07-01T09:14:53","guid":{"rendered":"http:\/\/atifunaldi.wordpress.com\/?p=25"},"modified":"2008-07-01T09:14:53","modified_gmt":"2008-07-01T09:14:53","slug":"the-windows-problem","status":"publish","type":"post","link":"http:\/\/atif.unaldi.org\/blog\/2008\/07\/01\/the-windows-problem\/","title":{"rendered":"The WINDOWS problem!!!"},"content":{"rendered":"<p>Microsoft the leader marketeer of operating systems is loosing it&#8217;s strength in Global Village. New operating systems which are very good when comparing to  its technology.  But the operating systems war doesnt finished yet. And I think the winner will be the one  entegrate itself to a processing nit. Simply CPU.<\/p>\n<p><!--more--><\/p>\n<p>MICROSOFT Windows has put on a lot of weight over the years.<\/p>\n<p>Beginning as a thin veneer for older software code, it has become an obese monolith built on an ancient frame. Adding features, plugging security holes, fixing bugs, fixing the fixes that never worked properly, all while maintaining compatibility with older software and hardware \u2014 is there anything Windows doesn\u2019t try to do?<\/p>\n<p>Painfully visible are the inherent design deficiencies of a foundation that was never intended to support such weight. Windows seems to move an inch for every time that Mac OS X or Linux laps it.<\/p>\n<p>The best solution to the multiple woes of Windows is starting over. Completely. Now.<\/p>\n<p>Vista is the equivalent, at a minimum, of Windows version 12 \u2014 preceded by 1.0, 2.0, 3.0, 3.1, NT, 95, NT 4.0, 98, 2000, ME, XP. After six years of development, the longest interval between versions in the previous 22-year history of Windows, and long enough to permit Apple to bring out three new versions of Mac OS X, Vista was introduced to consumers in January 2007.<\/p>\n<p>When I.T. professionals and consumers got a look at Vista, they all had this same question for Microsoft: That\u2019s it?<\/p>\n<p>Just after Vista\u2019s birth, Kevin Kutz, a manager at Microsoft, issued a cranky statement in February 2007, \u201cIn Response to Speculation on Next Version of Windows,\u201d announcing that the company could not say anything about post-Vista Windows \u201cother than that we\u2019re working on it.\u201d<\/p>\n<p>The internal code name for the next version is \u201cWindows 7.\u201d The \u201c7\u201d refers to nothing in particular, a company spokeswoman says. This version is supposed to arrive in or around early 2010.<\/p>\n<p>Will it be a top-to-bottom rewrite? Last week, Bill Veghte, a Microsoft senior vice president, sent a letter to customers reassuring them there would be minimal changes to Windows\u2019 essential code. \u201cOur approach with Windows 7,\u201d he wrote, \u201cis to build off the same core architecture as Windows Vista so the investments you and our partners have made in Windows Vista will continue to pay off with Windows 7.\u201d<\/p>\n<p>But sticking with that same core architecture is the problem, not the solution. In April, Michael A. Silver and Neil MacDonald, analysts at Gartner, the research firm, presented a talk titled \u201cWindows Is Collapsing.\u201d Their argument isn\u2019t that Windows will cease to function but that the accumulated complexity, as Microsoft tries to support 20 years of legacies, prevents timely delivery of advances. \u201cThe situation is untenable,\u201d their joint presentation says. \u201cWindows must change radically.\u201d<\/p>\n<p>Some software engineers within Microsoft seem to be in full agreement, talking in public of work that began in 2003 to design a new operating system from scratch. They believe that problems like security vulnerabilities and system crashes can be fixed only by abandoning system design orthodoxy, formed in the 1960s and \u201970s, that was built into Windows.<\/p>\n<p>Unfortunately, this willingness to begin with an entirely new foundation is not located within the Windows group but in Microsoft\u2019s research arm, where scientists and their heretical thoughts are safely isolated. Last April, Microsoft publicly unveiled the five-year-old research project, called \u201cSingularity.\u201d It is nothing more than a neat academic exercise, not a glimpse of Windows 7.<\/p>\n<p>\u201cSingularity is not the next Windows,\u201d said Rich Rashid, the company\u2019s senior vice president overseeing research. \u201cThink of it like a concept car.\u201d<\/p>\n<p>If Microsoft thinks it is too late to actually use Singularity or something like it, the company should take heart from Apple\u2019s willingness to brave the wrath of its users when, in 2001, it introduced Mac OS X. It was based on a modern microkernel design, which runs a very small set of essential services that make the system less vulnerable to crashes. But the change forced Mac users to buy new versions of all their existing Mac applications if they were to run speedily on the new system. It has paid off in countless ways, though, including some that could never have been anticipated at the time: just pick up an iPhone, built with the same code base.<\/p>\n<p>Apple did not have to build a microkernel from scratch. It relied on more than a decade of development work performed by engineers at Next Computer, Steve Jobs\u2019s start-up of the late 1980s and early \u201990s. The engineers at Next, in turn, drew upon microkernel research by computer scientists at Carnegie-Mellon University.<\/p>\n<p>In some crucial ways, however, Microsoft would enjoy advantages in developing its own \u201cWindows OS X,\u201d as we might call it, that Apple did not: the power of today\u2019s quad-core machines and sophisticated virtualization software would allow older software applications and hardware peripherals to be used indefinitely with little or no performance penalty, making a clean start far easier for customers to accept.<\/p>\n<p>A MONOLITHIC operating system like Windows perpetuates an obsolete design. We don\u2019t need to load up our machines with bloated layers we won\u2019t use. We need what Mr. Silver and Mr. MacDonald speak of as a \u201cjust enough\u201d operating system. Additional functionality, appropriate to a given task, can be loaded as needed.<\/p>\n<p>Microsoft should not wait to begin work on the big switch; it will take many, many years to prepare. Apple had the helpful goad of desperation. Avadis Tevanian, who worked on microkernel research as a Ph.D. student at Carnegie-Mellon, then on the Next operating system, followed by nine years at Apple where he oversaw the transition to Mac OS X, recalled how the decision was made when Apple\u2019s market share was stuck at 3 percent and the company was losing money. I asked Mr. Tevanian if he thought Microsoft could pull off a similar switch.<\/p>\n<p>\u201cPerhaps, but I don\u2019t know if it has the intestinal fortitude,\u201d he said, \u201cAt Apple, we had to. It was a matter of survival.\u201d<\/p>\n<p>Microsoft should move its researchers into the heart of its systems development team. Windows OS X, a just-enough operating system built from scratch, is a product likely to be crucial to its future, too.<\/p>\n<p>Randall Stross is an author based in Silicon Valley and a professor of business at San Jose State University. E-mail: stross@nytimes.com.<\/p>\n","protected":false},"excerpt":{"rendered":"<p>Microsoft the leader marketeer of operating systems is loosing it&#8217;s strength in Global Village. New operating systems which are very good when comparing to its technology. But the operating systems war doesnt finished yet. And&#8230;<\/p>\n","protected":false},"author":2,"featured_media":0,"comment_status":"open","ping_status":"open","sticky":false,"template":"","format":"standard","meta":{"footnotes":""},"categories":[3],"tags":[721,856,1021,1027,1456],"class_list":["post-25","post","type-post","status-publish","format-standard","hentry","category-blogum","tag-intel","tag-linux","tag-operating-system","tag-os-x","tag-windows"],"yoast_head":"<!-- This site is optimized with the Yoast SEO plugin v26.8 - https:\/\/yoast.com\/product\/yoast-seo-wordpress\/ -->\n<title>The WINDOWS problem!!! - At\u0131f \u00dcnald\u0131<\/title>\n<meta name=\"robots\" content=\"index, follow, max-snippet:-1, max-image-preview:large, max-video-preview:-1\" \/>\n<link rel=\"canonical\" href=\"http:\/\/atif.unaldi.org\/blog\/2008\/07\/01\/the-windows-problem\/\" \/>\n<meta property=\"og:locale\" content=\"tr_TR\" \/>\n<meta property=\"og:type\" content=\"article\" \/>\n<meta property=\"og:title\" content=\"The WINDOWS problem!!! - At\u0131f \u00dcnald\u0131\" \/>\n<meta property=\"og:description\" content=\"Microsoft the leader marketeer of operating systems is loosing it&#8217;s strength in Global Village. New operating systems which are very good when comparing to its technology. But the operating systems war doesnt finished yet. And...\" \/>\n<meta property=\"og:url\" content=\"http:\/\/atif.unaldi.org\/blog\/2008\/07\/01\/the-windows-problem\/\" \/>\n<meta property=\"og:site_name\" content=\"At\u0131f \u00dcnald\u0131\" \/>\n<meta property=\"article:publisher\" content=\"https:\/\/www.facebook.com\/atifunaldi\" \/>\n<meta property=\"article:author\" content=\"https:\/\/www.facebook.com\/atifunaldi\" \/>\n<meta property=\"article:published_time\" content=\"2008-07-01T09:14:53+00:00\" \/>\n<meta name=\"author\" content=\"Atif Unaldi\" \/>\n<meta name=\"twitter:card\" content=\"summary_large_image\" \/>\n<meta name=\"twitter:creator\" content=\"@https:\/\/twitter.com\/atifunaldi\" \/>\n<meta name=\"twitter:site\" content=\"@atifunaldi\" \/>\n<meta name=\"twitter:label1\" content=\"Yazan:\" \/>\n\t<meta name=\"twitter:data1\" content=\"Atif Unaldi\" \/>\n\t<meta name=\"twitter:label2\" content=\"Tahmini okuma s\u00fcresi\" \/>\n\t<meta name=\"twitter:data2\" content=\"5 dakika\" \/>\n<script type=\"application\/ld+json\" class=\"yoast-schema-graph\">{\"@context\":\"https:\/\/schema.org\",\"@graph\":[{\"@type\":\"Article\",\"@id\":\"http:\/\/atif.unaldi.org\/blog\/2008\/07\/01\/the-windows-problem\/#article\",\"isPartOf\":{\"@id\":\"http:\/\/atif.unaldi.org\/blog\/2008\/07\/01\/the-windows-problem\/\"},\"author\":{\"name\":\"Atif Unaldi\",\"@id\":\"http:\/\/atif.unaldi.org\/blog\/#\/schema\/person\/608ed42ecbda2bc5cfdb767ac1db479b\"},\"headline\":\"The WINDOWS problem!!!\",\"datePublished\":\"2008-07-01T09:14:53+00:00\",\"mainEntityOfPage\":{\"@id\":\"http:\/\/atif.unaldi.org\/blog\/2008\/07\/01\/the-windows-problem\/\"},\"wordCount\":1067,\"commentCount\":0,\"publisher\":{\"@id\":\"http:\/\/atif.unaldi.org\/blog\/#\/schema\/person\/608ed42ecbda2bc5cfdb767ac1db479b\"},\"keywords\":[\"intel\",\"linux\",\"operating system\",\"os x\",\"windows\"],\"articleSection\":[\"Blogum\"],\"inLanguage\":\"tr\",\"potentialAction\":[{\"@type\":\"CommentAction\",\"name\":\"Comment\",\"target\":[\"http:\/\/atif.unaldi.org\/blog\/2008\/07\/01\/the-windows-problem\/#respond\"]}]},{\"@type\":\"WebPage\",\"@id\":\"http:\/\/atif.unaldi.org\/blog\/2008\/07\/01\/the-windows-problem\/\",\"url\":\"http:\/\/atif.unaldi.org\/blog\/2008\/07\/01\/the-windows-problem\/\",\"name\":\"The WINDOWS problem!!! - At\u0131f \u00dcnald\u0131\",\"isPartOf\":{\"@id\":\"http:\/\/atif.unaldi.org\/blog\/#website\"},\"datePublished\":\"2008-07-01T09:14:53+00:00\",\"breadcrumb\":{\"@id\":\"http:\/\/atif.unaldi.org\/blog\/2008\/07\/01\/the-windows-problem\/#breadcrumb\"},\"inLanguage\":\"tr\",\"potentialAction\":[{\"@type\":\"ReadAction\",\"target\":[\"http:\/\/atif.unaldi.org\/blog\/2008\/07\/01\/the-windows-problem\/\"]}]},{\"@type\":\"BreadcrumbList\",\"@id\":\"http:\/\/atif.unaldi.org\/blog\/2008\/07\/01\/the-windows-problem\/#breadcrumb\",\"itemListElement\":[{\"@type\":\"ListItem\",\"position\":1,\"name\":\"Anasayfa\",\"item\":\"http:\/\/atif.unaldi.org\/blog\/\"},{\"@type\":\"ListItem\",\"position\":2,\"name\":\"The WINDOWS problem!!!\"}]},{\"@type\":\"WebSite\",\"@id\":\"http:\/\/atif.unaldi.org\/blog\/#website\",\"url\":\"http:\/\/atif.unaldi.org\/blog\/\",\"name\":\"At\u0131f \u00dcnald\u0131\",\"description\":\"Yazar\",\"publisher\":{\"@id\":\"http:\/\/atif.unaldi.org\/blog\/#\/schema\/person\/608ed42ecbda2bc5cfdb767ac1db479b\"},\"alternateName\":\"At\u0131f \u00dcnald\u0131 Blog\",\"potentialAction\":[{\"@type\":\"SearchAction\",\"target\":{\"@type\":\"EntryPoint\",\"urlTemplate\":\"http:\/\/atif.unaldi.org\/blog\/?s={search_term_string}\"},\"query-input\":{\"@type\":\"PropertyValueSpecification\",\"valueRequired\":true,\"valueName\":\"search_term_string\"}}],\"inLanguage\":\"tr\"},{\"@type\":[\"Person\",\"Organization\"],\"@id\":\"http:\/\/atif.unaldi.org\/blog\/#\/schema\/person\/608ed42ecbda2bc5cfdb767ac1db479b\",\"name\":\"Atif Unaldi\",\"image\":{\"@type\":\"ImageObject\",\"inLanguage\":\"tr\",\"@id\":\"http:\/\/atif.unaldi.org\/blog\/#\/schema\/person\/image\/\",\"url\":\"http:\/\/atif.unaldi.org\/blog\/wp-content\/uploads\/2022\/10\/cropped-a94e8f7a-67c4-4d65-8a5f-032ba784be53-2.jpg\",\"contentUrl\":\"http:\/\/atif.unaldi.org\/blog\/wp-content\/uploads\/2022\/10\/cropped-a94e8f7a-67c4-4d65-8a5f-032ba784be53-2.jpg\",\"width\":512,\"height\":512,\"caption\":\"Atif Unaldi\"},\"logo\":{\"@id\":\"http:\/\/atif.unaldi.org\/blog\/#\/schema\/person\/image\/\"},\"description\":\"Bo\u011fazi\u00e7i \u00dcniversitesinde Fizik B\u00f6l\u00fcm\u00fc\u2019nde e\u011fitim ald\u0131\u011f\u0131 y\u0131llarda T\u00fcrkiye\u2019de ilk kez iki bilgisayar\u0131 telefon hatlar\u0131 \u00fczerinden konu\u015fturan BBS sistemini kurarak, T\u00fcrkiye\u2019deki ilk internet a\u011f\u0131n\u0131 olu\u015fturmu\u015ftur. Bir \u00e7ok radyo ve televizyonda program yap\u0131mc\u0131l\u0131\u011f\u0131 ve sunuculu\u011funu, bir \u00e7ok teknoloji dergisinde k\u00f6\u015fe yazarl\u0131\u011f\u0131, bili\u015fim edit\u00f6rl\u00fc\u011f\u00fc ve genel yay\u0131n y\u00f6netmenli\u011fi yapt\u0131. T\u00fcrkiye\u2019deki ilk internet servis sa\u011flay\u0131c\u0131s\u0131n\u0131n genel m\u00fcd\u00fcrl\u00fc\u011f\u00fcn\u00fc \u00fcstlendi. Bir \u00e7ok organizasyon ve kurulu\u015fta internet s\u00fcperviz\u00f6rl\u00fc\u011f\u00fc , webmaster\u2019l\u0131\u011f\u0131 , IT direkt\u00f6rl\u00fc\u011f\u00fc ve dijital projeler koordinat\u00f6rl\u00fc\u011f\u00fc g\u00f6revlerinde bulundu. Farkl\u0131 \u00fcniversitelerin farkl\u0131 fak\u00fcltelerinde \u00f6\u011fretim g\u00f6revlisi olarak bulunmu\u015f olan \u00dcnald\u0131; \u015fu an teknoloji ve pazarlama konular\u0131 ba\u015fta olmak \u00fczere bir\u00e7ok alanda hizmet veren Unaldi Consultancy\u2019nin kurucusudur. \\u2028Selin \u00dcnald\u0131 ile evlidir. Su ve Toprak isminde iki \u00e7ocu\u011fu vard\u0131r.\",\"sameAs\":[\"http:\/\/atif.unaldi.org\/blog\",\"https:\/\/www.facebook.com\/atifunaldi\",\"https:\/\/www.instagram.com\/atifunaldi\/\",\"https:\/\/www.linkedin.com\/in\/atifunaldi\",\"https:\/\/x.com\/https:\/\/twitter.com\/atifunaldi\",\"https:\/\/www.youtube.com\/c\/atifunaldi\",\"https:\/\/soundcloud.com\/atif-unaldi\",\"https:\/\/atifunaldi.tumblr.com\"],\"url\":\"http:\/\/atif.unaldi.org\/blog\/author\/atifunaldi\/\"}]}<\/script>\n<!-- \/ Yoast SEO plugin. -->","yoast_head_json":{"title":"The WINDOWS problem!!! - At\u0131f \u00dcnald\u0131","robots":{"index":"index","follow":"follow","max-snippet":"max-snippet:-1","max-image-preview":"max-image-preview:large","max-video-preview":"max-video-preview:-1"},"canonical":"http:\/\/atif.unaldi.org\/blog\/2008\/07\/01\/the-windows-problem\/","og_locale":"tr_TR","og_type":"article","og_title":"The WINDOWS problem!!! - At\u0131f \u00dcnald\u0131","og_description":"Microsoft the leader marketeer of operating systems is loosing it&#8217;s strength in Global Village. New operating systems which are very good when comparing to its technology. But the operating systems war doesnt finished yet. And...","og_url":"http:\/\/atif.unaldi.org\/blog\/2008\/07\/01\/the-windows-problem\/","og_site_name":"At\u0131f \u00dcnald\u0131","article_publisher":"https:\/\/www.facebook.com\/atifunaldi","article_author":"https:\/\/www.facebook.com\/atifunaldi","article_published_time":"2008-07-01T09:14:53+00:00","author":"Atif Unaldi","twitter_card":"summary_large_image","twitter_creator":"@https:\/\/twitter.com\/atifunaldi","twitter_site":"@atifunaldi","twitter_misc":{"Yazan:":"Atif Unaldi","Tahmini okuma s\u00fcresi":"5 dakika"},"schema":{"@context":"https:\/\/schema.org","@graph":[{"@type":"Article","@id":"http:\/\/atif.unaldi.org\/blog\/2008\/07\/01\/the-windows-problem\/#article","isPartOf":{"@id":"http:\/\/atif.unaldi.org\/blog\/2008\/07\/01\/the-windows-problem\/"},"author":{"name":"Atif Unaldi","@id":"http:\/\/atif.unaldi.org\/blog\/#\/schema\/person\/608ed42ecbda2bc5cfdb767ac1db479b"},"headline":"The WINDOWS problem!!!","datePublished":"2008-07-01T09:14:53+00:00","mainEntityOfPage":{"@id":"http:\/\/atif.unaldi.org\/blog\/2008\/07\/01\/the-windows-problem\/"},"wordCount":1067,"commentCount":0,"publisher":{"@id":"http:\/\/atif.unaldi.org\/blog\/#\/schema\/person\/608ed42ecbda2bc5cfdb767ac1db479b"},"keywords":["intel","linux","operating system","os x","windows"],"articleSection":["Blogum"],"inLanguage":"tr","potentialAction":[{"@type":"CommentAction","name":"Comment","target":["http:\/\/atif.unaldi.org\/blog\/2008\/07\/01\/the-windows-problem\/#respond"]}]},{"@type":"WebPage","@id":"http:\/\/atif.unaldi.org\/blog\/2008\/07\/01\/the-windows-problem\/","url":"http:\/\/atif.unaldi.org\/blog\/2008\/07\/01\/the-windows-problem\/","name":"The WINDOWS problem!!! - At\u0131f \u00dcnald\u0131","isPartOf":{"@id":"http:\/\/atif.unaldi.org\/blog\/#website"},"datePublished":"2008-07-01T09:14:53+00:00","breadcrumb":{"@id":"http:\/\/atif.unaldi.org\/blog\/2008\/07\/01\/the-windows-problem\/#breadcrumb"},"inLanguage":"tr","potentialAction":[{"@type":"ReadAction","target":["http:\/\/atif.unaldi.org\/blog\/2008\/07\/01\/the-windows-problem\/"]}]},{"@type":"BreadcrumbList","@id":"http:\/\/atif.unaldi.org\/blog\/2008\/07\/01\/the-windows-problem\/#breadcrumb","itemListElement":[{"@type":"ListItem","position":1,"name":"Anasayfa","item":"http:\/\/atif.unaldi.org\/blog\/"},{"@type":"ListItem","position":2,"name":"The WINDOWS problem!!!"}]},{"@type":"WebSite","@id":"http:\/\/atif.unaldi.org\/blog\/#website","url":"http:\/\/atif.unaldi.org\/blog\/","name":"At\u0131f \u00dcnald\u0131","description":"Yazar","publisher":{"@id":"http:\/\/atif.unaldi.org\/blog\/#\/schema\/person\/608ed42ecbda2bc5cfdb767ac1db479b"},"alternateName":"At\u0131f \u00dcnald\u0131 Blog","potentialAction":[{"@type":"SearchAction","target":{"@type":"EntryPoint","urlTemplate":"http:\/\/atif.unaldi.org\/blog\/?s={search_term_string}"},"query-input":{"@type":"PropertyValueSpecification","valueRequired":true,"valueName":"search_term_string"}}],"inLanguage":"tr"},{"@type":["Person","Organization"],"@id":"http:\/\/atif.unaldi.org\/blog\/#\/schema\/person\/608ed42ecbda2bc5cfdb767ac1db479b","name":"Atif Unaldi","image":{"@type":"ImageObject","inLanguage":"tr","@id":"http:\/\/atif.unaldi.org\/blog\/#\/schema\/person\/image\/","url":"http:\/\/atif.unaldi.org\/blog\/wp-content\/uploads\/2022\/10\/cropped-a94e8f7a-67c4-4d65-8a5f-032ba784be53-2.jpg","contentUrl":"http:\/\/atif.unaldi.org\/blog\/wp-content\/uploads\/2022\/10\/cropped-a94e8f7a-67c4-4d65-8a5f-032ba784be53-2.jpg","width":512,"height":512,"caption":"Atif Unaldi"},"logo":{"@id":"http:\/\/atif.unaldi.org\/blog\/#\/schema\/person\/image\/"},"description":"Bo\u011fazi\u00e7i \u00dcniversitesinde Fizik B\u00f6l\u00fcm\u00fc\u2019nde e\u011fitim ald\u0131\u011f\u0131 y\u0131llarda T\u00fcrkiye\u2019de ilk kez iki bilgisayar\u0131 telefon hatlar\u0131 \u00fczerinden konu\u015fturan BBS sistemini kurarak, T\u00fcrkiye\u2019deki ilk internet a\u011f\u0131n\u0131 olu\u015fturmu\u015ftur. Bir \u00e7ok radyo ve televizyonda program yap\u0131mc\u0131l\u0131\u011f\u0131 ve sunuculu\u011funu, bir \u00e7ok teknoloji dergisinde k\u00f6\u015fe yazarl\u0131\u011f\u0131, bili\u015fim edit\u00f6rl\u00fc\u011f\u00fc ve genel yay\u0131n y\u00f6netmenli\u011fi yapt\u0131. T\u00fcrkiye\u2019deki ilk internet servis sa\u011flay\u0131c\u0131s\u0131n\u0131n genel m\u00fcd\u00fcrl\u00fc\u011f\u00fcn\u00fc \u00fcstlendi. Bir \u00e7ok organizasyon ve kurulu\u015fta internet s\u00fcperviz\u00f6rl\u00fc\u011f\u00fc , webmaster\u2019l\u0131\u011f\u0131 , IT direkt\u00f6rl\u00fc\u011f\u00fc ve dijital projeler koordinat\u00f6rl\u00fc\u011f\u00fc g\u00f6revlerinde bulundu. Farkl\u0131 \u00fcniversitelerin farkl\u0131 fak\u00fcltelerinde \u00f6\u011fretim g\u00f6revlisi olarak bulunmu\u015f olan \u00dcnald\u0131; \u015fu an teknoloji ve pazarlama konular\u0131 ba\u015fta olmak \u00fczere bir\u00e7ok alanda hizmet veren Unaldi Consultancy\u2019nin kurucusudur. \u2028Selin \u00dcnald\u0131 ile evlidir. Su ve Toprak isminde iki \u00e7ocu\u011fu vard\u0131r.","sameAs":["http:\/\/atif.unaldi.org\/blog","https:\/\/www.facebook.com\/atifunaldi","https:\/\/www.instagram.com\/atifunaldi\/","https:\/\/www.linkedin.com\/in\/atifunaldi","https:\/\/x.com\/https:\/\/twitter.com\/atifunaldi","https:\/\/www.youtube.com\/c\/atifunaldi","https:\/\/soundcloud.com\/atif-unaldi","https:\/\/atifunaldi.tumblr.com"],"url":"http:\/\/atif.unaldi.org\/blog\/author\/atifunaldi\/"}]}},"jetpack_featured_media_url":"","_links":{"self":[{"href":"http:\/\/atif.unaldi.org\/blog\/wp-json\/wp\/v2\/posts\/25","targetHints":{"allow":["GET"]}}],"collection":[{"href":"http:\/\/atif.unaldi.org\/blog\/wp-json\/wp\/v2\/posts"}],"about":[{"href":"http:\/\/atif.unaldi.org\/blog\/wp-json\/wp\/v2\/types\/post"}],"author":[{"embeddable":true,"href":"http:\/\/atif.unaldi.org\/blog\/wp-json\/wp\/v2\/users\/2"}],"replies":[{"embeddable":true,"href":"http:\/\/atif.unaldi.org\/blog\/wp-json\/wp\/v2\/comments?post=25"}],"version-history":[{"count":0,"href":"http:\/\/atif.unaldi.org\/blog\/wp-json\/wp\/v2\/posts\/25\/revisions"}],"wp:attachment":[{"href":"http:\/\/atif.unaldi.org\/blog\/wp-json\/wp\/v2\/media?parent=25"}],"wp:term":[{"taxonomy":"category","embeddable":true,"href":"http:\/\/atif.unaldi.org\/blog\/wp-json\/wp\/v2\/categories?post=25"},{"taxonomy":"post_tag","embeddable":true,"href":"http:\/\/atif.unaldi.org\/blog\/wp-json\/wp\/v2\/tags?post=25"}],"curies":[{"name":"wp","href":"https:\/\/api.w.org\/{rel}","templated":true}]}}