{"id":303,"date":"2001-01-05T02:00:00","date_gmt":"2001-01-05T00:00:00","guid":{"rendered":"http:\/\/85.17.200.84\/~unaldi\/atif\/?p=303"},"modified":"2001-01-05T02:00:00","modified_gmt":"2001-01-05T00:00:00","slug":"medyum","status":"publish","type":"post","link":"http:\/\/atif.unaldi.org\/blog\/2001\/01\/05\/medyum\/","title":{"rendered":"Medyum"},"content":{"rendered":"<p>Medya teorileri ile ilgilenen insanlar, bir teknolojiyi meya olarak belirliyebilmek i\u00e7in 4 ana nokta oldu\u011funu s\u00f6ylerler. Bir verici, bir al\u0131c\u0131, bir mesaj ve bu mesaj\u0131n ta\u015f\u0131nabilmesi i\u00e7in bir medyum. Yani bir platform. B\u00fcy\u00fck teknolojileri medya olarak belirleyebilmede bu medyumun \u00f6nemi son derece b\u00fcy\u00fckt\u00fcr. Asl\u0131nda bu mant\u0131kla bak\u0131ld\u0131\u011f\u0131nda medya olarak g\u00f6remedi\u011fimiz bir y\u0131\u011f\u0131n teknolojinin de bir medya olabilece\u011fini hissediyoruz. Ayn\u0131 zamanda bir\u00e7ok medya uzman\u0131n\u0131n belirtti\u011fi internetin bir medya olmas\u0131 durumunu da ben bu nedenle kabul edemiyorum.<br \/>\n\u0130nternetin bir medya olarak kabul edilmesinin en b\u00fcy\u00fck sebeplerinden biri de her yeni medyan\u0131n yapt\u0131\u011f\u0131 gibi, kendinden bir \u00f6nceki medyay\u0131 de\u011fi\u015ftiriyor olmas\u0131. \u0130nternetin televizyonculu\u011fun mant\u0131\u011f\u0131n\u0131 nas\u0131l de\u011fi\u015ftirdi\u011fini g\u00f6rmemek m\u00fcmk\u00fcn de\u011fil. D\u00fcnyan\u0131nen b\u00fcy\u00fck \u00fc\u00e7 teknolojisi b\u00fcy\u00fck bir h\u0131zla biribirine yak\u0131nla\u015f\u0131yor. Tabii bu yak\u0131nla\u015fma sonunda \u00e7ok daha de\u011fi\u015fik bir teknolojiyi ve onu kullanmam\u0131za yarayan yeni ara\u00e7lar\u0131 belirleyecek. Dilerseniz hep beraber bu \u00fc\u00e7 teknolojiyi ve geli\u015fmelerini birlikte g\u00f6zden ge\u00e7irelim.<br \/>\nTv: Televizyon \u00fczerindeki geli\u015fmeler \u00fc\u00e7 ana gruba ayr\u0131lm\u0131\u015ft\u0131r. Televizyonculuk felsefesinin de\u011fi\u015fmesi, yay\u0131n alan cihazlar\u0131n geli\u015fmesi ve yay\u0131n\u0131 g\u00f6nderen platformlar\u0131n de\u011fi\u015fmesi.<br \/>\nTelevizyonculuk, internetten en \u00e7abuk etkilenen ve bunu o ana kadar bu medyumdaki geli\u015fmeler i\u00e7in \u00e7ok h\u0131zl\u0131 say\u0131labilecek bir g\u00fc\u00e7le \u00e7\u0131karan en geli\u015fmi\u015f teknoloji. S\u00f6rf yaparken kulland\u0131\u011f\u0131m\u0131z hyperlinkler zaman\u0131 \u00f6nemsemeden yay\u0131n\u0131 sanki bir kanaldan di\u011ferine ge\u00e7iren kmanda d\u00fc\u011fmeleri gibidir. Yay\u0131n\u0131n bu yap\u0131s\u0131 interneti non-linear bir medya haline getirmi\u015ftir. Televizyonculuk ise bu felsefeyi k\u0131sa zamanda kavram\u0131\u015ft\u0131r. Dijital platfomlar bu mant\u0131kla \u00e7al\u0131\u015fan medyalara ge\u00e7i\u015fi sa\u011flamak i\u00e7in vard\u0131r. \u0130leri d\u00f6nemlerde programlar\u0131n i\u00e7inde bulunduklar\u0131 havuzlar\u0131n olaca\u011f\u0131 bir non-linear medya m\u00fcmk\u00fcn olacakt\u0131r. Tabii bu yeni medya hem pazarlama mant\u0131\u011f\u0131n\u0131, hem de bu medyayla ilgili elimizdeki donan\u0131m\u0131 hepten de\u011fi\u015ftirecektir. Televizyonculuk donan\u0131m olarak da hem mobil hayata uyum sa\u011flamak hemde bu nonlinear yap\u0131y\u0131 olu\u015fturmak i\u00e7in de\u011fi\u015fmektedir. Mobil hayat\u0131n en \u00f6nemli getirisi g\u00f6r\u00fcnt\u00fc sistemlerinin hafif ve az yer kaplayan ama \u00e7\u00f6z\u00fcn\u00fcrl\u00fc\u011f\u00fc ayn\u0131 oranda y\u00fcksek bir \u015fekle gelmesidir. Ayn\u0131 zamanda televizyonlar\u0131n paras\u0131z bir medya olarak kullan\u0131labilmesi i\u00e7in reklam izleme noktas\u0131nda denetimin olmas\u0131 gerekmektedir ve bu denetimi yine elimizdeki donan\u0131m g\u00f6zbebe\u011fimizi izleyerek ger\u00e7ekle\u015ftirmektedir. Dijital platform \u00fczerinde mpeg s\u0131k\u0131\u015ft\u0131rma teknolojilerinin en sonuncusunun kullan\u0131lmas\u0131 ise bir kanal\u0131n yay\u0131nlanmas\u0131n\u0131 sa\u011flayan bir altyap\u0131 \u00fczerinden y\u00fczlerce kanal\u0131n \u00e7\u0131kmas\u0131na imkan sa\u011flar. \u0130\u015fin komi\u011fi g\u00f6r\u00fcnt\u00fc kalitesi de ayn\u0131 oranda y\u00fckselmi\u015ftir.<br \/>\nCep telefonlar\u0131: Mobil hayat\u0131n ihtiya\u00e7lar\u0131n\u0131 kar\u015f\u0131lamak i\u00e7in donan\u0131m\u0131 en k\u0131sa zamanda yenilenen teknolojilerin ba\u015f\u0131nda gelmektedir. \u00c7ok iyi hat\u0131rl\u0131yorum, gsm \u015febekeleri faaliyete ge\u00e7tikleri d\u00f6nemlerde day\u0131m\u0131n Ericsson 117 cep telefonu, \u015fu an iridyum i\u00e7in kullan\u0131lan telefonlar kadard\u0131. Yani o zmaanlar baz istasyonlar\u0131na ula\u015fmak i\u00e7in kullan\u0131lan b\u00fcy\u00fckl\u00fckteki bir alet ile \u015fu an alt seviye uydular ile haberle\u015filebiliyor. Tabii art\u0131k bu da yeterli gelmiyor, cep telefonlar\u0131 o kadar hafiflediki yak\u0131nda v\u00fccudumuzun bir yerine bantlanarak \u00e7al\u0131\u015facak bir teknolojinin olmamas\u0131 i\u015ften bile de\u011fil.<br \/>\nBilgisayar ve internet teknolojiler: Tabii en b\u00fcy\u00fck r\u00fczgar burada esiyor. Bilgisayarlar acaba giyilebilir mi diye ara\u015ft\u0131r\u0131l\u0131rken, internete de en h\u0131zl\u0131 nereden ula\u015f\u0131labilirin hesaplar\u0131 yap\u0131l\u0131yor. Yak\u0131nda internet yay\u0131n\u0131n\u0131n havadan yap\u0131lmas\u0131, multicast yerine broadcast yay\u0131na ge\u00e7ilmesi m\u00fcmk\u00fcn bir hale gelecek. \u015eu anda bile gsm \u015febekeleri 2mbs gibi son derece y\u00fcksek bir h\u0131zla yay\u0131n verecek noktaya geldi.<br \/>\nBu geli\u015fmeler bizi nereye g\u00f6t\u00fcr\u00fcyor?<br \/>\nBu h\u0131zla giderse yak\u0131nda hepimizin elinden eksik olmayan telefonlar bir par\u00e7a b\u00fcy\u00fcyecek. Daha kolay tutulabilsin diye de\u011fil ama tam bu teknolojilerin birle\u015fimi yeni bir cihaz olu\u015fsun diye. Cep telefonu olarak ta\u015f\u0131maya al\u0131\u015ft\u0131\u011f\u0131m\u0131z cihaz, \u00f6nce bilgisayar ve internet teknolojilerini i\u00e7ine alacak. Daha sonra da televizyon teknolojilerini ve g\u00f6r\u00fcnt\u00fcl\u00fc<br \/>\n\u0130leti\u015fimi i\u00e7ine alacak. Bunun ba\u015flang\u0131\u00e7lar\u0131n\u0131 \u015fu an yeni \u00e7\u0131kan Ericsson 380s telefonlarla g\u00f6rebiliyoruz. Ger\u00e7i bu cihaz\u0131 test etmedim ama ana yakla\u015f\u0131mlar\u0131 son derece do\u011fru. Gelecek haftalarda yine bu sayfada r380s i\u00e7in yapt\u0131\u011f\u0131m ki\u015fisel testleri okuyabileceksiniz.<br \/>\n\u0130yi biny\u0131llar<br \/>\nNETle\u015fmek \u00fczere&#8230;<\/p>\n","protected":false},"excerpt":{"rendered":"<p>Medya teorileri ile ilgilenen insanlar, bir teknolojiyi meya olarak belirliyebilmek i\u00e7in 4 ana nokta oldu\u011funu s\u00f6ylerler. Bir verici, bir al\u0131c\u0131, bir mesaj ve bu mesaj\u0131n ta\u015f\u0131nabilmesi i\u00e7in bir medyum. Yani bir platform. B\u00fcy\u00fck teknolojileri medya&#8230;<\/p>\n","protected":false},"author":2,"featured_media":0,"comment_status":"closed","ping_status":"closed","sticky":false,"template":"","format":"standard","meta":{"footnotes":""},"categories":[18],"tags":[],"class_list":["post-303","post","type-post","status-publish","format-standard","hentry","category-canteen"],"yoast_head":"<!-- This site is optimized with the Yoast SEO plugin v26.8 - https:\/\/yoast.com\/product\/yoast-seo-wordpress\/ -->\n<title>Medyum - At\u0131f \u00dcnald\u0131<\/title>\n<meta name=\"robots\" content=\"index, follow, max-snippet:-1, max-image-preview:large, max-video-preview:-1\" \/>\n<link rel=\"canonical\" href=\"http:\/\/atif.unaldi.org\/blog\/2001\/01\/05\/medyum\/\" \/>\n<meta property=\"og:locale\" content=\"tr_TR\" \/>\n<meta property=\"og:type\" content=\"article\" \/>\n<meta property=\"og:title\" content=\"Medyum - At\u0131f \u00dcnald\u0131\" \/>\n<meta property=\"og:description\" content=\"Medya teorileri ile ilgilenen insanlar, bir teknolojiyi meya olarak belirliyebilmek i\u00e7in 4 ana nokta oldu\u011funu s\u00f6ylerler. Bir verici, bir al\u0131c\u0131, bir mesaj ve bu mesaj\u0131n ta\u015f\u0131nabilmesi i\u00e7in bir medyum. Yani bir platform. B\u00fcy\u00fck teknolojileri medya...\" \/>\n<meta property=\"og:url\" content=\"http:\/\/atif.unaldi.org\/blog\/2001\/01\/05\/medyum\/\" \/>\n<meta property=\"og:site_name\" content=\"At\u0131f \u00dcnald\u0131\" \/>\n<meta property=\"article:publisher\" content=\"https:\/\/www.facebook.com\/atifunaldi\" \/>\n<meta property=\"article:author\" content=\"https:\/\/www.facebook.com\/atifunaldi\" \/>\n<meta property=\"article:published_time\" content=\"2001-01-05T00:00:00+00:00\" \/>\n<meta name=\"author\" content=\"Atif Unaldi\" \/>\n<meta name=\"twitter:card\" content=\"summary_large_image\" \/>\n<meta name=\"twitter:creator\" content=\"@https:\/\/twitter.com\/atifunaldi\" \/>\n<meta name=\"twitter:site\" content=\"@atifunaldi\" \/>\n<meta name=\"twitter:label1\" content=\"Yazan:\" \/>\n\t<meta name=\"twitter:data1\" content=\"Atif Unaldi\" \/>\n\t<meta name=\"twitter:label2\" content=\"Tahmini okuma s\u00fcresi\" \/>\n\t<meta name=\"twitter:data2\" content=\"4 dakika\" \/>\n<script type=\"application\/ld+json\" class=\"yoast-schema-graph\">{\"@context\":\"https:\/\/schema.org\",\"@graph\":[{\"@type\":\"Article\",\"@id\":\"http:\/\/atif.unaldi.org\/blog\/2001\/01\/05\/medyum\/#article\",\"isPartOf\":{\"@id\":\"http:\/\/atif.unaldi.org\/blog\/2001\/01\/05\/medyum\/\"},\"author\":{\"name\":\"Atif Unaldi\",\"@id\":\"http:\/\/atif.unaldi.org\/blog\/#\/schema\/person\/608ed42ecbda2bc5cfdb767ac1db479b\"},\"headline\":\"Medyum\",\"datePublished\":\"2001-01-05T00:00:00+00:00\",\"mainEntityOfPage\":{\"@id\":\"http:\/\/atif.unaldi.org\/blog\/2001\/01\/05\/medyum\/\"},\"wordCount\":798,\"publisher\":{\"@id\":\"http:\/\/atif.unaldi.org\/blog\/#\/schema\/person\/608ed42ecbda2bc5cfdb767ac1db479b\"},\"articleSection\":[\"- Canteen\"],\"inLanguage\":\"tr\"},{\"@type\":\"WebPage\",\"@id\":\"http:\/\/atif.unaldi.org\/blog\/2001\/01\/05\/medyum\/\",\"url\":\"http:\/\/atif.unaldi.org\/blog\/2001\/01\/05\/medyum\/\",\"name\":\"Medyum - At\u0131f \u00dcnald\u0131\",\"isPartOf\":{\"@id\":\"http:\/\/atif.unaldi.org\/blog\/#website\"},\"datePublished\":\"2001-01-05T00:00:00+00:00\",\"breadcrumb\":{\"@id\":\"http:\/\/atif.unaldi.org\/blog\/2001\/01\/05\/medyum\/#breadcrumb\"},\"inLanguage\":\"tr\",\"potentialAction\":[{\"@type\":\"ReadAction\",\"target\":[\"http:\/\/atif.unaldi.org\/blog\/2001\/01\/05\/medyum\/\"]}]},{\"@type\":\"BreadcrumbList\",\"@id\":\"http:\/\/atif.unaldi.org\/blog\/2001\/01\/05\/medyum\/#breadcrumb\",\"itemListElement\":[{\"@type\":\"ListItem\",\"position\":1,\"name\":\"Anasayfa\",\"item\":\"http:\/\/atif.unaldi.org\/blog\/\"},{\"@type\":\"ListItem\",\"position\":2,\"name\":\"Medyum\"}]},{\"@type\":\"WebSite\",\"@id\":\"http:\/\/atif.unaldi.org\/blog\/#website\",\"url\":\"http:\/\/atif.unaldi.org\/blog\/\",\"name\":\"At\u0131f \u00dcnald\u0131\",\"description\":\"Yazar\",\"publisher\":{\"@id\":\"http:\/\/atif.unaldi.org\/blog\/#\/schema\/person\/608ed42ecbda2bc5cfdb767ac1db479b\"},\"alternateName\":\"At\u0131f \u00dcnald\u0131 Blog\",\"potentialAction\":[{\"@type\":\"SearchAction\",\"target\":{\"@type\":\"EntryPoint\",\"urlTemplate\":\"http:\/\/atif.unaldi.org\/blog\/?s={search_term_string}\"},\"query-input\":{\"@type\":\"PropertyValueSpecification\",\"valueRequired\":true,\"valueName\":\"search_term_string\"}}],\"inLanguage\":\"tr\"},{\"@type\":[\"Person\",\"Organization\"],\"@id\":\"http:\/\/atif.unaldi.org\/blog\/#\/schema\/person\/608ed42ecbda2bc5cfdb767ac1db479b\",\"name\":\"Atif Unaldi\",\"image\":{\"@type\":\"ImageObject\",\"inLanguage\":\"tr\",\"@id\":\"http:\/\/atif.unaldi.org\/blog\/#\/schema\/person\/image\/\",\"url\":\"http:\/\/atif.unaldi.org\/blog\/wp-content\/uploads\/2022\/10\/cropped-a94e8f7a-67c4-4d65-8a5f-032ba784be53-2.jpg\",\"contentUrl\":\"http:\/\/atif.unaldi.org\/blog\/wp-content\/uploads\/2022\/10\/cropped-a94e8f7a-67c4-4d65-8a5f-032ba784be53-2.jpg\",\"width\":512,\"height\":512,\"caption\":\"Atif Unaldi\"},\"logo\":{\"@id\":\"http:\/\/atif.unaldi.org\/blog\/#\/schema\/person\/image\/\"},\"description\":\"Bo\u011fazi\u00e7i \u00dcniversitesinde Fizik B\u00f6l\u00fcm\u00fc\u2019nde e\u011fitim ald\u0131\u011f\u0131 y\u0131llarda T\u00fcrkiye\u2019de ilk kez iki bilgisayar\u0131 telefon hatlar\u0131 \u00fczerinden konu\u015fturan BBS sistemini kurarak, T\u00fcrkiye\u2019deki ilk internet a\u011f\u0131n\u0131 olu\u015fturmu\u015ftur. Bir \u00e7ok radyo ve televizyonda program yap\u0131mc\u0131l\u0131\u011f\u0131 ve sunuculu\u011funu, bir \u00e7ok teknoloji dergisinde k\u00f6\u015fe yazarl\u0131\u011f\u0131, bili\u015fim edit\u00f6rl\u00fc\u011f\u00fc ve genel yay\u0131n y\u00f6netmenli\u011fi yapt\u0131. T\u00fcrkiye\u2019deki ilk internet servis sa\u011flay\u0131c\u0131s\u0131n\u0131n genel m\u00fcd\u00fcrl\u00fc\u011f\u00fcn\u00fc \u00fcstlendi. Bir \u00e7ok organizasyon ve kurulu\u015fta internet s\u00fcperviz\u00f6rl\u00fc\u011f\u00fc , webmaster\u2019l\u0131\u011f\u0131 , IT direkt\u00f6rl\u00fc\u011f\u00fc ve dijital projeler koordinat\u00f6rl\u00fc\u011f\u00fc g\u00f6revlerinde bulundu. Farkl\u0131 \u00fcniversitelerin farkl\u0131 fak\u00fcltelerinde \u00f6\u011fretim g\u00f6revlisi olarak bulunmu\u015f olan \u00dcnald\u0131; \u015fu an teknoloji ve pazarlama konular\u0131 ba\u015fta olmak \u00fczere bir\u00e7ok alanda hizmet veren Unaldi Consultancy\u2019nin kurucusudur. \\u2028Selin \u00dcnald\u0131 ile evlidir. Su ve Toprak isminde iki \u00e7ocu\u011fu vard\u0131r.\",\"sameAs\":[\"http:\/\/atif.unaldi.org\/blog\",\"https:\/\/www.facebook.com\/atifunaldi\",\"https:\/\/www.instagram.com\/atifunaldi\/\",\"https:\/\/www.linkedin.com\/in\/atifunaldi\",\"https:\/\/x.com\/https:\/\/twitter.com\/atifunaldi\",\"https:\/\/www.youtube.com\/c\/atifunaldi\",\"https:\/\/soundcloud.com\/atif-unaldi\",\"https:\/\/atifunaldi.tumblr.com\"],\"url\":\"http:\/\/atif.unaldi.org\/blog\/author\/atifunaldi\/\"}]}<\/script>\n<!-- \/ Yoast SEO plugin. -->","yoast_head_json":{"title":"Medyum - At\u0131f \u00dcnald\u0131","robots":{"index":"index","follow":"follow","max-snippet":"max-snippet:-1","max-image-preview":"max-image-preview:large","max-video-preview":"max-video-preview:-1"},"canonical":"http:\/\/atif.unaldi.org\/blog\/2001\/01\/05\/medyum\/","og_locale":"tr_TR","og_type":"article","og_title":"Medyum - At\u0131f \u00dcnald\u0131","og_description":"Medya teorileri ile ilgilenen insanlar, bir teknolojiyi meya olarak belirliyebilmek i\u00e7in 4 ana nokta oldu\u011funu s\u00f6ylerler. Bir verici, bir al\u0131c\u0131, bir mesaj ve bu mesaj\u0131n ta\u015f\u0131nabilmesi i\u00e7in bir medyum. Yani bir platform. B\u00fcy\u00fck teknolojileri medya...","og_url":"http:\/\/atif.unaldi.org\/blog\/2001\/01\/05\/medyum\/","og_site_name":"At\u0131f \u00dcnald\u0131","article_publisher":"https:\/\/www.facebook.com\/atifunaldi","article_author":"https:\/\/www.facebook.com\/atifunaldi","article_published_time":"2001-01-05T00:00:00+00:00","author":"Atif Unaldi","twitter_card":"summary_large_image","twitter_creator":"@https:\/\/twitter.com\/atifunaldi","twitter_site":"@atifunaldi","twitter_misc":{"Yazan:":"Atif Unaldi","Tahmini okuma s\u00fcresi":"4 dakika"},"schema":{"@context":"https:\/\/schema.org","@graph":[{"@type":"Article","@id":"http:\/\/atif.unaldi.org\/blog\/2001\/01\/05\/medyum\/#article","isPartOf":{"@id":"http:\/\/atif.unaldi.org\/blog\/2001\/01\/05\/medyum\/"},"author":{"name":"Atif Unaldi","@id":"http:\/\/atif.unaldi.org\/blog\/#\/schema\/person\/608ed42ecbda2bc5cfdb767ac1db479b"},"headline":"Medyum","datePublished":"2001-01-05T00:00:00+00:00","mainEntityOfPage":{"@id":"http:\/\/atif.unaldi.org\/blog\/2001\/01\/05\/medyum\/"},"wordCount":798,"publisher":{"@id":"http:\/\/atif.unaldi.org\/blog\/#\/schema\/person\/608ed42ecbda2bc5cfdb767ac1db479b"},"articleSection":["- Canteen"],"inLanguage":"tr"},{"@type":"WebPage","@id":"http:\/\/atif.unaldi.org\/blog\/2001\/01\/05\/medyum\/","url":"http:\/\/atif.unaldi.org\/blog\/2001\/01\/05\/medyum\/","name":"Medyum - At\u0131f \u00dcnald\u0131","isPartOf":{"@id":"http:\/\/atif.unaldi.org\/blog\/#website"},"datePublished":"2001-01-05T00:00:00+00:00","breadcrumb":{"@id":"http:\/\/atif.unaldi.org\/blog\/2001\/01\/05\/medyum\/#breadcrumb"},"inLanguage":"tr","potentialAction":[{"@type":"ReadAction","target":["http:\/\/atif.unaldi.org\/blog\/2001\/01\/05\/medyum\/"]}]},{"@type":"BreadcrumbList","@id":"http:\/\/atif.unaldi.org\/blog\/2001\/01\/05\/medyum\/#breadcrumb","itemListElement":[{"@type":"ListItem","position":1,"name":"Anasayfa","item":"http:\/\/atif.unaldi.org\/blog\/"},{"@type":"ListItem","position":2,"name":"Medyum"}]},{"@type":"WebSite","@id":"http:\/\/atif.unaldi.org\/blog\/#website","url":"http:\/\/atif.unaldi.org\/blog\/","name":"At\u0131f \u00dcnald\u0131","description":"Yazar","publisher":{"@id":"http:\/\/atif.unaldi.org\/blog\/#\/schema\/person\/608ed42ecbda2bc5cfdb767ac1db479b"},"alternateName":"At\u0131f \u00dcnald\u0131 Blog","potentialAction":[{"@type":"SearchAction","target":{"@type":"EntryPoint","urlTemplate":"http:\/\/atif.unaldi.org\/blog\/?s={search_term_string}"},"query-input":{"@type":"PropertyValueSpecification","valueRequired":true,"valueName":"search_term_string"}}],"inLanguage":"tr"},{"@type":["Person","Organization"],"@id":"http:\/\/atif.unaldi.org\/blog\/#\/schema\/person\/608ed42ecbda2bc5cfdb767ac1db479b","name":"Atif Unaldi","image":{"@type":"ImageObject","inLanguage":"tr","@id":"http:\/\/atif.unaldi.org\/blog\/#\/schema\/person\/image\/","url":"http:\/\/atif.unaldi.org\/blog\/wp-content\/uploads\/2022\/10\/cropped-a94e8f7a-67c4-4d65-8a5f-032ba784be53-2.jpg","contentUrl":"http:\/\/atif.unaldi.org\/blog\/wp-content\/uploads\/2022\/10\/cropped-a94e8f7a-67c4-4d65-8a5f-032ba784be53-2.jpg","width":512,"height":512,"caption":"Atif Unaldi"},"logo":{"@id":"http:\/\/atif.unaldi.org\/blog\/#\/schema\/person\/image\/"},"description":"Bo\u011fazi\u00e7i \u00dcniversitesinde Fizik B\u00f6l\u00fcm\u00fc\u2019nde e\u011fitim ald\u0131\u011f\u0131 y\u0131llarda T\u00fcrkiye\u2019de ilk kez iki bilgisayar\u0131 telefon hatlar\u0131 \u00fczerinden konu\u015fturan BBS sistemini kurarak, T\u00fcrkiye\u2019deki ilk internet a\u011f\u0131n\u0131 olu\u015fturmu\u015ftur. Bir \u00e7ok radyo ve televizyonda program yap\u0131mc\u0131l\u0131\u011f\u0131 ve sunuculu\u011funu, bir \u00e7ok teknoloji dergisinde k\u00f6\u015fe yazarl\u0131\u011f\u0131, bili\u015fim edit\u00f6rl\u00fc\u011f\u00fc ve genel yay\u0131n y\u00f6netmenli\u011fi yapt\u0131. T\u00fcrkiye\u2019deki ilk internet servis sa\u011flay\u0131c\u0131s\u0131n\u0131n genel m\u00fcd\u00fcrl\u00fc\u011f\u00fcn\u00fc \u00fcstlendi. Bir \u00e7ok organizasyon ve kurulu\u015fta internet s\u00fcperviz\u00f6rl\u00fc\u011f\u00fc , webmaster\u2019l\u0131\u011f\u0131 , IT direkt\u00f6rl\u00fc\u011f\u00fc ve dijital projeler koordinat\u00f6rl\u00fc\u011f\u00fc g\u00f6revlerinde bulundu. Farkl\u0131 \u00fcniversitelerin farkl\u0131 fak\u00fcltelerinde \u00f6\u011fretim g\u00f6revlisi olarak bulunmu\u015f olan \u00dcnald\u0131; \u015fu an teknoloji ve pazarlama konular\u0131 ba\u015fta olmak \u00fczere bir\u00e7ok alanda hizmet veren Unaldi Consultancy\u2019nin kurucusudur. \u2028Selin \u00dcnald\u0131 ile evlidir. Su ve Toprak isminde iki \u00e7ocu\u011fu vard\u0131r.","sameAs":["http:\/\/atif.unaldi.org\/blog","https:\/\/www.facebook.com\/atifunaldi","https:\/\/www.instagram.com\/atifunaldi\/","https:\/\/www.linkedin.com\/in\/atifunaldi","https:\/\/x.com\/https:\/\/twitter.com\/atifunaldi","https:\/\/www.youtube.com\/c\/atifunaldi","https:\/\/soundcloud.com\/atif-unaldi","https:\/\/atifunaldi.tumblr.com"],"url":"http:\/\/atif.unaldi.org\/blog\/author\/atifunaldi\/"}]}},"jetpack_featured_media_url":"","_links":{"self":[{"href":"http:\/\/atif.unaldi.org\/blog\/wp-json\/wp\/v2\/posts\/303","targetHints":{"allow":["GET"]}}],"collection":[{"href":"http:\/\/atif.unaldi.org\/blog\/wp-json\/wp\/v2\/posts"}],"about":[{"href":"http:\/\/atif.unaldi.org\/blog\/wp-json\/wp\/v2\/types\/post"}],"author":[{"embeddable":true,"href":"http:\/\/atif.unaldi.org\/blog\/wp-json\/wp\/v2\/users\/2"}],"replies":[{"embeddable":true,"href":"http:\/\/atif.unaldi.org\/blog\/wp-json\/wp\/v2\/comments?post=303"}],"version-history":[{"count":0,"href":"http:\/\/atif.unaldi.org\/blog\/wp-json\/wp\/v2\/posts\/303\/revisions"}],"wp:attachment":[{"href":"http:\/\/atif.unaldi.org\/blog\/wp-json\/wp\/v2\/media?parent=303"}],"wp:term":[{"taxonomy":"category","embeddable":true,"href":"http:\/\/atif.unaldi.org\/blog\/wp-json\/wp\/v2\/categories?post=303"},{"taxonomy":"post_tag","embeddable":true,"href":"http:\/\/atif.unaldi.org\/blog\/wp-json\/wp\/v2\/tags?post=303"}],"curies":[{"name":"wp","href":"https:\/\/api.w.org\/{rel}","templated":true}]}}