{"id":306,"date":"2001-01-09T02:00:00","date_gmt":"2001-01-09T00:00:00","guid":{"rendered":"http:\/\/85.17.200.84\/~unaldi\/atif\/?p=306"},"modified":"2001-01-09T02:00:00","modified_gmt":"2001-01-09T00:00:00","slug":"sanal-aristokrasi-tacini-devrediyor","status":"publish","type":"post","link":"http:\/\/atif.unaldi.org\/blog\/2001\/01\/09\/sanal-aristokrasi-tacini-devrediyor\/","title":{"rendered":"Sanal Aristokrasi tac\u0131n\u0131 devrediyor"},"content":{"rendered":"<p>\u0130nternet bir bilgi, birikim platformu. Bu nedenledir ki son d\u00f6nemin b\u00fct\u00fcn ba\u015far\u0131 hikayeleri bu mant\u0131\u011f\u0131n \u00fczerine kurgulanm\u0131\u015ft\u0131r. Hikayemiz internet olunca ba\u015far\u0131n\u0131n ana kayna\u011f\u0131 da bilginin var olmas\u0131d\u0131r. Bilgi ve zeka genel para kazan\u00e7lar\u0131ndan biridir. Gerek ticari gerekse sosyal her t\u00fcrl\u00fc yap\u0131 ta\u015f\u0131 nette yeni yeni olu\u015fmakta oldu\u011funundan ve benzeri yap\u0131ya sahip bir uygulama daha \u00f6nce bulunmad\u0131\u011f\u0131ndan internet ezberci zihniyeti i\u00e7inde bar\u0131nd\u0131rmaz. \u0130nternet \u00f6l\u00e7\u00fcmlenebilir olmad\u0131\u011f\u0131 gibi, \u00f6ng\u00f6r\u00fclebilir de de\u011fildir. Psikoloji ve sosyolojinin al\u0131\u015f\u0131lagelmi\u015f metodlar\u0131n\u0131n d\u0131\u015f\u0131nda bir yap\u0131s\u0131 vard\u0131r. Bu nedenledir ki ba\u015far\u0131 hikayeleri iyi niyet ve ziyaret\u00e7iye duyulan iyi niyet \u00fczerine yap\u0131land\u0131r\u0131lm\u0131\u015ft\u0131r.<br \/>\n\u015eu ana kadar okuduklar\u0131n\u0131z art\u0131k \u00e7ok eski zamanlar\u0131n mitleri olmaktan ba\u015fka bir\u015fey de\u011fil art\u0131k. Ge\u00e7enlerde Nasdaq \u00fczerinden ger\u00e7ekle\u015fen kriz dot com istilas\u0131n\u0131 yava\u015flatmakla kalmay\u0131p, belli noktalarda m\u00fchendis ve ileti\u015fimcilerin yani teknik adamlar\u0131n g\u00fc\u00e7lerini de ellerinden ald\u0131.<br \/>\nAsl\u0131nda her ne kadar \u00f6nsezilerim bunun asparagas bir yakla\u015f\u0131m oldu\u011funu hissettirse de bunu a\u00e7\u0131klayacak cesareti bulamad\u0131m. \u00c7\u00fcnk\u00fc elimde yada benimle d\u00fc\u015f\u00fcnen kimsenin elinde bunu  kan\u0131tlayacak elle tutulur g\u00f6zle g\u00f6r\u00fcl\u00fcr bir kan\u0131t yoktu. Kan\u0131t bulunmad\u0131\u011f\u0131 gibi internete inanan, bunu bir g\u00fc\u00e7 ve yerle\u015fen bir yap\u0131 olarak g\u00f6ren bizleri de affallatm\u0131\u015ft\u0131. Hemen arkas\u0131ndan son derece b\u00fcy\u00fck bir vuuru\u015f daha yedik. Bu sefer medya kurulu\u015flar\u0131ndan gelen genel bir yakla\u015f\u0131mla kar\u015f\u0131 kar\u015f\u0131yayd\u0131k. Medyac\u0131lar\u0131n baz\u0131lar\u0131n\u0131n 2001 y\u0131l\u0131 sonunda internetin haf\u0131zalar\u0131m\u0131zda tatl\u0131 bir an\u0131 olarak kalaca\u011f\u0131 fikrini a\u00e7\u0131klamalar\u0131 bizi ba\u015fka y\u00f6nlerden de \u00fczd\u00fc. \u00d6z\u00fcnde fen bilgisi ta\u015f\u0131yan ki\u015filer bu b\u00fcy\u00fck hatalara hep d\u00fc\u015ferler. Bu sosyal g\u00fcc\u00fc olan insanlar\u0131n sosyal ya\u015fam\u0131 kendi erekleri dahilinde y\u00f6nlendirmelerinin bir eseriydi asl\u0131nda. Ne \u00fcz\u00fcc\u00fc ki bizim bu numaray\u0131 yutmam\u0131z\u0131 sa\u011flayacak hi\u00e7bir g\u00fcc\u00fcm\u00fcz yoktu.<br \/>\nBu oyuna \u00e7ok kolay gelip. Bir anda b\u00fct\u00fcn g\u00fcc\u00fcn\u00fc psikolojiden alan ekonomimiz bat\u0131p gitti. \u0130\u015fin fena taraf\u0131, bundan yakla\u015f\u0131k bir iki hafta sonra, as\u0131l g\u00fc\u00e7 odaklar\u0131 ortaya \u00e7\u0131kt\u0131. Geleneksel ekonominin g\u00fc\u00e7 odaklar\u0131 \u00f6nce \u00f6nemsemedikleri sonra da g\u00fcc\u00fcn\u00fcn etkisiyle fena hissettikleri net ekonomisini avu\u00e7lar\u0131n\u0131n i\u00e7ine almak i\u00e7in yeni y\u00f6ntemler olu\u015fturmaya ba\u015flam\u0131\u015flard\u0131. Psikolojisini k\u0131rmak i\u00e7in ticari bir enformasyon sava\u015f\u0131n\u0131 ba\u015flatan bu \u015firketler, \u00f6ne korkun\u00e7 bir karalama kampanyas\u0131na girerek suni g\u00fcndemlerle krizi yaratm\u0131\u015f. Sonra kriz nedeniyle d\u00f6k\u00fclen \u015firketleri \u00e7ok ucuz paralarla toplam\u0131\u015flard\u0131r. Talanc\u0131 bir psikolojinin meyva a\u011fac\u0131na sald\u0131rmas\u0131 gibi bir\u015fey. \u00d6nce a\u011fac\u0131 sallars\u0131n, en olgun meyvalar yere d\u00fc\u015f\u00fcnce de bunlar\u0131 toplars\u0131n. Biz de bu basit do\u011fal kuram\u0131n kurban\u0131 olduk.Art\u0131k intenet \u00fczerinde bilgi de\u011fil, ticari zeka para edecek. Ne yaz\u0131kki art\u0131k internet \u00fczerinde aristokrasinin krall\u0131\u011f\u0131 bitti. Burjuvazi bu sava\u015f\u0131 da kazand\u0131.<br \/>\nY\u0131llard\u0131r ilgiyi nete \u00e7ekmek i\u00e7in y\u0131pranan ben art\u0131k bilemiyorum, internetin ticari a\u00e7\u0131dan ilgilenilebilir bir yap\u0131 olmas\u0131 beni sevindirmiyor.<br \/>\nBu hafta i\u00e7inde \u00e7ok ho\u015f toplant\u0131lara kat\u0131ld\u0131m. Bunlar\u0131n ilki Bilgi \u00dcniversitesi MBA program\u0131 hakk\u0131ndayd\u0131. Son derece bilgi ald\u0131\u011f\u0131m\u0131 s\u00f6ylemek isterim. \u0130kincisi ise Internet reklamc\u0131l\u0131\u011f\u0131 \u00fczerine bir yap\u0131lan bir kahvalt\u0131 forumuydu. Son derece ba\u015far\u0131l\u0131 ve keyifli oldu\u011funu s\u00f6ylemek isterim. Toplant\u0131da beni en \u00e7ok mutlu eden iki konu\u015fman\u0131n birisini IBS ara\u015ft\u0131rma \u015firketi ger\u00e7ekle\u015ftirdi. \u00dclkemde 2.5 milyon internet abonesinin toplam 4 milyon ki\u015fi taraf\u0131ndan kullan\u0131ld\u0131\u011f\u0131ndan bahsetti. Bu ger\u00e7ekten ilgin\u00e7 bir bilgi. Demekki T\u00fcrkiye&#8217;de ISP&#8217;ler i\u00e7in pasta daha bitmemi\u015f. Daha da \u00f6nemlisi suni bir kriz hissi i\u00e7inde olmalar\u0131n\u0131n pek bir anlam\u0131 yok.Ama ortada genel bir kriz havas\u0131 var.<br \/>\nA\u00e7\u0131kcas\u0131 sevinsem mi \u00fcz\u00fclsem mi karar veremiyorum&#8230; Yine de, g\u00fcn\u00fcn birinde &#8230;<br \/>\nNETle\u015fmek \u00fczere&#8230;<\/p>\n","protected":false},"excerpt":{"rendered":"<p>\u0130nternet bir bilgi, birikim platformu. Bu nedenledir ki son d\u00f6nemin b\u00fct\u00fcn ba\u015far\u0131 hikayeleri bu mant\u0131\u011f\u0131n \u00fczerine kurgulanm\u0131\u015ft\u0131r. Hikayemiz internet olunca ba\u015far\u0131n\u0131n ana kayna\u011f\u0131 da bilginin var olmas\u0131d\u0131r. Bilgi ve zeka genel para kazan\u00e7lar\u0131ndan biridir. Gerek&#8230;<\/p>\n","protected":false},"author":2,"featured_media":0,"comment_status":"open","ping_status":"open","sticky":false,"template":"","format":"standard","meta":{"footnotes":""},"categories":[31],"tags":[],"class_list":["post-306","post","type-post","status-publish","format-standard","hentry","category-pcweek"],"yoast_head":"<!-- This site is optimized with the Yoast SEO plugin v26.8 - https:\/\/yoast.com\/product\/yoast-seo-wordpress\/ -->\n<title>Sanal Aristokrasi tac\u0131n\u0131 devrediyor - At\u0131f \u00dcnald\u0131<\/title>\n<meta name=\"robots\" content=\"index, follow, max-snippet:-1, max-image-preview:large, max-video-preview:-1\" \/>\n<link rel=\"canonical\" href=\"http:\/\/atif.unaldi.org\/blog\/2001\/01\/09\/sanal-aristokrasi-tacini-devrediyor\/\" \/>\n<meta property=\"og:locale\" content=\"tr_TR\" \/>\n<meta property=\"og:type\" content=\"article\" \/>\n<meta property=\"og:title\" content=\"Sanal Aristokrasi tac\u0131n\u0131 devrediyor - At\u0131f \u00dcnald\u0131\" \/>\n<meta property=\"og:description\" content=\"\u0130nternet bir bilgi, birikim platformu. Bu nedenledir ki son d\u00f6nemin b\u00fct\u00fcn ba\u015far\u0131 hikayeleri bu mant\u0131\u011f\u0131n \u00fczerine kurgulanm\u0131\u015ft\u0131r. Hikayemiz internet olunca ba\u015far\u0131n\u0131n ana kayna\u011f\u0131 da bilginin var olmas\u0131d\u0131r. Bilgi ve zeka genel para kazan\u00e7lar\u0131ndan biridir. Gerek...\" \/>\n<meta property=\"og:url\" content=\"http:\/\/atif.unaldi.org\/blog\/2001\/01\/09\/sanal-aristokrasi-tacini-devrediyor\/\" \/>\n<meta property=\"og:site_name\" content=\"At\u0131f \u00dcnald\u0131\" \/>\n<meta property=\"article:publisher\" content=\"https:\/\/www.facebook.com\/atifunaldi\" \/>\n<meta property=\"article:author\" content=\"https:\/\/www.facebook.com\/atifunaldi\" \/>\n<meta property=\"article:published_time\" content=\"2001-01-09T00:00:00+00:00\" \/>\n<meta name=\"author\" content=\"Atif Unaldi\" \/>\n<meta name=\"twitter:card\" content=\"summary_large_image\" \/>\n<meta name=\"twitter:creator\" content=\"@https:\/\/twitter.com\/atifunaldi\" \/>\n<meta name=\"twitter:site\" content=\"@atifunaldi\" \/>\n<meta name=\"twitter:label1\" content=\"Yazan:\" \/>\n\t<meta name=\"twitter:data1\" content=\"Atif Unaldi\" \/>\n\t<meta name=\"twitter:label2\" content=\"Tahmini okuma s\u00fcresi\" \/>\n\t<meta name=\"twitter:data2\" content=\"3 dakika\" \/>\n<script type=\"application\/ld+json\" class=\"yoast-schema-graph\">{\"@context\":\"https:\/\/schema.org\",\"@graph\":[{\"@type\":\"Article\",\"@id\":\"http:\/\/atif.unaldi.org\/blog\/2001\/01\/09\/sanal-aristokrasi-tacini-devrediyor\/#article\",\"isPartOf\":{\"@id\":\"http:\/\/atif.unaldi.org\/blog\/2001\/01\/09\/sanal-aristokrasi-tacini-devrediyor\/\"},\"author\":{\"name\":\"Atif Unaldi\",\"@id\":\"http:\/\/atif.unaldi.org\/blog\/#\/schema\/person\/608ed42ecbda2bc5cfdb767ac1db479b\"},\"headline\":\"Sanal Aristokrasi tac\u0131n\u0131 devrediyor\",\"datePublished\":\"2001-01-09T00:00:00+00:00\",\"mainEntityOfPage\":{\"@id\":\"http:\/\/atif.unaldi.org\/blog\/2001\/01\/09\/sanal-aristokrasi-tacini-devrediyor\/\"},\"wordCount\":701,\"commentCount\":0,\"publisher\":{\"@id\":\"http:\/\/atif.unaldi.org\/blog\/#\/schema\/person\/608ed42ecbda2bc5cfdb767ac1db479b\"},\"articleSection\":[\"- PcWeek\"],\"inLanguage\":\"tr\",\"potentialAction\":[{\"@type\":\"CommentAction\",\"name\":\"Comment\",\"target\":[\"http:\/\/atif.unaldi.org\/blog\/2001\/01\/09\/sanal-aristokrasi-tacini-devrediyor\/#respond\"]}]},{\"@type\":\"WebPage\",\"@id\":\"http:\/\/atif.unaldi.org\/blog\/2001\/01\/09\/sanal-aristokrasi-tacini-devrediyor\/\",\"url\":\"http:\/\/atif.unaldi.org\/blog\/2001\/01\/09\/sanal-aristokrasi-tacini-devrediyor\/\",\"name\":\"Sanal Aristokrasi tac\u0131n\u0131 devrediyor - At\u0131f \u00dcnald\u0131\",\"isPartOf\":{\"@id\":\"http:\/\/atif.unaldi.org\/blog\/#website\"},\"datePublished\":\"2001-01-09T00:00:00+00:00\",\"breadcrumb\":{\"@id\":\"http:\/\/atif.unaldi.org\/blog\/2001\/01\/09\/sanal-aristokrasi-tacini-devrediyor\/#breadcrumb\"},\"inLanguage\":\"tr\",\"potentialAction\":[{\"@type\":\"ReadAction\",\"target\":[\"http:\/\/atif.unaldi.org\/blog\/2001\/01\/09\/sanal-aristokrasi-tacini-devrediyor\/\"]}]},{\"@type\":\"BreadcrumbList\",\"@id\":\"http:\/\/atif.unaldi.org\/blog\/2001\/01\/09\/sanal-aristokrasi-tacini-devrediyor\/#breadcrumb\",\"itemListElement\":[{\"@type\":\"ListItem\",\"position\":1,\"name\":\"Anasayfa\",\"item\":\"http:\/\/atif.unaldi.org\/blog\/\"},{\"@type\":\"ListItem\",\"position\":2,\"name\":\"Sanal Aristokrasi tac\u0131n\u0131 devrediyor\"}]},{\"@type\":\"WebSite\",\"@id\":\"http:\/\/atif.unaldi.org\/blog\/#website\",\"url\":\"http:\/\/atif.unaldi.org\/blog\/\",\"name\":\"At\u0131f \u00dcnald\u0131\",\"description\":\"Yazar\",\"publisher\":{\"@id\":\"http:\/\/atif.unaldi.org\/blog\/#\/schema\/person\/608ed42ecbda2bc5cfdb767ac1db479b\"},\"alternateName\":\"At\u0131f \u00dcnald\u0131 Blog\",\"potentialAction\":[{\"@type\":\"SearchAction\",\"target\":{\"@type\":\"EntryPoint\",\"urlTemplate\":\"http:\/\/atif.unaldi.org\/blog\/?s={search_term_string}\"},\"query-input\":{\"@type\":\"PropertyValueSpecification\",\"valueRequired\":true,\"valueName\":\"search_term_string\"}}],\"inLanguage\":\"tr\"},{\"@type\":[\"Person\",\"Organization\"],\"@id\":\"http:\/\/atif.unaldi.org\/blog\/#\/schema\/person\/608ed42ecbda2bc5cfdb767ac1db479b\",\"name\":\"Atif Unaldi\",\"image\":{\"@type\":\"ImageObject\",\"inLanguage\":\"tr\",\"@id\":\"http:\/\/atif.unaldi.org\/blog\/#\/schema\/person\/image\/\",\"url\":\"http:\/\/atif.unaldi.org\/blog\/wp-content\/uploads\/2022\/10\/cropped-a94e8f7a-67c4-4d65-8a5f-032ba784be53-2.jpg\",\"contentUrl\":\"http:\/\/atif.unaldi.org\/blog\/wp-content\/uploads\/2022\/10\/cropped-a94e8f7a-67c4-4d65-8a5f-032ba784be53-2.jpg\",\"width\":512,\"height\":512,\"caption\":\"Atif Unaldi\"},\"logo\":{\"@id\":\"http:\/\/atif.unaldi.org\/blog\/#\/schema\/person\/image\/\"},\"description\":\"Bo\u011fazi\u00e7i \u00dcniversitesinde Fizik B\u00f6l\u00fcm\u00fc\u2019nde e\u011fitim ald\u0131\u011f\u0131 y\u0131llarda T\u00fcrkiye\u2019de ilk kez iki bilgisayar\u0131 telefon hatlar\u0131 \u00fczerinden konu\u015fturan BBS sistemini kurarak, T\u00fcrkiye\u2019deki ilk internet a\u011f\u0131n\u0131 olu\u015fturmu\u015ftur. Bir \u00e7ok radyo ve televizyonda program yap\u0131mc\u0131l\u0131\u011f\u0131 ve sunuculu\u011funu, bir \u00e7ok teknoloji dergisinde k\u00f6\u015fe yazarl\u0131\u011f\u0131, bili\u015fim edit\u00f6rl\u00fc\u011f\u00fc ve genel yay\u0131n y\u00f6netmenli\u011fi yapt\u0131. T\u00fcrkiye\u2019deki ilk internet servis sa\u011flay\u0131c\u0131s\u0131n\u0131n genel m\u00fcd\u00fcrl\u00fc\u011f\u00fcn\u00fc \u00fcstlendi. Bir \u00e7ok organizasyon ve kurulu\u015fta internet s\u00fcperviz\u00f6rl\u00fc\u011f\u00fc , webmaster\u2019l\u0131\u011f\u0131 , IT direkt\u00f6rl\u00fc\u011f\u00fc ve dijital projeler koordinat\u00f6rl\u00fc\u011f\u00fc g\u00f6revlerinde bulundu. Farkl\u0131 \u00fcniversitelerin farkl\u0131 fak\u00fcltelerinde \u00f6\u011fretim g\u00f6revlisi olarak bulunmu\u015f olan \u00dcnald\u0131; \u015fu an teknoloji ve pazarlama konular\u0131 ba\u015fta olmak \u00fczere bir\u00e7ok alanda hizmet veren Unaldi Consultancy\u2019nin kurucusudur. \\u2028Selin \u00dcnald\u0131 ile evlidir. Su ve Toprak isminde iki \u00e7ocu\u011fu vard\u0131r.\",\"sameAs\":[\"http:\/\/atif.unaldi.org\/blog\",\"https:\/\/www.facebook.com\/atifunaldi\",\"https:\/\/www.instagram.com\/atifunaldi\/\",\"https:\/\/www.linkedin.com\/in\/atifunaldi\",\"https:\/\/x.com\/https:\/\/twitter.com\/atifunaldi\",\"https:\/\/www.youtube.com\/c\/atifunaldi\",\"https:\/\/soundcloud.com\/atif-unaldi\",\"https:\/\/atifunaldi.tumblr.com\"],\"url\":\"http:\/\/atif.unaldi.org\/blog\/author\/atifunaldi\/\"}]}<\/script>\n<!-- \/ Yoast SEO plugin. -->","yoast_head_json":{"title":"Sanal Aristokrasi tac\u0131n\u0131 devrediyor - At\u0131f \u00dcnald\u0131","robots":{"index":"index","follow":"follow","max-snippet":"max-snippet:-1","max-image-preview":"max-image-preview:large","max-video-preview":"max-video-preview:-1"},"canonical":"http:\/\/atif.unaldi.org\/blog\/2001\/01\/09\/sanal-aristokrasi-tacini-devrediyor\/","og_locale":"tr_TR","og_type":"article","og_title":"Sanal Aristokrasi tac\u0131n\u0131 devrediyor - At\u0131f \u00dcnald\u0131","og_description":"\u0130nternet bir bilgi, birikim platformu. Bu nedenledir ki son d\u00f6nemin b\u00fct\u00fcn ba\u015far\u0131 hikayeleri bu mant\u0131\u011f\u0131n \u00fczerine kurgulanm\u0131\u015ft\u0131r. Hikayemiz internet olunca ba\u015far\u0131n\u0131n ana kayna\u011f\u0131 da bilginin var olmas\u0131d\u0131r. Bilgi ve zeka genel para kazan\u00e7lar\u0131ndan biridir. Gerek...","og_url":"http:\/\/atif.unaldi.org\/blog\/2001\/01\/09\/sanal-aristokrasi-tacini-devrediyor\/","og_site_name":"At\u0131f \u00dcnald\u0131","article_publisher":"https:\/\/www.facebook.com\/atifunaldi","article_author":"https:\/\/www.facebook.com\/atifunaldi","article_published_time":"2001-01-09T00:00:00+00:00","author":"Atif Unaldi","twitter_card":"summary_large_image","twitter_creator":"@https:\/\/twitter.com\/atifunaldi","twitter_site":"@atifunaldi","twitter_misc":{"Yazan:":"Atif Unaldi","Tahmini okuma s\u00fcresi":"3 dakika"},"schema":{"@context":"https:\/\/schema.org","@graph":[{"@type":"Article","@id":"http:\/\/atif.unaldi.org\/blog\/2001\/01\/09\/sanal-aristokrasi-tacini-devrediyor\/#article","isPartOf":{"@id":"http:\/\/atif.unaldi.org\/blog\/2001\/01\/09\/sanal-aristokrasi-tacini-devrediyor\/"},"author":{"name":"Atif Unaldi","@id":"http:\/\/atif.unaldi.org\/blog\/#\/schema\/person\/608ed42ecbda2bc5cfdb767ac1db479b"},"headline":"Sanal Aristokrasi tac\u0131n\u0131 devrediyor","datePublished":"2001-01-09T00:00:00+00:00","mainEntityOfPage":{"@id":"http:\/\/atif.unaldi.org\/blog\/2001\/01\/09\/sanal-aristokrasi-tacini-devrediyor\/"},"wordCount":701,"commentCount":0,"publisher":{"@id":"http:\/\/atif.unaldi.org\/blog\/#\/schema\/person\/608ed42ecbda2bc5cfdb767ac1db479b"},"articleSection":["- PcWeek"],"inLanguage":"tr","potentialAction":[{"@type":"CommentAction","name":"Comment","target":["http:\/\/atif.unaldi.org\/blog\/2001\/01\/09\/sanal-aristokrasi-tacini-devrediyor\/#respond"]}]},{"@type":"WebPage","@id":"http:\/\/atif.unaldi.org\/blog\/2001\/01\/09\/sanal-aristokrasi-tacini-devrediyor\/","url":"http:\/\/atif.unaldi.org\/blog\/2001\/01\/09\/sanal-aristokrasi-tacini-devrediyor\/","name":"Sanal Aristokrasi tac\u0131n\u0131 devrediyor - At\u0131f \u00dcnald\u0131","isPartOf":{"@id":"http:\/\/atif.unaldi.org\/blog\/#website"},"datePublished":"2001-01-09T00:00:00+00:00","breadcrumb":{"@id":"http:\/\/atif.unaldi.org\/blog\/2001\/01\/09\/sanal-aristokrasi-tacini-devrediyor\/#breadcrumb"},"inLanguage":"tr","potentialAction":[{"@type":"ReadAction","target":["http:\/\/atif.unaldi.org\/blog\/2001\/01\/09\/sanal-aristokrasi-tacini-devrediyor\/"]}]},{"@type":"BreadcrumbList","@id":"http:\/\/atif.unaldi.org\/blog\/2001\/01\/09\/sanal-aristokrasi-tacini-devrediyor\/#breadcrumb","itemListElement":[{"@type":"ListItem","position":1,"name":"Anasayfa","item":"http:\/\/atif.unaldi.org\/blog\/"},{"@type":"ListItem","position":2,"name":"Sanal Aristokrasi tac\u0131n\u0131 devrediyor"}]},{"@type":"WebSite","@id":"http:\/\/atif.unaldi.org\/blog\/#website","url":"http:\/\/atif.unaldi.org\/blog\/","name":"At\u0131f \u00dcnald\u0131","description":"Yazar","publisher":{"@id":"http:\/\/atif.unaldi.org\/blog\/#\/schema\/person\/608ed42ecbda2bc5cfdb767ac1db479b"},"alternateName":"At\u0131f \u00dcnald\u0131 Blog","potentialAction":[{"@type":"SearchAction","target":{"@type":"EntryPoint","urlTemplate":"http:\/\/atif.unaldi.org\/blog\/?s={search_term_string}"},"query-input":{"@type":"PropertyValueSpecification","valueRequired":true,"valueName":"search_term_string"}}],"inLanguage":"tr"},{"@type":["Person","Organization"],"@id":"http:\/\/atif.unaldi.org\/blog\/#\/schema\/person\/608ed42ecbda2bc5cfdb767ac1db479b","name":"Atif Unaldi","image":{"@type":"ImageObject","inLanguage":"tr","@id":"http:\/\/atif.unaldi.org\/blog\/#\/schema\/person\/image\/","url":"http:\/\/atif.unaldi.org\/blog\/wp-content\/uploads\/2022\/10\/cropped-a94e8f7a-67c4-4d65-8a5f-032ba784be53-2.jpg","contentUrl":"http:\/\/atif.unaldi.org\/blog\/wp-content\/uploads\/2022\/10\/cropped-a94e8f7a-67c4-4d65-8a5f-032ba784be53-2.jpg","width":512,"height":512,"caption":"Atif Unaldi"},"logo":{"@id":"http:\/\/atif.unaldi.org\/blog\/#\/schema\/person\/image\/"},"description":"Bo\u011fazi\u00e7i \u00dcniversitesinde Fizik B\u00f6l\u00fcm\u00fc\u2019nde e\u011fitim ald\u0131\u011f\u0131 y\u0131llarda T\u00fcrkiye\u2019de ilk kez iki bilgisayar\u0131 telefon hatlar\u0131 \u00fczerinden konu\u015fturan BBS sistemini kurarak, T\u00fcrkiye\u2019deki ilk internet a\u011f\u0131n\u0131 olu\u015fturmu\u015ftur. Bir \u00e7ok radyo ve televizyonda program yap\u0131mc\u0131l\u0131\u011f\u0131 ve sunuculu\u011funu, bir \u00e7ok teknoloji dergisinde k\u00f6\u015fe yazarl\u0131\u011f\u0131, bili\u015fim edit\u00f6rl\u00fc\u011f\u00fc ve genel yay\u0131n y\u00f6netmenli\u011fi yapt\u0131. T\u00fcrkiye\u2019deki ilk internet servis sa\u011flay\u0131c\u0131s\u0131n\u0131n genel m\u00fcd\u00fcrl\u00fc\u011f\u00fcn\u00fc \u00fcstlendi. Bir \u00e7ok organizasyon ve kurulu\u015fta internet s\u00fcperviz\u00f6rl\u00fc\u011f\u00fc , webmaster\u2019l\u0131\u011f\u0131 , IT direkt\u00f6rl\u00fc\u011f\u00fc ve dijital projeler koordinat\u00f6rl\u00fc\u011f\u00fc g\u00f6revlerinde bulundu. Farkl\u0131 \u00fcniversitelerin farkl\u0131 fak\u00fcltelerinde \u00f6\u011fretim g\u00f6revlisi olarak bulunmu\u015f olan \u00dcnald\u0131; \u015fu an teknoloji ve pazarlama konular\u0131 ba\u015fta olmak \u00fczere bir\u00e7ok alanda hizmet veren Unaldi Consultancy\u2019nin kurucusudur. \u2028Selin \u00dcnald\u0131 ile evlidir. Su ve Toprak isminde iki \u00e7ocu\u011fu vard\u0131r.","sameAs":["http:\/\/atif.unaldi.org\/blog","https:\/\/www.facebook.com\/atifunaldi","https:\/\/www.instagram.com\/atifunaldi\/","https:\/\/www.linkedin.com\/in\/atifunaldi","https:\/\/x.com\/https:\/\/twitter.com\/atifunaldi","https:\/\/www.youtube.com\/c\/atifunaldi","https:\/\/soundcloud.com\/atif-unaldi","https:\/\/atifunaldi.tumblr.com"],"url":"http:\/\/atif.unaldi.org\/blog\/author\/atifunaldi\/"}]}},"jetpack_featured_media_url":"","_links":{"self":[{"href":"http:\/\/atif.unaldi.org\/blog\/wp-json\/wp\/v2\/posts\/306","targetHints":{"allow":["GET"]}}],"collection":[{"href":"http:\/\/atif.unaldi.org\/blog\/wp-json\/wp\/v2\/posts"}],"about":[{"href":"http:\/\/atif.unaldi.org\/blog\/wp-json\/wp\/v2\/types\/post"}],"author":[{"embeddable":true,"href":"http:\/\/atif.unaldi.org\/blog\/wp-json\/wp\/v2\/users\/2"}],"replies":[{"embeddable":true,"href":"http:\/\/atif.unaldi.org\/blog\/wp-json\/wp\/v2\/comments?post=306"}],"version-history":[{"count":0,"href":"http:\/\/atif.unaldi.org\/blog\/wp-json\/wp\/v2\/posts\/306\/revisions"}],"wp:attachment":[{"href":"http:\/\/atif.unaldi.org\/blog\/wp-json\/wp\/v2\/media?parent=306"}],"wp:term":[{"taxonomy":"category","embeddable":true,"href":"http:\/\/atif.unaldi.org\/blog\/wp-json\/wp\/v2\/categories?post=306"},{"taxonomy":"post_tag","embeddable":true,"href":"http:\/\/atif.unaldi.org\/blog\/wp-json\/wp\/v2\/tags?post=306"}],"curies":[{"name":"wp","href":"https:\/\/api.w.org\/{rel}","templated":true}]}}