{"id":310,"date":"2001-01-17T02:00:00","date_gmt":"2001-01-17T00:00:00","guid":{"rendered":"http:\/\/85.17.200.84\/~unaldi\/atif\/?p=310"},"modified":"2001-01-17T02:00:00","modified_gmt":"2001-01-17T00:00:00","slug":"the-ctrl-alt-delcom","status":"publish","type":"post","link":"http:\/\/atif.unaldi.org\/blog\/2001\/01\/17\/the-ctrl-alt-delcom\/","title":{"rendered":"the-ctrl-alt-del.com"},"content":{"rendered":"<p>E\u011fer bu sayfay\u0131 okumakta zorluk \u00e7ekiyorsan\u0131z l\u00fctfen control alt delete tu\u015flar\u0131na birlikte bas\u0131n. Sorunlar\u0131n\u0131z \u00e7\u00f6z\u00fcld\u00fc\u011f\u00fcn\u00fc g\u00f6recek yazan bir web-sitesine girdi\u011fimde, windows 95 daha piyasaya \u00e7\u0131kmam\u0131\u015ft\u0131. O d\u00f6nemlerde bu tu\u015flar ayr\u0131 bir g\u00fczel, ayr\u0131 bir \u00f6zellikliydi. \u00c7\u00fcnk\u00fc bast\u0131\u011f\u0131n\u0131z anda bilgisayar\u0131n\u0131z an\u0131nda karar\u0131r ve cold boot yapard\u0131.<br \/>\nYine ayn\u0131 d\u00f6nemlerde, T\u00fcrkiye&#8217;de ISP&#8217;ler yeni yeni kuruluyor ve helpdesklere i\u015fi bilen kimse olmad\u0131\u011f\u0131 i\u00e7in teknik elemanlar oturtuluyordu. Bilgisayar\u0131n ba\u015f\u0131nda i\u015fi bilen teknik eleman cinnet ge\u00e7irirken kar\u015f\u0131da onu k\u0131zd\u0131rmamak i\u00e7in her sorusunu \u00f6z\u00fcr dilerim diyen m\u00fc\u015fteri\u2026help deskteki \u00e7ocuk en sonunda bu i\u015fi ancak bir cold boot ile halledebilece\u011fini hissediyor:<br \/>\n&#8211;\tbeyefendi cold boot yapar m\u0131s\u0131n\u0131z?<br \/>\n&#8211;\t?<br \/>\n&#8211;\tBeyefend yani control- alt- delete tu\u015flar\u0131na basacaks\u0131n\u0131z?<br \/>\n&#8211;\tNerede bu tu\u015flar\u2026<br \/>\n&#8211;\t(Tu\u015flar\u0131n detayl\u0131 tarifi) \u015eimdi bunlara birden bas\u0131n<br \/>\n&#8211;\tHepsine birden basam\u0131yorum ki?<br \/>\n&#8211;\tO zaman \u015fimdi bir elinile control ve alt tu\u015funa bas\u0131n \u00f6b\u00fcr elinizle de delete&#8217;e<br \/>\n(pat k\u00fc\u00fc\u00fct)<br \/>\n&#8211;\tYav, demin basmaya \u00e7al\u0131\u015ft\u0131m olmad\u0131. Sonra sert bi\u015feyle vurmay\u0131 denedim yine olmad\u0131. Sonra control tu\u015funa bir elimle bast\u0131p, di\u011fer elimle delete tu\u015funa bast\u0131m ama alt tu\u015funa basacak elim kalmad\u0131\u2026<br \/>\n&#8211;\t\u2026<br \/>\n&#8211;\tAlo<br \/>\n&#8211;\t\u2026<br \/>\n&#8211;\tAlooooo, aloooo. Ne oldu bu adama \u015fimdi yahu\u2026<\/p>\n<p>\u0130\u015fte b\u00f6yle ctrl-alt-del bu kadar \u00f6nemli \u00fc\u00e7 tu\u015f. Yine uzun s\u00fcredir posta kutular\u0131m\u0131zda dola\u015fan bir mesaj. Bir resim. Resmedilen bir keyboard. \u00dczerinde sadece \u00fc\u00e7 tu\u015f var. Alt\u0131nda bir haber, Microsoft keyboardunu \u00fcretti. Komik bir sata\u015fma. E\u011flenceli. Microsoft T\u00fcrkiye&#8217;deki dostlar\u0131m\u0131zla payla\u015f\u0131yoruz, hep beraber g\u00fcl\u00fcyoruz. Ge\u00e7en g\u00fcn Microsoft&#8217;un sistemine bir havker dadand\u0131. Kendisi cidden kendi buldu\u011fu bir a\u00e7\u0131ktan yararlanarak bir sitemi delmi\u015f. Yakalan\u0131nca Microsoft teklif g\u00f6t\u00fcrd\u00fc.<br \/>\nBu aralar Microsoft&#8217;un ba\u015f\u0131na gelmeyen kalmad\u0131. Son olarak whistler&#8217;dan sonar ie 6.0 &#8216;da \u00e7al\u0131nd\u0131. Bu da beklenen bir geli\u015fmeydi asl\u0131nda. G\u00fcvenlik mekanizmalar\u0131n\u0131n yetersizli\u011finin ne oldu\u011funu anlatan bir geli\u015fme. \u00c7inliler T\u00fcrk tehlikesinden kurtulmak i\u00e7in \u00c7in seddini yapt\u0131rm\u0131\u015f . Komik br g\u00fcvenlik anlay\u0131\u015f\u0131..T\u0131pk\u0131 firewall&#8217;lar gibi.. Daha sonar so\u011fuk sava\u015f d\u00f6nemi ba\u015flad\u0131. Potansiye d\u00fc\u015fman\u0131n bilgilerini \u00e7almak ve hareketlerini \u00f6\u011frenmek. Bu \u015fu an hacker ve DoS ataklar\u0131na g\u00fczel \u00f6rnekler. Peki daha sonra tam bir enformasyon sava\u015f\u0131 ba\u015flayacak. Herkes kendi fikrinin kafalara sokmak i\u00e7in u\u011fra\u015facak.<br \/>\nHep diyorumya internette yeni bir\u015fey yok. Sadece insan var. Adem&#8217;den bu  yana gelen al\u0131\u015f\u0131k oldu\u011fumuz insane. Onlar\u0131n ili\u015fkileri ve ileti\u015fimleri var. Sadece bu\u2026<br \/>\nNETle\u015fmek \u00fczere\u2026<\/p>\n<p>Benden Duymu\u015f olmay\u0131n:<br \/>\n&#8211; Batan, batana\u2026 Sonu nereye gidecek kimse bilmiyor. Asl\u0131nda bu belki de internet d\u00fc\u015f\u00fcnen, internet ya\u015fayanlar\u0131n i\u015fine yarayacak. Dan\u0131\u015fmanlar\u0131n internet projelerinde ne kadar \u00f6nemli olduklar\u0131, 400 dolara \u00fcniversite \u00f6\u011frencisine web sitesi yapt\u0131r\u0131ld\u0131\u011f\u0131nda neler kayedilece\u011fi, art\u0131k daha iyi anla\u015f\u0131lacak.<br \/>\n&#8211;\tGe\u00e7en aylarda \u00fcniversite \u00f6\u011frencilerini hedef alan bir yar\u0131\u015fma yap\u0131lm\u0131\u015ft\u0131. Tan\u0131t\u0131m\u0131 s\u0131ras\u0131nda \u00e7o\u011fumuzun anlayamad\u0131\u011f\u0131 \u015fey, kazanan gruba nelerin verilece\u011fi idi.  O zaman projenin geli\u015ftirilmesi i\u00e7in ne gerekiyorsa yap\u0131laca\u011f\u0131 s\u00f6yleniyordu ama \u015fu anda bu grubun ciddi bir sermaye ihtiyac\u0131 var !?!?<br \/>\n&#8211;\tBu hafta i\u00e7inde bir yaz\u0131l\u0131m \u015firketinin browser&#8217;\u0131 \u00e7al\u0131nd\u0131. Gizli bir betan\u0131n \u00e7al\u0131nmas\u0131 ve sonra netten download edilebilir olmas\u0131 herkesin kafas\u0131n\u0131 kar\u0131\u015ft\u0131rd\u0131. Bu siteye korkun\u00e7 bir h\u00fccum oldu. Ama yetkilileri program\u0131 istek \u00fczerine yay\u0131ndan alm\u0131\u015flard\u0131.<br \/>\n&#8211;\tBu gen\u00e7ler korkun\u00e7 h\u0131zla geliyorlar. Tahminen 13-14 ya\u015f\u0131nda olan bir okurum mesaj atm\u0131\u015f, internet&#8217;in ve chat&#8217;in T\u00fcrk\u00e7e&#8217;yi nas\u0131l bozdu\u011funun \u00fczerinde durmam\u0131 istiyor. Bu \u00e7ocuklar son derece h\u0131zl\u0131 geliyorlar.. Beni \u00e7ok korkutuyor bu yeni jenerasyon\u2026<br \/>\nHaftan\u0131n Say\u0131s\u0131:<br \/>\n6.0<\/p>\n<p>Internet Explorer&#8217;\u0131n en son versiyonu. G\u00f6r\u00fcnt\u00fcde pek bir yenilik yok. Zaten art\u0131k anlad\u0131\u011f\u0131m kadar\u0131yla sadece engine&#8217;ini d\u00fczeltiyorlar. G\u00f6r\u00fcnt\u00fc konusunda yap\u0131lanlar i\u00e7in MSN kullanman\u0131z\u0131 tavsiye ederim.. Na\u0131s\u0131l olsa yine ayn\u0131 engine var\u2026<\/p>\n","protected":false},"excerpt":{"rendered":"<p>E\u011fer bu sayfay\u0131 okumakta zorluk \u00e7ekiyorsan\u0131z l\u00fctfen control alt delete tu\u015flar\u0131na birlikte bas\u0131n. Sorunlar\u0131n\u0131z \u00e7\u00f6z\u00fcld\u00fc\u011f\u00fcn\u00fc g\u00f6recek yazan bir web-sitesine girdi\u011fimde, windows 95 daha piyasaya \u00e7\u0131kmam\u0131\u015ft\u0131. O d\u00f6nemlerde bu tu\u015flar ayr\u0131 bir g\u00fczel, ayr\u0131 bir \u00f6zellikliydi&#8230;.<\/p>\n","protected":false},"author":2,"featured_media":0,"comment_status":"open","ping_status":"open","sticky":false,"template":"","format":"standard","meta":{"footnotes":""},"categories":[18],"tags":[],"class_list":["post-310","post","type-post","status-publish","format-standard","hentry","category-canteen"],"yoast_head":"<!-- This site is optimized with the Yoast SEO plugin v26.8 - https:\/\/yoast.com\/product\/yoast-seo-wordpress\/ -->\n<title>the-ctrl-alt-del.com - At\u0131f \u00dcnald\u0131<\/title>\n<meta name=\"robots\" content=\"index, follow, max-snippet:-1, max-image-preview:large, max-video-preview:-1\" \/>\n<link rel=\"canonical\" href=\"http:\/\/atif.unaldi.org\/blog\/2001\/01\/17\/the-ctrl-alt-delcom\/\" \/>\n<meta property=\"og:locale\" content=\"tr_TR\" \/>\n<meta property=\"og:type\" content=\"article\" \/>\n<meta property=\"og:title\" content=\"the-ctrl-alt-del.com - At\u0131f \u00dcnald\u0131\" \/>\n<meta property=\"og:description\" content=\"E\u011fer bu sayfay\u0131 okumakta zorluk \u00e7ekiyorsan\u0131z l\u00fctfen control alt delete tu\u015flar\u0131na birlikte bas\u0131n. Sorunlar\u0131n\u0131z \u00e7\u00f6z\u00fcld\u00fc\u011f\u00fcn\u00fc g\u00f6recek yazan bir web-sitesine girdi\u011fimde, windows 95 daha piyasaya \u00e7\u0131kmam\u0131\u015ft\u0131. O d\u00f6nemlerde bu tu\u015flar ayr\u0131 bir g\u00fczel, ayr\u0131 bir \u00f6zellikliydi....\" \/>\n<meta property=\"og:url\" content=\"http:\/\/atif.unaldi.org\/blog\/2001\/01\/17\/the-ctrl-alt-delcom\/\" \/>\n<meta property=\"og:site_name\" content=\"At\u0131f \u00dcnald\u0131\" \/>\n<meta property=\"article:publisher\" content=\"https:\/\/www.facebook.com\/atifunaldi\" \/>\n<meta property=\"article:author\" content=\"https:\/\/www.facebook.com\/atifunaldi\" \/>\n<meta property=\"article:published_time\" content=\"2001-01-17T00:00:00+00:00\" \/>\n<meta name=\"author\" content=\"Atif Unaldi\" \/>\n<meta name=\"twitter:card\" content=\"summary_large_image\" \/>\n<meta name=\"twitter:creator\" content=\"@https:\/\/twitter.com\/atifunaldi\" \/>\n<meta name=\"twitter:site\" content=\"@atifunaldi\" \/>\n<meta name=\"twitter:label1\" content=\"Yazan:\" \/>\n\t<meta name=\"twitter:data1\" content=\"Atif Unaldi\" \/>\n\t<meta name=\"twitter:label2\" content=\"Tahmini okuma s\u00fcresi\" \/>\n\t<meta name=\"twitter:data2\" content=\"4 dakika\" \/>\n<script type=\"application\/ld+json\" class=\"yoast-schema-graph\">{\"@context\":\"https:\/\/schema.org\",\"@graph\":[{\"@type\":\"Article\",\"@id\":\"http:\/\/atif.unaldi.org\/blog\/2001\/01\/17\/the-ctrl-alt-delcom\/#article\",\"isPartOf\":{\"@id\":\"http:\/\/atif.unaldi.org\/blog\/2001\/01\/17\/the-ctrl-alt-delcom\/\"},\"author\":{\"name\":\"Atif Unaldi\",\"@id\":\"http:\/\/atif.unaldi.org\/blog\/#\/schema\/person\/608ed42ecbda2bc5cfdb767ac1db479b\"},\"headline\":\"the-ctrl-alt-del.com\",\"datePublished\":\"2001-01-17T00:00:00+00:00\",\"mainEntityOfPage\":{\"@id\":\"http:\/\/atif.unaldi.org\/blog\/2001\/01\/17\/the-ctrl-alt-delcom\/\"},\"wordCount\":718,\"commentCount\":0,\"publisher\":{\"@id\":\"http:\/\/atif.unaldi.org\/blog\/#\/schema\/person\/608ed42ecbda2bc5cfdb767ac1db479b\"},\"articleSection\":[\"- Canteen\"],\"inLanguage\":\"tr\",\"potentialAction\":[{\"@type\":\"CommentAction\",\"name\":\"Comment\",\"target\":[\"http:\/\/atif.unaldi.org\/blog\/2001\/01\/17\/the-ctrl-alt-delcom\/#respond\"]}]},{\"@type\":\"WebPage\",\"@id\":\"http:\/\/atif.unaldi.org\/blog\/2001\/01\/17\/the-ctrl-alt-delcom\/\",\"url\":\"http:\/\/atif.unaldi.org\/blog\/2001\/01\/17\/the-ctrl-alt-delcom\/\",\"name\":\"the-ctrl-alt-del.com - At\u0131f \u00dcnald\u0131\",\"isPartOf\":{\"@id\":\"http:\/\/atif.unaldi.org\/blog\/#website\"},\"datePublished\":\"2001-01-17T00:00:00+00:00\",\"breadcrumb\":{\"@id\":\"http:\/\/atif.unaldi.org\/blog\/2001\/01\/17\/the-ctrl-alt-delcom\/#breadcrumb\"},\"inLanguage\":\"tr\",\"potentialAction\":[{\"@type\":\"ReadAction\",\"target\":[\"http:\/\/atif.unaldi.org\/blog\/2001\/01\/17\/the-ctrl-alt-delcom\/\"]}]},{\"@type\":\"BreadcrumbList\",\"@id\":\"http:\/\/atif.unaldi.org\/blog\/2001\/01\/17\/the-ctrl-alt-delcom\/#breadcrumb\",\"itemListElement\":[{\"@type\":\"ListItem\",\"position\":1,\"name\":\"Anasayfa\",\"item\":\"http:\/\/atif.unaldi.org\/blog\/\"},{\"@type\":\"ListItem\",\"position\":2,\"name\":\"the-ctrl-alt-del.com\"}]},{\"@type\":\"WebSite\",\"@id\":\"http:\/\/atif.unaldi.org\/blog\/#website\",\"url\":\"http:\/\/atif.unaldi.org\/blog\/\",\"name\":\"At\u0131f \u00dcnald\u0131\",\"description\":\"Yazar\",\"publisher\":{\"@id\":\"http:\/\/atif.unaldi.org\/blog\/#\/schema\/person\/608ed42ecbda2bc5cfdb767ac1db479b\"},\"alternateName\":\"At\u0131f \u00dcnald\u0131 Blog\",\"potentialAction\":[{\"@type\":\"SearchAction\",\"target\":{\"@type\":\"EntryPoint\",\"urlTemplate\":\"http:\/\/atif.unaldi.org\/blog\/?s={search_term_string}\"},\"query-input\":{\"@type\":\"PropertyValueSpecification\",\"valueRequired\":true,\"valueName\":\"search_term_string\"}}],\"inLanguage\":\"tr\"},{\"@type\":[\"Person\",\"Organization\"],\"@id\":\"http:\/\/atif.unaldi.org\/blog\/#\/schema\/person\/608ed42ecbda2bc5cfdb767ac1db479b\",\"name\":\"Atif Unaldi\",\"image\":{\"@type\":\"ImageObject\",\"inLanguage\":\"tr\",\"@id\":\"http:\/\/atif.unaldi.org\/blog\/#\/schema\/person\/image\/\",\"url\":\"http:\/\/atif.unaldi.org\/blog\/wp-content\/uploads\/2022\/10\/cropped-a94e8f7a-67c4-4d65-8a5f-032ba784be53-2.jpg\",\"contentUrl\":\"http:\/\/atif.unaldi.org\/blog\/wp-content\/uploads\/2022\/10\/cropped-a94e8f7a-67c4-4d65-8a5f-032ba784be53-2.jpg\",\"width\":512,\"height\":512,\"caption\":\"Atif Unaldi\"},\"logo\":{\"@id\":\"http:\/\/atif.unaldi.org\/blog\/#\/schema\/person\/image\/\"},\"description\":\"Bo\u011fazi\u00e7i \u00dcniversitesinde Fizik B\u00f6l\u00fcm\u00fc\u2019nde e\u011fitim ald\u0131\u011f\u0131 y\u0131llarda T\u00fcrkiye\u2019de ilk kez iki bilgisayar\u0131 telefon hatlar\u0131 \u00fczerinden konu\u015fturan BBS sistemini kurarak, T\u00fcrkiye\u2019deki ilk internet a\u011f\u0131n\u0131 olu\u015fturmu\u015ftur. Bir \u00e7ok radyo ve televizyonda program yap\u0131mc\u0131l\u0131\u011f\u0131 ve sunuculu\u011funu, bir \u00e7ok teknoloji dergisinde k\u00f6\u015fe yazarl\u0131\u011f\u0131, bili\u015fim edit\u00f6rl\u00fc\u011f\u00fc ve genel yay\u0131n y\u00f6netmenli\u011fi yapt\u0131. T\u00fcrkiye\u2019deki ilk internet servis sa\u011flay\u0131c\u0131s\u0131n\u0131n genel m\u00fcd\u00fcrl\u00fc\u011f\u00fcn\u00fc \u00fcstlendi. Bir \u00e7ok organizasyon ve kurulu\u015fta internet s\u00fcperviz\u00f6rl\u00fc\u011f\u00fc , webmaster\u2019l\u0131\u011f\u0131 , IT direkt\u00f6rl\u00fc\u011f\u00fc ve dijital projeler koordinat\u00f6rl\u00fc\u011f\u00fc g\u00f6revlerinde bulundu. Farkl\u0131 \u00fcniversitelerin farkl\u0131 fak\u00fcltelerinde \u00f6\u011fretim g\u00f6revlisi olarak bulunmu\u015f olan \u00dcnald\u0131; \u015fu an teknoloji ve pazarlama konular\u0131 ba\u015fta olmak \u00fczere bir\u00e7ok alanda hizmet veren Unaldi Consultancy\u2019nin kurucusudur. \\u2028Selin \u00dcnald\u0131 ile evlidir. Su ve Toprak isminde iki \u00e7ocu\u011fu vard\u0131r.\",\"sameAs\":[\"http:\/\/atif.unaldi.org\/blog\",\"https:\/\/www.facebook.com\/atifunaldi\",\"https:\/\/www.instagram.com\/atifunaldi\/\",\"https:\/\/www.linkedin.com\/in\/atifunaldi\",\"https:\/\/x.com\/https:\/\/twitter.com\/atifunaldi\",\"https:\/\/www.youtube.com\/c\/atifunaldi\",\"https:\/\/soundcloud.com\/atif-unaldi\",\"https:\/\/atifunaldi.tumblr.com\"],\"url\":\"http:\/\/atif.unaldi.org\/blog\/author\/atifunaldi\/\"}]}<\/script>\n<!-- \/ Yoast SEO plugin. -->","yoast_head_json":{"title":"the-ctrl-alt-del.com - At\u0131f \u00dcnald\u0131","robots":{"index":"index","follow":"follow","max-snippet":"max-snippet:-1","max-image-preview":"max-image-preview:large","max-video-preview":"max-video-preview:-1"},"canonical":"http:\/\/atif.unaldi.org\/blog\/2001\/01\/17\/the-ctrl-alt-delcom\/","og_locale":"tr_TR","og_type":"article","og_title":"the-ctrl-alt-del.com - At\u0131f \u00dcnald\u0131","og_description":"E\u011fer bu sayfay\u0131 okumakta zorluk \u00e7ekiyorsan\u0131z l\u00fctfen control alt delete tu\u015flar\u0131na birlikte bas\u0131n. Sorunlar\u0131n\u0131z \u00e7\u00f6z\u00fcld\u00fc\u011f\u00fcn\u00fc g\u00f6recek yazan bir web-sitesine girdi\u011fimde, windows 95 daha piyasaya \u00e7\u0131kmam\u0131\u015ft\u0131. O d\u00f6nemlerde bu tu\u015flar ayr\u0131 bir g\u00fczel, ayr\u0131 bir \u00f6zellikliydi....","og_url":"http:\/\/atif.unaldi.org\/blog\/2001\/01\/17\/the-ctrl-alt-delcom\/","og_site_name":"At\u0131f \u00dcnald\u0131","article_publisher":"https:\/\/www.facebook.com\/atifunaldi","article_author":"https:\/\/www.facebook.com\/atifunaldi","article_published_time":"2001-01-17T00:00:00+00:00","author":"Atif Unaldi","twitter_card":"summary_large_image","twitter_creator":"@https:\/\/twitter.com\/atifunaldi","twitter_site":"@atifunaldi","twitter_misc":{"Yazan:":"Atif Unaldi","Tahmini okuma s\u00fcresi":"4 dakika"},"schema":{"@context":"https:\/\/schema.org","@graph":[{"@type":"Article","@id":"http:\/\/atif.unaldi.org\/blog\/2001\/01\/17\/the-ctrl-alt-delcom\/#article","isPartOf":{"@id":"http:\/\/atif.unaldi.org\/blog\/2001\/01\/17\/the-ctrl-alt-delcom\/"},"author":{"name":"Atif Unaldi","@id":"http:\/\/atif.unaldi.org\/blog\/#\/schema\/person\/608ed42ecbda2bc5cfdb767ac1db479b"},"headline":"the-ctrl-alt-del.com","datePublished":"2001-01-17T00:00:00+00:00","mainEntityOfPage":{"@id":"http:\/\/atif.unaldi.org\/blog\/2001\/01\/17\/the-ctrl-alt-delcom\/"},"wordCount":718,"commentCount":0,"publisher":{"@id":"http:\/\/atif.unaldi.org\/blog\/#\/schema\/person\/608ed42ecbda2bc5cfdb767ac1db479b"},"articleSection":["- Canteen"],"inLanguage":"tr","potentialAction":[{"@type":"CommentAction","name":"Comment","target":["http:\/\/atif.unaldi.org\/blog\/2001\/01\/17\/the-ctrl-alt-delcom\/#respond"]}]},{"@type":"WebPage","@id":"http:\/\/atif.unaldi.org\/blog\/2001\/01\/17\/the-ctrl-alt-delcom\/","url":"http:\/\/atif.unaldi.org\/blog\/2001\/01\/17\/the-ctrl-alt-delcom\/","name":"the-ctrl-alt-del.com - At\u0131f \u00dcnald\u0131","isPartOf":{"@id":"http:\/\/atif.unaldi.org\/blog\/#website"},"datePublished":"2001-01-17T00:00:00+00:00","breadcrumb":{"@id":"http:\/\/atif.unaldi.org\/blog\/2001\/01\/17\/the-ctrl-alt-delcom\/#breadcrumb"},"inLanguage":"tr","potentialAction":[{"@type":"ReadAction","target":["http:\/\/atif.unaldi.org\/blog\/2001\/01\/17\/the-ctrl-alt-delcom\/"]}]},{"@type":"BreadcrumbList","@id":"http:\/\/atif.unaldi.org\/blog\/2001\/01\/17\/the-ctrl-alt-delcom\/#breadcrumb","itemListElement":[{"@type":"ListItem","position":1,"name":"Anasayfa","item":"http:\/\/atif.unaldi.org\/blog\/"},{"@type":"ListItem","position":2,"name":"the-ctrl-alt-del.com"}]},{"@type":"WebSite","@id":"http:\/\/atif.unaldi.org\/blog\/#website","url":"http:\/\/atif.unaldi.org\/blog\/","name":"At\u0131f \u00dcnald\u0131","description":"Yazar","publisher":{"@id":"http:\/\/atif.unaldi.org\/blog\/#\/schema\/person\/608ed42ecbda2bc5cfdb767ac1db479b"},"alternateName":"At\u0131f \u00dcnald\u0131 Blog","potentialAction":[{"@type":"SearchAction","target":{"@type":"EntryPoint","urlTemplate":"http:\/\/atif.unaldi.org\/blog\/?s={search_term_string}"},"query-input":{"@type":"PropertyValueSpecification","valueRequired":true,"valueName":"search_term_string"}}],"inLanguage":"tr"},{"@type":["Person","Organization"],"@id":"http:\/\/atif.unaldi.org\/blog\/#\/schema\/person\/608ed42ecbda2bc5cfdb767ac1db479b","name":"Atif Unaldi","image":{"@type":"ImageObject","inLanguage":"tr","@id":"http:\/\/atif.unaldi.org\/blog\/#\/schema\/person\/image\/","url":"http:\/\/atif.unaldi.org\/blog\/wp-content\/uploads\/2022\/10\/cropped-a94e8f7a-67c4-4d65-8a5f-032ba784be53-2.jpg","contentUrl":"http:\/\/atif.unaldi.org\/blog\/wp-content\/uploads\/2022\/10\/cropped-a94e8f7a-67c4-4d65-8a5f-032ba784be53-2.jpg","width":512,"height":512,"caption":"Atif Unaldi"},"logo":{"@id":"http:\/\/atif.unaldi.org\/blog\/#\/schema\/person\/image\/"},"description":"Bo\u011fazi\u00e7i \u00dcniversitesinde Fizik B\u00f6l\u00fcm\u00fc\u2019nde e\u011fitim ald\u0131\u011f\u0131 y\u0131llarda T\u00fcrkiye\u2019de ilk kez iki bilgisayar\u0131 telefon hatlar\u0131 \u00fczerinden konu\u015fturan BBS sistemini kurarak, T\u00fcrkiye\u2019deki ilk internet a\u011f\u0131n\u0131 olu\u015fturmu\u015ftur. Bir \u00e7ok radyo ve televizyonda program yap\u0131mc\u0131l\u0131\u011f\u0131 ve sunuculu\u011funu, bir \u00e7ok teknoloji dergisinde k\u00f6\u015fe yazarl\u0131\u011f\u0131, bili\u015fim edit\u00f6rl\u00fc\u011f\u00fc ve genel yay\u0131n y\u00f6netmenli\u011fi yapt\u0131. T\u00fcrkiye\u2019deki ilk internet servis sa\u011flay\u0131c\u0131s\u0131n\u0131n genel m\u00fcd\u00fcrl\u00fc\u011f\u00fcn\u00fc \u00fcstlendi. Bir \u00e7ok organizasyon ve kurulu\u015fta internet s\u00fcperviz\u00f6rl\u00fc\u011f\u00fc , webmaster\u2019l\u0131\u011f\u0131 , IT direkt\u00f6rl\u00fc\u011f\u00fc ve dijital projeler koordinat\u00f6rl\u00fc\u011f\u00fc g\u00f6revlerinde bulundu. Farkl\u0131 \u00fcniversitelerin farkl\u0131 fak\u00fcltelerinde \u00f6\u011fretim g\u00f6revlisi olarak bulunmu\u015f olan \u00dcnald\u0131; \u015fu an teknoloji ve pazarlama konular\u0131 ba\u015fta olmak \u00fczere bir\u00e7ok alanda hizmet veren Unaldi Consultancy\u2019nin kurucusudur. \u2028Selin \u00dcnald\u0131 ile evlidir. Su ve Toprak isminde iki \u00e7ocu\u011fu vard\u0131r.","sameAs":["http:\/\/atif.unaldi.org\/blog","https:\/\/www.facebook.com\/atifunaldi","https:\/\/www.instagram.com\/atifunaldi\/","https:\/\/www.linkedin.com\/in\/atifunaldi","https:\/\/x.com\/https:\/\/twitter.com\/atifunaldi","https:\/\/www.youtube.com\/c\/atifunaldi","https:\/\/soundcloud.com\/atif-unaldi","https:\/\/atifunaldi.tumblr.com"],"url":"http:\/\/atif.unaldi.org\/blog\/author\/atifunaldi\/"}]}},"jetpack_featured_media_url":"","_links":{"self":[{"href":"http:\/\/atif.unaldi.org\/blog\/wp-json\/wp\/v2\/posts\/310","targetHints":{"allow":["GET"]}}],"collection":[{"href":"http:\/\/atif.unaldi.org\/blog\/wp-json\/wp\/v2\/posts"}],"about":[{"href":"http:\/\/atif.unaldi.org\/blog\/wp-json\/wp\/v2\/types\/post"}],"author":[{"embeddable":true,"href":"http:\/\/atif.unaldi.org\/blog\/wp-json\/wp\/v2\/users\/2"}],"replies":[{"embeddable":true,"href":"http:\/\/atif.unaldi.org\/blog\/wp-json\/wp\/v2\/comments?post=310"}],"version-history":[{"count":0,"href":"http:\/\/atif.unaldi.org\/blog\/wp-json\/wp\/v2\/posts\/310\/revisions"}],"wp:attachment":[{"href":"http:\/\/atif.unaldi.org\/blog\/wp-json\/wp\/v2\/media?parent=310"}],"wp:term":[{"taxonomy":"category","embeddable":true,"href":"http:\/\/atif.unaldi.org\/blog\/wp-json\/wp\/v2\/categories?post=310"},{"taxonomy":"post_tag","embeddable":true,"href":"http:\/\/atif.unaldi.org\/blog\/wp-json\/wp\/v2\/tags?post=310"}],"curies":[{"name":"wp","href":"https:\/\/api.w.org\/{rel}","templated":true}]}}