{"id":311,"date":"2001-01-17T02:00:00","date_gmt":"2001-01-17T00:00:00","guid":{"rendered":"http:\/\/85.17.200.84\/~unaldi\/atif\/?p=311"},"modified":"2001-01-17T02:00:00","modified_gmt":"2001-01-17T00:00:00","slug":"medya-kronik","status":"publish","type":"post","link":"http:\/\/atif.unaldi.org\/blog\/2001\/01\/17\/medya-kronik\/","title":{"rendered":"Medya Kronik"},"content":{"rendered":"<p>Medyan\u0131n Kronikle\u015fmi\u015f Hallerine Ele\u015ftirel Bak\u0131\u015f<\/p>\n<p>Yer: Bir mahalle berberi<\/p>\n<p>Tarih: 04.02.2001<\/p>\n<p>H\u00fcrriyet Gazetesinde Emin \u00c7\u00f6la\u015fan&#8217;\u0131n internet ortan\u0131mda okuyucular\u0131 ile bulu\u015fma \u00e7abas\u0131 konu ediliyor. &#8220;Haber&#8221;e g\u00f6re, Emin Bey chat ortam\u0131na girince \u00f6nce birka\u00e7 korsan bilgisayarc\u0131, onun ismine yak\u0131n nickler alarak kaos yaratmaya \u00e7al\u0131\u015fm\u0131\u015flar. Daha sonra da Emin Bey&#8217;in chatte oldu\u011funu farkeden internet kullan\u0131c\u0131lar\u0131 \u00f6yle bir ak\u0131n etmi\u015flerki chat ortam\u0131 kilitlenmi\u015f. \u015eimdi iyi ho\u015f da siz b\u00f6yle bir chat ortam\u0131na bir konuk yazar al\u0131yorsan\u0131z, onun ismine yak\u0131n nicklerin al\u0131nmas\u0131n\u0131 neden engellemiyorsunuz? Hadi bunu d\u00fc\u015f\u00fcnemediniz ve sald\u0131r\u0131lar oldu, peki ne akla hizmet sistemimiz yo\u011fun ilgiden kilitlendi diyorsunuz? Televizyonda \u00e7al\u0131\u015ft\u0131\u011f\u0131m g\u00fcnlerde, yapt\u0131\u011f\u0131m\u0131z bir yar\u0131\u015fma program\u0131nda bunu ya\u015fam\u0131\u015ft\u0131k. Telefon santraline gelen yo\u011fun talep, o b\u00f6lgenin hatlar\u0131n\u0131n belli bir sure kilitlenmesine neden olabiliyordu\u2026 Fakat bahsetti\u011finiz, telefon de\u011fil internet server&#8217;\u0131n\u0131z? Buna ya inanmamam\u0131z laz\u0131m yada internet altyap\u0131n\u0131z\u0131n nas\u0131l bu kadar k\u00f6t\u00fc oldu\u011funu sorgulamamm\u0131z laz\u0131m. \u00d6rne\u011fin sizin load balance yapan bir server\u0131n\u0131z bir cluster yap\u0131n\u0131z yoksa nas\u0131l internet i\u015fine giri\u015fiyorsunuz. Yapmay\u0131n daha iyi. Ger\u00e7i su\u00e7 tam olarak sizde de de\u011fil, bu i\u015fi hala iki \u00fcniversite \u00f6\u011frencisinin bo\u015f zamanlar\u0131nda y\u00fcr\u00fctebilece\u011fi bir faaliyet oldu\u011funu zanneden patronlar\u0131n\u0131zdan kaynaklan\u0131yor.<\/p>\n<p>Yer: Hisar \u00dcst\u00fc, Malum \u00e7ok sevilen bir kahvalt\u0131 mekan\u0131 Kale.<\/p>\n<p>Tarih: 06.02.2001<\/p>\n<p>Yo\u011fun i\u015f temposundan s\u0131k\u0131l\u0131p yine buraya s\u0131\u011f\u0131nd\u0131m. Biraz stres atmak i\u00e7in bal-kaymak yeyip s\u00fct i\u00e7iyorum. Buran\u0131n Bal kayma\u011f\u0131, menemeni ve manzaras\u0131 nefistir. Asl\u0131nda s\u0131k\u0131nt\u0131m\u0131 atmak i\u00e7in manzaray\u0131 seyretmek yerine, Akt\u00fcel&#8217;de eski ve \u00e7ok sevgili dostum \u015eahin Artan&#8217;\u0131n sayfas\u0131n\u0131 okuyorum. Yine \u00e7izgi roman i\u015fine kafay\u0131 takm\u0131\u015f .T\u00fcrkiye&#8217;nin en eski \u00e7izgi roman kolleksiyoncular\u0131ndand\u0131r kendisi. Ama ondan \u015fu ana kadar \u00e7izgi roman almay\u0131 ba\u015faran da olmam\u0131\u015ft\u0131r. Ger\u00e7i birg\u00fcn bir konu\u015fmam\u0131z s\u0131ras\u0131nda bana sen Conan seversin sana birka\u00e7 Conan getireyim dedi ama laf orada kald\u0131. Hala bekliyoruz bakal\u0131m. Yaz\u0131s\u0131nda \u00e7izgi roman \u0131smarlarken Hotmail \u00fczerinden yazd\u0131\u011f\u0131 bir mailin nas\u0131l blokland\u0131\u011f\u0131n\u0131 anlat\u0131yor. Asl\u0131nda bu konuyu sadece bu noktada b\u0131rakm\u0131\u015f olmas\u0131na \u00fcz\u00fcld\u00fcm. Ondan bu bloklaman\u0131n neden \u015fimdiye kadar ger\u00e7ekle\u015fmedi\u011fi ama \u015fu an b\u00f6yle bir\u015feyin oldu\u011fu, ayr\u0131ca neden hotmaile gelen de\u011fil hotmailden giden mesajlara bloklama konuldu\u011funa dair bir a\u00e7\u0131klama okumak isterdim. Ama nedense \u015eahin i\u015fin bu k\u0131sm\u0131n\u0131 atlam\u0131\u015f. As\u0131l mesele Ms&#8217;in yeni \u00e7\u0131karm\u0131\u015f oldu\u011fu MSN explorerdan kaynaklan\u0131yor. Bu program sayesinde Hotmail hesab\u0131n\u0131z\u0131 bir webmail de\u011filde pop3 mailmi\u015f kadar kolay kullanabiliyorsunuz. Tabii bu sadece mail almayla de\u011fil, mail yollamayla da ilgili. Tabii Hotmail bu kolayl\u0131\u011f\u0131 yap\u0131nca giden maillerden dolay\u0131 abuse liste girmekten korktu\u011fu i\u00e7in bir bloklama yapm\u0131\u015f olduklar\u0131n\u0131 san\u0131yorum. Ms yine kullan\u0131c\u0131s\u0131 i\u00e7in i\u015fleri kolayla\u015ft\u0131rmak istemesinin kurban\u0131 oldu diye d\u00fc\u015f\u00fcn\u00fcyorum.<\/p>\n<p>Yer: Bilgi \u00dcniversitesi, Prof. Nabi Avc\u0131&#8217;n\u0131n odas\u0131<\/p>\n<p>Tarih: Ge\u00e7en y\u0131l bu zamanlar<\/p>\n<p>Nabi Hoca ile T\u00fcrkiye hakk\u0131nda konu\u015fuyoruz. Hani \u015fu me\u015fhur &#8220;\u00d6teki T\u00fcrkiye&#8221; konu\u015fmalar\u0131ndan aylar \u00f6nce. Bize konuyla ilgili yazd\u0131\u011f\u0131 yaz\u0131lar\u0131 g\u00f6steriyor. Aylar sonra bu konu\u015fmalar genel medyada da patlak verince merak ediyoruz ne zaman birisi kavram\u0131n as\u0131l sahibi Nabi hocadan bahsedecek diye ama \u00e7\u0131t yok. Sahiplenen sahiplenmi\u015f bile konuyu. Nabi hoca ise g\u00fcl\u00fcp ge\u00e7iyor. Tam da bu d\u00f6nemlerde Bilgi \u00dcniversitesi s\u0131n\u0131rlar\u0131 i\u00e7inde hummal\u0131 bir \u00e7al\u0131\u015fma K\u00fcr\u015fat Bumin taraf\u0131ndan y\u00fcr\u00fct\u00fcl\u00fcyor. Http:\/\/www.medyakronik.com &#8230; Medyan\u0131n Kronikle\u015fmi\u015f Hallerine Ele\u015ftirel Bak\u0131\u015f&#8230; Bu yaz\u0131y\u0131 Bilgi \u00dcniversitesindeki bu siteye eme\u011fi ge\u00e7en herkese itaf ediyorum.<\/p>\n<p>NETle\u015fmek \u00fczere..<\/p>\n<p>Benden Duymu\u015f Olmay\u0131n.<\/p>\n<p>Bir ISP haberi de di\u011fer taraftan. Yine bir holding b\u00fcnyesindeki ISP, yine bir k\u00fc\u00e7\u00fclme haberi. G\u00f6r\u00fcnen o ki \u00e7al\u0131\u015fanlar\u0131n\u0131n b\u00fcy\u00fck k\u0131sm\u0131 i\u015f aramaya ba\u015flam\u0131\u015f. \u00c7\u00fcnk\u00fc \u015firket ba\u015fka bir A.\u015e.&#8217;ye ge\u00e7i\u015f a\u015famas\u0131ndaym\u0131\u015f.<\/p>\n<p>Bili\u015fim Oskarlar\u0131nda j\u00fcri \u00fcyesi oldu\u011fum i\u00e7in kat\u0131ld\u0131\u011f\u0131m bir t\u00f6rende internet eri\u015fimi konusunda yeni bir giri\u015fimin olaca\u011f\u0131n\u0131 \u00f6\u011frendim. Bu aralar eri\u015fim i\u00e7in alternatif arayaca\u011f\u0131n\u0131za beklemenizi \u00f6neririm. Birka\u00e7 ay i\u00e7inde bu \u00fcr\u00fcn\u00fcn \u00e7\u0131kaca\u011f\u0131n\u0131 tahmin ediyorum.<\/p>\n<p>20 \u015eubatta T\u00fcrkiye Bili\u015fim Derne\u011finin konu\u011fu olarak, Bursa&#8217;da K\u00fclt\u00fcr Park\u0131 i\u00e7inde B\u00fcsiad&#8217;\u0131n salonunda seminerler verece\u011fiz. Hepinizi bekleriz.<\/p>\n<p>Size bir iyi bir k\u00f6t\u00fc haberim var. Sagem yeni bir telefon \u00e7\u0131karm\u0131\u015f. \u00dczerinde Pocket PC ve W\u0130n CE var. Bu iyi haberdi. K\u00f6t\u00fc haber ise art\u0131k cep telefonunda vir\u00fcs miti ger\u00e7ek olmak \u00fczere.<\/p>\n<p>Haftan\u0131n Say\u0131s\u0131<\/p>\n<p>2.6<\/p>\n<p>Bir dostumuz oturmu\u015f saym\u0131\u015f, 1995 y\u0131l\u0131nda 101 milyar e-mail internet \u00fczerinde dola\u015fm\u0131\u015f. Bu rakam 2000 y\u0131l\u0131nda 2.6 trilyon olmu\u015f. Fakat yan\u0131lm\u0131yorsam bu y\u0131l i\u00e7indeydi, bu mesajlardan biri d\u00fcnyaya de\u011fil uzaya at\u0131ld\u0131. Bu denemeden sonra ka\u00e7 mesaj gitti Nasa&#8217;n\u0131n smtp server\u0131na sormak laz\u0131m ama en az\u0131ndan d\u00fcnyadan uzaya giden bir mesaj oldu\u011funu biliyorum. Bu demektirki uzay mekiklerinde bir pop3 bir de smtp server var. Acaba ip&#8217;si ka\u00e7? Ping yap\u0131labiliyor mu? A\u00e7\u0131\u011f\u0131 var m\u0131d\u0131r? Bizim hackerlar uzay\u0131 hacklese ne komik olur.. Neyse ki Amerika m\u00fcttefikimiz ;-))<\/p>\n<p>Haftan\u0131n Ekran\u0131<\/p>\n<p>Bu hafta medyadan gidiyoruz ama insan bunu g\u00f6r\u00fcpte yazmadan edemiyor. Pes do\u011frusu insan buray\u0131 da bu \u015fekilde a\u00e7\u0131k b\u0131rak\u0131r m\u0131?<\/p>\n","protected":false},"excerpt":{"rendered":"<p>Medyan\u0131n Kronikle\u015fmi\u015f Hallerine Ele\u015ftirel Bak\u0131\u015f Yer: Bir mahalle berberi Tarih: 04.02.2001 H\u00fcrriyet Gazetesinde Emin \u00c7\u00f6la\u015fan&#8217;\u0131n internet ortan\u0131mda okuyucular\u0131 ile bulu\u015fma \u00e7abas\u0131 konu ediliyor. &#8220;Haber&#8221;e g\u00f6re, Emin Bey chat ortam\u0131na girince \u00f6nce birka\u00e7 korsan bilgisayarc\u0131, onun&#8230;<\/p>\n","protected":false},"author":2,"featured_media":0,"comment_status":"open","ping_status":"open","sticky":false,"template":"","format":"standard","meta":{"footnotes":""},"categories":[18],"tags":[],"class_list":["post-311","post","type-post","status-publish","format-standard","hentry","category-canteen"],"yoast_head":"<!-- This site is optimized with the Yoast SEO plugin v26.8 - https:\/\/yoast.com\/product\/yoast-seo-wordpress\/ -->\n<title>Medya Kronik - At\u0131f \u00dcnald\u0131<\/title>\n<meta name=\"robots\" content=\"index, follow, max-snippet:-1, max-image-preview:large, max-video-preview:-1\" \/>\n<link rel=\"canonical\" href=\"http:\/\/atif.unaldi.org\/blog\/2001\/01\/17\/medya-kronik\/\" \/>\n<meta property=\"og:locale\" content=\"tr_TR\" \/>\n<meta property=\"og:type\" content=\"article\" \/>\n<meta property=\"og:title\" content=\"Medya Kronik - At\u0131f \u00dcnald\u0131\" \/>\n<meta property=\"og:description\" content=\"Medyan\u0131n Kronikle\u015fmi\u015f Hallerine Ele\u015ftirel Bak\u0131\u015f Yer: Bir mahalle berberi Tarih: 04.02.2001 H\u00fcrriyet Gazetesinde Emin \u00c7\u00f6la\u015fan&#8217;\u0131n internet ortan\u0131mda okuyucular\u0131 ile bulu\u015fma \u00e7abas\u0131 konu ediliyor. &#8220;Haber&#8221;e g\u00f6re, Emin Bey chat ortam\u0131na girince \u00f6nce birka\u00e7 korsan bilgisayarc\u0131, onun...\" \/>\n<meta property=\"og:url\" content=\"http:\/\/atif.unaldi.org\/blog\/2001\/01\/17\/medya-kronik\/\" \/>\n<meta property=\"og:site_name\" content=\"At\u0131f \u00dcnald\u0131\" \/>\n<meta property=\"article:publisher\" content=\"https:\/\/www.facebook.com\/atifunaldi\" \/>\n<meta property=\"article:author\" content=\"https:\/\/www.facebook.com\/atifunaldi\" \/>\n<meta property=\"article:published_time\" content=\"2001-01-17T00:00:00+00:00\" \/>\n<meta name=\"author\" content=\"Atif Unaldi\" \/>\n<meta name=\"twitter:card\" content=\"summary_large_image\" \/>\n<meta name=\"twitter:creator\" content=\"@https:\/\/twitter.com\/atifunaldi\" \/>\n<meta name=\"twitter:site\" content=\"@atifunaldi\" \/>\n<meta name=\"twitter:label1\" content=\"Yazan:\" \/>\n\t<meta name=\"twitter:data1\" content=\"Atif Unaldi\" \/>\n\t<meta name=\"twitter:label2\" content=\"Tahmini okuma s\u00fcresi\" \/>\n\t<meta name=\"twitter:data2\" content=\"5 dakika\" \/>\n<script type=\"application\/ld+json\" class=\"yoast-schema-graph\">{\"@context\":\"https:\/\/schema.org\",\"@graph\":[{\"@type\":\"Article\",\"@id\":\"http:\/\/atif.unaldi.org\/blog\/2001\/01\/17\/medya-kronik\/#article\",\"isPartOf\":{\"@id\":\"http:\/\/atif.unaldi.org\/blog\/2001\/01\/17\/medya-kronik\/\"},\"author\":{\"name\":\"Atif Unaldi\",\"@id\":\"http:\/\/atif.unaldi.org\/blog\/#\/schema\/person\/608ed42ecbda2bc5cfdb767ac1db479b\"},\"headline\":\"Medya Kronik\",\"datePublished\":\"2001-01-17T00:00:00+00:00\",\"mainEntityOfPage\":{\"@id\":\"http:\/\/atif.unaldi.org\/blog\/2001\/01\/17\/medya-kronik\/\"},\"wordCount\":988,\"commentCount\":0,\"publisher\":{\"@id\":\"http:\/\/atif.unaldi.org\/blog\/#\/schema\/person\/608ed42ecbda2bc5cfdb767ac1db479b\"},\"articleSection\":[\"- Canteen\"],\"inLanguage\":\"tr\",\"potentialAction\":[{\"@type\":\"CommentAction\",\"name\":\"Comment\",\"target\":[\"http:\/\/atif.unaldi.org\/blog\/2001\/01\/17\/medya-kronik\/#respond\"]}]},{\"@type\":\"WebPage\",\"@id\":\"http:\/\/atif.unaldi.org\/blog\/2001\/01\/17\/medya-kronik\/\",\"url\":\"http:\/\/atif.unaldi.org\/blog\/2001\/01\/17\/medya-kronik\/\",\"name\":\"Medya Kronik - At\u0131f \u00dcnald\u0131\",\"isPartOf\":{\"@id\":\"http:\/\/atif.unaldi.org\/blog\/#website\"},\"datePublished\":\"2001-01-17T00:00:00+00:00\",\"breadcrumb\":{\"@id\":\"http:\/\/atif.unaldi.org\/blog\/2001\/01\/17\/medya-kronik\/#breadcrumb\"},\"inLanguage\":\"tr\",\"potentialAction\":[{\"@type\":\"ReadAction\",\"target\":[\"http:\/\/atif.unaldi.org\/blog\/2001\/01\/17\/medya-kronik\/\"]}]},{\"@type\":\"BreadcrumbList\",\"@id\":\"http:\/\/atif.unaldi.org\/blog\/2001\/01\/17\/medya-kronik\/#breadcrumb\",\"itemListElement\":[{\"@type\":\"ListItem\",\"position\":1,\"name\":\"Anasayfa\",\"item\":\"http:\/\/atif.unaldi.org\/blog\/\"},{\"@type\":\"ListItem\",\"position\":2,\"name\":\"Medya Kronik\"}]},{\"@type\":\"WebSite\",\"@id\":\"http:\/\/atif.unaldi.org\/blog\/#website\",\"url\":\"http:\/\/atif.unaldi.org\/blog\/\",\"name\":\"At\u0131f \u00dcnald\u0131\",\"description\":\"Yazar\",\"publisher\":{\"@id\":\"http:\/\/atif.unaldi.org\/blog\/#\/schema\/person\/608ed42ecbda2bc5cfdb767ac1db479b\"},\"alternateName\":\"At\u0131f \u00dcnald\u0131 Blog\",\"potentialAction\":[{\"@type\":\"SearchAction\",\"target\":{\"@type\":\"EntryPoint\",\"urlTemplate\":\"http:\/\/atif.unaldi.org\/blog\/?s={search_term_string}\"},\"query-input\":{\"@type\":\"PropertyValueSpecification\",\"valueRequired\":true,\"valueName\":\"search_term_string\"}}],\"inLanguage\":\"tr\"},{\"@type\":[\"Person\",\"Organization\"],\"@id\":\"http:\/\/atif.unaldi.org\/blog\/#\/schema\/person\/608ed42ecbda2bc5cfdb767ac1db479b\",\"name\":\"Atif Unaldi\",\"image\":{\"@type\":\"ImageObject\",\"inLanguage\":\"tr\",\"@id\":\"http:\/\/atif.unaldi.org\/blog\/#\/schema\/person\/image\/\",\"url\":\"http:\/\/atif.unaldi.org\/blog\/wp-content\/uploads\/2022\/10\/cropped-a94e8f7a-67c4-4d65-8a5f-032ba784be53-2.jpg\",\"contentUrl\":\"http:\/\/atif.unaldi.org\/blog\/wp-content\/uploads\/2022\/10\/cropped-a94e8f7a-67c4-4d65-8a5f-032ba784be53-2.jpg\",\"width\":512,\"height\":512,\"caption\":\"Atif Unaldi\"},\"logo\":{\"@id\":\"http:\/\/atif.unaldi.org\/blog\/#\/schema\/person\/image\/\"},\"description\":\"Bo\u011fazi\u00e7i \u00dcniversitesinde Fizik B\u00f6l\u00fcm\u00fc\u2019nde e\u011fitim ald\u0131\u011f\u0131 y\u0131llarda T\u00fcrkiye\u2019de ilk kez iki bilgisayar\u0131 telefon hatlar\u0131 \u00fczerinden konu\u015fturan BBS sistemini kurarak, T\u00fcrkiye\u2019deki ilk internet a\u011f\u0131n\u0131 olu\u015fturmu\u015ftur. Bir \u00e7ok radyo ve televizyonda program yap\u0131mc\u0131l\u0131\u011f\u0131 ve sunuculu\u011funu, bir \u00e7ok teknoloji dergisinde k\u00f6\u015fe yazarl\u0131\u011f\u0131, bili\u015fim edit\u00f6rl\u00fc\u011f\u00fc ve genel yay\u0131n y\u00f6netmenli\u011fi yapt\u0131. T\u00fcrkiye\u2019deki ilk internet servis sa\u011flay\u0131c\u0131s\u0131n\u0131n genel m\u00fcd\u00fcrl\u00fc\u011f\u00fcn\u00fc \u00fcstlendi. Bir \u00e7ok organizasyon ve kurulu\u015fta internet s\u00fcperviz\u00f6rl\u00fc\u011f\u00fc , webmaster\u2019l\u0131\u011f\u0131 , IT direkt\u00f6rl\u00fc\u011f\u00fc ve dijital projeler koordinat\u00f6rl\u00fc\u011f\u00fc g\u00f6revlerinde bulundu. Farkl\u0131 \u00fcniversitelerin farkl\u0131 fak\u00fcltelerinde \u00f6\u011fretim g\u00f6revlisi olarak bulunmu\u015f olan \u00dcnald\u0131; \u015fu an teknoloji ve pazarlama konular\u0131 ba\u015fta olmak \u00fczere bir\u00e7ok alanda hizmet veren Unaldi Consultancy\u2019nin kurucusudur. \\u2028Selin \u00dcnald\u0131 ile evlidir. Su ve Toprak isminde iki \u00e7ocu\u011fu vard\u0131r.\",\"sameAs\":[\"http:\/\/atif.unaldi.org\/blog\",\"https:\/\/www.facebook.com\/atifunaldi\",\"https:\/\/www.instagram.com\/atifunaldi\/\",\"https:\/\/www.linkedin.com\/in\/atifunaldi\",\"https:\/\/x.com\/https:\/\/twitter.com\/atifunaldi\",\"https:\/\/www.youtube.com\/c\/atifunaldi\",\"https:\/\/soundcloud.com\/atif-unaldi\",\"https:\/\/atifunaldi.tumblr.com\"],\"url\":\"http:\/\/atif.unaldi.org\/blog\/author\/atifunaldi\/\"}]}<\/script>\n<!-- \/ Yoast SEO plugin. -->","yoast_head_json":{"title":"Medya Kronik - At\u0131f \u00dcnald\u0131","robots":{"index":"index","follow":"follow","max-snippet":"max-snippet:-1","max-image-preview":"max-image-preview:large","max-video-preview":"max-video-preview:-1"},"canonical":"http:\/\/atif.unaldi.org\/blog\/2001\/01\/17\/medya-kronik\/","og_locale":"tr_TR","og_type":"article","og_title":"Medya Kronik - At\u0131f \u00dcnald\u0131","og_description":"Medyan\u0131n Kronikle\u015fmi\u015f Hallerine Ele\u015ftirel Bak\u0131\u015f Yer: Bir mahalle berberi Tarih: 04.02.2001 H\u00fcrriyet Gazetesinde Emin \u00c7\u00f6la\u015fan&#8217;\u0131n internet ortan\u0131mda okuyucular\u0131 ile bulu\u015fma \u00e7abas\u0131 konu ediliyor. &#8220;Haber&#8221;e g\u00f6re, Emin Bey chat ortam\u0131na girince \u00f6nce birka\u00e7 korsan bilgisayarc\u0131, onun...","og_url":"http:\/\/atif.unaldi.org\/blog\/2001\/01\/17\/medya-kronik\/","og_site_name":"At\u0131f \u00dcnald\u0131","article_publisher":"https:\/\/www.facebook.com\/atifunaldi","article_author":"https:\/\/www.facebook.com\/atifunaldi","article_published_time":"2001-01-17T00:00:00+00:00","author":"Atif Unaldi","twitter_card":"summary_large_image","twitter_creator":"@https:\/\/twitter.com\/atifunaldi","twitter_site":"@atifunaldi","twitter_misc":{"Yazan:":"Atif Unaldi","Tahmini okuma s\u00fcresi":"5 dakika"},"schema":{"@context":"https:\/\/schema.org","@graph":[{"@type":"Article","@id":"http:\/\/atif.unaldi.org\/blog\/2001\/01\/17\/medya-kronik\/#article","isPartOf":{"@id":"http:\/\/atif.unaldi.org\/blog\/2001\/01\/17\/medya-kronik\/"},"author":{"name":"Atif Unaldi","@id":"http:\/\/atif.unaldi.org\/blog\/#\/schema\/person\/608ed42ecbda2bc5cfdb767ac1db479b"},"headline":"Medya Kronik","datePublished":"2001-01-17T00:00:00+00:00","mainEntityOfPage":{"@id":"http:\/\/atif.unaldi.org\/blog\/2001\/01\/17\/medya-kronik\/"},"wordCount":988,"commentCount":0,"publisher":{"@id":"http:\/\/atif.unaldi.org\/blog\/#\/schema\/person\/608ed42ecbda2bc5cfdb767ac1db479b"},"articleSection":["- Canteen"],"inLanguage":"tr","potentialAction":[{"@type":"CommentAction","name":"Comment","target":["http:\/\/atif.unaldi.org\/blog\/2001\/01\/17\/medya-kronik\/#respond"]}]},{"@type":"WebPage","@id":"http:\/\/atif.unaldi.org\/blog\/2001\/01\/17\/medya-kronik\/","url":"http:\/\/atif.unaldi.org\/blog\/2001\/01\/17\/medya-kronik\/","name":"Medya Kronik - At\u0131f \u00dcnald\u0131","isPartOf":{"@id":"http:\/\/atif.unaldi.org\/blog\/#website"},"datePublished":"2001-01-17T00:00:00+00:00","breadcrumb":{"@id":"http:\/\/atif.unaldi.org\/blog\/2001\/01\/17\/medya-kronik\/#breadcrumb"},"inLanguage":"tr","potentialAction":[{"@type":"ReadAction","target":["http:\/\/atif.unaldi.org\/blog\/2001\/01\/17\/medya-kronik\/"]}]},{"@type":"BreadcrumbList","@id":"http:\/\/atif.unaldi.org\/blog\/2001\/01\/17\/medya-kronik\/#breadcrumb","itemListElement":[{"@type":"ListItem","position":1,"name":"Anasayfa","item":"http:\/\/atif.unaldi.org\/blog\/"},{"@type":"ListItem","position":2,"name":"Medya Kronik"}]},{"@type":"WebSite","@id":"http:\/\/atif.unaldi.org\/blog\/#website","url":"http:\/\/atif.unaldi.org\/blog\/","name":"At\u0131f \u00dcnald\u0131","description":"Yazar","publisher":{"@id":"http:\/\/atif.unaldi.org\/blog\/#\/schema\/person\/608ed42ecbda2bc5cfdb767ac1db479b"},"alternateName":"At\u0131f \u00dcnald\u0131 Blog","potentialAction":[{"@type":"SearchAction","target":{"@type":"EntryPoint","urlTemplate":"http:\/\/atif.unaldi.org\/blog\/?s={search_term_string}"},"query-input":{"@type":"PropertyValueSpecification","valueRequired":true,"valueName":"search_term_string"}}],"inLanguage":"tr"},{"@type":["Person","Organization"],"@id":"http:\/\/atif.unaldi.org\/blog\/#\/schema\/person\/608ed42ecbda2bc5cfdb767ac1db479b","name":"Atif Unaldi","image":{"@type":"ImageObject","inLanguage":"tr","@id":"http:\/\/atif.unaldi.org\/blog\/#\/schema\/person\/image\/","url":"http:\/\/atif.unaldi.org\/blog\/wp-content\/uploads\/2022\/10\/cropped-a94e8f7a-67c4-4d65-8a5f-032ba784be53-2.jpg","contentUrl":"http:\/\/atif.unaldi.org\/blog\/wp-content\/uploads\/2022\/10\/cropped-a94e8f7a-67c4-4d65-8a5f-032ba784be53-2.jpg","width":512,"height":512,"caption":"Atif Unaldi"},"logo":{"@id":"http:\/\/atif.unaldi.org\/blog\/#\/schema\/person\/image\/"},"description":"Bo\u011fazi\u00e7i \u00dcniversitesinde Fizik B\u00f6l\u00fcm\u00fc\u2019nde e\u011fitim ald\u0131\u011f\u0131 y\u0131llarda T\u00fcrkiye\u2019de ilk kez iki bilgisayar\u0131 telefon hatlar\u0131 \u00fczerinden konu\u015fturan BBS sistemini kurarak, T\u00fcrkiye\u2019deki ilk internet a\u011f\u0131n\u0131 olu\u015fturmu\u015ftur. Bir \u00e7ok radyo ve televizyonda program yap\u0131mc\u0131l\u0131\u011f\u0131 ve sunuculu\u011funu, bir \u00e7ok teknoloji dergisinde k\u00f6\u015fe yazarl\u0131\u011f\u0131, bili\u015fim edit\u00f6rl\u00fc\u011f\u00fc ve genel yay\u0131n y\u00f6netmenli\u011fi yapt\u0131. T\u00fcrkiye\u2019deki ilk internet servis sa\u011flay\u0131c\u0131s\u0131n\u0131n genel m\u00fcd\u00fcrl\u00fc\u011f\u00fcn\u00fc \u00fcstlendi. Bir \u00e7ok organizasyon ve kurulu\u015fta internet s\u00fcperviz\u00f6rl\u00fc\u011f\u00fc , webmaster\u2019l\u0131\u011f\u0131 , IT direkt\u00f6rl\u00fc\u011f\u00fc ve dijital projeler koordinat\u00f6rl\u00fc\u011f\u00fc g\u00f6revlerinde bulundu. Farkl\u0131 \u00fcniversitelerin farkl\u0131 fak\u00fcltelerinde \u00f6\u011fretim g\u00f6revlisi olarak bulunmu\u015f olan \u00dcnald\u0131; \u015fu an teknoloji ve pazarlama konular\u0131 ba\u015fta olmak \u00fczere bir\u00e7ok alanda hizmet veren Unaldi Consultancy\u2019nin kurucusudur. \u2028Selin \u00dcnald\u0131 ile evlidir. Su ve Toprak isminde iki \u00e7ocu\u011fu vard\u0131r.","sameAs":["http:\/\/atif.unaldi.org\/blog","https:\/\/www.facebook.com\/atifunaldi","https:\/\/www.instagram.com\/atifunaldi\/","https:\/\/www.linkedin.com\/in\/atifunaldi","https:\/\/x.com\/https:\/\/twitter.com\/atifunaldi","https:\/\/www.youtube.com\/c\/atifunaldi","https:\/\/soundcloud.com\/atif-unaldi","https:\/\/atifunaldi.tumblr.com"],"url":"http:\/\/atif.unaldi.org\/blog\/author\/atifunaldi\/"}]}},"jetpack_featured_media_url":"","_links":{"self":[{"href":"http:\/\/atif.unaldi.org\/blog\/wp-json\/wp\/v2\/posts\/311","targetHints":{"allow":["GET"]}}],"collection":[{"href":"http:\/\/atif.unaldi.org\/blog\/wp-json\/wp\/v2\/posts"}],"about":[{"href":"http:\/\/atif.unaldi.org\/blog\/wp-json\/wp\/v2\/types\/post"}],"author":[{"embeddable":true,"href":"http:\/\/atif.unaldi.org\/blog\/wp-json\/wp\/v2\/users\/2"}],"replies":[{"embeddable":true,"href":"http:\/\/atif.unaldi.org\/blog\/wp-json\/wp\/v2\/comments?post=311"}],"version-history":[{"count":0,"href":"http:\/\/atif.unaldi.org\/blog\/wp-json\/wp\/v2\/posts\/311\/revisions"}],"wp:attachment":[{"href":"http:\/\/atif.unaldi.org\/blog\/wp-json\/wp\/v2\/media?parent=311"}],"wp:term":[{"taxonomy":"category","embeddable":true,"href":"http:\/\/atif.unaldi.org\/blog\/wp-json\/wp\/v2\/categories?post=311"},{"taxonomy":"post_tag","embeddable":true,"href":"http:\/\/atif.unaldi.org\/blog\/wp-json\/wp\/v2\/tags?post=311"}],"curies":[{"name":"wp","href":"https:\/\/api.w.org\/{rel}","templated":true}]}}