{"id":316,"date":"2001-02-01T02:00:00","date_gmt":"2001-02-01T00:00:00","guid":{"rendered":"http:\/\/85.17.200.84\/~unaldi\/atif\/?p=316"},"modified":"2001-02-01T02:00:00","modified_gmt":"2001-02-01T00:00:00","slug":"tekelnet-2","status":"publish","type":"post","link":"http:\/\/atif.unaldi.org\/blog\/2001\/02\/01\/tekelnet-2\/","title":{"rendered":"TekelNet"},"content":{"rendered":"<p>Y\u0131llar \u00f6nce iki merakl\u0131 oturup iki bilgisayar\u0131 birbirine ba\u011flam\u0131\u015f. Graham Bell, s\u00f6z konusu oldu\u011funda bu belki son derece b\u00fcy\u00fck bir ba\u015far\u0131 say\u0131lmazd\u0131 ama \u015fu an bir bak\u0131\u015f a\u00e7\u0131s\u0131na g\u00f6re (bu bak\u0131\u015f a\u00e7\u0131s\u0131 fikirlerine son derece sayg\u0131 duydu\u011fum bir gazeteci b\u00fcy\u00fc\u011f\u00fcme aittir) kapitalizmin iki \u00e7\u0131k\u0131\u015f noktas\u0131ndan biri olabilecek kadar \u00f6nemlidir.<br \/>\n\u0130nternet \u00f6nce bir l\u00fcks, bir oyun arac\u0131 daha sonra da her fikrin \u00fczerinde ya\u015fad\u0131\u011f\u0131 bir bilgi platform, bir hayat tarz\u0131 olarak okullar\u0131m\u0131za, i\u015fyerlerimize ve hatta kolumuzdaki saatlere kadar yerle\u015fti.  Bu bilgi platform \u00fczerine \u00f6nce elzem olmayan bilgilerimizi yerle\u015ftirdik. Ama art\u0131k VPN lerle birlikte en hayati bilgilerimizde dahil her\u015fey bu bilgi sath\u0131n\u0131n \u00fczerine yerle\u015feti.<br \/>\n\u0130nsan\u0131n haberle\u015fme ad\u0131na yapt\u0131\u011f\u0131 her\u015fey bu a\u011f\u0131n bir par\u00e7as\u0131 oldu. \u015eu an canl\u0131 yay\u0131nlar da dahil olma \u00fczere her\u015fey bu a\u011f\u0131n bir par\u00e7as\u0131.<br \/>\nBu bilgi a\u011f\u0131na web-centric bir g\u00f6zle bakt\u0131\u011f\u0131m\u0131zda bizi en\u00e7ok  rahatlatan \u015fey kaotik bir yap\u0131n\u0131n varl\u0131\u011f\u0131d\u0131r. Do\u011fal olman\u0131n bir numaral\u0131 kural\u0131 bu. Kendinden geli\u015fen ve do\u011fal yollarla b\u00fcy\u00fcyen her &#8220;&#8221;ya\u015fayan&#8221;&#8221; formun  kaderi belkide. Peki bu kaotik yap\u0131 baz\u0131 noktalarda zorlamalarla d\u00fczenli bir yap\u0131ya d\u00f6n\u00fc\u015ft\u00fcr\u00fcl\u00fcrse ne olur?<br \/>\nAvusturalya yak\u0131nlar\u0131nda bir adada fare pop\u00fclasyonunun art\u0131\u015f\u0131 \u00fczerine yap\u0131lan ara\u015ft\u0131rmada do\u011fa bilimcileri, bu gidi\u015fat\u0131 durdurabilmek i\u00e7in adaya kedi getirmeye karar verdiler. Gelen kediler fareleri yeyince as\u0131l s\u0131k\u0131nt\u0131n\u0131n farelerin \u00e7o\u011funlukla yedikleri b\u00f6ceklerin art\u0131\u015f\u0131nda oldu\u011funu g\u00f6rm\u00fc\u015fler. Adadaki b\u00f6cek pop\u00fclasyonu art\u0131nca da do\u011faya birkez daha m\u00fcdahale ederek belli bir ku\u015f t\u00fcr\u00fcn\u00fcn adada bulunmas\u0131n\u0131 sa\u011flam\u0131\u015flar. Ku\u015flar bask\u0131n bir \u015fekilde \u00fcremeye ba\u015flay\u0131nca da o adadaki en \u00f6nemli ku\u015f t\u00fcrlerinden birinin soyu t\u00fckenmi\u015fti. Belgesellere merakl\u0131 bi\u00e7ok ki\u015finin hat\u0131rlayabilece\u011fi bu olay, daha sonra  b\u00fcy\u00fcmenin do\u011fal yap\u0131s\u0131na ters d\u00fc\u015f\u00fclmemesi konusunda belki de en \u00f6nemli k\u0131staslardan biri olmu\u015ftur.<br \/>\n\u0130nternet \u00fczerindeki yap\u0131 genel olarak \u00e7ok ba\u015f\u0131bozuk ve kaotik bir \u015fekilde b\u00fcy\u00fcmesine ra\u011fmen bu b\u00fcy\u00fcme olduk\u00e7a do\u011fal bir d\u00fczlemde ger\u00e7ekle\u015fmektedir ve bu do\u011fall\u0131k bir m\u00fcdahaleyi gereksiz hatta yanl\u0131\u015f k\u0131lmaktad\u0131r.<br \/>\nBir \u00fclkenin b\u00fct\u00fcn internetinin tek bir noktadan \u00e7\u0131kmas\u0131 durumunu varsayal\u0131m. Sonra bir ba\u015fka \u00fclke ile aras\u0131nda bir sorun \u00e7\u0131kt\u0131\u011f\u0131n\u0131 ve bir \u015fekilde bu \u00e7\u0131k\u0131\u015f\u0131n kapand\u0131\u011f\u0131n\u0131 varsayal\u0131m. (Bunun bir y\u00f6ntemi ambargo di\u011fer y\u00f6ntemi ise bir bombalama olabilir.)  Bu durumda bu \u00fclke haberle\u015fmesini neyle sa\u011flayacak. Yada bir ba\u015fka durum b\u00fct\u00fcn internet ba\u011flant\u0131lar\u0131 tek bir hat \u00fczerinden verilsin. Herkes ayn\u0131 noktadan internete ula\u015fs\u0131n o zaman sonu\u00e7 ne olacak? Bu hat bozuldu\u011funda kim sorumlu olacak? Ne kadar tazminat \u00f6deyecek? Veya hi\u00e7bir sorun yokken gayet rutin bir teknik d\u00fczenlemenin kimseye haber verilmedi\u011fi d\u00fc\u015f\u00fcnelim firmalar\u0131n u\u011frad\u0131klar\u0131 kesintiden kay\u0131plar\u0131n\u0131 kim \u00f6deyecek? Nas\u0131l hesaplanacak ve bu kar\u015f\u0131lanabilir bir zarar  m\u0131d\u0131r?<br \/>\nBunlar\u0131 ya\u015fayacak bir \u00fclkenin var oldu\u011funu zannetmiyorum veya 2000 y\u0131l\u0131nda ayakta kalabilece\u011fina inanm\u0131yorum.<br \/>\nNetle\u015fmek \u00fczere&#8230;<\/p>\n","protected":false},"excerpt":{"rendered":"<p>Y\u0131llar \u00f6nce iki merakl\u0131 oturup iki bilgisayar\u0131 birbirine ba\u011flam\u0131\u015f. Graham Bell, s\u00f6z konusu oldu\u011funda bu belki son derece b\u00fcy\u00fck bir ba\u015far\u0131 say\u0131lmazd\u0131 ama \u015fu an bir bak\u0131\u015f a\u00e7\u0131s\u0131na g\u00f6re (bu bak\u0131\u015f a\u00e7\u0131s\u0131 fikirlerine son derece&#8230;<\/p>\n","protected":false},"author":2,"featured_media":0,"comment_status":"open","ping_status":"open","sticky":false,"template":"","format":"standard","meta":{"footnotes":""},"categories":[18],"tags":[],"class_list":["post-316","post","type-post","status-publish","format-standard","hentry","category-canteen"],"yoast_head":"<!-- This site is optimized with the Yoast SEO plugin v26.8 - https:\/\/yoast.com\/product\/yoast-seo-wordpress\/ -->\n<title>TekelNet - At\u0131f \u00dcnald\u0131<\/title>\n<meta name=\"robots\" content=\"index, follow, max-snippet:-1, max-image-preview:large, max-video-preview:-1\" \/>\n<link rel=\"canonical\" href=\"http:\/\/atif.unaldi.org\/blog\/2001\/02\/01\/tekelnet-2\/\" \/>\n<meta property=\"og:locale\" content=\"tr_TR\" \/>\n<meta property=\"og:type\" content=\"article\" \/>\n<meta property=\"og:title\" content=\"TekelNet - At\u0131f \u00dcnald\u0131\" \/>\n<meta property=\"og:description\" content=\"Y\u0131llar \u00f6nce iki merakl\u0131 oturup iki bilgisayar\u0131 birbirine ba\u011flam\u0131\u015f. Graham Bell, s\u00f6z konusu oldu\u011funda bu belki son derece b\u00fcy\u00fck bir ba\u015far\u0131 say\u0131lmazd\u0131 ama \u015fu an bir bak\u0131\u015f a\u00e7\u0131s\u0131na g\u00f6re (bu bak\u0131\u015f a\u00e7\u0131s\u0131 fikirlerine son derece...\" \/>\n<meta property=\"og:url\" content=\"http:\/\/atif.unaldi.org\/blog\/2001\/02\/01\/tekelnet-2\/\" \/>\n<meta property=\"og:site_name\" content=\"At\u0131f \u00dcnald\u0131\" \/>\n<meta property=\"article:publisher\" content=\"https:\/\/www.facebook.com\/atifunaldi\" \/>\n<meta property=\"article:author\" content=\"https:\/\/www.facebook.com\/atifunaldi\" \/>\n<meta property=\"article:published_time\" content=\"2001-02-01T00:00:00+00:00\" \/>\n<meta name=\"author\" content=\"Atif Unaldi\" \/>\n<meta name=\"twitter:card\" content=\"summary_large_image\" \/>\n<meta name=\"twitter:creator\" content=\"@https:\/\/twitter.com\/atifunaldi\" \/>\n<meta name=\"twitter:site\" content=\"@atifunaldi\" \/>\n<meta name=\"twitter:label1\" content=\"Yazan:\" \/>\n\t<meta name=\"twitter:data1\" content=\"Atif Unaldi\" \/>\n\t<meta name=\"twitter:label2\" content=\"Tahmini okuma s\u00fcresi\" \/>\n\t<meta name=\"twitter:data2\" content=\"3 dakika\" \/>\n<script type=\"application\/ld+json\" class=\"yoast-schema-graph\">{\"@context\":\"https:\/\/schema.org\",\"@graph\":[{\"@type\":\"Article\",\"@id\":\"http:\/\/atif.unaldi.org\/blog\/2001\/02\/01\/tekelnet-2\/#article\",\"isPartOf\":{\"@id\":\"http:\/\/atif.unaldi.org\/blog\/2001\/02\/01\/tekelnet-2\/\"},\"author\":{\"name\":\"Atif Unaldi\",\"@id\":\"http:\/\/atif.unaldi.org\/blog\/#\/schema\/person\/608ed42ecbda2bc5cfdb767ac1db479b\"},\"headline\":\"TekelNet\",\"datePublished\":\"2001-02-01T00:00:00+00:00\",\"mainEntityOfPage\":{\"@id\":\"http:\/\/atif.unaldi.org\/blog\/2001\/02\/01\/tekelnet-2\/\"},\"wordCount\":574,\"commentCount\":0,\"publisher\":{\"@id\":\"http:\/\/atif.unaldi.org\/blog\/#\/schema\/person\/608ed42ecbda2bc5cfdb767ac1db479b\"},\"articleSection\":[\"- Canteen\"],\"inLanguage\":\"tr\",\"potentialAction\":[{\"@type\":\"CommentAction\",\"name\":\"Comment\",\"target\":[\"http:\/\/atif.unaldi.org\/blog\/2001\/02\/01\/tekelnet-2\/#respond\"]}]},{\"@type\":\"WebPage\",\"@id\":\"http:\/\/atif.unaldi.org\/blog\/2001\/02\/01\/tekelnet-2\/\",\"url\":\"http:\/\/atif.unaldi.org\/blog\/2001\/02\/01\/tekelnet-2\/\",\"name\":\"TekelNet - At\u0131f \u00dcnald\u0131\",\"isPartOf\":{\"@id\":\"http:\/\/atif.unaldi.org\/blog\/#website\"},\"datePublished\":\"2001-02-01T00:00:00+00:00\",\"breadcrumb\":{\"@id\":\"http:\/\/atif.unaldi.org\/blog\/2001\/02\/01\/tekelnet-2\/#breadcrumb\"},\"inLanguage\":\"tr\",\"potentialAction\":[{\"@type\":\"ReadAction\",\"target\":[\"http:\/\/atif.unaldi.org\/blog\/2001\/02\/01\/tekelnet-2\/\"]}]},{\"@type\":\"BreadcrumbList\",\"@id\":\"http:\/\/atif.unaldi.org\/blog\/2001\/02\/01\/tekelnet-2\/#breadcrumb\",\"itemListElement\":[{\"@type\":\"ListItem\",\"position\":1,\"name\":\"Anasayfa\",\"item\":\"http:\/\/atif.unaldi.org\/blog\/\"},{\"@type\":\"ListItem\",\"position\":2,\"name\":\"TekelNet\"}]},{\"@type\":\"WebSite\",\"@id\":\"http:\/\/atif.unaldi.org\/blog\/#website\",\"url\":\"http:\/\/atif.unaldi.org\/blog\/\",\"name\":\"At\u0131f \u00dcnald\u0131\",\"description\":\"Yazar\",\"publisher\":{\"@id\":\"http:\/\/atif.unaldi.org\/blog\/#\/schema\/person\/608ed42ecbda2bc5cfdb767ac1db479b\"},\"alternateName\":\"At\u0131f \u00dcnald\u0131 Blog\",\"potentialAction\":[{\"@type\":\"SearchAction\",\"target\":{\"@type\":\"EntryPoint\",\"urlTemplate\":\"http:\/\/atif.unaldi.org\/blog\/?s={search_term_string}\"},\"query-input\":{\"@type\":\"PropertyValueSpecification\",\"valueRequired\":true,\"valueName\":\"search_term_string\"}}],\"inLanguage\":\"tr\"},{\"@type\":[\"Person\",\"Organization\"],\"@id\":\"http:\/\/atif.unaldi.org\/blog\/#\/schema\/person\/608ed42ecbda2bc5cfdb767ac1db479b\",\"name\":\"Atif Unaldi\",\"image\":{\"@type\":\"ImageObject\",\"inLanguage\":\"tr\",\"@id\":\"http:\/\/atif.unaldi.org\/blog\/#\/schema\/person\/image\/\",\"url\":\"http:\/\/atif.unaldi.org\/blog\/wp-content\/uploads\/2022\/10\/cropped-a94e8f7a-67c4-4d65-8a5f-032ba784be53-2.jpg\",\"contentUrl\":\"http:\/\/atif.unaldi.org\/blog\/wp-content\/uploads\/2022\/10\/cropped-a94e8f7a-67c4-4d65-8a5f-032ba784be53-2.jpg\",\"width\":512,\"height\":512,\"caption\":\"Atif Unaldi\"},\"logo\":{\"@id\":\"http:\/\/atif.unaldi.org\/blog\/#\/schema\/person\/image\/\"},\"description\":\"Bo\u011fazi\u00e7i \u00dcniversitesinde Fizik B\u00f6l\u00fcm\u00fc\u2019nde e\u011fitim ald\u0131\u011f\u0131 y\u0131llarda T\u00fcrkiye\u2019de ilk kez iki bilgisayar\u0131 telefon hatlar\u0131 \u00fczerinden konu\u015fturan BBS sistemini kurarak, T\u00fcrkiye\u2019deki ilk internet a\u011f\u0131n\u0131 olu\u015fturmu\u015ftur. Bir \u00e7ok radyo ve televizyonda program yap\u0131mc\u0131l\u0131\u011f\u0131 ve sunuculu\u011funu, bir \u00e7ok teknoloji dergisinde k\u00f6\u015fe yazarl\u0131\u011f\u0131, bili\u015fim edit\u00f6rl\u00fc\u011f\u00fc ve genel yay\u0131n y\u00f6netmenli\u011fi yapt\u0131. T\u00fcrkiye\u2019deki ilk internet servis sa\u011flay\u0131c\u0131s\u0131n\u0131n genel m\u00fcd\u00fcrl\u00fc\u011f\u00fcn\u00fc \u00fcstlendi. Bir \u00e7ok organizasyon ve kurulu\u015fta internet s\u00fcperviz\u00f6rl\u00fc\u011f\u00fc , webmaster\u2019l\u0131\u011f\u0131 , IT direkt\u00f6rl\u00fc\u011f\u00fc ve dijital projeler koordinat\u00f6rl\u00fc\u011f\u00fc g\u00f6revlerinde bulundu. Farkl\u0131 \u00fcniversitelerin farkl\u0131 fak\u00fcltelerinde \u00f6\u011fretim g\u00f6revlisi olarak bulunmu\u015f olan \u00dcnald\u0131; \u015fu an teknoloji ve pazarlama konular\u0131 ba\u015fta olmak \u00fczere bir\u00e7ok alanda hizmet veren Unaldi Consultancy\u2019nin kurucusudur. \\u2028Selin \u00dcnald\u0131 ile evlidir. Su ve Toprak isminde iki \u00e7ocu\u011fu vard\u0131r.\",\"sameAs\":[\"http:\/\/atif.unaldi.org\/blog\",\"https:\/\/www.facebook.com\/atifunaldi\",\"https:\/\/www.instagram.com\/atifunaldi\/\",\"https:\/\/www.linkedin.com\/in\/atifunaldi\",\"https:\/\/x.com\/https:\/\/twitter.com\/atifunaldi\",\"https:\/\/www.youtube.com\/c\/atifunaldi\",\"https:\/\/soundcloud.com\/atif-unaldi\",\"https:\/\/atifunaldi.tumblr.com\"],\"url\":\"http:\/\/atif.unaldi.org\/blog\/author\/atifunaldi\/\"}]}<\/script>\n<!-- \/ Yoast SEO plugin. -->","yoast_head_json":{"title":"TekelNet - At\u0131f \u00dcnald\u0131","robots":{"index":"index","follow":"follow","max-snippet":"max-snippet:-1","max-image-preview":"max-image-preview:large","max-video-preview":"max-video-preview:-1"},"canonical":"http:\/\/atif.unaldi.org\/blog\/2001\/02\/01\/tekelnet-2\/","og_locale":"tr_TR","og_type":"article","og_title":"TekelNet - At\u0131f \u00dcnald\u0131","og_description":"Y\u0131llar \u00f6nce iki merakl\u0131 oturup iki bilgisayar\u0131 birbirine ba\u011flam\u0131\u015f. Graham Bell, s\u00f6z konusu oldu\u011funda bu belki son derece b\u00fcy\u00fck bir ba\u015far\u0131 say\u0131lmazd\u0131 ama \u015fu an bir bak\u0131\u015f a\u00e7\u0131s\u0131na g\u00f6re (bu bak\u0131\u015f a\u00e7\u0131s\u0131 fikirlerine son derece...","og_url":"http:\/\/atif.unaldi.org\/blog\/2001\/02\/01\/tekelnet-2\/","og_site_name":"At\u0131f \u00dcnald\u0131","article_publisher":"https:\/\/www.facebook.com\/atifunaldi","article_author":"https:\/\/www.facebook.com\/atifunaldi","article_published_time":"2001-02-01T00:00:00+00:00","author":"Atif Unaldi","twitter_card":"summary_large_image","twitter_creator":"@https:\/\/twitter.com\/atifunaldi","twitter_site":"@atifunaldi","twitter_misc":{"Yazan:":"Atif Unaldi","Tahmini okuma s\u00fcresi":"3 dakika"},"schema":{"@context":"https:\/\/schema.org","@graph":[{"@type":"Article","@id":"http:\/\/atif.unaldi.org\/blog\/2001\/02\/01\/tekelnet-2\/#article","isPartOf":{"@id":"http:\/\/atif.unaldi.org\/blog\/2001\/02\/01\/tekelnet-2\/"},"author":{"name":"Atif Unaldi","@id":"http:\/\/atif.unaldi.org\/blog\/#\/schema\/person\/608ed42ecbda2bc5cfdb767ac1db479b"},"headline":"TekelNet","datePublished":"2001-02-01T00:00:00+00:00","mainEntityOfPage":{"@id":"http:\/\/atif.unaldi.org\/blog\/2001\/02\/01\/tekelnet-2\/"},"wordCount":574,"commentCount":0,"publisher":{"@id":"http:\/\/atif.unaldi.org\/blog\/#\/schema\/person\/608ed42ecbda2bc5cfdb767ac1db479b"},"articleSection":["- Canteen"],"inLanguage":"tr","potentialAction":[{"@type":"CommentAction","name":"Comment","target":["http:\/\/atif.unaldi.org\/blog\/2001\/02\/01\/tekelnet-2\/#respond"]}]},{"@type":"WebPage","@id":"http:\/\/atif.unaldi.org\/blog\/2001\/02\/01\/tekelnet-2\/","url":"http:\/\/atif.unaldi.org\/blog\/2001\/02\/01\/tekelnet-2\/","name":"TekelNet - At\u0131f \u00dcnald\u0131","isPartOf":{"@id":"http:\/\/atif.unaldi.org\/blog\/#website"},"datePublished":"2001-02-01T00:00:00+00:00","breadcrumb":{"@id":"http:\/\/atif.unaldi.org\/blog\/2001\/02\/01\/tekelnet-2\/#breadcrumb"},"inLanguage":"tr","potentialAction":[{"@type":"ReadAction","target":["http:\/\/atif.unaldi.org\/blog\/2001\/02\/01\/tekelnet-2\/"]}]},{"@type":"BreadcrumbList","@id":"http:\/\/atif.unaldi.org\/blog\/2001\/02\/01\/tekelnet-2\/#breadcrumb","itemListElement":[{"@type":"ListItem","position":1,"name":"Anasayfa","item":"http:\/\/atif.unaldi.org\/blog\/"},{"@type":"ListItem","position":2,"name":"TekelNet"}]},{"@type":"WebSite","@id":"http:\/\/atif.unaldi.org\/blog\/#website","url":"http:\/\/atif.unaldi.org\/blog\/","name":"At\u0131f \u00dcnald\u0131","description":"Yazar","publisher":{"@id":"http:\/\/atif.unaldi.org\/blog\/#\/schema\/person\/608ed42ecbda2bc5cfdb767ac1db479b"},"alternateName":"At\u0131f \u00dcnald\u0131 Blog","potentialAction":[{"@type":"SearchAction","target":{"@type":"EntryPoint","urlTemplate":"http:\/\/atif.unaldi.org\/blog\/?s={search_term_string}"},"query-input":{"@type":"PropertyValueSpecification","valueRequired":true,"valueName":"search_term_string"}}],"inLanguage":"tr"},{"@type":["Person","Organization"],"@id":"http:\/\/atif.unaldi.org\/blog\/#\/schema\/person\/608ed42ecbda2bc5cfdb767ac1db479b","name":"Atif Unaldi","image":{"@type":"ImageObject","inLanguage":"tr","@id":"http:\/\/atif.unaldi.org\/blog\/#\/schema\/person\/image\/","url":"http:\/\/atif.unaldi.org\/blog\/wp-content\/uploads\/2022\/10\/cropped-a94e8f7a-67c4-4d65-8a5f-032ba784be53-2.jpg","contentUrl":"http:\/\/atif.unaldi.org\/blog\/wp-content\/uploads\/2022\/10\/cropped-a94e8f7a-67c4-4d65-8a5f-032ba784be53-2.jpg","width":512,"height":512,"caption":"Atif Unaldi"},"logo":{"@id":"http:\/\/atif.unaldi.org\/blog\/#\/schema\/person\/image\/"},"description":"Bo\u011fazi\u00e7i \u00dcniversitesinde Fizik B\u00f6l\u00fcm\u00fc\u2019nde e\u011fitim ald\u0131\u011f\u0131 y\u0131llarda T\u00fcrkiye\u2019de ilk kez iki bilgisayar\u0131 telefon hatlar\u0131 \u00fczerinden konu\u015fturan BBS sistemini kurarak, T\u00fcrkiye\u2019deki ilk internet a\u011f\u0131n\u0131 olu\u015fturmu\u015ftur. Bir \u00e7ok radyo ve televizyonda program yap\u0131mc\u0131l\u0131\u011f\u0131 ve sunuculu\u011funu, bir \u00e7ok teknoloji dergisinde k\u00f6\u015fe yazarl\u0131\u011f\u0131, bili\u015fim edit\u00f6rl\u00fc\u011f\u00fc ve genel yay\u0131n y\u00f6netmenli\u011fi yapt\u0131. T\u00fcrkiye\u2019deki ilk internet servis sa\u011flay\u0131c\u0131s\u0131n\u0131n genel m\u00fcd\u00fcrl\u00fc\u011f\u00fcn\u00fc \u00fcstlendi. Bir \u00e7ok organizasyon ve kurulu\u015fta internet s\u00fcperviz\u00f6rl\u00fc\u011f\u00fc , webmaster\u2019l\u0131\u011f\u0131 , IT direkt\u00f6rl\u00fc\u011f\u00fc ve dijital projeler koordinat\u00f6rl\u00fc\u011f\u00fc g\u00f6revlerinde bulundu. Farkl\u0131 \u00fcniversitelerin farkl\u0131 fak\u00fcltelerinde \u00f6\u011fretim g\u00f6revlisi olarak bulunmu\u015f olan \u00dcnald\u0131; \u015fu an teknoloji ve pazarlama konular\u0131 ba\u015fta olmak \u00fczere bir\u00e7ok alanda hizmet veren Unaldi Consultancy\u2019nin kurucusudur. \u2028Selin \u00dcnald\u0131 ile evlidir. Su ve Toprak isminde iki \u00e7ocu\u011fu vard\u0131r.","sameAs":["http:\/\/atif.unaldi.org\/blog","https:\/\/www.facebook.com\/atifunaldi","https:\/\/www.instagram.com\/atifunaldi\/","https:\/\/www.linkedin.com\/in\/atifunaldi","https:\/\/x.com\/https:\/\/twitter.com\/atifunaldi","https:\/\/www.youtube.com\/c\/atifunaldi","https:\/\/soundcloud.com\/atif-unaldi","https:\/\/atifunaldi.tumblr.com"],"url":"http:\/\/atif.unaldi.org\/blog\/author\/atifunaldi\/"}]}},"jetpack_featured_media_url":"","_links":{"self":[{"href":"http:\/\/atif.unaldi.org\/blog\/wp-json\/wp\/v2\/posts\/316","targetHints":{"allow":["GET"]}}],"collection":[{"href":"http:\/\/atif.unaldi.org\/blog\/wp-json\/wp\/v2\/posts"}],"about":[{"href":"http:\/\/atif.unaldi.org\/blog\/wp-json\/wp\/v2\/types\/post"}],"author":[{"embeddable":true,"href":"http:\/\/atif.unaldi.org\/blog\/wp-json\/wp\/v2\/users\/2"}],"replies":[{"embeddable":true,"href":"http:\/\/atif.unaldi.org\/blog\/wp-json\/wp\/v2\/comments?post=316"}],"version-history":[{"count":0,"href":"http:\/\/atif.unaldi.org\/blog\/wp-json\/wp\/v2\/posts\/316\/revisions"}],"wp:attachment":[{"href":"http:\/\/atif.unaldi.org\/blog\/wp-json\/wp\/v2\/media?parent=316"}],"wp:term":[{"taxonomy":"category","embeddable":true,"href":"http:\/\/atif.unaldi.org\/blog\/wp-json\/wp\/v2\/categories?post=316"},{"taxonomy":"post_tag","embeddable":true,"href":"http:\/\/atif.unaldi.org\/blog\/wp-json\/wp\/v2\/tags?post=316"}],"curies":[{"name":"wp","href":"https:\/\/api.w.org\/{rel}","templated":true}]}}