{"id":327,"date":"2001-02-03T02:00:00","date_gmt":"2001-02-03T00:00:00","guid":{"rendered":"http:\/\/85.17.200.84\/~unaldi\/atif\/?p=327"},"modified":"2001-02-03T02:00:00","modified_gmt":"2001-02-03T00:00:00","slug":"bilisim-gundemi","status":"publish","type":"post","link":"http:\/\/atif.unaldi.org\/blog\/2001\/02\/03\/bilisim-gundemi\/","title":{"rendered":"Bili\u015fim g\u00fcndemi"},"content":{"rendered":"<p>Ge\u00e7en hafta olduk\u00e7a ilgin\u00e7 toplant\u0131lar ger\u00e7ekle\u015ftirdim. Birincisi Toshiba Notebook&#8217;un Genel M\u00fcd\u00fcr&#8217;\u00fc Ayta\u00e7 Biter ile oldu. Bir \u00f6\u011fle tatili boyunca sekt\u00f6r\u00fcn eskilerinden biriyle tad\u0131na doyulmaz bir g\u00f6r\u00fc\u015fme yapt\u0131m. Toplant\u0131n\u0131n ba\u015f\u0131nda as\u0131l ama\u00e7 Toshiba&#8217;n\u0131n avrupa grubuna daha do\u011frusu Almanya&#8217;ya ba\u011flanmas\u0131n\u0131n mutlulu\u011funu payla\u015fmakt\u0131. Ama konu k\u0131sa zamanda Cebit&#8217;ten, yeni teknolojik geli\u015fmelere oradan da son d\u00f6nemlerin modas\u0131 olan bluetooth&#8217;a kadar geni\u015f bir spectrumdaki bir\u00e7ok konuyu konu\u015ftuk. Asl\u0131nda uzun zamand\u0131r bu konularda eskilerin de\u011fi\u015flerine hakim biriyle konu\u015fmayal\u0131 \u00e7ok olmu\u015ftu. Toshiba uzun zamand\u0131r yeni teknolojiler \u00fczerine \u00e7al\u0131\u015f\u0131yormu\u015f. Bu yeni teknolojiler aras\u0131nda laptop ve notebook&#8217;lardan, mp3 playerlara, cep telefonlar\u0131ndan, hologram ekranlara kadar son derece \u00e7ok yenilikten bahsettik. Bu yenilikler bu son d\u00f6nemde T\u00fcrkiye&#8217;ye de k\u0131sa zamanda ula\u015facakm\u0131\u015f. Asl\u0131nda bu yenilikler den bahsederken Bluetooth&#8217;u da atlayamad\u0131k. Son derece \u00f6nemli ve Toshiba taraf\u0131ndan desteklenen bir teknoloji. Ger\u00e7i arkas\u0131nda sadece Toshiba de\u011fil, Ericsson&#8217;dan  Nokia&#8217;ya kadar bir\u00e7ok teknoloji devi var. Yeni \u00fcr\u00fcnler ise kap\u0131da. Ge\u00e7en hafta Toshiba Notebook&#8217;lardan birinde bluetooth teknolojisi ile kar\u015f\u0131la\u015fm\u0131\u015ft\u0131k. Bu muhtemelen yak\u0131n zamanda hayat\u0131m\u0131z\u0131n her alan\u0131na girecek. Bluetooth \u00e7ipi son derece k\u00fc\u00e7\u00fck ve i\u015flevli. K\u0131sa bir alanda radyo dalgalar\u0131 sayesinde di\u011fer bluetooth \u00fcr\u00fcnleri ile veri ileti\u015fimine girebilen bu \u00fcr\u00fcn ger\u00e7ek bir devrimin ba\u015flang\u0131c\u0131 niteli\u011finde. Yine ge\u00e7en g\u00fcnlerden birinde Microsoft .Net vizyonunu a\u00e7\u0131klad\u0131\u011f\u0131 bir filmde de bluetooth kullanan cihazlar\u0131 incelemi\u015fti.<br \/>\nBu arada neredeyse bluetooth kadar yak\u0131n bir zamanda \u00e7\u0131kacak bir \u00fcr\u00fcnden daha bahsettik. Bu ise k\u0131r\u0131\u015ft\u0131r\u0131labilir, katlanabilir ekran. Bu ekran ayn\u0131 zamanda k\u00fc\u00e7\u00fck bir cpu&#8217;ya sahip bu nedenle k\u00fc\u00e7\u00fck bir bilgisayar oldu\u011funu da s\u00f6yleyebiliriz.Tabii herhalde bu ekrana istedi\u011finiz yaz\u0131y\u0131 yazabildi\u011finizi de s\u00f6ylememiz gerekmiyor.<br \/>\nBu hafta i\u00e7inde yapt\u0131\u011f\u0131m ikinci g\u00f6r\u00fc\u015fme ise hepimizin software g\u00fcvenli\u011fi, software yat\u0131r\u0131m\u0131 ve lisanslama a\u00e7\u0131\u0131s\u0131ndan son derece \u00f6nemsedi\u011fi ASP (Aplication Service provider) yani T\u00fcrk\u00e7esiyle Uygulama servis Sa\u011flay\u0131c\u0131l\u0131\u011f\u0131 olarak adland\u0131r\u0131lan servisler. Ge\u00e7en hafta Microsoft ile yapt\u0131\u011f\u0131 anla\u015fmay\u0131 duyuran Ko\u00e7.Net bu hafta da kendi binas\u0131 i\u00e7inde bir demostrasyon ile gelecek vizyonlar\u0131n\u0131, T\u00fcrkiye&#8217;nin internet politikas\u0131 hakk\u0131ndaki d\u00fc\u015f\u00fcncelerini a\u00e7\u0131klad\u0131lar. Ko\u00e7.net uzun s\u00fcredir internet teknolojileri konusunda gerek grup i\u00e7ine gerekse grup d\u0131\u015f\u0131na ayn\u0131 oranda yak\u0131n olan bir firma olarak yeni vizyonunda internetin gelece\u011fi konusunda son derece do\u011fru kararlar i\u00e7inde.<br \/>\n\u00d6zellikle ASP vizyonu T\u00fcrkiye&#8217;de orata dereceli \u015firketleri yani Kobileri yaz\u0131l\u0131m yat\u0131r\u0131m\u0131 yapmadan lisansl\u0131 program kullanabilme konusunda son derece b\u00fcy\u00fck imkanlar a\u00e7\u0131yor. Bu nedenle yap\u0131lacak hert\u00fcrl\u00fc yat\u0131r\u0131m\u0131 desteklemek geerkti\u011fini d\u00fc\u015f\u00fcn\u00fcyorum. Bu ayn\u0131 zamanda yine ge\u00e7en hafta i\u00e7inde Microsoft yetkililerinden Mustafa K\u0131l\u0131\u00e7arslan ile yapt\u0131\u011f\u0131m\u0131z g\u00f6r\u00fc\u015fmenin de ana konusuydu. Kendisine bu konuyu a\u00e7t\u0131\u011f\u0131mda Mustafa bey, T\u00fcrkiye&#8217;deki lisanslama konusunda, \u00f6zel bir \u00e7al\u0131\u015fman\u0131n yap\u0131lmas\u0131 ve ki\u015fisel kullan\u0131c\u0131 ve kobilerin  bundan daha fazla yararlanmas\u0131 konusunda paralel d\u00fc\u015f\u00fcnceler i\u00e7inde oldu\u011fumuzu belirtti. Bu ise beni son derece mutlu etti. Umar\u0131m telif haklar\u0131 o kadar makul seviyelerde olur ki lisanss\u0131z program kullanmak bir dezavantaj halini al\u0131r.<br \/>\nNETle\u015fmek \u00fczere.<\/p>\n","protected":false},"excerpt":{"rendered":"<p>Ge\u00e7en hafta olduk\u00e7a ilgin\u00e7 toplant\u0131lar ger\u00e7ekle\u015ftirdim. Birincisi Toshiba Notebook&#8217;un Genel M\u00fcd\u00fcr&#8217;\u00fc Ayta\u00e7 Biter ile oldu. Bir \u00f6\u011fle tatili boyunca sekt\u00f6r\u00fcn eskilerinden biriyle tad\u0131na doyulmaz bir g\u00f6r\u00fc\u015fme yapt\u0131m. Toplant\u0131n\u0131n ba\u015f\u0131nda as\u0131l ama\u00e7 Toshiba&#8217;n\u0131n avrupa grubuna daha&#8230;<\/p>\n","protected":false},"author":2,"featured_media":0,"comment_status":"open","ping_status":"open","sticky":false,"template":"","format":"standard","meta":{"footnotes":""},"categories":[18],"tags":[],"class_list":["post-327","post","type-post","status-publish","format-standard","hentry","category-canteen"],"yoast_head":"<!-- This site is optimized with the Yoast SEO plugin v26.8 - https:\/\/yoast.com\/product\/yoast-seo-wordpress\/ -->\n<title>Bili\u015fim g\u00fcndemi - At\u0131f \u00dcnald\u0131<\/title>\n<meta name=\"robots\" content=\"index, follow, max-snippet:-1, max-image-preview:large, max-video-preview:-1\" \/>\n<link rel=\"canonical\" href=\"http:\/\/atif.unaldi.org\/blog\/2001\/02\/03\/bilisim-gundemi\/\" \/>\n<meta property=\"og:locale\" content=\"tr_TR\" \/>\n<meta property=\"og:type\" content=\"article\" \/>\n<meta property=\"og:title\" content=\"Bili\u015fim g\u00fcndemi - At\u0131f \u00dcnald\u0131\" \/>\n<meta property=\"og:description\" content=\"Ge\u00e7en hafta olduk\u00e7a ilgin\u00e7 toplant\u0131lar ger\u00e7ekle\u015ftirdim. Birincisi Toshiba Notebook&#8217;un Genel M\u00fcd\u00fcr&#8217;\u00fc Ayta\u00e7 Biter ile oldu. Bir \u00f6\u011fle tatili boyunca sekt\u00f6r\u00fcn eskilerinden biriyle tad\u0131na doyulmaz bir g\u00f6r\u00fc\u015fme yapt\u0131m. Toplant\u0131n\u0131n ba\u015f\u0131nda as\u0131l ama\u00e7 Toshiba&#8217;n\u0131n avrupa grubuna daha...\" \/>\n<meta property=\"og:url\" content=\"http:\/\/atif.unaldi.org\/blog\/2001\/02\/03\/bilisim-gundemi\/\" \/>\n<meta property=\"og:site_name\" content=\"At\u0131f \u00dcnald\u0131\" \/>\n<meta property=\"article:publisher\" content=\"https:\/\/www.facebook.com\/atifunaldi\" \/>\n<meta property=\"article:author\" content=\"https:\/\/www.facebook.com\/atifunaldi\" \/>\n<meta property=\"article:published_time\" content=\"2001-02-03T00:00:00+00:00\" \/>\n<meta name=\"author\" content=\"Atif Unaldi\" \/>\n<meta name=\"twitter:card\" content=\"summary_large_image\" \/>\n<meta name=\"twitter:creator\" content=\"@https:\/\/twitter.com\/atifunaldi\" \/>\n<meta name=\"twitter:site\" content=\"@atifunaldi\" \/>\n<meta name=\"twitter:label1\" content=\"Yazan:\" \/>\n\t<meta name=\"twitter:data1\" content=\"Atif Unaldi\" \/>\n\t<meta name=\"twitter:label2\" content=\"Tahmini okuma s\u00fcresi\" \/>\n\t<meta name=\"twitter:data2\" content=\"3 dakika\" \/>\n<script type=\"application\/ld+json\" class=\"yoast-schema-graph\">{\"@context\":\"https:\/\/schema.org\",\"@graph\":[{\"@type\":\"Article\",\"@id\":\"http:\/\/atif.unaldi.org\/blog\/2001\/02\/03\/bilisim-gundemi\/#article\",\"isPartOf\":{\"@id\":\"http:\/\/atif.unaldi.org\/blog\/2001\/02\/03\/bilisim-gundemi\/\"},\"author\":{\"name\":\"Atif Unaldi\",\"@id\":\"http:\/\/atif.unaldi.org\/blog\/#\/schema\/person\/608ed42ecbda2bc5cfdb767ac1db479b\"},\"headline\":\"Bili\u015fim g\u00fcndemi\",\"datePublished\":\"2001-02-03T00:00:00+00:00\",\"mainEntityOfPage\":{\"@id\":\"http:\/\/atif.unaldi.org\/blog\/2001\/02\/03\/bilisim-gundemi\/\"},\"wordCount\":598,\"commentCount\":0,\"publisher\":{\"@id\":\"http:\/\/atif.unaldi.org\/blog\/#\/schema\/person\/608ed42ecbda2bc5cfdb767ac1db479b\"},\"articleSection\":[\"- Canteen\"],\"inLanguage\":\"tr\",\"potentialAction\":[{\"@type\":\"CommentAction\",\"name\":\"Comment\",\"target\":[\"http:\/\/atif.unaldi.org\/blog\/2001\/02\/03\/bilisim-gundemi\/#respond\"]}]},{\"@type\":\"WebPage\",\"@id\":\"http:\/\/atif.unaldi.org\/blog\/2001\/02\/03\/bilisim-gundemi\/\",\"url\":\"http:\/\/atif.unaldi.org\/blog\/2001\/02\/03\/bilisim-gundemi\/\",\"name\":\"Bili\u015fim g\u00fcndemi - At\u0131f \u00dcnald\u0131\",\"isPartOf\":{\"@id\":\"http:\/\/atif.unaldi.org\/blog\/#website\"},\"datePublished\":\"2001-02-03T00:00:00+00:00\",\"breadcrumb\":{\"@id\":\"http:\/\/atif.unaldi.org\/blog\/2001\/02\/03\/bilisim-gundemi\/#breadcrumb\"},\"inLanguage\":\"tr\",\"potentialAction\":[{\"@type\":\"ReadAction\",\"target\":[\"http:\/\/atif.unaldi.org\/blog\/2001\/02\/03\/bilisim-gundemi\/\"]}]},{\"@type\":\"BreadcrumbList\",\"@id\":\"http:\/\/atif.unaldi.org\/blog\/2001\/02\/03\/bilisim-gundemi\/#breadcrumb\",\"itemListElement\":[{\"@type\":\"ListItem\",\"position\":1,\"name\":\"Anasayfa\",\"item\":\"http:\/\/atif.unaldi.org\/blog\/\"},{\"@type\":\"ListItem\",\"position\":2,\"name\":\"Bili\u015fim g\u00fcndemi\"}]},{\"@type\":\"WebSite\",\"@id\":\"http:\/\/atif.unaldi.org\/blog\/#website\",\"url\":\"http:\/\/atif.unaldi.org\/blog\/\",\"name\":\"At\u0131f \u00dcnald\u0131\",\"description\":\"Yazar\",\"publisher\":{\"@id\":\"http:\/\/atif.unaldi.org\/blog\/#\/schema\/person\/608ed42ecbda2bc5cfdb767ac1db479b\"},\"alternateName\":\"At\u0131f \u00dcnald\u0131 Blog\",\"potentialAction\":[{\"@type\":\"SearchAction\",\"target\":{\"@type\":\"EntryPoint\",\"urlTemplate\":\"http:\/\/atif.unaldi.org\/blog\/?s={search_term_string}\"},\"query-input\":{\"@type\":\"PropertyValueSpecification\",\"valueRequired\":true,\"valueName\":\"search_term_string\"}}],\"inLanguage\":\"tr\"},{\"@type\":[\"Person\",\"Organization\"],\"@id\":\"http:\/\/atif.unaldi.org\/blog\/#\/schema\/person\/608ed42ecbda2bc5cfdb767ac1db479b\",\"name\":\"Atif Unaldi\",\"image\":{\"@type\":\"ImageObject\",\"inLanguage\":\"tr\",\"@id\":\"http:\/\/atif.unaldi.org\/blog\/#\/schema\/person\/image\/\",\"url\":\"http:\/\/atif.unaldi.org\/blog\/wp-content\/uploads\/2022\/10\/cropped-a94e8f7a-67c4-4d65-8a5f-032ba784be53-2.jpg\",\"contentUrl\":\"http:\/\/atif.unaldi.org\/blog\/wp-content\/uploads\/2022\/10\/cropped-a94e8f7a-67c4-4d65-8a5f-032ba784be53-2.jpg\",\"width\":512,\"height\":512,\"caption\":\"Atif Unaldi\"},\"logo\":{\"@id\":\"http:\/\/atif.unaldi.org\/blog\/#\/schema\/person\/image\/\"},\"description\":\"Bo\u011fazi\u00e7i \u00dcniversitesinde Fizik B\u00f6l\u00fcm\u00fc\u2019nde e\u011fitim ald\u0131\u011f\u0131 y\u0131llarda T\u00fcrkiye\u2019de ilk kez iki bilgisayar\u0131 telefon hatlar\u0131 \u00fczerinden konu\u015fturan BBS sistemini kurarak, T\u00fcrkiye\u2019deki ilk internet a\u011f\u0131n\u0131 olu\u015fturmu\u015ftur. Bir \u00e7ok radyo ve televizyonda program yap\u0131mc\u0131l\u0131\u011f\u0131 ve sunuculu\u011funu, bir \u00e7ok teknoloji dergisinde k\u00f6\u015fe yazarl\u0131\u011f\u0131, bili\u015fim edit\u00f6rl\u00fc\u011f\u00fc ve genel yay\u0131n y\u00f6netmenli\u011fi yapt\u0131. T\u00fcrkiye\u2019deki ilk internet servis sa\u011flay\u0131c\u0131s\u0131n\u0131n genel m\u00fcd\u00fcrl\u00fc\u011f\u00fcn\u00fc \u00fcstlendi. Bir \u00e7ok organizasyon ve kurulu\u015fta internet s\u00fcperviz\u00f6rl\u00fc\u011f\u00fc , webmaster\u2019l\u0131\u011f\u0131 , IT direkt\u00f6rl\u00fc\u011f\u00fc ve dijital projeler koordinat\u00f6rl\u00fc\u011f\u00fc g\u00f6revlerinde bulundu. Farkl\u0131 \u00fcniversitelerin farkl\u0131 fak\u00fcltelerinde \u00f6\u011fretim g\u00f6revlisi olarak bulunmu\u015f olan \u00dcnald\u0131; \u015fu an teknoloji ve pazarlama konular\u0131 ba\u015fta olmak \u00fczere bir\u00e7ok alanda hizmet veren Unaldi Consultancy\u2019nin kurucusudur. \\u2028Selin \u00dcnald\u0131 ile evlidir. Su ve Toprak isminde iki \u00e7ocu\u011fu vard\u0131r.\",\"sameAs\":[\"http:\/\/atif.unaldi.org\/blog\",\"https:\/\/www.facebook.com\/atifunaldi\",\"https:\/\/www.instagram.com\/atifunaldi\/\",\"https:\/\/www.linkedin.com\/in\/atifunaldi\",\"https:\/\/x.com\/https:\/\/twitter.com\/atifunaldi\",\"https:\/\/www.youtube.com\/c\/atifunaldi\",\"https:\/\/soundcloud.com\/atif-unaldi\",\"https:\/\/atifunaldi.tumblr.com\"],\"url\":\"http:\/\/atif.unaldi.org\/blog\/author\/atifunaldi\/\"}]}<\/script>\n<!-- \/ Yoast SEO plugin. -->","yoast_head_json":{"title":"Bili\u015fim g\u00fcndemi - At\u0131f \u00dcnald\u0131","robots":{"index":"index","follow":"follow","max-snippet":"max-snippet:-1","max-image-preview":"max-image-preview:large","max-video-preview":"max-video-preview:-1"},"canonical":"http:\/\/atif.unaldi.org\/blog\/2001\/02\/03\/bilisim-gundemi\/","og_locale":"tr_TR","og_type":"article","og_title":"Bili\u015fim g\u00fcndemi - At\u0131f \u00dcnald\u0131","og_description":"Ge\u00e7en hafta olduk\u00e7a ilgin\u00e7 toplant\u0131lar ger\u00e7ekle\u015ftirdim. Birincisi Toshiba Notebook&#8217;un Genel M\u00fcd\u00fcr&#8217;\u00fc Ayta\u00e7 Biter ile oldu. Bir \u00f6\u011fle tatili boyunca sekt\u00f6r\u00fcn eskilerinden biriyle tad\u0131na doyulmaz bir g\u00f6r\u00fc\u015fme yapt\u0131m. Toplant\u0131n\u0131n ba\u015f\u0131nda as\u0131l ama\u00e7 Toshiba&#8217;n\u0131n avrupa grubuna daha...","og_url":"http:\/\/atif.unaldi.org\/blog\/2001\/02\/03\/bilisim-gundemi\/","og_site_name":"At\u0131f \u00dcnald\u0131","article_publisher":"https:\/\/www.facebook.com\/atifunaldi","article_author":"https:\/\/www.facebook.com\/atifunaldi","article_published_time":"2001-02-03T00:00:00+00:00","author":"Atif Unaldi","twitter_card":"summary_large_image","twitter_creator":"@https:\/\/twitter.com\/atifunaldi","twitter_site":"@atifunaldi","twitter_misc":{"Yazan:":"Atif Unaldi","Tahmini okuma s\u00fcresi":"3 dakika"},"schema":{"@context":"https:\/\/schema.org","@graph":[{"@type":"Article","@id":"http:\/\/atif.unaldi.org\/blog\/2001\/02\/03\/bilisim-gundemi\/#article","isPartOf":{"@id":"http:\/\/atif.unaldi.org\/blog\/2001\/02\/03\/bilisim-gundemi\/"},"author":{"name":"Atif Unaldi","@id":"http:\/\/atif.unaldi.org\/blog\/#\/schema\/person\/608ed42ecbda2bc5cfdb767ac1db479b"},"headline":"Bili\u015fim g\u00fcndemi","datePublished":"2001-02-03T00:00:00+00:00","mainEntityOfPage":{"@id":"http:\/\/atif.unaldi.org\/blog\/2001\/02\/03\/bilisim-gundemi\/"},"wordCount":598,"commentCount":0,"publisher":{"@id":"http:\/\/atif.unaldi.org\/blog\/#\/schema\/person\/608ed42ecbda2bc5cfdb767ac1db479b"},"articleSection":["- Canteen"],"inLanguage":"tr","potentialAction":[{"@type":"CommentAction","name":"Comment","target":["http:\/\/atif.unaldi.org\/blog\/2001\/02\/03\/bilisim-gundemi\/#respond"]}]},{"@type":"WebPage","@id":"http:\/\/atif.unaldi.org\/blog\/2001\/02\/03\/bilisim-gundemi\/","url":"http:\/\/atif.unaldi.org\/blog\/2001\/02\/03\/bilisim-gundemi\/","name":"Bili\u015fim g\u00fcndemi - At\u0131f \u00dcnald\u0131","isPartOf":{"@id":"http:\/\/atif.unaldi.org\/blog\/#website"},"datePublished":"2001-02-03T00:00:00+00:00","breadcrumb":{"@id":"http:\/\/atif.unaldi.org\/blog\/2001\/02\/03\/bilisim-gundemi\/#breadcrumb"},"inLanguage":"tr","potentialAction":[{"@type":"ReadAction","target":["http:\/\/atif.unaldi.org\/blog\/2001\/02\/03\/bilisim-gundemi\/"]}]},{"@type":"BreadcrumbList","@id":"http:\/\/atif.unaldi.org\/blog\/2001\/02\/03\/bilisim-gundemi\/#breadcrumb","itemListElement":[{"@type":"ListItem","position":1,"name":"Anasayfa","item":"http:\/\/atif.unaldi.org\/blog\/"},{"@type":"ListItem","position":2,"name":"Bili\u015fim g\u00fcndemi"}]},{"@type":"WebSite","@id":"http:\/\/atif.unaldi.org\/blog\/#website","url":"http:\/\/atif.unaldi.org\/blog\/","name":"At\u0131f \u00dcnald\u0131","description":"Yazar","publisher":{"@id":"http:\/\/atif.unaldi.org\/blog\/#\/schema\/person\/608ed42ecbda2bc5cfdb767ac1db479b"},"alternateName":"At\u0131f \u00dcnald\u0131 Blog","potentialAction":[{"@type":"SearchAction","target":{"@type":"EntryPoint","urlTemplate":"http:\/\/atif.unaldi.org\/blog\/?s={search_term_string}"},"query-input":{"@type":"PropertyValueSpecification","valueRequired":true,"valueName":"search_term_string"}}],"inLanguage":"tr"},{"@type":["Person","Organization"],"@id":"http:\/\/atif.unaldi.org\/blog\/#\/schema\/person\/608ed42ecbda2bc5cfdb767ac1db479b","name":"Atif Unaldi","image":{"@type":"ImageObject","inLanguage":"tr","@id":"http:\/\/atif.unaldi.org\/blog\/#\/schema\/person\/image\/","url":"http:\/\/atif.unaldi.org\/blog\/wp-content\/uploads\/2022\/10\/cropped-a94e8f7a-67c4-4d65-8a5f-032ba784be53-2.jpg","contentUrl":"http:\/\/atif.unaldi.org\/blog\/wp-content\/uploads\/2022\/10\/cropped-a94e8f7a-67c4-4d65-8a5f-032ba784be53-2.jpg","width":512,"height":512,"caption":"Atif Unaldi"},"logo":{"@id":"http:\/\/atif.unaldi.org\/blog\/#\/schema\/person\/image\/"},"description":"Bo\u011fazi\u00e7i \u00dcniversitesinde Fizik B\u00f6l\u00fcm\u00fc\u2019nde e\u011fitim ald\u0131\u011f\u0131 y\u0131llarda T\u00fcrkiye\u2019de ilk kez iki bilgisayar\u0131 telefon hatlar\u0131 \u00fczerinden konu\u015fturan BBS sistemini kurarak, T\u00fcrkiye\u2019deki ilk internet a\u011f\u0131n\u0131 olu\u015fturmu\u015ftur. Bir \u00e7ok radyo ve televizyonda program yap\u0131mc\u0131l\u0131\u011f\u0131 ve sunuculu\u011funu, bir \u00e7ok teknoloji dergisinde k\u00f6\u015fe yazarl\u0131\u011f\u0131, bili\u015fim edit\u00f6rl\u00fc\u011f\u00fc ve genel yay\u0131n y\u00f6netmenli\u011fi yapt\u0131. T\u00fcrkiye\u2019deki ilk internet servis sa\u011flay\u0131c\u0131s\u0131n\u0131n genel m\u00fcd\u00fcrl\u00fc\u011f\u00fcn\u00fc \u00fcstlendi. Bir \u00e7ok organizasyon ve kurulu\u015fta internet s\u00fcperviz\u00f6rl\u00fc\u011f\u00fc , webmaster\u2019l\u0131\u011f\u0131 , IT direkt\u00f6rl\u00fc\u011f\u00fc ve dijital projeler koordinat\u00f6rl\u00fc\u011f\u00fc g\u00f6revlerinde bulundu. Farkl\u0131 \u00fcniversitelerin farkl\u0131 fak\u00fcltelerinde \u00f6\u011fretim g\u00f6revlisi olarak bulunmu\u015f olan \u00dcnald\u0131; \u015fu an teknoloji ve pazarlama konular\u0131 ba\u015fta olmak \u00fczere bir\u00e7ok alanda hizmet veren Unaldi Consultancy\u2019nin kurucusudur. \u2028Selin \u00dcnald\u0131 ile evlidir. Su ve Toprak isminde iki \u00e7ocu\u011fu vard\u0131r.","sameAs":["http:\/\/atif.unaldi.org\/blog","https:\/\/www.facebook.com\/atifunaldi","https:\/\/www.instagram.com\/atifunaldi\/","https:\/\/www.linkedin.com\/in\/atifunaldi","https:\/\/x.com\/https:\/\/twitter.com\/atifunaldi","https:\/\/www.youtube.com\/c\/atifunaldi","https:\/\/soundcloud.com\/atif-unaldi","https:\/\/atifunaldi.tumblr.com"],"url":"http:\/\/atif.unaldi.org\/blog\/author\/atifunaldi\/"}]}},"jetpack_featured_media_url":"","_links":{"self":[{"href":"http:\/\/atif.unaldi.org\/blog\/wp-json\/wp\/v2\/posts\/327","targetHints":{"allow":["GET"]}}],"collection":[{"href":"http:\/\/atif.unaldi.org\/blog\/wp-json\/wp\/v2\/posts"}],"about":[{"href":"http:\/\/atif.unaldi.org\/blog\/wp-json\/wp\/v2\/types\/post"}],"author":[{"embeddable":true,"href":"http:\/\/atif.unaldi.org\/blog\/wp-json\/wp\/v2\/users\/2"}],"replies":[{"embeddable":true,"href":"http:\/\/atif.unaldi.org\/blog\/wp-json\/wp\/v2\/comments?post=327"}],"version-history":[{"count":0,"href":"http:\/\/atif.unaldi.org\/blog\/wp-json\/wp\/v2\/posts\/327\/revisions"}],"wp:attachment":[{"href":"http:\/\/atif.unaldi.org\/blog\/wp-json\/wp\/v2\/media?parent=327"}],"wp:term":[{"taxonomy":"category","embeddable":true,"href":"http:\/\/atif.unaldi.org\/blog\/wp-json\/wp\/v2\/categories?post=327"},{"taxonomy":"post_tag","embeddable":true,"href":"http:\/\/atif.unaldi.org\/blog\/wp-json\/wp\/v2\/tags?post=327"}],"curies":[{"name":"wp","href":"https:\/\/api.w.org\/{rel}","templated":true}]}}