{"id":405,"date":"2002-11-22T02:00:00","date_gmt":"2002-11-22T00:00:00","guid":{"rendered":"http:\/\/85.17.200.84\/~unaldi\/atif\/?p=405"},"modified":"2002-11-22T02:00:00","modified_gmt":"2002-11-22T00:00:00","slug":"var-olmanin-dayanilmaz-hafifligi","status":"publish","type":"post","link":"http:\/\/atif.unaldi.org\/blog\/2002\/11\/22\/var-olmanin-dayanilmaz-hafifligi\/","title":{"rendered":"Var olman\u0131n dayan\u0131lmaz hafifli\u011fi"},"content":{"rendered":"<p>Alev Alatl\u0131&#8217;n\u0131n &#8220;&#8221;Schr\u00f6dinger&#8217;in Kedisi&#8221;&#8221; kitab\u0131n\u0131 g\u00f6rd\u00fc\u011f\u00fcmde bir fizik kuram\u0131n\u0131n edebi hayatta nas\u0131l anlam kazand\u0131\u011f\u0131n\u0131 hayretle farketmi\u015ftim. Asl\u0131nda bu tarih i\u00e7inde pek de uzak olmad\u0131\u011f\u0131m\u0131z kavramlardan biri. Her fiziksel kuram alt\u0131nda felsefi bir varolmay\u0131 gerektirir. Her fizik denklemi ise bir kavram\u0131n evrendeki ger\u00e7ekli\u011fidir.<br \/>\nBu bak\u0131\u015f a\u00e7\u0131s\u0131yla bakt\u0131\u011f\u0131n\u0131za bir maddenin varolmas\u0131n\u0131 a\u00e7\u0131klaman\u0131n yolu quantum mekani\u011finde gizlidir. Okul y\u0131llar\u0131nda hepimizi korkuttuklar\u0131 bu kavramlar b\u00fct\u00fcnl\u00fc\u011f\u00fc, asl\u0131nda varl\u0131\u011f\u0131m\u0131z\u0131 a\u00e7\u0131klaman\u0131n en iyi yollar\u0131ndan birini olu\u015fturur. Fakat tabii ki d\u00fc\u015f\u00fcnd\u00fc\u011f\u00fcn\u00fczden b\u00fcy\u00fck soru i\u015faretleri ile.<br \/>\nGer\u00e7e\u011fin ne oldu\u011funu, en iyi a\u00e7\u0131klayabilecek ki\u015fi herhalde madde ile enerji aras\u0131nda yad\u0131rganamaz ve \u00fczerinde \u015f\u00fcpheye d\u00fc\u015fmeye gerek olmayacak kadar basit bir dille olu\u015fturulan denklemin yazar\u0131 olan Einstein&#8217;d\u0131r. Ona g\u00f6re ger\u00e7ek \u00e7ok uzun s\u00fcren bir yan\u0131lsamadan ba\u015fka bir \u015fey de\u011fildir. Bu bak\u0131\u015f a\u00e7\u0131s\u0131 hepimizi varl\u0131klar\u0131m\u0131z\u0131 sorgulama yoluna iter gibi g\u00f6r\u00fcnse de asl\u0131nda ruh, inan\u00e7 ve belki de yarat\u0131c\u0131n\u0131n varl\u0131\u011f\u0131 konusundaki tart\u0131\u015fmalara son noktay\u0131 koyacak kadar kesindir. Bilimi bir ya\u015fam ve hayat\u0131 anlama \u015fekli olarak alg\u0131layan Einstein, enerjiyi, maddenin \u0131\u015f\u0131k h\u0131z\u0131 sabitinin karesi ile olan ili\u015fkisi ile anlatmaktad\u0131r. Edebiyatta hepimize okudu\u011fumuz c\u00fcmleyi anlamam\u0131z gerekti\u011fi s\u00f6ylenirken, bunun fizik gibi bilimler i\u00e7in ge\u00e7erli oldu\u011funu atlamak tam bir cahillik olacakt\u0131r. Bu nedenle maddenin varolmas\u0131 i\u00e7in \u0131\u015f\u0131\u011f\u0131n ve enerjinin olmas\u0131 gerekti\u011fi bilgisini biraz d\u00fc\u015f\u00fcnmek gerekir. I\u015f\u0131k her nesnenin ya\u015famas\u0131nda ve ger\u00e7ek olmas\u0131nda yard\u0131mc\u0131 olan  ana ya\u015fam formlar\u0131n\u0131n ba\u015f\u0131nda gelir. Tabii unutulmamas\u0131 gereken ikinci \u00f6nemli konu ise her ger\u00e7ek bilimsel yakla\u015f\u0131m\u0131n en az iki y\u00f6nden do\u011frulanmas\u0131 gereklili\u011fidir.<br \/>\nI\u015f\u0131k olmadan hi\u00e7bir maddeyi g\u00f6remeyiz. \u0130ki ya\u015f\u0131ndaki bir \u00e7ocu\u011fun bile bildi\u011fi bu ger\u00e7ek, evrenin en do\u011fru anlat\u0131mlar\u0131ndan biridir. Son derece k\u00fc\u00e7\u00fck bir maddenin karanl\u0131kta nas\u0131l davrand\u0131\u011f\u0131n\u0131 anlamak i\u00e7in g\u00f6zlemlemeye \u00e7al\u0131\u015ft\u0131\u011f\u0131n\u0131z\u0131 d\u00fc\u015f\u00fcnelim. Bu bilgiyi edinmek i\u00e7in maddeye az da olsa bir \u0131\u015f\u0131k vermeniz gerekir ki bu \u0131\u015f\u0131k maddeyi uyaraca\u011f\u0131ndan, davran\u0131\u015f\u0131 tam karanl\u0131k an\u0131ndaki \u015feklinden farkl\u0131 olacakt\u0131r. \u0130\u015fte Schr\u00f6dinger kedisi ile birlikte bu karma\u015f\u0131k ger\u00e7eklili\u011fi alg\u0131lama \u00e7al\u0131\u015f\u0131rken, Heisenberg durumu anlatan ve matrix mekanik ismini alan denklemi ile u\u011fra\u015fmaktayd\u0131.  Bu denklem ise Einstein&#8217;in madde \u0131\u015f\u0131k aras\u0131ndaki ili\u015fkiyi a\u00e7\u0131klayan c\u00fcmlesini destekler nitelikteydi.<br \/>\nMaddenin \u0131\u015f\u0131k ile olan ili\u015fkisi bizi mutlak karanl\u0131k halinde birer enerji noktalar\u0131n veya &#8220;&#8221;gaz ve toz bulutlar\u0131na &#8220;&#8221; d\u00f6n\u00fc\u015ft\u00fcr\u00fcr m\u00fc? Asl\u0131nda belki de bunu s\u00f6ylemek i\u00e7in \u00e7ok erken ama alg\u0131lanmas\u0131 gereken bir ger\u00e7eklik varsa bu sadece enerjinin ve \u0131\u015f\u0131\u011f\u0131n varl\u0131\u011f\u0131d\u0131r.<br \/>\nNETle\u015fmek \u00fczere&#8230;<\/p>\n","protected":false},"excerpt":{"rendered":"<p>Alev Alatl\u0131&#8217;n\u0131n &#8220;&#8221;Schr\u00f6dinger&#8217;in Kedisi&#8221;&#8221; kitab\u0131n\u0131 g\u00f6rd\u00fc\u011f\u00fcmde bir fizik kuram\u0131n\u0131n edebi hayatta nas\u0131l anlam kazand\u0131\u011f\u0131n\u0131 hayretle farketmi\u015ftim. Asl\u0131nda bu tarih i\u00e7inde pek de uzak olmad\u0131\u011f\u0131m\u0131z kavramlardan biri. Her fiziksel kuram alt\u0131nda felsefi bir varolmay\u0131 gerektirir. Her&#8230;<\/p>\n","protected":false},"author":2,"featured_media":0,"comment_status":"open","ping_status":"open","sticky":false,"template":"","format":"standard","meta":{"footnotes":""},"categories":[3],"tags":[],"class_list":["post-405","post","type-post","status-publish","format-standard","hentry","category-blogum"],"yoast_head":"<!-- This site is optimized with the Yoast SEO plugin v26.8 - https:\/\/yoast.com\/product\/yoast-seo-wordpress\/ -->\n<title>Var olman\u0131n dayan\u0131lmaz hafifli\u011fi - At\u0131f \u00dcnald\u0131<\/title>\n<meta name=\"robots\" content=\"index, follow, max-snippet:-1, max-image-preview:large, max-video-preview:-1\" \/>\n<link rel=\"canonical\" href=\"http:\/\/atif.unaldi.org\/blog\/2002\/11\/22\/var-olmanin-dayanilmaz-hafifligi\/\" \/>\n<meta property=\"og:locale\" content=\"tr_TR\" \/>\n<meta property=\"og:type\" content=\"article\" \/>\n<meta property=\"og:title\" content=\"Var olman\u0131n dayan\u0131lmaz hafifli\u011fi - At\u0131f \u00dcnald\u0131\" \/>\n<meta property=\"og:description\" content=\"Alev Alatl\u0131&#8217;n\u0131n &#8220;&#8221;Schr\u00f6dinger&#8217;in Kedisi&#8221;&#8221; kitab\u0131n\u0131 g\u00f6rd\u00fc\u011f\u00fcmde bir fizik kuram\u0131n\u0131n edebi hayatta nas\u0131l anlam kazand\u0131\u011f\u0131n\u0131 hayretle farketmi\u015ftim. Asl\u0131nda bu tarih i\u00e7inde pek de uzak olmad\u0131\u011f\u0131m\u0131z kavramlardan biri. Her fiziksel kuram alt\u0131nda felsefi bir varolmay\u0131 gerektirir. Her...\" \/>\n<meta property=\"og:url\" content=\"http:\/\/atif.unaldi.org\/blog\/2002\/11\/22\/var-olmanin-dayanilmaz-hafifligi\/\" \/>\n<meta property=\"og:site_name\" content=\"At\u0131f \u00dcnald\u0131\" \/>\n<meta property=\"article:publisher\" content=\"https:\/\/www.facebook.com\/atifunaldi\" \/>\n<meta property=\"article:author\" content=\"https:\/\/www.facebook.com\/atifunaldi\" \/>\n<meta property=\"article:published_time\" content=\"2002-11-22T00:00:00+00:00\" \/>\n<meta name=\"author\" content=\"Atif Unaldi\" \/>\n<meta name=\"twitter:card\" content=\"summary_large_image\" \/>\n<meta name=\"twitter:creator\" content=\"@https:\/\/twitter.com\/atifunaldi\" \/>\n<meta name=\"twitter:site\" content=\"@atifunaldi\" \/>\n<meta name=\"twitter:label1\" content=\"Yazan:\" \/>\n\t<meta name=\"twitter:data1\" content=\"Atif Unaldi\" \/>\n\t<meta name=\"twitter:label2\" content=\"Tahmini okuma s\u00fcresi\" \/>\n\t<meta name=\"twitter:data2\" content=\"3 dakika\" \/>\n<script type=\"application\/ld+json\" class=\"yoast-schema-graph\">{\"@context\":\"https:\/\/schema.org\",\"@graph\":[{\"@type\":\"Article\",\"@id\":\"http:\/\/atif.unaldi.org\/blog\/2002\/11\/22\/var-olmanin-dayanilmaz-hafifligi\/#article\",\"isPartOf\":{\"@id\":\"http:\/\/atif.unaldi.org\/blog\/2002\/11\/22\/var-olmanin-dayanilmaz-hafifligi\/\"},\"author\":{\"name\":\"Atif Unaldi\",\"@id\":\"http:\/\/atif.unaldi.org\/blog\/#\/schema\/person\/608ed42ecbda2bc5cfdb767ac1db479b\"},\"headline\":\"Var olman\u0131n dayan\u0131lmaz hafifli\u011fi\",\"datePublished\":\"2002-11-22T00:00:00+00:00\",\"mainEntityOfPage\":{\"@id\":\"http:\/\/atif.unaldi.org\/blog\/2002\/11\/22\/var-olmanin-dayanilmaz-hafifligi\/\"},\"wordCount\":521,\"commentCount\":0,\"publisher\":{\"@id\":\"http:\/\/atif.unaldi.org\/blog\/#\/schema\/person\/608ed42ecbda2bc5cfdb767ac1db479b\"},\"articleSection\":[\"Blogum\"],\"inLanguage\":\"tr\",\"potentialAction\":[{\"@type\":\"CommentAction\",\"name\":\"Comment\",\"target\":[\"http:\/\/atif.unaldi.org\/blog\/2002\/11\/22\/var-olmanin-dayanilmaz-hafifligi\/#respond\"]}]},{\"@type\":\"WebPage\",\"@id\":\"http:\/\/atif.unaldi.org\/blog\/2002\/11\/22\/var-olmanin-dayanilmaz-hafifligi\/\",\"url\":\"http:\/\/atif.unaldi.org\/blog\/2002\/11\/22\/var-olmanin-dayanilmaz-hafifligi\/\",\"name\":\"Var olman\u0131n dayan\u0131lmaz hafifli\u011fi - At\u0131f \u00dcnald\u0131\",\"isPartOf\":{\"@id\":\"http:\/\/atif.unaldi.org\/blog\/#website\"},\"datePublished\":\"2002-11-22T00:00:00+00:00\",\"breadcrumb\":{\"@id\":\"http:\/\/atif.unaldi.org\/blog\/2002\/11\/22\/var-olmanin-dayanilmaz-hafifligi\/#breadcrumb\"},\"inLanguage\":\"tr\",\"potentialAction\":[{\"@type\":\"ReadAction\",\"target\":[\"http:\/\/atif.unaldi.org\/blog\/2002\/11\/22\/var-olmanin-dayanilmaz-hafifligi\/\"]}]},{\"@type\":\"BreadcrumbList\",\"@id\":\"http:\/\/atif.unaldi.org\/blog\/2002\/11\/22\/var-olmanin-dayanilmaz-hafifligi\/#breadcrumb\",\"itemListElement\":[{\"@type\":\"ListItem\",\"position\":1,\"name\":\"Anasayfa\",\"item\":\"http:\/\/atif.unaldi.org\/blog\/\"},{\"@type\":\"ListItem\",\"position\":2,\"name\":\"Var olman\u0131n dayan\u0131lmaz hafifli\u011fi\"}]},{\"@type\":\"WebSite\",\"@id\":\"http:\/\/atif.unaldi.org\/blog\/#website\",\"url\":\"http:\/\/atif.unaldi.org\/blog\/\",\"name\":\"At\u0131f \u00dcnald\u0131\",\"description\":\"Yazar\",\"publisher\":{\"@id\":\"http:\/\/atif.unaldi.org\/blog\/#\/schema\/person\/608ed42ecbda2bc5cfdb767ac1db479b\"},\"alternateName\":\"At\u0131f \u00dcnald\u0131 Blog\",\"potentialAction\":[{\"@type\":\"SearchAction\",\"target\":{\"@type\":\"EntryPoint\",\"urlTemplate\":\"http:\/\/atif.unaldi.org\/blog\/?s={search_term_string}\"},\"query-input\":{\"@type\":\"PropertyValueSpecification\",\"valueRequired\":true,\"valueName\":\"search_term_string\"}}],\"inLanguage\":\"tr\"},{\"@type\":[\"Person\",\"Organization\"],\"@id\":\"http:\/\/atif.unaldi.org\/blog\/#\/schema\/person\/608ed42ecbda2bc5cfdb767ac1db479b\",\"name\":\"Atif Unaldi\",\"image\":{\"@type\":\"ImageObject\",\"inLanguage\":\"tr\",\"@id\":\"http:\/\/atif.unaldi.org\/blog\/#\/schema\/person\/image\/\",\"url\":\"http:\/\/atif.unaldi.org\/blog\/wp-content\/uploads\/2022\/10\/cropped-a94e8f7a-67c4-4d65-8a5f-032ba784be53-2.jpg\",\"contentUrl\":\"http:\/\/atif.unaldi.org\/blog\/wp-content\/uploads\/2022\/10\/cropped-a94e8f7a-67c4-4d65-8a5f-032ba784be53-2.jpg\",\"width\":512,\"height\":512,\"caption\":\"Atif Unaldi\"},\"logo\":{\"@id\":\"http:\/\/atif.unaldi.org\/blog\/#\/schema\/person\/image\/\"},\"description\":\"Bo\u011fazi\u00e7i \u00dcniversitesinde Fizik B\u00f6l\u00fcm\u00fc\u2019nde e\u011fitim ald\u0131\u011f\u0131 y\u0131llarda T\u00fcrkiye\u2019de ilk kez iki bilgisayar\u0131 telefon hatlar\u0131 \u00fczerinden konu\u015fturan BBS sistemini kurarak, T\u00fcrkiye\u2019deki ilk internet a\u011f\u0131n\u0131 olu\u015fturmu\u015ftur. Bir \u00e7ok radyo ve televizyonda program yap\u0131mc\u0131l\u0131\u011f\u0131 ve sunuculu\u011funu, bir \u00e7ok teknoloji dergisinde k\u00f6\u015fe yazarl\u0131\u011f\u0131, bili\u015fim edit\u00f6rl\u00fc\u011f\u00fc ve genel yay\u0131n y\u00f6netmenli\u011fi yapt\u0131. T\u00fcrkiye\u2019deki ilk internet servis sa\u011flay\u0131c\u0131s\u0131n\u0131n genel m\u00fcd\u00fcrl\u00fc\u011f\u00fcn\u00fc \u00fcstlendi. Bir \u00e7ok organizasyon ve kurulu\u015fta internet s\u00fcperviz\u00f6rl\u00fc\u011f\u00fc , webmaster\u2019l\u0131\u011f\u0131 , IT direkt\u00f6rl\u00fc\u011f\u00fc ve dijital projeler koordinat\u00f6rl\u00fc\u011f\u00fc g\u00f6revlerinde bulundu. Farkl\u0131 \u00fcniversitelerin farkl\u0131 fak\u00fcltelerinde \u00f6\u011fretim g\u00f6revlisi olarak bulunmu\u015f olan \u00dcnald\u0131; \u015fu an teknoloji ve pazarlama konular\u0131 ba\u015fta olmak \u00fczere bir\u00e7ok alanda hizmet veren Unaldi Consultancy\u2019nin kurucusudur. \\u2028Selin \u00dcnald\u0131 ile evlidir. Su ve Toprak isminde iki \u00e7ocu\u011fu vard\u0131r.\",\"sameAs\":[\"http:\/\/atif.unaldi.org\/blog\",\"https:\/\/www.facebook.com\/atifunaldi\",\"https:\/\/www.instagram.com\/atifunaldi\/\",\"https:\/\/www.linkedin.com\/in\/atifunaldi\",\"https:\/\/x.com\/https:\/\/twitter.com\/atifunaldi\",\"https:\/\/www.youtube.com\/c\/atifunaldi\",\"https:\/\/soundcloud.com\/atif-unaldi\",\"https:\/\/atifunaldi.tumblr.com\"],\"url\":\"http:\/\/atif.unaldi.org\/blog\/author\/atifunaldi\/\"}]}<\/script>\n<!-- \/ Yoast SEO plugin. -->","yoast_head_json":{"title":"Var olman\u0131n dayan\u0131lmaz hafifli\u011fi - At\u0131f \u00dcnald\u0131","robots":{"index":"index","follow":"follow","max-snippet":"max-snippet:-1","max-image-preview":"max-image-preview:large","max-video-preview":"max-video-preview:-1"},"canonical":"http:\/\/atif.unaldi.org\/blog\/2002\/11\/22\/var-olmanin-dayanilmaz-hafifligi\/","og_locale":"tr_TR","og_type":"article","og_title":"Var olman\u0131n dayan\u0131lmaz hafifli\u011fi - At\u0131f \u00dcnald\u0131","og_description":"Alev Alatl\u0131&#8217;n\u0131n &#8220;&#8221;Schr\u00f6dinger&#8217;in Kedisi&#8221;&#8221; kitab\u0131n\u0131 g\u00f6rd\u00fc\u011f\u00fcmde bir fizik kuram\u0131n\u0131n edebi hayatta nas\u0131l anlam kazand\u0131\u011f\u0131n\u0131 hayretle farketmi\u015ftim. Asl\u0131nda bu tarih i\u00e7inde pek de uzak olmad\u0131\u011f\u0131m\u0131z kavramlardan biri. Her fiziksel kuram alt\u0131nda felsefi bir varolmay\u0131 gerektirir. Her...","og_url":"http:\/\/atif.unaldi.org\/blog\/2002\/11\/22\/var-olmanin-dayanilmaz-hafifligi\/","og_site_name":"At\u0131f \u00dcnald\u0131","article_publisher":"https:\/\/www.facebook.com\/atifunaldi","article_author":"https:\/\/www.facebook.com\/atifunaldi","article_published_time":"2002-11-22T00:00:00+00:00","author":"Atif Unaldi","twitter_card":"summary_large_image","twitter_creator":"@https:\/\/twitter.com\/atifunaldi","twitter_site":"@atifunaldi","twitter_misc":{"Yazan:":"Atif Unaldi","Tahmini okuma s\u00fcresi":"3 dakika"},"schema":{"@context":"https:\/\/schema.org","@graph":[{"@type":"Article","@id":"http:\/\/atif.unaldi.org\/blog\/2002\/11\/22\/var-olmanin-dayanilmaz-hafifligi\/#article","isPartOf":{"@id":"http:\/\/atif.unaldi.org\/blog\/2002\/11\/22\/var-olmanin-dayanilmaz-hafifligi\/"},"author":{"name":"Atif Unaldi","@id":"http:\/\/atif.unaldi.org\/blog\/#\/schema\/person\/608ed42ecbda2bc5cfdb767ac1db479b"},"headline":"Var olman\u0131n dayan\u0131lmaz hafifli\u011fi","datePublished":"2002-11-22T00:00:00+00:00","mainEntityOfPage":{"@id":"http:\/\/atif.unaldi.org\/blog\/2002\/11\/22\/var-olmanin-dayanilmaz-hafifligi\/"},"wordCount":521,"commentCount":0,"publisher":{"@id":"http:\/\/atif.unaldi.org\/blog\/#\/schema\/person\/608ed42ecbda2bc5cfdb767ac1db479b"},"articleSection":["Blogum"],"inLanguage":"tr","potentialAction":[{"@type":"CommentAction","name":"Comment","target":["http:\/\/atif.unaldi.org\/blog\/2002\/11\/22\/var-olmanin-dayanilmaz-hafifligi\/#respond"]}]},{"@type":"WebPage","@id":"http:\/\/atif.unaldi.org\/blog\/2002\/11\/22\/var-olmanin-dayanilmaz-hafifligi\/","url":"http:\/\/atif.unaldi.org\/blog\/2002\/11\/22\/var-olmanin-dayanilmaz-hafifligi\/","name":"Var olman\u0131n dayan\u0131lmaz hafifli\u011fi - At\u0131f \u00dcnald\u0131","isPartOf":{"@id":"http:\/\/atif.unaldi.org\/blog\/#website"},"datePublished":"2002-11-22T00:00:00+00:00","breadcrumb":{"@id":"http:\/\/atif.unaldi.org\/blog\/2002\/11\/22\/var-olmanin-dayanilmaz-hafifligi\/#breadcrumb"},"inLanguage":"tr","potentialAction":[{"@type":"ReadAction","target":["http:\/\/atif.unaldi.org\/blog\/2002\/11\/22\/var-olmanin-dayanilmaz-hafifligi\/"]}]},{"@type":"BreadcrumbList","@id":"http:\/\/atif.unaldi.org\/blog\/2002\/11\/22\/var-olmanin-dayanilmaz-hafifligi\/#breadcrumb","itemListElement":[{"@type":"ListItem","position":1,"name":"Anasayfa","item":"http:\/\/atif.unaldi.org\/blog\/"},{"@type":"ListItem","position":2,"name":"Var olman\u0131n dayan\u0131lmaz hafifli\u011fi"}]},{"@type":"WebSite","@id":"http:\/\/atif.unaldi.org\/blog\/#website","url":"http:\/\/atif.unaldi.org\/blog\/","name":"At\u0131f \u00dcnald\u0131","description":"Yazar","publisher":{"@id":"http:\/\/atif.unaldi.org\/blog\/#\/schema\/person\/608ed42ecbda2bc5cfdb767ac1db479b"},"alternateName":"At\u0131f \u00dcnald\u0131 Blog","potentialAction":[{"@type":"SearchAction","target":{"@type":"EntryPoint","urlTemplate":"http:\/\/atif.unaldi.org\/blog\/?s={search_term_string}"},"query-input":{"@type":"PropertyValueSpecification","valueRequired":true,"valueName":"search_term_string"}}],"inLanguage":"tr"},{"@type":["Person","Organization"],"@id":"http:\/\/atif.unaldi.org\/blog\/#\/schema\/person\/608ed42ecbda2bc5cfdb767ac1db479b","name":"Atif Unaldi","image":{"@type":"ImageObject","inLanguage":"tr","@id":"http:\/\/atif.unaldi.org\/blog\/#\/schema\/person\/image\/","url":"http:\/\/atif.unaldi.org\/blog\/wp-content\/uploads\/2022\/10\/cropped-a94e8f7a-67c4-4d65-8a5f-032ba784be53-2.jpg","contentUrl":"http:\/\/atif.unaldi.org\/blog\/wp-content\/uploads\/2022\/10\/cropped-a94e8f7a-67c4-4d65-8a5f-032ba784be53-2.jpg","width":512,"height":512,"caption":"Atif Unaldi"},"logo":{"@id":"http:\/\/atif.unaldi.org\/blog\/#\/schema\/person\/image\/"},"description":"Bo\u011fazi\u00e7i \u00dcniversitesinde Fizik B\u00f6l\u00fcm\u00fc\u2019nde e\u011fitim ald\u0131\u011f\u0131 y\u0131llarda T\u00fcrkiye\u2019de ilk kez iki bilgisayar\u0131 telefon hatlar\u0131 \u00fczerinden konu\u015fturan BBS sistemini kurarak, T\u00fcrkiye\u2019deki ilk internet a\u011f\u0131n\u0131 olu\u015fturmu\u015ftur. Bir \u00e7ok radyo ve televizyonda program yap\u0131mc\u0131l\u0131\u011f\u0131 ve sunuculu\u011funu, bir \u00e7ok teknoloji dergisinde k\u00f6\u015fe yazarl\u0131\u011f\u0131, bili\u015fim edit\u00f6rl\u00fc\u011f\u00fc ve genel yay\u0131n y\u00f6netmenli\u011fi yapt\u0131. T\u00fcrkiye\u2019deki ilk internet servis sa\u011flay\u0131c\u0131s\u0131n\u0131n genel m\u00fcd\u00fcrl\u00fc\u011f\u00fcn\u00fc \u00fcstlendi. Bir \u00e7ok organizasyon ve kurulu\u015fta internet s\u00fcperviz\u00f6rl\u00fc\u011f\u00fc , webmaster\u2019l\u0131\u011f\u0131 , IT direkt\u00f6rl\u00fc\u011f\u00fc ve dijital projeler koordinat\u00f6rl\u00fc\u011f\u00fc g\u00f6revlerinde bulundu. Farkl\u0131 \u00fcniversitelerin farkl\u0131 fak\u00fcltelerinde \u00f6\u011fretim g\u00f6revlisi olarak bulunmu\u015f olan \u00dcnald\u0131; \u015fu an teknoloji ve pazarlama konular\u0131 ba\u015fta olmak \u00fczere bir\u00e7ok alanda hizmet veren Unaldi Consultancy\u2019nin kurucusudur. \u2028Selin \u00dcnald\u0131 ile evlidir. Su ve Toprak isminde iki \u00e7ocu\u011fu vard\u0131r.","sameAs":["http:\/\/atif.unaldi.org\/blog","https:\/\/www.facebook.com\/atifunaldi","https:\/\/www.instagram.com\/atifunaldi\/","https:\/\/www.linkedin.com\/in\/atifunaldi","https:\/\/x.com\/https:\/\/twitter.com\/atifunaldi","https:\/\/www.youtube.com\/c\/atifunaldi","https:\/\/soundcloud.com\/atif-unaldi","https:\/\/atifunaldi.tumblr.com"],"url":"http:\/\/atif.unaldi.org\/blog\/author\/atifunaldi\/"}]}},"jetpack_featured_media_url":"","_links":{"self":[{"href":"http:\/\/atif.unaldi.org\/blog\/wp-json\/wp\/v2\/posts\/405","targetHints":{"allow":["GET"]}}],"collection":[{"href":"http:\/\/atif.unaldi.org\/blog\/wp-json\/wp\/v2\/posts"}],"about":[{"href":"http:\/\/atif.unaldi.org\/blog\/wp-json\/wp\/v2\/types\/post"}],"author":[{"embeddable":true,"href":"http:\/\/atif.unaldi.org\/blog\/wp-json\/wp\/v2\/users\/2"}],"replies":[{"embeddable":true,"href":"http:\/\/atif.unaldi.org\/blog\/wp-json\/wp\/v2\/comments?post=405"}],"version-history":[{"count":0,"href":"http:\/\/atif.unaldi.org\/blog\/wp-json\/wp\/v2\/posts\/405\/revisions"}],"wp:attachment":[{"href":"http:\/\/atif.unaldi.org\/blog\/wp-json\/wp\/v2\/media?parent=405"}],"wp:term":[{"taxonomy":"category","embeddable":true,"href":"http:\/\/atif.unaldi.org\/blog\/wp-json\/wp\/v2\/categories?post=405"},{"taxonomy":"post_tag","embeddable":true,"href":"http:\/\/atif.unaldi.org\/blog\/wp-json\/wp\/v2\/tags?post=405"}],"curies":[{"name":"wp","href":"https:\/\/api.w.org\/{rel}","templated":true}]}}