{"id":410,"date":"2002-12-22T02:00:00","date_gmt":"2002-12-22T00:00:00","guid":{"rendered":"http:\/\/85.17.200.84\/~unaldi\/atif\/?p=410"},"modified":"2002-12-22T02:00:00","modified_gmt":"2002-12-22T00:00:00","slug":"yoneticinin-alis-veris-rehberi-2","status":"publish","type":"post","link":"http:\/\/atif.unaldi.org\/blog\/2002\/12\/22\/yoneticinin-alis-veris-rehberi-2\/","title":{"rendered":"Y\u00f6neticinin Al\u0131\u015f Veri\u015f Rehberi"},"content":{"rendered":"<p>Biz bili\u015ficiler y\u0131llard\u0131r, ileti\u015fim, PDA, bilgisayar teknolojilerin birbirine yak\u0131nla\u015faca\u011f\u0131n\u0131 s\u00f6yler dururuz. \u0130\u015fte bu ay size tan\u0131taca\u011f\u0131m cihaz tam bu cinsten. Microsoft&#8217;un yeni projeler ger\u00e7ekle\u015ftirmek i\u00e7in getirdi\u011fi cihaz\u0131, mobil i\u015f geli\u015ftirme m\u00fcd\u00fcr\u00fc, dostum \u00c7i\u011fdem Ak\u0131n&#8217;\u0131n elinde g\u00f6r\u00fcnce, gazetecilik damarlar\u0131nm kabard\u0131 ve binbir rica ile bu cihaz\u0131 sizin i\u00e7in denedim.<br \/>\n\u00d6zellikle toplant\u0131 gibi sessiz ortamlarda, zirr zirr (eski model telefon sesi) diye \u00e7alan bir telefon, arkas\u0131ndan elinizdeki son dece ergonomik, modern g\u00f6r\u00fcn\u00fcml\u00fc cihaz olay\u0131 izleyenlerde kahkahalara neden oluyor. Bu elde etti\u011fim ilk izlenim.<br \/>\nAsl\u0131nda son d\u00f6nemde cep telefonlar\u0131na verilen ekstra \u00f6zelliklerin cihaz\u0131 yava\u015flatt\u0131\u011f\u0131n d\u00fc\u015f\u00fcn\u00fcyordum ama i\u015fin i\u00e7ine Microsoft, Microsoft&#8217;un geli\u015ftirdi\u011fi en ba\u015far\u0131l\u0131 i\u015fletim sistemi WindowsCE, ve Microsoft&#8217;un s\u0131rf cep telefonlar\u0131 i\u00e7in ger\u00e7ekle\u015ftirdi\u011fi Pocket PC 2002 (mobile) girince her\u015fey olduk\u00e7a farkl\u0131 oluyor. Pocket PC tabanl\u0131 pazarda bulunan cep telefonlar\u0131n\u0131n hepsinde b\u00fcy\u00fck sorunlar oldu\u011funu g\u00f6r\u00fcnce sorunun Microsoft \u00fcr\u00fcn\u00fcn geli\u015ftirilmesinde, ba\u015ftan bulunmaya karar vermi\u015f. Ben de cihaz\u0131 incelerken biryandan da \u00fcr\u00fcn hakk\u0131nda MS&#8217;den bilgi almaya \u00e7al\u0131\u015ft\u0131m. Cihaz\u0131n \u00fczerinde bir marka veya model bilgisi olmamas\u0131 ve ula\u015f\u0131lacak yer bulunmamas\u0131 benim son derece dikkatimi \u00e7ekmi\u015fti. XDA ismi verilen bu cihaz bir PDA&#8217;in b\u00fct\u00fcn \u00f6zelliklerine sahip. PC ile senkronizasyonu olduk\u00e7a h\u0131zl\u0131, GPRS ve hert\u00fcrl\u00fc yeni teknolojiyi tan\u0131yor. Bunlar\u0131n d\u0131\u015f\u0131nda en \u00f6nemli \u00f6zelli\u011fi bir cep telefonu olarak, ihtiyac\u0131n\u0131z olan b\u00fct\u00fcn ge\u00e7mi\u015f bilgilerini tutuyor olmas\u0131. Outlook, entegre \u00e7al\u0131\u015fan SMS program\u0131 her alanda yaz\u0131l\u0131 mesajlar\u0131n\u0131z\u0131n tek bir alanda toplanmas\u0131n\u0131 sa\u011fl\u0131yor. Outlook senkronizasyonunun da son derece y\u00fcksek oldu\u011funu g\u00f6rd\u00fc\u011f\u00fcm cihaz\u0131n, \u00e7al\u0131\u015fmas\u0131 da son derce h\u0131zl\u0131. \u00dczerindeki browser ile ger\u00e7ek GPRS kullanma imkan\u0131na sahip oldu\u011funuz cihaz tam bir teknoloji arac\u0131.<br \/>\nSon d\u00f6nemde \u00e7\u0131kan telefonlardaki, fabrika hatalar\u0131 g\u00f6z \u00f6n\u00fcne al\u0131n\u0131rsa bu cihaz\u0131 vitrinde g\u00f6rmeden yeni bir telefon almaman\u0131z\u0131 siddetle tavsiye ederim.<br \/>\nhttp:\/\/www.expansys.com\/product.asp?code=BITE-O2-XDA<\/p>\n","protected":false},"excerpt":{"rendered":"<p>Biz bili\u015ficiler y\u0131llard\u0131r, ileti\u015fim, PDA, bilgisayar teknolojilerin birbirine yak\u0131nla\u015faca\u011f\u0131n\u0131 s\u00f6yler dururuz. \u0130\u015fte bu ay size tan\u0131taca\u011f\u0131m cihaz tam bu cinsten. Microsoft&#8217;un yeni projeler ger\u00e7ekle\u015ftirmek i\u00e7in getirdi\u011fi cihaz\u0131, mobil i\u015f geli\u015ftirme m\u00fcd\u00fcr\u00fc, dostum \u00c7i\u011fdem Ak\u0131n&#8217;\u0131n elinde&#8230;<\/p>\n","protected":false},"author":2,"featured_media":0,"comment_status":"open","ping_status":"open","sticky":false,"template":"","format":"standard","meta":{"footnotes":""},"categories":[3],"tags":[],"class_list":["post-410","post","type-post","status-publish","format-standard","hentry","category-blogum"],"yoast_head":"<!-- This site is optimized with the Yoast SEO plugin v26.8 - https:\/\/yoast.com\/product\/yoast-seo-wordpress\/ -->\n<title>Y\u00f6neticinin Al\u0131\u015f Veri\u015f Rehberi - At\u0131f \u00dcnald\u0131<\/title>\n<meta name=\"robots\" content=\"index, follow, max-snippet:-1, max-image-preview:large, max-video-preview:-1\" \/>\n<link rel=\"canonical\" href=\"http:\/\/atif.unaldi.org\/blog\/2002\/12\/22\/yoneticinin-alis-veris-rehberi-2\/\" \/>\n<meta property=\"og:locale\" content=\"tr_TR\" \/>\n<meta property=\"og:type\" content=\"article\" \/>\n<meta property=\"og:title\" content=\"Y\u00f6neticinin Al\u0131\u015f Veri\u015f Rehberi - At\u0131f \u00dcnald\u0131\" \/>\n<meta property=\"og:description\" content=\"Biz bili\u015ficiler y\u0131llard\u0131r, ileti\u015fim, PDA, bilgisayar teknolojilerin birbirine yak\u0131nla\u015faca\u011f\u0131n\u0131 s\u00f6yler dururuz. \u0130\u015fte bu ay size tan\u0131taca\u011f\u0131m cihaz tam bu cinsten. Microsoft&#8217;un yeni projeler ger\u00e7ekle\u015ftirmek i\u00e7in getirdi\u011fi cihaz\u0131, mobil i\u015f geli\u015ftirme m\u00fcd\u00fcr\u00fc, dostum \u00c7i\u011fdem Ak\u0131n&#8217;\u0131n elinde...\" \/>\n<meta property=\"og:url\" content=\"http:\/\/atif.unaldi.org\/blog\/2002\/12\/22\/yoneticinin-alis-veris-rehberi-2\/\" \/>\n<meta property=\"og:site_name\" content=\"At\u0131f \u00dcnald\u0131\" \/>\n<meta property=\"article:publisher\" content=\"https:\/\/www.facebook.com\/atifunaldi\" \/>\n<meta property=\"article:author\" content=\"https:\/\/www.facebook.com\/atifunaldi\" \/>\n<meta property=\"article:published_time\" content=\"2002-12-22T00:00:00+00:00\" \/>\n<meta name=\"author\" content=\"Atif Unaldi\" \/>\n<meta name=\"twitter:card\" content=\"summary_large_image\" \/>\n<meta name=\"twitter:creator\" content=\"@https:\/\/twitter.com\/atifunaldi\" \/>\n<meta name=\"twitter:site\" content=\"@atifunaldi\" \/>\n<meta name=\"twitter:label1\" content=\"Yazan:\" \/>\n\t<meta name=\"twitter:data1\" content=\"Atif Unaldi\" \/>\n\t<meta name=\"twitter:label2\" content=\"Tahmini okuma s\u00fcresi\" \/>\n\t<meta name=\"twitter:data2\" content=\"2 dakika\" \/>\n<script type=\"application\/ld+json\" class=\"yoast-schema-graph\">{\"@context\":\"https:\/\/schema.org\",\"@graph\":[{\"@type\":\"Article\",\"@id\":\"http:\/\/atif.unaldi.org\/blog\/2002\/12\/22\/yoneticinin-alis-veris-rehberi-2\/#article\",\"isPartOf\":{\"@id\":\"http:\/\/atif.unaldi.org\/blog\/2002\/12\/22\/yoneticinin-alis-veris-rehberi-2\/\"},\"author\":{\"name\":\"Atif Unaldi\",\"@id\":\"http:\/\/atif.unaldi.org\/blog\/#\/schema\/person\/608ed42ecbda2bc5cfdb767ac1db479b\"},\"headline\":\"Y\u00f6neticinin Al\u0131\u015f Veri\u015f Rehberi\",\"datePublished\":\"2002-12-22T00:00:00+00:00\",\"mainEntityOfPage\":{\"@id\":\"http:\/\/atif.unaldi.org\/blog\/2002\/12\/22\/yoneticinin-alis-veris-rehberi-2\/\"},\"wordCount\":387,\"commentCount\":0,\"publisher\":{\"@id\":\"http:\/\/atif.unaldi.org\/blog\/#\/schema\/person\/608ed42ecbda2bc5cfdb767ac1db479b\"},\"articleSection\":[\"Blogum\"],\"inLanguage\":\"tr\",\"potentialAction\":[{\"@type\":\"CommentAction\",\"name\":\"Comment\",\"target\":[\"http:\/\/atif.unaldi.org\/blog\/2002\/12\/22\/yoneticinin-alis-veris-rehberi-2\/#respond\"]}]},{\"@type\":\"WebPage\",\"@id\":\"http:\/\/atif.unaldi.org\/blog\/2002\/12\/22\/yoneticinin-alis-veris-rehberi-2\/\",\"url\":\"http:\/\/atif.unaldi.org\/blog\/2002\/12\/22\/yoneticinin-alis-veris-rehberi-2\/\",\"name\":\"Y\u00f6neticinin Al\u0131\u015f Veri\u015f Rehberi - At\u0131f \u00dcnald\u0131\",\"isPartOf\":{\"@id\":\"http:\/\/atif.unaldi.org\/blog\/#website\"},\"datePublished\":\"2002-12-22T00:00:00+00:00\",\"breadcrumb\":{\"@id\":\"http:\/\/atif.unaldi.org\/blog\/2002\/12\/22\/yoneticinin-alis-veris-rehberi-2\/#breadcrumb\"},\"inLanguage\":\"tr\",\"potentialAction\":[{\"@type\":\"ReadAction\",\"target\":[\"http:\/\/atif.unaldi.org\/blog\/2002\/12\/22\/yoneticinin-alis-veris-rehberi-2\/\"]}]},{\"@type\":\"BreadcrumbList\",\"@id\":\"http:\/\/atif.unaldi.org\/blog\/2002\/12\/22\/yoneticinin-alis-veris-rehberi-2\/#breadcrumb\",\"itemListElement\":[{\"@type\":\"ListItem\",\"position\":1,\"name\":\"Anasayfa\",\"item\":\"http:\/\/atif.unaldi.org\/blog\/\"},{\"@type\":\"ListItem\",\"position\":2,\"name\":\"Y\u00f6neticinin Al\u0131\u015f Veri\u015f Rehberi\"}]},{\"@type\":\"WebSite\",\"@id\":\"http:\/\/atif.unaldi.org\/blog\/#website\",\"url\":\"http:\/\/atif.unaldi.org\/blog\/\",\"name\":\"At\u0131f \u00dcnald\u0131\",\"description\":\"Yazar\",\"publisher\":{\"@id\":\"http:\/\/atif.unaldi.org\/blog\/#\/schema\/person\/608ed42ecbda2bc5cfdb767ac1db479b\"},\"alternateName\":\"At\u0131f \u00dcnald\u0131 Blog\",\"potentialAction\":[{\"@type\":\"SearchAction\",\"target\":{\"@type\":\"EntryPoint\",\"urlTemplate\":\"http:\/\/atif.unaldi.org\/blog\/?s={search_term_string}\"},\"query-input\":{\"@type\":\"PropertyValueSpecification\",\"valueRequired\":true,\"valueName\":\"search_term_string\"}}],\"inLanguage\":\"tr\"},{\"@type\":[\"Person\",\"Organization\"],\"@id\":\"http:\/\/atif.unaldi.org\/blog\/#\/schema\/person\/608ed42ecbda2bc5cfdb767ac1db479b\",\"name\":\"Atif Unaldi\",\"image\":{\"@type\":\"ImageObject\",\"inLanguage\":\"tr\",\"@id\":\"http:\/\/atif.unaldi.org\/blog\/#\/schema\/person\/image\/\",\"url\":\"http:\/\/atif.unaldi.org\/blog\/wp-content\/uploads\/2022\/10\/cropped-a94e8f7a-67c4-4d65-8a5f-032ba784be53-2.jpg\",\"contentUrl\":\"http:\/\/atif.unaldi.org\/blog\/wp-content\/uploads\/2022\/10\/cropped-a94e8f7a-67c4-4d65-8a5f-032ba784be53-2.jpg\",\"width\":512,\"height\":512,\"caption\":\"Atif Unaldi\"},\"logo\":{\"@id\":\"http:\/\/atif.unaldi.org\/blog\/#\/schema\/person\/image\/\"},\"description\":\"Bo\u011fazi\u00e7i \u00dcniversitesinde Fizik B\u00f6l\u00fcm\u00fc\u2019nde e\u011fitim ald\u0131\u011f\u0131 y\u0131llarda T\u00fcrkiye\u2019de ilk kez iki bilgisayar\u0131 telefon hatlar\u0131 \u00fczerinden konu\u015fturan BBS sistemini kurarak, T\u00fcrkiye\u2019deki ilk internet a\u011f\u0131n\u0131 olu\u015fturmu\u015ftur. Bir \u00e7ok radyo ve televizyonda program yap\u0131mc\u0131l\u0131\u011f\u0131 ve sunuculu\u011funu, bir \u00e7ok teknoloji dergisinde k\u00f6\u015fe yazarl\u0131\u011f\u0131, bili\u015fim edit\u00f6rl\u00fc\u011f\u00fc ve genel yay\u0131n y\u00f6netmenli\u011fi yapt\u0131. T\u00fcrkiye\u2019deki ilk internet servis sa\u011flay\u0131c\u0131s\u0131n\u0131n genel m\u00fcd\u00fcrl\u00fc\u011f\u00fcn\u00fc \u00fcstlendi. Bir \u00e7ok organizasyon ve kurulu\u015fta internet s\u00fcperviz\u00f6rl\u00fc\u011f\u00fc , webmaster\u2019l\u0131\u011f\u0131 , IT direkt\u00f6rl\u00fc\u011f\u00fc ve dijital projeler koordinat\u00f6rl\u00fc\u011f\u00fc g\u00f6revlerinde bulundu. Farkl\u0131 \u00fcniversitelerin farkl\u0131 fak\u00fcltelerinde \u00f6\u011fretim g\u00f6revlisi olarak bulunmu\u015f olan \u00dcnald\u0131; \u015fu an teknoloji ve pazarlama konular\u0131 ba\u015fta olmak \u00fczere bir\u00e7ok alanda hizmet veren Unaldi Consultancy\u2019nin kurucusudur. \\u2028Selin \u00dcnald\u0131 ile evlidir. Su ve Toprak isminde iki \u00e7ocu\u011fu vard\u0131r.\",\"sameAs\":[\"http:\/\/atif.unaldi.org\/blog\",\"https:\/\/www.facebook.com\/atifunaldi\",\"https:\/\/www.instagram.com\/atifunaldi\/\",\"https:\/\/www.linkedin.com\/in\/atifunaldi\",\"https:\/\/x.com\/https:\/\/twitter.com\/atifunaldi\",\"https:\/\/www.youtube.com\/c\/atifunaldi\",\"https:\/\/soundcloud.com\/atif-unaldi\",\"https:\/\/atifunaldi.tumblr.com\"],\"url\":\"http:\/\/atif.unaldi.org\/blog\/author\/atifunaldi\/\"}]}<\/script>\n<!-- \/ Yoast SEO plugin. -->","yoast_head_json":{"title":"Y\u00f6neticinin Al\u0131\u015f Veri\u015f Rehberi - At\u0131f \u00dcnald\u0131","robots":{"index":"index","follow":"follow","max-snippet":"max-snippet:-1","max-image-preview":"max-image-preview:large","max-video-preview":"max-video-preview:-1"},"canonical":"http:\/\/atif.unaldi.org\/blog\/2002\/12\/22\/yoneticinin-alis-veris-rehberi-2\/","og_locale":"tr_TR","og_type":"article","og_title":"Y\u00f6neticinin Al\u0131\u015f Veri\u015f Rehberi - At\u0131f \u00dcnald\u0131","og_description":"Biz bili\u015ficiler y\u0131llard\u0131r, ileti\u015fim, PDA, bilgisayar teknolojilerin birbirine yak\u0131nla\u015faca\u011f\u0131n\u0131 s\u00f6yler dururuz. \u0130\u015fte bu ay size tan\u0131taca\u011f\u0131m cihaz tam bu cinsten. Microsoft&#8217;un yeni projeler ger\u00e7ekle\u015ftirmek i\u00e7in getirdi\u011fi cihaz\u0131, mobil i\u015f geli\u015ftirme m\u00fcd\u00fcr\u00fc, dostum \u00c7i\u011fdem Ak\u0131n&#8217;\u0131n elinde...","og_url":"http:\/\/atif.unaldi.org\/blog\/2002\/12\/22\/yoneticinin-alis-veris-rehberi-2\/","og_site_name":"At\u0131f \u00dcnald\u0131","article_publisher":"https:\/\/www.facebook.com\/atifunaldi","article_author":"https:\/\/www.facebook.com\/atifunaldi","article_published_time":"2002-12-22T00:00:00+00:00","author":"Atif Unaldi","twitter_card":"summary_large_image","twitter_creator":"@https:\/\/twitter.com\/atifunaldi","twitter_site":"@atifunaldi","twitter_misc":{"Yazan:":"Atif Unaldi","Tahmini okuma s\u00fcresi":"2 dakika"},"schema":{"@context":"https:\/\/schema.org","@graph":[{"@type":"Article","@id":"http:\/\/atif.unaldi.org\/blog\/2002\/12\/22\/yoneticinin-alis-veris-rehberi-2\/#article","isPartOf":{"@id":"http:\/\/atif.unaldi.org\/blog\/2002\/12\/22\/yoneticinin-alis-veris-rehberi-2\/"},"author":{"name":"Atif Unaldi","@id":"http:\/\/atif.unaldi.org\/blog\/#\/schema\/person\/608ed42ecbda2bc5cfdb767ac1db479b"},"headline":"Y\u00f6neticinin Al\u0131\u015f Veri\u015f Rehberi","datePublished":"2002-12-22T00:00:00+00:00","mainEntityOfPage":{"@id":"http:\/\/atif.unaldi.org\/blog\/2002\/12\/22\/yoneticinin-alis-veris-rehberi-2\/"},"wordCount":387,"commentCount":0,"publisher":{"@id":"http:\/\/atif.unaldi.org\/blog\/#\/schema\/person\/608ed42ecbda2bc5cfdb767ac1db479b"},"articleSection":["Blogum"],"inLanguage":"tr","potentialAction":[{"@type":"CommentAction","name":"Comment","target":["http:\/\/atif.unaldi.org\/blog\/2002\/12\/22\/yoneticinin-alis-veris-rehberi-2\/#respond"]}]},{"@type":"WebPage","@id":"http:\/\/atif.unaldi.org\/blog\/2002\/12\/22\/yoneticinin-alis-veris-rehberi-2\/","url":"http:\/\/atif.unaldi.org\/blog\/2002\/12\/22\/yoneticinin-alis-veris-rehberi-2\/","name":"Y\u00f6neticinin Al\u0131\u015f Veri\u015f Rehberi - At\u0131f \u00dcnald\u0131","isPartOf":{"@id":"http:\/\/atif.unaldi.org\/blog\/#website"},"datePublished":"2002-12-22T00:00:00+00:00","breadcrumb":{"@id":"http:\/\/atif.unaldi.org\/blog\/2002\/12\/22\/yoneticinin-alis-veris-rehberi-2\/#breadcrumb"},"inLanguage":"tr","potentialAction":[{"@type":"ReadAction","target":["http:\/\/atif.unaldi.org\/blog\/2002\/12\/22\/yoneticinin-alis-veris-rehberi-2\/"]}]},{"@type":"BreadcrumbList","@id":"http:\/\/atif.unaldi.org\/blog\/2002\/12\/22\/yoneticinin-alis-veris-rehberi-2\/#breadcrumb","itemListElement":[{"@type":"ListItem","position":1,"name":"Anasayfa","item":"http:\/\/atif.unaldi.org\/blog\/"},{"@type":"ListItem","position":2,"name":"Y\u00f6neticinin Al\u0131\u015f Veri\u015f Rehberi"}]},{"@type":"WebSite","@id":"http:\/\/atif.unaldi.org\/blog\/#website","url":"http:\/\/atif.unaldi.org\/blog\/","name":"At\u0131f \u00dcnald\u0131","description":"Yazar","publisher":{"@id":"http:\/\/atif.unaldi.org\/blog\/#\/schema\/person\/608ed42ecbda2bc5cfdb767ac1db479b"},"alternateName":"At\u0131f \u00dcnald\u0131 Blog","potentialAction":[{"@type":"SearchAction","target":{"@type":"EntryPoint","urlTemplate":"http:\/\/atif.unaldi.org\/blog\/?s={search_term_string}"},"query-input":{"@type":"PropertyValueSpecification","valueRequired":true,"valueName":"search_term_string"}}],"inLanguage":"tr"},{"@type":["Person","Organization"],"@id":"http:\/\/atif.unaldi.org\/blog\/#\/schema\/person\/608ed42ecbda2bc5cfdb767ac1db479b","name":"Atif Unaldi","image":{"@type":"ImageObject","inLanguage":"tr","@id":"http:\/\/atif.unaldi.org\/blog\/#\/schema\/person\/image\/","url":"http:\/\/atif.unaldi.org\/blog\/wp-content\/uploads\/2022\/10\/cropped-a94e8f7a-67c4-4d65-8a5f-032ba784be53-2.jpg","contentUrl":"http:\/\/atif.unaldi.org\/blog\/wp-content\/uploads\/2022\/10\/cropped-a94e8f7a-67c4-4d65-8a5f-032ba784be53-2.jpg","width":512,"height":512,"caption":"Atif Unaldi"},"logo":{"@id":"http:\/\/atif.unaldi.org\/blog\/#\/schema\/person\/image\/"},"description":"Bo\u011fazi\u00e7i \u00dcniversitesinde Fizik B\u00f6l\u00fcm\u00fc\u2019nde e\u011fitim ald\u0131\u011f\u0131 y\u0131llarda T\u00fcrkiye\u2019de ilk kez iki bilgisayar\u0131 telefon hatlar\u0131 \u00fczerinden konu\u015fturan BBS sistemini kurarak, T\u00fcrkiye\u2019deki ilk internet a\u011f\u0131n\u0131 olu\u015fturmu\u015ftur. Bir \u00e7ok radyo ve televizyonda program yap\u0131mc\u0131l\u0131\u011f\u0131 ve sunuculu\u011funu, bir \u00e7ok teknoloji dergisinde k\u00f6\u015fe yazarl\u0131\u011f\u0131, bili\u015fim edit\u00f6rl\u00fc\u011f\u00fc ve genel yay\u0131n y\u00f6netmenli\u011fi yapt\u0131. T\u00fcrkiye\u2019deki ilk internet servis sa\u011flay\u0131c\u0131s\u0131n\u0131n genel m\u00fcd\u00fcrl\u00fc\u011f\u00fcn\u00fc \u00fcstlendi. Bir \u00e7ok organizasyon ve kurulu\u015fta internet s\u00fcperviz\u00f6rl\u00fc\u011f\u00fc , webmaster\u2019l\u0131\u011f\u0131 , IT direkt\u00f6rl\u00fc\u011f\u00fc ve dijital projeler koordinat\u00f6rl\u00fc\u011f\u00fc g\u00f6revlerinde bulundu. Farkl\u0131 \u00fcniversitelerin farkl\u0131 fak\u00fcltelerinde \u00f6\u011fretim g\u00f6revlisi olarak bulunmu\u015f olan \u00dcnald\u0131; \u015fu an teknoloji ve pazarlama konular\u0131 ba\u015fta olmak \u00fczere bir\u00e7ok alanda hizmet veren Unaldi Consultancy\u2019nin kurucusudur. \u2028Selin \u00dcnald\u0131 ile evlidir. Su ve Toprak isminde iki \u00e7ocu\u011fu vard\u0131r.","sameAs":["http:\/\/atif.unaldi.org\/blog","https:\/\/www.facebook.com\/atifunaldi","https:\/\/www.instagram.com\/atifunaldi\/","https:\/\/www.linkedin.com\/in\/atifunaldi","https:\/\/x.com\/https:\/\/twitter.com\/atifunaldi","https:\/\/www.youtube.com\/c\/atifunaldi","https:\/\/soundcloud.com\/atif-unaldi","https:\/\/atifunaldi.tumblr.com"],"url":"http:\/\/atif.unaldi.org\/blog\/author\/atifunaldi\/"}]}},"jetpack_featured_media_url":"","_links":{"self":[{"href":"http:\/\/atif.unaldi.org\/blog\/wp-json\/wp\/v2\/posts\/410","targetHints":{"allow":["GET"]}}],"collection":[{"href":"http:\/\/atif.unaldi.org\/blog\/wp-json\/wp\/v2\/posts"}],"about":[{"href":"http:\/\/atif.unaldi.org\/blog\/wp-json\/wp\/v2\/types\/post"}],"author":[{"embeddable":true,"href":"http:\/\/atif.unaldi.org\/blog\/wp-json\/wp\/v2\/users\/2"}],"replies":[{"embeddable":true,"href":"http:\/\/atif.unaldi.org\/blog\/wp-json\/wp\/v2\/comments?post=410"}],"version-history":[{"count":0,"href":"http:\/\/atif.unaldi.org\/blog\/wp-json\/wp\/v2\/posts\/410\/revisions"}],"wp:attachment":[{"href":"http:\/\/atif.unaldi.org\/blog\/wp-json\/wp\/v2\/media?parent=410"}],"wp:term":[{"taxonomy":"category","embeddable":true,"href":"http:\/\/atif.unaldi.org\/blog\/wp-json\/wp\/v2\/categories?post=410"},{"taxonomy":"post_tag","embeddable":true,"href":"http:\/\/atif.unaldi.org\/blog\/wp-json\/wp\/v2\/tags?post=410"}],"curies":[{"name":"wp","href":"https:\/\/api.w.org\/{rel}","templated":true}]}}