{"id":416,"date":"2002-12-27T02:00:00","date_gmt":"2002-12-27T00:00:00","guid":{"rendered":"http:\/\/85.17.200.84\/~unaldi\/atif\/?p=416"},"modified":"2002-12-27T02:00:00","modified_gmt":"2002-12-27T00:00:00","slug":"emrehan-halicinin-rtuk-ziyareti","status":"publish","type":"post","link":"http:\/\/atif.unaldi.org\/blog\/2002\/12\/27\/emrehan-halicinin-rtuk-ziyareti\/","title":{"rendered":"Emrehan Hal\u0131c\u0131&#8217;n\u0131n RT\u00dcK ziyareti"},"content":{"rendered":"<p>1. Bir milletvekilinin i\u00e7inde bulundu\u011fu iktidar orta\u011f\u0131 partinin \u00e7\u0131karm\u0131\u015f oldu\u011fu yasan\u0131n nas\u0131l yorumlanaca\u011f\u0131n\u0131 sormas\u0131 bir protokol sorunu do\u011furmaz m\u0131?<br \/>\n2. Kar\u015f\u0131daki ki\u015fi say\u0131n milletvekilim bu yasay\u0131 siz \u00e7\u0131kard\u0131n\u0131z, konuyla ilgili yakla\u015f\u0131m\u0131n\u0131z neyse bizim \u00e7\u00f6z\u00fcm\u00fcm\u00fcz de o olur demez mi?<br \/>\n3. Say\u0131n milletvekilinin bu konuyu meclisde cozebilecek yada cozemeyecekse bile muhalefet serri koyacak bir durumu yokmudur?<br \/>\n4. Meclis i\u00e7inde demokrasi milletvekillerinin g\u00f6r\u00fc\u015flerini d\u0131\u015farda \u00fcyesi bulunduklar\u0131 dernekler arac\u0131l\u0131\u011f\u0131yla a\u00e7\u0131klamalar\u0131n\u0131 gerektirecek kadar k\u00f6t\u00fc bir durumda m\u0131d\u0131r?<br \/>\n5. Bir ki\u015finin sahip oldu\u011fu \u00fcnvanlar aras\u0131ndan sadece en y\u00fcksek olan\u0131n\u0131 kullanmas\u0131 gerekmez mi?<br \/>\n6. \u00d6nceki soruya cevab\u0131n\u0131z evetse; Dernek ba\u015fkanl\u0131\u011f\u0131 bu \u00fclkede parlementerlikten \u00fcstte midir?<br \/>\n7. Hay\u0131rsa; say\u0131n milletvekilinin oradaki pozisyonu dernek ba\u015fkanl\u0131\u011f\u0131 oldu\u011funa g\u00f6re konu\u015fmalar\u0131nda meclis faaliyetlerinden bahsetmemesi gerekmez mi?<\/p>\n<p>At\u0131f \u00dcNALDI<br \/>\nhttp:\/\/www.unaldi.org<br \/>\nMassNet<br \/>\nGenel M\u00fcd\u00fcr<br \/>\nTel:  + 90 212 2750595<br \/>\nFax: + 90 212 2722624<br \/>\nhttp:\/\/www.massnet-tr.com<\/p>\n<p>Subject:  Karaca: &#8220;&#8221;INTERNET_RTUK_KAPSAMINDA_DEGIL&#8221;&#8221;<br \/>\nDate: Wed, 12 Jun 2002 11:09:23 +0300<\/p>\n<p>&#8220;&#8221;\u0130NTERNET RT\u00dcK KAPSAMINDA DE=D0\u0130L&#8221;&#8221;<\/p>\n<p>DSP Grup Ba\u015fkanvekili Emrehan Hal\u0131c\u0131, T\u00fcrkiye Bili\u015fim<br \/>\nDerne\u011fi Ba\u015fkan\u0131Rahmi Aktepe, \u0130nternet \u00dcst Kurulu \u00dcyesi Mustafa Akg\u00fcl<br \/>\nve TBD ile TZV&#8217;den olu\u015fan temsilciler; 11 Haziran Sal\u0131 g\u00fcn\u00fc RT\u00dcK<br \/>\nBa\u015fkan\u0131 Fatih Karaca&#8217;y\u0131makam\u0131nda ziyaret ederek, yeni RT\u00dcK Kanunu&#8217;ndaki<br \/>\nInternete ili\u015fkin d\u00fczenlemeler konusunda  g\u00f6r\u00fc\u015f al\u0131\u015fveri\u015finde<br \/>\nbulundular. Ziyaret esnas\u0131nda dile getirilen g\u00f6r\u00fc\u015flerin tam metni<br \/>\na\u015fa\u011f\u0131da verilmi\u015ftir.<\/p>\n<p>RT\u00dcK Ba\u015fkan\u0131 Fatih Karaca: Say\u0131n bas\u0131n mensuplar\u0131 bug\u00fcn buraya Demokratik Sol Parti Grup Ba\u015fkanvekili Say\u0131n Emrehan Hal\u0131c\u0131 Bey ve Bili\u015fim Derne\u011fi \u00fcyeleri ile hocalar\u0131m\u0131z ziyarete geldiler.<br \/>\nKonu bildi\u011finiz gibi 20 may\u0131s 2002 tarihinde resmi gazetede yay\u0131nlanan<br \/>\nyeni RT\u00dcK yasas\u0131nda Internetin durumunun netle\u015ftirmekle ilgili bir<br \/>\ng\u00f6r\u00fc\u015fal\u0131\u015fveri\u015fidir. Bu noktada e\u011fer izin verirlerse \u00f6nce say\u0131n<br \/>\nba\u015fkana s\u00f6z vermek istiyorum. Daha sonra ben de \u00fcst kurul ba\u015fkan\u0131 olarak bu<br \/>\nkonudaki g\u00f6r\u00fc\u015flerimi ifade edece\u011fim.<\/p>\n<p>Emrehan Hal\u0131c\u0131: \u00d6ncelikle RT\u00dcK Ba\u015fkanl\u0131\u011f\u0131na se\u00e7ilmenizden<br \/>\ndolay\u0131 sizi kutluyoruz, g\u00f6revinizde ba\u015far\u0131lar diliyoruz. Bu yasa<br \/>\ng\u00f6r\u00fc\u015f\u00fcl\u00fcrken hem yasa \u00f6ncesinde hem yasa \u00e7\u0131kt\u0131ktan sonra bir<br \/>\n\u00e7ok kere hem bas\u0131n\u0131m\u0131za hem kamuoyuna \u00e7e\u015fitli a\u00e7\u0131klamalarda<br \/>\nbulunduk ve RT\u00dcK yasas\u0131n\u0131n Internetle bir ili\u015fkisi olmad\u0131\u011f\u0131n\u0131<br \/>\na\u00e7\u0131klamaya \u00e7al\u0131\u015ft\u0131k. Fakat Internet d\u00fcnyan\u0131n<br \/>\n\u00fczerinde \u00e7ok \u00f6nemle durdu\u011fu bir konudur. T\u00fcrkiye&#8217;de bu konuda<br \/>\nf\u0131rsatlar\u0131<br \/>\nka\u00e7\u0131rmamas\u0131 gerekti\u011fini bilen insanlarla, kurumlarla doludur. Internetin geli\u015fiminin, Internetin yayg\u0131nla\u015fmas\u0131 i\u00e7in emek veren \u00e7aba<br \/>\nsarfeden \u00e7ok say\u0131da ki\u015fi, kurumumuz vard\u0131r, siyasi partilerimiz bu konuya<br \/>\n\u00f6nem vermektedir. Dolay\u0131s\u0131yla hakl\u0131 olarak acaba Internetin yayg\u0131nla\u015ft\u0131r\u0131lmas\u0131 yerine Internetin \u00f6n\u00fcne birtak\u0131m<br \/>\nengeller mi geliyor ve Internet acaba RT\u00dcK&#8217;e ba\u011flan\u0131yor mu gibi bir kayg\u0131,<br \/>\nku\u015fku vard\u0131kamuoyunda. Bunu ben Meclis&#8217;te defalarca dile getirmeye<br \/>\n\u00e7al\u0131\u015ft\u0131m yasa g\u00f6r\u00fc\u015fmeleri s\u0131ras\u0131nda. Daha sonra Devlet<br \/>\nBakan\u0131m\u0131z Say\u0131n Y\u0131lmaz Karakoyunlu o da h\u00fck\u00fcmet olarak yasa<br \/>\ng\u00f6r\u00fc\u015f\u00fcl\u00fcrken RT\u00dcK yasas\u0131na Internetin dahil olmad\u0131\u011f\u0131n\u0131<br \/>\n\u00e7ok a\u00e7\u0131k bir bi\u00e7imde ifade etti. Ancak bu ku\u015fkular\u0131m\u0131z\u0131n tamamen<br \/>\nortadan kald\u0131r\u0131lmas\u0131 i\u00e7in RT\u00dcK y\u00f6netimini ziyaret ederek bir de<br \/>\nonlar\u0131n a\u011fz\u0131ndan bu konuyla ilgili son durumu sormak istedik. Sizden beklentimiz<br \/>\nInternetin \u00f6n\u00fcn\u00fcn a\u00e7\u0131lmas\u0131 i\u00e7in \u00e7ok \u00f6nemli<br \/>\ng\u00f6rd\u00fc\u011f\u00fcm\u00fcz bu konuda en az\u0131ndan RT\u00dcK&#8217;\u00fcn b\u00f6yle bir<br \/>\nd\u00fczenleyici g\u00f6revi olmad\u0131\u011f\u0131n\u0131 kurul olarak yaz\u0131l\u0131 ve resmi bir<br \/>\nbi\u00e7imde bize ve kamuoyuna duyurman\u0131zd\u0131r say\u0131n ba\u015fkan\u0131m.<br \/>\nInternetin bir \u00f6zg\u00fcrl\u00fck ortam\u0131 oldu\u011fu ve T\u00fcrkiye&#8217;nin Internete gerekli<br \/>\n\u00f6zeni gereken \u00f6nemi vermesi konusunda biz mutab\u0131k olarak buraday\u0131z.<br \/>\nDolay\u0131s\u0131yla sizin g\u00f6r\u00fc\u015flerinizin de bizim a\u00e7\u0131m\u0131zdan bir anlam\u0131<br \/>\nvar. Bunlar\u0131 duymak i\u00e7in sizleri ziyaret etmi\u015f bulunuyoruz.<\/p>\n<p>Fatih Karaca: Te\u015fekk\u00fcr ediyorum say\u0131n ba\u015fkan\u0131m. Ger\u00e7ekten<br \/>\nyeni yasam\u0131z y\u00fcr\u00fcrl\u00fc\u011fe girdi\u011fi zaman ilgili arkada\u015flar\u0131m\u0131zla<br \/>\nteknik dairelerimizle bu konunun \u00fczerinde derhal \u00e7al\u0131\u015fmalar\u0131m\u0131za<br \/>\nba\u015flad\u0131k. \u015eu an arkada\u015flar\u0131m\u0131z bir taraftan s\u00fcratle<br \/>\n\u00e7al\u0131\u015fmalar\u0131n\u0131 s\u00fcrd\u00fcr\u00fcyorlar. Yar\u0131nki \u00fcst kurul<br \/>\ntoplant\u0131m\u0131zda da bu konuda \u00fcst kurul \u00fcyelerimize bilgi<br \/>\nverece\u011fiz.  Ancak RT\u00dcK Ba\u015fkan\u0131 olarak ge\u00e7mi\u015fte medyada g\u00f6rev<br \/>\nalm\u0131\u015f bir ki\u015fi olarak yasay\u0131\u00e7ok dikkatle inceledi\u011fimiz zaman Internetin<br \/>\n3984 say\u0131l\u0131 RT\u00dcK kanunu i\u00e7erisinde yer almad\u0131\u011f\u0131n\u0131 \u00e7ok<br \/>\na\u00e7\u0131kl\u0131kla g\u00f6rebiliyorsunuz. Hepiniz biliyorsunuz yasan\u0131n i\u00e7inde bas\u0131n<br \/>\nkanunu ve gelir vergisi kanunu eklemeler var dolay\u0131s\u0131yla 5680 say\u0131l\u0131 bas\u0131n<br \/>\nkanununa aktarmalarla Internetin ad\u0131 burda ge\u00e7ebiliyor. Ancak 3984 say\u0131l\u0131<br \/>\nyasan\u0131n i\u00e7inde Interneti ilgilendirdi\u011fi ifade edilen sadece veri<br \/>\nyay\u0131nc\u0131l\u0131\u011f\u0131 tan\u0131m\u0131var. De\u011ferli arkada\u015flar veri<br \/>\nyay\u0131nc\u0131l\u0131\u011f\u0131 son derece geni\u015f bir anlam\u0131<br \/>\ni\u00e7ermektedir. RT\u00dcK radyo ve televizyon yay\u0131nc\u0131l\u0131\u011f\u0131ndan<br \/>\nradyo ve tevizyon yay\u0131nc\u0131l\u0131\u011f\u0131n\u0131n d\u00fczenlenmesinden sorumludur.<br \/>\nDolay\u0131s\u0131yla bunu veri yay\u0131nc\u0131l\u0131\u011f\u0131n\u0131n RT\u00dcK&#8217;\u00fcn kendi yetkileri<br \/>\ni\u00e7erisinde radyo ve televizyon yay\u0131nlar\u0131 ile ilgili olarak<br \/>\ns\u0131n\u0131rland\u0131rman\u0131n do\u011fru oldu\u011fu kanaatindeyim.<br \/>\n\u00dcst kurul ba\u015fkan\u0131 olarak bu konudaki g\u00f6r\u00fc\u015f\u00fcm budur. Bu<br \/>\nkonuda \u00fcst kurulun g\u00f6r\u00fc\u015f\u00fc tabi ki son g\u00f6r\u00fc\u015ft\u00fcr. Bu konuda<br \/>\narkada\u015flar\u0131m\u0131n da g\u00f6r\u00fc\u015flerini alaca\u011f\u0131z, kendileriyle<br \/>\nde\u011ferlendirece\u011fiz.<br \/>\nAncak bu konu sadece ve sadece radyo ve televizyonla s\u0131n\u0131rland\u0131r\u0131lan veri yay\u0131nc\u0131l\u0131\u011f\u0131d\u0131r. Bir \u00f6rnek vereyim mesela teletekstir. Teleteks konusu RT\u00dcK&#8217;\u00fcn ilgi alan\u0131nda ve RT\u00dcK&#8217;\u00fcn g\u00f6rev sahas\u0131 i\u00e7indedir.<br \/>\nRadyo ve televizyon al\u0131c\u0131lar\u0131yla al\u0131nmayan kamuya a\u00e7\u0131k olmayan  t\u00fcm<br \/>\nteknik anlamdaki konular RT\u00dcK&#8217;\u00fcn d\u0131\u015f\u0131nda olarak m\u00fctaala edilmesi<br \/>\nlaz\u0131m. \u00dcst kurul ba\u015fkan\u0131 olarak bu konudaki g\u00f6r\u00fc\u015f\u00fcm budur.<br \/>\nAncak tabi nihai karar\u00fcst kurulda kararla\u015ft\u0131r\u0131lacakt\u0131r. \u015eunu ifade edeyim<br \/>\nInternetin ne kadar\u00f6nemli oldu\u011funu ifade etmek heralde \u00e7ok normal bir noktada<br \/>\nart\u0131k. Bug\u00fcn Internetin kullan\u0131lmad\u0131\u011f\u0131 Internetin girmedi\u011fi bir saha -g yok. Dolay\u0131s\u0131yla Internetin \u00f6n\u00fcnde bir engel olmas\u0131 Internetin<br \/>\ns\u0131n\u0131rland\u0131r\u0131lmas\u0131 gibi bir\u015feyin hi\u00e7kimse taraf\u0131ndan kabul<br \/>\ng\u00f6rmeyece\u011fini ifade ediyor.<br \/>\nBizde RT\u00dcK olarak \u00e7a\u011fda\u015f teknolojilerin bu bilgi otoyolunun, Internetin geli\u015ftirilmesi bu konuda engellerin de\u011fil, \u00f6zellikle \u00f6n\u00fcn\u00fcn<br \/>\na\u00e7\u0131lmas\u0131n\u0131n\u015fart oldu\u011funu d\u00fc\u015f\u00fcn\u00fcyorum. Bu konuda baz\u0131<br \/>\n\u015fikayetler varsa, k\u00f6t\u00fc\u00f6rnekler varsa bunlar\u0131n kendili\u011finden tasfiye<br \/>\nolaca\u011f\u0131n\u0131, bu konuyu cidden yapan i\u015fin i\u00e7ine inanm\u0131\u015f bu konuya<br \/>\n\u00f6mr\u00fcn\u00fc vefa etmi\u015farkada\u015flar\u0131m\u0131z\u0131, bu konuda gayret eden<br \/>\nki\u015filerin bu konuyu kamuyonu bu\u015fekliyle mal edeceklerini d\u00fc\u015f\u00fcn\u00fcyorum.<br \/>\nDaha fazla s\u00f6zlerimi uzatmak istemiyorum, ancak RT\u00dcK t\u00fcm konularda oldu\u011fu<br \/>\ngibi bu konu \u00fczerinde de hassasiyetle duracak. Ayr\u0131ca \u00fcst kurulda mesele<br \/>\nde\u011ferlendirildikten sonra kamuoyuna da bu konuda bir a\u00e7\u0131klama yap\u0131lacakt\u0131r.<br \/>\nHepinize te\u015fekk\u00fcr ediyorum. Sorular\u0131n\u0131z varsa heralde cevap verece\u011fiz.<\/p>\n<p>Soru: Bug\u00fcn anayasa mahkemesinde RT\u00dcK (RT\u00dcK Kanunu) karara ba\u011flanacak. Y\u00fcr\u00fctmenin durdurulmas\u0131 karar\u0131 \u00e7\u0131kt\u0131\u011f\u0131nda ne olur?<\/p>\n<p>Fatih Karaca: Tabi sonucu g\u00f6rmeden bir \u015fey s\u00f6ylemek m\u00fcmk\u00fcn<br \/>\nde\u011fil. Daha\u00f6nce de ifade ettim, tamamen d\u0131\u015f\u0131nda oldu\u011fumuz bir s\u00fcre\u00e7.<br \/>\nBiz de bu konuda Anayasa Mahkemesinin bug\u00fcn bir karar verece\u011fini duyuyoruz.<br \/>\nAncak ger\u00e7ekten verilebilecek mi, karar a\u00e7\u0131klanacak m\u0131 bu konuda<br \/>\nherhangi bir bilgi sahibi de\u011filiz. Ancak Anayasa Mahkemesi&#8217;nin karar\u0131na g\u00f6re<br \/>\nilgili hukuk m\u00fc\u015favirli\u011fimiz ve ilgili dairelerimiz haz\u0131rl\u0131klar\u0131n\u0131 tamaml\u0131yorlar. Ben \u015fu anda karar kesinle\u015fmeden bir g\u00f6r\u00fc\u015f<br \/>\nifade etmenin y\u00fcce mahkememize sayg\u0131s\u0131zl\u0131k olaca\u011f\u0131n\u0131<br \/>\nd\u00fc\u015f\u00fcn\u00fcyorum. Ancak tabi ki karar\u00e7\u0131kt\u0131ktan sonra RT\u00dcK<br \/>\nBa\u015fkan\u0131 olarak bu konuda bir a\u00e7\u0131klama yapaca\u011f\u0131z.<\/p>\n<p>Emrehan Hal\u0131c\u0131: Karar ne olursa olsun bu yasada RT\u00dcK&#8217;le ilgili<br \/>\nk\u0131sm\u0131nda Internetin olmad\u0131\u011f\u0131n\u0131 biz \u00e7ok iyi bir \u015fekilde et\u00fcd<br \/>\netmi\u015ftik. Zaten meclisteki tutanaklara da h\u00fck\u00fcmetin yapt\u0131\u011f\u0131<br \/>\na\u00e7\u0131klamalar bu \u015fekilde girmi\u015ftir ve karardan ba\u011f\u0131ms\u0131z olarak RT\u00dcK<br \/>\nba\u015fkan\u0131n\u0131n bu konudaki d\u00fc\u015f\u00fcncelerinin kamuoyuna a\u00e7\u0131klamas\u0131n\u0131 \u00f6nemsedi\u011fimiz i\u00e7in bug\u00fcn buraday\u0131z. Say\u0131n ba\u015fkan da ifade ettiler,<br \/>\nkurulda g\u00f6r\u00fc\u015f\u00fcld\u00fckten sonra resmi olarak da bir a\u00e7\u0131klaman\u0131n<br \/>\nyap\u0131lmas\u0131 kamuoyunu, bili\u015fim sekt\u00f6r\u00fcn\u00fc, Internet kullan\u0131c\u0131lar\u0131n\u0131<br \/>\nve Internet giri\u015fimcilerini rahatlat\u0131c\u0131 bir geli\u015fme olacakt\u0131r.<\/p>\n<p>Soru: Radyo ve televizyonlarda oldu\u011fu gibi Internet de ucu a\u00e7\u0131k bir alan, televizyon haberleri veya radyo haberleri gibi. Interneti takip eden bir kurum olacak m\u0131 bu olu\u015fum nas\u0131l sa\u011flanacak?<\/p>\n<p>Emrehan Hal\u0131c\u0131: Biliyorsunuz ge\u00e7ti\u011fimiz ay, say\u0131n ba\u015fbakan\u0131m\u0131z\u0131n talimatlar\u0131 ile T\u00fcrkiye Bili\u015fim \u015euras\u0131 topland\u0131 ve o \u015furada bir dizi karar al\u0131nd\u0131. Internetin \u00f6n\u00fcn\u00fcn a\u00e7\u0131lmas\u0131 gerekti\u011fini hep \u00f6nemle s\u00f6yl\u00fcyoruz. Internetin \u00f6n\u00fcn\u00fcn a\u00e7\u0131lmas\u0131 i\u00e7in birtak\u0131m<br \/>\nd\u00fczenlemeler getirilmesi do\u011fald\u0131r. Fakat bu d\u00fczenlemelerin \u00e7a\u011fda\u015f<br \/>\nd\u00fcnyaya uyumlu ve T\u00fcrkiye&#8217;nin \u015fartlar\u0131n\u0131n da de\u011ferlendirilir bir<br \/>\nbi\u00e7imde ele al\u0131nmas\u0131gerekiyor. Bunun i\u00e7in sadece devletimizin h\u00fck\u00fcmetimizin<br \/>\nkurumlar\u0131n\u0131n de\u011fil, sivil toplum \u00f6rg\u00fctlerinin, \u00fcniversitelerin ve<br \/>\nuzmanlar\u0131n da yer ald\u0131\u011f\u0131 bir \u00e7al\u0131\u015fma grubu plan\u0131m\u0131z var.<br \/>\nZaten 6-7 ayd\u0131r bu konuda sekt\u00f6rden ve sivil toplum \u00f6rg\u00fctlerinden<br \/>\n\u00e7e\u015fitli \u00e7al\u0131\u015fmalar yap\u0131lmaktad\u0131r. \u00d6yle tahmin ediyorum ki<br \/>\n\u00e7ok k\u0131sa bir s\u00fcre i\u00e7inde yani birka\u00e7 haftal\u0131k bir s\u00fcre i\u00e7inde bir<br \/>\nkurul olu\u015fturularak Internetin \u00f6n\u00fcn\u00fca\u00e7acak bir yasa tasla\u011f\u0131<br \/>\nhaz\u0131rlanacak. Burada siyasi partilerimizin de kat\u0131l\u0131mc\u0131lar\u0131 olacak<br \/>\ntemsilcileri olacak. Ve o yasay\u0131 da biz Meclisin g\u00fcndemine acilen<br \/>\nta\u015f\u0131yaca\u011f\u0131z.<\/p>\n<p>Kat\u0131lanlar:<br \/>\nEmrehan Hal\u0131c\u0131, DSP Grup Ba\u015fkanvekili<br \/>\nFatih Karaca, RT\u00dcK Ba\u015fkan\u0131<br \/>\nRahmi Aktepe, T\u00fcrkiye Bili\u015fim Derne\u011fi Ba\u015fkan\u0131<br \/>\nMustafa Akg\u00fcl, Internet Kurulu \u00fcyesi<br \/>\nHasan G\u00fcran, T\u00fcrkiye Zeka Vakf\u0131 Y\u00f6netim Kurulu \u00fcyesi<br \/>\n\u00dcmit Atalay, Innova Genel M\u00fcd\u00fcr\u00fc<br \/>\nAhmet Ayval\u0131, TBD \u00fcyesi<\/p>\n","protected":false},"excerpt":{"rendered":"<p>1. Bir milletvekilinin i\u00e7inde bulundu\u011fu iktidar orta\u011f\u0131 partinin \u00e7\u0131karm\u0131\u015f oldu\u011fu yasan\u0131n nas\u0131l yorumlanaca\u011f\u0131n\u0131 sormas\u0131 bir protokol sorunu do\u011furmaz m\u0131? 2. Kar\u015f\u0131daki ki\u015fi say\u0131n milletvekilim bu yasay\u0131 siz \u00e7\u0131kard\u0131n\u0131z, konuyla ilgili yakla\u015f\u0131m\u0131n\u0131z neyse bizim \u00e7\u00f6z\u00fcm\u00fcm\u00fcz de&#8230;<\/p>\n","protected":false},"author":2,"featured_media":0,"comment_status":"open","ping_status":"open","sticky":false,"template":"","format":"standard","meta":{"footnotes":""},"categories":[3],"tags":[],"class_list":["post-416","post","type-post","status-publish","format-standard","hentry","category-blogum"],"yoast_head":"<!-- This site is optimized with the Yoast SEO plugin v26.8 - https:\/\/yoast.com\/product\/yoast-seo-wordpress\/ -->\n<title>Emrehan Hal\u0131c\u0131&#039;n\u0131n RT\u00dcK ziyareti - At\u0131f \u00dcnald\u0131<\/title>\n<meta name=\"robots\" content=\"index, follow, max-snippet:-1, max-image-preview:large, max-video-preview:-1\" \/>\n<link rel=\"canonical\" href=\"http:\/\/atif.unaldi.org\/blog\/2002\/12\/27\/emrehan-halicinin-rtuk-ziyareti\/\" \/>\n<meta property=\"og:locale\" content=\"tr_TR\" \/>\n<meta property=\"og:type\" content=\"article\" \/>\n<meta property=\"og:title\" content=\"Emrehan Hal\u0131c\u0131&#039;n\u0131n RT\u00dcK ziyareti - At\u0131f \u00dcnald\u0131\" \/>\n<meta property=\"og:description\" content=\"1. Bir milletvekilinin i\u00e7inde bulundu\u011fu iktidar orta\u011f\u0131 partinin \u00e7\u0131karm\u0131\u015f oldu\u011fu yasan\u0131n nas\u0131l yorumlanaca\u011f\u0131n\u0131 sormas\u0131 bir protokol sorunu do\u011furmaz m\u0131? 2. Kar\u015f\u0131daki ki\u015fi say\u0131n milletvekilim bu yasay\u0131 siz \u00e7\u0131kard\u0131n\u0131z, konuyla ilgili yakla\u015f\u0131m\u0131n\u0131z neyse bizim \u00e7\u00f6z\u00fcm\u00fcm\u00fcz de...\" \/>\n<meta property=\"og:url\" content=\"http:\/\/atif.unaldi.org\/blog\/2002\/12\/27\/emrehan-halicinin-rtuk-ziyareti\/\" \/>\n<meta property=\"og:site_name\" content=\"At\u0131f \u00dcnald\u0131\" \/>\n<meta property=\"article:publisher\" content=\"https:\/\/www.facebook.com\/atifunaldi\" \/>\n<meta property=\"article:author\" content=\"https:\/\/www.facebook.com\/atifunaldi\" \/>\n<meta property=\"article:published_time\" content=\"2002-12-27T00:00:00+00:00\" \/>\n<meta name=\"author\" content=\"Atif Unaldi\" \/>\n<meta name=\"twitter:card\" content=\"summary_large_image\" \/>\n<meta name=\"twitter:creator\" content=\"@https:\/\/twitter.com\/atifunaldi\" \/>\n<meta name=\"twitter:site\" content=\"@atifunaldi\" \/>\n<meta name=\"twitter:label1\" content=\"Yazan:\" \/>\n\t<meta name=\"twitter:data1\" content=\"Atif Unaldi\" \/>\n\t<meta name=\"twitter:label2\" content=\"Tahmini okuma s\u00fcresi\" \/>\n\t<meta name=\"twitter:data2\" content=\"9 dakika\" \/>\n<script type=\"application\/ld+json\" class=\"yoast-schema-graph\">{\"@context\":\"https:\/\/schema.org\",\"@graph\":[{\"@type\":\"Article\",\"@id\":\"http:\/\/atif.unaldi.org\/blog\/2002\/12\/27\/emrehan-halicinin-rtuk-ziyareti\/#article\",\"isPartOf\":{\"@id\":\"http:\/\/atif.unaldi.org\/blog\/2002\/12\/27\/emrehan-halicinin-rtuk-ziyareti\/\"},\"author\":{\"name\":\"Atif Unaldi\",\"@id\":\"http:\/\/atif.unaldi.org\/blog\/#\/schema\/person\/608ed42ecbda2bc5cfdb767ac1db479b\"},\"headline\":\"Emrehan Hal\u0131c\u0131&#8217;n\u0131n RT\u00dcK ziyareti\",\"datePublished\":\"2002-12-27T00:00:00+00:00\",\"mainEntityOfPage\":{\"@id\":\"http:\/\/atif.unaldi.org\/blog\/2002\/12\/27\/emrehan-halicinin-rtuk-ziyareti\/\"},\"wordCount\":1809,\"commentCount\":0,\"publisher\":{\"@id\":\"http:\/\/atif.unaldi.org\/blog\/#\/schema\/person\/608ed42ecbda2bc5cfdb767ac1db479b\"},\"articleSection\":[\"Blogum\"],\"inLanguage\":\"tr\",\"potentialAction\":[{\"@type\":\"CommentAction\",\"name\":\"Comment\",\"target\":[\"http:\/\/atif.unaldi.org\/blog\/2002\/12\/27\/emrehan-halicinin-rtuk-ziyareti\/#respond\"]}]},{\"@type\":\"WebPage\",\"@id\":\"http:\/\/atif.unaldi.org\/blog\/2002\/12\/27\/emrehan-halicinin-rtuk-ziyareti\/\",\"url\":\"http:\/\/atif.unaldi.org\/blog\/2002\/12\/27\/emrehan-halicinin-rtuk-ziyareti\/\",\"name\":\"Emrehan Hal\u0131c\u0131'n\u0131n RT\u00dcK ziyareti - At\u0131f \u00dcnald\u0131\",\"isPartOf\":{\"@id\":\"http:\/\/atif.unaldi.org\/blog\/#website\"},\"datePublished\":\"2002-12-27T00:00:00+00:00\",\"breadcrumb\":{\"@id\":\"http:\/\/atif.unaldi.org\/blog\/2002\/12\/27\/emrehan-halicinin-rtuk-ziyareti\/#breadcrumb\"},\"inLanguage\":\"tr\",\"potentialAction\":[{\"@type\":\"ReadAction\",\"target\":[\"http:\/\/atif.unaldi.org\/blog\/2002\/12\/27\/emrehan-halicinin-rtuk-ziyareti\/\"]}]},{\"@type\":\"BreadcrumbList\",\"@id\":\"http:\/\/atif.unaldi.org\/blog\/2002\/12\/27\/emrehan-halicinin-rtuk-ziyareti\/#breadcrumb\",\"itemListElement\":[{\"@type\":\"ListItem\",\"position\":1,\"name\":\"Anasayfa\",\"item\":\"http:\/\/atif.unaldi.org\/blog\/\"},{\"@type\":\"ListItem\",\"position\":2,\"name\":\"Emrehan Hal\u0131c\u0131&#8217;n\u0131n RT\u00dcK ziyareti\"}]},{\"@type\":\"WebSite\",\"@id\":\"http:\/\/atif.unaldi.org\/blog\/#website\",\"url\":\"http:\/\/atif.unaldi.org\/blog\/\",\"name\":\"At\u0131f \u00dcnald\u0131\",\"description\":\"Yazar\",\"publisher\":{\"@id\":\"http:\/\/atif.unaldi.org\/blog\/#\/schema\/person\/608ed42ecbda2bc5cfdb767ac1db479b\"},\"alternateName\":\"At\u0131f \u00dcnald\u0131 Blog\",\"potentialAction\":[{\"@type\":\"SearchAction\",\"target\":{\"@type\":\"EntryPoint\",\"urlTemplate\":\"http:\/\/atif.unaldi.org\/blog\/?s={search_term_string}\"},\"query-input\":{\"@type\":\"PropertyValueSpecification\",\"valueRequired\":true,\"valueName\":\"search_term_string\"}}],\"inLanguage\":\"tr\"},{\"@type\":[\"Person\",\"Organization\"],\"@id\":\"http:\/\/atif.unaldi.org\/blog\/#\/schema\/person\/608ed42ecbda2bc5cfdb767ac1db479b\",\"name\":\"Atif Unaldi\",\"image\":{\"@type\":\"ImageObject\",\"inLanguage\":\"tr\",\"@id\":\"http:\/\/atif.unaldi.org\/blog\/#\/schema\/person\/image\/\",\"url\":\"http:\/\/atif.unaldi.org\/blog\/wp-content\/uploads\/2022\/10\/cropped-a94e8f7a-67c4-4d65-8a5f-032ba784be53-2.jpg\",\"contentUrl\":\"http:\/\/atif.unaldi.org\/blog\/wp-content\/uploads\/2022\/10\/cropped-a94e8f7a-67c4-4d65-8a5f-032ba784be53-2.jpg\",\"width\":512,\"height\":512,\"caption\":\"Atif Unaldi\"},\"logo\":{\"@id\":\"http:\/\/atif.unaldi.org\/blog\/#\/schema\/person\/image\/\"},\"description\":\"Bo\u011fazi\u00e7i \u00dcniversitesinde Fizik B\u00f6l\u00fcm\u00fc\u2019nde e\u011fitim ald\u0131\u011f\u0131 y\u0131llarda T\u00fcrkiye\u2019de ilk kez iki bilgisayar\u0131 telefon hatlar\u0131 \u00fczerinden konu\u015fturan BBS sistemini kurarak, T\u00fcrkiye\u2019deki ilk internet a\u011f\u0131n\u0131 olu\u015fturmu\u015ftur. Bir \u00e7ok radyo ve televizyonda program yap\u0131mc\u0131l\u0131\u011f\u0131 ve sunuculu\u011funu, bir \u00e7ok teknoloji dergisinde k\u00f6\u015fe yazarl\u0131\u011f\u0131, bili\u015fim edit\u00f6rl\u00fc\u011f\u00fc ve genel yay\u0131n y\u00f6netmenli\u011fi yapt\u0131. T\u00fcrkiye\u2019deki ilk internet servis sa\u011flay\u0131c\u0131s\u0131n\u0131n genel m\u00fcd\u00fcrl\u00fc\u011f\u00fcn\u00fc \u00fcstlendi. Bir \u00e7ok organizasyon ve kurulu\u015fta internet s\u00fcperviz\u00f6rl\u00fc\u011f\u00fc , webmaster\u2019l\u0131\u011f\u0131 , IT direkt\u00f6rl\u00fc\u011f\u00fc ve dijital projeler koordinat\u00f6rl\u00fc\u011f\u00fc g\u00f6revlerinde bulundu. Farkl\u0131 \u00fcniversitelerin farkl\u0131 fak\u00fcltelerinde \u00f6\u011fretim g\u00f6revlisi olarak bulunmu\u015f olan \u00dcnald\u0131; \u015fu an teknoloji ve pazarlama konular\u0131 ba\u015fta olmak \u00fczere bir\u00e7ok alanda hizmet veren Unaldi Consultancy\u2019nin kurucusudur. \\u2028Selin \u00dcnald\u0131 ile evlidir. Su ve Toprak isminde iki \u00e7ocu\u011fu vard\u0131r.\",\"sameAs\":[\"http:\/\/atif.unaldi.org\/blog\",\"https:\/\/www.facebook.com\/atifunaldi\",\"https:\/\/www.instagram.com\/atifunaldi\/\",\"https:\/\/www.linkedin.com\/in\/atifunaldi\",\"https:\/\/x.com\/https:\/\/twitter.com\/atifunaldi\",\"https:\/\/www.youtube.com\/c\/atifunaldi\",\"https:\/\/soundcloud.com\/atif-unaldi\",\"https:\/\/atifunaldi.tumblr.com\"],\"url\":\"http:\/\/atif.unaldi.org\/blog\/author\/atifunaldi\/\"}]}<\/script>\n<!-- \/ Yoast SEO plugin. -->","yoast_head_json":{"title":"Emrehan Hal\u0131c\u0131'n\u0131n RT\u00dcK ziyareti - At\u0131f \u00dcnald\u0131","robots":{"index":"index","follow":"follow","max-snippet":"max-snippet:-1","max-image-preview":"max-image-preview:large","max-video-preview":"max-video-preview:-1"},"canonical":"http:\/\/atif.unaldi.org\/blog\/2002\/12\/27\/emrehan-halicinin-rtuk-ziyareti\/","og_locale":"tr_TR","og_type":"article","og_title":"Emrehan Hal\u0131c\u0131'n\u0131n RT\u00dcK ziyareti - At\u0131f \u00dcnald\u0131","og_description":"1. Bir milletvekilinin i\u00e7inde bulundu\u011fu iktidar orta\u011f\u0131 partinin \u00e7\u0131karm\u0131\u015f oldu\u011fu yasan\u0131n nas\u0131l yorumlanaca\u011f\u0131n\u0131 sormas\u0131 bir protokol sorunu do\u011furmaz m\u0131? 2. Kar\u015f\u0131daki ki\u015fi say\u0131n milletvekilim bu yasay\u0131 siz \u00e7\u0131kard\u0131n\u0131z, konuyla ilgili yakla\u015f\u0131m\u0131n\u0131z neyse bizim \u00e7\u00f6z\u00fcm\u00fcm\u00fcz de...","og_url":"http:\/\/atif.unaldi.org\/blog\/2002\/12\/27\/emrehan-halicinin-rtuk-ziyareti\/","og_site_name":"At\u0131f \u00dcnald\u0131","article_publisher":"https:\/\/www.facebook.com\/atifunaldi","article_author":"https:\/\/www.facebook.com\/atifunaldi","article_published_time":"2002-12-27T00:00:00+00:00","author":"Atif Unaldi","twitter_card":"summary_large_image","twitter_creator":"@https:\/\/twitter.com\/atifunaldi","twitter_site":"@atifunaldi","twitter_misc":{"Yazan:":"Atif Unaldi","Tahmini okuma s\u00fcresi":"9 dakika"},"schema":{"@context":"https:\/\/schema.org","@graph":[{"@type":"Article","@id":"http:\/\/atif.unaldi.org\/blog\/2002\/12\/27\/emrehan-halicinin-rtuk-ziyareti\/#article","isPartOf":{"@id":"http:\/\/atif.unaldi.org\/blog\/2002\/12\/27\/emrehan-halicinin-rtuk-ziyareti\/"},"author":{"name":"Atif Unaldi","@id":"http:\/\/atif.unaldi.org\/blog\/#\/schema\/person\/608ed42ecbda2bc5cfdb767ac1db479b"},"headline":"Emrehan Hal\u0131c\u0131&#8217;n\u0131n RT\u00dcK ziyareti","datePublished":"2002-12-27T00:00:00+00:00","mainEntityOfPage":{"@id":"http:\/\/atif.unaldi.org\/blog\/2002\/12\/27\/emrehan-halicinin-rtuk-ziyareti\/"},"wordCount":1809,"commentCount":0,"publisher":{"@id":"http:\/\/atif.unaldi.org\/blog\/#\/schema\/person\/608ed42ecbda2bc5cfdb767ac1db479b"},"articleSection":["Blogum"],"inLanguage":"tr","potentialAction":[{"@type":"CommentAction","name":"Comment","target":["http:\/\/atif.unaldi.org\/blog\/2002\/12\/27\/emrehan-halicinin-rtuk-ziyareti\/#respond"]}]},{"@type":"WebPage","@id":"http:\/\/atif.unaldi.org\/blog\/2002\/12\/27\/emrehan-halicinin-rtuk-ziyareti\/","url":"http:\/\/atif.unaldi.org\/blog\/2002\/12\/27\/emrehan-halicinin-rtuk-ziyareti\/","name":"Emrehan Hal\u0131c\u0131'n\u0131n RT\u00dcK ziyareti - At\u0131f \u00dcnald\u0131","isPartOf":{"@id":"http:\/\/atif.unaldi.org\/blog\/#website"},"datePublished":"2002-12-27T00:00:00+00:00","breadcrumb":{"@id":"http:\/\/atif.unaldi.org\/blog\/2002\/12\/27\/emrehan-halicinin-rtuk-ziyareti\/#breadcrumb"},"inLanguage":"tr","potentialAction":[{"@type":"ReadAction","target":["http:\/\/atif.unaldi.org\/blog\/2002\/12\/27\/emrehan-halicinin-rtuk-ziyareti\/"]}]},{"@type":"BreadcrumbList","@id":"http:\/\/atif.unaldi.org\/blog\/2002\/12\/27\/emrehan-halicinin-rtuk-ziyareti\/#breadcrumb","itemListElement":[{"@type":"ListItem","position":1,"name":"Anasayfa","item":"http:\/\/atif.unaldi.org\/blog\/"},{"@type":"ListItem","position":2,"name":"Emrehan Hal\u0131c\u0131&#8217;n\u0131n RT\u00dcK ziyareti"}]},{"@type":"WebSite","@id":"http:\/\/atif.unaldi.org\/blog\/#website","url":"http:\/\/atif.unaldi.org\/blog\/","name":"At\u0131f \u00dcnald\u0131","description":"Yazar","publisher":{"@id":"http:\/\/atif.unaldi.org\/blog\/#\/schema\/person\/608ed42ecbda2bc5cfdb767ac1db479b"},"alternateName":"At\u0131f \u00dcnald\u0131 Blog","potentialAction":[{"@type":"SearchAction","target":{"@type":"EntryPoint","urlTemplate":"http:\/\/atif.unaldi.org\/blog\/?s={search_term_string}"},"query-input":{"@type":"PropertyValueSpecification","valueRequired":true,"valueName":"search_term_string"}}],"inLanguage":"tr"},{"@type":["Person","Organization"],"@id":"http:\/\/atif.unaldi.org\/blog\/#\/schema\/person\/608ed42ecbda2bc5cfdb767ac1db479b","name":"Atif Unaldi","image":{"@type":"ImageObject","inLanguage":"tr","@id":"http:\/\/atif.unaldi.org\/blog\/#\/schema\/person\/image\/","url":"http:\/\/atif.unaldi.org\/blog\/wp-content\/uploads\/2022\/10\/cropped-a94e8f7a-67c4-4d65-8a5f-032ba784be53-2.jpg","contentUrl":"http:\/\/atif.unaldi.org\/blog\/wp-content\/uploads\/2022\/10\/cropped-a94e8f7a-67c4-4d65-8a5f-032ba784be53-2.jpg","width":512,"height":512,"caption":"Atif Unaldi"},"logo":{"@id":"http:\/\/atif.unaldi.org\/blog\/#\/schema\/person\/image\/"},"description":"Bo\u011fazi\u00e7i \u00dcniversitesinde Fizik B\u00f6l\u00fcm\u00fc\u2019nde e\u011fitim ald\u0131\u011f\u0131 y\u0131llarda T\u00fcrkiye\u2019de ilk kez iki bilgisayar\u0131 telefon hatlar\u0131 \u00fczerinden konu\u015fturan BBS sistemini kurarak, T\u00fcrkiye\u2019deki ilk internet a\u011f\u0131n\u0131 olu\u015fturmu\u015ftur. Bir \u00e7ok radyo ve televizyonda program yap\u0131mc\u0131l\u0131\u011f\u0131 ve sunuculu\u011funu, bir \u00e7ok teknoloji dergisinde k\u00f6\u015fe yazarl\u0131\u011f\u0131, bili\u015fim edit\u00f6rl\u00fc\u011f\u00fc ve genel yay\u0131n y\u00f6netmenli\u011fi yapt\u0131. T\u00fcrkiye\u2019deki ilk internet servis sa\u011flay\u0131c\u0131s\u0131n\u0131n genel m\u00fcd\u00fcrl\u00fc\u011f\u00fcn\u00fc \u00fcstlendi. Bir \u00e7ok organizasyon ve kurulu\u015fta internet s\u00fcperviz\u00f6rl\u00fc\u011f\u00fc , webmaster\u2019l\u0131\u011f\u0131 , IT direkt\u00f6rl\u00fc\u011f\u00fc ve dijital projeler koordinat\u00f6rl\u00fc\u011f\u00fc g\u00f6revlerinde bulundu. Farkl\u0131 \u00fcniversitelerin farkl\u0131 fak\u00fcltelerinde \u00f6\u011fretim g\u00f6revlisi olarak bulunmu\u015f olan \u00dcnald\u0131; \u015fu an teknoloji ve pazarlama konular\u0131 ba\u015fta olmak \u00fczere bir\u00e7ok alanda hizmet veren Unaldi Consultancy\u2019nin kurucusudur. \u2028Selin \u00dcnald\u0131 ile evlidir. Su ve Toprak isminde iki \u00e7ocu\u011fu vard\u0131r.","sameAs":["http:\/\/atif.unaldi.org\/blog","https:\/\/www.facebook.com\/atifunaldi","https:\/\/www.instagram.com\/atifunaldi\/","https:\/\/www.linkedin.com\/in\/atifunaldi","https:\/\/x.com\/https:\/\/twitter.com\/atifunaldi","https:\/\/www.youtube.com\/c\/atifunaldi","https:\/\/soundcloud.com\/atif-unaldi","https:\/\/atifunaldi.tumblr.com"],"url":"http:\/\/atif.unaldi.org\/blog\/author\/atifunaldi\/"}]}},"jetpack_featured_media_url":"","_links":{"self":[{"href":"http:\/\/atif.unaldi.org\/blog\/wp-json\/wp\/v2\/posts\/416","targetHints":{"allow":["GET"]}}],"collection":[{"href":"http:\/\/atif.unaldi.org\/blog\/wp-json\/wp\/v2\/posts"}],"about":[{"href":"http:\/\/atif.unaldi.org\/blog\/wp-json\/wp\/v2\/types\/post"}],"author":[{"embeddable":true,"href":"http:\/\/atif.unaldi.org\/blog\/wp-json\/wp\/v2\/users\/2"}],"replies":[{"embeddable":true,"href":"http:\/\/atif.unaldi.org\/blog\/wp-json\/wp\/v2\/comments?post=416"}],"version-history":[{"count":0,"href":"http:\/\/atif.unaldi.org\/blog\/wp-json\/wp\/v2\/posts\/416\/revisions"}],"wp:attachment":[{"href":"http:\/\/atif.unaldi.org\/blog\/wp-json\/wp\/v2\/media?parent=416"}],"wp:term":[{"taxonomy":"category","embeddable":true,"href":"http:\/\/atif.unaldi.org\/blog\/wp-json\/wp\/v2\/categories?post=416"},{"taxonomy":"post_tag","embeddable":true,"href":"http:\/\/atif.unaldi.org\/blog\/wp-json\/wp\/v2\/tags?post=416"}],"curies":[{"name":"wp","href":"https:\/\/api.w.org\/{rel}","templated":true}]}}