{"id":422,"date":"2002-12-27T02:00:00","date_gmt":"2002-12-27T00:00:00","guid":{"rendered":"http:\/\/85.17.200.84\/~unaldi\/atif\/?p=422"},"modified":"2002-12-27T02:00:00","modified_gmt":"2002-12-27T00:00:00","slug":"microsoft-turkiye-ile-egrisiyle-dogrusuyla","status":"publish","type":"post","link":"http:\/\/atif.unaldi.org\/blog\/2002\/12\/27\/microsoft-turkiye-ile-egrisiyle-dogrusuyla\/","title":{"rendered":"Microsoft T\u00fcrkiye ile E\u011frisiyle Do\u011frusuyla"},"content":{"rendered":"<p>Her CEO&#8217;nu hayali kendisi gibi bulundu\u011fu \u015firkete de\u011fer veren \u00e7al\u0131\u015fanlara sahip olmakt\u0131r. Galiba CEO&#8217;lar\u0131n laneti de bunun alt\u0131nda gizlidir. Asl\u0131nda Microsoft&#8217;un bu konuda \u015fans\u0131 b\u00fcy\u00fck\u00fct\u00fcr. Zira Steve Balmer bir \u015firketi ba\u015ftan sona teslim ald\u0131 ve Bill Gates yeniden en sevdi\u011fi i\u015f olan programc\u0131l\u0131\u011f\u0131n ba\u015f\u0131na oturmas\u0131n\u0131 sa\u011flad\u0131. Ge\u00e7en hafta Fortune Dergisi Bill Gates ile bir r\u00f6portaj yapt\u0131. Gates&#8217;in hayallerini s\u00fcsleyen yeni yaz\u0131l\u0131m Longhorn bu r\u00f6portaj\u0131n \u00f6nemli bir k\u0131sm\u0131yd\u0131. Gates bu konuda \u00e7al\u0131\u015fmalar\u0131n\u0131 s\u00fcrd\u00fcr\u00fcrken, bir\u00e7ok ki\u015finin Microsoft hakk\u0131nda tak\u0131ld\u0131\u011f\u0131 sorular\u0131 sormak da bize nasip oldu. Microsoft T\u00fcrkiye ile yapt\u0131\u011f\u0131m\u0131z e-r\u00f6portaj&#8217;I zevkle okuyaca\u011f\u0131n\u0131zdan eminiz.<\/p>\n<p>&#8211; D\u00fcnyada yeni bir ak\u0131m, askeri kurumlar\u0131n g\u00fcvenlik ama\u00e7l\u0131 kendi i\u015fletim sistemlerini geli\u015ftirmesi y\u00f6n\u00fcnde. Sizce bunun sebebi nedir? Microsoft bu yakla\u015f\u0131m\u0131n neresinde durmakta?<\/p>\n<p>Bu sorunuzda da yer verdi\u011finiz ve yo\u011fun olarak bas\u0131n organlar\u0131nda da yer alan genel \u00f6nyarg\u0131ya a\u00e7\u0131kl\u0131k getirmek isteriz. Son 10 y\u0131l i\u00e7inde bilgi teknolojisi alan\u0131ndaki h\u0131zl\u0131 geli\u015fmeler her sekt\u00f6r\u00fc oldu\u011fu gibi askeri alan\u0131 da etkilemi\u015ftir. \u00d6zellikle K\u00f6rfez Sava\u015f\u0131 askeri alanlarda kullan\u0131lan yaz\u0131l\u0131mlar\u0131n sava\u015f sonucunu do\u011frudan etkiledi\u011fini g\u00f6stermi\u015ftir. K\u00f6rfez Sava\u015f\u0131 ile beraber t\u00fcm d\u00fcnya silahl\u0131 kuvvetlerinin sava\u015f y\u00f6netimi, lojistik y\u00f6netimi, sava\u015f senaryosu yaz\u0131l\u0131mlar\u0131, m\u00fc\u015fterek harp systemi yaz\u0131l\u0131mlar\u0131, lojistik planlama yaz\u0131l\u0131mlar\u0131, sava\u015f alan\u0131 planlama ve y\u00f6netimi yaz\u0131l\u0131mlar\u0131 gibi yaz\u0131l\u0131mlar\u0131n top t\u00fcfek u\u00e7aktan \u00e7ok daha \u00f6nemli olabilece\u011fini g\u00f6stermi\u015ftir. Bu yaz\u0131l\u0131mlar\u0131 d\u00fcnyada geli\u015ftiren ve satan firmalar s\u0131n\u0131rl\u0131 say\u0131dad\u0131r ve \u00e7o\u011funlu\u011funu ABD firmalar\u0131 olu\u015fturmaktad\u0131r. Bu t\u00fcr yaz\u0131l\u0131mlar\u0131n ABD d\u0131\u015f\u0131ndaki silahl\u0131 kuvvetlere sat\u0131\u015f\u0131 da do\u011frudan ABD H\u00fck\u00fcmetinin onay\u0131na ba\u011fl\u0131d\u0131r.  ABD&#8217;de bu t\u00fcr yaz\u0131l\u0131mlar\u0131 geli\u015ftiren firmalar do\u011fal olarak Avrupa&#8217;da bu sekt\u00f6re girmek isteyen Avrupa&#8217;l\u0131 Savunma Firmalar\u0131n\u0131n rakipleridir. Bu t\u00fcr yaz\u0131l\u0131mlar i\u00e7in Almanya&#8217;n\u0131n Lockheed yerine Siemens&#8217;i  veya Ingiltere&#8217;nin GE yerine Marconi&#8217;ye ait savunma yaz\u0131l\u0131mlar\u0131n\u0131 tercih edece\u011fi ve &#8220;&#8221;kendi stratejik ve taktiksel sava\u015f\/savunma yaz\u0131l\u0131mlar\u0131n\u0131&#8221;&#8221; geli\u015ftirmek isteyecekleri do\u011fald\u0131r.<\/p>\n<p>Ancak bu ak\u0131m veya e\u011filim i\u00e7inde i\u015fletim sistemi, veri taban\u0131 y\u00f6netim sistemi, harc\u0131alem \u00fcretim stok personel y\u00f6netim sistemi, veya g\u00fcnl\u00fck kullan\u0131lan ki\u015fisel \u00fcretkenlik yaz\u0131l\u0131mlar\u0131 yoktur. Bu yaz\u0131l\u0131mlar t\u00fcm end\u00fcstrinin kabul etti\u011fi a\u00e7\u0131k standartlara uygun \u00fcretilmi\u015f &#8220;&#8221;platform&#8221;&#8221; yaz\u0131l\u0131mlar\u0131d\u0131r. Firmalar veya kurumlar bu platform yaz\u0131l\u0131mlar\u0131n\u0131 kullanarak kendileri i\u00e7in gerekli nihai amaca uygun ve g\u00fcvenli \u00fcr\u00fcn geli\u015ftirirler.<\/p>\n<p>Bunun yan\u0131s\u0131ra baz\u0131 askeri kurumlar kendi i\u00e7lerinde d\u0131\u015f d\u00fcnyaya tamamen kapal\u0131 sistemlerdeki baz\u0131 projelerde do\u011fal olarak kendilerine \u00f6zel sistemler \u00fczerinde \u00e7al\u0131\u015fmaktad\u0131rlar. Bunun sebebi mevcut i\u015fletim sistemlerinin ilgili cihazlarda istedikleri gibi &#8220;&#8221;tune&#8221;&#8221; edilememesi, baz\u0131 durumlarda kullan\u0131lan donan\u0131m\u0131n yetersizli\u011fi, baz\u0131 durumlarda ise tamamen deneysel nedenler olmaktad\u0131r. Microsoft bu konularda da Windows XP Embedded ve Windows CE.NET ile ilgili kurumlara gerekli esnekli\u011fi sa\u011flamaktad\u0131r.<\/p>\n<p>Ekte g\u00fcvenlik ve bu konu ile ilgili ayd\u0131nlat\u0131c\u0131 olabilecek bir d\u00f6k\u00fcman\u0131 bilgilerinize sunmak isteriz.<\/p>\n<p>&#8211; Mac OSX&#8217;in National Information Assurance Partnership&#8217;e yapt\u0131rd\u0131\u011f\u0131 testler Microsoft&#8217;un i\u015fletim sistemlerindeki genel g\u00fcvenlik sorunlar\u0131n\u0131 kendileri ad\u0131na kullanma ihtiya\u00e7lar\u0131ndan m\u0131 kaynaklan\u0131yor?<\/p>\n<p>Bu konu daha \u00e7ok Apple taraf\u0131ndan cevapland\u0131r\u0131labilir diye d\u00fc\u015f\u00fcn\u00fcyoruz.<\/p>\n<p>&#8211; Palladium projesinin, bir CPUid hikayesi olabilece\u011fini d\u00fc\u015f\u00fcn\u00fcyor musunuz?<\/p>\n<p>Bu konunun CPUid ile ilgisi yoktur. Palladium projesi system i\u00e7inde tamamen g\u00fcvenli bir bellek alan\u0131 olu\u015fturmay\u0131 ama\u00e7lamaktad\u0131r. B\u00f6ylece yaz\u0131l\u0131mlar\u0131n daha g\u00fcvenli bir \u015fekilde \u00e7al\u0131\u015fmas\u0131 sa\u011flanmaktad\u0131r. Bu proje ayn\u0131 zamanda virus sald\u0131r\u0131lar\u0131, ki\u015fisel bilgilere yetkisiz eri\u015fim gibi g\u00fcvenlik a\u00e7\u0131klar\u0131n\u0131 kapamay\u0131 hedeflemektedir.<\/p>\n<p>-Microsoft Office ne zaman T\u00fcrk\u00e7e anlayabilecek? (Ses ve elyaz\u0131s\u0131 tan\u0131mlama sistemi ne zaman T\u00fcrk\u00e7ele\u015fecek?) MS T\u00fcrkiye lokalizasyon konusunda neler yap\u0131yor?<\/p>\n<p>Ses ve El yaz\u0131s\u0131 gibi do\u011fal yollarla bilgi giri\u015fi teknolojilerine bakt\u0131\u011f\u0131m\u0131zda, hayat\u0131m\u0131za girebilmek i\u00e7in hen\u00fcz tam olarak olgunla\u015fmad\u0131\u011f\u0131n\u0131 ve baz\u0131 g\u00fc\u00e7l\u00fcklerin devam etti\u011fini g\u00f6r\u00fcyoruz. Bunun ba\u015f\u0131nda da ayn\u0131 anda birden fazla ki\u015finin konu\u015fmas\u0131 ya da d\u00fc\u015f\u00fck kalitede ses donan\u0131m\u0131 durumlar\u0131nda sistemin verimini kaybetmesi g\u00f6r\u00fcl\u00fcyor. Bu g\u00fc\u00e7l\u00fck t\u00fcm d\u00fcnyada bu konuda \u00e7al\u0131\u015fan firmalar\u0131n \u00e7\u00f6zmeye \u00e7al\u0131\u015ft\u0131\u011f\u0131 bir konu. Microsoft olarak bizim de birlikte \u00e7al\u0131\u015ft\u0131\u011f\u0131m\u0131z L&amp;H firmas\u0131 http:\/\/www.lhsl.com bu konuda %95 g\u00fcvenilirli\u011fe ula\u015fm\u0131\u015f konusunda lider bir kurulu\u015ftur. Ancak bahsi ge\u00e7en g\u00fc\u00e7l\u00fckler bu teknolojilerin mevcut sistemlerin en kritik par\u00e7as\u0131 olmas\u0131 konusunda hala yeterince tatmin edici g\u00f6r\u00fcnm\u00fcyor. Bu nedenle Office XP ile birlikte kullan\u0131c\u0131 davran\u0131\u015f\u0131n\u0131 anlamak amac\u0131yla El yaz\u0131s\u0131 tan\u0131ma sadece \u0130ngilizce ve Japonca, ses teknolojisi ise sadece \u0130ngilizce i\u00e7in uygulamalara entegre edildi. Bu deneyimin \u0131\u015f\u0131\u011f\u0131nda \u00f6n\u00fcm\u00fczdeki d\u00f6nemde pazar\u0131n talebi do\u011frultusunda di\u011fer diller i\u00e7in de bunlar yap\u0131lmaya ba\u015flanacakt\u0131r.<\/p>\n<p>T\u00fcrk\u00e7e, Microsoft T\u00fcrkiye&#8217;nin \u00e7abalar\u0131yla zaman i\u00e7erisinde yerelle\u015ftirilen dil aileleri i\u00e7erisinde 3. ku\u015faktan Hollandaca, \u0130sve\u00e7\u00e7e gibi 2. ku\u015fa\u011fa ilerledi, bu da yakla\u015f\u0131k 120 g\u00fcnl\u00fck yerelle\u015ftirme s\u00fcresinin 45 g\u00fcn&#8217;e inmi\u015f olmas\u0131 anlam\u0131na geliyor. Yeni versiyonda T\u00fcr\u00e7e yaz\u0131l\u0131ma ili\u015fkin yeni \u00f6zelliklerin yer alaca\u011f\u0131n\u0131 ve bu \u00f6zelliklerin \u00f6zellikle \u00f6\u011frenci ve \u00f6\u011fretmenler taraf\u0131ndan \u00e7ok be\u011fenilece\u011fini \u015fimdiden s\u00f6yleyebiliriz.  Microsoft T\u00fcrkiye, bu t\u00fcr \u00e7al\u0131\u015fmalar ile T\u00fcrk halk\u0131n\u0131n bilgisayarla\u015fma s\u00fcrecine katk\u0131da bulunmak \u00fczere faaliyetlerine devam edecektir.<\/p>\n<p>-Son zamanlarda paras\u0131z Office uygulamalar\u0131n\u0131n \u00e7\u0131kmas\u0131n\u0131n sebebi, sizce lisanslama konusunda Microsoft&#8217;un tavr\u0131ndan m\u0131 kaynaklan\u0131yor, yoksa bu \u00fcr\u00fcnlerde MS Office&#8217;te bulunmayan yard\u0131mc\u0131 programlar bulunmas\u0131ndan m\u0131?<\/p>\n<p>Office t\u00fcm D\u00fcnya&#8217;da 300 milyonu a\u015fk\u0131n bir kullan\u0131c\u0131 kitlesi taraf\u0131ndan kullan\u0131l\u0131yor. Ge\u00e7en zaman i\u00e7erisinde Microsoft R&amp;D kaynaklar\u0131n\u0131n \u00f6nemli bir b\u00f6l\u00fcm\u00fcn\u00fc bu konuya aktararak kullan\u0131c\u0131lar\u0131n daha verimli \u00e7al\u0131\u015fmas\u0131na katk\u0131da bulunmay\u0131 hedeflemi\u015ftir. Geldi\u011fimiz noktada di\u011fer hi\u00e7bir uygulama Office XP uygulamalar\u0131yla birlikte gelen zengin i\u00e7eri\u011fe ve entegrasyona sahip de\u011fil. Ayr\u0131ca Office uygulamalar\u0131na sahip ki\u015fi ve kurumlar internetten OfficeUpdate web sitesine  ba\u011flanarak ilave \u00fccretsiz uygulama ve \u015fablonlar y\u00fckleyebiliyorlar. Bu y\u00f6n\u00fcyle de Office alan kullan\u0131c\u0131lar sonras\u0131nda da devaml\u0131 destek ve i\u00e7eri\u011fe sahip oluyorlar.<\/p>\n<p>&#8211; Microsoft yaz\u0131l\u0131mlar i\u00e7in patch&#8217;leri otomatik \u00e7eken, windows update sistemininin kullan\u0131m\u0131n\u0131 nas\u0131l g\u00f6r\u00fcyor? (trafik ne durumda)<\/p>\n<p>www.microsoft.com  adresi g\u00f6re d\u00fcnyada,  www.microsoft.com\/turkiye adresi de T\u00fcrkiye&#8217;de en fazla hit alan sitelerin ba\u015f\u0131nda geliyor. Bunun nedeni Microsoft \u00fcr\u00fcnlerine ili\u015fkin bilgi talebinin yan\u0131s\u0131ra \u00fcr\u00fcn patchleri veya yeni \u00f6zelliklerin y\u00fcklenmesine ili\u015fkin taleptir. Windows XP ile birlikte bu t\u00fcr patchlerin otomatik update olana\u011f\u0131 yarat\u0131lm\u0131\u015ft\u0131r. Bu kullan\u0131c\u0131 i\u00e7in b\u00fcy\u00fck bir kolayl\u0131kt\u0131r. Bu patchlerin h\u0131zl\u0131 bir \u015fekilde y\u00fcklenebilmesine olanak veren gerekli bant geni\u015fli\u011fine sahiptir. Ayr\u0131ca kurumsal m\u00fc\u015fteriler i\u00e7in bu patchlerin bir kere \u00e7ekilip kurum i\u00e7indeki bilgisayarlara otomatik olarak y\u00fcklenmesi de m\u00fcmk\u00fcnd\u00fcr.<\/p>\n<p>&#8211; .Net Visual Studio&#8217;nun Windows 2000 T\u00fcrk\u00e7e i\u015fletim sistemi \u00fczerine kurulam\u0131yor. Bu konuda teknik destek i\u00e7in arad\u0131\u011f\u0131m\u0131zda kar\u015f\u0131m\u0131za \u00e7\u0131kan Tepum, konu hakk\u0131nda 3-4 dakikal\u0131k bir MSDN ara\u015ft\u0131rmas\u0131 ile \u00e7\u00f6z\u00fclebilecek bir ara\u015ft\u0131rmay\u0131 bir haftada \u00e7\u00f6zemedi&#8230;<br \/>\nT\u00fcrkiye&#8217;de teknik destek sisteminin yeterince iyi \u00e7al\u0131\u015ft\u0131\u011f\u0131n\u0131 d\u00fc\u015fn\u00fcyor musunuz?<\/p>\n<p>VisualStudio.NET Service Pack 1 ile birlikte T\u00fcrk\u00e7e karakterlerle ilgili b\u00fct\u00fcn problemler ortadan kalkacakt\u0131r. SP1 Beta a\u015famas\u0131nda. 3 ay gibi bir s\u00fcrede SP1 in \u00e7\u0131kaca\u011f\u0131n\u0131 \u00f6ng\u00f6r\u00fcyoruz. Ayr\u0131ca teknik destek konusundaki uyar\u0131n\u0131z i\u00e7in te\u015fekk\u00fcr ederiz.<\/p>\n","protected":false},"excerpt":{"rendered":"<p>Her CEO&#8217;nu hayali kendisi gibi bulundu\u011fu \u015firkete de\u011fer veren \u00e7al\u0131\u015fanlara sahip olmakt\u0131r. Galiba CEO&#8217;lar\u0131n laneti de bunun alt\u0131nda gizlidir. Asl\u0131nda Microsoft&#8217;un bu konuda \u015fans\u0131 b\u00fcy\u00fck\u00fct\u00fcr. Zira Steve Balmer bir \u015firketi ba\u015ftan sona teslim ald\u0131 ve&#8230;<\/p>\n","protected":false},"author":2,"featured_media":0,"comment_status":"open","ping_status":"open","sticky":false,"template":"","format":"standard","meta":{"footnotes":""},"categories":[3],"tags":[],"class_list":["post-422","post","type-post","status-publish","format-standard","hentry","category-blogum"],"yoast_head":"<!-- This site is optimized with the Yoast SEO plugin v26.8 - https:\/\/yoast.com\/product\/yoast-seo-wordpress\/ -->\n<title>Microsoft T\u00fcrkiye ile E\u011frisiyle Do\u011frusuyla - At\u0131f \u00dcnald\u0131<\/title>\n<meta name=\"robots\" content=\"index, follow, max-snippet:-1, max-image-preview:large, max-video-preview:-1\" \/>\n<link rel=\"canonical\" href=\"http:\/\/atif.unaldi.org\/blog\/2002\/12\/27\/microsoft-turkiye-ile-egrisiyle-dogrusuyla\/\" \/>\n<meta property=\"og:locale\" content=\"tr_TR\" \/>\n<meta property=\"og:type\" content=\"article\" \/>\n<meta property=\"og:title\" content=\"Microsoft T\u00fcrkiye ile E\u011frisiyle Do\u011frusuyla - At\u0131f \u00dcnald\u0131\" \/>\n<meta property=\"og:description\" content=\"Her CEO&#8217;nu hayali kendisi gibi bulundu\u011fu \u015firkete de\u011fer veren \u00e7al\u0131\u015fanlara sahip olmakt\u0131r. Galiba CEO&#8217;lar\u0131n laneti de bunun alt\u0131nda gizlidir. Asl\u0131nda Microsoft&#8217;un bu konuda \u015fans\u0131 b\u00fcy\u00fck\u00fct\u00fcr. Zira Steve Balmer bir \u015firketi ba\u015ftan sona teslim ald\u0131 ve...\" \/>\n<meta property=\"og:url\" content=\"http:\/\/atif.unaldi.org\/blog\/2002\/12\/27\/microsoft-turkiye-ile-egrisiyle-dogrusuyla\/\" \/>\n<meta property=\"og:site_name\" content=\"At\u0131f \u00dcnald\u0131\" \/>\n<meta property=\"article:publisher\" content=\"https:\/\/www.facebook.com\/atifunaldi\" \/>\n<meta property=\"article:author\" content=\"https:\/\/www.facebook.com\/atifunaldi\" \/>\n<meta property=\"article:published_time\" content=\"2002-12-27T00:00:00+00:00\" \/>\n<meta name=\"author\" content=\"Atif Unaldi\" \/>\n<meta name=\"twitter:card\" content=\"summary_large_image\" \/>\n<meta name=\"twitter:creator\" content=\"@https:\/\/twitter.com\/atifunaldi\" \/>\n<meta name=\"twitter:site\" content=\"@atifunaldi\" \/>\n<meta name=\"twitter:label1\" content=\"Yazan:\" \/>\n\t<meta name=\"twitter:data1\" content=\"Atif Unaldi\" \/>\n\t<meta name=\"twitter:label2\" content=\"Tahmini okuma s\u00fcresi\" \/>\n\t<meta name=\"twitter:data2\" content=\"7 dakika\" \/>\n<script type=\"application\/ld+json\" class=\"yoast-schema-graph\">{\"@context\":\"https:\/\/schema.org\",\"@graph\":[{\"@type\":\"Article\",\"@id\":\"http:\/\/atif.unaldi.org\/blog\/2002\/12\/27\/microsoft-turkiye-ile-egrisiyle-dogrusuyla\/#article\",\"isPartOf\":{\"@id\":\"http:\/\/atif.unaldi.org\/blog\/2002\/12\/27\/microsoft-turkiye-ile-egrisiyle-dogrusuyla\/\"},\"author\":{\"name\":\"Atif Unaldi\",\"@id\":\"http:\/\/atif.unaldi.org\/blog\/#\/schema\/person\/608ed42ecbda2bc5cfdb767ac1db479b\"},\"headline\":\"Microsoft T\u00fcrkiye ile E\u011frisiyle Do\u011frusuyla\",\"datePublished\":\"2002-12-27T00:00:00+00:00\",\"mainEntityOfPage\":{\"@id\":\"http:\/\/atif.unaldi.org\/blog\/2002\/12\/27\/microsoft-turkiye-ile-egrisiyle-dogrusuyla\/\"},\"wordCount\":1456,\"commentCount\":0,\"publisher\":{\"@id\":\"http:\/\/atif.unaldi.org\/blog\/#\/schema\/person\/608ed42ecbda2bc5cfdb767ac1db479b\"},\"articleSection\":[\"Blogum\"],\"inLanguage\":\"tr\",\"potentialAction\":[{\"@type\":\"CommentAction\",\"name\":\"Comment\",\"target\":[\"http:\/\/atif.unaldi.org\/blog\/2002\/12\/27\/microsoft-turkiye-ile-egrisiyle-dogrusuyla\/#respond\"]}]},{\"@type\":\"WebPage\",\"@id\":\"http:\/\/atif.unaldi.org\/blog\/2002\/12\/27\/microsoft-turkiye-ile-egrisiyle-dogrusuyla\/\",\"url\":\"http:\/\/atif.unaldi.org\/blog\/2002\/12\/27\/microsoft-turkiye-ile-egrisiyle-dogrusuyla\/\",\"name\":\"Microsoft T\u00fcrkiye ile E\u011frisiyle Do\u011frusuyla - At\u0131f \u00dcnald\u0131\",\"isPartOf\":{\"@id\":\"http:\/\/atif.unaldi.org\/blog\/#website\"},\"datePublished\":\"2002-12-27T00:00:00+00:00\",\"breadcrumb\":{\"@id\":\"http:\/\/atif.unaldi.org\/blog\/2002\/12\/27\/microsoft-turkiye-ile-egrisiyle-dogrusuyla\/#breadcrumb\"},\"inLanguage\":\"tr\",\"potentialAction\":[{\"@type\":\"ReadAction\",\"target\":[\"http:\/\/atif.unaldi.org\/blog\/2002\/12\/27\/microsoft-turkiye-ile-egrisiyle-dogrusuyla\/\"]}]},{\"@type\":\"BreadcrumbList\",\"@id\":\"http:\/\/atif.unaldi.org\/blog\/2002\/12\/27\/microsoft-turkiye-ile-egrisiyle-dogrusuyla\/#breadcrumb\",\"itemListElement\":[{\"@type\":\"ListItem\",\"position\":1,\"name\":\"Anasayfa\",\"item\":\"http:\/\/atif.unaldi.org\/blog\/\"},{\"@type\":\"ListItem\",\"position\":2,\"name\":\"Microsoft T\u00fcrkiye ile E\u011frisiyle Do\u011frusuyla\"}]},{\"@type\":\"WebSite\",\"@id\":\"http:\/\/atif.unaldi.org\/blog\/#website\",\"url\":\"http:\/\/atif.unaldi.org\/blog\/\",\"name\":\"At\u0131f \u00dcnald\u0131\",\"description\":\"Yazar\",\"publisher\":{\"@id\":\"http:\/\/atif.unaldi.org\/blog\/#\/schema\/person\/608ed42ecbda2bc5cfdb767ac1db479b\"},\"alternateName\":\"At\u0131f \u00dcnald\u0131 Blog\",\"potentialAction\":[{\"@type\":\"SearchAction\",\"target\":{\"@type\":\"EntryPoint\",\"urlTemplate\":\"http:\/\/atif.unaldi.org\/blog\/?s={search_term_string}\"},\"query-input\":{\"@type\":\"PropertyValueSpecification\",\"valueRequired\":true,\"valueName\":\"search_term_string\"}}],\"inLanguage\":\"tr\"},{\"@type\":[\"Person\",\"Organization\"],\"@id\":\"http:\/\/atif.unaldi.org\/blog\/#\/schema\/person\/608ed42ecbda2bc5cfdb767ac1db479b\",\"name\":\"Atif Unaldi\",\"image\":{\"@type\":\"ImageObject\",\"inLanguage\":\"tr\",\"@id\":\"http:\/\/atif.unaldi.org\/blog\/#\/schema\/person\/image\/\",\"url\":\"http:\/\/atif.unaldi.org\/blog\/wp-content\/uploads\/2022\/10\/cropped-a94e8f7a-67c4-4d65-8a5f-032ba784be53-2.jpg\",\"contentUrl\":\"http:\/\/atif.unaldi.org\/blog\/wp-content\/uploads\/2022\/10\/cropped-a94e8f7a-67c4-4d65-8a5f-032ba784be53-2.jpg\",\"width\":512,\"height\":512,\"caption\":\"Atif Unaldi\"},\"logo\":{\"@id\":\"http:\/\/atif.unaldi.org\/blog\/#\/schema\/person\/image\/\"},\"description\":\"Bo\u011fazi\u00e7i \u00dcniversitesinde Fizik B\u00f6l\u00fcm\u00fc\u2019nde e\u011fitim ald\u0131\u011f\u0131 y\u0131llarda T\u00fcrkiye\u2019de ilk kez iki bilgisayar\u0131 telefon hatlar\u0131 \u00fczerinden konu\u015fturan BBS sistemini kurarak, T\u00fcrkiye\u2019deki ilk internet a\u011f\u0131n\u0131 olu\u015fturmu\u015ftur. Bir \u00e7ok radyo ve televizyonda program yap\u0131mc\u0131l\u0131\u011f\u0131 ve sunuculu\u011funu, bir \u00e7ok teknoloji dergisinde k\u00f6\u015fe yazarl\u0131\u011f\u0131, bili\u015fim edit\u00f6rl\u00fc\u011f\u00fc ve genel yay\u0131n y\u00f6netmenli\u011fi yapt\u0131. T\u00fcrkiye\u2019deki ilk internet servis sa\u011flay\u0131c\u0131s\u0131n\u0131n genel m\u00fcd\u00fcrl\u00fc\u011f\u00fcn\u00fc \u00fcstlendi. Bir \u00e7ok organizasyon ve kurulu\u015fta internet s\u00fcperviz\u00f6rl\u00fc\u011f\u00fc , webmaster\u2019l\u0131\u011f\u0131 , IT direkt\u00f6rl\u00fc\u011f\u00fc ve dijital projeler koordinat\u00f6rl\u00fc\u011f\u00fc g\u00f6revlerinde bulundu. Farkl\u0131 \u00fcniversitelerin farkl\u0131 fak\u00fcltelerinde \u00f6\u011fretim g\u00f6revlisi olarak bulunmu\u015f olan \u00dcnald\u0131; \u015fu an teknoloji ve pazarlama konular\u0131 ba\u015fta olmak \u00fczere bir\u00e7ok alanda hizmet veren Unaldi Consultancy\u2019nin kurucusudur. \\u2028Selin \u00dcnald\u0131 ile evlidir. Su ve Toprak isminde iki \u00e7ocu\u011fu vard\u0131r.\",\"sameAs\":[\"http:\/\/atif.unaldi.org\/blog\",\"https:\/\/www.facebook.com\/atifunaldi\",\"https:\/\/www.instagram.com\/atifunaldi\/\",\"https:\/\/www.linkedin.com\/in\/atifunaldi\",\"https:\/\/x.com\/https:\/\/twitter.com\/atifunaldi\",\"https:\/\/www.youtube.com\/c\/atifunaldi\",\"https:\/\/soundcloud.com\/atif-unaldi\",\"https:\/\/atifunaldi.tumblr.com\"],\"url\":\"http:\/\/atif.unaldi.org\/blog\/author\/atifunaldi\/\"}]}<\/script>\n<!-- \/ Yoast SEO plugin. -->","yoast_head_json":{"title":"Microsoft T\u00fcrkiye ile E\u011frisiyle Do\u011frusuyla - At\u0131f \u00dcnald\u0131","robots":{"index":"index","follow":"follow","max-snippet":"max-snippet:-1","max-image-preview":"max-image-preview:large","max-video-preview":"max-video-preview:-1"},"canonical":"http:\/\/atif.unaldi.org\/blog\/2002\/12\/27\/microsoft-turkiye-ile-egrisiyle-dogrusuyla\/","og_locale":"tr_TR","og_type":"article","og_title":"Microsoft T\u00fcrkiye ile E\u011frisiyle Do\u011frusuyla - At\u0131f \u00dcnald\u0131","og_description":"Her CEO&#8217;nu hayali kendisi gibi bulundu\u011fu \u015firkete de\u011fer veren \u00e7al\u0131\u015fanlara sahip olmakt\u0131r. Galiba CEO&#8217;lar\u0131n laneti de bunun alt\u0131nda gizlidir. Asl\u0131nda Microsoft&#8217;un bu konuda \u015fans\u0131 b\u00fcy\u00fck\u00fct\u00fcr. Zira Steve Balmer bir \u015firketi ba\u015ftan sona teslim ald\u0131 ve...","og_url":"http:\/\/atif.unaldi.org\/blog\/2002\/12\/27\/microsoft-turkiye-ile-egrisiyle-dogrusuyla\/","og_site_name":"At\u0131f \u00dcnald\u0131","article_publisher":"https:\/\/www.facebook.com\/atifunaldi","article_author":"https:\/\/www.facebook.com\/atifunaldi","article_published_time":"2002-12-27T00:00:00+00:00","author":"Atif Unaldi","twitter_card":"summary_large_image","twitter_creator":"@https:\/\/twitter.com\/atifunaldi","twitter_site":"@atifunaldi","twitter_misc":{"Yazan:":"Atif Unaldi","Tahmini okuma s\u00fcresi":"7 dakika"},"schema":{"@context":"https:\/\/schema.org","@graph":[{"@type":"Article","@id":"http:\/\/atif.unaldi.org\/blog\/2002\/12\/27\/microsoft-turkiye-ile-egrisiyle-dogrusuyla\/#article","isPartOf":{"@id":"http:\/\/atif.unaldi.org\/blog\/2002\/12\/27\/microsoft-turkiye-ile-egrisiyle-dogrusuyla\/"},"author":{"name":"Atif Unaldi","@id":"http:\/\/atif.unaldi.org\/blog\/#\/schema\/person\/608ed42ecbda2bc5cfdb767ac1db479b"},"headline":"Microsoft T\u00fcrkiye ile E\u011frisiyle Do\u011frusuyla","datePublished":"2002-12-27T00:00:00+00:00","mainEntityOfPage":{"@id":"http:\/\/atif.unaldi.org\/blog\/2002\/12\/27\/microsoft-turkiye-ile-egrisiyle-dogrusuyla\/"},"wordCount":1456,"commentCount":0,"publisher":{"@id":"http:\/\/atif.unaldi.org\/blog\/#\/schema\/person\/608ed42ecbda2bc5cfdb767ac1db479b"},"articleSection":["Blogum"],"inLanguage":"tr","potentialAction":[{"@type":"CommentAction","name":"Comment","target":["http:\/\/atif.unaldi.org\/blog\/2002\/12\/27\/microsoft-turkiye-ile-egrisiyle-dogrusuyla\/#respond"]}]},{"@type":"WebPage","@id":"http:\/\/atif.unaldi.org\/blog\/2002\/12\/27\/microsoft-turkiye-ile-egrisiyle-dogrusuyla\/","url":"http:\/\/atif.unaldi.org\/blog\/2002\/12\/27\/microsoft-turkiye-ile-egrisiyle-dogrusuyla\/","name":"Microsoft T\u00fcrkiye ile E\u011frisiyle Do\u011frusuyla - At\u0131f \u00dcnald\u0131","isPartOf":{"@id":"http:\/\/atif.unaldi.org\/blog\/#website"},"datePublished":"2002-12-27T00:00:00+00:00","breadcrumb":{"@id":"http:\/\/atif.unaldi.org\/blog\/2002\/12\/27\/microsoft-turkiye-ile-egrisiyle-dogrusuyla\/#breadcrumb"},"inLanguage":"tr","potentialAction":[{"@type":"ReadAction","target":["http:\/\/atif.unaldi.org\/blog\/2002\/12\/27\/microsoft-turkiye-ile-egrisiyle-dogrusuyla\/"]}]},{"@type":"BreadcrumbList","@id":"http:\/\/atif.unaldi.org\/blog\/2002\/12\/27\/microsoft-turkiye-ile-egrisiyle-dogrusuyla\/#breadcrumb","itemListElement":[{"@type":"ListItem","position":1,"name":"Anasayfa","item":"http:\/\/atif.unaldi.org\/blog\/"},{"@type":"ListItem","position":2,"name":"Microsoft T\u00fcrkiye ile E\u011frisiyle Do\u011frusuyla"}]},{"@type":"WebSite","@id":"http:\/\/atif.unaldi.org\/blog\/#website","url":"http:\/\/atif.unaldi.org\/blog\/","name":"At\u0131f \u00dcnald\u0131","description":"Yazar","publisher":{"@id":"http:\/\/atif.unaldi.org\/blog\/#\/schema\/person\/608ed42ecbda2bc5cfdb767ac1db479b"},"alternateName":"At\u0131f \u00dcnald\u0131 Blog","potentialAction":[{"@type":"SearchAction","target":{"@type":"EntryPoint","urlTemplate":"http:\/\/atif.unaldi.org\/blog\/?s={search_term_string}"},"query-input":{"@type":"PropertyValueSpecification","valueRequired":true,"valueName":"search_term_string"}}],"inLanguage":"tr"},{"@type":["Person","Organization"],"@id":"http:\/\/atif.unaldi.org\/blog\/#\/schema\/person\/608ed42ecbda2bc5cfdb767ac1db479b","name":"Atif Unaldi","image":{"@type":"ImageObject","inLanguage":"tr","@id":"http:\/\/atif.unaldi.org\/blog\/#\/schema\/person\/image\/","url":"http:\/\/atif.unaldi.org\/blog\/wp-content\/uploads\/2022\/10\/cropped-a94e8f7a-67c4-4d65-8a5f-032ba784be53-2.jpg","contentUrl":"http:\/\/atif.unaldi.org\/blog\/wp-content\/uploads\/2022\/10\/cropped-a94e8f7a-67c4-4d65-8a5f-032ba784be53-2.jpg","width":512,"height":512,"caption":"Atif Unaldi"},"logo":{"@id":"http:\/\/atif.unaldi.org\/blog\/#\/schema\/person\/image\/"},"description":"Bo\u011fazi\u00e7i \u00dcniversitesinde Fizik B\u00f6l\u00fcm\u00fc\u2019nde e\u011fitim ald\u0131\u011f\u0131 y\u0131llarda T\u00fcrkiye\u2019de ilk kez iki bilgisayar\u0131 telefon hatlar\u0131 \u00fczerinden konu\u015fturan BBS sistemini kurarak, T\u00fcrkiye\u2019deki ilk internet a\u011f\u0131n\u0131 olu\u015fturmu\u015ftur. Bir \u00e7ok radyo ve televizyonda program yap\u0131mc\u0131l\u0131\u011f\u0131 ve sunuculu\u011funu, bir \u00e7ok teknoloji dergisinde k\u00f6\u015fe yazarl\u0131\u011f\u0131, bili\u015fim edit\u00f6rl\u00fc\u011f\u00fc ve genel yay\u0131n y\u00f6netmenli\u011fi yapt\u0131. T\u00fcrkiye\u2019deki ilk internet servis sa\u011flay\u0131c\u0131s\u0131n\u0131n genel m\u00fcd\u00fcrl\u00fc\u011f\u00fcn\u00fc \u00fcstlendi. Bir \u00e7ok organizasyon ve kurulu\u015fta internet s\u00fcperviz\u00f6rl\u00fc\u011f\u00fc , webmaster\u2019l\u0131\u011f\u0131 , IT direkt\u00f6rl\u00fc\u011f\u00fc ve dijital projeler koordinat\u00f6rl\u00fc\u011f\u00fc g\u00f6revlerinde bulundu. Farkl\u0131 \u00fcniversitelerin farkl\u0131 fak\u00fcltelerinde \u00f6\u011fretim g\u00f6revlisi olarak bulunmu\u015f olan \u00dcnald\u0131; \u015fu an teknoloji ve pazarlama konular\u0131 ba\u015fta olmak \u00fczere bir\u00e7ok alanda hizmet veren Unaldi Consultancy\u2019nin kurucusudur. \u2028Selin \u00dcnald\u0131 ile evlidir. Su ve Toprak isminde iki \u00e7ocu\u011fu vard\u0131r.","sameAs":["http:\/\/atif.unaldi.org\/blog","https:\/\/www.facebook.com\/atifunaldi","https:\/\/www.instagram.com\/atifunaldi\/","https:\/\/www.linkedin.com\/in\/atifunaldi","https:\/\/x.com\/https:\/\/twitter.com\/atifunaldi","https:\/\/www.youtube.com\/c\/atifunaldi","https:\/\/soundcloud.com\/atif-unaldi","https:\/\/atifunaldi.tumblr.com"],"url":"http:\/\/atif.unaldi.org\/blog\/author\/atifunaldi\/"}]}},"jetpack_featured_media_url":"","_links":{"self":[{"href":"http:\/\/atif.unaldi.org\/blog\/wp-json\/wp\/v2\/posts\/422","targetHints":{"allow":["GET"]}}],"collection":[{"href":"http:\/\/atif.unaldi.org\/blog\/wp-json\/wp\/v2\/posts"}],"about":[{"href":"http:\/\/atif.unaldi.org\/blog\/wp-json\/wp\/v2\/types\/post"}],"author":[{"embeddable":true,"href":"http:\/\/atif.unaldi.org\/blog\/wp-json\/wp\/v2\/users\/2"}],"replies":[{"embeddable":true,"href":"http:\/\/atif.unaldi.org\/blog\/wp-json\/wp\/v2\/comments?post=422"}],"version-history":[{"count":0,"href":"http:\/\/atif.unaldi.org\/blog\/wp-json\/wp\/v2\/posts\/422\/revisions"}],"wp:attachment":[{"href":"http:\/\/atif.unaldi.org\/blog\/wp-json\/wp\/v2\/media?parent=422"}],"wp:term":[{"taxonomy":"category","embeddable":true,"href":"http:\/\/atif.unaldi.org\/blog\/wp-json\/wp\/v2\/categories?post=422"},{"taxonomy":"post_tag","embeddable":true,"href":"http:\/\/atif.unaldi.org\/blog\/wp-json\/wp\/v2\/tags?post=422"}],"curies":[{"name":"wp","href":"https:\/\/api.w.org\/{rel}","templated":true}]}}